{"id":442396,"date":"2023-12-03T15:09:40","date_gmt":"2023-12-03T14:09:40","guid":{"rendered":"https:\/\/dicodusport.fr\/blog\/?p=442396&#038;preview=true&#038;preview_id=442396"},"modified":"2023-12-03T15:09:40","modified_gmt":"2023-12-03T14:09:40","slug":"ibu-cup-2023-2024-le-relais-mixte-simple-francais-termine-deuxieme-a-kontiolahti","status":"publish","type":"post","link":"https:\/\/dicodusport.fr\/blog\/ibu-cup-2023-2024-le-relais-mixte-simple-francais-termine-deuxieme-a-kontiolahti\/","title":{"rendered":"IBU Cup 2023\/2024 : Le relais mixte simple fran\u00e7ais termine deuxi\u00e8me \u00e0 Kontiolahti"},"content":{"rendered":"<p style=\"text-align: justify;\"><em><b>IBU CUP SAISON 2023\/2024 &#8211; Journ\u00e9e faste pour les Bleus de l&rsquo;IBU Cup, puisque les deux relais ont fini sur le podium, apr\u00e8s la deuxi\u00e8me place du relais mixte simple.<\/b><\/em><\/p>\n<p style=\"text-align: justify;\">En pr\u00e9ambule, le relais mixte avait trouv\u00e9 la voie, <a href=\"https:\/\/dicodusport.fr\/blog\/ibu-cup-2023-2024-le-relais-mixte-francais-prend-le-bronze-a-kontiolahti\/\">en allant chercher la troisi\u00e8me place<\/a> sur le parcours de Kontiolahti. Pour la derni\u00e8re course du weekend en IBU Cup, <strong>Paula Botet<\/strong> et <strong>R\u00e9mi Broutier<\/strong> semblaient former une paire assez solide pour viser un nouveau podium sur le relais mixte simple. C&rsquo;est ce qui est arriv\u00e9, et ils sont m\u00eame pass\u00e9s proches de la victoire.<\/p>\n<p style=\"text-align: justify;\">En t\u00eate tout au long du parcours, ils ont failli r\u00e9sister aux ogres norv\u00e9giens, qui ont bien visit\u00e9 une fois l&rsquo;anneau de p\u00e9nalit\u00e9, mais qui \u00e9taient bien trop solides. Les Bleus ont craqu\u00e9 dans les derniers instants malgr\u00e9 seulement sept balles de pioches en 8 tirs, laissant les Scandinaves partir mais ne finissant qu&rsquo;\u00e0 5.5 secondes apr\u00e8s une superbe course. Une victoire, une deuci\u00e8me place et deux troisi\u00e8mes places : tel est le bilan des Bleus de l&rsquo;IBU Cup sur la premi\u00e8re \u00e9tape de la saison. Pourvu que \u00e7a dure.<\/p>\n<blockquote class=\"twitter-tweet\">\n<p dir=\"ltr\" lang=\"fr\">\ud83e\udd48 Et du c\u00f4t\u00e9 de l&rsquo;IBU Cup c&rsquo;est une belle deuxi\u00e8me place pour \ud83c\uddeb\ud83c\uddf7 R\u00e9mi Broutier et Paula Botet sur le Relais Mixte Simple !<\/p>\n<p>Une vraie belle course pour le duo fran\u00e7ais. Il en manquait un peu en ski face \u00e0 la doublette Norv\u00e9gienne Erdal-Nevland. Good Job ! \ud83d\udc4f <a href=\"https:\/\/twitter.com\/hashtag\/LequipeBiathlon?src=hash&amp;ref_src=twsrc%5Etfw\">#LequipeBiathlon<\/a> <a href=\"https:\/\/t.co\/AR5xUo3oYO\">pic.twitter.com\/AR5xUo3oYO<\/a><\/p>\n<p>\u2014 Louis L&rsquo;\u00c9tang (@Louis_ltgsport) <a href=\"https:\/\/twitter.com\/Louis_ltgsport\/status\/1731306947524116555?ref_src=twsrc%5Etfw\">December 3, 2023<\/a><\/p><\/blockquote>\n<p style=\"text-align: justify;\"><script async src=\"https:\/\/platform.twitter.com\/widgets.js\" charset=\"utf-8\"><\/script><\/p>\n","protected":false},"excerpt":{"rendered":"<p>IBU CUP SAISON 2023\/2024 &#8211; Journ\u00e9e faste pour les Bleus de l&rsquo;IBU Cup, puisque les deux relais ont fini sur le podium, apr\u00e8s la deuxi\u00e8me place du relais mixte simple.<\/p>\n","protected":false},"author":59,"featured_media":442401,"comment_status":"open","ping_status":"closed","sticky":false,"template":"","format":"standard","meta":{"_acf_changed":false,"_daextam_enable_autolinks":"1","footnotes":""},"categories":[2426],"tags":[29733,16878,20988],"class_list":["post-442396","post","type-post","status-publish","format-standard","has-post-thumbnail","hentry","category-biathlon","tag-biathlon-francais","tag-breve","tag-paula-botet"],"acf":[],"yoast_head":"<!-- This site is optimized with the Yoast SEO Premium plugin v26.7 (Yoast SEO v26.7) - https:\/\/yoast.com\/wordpress\/plugins\/seo\/ -->\n<title>IBU Cup 2023\/2024 : Le relais mixte simple fran\u00e7ais termine deuxi\u00e8me \u00e0 Kontiolahti<\/title>\n<meta name=\"description\" content=\"IBU CUP SAISON 2023\/2024 - Journ\u00e9e faste pour les Bleus de l&#039;IBU Cup, puisque les deux relais ont fini sur le podium, apr\u00e8s la deuxi\u00e8me place du relais mixte simple.\" \/>\n<meta name=\"robots\" content=\"index, follow, max-snippet:-1, max-image-preview:large, max-video-preview:-1\" \/>\n<link rel=\"canonical\" href=\"https:\/\/dicodusport.fr\/blog\/ibu-cup-2023-2024-le-relais-mixte-simple-francais-termine-deuxieme-a-kontiolahti\/\" \/>\n<meta property=\"og:locale\" content=\"fr_FR\" \/>\n<meta property=\"og:type\" content=\"article\" \/>\n<meta property=\"og:title\" content=\"IBU Cup 2023\/2024 : Le relais mixte simple fran\u00e7ais termine deuxi\u00e8me \u00e0 Kontiolahti\" \/>\n<meta property=\"og:description\" content=\"IBU CUP SAISON 2023\/2024 - Journ\u00e9e faste pour les Bleus de l&#039;IBU Cup, puisque les deux relais ont fini sur le podium, apr\u00e8s la deuxi\u00e8me place du relais mixte simple.\" \/>\n<meta property=\"og:url\" content=\"https:\/\/dicodusport.fr\/blog\/ibu-cup-2023-2024-le-relais-mixte-simple-francais-termine-deuxieme-a-kontiolahti\/\" \/>\n<meta property=\"og:site_name\" content=\"Dicodusport\" \/>\n<meta property=\"article:publisher\" content=\"https:\/\/www.facebook.com\/dicodusport\" \/>\n<meta property=\"article:author\" content=\"https:\/\/www.facebook.com\/sebastien.gente\/\" \/>\n<meta property=\"article:published_time\" content=\"2023-12-03T14:09:40+00:00\" \/>\n<meta property=\"og:image\" content=\"https:\/\/dicodusport.fr\/blog\/wp-content\/uploads\/2023\/12\/IBU-Cup-20232024-Le-relais-mixte-simple-francais-termine-deuxieme-a-Kontiolahti.png\" \/>\n\t<meta property=\"og:image:width\" content=\"1200\" \/>\n\t<meta property=\"og:image:height\" content=\"674\" \/>\n\t<meta property=\"og:image:type\" content=\"image\/png\" \/>\n<meta name=\"author\" content=\"S\u00e9bastien Gente\" \/>\n<meta name=\"twitter:card\" content=\"summary_large_image\" \/>\n<meta name=\"twitter:title\" content=\"IBU Cup 2023\/2024 : Le relais mixte simple fran\u00e7ais termine deuxi\u00e8me \u00e0 Kontiolahti\" \/>\n<meta name=\"twitter:creator\" content=\"@https:\/\/twitter.com\/globulo24\" \/>\n<meta name=\"twitter:site\" content=\"@dicodusport\" \/>\n<script type=\"application\/ld+json\" class=\"yoast-schema-graph\">{\"@context\":\"https:\/\/schema.org\",\"@graph\":[{\"@type\":\"NewsArticle\",\"@id\":\"https:\/\/dicodusport.fr\/blog\/ibu-cup-2023-2024-le-relais-mixte-simple-francais-termine-deuxieme-a-kontiolahti\/#article\",\"isPartOf\":{\"@id\":\"https:\/\/dicodusport.fr\/blog\/ibu-cup-2023-2024-le-relais-mixte-simple-francais-termine-deuxieme-a-kontiolahti\/\"},\"author\":{\"name\":\"S\u00e9bastien Gente\",\"@id\":\"https:\/\/dicodusport.fr\/blog\/#\/schema\/person\/627966a6cde45dbd8c5e36ac85d783da\"},\"headline\":\"IBU Cup 2023\/2024 : Le relais mixte simple fran\u00e7ais termine deuxi\u00e8me \u00e0 Kontiolahti\",\"datePublished\":\"2023-12-03T14:09:40+00:00\",\"mainEntityOfPage\":{\"@id\":\"https:\/\/dicodusport.fr\/blog\/ibu-cup-2023-2024-le-relais-mixte-simple-francais-termine-deuxieme-a-kontiolahti\/\"},\"wordCount\":277,\"commentCount\":0,\"publisher\":{\"@id\":\"https:\/\/dicodusport.fr\/blog\/#organization\"},\"image\":{\"@id\":\"https:\/\/dicodusport.fr\/blog\/ibu-cup-2023-2024-le-relais-mixte-simple-francais-termine-deuxieme-a-kontiolahti\/#primaryimage\"},\"thumbnailUrl\":\"https:\/\/dicodusport.fr\/blog\/wp-content\/uploads\/2023\/12\/IBU-Cup-20232024-Le-relais-mixte-simple-francais-termine-deuxieme-a-Kontiolahti.png\",\"keywords\":[\"biathlon fran\u00e7ais\",\"br\u00e8ve\",\"Paula Botet\"],\"articleSection\":[\"Biathlon\"],\"inLanguage\":\"fr-FR\",\"potentialAction\":[{\"@type\":\"CommentAction\",\"name\":\"Comment\",\"target\":[\"https:\/\/dicodusport.fr\/blog\/ibu-cup-2023-2024-le-relais-mixte-simple-francais-termine-deuxieme-a-kontiolahti\/#respond\"]}],\"copyrightYear\":\"2023\",\"copyrightHolder\":{\"@id\":\"https:\/\/dicodusport.fr\/blog\/#organization\"}},{\"@type\":\"WebPage\",\"@id\":\"https:\/\/dicodusport.fr\/blog\/ibu-cup-2023-2024-le-relais-mixte-simple-francais-termine-deuxieme-a-kontiolahti\/\",\"url\":\"https:\/\/dicodusport.fr\/blog\/ibu-cup-2023-2024-le-relais-mixte-simple-francais-termine-deuxieme-a-kontiolahti\/\",\"name\":\"IBU Cup 2023\/2024 : Le relais mixte simple fran\u00e7ais termine deuxi\u00e8me \u00e0 Kontiolahti\",\"isPartOf\":{\"@id\":\"https:\/\/dicodusport.fr\/blog\/#website\"},\"primaryImageOfPage\":{\"@id\":\"https:\/\/dicodusport.fr\/blog\/ibu-cup-2023-2024-le-relais-mixte-simple-francais-termine-deuxieme-a-kontiolahti\/#primaryimage\"},\"image\":{\"@id\":\"https:\/\/dicodusport.fr\/blog\/ibu-cup-2023-2024-le-relais-mixte-simple-francais-termine-deuxieme-a-kontiolahti\/#primaryimage\"},\"thumbnailUrl\":\"https:\/\/dicodusport.fr\/blog\/wp-content\/uploads\/2023\/12\/IBU-Cup-20232024-Le-relais-mixte-simple-francais-termine-deuxieme-a-Kontiolahti.png\",\"datePublished\":\"2023-12-03T14:09:40+00:00\",\"description\":\"IBU CUP SAISON 2023\/2024 - Journ\u00e9e faste pour les Bleus de l'IBU Cup, puisque les deux relais ont fini sur le podium, apr\u00e8s la deuxi\u00e8me place du relais mixte simple.\",\"breadcrumb\":{\"@id\":\"https:\/\/dicodusport.fr\/blog\/ibu-cup-2023-2024-le-relais-mixte-simple-francais-termine-deuxieme-a-kontiolahti\/#breadcrumb\"},\"inLanguage\":\"fr-FR\",\"potentialAction\":[{\"@type\":\"ReadAction\",\"target\":[\"https:\/\/dicodusport.fr\/blog\/ibu-cup-2023-2024-le-relais-mixte-simple-francais-termine-deuxieme-a-kontiolahti\/\"]}]},{\"@type\":\"ImageObject\",\"inLanguage\":\"fr-FR\",\"@id\":\"https:\/\/dicodusport.fr\/blog\/ibu-cup-2023-2024-le-relais-mixte-simple-francais-termine-deuxieme-a-kontiolahti\/#primaryimage\",\"url\":\"https:\/\/dicodusport.fr\/blog\/wp-content\/uploads\/2023\/12\/IBU-Cup-20232024-Le-relais-mixte-simple-francais-termine-deuxieme-a-Kontiolahti.png\",\"contentUrl\":\"https:\/\/dicodusport.fr\/blog\/wp-content\/uploads\/2023\/12\/IBU-Cup-20232024-Le-relais-mixte-simple-francais-termine-deuxieme-a-Kontiolahti.png\",\"width\":1200,\"height\":674,\"caption\":\"IBU Cup 20232024 Le relais mixte simple fran\u00e7ais termine deuxi\u00e8me \u00e0 Kontiolahti\"},{\"@type\":\"BreadcrumbList\",\"@id\":\"https:\/\/dicodusport.fr\/blog\/ibu-cup-2023-2024-le-relais-mixte-simple-francais-termine-deuxieme-a-kontiolahti\/#breadcrumb\",\"itemListElement\":[{\"@type\":\"ListItem\",\"position\":1,\"name\":\"Accueil\",\"item\":\"https:\/\/dicodusport.fr\/blog\/\"},{\"@type\":\"ListItem\",\"position\":2,\"name\":\"IBU Cup 2023\/2024 : Le relais mixte simple fran\u00e7ais termine deuxi\u00e8me \u00e0 Kontiolahti\"}]},{\"@type\":\"WebSite\",\"@id\":\"https:\/\/dicodusport.fr\/blog\/#website\",\"url\":\"https:\/\/dicodusport.fr\/blog\/\",\"name\":\"Dicodusport\",\"description\":\"L&#039;encyclop\u00e9die de l&#039;actualit\u00e9 sportive\",\"publisher\":{\"@id\":\"https:\/\/dicodusport.fr\/blog\/#organization\"},\"potentialAction\":[{\"@type\":\"SearchAction\",\"target\":{\"@type\":\"EntryPoint\",\"urlTemplate\":\"https:\/\/dicodusport.fr\/blog\/?s={search_term_string}\"},\"query-input\":{\"@type\":\"PropertyValueSpecification\",\"valueRequired\":true,\"valueName\":\"search_term_string\"}}],\"inLanguage\":\"fr-FR\"},{\"@type\":\"NewsMediaOrganization\",\"@id\":\"https:\/\/dicodusport.fr\/blog\/#organization\",\"name\":\"Dicodusport\",\"url\":\"https:\/\/dicodusport.fr\/blog\/\",\"logo\":{\"@type\":\"ImageObject\",\"inLanguage\":\"fr-FR\",\"@id\":\"https:\/\/dicodusport.fr\/blog\/#\/schema\/logo\/image\/\",\"url\":\"https:\/\/dicodusport.fr\/blog\/wp-content\/uploads\/2020\/06\/cropped-LOGO-DICODUSPORT-2020-SANS-FOND-SANS-TEXTE.png\",\"contentUrl\":\"https:\/\/dicodusport.fr\/blog\/wp-content\/uploads\/2020\/06\/cropped-LOGO-DICODUSPORT-2020-SANS-FOND-SANS-TEXTE.png\",\"width\":512,\"height\":512,\"caption\":\"Dicodusport\"},\"image\":{\"@id\":\"https:\/\/dicodusport.fr\/blog\/#\/schema\/logo\/image\/\"},\"sameAs\":[\"https:\/\/www.facebook.com\/dicodusport\",\"https:\/\/x.com\/dicodusport\",\"https:\/\/www.instagram.com\/dicodusport\/\",\"https:\/\/www.youtube.com\/channel\/UC7V2KZ5sd3htJivAbA4ZG3w\"],\"description\":\"Dicodusport est l'encyclop\u00e9die de l'actualit\u00e9 sportive.\",\"email\":\"bonjour@dicodusport.fr\",\"legalName\":\"DICODUSPORT\",\"foundingDate\":\"2018-01-14\",\"vatID\":\"FR71834470973\",\"taxID\":\"83447097300043\",\"numberOfEmployees\":{\"@type\":\"QuantitativeValue\",\"minValue\":\"1\",\"maxValue\":\"10\"}},{\"@type\":\"Person\",\"@id\":\"https:\/\/dicodusport.fr\/blog\/#\/schema\/person\/627966a6cde45dbd8c5e36ac85d783da\",\"name\":\"S\u00e9bastien Gente\",\"image\":{\"@type\":\"ImageObject\",\"inLanguage\":\"fr-FR\",\"@id\":\"https:\/\/dicodusport.fr\/blog\/#\/schema\/person\/image\/\",\"url\":\"https:\/\/dicodusport.fr\/blog\/wp-content\/uploads\/2021\/09\/1510990_10205810251400683_4124423575079401707_n-150x150.jpg\",\"contentUrl\":\"https:\/\/dicodusport.fr\/blog\/wp-content\/uploads\/2021\/09\/1510990_10205810251400683_4124423575079401707_n-150x150.jpg\",\"caption\":\"S\u00e9bastien Gente\"},\"description\":\"John Stockton, Gianni Bugno, Zinedine Zidane, Steffi Graf, Frode Andresen, St\u00e9phane Stoecklin, Davis Kamoga, Primoz Peterka, Werner Schlager et Aur\u00e9lien Rougerie. Point commun entre ces sportifs? Ils m'ont fait r\u00eaver et ont berc\u00e9 mon adolescence. Je suis un fondu de sports et j'essaie de retranscrire ma passion \u00e0 travers mes articles. Originaire du P\u00e9rigord, ma passion pour les Girondins, les Jaunards et les Jazzmen transpire dans mes \u00e9crits. \u00c0 Dicodusport depuis 2021, je d\u00e9niche les sports m\u00e9connus dans lesquels la France brille, et il y en a !\",\"sameAs\":[\"https:\/\/www.facebook.com\/sebastien.gente\/\",\"https:\/\/www.instagram.com\/sebgente\/\",\"https:\/\/www.linkedin.com\/in\/sbastien-gente-a29583169\/\",\"https:\/\/x.com\/https:\/\/twitter.com\/globulo24\",\"SebastienGente\"],\"worksFor\":\"S\u00e9bastien GENTE\",\"url\":\"https:\/\/dicodusport.fr\/blog\/author\/sebastiengente\/\"}]}<\/script>\n<!-- \/ Yoast SEO Premium plugin. -->","yoast_head_json":{"title":"IBU Cup 2023\/2024 : Le relais mixte simple fran\u00e7ais termine deuxi\u00e8me \u00e0 Kontiolahti","description":"IBU CUP SAISON 2023\/2024 - Journ\u00e9e faste pour les Bleus de l'IBU Cup, puisque les deux relais ont fini sur le podium, apr\u00e8s la deuxi\u00e8me place du relais mixte simple.","robots":{"index":"index","follow":"follow","max-snippet":"max-snippet:-1","max-image-preview":"max-image-preview:large","max-video-preview":"max-video-preview:-1"},"canonical":"https:\/\/dicodusport.fr\/blog\/ibu-cup-2023-2024-le-relais-mixte-simple-francais-termine-deuxieme-a-kontiolahti\/","og_locale":"fr_FR","og_type":"article","og_title":"IBU Cup 2023\/2024 : Le relais mixte simple fran\u00e7ais termine deuxi\u00e8me \u00e0 Kontiolahti","og_description":"IBU CUP SAISON 2023\/2024 - Journ\u00e9e faste pour les Bleus de l'IBU Cup, puisque les deux relais ont fini sur le podium, apr\u00e8s la deuxi\u00e8me place du relais mixte simple.","og_url":"https:\/\/dicodusport.fr\/blog\/ibu-cup-2023-2024-le-relais-mixte-simple-francais-termine-deuxieme-a-kontiolahti\/","og_site_name":"Dicodusport","article_publisher":"https:\/\/www.facebook.com\/dicodusport","article_author":"https:\/\/www.facebook.com\/sebastien.gente\/","article_published_time":"2023-12-03T14:09:40+00:00","og_image":[{"width":1200,"height":674,"url":"https:\/\/dicodusport.fr\/blog\/wp-content\/uploads\/2023\/12\/IBU-Cup-20232024-Le-relais-mixte-simple-francais-termine-deuxieme-a-Kontiolahti.png","type":"image\/png"}],"author":"S\u00e9bastien Gente","twitter_card":"summary_large_image","twitter_title":"IBU Cup 2023\/2024 : Le relais mixte simple fran\u00e7ais termine deuxi\u00e8me \u00e0 Kontiolahti","twitter_creator":"@https:\/\/twitter.com\/globulo24","twitter_site":"@dicodusport","schema":{"@context":"https:\/\/schema.org","@graph":[{"@type":"NewsArticle","@id":"https:\/\/dicodusport.fr\/blog\/ibu-cup-2023-2024-le-relais-mixte-simple-francais-termine-deuxieme-a-kontiolahti\/#article","isPartOf":{"@id":"https:\/\/dicodusport.fr\/blog\/ibu-cup-2023-2024-le-relais-mixte-simple-francais-termine-deuxieme-a-kontiolahti\/"},"author":{"name":"S\u00e9bastien Gente","@id":"https:\/\/dicodusport.fr\/blog\/#\/schema\/person\/627966a6cde45dbd8c5e36ac85d783da"},"headline":"IBU Cup 2023\/2024 : Le relais mixte simple fran\u00e7ais termine deuxi\u00e8me \u00e0 Kontiolahti","datePublished":"2023-12-03T14:09:40+00:00","mainEntityOfPage":{"@id":"https:\/\/dicodusport.fr\/blog\/ibu-cup-2023-2024-le-relais-mixte-simple-francais-termine-deuxieme-a-kontiolahti\/"},"wordCount":277,"commentCount":0,"publisher":{"@id":"https:\/\/dicodusport.fr\/blog\/#organization"},"image":{"@id":"https:\/\/dicodusport.fr\/blog\/ibu-cup-2023-2024-le-relais-mixte-simple-francais-termine-deuxieme-a-kontiolahti\/#primaryimage"},"thumbnailUrl":"https:\/\/dicodusport.fr\/blog\/wp-content\/uploads\/2023\/12\/IBU-Cup-20232024-Le-relais-mixte-simple-francais-termine-deuxieme-a-Kontiolahti.png","keywords":["biathlon fran\u00e7ais","br\u00e8ve","Paula Botet"],"articleSection":["Biathlon"],"inLanguage":"fr-FR","potentialAction":[{"@type":"CommentAction","name":"Comment","target":["https:\/\/dicodusport.fr\/blog\/ibu-cup-2023-2024-le-relais-mixte-simple-francais-termine-deuxieme-a-kontiolahti\/#respond"]}],"copyrightYear":"2023","copyrightHolder":{"@id":"https:\/\/dicodusport.fr\/blog\/#organization"}},{"@type":"WebPage","@id":"https:\/\/dicodusport.fr\/blog\/ibu-cup-2023-2024-le-relais-mixte-simple-francais-termine-deuxieme-a-kontiolahti\/","url":"https:\/\/dicodusport.fr\/blog\/ibu-cup-2023-2024-le-relais-mixte-simple-francais-termine-deuxieme-a-kontiolahti\/","name":"IBU Cup 2023\/2024 : Le relais mixte simple fran\u00e7ais termine deuxi\u00e8me \u00e0 Kontiolahti","isPartOf":{"@id":"https:\/\/dicodusport.fr\/blog\/#website"},"primaryImageOfPage":{"@id":"https:\/\/dicodusport.fr\/blog\/ibu-cup-2023-2024-le-relais-mixte-simple-francais-termine-deuxieme-a-kontiolahti\/#primaryimage"},"image":{"@id":"https:\/\/dicodusport.fr\/blog\/ibu-cup-2023-2024-le-relais-mixte-simple-francais-termine-deuxieme-a-kontiolahti\/#primaryimage"},"thumbnailUrl":"https:\/\/dicodusport.fr\/blog\/wp-content\/uploads\/2023\/12\/IBU-Cup-20232024-Le-relais-mixte-simple-francais-termine-deuxieme-a-Kontiolahti.png","datePublished":"2023-12-03T14:09:40+00:00","description":"IBU CUP SAISON 2023\/2024 - Journ\u00e9e faste pour les Bleus de l'IBU Cup, puisque les deux relais ont fini sur le podium, apr\u00e8s la deuxi\u00e8me place du relais mixte simple.","breadcrumb":{"@id":"https:\/\/dicodusport.fr\/blog\/ibu-cup-2023-2024-le-relais-mixte-simple-francais-termine-deuxieme-a-kontiolahti\/#breadcrumb"},"inLanguage":"fr-FR","potentialAction":[{"@type":"ReadAction","target":["https:\/\/dicodusport.fr\/blog\/ibu-cup-2023-2024-le-relais-mixte-simple-francais-termine-deuxieme-a-kontiolahti\/"]}]},{"@type":"ImageObject","inLanguage":"fr-FR","@id":"https:\/\/dicodusport.fr\/blog\/ibu-cup-2023-2024-le-relais-mixte-simple-francais-termine-deuxieme-a-kontiolahti\/#primaryimage","url":"https:\/\/dicodusport.fr\/blog\/wp-content\/uploads\/2023\/12\/IBU-Cup-20232024-Le-relais-mixte-simple-francais-termine-deuxieme-a-Kontiolahti.png","contentUrl":"https:\/\/dicodusport.fr\/blog\/wp-content\/uploads\/2023\/12\/IBU-Cup-20232024-Le-relais-mixte-simple-francais-termine-deuxieme-a-Kontiolahti.png","width":1200,"height":674,"caption":"IBU Cup 20232024 Le relais mixte simple fran\u00e7ais termine deuxi\u00e8me \u00e0 Kontiolahti"},{"@type":"BreadcrumbList","@id":"https:\/\/dicodusport.fr\/blog\/ibu-cup-2023-2024-le-relais-mixte-simple-francais-termine-deuxieme-a-kontiolahti\/#breadcrumb","itemListElement":[{"@type":"ListItem","position":1,"name":"Accueil","item":"https:\/\/dicodusport.fr\/blog\/"},{"@type":"ListItem","position":2,"name":"IBU Cup 2023\/2024 : Le relais mixte simple fran\u00e7ais termine deuxi\u00e8me \u00e0 Kontiolahti"}]},{"@type":"WebSite","@id":"https:\/\/dicodusport.fr\/blog\/#website","url":"https:\/\/dicodusport.fr\/blog\/","name":"Dicodusport","description":"L&#039;encyclop\u00e9die de l&#039;actualit\u00e9 sportive","publisher":{"@id":"https:\/\/dicodusport.fr\/blog\/#organization"},"potentialAction":[{"@type":"SearchAction","target":{"@type":"EntryPoint","urlTemplate":"https:\/\/dicodusport.fr\/blog\/?s={search_term_string}"},"query-input":{"@type":"PropertyValueSpecification","valueRequired":true,"valueName":"search_term_string"}}],"inLanguage":"fr-FR"},{"@type":"NewsMediaOrganization","@id":"https:\/\/dicodusport.fr\/blog\/#organization","name":"Dicodusport","url":"https:\/\/dicodusport.fr\/blog\/","logo":{"@type":"ImageObject","inLanguage":"fr-FR","@id":"https:\/\/dicodusport.fr\/blog\/#\/schema\/logo\/image\/","url":"https:\/\/dicodusport.fr\/blog\/wp-content\/uploads\/2020\/06\/cropped-LOGO-DICODUSPORT-2020-SANS-FOND-SANS-TEXTE.png","contentUrl":"https:\/\/dicodusport.fr\/blog\/wp-content\/uploads\/2020\/06\/cropped-LOGO-DICODUSPORT-2020-SANS-FOND-SANS-TEXTE.png","width":512,"height":512,"caption":"Dicodusport"},"image":{"@id":"https:\/\/dicodusport.fr\/blog\/#\/schema\/logo\/image\/"},"sameAs":["https:\/\/www.facebook.com\/dicodusport","https:\/\/x.com\/dicodusport","https:\/\/www.instagram.com\/dicodusport\/","https:\/\/www.youtube.com\/channel\/UC7V2KZ5sd3htJivAbA4ZG3w"],"description":"Dicodusport est l'encyclop\u00e9die de l'actualit\u00e9 sportive.","email":"bonjour@dicodusport.fr","legalName":"DICODUSPORT","foundingDate":"2018-01-14","vatID":"FR71834470973","taxID":"83447097300043","numberOfEmployees":{"@type":"QuantitativeValue","minValue":"1","maxValue":"10"}},{"@type":"Person","@id":"https:\/\/dicodusport.fr\/blog\/#\/schema\/person\/627966a6cde45dbd8c5e36ac85d783da","name":"S\u00e9bastien Gente","image":{"@type":"ImageObject","inLanguage":"fr-FR","@id":"https:\/\/dicodusport.fr\/blog\/#\/schema\/person\/image\/","url":"https:\/\/dicodusport.fr\/blog\/wp-content\/uploads\/2021\/09\/1510990_10205810251400683_4124423575079401707_n-150x150.jpg","contentUrl":"https:\/\/dicodusport.fr\/blog\/wp-content\/uploads\/2021\/09\/1510990_10205810251400683_4124423575079401707_n-150x150.jpg","caption":"S\u00e9bastien Gente"},"description":"John Stockton, Gianni Bugno, Zinedine Zidane, Steffi Graf, Frode Andresen, St\u00e9phane Stoecklin, Davis Kamoga, Primoz Peterka, Werner Schlager et Aur\u00e9lien Rougerie. Point commun entre ces sportifs? Ils m'ont fait r\u00eaver et ont berc\u00e9 mon adolescence. Je suis un fondu de sports et j'essaie de retranscrire ma passion \u00e0 travers mes articles. Originaire du P\u00e9rigord, ma passion pour les Girondins, les Jaunards et les Jazzmen transpire dans mes \u00e9crits. \u00c0 Dicodusport depuis 2021, je d\u00e9niche les sports m\u00e9connus dans lesquels la France brille, et il y en a !","sameAs":["https:\/\/www.facebook.com\/sebastien.gente\/","https:\/\/www.instagram.com\/sebgente\/","https:\/\/www.linkedin.com\/in\/sbastien-gente-a29583169\/","https:\/\/x.com\/https:\/\/twitter.com\/globulo24","SebastienGente"],"worksFor":"S\u00e9bastien GENTE","url":"https:\/\/dicodusport.fr\/blog\/author\/sebastiengente\/"}]}},"_links":{"self":[{"href":"https:\/\/dicodusport.fr\/blog\/wp-json\/wp\/v2\/posts\/442396","targetHints":{"allow":["GET"]}}],"collection":[{"href":"https:\/\/dicodusport.fr\/blog\/wp-json\/wp\/v2\/posts"}],"about":[{"href":"https:\/\/dicodusport.fr\/blog\/wp-json\/wp\/v2\/types\/post"}],"author":[{"embeddable":true,"href":"https:\/\/dicodusport.fr\/blog\/wp-json\/wp\/v2\/users\/59"}],"replies":[{"embeddable":true,"href":"https:\/\/dicodusport.fr\/blog\/wp-json\/wp\/v2\/comments?post=442396"}],"version-history":[{"count":1,"href":"https:\/\/dicodusport.fr\/blog\/wp-json\/wp\/v2\/posts\/442396\/revisions"}],"predecessor-version":[{"id":442402,"href":"https:\/\/dicodusport.fr\/blog\/wp-json\/wp\/v2\/posts\/442396\/revisions\/442402"}],"wp:featuredmedia":[{"embeddable":true,"href":"https:\/\/dicodusport.fr\/blog\/wp-json\/wp\/v2\/media\/442401"}],"wp:attachment":[{"href":"https:\/\/dicodusport.fr\/blog\/wp-json\/wp\/v2\/media?parent=442396"}],"wp:term":[{"taxonomy":"category","embeddable":true,"href":"https:\/\/dicodusport.fr\/blog\/wp-json\/wp\/v2\/categories?post=442396"},{"taxonomy":"post_tag","embeddable":true,"href":"https:\/\/dicodusport.fr\/blog\/wp-json\/wp\/v2\/tags?post=442396"}],"curies":[{"name":"wp","href":"https:\/\/api.w.org\/{rel}","templated":true}]}}