{"id":44250,"date":"2019-07-30T18:30:40","date_gmt":"2019-07-30T16:30:40","guid":{"rendered":"http:\/\/dicodusport.fr\/blog\/?p=44250"},"modified":"2019-07-30T18:30:40","modified_gmt":"2019-07-30T16:30:40","slug":"piste-sandie-clair-et-laurie-berthon-a-la-retraite","status":"publish","type":"post","link":"https:\/\/dicodusport.fr\/blog\/piste-sandie-clair-et-laurie-berthon-a-la-retraite\/","title":{"rendered":"Piste : Sandie Clair et Laurie Berthon \u00e0 la retraite"},"content":{"rendered":"<p style=\"text-align: justify;\"><strong><em>Les deux pistardes fran\u00e7aises Sandie Clair et Laurie Berthon ont annonc\u00e9, coup sur coup, leur retraite, et ce pour des raisons diff\u00e9rentes.<br \/>\n<\/em><\/strong><\/p>\n<p style=\"text-align: justify;\">\u00c0 31 ans, <a href=\"https:\/\/espritbleu.franceolympique.com\/espritbleu\/athletes\/0\/clair-132240.php\" target=\"_blank\" rel=\"noopener\"><strong>Sandie Clair<\/strong><\/a> a donc d\u00e9cid\u00e9 de mettre un terme \u00e0 sa carri\u00e8re, un peu forc\u00e9e par la d\u00e9cision de la F\u00e9d\u00e9ration Fran\u00e7aise de Cyclisme. Cette derni\u00e8re a en effet d\u00e9cid\u00e9 d&rsquo;arr\u00eater la vitesse par \u00e9quipes, et ce m\u00eame si les Fran\u00e7aises, sixi\u00e8mes des bilans mondiaux, figuraient dans les quotas olympiques. La Varoise, championne d&rsquo;Europe de vitesse en 2010, charge la FFC, qui, selon elle, ne souhaite pas lui <em>\u00ab laisser sa chance \u00bb <\/em>pour les JO de Tokyo.<\/p>\n<blockquote class=\"instagram-media\" style=\"background: #FFF; border: 0; border-radius: 3px; box-shadow: 0 0 1px 0 rgba(0,0,0,0.5),0 1px 10px 0 rgba(0,0,0,0.15); margin: 1px; max-width: 540px; min-width: 326px; padding: 0; width: calc(100% - 2px);\" data-instgrm-captioned=\"\" data-instgrm-permalink=\"https:\/\/www.instagram.com\/p\/B0goiaEiV9z\/\" data-instgrm-version=\"12\">\n<div style=\"padding: 16px;\">\n<p>&nbsp;<\/p>\n<div style=\"display: flex; flex-direction: row; align-items: center;\">\n<div style=\"background-color: #f4f4f4; border-radius: 50%; flex-grow: 0; height: 40px; margin-right: 14px; width: 40px;\"><\/div>\n<div style=\"display: flex; flex-direction: column; flex-grow: 1; justify-content: center;\">\n<div style=\"background-color: #f4f4f4; border-radius: 4px; flex-grow: 0; height: 14px; margin-bottom: 6px; width: 100px;\"><\/div>\n<div style=\"background-color: #f4f4f4; border-radius: 4px; flex-grow: 0; height: 14px; width: 60px;\"><\/div>\n<\/div>\n<\/div>\n<div style=\"padding: 19% 0;\"><\/div>\n<div style=\"display: block; height: 50px; margin: 0 auto 12px; width: 50px;\"><\/div>\n<div style=\"padding-top: 8px;\">\n<div style=\"color: #3897f0; font-family: Arial,sans-serif; font-size: 14px; font-style: normal; font-weight: 550; line-height: 18px;\">Voir cette publication sur Instagram<\/div>\n<\/div>\n<div style=\"padding: 12.5% 0;\"><\/div>\n<div style=\"display: flex; flex-direction: row; margin-bottom: 14px; align-items: center;\">\n<div>\n<div style=\"background-color: #f4f4f4; border-radius: 50%; height: 12.5px; width: 12.5px; transform: translateX(0px) translateY(7px);\"><\/div>\n<div style=\"background-color: #f4f4f4; height: 12.5px; transform: rotate(-45deg) translateX(3px) translateY(1px); width: 12.5px; flex-grow: 0; margin-right: 14px; margin-left: 2px;\"><\/div>\n<div style=\"background-color: #f4f4f4; border-radius: 50%; height: 12.5px; width: 12.5px; transform: translateX(9px) translateY(-18px);\"><\/div>\n<\/div>\n<div style=\"margin-left: 8px;\">\n<div style=\"background-color: #f4f4f4; border-radius: 50%; flex-grow: 0; height: 20px; width: 20px;\"><\/div>\n<div style=\"width: 0; height: 0; border-top: 2px solid transparent; border-left: 6px solid #f4f4f4; border-bottom: 2px solid transparent; transform: translateX(16px) translateY(-4px) rotate(30deg);\"><\/div>\n<\/div>\n<div style=\"margin-left: auto;\">\n<div style=\"width: 0px; border-top: 8px solid #F4F4F4; border-right: 8px solid transparent; transform: translateY(16px);\"><\/div>\n<div style=\"background-color: #f4f4f4; flex-grow: 0; height: 12px; width: 16px; transform: translateY(-4px);\"><\/div>\n<div style=\"width: 0; height: 0; border-top: 8px solid #F4F4F4; border-left: 8px solid transparent; transform: translateY(-4px) translateX(8px);\"><\/div>\n<\/div>\n<\/div>\n<p>&nbsp;<\/p>\n<p style=\"margin: 8px 0 0 0; padding: 0 4px;\"><a style=\"color: #000; font-family: Arial,sans-serif; font-size: 14px; font-style: normal; font-weight: normal; line-height: 17px; text-decoration: none; word-wrap: break-word;\" href=\"https:\/\/www.instagram.com\/p\/B0goiaEiV9z\/\" target=\"_blank\" rel=\"noopener\">Mon r\u00eave \u00e9tait de remporter une m\u00e9daille aux Jeux Olympiques,je savais que \u00e7a ne serait pas facile mais aujourd\u2019hui je sais que c\u2019est impossible..impossible car ma carri\u00e8re est stopp\u00e9e La f\u00e9d\u00e9ration a d\u00e9cid\u00e9 d\u2019arr\u00eater la vitesse par \u00e9quipe alors que nous sommes dans les quotas olympiques et donc,pour le moment,qualifi\u00e9es.Elle ne souhaite \u00e9galement pas me laisser ma chance sur les \u00e9preuves indiv,notamment sur le keirin La d\u00e9l\u00e9gation fran\u00e7aise compte 400 athl\u00e8tes aux J.O,une belle quarantaine revient avec une m\u00e9daille.Alors si je suis la logique que l\u2019on m\u2019impose(emmener que ceux qu\u2019ils estiment m\u00e9daillables),que faisons nous des 360 autres non m\u00e9daill\u00e9s?Pourquoi les m\u00e8ne-t-on?Comment pouvons-nous \u00eatre s\u00fbrs \u00e0 100% qu\u2019un athl\u00e8te remportera une m\u00e9daille..ou pas?Bref,ce ne sont que ma r\u00e9flexion &amp; mon incompr\u00e9hension de leur logique! Je suis triste de ne plus pouvoir pratiquer ma passion \u00e0 haut niveau,de ne plus repr\u00e9senter mon pays lors des championnats d\u2019Europe,du Monde et des J.O mais c\u2019est aussi un soulagement de ne plus avoir \u00e0 faire \u00e0 certaines personnes qui m\u2019ont us\u00e9es moralement C\u2019est une page qui se tourne,un livre qui se ferme et dont je suis fi\u00e8re! Aujourd\u2019hui,je dois en \u00e9crire un nouveau,je l\u2019ai d\u00e9j\u00e0 commenc\u00e9!J\u2019ai \u00e0 la fois h\u00e2te et un peu peur mais c\u2019est une nouvelle et belle aventure qui m\u2019attend j\u2019en suis s\u00fbre! Je voudrais remercier Daniel Morelon gr\u00e2ce \u00e0 qui tout a commenc\u00e9,Benoit V\u00eatu gr\u00e2ce \u00e0 qui j\u2019ai pu monter sur de nombreux podiums,Florian Rousseau qui a toujours \u00e9t\u00e9 l\u00e0 pour moi!Meriem qui a su me faire avancer malgr\u00e9 les &#x1f4a9; sur mon chemin..!Merci aussi \u00e0 l\u2019USC,la gendarmerie,Au Fil Des Marques &amp; R\u00e9seau Mistral pour leur soutien.Je remercie malgr\u00e9 tout la FFC pour m\u2019avoir fait voyager et fait vivre de belles \u00e9motions,les m\u00e9canos &amp; le staff m\u00e9dical.Merci \u00e0 mes proches et ma famille qui n\u2019ont jamais cess\u00e9 de croire en moi,\u00e0 C\u00e9dric mon fr\u00e8re qui s\u2019est battu \u00e0 mes c\u00f4t\u00e9s en faisant de lourds sacrifices.Gr\u00e2ce \u00e0 lui,j\u2019ai pu retrouver mon meilleur niveau,entendre une nouvelle fois la Marseillaise &amp; remonter sur un podium international!Bien s\u00fbr,merci \u00e0 vous qui me suivez,vous m\u2019avez donn\u00e9 la force de garder la t\u00eate haute&amp;de me battre jusqu\u2019au bout!MERCI<\/a><\/p>\n<p style=\"color: #c9c8cd; font-family: Arial,sans-serif; font-size: 14px; line-height: 17px; margin-bottom: 0; margin-top: 8px; overflow: hidden; padding: 8px 0 7px; text-align: center; text-overflow: ellipsis; white-space: nowrap;\">Une publication partag\u00e9e par <a style=\"color: #c9c8cd; font-family: Arial,sans-serif; font-size: 14px; font-style: normal; font-weight: normal; line-height: 17px;\" href=\"https:\/\/www.instagram.com\/sandie.clair\/\" target=\"_blank\" rel=\"noopener\"> Sandie CLAIR<\/a> (@sandie.clair) le <time style=\"font-family: Arial,sans-serif; font-size: 14px; line-height: 17px;\" datetime=\"2019-07-29T17:58:40+00:00\">29 Juil. 2019 \u00e0 10 :58 PDT<\/time><\/p>\n<\/div>\n<\/blockquote>\n<p><script async src=\"\/\/www.instagram.com\/embed.js\"><\/script><\/p>\n<p style=\"text-align: justify;\">Quant \u00e0 <a href=\"https:\/\/espritbleu.franceolympique.com\/espritbleu\/athletes\/9\/berthon-132929.php\" target=\"_blank\" rel=\"noopener\"><strong>Laurie Berthon<\/strong><\/a>, c&rsquo;est par manque de plaisir qu&rsquo;elle ne montera plus sur un v\u00e9lo de pistarde. La Lyonnaise de 27 ans, vice-championne du monde de l&rsquo;omnium \u00e0 Londres en 2016, avait d\u00e9croch\u00e9 la m\u00eame ann\u00e9e la m\u00e9daille de bronze sur la course \u00e0 l&rsquo;\u00e9limination lors des championnats d&rsquo;Europe, \u00e0 Saint-Quentin-en-Yvelines.<\/p>\n<blockquote class=\"instagram-media\" style=\"background: #FFF; border: 0; border-radius: 3px; box-shadow: 0 0 1px 0 rgba(0,0,0,0.5),0 1px 10px 0 rgba(0,0,0,0.15); margin: 1px; max-width: 540px; min-width: 326px; padding: 0; width: calc(100% - 2px);\" data-instgrm-captioned=\"\" data-instgrm-permalink=\"https:\/\/www.instagram.com\/p\/B0QjyojCPSo\/\" data-instgrm-version=\"12\">\n<div style=\"padding: 16px;\">\n<p>&nbsp;<\/p>\n<div style=\"display: flex; flex-direction: row; align-items: center;\">\n<div style=\"background-color: #f4f4f4; border-radius: 50%; flex-grow: 0; height: 40px; margin-right: 14px; width: 40px;\"><\/div>\n<div style=\"display: flex; flex-direction: column; flex-grow: 1; justify-content: center;\">\n<div style=\"background-color: #f4f4f4; border-radius: 4px; flex-grow: 0; height: 14px; margin-bottom: 6px; width: 100px;\"><\/div>\n<div style=\"background-color: #f4f4f4; border-radius: 4px; flex-grow: 0; height: 14px; width: 60px;\"><\/div>\n<\/div>\n<\/div>\n<div style=\"padding: 19% 0;\"><\/div>\n<div style=\"display: block; height: 50px; margin: 0 auto 12px; width: 50px;\"><\/div>\n<div style=\"padding-top: 8px;\">\n<div style=\"color: #3897f0; font-family: Arial,sans-serif; font-size: 14px; font-style: normal; font-weight: 550; line-height: 18px;\">Voir cette publication sur Instagram<\/div>\n<\/div>\n<div style=\"padding: 12.5% 0;\"><\/div>\n<div style=\"display: flex; flex-direction: row; margin-bottom: 14px; align-items: center;\">\n<div>\n<div style=\"background-color: #f4f4f4; border-radius: 50%; height: 12.5px; width: 12.5px; transform: translateX(0px) translateY(7px);\"><\/div>\n<div style=\"background-color: #f4f4f4; height: 12.5px; transform: rotate(-45deg) translateX(3px) translateY(1px); width: 12.5px; flex-grow: 0; margin-right: 14px; margin-left: 2px;\"><\/div>\n<div style=\"background-color: #f4f4f4; border-radius: 50%; height: 12.5px; width: 12.5px; transform: translateX(9px) translateY(-18px);\"><\/div>\n<\/div>\n<div style=\"margin-left: 8px;\">\n<div style=\"background-color: #f4f4f4; border-radius: 50%; flex-grow: 0; height: 20px; width: 20px;\"><\/div>\n<div style=\"width: 0; height: 0; border-top: 2px solid transparent; border-left: 6px solid #f4f4f4; border-bottom: 2px solid transparent; transform: translateX(16px) translateY(-4px) rotate(30deg);\"><\/div>\n<\/div>\n<div style=\"margin-left: auto;\">\n<div style=\"width: 0px; border-top: 8px solid #F4F4F4; border-right: 8px solid transparent; transform: translateY(16px);\"><\/div>\n<div style=\"background-color: #f4f4f4; flex-grow: 0; height: 12px; width: 16px; transform: translateY(-4px);\"><\/div>\n<div style=\"width: 0; height: 0; border-top: 8px solid #F4F4F4; border-left: 8px solid transparent; transform: translateY(-4px) translateX(8px);\"><\/div>\n<\/div>\n<\/div>\n<p>&nbsp;<\/p>\n<p style=\"margin: 8px 0 0 0; padding: 0 4px;\"><a style=\"color: #000; font-family: Arial,sans-serif; font-size: 14px; font-style: normal; font-weight: normal; line-height: 17px; text-decoration: none; word-wrap: break-word;\" href=\"https:\/\/www.instagram.com\/p\/B0QjyojCPSo\/\" target=\"_blank\" rel=\"noopener\">Je suis n\u00e9e sur un v\u00e9lo, ou presque&#8230; Bient\u00f4t 28 ans que cette machine fait partie de ma vie, gr\u00e2ce \u00e0 mes parents qui m\u2019ont transmis un ADN dans le genre \u00ab grosses cuisses \u00bb et caract\u00e8re bien tremp\u00e9 &#x1f605; Un peu plus de 10 ans que ma vie est rythm\u00e9e par le sport de Haut Niveau. Des \u00e9motions fortes, des joies, des peines. De belles rencontres. Des satisfactions immenses, parfois. Des claques, des remises en question, souvent. Des sacrifices qui en r\u00e9alit\u00e9 n\u2019en sont pas quand tu arrives \u00e0 les consid\u00e9rer comme TON hygi\u00e8ne de vie. Ces \u00e9motions si sp\u00e9ciales que tu ne peux vivre que dans le Sport. Le plaisir a toujours \u00e9t\u00e9 mon moteur. Et ce plaisir, je le trouve de moins en moins sur mon v\u00e9lo. Je me suis toujours dit que le jour o\u00f9 il ne serait plus l\u00e0, il faudrait arr\u00eater. J\u2019ai donc d\u00e9cid\u00e9 de mettre un terme \u00e0 ma carri\u00e8re sportive. Ceux qui me connaissent bien savent que cette d\u00e9cision n\u2019a pas \u00e9t\u00e9 facile \u00e0 prendre car j\u2019aime ce sport depuis toujours. Mais il faut savoir faire les bons choix au bon moment, et c\u2019est tout simplement MON bon moment. Je pense \u00e0 toutes les personnes qui ont compt\u00e9es pour moi en tant que sportive. Vous allez continuer \u00e0 compter pour moi en tant que femme. Je ne vais pas me lancer dans de looongs remerciements&#8230;D\u00e9j\u00e0 parce-que ce serait interminable mais surtout parce que j\u2019ai pris le soin de le faire individuellement aupr\u00e8s des personnes qui comptent le plus pour moi. Juste un grand MERCI \u00e0 mon Q qui est la personne que j\u2019aime et que j\u2019admire le plus au monde &#x1f60d; MERCI \u00e0 ma famille, mes amis, les copains et copines du v\u00e9lo que je vais continuer \u00e0 soutenir &#x1f4aa;&#x1f3fc; MERCI \u00e0 la @fdjsport qui est depuis toujours mon soutien le plus pr\u00e9cieux et avec qui je vais continuer l\u2019aventure &#x1f340; MERCI au @sportsdefense ,MERCI \u00e0 la @dnbiofrais MERCI \u00e0 la @ffcyclisme. MERCI \u00e0 toutes les personnes qui m\u2019ont soutenues de pr\u00e8s comme de loin&#8230; C\u2019est une belle page de ma vie qui se tourne et j\u2019en garderai de merveilleux souvenirs &#x2764;&#xfe0f;<\/a><\/p>\n<p style=\"color: #c9c8cd; font-family: Arial,sans-serif; font-size: 14px; line-height: 17px; margin-bottom: 0; margin-top: 8px; overflow: hidden; padding: 8px 0 7px; text-align: center; text-overflow: ellipsis; white-space: nowrap;\">Une publication partag\u00e9e par <a style=\"color: #c9c8cd; font-family: Arial,sans-serif; font-size: 14px; font-style: normal; font-weight: normal; line-height: 17px;\" href=\"https:\/\/www.instagram.com\/laurie.berthon\/\" target=\"_blank\" rel=\"noopener\"> Laurie Berthon<\/a> (@laurie.berthon) le <time style=\"font-family: Arial,sans-serif; font-size: 14px; line-height: 17px;\" datetime=\"2019-07-23T12:09:20+00:00\">23 Juil. 2019 \u00e0 5 :09 PDT<\/time><\/p>\n<\/div>\n<\/blockquote>\n<p><script async src=\"\/\/www.instagram.com\/embed.js\"><\/script><\/p>\n<p><strong><em>Dicodusport<br \/>\n<a href=\"https:\/\/www.facebook.com\/dicodusport\/\" target=\"_blank\" rel=\"noopener\"><img loading=\"lazy\" decoding=\"async\" class=\"alignnone wp-image-2909\" src=\"http:\/\/dicodusport.fr\/blog\/wp-content\/uploads\/2017\/07\/logo-facebook-150x150.png\" alt=\"\" width=\"40\" height=\"40\" \/><\/a><a href=\"https:\/\/twitter.com\/dicodusport\" target=\"_blank\" rel=\"noopener\"><img loading=\"lazy\" decoding=\"async\" class=\"alignnone wp-image-2908\" src=\"http:\/\/dicodusport.fr\/blog\/wp-content\/uploads\/2017\/07\/logo-twitter-150x150.png\" alt=\"\" width=\"39\" height=\"39\" \/><\/a><\/em><\/strong><\/p>\n","protected":false},"excerpt":{"rendered":"<p>Les deux pistardes fran\u00e7aises Sandie Clair et Laurie Berthon ont annonc\u00e9, coup sur coup, leur retraite, et ce pour des raisons diff\u00e9rentes.<\/p>\n","protected":false},"author":4,"featured_media":44272,"comment_status":"open","ping_status":"closed","sticky":false,"template":"","format":"standard","meta":{"_acf_changed":false,"_daextam_enable_autolinks":"","footnotes":""},"categories":[2307],"tags":[1664,1625],"class_list":["post-44250","post","type-post","status-publish","format-standard","has-post-thumbnail","hentry","category-cyclisme","tag-cyclisme-sur-piste","tag-piste"],"acf":[],"yoast_head":"<!-- This site is optimized with the Yoast SEO Premium plugin v26.7 (Yoast SEO v26.7) - https:\/\/yoast.com\/wordpress\/plugins\/seo\/ -->\n<title>Piste : Sandie Clair et Laurie Berthon \u00e0 la retraite<\/title>\n<meta name=\"description\" content=\"Les deux pistardes fran\u00e7aises Sandie Clair et Laurie Berthon ont annonc\u00e9, coup sur coup, leur retraite, et ce pour des raisons diff\u00e9rentes.\" \/>\n<meta name=\"robots\" content=\"index, follow, max-snippet:-1, max-image-preview:large, max-video-preview:-1\" \/>\n<link rel=\"canonical\" href=\"https:\/\/dicodusport.fr\/blog\/piste-sandie-clair-et-laurie-berthon-a-la-retraite\/\" \/>\n<meta property=\"og:locale\" content=\"fr_FR\" \/>\n<meta property=\"og:type\" content=\"article\" \/>\n<meta property=\"og:title\" content=\"Piste : Sandie Clair et Laurie Berthon \u00e0 la retraite\" \/>\n<meta property=\"og:description\" content=\"Les deux pistardes fran\u00e7aises Sandie Clair et Laurie Berthon ont annonc\u00e9, coup sur coup, leur retraite, et ce pour des raisons diff\u00e9rentes.\" \/>\n<meta property=\"og:url\" content=\"https:\/\/dicodusport.fr\/blog\/piste-sandie-clair-et-laurie-berthon-a-la-retraite\/\" \/>\n<meta property=\"og:site_name\" content=\"Dicodusport\" \/>\n<meta property=\"article:publisher\" content=\"https:\/\/www.facebook.com\/dicodusport\" \/>\n<meta property=\"article:author\" content=\"https:\/\/www.facebook.com\/florent.ostermann\" \/>\n<meta property=\"article:published_time\" content=\"2019-07-30T16:30:40+00:00\" \/>\n<meta property=\"og:image\" content=\"https:\/\/dicodusport.fr\/blog\/wp-content\/uploads\/2019\/07\/Piste-_-Sandie-Clair-et-Laurie-Berthon-\u00e0-la-retraite.png\" \/>\n\t<meta property=\"og:image:width\" content=\"800\" \/>\n\t<meta property=\"og:image:height\" content=\"445\" \/>\n\t<meta property=\"og:image:type\" content=\"image\/png\" \/>\n<meta name=\"author\" content=\"Flo Ostermann\" \/>\n<meta name=\"twitter:card\" content=\"summary_large_image\" \/>\n<meta name=\"twitter:title\" content=\"Piste : Sandie Clair et Laurie Berthon \u00e0 la retraite\" \/>\n<meta name=\"twitter:creator\" content=\"@https:\/\/twitter.com\/FlOstermann\" \/>\n<meta name=\"twitter:site\" content=\"@dicodusport\" \/>\n<script type=\"application\/ld+json\" class=\"yoast-schema-graph\">{\"@context\":\"https:\/\/schema.org\",\"@graph\":[{\"@type\":\"NewsArticle\",\"@id\":\"https:\/\/dicodusport.fr\/blog\/piste-sandie-clair-et-laurie-berthon-a-la-retraite\/#article\",\"isPartOf\":{\"@id\":\"https:\/\/dicodusport.fr\/blog\/piste-sandie-clair-et-laurie-berthon-a-la-retraite\/\"},\"author\":{\"name\":\"Flo Ostermann\",\"@id\":\"https:\/\/dicodusport.fr\/blog\/#\/schema\/person\/cb02af4c173ce4a653b55e9baf388d4a\"},\"headline\":\"Piste : Sandie Clair et Laurie Berthon \u00e0 la retraite\",\"datePublished\":\"2019-07-30T16:30:40+00:00\",\"mainEntityOfPage\":{\"@id\":\"https:\/\/dicodusport.fr\/blog\/piste-sandie-clair-et-laurie-berthon-a-la-retraite\/\"},\"wordCount\":1052,\"commentCount\":0,\"publisher\":{\"@id\":\"https:\/\/dicodusport.fr\/blog\/#organization\"},\"image\":{\"@id\":\"https:\/\/dicodusport.fr\/blog\/piste-sandie-clair-et-laurie-berthon-a-la-retraite\/#primaryimage\"},\"thumbnailUrl\":\"https:\/\/dicodusport.fr\/blog\/wp-content\/uploads\/2019\/07\/Piste-_-Sandie-Clair-et-Laurie-Berthon-\u00e0-la-retraite.png\",\"keywords\":[\"cyclisme sur piste\",\"piste\"],\"articleSection\":[\"Cyclisme\"],\"inLanguage\":\"fr-FR\",\"potentialAction\":[{\"@type\":\"CommentAction\",\"name\":\"Comment\",\"target\":[\"https:\/\/dicodusport.fr\/blog\/piste-sandie-clair-et-laurie-berthon-a-la-retraite\/#respond\"]}],\"copyrightYear\":\"2019\",\"copyrightHolder\":{\"@id\":\"https:\/\/dicodusport.fr\/blog\/#organization\"}},{\"@type\":\"WebPage\",\"@id\":\"https:\/\/dicodusport.fr\/blog\/piste-sandie-clair-et-laurie-berthon-a-la-retraite\/\",\"url\":\"https:\/\/dicodusport.fr\/blog\/piste-sandie-clair-et-laurie-berthon-a-la-retraite\/\",\"name\":\"Piste : Sandie Clair et Laurie Berthon \u00e0 la retraite\",\"isPartOf\":{\"@id\":\"https:\/\/dicodusport.fr\/blog\/#website\"},\"primaryImageOfPage\":{\"@id\":\"https:\/\/dicodusport.fr\/blog\/piste-sandie-clair-et-laurie-berthon-a-la-retraite\/#primaryimage\"},\"image\":{\"@id\":\"https:\/\/dicodusport.fr\/blog\/piste-sandie-clair-et-laurie-berthon-a-la-retraite\/#primaryimage\"},\"thumbnailUrl\":\"https:\/\/dicodusport.fr\/blog\/wp-content\/uploads\/2019\/07\/Piste-_-Sandie-Clair-et-Laurie-Berthon-\u00e0-la-retraite.png\",\"datePublished\":\"2019-07-30T16:30:40+00:00\",\"description\":\"Les deux pistardes fran\u00e7aises Sandie Clair et Laurie Berthon ont annonc\u00e9, coup sur coup, leur retraite, et ce pour des raisons diff\u00e9rentes.\",\"breadcrumb\":{\"@id\":\"https:\/\/dicodusport.fr\/blog\/piste-sandie-clair-et-laurie-berthon-a-la-retraite\/#breadcrumb\"},\"inLanguage\":\"fr-FR\",\"potentialAction\":[{\"@type\":\"ReadAction\",\"target\":[\"https:\/\/dicodusport.fr\/blog\/piste-sandie-clair-et-laurie-berthon-a-la-retraite\/\"]}]},{\"@type\":\"ImageObject\",\"inLanguage\":\"fr-FR\",\"@id\":\"https:\/\/dicodusport.fr\/blog\/piste-sandie-clair-et-laurie-berthon-a-la-retraite\/#primaryimage\",\"url\":\"https:\/\/dicodusport.fr\/blog\/wp-content\/uploads\/2019\/07\/Piste-_-Sandie-Clair-et-Laurie-Berthon-\u00e0-la-retraite.png\",\"contentUrl\":\"https:\/\/dicodusport.fr\/blog\/wp-content\/uploads\/2019\/07\/Piste-_-Sandie-Clair-et-Laurie-Berthon-\u00e0-la-retraite.png\",\"width\":800,\"height\":445},{\"@type\":\"BreadcrumbList\",\"@id\":\"https:\/\/dicodusport.fr\/blog\/piste-sandie-clair-et-laurie-berthon-a-la-retraite\/#breadcrumb\",\"itemListElement\":[{\"@type\":\"ListItem\",\"position\":1,\"name\":\"Accueil\",\"item\":\"https:\/\/dicodusport.fr\/blog\/\"},{\"@type\":\"ListItem\",\"position\":2,\"name\":\"Piste : Sandie Clair et Laurie Berthon \u00e0 la retraite\"}]},{\"@type\":\"WebSite\",\"@id\":\"https:\/\/dicodusport.fr\/blog\/#website\",\"url\":\"https:\/\/dicodusport.fr\/blog\/\",\"name\":\"Dicodusport\",\"description\":\"L&#039;encyclop\u00e9die de l&#039;actualit\u00e9 sportive\",\"publisher\":{\"@id\":\"https:\/\/dicodusport.fr\/blog\/#organization\"},\"potentialAction\":[{\"@type\":\"SearchAction\",\"target\":{\"@type\":\"EntryPoint\",\"urlTemplate\":\"https:\/\/dicodusport.fr\/blog\/?s={search_term_string}\"},\"query-input\":{\"@type\":\"PropertyValueSpecification\",\"valueRequired\":true,\"valueName\":\"search_term_string\"}}],\"inLanguage\":\"fr-FR\"},{\"@type\":\"NewsMediaOrganization\",\"@id\":\"https:\/\/dicodusport.fr\/blog\/#organization\",\"name\":\"Dicodusport\",\"url\":\"https:\/\/dicodusport.fr\/blog\/\",\"logo\":{\"@type\":\"ImageObject\",\"inLanguage\":\"fr-FR\",\"@id\":\"https:\/\/dicodusport.fr\/blog\/#\/schema\/logo\/image\/\",\"url\":\"https:\/\/dicodusport.fr\/blog\/wp-content\/uploads\/2020\/06\/cropped-LOGO-DICODUSPORT-2020-SANS-FOND-SANS-TEXTE.png\",\"contentUrl\":\"https:\/\/dicodusport.fr\/blog\/wp-content\/uploads\/2020\/06\/cropped-LOGO-DICODUSPORT-2020-SANS-FOND-SANS-TEXTE.png\",\"width\":512,\"height\":512,\"caption\":\"Dicodusport\"},\"image\":{\"@id\":\"https:\/\/dicodusport.fr\/blog\/#\/schema\/logo\/image\/\"},\"sameAs\":[\"https:\/\/www.facebook.com\/dicodusport\",\"https:\/\/x.com\/dicodusport\",\"https:\/\/www.instagram.com\/dicodusport\/\",\"https:\/\/www.youtube.com\/channel\/UC7V2KZ5sd3htJivAbA4ZG3w\"],\"description\":\"Dicodusport est l'encyclop\u00e9die de l'actualit\u00e9 sportive.\",\"email\":\"bonjour@dicodusport.fr\",\"legalName\":\"DICODUSPORT\",\"foundingDate\":\"2018-01-14\",\"vatID\":\"FR71834470973\",\"taxID\":\"83447097300043\",\"numberOfEmployees\":{\"@type\":\"QuantitativeValue\",\"minValue\":\"1\",\"maxValue\":\"10\"}},{\"@type\":\"Person\",\"@id\":\"https:\/\/dicodusport.fr\/blog\/#\/schema\/person\/cb02af4c173ce4a653b55e9baf388d4a\",\"name\":\"Flo Ostermann\",\"image\":{\"@type\":\"ImageObject\",\"inLanguage\":\"fr-FR\",\"@id\":\"https:\/\/dicodusport.fr\/blog\/#\/schema\/person\/image\/\",\"url\":\"https:\/\/dicodusport.fr\/blog\/wp-content\/uploads\/2021\/05\/Flo-Ostermann-150x150.jpg\",\"contentUrl\":\"https:\/\/dicodusport.fr\/blog\/wp-content\/uploads\/2021\/05\/Flo-Ostermann-150x150.jpg\",\"caption\":\"Flo Ostermann\"},\"description\":\"Journaliste\/R\u00e9dacteur depuis septembre 2015 - Mes premiers souvenirs dans le sport ? Les envol\u00e9es du Stade Toulousain et les duels Villeneuve-Schumacher et H\u00e4kkinen-Schumacher \u00e0 la fin des ann\u00e9es 90, la Coupe du monde de football en 1998, l\u2019exploit du XV de France face aux All Blacks en 1999, mais aussi Richard C\u0153ur de Lion qui vole sur les montagnes du Tour de France. Bien parti pour devenir professeur d\u2019EPS, les \u00e9v\u00e9nements de la vie (et la flemme d\u2019animer des s\u00e9ances de 3x500 m\u00e8tres toute ma vie) m\u2019ont conduit \u00e0 revoir mes plans. Me voil\u00e0 depuis fin 2017 sur Dicodusport, m\u00e9dia gr\u00e2ce (et pour) lequel je partage ma passion : le sport dans tous ses \u00e9tats. Le tout accompagn\u00e9 par les fous furieux et folles furieuses cit\u00e9s sur cette page !\",\"sameAs\":[\"https:\/\/www.facebook.com\/florent.ostermann\",\"https:\/\/x.com\/https:\/\/twitter.com\/FlOstermann\",\"admin\"],\"url\":\"https:\/\/dicodusport.fr\/blog\/author\/flo\/\"}]}<\/script>\n<!-- \/ Yoast SEO Premium plugin. -->","yoast_head_json":{"title":"Piste : Sandie Clair et Laurie Berthon \u00e0 la retraite","description":"Les deux pistardes fran\u00e7aises Sandie Clair et Laurie Berthon ont annonc\u00e9, coup sur coup, leur retraite, et ce pour des raisons diff\u00e9rentes.","robots":{"index":"index","follow":"follow","max-snippet":"max-snippet:-1","max-image-preview":"max-image-preview:large","max-video-preview":"max-video-preview:-1"},"canonical":"https:\/\/dicodusport.fr\/blog\/piste-sandie-clair-et-laurie-berthon-a-la-retraite\/","og_locale":"fr_FR","og_type":"article","og_title":"Piste : Sandie Clair et Laurie Berthon \u00e0 la retraite","og_description":"Les deux pistardes fran\u00e7aises Sandie Clair et Laurie Berthon ont annonc\u00e9, coup sur coup, leur retraite, et ce pour des raisons diff\u00e9rentes.","og_url":"https:\/\/dicodusport.fr\/blog\/piste-sandie-clair-et-laurie-berthon-a-la-retraite\/","og_site_name":"Dicodusport","article_publisher":"https:\/\/www.facebook.com\/dicodusport","article_author":"https:\/\/www.facebook.com\/florent.ostermann","article_published_time":"2019-07-30T16:30:40+00:00","og_image":[{"width":800,"height":445,"url":"https:\/\/dicodusport.fr\/blog\/wp-content\/uploads\/2019\/07\/Piste-_-Sandie-Clair-et-Laurie-Berthon-\u00e0-la-retraite.png","type":"image\/png"}],"author":"Flo Ostermann","twitter_card":"summary_large_image","twitter_title":"Piste : Sandie Clair et Laurie Berthon \u00e0 la retraite","twitter_creator":"@https:\/\/twitter.com\/FlOstermann","twitter_site":"@dicodusport","schema":{"@context":"https:\/\/schema.org","@graph":[{"@type":"NewsArticle","@id":"https:\/\/dicodusport.fr\/blog\/piste-sandie-clair-et-laurie-berthon-a-la-retraite\/#article","isPartOf":{"@id":"https:\/\/dicodusport.fr\/blog\/piste-sandie-clair-et-laurie-berthon-a-la-retraite\/"},"author":{"name":"Flo Ostermann","@id":"https:\/\/dicodusport.fr\/blog\/#\/schema\/person\/cb02af4c173ce4a653b55e9baf388d4a"},"headline":"Piste : Sandie Clair et Laurie Berthon \u00e0 la retraite","datePublished":"2019-07-30T16:30:40+00:00","mainEntityOfPage":{"@id":"https:\/\/dicodusport.fr\/blog\/piste-sandie-clair-et-laurie-berthon-a-la-retraite\/"},"wordCount":1052,"commentCount":0,"publisher":{"@id":"https:\/\/dicodusport.fr\/blog\/#organization"},"image":{"@id":"https:\/\/dicodusport.fr\/blog\/piste-sandie-clair-et-laurie-berthon-a-la-retraite\/#primaryimage"},"thumbnailUrl":"https:\/\/dicodusport.fr\/blog\/wp-content\/uploads\/2019\/07\/Piste-_-Sandie-Clair-et-Laurie-Berthon-\u00e0-la-retraite.png","keywords":["cyclisme sur piste","piste"],"articleSection":["Cyclisme"],"inLanguage":"fr-FR","potentialAction":[{"@type":"CommentAction","name":"Comment","target":["https:\/\/dicodusport.fr\/blog\/piste-sandie-clair-et-laurie-berthon-a-la-retraite\/#respond"]}],"copyrightYear":"2019","copyrightHolder":{"@id":"https:\/\/dicodusport.fr\/blog\/#organization"}},{"@type":"WebPage","@id":"https:\/\/dicodusport.fr\/blog\/piste-sandie-clair-et-laurie-berthon-a-la-retraite\/","url":"https:\/\/dicodusport.fr\/blog\/piste-sandie-clair-et-laurie-berthon-a-la-retraite\/","name":"Piste : Sandie Clair et Laurie Berthon \u00e0 la retraite","isPartOf":{"@id":"https:\/\/dicodusport.fr\/blog\/#website"},"primaryImageOfPage":{"@id":"https:\/\/dicodusport.fr\/blog\/piste-sandie-clair-et-laurie-berthon-a-la-retraite\/#primaryimage"},"image":{"@id":"https:\/\/dicodusport.fr\/blog\/piste-sandie-clair-et-laurie-berthon-a-la-retraite\/#primaryimage"},"thumbnailUrl":"https:\/\/dicodusport.fr\/blog\/wp-content\/uploads\/2019\/07\/Piste-_-Sandie-Clair-et-Laurie-Berthon-\u00e0-la-retraite.png","datePublished":"2019-07-30T16:30:40+00:00","description":"Les deux pistardes fran\u00e7aises Sandie Clair et Laurie Berthon ont annonc\u00e9, coup sur coup, leur retraite, et ce pour des raisons diff\u00e9rentes.","breadcrumb":{"@id":"https:\/\/dicodusport.fr\/blog\/piste-sandie-clair-et-laurie-berthon-a-la-retraite\/#breadcrumb"},"inLanguage":"fr-FR","potentialAction":[{"@type":"ReadAction","target":["https:\/\/dicodusport.fr\/blog\/piste-sandie-clair-et-laurie-berthon-a-la-retraite\/"]}]},{"@type":"ImageObject","inLanguage":"fr-FR","@id":"https:\/\/dicodusport.fr\/blog\/piste-sandie-clair-et-laurie-berthon-a-la-retraite\/#primaryimage","url":"https:\/\/dicodusport.fr\/blog\/wp-content\/uploads\/2019\/07\/Piste-_-Sandie-Clair-et-Laurie-Berthon-\u00e0-la-retraite.png","contentUrl":"https:\/\/dicodusport.fr\/blog\/wp-content\/uploads\/2019\/07\/Piste-_-Sandie-Clair-et-Laurie-Berthon-\u00e0-la-retraite.png","width":800,"height":445},{"@type":"BreadcrumbList","@id":"https:\/\/dicodusport.fr\/blog\/piste-sandie-clair-et-laurie-berthon-a-la-retraite\/#breadcrumb","itemListElement":[{"@type":"ListItem","position":1,"name":"Accueil","item":"https:\/\/dicodusport.fr\/blog\/"},{"@type":"ListItem","position":2,"name":"Piste : Sandie Clair et Laurie Berthon \u00e0 la retraite"}]},{"@type":"WebSite","@id":"https:\/\/dicodusport.fr\/blog\/#website","url":"https:\/\/dicodusport.fr\/blog\/","name":"Dicodusport","description":"L&#039;encyclop\u00e9die de l&#039;actualit\u00e9 sportive","publisher":{"@id":"https:\/\/dicodusport.fr\/blog\/#organization"},"potentialAction":[{"@type":"SearchAction","target":{"@type":"EntryPoint","urlTemplate":"https:\/\/dicodusport.fr\/blog\/?s={search_term_string}"},"query-input":{"@type":"PropertyValueSpecification","valueRequired":true,"valueName":"search_term_string"}}],"inLanguage":"fr-FR"},{"@type":"NewsMediaOrganization","@id":"https:\/\/dicodusport.fr\/blog\/#organization","name":"Dicodusport","url":"https:\/\/dicodusport.fr\/blog\/","logo":{"@type":"ImageObject","inLanguage":"fr-FR","@id":"https:\/\/dicodusport.fr\/blog\/#\/schema\/logo\/image\/","url":"https:\/\/dicodusport.fr\/blog\/wp-content\/uploads\/2020\/06\/cropped-LOGO-DICODUSPORT-2020-SANS-FOND-SANS-TEXTE.png","contentUrl":"https:\/\/dicodusport.fr\/blog\/wp-content\/uploads\/2020\/06\/cropped-LOGO-DICODUSPORT-2020-SANS-FOND-SANS-TEXTE.png","width":512,"height":512,"caption":"Dicodusport"},"image":{"@id":"https:\/\/dicodusport.fr\/blog\/#\/schema\/logo\/image\/"},"sameAs":["https:\/\/www.facebook.com\/dicodusport","https:\/\/x.com\/dicodusport","https:\/\/www.instagram.com\/dicodusport\/","https:\/\/www.youtube.com\/channel\/UC7V2KZ5sd3htJivAbA4ZG3w"],"description":"Dicodusport est l'encyclop\u00e9die de l'actualit\u00e9 sportive.","email":"bonjour@dicodusport.fr","legalName":"DICODUSPORT","foundingDate":"2018-01-14","vatID":"FR71834470973","taxID":"83447097300043","numberOfEmployees":{"@type":"QuantitativeValue","minValue":"1","maxValue":"10"}},{"@type":"Person","@id":"https:\/\/dicodusport.fr\/blog\/#\/schema\/person\/cb02af4c173ce4a653b55e9baf388d4a","name":"Flo Ostermann","image":{"@type":"ImageObject","inLanguage":"fr-FR","@id":"https:\/\/dicodusport.fr\/blog\/#\/schema\/person\/image\/","url":"https:\/\/dicodusport.fr\/blog\/wp-content\/uploads\/2021\/05\/Flo-Ostermann-150x150.jpg","contentUrl":"https:\/\/dicodusport.fr\/blog\/wp-content\/uploads\/2021\/05\/Flo-Ostermann-150x150.jpg","caption":"Flo Ostermann"},"description":"Journaliste\/R\u00e9dacteur depuis septembre 2015 - Mes premiers souvenirs dans le sport ? Les envol\u00e9es du Stade Toulousain et les duels Villeneuve-Schumacher et H\u00e4kkinen-Schumacher \u00e0 la fin des ann\u00e9es 90, la Coupe du monde de football en 1998, l\u2019exploit du XV de France face aux All Blacks en 1999, mais aussi Richard C\u0153ur de Lion qui vole sur les montagnes du Tour de France. Bien parti pour devenir professeur d\u2019EPS, les \u00e9v\u00e9nements de la vie (et la flemme d\u2019animer des s\u00e9ances de 3x500 m\u00e8tres toute ma vie) m\u2019ont conduit \u00e0 revoir mes plans. Me voil\u00e0 depuis fin 2017 sur Dicodusport, m\u00e9dia gr\u00e2ce (et pour) lequel je partage ma passion : le sport dans tous ses \u00e9tats. Le tout accompagn\u00e9 par les fous furieux et folles furieuses cit\u00e9s sur cette page !","sameAs":["https:\/\/www.facebook.com\/florent.ostermann","https:\/\/x.com\/https:\/\/twitter.com\/FlOstermann","admin"],"url":"https:\/\/dicodusport.fr\/blog\/author\/flo\/"}]}},"_links":{"self":[{"href":"https:\/\/dicodusport.fr\/blog\/wp-json\/wp\/v2\/posts\/44250","targetHints":{"allow":["GET"]}}],"collection":[{"href":"https:\/\/dicodusport.fr\/blog\/wp-json\/wp\/v2\/posts"}],"about":[{"href":"https:\/\/dicodusport.fr\/blog\/wp-json\/wp\/v2\/types\/post"}],"author":[{"embeddable":true,"href":"https:\/\/dicodusport.fr\/blog\/wp-json\/wp\/v2\/users\/4"}],"replies":[{"embeddable":true,"href":"https:\/\/dicodusport.fr\/blog\/wp-json\/wp\/v2\/comments?post=44250"}],"version-history":[{"count":0,"href":"https:\/\/dicodusport.fr\/blog\/wp-json\/wp\/v2\/posts\/44250\/revisions"}],"wp:featuredmedia":[{"embeddable":true,"href":"https:\/\/dicodusport.fr\/blog\/wp-json\/wp\/v2\/media\/44272"}],"wp:attachment":[{"href":"https:\/\/dicodusport.fr\/blog\/wp-json\/wp\/v2\/media?parent=44250"}],"wp:term":[{"taxonomy":"category","embeddable":true,"href":"https:\/\/dicodusport.fr\/blog\/wp-json\/wp\/v2\/categories?post=44250"},{"taxonomy":"post_tag","embeddable":true,"href":"https:\/\/dicodusport.fr\/blog\/wp-json\/wp\/v2\/tags?post=44250"}],"curies":[{"name":"wp","href":"https:\/\/api.w.org\/{rel}","templated":true}]}}