{"id":442583,"date":"2023-12-10T16:01:00","date_gmt":"2023-12-10T15:01:00","guid":{"rendered":"https:\/\/dicodusport.fr\/blog\/?p=442583&#038;preview=true&#038;preview_id=442583"},"modified":"2023-12-10T16:01:52","modified_gmt":"2023-12-10T15:01:52","slug":"biathlon-hochfilzen-2023-programme-horaires-et-resultats","status":"publish","type":"post","link":"https:\/\/dicodusport.fr\/blog\/biathlon-hochfilzen-2023-programme-horaires-et-resultats\/","title":{"rendered":"Biathlon Hochfilzen 2023 &#8211; Les r\u00e9sultats complets"},"content":{"rendered":"<p style=\"text-align: justify;\"><strong><em><a href=\"https:\/\/dicodusport.fr\/blog\/actualites\/biathlon\/coupe-du-monde-de-biathlon-2023-2024\/\">COUPE DU MONDE DE BIATHLON 2023-2024<\/a> &#8211; Retrouvez le programme complet, les horaires et les r\u00e9sultats de la 2\u00e8me \u00e9tape<\/em><\/strong><strong><em> de la Coupe du monde de biathlon, qui se d\u00e9roule \u00e0 Hochfilzen (Autriche)<\/em><\/strong><strong><em>, du 8 au 10 d\u00e9cembre 2023.\u00a0<\/em><\/strong><\/p>\n<ul>\n<li style=\"text-align: justify;\"><strong>\u00c0 ce sujet &#8211; <a href=\"https:\/\/dicodusport.fr\/blog\/coupe-du-monde-de-biathlon-2023-2024-le-calendrier-complet\/\">Coupe du monde de biathlon 2023-2024 : Le calendrier complet<\/a><\/strong><\/li>\n<\/ul>\n<p style=\"text-align: justify;\">Apr\u00e8s <a href=\"https:\/\/dicodusport.fr\/blog\/biathlon-etape-ostersund-2023-programme-complet-et-resultats\/\">la 1\u00e8re \u00e9tape de la Coupe du monde \u00e0 <strong>Ostersund<\/strong><\/a> (Su\u00e8de), place \u00e0 <strong>Hochfilzen<\/strong>, en Autriche. La caravane du biathlon se rend pour la premi\u00e8re fois de la saison en altitude (1000 m). Apr\u00e8s les temp\u00e9ratures glaciales du site su\u00e9dois, les biathl\u00e8tes retrouveront des conditions moins extr\u00eames au c\u0153ur du Tyrol. Sprints, poursuites et relais par genre seront au programme de l&rsquo;\u00e9tape autrichienne.<\/p>\n<p style=\"text-align: justify;\">Chez les dames, la Fran\u00e7aise <strong>Lou Jeanmonnot<\/strong> a crev\u00e9 l&rsquo;\u00e9cran ce week-end. La Doubiste a r\u00e9alis\u00e9 le doubl\u00e9 sprint-poursuite \u00e0 <strong>Ostersund<\/strong>. Elle pointe \u00e0 la 2\u00e8me place du classement g\u00e9n\u00e9ral, \u00e0 trois points de l&rsquo;Allemande <strong>Franziska Preuss<\/strong>, \u00e9galement en forme sur le site su\u00e9dois. Derri\u00e8re le duo germano-fran\u00e7ais, on retrouve une autre Allemande, <strong>Vanessa Voigt<\/strong> (Allemagne), ainsi que <strong>Karoline Knotten<\/strong> (Norv\u00e8ge) et <strong>Lisa Vittozzi<\/strong> (Italie).<\/p>\n<p style=\"text-align: justify;\">C\u00f4t\u00e9 masculin, tout est ouvert. Les deux grands gagnants de la 1\u00e8re \u00e9tape sont l&rsquo;Allemand <strong>Philipp Nawrath<\/strong> (vainqueur du sprint) et <strong>Sebastian Samuelsson<\/strong> (vainqueur de la poursuite), qui occupent les deux premi\u00e8res places du g\u00e9n\u00e9ral, l&rsquo;Allemand en t\u00eate. Pour le moment en retrait, <strong>Johannes Boe<\/strong> n&rsquo;est que 8\u00e8me dans la course au gros globe, la faute \u00e0 un encha\u00eenement sprint-poursuite d\u00e9cevant. C\u00f4t\u00e9 fran\u00e7ais, un seul biathl\u00e8te fran\u00e7ais figure dans le top 20 : <strong>\u00c9milien Claude<\/strong> (12\u00e8me). On attend davantage de <strong>Quentin Fillon Maillet<\/strong> et <strong>\u00c9milien Jacquelin<\/strong>.<\/p>\n<ul>\n<li style=\"text-align: justify;\"><strong>\u00c0 ce sujet &#8211; <a href=\"https:\/\/dicodusport.fr\/blog\/biathlon-hochfilzen-2023-la-selection-de-lequipe-de-france\/\">Biathlon Hochfilzen 2023 : La s\u00e9lection de l\u2019\u00e9quipe de France<\/a>\u00a0<\/strong><\/li>\n<\/ul>\n<p style=\"text-align: justify;\"><strong>Les courses seront retransmises en direct sur La cha\u00eene L&rsquo;\u00c9quipe et Eurosport.<\/strong><\/p>\n<h2 style=\"text-align: justify;\">Biathlon Coupe du monde Hochfilzen &#8211; Programme et r\u00e9sultats &#8211; D\u00e9cembre 2023<\/h2>\n<table style=\"width: 100%; border-collapse: collapse; font-size: 0.9em;\">\n<tbody>\n<tr>\n<td style=\"background-color: #0081b4; width: 800px; text-align: center; vertical-align: middle;\" colspan=\"6\"><span style=\"color: #ffffff;\"><strong>VENDREDI 8 D\u00c9CEMBRE 2023<\/strong><\/span><\/td>\n<\/tr>\n<tr>\n<td style=\"text-align: center; vertical-align: middle; background-color: #8db5c4; width: 10%;\"><span style=\"color: #ffffff; font-size: 0.9em;\"><strong>Horaire<\/strong><\/span><\/td>\n<td style=\"text-align: center; vertical-align: middle; background-color: #8db5c4; width: 22.5%;\" colspan=\"2\"><span style=\"color: #ffffff;\"><span style=\"font-size: 0.9em;\"><b>\u00c9preuve<\/b><\/span><\/span><\/td>\n<td style=\"text-align: center; vertical-align: middle; background-color: #8db5c4; width: 22.5%;\"><span style=\"color: #ffffff; font-size: 0.9em;\"><strong>Vainqueur<\/strong><\/span><\/td>\n<td style=\"text-align: center; vertical-align: middle; background-color: #8db5c4; width: 22.5%;\"><span style=\"color: #ffffff; font-size: 0.9em;\"><strong>Deuxi\u00e8me<\/strong><\/span><\/td>\n<td style=\"text-align: center; vertical-align: middle; background-color: #8db5c4; width: 22.5%;\"><span style=\"color: #ffffff; font-size: 0.9em;\"><strong>Troisi\u00e8me<\/strong><\/span><\/td>\n<\/tr>\n<tr>\n<td style=\"text-align: center; vertical-align: middle; width: 10%;\"><strong>11H30<\/strong><\/td>\n<td style=\"text-align: center; vertical-align: middle;\" colspan=\"2\"><strong>Sprint hommes<br \/>\n<span style=\"font-size: 11.52px;\"><i><a href=\"https:\/\/dicodusport.fr\/blog\/sprint-hochfilzen-2023-tarjei-boe-remporte-la-course-les-francais-en-retrait\/\">R\u00e9sum\u00e9<\/a> &#8211; <a href=\"https:\/\/dicodusport.fr\/blog\/biathlon-hochfilzen-2023-classement-sprint-hommes\/\">Classement<\/a><\/i><\/span><i><\/i><\/strong><\/td>\n<td style=\"text-align: center; vertical-align: middle; font-size: 0.9em; width: 22.5%;\"><strong><span style=\"font-size: 0.9em;\">\ud83c\uddf3\ud83c\uddf4 TARJEI BOE<br \/>\n<span style=\"font-size: 11.52px;\"><i>24:37.5 \/ 0-0<\/i><\/span><\/span><\/strong><\/td>\n<td style=\"text-align: center; vertical-align: middle; font-size: 0.9em; width: 22.5%;\"><span style=\"font-size: 0.9em;\">\ud83c\uddf3\ud83c\uddf4 STURLA LAEGREID<br \/>\n<span style=\"font-size: 11.52px;\"><i>+4.9 \/ 0-0<\/i><\/span><\/span><\/td>\n<td style=\"text-align: center; vertical-align: middle; font-size: 0.9em; width: 22.5%;\"><span style=\"font-size: 0.9em;\">\ud83c\uddf8\ud83c\uddea SEBASTIAN SAMUELSSON<br \/>\n<span style=\"font-size: 11.52px;\"><i>+10.0 \/ 1-0<\/i><\/span><\/span><\/td>\n<\/tr>\n<tr>\n<td style=\"text-align: center; vertical-align: middle; width: 10%;\"><strong>14H25<\/strong><\/td>\n<td style=\"text-align: center; vertical-align: middle; width: 22.5%;\" colspan=\"2\"><strong>Sprint femmes<br \/>\n<span style=\"font-size: 11.52px;\"><i><a href=\"https:\/\/dicodusport.fr\/blog\/sprint-femmes-hochfilzen-justine-braisaz-bouchet-3eme-ingrid-tandrevold-simpose\/\">R\u00e9sum\u00e9<\/a> &#8211; <a href=\"https:\/\/dicodusport.fr\/blog\/biathlon-hochfilzen-2023-classement-sprint-femmes\/\">Classement<\/a><\/i><\/span><br \/>\n<\/strong><\/td>\n<td style=\"text-align: center; vertical-align: middle; font-size: 0.9em; width: 22.5%;\"><strong><span style=\"font-size: 0.9em;\">\ud83c\uddf3\ud83c\uddf4 INGRID TANDREVOLD<br \/>\n<span style=\"font-size: 11.52px;\"><i>20:59.9 \/ 0-0<\/i><\/span><\/span><\/strong><\/td>\n<td style=\"text-align: center; vertical-align: middle; font-size: 0.9em; width: 22.5%;\"><span style=\"font-size: 0.9em;\">\ud83c\uddf8\ud83c\uddea ELVIRA OEBERG<br \/>\n<span style=\"font-size: 11.52px;\"><i>+4.9 \/ 1-0<\/i><\/span><\/span><\/td>\n<td style=\"text-align: center; vertical-align: middle; font-size: 0.9em; width: 22.5%;\"><span style=\"font-size: 0.9em;\">\ud83c\uddeb\ud83c\uddf7 JUSTINE BRAISAZ-BOUCHET<br \/>\n<span style=\"font-size: 11.52px;\"><i>+19.7 \/ 1-0<\/i><\/span><\/span><\/td>\n<\/tr>\n<tr>\n<td style=\"background-color: #0081b4; width: 800px; text-align: center; vertical-align: middle;\" colspan=\"6\"><span style=\"color: #ffffff;\"><strong>SAMEDI 9 D\u00c9CEMBRE 2023<\/strong><\/span><\/td>\n<\/tr>\n<tr>\n<td style=\"text-align: center; vertical-align: middle; background-color: #8db5c4; width: 10%;\"><span style=\"color: #ffffff; font-size: 0.9em;\"><strong>Horaire<\/strong><\/span><\/td>\n<td style=\"text-align: center; vertical-align: middle; background-color: #8db5c4; width: 22.5%;\" colspan=\"2\"><span style=\"color: #ffffff;\"><span style=\"font-size: 0.9em;\"><b>\u00c9preuve<\/b><\/span><\/span><\/td>\n<td style=\"text-align: center; vertical-align: middle; background-color: #8db5c4; width: 22.5%;\"><span style=\"color: #ffffff; font-size: 0.9em;\"><strong>Vainqueur<\/strong><\/span><\/td>\n<td style=\"text-align: center; vertical-align: middle; background-color: #8db5c4; width: 22.5%;\"><span style=\"color: #ffffff; font-size: 0.9em;\"><strong>Deuxi\u00e8me<\/strong><\/span><\/td>\n<td style=\"text-align: center; vertical-align: middle; background-color: #8db5c4; width: 22.5%;\"><span style=\"color: #ffffff; font-size: 0.9em;\"><strong>Troisi\u00e8me<\/strong><\/span><\/td>\n<\/tr>\n<tr>\n<td style=\"text-align: center; vertical-align: middle; width: 10%;\"><strong>12H15<\/strong><\/td>\n<td style=\"text-align: center; vertical-align: middle;\" colspan=\"2\"><strong>Poursuite hommes<br \/>\n<span style=\"font-size: 11.52px;\"><i><a href=\"https:\/\/dicodusport.fr\/blog\/poursuite-hochfilzen-2023-johannes-boe-s-impose-quadruple-norvegien\/\">R\u00e9sum\u00e9<\/a> &#8211; <a href=\"https:\/\/dicodusport.fr\/blog\/biathlon-hochfilzen-2023-classement-poursuite-hommes\/\">Classement<\/a><\/i><\/span><br \/>\n<i><\/i><\/strong><\/td>\n<td style=\"text-align: center; vertical-align: middle; font-size: 0.9em; width: 22.5%;\"><strong><span style=\"font-size: 0.9em;\">\ud83c\uddf3\ud83c\uddf4 JOHANNES BOE<br \/>\n<span style=\"font-size: 11.52px;\"><i>33:05.1 \/ 1-0-0-0<\/i><\/span><\/span><\/strong><\/td>\n<td style=\"text-align: center; vertical-align: middle; font-size: 0.9em; width: 22.5%;\"><span style=\"font-size: 0.9em;\">\ud83c\uddf3\ud83c\uddf4 JOHANNES DALE-SKJEVDAL<br \/>\n<span style=\"font-size: 11.52px;\"><i>+22.6 \/ 2-0-1-0<\/i><\/span><\/span><\/td>\n<td style=\"text-align: center; vertical-align: middle; font-size: 0.9em; width: 22.5%;\"><span style=\"font-size: 0.9em;\">\ud83c\uddf3\ud83c\uddf4 TARJEI BOE<br \/>\n<span style=\"font-size: 11.52px;\"><i>+28.4 \/ 1-0-1-0<\/i><\/span><\/span><\/td>\n<\/tr>\n<tr>\n<td style=\"text-align: center; vertical-align: middle; width: 10%;\"><strong>14H45<\/strong><\/td>\n<td style=\"text-align: center; vertical-align: middle; width: 22.5%;\" colspan=\"2\"><strong>Poursuite femmes<br \/>\n<span style=\"font-size: 11.52px;\"><i><a href=\"https:\/\/dicodusport.fr\/blog\/poursuite-hochfilzen-2023-la-victoire-pour-elvira-oeberg-le-dossard-jaune-pour-ingrid-tandrevold\/\">R\u00e9sum\u00e9<\/a> &#8211; <a href=\"https:\/\/dicodusport.fr\/blog\/biathlon-hochfilzen-2023-classement-poursuite-femmes\/\">Classement<\/a><\/i><\/span><br \/>\n<\/strong><\/td>\n<td style=\"text-align: center; vertical-align: middle; font-size: 0.9em; width: 22.5%;\"><strong><span style=\"font-size: 0.9em;\">\ud83c\uddf8\ud83c\uddea ELVIRA OEBERG<br \/>\n<span style=\"font-size: 11.52px;\"><i>29:44.6 \/ 1-0-0-0<\/i><\/span><\/span><\/strong><\/td>\n<td style=\"text-align: center; vertical-align: middle; font-size: 0.9em; width: 22.5%;\"><span style=\"font-size: 0.9em;\">\ud83c\udde8\ud83c\udded LENA HAECKI-GROSS<br \/>\n<span style=\"font-size: 11.52px;\"><i>+11.2 \/ 0-0-1-0<\/i><\/span><\/span><\/td>\n<td style=\"text-align: center; vertical-align: middle; font-size: 0.9em; width: 22.5%;\"><span style=\"font-size: 0.9em;\">\ud83c\uddf3\ud83c\uddf4 INGRID TANDREVOLD<br \/>\n<span style=\"font-size: 11.52px;\"><i>+13.9 \/ 1-0-0-0<\/i><\/span><\/span><\/td>\n<\/tr>\n<tr>\n<td style=\"background-color: #0081b4; width: 800px; text-align: center; vertical-align: middle;\" colspan=\"6\"><span style=\"color: #ffffff;\"><strong>DIMANCHE 10 D\u00c9CEMBRE 2023<\/strong><\/span><\/td>\n<\/tr>\n<tr>\n<td style=\"text-align: center; vertical-align: middle; background-color: #8db5c4; width: 10%;\"><span style=\"color: #ffffff; font-size: 0.9em;\"><strong>Horaire<\/strong><\/span><\/td>\n<td style=\"text-align: center; vertical-align: middle; background-color: #8db5c4; width: 22.5%;\" colspan=\"2\"><span style=\"color: #ffffff;\"><span style=\"font-size: 0.9em;\"><b>\u00c9preuve<\/b><\/span><\/span><\/td>\n<td style=\"text-align: center; vertical-align: middle; background-color: #8db5c4; width: 22.5%;\"><span style=\"color: #ffffff; font-size: 0.9em;\"><strong>Vainqueur<\/strong><\/span><\/td>\n<td style=\"text-align: center; vertical-align: middle; background-color: #8db5c4; width: 22.5%;\"><span style=\"color: #ffffff; font-size: 0.9em;\"><strong>Deuxi\u00e8me<\/strong><\/span><\/td>\n<td style=\"text-align: center; vertical-align: middle; background-color: #8db5c4; width: 22.5%;\"><span style=\"color: #ffffff; font-size: 0.9em;\"><strong>Troisi\u00e8me<\/strong><\/span><\/td>\n<\/tr>\n<tr>\n<td style=\"text-align: center; vertical-align: middle; width: 10%;\"><strong>11H30<\/strong><\/td>\n<td style=\"text-align: center; vertical-align: middle;\" colspan=\"2\"><strong>Relais hommes<br \/>\n<span style=\"font-size: 11.52px;\"><i><a href=\"https:\/\/dicodusport.fr\/blog\/relais-hommes-hochfilzen-2023-la-france-assure-la-2eme-place-derriere-la-norvege\/\">R\u00e9sum\u00e9<\/a> &#8211; <a href=\"https:\/\/dicodusport.fr\/blog\/biathlon-hochfilzen-2023-classement-relais-hommes\/\">Classement<\/a><\/i><\/span><br \/>\n<i><\/i><\/strong><\/td>\n<td style=\"text-align: center; vertical-align: middle; font-size: 0.9em; width: 22.5%;\"><strong><span style=\"font-size: 0.9em;\">\ud83c\uddf3\ud83c\uddf4 NORV\u00c8GE<br \/>\n<span style=\"font-size: 11.52px;\"><i>1h15:38.5 \/ 0 (5)<\/i><\/span><\/span><\/strong><\/td>\n<td style=\"text-align: center; vertical-align: middle; font-size: 0.9em; width: 22.5%;\"><span style=\"font-size: 0.9em;\">\ud83c\uddeb\ud83c\uddf7 FRANCE<br \/>\n<span style=\"font-size: 11.52px;\"><i>+28.7 \/ 0 (6)<\/i><\/span><\/span><\/td>\n<td style=\"text-align: center; vertical-align: middle; font-size: 0.9em; width: 22.5%;\"><span style=\"font-size: 0.9em;\">\ud83c\udde9\ud83c\uddea ALLEMAGNE<br \/>\n<span style=\"font-size: 11.52px;\"><i>+1:06.9 \/ 1 (9)<\/i><\/span><\/span><\/td>\n<\/tr>\n<tr>\n<td style=\"text-align: center; vertical-align: middle; width: 10%;\"><strong>14H15<\/strong><\/td>\n<td style=\"text-align: center; vertical-align: middle; width: 22.5%;\" colspan=\"2\"><strong>Relais femmes<br \/>\n<span style=\"font-size: 11.52px;\"><i><a href=\"https:\/\/dicodusport.fr\/blog\/relais-femmes-hochfilzen-2023-les-bleues-troisiemes-la-norvege-simpose\/\">R\u00e9sum\u00e9<\/a> &#8211; <a href=\"https:\/\/dicodusport.fr\/blog\/biathlon-hochfilzen-2023-classement-relais-femmes\/\">Classement<\/a><\/i><\/span><br \/>\n<\/strong><\/td>\n<td style=\"text-align: center; vertical-align: middle; font-size: 0.9em; width: 22.5%;\"><strong><span style=\"font-size: 0.9em;\">\ud83c\uddf3\ud83c\uddf4 NORV\u00c8GE<br \/>\n<span style=\"font-size: 11.52px;\"><i>1h07:39.0 \/ 0 (6)<\/i><\/span><\/span><\/strong><\/td>\n<td style=\"text-align: center; vertical-align: middle; font-size: 0.9em; width: 22.5%;\"><span style=\"font-size: 0.9em;\">\ud83c\uddf8\ud83c\uddea SU\u00c8DE<br \/>\n<span style=\"font-size: 11.52px;\"><i>+31.6 \/ 0 (10)<\/i><\/span><\/span><\/td>\n<td style=\"text-align: center; vertical-align: middle; font-size: 0.9em; width: 22.5%;\"><span style=\"font-size: 0.9em;\">\ud83c\uddeb\ud83c\uddf7 FRANCE<br \/>\n<span style=\"font-size: 11.52px;\"><i>+1:01.5 \/ 1 (8)<\/i><\/span><\/span><\/td>\n<\/tr>\n<\/tbody>\n<\/table>\n<h2 style=\"text-align: justify;\">\u00c0 ce sujet<\/h2>\n<ul>\n<li style=\"text-align: justify;\"><strong><a href=\"https:\/\/dicodusport.fr\/blog\/biathlon-coupe-du-monde-classement-general-hommes\/\">Biathlon Coupe du monde \u2013 Classement g\u00e9n\u00e9ral hommes<\/a><\/strong><\/li>\n<li style=\"text-align: justify;\"><strong><a href=\"https:\/\/dicodusport.fr\/blog\/biathlon-coupe-du-monde-classement-general-femmes\/\">Biathlon Coupe du monde \u2013 Classement g\u00e9n\u00e9ral femmes<\/a><\/strong><\/li>\n<\/ul>\n","protected":false},"excerpt":{"rendered":"<p>COUPE DU MONDE DE BIATHLON 2023-2024 &#8211; Retrouvez le programme complet, les horaires et les r\u00e9sultats de la 2\u00e8me \u00e9tape de la Coupe du monde de biathlon, qui se d\u00e9roule \u00e0 Hochfilzen (Autriche), du 8 au 10 d\u00e9cembre 2023.\u00a0<\/p>\n","protected":false},"author":4,"featured_media":443563,"comment_status":"open","ping_status":"closed","sticky":false,"template":"","format":"standard","meta":{"_acf_changed":false,"_daextam_enable_autolinks":"1","footnotes":""},"categories":[47040],"tags":[12890,16878],"class_list":["post-442583","post","type-post","status-publish","format-standard","has-post-thumbnail","hentry","category-coupe-du-monde-de-biathlon","tag-biathlon-hochfilzen","tag-breve"],"acf":[],"yoast_head":"<!-- This site is optimized with the Yoast SEO Premium plugin v26.7 (Yoast SEO v26.7) - https:\/\/yoast.com\/wordpress\/plugins\/seo\/ -->\n<title>Biathlon Hochfilzen 2023 - Les r\u00e9sultats complets<\/title>\n<meta name=\"description\" content=\"COUPE DU MONDE DE BIATHLON 2023-2024 - Programme complet, horaires et r\u00e9sultats de la Coupe du monde de biathlon \u00e0 Hochfilzen.\" \/>\n<meta name=\"robots\" content=\"index, follow, max-snippet:-1, max-image-preview:large, max-video-preview:-1\" \/>\n<link rel=\"canonical\" href=\"https:\/\/dicodusport.fr\/blog\/biathlon-hochfilzen-2023-programme-horaires-et-resultats\/\" \/>\n<meta property=\"og:locale\" content=\"fr_FR\" \/>\n<meta property=\"og:type\" content=\"article\" \/>\n<meta property=\"og:title\" content=\"Biathlon Hochfilzen 2023 - Les r\u00e9sultats complets\" \/>\n<meta property=\"og:description\" content=\"COUPE DU MONDE DE BIATHLON 2023-2024 - Programme complet, horaires et r\u00e9sultats de la Coupe du monde de biathlon \u00e0 Hochfilzen.\" \/>\n<meta property=\"og:url\" content=\"https:\/\/dicodusport.fr\/blog\/biathlon-hochfilzen-2023-programme-horaires-et-resultats\/\" \/>\n<meta property=\"og:site_name\" content=\"Dicodusport\" \/>\n<meta property=\"article:publisher\" content=\"https:\/\/www.facebook.com\/dicodusport\" \/>\n<meta property=\"article:author\" content=\"https:\/\/www.facebook.com\/florent.ostermann\" \/>\n<meta property=\"article:published_time\" content=\"2023-12-10T15:01:00+00:00\" \/>\n<meta property=\"article:modified_time\" content=\"2023-12-10T15:01:52+00:00\" \/>\n<meta property=\"og:image\" content=\"https:\/\/dicodusport.fr\/blog\/wp-content\/uploads\/2023\/12\/Biathlon-Hochfilzen-2023-Programme-horaires-et-resultats-1.png\" \/>\n\t<meta property=\"og:image:width\" content=\"1200\" \/>\n\t<meta property=\"og:image:height\" content=\"674\" \/>\n\t<meta property=\"og:image:type\" content=\"image\/png\" \/>\n<meta name=\"author\" content=\"Flo Ostermann\" \/>\n<meta name=\"twitter:card\" content=\"summary_large_image\" \/>\n<meta name=\"twitter:title\" content=\"Biathlon Hochfilzen 2023 - Les r\u00e9sultats complets\" \/>\n<meta name=\"twitter:creator\" content=\"@https:\/\/twitter.com\/FlOstermann\" \/>\n<meta name=\"twitter:site\" content=\"@dicodusport\" \/>\n<script type=\"application\/ld+json\" class=\"yoast-schema-graph\">{\"@context\":\"https:\/\/schema.org\",\"@graph\":[{\"@type\":\"NewsArticle\",\"@id\":\"https:\/\/dicodusport.fr\/blog\/biathlon-hochfilzen-2023-programme-horaires-et-resultats\/#article\",\"isPartOf\":{\"@id\":\"https:\/\/dicodusport.fr\/blog\/biathlon-hochfilzen-2023-programme-horaires-et-resultats\/\"},\"author\":{\"name\":\"Flo Ostermann\",\"@id\":\"https:\/\/dicodusport.fr\/blog\/#\/schema\/person\/cb02af4c173ce4a653b55e9baf388d4a\"},\"headline\":\"Biathlon Hochfilzen 2023 &#8211; Les r\u00e9sultats complets\",\"datePublished\":\"2023-12-10T15:01:00+00:00\",\"dateModified\":\"2023-12-10T15:01:52+00:00\",\"mainEntityOfPage\":{\"@id\":\"https:\/\/dicodusport.fr\/blog\/biathlon-hochfilzen-2023-programme-horaires-et-resultats\/\"},\"wordCount\":488,\"commentCount\":0,\"publisher\":{\"@id\":\"https:\/\/dicodusport.fr\/blog\/#organization\"},\"image\":{\"@id\":\"https:\/\/dicodusport.fr\/blog\/biathlon-hochfilzen-2023-programme-horaires-et-resultats\/#primaryimage\"},\"thumbnailUrl\":\"https:\/\/dicodusport.fr\/blog\/wp-content\/uploads\/2023\/12\/Biathlon-Hochfilzen-2023-Programme-horaires-et-resultats-1.png\",\"keywords\":[\"Biathlon Hochfilzen\",\"br\u00e8ve\"],\"articleSection\":[\"Coupe du monde de biathlon\"],\"inLanguage\":\"fr-FR\",\"potentialAction\":[{\"@type\":\"CommentAction\",\"name\":\"Comment\",\"target\":[\"https:\/\/dicodusport.fr\/blog\/biathlon-hochfilzen-2023-programme-horaires-et-resultats\/#respond\"]}],\"copyrightYear\":\"2023\",\"copyrightHolder\":{\"@id\":\"https:\/\/dicodusport.fr\/blog\/#organization\"}},{\"@type\":\"WebPage\",\"@id\":\"https:\/\/dicodusport.fr\/blog\/biathlon-hochfilzen-2023-programme-horaires-et-resultats\/\",\"url\":\"https:\/\/dicodusport.fr\/blog\/biathlon-hochfilzen-2023-programme-horaires-et-resultats\/\",\"name\":\"Biathlon Hochfilzen 2023 - Les r\u00e9sultats complets\",\"isPartOf\":{\"@id\":\"https:\/\/dicodusport.fr\/blog\/#website\"},\"primaryImageOfPage\":{\"@id\":\"https:\/\/dicodusport.fr\/blog\/biathlon-hochfilzen-2023-programme-horaires-et-resultats\/#primaryimage\"},\"image\":{\"@id\":\"https:\/\/dicodusport.fr\/blog\/biathlon-hochfilzen-2023-programme-horaires-et-resultats\/#primaryimage\"},\"thumbnailUrl\":\"https:\/\/dicodusport.fr\/blog\/wp-content\/uploads\/2023\/12\/Biathlon-Hochfilzen-2023-Programme-horaires-et-resultats-1.png\",\"datePublished\":\"2023-12-10T15:01:00+00:00\",\"dateModified\":\"2023-12-10T15:01:52+00:00\",\"description\":\"COUPE DU MONDE DE BIATHLON 2023-2024 - Programme complet, horaires et r\u00e9sultats de la Coupe du monde de biathlon \u00e0 Hochfilzen.\",\"breadcrumb\":{\"@id\":\"https:\/\/dicodusport.fr\/blog\/biathlon-hochfilzen-2023-programme-horaires-et-resultats\/#breadcrumb\"},\"inLanguage\":\"fr-FR\",\"potentialAction\":[{\"@type\":\"ReadAction\",\"target\":[\"https:\/\/dicodusport.fr\/blog\/biathlon-hochfilzen-2023-programme-horaires-et-resultats\/\"]}]},{\"@type\":\"ImageObject\",\"inLanguage\":\"fr-FR\",\"@id\":\"https:\/\/dicodusport.fr\/blog\/biathlon-hochfilzen-2023-programme-horaires-et-resultats\/#primaryimage\",\"url\":\"https:\/\/dicodusport.fr\/blog\/wp-content\/uploads\/2023\/12\/Biathlon-Hochfilzen-2023-Programme-horaires-et-resultats-1.png\",\"contentUrl\":\"https:\/\/dicodusport.fr\/blog\/wp-content\/uploads\/2023\/12\/Biathlon-Hochfilzen-2023-Programme-horaires-et-resultats-1.png\",\"width\":1200,\"height\":674,\"caption\":\"Biathlon Hochfilzen 2023 - Programme, horaires et r\u00e9sultats\"},{\"@type\":\"BreadcrumbList\",\"@id\":\"https:\/\/dicodusport.fr\/blog\/biathlon-hochfilzen-2023-programme-horaires-et-resultats\/#breadcrumb\",\"itemListElement\":[{\"@type\":\"ListItem\",\"position\":1,\"name\":\"Accueil\",\"item\":\"https:\/\/dicodusport.fr\/blog\/\"},{\"@type\":\"ListItem\",\"position\":2,\"name\":\"Biathlon Hochfilzen 2023 &#8211; Les r\u00e9sultats complets\"}]},{\"@type\":\"WebSite\",\"@id\":\"https:\/\/dicodusport.fr\/blog\/#website\",\"url\":\"https:\/\/dicodusport.fr\/blog\/\",\"name\":\"Dicodusport\",\"description\":\"L&#039;encyclop\u00e9die de l&#039;actualit\u00e9 sportive\",\"publisher\":{\"@id\":\"https:\/\/dicodusport.fr\/blog\/#organization\"},\"potentialAction\":[{\"@type\":\"SearchAction\",\"target\":{\"@type\":\"EntryPoint\",\"urlTemplate\":\"https:\/\/dicodusport.fr\/blog\/?s={search_term_string}\"},\"query-input\":{\"@type\":\"PropertyValueSpecification\",\"valueRequired\":true,\"valueName\":\"search_term_string\"}}],\"inLanguage\":\"fr-FR\"},{\"@type\":\"NewsMediaOrganization\",\"@id\":\"https:\/\/dicodusport.fr\/blog\/#organization\",\"name\":\"Dicodusport\",\"url\":\"https:\/\/dicodusport.fr\/blog\/\",\"logo\":{\"@type\":\"ImageObject\",\"inLanguage\":\"fr-FR\",\"@id\":\"https:\/\/dicodusport.fr\/blog\/#\/schema\/logo\/image\/\",\"url\":\"https:\/\/dicodusport.fr\/blog\/wp-content\/uploads\/2020\/06\/cropped-LOGO-DICODUSPORT-2020-SANS-FOND-SANS-TEXTE.png\",\"contentUrl\":\"https:\/\/dicodusport.fr\/blog\/wp-content\/uploads\/2020\/06\/cropped-LOGO-DICODUSPORT-2020-SANS-FOND-SANS-TEXTE.png\",\"width\":512,\"height\":512,\"caption\":\"Dicodusport\"},\"image\":{\"@id\":\"https:\/\/dicodusport.fr\/blog\/#\/schema\/logo\/image\/\"},\"sameAs\":[\"https:\/\/www.facebook.com\/dicodusport\",\"https:\/\/x.com\/dicodusport\",\"https:\/\/www.instagram.com\/dicodusport\/\",\"https:\/\/www.youtube.com\/channel\/UC7V2KZ5sd3htJivAbA4ZG3w\"],\"description\":\"Dicodusport est l'encyclop\u00e9die de l'actualit\u00e9 sportive.\",\"email\":\"bonjour@dicodusport.fr\",\"legalName\":\"DICODUSPORT\",\"foundingDate\":\"2018-01-14\",\"vatID\":\"FR71834470973\",\"taxID\":\"83447097300043\",\"numberOfEmployees\":{\"@type\":\"QuantitativeValue\",\"minValue\":\"1\",\"maxValue\":\"10\"}},{\"@type\":\"Person\",\"@id\":\"https:\/\/dicodusport.fr\/blog\/#\/schema\/person\/cb02af4c173ce4a653b55e9baf388d4a\",\"name\":\"Flo Ostermann\",\"image\":{\"@type\":\"ImageObject\",\"inLanguage\":\"fr-FR\",\"@id\":\"https:\/\/dicodusport.fr\/blog\/#\/schema\/person\/image\/\",\"url\":\"https:\/\/dicodusport.fr\/blog\/wp-content\/uploads\/2021\/05\/Flo-Ostermann-150x150.jpg\",\"contentUrl\":\"https:\/\/dicodusport.fr\/blog\/wp-content\/uploads\/2021\/05\/Flo-Ostermann-150x150.jpg\",\"caption\":\"Flo Ostermann\"},\"description\":\"Journaliste\/R\u00e9dacteur depuis septembre 2015 - Mes premiers souvenirs dans le sport ? Les envol\u00e9es du Stade Toulousain et les duels Villeneuve-Schumacher et H\u00e4kkinen-Schumacher \u00e0 la fin des ann\u00e9es 90, la Coupe du monde de football en 1998, l\u2019exploit du XV de France face aux All Blacks en 1999, mais aussi Richard C\u0153ur de Lion qui vole sur les montagnes du Tour de France. Bien parti pour devenir professeur d\u2019EPS, les \u00e9v\u00e9nements de la vie (et la flemme d\u2019animer des s\u00e9ances de 3x500 m\u00e8tres toute ma vie) m\u2019ont conduit \u00e0 revoir mes plans. Me voil\u00e0 depuis fin 2017 sur Dicodusport, m\u00e9dia gr\u00e2ce (et pour) lequel je partage ma passion : le sport dans tous ses \u00e9tats. Le tout accompagn\u00e9 par les fous furieux et folles furieuses cit\u00e9s sur cette page !\",\"sameAs\":[\"https:\/\/www.facebook.com\/florent.ostermann\",\"https:\/\/x.com\/https:\/\/twitter.com\/FlOstermann\",\"admin\"],\"url\":\"https:\/\/dicodusport.fr\/blog\/author\/flo\/\"}]}<\/script>\n<!-- \/ Yoast SEO Premium plugin. -->","yoast_head_json":{"title":"Biathlon Hochfilzen 2023 - Les r\u00e9sultats complets","description":"COUPE DU MONDE DE BIATHLON 2023-2024 - Programme complet, horaires et r\u00e9sultats de la Coupe du monde de biathlon \u00e0 Hochfilzen.","robots":{"index":"index","follow":"follow","max-snippet":"max-snippet:-1","max-image-preview":"max-image-preview:large","max-video-preview":"max-video-preview:-1"},"canonical":"https:\/\/dicodusport.fr\/blog\/biathlon-hochfilzen-2023-programme-horaires-et-resultats\/","og_locale":"fr_FR","og_type":"article","og_title":"Biathlon Hochfilzen 2023 - Les r\u00e9sultats complets","og_description":"COUPE DU MONDE DE BIATHLON 2023-2024 - Programme complet, horaires et r\u00e9sultats de la Coupe du monde de biathlon \u00e0 Hochfilzen.","og_url":"https:\/\/dicodusport.fr\/blog\/biathlon-hochfilzen-2023-programme-horaires-et-resultats\/","og_site_name":"Dicodusport","article_publisher":"https:\/\/www.facebook.com\/dicodusport","article_author":"https:\/\/www.facebook.com\/florent.ostermann","article_published_time":"2023-12-10T15:01:00+00:00","article_modified_time":"2023-12-10T15:01:52+00:00","og_image":[{"width":1200,"height":674,"url":"https:\/\/dicodusport.fr\/blog\/wp-content\/uploads\/2023\/12\/Biathlon-Hochfilzen-2023-Programme-horaires-et-resultats-1.png","type":"image\/png"}],"author":"Flo Ostermann","twitter_card":"summary_large_image","twitter_title":"Biathlon Hochfilzen 2023 - Les r\u00e9sultats complets","twitter_creator":"@https:\/\/twitter.com\/FlOstermann","twitter_site":"@dicodusport","schema":{"@context":"https:\/\/schema.org","@graph":[{"@type":"NewsArticle","@id":"https:\/\/dicodusport.fr\/blog\/biathlon-hochfilzen-2023-programme-horaires-et-resultats\/#article","isPartOf":{"@id":"https:\/\/dicodusport.fr\/blog\/biathlon-hochfilzen-2023-programme-horaires-et-resultats\/"},"author":{"name":"Flo Ostermann","@id":"https:\/\/dicodusport.fr\/blog\/#\/schema\/person\/cb02af4c173ce4a653b55e9baf388d4a"},"headline":"Biathlon Hochfilzen 2023 &#8211; Les r\u00e9sultats complets","datePublished":"2023-12-10T15:01:00+00:00","dateModified":"2023-12-10T15:01:52+00:00","mainEntityOfPage":{"@id":"https:\/\/dicodusport.fr\/blog\/biathlon-hochfilzen-2023-programme-horaires-et-resultats\/"},"wordCount":488,"commentCount":0,"publisher":{"@id":"https:\/\/dicodusport.fr\/blog\/#organization"},"image":{"@id":"https:\/\/dicodusport.fr\/blog\/biathlon-hochfilzen-2023-programme-horaires-et-resultats\/#primaryimage"},"thumbnailUrl":"https:\/\/dicodusport.fr\/blog\/wp-content\/uploads\/2023\/12\/Biathlon-Hochfilzen-2023-Programme-horaires-et-resultats-1.png","keywords":["Biathlon Hochfilzen","br\u00e8ve"],"articleSection":["Coupe du monde de biathlon"],"inLanguage":"fr-FR","potentialAction":[{"@type":"CommentAction","name":"Comment","target":["https:\/\/dicodusport.fr\/blog\/biathlon-hochfilzen-2023-programme-horaires-et-resultats\/#respond"]}],"copyrightYear":"2023","copyrightHolder":{"@id":"https:\/\/dicodusport.fr\/blog\/#organization"}},{"@type":"WebPage","@id":"https:\/\/dicodusport.fr\/blog\/biathlon-hochfilzen-2023-programme-horaires-et-resultats\/","url":"https:\/\/dicodusport.fr\/blog\/biathlon-hochfilzen-2023-programme-horaires-et-resultats\/","name":"Biathlon Hochfilzen 2023 - Les r\u00e9sultats complets","isPartOf":{"@id":"https:\/\/dicodusport.fr\/blog\/#website"},"primaryImageOfPage":{"@id":"https:\/\/dicodusport.fr\/blog\/biathlon-hochfilzen-2023-programme-horaires-et-resultats\/#primaryimage"},"image":{"@id":"https:\/\/dicodusport.fr\/blog\/biathlon-hochfilzen-2023-programme-horaires-et-resultats\/#primaryimage"},"thumbnailUrl":"https:\/\/dicodusport.fr\/blog\/wp-content\/uploads\/2023\/12\/Biathlon-Hochfilzen-2023-Programme-horaires-et-resultats-1.png","datePublished":"2023-12-10T15:01:00+00:00","dateModified":"2023-12-10T15:01:52+00:00","description":"COUPE DU MONDE DE BIATHLON 2023-2024 - Programme complet, horaires et r\u00e9sultats de la Coupe du monde de biathlon \u00e0 Hochfilzen.","breadcrumb":{"@id":"https:\/\/dicodusport.fr\/blog\/biathlon-hochfilzen-2023-programme-horaires-et-resultats\/#breadcrumb"},"inLanguage":"fr-FR","potentialAction":[{"@type":"ReadAction","target":["https:\/\/dicodusport.fr\/blog\/biathlon-hochfilzen-2023-programme-horaires-et-resultats\/"]}]},{"@type":"ImageObject","inLanguage":"fr-FR","@id":"https:\/\/dicodusport.fr\/blog\/biathlon-hochfilzen-2023-programme-horaires-et-resultats\/#primaryimage","url":"https:\/\/dicodusport.fr\/blog\/wp-content\/uploads\/2023\/12\/Biathlon-Hochfilzen-2023-Programme-horaires-et-resultats-1.png","contentUrl":"https:\/\/dicodusport.fr\/blog\/wp-content\/uploads\/2023\/12\/Biathlon-Hochfilzen-2023-Programme-horaires-et-resultats-1.png","width":1200,"height":674,"caption":"Biathlon Hochfilzen 2023 - Programme, horaires et r\u00e9sultats"},{"@type":"BreadcrumbList","@id":"https:\/\/dicodusport.fr\/blog\/biathlon-hochfilzen-2023-programme-horaires-et-resultats\/#breadcrumb","itemListElement":[{"@type":"ListItem","position":1,"name":"Accueil","item":"https:\/\/dicodusport.fr\/blog\/"},{"@type":"ListItem","position":2,"name":"Biathlon Hochfilzen 2023 &#8211; Les r\u00e9sultats complets"}]},{"@type":"WebSite","@id":"https:\/\/dicodusport.fr\/blog\/#website","url":"https:\/\/dicodusport.fr\/blog\/","name":"Dicodusport","description":"L&#039;encyclop\u00e9die de l&#039;actualit\u00e9 sportive","publisher":{"@id":"https:\/\/dicodusport.fr\/blog\/#organization"},"potentialAction":[{"@type":"SearchAction","target":{"@type":"EntryPoint","urlTemplate":"https:\/\/dicodusport.fr\/blog\/?s={search_term_string}"},"query-input":{"@type":"PropertyValueSpecification","valueRequired":true,"valueName":"search_term_string"}}],"inLanguage":"fr-FR"},{"@type":"NewsMediaOrganization","@id":"https:\/\/dicodusport.fr\/blog\/#organization","name":"Dicodusport","url":"https:\/\/dicodusport.fr\/blog\/","logo":{"@type":"ImageObject","inLanguage":"fr-FR","@id":"https:\/\/dicodusport.fr\/blog\/#\/schema\/logo\/image\/","url":"https:\/\/dicodusport.fr\/blog\/wp-content\/uploads\/2020\/06\/cropped-LOGO-DICODUSPORT-2020-SANS-FOND-SANS-TEXTE.png","contentUrl":"https:\/\/dicodusport.fr\/blog\/wp-content\/uploads\/2020\/06\/cropped-LOGO-DICODUSPORT-2020-SANS-FOND-SANS-TEXTE.png","width":512,"height":512,"caption":"Dicodusport"},"image":{"@id":"https:\/\/dicodusport.fr\/blog\/#\/schema\/logo\/image\/"},"sameAs":["https:\/\/www.facebook.com\/dicodusport","https:\/\/x.com\/dicodusport","https:\/\/www.instagram.com\/dicodusport\/","https:\/\/www.youtube.com\/channel\/UC7V2KZ5sd3htJivAbA4ZG3w"],"description":"Dicodusport est l'encyclop\u00e9die de l'actualit\u00e9 sportive.","email":"bonjour@dicodusport.fr","legalName":"DICODUSPORT","foundingDate":"2018-01-14","vatID":"FR71834470973","taxID":"83447097300043","numberOfEmployees":{"@type":"QuantitativeValue","minValue":"1","maxValue":"10"}},{"@type":"Person","@id":"https:\/\/dicodusport.fr\/blog\/#\/schema\/person\/cb02af4c173ce4a653b55e9baf388d4a","name":"Flo Ostermann","image":{"@type":"ImageObject","inLanguage":"fr-FR","@id":"https:\/\/dicodusport.fr\/blog\/#\/schema\/person\/image\/","url":"https:\/\/dicodusport.fr\/blog\/wp-content\/uploads\/2021\/05\/Flo-Ostermann-150x150.jpg","contentUrl":"https:\/\/dicodusport.fr\/blog\/wp-content\/uploads\/2021\/05\/Flo-Ostermann-150x150.jpg","caption":"Flo Ostermann"},"description":"Journaliste\/R\u00e9dacteur depuis septembre 2015 - Mes premiers souvenirs dans le sport ? Les envol\u00e9es du Stade Toulousain et les duels Villeneuve-Schumacher et H\u00e4kkinen-Schumacher \u00e0 la fin des ann\u00e9es 90, la Coupe du monde de football en 1998, l\u2019exploit du XV de France face aux All Blacks en 1999, mais aussi Richard C\u0153ur de Lion qui vole sur les montagnes du Tour de France. Bien parti pour devenir professeur d\u2019EPS, les \u00e9v\u00e9nements de la vie (et la flemme d\u2019animer des s\u00e9ances de 3x500 m\u00e8tres toute ma vie) m\u2019ont conduit \u00e0 revoir mes plans. Me voil\u00e0 depuis fin 2017 sur Dicodusport, m\u00e9dia gr\u00e2ce (et pour) lequel je partage ma passion : le sport dans tous ses \u00e9tats. Le tout accompagn\u00e9 par les fous furieux et folles furieuses cit\u00e9s sur cette page !","sameAs":["https:\/\/www.facebook.com\/florent.ostermann","https:\/\/x.com\/https:\/\/twitter.com\/FlOstermann","admin"],"url":"https:\/\/dicodusport.fr\/blog\/author\/flo\/"}]}},"_links":{"self":[{"href":"https:\/\/dicodusport.fr\/blog\/wp-json\/wp\/v2\/posts\/442583","targetHints":{"allow":["GET"]}}],"collection":[{"href":"https:\/\/dicodusport.fr\/blog\/wp-json\/wp\/v2\/posts"}],"about":[{"href":"https:\/\/dicodusport.fr\/blog\/wp-json\/wp\/v2\/types\/post"}],"author":[{"embeddable":true,"href":"https:\/\/dicodusport.fr\/blog\/wp-json\/wp\/v2\/users\/4"}],"replies":[{"embeddable":true,"href":"https:\/\/dicodusport.fr\/blog\/wp-json\/wp\/v2\/comments?post=442583"}],"version-history":[{"count":5,"href":"https:\/\/dicodusport.fr\/blog\/wp-json\/wp\/v2\/posts\/442583\/revisions"}],"predecessor-version":[{"id":444373,"href":"https:\/\/dicodusport.fr\/blog\/wp-json\/wp\/v2\/posts\/442583\/revisions\/444373"}],"wp:featuredmedia":[{"embeddable":true,"href":"https:\/\/dicodusport.fr\/blog\/wp-json\/wp\/v2\/media\/443563"}],"wp:attachment":[{"href":"https:\/\/dicodusport.fr\/blog\/wp-json\/wp\/v2\/media?parent=442583"}],"wp:term":[{"taxonomy":"category","embeddable":true,"href":"https:\/\/dicodusport.fr\/blog\/wp-json\/wp\/v2\/categories?post=442583"},{"taxonomy":"post_tag","embeddable":true,"href":"https:\/\/dicodusport.fr\/blog\/wp-json\/wp\/v2\/tags?post=442583"}],"curies":[{"name":"wp","href":"https:\/\/api.w.org\/{rel}","templated":true}]}}