{"id":44259,"date":"2019-07-30T17:31:00","date_gmt":"2019-07-30T15:31:00","guid":{"rendered":"http:\/\/dicodusport.fr\/blog\/?p=44259"},"modified":"2019-07-30T17:51:21","modified_gmt":"2019-07-30T15:51:21","slug":"vers-une-fusion-entre-arkea-samsic-et-katusha","status":"publish","type":"post","link":"https:\/\/dicodusport.fr\/blog\/vers-une-fusion-entre-arkea-samsic-et-katusha\/","title":{"rendered":"Vers une fusion entre Ark\u00e9a-Samsic et Katusha ?"},"content":{"rendered":"<p style=\"text-align: justify;\"><strong><em><a href=\"https:\/\/dicodusport.fr\/blog\/actualites\/cyclisme\/\" target=\"_blank\" rel=\"noopener\">Cyclisme<\/a> &#8211; Selon le site n\u00e9erlandais WielerFlits, le Team Katusha pourrait fusionner avec la formation bretonne Ark\u00e9a-Samsic.<br \/>\n<\/em><\/strong><\/p>\n<p style=\"text-align: justify;\">Selon plusieurs sources relay\u00e9es par le site <em>WilerFlits<\/em>, les formations <strong>Katusha<\/strong> et <strong>Ark\u00e9a-Samsic<\/strong> pourraient fusionner dans les prochains jours. La formation russe, qui devait disparaitre \u00e0 la fin de la saison, sort d&rsquo;un Tour de France tr\u00e8s d\u00e9cevant, tandis qu&rsquo;Ark\u00e9a-Samsic est sur le point de faire signer <strong>Nairo Quintana<\/strong>, tout en conservant un certain <strong>Warren Barguil<\/strong>. <strong>Igor Makarov<\/strong>, propri\u00e9taire de Katusha, resterait le grand patron de la future \u00e9quipe et aurait d\u00e9j\u00e0 fait une demande de licence World Tour pour la saison prochaine, et la marque BMC \u00e9quiperait alors les coureurs de la nouvelle formation.<\/p>\n<h1 style=\"text-align: justify;\">\u00c0 ce jour, 11 coureurs, de chaque formation, sont encore sous contrat pour la saison 2020<\/h1>\n<p style=\"text-align: justify;\"><strong>Katusha :<\/strong> Jens Debusschere, Jenthe Biermans, Enrico Battaglin, Alex Dowsett, Reto Hollestein, Dani Navarro, Nils Politt, Mads W\u00fcrtz Schmidt, Dmitry Strakhov, Harry Tanfield, Rick Zabel.<\/p>\n<p style=\"text-align: justify;\"><strong>Ark\u00e9a-Samsic :<\/strong> Warren Barguil, Maxime Bouet, Anthony Delaplace, Elie Gesbert, Andr\u00e9 Greipel, Thibault Guernalec, Romain Hardy, Laurent Pichon, Alan Riou, Connor Swift, Bram Welten.<\/p>\n<p style=\"text-align: justify;\"><strong><em>Dicodusport<br \/>\n<a href=\"https:\/\/www.facebook.com\/dicodusport\/\" target=\"_blank\" rel=\"noopener\"><img loading=\"lazy\" decoding=\"async\" class=\"alignnone wp-image-2909\" src=\"http:\/\/dicodusport.fr\/blog\/wp-content\/uploads\/2017\/07\/logo-facebook-150x150.png\" alt=\"\" width=\"40\" height=\"40\" \/><\/a><a href=\"https:\/\/twitter.com\/dicodusport\" target=\"_blank\" rel=\"noopener\"><img loading=\"lazy\" decoding=\"async\" class=\"alignnone wp-image-2908\" src=\"http:\/\/dicodusport.fr\/blog\/wp-content\/uploads\/2017\/07\/logo-twitter-150x150.png\" alt=\"\" width=\"39\" height=\"39\" \/><\/a><\/em><\/strong><\/p>\n","protected":false},"excerpt":{"rendered":"<p>Cyclisme &#8211; Selon le site n\u00e9erlandais WielerFlits, le Team Katusha pourrait fusionner avec la formation bretonne Ark\u00e9a-Samsic.<\/p>\n","protected":false},"author":4,"featured_media":43513,"comment_status":"open","ping_status":"closed","sticky":false,"template":"","format":"standard","meta":{"_acf_changed":false,"_daextam_enable_autolinks":"","footnotes":""},"categories":[2307],"tags":[7045,574,2832,5773],"class_list":["post-44259","post","type-post","status-publish","format-standard","has-post-thumbnail","hentry","category-cyclisme","tag-arkea-samsic","tag-cyclisme","tag-transferts","tag-world-tour"],"acf":[],"yoast_head":"<!-- This site is optimized with the Yoast SEO Premium plugin v26.7 (Yoast SEO v26.7) - https:\/\/yoast.com\/wordpress\/plugins\/seo\/ -->\n<title>Vers une fusion entre Ark\u00e9a-Samsic et Katusha ?<\/title>\n<meta name=\"description\" content=\"Cyclisme - Selon le site n\u00e9erlandais WielerFlits, le Team Katusha pourrait fusionner avec la formation bretonne Ark\u00e9a-Samsic.\" \/>\n<meta name=\"robots\" content=\"index, follow, max-snippet:-1, max-image-preview:large, max-video-preview:-1\" \/>\n<link rel=\"canonical\" href=\"https:\/\/dicodusport.fr\/blog\/vers-une-fusion-entre-arkea-samsic-et-katusha\/\" \/>\n<meta property=\"og:locale\" content=\"fr_FR\" \/>\n<meta property=\"og:type\" content=\"article\" \/>\n<meta property=\"og:title\" content=\"Vers une fusion entre Ark\u00e9a-Samsic et Katusha ?\" \/>\n<meta property=\"og:description\" content=\"Cyclisme - Selon le site n\u00e9erlandais WielerFlits, le Team Katusha pourrait fusionner avec la formation bretonne Ark\u00e9a-Samsic.\" \/>\n<meta property=\"og:url\" content=\"https:\/\/dicodusport.fr\/blog\/vers-une-fusion-entre-arkea-samsic-et-katusha\/\" \/>\n<meta property=\"og:site_name\" content=\"Dicodusport\" \/>\n<meta property=\"article:publisher\" content=\"https:\/\/www.facebook.com\/dicodusport\" \/>\n<meta property=\"article:author\" content=\"https:\/\/www.facebook.com\/florent.ostermann\" \/>\n<meta property=\"article:published_time\" content=\"2019-07-30T15:31:00+00:00\" \/>\n<meta property=\"article:modified_time\" content=\"2019-07-30T15:51:21+00:00\" \/>\n<meta property=\"og:image\" content=\"https:\/\/dicodusport.fr\/blog\/wp-content\/uploads\/2019\/07\/Barguil-Favoris-15\u00e8me-\u00e9tape-Tour-de-France-2019.png\" \/>\n\t<meta property=\"og:image:width\" content=\"800\" \/>\n\t<meta property=\"og:image:height\" content=\"445\" \/>\n\t<meta property=\"og:image:type\" content=\"image\/png\" \/>\n<meta name=\"author\" content=\"Flo Ostermann\" \/>\n<meta name=\"twitter:card\" content=\"summary_large_image\" \/>\n<meta name=\"twitter:title\" content=\"Vers une fusion entre Ark\u00e9a-Samsic et Katusha ?\" \/>\n<meta name=\"twitter:creator\" content=\"@https:\/\/twitter.com\/FlOstermann\" \/>\n<meta name=\"twitter:site\" content=\"@dicodusport\" \/>\n<script type=\"application\/ld+json\" class=\"yoast-schema-graph\">{\"@context\":\"https:\/\/schema.org\",\"@graph\":[{\"@type\":\"NewsArticle\",\"@id\":\"https:\/\/dicodusport.fr\/blog\/vers-une-fusion-entre-arkea-samsic-et-katusha\/#article\",\"isPartOf\":{\"@id\":\"https:\/\/dicodusport.fr\/blog\/vers-une-fusion-entre-arkea-samsic-et-katusha\/\"},\"author\":{\"name\":\"Flo Ostermann\",\"@id\":\"https:\/\/dicodusport.fr\/blog\/#\/schema\/person\/cb02af4c173ce4a653b55e9baf388d4a\"},\"headline\":\"Vers une fusion entre Ark\u00e9a-Samsic et Katusha ?\",\"datePublished\":\"2019-07-30T15:31:00+00:00\",\"dateModified\":\"2019-07-30T15:51:21+00:00\",\"mainEntityOfPage\":{\"@id\":\"https:\/\/dicodusport.fr\/blog\/vers-une-fusion-entre-arkea-samsic-et-katusha\/\"},\"wordCount\":193,\"commentCount\":0,\"publisher\":{\"@id\":\"https:\/\/dicodusport.fr\/blog\/#organization\"},\"image\":{\"@id\":\"https:\/\/dicodusport.fr\/blog\/vers-une-fusion-entre-arkea-samsic-et-katusha\/#primaryimage\"},\"thumbnailUrl\":\"https:\/\/dicodusport.fr\/blog\/wp-content\/uploads\/2019\/07\/Barguil-Favoris-15\u00e8me-\u00e9tape-Tour-de-France-2019.png\",\"keywords\":[\"Arkea-Samsic\",\"Cyclisme\",\"transferts\",\"World Tour\"],\"articleSection\":[\"Cyclisme\"],\"inLanguage\":\"fr-FR\",\"potentialAction\":[{\"@type\":\"CommentAction\",\"name\":\"Comment\",\"target\":[\"https:\/\/dicodusport.fr\/blog\/vers-une-fusion-entre-arkea-samsic-et-katusha\/#respond\"]}],\"copyrightYear\":\"2019\",\"copyrightHolder\":{\"@id\":\"https:\/\/dicodusport.fr\/blog\/#organization\"}},{\"@type\":\"WebPage\",\"@id\":\"https:\/\/dicodusport.fr\/blog\/vers-une-fusion-entre-arkea-samsic-et-katusha\/\",\"url\":\"https:\/\/dicodusport.fr\/blog\/vers-une-fusion-entre-arkea-samsic-et-katusha\/\",\"name\":\"Vers une fusion entre Ark\u00e9a-Samsic et Katusha ?\",\"isPartOf\":{\"@id\":\"https:\/\/dicodusport.fr\/blog\/#website\"},\"primaryImageOfPage\":{\"@id\":\"https:\/\/dicodusport.fr\/blog\/vers-une-fusion-entre-arkea-samsic-et-katusha\/#primaryimage\"},\"image\":{\"@id\":\"https:\/\/dicodusport.fr\/blog\/vers-une-fusion-entre-arkea-samsic-et-katusha\/#primaryimage\"},\"thumbnailUrl\":\"https:\/\/dicodusport.fr\/blog\/wp-content\/uploads\/2019\/07\/Barguil-Favoris-15\u00e8me-\u00e9tape-Tour-de-France-2019.png\",\"datePublished\":\"2019-07-30T15:31:00+00:00\",\"dateModified\":\"2019-07-30T15:51:21+00:00\",\"description\":\"Cyclisme - Selon le site n\u00e9erlandais WielerFlits, le Team Katusha pourrait fusionner avec la formation bretonne Ark\u00e9a-Samsic.\",\"breadcrumb\":{\"@id\":\"https:\/\/dicodusport.fr\/blog\/vers-une-fusion-entre-arkea-samsic-et-katusha\/#breadcrumb\"},\"inLanguage\":\"fr-FR\",\"potentialAction\":[{\"@type\":\"ReadAction\",\"target\":[\"https:\/\/dicodusport.fr\/blog\/vers-une-fusion-entre-arkea-samsic-et-katusha\/\"]}]},{\"@type\":\"ImageObject\",\"inLanguage\":\"fr-FR\",\"@id\":\"https:\/\/dicodusport.fr\/blog\/vers-une-fusion-entre-arkea-samsic-et-katusha\/#primaryimage\",\"url\":\"https:\/\/dicodusport.fr\/blog\/wp-content\/uploads\/2019\/07\/Barguil-Favoris-15\u00e8me-\u00e9tape-Tour-de-France-2019.png\",\"contentUrl\":\"https:\/\/dicodusport.fr\/blog\/wp-content\/uploads\/2019\/07\/Barguil-Favoris-15\u00e8me-\u00e9tape-Tour-de-France-2019.png\",\"width\":800,\"height\":445},{\"@type\":\"BreadcrumbList\",\"@id\":\"https:\/\/dicodusport.fr\/blog\/vers-une-fusion-entre-arkea-samsic-et-katusha\/#breadcrumb\",\"itemListElement\":[{\"@type\":\"ListItem\",\"position\":1,\"name\":\"Accueil\",\"item\":\"https:\/\/dicodusport.fr\/blog\/\"},{\"@type\":\"ListItem\",\"position\":2,\"name\":\"Vers une fusion entre Ark\u00e9a-Samsic et Katusha ?\"}]},{\"@type\":\"WebSite\",\"@id\":\"https:\/\/dicodusport.fr\/blog\/#website\",\"url\":\"https:\/\/dicodusport.fr\/blog\/\",\"name\":\"Dicodusport\",\"description\":\"L&#039;encyclop\u00e9die de l&#039;actualit\u00e9 sportive\",\"publisher\":{\"@id\":\"https:\/\/dicodusport.fr\/blog\/#organization\"},\"potentialAction\":[{\"@type\":\"SearchAction\",\"target\":{\"@type\":\"EntryPoint\",\"urlTemplate\":\"https:\/\/dicodusport.fr\/blog\/?s={search_term_string}\"},\"query-input\":{\"@type\":\"PropertyValueSpecification\",\"valueRequired\":true,\"valueName\":\"search_term_string\"}}],\"inLanguage\":\"fr-FR\"},{\"@type\":\"NewsMediaOrganization\",\"@id\":\"https:\/\/dicodusport.fr\/blog\/#organization\",\"name\":\"Dicodusport\",\"url\":\"https:\/\/dicodusport.fr\/blog\/\",\"logo\":{\"@type\":\"ImageObject\",\"inLanguage\":\"fr-FR\",\"@id\":\"https:\/\/dicodusport.fr\/blog\/#\/schema\/logo\/image\/\",\"url\":\"https:\/\/dicodusport.fr\/blog\/wp-content\/uploads\/2020\/06\/cropped-LOGO-DICODUSPORT-2020-SANS-FOND-SANS-TEXTE.png\",\"contentUrl\":\"https:\/\/dicodusport.fr\/blog\/wp-content\/uploads\/2020\/06\/cropped-LOGO-DICODUSPORT-2020-SANS-FOND-SANS-TEXTE.png\",\"width\":512,\"height\":512,\"caption\":\"Dicodusport\"},\"image\":{\"@id\":\"https:\/\/dicodusport.fr\/blog\/#\/schema\/logo\/image\/\"},\"sameAs\":[\"https:\/\/www.facebook.com\/dicodusport\",\"https:\/\/x.com\/dicodusport\",\"https:\/\/www.instagram.com\/dicodusport\/\",\"https:\/\/www.youtube.com\/channel\/UC7V2KZ5sd3htJivAbA4ZG3w\"],\"description\":\"Dicodusport est l'encyclop\u00e9die de l'actualit\u00e9 sportive.\",\"email\":\"bonjour@dicodusport.fr\",\"legalName\":\"DICODUSPORT\",\"foundingDate\":\"2018-01-14\",\"vatID\":\"FR71834470973\",\"taxID\":\"83447097300043\",\"numberOfEmployees\":{\"@type\":\"QuantitativeValue\",\"minValue\":\"1\",\"maxValue\":\"10\"}},{\"@type\":\"Person\",\"@id\":\"https:\/\/dicodusport.fr\/blog\/#\/schema\/person\/cb02af4c173ce4a653b55e9baf388d4a\",\"name\":\"Flo Ostermann\",\"image\":{\"@type\":\"ImageObject\",\"inLanguage\":\"fr-FR\",\"@id\":\"https:\/\/dicodusport.fr\/blog\/#\/schema\/person\/image\/\",\"url\":\"https:\/\/dicodusport.fr\/blog\/wp-content\/uploads\/2021\/05\/Flo-Ostermann-150x150.jpg\",\"contentUrl\":\"https:\/\/dicodusport.fr\/blog\/wp-content\/uploads\/2021\/05\/Flo-Ostermann-150x150.jpg\",\"caption\":\"Flo Ostermann\"},\"description\":\"Journaliste\/R\u00e9dacteur depuis septembre 2015 - Mes premiers souvenirs dans le sport ? Les envol\u00e9es du Stade Toulousain et les duels Villeneuve-Schumacher et H\u00e4kkinen-Schumacher \u00e0 la fin des ann\u00e9es 90, la Coupe du monde de football en 1998, l\u2019exploit du XV de France face aux All Blacks en 1999, mais aussi Richard C\u0153ur de Lion qui vole sur les montagnes du Tour de France. Bien parti pour devenir professeur d\u2019EPS, les \u00e9v\u00e9nements de la vie (et la flemme d\u2019animer des s\u00e9ances de 3x500 m\u00e8tres toute ma vie) m\u2019ont conduit \u00e0 revoir mes plans. Me voil\u00e0 depuis fin 2017 sur Dicodusport, m\u00e9dia gr\u00e2ce (et pour) lequel je partage ma passion : le sport dans tous ses \u00e9tats. Le tout accompagn\u00e9 par les fous furieux et folles furieuses cit\u00e9s sur cette page !\",\"sameAs\":[\"https:\/\/www.facebook.com\/florent.ostermann\",\"https:\/\/x.com\/https:\/\/twitter.com\/FlOstermann\",\"admin\"],\"url\":\"https:\/\/dicodusport.fr\/blog\/author\/flo\/\"}]}<\/script>\n<!-- \/ Yoast SEO Premium plugin. -->","yoast_head_json":{"title":"Vers une fusion entre Ark\u00e9a-Samsic et Katusha ?","description":"Cyclisme - Selon le site n\u00e9erlandais WielerFlits, le Team Katusha pourrait fusionner avec la formation bretonne Ark\u00e9a-Samsic.","robots":{"index":"index","follow":"follow","max-snippet":"max-snippet:-1","max-image-preview":"max-image-preview:large","max-video-preview":"max-video-preview:-1"},"canonical":"https:\/\/dicodusport.fr\/blog\/vers-une-fusion-entre-arkea-samsic-et-katusha\/","og_locale":"fr_FR","og_type":"article","og_title":"Vers une fusion entre Ark\u00e9a-Samsic et Katusha ?","og_description":"Cyclisme - Selon le site n\u00e9erlandais WielerFlits, le Team Katusha pourrait fusionner avec la formation bretonne Ark\u00e9a-Samsic.","og_url":"https:\/\/dicodusport.fr\/blog\/vers-une-fusion-entre-arkea-samsic-et-katusha\/","og_site_name":"Dicodusport","article_publisher":"https:\/\/www.facebook.com\/dicodusport","article_author":"https:\/\/www.facebook.com\/florent.ostermann","article_published_time":"2019-07-30T15:31:00+00:00","article_modified_time":"2019-07-30T15:51:21+00:00","og_image":[{"width":800,"height":445,"url":"https:\/\/dicodusport.fr\/blog\/wp-content\/uploads\/2019\/07\/Barguil-Favoris-15\u00e8me-\u00e9tape-Tour-de-France-2019.png","type":"image\/png"}],"author":"Flo Ostermann","twitter_card":"summary_large_image","twitter_title":"Vers une fusion entre Ark\u00e9a-Samsic et Katusha ?","twitter_creator":"@https:\/\/twitter.com\/FlOstermann","twitter_site":"@dicodusport","schema":{"@context":"https:\/\/schema.org","@graph":[{"@type":"NewsArticle","@id":"https:\/\/dicodusport.fr\/blog\/vers-une-fusion-entre-arkea-samsic-et-katusha\/#article","isPartOf":{"@id":"https:\/\/dicodusport.fr\/blog\/vers-une-fusion-entre-arkea-samsic-et-katusha\/"},"author":{"name":"Flo Ostermann","@id":"https:\/\/dicodusport.fr\/blog\/#\/schema\/person\/cb02af4c173ce4a653b55e9baf388d4a"},"headline":"Vers une fusion entre Ark\u00e9a-Samsic et Katusha ?","datePublished":"2019-07-30T15:31:00+00:00","dateModified":"2019-07-30T15:51:21+00:00","mainEntityOfPage":{"@id":"https:\/\/dicodusport.fr\/blog\/vers-une-fusion-entre-arkea-samsic-et-katusha\/"},"wordCount":193,"commentCount":0,"publisher":{"@id":"https:\/\/dicodusport.fr\/blog\/#organization"},"image":{"@id":"https:\/\/dicodusport.fr\/blog\/vers-une-fusion-entre-arkea-samsic-et-katusha\/#primaryimage"},"thumbnailUrl":"https:\/\/dicodusport.fr\/blog\/wp-content\/uploads\/2019\/07\/Barguil-Favoris-15\u00e8me-\u00e9tape-Tour-de-France-2019.png","keywords":["Arkea-Samsic","Cyclisme","transferts","World Tour"],"articleSection":["Cyclisme"],"inLanguage":"fr-FR","potentialAction":[{"@type":"CommentAction","name":"Comment","target":["https:\/\/dicodusport.fr\/blog\/vers-une-fusion-entre-arkea-samsic-et-katusha\/#respond"]}],"copyrightYear":"2019","copyrightHolder":{"@id":"https:\/\/dicodusport.fr\/blog\/#organization"}},{"@type":"WebPage","@id":"https:\/\/dicodusport.fr\/blog\/vers-une-fusion-entre-arkea-samsic-et-katusha\/","url":"https:\/\/dicodusport.fr\/blog\/vers-une-fusion-entre-arkea-samsic-et-katusha\/","name":"Vers une fusion entre Ark\u00e9a-Samsic et Katusha ?","isPartOf":{"@id":"https:\/\/dicodusport.fr\/blog\/#website"},"primaryImageOfPage":{"@id":"https:\/\/dicodusport.fr\/blog\/vers-une-fusion-entre-arkea-samsic-et-katusha\/#primaryimage"},"image":{"@id":"https:\/\/dicodusport.fr\/blog\/vers-une-fusion-entre-arkea-samsic-et-katusha\/#primaryimage"},"thumbnailUrl":"https:\/\/dicodusport.fr\/blog\/wp-content\/uploads\/2019\/07\/Barguil-Favoris-15\u00e8me-\u00e9tape-Tour-de-France-2019.png","datePublished":"2019-07-30T15:31:00+00:00","dateModified":"2019-07-30T15:51:21+00:00","description":"Cyclisme - Selon le site n\u00e9erlandais WielerFlits, le Team Katusha pourrait fusionner avec la formation bretonne Ark\u00e9a-Samsic.","breadcrumb":{"@id":"https:\/\/dicodusport.fr\/blog\/vers-une-fusion-entre-arkea-samsic-et-katusha\/#breadcrumb"},"inLanguage":"fr-FR","potentialAction":[{"@type":"ReadAction","target":["https:\/\/dicodusport.fr\/blog\/vers-une-fusion-entre-arkea-samsic-et-katusha\/"]}]},{"@type":"ImageObject","inLanguage":"fr-FR","@id":"https:\/\/dicodusport.fr\/blog\/vers-une-fusion-entre-arkea-samsic-et-katusha\/#primaryimage","url":"https:\/\/dicodusport.fr\/blog\/wp-content\/uploads\/2019\/07\/Barguil-Favoris-15\u00e8me-\u00e9tape-Tour-de-France-2019.png","contentUrl":"https:\/\/dicodusport.fr\/blog\/wp-content\/uploads\/2019\/07\/Barguil-Favoris-15\u00e8me-\u00e9tape-Tour-de-France-2019.png","width":800,"height":445},{"@type":"BreadcrumbList","@id":"https:\/\/dicodusport.fr\/blog\/vers-une-fusion-entre-arkea-samsic-et-katusha\/#breadcrumb","itemListElement":[{"@type":"ListItem","position":1,"name":"Accueil","item":"https:\/\/dicodusport.fr\/blog\/"},{"@type":"ListItem","position":2,"name":"Vers une fusion entre Ark\u00e9a-Samsic et Katusha ?"}]},{"@type":"WebSite","@id":"https:\/\/dicodusport.fr\/blog\/#website","url":"https:\/\/dicodusport.fr\/blog\/","name":"Dicodusport","description":"L&#039;encyclop\u00e9die de l&#039;actualit\u00e9 sportive","publisher":{"@id":"https:\/\/dicodusport.fr\/blog\/#organization"},"potentialAction":[{"@type":"SearchAction","target":{"@type":"EntryPoint","urlTemplate":"https:\/\/dicodusport.fr\/blog\/?s={search_term_string}"},"query-input":{"@type":"PropertyValueSpecification","valueRequired":true,"valueName":"search_term_string"}}],"inLanguage":"fr-FR"},{"@type":"NewsMediaOrganization","@id":"https:\/\/dicodusport.fr\/blog\/#organization","name":"Dicodusport","url":"https:\/\/dicodusport.fr\/blog\/","logo":{"@type":"ImageObject","inLanguage":"fr-FR","@id":"https:\/\/dicodusport.fr\/blog\/#\/schema\/logo\/image\/","url":"https:\/\/dicodusport.fr\/blog\/wp-content\/uploads\/2020\/06\/cropped-LOGO-DICODUSPORT-2020-SANS-FOND-SANS-TEXTE.png","contentUrl":"https:\/\/dicodusport.fr\/blog\/wp-content\/uploads\/2020\/06\/cropped-LOGO-DICODUSPORT-2020-SANS-FOND-SANS-TEXTE.png","width":512,"height":512,"caption":"Dicodusport"},"image":{"@id":"https:\/\/dicodusport.fr\/blog\/#\/schema\/logo\/image\/"},"sameAs":["https:\/\/www.facebook.com\/dicodusport","https:\/\/x.com\/dicodusport","https:\/\/www.instagram.com\/dicodusport\/","https:\/\/www.youtube.com\/channel\/UC7V2KZ5sd3htJivAbA4ZG3w"],"description":"Dicodusport est l'encyclop\u00e9die de l'actualit\u00e9 sportive.","email":"bonjour@dicodusport.fr","legalName":"DICODUSPORT","foundingDate":"2018-01-14","vatID":"FR71834470973","taxID":"83447097300043","numberOfEmployees":{"@type":"QuantitativeValue","minValue":"1","maxValue":"10"}},{"@type":"Person","@id":"https:\/\/dicodusport.fr\/blog\/#\/schema\/person\/cb02af4c173ce4a653b55e9baf388d4a","name":"Flo Ostermann","image":{"@type":"ImageObject","inLanguage":"fr-FR","@id":"https:\/\/dicodusport.fr\/blog\/#\/schema\/person\/image\/","url":"https:\/\/dicodusport.fr\/blog\/wp-content\/uploads\/2021\/05\/Flo-Ostermann-150x150.jpg","contentUrl":"https:\/\/dicodusport.fr\/blog\/wp-content\/uploads\/2021\/05\/Flo-Ostermann-150x150.jpg","caption":"Flo Ostermann"},"description":"Journaliste\/R\u00e9dacteur depuis septembre 2015 - Mes premiers souvenirs dans le sport ? Les envol\u00e9es du Stade Toulousain et les duels Villeneuve-Schumacher et H\u00e4kkinen-Schumacher \u00e0 la fin des ann\u00e9es 90, la Coupe du monde de football en 1998, l\u2019exploit du XV de France face aux All Blacks en 1999, mais aussi Richard C\u0153ur de Lion qui vole sur les montagnes du Tour de France. Bien parti pour devenir professeur d\u2019EPS, les \u00e9v\u00e9nements de la vie (et la flemme d\u2019animer des s\u00e9ances de 3x500 m\u00e8tres toute ma vie) m\u2019ont conduit \u00e0 revoir mes plans. Me voil\u00e0 depuis fin 2017 sur Dicodusport, m\u00e9dia gr\u00e2ce (et pour) lequel je partage ma passion : le sport dans tous ses \u00e9tats. Le tout accompagn\u00e9 par les fous furieux et folles furieuses cit\u00e9s sur cette page !","sameAs":["https:\/\/www.facebook.com\/florent.ostermann","https:\/\/x.com\/https:\/\/twitter.com\/FlOstermann","admin"],"url":"https:\/\/dicodusport.fr\/blog\/author\/flo\/"}]}},"_links":{"self":[{"href":"https:\/\/dicodusport.fr\/blog\/wp-json\/wp\/v2\/posts\/44259","targetHints":{"allow":["GET"]}}],"collection":[{"href":"https:\/\/dicodusport.fr\/blog\/wp-json\/wp\/v2\/posts"}],"about":[{"href":"https:\/\/dicodusport.fr\/blog\/wp-json\/wp\/v2\/types\/post"}],"author":[{"embeddable":true,"href":"https:\/\/dicodusport.fr\/blog\/wp-json\/wp\/v2\/users\/4"}],"replies":[{"embeddable":true,"href":"https:\/\/dicodusport.fr\/blog\/wp-json\/wp\/v2\/comments?post=44259"}],"version-history":[{"count":0,"href":"https:\/\/dicodusport.fr\/blog\/wp-json\/wp\/v2\/posts\/44259\/revisions"}],"wp:featuredmedia":[{"embeddable":true,"href":"https:\/\/dicodusport.fr\/blog\/wp-json\/wp\/v2\/media\/43513"}],"wp:attachment":[{"href":"https:\/\/dicodusport.fr\/blog\/wp-json\/wp\/v2\/media?parent=44259"}],"wp:term":[{"taxonomy":"category","embeddable":true,"href":"https:\/\/dicodusport.fr\/blog\/wp-json\/wp\/v2\/categories?post=44259"},{"taxonomy":"post_tag","embeddable":true,"href":"https:\/\/dicodusport.fr\/blog\/wp-json\/wp\/v2\/tags?post=44259"}],"curies":[{"name":"wp","href":"https:\/\/api.w.org\/{rel}","templated":true}]}}