{"id":442827,"date":"2023-12-06T07:45:44","date_gmt":"2023-12-06T06:45:44","guid":{"rendered":"https:\/\/dicodusport.fr\/blog\/?p=442827&#038;preview=true&#038;preview_id=442827"},"modified":"2023-12-07T11:24:11","modified_gmt":"2023-12-07T10:24:11","slug":"transferts-entre-bayonne-et-lubb-matis-perchaud-a-tranche","status":"publish","type":"post","link":"https:\/\/dicodusport.fr\/blog\/transferts-entre-bayonne-et-lubb-matis-perchaud-a-tranche\/","title":{"rendered":"Transferts : Entre Bayonne et l&rsquo;UBB, Matis Perchaud a tranch\u00e9"},"content":{"rendered":"<p style=\"text-align: justify;\"><strong><em>TOP 14 2023-2024 &#8211; Selon le Midi Olympique, Matis Perchaud a d\u00e9cid\u00e9 de rejoindre l&rsquo;Union Bordeaux-B\u00e8gles l&rsquo;\u00e9t\u00e9 prochain.\u00a0<\/em><\/strong><\/p>\n<ul>\n<li style=\"text-align: justify;\"><strong>\u00c0 ce sujet &#8211; <a href=\"https:\/\/dicodusport.fr\/blog\/aviron-bayonnais-le-prix-du-transfert-de-matis-perchaud-a-lubb-devoile\/\">Aviron Bayonnais : Le prix du transfert de Matis Perchaud \u00e0 l\u2019UBB d\u00e9voil\u00e9<\/a>\u00a0<\/strong><\/li>\n<\/ul>\n<p style=\"text-align: justify;\">Alors que le d\u00e9but de saison est un peu en de\u00e7\u00e0 des attentes, l&rsquo;<strong>Aviron Bayonnais<\/strong> doit g\u00e9rer plusieurs dossiers chauds pour l&rsquo;avenir de ses joueurs. <a href=\"https:\/\/dicodusport.fr\/blog\/transferts-yan-lestrade-devrait-rapidement-quitter-laviron-bayonnais\/\"><strong>Yan<\/strong> <strong>Lestrade<\/strong> pourrait quitter le club avec effet imm\u00e9diat<\/a>. De son c\u00f4t\u00e9, <strong>Pierre<\/strong> <strong>Huguet<\/strong> est courtis\u00e9 par le Stade Fran\u00e7ais pour la saison prochaine, alors que la bonne nouvelle vient de la prolongation d&rsquo;<strong>Uzair<\/strong> <strong>Cassiem<\/strong>.<\/p>\n<ul style=\"text-align: justify;\">\n<li style=\"text-align: justify;\"><strong>\u00c0 ce sujet &#8211; <a href=\"https:\/\/dicodusport.fr\/blog\/transferts-pierre-huguet-pourrait-quitter-bayonne-pour-un-autre-club-de-top-14\/\" target=\"_blank\" rel=\"noopener\">Transferts : Pierre Huguet pourrait quitter Bayonne pour un autre club de Top 14<\/a><\/strong><\/li>\n<\/ul>\n<h2 style=\"text-align: justify;\">Matis Perchaud a choisi l&rsquo;UBB<\/h2>\n<p style=\"text-align: justify;\">Mais le tr\u00e8s gros dossier au Pays Basque concernait <strong>Matis<\/strong> <strong>Perchaud<\/strong>. Le joueur de 21 ans \u00e9tait convoit\u00e9 par l&rsquo;<strong>Union Bordeaux-B\u00e8gles<\/strong>, malgr\u00e9 un contrat jusqu&rsquo;en 2026 avec l&rsquo;<strong>Aviron<\/strong> <strong>Bayonnais<\/strong>. Le club girondin avait re\u00e7u le joueur et lui avait demand\u00e9 une r\u00e9ponse finale avant le mercredi 6 d\u00e9cembre. Le pilier gauche a finalement dit oui \u00e0 l&rsquo;<strong>UBB<\/strong>.<\/p>\n<p style=\"text-align: justify;\">L&rsquo;ex-international U20 va s&rsquo;engager pour trois ans \u00e0 compter de l&rsquo;\u00e9t\u00e9 2024. Il sera donc li\u00e9 \u00e0 l&rsquo;<strong>Union Bordeaux-B\u00e8gles<\/strong> jusqu&rsquo;en juin 2027 et va retrouver l&rsquo;entra\u00eeneur qui l&rsquo;a lanc\u00e9 chez les professionnels, <strong>Yannick<\/strong> <strong>Bru<\/strong>. L&rsquo;<strong>UBB<\/strong> va devoir racheter les deux ann\u00e9es de contrat restantes \u00e0 <strong>Bayonne<\/strong> et selon nos confr\u00e8res de <em>Sud-Ouest<\/em>, la transaction devrait \u00eatre de l&rsquo;ordre d&rsquo;un demi-million d&rsquo;euros.<\/p>\n<blockquote class=\"twitter-tweet\">\n<p dir=\"ltr\" lang=\"fr\">Info Midol &#8211; Le pilier gauche de l\u2019Aviron bayonnais Matis Perchaud a tranch\u00e9. Son avenir s\u2019\u00e9crira \u00e0 l&rsquo;UBB, \u00e0 partir de l\u2019\u00e9t\u00e9 prochain \ud83d\udc47<a href=\"https:\/\/t.co\/Qk4N9pFHmJ\">https:\/\/t.co\/Qk4N9pFHmJ<\/a><\/p>\n<p>\u2014 RUGBYRAMA (@RugbyramaFR) <a href=\"https:\/\/twitter.com\/RugbyramaFR\/status\/1732115829418831914?ref_src=twsrc%5Etfw\">December 5, 2023<\/a><\/p><\/blockquote>\n<p style=\"text-align: justify;\"><script async src=\"https:\/\/platform.twitter.com\/widgets.js\" charset=\"utf-8\"><\/script><\/p>\n","protected":false},"excerpt":{"rendered":"<p>TOP 14 2023-2024 &#8211; Selon le Midi Olympique, Matis Perchaud a d\u00e9cid\u00e9 de rejoindre l&rsquo;Union Bordeaux-B\u00e8gles l&rsquo;\u00e9t\u00e9 prochain.\u00a0<\/p>\n","protected":false},"author":1,"featured_media":442828,"comment_status":"open","ping_status":"closed","sticky":false,"template":"","format":"standard","meta":{"_acf_changed":false,"_daextam_enable_autolinks":"1","footnotes":""},"categories":[9129,47050],"tags":[8158,16878],"class_list":["post-442827","post","type-post","status-publish","format-standard","has-post-thumbnail","hentry","category-rugby-a-xv","category-top-14","tag-aviron-bayonnais","tag-breve"],"acf":[],"yoast_head":"<!-- This site is optimized with the Yoast SEO Premium plugin v26.7 (Yoast SEO v26.7) - https:\/\/yoast.com\/wordpress\/plugins\/seo\/ -->\n<title>Transferts : Entre Bayonne et l&#039;UBB, Matis Perchaud a tranch\u00e9<\/title>\n<meta name=\"description\" content=\"TOP 14 2023-2024 - Selon le Midi Olympique, Matis Perchaud a d\u00e9cid\u00e9 de rejoindre l&#039;Union Bordeaux-B\u00e8gles l&#039;\u00e9t\u00e9 prochain.\u00a0\" \/>\n<meta name=\"robots\" content=\"index, follow, max-snippet:-1, max-image-preview:large, max-video-preview:-1\" \/>\n<link rel=\"canonical\" href=\"https:\/\/dicodusport.fr\/blog\/transferts-entre-bayonne-et-lubb-matis-perchaud-a-tranche\/\" \/>\n<meta property=\"og:locale\" content=\"fr_FR\" \/>\n<meta property=\"og:type\" content=\"article\" \/>\n<meta property=\"og:title\" content=\"Transferts : Entre Bayonne et l&#039;UBB, Matis Perchaud a tranch\u00e9\" \/>\n<meta property=\"og:description\" content=\"TOP 14 2023-2024 - Selon le Midi Olympique, Matis Perchaud a d\u00e9cid\u00e9 de rejoindre l&#039;Union Bordeaux-B\u00e8gles l&#039;\u00e9t\u00e9 prochain.\u00a0\" \/>\n<meta property=\"og:url\" content=\"https:\/\/dicodusport.fr\/blog\/transferts-entre-bayonne-et-lubb-matis-perchaud-a-tranche\/\" \/>\n<meta property=\"og:site_name\" content=\"Dicodusport\" \/>\n<meta property=\"article:publisher\" content=\"https:\/\/www.facebook.com\/dicodusport\" \/>\n<meta property=\"article:author\" content=\"https:\/\/www.facebook.com\/dicodusport\" \/>\n<meta property=\"article:published_time\" content=\"2023-12-06T06:45:44+00:00\" \/>\n<meta property=\"article:modified_time\" content=\"2023-12-07T10:24:11+00:00\" \/>\n<meta property=\"og:image\" content=\"https:\/\/dicodusport.fr\/blog\/wp-content\/uploads\/2023\/12\/Transferts-Entre-Bayonne-et-lUBB-Matis-Perchaud-a-tranche.png\" \/>\n\t<meta property=\"og:image:width\" content=\"1200\" \/>\n\t<meta property=\"og:image:height\" content=\"674\" \/>\n\t<meta property=\"og:image:type\" content=\"image\/png\" \/>\n<meta name=\"author\" content=\"Nicolas Jacquemard\" \/>\n<meta name=\"twitter:card\" content=\"summary_large_image\" \/>\n<meta name=\"twitter:title\" content=\"Transferts : Entre Bayonne et l&#039;UBB, Matis Perchaud a tranch\u00e9\" \/>\n<meta name=\"twitter:creator\" content=\"@https:\/\/twitter.com\/Nico_Jacquemard\" \/>\n<meta name=\"twitter:site\" content=\"@dicodusport\" \/>\n<script type=\"application\/ld+json\" class=\"yoast-schema-graph\">{\"@context\":\"https:\/\/schema.org\",\"@graph\":[{\"@type\":\"NewsArticle\",\"@id\":\"https:\/\/dicodusport.fr\/blog\/transferts-entre-bayonne-et-lubb-matis-perchaud-a-tranche\/#article\",\"isPartOf\":{\"@id\":\"https:\/\/dicodusport.fr\/blog\/transferts-entre-bayonne-et-lubb-matis-perchaud-a-tranche\/\"},\"author\":{\"name\":\"Nicolas Jacquemard\",\"@id\":\"https:\/\/dicodusport.fr\/blog\/#\/schema\/person\/55dcb50ad410894e431ed812bbb70191\"},\"headline\":\"Transferts : Entre Bayonne et l&rsquo;UBB, Matis Perchaud a tranch\u00e9\",\"datePublished\":\"2023-12-06T06:45:44+00:00\",\"dateModified\":\"2023-12-07T10:24:11+00:00\",\"mainEntityOfPage\":{\"@id\":\"https:\/\/dicodusport.fr\/blog\/transferts-entre-bayonne-et-lubb-matis-perchaud-a-tranche\/\"},\"wordCount\":303,\"commentCount\":0,\"publisher\":{\"@id\":\"https:\/\/dicodusport.fr\/blog\/#organization\"},\"image\":{\"@id\":\"https:\/\/dicodusport.fr\/blog\/transferts-entre-bayonne-et-lubb-matis-perchaud-a-tranche\/#primaryimage\"},\"thumbnailUrl\":\"https:\/\/dicodusport.fr\/blog\/wp-content\/uploads\/2023\/12\/Transferts-Entre-Bayonne-et-lUBB-Matis-Perchaud-a-tranche.png\",\"keywords\":[\"Aviron Bayonnais\",\"br\u00e8ve\"],\"articleSection\":[\"Rugby \u00e0 XV\",\"Top 14\"],\"inLanguage\":\"fr-FR\",\"potentialAction\":[{\"@type\":\"CommentAction\",\"name\":\"Comment\",\"target\":[\"https:\/\/dicodusport.fr\/blog\/transferts-entre-bayonne-et-lubb-matis-perchaud-a-tranche\/#respond\"]}],\"copyrightYear\":\"2023\",\"copyrightHolder\":{\"@id\":\"https:\/\/dicodusport.fr\/blog\/#organization\"}},{\"@type\":\"WebPage\",\"@id\":\"https:\/\/dicodusport.fr\/blog\/transferts-entre-bayonne-et-lubb-matis-perchaud-a-tranche\/\",\"url\":\"https:\/\/dicodusport.fr\/blog\/transferts-entre-bayonne-et-lubb-matis-perchaud-a-tranche\/\",\"name\":\"Transferts : Entre Bayonne et l'UBB, Matis Perchaud a tranch\u00e9\",\"isPartOf\":{\"@id\":\"https:\/\/dicodusport.fr\/blog\/#website\"},\"primaryImageOfPage\":{\"@id\":\"https:\/\/dicodusport.fr\/blog\/transferts-entre-bayonne-et-lubb-matis-perchaud-a-tranche\/#primaryimage\"},\"image\":{\"@id\":\"https:\/\/dicodusport.fr\/blog\/transferts-entre-bayonne-et-lubb-matis-perchaud-a-tranche\/#primaryimage\"},\"thumbnailUrl\":\"https:\/\/dicodusport.fr\/blog\/wp-content\/uploads\/2023\/12\/Transferts-Entre-Bayonne-et-lUBB-Matis-Perchaud-a-tranche.png\",\"datePublished\":\"2023-12-06T06:45:44+00:00\",\"dateModified\":\"2023-12-07T10:24:11+00:00\",\"description\":\"TOP 14 2023-2024 - Selon le Midi Olympique, Matis Perchaud a d\u00e9cid\u00e9 de rejoindre l'Union Bordeaux-B\u00e8gles l'\u00e9t\u00e9 prochain.\u00a0\",\"breadcrumb\":{\"@id\":\"https:\/\/dicodusport.fr\/blog\/transferts-entre-bayonne-et-lubb-matis-perchaud-a-tranche\/#breadcrumb\"},\"inLanguage\":\"fr-FR\",\"potentialAction\":[{\"@type\":\"ReadAction\",\"target\":[\"https:\/\/dicodusport.fr\/blog\/transferts-entre-bayonne-et-lubb-matis-perchaud-a-tranche\/\"]}]},{\"@type\":\"ImageObject\",\"inLanguage\":\"fr-FR\",\"@id\":\"https:\/\/dicodusport.fr\/blog\/transferts-entre-bayonne-et-lubb-matis-perchaud-a-tranche\/#primaryimage\",\"url\":\"https:\/\/dicodusport.fr\/blog\/wp-content\/uploads\/2023\/12\/Transferts-Entre-Bayonne-et-lUBB-Matis-Perchaud-a-tranche.png\",\"contentUrl\":\"https:\/\/dicodusport.fr\/blog\/wp-content\/uploads\/2023\/12\/Transferts-Entre-Bayonne-et-lUBB-Matis-Perchaud-a-tranche.png\",\"width\":1200,\"height\":674,\"caption\":\"Transferts Entre Bayonne et l'UBB, Matis Perchaud a tranche\u0301\"},{\"@type\":\"BreadcrumbList\",\"@id\":\"https:\/\/dicodusport.fr\/blog\/transferts-entre-bayonne-et-lubb-matis-perchaud-a-tranche\/#breadcrumb\",\"itemListElement\":[{\"@type\":\"ListItem\",\"position\":1,\"name\":\"Accueil\",\"item\":\"https:\/\/dicodusport.fr\/blog\/\"},{\"@type\":\"ListItem\",\"position\":2,\"name\":\"Transferts : Entre Bayonne et l&rsquo;UBB, Matis Perchaud a tranch\u00e9\"}]},{\"@type\":\"WebSite\",\"@id\":\"https:\/\/dicodusport.fr\/blog\/#website\",\"url\":\"https:\/\/dicodusport.fr\/blog\/\",\"name\":\"Dicodusport\",\"description\":\"L&#039;encyclop\u00e9die de l&#039;actualit\u00e9 sportive\",\"publisher\":{\"@id\":\"https:\/\/dicodusport.fr\/blog\/#organization\"},\"potentialAction\":[{\"@type\":\"SearchAction\",\"target\":{\"@type\":\"EntryPoint\",\"urlTemplate\":\"https:\/\/dicodusport.fr\/blog\/?s={search_term_string}\"},\"query-input\":{\"@type\":\"PropertyValueSpecification\",\"valueRequired\":true,\"valueName\":\"search_term_string\"}}],\"inLanguage\":\"fr-FR\"},{\"@type\":\"NewsMediaOrganization\",\"@id\":\"https:\/\/dicodusport.fr\/blog\/#organization\",\"name\":\"Dicodusport\",\"url\":\"https:\/\/dicodusport.fr\/blog\/\",\"logo\":{\"@type\":\"ImageObject\",\"inLanguage\":\"fr-FR\",\"@id\":\"https:\/\/dicodusport.fr\/blog\/#\/schema\/logo\/image\/\",\"url\":\"https:\/\/dicodusport.fr\/blog\/wp-content\/uploads\/2020\/06\/cropped-LOGO-DICODUSPORT-2020-SANS-FOND-SANS-TEXTE.png\",\"contentUrl\":\"https:\/\/dicodusport.fr\/blog\/wp-content\/uploads\/2020\/06\/cropped-LOGO-DICODUSPORT-2020-SANS-FOND-SANS-TEXTE.png\",\"width\":512,\"height\":512,\"caption\":\"Dicodusport\"},\"image\":{\"@id\":\"https:\/\/dicodusport.fr\/blog\/#\/schema\/logo\/image\/\"},\"sameAs\":[\"https:\/\/www.facebook.com\/dicodusport\",\"https:\/\/x.com\/dicodusport\",\"https:\/\/www.instagram.com\/dicodusport\/\",\"https:\/\/www.youtube.com\/channel\/UC7V2KZ5sd3htJivAbA4ZG3w\"],\"description\":\"Dicodusport est l'encyclop\u00e9die de l'actualit\u00e9 sportive.\",\"email\":\"bonjour@dicodusport.fr\",\"legalName\":\"DICODUSPORT\",\"foundingDate\":\"2018-01-14\",\"vatID\":\"FR71834470973\",\"taxID\":\"83447097300043\",\"numberOfEmployees\":{\"@type\":\"QuantitativeValue\",\"minValue\":\"1\",\"maxValue\":\"10\"}},{\"@type\":\"Person\",\"@id\":\"https:\/\/dicodusport.fr\/blog\/#\/schema\/person\/55dcb50ad410894e431ed812bbb70191\",\"name\":\"Nicolas Jacquemard\",\"image\":{\"@type\":\"ImageObject\",\"inLanguage\":\"fr-FR\",\"@id\":\"https:\/\/dicodusport.fr\/blog\/#\/schema\/person\/image\/\",\"url\":\"https:\/\/dicodusport.fr\/blog\/wp-content\/uploads\/2021\/05\/Nicolas-Jacquemard-150x150.jpeg\",\"contentUrl\":\"https:\/\/dicodusport.fr\/blog\/wp-content\/uploads\/2021\/05\/Nicolas-Jacquemard-150x150.jpeg\",\"caption\":\"Nicolas Jacquemard\"},\"description\":\"Passionn\u00e9 de sport et entrepreneur depuis mes 18 ans, la cr\u00e9ation de Dicodusport m'a sembl\u00e9 \u00e9vidente pour participer \u00e0 la m\u00e9diatisation d'un plus grand nombre de sports. Le chemin est long mais avec une \u00e9quipe des plus motiv\u00e9es et les Jeux Olympiques de Paris 2024 en point de mire, nous y arriverons ! Journaliste dans le monde du sport depuis plus de 5 ans, je traite aussi bien de football, de rugby, de biathlon que de cyclisme.\",\"sameAs\":[\"https:\/\/www.facebook.com\/dicodusport\",\"https:\/\/x.com\/https:\/\/twitter.com\/Nico_Jacquemard\"],\"url\":\"https:\/\/dicodusport.fr\/blog\/author\/dicodusport\/\"}]}<\/script>\n<!-- \/ Yoast SEO Premium plugin. -->","yoast_head_json":{"title":"Transferts : Entre Bayonne et l'UBB, Matis Perchaud a tranch\u00e9","description":"TOP 14 2023-2024 - Selon le Midi Olympique, Matis Perchaud a d\u00e9cid\u00e9 de rejoindre l'Union Bordeaux-B\u00e8gles l'\u00e9t\u00e9 prochain.\u00a0","robots":{"index":"index","follow":"follow","max-snippet":"max-snippet:-1","max-image-preview":"max-image-preview:large","max-video-preview":"max-video-preview:-1"},"canonical":"https:\/\/dicodusport.fr\/blog\/transferts-entre-bayonne-et-lubb-matis-perchaud-a-tranche\/","og_locale":"fr_FR","og_type":"article","og_title":"Transferts : Entre Bayonne et l'UBB, Matis Perchaud a tranch\u00e9","og_description":"TOP 14 2023-2024 - Selon le Midi Olympique, Matis Perchaud a d\u00e9cid\u00e9 de rejoindre l'Union Bordeaux-B\u00e8gles l'\u00e9t\u00e9 prochain.\u00a0","og_url":"https:\/\/dicodusport.fr\/blog\/transferts-entre-bayonne-et-lubb-matis-perchaud-a-tranche\/","og_site_name":"Dicodusport","article_publisher":"https:\/\/www.facebook.com\/dicodusport","article_author":"https:\/\/www.facebook.com\/dicodusport","article_published_time":"2023-12-06T06:45:44+00:00","article_modified_time":"2023-12-07T10:24:11+00:00","og_image":[{"width":1200,"height":674,"url":"https:\/\/dicodusport.fr\/blog\/wp-content\/uploads\/2023\/12\/Transferts-Entre-Bayonne-et-lUBB-Matis-Perchaud-a-tranche.png","type":"image\/png"}],"author":"Nicolas Jacquemard","twitter_card":"summary_large_image","twitter_title":"Transferts : Entre Bayonne et l'UBB, Matis Perchaud a tranch\u00e9","twitter_creator":"@https:\/\/twitter.com\/Nico_Jacquemard","twitter_site":"@dicodusport","schema":{"@context":"https:\/\/schema.org","@graph":[{"@type":"NewsArticle","@id":"https:\/\/dicodusport.fr\/blog\/transferts-entre-bayonne-et-lubb-matis-perchaud-a-tranche\/#article","isPartOf":{"@id":"https:\/\/dicodusport.fr\/blog\/transferts-entre-bayonne-et-lubb-matis-perchaud-a-tranche\/"},"author":{"name":"Nicolas Jacquemard","@id":"https:\/\/dicodusport.fr\/blog\/#\/schema\/person\/55dcb50ad410894e431ed812bbb70191"},"headline":"Transferts : Entre Bayonne et l&rsquo;UBB, Matis Perchaud a tranch\u00e9","datePublished":"2023-12-06T06:45:44+00:00","dateModified":"2023-12-07T10:24:11+00:00","mainEntityOfPage":{"@id":"https:\/\/dicodusport.fr\/blog\/transferts-entre-bayonne-et-lubb-matis-perchaud-a-tranche\/"},"wordCount":303,"commentCount":0,"publisher":{"@id":"https:\/\/dicodusport.fr\/blog\/#organization"},"image":{"@id":"https:\/\/dicodusport.fr\/blog\/transferts-entre-bayonne-et-lubb-matis-perchaud-a-tranche\/#primaryimage"},"thumbnailUrl":"https:\/\/dicodusport.fr\/blog\/wp-content\/uploads\/2023\/12\/Transferts-Entre-Bayonne-et-lUBB-Matis-Perchaud-a-tranche.png","keywords":["Aviron Bayonnais","br\u00e8ve"],"articleSection":["Rugby \u00e0 XV","Top 14"],"inLanguage":"fr-FR","potentialAction":[{"@type":"CommentAction","name":"Comment","target":["https:\/\/dicodusport.fr\/blog\/transferts-entre-bayonne-et-lubb-matis-perchaud-a-tranche\/#respond"]}],"copyrightYear":"2023","copyrightHolder":{"@id":"https:\/\/dicodusport.fr\/blog\/#organization"}},{"@type":"WebPage","@id":"https:\/\/dicodusport.fr\/blog\/transferts-entre-bayonne-et-lubb-matis-perchaud-a-tranche\/","url":"https:\/\/dicodusport.fr\/blog\/transferts-entre-bayonne-et-lubb-matis-perchaud-a-tranche\/","name":"Transferts : Entre Bayonne et l'UBB, Matis Perchaud a tranch\u00e9","isPartOf":{"@id":"https:\/\/dicodusport.fr\/blog\/#website"},"primaryImageOfPage":{"@id":"https:\/\/dicodusport.fr\/blog\/transferts-entre-bayonne-et-lubb-matis-perchaud-a-tranche\/#primaryimage"},"image":{"@id":"https:\/\/dicodusport.fr\/blog\/transferts-entre-bayonne-et-lubb-matis-perchaud-a-tranche\/#primaryimage"},"thumbnailUrl":"https:\/\/dicodusport.fr\/blog\/wp-content\/uploads\/2023\/12\/Transferts-Entre-Bayonne-et-lUBB-Matis-Perchaud-a-tranche.png","datePublished":"2023-12-06T06:45:44+00:00","dateModified":"2023-12-07T10:24:11+00:00","description":"TOP 14 2023-2024 - Selon le Midi Olympique, Matis Perchaud a d\u00e9cid\u00e9 de rejoindre l'Union Bordeaux-B\u00e8gles l'\u00e9t\u00e9 prochain.\u00a0","breadcrumb":{"@id":"https:\/\/dicodusport.fr\/blog\/transferts-entre-bayonne-et-lubb-matis-perchaud-a-tranche\/#breadcrumb"},"inLanguage":"fr-FR","potentialAction":[{"@type":"ReadAction","target":["https:\/\/dicodusport.fr\/blog\/transferts-entre-bayonne-et-lubb-matis-perchaud-a-tranche\/"]}]},{"@type":"ImageObject","inLanguage":"fr-FR","@id":"https:\/\/dicodusport.fr\/blog\/transferts-entre-bayonne-et-lubb-matis-perchaud-a-tranche\/#primaryimage","url":"https:\/\/dicodusport.fr\/blog\/wp-content\/uploads\/2023\/12\/Transferts-Entre-Bayonne-et-lUBB-Matis-Perchaud-a-tranche.png","contentUrl":"https:\/\/dicodusport.fr\/blog\/wp-content\/uploads\/2023\/12\/Transferts-Entre-Bayonne-et-lUBB-Matis-Perchaud-a-tranche.png","width":1200,"height":674,"caption":"Transferts Entre Bayonne et l'UBB, Matis Perchaud a tranche\u0301"},{"@type":"BreadcrumbList","@id":"https:\/\/dicodusport.fr\/blog\/transferts-entre-bayonne-et-lubb-matis-perchaud-a-tranche\/#breadcrumb","itemListElement":[{"@type":"ListItem","position":1,"name":"Accueil","item":"https:\/\/dicodusport.fr\/blog\/"},{"@type":"ListItem","position":2,"name":"Transferts : Entre Bayonne et l&rsquo;UBB, Matis Perchaud a tranch\u00e9"}]},{"@type":"WebSite","@id":"https:\/\/dicodusport.fr\/blog\/#website","url":"https:\/\/dicodusport.fr\/blog\/","name":"Dicodusport","description":"L&#039;encyclop\u00e9die de l&#039;actualit\u00e9 sportive","publisher":{"@id":"https:\/\/dicodusport.fr\/blog\/#organization"},"potentialAction":[{"@type":"SearchAction","target":{"@type":"EntryPoint","urlTemplate":"https:\/\/dicodusport.fr\/blog\/?s={search_term_string}"},"query-input":{"@type":"PropertyValueSpecification","valueRequired":true,"valueName":"search_term_string"}}],"inLanguage":"fr-FR"},{"@type":"NewsMediaOrganization","@id":"https:\/\/dicodusport.fr\/blog\/#organization","name":"Dicodusport","url":"https:\/\/dicodusport.fr\/blog\/","logo":{"@type":"ImageObject","inLanguage":"fr-FR","@id":"https:\/\/dicodusport.fr\/blog\/#\/schema\/logo\/image\/","url":"https:\/\/dicodusport.fr\/blog\/wp-content\/uploads\/2020\/06\/cropped-LOGO-DICODUSPORT-2020-SANS-FOND-SANS-TEXTE.png","contentUrl":"https:\/\/dicodusport.fr\/blog\/wp-content\/uploads\/2020\/06\/cropped-LOGO-DICODUSPORT-2020-SANS-FOND-SANS-TEXTE.png","width":512,"height":512,"caption":"Dicodusport"},"image":{"@id":"https:\/\/dicodusport.fr\/blog\/#\/schema\/logo\/image\/"},"sameAs":["https:\/\/www.facebook.com\/dicodusport","https:\/\/x.com\/dicodusport","https:\/\/www.instagram.com\/dicodusport\/","https:\/\/www.youtube.com\/channel\/UC7V2KZ5sd3htJivAbA4ZG3w"],"description":"Dicodusport est l'encyclop\u00e9die de l'actualit\u00e9 sportive.","email":"bonjour@dicodusport.fr","legalName":"DICODUSPORT","foundingDate":"2018-01-14","vatID":"FR71834470973","taxID":"83447097300043","numberOfEmployees":{"@type":"QuantitativeValue","minValue":"1","maxValue":"10"}},{"@type":"Person","@id":"https:\/\/dicodusport.fr\/blog\/#\/schema\/person\/55dcb50ad410894e431ed812bbb70191","name":"Nicolas Jacquemard","image":{"@type":"ImageObject","inLanguage":"fr-FR","@id":"https:\/\/dicodusport.fr\/blog\/#\/schema\/person\/image\/","url":"https:\/\/dicodusport.fr\/blog\/wp-content\/uploads\/2021\/05\/Nicolas-Jacquemard-150x150.jpeg","contentUrl":"https:\/\/dicodusport.fr\/blog\/wp-content\/uploads\/2021\/05\/Nicolas-Jacquemard-150x150.jpeg","caption":"Nicolas Jacquemard"},"description":"Passionn\u00e9 de sport et entrepreneur depuis mes 18 ans, la cr\u00e9ation de Dicodusport m'a sembl\u00e9 \u00e9vidente pour participer \u00e0 la m\u00e9diatisation d'un plus grand nombre de sports. Le chemin est long mais avec une \u00e9quipe des plus motiv\u00e9es et les Jeux Olympiques de Paris 2024 en point de mire, nous y arriverons ! Journaliste dans le monde du sport depuis plus de 5 ans, je traite aussi bien de football, de rugby, de biathlon que de cyclisme.","sameAs":["https:\/\/www.facebook.com\/dicodusport","https:\/\/x.com\/https:\/\/twitter.com\/Nico_Jacquemard"],"url":"https:\/\/dicodusport.fr\/blog\/author\/dicodusport\/"}]}},"_links":{"self":[{"href":"https:\/\/dicodusport.fr\/blog\/wp-json\/wp\/v2\/posts\/442827","targetHints":{"allow":["GET"]}}],"collection":[{"href":"https:\/\/dicodusport.fr\/blog\/wp-json\/wp\/v2\/posts"}],"about":[{"href":"https:\/\/dicodusport.fr\/blog\/wp-json\/wp\/v2\/types\/post"}],"author":[{"embeddable":true,"href":"https:\/\/dicodusport.fr\/blog\/wp-json\/wp\/v2\/users\/1"}],"replies":[{"embeddable":true,"href":"https:\/\/dicodusport.fr\/blog\/wp-json\/wp\/v2\/comments?post=442827"}],"version-history":[{"count":4,"href":"https:\/\/dicodusport.fr\/blog\/wp-json\/wp\/v2\/posts\/442827\/revisions"}],"predecessor-version":[{"id":443125,"href":"https:\/\/dicodusport.fr\/blog\/wp-json\/wp\/v2\/posts\/442827\/revisions\/443125"}],"wp:featuredmedia":[{"embeddable":true,"href":"https:\/\/dicodusport.fr\/blog\/wp-json\/wp\/v2\/media\/442828"}],"wp:attachment":[{"href":"https:\/\/dicodusport.fr\/blog\/wp-json\/wp\/v2\/media?parent=442827"}],"wp:term":[{"taxonomy":"category","embeddable":true,"href":"https:\/\/dicodusport.fr\/blog\/wp-json\/wp\/v2\/categories?post=442827"},{"taxonomy":"post_tag","embeddable":true,"href":"https:\/\/dicodusport.fr\/blog\/wp-json\/wp\/v2\/tags?post=442827"}],"curies":[{"name":"wp","href":"https:\/\/api.w.org\/{rel}","templated":true}]}}