{"id":442869,"date":"2023-12-06T08:18:07","date_gmt":"2023-12-06T07:18:07","guid":{"rendered":"https:\/\/dicodusport.fr\/blog\/?p=442869&#038;preview=true&#038;preview_id=442869"},"modified":"2023-12-06T09:10:17","modified_gmt":"2023-12-06T08:10:17","slug":"tennis-de-table-les-bleus-chutent-contre-la-coree-du-sud-lors-de-la-coupe-du-monde-par-equipes-mixtes","status":"publish","type":"post","link":"https:\/\/dicodusport.fr\/blog\/tennis-de-table-les-bleus-chutent-contre-la-coree-du-sud-lors-de-la-coupe-du-monde-par-equipes-mixtes\/","title":{"rendered":"Tennis de table : Les Bleus chutent contre la Cor\u00e9e du Sud lors de la Coupe du monde par \u00e9quipes mixtes"},"content":{"rendered":"<p style=\"text-align: justify;\"><strong><em>COUPE DU MONDE PAR \u00c9QUIPES MIXTES DE TENNIS DE TABLE 2023 &#8211; Pour son premier match dans la poule finale, la France n&rsquo;a pas r\u00e9ussi \u00e0 prendre le meilleur sur la Cor\u00e9e du Sud.<\/em><\/strong><\/p>\n<p style=\"text-align: justify;\"><a href=\"https:\/\/dicodusport.fr\/blog\/tennis-de-table-les-bleus-franchissent-le-1er-tour-de-la-coupe-du-monde-par-equipes-mixtes\/\">La premi\u00e8re phase<\/a> de la Coupe du monde par \u00e9quipes mixtes avait \u00e9t\u00e9 rondement men\u00e9e par l&rsquo;\u00e9quipe de France. Trois victoires pour une d\u00e9faite, et une qualification logique et attendue pour la poule finale. L&rsquo;ennui, c&rsquo;est que ce revers contre le Japon, lui aussi qualifi\u00e9, \u00e9tait conserv\u00e9 dans le classement, rendant une victoire contre la Cor\u00e9e du Sud ce matin quasi obligatoire.<\/p>\n<h2 style=\"text-align: justify;\">Dommage pour les Bleus<\/h2>\n<p style=\"text-align: justify;\">Un message parfaitement entendu par <strong>F\u00e9lix Lebrun<\/strong> et <strong>Prithika Pavade<\/strong>. Align\u00e9s par surprise lors du double mixte inaugural, ils avaient fort \u00e0 faire face \u00e0 la paire<strong> Jong-hoon Lim \/ Yu-bin Shin<\/strong>, n\u00b04 mondiale de la discipline. Et pourtant, les Bleus vont rafler les trois sets de cette confrontation (<strong>11-6, 14-12, 11-6<\/strong>), <strong>3-0<\/strong> France, un d\u00e9part de r\u00eave.<\/p>\n<blockquote class=\"twitter-tweet\">\n<p dir=\"ltr\" lang=\"fr\">\ud835\udc02\ud835\udc28\ud835\udc2e\ud835\udc29\ud835\udc1e \ud835\udc1d\ud835\udc2e \ud835\udc0c\ud835\udc28\ud835\udc27\ud835\udc1d\ud835\udc1e \ud835\udc26\ud835\udc22\ud835\udc31\ud835\udc2d\ud835\udc1e \ud83c\udfc6<\/p>\n<p>Prithika et F\u00e9lix cr\u00e9ent la sensation en dominant la paire cor\u00e9enne Shin\/Lim, n\u00b04 mondiale, sur le score de 3-0. Allez ! \ud83d\ude0d<\/p>\n<p>\ud83d\udcfa ITTF<a href=\"https:\/\/twitter.com\/hashtag\/TeamFrance?src=hash&amp;ref_src=twsrc%5Etfw\">#TeamFrance<\/a> \ud83c\uddeb\ud83c\uddf7 <a href=\"https:\/\/t.co\/eXsR5plH1C\">pic.twitter.com\/eXsR5plH1C<\/a><\/p>\n<p>\u2014 F\u00e9d\u00e9ration Fran\u00e7aise de Tennis de Table (@ffttofficiel) <a href=\"https:\/\/twitter.com\/ffttofficiel\/status\/1732274149018489261?ref_src=twsrc%5Etfw\">December 6, 2023<\/a><\/p><\/blockquote>\n<p style=\"text-align: justify;\"><script async src=\"https:\/\/platform.twitter.com\/widgets.js\" charset=\"utf-8\"><\/script><\/p>\n<p style=\"text-align: justify;\">Les deux simples, vont malheureusement suivre le m\u00eame chemin. <strong>Jia Nan Yuan<\/strong> va prendre une manche contre <strong>Ji-hee Jeon<\/strong>, mais conc\u00e9der une d\u00e9faite logique qui limite toutefois la casse (<strong>11-6, 9-11, 11-5<\/strong>). Puis <strong>Alexis Lebrun<\/strong> va faire exactement la m\u00eame chose face \u00e0<strong> Jaeh-yun An<\/strong>. Lui va sauver les meubles en raflant la derni\u00e8re manche, mais cela restait d\u00e9cevant (<strong>11-8, 11-4, 8-11<\/strong>). N\u00e9anmoins, \u00e0 ce moment-l\u00e0, la France menait <strong>5-4<\/strong>, et avait encore le match en mains.<\/p>\n<p style=\"text-align: justify;\">Avant le tournant du match, le double messieurs. La paire <strong>F\u00e9lix Lebrun \/ Simon Gauzy<\/strong> semblait solide sur le papier, mais face au duo <strong>Jong-hoon Lim \/ Jaeh-yun An,\u00a0<\/strong>n\u00b04 mondial, la marche \u00e9tait bien trop haute, et les Bleus n&rsquo;ont pas r\u00e9ussi \u00e0 accrocher le moindre petit set (<strong>11-6, 11-6, 11-9<\/strong>). Ainsi, <strong>Prithika Pavade<\/strong> et <strong>Camille Lutz<\/strong>\u00a0 devaient absolument remporter les trois manches face \u00e0 <strong>Ji-hee Jeon <\/strong>et <strong>Yu-bin Shin<\/strong>, soit les n\u00b01 mondiales, rien de moins. Au culot, les Bleues vont tenter leur chance, mais les Sud-Cor\u00e9ennes vont rafler <strong>11-9<\/strong> la manche manquante, pour une victoire <strong>8-5<\/strong>. D\u00e9faite frustrante pour la France, qui va devoir redresser le tir, m\u00eame si l&rsquo;objectif m\u00e9daille s&rsquo;est \u00e9loign\u00e9 ce matin. Il faudrait sans doute battre l&rsquo;Allemagne et la Chine demain pour garder une chance. Une mission quasi impossible.<\/p>\n","protected":false},"excerpt":{"rendered":"<p>COUPE DU MONDE PAR \u00c9QUIPES MIXTES DE TENNIS DE TABLE 2023 &#8211; Pour son premier match dans la poule finale, la France n&rsquo;a pas r\u00e9ussi \u00e0 prendre le meilleur sur la Cor\u00e9e du Sud.<\/p>\n","protected":false},"author":59,"featured_media":442878,"comment_status":"open","ping_status":"closed","sticky":false,"template":"","format":"standard","meta":{"_acf_changed":false,"_daextam_enable_autolinks":"1","footnotes":""},"categories":[9663],"tags":[22533,16878,26389,24337,16131,27448,16130,3976],"class_list":["post-442869","post","type-post","status-publish","format-standard","has-post-thumbnail","hentry","category-tennis-de-table","tag-alexis-lebrun","tag-breve","tag-camille-lutz","tag-felix-lebrun","tag-jia-nan-yuan","tag-ping-francais","tag-prithika-pavade","tag-simon-gauzy"],"acf":[],"yoast_head":"<!-- This site is optimized with the Yoast SEO Premium plugin v26.7 (Yoast SEO v26.7) - https:\/\/yoast.com\/wordpress\/plugins\/seo\/ -->\n<title>Tennis de table : Les Bleus chutent contre la Cor\u00e9e du Sud lors de la Coupe du monde par \u00e9quipes mixtes<\/title>\n<meta name=\"description\" content=\"COUPE DU MONDE PAR \u00c9QUIPES MIXTES DE TENNIS DE TABLE 2023 - La France n&#039;a pas r\u00e9ussi \u00e0 prendre le meilleur sur la Cor\u00e9e du Sud.\" \/>\n<meta name=\"robots\" content=\"index, follow, max-snippet:-1, max-image-preview:large, max-video-preview:-1\" \/>\n<link rel=\"canonical\" href=\"https:\/\/dicodusport.fr\/blog\/tennis-de-table-les-bleus-chutent-contre-la-coree-du-sud-lors-de-la-coupe-du-monde-par-equipes-mixtes\/\" \/>\n<meta property=\"og:locale\" content=\"fr_FR\" \/>\n<meta property=\"og:type\" content=\"article\" \/>\n<meta property=\"og:title\" content=\"Tennis de table : Les Bleus chutent contre la Cor\u00e9e du Sud lors de la Coupe du monde par \u00e9quipes mixtes\" \/>\n<meta property=\"og:description\" content=\"COUPE DU MONDE PAR \u00c9QUIPES MIXTES DE TENNIS DE TABLE 2023 - La France n&#039;a pas r\u00e9ussi \u00e0 prendre le meilleur sur la Cor\u00e9e du Sud.\" \/>\n<meta property=\"og:url\" content=\"https:\/\/dicodusport.fr\/blog\/tennis-de-table-les-bleus-chutent-contre-la-coree-du-sud-lors-de-la-coupe-du-monde-par-equipes-mixtes\/\" \/>\n<meta property=\"og:site_name\" content=\"Dicodusport\" \/>\n<meta property=\"article:publisher\" content=\"https:\/\/www.facebook.com\/dicodusport\" \/>\n<meta property=\"article:author\" content=\"https:\/\/www.facebook.com\/sebastien.gente\/\" \/>\n<meta property=\"article:published_time\" content=\"2023-12-06T07:18:07+00:00\" \/>\n<meta property=\"article:modified_time\" content=\"2023-12-06T08:10:17+00:00\" \/>\n<meta property=\"og:image\" content=\"https:\/\/dicodusport.fr\/blog\/wp-content\/uploads\/2023\/12\/Tennis-de-table-Les-Bleus-chutent-contre-la-Coree-du-Sud-lors-de-la-Coupe-du-monde-par-equipes-mixtes.png\" \/>\n\t<meta property=\"og:image:width\" content=\"1200\" \/>\n\t<meta property=\"og:image:height\" content=\"674\" \/>\n\t<meta property=\"og:image:type\" content=\"image\/png\" \/>\n<meta name=\"author\" content=\"S\u00e9bastien Gente\" \/>\n<meta name=\"twitter:card\" content=\"summary_large_image\" \/>\n<meta name=\"twitter:title\" content=\"Tennis de table : Les Bleus chutent contre la Cor\u00e9e du Sud lors de la Coupe du monde par \u00e9quipes mixtes\" \/>\n<meta name=\"twitter:creator\" content=\"@https:\/\/twitter.com\/globulo24\" \/>\n<meta name=\"twitter:site\" content=\"@dicodusport\" \/>\n<script type=\"application\/ld+json\" class=\"yoast-schema-graph\">{\"@context\":\"https:\/\/schema.org\",\"@graph\":[{\"@type\":\"NewsArticle\",\"@id\":\"https:\/\/dicodusport.fr\/blog\/tennis-de-table-les-bleus-chutent-contre-la-coree-du-sud-lors-de-la-coupe-du-monde-par-equipes-mixtes\/#article\",\"isPartOf\":{\"@id\":\"https:\/\/dicodusport.fr\/blog\/tennis-de-table-les-bleus-chutent-contre-la-coree-du-sud-lors-de-la-coupe-du-monde-par-equipes-mixtes\/\"},\"author\":{\"name\":\"S\u00e9bastien Gente\",\"@id\":\"https:\/\/dicodusport.fr\/blog\/#\/schema\/person\/627966a6cde45dbd8c5e36ac85d783da\"},\"headline\":\"Tennis de table : Les Bleus chutent contre la Cor\u00e9e du Sud lors de la Coupe du monde par \u00e9quipes mixtes\",\"datePublished\":\"2023-12-06T07:18:07+00:00\",\"dateModified\":\"2023-12-06T08:10:17+00:00\",\"mainEntityOfPage\":{\"@id\":\"https:\/\/dicodusport.fr\/blog\/tennis-de-table-les-bleus-chutent-contre-la-coree-du-sud-lors-de-la-coupe-du-monde-par-equipes-mixtes\/\"},\"wordCount\":455,\"commentCount\":0,\"publisher\":{\"@id\":\"https:\/\/dicodusport.fr\/blog\/#organization\"},\"image\":{\"@id\":\"https:\/\/dicodusport.fr\/blog\/tennis-de-table-les-bleus-chutent-contre-la-coree-du-sud-lors-de-la-coupe-du-monde-par-equipes-mixtes\/#primaryimage\"},\"thumbnailUrl\":\"https:\/\/dicodusport.fr\/blog\/wp-content\/uploads\/2023\/12\/Tennis-de-table-Les-Bleus-chutent-contre-la-Coree-du-Sud-lors-de-la-Coupe-du-monde-par-equipes-mixtes.png\",\"keywords\":[\"Alexis Lebrun\",\"br\u00e8ve\",\"Camille Lutz\",\"F\u00e9lix Lebrun\",\"Jia Nan Yuan\",\"ping fran\u00e7ais\",\"Prithika Pavade\",\"Simon Gauzy\"],\"articleSection\":[\"Tennis de table\"],\"inLanguage\":\"fr-FR\",\"potentialAction\":[{\"@type\":\"CommentAction\",\"name\":\"Comment\",\"target\":[\"https:\/\/dicodusport.fr\/blog\/tennis-de-table-les-bleus-chutent-contre-la-coree-du-sud-lors-de-la-coupe-du-monde-par-equipes-mixtes\/#respond\"]}],\"copyrightYear\":\"2023\",\"copyrightHolder\":{\"@id\":\"https:\/\/dicodusport.fr\/blog\/#organization\"}},{\"@type\":\"WebPage\",\"@id\":\"https:\/\/dicodusport.fr\/blog\/tennis-de-table-les-bleus-chutent-contre-la-coree-du-sud-lors-de-la-coupe-du-monde-par-equipes-mixtes\/\",\"url\":\"https:\/\/dicodusport.fr\/blog\/tennis-de-table-les-bleus-chutent-contre-la-coree-du-sud-lors-de-la-coupe-du-monde-par-equipes-mixtes\/\",\"name\":\"Tennis de table : Les Bleus chutent contre la Cor\u00e9e du Sud lors de la Coupe du monde par \u00e9quipes mixtes\",\"isPartOf\":{\"@id\":\"https:\/\/dicodusport.fr\/blog\/#website\"},\"primaryImageOfPage\":{\"@id\":\"https:\/\/dicodusport.fr\/blog\/tennis-de-table-les-bleus-chutent-contre-la-coree-du-sud-lors-de-la-coupe-du-monde-par-equipes-mixtes\/#primaryimage\"},\"image\":{\"@id\":\"https:\/\/dicodusport.fr\/blog\/tennis-de-table-les-bleus-chutent-contre-la-coree-du-sud-lors-de-la-coupe-du-monde-par-equipes-mixtes\/#primaryimage\"},\"thumbnailUrl\":\"https:\/\/dicodusport.fr\/blog\/wp-content\/uploads\/2023\/12\/Tennis-de-table-Les-Bleus-chutent-contre-la-Coree-du-Sud-lors-de-la-Coupe-du-monde-par-equipes-mixtes.png\",\"datePublished\":\"2023-12-06T07:18:07+00:00\",\"dateModified\":\"2023-12-06T08:10:17+00:00\",\"description\":\"COUPE DU MONDE PAR \u00c9QUIPES MIXTES DE TENNIS DE TABLE 2023 - La France n'a pas r\u00e9ussi \u00e0 prendre le meilleur sur la Cor\u00e9e du Sud.\",\"breadcrumb\":{\"@id\":\"https:\/\/dicodusport.fr\/blog\/tennis-de-table-les-bleus-chutent-contre-la-coree-du-sud-lors-de-la-coupe-du-monde-par-equipes-mixtes\/#breadcrumb\"},\"inLanguage\":\"fr-FR\",\"potentialAction\":[{\"@type\":\"ReadAction\",\"target\":[\"https:\/\/dicodusport.fr\/blog\/tennis-de-table-les-bleus-chutent-contre-la-coree-du-sud-lors-de-la-coupe-du-monde-par-equipes-mixtes\/\"]}]},{\"@type\":\"ImageObject\",\"inLanguage\":\"fr-FR\",\"@id\":\"https:\/\/dicodusport.fr\/blog\/tennis-de-table-les-bleus-chutent-contre-la-coree-du-sud-lors-de-la-coupe-du-monde-par-equipes-mixtes\/#primaryimage\",\"url\":\"https:\/\/dicodusport.fr\/blog\/wp-content\/uploads\/2023\/12\/Tennis-de-table-Les-Bleus-chutent-contre-la-Coree-du-Sud-lors-de-la-Coupe-du-monde-par-equipes-mixtes.png\",\"contentUrl\":\"https:\/\/dicodusport.fr\/blog\/wp-content\/uploads\/2023\/12\/Tennis-de-table-Les-Bleus-chutent-contre-la-Coree-du-Sud-lors-de-la-Coupe-du-monde-par-equipes-mixtes.png\",\"width\":1200,\"height\":674,\"caption\":\"Tennis de table Les Bleus chutent contre la Cor\u00e9e du Sud lors de la Coupe du monde par \u00e9quipes mixtes\"},{\"@type\":\"BreadcrumbList\",\"@id\":\"https:\/\/dicodusport.fr\/blog\/tennis-de-table-les-bleus-chutent-contre-la-coree-du-sud-lors-de-la-coupe-du-monde-par-equipes-mixtes\/#breadcrumb\",\"itemListElement\":[{\"@type\":\"ListItem\",\"position\":1,\"name\":\"Accueil\",\"item\":\"https:\/\/dicodusport.fr\/blog\/\"},{\"@type\":\"ListItem\",\"position\":2,\"name\":\"Tennis de table : Les Bleus chutent contre la Cor\u00e9e du Sud lors de la Coupe du monde par \u00e9quipes mixtes\"}]},{\"@type\":\"WebSite\",\"@id\":\"https:\/\/dicodusport.fr\/blog\/#website\",\"url\":\"https:\/\/dicodusport.fr\/blog\/\",\"name\":\"Dicodusport\",\"description\":\"L&#039;encyclop\u00e9die de l&#039;actualit\u00e9 sportive\",\"publisher\":{\"@id\":\"https:\/\/dicodusport.fr\/blog\/#organization\"},\"potentialAction\":[{\"@type\":\"SearchAction\",\"target\":{\"@type\":\"EntryPoint\",\"urlTemplate\":\"https:\/\/dicodusport.fr\/blog\/?s={search_term_string}\"},\"query-input\":{\"@type\":\"PropertyValueSpecification\",\"valueRequired\":true,\"valueName\":\"search_term_string\"}}],\"inLanguage\":\"fr-FR\"},{\"@type\":\"NewsMediaOrganization\",\"@id\":\"https:\/\/dicodusport.fr\/blog\/#organization\",\"name\":\"Dicodusport\",\"url\":\"https:\/\/dicodusport.fr\/blog\/\",\"logo\":{\"@type\":\"ImageObject\",\"inLanguage\":\"fr-FR\",\"@id\":\"https:\/\/dicodusport.fr\/blog\/#\/schema\/logo\/image\/\",\"url\":\"https:\/\/dicodusport.fr\/blog\/wp-content\/uploads\/2020\/06\/cropped-LOGO-DICODUSPORT-2020-SANS-FOND-SANS-TEXTE.png\",\"contentUrl\":\"https:\/\/dicodusport.fr\/blog\/wp-content\/uploads\/2020\/06\/cropped-LOGO-DICODUSPORT-2020-SANS-FOND-SANS-TEXTE.png\",\"width\":512,\"height\":512,\"caption\":\"Dicodusport\"},\"image\":{\"@id\":\"https:\/\/dicodusport.fr\/blog\/#\/schema\/logo\/image\/\"},\"sameAs\":[\"https:\/\/www.facebook.com\/dicodusport\",\"https:\/\/x.com\/dicodusport\",\"https:\/\/www.instagram.com\/dicodusport\/\",\"https:\/\/www.youtube.com\/channel\/UC7V2KZ5sd3htJivAbA4ZG3w\"],\"description\":\"Dicodusport est l'encyclop\u00e9die de l'actualit\u00e9 sportive.\",\"email\":\"bonjour@dicodusport.fr\",\"legalName\":\"DICODUSPORT\",\"foundingDate\":\"2018-01-14\",\"vatID\":\"FR71834470973\",\"taxID\":\"83447097300043\",\"numberOfEmployees\":{\"@type\":\"QuantitativeValue\",\"minValue\":\"1\",\"maxValue\":\"10\"}},{\"@type\":\"Person\",\"@id\":\"https:\/\/dicodusport.fr\/blog\/#\/schema\/person\/627966a6cde45dbd8c5e36ac85d783da\",\"name\":\"S\u00e9bastien Gente\",\"image\":{\"@type\":\"ImageObject\",\"inLanguage\":\"fr-FR\",\"@id\":\"https:\/\/dicodusport.fr\/blog\/#\/schema\/person\/image\/\",\"url\":\"https:\/\/dicodusport.fr\/blog\/wp-content\/uploads\/2021\/09\/1510990_10205810251400683_4124423575079401707_n-150x150.jpg\",\"contentUrl\":\"https:\/\/dicodusport.fr\/blog\/wp-content\/uploads\/2021\/09\/1510990_10205810251400683_4124423575079401707_n-150x150.jpg\",\"caption\":\"S\u00e9bastien Gente\"},\"description\":\"John Stockton, Gianni Bugno, Zinedine Zidane, Steffi Graf, Frode Andresen, St\u00e9phane Stoecklin, Davis Kamoga, Primoz Peterka, Werner Schlager et Aur\u00e9lien Rougerie. Point commun entre ces sportifs? Ils m'ont fait r\u00eaver et ont berc\u00e9 mon adolescence. Je suis un fondu de sports et j'essaie de retranscrire ma passion \u00e0 travers mes articles. Originaire du P\u00e9rigord, ma passion pour les Girondins, les Jaunards et les Jazzmen transpire dans mes \u00e9crits. \u00c0 Dicodusport depuis 2021, je d\u00e9niche les sports m\u00e9connus dans lesquels la France brille, et il y en a !\",\"sameAs\":[\"https:\/\/www.facebook.com\/sebastien.gente\/\",\"https:\/\/www.instagram.com\/sebgente\/\",\"https:\/\/www.linkedin.com\/in\/sbastien-gente-a29583169\/\",\"https:\/\/x.com\/https:\/\/twitter.com\/globulo24\",\"SebastienGente\"],\"worksFor\":\"S\u00e9bastien GENTE\",\"url\":\"https:\/\/dicodusport.fr\/blog\/author\/sebastiengente\/\"}]}<\/script>\n<!-- \/ Yoast SEO Premium plugin. -->","yoast_head_json":{"title":"Tennis de table : Les Bleus chutent contre la Cor\u00e9e du Sud lors de la Coupe du monde par \u00e9quipes mixtes","description":"COUPE DU MONDE PAR \u00c9QUIPES MIXTES DE TENNIS DE TABLE 2023 - La France n'a pas r\u00e9ussi \u00e0 prendre le meilleur sur la Cor\u00e9e du Sud.","robots":{"index":"index","follow":"follow","max-snippet":"max-snippet:-1","max-image-preview":"max-image-preview:large","max-video-preview":"max-video-preview:-1"},"canonical":"https:\/\/dicodusport.fr\/blog\/tennis-de-table-les-bleus-chutent-contre-la-coree-du-sud-lors-de-la-coupe-du-monde-par-equipes-mixtes\/","og_locale":"fr_FR","og_type":"article","og_title":"Tennis de table : Les Bleus chutent contre la Cor\u00e9e du Sud lors de la Coupe du monde par \u00e9quipes mixtes","og_description":"COUPE DU MONDE PAR \u00c9QUIPES MIXTES DE TENNIS DE TABLE 2023 - La France n'a pas r\u00e9ussi \u00e0 prendre le meilleur sur la Cor\u00e9e du Sud.","og_url":"https:\/\/dicodusport.fr\/blog\/tennis-de-table-les-bleus-chutent-contre-la-coree-du-sud-lors-de-la-coupe-du-monde-par-equipes-mixtes\/","og_site_name":"Dicodusport","article_publisher":"https:\/\/www.facebook.com\/dicodusport","article_author":"https:\/\/www.facebook.com\/sebastien.gente\/","article_published_time":"2023-12-06T07:18:07+00:00","article_modified_time":"2023-12-06T08:10:17+00:00","og_image":[{"width":1200,"height":674,"url":"https:\/\/dicodusport.fr\/blog\/wp-content\/uploads\/2023\/12\/Tennis-de-table-Les-Bleus-chutent-contre-la-Coree-du-Sud-lors-de-la-Coupe-du-monde-par-equipes-mixtes.png","type":"image\/png"}],"author":"S\u00e9bastien Gente","twitter_card":"summary_large_image","twitter_title":"Tennis de table : Les Bleus chutent contre la Cor\u00e9e du Sud lors de la Coupe du monde par \u00e9quipes mixtes","twitter_creator":"@https:\/\/twitter.com\/globulo24","twitter_site":"@dicodusport","schema":{"@context":"https:\/\/schema.org","@graph":[{"@type":"NewsArticle","@id":"https:\/\/dicodusport.fr\/blog\/tennis-de-table-les-bleus-chutent-contre-la-coree-du-sud-lors-de-la-coupe-du-monde-par-equipes-mixtes\/#article","isPartOf":{"@id":"https:\/\/dicodusport.fr\/blog\/tennis-de-table-les-bleus-chutent-contre-la-coree-du-sud-lors-de-la-coupe-du-monde-par-equipes-mixtes\/"},"author":{"name":"S\u00e9bastien Gente","@id":"https:\/\/dicodusport.fr\/blog\/#\/schema\/person\/627966a6cde45dbd8c5e36ac85d783da"},"headline":"Tennis de table : Les Bleus chutent contre la Cor\u00e9e du Sud lors de la Coupe du monde par \u00e9quipes mixtes","datePublished":"2023-12-06T07:18:07+00:00","dateModified":"2023-12-06T08:10:17+00:00","mainEntityOfPage":{"@id":"https:\/\/dicodusport.fr\/blog\/tennis-de-table-les-bleus-chutent-contre-la-coree-du-sud-lors-de-la-coupe-du-monde-par-equipes-mixtes\/"},"wordCount":455,"commentCount":0,"publisher":{"@id":"https:\/\/dicodusport.fr\/blog\/#organization"},"image":{"@id":"https:\/\/dicodusport.fr\/blog\/tennis-de-table-les-bleus-chutent-contre-la-coree-du-sud-lors-de-la-coupe-du-monde-par-equipes-mixtes\/#primaryimage"},"thumbnailUrl":"https:\/\/dicodusport.fr\/blog\/wp-content\/uploads\/2023\/12\/Tennis-de-table-Les-Bleus-chutent-contre-la-Coree-du-Sud-lors-de-la-Coupe-du-monde-par-equipes-mixtes.png","keywords":["Alexis Lebrun","br\u00e8ve","Camille Lutz","F\u00e9lix Lebrun","Jia Nan Yuan","ping fran\u00e7ais","Prithika Pavade","Simon Gauzy"],"articleSection":["Tennis de table"],"inLanguage":"fr-FR","potentialAction":[{"@type":"CommentAction","name":"Comment","target":["https:\/\/dicodusport.fr\/blog\/tennis-de-table-les-bleus-chutent-contre-la-coree-du-sud-lors-de-la-coupe-du-monde-par-equipes-mixtes\/#respond"]}],"copyrightYear":"2023","copyrightHolder":{"@id":"https:\/\/dicodusport.fr\/blog\/#organization"}},{"@type":"WebPage","@id":"https:\/\/dicodusport.fr\/blog\/tennis-de-table-les-bleus-chutent-contre-la-coree-du-sud-lors-de-la-coupe-du-monde-par-equipes-mixtes\/","url":"https:\/\/dicodusport.fr\/blog\/tennis-de-table-les-bleus-chutent-contre-la-coree-du-sud-lors-de-la-coupe-du-monde-par-equipes-mixtes\/","name":"Tennis de table : Les Bleus chutent contre la Cor\u00e9e du Sud lors de la Coupe du monde par \u00e9quipes mixtes","isPartOf":{"@id":"https:\/\/dicodusport.fr\/blog\/#website"},"primaryImageOfPage":{"@id":"https:\/\/dicodusport.fr\/blog\/tennis-de-table-les-bleus-chutent-contre-la-coree-du-sud-lors-de-la-coupe-du-monde-par-equipes-mixtes\/#primaryimage"},"image":{"@id":"https:\/\/dicodusport.fr\/blog\/tennis-de-table-les-bleus-chutent-contre-la-coree-du-sud-lors-de-la-coupe-du-monde-par-equipes-mixtes\/#primaryimage"},"thumbnailUrl":"https:\/\/dicodusport.fr\/blog\/wp-content\/uploads\/2023\/12\/Tennis-de-table-Les-Bleus-chutent-contre-la-Coree-du-Sud-lors-de-la-Coupe-du-monde-par-equipes-mixtes.png","datePublished":"2023-12-06T07:18:07+00:00","dateModified":"2023-12-06T08:10:17+00:00","description":"COUPE DU MONDE PAR \u00c9QUIPES MIXTES DE TENNIS DE TABLE 2023 - La France n'a pas r\u00e9ussi \u00e0 prendre le meilleur sur la Cor\u00e9e du Sud.","breadcrumb":{"@id":"https:\/\/dicodusport.fr\/blog\/tennis-de-table-les-bleus-chutent-contre-la-coree-du-sud-lors-de-la-coupe-du-monde-par-equipes-mixtes\/#breadcrumb"},"inLanguage":"fr-FR","potentialAction":[{"@type":"ReadAction","target":["https:\/\/dicodusport.fr\/blog\/tennis-de-table-les-bleus-chutent-contre-la-coree-du-sud-lors-de-la-coupe-du-monde-par-equipes-mixtes\/"]}]},{"@type":"ImageObject","inLanguage":"fr-FR","@id":"https:\/\/dicodusport.fr\/blog\/tennis-de-table-les-bleus-chutent-contre-la-coree-du-sud-lors-de-la-coupe-du-monde-par-equipes-mixtes\/#primaryimage","url":"https:\/\/dicodusport.fr\/blog\/wp-content\/uploads\/2023\/12\/Tennis-de-table-Les-Bleus-chutent-contre-la-Coree-du-Sud-lors-de-la-Coupe-du-monde-par-equipes-mixtes.png","contentUrl":"https:\/\/dicodusport.fr\/blog\/wp-content\/uploads\/2023\/12\/Tennis-de-table-Les-Bleus-chutent-contre-la-Coree-du-Sud-lors-de-la-Coupe-du-monde-par-equipes-mixtes.png","width":1200,"height":674,"caption":"Tennis de table Les Bleus chutent contre la Cor\u00e9e du Sud lors de la Coupe du monde par \u00e9quipes mixtes"},{"@type":"BreadcrumbList","@id":"https:\/\/dicodusport.fr\/blog\/tennis-de-table-les-bleus-chutent-contre-la-coree-du-sud-lors-de-la-coupe-du-monde-par-equipes-mixtes\/#breadcrumb","itemListElement":[{"@type":"ListItem","position":1,"name":"Accueil","item":"https:\/\/dicodusport.fr\/blog\/"},{"@type":"ListItem","position":2,"name":"Tennis de table : Les Bleus chutent contre la Cor\u00e9e du Sud lors de la Coupe du monde par \u00e9quipes mixtes"}]},{"@type":"WebSite","@id":"https:\/\/dicodusport.fr\/blog\/#website","url":"https:\/\/dicodusport.fr\/blog\/","name":"Dicodusport","description":"L&#039;encyclop\u00e9die de l&#039;actualit\u00e9 sportive","publisher":{"@id":"https:\/\/dicodusport.fr\/blog\/#organization"},"potentialAction":[{"@type":"SearchAction","target":{"@type":"EntryPoint","urlTemplate":"https:\/\/dicodusport.fr\/blog\/?s={search_term_string}"},"query-input":{"@type":"PropertyValueSpecification","valueRequired":true,"valueName":"search_term_string"}}],"inLanguage":"fr-FR"},{"@type":"NewsMediaOrganization","@id":"https:\/\/dicodusport.fr\/blog\/#organization","name":"Dicodusport","url":"https:\/\/dicodusport.fr\/blog\/","logo":{"@type":"ImageObject","inLanguage":"fr-FR","@id":"https:\/\/dicodusport.fr\/blog\/#\/schema\/logo\/image\/","url":"https:\/\/dicodusport.fr\/blog\/wp-content\/uploads\/2020\/06\/cropped-LOGO-DICODUSPORT-2020-SANS-FOND-SANS-TEXTE.png","contentUrl":"https:\/\/dicodusport.fr\/blog\/wp-content\/uploads\/2020\/06\/cropped-LOGO-DICODUSPORT-2020-SANS-FOND-SANS-TEXTE.png","width":512,"height":512,"caption":"Dicodusport"},"image":{"@id":"https:\/\/dicodusport.fr\/blog\/#\/schema\/logo\/image\/"},"sameAs":["https:\/\/www.facebook.com\/dicodusport","https:\/\/x.com\/dicodusport","https:\/\/www.instagram.com\/dicodusport\/","https:\/\/www.youtube.com\/channel\/UC7V2KZ5sd3htJivAbA4ZG3w"],"description":"Dicodusport est l'encyclop\u00e9die de l'actualit\u00e9 sportive.","email":"bonjour@dicodusport.fr","legalName":"DICODUSPORT","foundingDate":"2018-01-14","vatID":"FR71834470973","taxID":"83447097300043","numberOfEmployees":{"@type":"QuantitativeValue","minValue":"1","maxValue":"10"}},{"@type":"Person","@id":"https:\/\/dicodusport.fr\/blog\/#\/schema\/person\/627966a6cde45dbd8c5e36ac85d783da","name":"S\u00e9bastien Gente","image":{"@type":"ImageObject","inLanguage":"fr-FR","@id":"https:\/\/dicodusport.fr\/blog\/#\/schema\/person\/image\/","url":"https:\/\/dicodusport.fr\/blog\/wp-content\/uploads\/2021\/09\/1510990_10205810251400683_4124423575079401707_n-150x150.jpg","contentUrl":"https:\/\/dicodusport.fr\/blog\/wp-content\/uploads\/2021\/09\/1510990_10205810251400683_4124423575079401707_n-150x150.jpg","caption":"S\u00e9bastien Gente"},"description":"John Stockton, Gianni Bugno, Zinedine Zidane, Steffi Graf, Frode Andresen, St\u00e9phane Stoecklin, Davis Kamoga, Primoz Peterka, Werner Schlager et Aur\u00e9lien Rougerie. Point commun entre ces sportifs? Ils m'ont fait r\u00eaver et ont berc\u00e9 mon adolescence. Je suis un fondu de sports et j'essaie de retranscrire ma passion \u00e0 travers mes articles. Originaire du P\u00e9rigord, ma passion pour les Girondins, les Jaunards et les Jazzmen transpire dans mes \u00e9crits. \u00c0 Dicodusport depuis 2021, je d\u00e9niche les sports m\u00e9connus dans lesquels la France brille, et il y en a !","sameAs":["https:\/\/www.facebook.com\/sebastien.gente\/","https:\/\/www.instagram.com\/sebgente\/","https:\/\/www.linkedin.com\/in\/sbastien-gente-a29583169\/","https:\/\/x.com\/https:\/\/twitter.com\/globulo24","SebastienGente"],"worksFor":"S\u00e9bastien GENTE","url":"https:\/\/dicodusport.fr\/blog\/author\/sebastiengente\/"}]}},"_links":{"self":[{"href":"https:\/\/dicodusport.fr\/blog\/wp-json\/wp\/v2\/posts\/442869","targetHints":{"allow":["GET"]}}],"collection":[{"href":"https:\/\/dicodusport.fr\/blog\/wp-json\/wp\/v2\/posts"}],"about":[{"href":"https:\/\/dicodusport.fr\/blog\/wp-json\/wp\/v2\/types\/post"}],"author":[{"embeddable":true,"href":"https:\/\/dicodusport.fr\/blog\/wp-json\/wp\/v2\/users\/59"}],"replies":[{"embeddable":true,"href":"https:\/\/dicodusport.fr\/blog\/wp-json\/wp\/v2\/comments?post=442869"}],"version-history":[{"count":2,"href":"https:\/\/dicodusport.fr\/blog\/wp-json\/wp\/v2\/posts\/442869\/revisions"}],"predecessor-version":[{"id":442895,"href":"https:\/\/dicodusport.fr\/blog\/wp-json\/wp\/v2\/posts\/442869\/revisions\/442895"}],"wp:featuredmedia":[{"embeddable":true,"href":"https:\/\/dicodusport.fr\/blog\/wp-json\/wp\/v2\/media\/442878"}],"wp:attachment":[{"href":"https:\/\/dicodusport.fr\/blog\/wp-json\/wp\/v2\/media?parent=442869"}],"wp:term":[{"taxonomy":"category","embeddable":true,"href":"https:\/\/dicodusport.fr\/blog\/wp-json\/wp\/v2\/categories?post=442869"},{"taxonomy":"post_tag","embeddable":true,"href":"https:\/\/dicodusport.fr\/blog\/wp-json\/wp\/v2\/tags?post=442869"}],"curies":[{"name":"wp","href":"https:\/\/api.w.org\/{rel}","templated":true}]}}