{"id":4429,"date":"2017-08-28T21:06:39","date_gmt":"2017-08-28T20:06:39","guid":{"rendered":"http:\/\/dicodusport.fr\/blog\/?p=4429"},"modified":"2021-04-13T23:16:40","modified_gmt":"2021-04-13T21:16:40","slug":"coulisses-de-ligue-1-4-amiens-fait-couler-nice","status":"publish","type":"post","link":"https:\/\/dicodusport.fr\/blog\/coulisses-de-ligue-1-4-amiens-fait-couler-nice\/","title":{"rendered":"Les coulisses de la Ligue 1 #4 : Amiens fait couler Nice"},"content":{"rendered":"<p style=\"text-align: justify;\"><span style=\"color: #000000;\"><strong><em>Apr\u00e8s chaque journ\u00e9e de championnat retrouvez sur votre blog\u00a0<\/em><\/strong><\/span><em><strong><a href=\"http:\/\/dicodusport.fr\" target=\"_blank\" rel=\"noopener noreferrer\">dicodusport<\/a><\/strong><\/em><span style=\"color: #000000;\"><strong><em>, \u00ab\u00a0les coulisses de la Ligue 1\u00a0\u00bb. Infos, d\u00e9clarations, tweets ou encore vid\u00e9os marquantes, vous ne raterez rien des dessous de la Ligue 1 ! Dans le quatri\u00e8me \u00e9pisode, Nice plonge \u00e0 Amiens.<\/em><\/strong><\/span><\/p>\n<p style=\"text-align: justify;\"><span style=\"color: #000000; font-size: 20px;\"><strong>\u2022\u00a0LES INFOS DE LA SEMAINE<\/strong><\/span><\/p>\n<p style=\"text-align: justify;\"><span style=\"color: #000000;\"><strong>Et si on r\u00e9capitule le mercato\u00a0?<\/strong><\/span><\/p>\n<p style=\"text-align: justify;\"><span style=\"color: #000000;\">C&rsquo;est officiel, <strong>Emmanuel Riviere<\/strong> s&rsquo;est engag\u00e9 avec\u00a0Metz. Beaucoup de pr\u00eats ont \u00e9t\u00e9 sign\u00e9s cette semaine avec les arriv\u00e9es de <strong>Krhin<\/strong> \u00e0 Nantes, de <strong>Bakary Kon\u00e9<\/strong> \u00e0 Strasbourg, de <strong>Sambia<\/strong> \u00e0 Montpellier et de <strong>Fernandez<\/strong> \u00e0 Metz. <strong>Eder<\/strong> et <strong>Boscagli<\/strong> ont respectivement quitt\u00e9 Lille et Nice en pr\u00eat aussi. <strong>M&rsquo;Bappe<\/strong>\u00a0quitte la Principaut\u00e9 pour rejoindre la capitale. <strong>Jovetic<\/strong>, qui \u00e9tait cibl\u00e9 par l&rsquo;OM depuis deux mois, rejoint\u00a0finalement Monaco. <strong>Aurier<\/strong> serait toujours sur le d\u00e9part<\/span><span style=\"color: #000000;\">.<\/span><\/p>\n<p style=\"text-align: justify;\"><span style=\"color: #000000;\"><strong>Et nos clubs fran\u00e7ais en coupe d&rsquo;Europe, \u00e7a donne quoi?<\/strong><\/span><\/p>\n<p style=\"text-align: justify;\"><span style=\"color: #000000;\">En ligue des champions, Nice, qui s&rsquo;\u00e9tait inclin\u00e9 \u00e0 Naples 2-0 en match aller des barrages, n&rsquo;a pas su s&rsquo;imposer \u00e0 l&rsquo;Allianz Rivi\u00e8ra pour le match retour. Nice n&rsquo;est pas qualifi\u00e9 pour les phases de poules et disputera cette ann\u00e9e l&rsquo;Europa League. L&rsquo;<strong>AS Monaco<\/strong>, champion de Ligue 1 en titre, \u00e9tait qualifi\u00e9 d&rsquo;office pour les phases de poules. Le club mon\u00e9gasque est dans le groupe G entour\u00e9 de Porto, Besiktas et Leipzig. Le <strong>PSG<\/strong>, lui aussi d\u00e9j\u00e0 qualifi\u00e9, fait partie du groupe B avec le Bayern Munich, Anderlecht et le Celtic Glasgow. <\/span><\/p>\n<p style=\"text-align: justify;\"><span style=\"color: #000000;\">En Europa League, l&rsquo;OM s&rsquo;est qualifi\u00e9 pour les phases de poules en battant Domzale 3-0 au match retour et apr\u00e8s avoir \u00e9t\u00e9 tenu en \u00e9chec 1-1 au match aller. L&rsquo;<strong>OM<\/strong>, dans le groupe I, rencontrera Salzbourg, Victoria SC et Konyaspor. <strong>Lyon<\/strong>, qualifi\u00e9 d&rsquo;office, est dans le groupe E accompagn\u00e9 d&rsquo;Everton, de l&rsquo;Atalanta et de l&rsquo;Apollon Limassol. <strong>Nice<\/strong>, \u00e9limin\u00e9 de la ligue des champions, fait donc partie du groupe K. Ses adversaires sont la Lazio, Zulte Waregem et Vitesse<\/span><span style=\"color: #000000;\">.<\/span><\/p>\n<p style=\"text-align: justify;\"><span style=\"color: #000000; font-size: 20px;\"><strong>\u2022\u00a0LES TWEETS DE LA SEMAINE<\/strong><\/span><\/p>\n<p style=\"text-align: justify;\"><span style=\"color: #000000;\">Le portier Marseillais s&rsquo;est permis un petit pont sur son adversaire au pressing lors de la qualification de l&rsquo;OM pendant la semaine.<\/span><\/p>\n<blockquote class=\"twitter-tweet\" data-lang=\"fr\">\n<p dir=\"ltr\" lang=\"fr\">Petit pont de <a href=\"https:\/\/twitter.com\/hashtag\/Mandanda?src=hash\">#Mandanda<\/a> oklm.<a href=\"https:\/\/twitter.com\/hashtag\/OMDOM?src=hash\">#OMDOM<\/a> <a href=\"https:\/\/t.co\/rsZ9oRbFU6\">pic.twitter.com\/rsZ9oRbFU6<\/a><\/p>\n<p>\u2014 Benjamin Cots (@BenjaminCots) <a href=\"https:\/\/twitter.com\/BenjaminCots\/status\/900796906779049985\">24 ao\u00fbt 2017<\/a><\/p><\/blockquote>\n<p><script async src=\"\/\/platform.twitter.com\/widgets.js\" charset=\"utf-8\"><\/script><\/p>\n<p style=\"text-align: justify;\"><span style=\"color: #000000;\"><strong>Neymar<\/strong>, qu&rsquo;on a moins vu cette journ\u00e9e, continue de chambrer sur son transfert au PSG en reprenant un tweet de son ami barcelonais qui avait beaucoup fait parler.<\/span><\/p>\n<blockquote class=\"twitter-tweet\" data-lang=\"fr\">\n<p dir=\"ltr\" lang=\"es\">Se queda <a href=\"https:\/\/twitter.com\/3gerardpique\">@3gerardpique<\/a> <a href=\"https:\/\/t.co\/JAQoMfSLGT\">pic.twitter.com\/JAQoMfSLGT<\/a><\/p>\n<p>\u2014 Neymar Jr (@neymarjr) <a href=\"https:\/\/twitter.com\/neymarjr\/status\/900053889034178561\">22 ao\u00fbt 2017<\/a><\/p><\/blockquote>\n<p><script async src=\"\/\/platform.twitter.com\/widgets.js\" charset=\"utf-8\"><\/script><\/p>\n<p style=\"text-align: justify;\"><span style=\"color: #000000; font-size: 20px;\"><strong style=\"color: #000000; font-size: 20px;\"><strong>\u2022\u00a0<\/strong>LES DECLARATIONS DE LA SEMAINE<\/strong><\/span><\/p>\n<p style=\"text-align: justify;\"><span style=\"color: #000000;\"><strong>Mandanda<\/strong> a annonc\u00e9 dans une interview accord\u00e9e au CFC vouloir \u201cterminer [sa] carri\u00e8re \u00e0 l&rsquo;OM\u201d. Le coach de Montpellier, <strong>Michel Der Zakarian<\/strong> avoue que son \u00e9quipe a\u00a0\u201ctrop de d\u00e9chet\u00a0\u00bb pour esp\u00e9rer mieux.<br \/>\n<\/span><\/p>\n<p style=\"text-align: justify;\"><span style=\"color: #000000;\">Les coachs r\u00e9agissent au premier 0-0 de la saison.\u00a0<strong>Bruno G\u00e9n\u00e9sio<\/strong> : \u201cOn a fait ce qu&rsquo;on pouvait, avec les moyens qu&rsquo;on a.\u201d\u00a0<\/span><span style=\"color: #000000;\"><strong>Claudio Ranieri<\/strong> : \u201cUn match nul est bon pour nous, je suis satisfait.\u201d<\/span><\/p>\n<p><span style=\"color: #000000; font-size: 20px;\"><strong>\u2022\u00a0LA STAT&rsquo; DE LA SEMAINE<\/strong><\/span><\/p>\n<p style=\"text-align: justify;\"><span style=\"color: #000000;\">Il aura fallu attendre 32 matchs et la 4\u00e8me journ\u00e9e cette saison pour assister \u00e0 un 0-0. Samedi, nantais et lyonnais se quittent dos \u00e0 dos apr\u00e8s un match st\u00e9rile. Tr\u00e8s peu d&rsquo;occasions de part et d&rsquo;autre, le score refl\u00e8te le match.<\/span><\/p>\n<p style=\"text-align: justify;\"><span style=\"font-size: 20px; color: #000000;\"><strong style=\"color: #000000;\"><strong>\u2022\u00a0<\/strong>LA VIDEO DE LA SEMAINE<\/strong><\/span><\/p>\n<p style=\"text-align: justify;\"><span style=\"color: #000000;\">Nicolas de Pr\u00e9ville inscrit un but somptueux pour\u00a0Lille qui ram\u00e8ne un point d&rsquo;Angers (1-1).<\/span><\/p>\n<p><span class=\"U9iuKDh50lJFfxLkpsvdVWSEqoczAMT4NBjGgbn8mw31rOPZ6I7RH2a\"><iframe loading=\"lazy\" title=\"But Nicolas DE PREVILLE (68&#039;) \/ Angers SCO - LOSC (1-1)  \/ 2017-18\" width=\"740\" height=\"416\" src=\"https:\/\/www.youtube.com\/embed\/mgR4vj0sTP4?feature=oembed\" frameborder=\"0\" allow=\"accelerometer; autoplay; clipboard-write; encrypted-media; gyroscope; picture-in-picture; web-share\" allowfullscreen><\/iframe><\/span><\/p>\n<p style=\"text-align: justify;\"><span style=\"font-size: 20px; color: #000000;\"><strong style=\"color: #000000;\"><strong>\u2022\u00a0<\/strong>LA SURPRISE DE LA SEMAINE<\/strong><\/span><\/p>\n<p style=\"text-align: justify;\"><span style=\"color: #000000;\">Apr\u00e8s 3 d\u00e9faites en 3 rencontres et aucun but inscrit, le promu ami\u00e9nois remporte sa premi\u00e8re victoire en Ligue 1. Au quart d&rsquo;heure de jeu, <strong>Kakuta<\/strong> inscrit un magnifique coup-franc pleine lucarne. 1-0. \u00c0 la demi-heure de jeu, <strong>Konat\u00e9<\/strong> marque d&rsquo;une t\u00eate puissante sur corner.<strong> Cardinale<\/strong> ne peut rien faire. Amiens est\u00a0d\u00e9cha\u00een\u00e9, le score est de 2-0 \u00e0 la mi-temps. Les ni\u00e7ois reviennent plus entreprenants apr\u00e8s la pause mais les joueurs de\u00a0Christophe P\u00e9lissier\u00a0d\u00e9fendent en bloc. En fin de match, <strong>Manzala<\/strong> fait la diff\u00e9rence sur le c\u00f4t\u00e9 gauche et sert <strong>Konat\u00e9<\/strong> pour le doubl\u00e9. 3-0 score final, Amiens obtient ses premiers points et fait plonger une triste \u00e9quipe de Nice dans le bas de tableau.<\/span><\/p>\n<p style=\"text-align: justify;\"><span style=\"font-size: 20px; color: #000000;\"><strong style=\"color: #000000;\"><strong>\u2022\u00a0<\/strong>LE JOUEUR DE LA SEMAINE<\/strong><\/span><\/p>\n<p style=\"text-align: justify;\"><span style=\"color: #000000;\"><strong>Radamel Falcao<\/strong>, le capitaine mon\u00e9gasque, est \u00e9lu joueur de la semaine. Comme l&rsquo;ensemble de ses co\u00e9quipiers, <strong>Falcao<\/strong> s&rsquo;est illustr\u00e9 en fermeture de la 4\u00e8me journ\u00e9e de Ligue 1. Auteur d&rsquo;un doubl\u00e9 en un quart d&rsquo;heure, le colombien a\u00a0grandement particip\u00e9 \u00e0 l&rsquo;humiliation inflig\u00e9 \u00e0 l&rsquo;OM. 6-1 score final, l&rsquo;attaquant mon\u00e9gasque \u00e9tait pr\u00e9sent sur tout les bons coups pour venir remporter ce qui est la 16\u00e8me victoire cons\u00e9cutive en championnat pour Monaco. <strong>Falcao<\/strong> en est d\u00e9j\u00e0 \u00e0 7 r\u00e9alisations cette saison. Prometteur.<\/span><\/p>\n<p style=\"text-align: justify;\"><span style=\"color: #000000;\"><em><strong>Margaux Bongrand<\/strong><br \/>\n<\/em><a style=\"color: #000000;\" href=\"https:\/\/twitter.com\/marg_om_\" target=\"_blank\" rel=\"noopener noreferrer\"><img loading=\"lazy\" decoding=\"async\" class=\"alignnone wp-image-2908\" src=\"http:\/\/dicodusport.fr\/blog\/wp-content\/uploads\/2017\/07\/logo-twitter-150x150.png\" alt=\"\" width=\"39\" height=\"39\" \/><\/a><\/span><\/p>\n","protected":false},"excerpt":{"rendered":"<p>Apr\u00e8s chaque journ\u00e9e de championnat retrouvez sur votre blog\u00a0dicodusport, \u00ab\u00a0les coulisses de la Ligue 1\u00a0\u00bb. Infos, d\u00e9clarations, tweets ou encore vid\u00e9os marquantes, vous ne raterez rien des dessous de la Ligue 1 ! Dans le quatri\u00e8me \u00e9pisode, Nice plonge \u00e0 Amiens. \u2022\u00a0LES INFOS DE LA SEMAINE Et si on r\u00e9capitule le mercato\u00a0? C&rsquo;est officiel, Emmanuel [&hellip;]<\/p>\n","protected":false},"author":1,"featured_media":4432,"comment_status":"open","ping_status":"closed","sticky":false,"template":"","format":"standard","meta":{"_acf_changed":false,"_daextam_enable_autolinks":"","footnotes":""},"categories":[2,2301],"tags":[1731,74,75,1554,1734,1555,1678,1494,460],"class_list":["post-4429","post","type-post","status-publish","format-standard","has-post-thumbnail","hentry","category-actualites","category-football","tag-amiens","tag-foot","tag-football","tag-ligue-1","tag-mandanda","tag-mercato","tag-monaco","tag-neymar","tag-nice"],"acf":[],"yoast_head":"<!-- This site is optimized with the Yoast SEO Premium plugin v26.7 (Yoast SEO v26.7) - https:\/\/yoast.com\/wordpress\/plugins\/seo\/ -->\n<title>Les coulisses de la Ligue 1 #4 : Amiens fait couler Nice<\/title>\n<meta name=\"description\" content=\"Les coulisses de la Ligue 1 : Dans le troisi\u00e8me \u00e9pisode, Nice plonge \u00e0 Amiens apr\u00e8s une nouvelle d\u00e9faite (3-0). Les Aiglons sont au plus mal !\" \/>\n<meta name=\"robots\" content=\"index, follow, max-snippet:-1, max-image-preview:large, max-video-preview:-1\" \/>\n<link rel=\"canonical\" href=\"https:\/\/dicodusport.fr\/blog\/coulisses-de-ligue-1-4-amiens-fait-couler-nice\/\" \/>\n<meta property=\"og:locale\" content=\"fr_FR\" \/>\n<meta property=\"og:type\" content=\"article\" \/>\n<meta property=\"og:title\" content=\"Les coulisses de la Ligue 1 #4 : Amiens fait couler Nice\" \/>\n<meta property=\"og:description\" content=\"Les coulisses de la Ligue 1 : Dans le troisi\u00e8me \u00e9pisode, Nice plonge \u00e0 Amiens apr\u00e8s une nouvelle d\u00e9faite (3-0). Les Aiglons sont au plus mal !\" \/>\n<meta property=\"og:url\" content=\"https:\/\/dicodusport.fr\/blog\/coulisses-de-ligue-1-4-amiens-fait-couler-nice\/\" \/>\n<meta property=\"og:site_name\" content=\"Dicodusport\" \/>\n<meta property=\"article:publisher\" content=\"https:\/\/www.facebook.com\/dicodusport\" \/>\n<meta property=\"article:author\" content=\"https:\/\/www.facebook.com\/dicodusport\" \/>\n<meta property=\"article:published_time\" content=\"2017-08-28T20:06:39+00:00\" \/>\n<meta property=\"article:modified_time\" content=\"2021-04-13T21:16:40+00:00\" \/>\n<meta property=\"og:image\" content=\"https:\/\/dicodusport.fr\/blog\/wp-content\/uploads\/2017\/08\/Amiens-fait-couler-Nice.png\" \/>\n\t<meta property=\"og:image:width\" content=\"1060\" \/>\n\t<meta property=\"og:image:height\" content=\"588\" \/>\n\t<meta property=\"og:image:type\" content=\"image\/png\" \/>\n<meta name=\"author\" content=\"Nicolas Jacquemard\" \/>\n<meta name=\"twitter:card\" content=\"summary_large_image\" \/>\n<meta name=\"twitter:creator\" content=\"@https:\/\/twitter.com\/Nico_Jacquemard\" \/>\n<meta name=\"twitter:site\" content=\"@dicodusport\" \/>\n<script type=\"application\/ld+json\" class=\"yoast-schema-graph\">{\"@context\":\"https:\/\/schema.org\",\"@graph\":[{\"@type\":\"NewsArticle\",\"@id\":\"https:\/\/dicodusport.fr\/blog\/coulisses-de-ligue-1-4-amiens-fait-couler-nice\/#article\",\"isPartOf\":{\"@id\":\"https:\/\/dicodusport.fr\/blog\/coulisses-de-ligue-1-4-amiens-fait-couler-nice\/\"},\"author\":{\"name\":\"Nicolas Jacquemard\",\"@id\":\"https:\/\/dicodusport.fr\/blog\/#\/schema\/person\/55dcb50ad410894e431ed812bbb70191\"},\"headline\":\"Les coulisses de la Ligue 1 #4 : Amiens fait couler Nice\",\"datePublished\":\"2017-08-28T20:06:39+00:00\",\"dateModified\":\"2021-04-13T21:16:40+00:00\",\"mainEntityOfPage\":{\"@id\":\"https:\/\/dicodusport.fr\/blog\/coulisses-de-ligue-1-4-amiens-fait-couler-nice\/\"},\"wordCount\":821,\"commentCount\":0,\"publisher\":{\"@id\":\"https:\/\/dicodusport.fr\/blog\/#organization\"},\"image\":{\"@id\":\"https:\/\/dicodusport.fr\/blog\/coulisses-de-ligue-1-4-amiens-fait-couler-nice\/#primaryimage\"},\"thumbnailUrl\":\"https:\/\/dicodusport.fr\/blog\/wp-content\/uploads\/2017\/08\/Amiens-fait-couler-Nice.png\",\"keywords\":[\"Amiens\",\"foot\",\"Football\",\"Ligue 1\",\"Mandanda\",\"Mercato\",\"Monaco\",\"Neymar\",\"Nice\"],\"articleSection\":[\"Actualit\u00e9s\",\"Football\"],\"inLanguage\":\"fr-FR\",\"potentialAction\":[{\"@type\":\"CommentAction\",\"name\":\"Comment\",\"target\":[\"https:\/\/dicodusport.fr\/blog\/coulisses-de-ligue-1-4-amiens-fait-couler-nice\/#respond\"]}],\"copyrightYear\":\"2017\",\"copyrightHolder\":{\"@id\":\"https:\/\/dicodusport.fr\/blog\/#organization\"}},{\"@type\":\"WebPage\",\"@id\":\"https:\/\/dicodusport.fr\/blog\/coulisses-de-ligue-1-4-amiens-fait-couler-nice\/\",\"url\":\"https:\/\/dicodusport.fr\/blog\/coulisses-de-ligue-1-4-amiens-fait-couler-nice\/\",\"name\":\"Les coulisses de la Ligue 1 #4 : Amiens fait couler Nice\",\"isPartOf\":{\"@id\":\"https:\/\/dicodusport.fr\/blog\/#website\"},\"primaryImageOfPage\":{\"@id\":\"https:\/\/dicodusport.fr\/blog\/coulisses-de-ligue-1-4-amiens-fait-couler-nice\/#primaryimage\"},\"image\":{\"@id\":\"https:\/\/dicodusport.fr\/blog\/coulisses-de-ligue-1-4-amiens-fait-couler-nice\/#primaryimage\"},\"thumbnailUrl\":\"https:\/\/dicodusport.fr\/blog\/wp-content\/uploads\/2017\/08\/Amiens-fait-couler-Nice.png\",\"datePublished\":\"2017-08-28T20:06:39+00:00\",\"dateModified\":\"2021-04-13T21:16:40+00:00\",\"description\":\"Les coulisses de la Ligue 1 : Dans le troisi\u00e8me \u00e9pisode, Nice plonge \u00e0 Amiens apr\u00e8s une nouvelle d\u00e9faite (3-0). Les Aiglons sont au plus mal !\",\"breadcrumb\":{\"@id\":\"https:\/\/dicodusport.fr\/blog\/coulisses-de-ligue-1-4-amiens-fait-couler-nice\/#breadcrumb\"},\"inLanguage\":\"fr-FR\",\"potentialAction\":[{\"@type\":\"ReadAction\",\"target\":[\"https:\/\/dicodusport.fr\/blog\/coulisses-de-ligue-1-4-amiens-fait-couler-nice\/\"]}]},{\"@type\":\"ImageObject\",\"inLanguage\":\"fr-FR\",\"@id\":\"https:\/\/dicodusport.fr\/blog\/coulisses-de-ligue-1-4-amiens-fait-couler-nice\/#primaryimage\",\"url\":\"https:\/\/dicodusport.fr\/blog\/wp-content\/uploads\/2017\/08\/Amiens-fait-couler-Nice.png\",\"contentUrl\":\"https:\/\/dicodusport.fr\/blog\/wp-content\/uploads\/2017\/08\/Amiens-fait-couler-Nice.png\",\"width\":1060,\"height\":588,\"caption\":\"Amiens fait couler Nice\"},{\"@type\":\"BreadcrumbList\",\"@id\":\"https:\/\/dicodusport.fr\/blog\/coulisses-de-ligue-1-4-amiens-fait-couler-nice\/#breadcrumb\",\"itemListElement\":[{\"@type\":\"ListItem\",\"position\":1,\"name\":\"Accueil\",\"item\":\"https:\/\/dicodusport.fr\/blog\/\"},{\"@type\":\"ListItem\",\"position\":2,\"name\":\"Les coulisses de la Ligue 1 #4 : Amiens fait couler Nice\"}]},{\"@type\":\"WebSite\",\"@id\":\"https:\/\/dicodusport.fr\/blog\/#website\",\"url\":\"https:\/\/dicodusport.fr\/blog\/\",\"name\":\"Dicodusport\",\"description\":\"L&#039;encyclop\u00e9die de l&#039;actualit\u00e9 sportive\",\"publisher\":{\"@id\":\"https:\/\/dicodusport.fr\/blog\/#organization\"},\"potentialAction\":[{\"@type\":\"SearchAction\",\"target\":{\"@type\":\"EntryPoint\",\"urlTemplate\":\"https:\/\/dicodusport.fr\/blog\/?s={search_term_string}\"},\"query-input\":{\"@type\":\"PropertyValueSpecification\",\"valueRequired\":true,\"valueName\":\"search_term_string\"}}],\"inLanguage\":\"fr-FR\"},{\"@type\":\"NewsMediaOrganization\",\"@id\":\"https:\/\/dicodusport.fr\/blog\/#organization\",\"name\":\"Dicodusport\",\"url\":\"https:\/\/dicodusport.fr\/blog\/\",\"logo\":{\"@type\":\"ImageObject\",\"inLanguage\":\"fr-FR\",\"@id\":\"https:\/\/dicodusport.fr\/blog\/#\/schema\/logo\/image\/\",\"url\":\"https:\/\/dicodusport.fr\/blog\/wp-content\/uploads\/2020\/06\/cropped-LOGO-DICODUSPORT-2020-SANS-FOND-SANS-TEXTE.png\",\"contentUrl\":\"https:\/\/dicodusport.fr\/blog\/wp-content\/uploads\/2020\/06\/cropped-LOGO-DICODUSPORT-2020-SANS-FOND-SANS-TEXTE.png\",\"width\":512,\"height\":512,\"caption\":\"Dicodusport\"},\"image\":{\"@id\":\"https:\/\/dicodusport.fr\/blog\/#\/schema\/logo\/image\/\"},\"sameAs\":[\"https:\/\/www.facebook.com\/dicodusport\",\"https:\/\/x.com\/dicodusport\",\"https:\/\/www.instagram.com\/dicodusport\/\",\"https:\/\/www.youtube.com\/channel\/UC7V2KZ5sd3htJivAbA4ZG3w\"],\"description\":\"Dicodusport est l'encyclop\u00e9die de l'actualit\u00e9 sportive.\",\"email\":\"bonjour@dicodusport.fr\",\"legalName\":\"DICODUSPORT\",\"foundingDate\":\"2018-01-14\",\"vatID\":\"FR71834470973\",\"taxID\":\"83447097300043\",\"numberOfEmployees\":{\"@type\":\"QuantitativeValue\",\"minValue\":\"1\",\"maxValue\":\"10\"}},{\"@type\":\"Person\",\"@id\":\"https:\/\/dicodusport.fr\/blog\/#\/schema\/person\/55dcb50ad410894e431ed812bbb70191\",\"name\":\"Nicolas Jacquemard\",\"image\":{\"@type\":\"ImageObject\",\"inLanguage\":\"fr-FR\",\"@id\":\"https:\/\/dicodusport.fr\/blog\/#\/schema\/person\/image\/\",\"url\":\"https:\/\/dicodusport.fr\/blog\/wp-content\/uploads\/2021\/05\/Nicolas-Jacquemard-150x150.jpeg\",\"contentUrl\":\"https:\/\/dicodusport.fr\/blog\/wp-content\/uploads\/2021\/05\/Nicolas-Jacquemard-150x150.jpeg\",\"caption\":\"Nicolas Jacquemard\"},\"description\":\"Passionn\u00e9 de sport et entrepreneur depuis mes 18 ans, la cr\u00e9ation de Dicodusport m'a sembl\u00e9 \u00e9vidente pour participer \u00e0 la m\u00e9diatisation d'un plus grand nombre de sports. Le chemin est long mais avec une \u00e9quipe des plus motiv\u00e9es et les Jeux Olympiques de Paris 2024 en point de mire, nous y arriverons ! Journaliste dans le monde du sport depuis plus de 5 ans, je traite aussi bien de football, de rugby, de biathlon que de cyclisme.\",\"sameAs\":[\"https:\/\/www.facebook.com\/dicodusport\",\"https:\/\/x.com\/https:\/\/twitter.com\/Nico_Jacquemard\"],\"url\":\"https:\/\/dicodusport.fr\/blog\/author\/dicodusport\/\"}]}<\/script>\n<!-- \/ Yoast SEO Premium plugin. -->","yoast_head_json":{"title":"Les coulisses de la Ligue 1 #4 : Amiens fait couler Nice","description":"Les coulisses de la Ligue 1 : Dans le troisi\u00e8me \u00e9pisode, Nice plonge \u00e0 Amiens apr\u00e8s une nouvelle d\u00e9faite (3-0). Les Aiglons sont au plus mal !","robots":{"index":"index","follow":"follow","max-snippet":"max-snippet:-1","max-image-preview":"max-image-preview:large","max-video-preview":"max-video-preview:-1"},"canonical":"https:\/\/dicodusport.fr\/blog\/coulisses-de-ligue-1-4-amiens-fait-couler-nice\/","og_locale":"fr_FR","og_type":"article","og_title":"Les coulisses de la Ligue 1 #4 : Amiens fait couler Nice","og_description":"Les coulisses de la Ligue 1 : Dans le troisi\u00e8me \u00e9pisode, Nice plonge \u00e0 Amiens apr\u00e8s une nouvelle d\u00e9faite (3-0). Les Aiglons sont au plus mal !","og_url":"https:\/\/dicodusport.fr\/blog\/coulisses-de-ligue-1-4-amiens-fait-couler-nice\/","og_site_name":"Dicodusport","article_publisher":"https:\/\/www.facebook.com\/dicodusport","article_author":"https:\/\/www.facebook.com\/dicodusport","article_published_time":"2017-08-28T20:06:39+00:00","article_modified_time":"2021-04-13T21:16:40+00:00","og_image":[{"width":1060,"height":588,"url":"https:\/\/dicodusport.fr\/blog\/wp-content\/uploads\/2017\/08\/Amiens-fait-couler-Nice.png","type":"image\/png"}],"author":"Nicolas Jacquemard","twitter_card":"summary_large_image","twitter_creator":"@https:\/\/twitter.com\/Nico_Jacquemard","twitter_site":"@dicodusport","schema":{"@context":"https:\/\/schema.org","@graph":[{"@type":"NewsArticle","@id":"https:\/\/dicodusport.fr\/blog\/coulisses-de-ligue-1-4-amiens-fait-couler-nice\/#article","isPartOf":{"@id":"https:\/\/dicodusport.fr\/blog\/coulisses-de-ligue-1-4-amiens-fait-couler-nice\/"},"author":{"name":"Nicolas Jacquemard","@id":"https:\/\/dicodusport.fr\/blog\/#\/schema\/person\/55dcb50ad410894e431ed812bbb70191"},"headline":"Les coulisses de la Ligue 1 #4 : Amiens fait couler Nice","datePublished":"2017-08-28T20:06:39+00:00","dateModified":"2021-04-13T21:16:40+00:00","mainEntityOfPage":{"@id":"https:\/\/dicodusport.fr\/blog\/coulisses-de-ligue-1-4-amiens-fait-couler-nice\/"},"wordCount":821,"commentCount":0,"publisher":{"@id":"https:\/\/dicodusport.fr\/blog\/#organization"},"image":{"@id":"https:\/\/dicodusport.fr\/blog\/coulisses-de-ligue-1-4-amiens-fait-couler-nice\/#primaryimage"},"thumbnailUrl":"https:\/\/dicodusport.fr\/blog\/wp-content\/uploads\/2017\/08\/Amiens-fait-couler-Nice.png","keywords":["Amiens","foot","Football","Ligue 1","Mandanda","Mercato","Monaco","Neymar","Nice"],"articleSection":["Actualit\u00e9s","Football"],"inLanguage":"fr-FR","potentialAction":[{"@type":"CommentAction","name":"Comment","target":["https:\/\/dicodusport.fr\/blog\/coulisses-de-ligue-1-4-amiens-fait-couler-nice\/#respond"]}],"copyrightYear":"2017","copyrightHolder":{"@id":"https:\/\/dicodusport.fr\/blog\/#organization"}},{"@type":"WebPage","@id":"https:\/\/dicodusport.fr\/blog\/coulisses-de-ligue-1-4-amiens-fait-couler-nice\/","url":"https:\/\/dicodusport.fr\/blog\/coulisses-de-ligue-1-4-amiens-fait-couler-nice\/","name":"Les coulisses de la Ligue 1 #4 : Amiens fait couler Nice","isPartOf":{"@id":"https:\/\/dicodusport.fr\/blog\/#website"},"primaryImageOfPage":{"@id":"https:\/\/dicodusport.fr\/blog\/coulisses-de-ligue-1-4-amiens-fait-couler-nice\/#primaryimage"},"image":{"@id":"https:\/\/dicodusport.fr\/blog\/coulisses-de-ligue-1-4-amiens-fait-couler-nice\/#primaryimage"},"thumbnailUrl":"https:\/\/dicodusport.fr\/blog\/wp-content\/uploads\/2017\/08\/Amiens-fait-couler-Nice.png","datePublished":"2017-08-28T20:06:39+00:00","dateModified":"2021-04-13T21:16:40+00:00","description":"Les coulisses de la Ligue 1 : Dans le troisi\u00e8me \u00e9pisode, Nice plonge \u00e0 Amiens apr\u00e8s une nouvelle d\u00e9faite (3-0). Les Aiglons sont au plus mal !","breadcrumb":{"@id":"https:\/\/dicodusport.fr\/blog\/coulisses-de-ligue-1-4-amiens-fait-couler-nice\/#breadcrumb"},"inLanguage":"fr-FR","potentialAction":[{"@type":"ReadAction","target":["https:\/\/dicodusport.fr\/blog\/coulisses-de-ligue-1-4-amiens-fait-couler-nice\/"]}]},{"@type":"ImageObject","inLanguage":"fr-FR","@id":"https:\/\/dicodusport.fr\/blog\/coulisses-de-ligue-1-4-amiens-fait-couler-nice\/#primaryimage","url":"https:\/\/dicodusport.fr\/blog\/wp-content\/uploads\/2017\/08\/Amiens-fait-couler-Nice.png","contentUrl":"https:\/\/dicodusport.fr\/blog\/wp-content\/uploads\/2017\/08\/Amiens-fait-couler-Nice.png","width":1060,"height":588,"caption":"Amiens fait couler Nice"},{"@type":"BreadcrumbList","@id":"https:\/\/dicodusport.fr\/blog\/coulisses-de-ligue-1-4-amiens-fait-couler-nice\/#breadcrumb","itemListElement":[{"@type":"ListItem","position":1,"name":"Accueil","item":"https:\/\/dicodusport.fr\/blog\/"},{"@type":"ListItem","position":2,"name":"Les coulisses de la Ligue 1 #4 : Amiens fait couler Nice"}]},{"@type":"WebSite","@id":"https:\/\/dicodusport.fr\/blog\/#website","url":"https:\/\/dicodusport.fr\/blog\/","name":"Dicodusport","description":"L&#039;encyclop\u00e9die de l&#039;actualit\u00e9 sportive","publisher":{"@id":"https:\/\/dicodusport.fr\/blog\/#organization"},"potentialAction":[{"@type":"SearchAction","target":{"@type":"EntryPoint","urlTemplate":"https:\/\/dicodusport.fr\/blog\/?s={search_term_string}"},"query-input":{"@type":"PropertyValueSpecification","valueRequired":true,"valueName":"search_term_string"}}],"inLanguage":"fr-FR"},{"@type":"NewsMediaOrganization","@id":"https:\/\/dicodusport.fr\/blog\/#organization","name":"Dicodusport","url":"https:\/\/dicodusport.fr\/blog\/","logo":{"@type":"ImageObject","inLanguage":"fr-FR","@id":"https:\/\/dicodusport.fr\/blog\/#\/schema\/logo\/image\/","url":"https:\/\/dicodusport.fr\/blog\/wp-content\/uploads\/2020\/06\/cropped-LOGO-DICODUSPORT-2020-SANS-FOND-SANS-TEXTE.png","contentUrl":"https:\/\/dicodusport.fr\/blog\/wp-content\/uploads\/2020\/06\/cropped-LOGO-DICODUSPORT-2020-SANS-FOND-SANS-TEXTE.png","width":512,"height":512,"caption":"Dicodusport"},"image":{"@id":"https:\/\/dicodusport.fr\/blog\/#\/schema\/logo\/image\/"},"sameAs":["https:\/\/www.facebook.com\/dicodusport","https:\/\/x.com\/dicodusport","https:\/\/www.instagram.com\/dicodusport\/","https:\/\/www.youtube.com\/channel\/UC7V2KZ5sd3htJivAbA4ZG3w"],"description":"Dicodusport est l'encyclop\u00e9die de l'actualit\u00e9 sportive.","email":"bonjour@dicodusport.fr","legalName":"DICODUSPORT","foundingDate":"2018-01-14","vatID":"FR71834470973","taxID":"83447097300043","numberOfEmployees":{"@type":"QuantitativeValue","minValue":"1","maxValue":"10"}},{"@type":"Person","@id":"https:\/\/dicodusport.fr\/blog\/#\/schema\/person\/55dcb50ad410894e431ed812bbb70191","name":"Nicolas Jacquemard","image":{"@type":"ImageObject","inLanguage":"fr-FR","@id":"https:\/\/dicodusport.fr\/blog\/#\/schema\/person\/image\/","url":"https:\/\/dicodusport.fr\/blog\/wp-content\/uploads\/2021\/05\/Nicolas-Jacquemard-150x150.jpeg","contentUrl":"https:\/\/dicodusport.fr\/blog\/wp-content\/uploads\/2021\/05\/Nicolas-Jacquemard-150x150.jpeg","caption":"Nicolas Jacquemard"},"description":"Passionn\u00e9 de sport et entrepreneur depuis mes 18 ans, la cr\u00e9ation de Dicodusport m'a sembl\u00e9 \u00e9vidente pour participer \u00e0 la m\u00e9diatisation d'un plus grand nombre de sports. Le chemin est long mais avec une \u00e9quipe des plus motiv\u00e9es et les Jeux Olympiques de Paris 2024 en point de mire, nous y arriverons ! Journaliste dans le monde du sport depuis plus de 5 ans, je traite aussi bien de football, de rugby, de biathlon que de cyclisme.","sameAs":["https:\/\/www.facebook.com\/dicodusport","https:\/\/x.com\/https:\/\/twitter.com\/Nico_Jacquemard"],"url":"https:\/\/dicodusport.fr\/blog\/author\/dicodusport\/"}]}},"_links":{"self":[{"href":"https:\/\/dicodusport.fr\/blog\/wp-json\/wp\/v2\/posts\/4429","targetHints":{"allow":["GET"]}}],"collection":[{"href":"https:\/\/dicodusport.fr\/blog\/wp-json\/wp\/v2\/posts"}],"about":[{"href":"https:\/\/dicodusport.fr\/blog\/wp-json\/wp\/v2\/types\/post"}],"author":[{"embeddable":true,"href":"https:\/\/dicodusport.fr\/blog\/wp-json\/wp\/v2\/users\/1"}],"replies":[{"embeddable":true,"href":"https:\/\/dicodusport.fr\/blog\/wp-json\/wp\/v2\/comments?post=4429"}],"version-history":[{"count":0,"href":"https:\/\/dicodusport.fr\/blog\/wp-json\/wp\/v2\/posts\/4429\/revisions"}],"wp:featuredmedia":[{"embeddable":true,"href":"https:\/\/dicodusport.fr\/blog\/wp-json\/wp\/v2\/media\/4432"}],"wp:attachment":[{"href":"https:\/\/dicodusport.fr\/blog\/wp-json\/wp\/v2\/media?parent=4429"}],"wp:term":[{"taxonomy":"category","embeddable":true,"href":"https:\/\/dicodusport.fr\/blog\/wp-json\/wp\/v2\/categories?post=4429"},{"taxonomy":"post_tag","embeddable":true,"href":"https:\/\/dicodusport.fr\/blog\/wp-json\/wp\/v2\/tags?post=4429"}],"curies":[{"name":"wp","href":"https:\/\/api.w.org\/{rel}","templated":true}]}}