{"id":44310,"date":"2019-07-31T10:25:20","date_gmt":"2019-07-31T08:25:20","guid":{"rendered":"http:\/\/dicodusport.fr\/blog\/?p=44310"},"modified":"2019-07-31T10:42:44","modified_gmt":"2019-07-31T08:42:44","slug":"moussa-dembele-l-interrogation-lyonnaise","status":"publish","type":"post","link":"https:\/\/dicodusport.fr\/blog\/moussa-dembele-l-interrogation-lyonnaise\/","title":{"rendered":"Moussa Demb\u00e9l\u00e9, l&rsquo;interrogation lyonnaise"},"content":{"rendered":"<p style=\"text-align: justify;\"><em><strong>A quelques jours de la reprise de la Ligue 1, l\u2019Olympique Lyonnais affiche clairement ses ambitions. Mais ces derni\u00e8res heures, le d\u00e9part potentiel de son buteur Moussa Demb\u00e9l\u00e9 commence \u00e0 inqui\u00e9ter.<\/strong><\/em><\/p>\n<p style=\"text-align: justify;\">On ne l\u2019avait pas encore vu sous le maillot de l\u2019Olympique Lyonnais cette saison. Et puis ce dimanche, sur la pelouse d\u2019Arsenal dans le cadre d\u2019une rencontre amicale entre les deux \u00e9quipes pour l\u2019Emirates Cup, <strong><a href=\"https:\/\/www.transfermarkt.fr\/moussa-dembele\/profil\/spieler\/229004\" target=\"_blank\" rel=\"noopener\">Moussa Demb\u00e9l\u00e9<\/a><\/strong> est entr\u00e9 en jeu en seconde p\u00e9riode. Jusqu\u2019alors men\u00e9 par Arsenal, l\u2019OL a pu s\u2019en remettre \u00e0 son attaquant de pointe, auteur d\u2019un doubl\u00e9 pour ses premi\u00e8res minutes de jeu de la saison, et s\u2019imposer (2-1) en Angleterre.<\/p>\n<p><span class=\"iJmk0GtcBF4Yhg59rVwjKvzxS\"><\/p>\n<blockquote class=\"twitter-tweet\" data-width=\"550\" data-dnt=\"true\">\n<p lang=\"fr\" dir=\"ltr\">Deux occasions, deux buts : le doubl\u00e9 pour <a href=\"https:\/\/twitter.com\/MDembele_10?ref_src=twsrc%5Etfw\">@MDembele_10<\/a> ! \u26bd\ufe0f\u26bd\ufe0f<a href=\"https:\/\/twitter.com\/hashtag\/ARSOL?src=hash&amp;ref_src=twsrc%5Etfw\">#ARSOL<\/a> <a href=\"https:\/\/t.co\/4X9xiGDgFb\">pic.twitter.com\/4X9xiGDgFb<\/a><\/p>\n<p>&mdash; Canal Football Club (@CanalFootClub) <a href=\"https:\/\/twitter.com\/CanalFootClub\/status\/1155507092083679235?ref_src=twsrc%5Etfw\">July 28, 2019<\/a><\/p><\/blockquote>\n<p><script async src=\"https:\/\/platform.twitter.com\/widgets.js\" charset=\"utf-8\"><\/script><\/span><\/p>\n<h1 style=\"text-align: justify;\">L&rsquo;attaquant id\u00e9al pour l&rsquo;OL ?<\/h1>\n<p style=\"text-align: justify;\">Auteur d\u2019une entr\u00e9e en jeu fracassante, le jeune attaquant fran\u00e7ais (23 ans) confirme pour le moment les nombreux espoirs que les dirigeants lyonnais ont plac\u00e9 en lui. Arriv\u00e9 l\u2019\u00e9t\u00e9 dernier dans les toutes derni\u00e8res heures du mercato du c\u00f4t\u00e9 de Lyon en provenance du Celtic Glasgow, <strong>Moussa Demb\u00e9l\u00e9<\/strong> aura eu besoin d\u2019un temps d\u2019adaptation sous ses nouvelles couleurs. Mais une fois cette p\u00e9riode dig\u00e9r\u00e9e, le jeune buteur est devenu l\u2019attaquant que recherchait l\u2019Olympique Lyonnais. Auteur d\u2019une tr\u00e8s bonne deuxi\u00e8me moiti\u00e9 de saison, il finira cette derni\u00e8re avec pas moins de 15 buts en championnat.<\/p>\n<p style=\"text-align: justify;\">Au sein du sch\u00e9ma de jeu appr\u00e9ci\u00e9 par le nouvel entra\u00eeneur de l\u2019Olympique Lyonnais, <strong>Moussa Demb\u00e9l\u00e9<\/strong> appara\u00eet comme l\u2019attaquant id\u00e9al dans un sch\u00e9ma \u00e0 trois attaquants, lui qui aime \u00e9voluer dans l\u2019axe et dont la pr\u00e9sence est importante dans la surface de r\u00e9paration adverse. Mais ces bonnes prestations et son entr\u00e9e remarqu\u00e9e face \u00e0 Arsenal ne sont pas pass\u00e9es inaper\u00e7us. Son exp\u00e9rience du football anglais, suite \u00e0 son passage \u00e0 Fulham notamment, et sa forme du moment commencent \u00e0 int\u00e9resser s\u00e9rieusement Manchester United qui r\u00e9fl\u00e9chirait \u00e0 passer \u00e0 l\u2019action pour l\u2019attaquant des Gones.<\/p>\n<div id=\"attachment_44312\" style=\"width: 750px\" class=\"wp-caption aligncenter\"><img loading=\"lazy\" decoding=\"async\" aria-describedby=\"caption-attachment-44312\" class=\"size-large wp-image-44312\" src=\"http:\/\/dicodusport.fr\/blog\/wp-content\/uploads\/2019\/07\/Moussa-Dembe\u0301le\u0301-auteur-dune-grosse-deuxie\u0300me-partie-de-saison-avec-lOL-One-Football-1024x645.jpg\" alt=\"\" width=\"740\" height=\"466\" srcset=\"https:\/\/dicodusport.fr\/blog\/wp-content\/uploads\/2019\/07\/Moussa-Dembe\u0301le\u0301-auteur-dune-grosse-deuxie\u0300me-partie-de-saison-avec-lOL-One-Football.jpg 1024w, https:\/\/dicodusport.fr\/blog\/wp-content\/uploads\/2019\/07\/Moussa-Dembe\u0301le\u0301-auteur-dune-grosse-deuxie\u0300me-partie-de-saison-avec-lOL-One-Football-300x189.jpg 300w, https:\/\/dicodusport.fr\/blog\/wp-content\/uploads\/2019\/07\/Moussa-Dembe\u0301le\u0301-auteur-dune-grosse-deuxie\u0300me-partie-de-saison-avec-lOL-One-Football-768x484.jpg 768w\" sizes=\"auto, (max-width: 740px) 100vw, 740px\" \/><p id=\"caption-attachment-44312\" class=\"wp-caption-text\">Moussa Dembe\u0301le\u0301, auteur d&rsquo;une grosse deuxie\u0300me partie de saison avec l&rsquo;OL &#8211; One Football<\/p><\/div>\n<p style=\"text-align: justify;\">Si une offre devait arriver sur le bureau du pr\u00e9sident <strong>Jean-Michel Aulas<\/strong>, elle ne devrait plus tarder. Le march\u00e9 des transferts en Angleterre touche en effet \u00e0 sa fin le 8 ao\u00fbt prochain. Bien que sa pr\u00e9sence serait un v\u00e9ritable atout pour cette nouvelle saison au sein de l\u2019effectif lyonnais, difficile pour son pr\u00e9sident de refuser une tr\u00e8s grosse offre issue du march\u00e9 anglais si celle-ci venait \u00e0 se confirmer. Il faudrait alors aux dirigeants rhodaniens trouver un rempla\u00e7ant de choix \u00e0 <strong>Moussa Demb\u00e9l\u00e9<\/strong>, bien que l\u2019enveloppe issue de son d\u00e9part serait cons\u00e9quente.<\/p>\n<p style=\"text-align: justify;\">Apr\u00e8s Arsenal le week-end dernier, <strong>Moussa Demb\u00e9l\u00e9<\/strong> aura d\u2019ailleurs l\u2019occasion de se frotter \u00e0 un autre grand du championnat anglais d\u00e8s ce soir, Liverpool. Nul doute que les dirigeants de Manchester United auront un \u0153il sur cette rencontre et sur la performance \u00e0 venir de l\u2019attaquant de l&rsquo;OL, face \u00e0 une formation de Liverpool qu\u2019ils connaissent bien. Une nouvelle grosse performance du buteur tricolore pourrait sceller son avenir outre-Manche, et ce malgr\u00e9 les d\u00e9mentis de Sylvinho\u2026<\/p>\n<p><strong><em>Bastien Pitte<br \/>\n<a href=\"https:\/\/www.facebook.com\/bastien.pitte\" target=\"_blank\" rel=\"noopener\"><img loading=\"lazy\" decoding=\"async\" class=\"alignnone wp-image-2909\" src=\"http:\/\/dicodusport.fr\/blog\/wp-content\/uploads\/2017\/07\/logo-facebook-150x150.png\" alt=\"\" width=\"39\" height=\"39\" \/><\/a><\/em><\/strong><a href=\"https:\/\/www.linkedin.com\/in\/bastien-pitte\" target=\"_blank\" rel=\"noopener\"><img loading=\"lazy\" decoding=\"async\" class=\"alignnone wp-image-3711\" src=\"http:\/\/dicodusport.fr\/blog\/wp-content\/uploads\/2017\/08\/signature-linkedin-150x150.png\" alt=\"\" width=\"39\" height=\"39\" srcset=\"https:\/\/dicodusport.fr\/blog\/wp-content\/uploads\/2017\/08\/signature-linkedin-150x150.png 150w, https:\/\/dicodusport.fr\/blog\/wp-content\/uploads\/2017\/08\/signature-linkedin.png 295w\" sizes=\"auto, (max-width: 39px) 100vw, 39px\" \/><\/a><\/p>\n","protected":false},"excerpt":{"rendered":"<p>A quelques jours de d\u00e9but de la Ligue 1, l&rsquo;OL affiche clairement ses ambitions. Mais le d\u00e9part potentiel de son buteur Moussa Demb\u00e9l\u00e9 commence \u00e0 inqui\u00e9ter.<\/p>\n","protected":false},"author":28,"featured_media":44315,"comment_status":"open","ping_status":"closed","sticky":false,"template":"","format":"standard","meta":{"_acf_changed":false,"_daextam_enable_autolinks":"","footnotes":""},"categories":[2301],"tags":[75,2845,1554,449,4155,8360,1145,24],"class_list":["post-44310","post","type-post","status-publish","format-standard","has-post-thumbnail","hentry","category-football","tag-football","tag-jean-michel-aulas","tag-ligue-1","tag-lyon","tag-manchester-united","tag-moussa-dembele","tag-ol","tag-sport"],"acf":[],"yoast_head":"<!-- This site is optimized with the Yoast SEO Premium plugin v26.7 (Yoast SEO v26.7) - https:\/\/yoast.com\/wordpress\/plugins\/seo\/ -->\n<title>Moussa Demb\u00e9l\u00e9, l&#039;interrogation lyonnaise<\/title>\n<meta name=\"description\" content=\"A quelques jours de d\u00e9but de la Ligue 1, l&#039;OL affiche clairement ses ambitions. Mais le d\u00e9part potentiel de son buteur Moussa Demb\u00e9l\u00e9 commence \u00e0 inqui\u00e9ter.\" \/>\n<meta name=\"robots\" content=\"index, follow, max-snippet:-1, max-image-preview:large, max-video-preview:-1\" \/>\n<link rel=\"canonical\" href=\"https:\/\/dicodusport.fr\/blog\/moussa-dembele-l-interrogation-lyonnaise\/\" \/>\n<meta property=\"og:locale\" content=\"fr_FR\" \/>\n<meta property=\"og:type\" content=\"article\" \/>\n<meta property=\"og:title\" content=\"Moussa Demb\u00e9l\u00e9, l&#039;interrogation lyonnaise\" \/>\n<meta property=\"og:description\" content=\"A quelques jours de d\u00e9but de la Ligue 1, l&#039;OL affiche clairement ses ambitions. Mais le d\u00e9part potentiel de son buteur Moussa Demb\u00e9l\u00e9 commence \u00e0 inqui\u00e9ter.\" \/>\n<meta property=\"og:url\" content=\"https:\/\/dicodusport.fr\/blog\/moussa-dembele-l-interrogation-lyonnaise\/\" \/>\n<meta property=\"og:site_name\" content=\"Dicodusport\" \/>\n<meta property=\"article:publisher\" content=\"https:\/\/www.facebook.com\/dicodusport\" \/>\n<meta property=\"article:published_time\" content=\"2019-07-31T08:25:20+00:00\" \/>\n<meta property=\"article:modified_time\" content=\"2019-07-31T08:42:44+00:00\" \/>\n<meta property=\"og:image\" content=\"https:\/\/dicodusport.fr\/blog\/wp-content\/uploads\/2019\/07\/Moussa-Demb\u00e9l\u00e9-quittera-t-il-lOL-_.png\" \/>\n\t<meta property=\"og:image:width\" content=\"800\" \/>\n\t<meta property=\"og:image:height\" content=\"445\" \/>\n\t<meta property=\"og:image:type\" content=\"image\/png\" \/>\n<meta name=\"author\" content=\"Bastien Pitte\" \/>\n<meta name=\"twitter:card\" content=\"summary_large_image\" \/>\n<meta name=\"twitter:title\" content=\"Moussa Demb\u00e9l\u00e9, l&#039;interrogation lyonnaise\" \/>\n<meta name=\"twitter:creator\" content=\"@dicodusport\" \/>\n<meta name=\"twitter:site\" content=\"@dicodusport\" \/>\n<script type=\"application\/ld+json\" class=\"yoast-schema-graph\">{\"@context\":\"https:\/\/schema.org\",\"@graph\":[{\"@type\":\"NewsArticle\",\"@id\":\"https:\/\/dicodusport.fr\/blog\/moussa-dembele-l-interrogation-lyonnaise\/#article\",\"isPartOf\":{\"@id\":\"https:\/\/dicodusport.fr\/blog\/moussa-dembele-l-interrogation-lyonnaise\/\"},\"author\":{\"name\":\"Bastien Pitte\",\"@id\":\"https:\/\/dicodusport.fr\/blog\/#\/schema\/person\/0d3ca824646a2d0c77bdd7e45230c071\"},\"headline\":\"Moussa Demb\u00e9l\u00e9, l&rsquo;interrogation lyonnaise\",\"datePublished\":\"2019-07-31T08:25:20+00:00\",\"dateModified\":\"2019-07-31T08:42:44+00:00\",\"mainEntityOfPage\":{\"@id\":\"https:\/\/dicodusport.fr\/blog\/moussa-dembele-l-interrogation-lyonnaise\/\"},\"wordCount\":569,\"commentCount\":0,\"publisher\":{\"@id\":\"https:\/\/dicodusport.fr\/blog\/#organization\"},\"image\":{\"@id\":\"https:\/\/dicodusport.fr\/blog\/moussa-dembele-l-interrogation-lyonnaise\/#primaryimage\"},\"thumbnailUrl\":\"https:\/\/dicodusport.fr\/blog\/wp-content\/uploads\/2019\/07\/Moussa-Demb\u00e9l\u00e9-quittera-t-il-lOL-_.png\",\"keywords\":[\"Football\",\"Jean-Michel Aulas\",\"Ligue 1\",\"Lyon\",\"Manchester United\",\"Moussa Demb\u00e9l\u00e9\",\"OL\",\"sport\"],\"articleSection\":[\"Football\"],\"inLanguage\":\"fr-FR\",\"potentialAction\":[{\"@type\":\"CommentAction\",\"name\":\"Comment\",\"target\":[\"https:\/\/dicodusport.fr\/blog\/moussa-dembele-l-interrogation-lyonnaise\/#respond\"]}],\"copyrightYear\":\"2019\",\"copyrightHolder\":{\"@id\":\"https:\/\/dicodusport.fr\/blog\/#organization\"}},{\"@type\":\"WebPage\",\"@id\":\"https:\/\/dicodusport.fr\/blog\/moussa-dembele-l-interrogation-lyonnaise\/\",\"url\":\"https:\/\/dicodusport.fr\/blog\/moussa-dembele-l-interrogation-lyonnaise\/\",\"name\":\"Moussa Demb\u00e9l\u00e9, l'interrogation lyonnaise\",\"isPartOf\":{\"@id\":\"https:\/\/dicodusport.fr\/blog\/#website\"},\"primaryImageOfPage\":{\"@id\":\"https:\/\/dicodusport.fr\/blog\/moussa-dembele-l-interrogation-lyonnaise\/#primaryimage\"},\"image\":{\"@id\":\"https:\/\/dicodusport.fr\/blog\/moussa-dembele-l-interrogation-lyonnaise\/#primaryimage\"},\"thumbnailUrl\":\"https:\/\/dicodusport.fr\/blog\/wp-content\/uploads\/2019\/07\/Moussa-Demb\u00e9l\u00e9-quittera-t-il-lOL-_.png\",\"datePublished\":\"2019-07-31T08:25:20+00:00\",\"dateModified\":\"2019-07-31T08:42:44+00:00\",\"description\":\"A quelques jours de d\u00e9but de la Ligue 1, l'OL affiche clairement ses ambitions. Mais le d\u00e9part potentiel de son buteur Moussa Demb\u00e9l\u00e9 commence \u00e0 inqui\u00e9ter.\",\"breadcrumb\":{\"@id\":\"https:\/\/dicodusport.fr\/blog\/moussa-dembele-l-interrogation-lyonnaise\/#breadcrumb\"},\"inLanguage\":\"fr-FR\",\"potentialAction\":[{\"@type\":\"ReadAction\",\"target\":[\"https:\/\/dicodusport.fr\/blog\/moussa-dembele-l-interrogation-lyonnaise\/\"]}]},{\"@type\":\"ImageObject\",\"inLanguage\":\"fr-FR\",\"@id\":\"https:\/\/dicodusport.fr\/blog\/moussa-dembele-l-interrogation-lyonnaise\/#primaryimage\",\"url\":\"https:\/\/dicodusport.fr\/blog\/wp-content\/uploads\/2019\/07\/Moussa-Demb\u00e9l\u00e9-quittera-t-il-lOL-_.png\",\"contentUrl\":\"https:\/\/dicodusport.fr\/blog\/wp-content\/uploads\/2019\/07\/Moussa-Demb\u00e9l\u00e9-quittera-t-il-lOL-_.png\",\"width\":800,\"height\":445},{\"@type\":\"BreadcrumbList\",\"@id\":\"https:\/\/dicodusport.fr\/blog\/moussa-dembele-l-interrogation-lyonnaise\/#breadcrumb\",\"itemListElement\":[{\"@type\":\"ListItem\",\"position\":1,\"name\":\"Accueil\",\"item\":\"https:\/\/dicodusport.fr\/blog\/\"},{\"@type\":\"ListItem\",\"position\":2,\"name\":\"Moussa Demb\u00e9l\u00e9, l&rsquo;interrogation lyonnaise\"}]},{\"@type\":\"WebSite\",\"@id\":\"https:\/\/dicodusport.fr\/blog\/#website\",\"url\":\"https:\/\/dicodusport.fr\/blog\/\",\"name\":\"Dicodusport\",\"description\":\"L&#039;encyclop\u00e9die de l&#039;actualit\u00e9 sportive\",\"publisher\":{\"@id\":\"https:\/\/dicodusport.fr\/blog\/#organization\"},\"potentialAction\":[{\"@type\":\"SearchAction\",\"target\":{\"@type\":\"EntryPoint\",\"urlTemplate\":\"https:\/\/dicodusport.fr\/blog\/?s={search_term_string}\"},\"query-input\":{\"@type\":\"PropertyValueSpecification\",\"valueRequired\":true,\"valueName\":\"search_term_string\"}}],\"inLanguage\":\"fr-FR\"},{\"@type\":\"NewsMediaOrganization\",\"@id\":\"https:\/\/dicodusport.fr\/blog\/#organization\",\"name\":\"Dicodusport\",\"url\":\"https:\/\/dicodusport.fr\/blog\/\",\"logo\":{\"@type\":\"ImageObject\",\"inLanguage\":\"fr-FR\",\"@id\":\"https:\/\/dicodusport.fr\/blog\/#\/schema\/logo\/image\/\",\"url\":\"https:\/\/dicodusport.fr\/blog\/wp-content\/uploads\/2020\/06\/cropped-LOGO-DICODUSPORT-2020-SANS-FOND-SANS-TEXTE.png\",\"contentUrl\":\"https:\/\/dicodusport.fr\/blog\/wp-content\/uploads\/2020\/06\/cropped-LOGO-DICODUSPORT-2020-SANS-FOND-SANS-TEXTE.png\",\"width\":512,\"height\":512,\"caption\":\"Dicodusport\"},\"image\":{\"@id\":\"https:\/\/dicodusport.fr\/blog\/#\/schema\/logo\/image\/\"},\"sameAs\":[\"https:\/\/www.facebook.com\/dicodusport\",\"https:\/\/x.com\/dicodusport\",\"https:\/\/www.instagram.com\/dicodusport\/\",\"https:\/\/www.youtube.com\/channel\/UC7V2KZ5sd3htJivAbA4ZG3w\"],\"description\":\"Dicodusport est l'encyclop\u00e9die de l'actualit\u00e9 sportive.\",\"email\":\"bonjour@dicodusport.fr\",\"legalName\":\"DICODUSPORT\",\"foundingDate\":\"2018-01-14\",\"vatID\":\"FR71834470973\",\"taxID\":\"83447097300043\",\"numberOfEmployees\":{\"@type\":\"QuantitativeValue\",\"minValue\":\"1\",\"maxValue\":\"10\"}},{\"@type\":\"Person\",\"@id\":\"https:\/\/dicodusport.fr\/blog\/#\/schema\/person\/0d3ca824646a2d0c77bdd7e45230c071\",\"name\":\"Bastien Pitte\",\"image\":{\"@type\":\"ImageObject\",\"inLanguage\":\"fr-FR\",\"@id\":\"https:\/\/dicodusport.fr\/blog\/#\/schema\/person\/image\/\",\"url\":\"https:\/\/dicodusport.fr\/blog\/wp-content\/uploads\/2020\/06\/cropped-LOGO-DICODUSPORT-2020-SANS-FOND-SANS-TEXTE-150x150.png\",\"contentUrl\":\"https:\/\/dicodusport.fr\/blog\/wp-content\/uploads\/2020\/06\/cropped-LOGO-DICODUSPORT-2020-SANS-FOND-SANS-TEXTE-150x150.png\",\"caption\":\"Bastien Pitte\"},\"url\":\"https:\/\/dicodusport.fr\/blog\/author\/bastien\/\"}]}<\/script>\n<!-- \/ Yoast SEO Premium plugin. -->","yoast_head_json":{"title":"Moussa Demb\u00e9l\u00e9, l'interrogation lyonnaise","description":"A quelques jours de d\u00e9but de la Ligue 1, l'OL affiche clairement ses ambitions. Mais le d\u00e9part potentiel de son buteur Moussa Demb\u00e9l\u00e9 commence \u00e0 inqui\u00e9ter.","robots":{"index":"index","follow":"follow","max-snippet":"max-snippet:-1","max-image-preview":"max-image-preview:large","max-video-preview":"max-video-preview:-1"},"canonical":"https:\/\/dicodusport.fr\/blog\/moussa-dembele-l-interrogation-lyonnaise\/","og_locale":"fr_FR","og_type":"article","og_title":"Moussa Demb\u00e9l\u00e9, l'interrogation lyonnaise","og_description":"A quelques jours de d\u00e9but de la Ligue 1, l'OL affiche clairement ses ambitions. Mais le d\u00e9part potentiel de son buteur Moussa Demb\u00e9l\u00e9 commence \u00e0 inqui\u00e9ter.","og_url":"https:\/\/dicodusport.fr\/blog\/moussa-dembele-l-interrogation-lyonnaise\/","og_site_name":"Dicodusport","article_publisher":"https:\/\/www.facebook.com\/dicodusport","article_published_time":"2019-07-31T08:25:20+00:00","article_modified_time":"2019-07-31T08:42:44+00:00","og_image":[{"width":800,"height":445,"url":"https:\/\/dicodusport.fr\/blog\/wp-content\/uploads\/2019\/07\/Moussa-Demb\u00e9l\u00e9-quittera-t-il-lOL-_.png","type":"image\/png"}],"author":"Bastien Pitte","twitter_card":"summary_large_image","twitter_title":"Moussa Demb\u00e9l\u00e9, l'interrogation lyonnaise","twitter_creator":"@dicodusport","twitter_site":"@dicodusport","schema":{"@context":"https:\/\/schema.org","@graph":[{"@type":"NewsArticle","@id":"https:\/\/dicodusport.fr\/blog\/moussa-dembele-l-interrogation-lyonnaise\/#article","isPartOf":{"@id":"https:\/\/dicodusport.fr\/blog\/moussa-dembele-l-interrogation-lyonnaise\/"},"author":{"name":"Bastien Pitte","@id":"https:\/\/dicodusport.fr\/blog\/#\/schema\/person\/0d3ca824646a2d0c77bdd7e45230c071"},"headline":"Moussa Demb\u00e9l\u00e9, l&rsquo;interrogation lyonnaise","datePublished":"2019-07-31T08:25:20+00:00","dateModified":"2019-07-31T08:42:44+00:00","mainEntityOfPage":{"@id":"https:\/\/dicodusport.fr\/blog\/moussa-dembele-l-interrogation-lyonnaise\/"},"wordCount":569,"commentCount":0,"publisher":{"@id":"https:\/\/dicodusport.fr\/blog\/#organization"},"image":{"@id":"https:\/\/dicodusport.fr\/blog\/moussa-dembele-l-interrogation-lyonnaise\/#primaryimage"},"thumbnailUrl":"https:\/\/dicodusport.fr\/blog\/wp-content\/uploads\/2019\/07\/Moussa-Demb\u00e9l\u00e9-quittera-t-il-lOL-_.png","keywords":["Football","Jean-Michel Aulas","Ligue 1","Lyon","Manchester United","Moussa Demb\u00e9l\u00e9","OL","sport"],"articleSection":["Football"],"inLanguage":"fr-FR","potentialAction":[{"@type":"CommentAction","name":"Comment","target":["https:\/\/dicodusport.fr\/blog\/moussa-dembele-l-interrogation-lyonnaise\/#respond"]}],"copyrightYear":"2019","copyrightHolder":{"@id":"https:\/\/dicodusport.fr\/blog\/#organization"}},{"@type":"WebPage","@id":"https:\/\/dicodusport.fr\/blog\/moussa-dembele-l-interrogation-lyonnaise\/","url":"https:\/\/dicodusport.fr\/blog\/moussa-dembele-l-interrogation-lyonnaise\/","name":"Moussa Demb\u00e9l\u00e9, l'interrogation lyonnaise","isPartOf":{"@id":"https:\/\/dicodusport.fr\/blog\/#website"},"primaryImageOfPage":{"@id":"https:\/\/dicodusport.fr\/blog\/moussa-dembele-l-interrogation-lyonnaise\/#primaryimage"},"image":{"@id":"https:\/\/dicodusport.fr\/blog\/moussa-dembele-l-interrogation-lyonnaise\/#primaryimage"},"thumbnailUrl":"https:\/\/dicodusport.fr\/blog\/wp-content\/uploads\/2019\/07\/Moussa-Demb\u00e9l\u00e9-quittera-t-il-lOL-_.png","datePublished":"2019-07-31T08:25:20+00:00","dateModified":"2019-07-31T08:42:44+00:00","description":"A quelques jours de d\u00e9but de la Ligue 1, l'OL affiche clairement ses ambitions. Mais le d\u00e9part potentiel de son buteur Moussa Demb\u00e9l\u00e9 commence \u00e0 inqui\u00e9ter.","breadcrumb":{"@id":"https:\/\/dicodusport.fr\/blog\/moussa-dembele-l-interrogation-lyonnaise\/#breadcrumb"},"inLanguage":"fr-FR","potentialAction":[{"@type":"ReadAction","target":["https:\/\/dicodusport.fr\/blog\/moussa-dembele-l-interrogation-lyonnaise\/"]}]},{"@type":"ImageObject","inLanguage":"fr-FR","@id":"https:\/\/dicodusport.fr\/blog\/moussa-dembele-l-interrogation-lyonnaise\/#primaryimage","url":"https:\/\/dicodusport.fr\/blog\/wp-content\/uploads\/2019\/07\/Moussa-Demb\u00e9l\u00e9-quittera-t-il-lOL-_.png","contentUrl":"https:\/\/dicodusport.fr\/blog\/wp-content\/uploads\/2019\/07\/Moussa-Demb\u00e9l\u00e9-quittera-t-il-lOL-_.png","width":800,"height":445},{"@type":"BreadcrumbList","@id":"https:\/\/dicodusport.fr\/blog\/moussa-dembele-l-interrogation-lyonnaise\/#breadcrumb","itemListElement":[{"@type":"ListItem","position":1,"name":"Accueil","item":"https:\/\/dicodusport.fr\/blog\/"},{"@type":"ListItem","position":2,"name":"Moussa Demb\u00e9l\u00e9, l&rsquo;interrogation lyonnaise"}]},{"@type":"WebSite","@id":"https:\/\/dicodusport.fr\/blog\/#website","url":"https:\/\/dicodusport.fr\/blog\/","name":"Dicodusport","description":"L&#039;encyclop\u00e9die de l&#039;actualit\u00e9 sportive","publisher":{"@id":"https:\/\/dicodusport.fr\/blog\/#organization"},"potentialAction":[{"@type":"SearchAction","target":{"@type":"EntryPoint","urlTemplate":"https:\/\/dicodusport.fr\/blog\/?s={search_term_string}"},"query-input":{"@type":"PropertyValueSpecification","valueRequired":true,"valueName":"search_term_string"}}],"inLanguage":"fr-FR"},{"@type":"NewsMediaOrganization","@id":"https:\/\/dicodusport.fr\/blog\/#organization","name":"Dicodusport","url":"https:\/\/dicodusport.fr\/blog\/","logo":{"@type":"ImageObject","inLanguage":"fr-FR","@id":"https:\/\/dicodusport.fr\/blog\/#\/schema\/logo\/image\/","url":"https:\/\/dicodusport.fr\/blog\/wp-content\/uploads\/2020\/06\/cropped-LOGO-DICODUSPORT-2020-SANS-FOND-SANS-TEXTE.png","contentUrl":"https:\/\/dicodusport.fr\/blog\/wp-content\/uploads\/2020\/06\/cropped-LOGO-DICODUSPORT-2020-SANS-FOND-SANS-TEXTE.png","width":512,"height":512,"caption":"Dicodusport"},"image":{"@id":"https:\/\/dicodusport.fr\/blog\/#\/schema\/logo\/image\/"},"sameAs":["https:\/\/www.facebook.com\/dicodusport","https:\/\/x.com\/dicodusport","https:\/\/www.instagram.com\/dicodusport\/","https:\/\/www.youtube.com\/channel\/UC7V2KZ5sd3htJivAbA4ZG3w"],"description":"Dicodusport est l'encyclop\u00e9die de l'actualit\u00e9 sportive.","email":"bonjour@dicodusport.fr","legalName":"DICODUSPORT","foundingDate":"2018-01-14","vatID":"FR71834470973","taxID":"83447097300043","numberOfEmployees":{"@type":"QuantitativeValue","minValue":"1","maxValue":"10"}},{"@type":"Person","@id":"https:\/\/dicodusport.fr\/blog\/#\/schema\/person\/0d3ca824646a2d0c77bdd7e45230c071","name":"Bastien Pitte","image":{"@type":"ImageObject","inLanguage":"fr-FR","@id":"https:\/\/dicodusport.fr\/blog\/#\/schema\/person\/image\/","url":"https:\/\/dicodusport.fr\/blog\/wp-content\/uploads\/2020\/06\/cropped-LOGO-DICODUSPORT-2020-SANS-FOND-SANS-TEXTE-150x150.png","contentUrl":"https:\/\/dicodusport.fr\/blog\/wp-content\/uploads\/2020\/06\/cropped-LOGO-DICODUSPORT-2020-SANS-FOND-SANS-TEXTE-150x150.png","caption":"Bastien Pitte"},"url":"https:\/\/dicodusport.fr\/blog\/author\/bastien\/"}]}},"_links":{"self":[{"href":"https:\/\/dicodusport.fr\/blog\/wp-json\/wp\/v2\/posts\/44310","targetHints":{"allow":["GET"]}}],"collection":[{"href":"https:\/\/dicodusport.fr\/blog\/wp-json\/wp\/v2\/posts"}],"about":[{"href":"https:\/\/dicodusport.fr\/blog\/wp-json\/wp\/v2\/types\/post"}],"author":[{"embeddable":true,"href":"https:\/\/dicodusport.fr\/blog\/wp-json\/wp\/v2\/users\/28"}],"replies":[{"embeddable":true,"href":"https:\/\/dicodusport.fr\/blog\/wp-json\/wp\/v2\/comments?post=44310"}],"version-history":[{"count":0,"href":"https:\/\/dicodusport.fr\/blog\/wp-json\/wp\/v2\/posts\/44310\/revisions"}],"wp:featuredmedia":[{"embeddable":true,"href":"https:\/\/dicodusport.fr\/blog\/wp-json\/wp\/v2\/media\/44315"}],"wp:attachment":[{"href":"https:\/\/dicodusport.fr\/blog\/wp-json\/wp\/v2\/media?parent=44310"}],"wp:term":[{"taxonomy":"category","embeddable":true,"href":"https:\/\/dicodusport.fr\/blog\/wp-json\/wp\/v2\/categories?post=44310"},{"taxonomy":"post_tag","embeddable":true,"href":"https:\/\/dicodusport.fr\/blog\/wp-json\/wp\/v2\/tags?post=44310"}],"curies":[{"name":"wp","href":"https:\/\/api.w.org\/{rel}","templated":true}]}}