{"id":443112,"date":"2023-12-07T10:38:12","date_gmt":"2023-12-07T09:38:12","guid":{"rendered":"https:\/\/dicodusport.fr\/blog\/?p=443112&#038;preview=true&#038;preview_id=443112"},"modified":"2023-12-07T11:04:48","modified_gmt":"2023-12-07T10:04:48","slug":"aviron-bayonnais-le-prix-du-transfert-de-matis-perchaud-a-lubb-devoile","status":"publish","type":"post","link":"https:\/\/dicodusport.fr\/blog\/aviron-bayonnais-le-prix-du-transfert-de-matis-perchaud-a-lubb-devoile\/","title":{"rendered":"Aviron Bayonnais : Le prix du transfert de Matis Perchaud \u00e0 l&rsquo;UBB d\u00e9voil\u00e9"},"content":{"rendered":"<p style=\"text-align: justify;\"><strong><em>TOP 14 2023-2024 &#8211; Selon Sud-Ouest, l&rsquo;Union Bordeaux-B\u00e8gles va d\u00e9bourser une tr\u00e8s grosse somme pour signer Matis Perchaud.<\/em><\/strong><\/p>\n<p style=\"text-align: justify;\">Depuis quelques jours, le dossier <strong>Matis<\/strong> <strong>Perchaud<\/strong> \u00e9tait au c\u0153ur des discussions au <strong>Pays<\/strong> <strong>Basque<\/strong>. Bien qu&rsquo;engag\u00e9 avec l&rsquo;<strong>Aviron Bayonnais<\/strong> jusqu&rsquo;en juin 2026, le jeune pilier gauche a re\u00e7u une proposition pour l&rsquo;<strong>Union Bordeaux-B\u00e8gles<\/strong> pour un nouveau challenge \u00e0 compter de l&rsquo;\u00e9t\u00e9 prochain. Apr\u00e8s r\u00e9flexion, il a finalement dit oui \u00e0 l&rsquo;UBB.<\/p>\n<ul style=\"text-align: justify;\">\n<li style=\"text-align: justify;\"><strong>\u00c0 ce sujet &#8211; <a href=\"https:\/\/dicodusport.fr\/blog\/transferts-entre-bayonne-et-lubb-matis-perchaud-a-tranche\/\" target=\"_blank\" rel=\"noopener\">Transferts : Entre Bayonne et l\u2019UBB, Matis Perchaud a tranch\u00e9<\/a><\/strong><\/li>\n<\/ul>\n<h2 style=\"text-align: justify;\">Matis Perchaud presque aussi cher que Melvyn Jaminet<\/h2>\n<p style=\"text-align: justify;\">Le choix n&rsquo;a pas \u00e9t\u00e9 facile pour <strong>Matis<\/strong> <strong>Perchaud<\/strong> qui a retrouv\u00e9 des couleurs avec Bayonne ces derni\u00e8res semaines, et qui fait de nouveau partie des plans de <strong>Gr\u00e9gory<\/strong> <strong>Patat<\/strong>. Mais la perspective de retrouver <strong>Yannick<\/strong> <strong>Bru<\/strong>, qui l&rsquo;a lanc\u00e9 chez les professionnels alors qu&rsquo;il avait seulement 18 ans, l&rsquo;a finalement convaincu de sauter le pas et de rejoindre la Gironde.<\/p>\n<p style=\"text-align: justify;\">Mais ce transfert aura un co\u00fbt. En effet, comme mentionn\u00e9 plus haut, <strong>Matis<\/strong> <strong>Perchaud<\/strong> aura encore deux ans de contrat au moment de la transaction. Selon <em>Sud-Ouest<\/em>, l&rsquo;<strong>Aviron Bayonnais<\/strong> a demand\u00e9 500 000 euros pour le transfert de son international U20. Une coquette somme pour un pilier en devenir, mais qui montre bien la confiance qu&rsquo;\u00e0 l&rsquo;<strong>Union<\/strong> <strong>Bordeaux-B\u00e8gles<\/strong> pour qu&rsquo;il devienne une r\u00e9f\u00e9rence \u00e0 son poste. Laurent Marti va donc d\u00e9bourser un demi-million d&rsquo;euros pour <strong>Matis<\/strong> <strong>Perchaud<\/strong>, <a href=\"https:\/\/dicodusport.fr\/blog\/le-prix-du-transfert-de-melvyn-jaminet-au-rc-toulon-devoile\/\">c&rsquo;est presque autant que Toulon pour <strong>Melvyn<\/strong> <strong>Jaminet<\/strong><\/a>, 550 000 euros, avec un contrat un peu plus court, 19 mois contre 24.<\/p>\n<blockquote class=\"twitter-tweet\">\n<p dir=\"ltr\" lang=\"fr\">Transferts \u00e0 l\u2019Aviron Bayonnais : Perchaud int\u00e9resse Bordeaux, Huguet re\u00e7u au Stade Fran\u00e7ais<a href=\"https:\/\/t.co\/mj1NcylBvE\">https:\/\/t.co\/mj1NcylBvE<\/a><\/p>\n<p>\u2014 SudOuest Sport (@SudOuest_Sport) <a href=\"https:\/\/twitter.com\/SudOuest_Sport\/status\/1731378082479472754?ref_src=twsrc%5Etfw\">December 3, 2023<\/a><\/p><\/blockquote>\n<p style=\"text-align: justify;\"><script async src=\"https:\/\/platform.twitter.com\/widgets.js\" charset=\"utf-8\"><\/script><\/p>\n","protected":false},"excerpt":{"rendered":"<p>TOP 14 2023-2024 &#8211; Selon Sud-Ouest, l&rsquo;Union Bordeaux-B\u00e8gles va d\u00e9bourser une tr\u00e8s grosse somme pour signer Matis Perchaud.<\/p>\n","protected":false},"author":1,"featured_media":441396,"comment_status":"open","ping_status":"closed","sticky":false,"template":"","format":"standard","meta":{"_acf_changed":false,"_daextam_enable_autolinks":"1","footnotes":""},"categories":[9129,47050],"tags":[16878,1567],"class_list":["post-443112","post","type-post","status-publish","format-standard","has-post-thumbnail","hentry","category-rugby-a-xv","category-top-14","tag-breve","tag-ubb"],"acf":[],"yoast_head":"<!-- This site is optimized with the Yoast SEO Premium plugin v26.7 (Yoast SEO v26.7) - https:\/\/yoast.com\/wordpress\/plugins\/seo\/ -->\n<title>Aviron Bayonnais : Le prix du transfert de Matis Perchaud \u00e0 l&#039;UBB d\u00e9voil\u00e9<\/title>\n<meta name=\"description\" content=\"TOP 14 2023-2024 - Selon Sud-Ouest, l&#039;Union Bordeaux-B\u00e8gles va d\u00e9bourser une tr\u00e8s grosse somme pour signer Matis Perchaud.\" \/>\n<meta name=\"robots\" content=\"index, follow, max-snippet:-1, max-image-preview:large, max-video-preview:-1\" \/>\n<link rel=\"canonical\" href=\"https:\/\/dicodusport.fr\/blog\/aviron-bayonnais-le-prix-du-transfert-de-matis-perchaud-a-lubb-devoile\/\" \/>\n<meta property=\"og:locale\" content=\"fr_FR\" \/>\n<meta property=\"og:type\" content=\"article\" \/>\n<meta property=\"og:title\" content=\"Aviron Bayonnais : Le prix du transfert de Matis Perchaud \u00e0 l&#039;UBB d\u00e9voil\u00e9\" \/>\n<meta property=\"og:description\" content=\"TOP 14 2023-2024 - Selon Sud-Ouest, l&#039;Union Bordeaux-B\u00e8gles va d\u00e9bourser une tr\u00e8s grosse somme pour signer Matis Perchaud.\" \/>\n<meta property=\"og:url\" content=\"https:\/\/dicodusport.fr\/blog\/aviron-bayonnais-le-prix-du-transfert-de-matis-perchaud-a-lubb-devoile\/\" \/>\n<meta property=\"og:site_name\" content=\"Dicodusport\" \/>\n<meta property=\"article:publisher\" content=\"https:\/\/www.facebook.com\/dicodusport\" \/>\n<meta property=\"article:author\" content=\"https:\/\/www.facebook.com\/dicodusport\" \/>\n<meta property=\"article:published_time\" content=\"2023-12-07T09:38:12+00:00\" \/>\n<meta property=\"article:modified_time\" content=\"2023-12-07T10:04:48+00:00\" \/>\n<meta property=\"og:image\" content=\"https:\/\/dicodusport.fr\/blog\/wp-content\/uploads\/2023\/11\/Transferts-Matis-Perchaud-pourrait-quitter-Bayonne-pour-un-autre-club-de-Top-14.png\" \/>\n\t<meta property=\"og:image:width\" content=\"1200\" \/>\n\t<meta property=\"og:image:height\" content=\"674\" \/>\n\t<meta property=\"og:image:type\" content=\"image\/png\" \/>\n<meta name=\"author\" content=\"Nicolas Jacquemard\" \/>\n<meta name=\"twitter:card\" content=\"summary_large_image\" \/>\n<meta name=\"twitter:title\" content=\"Aviron Bayonnais : Le prix du transfert de Matis Perchaud \u00e0 l&#039;UBB d\u00e9voil\u00e9\" \/>\n<meta name=\"twitter:creator\" content=\"@https:\/\/twitter.com\/Nico_Jacquemard\" \/>\n<meta name=\"twitter:site\" content=\"@dicodusport\" \/>\n<script type=\"application\/ld+json\" class=\"yoast-schema-graph\">{\"@context\":\"https:\/\/schema.org\",\"@graph\":[{\"@type\":\"NewsArticle\",\"@id\":\"https:\/\/dicodusport.fr\/blog\/aviron-bayonnais-le-prix-du-transfert-de-matis-perchaud-a-lubb-devoile\/#article\",\"isPartOf\":{\"@id\":\"https:\/\/dicodusport.fr\/blog\/aviron-bayonnais-le-prix-du-transfert-de-matis-perchaud-a-lubb-devoile\/\"},\"author\":{\"name\":\"Nicolas Jacquemard\",\"@id\":\"https:\/\/dicodusport.fr\/blog\/#\/schema\/person\/55dcb50ad410894e431ed812bbb70191\"},\"headline\":\"Aviron Bayonnais : Le prix du transfert de Matis Perchaud \u00e0 l&rsquo;UBB d\u00e9voil\u00e9\",\"datePublished\":\"2023-12-07T09:38:12+00:00\",\"dateModified\":\"2023-12-07T10:04:48+00:00\",\"mainEntityOfPage\":{\"@id\":\"https:\/\/dicodusport.fr\/blog\/aviron-bayonnais-le-prix-du-transfert-de-matis-perchaud-a-lubb-devoile\/\"},\"wordCount\":307,\"commentCount\":0,\"publisher\":{\"@id\":\"https:\/\/dicodusport.fr\/blog\/#organization\"},\"image\":{\"@id\":\"https:\/\/dicodusport.fr\/blog\/aviron-bayonnais-le-prix-du-transfert-de-matis-perchaud-a-lubb-devoile\/#primaryimage\"},\"thumbnailUrl\":\"https:\/\/dicodusport.fr\/blog\/wp-content\/uploads\/2023\/11\/Transferts-Matis-Perchaud-pourrait-quitter-Bayonne-pour-un-autre-club-de-Top-14.png\",\"keywords\":[\"br\u00e8ve\",\"UBB\"],\"articleSection\":[\"Rugby \u00e0 XV\",\"Top 14\"],\"inLanguage\":\"fr-FR\",\"potentialAction\":[{\"@type\":\"CommentAction\",\"name\":\"Comment\",\"target\":[\"https:\/\/dicodusport.fr\/blog\/aviron-bayonnais-le-prix-du-transfert-de-matis-perchaud-a-lubb-devoile\/#respond\"]}],\"copyrightYear\":\"2023\",\"copyrightHolder\":{\"@id\":\"https:\/\/dicodusport.fr\/blog\/#organization\"}},{\"@type\":\"WebPage\",\"@id\":\"https:\/\/dicodusport.fr\/blog\/aviron-bayonnais-le-prix-du-transfert-de-matis-perchaud-a-lubb-devoile\/\",\"url\":\"https:\/\/dicodusport.fr\/blog\/aviron-bayonnais-le-prix-du-transfert-de-matis-perchaud-a-lubb-devoile\/\",\"name\":\"Aviron Bayonnais : Le prix du transfert de Matis Perchaud \u00e0 l'UBB d\u00e9voil\u00e9\",\"isPartOf\":{\"@id\":\"https:\/\/dicodusport.fr\/blog\/#website\"},\"primaryImageOfPage\":{\"@id\":\"https:\/\/dicodusport.fr\/blog\/aviron-bayonnais-le-prix-du-transfert-de-matis-perchaud-a-lubb-devoile\/#primaryimage\"},\"image\":{\"@id\":\"https:\/\/dicodusport.fr\/blog\/aviron-bayonnais-le-prix-du-transfert-de-matis-perchaud-a-lubb-devoile\/#primaryimage\"},\"thumbnailUrl\":\"https:\/\/dicodusport.fr\/blog\/wp-content\/uploads\/2023\/11\/Transferts-Matis-Perchaud-pourrait-quitter-Bayonne-pour-un-autre-club-de-Top-14.png\",\"datePublished\":\"2023-12-07T09:38:12+00:00\",\"dateModified\":\"2023-12-07T10:04:48+00:00\",\"description\":\"TOP 14 2023-2024 - Selon Sud-Ouest, l'Union Bordeaux-B\u00e8gles va d\u00e9bourser une tr\u00e8s grosse somme pour signer Matis Perchaud.\",\"breadcrumb\":{\"@id\":\"https:\/\/dicodusport.fr\/blog\/aviron-bayonnais-le-prix-du-transfert-de-matis-perchaud-a-lubb-devoile\/#breadcrumb\"},\"inLanguage\":\"fr-FR\",\"potentialAction\":[{\"@type\":\"ReadAction\",\"target\":[\"https:\/\/dicodusport.fr\/blog\/aviron-bayonnais-le-prix-du-transfert-de-matis-perchaud-a-lubb-devoile\/\"]}]},{\"@type\":\"ImageObject\",\"inLanguage\":\"fr-FR\",\"@id\":\"https:\/\/dicodusport.fr\/blog\/aviron-bayonnais-le-prix-du-transfert-de-matis-perchaud-a-lubb-devoile\/#primaryimage\",\"url\":\"https:\/\/dicodusport.fr\/blog\/wp-content\/uploads\/2023\/11\/Transferts-Matis-Perchaud-pourrait-quitter-Bayonne-pour-un-autre-club-de-Top-14.png\",\"contentUrl\":\"https:\/\/dicodusport.fr\/blog\/wp-content\/uploads\/2023\/11\/Transferts-Matis-Perchaud-pourrait-quitter-Bayonne-pour-un-autre-club-de-Top-14.png\",\"width\":1200,\"height\":674},{\"@type\":\"BreadcrumbList\",\"@id\":\"https:\/\/dicodusport.fr\/blog\/aviron-bayonnais-le-prix-du-transfert-de-matis-perchaud-a-lubb-devoile\/#breadcrumb\",\"itemListElement\":[{\"@type\":\"ListItem\",\"position\":1,\"name\":\"Accueil\",\"item\":\"https:\/\/dicodusport.fr\/blog\/\"},{\"@type\":\"ListItem\",\"position\":2,\"name\":\"Aviron Bayonnais : Le prix du transfert de Matis Perchaud \u00e0 l&rsquo;UBB d\u00e9voil\u00e9\"}]},{\"@type\":\"WebSite\",\"@id\":\"https:\/\/dicodusport.fr\/blog\/#website\",\"url\":\"https:\/\/dicodusport.fr\/blog\/\",\"name\":\"Dicodusport\",\"description\":\"L&#039;encyclop\u00e9die de l&#039;actualit\u00e9 sportive\",\"publisher\":{\"@id\":\"https:\/\/dicodusport.fr\/blog\/#organization\"},\"potentialAction\":[{\"@type\":\"SearchAction\",\"target\":{\"@type\":\"EntryPoint\",\"urlTemplate\":\"https:\/\/dicodusport.fr\/blog\/?s={search_term_string}\"},\"query-input\":{\"@type\":\"PropertyValueSpecification\",\"valueRequired\":true,\"valueName\":\"search_term_string\"}}],\"inLanguage\":\"fr-FR\"},{\"@type\":\"NewsMediaOrganization\",\"@id\":\"https:\/\/dicodusport.fr\/blog\/#organization\",\"name\":\"Dicodusport\",\"url\":\"https:\/\/dicodusport.fr\/blog\/\",\"logo\":{\"@type\":\"ImageObject\",\"inLanguage\":\"fr-FR\",\"@id\":\"https:\/\/dicodusport.fr\/blog\/#\/schema\/logo\/image\/\",\"url\":\"https:\/\/dicodusport.fr\/blog\/wp-content\/uploads\/2020\/06\/cropped-LOGO-DICODUSPORT-2020-SANS-FOND-SANS-TEXTE.png\",\"contentUrl\":\"https:\/\/dicodusport.fr\/blog\/wp-content\/uploads\/2020\/06\/cropped-LOGO-DICODUSPORT-2020-SANS-FOND-SANS-TEXTE.png\",\"width\":512,\"height\":512,\"caption\":\"Dicodusport\"},\"image\":{\"@id\":\"https:\/\/dicodusport.fr\/blog\/#\/schema\/logo\/image\/\"},\"sameAs\":[\"https:\/\/www.facebook.com\/dicodusport\",\"https:\/\/x.com\/dicodusport\",\"https:\/\/www.instagram.com\/dicodusport\/\",\"https:\/\/www.youtube.com\/channel\/UC7V2KZ5sd3htJivAbA4ZG3w\"],\"description\":\"Dicodusport est l'encyclop\u00e9die de l'actualit\u00e9 sportive.\",\"email\":\"bonjour@dicodusport.fr\",\"legalName\":\"DICODUSPORT\",\"foundingDate\":\"2018-01-14\",\"vatID\":\"FR71834470973\",\"taxID\":\"83447097300043\",\"numberOfEmployees\":{\"@type\":\"QuantitativeValue\",\"minValue\":\"1\",\"maxValue\":\"10\"}},{\"@type\":\"Person\",\"@id\":\"https:\/\/dicodusport.fr\/blog\/#\/schema\/person\/55dcb50ad410894e431ed812bbb70191\",\"name\":\"Nicolas Jacquemard\",\"image\":{\"@type\":\"ImageObject\",\"inLanguage\":\"fr-FR\",\"@id\":\"https:\/\/dicodusport.fr\/blog\/#\/schema\/person\/image\/\",\"url\":\"https:\/\/dicodusport.fr\/blog\/wp-content\/uploads\/2021\/05\/Nicolas-Jacquemard-150x150.jpeg\",\"contentUrl\":\"https:\/\/dicodusport.fr\/blog\/wp-content\/uploads\/2021\/05\/Nicolas-Jacquemard-150x150.jpeg\",\"caption\":\"Nicolas Jacquemard\"},\"description\":\"Passionn\u00e9 de sport et entrepreneur depuis mes 18 ans, la cr\u00e9ation de Dicodusport m'a sembl\u00e9 \u00e9vidente pour participer \u00e0 la m\u00e9diatisation d'un plus grand nombre de sports. Le chemin est long mais avec une \u00e9quipe des plus motiv\u00e9es et les Jeux Olympiques de Paris 2024 en point de mire, nous y arriverons ! Journaliste dans le monde du sport depuis plus de 5 ans, je traite aussi bien de football, de rugby, de biathlon que de cyclisme.\",\"sameAs\":[\"https:\/\/www.facebook.com\/dicodusport\",\"https:\/\/x.com\/https:\/\/twitter.com\/Nico_Jacquemard\"],\"url\":\"https:\/\/dicodusport.fr\/blog\/author\/dicodusport\/\"}]}<\/script>\n<!-- \/ Yoast SEO Premium plugin. -->","yoast_head_json":{"title":"Aviron Bayonnais : Le prix du transfert de Matis Perchaud \u00e0 l'UBB d\u00e9voil\u00e9","description":"TOP 14 2023-2024 - Selon Sud-Ouest, l'Union Bordeaux-B\u00e8gles va d\u00e9bourser une tr\u00e8s grosse somme pour signer Matis Perchaud.","robots":{"index":"index","follow":"follow","max-snippet":"max-snippet:-1","max-image-preview":"max-image-preview:large","max-video-preview":"max-video-preview:-1"},"canonical":"https:\/\/dicodusport.fr\/blog\/aviron-bayonnais-le-prix-du-transfert-de-matis-perchaud-a-lubb-devoile\/","og_locale":"fr_FR","og_type":"article","og_title":"Aviron Bayonnais : Le prix du transfert de Matis Perchaud \u00e0 l'UBB d\u00e9voil\u00e9","og_description":"TOP 14 2023-2024 - Selon Sud-Ouest, l'Union Bordeaux-B\u00e8gles va d\u00e9bourser une tr\u00e8s grosse somme pour signer Matis Perchaud.","og_url":"https:\/\/dicodusport.fr\/blog\/aviron-bayonnais-le-prix-du-transfert-de-matis-perchaud-a-lubb-devoile\/","og_site_name":"Dicodusport","article_publisher":"https:\/\/www.facebook.com\/dicodusport","article_author":"https:\/\/www.facebook.com\/dicodusport","article_published_time":"2023-12-07T09:38:12+00:00","article_modified_time":"2023-12-07T10:04:48+00:00","og_image":[{"width":1200,"height":674,"url":"https:\/\/dicodusport.fr\/blog\/wp-content\/uploads\/2023\/11\/Transferts-Matis-Perchaud-pourrait-quitter-Bayonne-pour-un-autre-club-de-Top-14.png","type":"image\/png"}],"author":"Nicolas Jacquemard","twitter_card":"summary_large_image","twitter_title":"Aviron Bayonnais : Le prix du transfert de Matis Perchaud \u00e0 l'UBB d\u00e9voil\u00e9","twitter_creator":"@https:\/\/twitter.com\/Nico_Jacquemard","twitter_site":"@dicodusport","schema":{"@context":"https:\/\/schema.org","@graph":[{"@type":"NewsArticle","@id":"https:\/\/dicodusport.fr\/blog\/aviron-bayonnais-le-prix-du-transfert-de-matis-perchaud-a-lubb-devoile\/#article","isPartOf":{"@id":"https:\/\/dicodusport.fr\/blog\/aviron-bayonnais-le-prix-du-transfert-de-matis-perchaud-a-lubb-devoile\/"},"author":{"name":"Nicolas Jacquemard","@id":"https:\/\/dicodusport.fr\/blog\/#\/schema\/person\/55dcb50ad410894e431ed812bbb70191"},"headline":"Aviron Bayonnais : Le prix du transfert de Matis Perchaud \u00e0 l&rsquo;UBB d\u00e9voil\u00e9","datePublished":"2023-12-07T09:38:12+00:00","dateModified":"2023-12-07T10:04:48+00:00","mainEntityOfPage":{"@id":"https:\/\/dicodusport.fr\/blog\/aviron-bayonnais-le-prix-du-transfert-de-matis-perchaud-a-lubb-devoile\/"},"wordCount":307,"commentCount":0,"publisher":{"@id":"https:\/\/dicodusport.fr\/blog\/#organization"},"image":{"@id":"https:\/\/dicodusport.fr\/blog\/aviron-bayonnais-le-prix-du-transfert-de-matis-perchaud-a-lubb-devoile\/#primaryimage"},"thumbnailUrl":"https:\/\/dicodusport.fr\/blog\/wp-content\/uploads\/2023\/11\/Transferts-Matis-Perchaud-pourrait-quitter-Bayonne-pour-un-autre-club-de-Top-14.png","keywords":["br\u00e8ve","UBB"],"articleSection":["Rugby \u00e0 XV","Top 14"],"inLanguage":"fr-FR","potentialAction":[{"@type":"CommentAction","name":"Comment","target":["https:\/\/dicodusport.fr\/blog\/aviron-bayonnais-le-prix-du-transfert-de-matis-perchaud-a-lubb-devoile\/#respond"]}],"copyrightYear":"2023","copyrightHolder":{"@id":"https:\/\/dicodusport.fr\/blog\/#organization"}},{"@type":"WebPage","@id":"https:\/\/dicodusport.fr\/blog\/aviron-bayonnais-le-prix-du-transfert-de-matis-perchaud-a-lubb-devoile\/","url":"https:\/\/dicodusport.fr\/blog\/aviron-bayonnais-le-prix-du-transfert-de-matis-perchaud-a-lubb-devoile\/","name":"Aviron Bayonnais : Le prix du transfert de Matis Perchaud \u00e0 l'UBB d\u00e9voil\u00e9","isPartOf":{"@id":"https:\/\/dicodusport.fr\/blog\/#website"},"primaryImageOfPage":{"@id":"https:\/\/dicodusport.fr\/blog\/aviron-bayonnais-le-prix-du-transfert-de-matis-perchaud-a-lubb-devoile\/#primaryimage"},"image":{"@id":"https:\/\/dicodusport.fr\/blog\/aviron-bayonnais-le-prix-du-transfert-de-matis-perchaud-a-lubb-devoile\/#primaryimage"},"thumbnailUrl":"https:\/\/dicodusport.fr\/blog\/wp-content\/uploads\/2023\/11\/Transferts-Matis-Perchaud-pourrait-quitter-Bayonne-pour-un-autre-club-de-Top-14.png","datePublished":"2023-12-07T09:38:12+00:00","dateModified":"2023-12-07T10:04:48+00:00","description":"TOP 14 2023-2024 - Selon Sud-Ouest, l'Union Bordeaux-B\u00e8gles va d\u00e9bourser une tr\u00e8s grosse somme pour signer Matis Perchaud.","breadcrumb":{"@id":"https:\/\/dicodusport.fr\/blog\/aviron-bayonnais-le-prix-du-transfert-de-matis-perchaud-a-lubb-devoile\/#breadcrumb"},"inLanguage":"fr-FR","potentialAction":[{"@type":"ReadAction","target":["https:\/\/dicodusport.fr\/blog\/aviron-bayonnais-le-prix-du-transfert-de-matis-perchaud-a-lubb-devoile\/"]}]},{"@type":"ImageObject","inLanguage":"fr-FR","@id":"https:\/\/dicodusport.fr\/blog\/aviron-bayonnais-le-prix-du-transfert-de-matis-perchaud-a-lubb-devoile\/#primaryimage","url":"https:\/\/dicodusport.fr\/blog\/wp-content\/uploads\/2023\/11\/Transferts-Matis-Perchaud-pourrait-quitter-Bayonne-pour-un-autre-club-de-Top-14.png","contentUrl":"https:\/\/dicodusport.fr\/blog\/wp-content\/uploads\/2023\/11\/Transferts-Matis-Perchaud-pourrait-quitter-Bayonne-pour-un-autre-club-de-Top-14.png","width":1200,"height":674},{"@type":"BreadcrumbList","@id":"https:\/\/dicodusport.fr\/blog\/aviron-bayonnais-le-prix-du-transfert-de-matis-perchaud-a-lubb-devoile\/#breadcrumb","itemListElement":[{"@type":"ListItem","position":1,"name":"Accueil","item":"https:\/\/dicodusport.fr\/blog\/"},{"@type":"ListItem","position":2,"name":"Aviron Bayonnais : Le prix du transfert de Matis Perchaud \u00e0 l&rsquo;UBB d\u00e9voil\u00e9"}]},{"@type":"WebSite","@id":"https:\/\/dicodusport.fr\/blog\/#website","url":"https:\/\/dicodusport.fr\/blog\/","name":"Dicodusport","description":"L&#039;encyclop\u00e9die de l&#039;actualit\u00e9 sportive","publisher":{"@id":"https:\/\/dicodusport.fr\/blog\/#organization"},"potentialAction":[{"@type":"SearchAction","target":{"@type":"EntryPoint","urlTemplate":"https:\/\/dicodusport.fr\/blog\/?s={search_term_string}"},"query-input":{"@type":"PropertyValueSpecification","valueRequired":true,"valueName":"search_term_string"}}],"inLanguage":"fr-FR"},{"@type":"NewsMediaOrganization","@id":"https:\/\/dicodusport.fr\/blog\/#organization","name":"Dicodusport","url":"https:\/\/dicodusport.fr\/blog\/","logo":{"@type":"ImageObject","inLanguage":"fr-FR","@id":"https:\/\/dicodusport.fr\/blog\/#\/schema\/logo\/image\/","url":"https:\/\/dicodusport.fr\/blog\/wp-content\/uploads\/2020\/06\/cropped-LOGO-DICODUSPORT-2020-SANS-FOND-SANS-TEXTE.png","contentUrl":"https:\/\/dicodusport.fr\/blog\/wp-content\/uploads\/2020\/06\/cropped-LOGO-DICODUSPORT-2020-SANS-FOND-SANS-TEXTE.png","width":512,"height":512,"caption":"Dicodusport"},"image":{"@id":"https:\/\/dicodusport.fr\/blog\/#\/schema\/logo\/image\/"},"sameAs":["https:\/\/www.facebook.com\/dicodusport","https:\/\/x.com\/dicodusport","https:\/\/www.instagram.com\/dicodusport\/","https:\/\/www.youtube.com\/channel\/UC7V2KZ5sd3htJivAbA4ZG3w"],"description":"Dicodusport est l'encyclop\u00e9die de l'actualit\u00e9 sportive.","email":"bonjour@dicodusport.fr","legalName":"DICODUSPORT","foundingDate":"2018-01-14","vatID":"FR71834470973","taxID":"83447097300043","numberOfEmployees":{"@type":"QuantitativeValue","minValue":"1","maxValue":"10"}},{"@type":"Person","@id":"https:\/\/dicodusport.fr\/blog\/#\/schema\/person\/55dcb50ad410894e431ed812bbb70191","name":"Nicolas Jacquemard","image":{"@type":"ImageObject","inLanguage":"fr-FR","@id":"https:\/\/dicodusport.fr\/blog\/#\/schema\/person\/image\/","url":"https:\/\/dicodusport.fr\/blog\/wp-content\/uploads\/2021\/05\/Nicolas-Jacquemard-150x150.jpeg","contentUrl":"https:\/\/dicodusport.fr\/blog\/wp-content\/uploads\/2021\/05\/Nicolas-Jacquemard-150x150.jpeg","caption":"Nicolas Jacquemard"},"description":"Passionn\u00e9 de sport et entrepreneur depuis mes 18 ans, la cr\u00e9ation de Dicodusport m'a sembl\u00e9 \u00e9vidente pour participer \u00e0 la m\u00e9diatisation d'un plus grand nombre de sports. Le chemin est long mais avec une \u00e9quipe des plus motiv\u00e9es et les Jeux Olympiques de Paris 2024 en point de mire, nous y arriverons ! Journaliste dans le monde du sport depuis plus de 5 ans, je traite aussi bien de football, de rugby, de biathlon que de cyclisme.","sameAs":["https:\/\/www.facebook.com\/dicodusport","https:\/\/x.com\/https:\/\/twitter.com\/Nico_Jacquemard"],"url":"https:\/\/dicodusport.fr\/blog\/author\/dicodusport\/"}]}},"_links":{"self":[{"href":"https:\/\/dicodusport.fr\/blog\/wp-json\/wp\/v2\/posts\/443112","targetHints":{"allow":["GET"]}}],"collection":[{"href":"https:\/\/dicodusport.fr\/blog\/wp-json\/wp\/v2\/posts"}],"about":[{"href":"https:\/\/dicodusport.fr\/blog\/wp-json\/wp\/v2\/types\/post"}],"author":[{"embeddable":true,"href":"https:\/\/dicodusport.fr\/blog\/wp-json\/wp\/v2\/users\/1"}],"replies":[{"embeddable":true,"href":"https:\/\/dicodusport.fr\/blog\/wp-json\/wp\/v2\/comments?post=443112"}],"version-history":[{"count":4,"href":"https:\/\/dicodusport.fr\/blog\/wp-json\/wp\/v2\/posts\/443112\/revisions"}],"predecessor-version":[{"id":443121,"href":"https:\/\/dicodusport.fr\/blog\/wp-json\/wp\/v2\/posts\/443112\/revisions\/443121"}],"wp:featuredmedia":[{"embeddable":true,"href":"https:\/\/dicodusport.fr\/blog\/wp-json\/wp\/v2\/media\/441396"}],"wp:attachment":[{"href":"https:\/\/dicodusport.fr\/blog\/wp-json\/wp\/v2\/media?parent=443112"}],"wp:term":[{"taxonomy":"category","embeddable":true,"href":"https:\/\/dicodusport.fr\/blog\/wp-json\/wp\/v2\/categories?post=443112"},{"taxonomy":"post_tag","embeddable":true,"href":"https:\/\/dicodusport.fr\/blog\/wp-json\/wp\/v2\/tags?post=443112"}],"curies":[{"name":"wp","href":"https:\/\/api.w.org\/{rel}","templated":true}]}}