{"id":443170,"date":"2023-12-07T14:49:12","date_gmt":"2023-12-07T13:49:12","guid":{"rendered":"https:\/\/dicodusport.fr\/blog\/?p=443170&#038;preview=true&#038;preview_id=443170"},"modified":"2023-12-07T14:52:17","modified_gmt":"2023-12-07T13:52:17","slug":"coupe-du-monde-de-skicross-marielle-berger-sabbatel-soffre-une-deuxieme-place-a-val-thorens","status":"publish","type":"post","link":"https:\/\/dicodusport.fr\/blog\/coupe-du-monde-de-skicross-marielle-berger-sabbatel-soffre-une-deuxieme-place-a-val-thorens\/","title":{"rendered":"Coupe du monde de skicross : Marielle Berger Sabbatel s&rsquo;offre une deuxi\u00e8me place \u00e0 Val-Thorens"},"content":{"rendered":"<p style=\"text-align: justify;\"><strong><em>COUPE DU MONDE DE SKICROSS 2023\/2024 &#8211; Derri\u00e8re l&rsquo;intouchable Sandra Naeslund, Marielle Berger Sabbatel commence bien la saison avec une deuxi\u00e8me place \u00e0 domicile.<\/em><\/strong><\/p>\n<p style=\"text-align: justify;\">Pour l&rsquo;ouverture de la saison de skicross, la station de Val-Thorens proposait les deux premi\u00e8res manches sur une piste technique. Premi\u00e8re manche aujourd&rsquo;hui, avec de nombreux Fran\u00e7ais engag\u00e9s, mais peu ont r\u00e9ellement tir\u00e9 leur \u00e9pingle du jeu. Les hommes n&rsquo;ont pas d\u00e9pass\u00e9 les quarts de finale, handicap\u00e9s par les chutes de <strong>Melvin Tchiknavorian<\/strong> puis<strong> Ambroise Paget<\/strong>, alors qu&rsquo;ils \u00e9taient 4 \u00e0 ce niveau.<\/p>\n<h2 style=\"text-align: justify;\"><strong>Marielle Berger Sabbatel splendide<\/strong><\/h2>\n<p style=\"text-align: justify;\">Les femmes, en revanche, ont fait parler d&rsquo;elles, puisque <strong>Jade Grillet Aubert<\/strong> et <strong>Marielle Berger Sabbatel<\/strong> \u00e9taient pr\u00e9sentes en demi-finales. Si la premi\u00e8re s&rsquo;est arr\u00eat\u00e9e l\u00e0, la seconde a sorti une course splendide pour prendre la deuxi\u00e8me place et sortir rien de moins que l&rsquo;ancienne championne olympique, <strong>Marielle Thompson<\/strong>. Une performance qui lui ouvrait les portes de la finale, avec un plateau de choix face \u00e0 elle.<\/p>\n<p style=\"text-align: justify;\">L&rsquo;ancienne championne du monde <strong>Fanny Smith,<\/strong> la vice-championne olympique 2018 <strong>Britanny Phelan<\/strong> et bien \u00e9videmment la reine de la discipline <strong>Sandra Naeslund<\/strong> : telles \u00e9taient les rivales de la Tricolore. L&rsquo;envol n&rsquo;a pas \u00e9t\u00e9 id\u00e9al, mais <strong>Marielle Berger Sabbatel <\/strong>est ressortie en troisi\u00e8me position avant de sortir un d\u00e9passement d&rsquo;\u00e9cole sur <strong>Fanny Smith<\/strong> pour terminer deuxi\u00e8me, derri\u00e8re l&rsquo;intouchable <strong>Naeslund.<\/strong> Un premier podium qui fait suite \u00e0 sa victoire lors de la derni\u00e8re manche de la saison 2022\/2023, et un d\u00e9but de saison en fanfare pour elle. On esp\u00e8re la m\u00eame chose demain pour la revanche sur la m\u00eame piste.<\/p>\n<blockquote class=\"twitter-tweet\">\n<p dir=\"ltr\" lang=\"fr\">Marielle Berger Sabbatel s&rsquo;offre une superbe deuxi\u00e8me place en Coupe du monde ! \ud83d\udcaa\ud83c\uddeb\ud83c\uddf7<a href=\"https:\/\/twitter.com\/hashtag\/lequipeSKI?src=hash&amp;ref_src=twsrc%5Etfw\">#lequipeSKI<\/a> <a href=\"https:\/\/t.co\/AzpGoUaLTy\">pic.twitter.com\/AzpGoUaLTy<\/a><\/p>\n<p>\u2014 la chaine L&rsquo;\u00c9quipe (@lachainelequipe) <a href=\"https:\/\/twitter.com\/lachainelequipe\/status\/1732758729785811323?ref_src=twsrc%5Etfw\">December 7, 2023<\/a><\/p><\/blockquote>\n<p><script async src=\"https:\/\/platform.twitter.com\/widgets.js\" charset=\"utf-8\"><\/script><\/p>\n<p style=\"text-align: justify;\">\n","protected":false},"excerpt":{"rendered":"<p>COUPE DU MONDE DE SKICROSS 2023\/2024 &#8211; Derri\u00e8re l&rsquo;intouchable Sandra Naeslund, Marielle Berger Sabbatel commence bien la saison avec une deuxi\u00e8me place \u00e0 domicile.<\/p>\n","protected":false},"author":59,"featured_media":443179,"comment_status":"open","ping_status":"closed","sticky":false,"template":"","format":"standard","meta":{"_acf_changed":false,"_daextam_enable_autolinks":"1","footnotes":""},"categories":[2313],"tags":[16878,13800,24],"class_list":["post-443170","post","type-post","status-publish","format-standard","has-post-thumbnail","hentry","category-sports-dhiver","tag-breve","tag-marielle-berger-sabbatel","tag-sport"],"acf":[],"yoast_head":"<!-- This site is optimized with the Yoast SEO Premium plugin v26.7 (Yoast SEO v26.7) - https:\/\/yoast.com\/wordpress\/plugins\/seo\/ -->\n<title>Coupe du monde de skicross : Marielle Berger Sabbatel s&#039;offre une deuxi\u00e8me place \u00e0 Val-Thorens<\/title>\n<meta name=\"description\" content=\"COUPE DU MONDE DE SKICROSS 2023\/2024 - Marielle Berger Sabbatel commence bien la saison avec une deuxi\u00e8me place \u00e0 domicile.\" \/>\n<meta name=\"robots\" content=\"index, follow, max-snippet:-1, max-image-preview:large, max-video-preview:-1\" \/>\n<link rel=\"canonical\" href=\"https:\/\/dicodusport.fr\/blog\/coupe-du-monde-de-skicross-marielle-berger-sabbatel-soffre-une-deuxieme-place-a-val-thorens\/\" \/>\n<meta property=\"og:locale\" content=\"fr_FR\" \/>\n<meta property=\"og:type\" content=\"article\" \/>\n<meta property=\"og:title\" content=\"Coupe du monde de skicross : Marielle Berger Sabbatel s&#039;offre une deuxi\u00e8me place \u00e0 Val-Thorens\" \/>\n<meta property=\"og:description\" content=\"COUPE DU MONDE DE SKICROSS 2023\/2024 - Marielle Berger Sabbatel commence bien la saison avec une deuxi\u00e8me place \u00e0 domicile.\" \/>\n<meta property=\"og:url\" content=\"https:\/\/dicodusport.fr\/blog\/coupe-du-monde-de-skicross-marielle-berger-sabbatel-soffre-une-deuxieme-place-a-val-thorens\/\" \/>\n<meta property=\"og:site_name\" content=\"Dicodusport\" \/>\n<meta property=\"article:publisher\" content=\"https:\/\/www.facebook.com\/dicodusport\" \/>\n<meta property=\"article:author\" content=\"https:\/\/www.facebook.com\/sebastien.gente\/\" \/>\n<meta property=\"article:published_time\" content=\"2023-12-07T13:49:12+00:00\" \/>\n<meta property=\"article:modified_time\" content=\"2023-12-07T13:52:17+00:00\" \/>\n<meta property=\"og:image\" content=\"https:\/\/dicodusport.fr\/blog\/wp-content\/uploads\/2023\/12\/Coupe-du-monde-de-skicross-Marielle-Berger-Sabbatel-soffre-une-deuxieme-place-a-Val-Thorens.png\" \/>\n\t<meta property=\"og:image:width\" content=\"1200\" \/>\n\t<meta property=\"og:image:height\" content=\"674\" \/>\n\t<meta property=\"og:image:type\" content=\"image\/png\" \/>\n<meta name=\"author\" content=\"S\u00e9bastien Gente\" \/>\n<meta name=\"twitter:card\" content=\"summary_large_image\" \/>\n<meta name=\"twitter:title\" content=\"Coupe du monde de skicross : Marielle Berger Sabbatel s&#039;offre une deuxi\u00e8me place \u00e0 Val-Thorens\" \/>\n<meta name=\"twitter:creator\" content=\"@https:\/\/twitter.com\/globulo24\" \/>\n<meta name=\"twitter:site\" content=\"@dicodusport\" \/>\n<script type=\"application\/ld+json\" class=\"yoast-schema-graph\">{\"@context\":\"https:\/\/schema.org\",\"@graph\":[{\"@type\":\"NewsArticle\",\"@id\":\"https:\/\/dicodusport.fr\/blog\/coupe-du-monde-de-skicross-marielle-berger-sabbatel-soffre-une-deuxieme-place-a-val-thorens\/#article\",\"isPartOf\":{\"@id\":\"https:\/\/dicodusport.fr\/blog\/coupe-du-monde-de-skicross-marielle-berger-sabbatel-soffre-une-deuxieme-place-a-val-thorens\/\"},\"author\":{\"name\":\"S\u00e9bastien Gente\",\"@id\":\"https:\/\/dicodusport.fr\/blog\/#\/schema\/person\/627966a6cde45dbd8c5e36ac85d783da\"},\"headline\":\"Coupe du monde de skicross : Marielle Berger Sabbatel s&rsquo;offre une deuxi\u00e8me place \u00e0 Val-Thorens\",\"datePublished\":\"2023-12-07T13:49:12+00:00\",\"dateModified\":\"2023-12-07T13:52:17+00:00\",\"mainEntityOfPage\":{\"@id\":\"https:\/\/dicodusport.fr\/blog\/coupe-du-monde-de-skicross-marielle-berger-sabbatel-soffre-une-deuxieme-place-a-val-thorens\/\"},\"wordCount\":325,\"commentCount\":0,\"publisher\":{\"@id\":\"https:\/\/dicodusport.fr\/blog\/#organization\"},\"image\":{\"@id\":\"https:\/\/dicodusport.fr\/blog\/coupe-du-monde-de-skicross-marielle-berger-sabbatel-soffre-une-deuxieme-place-a-val-thorens\/#primaryimage\"},\"thumbnailUrl\":\"https:\/\/dicodusport.fr\/blog\/wp-content\/uploads\/2023\/12\/Coupe-du-monde-de-skicross-Marielle-Berger-Sabbatel-soffre-une-deuxieme-place-a-Val-Thorens.png\",\"keywords\":[\"br\u00e8ve\",\"Marielle Berger Sabbatel\",\"sport\"],\"articleSection\":[\"Sports d'hiver\"],\"inLanguage\":\"fr-FR\",\"potentialAction\":[{\"@type\":\"CommentAction\",\"name\":\"Comment\",\"target\":[\"https:\/\/dicodusport.fr\/blog\/coupe-du-monde-de-skicross-marielle-berger-sabbatel-soffre-une-deuxieme-place-a-val-thorens\/#respond\"]}],\"copyrightYear\":\"2023\",\"copyrightHolder\":{\"@id\":\"https:\/\/dicodusport.fr\/blog\/#organization\"}},{\"@type\":\"WebPage\",\"@id\":\"https:\/\/dicodusport.fr\/blog\/coupe-du-monde-de-skicross-marielle-berger-sabbatel-soffre-une-deuxieme-place-a-val-thorens\/\",\"url\":\"https:\/\/dicodusport.fr\/blog\/coupe-du-monde-de-skicross-marielle-berger-sabbatel-soffre-une-deuxieme-place-a-val-thorens\/\",\"name\":\"Coupe du monde de skicross : Marielle Berger Sabbatel s'offre une deuxi\u00e8me place \u00e0 Val-Thorens\",\"isPartOf\":{\"@id\":\"https:\/\/dicodusport.fr\/blog\/#website\"},\"primaryImageOfPage\":{\"@id\":\"https:\/\/dicodusport.fr\/blog\/coupe-du-monde-de-skicross-marielle-berger-sabbatel-soffre-une-deuxieme-place-a-val-thorens\/#primaryimage\"},\"image\":{\"@id\":\"https:\/\/dicodusport.fr\/blog\/coupe-du-monde-de-skicross-marielle-berger-sabbatel-soffre-une-deuxieme-place-a-val-thorens\/#primaryimage\"},\"thumbnailUrl\":\"https:\/\/dicodusport.fr\/blog\/wp-content\/uploads\/2023\/12\/Coupe-du-monde-de-skicross-Marielle-Berger-Sabbatel-soffre-une-deuxieme-place-a-Val-Thorens.png\",\"datePublished\":\"2023-12-07T13:49:12+00:00\",\"dateModified\":\"2023-12-07T13:52:17+00:00\",\"description\":\"COUPE DU MONDE DE SKICROSS 2023\/2024 - Marielle Berger Sabbatel commence bien la saison avec une deuxi\u00e8me place \u00e0 domicile.\",\"breadcrumb\":{\"@id\":\"https:\/\/dicodusport.fr\/blog\/coupe-du-monde-de-skicross-marielle-berger-sabbatel-soffre-une-deuxieme-place-a-val-thorens\/#breadcrumb\"},\"inLanguage\":\"fr-FR\",\"potentialAction\":[{\"@type\":\"ReadAction\",\"target\":[\"https:\/\/dicodusport.fr\/blog\/coupe-du-monde-de-skicross-marielle-berger-sabbatel-soffre-une-deuxieme-place-a-val-thorens\/\"]}]},{\"@type\":\"ImageObject\",\"inLanguage\":\"fr-FR\",\"@id\":\"https:\/\/dicodusport.fr\/blog\/coupe-du-monde-de-skicross-marielle-berger-sabbatel-soffre-une-deuxieme-place-a-val-thorens\/#primaryimage\",\"url\":\"https:\/\/dicodusport.fr\/blog\/wp-content\/uploads\/2023\/12\/Coupe-du-monde-de-skicross-Marielle-Berger-Sabbatel-soffre-une-deuxieme-place-a-Val-Thorens.png\",\"contentUrl\":\"https:\/\/dicodusport.fr\/blog\/wp-content\/uploads\/2023\/12\/Coupe-du-monde-de-skicross-Marielle-Berger-Sabbatel-soffre-une-deuxieme-place-a-Val-Thorens.png\",\"width\":1200,\"height\":674,\"caption\":\"Coupe du monde de skicross Marielle Berger Sabbatel s'offre une deuxi\u00e8me place \u00e0 Val-Thorens\"},{\"@type\":\"BreadcrumbList\",\"@id\":\"https:\/\/dicodusport.fr\/blog\/coupe-du-monde-de-skicross-marielle-berger-sabbatel-soffre-une-deuxieme-place-a-val-thorens\/#breadcrumb\",\"itemListElement\":[{\"@type\":\"ListItem\",\"position\":1,\"name\":\"Accueil\",\"item\":\"https:\/\/dicodusport.fr\/blog\/\"},{\"@type\":\"ListItem\",\"position\":2,\"name\":\"Coupe du monde de skicross : Marielle Berger Sabbatel s&rsquo;offre une deuxi\u00e8me place \u00e0 Val-Thorens\"}]},{\"@type\":\"WebSite\",\"@id\":\"https:\/\/dicodusport.fr\/blog\/#website\",\"url\":\"https:\/\/dicodusport.fr\/blog\/\",\"name\":\"Dicodusport\",\"description\":\"L&#039;encyclop\u00e9die de l&#039;actualit\u00e9 sportive\",\"publisher\":{\"@id\":\"https:\/\/dicodusport.fr\/blog\/#organization\"},\"potentialAction\":[{\"@type\":\"SearchAction\",\"target\":{\"@type\":\"EntryPoint\",\"urlTemplate\":\"https:\/\/dicodusport.fr\/blog\/?s={search_term_string}\"},\"query-input\":{\"@type\":\"PropertyValueSpecification\",\"valueRequired\":true,\"valueName\":\"search_term_string\"}}],\"inLanguage\":\"fr-FR\"},{\"@type\":\"NewsMediaOrganization\",\"@id\":\"https:\/\/dicodusport.fr\/blog\/#organization\",\"name\":\"Dicodusport\",\"url\":\"https:\/\/dicodusport.fr\/blog\/\",\"logo\":{\"@type\":\"ImageObject\",\"inLanguage\":\"fr-FR\",\"@id\":\"https:\/\/dicodusport.fr\/blog\/#\/schema\/logo\/image\/\",\"url\":\"https:\/\/dicodusport.fr\/blog\/wp-content\/uploads\/2020\/06\/cropped-LOGO-DICODUSPORT-2020-SANS-FOND-SANS-TEXTE.png\",\"contentUrl\":\"https:\/\/dicodusport.fr\/blog\/wp-content\/uploads\/2020\/06\/cropped-LOGO-DICODUSPORT-2020-SANS-FOND-SANS-TEXTE.png\",\"width\":512,\"height\":512,\"caption\":\"Dicodusport\"},\"image\":{\"@id\":\"https:\/\/dicodusport.fr\/blog\/#\/schema\/logo\/image\/\"},\"sameAs\":[\"https:\/\/www.facebook.com\/dicodusport\",\"https:\/\/x.com\/dicodusport\",\"https:\/\/www.instagram.com\/dicodusport\/\",\"https:\/\/www.youtube.com\/channel\/UC7V2KZ5sd3htJivAbA4ZG3w\"],\"description\":\"Dicodusport est l'encyclop\u00e9die de l'actualit\u00e9 sportive.\",\"email\":\"bonjour@dicodusport.fr\",\"legalName\":\"DICODUSPORT\",\"foundingDate\":\"2018-01-14\",\"vatID\":\"FR71834470973\",\"taxID\":\"83447097300043\",\"numberOfEmployees\":{\"@type\":\"QuantitativeValue\",\"minValue\":\"1\",\"maxValue\":\"10\"}},{\"@type\":\"Person\",\"@id\":\"https:\/\/dicodusport.fr\/blog\/#\/schema\/person\/627966a6cde45dbd8c5e36ac85d783da\",\"name\":\"S\u00e9bastien Gente\",\"image\":{\"@type\":\"ImageObject\",\"inLanguage\":\"fr-FR\",\"@id\":\"https:\/\/dicodusport.fr\/blog\/#\/schema\/person\/image\/\",\"url\":\"https:\/\/dicodusport.fr\/blog\/wp-content\/uploads\/2021\/09\/1510990_10205810251400683_4124423575079401707_n-150x150.jpg\",\"contentUrl\":\"https:\/\/dicodusport.fr\/blog\/wp-content\/uploads\/2021\/09\/1510990_10205810251400683_4124423575079401707_n-150x150.jpg\",\"caption\":\"S\u00e9bastien Gente\"},\"description\":\"John Stockton, Gianni Bugno, Zinedine Zidane, Steffi Graf, Frode Andresen, St\u00e9phane Stoecklin, Davis Kamoga, Primoz Peterka, Werner Schlager et Aur\u00e9lien Rougerie. Point commun entre ces sportifs? Ils m'ont fait r\u00eaver et ont berc\u00e9 mon adolescence. Je suis un fondu de sports et j'essaie de retranscrire ma passion \u00e0 travers mes articles. Originaire du P\u00e9rigord, ma passion pour les Girondins, les Jaunards et les Jazzmen transpire dans mes \u00e9crits. \u00c0 Dicodusport depuis 2021, je d\u00e9niche les sports m\u00e9connus dans lesquels la France brille, et il y en a !\",\"sameAs\":[\"https:\/\/www.facebook.com\/sebastien.gente\/\",\"https:\/\/www.instagram.com\/sebgente\/\",\"https:\/\/www.linkedin.com\/in\/sbastien-gente-a29583169\/\",\"https:\/\/x.com\/https:\/\/twitter.com\/globulo24\",\"SebastienGente\"],\"worksFor\":\"S\u00e9bastien GENTE\",\"url\":\"https:\/\/dicodusport.fr\/blog\/author\/sebastiengente\/\"}]}<\/script>\n<!-- \/ Yoast SEO Premium plugin. -->","yoast_head_json":{"title":"Coupe du monde de skicross : Marielle Berger Sabbatel s'offre une deuxi\u00e8me place \u00e0 Val-Thorens","description":"COUPE DU MONDE DE SKICROSS 2023\/2024 - Marielle Berger Sabbatel commence bien la saison avec une deuxi\u00e8me place \u00e0 domicile.","robots":{"index":"index","follow":"follow","max-snippet":"max-snippet:-1","max-image-preview":"max-image-preview:large","max-video-preview":"max-video-preview:-1"},"canonical":"https:\/\/dicodusport.fr\/blog\/coupe-du-monde-de-skicross-marielle-berger-sabbatel-soffre-une-deuxieme-place-a-val-thorens\/","og_locale":"fr_FR","og_type":"article","og_title":"Coupe du monde de skicross : Marielle Berger Sabbatel s'offre une deuxi\u00e8me place \u00e0 Val-Thorens","og_description":"COUPE DU MONDE DE SKICROSS 2023\/2024 - Marielle Berger Sabbatel commence bien la saison avec une deuxi\u00e8me place \u00e0 domicile.","og_url":"https:\/\/dicodusport.fr\/blog\/coupe-du-monde-de-skicross-marielle-berger-sabbatel-soffre-une-deuxieme-place-a-val-thorens\/","og_site_name":"Dicodusport","article_publisher":"https:\/\/www.facebook.com\/dicodusport","article_author":"https:\/\/www.facebook.com\/sebastien.gente\/","article_published_time":"2023-12-07T13:49:12+00:00","article_modified_time":"2023-12-07T13:52:17+00:00","og_image":[{"width":1200,"height":674,"url":"https:\/\/dicodusport.fr\/blog\/wp-content\/uploads\/2023\/12\/Coupe-du-monde-de-skicross-Marielle-Berger-Sabbatel-soffre-une-deuxieme-place-a-Val-Thorens.png","type":"image\/png"}],"author":"S\u00e9bastien Gente","twitter_card":"summary_large_image","twitter_title":"Coupe du monde de skicross : Marielle Berger Sabbatel s'offre une deuxi\u00e8me place \u00e0 Val-Thorens","twitter_creator":"@https:\/\/twitter.com\/globulo24","twitter_site":"@dicodusport","schema":{"@context":"https:\/\/schema.org","@graph":[{"@type":"NewsArticle","@id":"https:\/\/dicodusport.fr\/blog\/coupe-du-monde-de-skicross-marielle-berger-sabbatel-soffre-une-deuxieme-place-a-val-thorens\/#article","isPartOf":{"@id":"https:\/\/dicodusport.fr\/blog\/coupe-du-monde-de-skicross-marielle-berger-sabbatel-soffre-une-deuxieme-place-a-val-thorens\/"},"author":{"name":"S\u00e9bastien Gente","@id":"https:\/\/dicodusport.fr\/blog\/#\/schema\/person\/627966a6cde45dbd8c5e36ac85d783da"},"headline":"Coupe du monde de skicross : Marielle Berger Sabbatel s&rsquo;offre une deuxi\u00e8me place \u00e0 Val-Thorens","datePublished":"2023-12-07T13:49:12+00:00","dateModified":"2023-12-07T13:52:17+00:00","mainEntityOfPage":{"@id":"https:\/\/dicodusport.fr\/blog\/coupe-du-monde-de-skicross-marielle-berger-sabbatel-soffre-une-deuxieme-place-a-val-thorens\/"},"wordCount":325,"commentCount":0,"publisher":{"@id":"https:\/\/dicodusport.fr\/blog\/#organization"},"image":{"@id":"https:\/\/dicodusport.fr\/blog\/coupe-du-monde-de-skicross-marielle-berger-sabbatel-soffre-une-deuxieme-place-a-val-thorens\/#primaryimage"},"thumbnailUrl":"https:\/\/dicodusport.fr\/blog\/wp-content\/uploads\/2023\/12\/Coupe-du-monde-de-skicross-Marielle-Berger-Sabbatel-soffre-une-deuxieme-place-a-Val-Thorens.png","keywords":["br\u00e8ve","Marielle Berger Sabbatel","sport"],"articleSection":["Sports d'hiver"],"inLanguage":"fr-FR","potentialAction":[{"@type":"CommentAction","name":"Comment","target":["https:\/\/dicodusport.fr\/blog\/coupe-du-monde-de-skicross-marielle-berger-sabbatel-soffre-une-deuxieme-place-a-val-thorens\/#respond"]}],"copyrightYear":"2023","copyrightHolder":{"@id":"https:\/\/dicodusport.fr\/blog\/#organization"}},{"@type":"WebPage","@id":"https:\/\/dicodusport.fr\/blog\/coupe-du-monde-de-skicross-marielle-berger-sabbatel-soffre-une-deuxieme-place-a-val-thorens\/","url":"https:\/\/dicodusport.fr\/blog\/coupe-du-monde-de-skicross-marielle-berger-sabbatel-soffre-une-deuxieme-place-a-val-thorens\/","name":"Coupe du monde de skicross : Marielle Berger Sabbatel s'offre une deuxi\u00e8me place \u00e0 Val-Thorens","isPartOf":{"@id":"https:\/\/dicodusport.fr\/blog\/#website"},"primaryImageOfPage":{"@id":"https:\/\/dicodusport.fr\/blog\/coupe-du-monde-de-skicross-marielle-berger-sabbatel-soffre-une-deuxieme-place-a-val-thorens\/#primaryimage"},"image":{"@id":"https:\/\/dicodusport.fr\/blog\/coupe-du-monde-de-skicross-marielle-berger-sabbatel-soffre-une-deuxieme-place-a-val-thorens\/#primaryimage"},"thumbnailUrl":"https:\/\/dicodusport.fr\/blog\/wp-content\/uploads\/2023\/12\/Coupe-du-monde-de-skicross-Marielle-Berger-Sabbatel-soffre-une-deuxieme-place-a-Val-Thorens.png","datePublished":"2023-12-07T13:49:12+00:00","dateModified":"2023-12-07T13:52:17+00:00","description":"COUPE DU MONDE DE SKICROSS 2023\/2024 - Marielle Berger Sabbatel commence bien la saison avec une deuxi\u00e8me place \u00e0 domicile.","breadcrumb":{"@id":"https:\/\/dicodusport.fr\/blog\/coupe-du-monde-de-skicross-marielle-berger-sabbatel-soffre-une-deuxieme-place-a-val-thorens\/#breadcrumb"},"inLanguage":"fr-FR","potentialAction":[{"@type":"ReadAction","target":["https:\/\/dicodusport.fr\/blog\/coupe-du-monde-de-skicross-marielle-berger-sabbatel-soffre-une-deuxieme-place-a-val-thorens\/"]}]},{"@type":"ImageObject","inLanguage":"fr-FR","@id":"https:\/\/dicodusport.fr\/blog\/coupe-du-monde-de-skicross-marielle-berger-sabbatel-soffre-une-deuxieme-place-a-val-thorens\/#primaryimage","url":"https:\/\/dicodusport.fr\/blog\/wp-content\/uploads\/2023\/12\/Coupe-du-monde-de-skicross-Marielle-Berger-Sabbatel-soffre-une-deuxieme-place-a-Val-Thorens.png","contentUrl":"https:\/\/dicodusport.fr\/blog\/wp-content\/uploads\/2023\/12\/Coupe-du-monde-de-skicross-Marielle-Berger-Sabbatel-soffre-une-deuxieme-place-a-Val-Thorens.png","width":1200,"height":674,"caption":"Coupe du monde de skicross Marielle Berger Sabbatel s'offre une deuxi\u00e8me place \u00e0 Val-Thorens"},{"@type":"BreadcrumbList","@id":"https:\/\/dicodusport.fr\/blog\/coupe-du-monde-de-skicross-marielle-berger-sabbatel-soffre-une-deuxieme-place-a-val-thorens\/#breadcrumb","itemListElement":[{"@type":"ListItem","position":1,"name":"Accueil","item":"https:\/\/dicodusport.fr\/blog\/"},{"@type":"ListItem","position":2,"name":"Coupe du monde de skicross : Marielle Berger Sabbatel s&rsquo;offre une deuxi\u00e8me place \u00e0 Val-Thorens"}]},{"@type":"WebSite","@id":"https:\/\/dicodusport.fr\/blog\/#website","url":"https:\/\/dicodusport.fr\/blog\/","name":"Dicodusport","description":"L&#039;encyclop\u00e9die de l&#039;actualit\u00e9 sportive","publisher":{"@id":"https:\/\/dicodusport.fr\/blog\/#organization"},"potentialAction":[{"@type":"SearchAction","target":{"@type":"EntryPoint","urlTemplate":"https:\/\/dicodusport.fr\/blog\/?s={search_term_string}"},"query-input":{"@type":"PropertyValueSpecification","valueRequired":true,"valueName":"search_term_string"}}],"inLanguage":"fr-FR"},{"@type":"NewsMediaOrganization","@id":"https:\/\/dicodusport.fr\/blog\/#organization","name":"Dicodusport","url":"https:\/\/dicodusport.fr\/blog\/","logo":{"@type":"ImageObject","inLanguage":"fr-FR","@id":"https:\/\/dicodusport.fr\/blog\/#\/schema\/logo\/image\/","url":"https:\/\/dicodusport.fr\/blog\/wp-content\/uploads\/2020\/06\/cropped-LOGO-DICODUSPORT-2020-SANS-FOND-SANS-TEXTE.png","contentUrl":"https:\/\/dicodusport.fr\/blog\/wp-content\/uploads\/2020\/06\/cropped-LOGO-DICODUSPORT-2020-SANS-FOND-SANS-TEXTE.png","width":512,"height":512,"caption":"Dicodusport"},"image":{"@id":"https:\/\/dicodusport.fr\/blog\/#\/schema\/logo\/image\/"},"sameAs":["https:\/\/www.facebook.com\/dicodusport","https:\/\/x.com\/dicodusport","https:\/\/www.instagram.com\/dicodusport\/","https:\/\/www.youtube.com\/channel\/UC7V2KZ5sd3htJivAbA4ZG3w"],"description":"Dicodusport est l'encyclop\u00e9die de l'actualit\u00e9 sportive.","email":"bonjour@dicodusport.fr","legalName":"DICODUSPORT","foundingDate":"2018-01-14","vatID":"FR71834470973","taxID":"83447097300043","numberOfEmployees":{"@type":"QuantitativeValue","minValue":"1","maxValue":"10"}},{"@type":"Person","@id":"https:\/\/dicodusport.fr\/blog\/#\/schema\/person\/627966a6cde45dbd8c5e36ac85d783da","name":"S\u00e9bastien Gente","image":{"@type":"ImageObject","inLanguage":"fr-FR","@id":"https:\/\/dicodusport.fr\/blog\/#\/schema\/person\/image\/","url":"https:\/\/dicodusport.fr\/blog\/wp-content\/uploads\/2021\/09\/1510990_10205810251400683_4124423575079401707_n-150x150.jpg","contentUrl":"https:\/\/dicodusport.fr\/blog\/wp-content\/uploads\/2021\/09\/1510990_10205810251400683_4124423575079401707_n-150x150.jpg","caption":"S\u00e9bastien Gente"},"description":"John Stockton, Gianni Bugno, Zinedine Zidane, Steffi Graf, Frode Andresen, St\u00e9phane Stoecklin, Davis Kamoga, Primoz Peterka, Werner Schlager et Aur\u00e9lien Rougerie. Point commun entre ces sportifs? Ils m'ont fait r\u00eaver et ont berc\u00e9 mon adolescence. Je suis un fondu de sports et j'essaie de retranscrire ma passion \u00e0 travers mes articles. Originaire du P\u00e9rigord, ma passion pour les Girondins, les Jaunards et les Jazzmen transpire dans mes \u00e9crits. \u00c0 Dicodusport depuis 2021, je d\u00e9niche les sports m\u00e9connus dans lesquels la France brille, et il y en a !","sameAs":["https:\/\/www.facebook.com\/sebastien.gente\/","https:\/\/www.instagram.com\/sebgente\/","https:\/\/www.linkedin.com\/in\/sbastien-gente-a29583169\/","https:\/\/x.com\/https:\/\/twitter.com\/globulo24","SebastienGente"],"worksFor":"S\u00e9bastien GENTE","url":"https:\/\/dicodusport.fr\/blog\/author\/sebastiengente\/"}]}},"_links":{"self":[{"href":"https:\/\/dicodusport.fr\/blog\/wp-json\/wp\/v2\/posts\/443170","targetHints":{"allow":["GET"]}}],"collection":[{"href":"https:\/\/dicodusport.fr\/blog\/wp-json\/wp\/v2\/posts"}],"about":[{"href":"https:\/\/dicodusport.fr\/blog\/wp-json\/wp\/v2\/types\/post"}],"author":[{"embeddable":true,"href":"https:\/\/dicodusport.fr\/blog\/wp-json\/wp\/v2\/users\/59"}],"replies":[{"embeddable":true,"href":"https:\/\/dicodusport.fr\/blog\/wp-json\/wp\/v2\/comments?post=443170"}],"version-history":[{"count":3,"href":"https:\/\/dicodusport.fr\/blog\/wp-json\/wp\/v2\/posts\/443170\/revisions"}],"predecessor-version":[{"id":443182,"href":"https:\/\/dicodusport.fr\/blog\/wp-json\/wp\/v2\/posts\/443170\/revisions\/443182"}],"wp:featuredmedia":[{"embeddable":true,"href":"https:\/\/dicodusport.fr\/blog\/wp-json\/wp\/v2\/media\/443179"}],"wp:attachment":[{"href":"https:\/\/dicodusport.fr\/blog\/wp-json\/wp\/v2\/media?parent=443170"}],"wp:term":[{"taxonomy":"category","embeddable":true,"href":"https:\/\/dicodusport.fr\/blog\/wp-json\/wp\/v2\/categories?post=443170"},{"taxonomy":"post_tag","embeddable":true,"href":"https:\/\/dicodusport.fr\/blog\/wp-json\/wp\/v2\/tags?post=443170"}],"curies":[{"name":"wp","href":"https:\/\/api.w.org\/{rel}","templated":true}]}}