{"id":443415,"date":"2023-12-08T12:41:21","date_gmt":"2023-12-08T11:41:21","guid":{"rendered":"https:\/\/dicodusport.fr\/blog\/?p=443415&#038;preview=true&#038;preview_id=443415"},"modified":"2023-12-08T14:29:36","modified_gmt":"2023-12-08T13:29:36","slug":"sprint-hochfilzen-2023-tarjei-boe-remporte-la-course-les-francais-en-retrait","status":"publish","type":"post","link":"https:\/\/dicodusport.fr\/blog\/sprint-hochfilzen-2023-tarjei-boe-remporte-la-course-les-francais-en-retrait\/","title":{"rendered":"Sprint Hochfilzen 2023 : Tarjei Boe remporte la course, les Fran\u00e7ais en retrait"},"content":{"rendered":"<p style=\"text-align: justify;\"><b><i>BIATHLON COUPE DU MONDE D&rsquo;HOCHFILZEN 2023 &#8211; Tarjei Boe a remport\u00e9 le sprint avec la mani\u00e8re et un beau 10\/10. Le Norv\u00e9gien domine son compatriote Sturla Laegreid de 4.9 secondes et Sebastian Samuelsson de 10 secondes. Ce dernier s&#8217;empare du dossard jaune. C\u00f4t\u00e9 Fran\u00e7ais, c&rsquo;est encore une petite soupe \u00e0 la grimace. \u00c9ric Perrot parvient n\u00e9anmoins \u00e0 se glisser \u00e0 la 10e place.<br \/>\n<\/i><\/b><\/p>\n<ul>\n<li style=\"text-align: justify;\"><strong>\u00c0 lire aussi \u2013 <a href=\"https:\/\/dicodusport.fr\/blog\/biathlon-hochfilzen-2023-programme-horaires-et-resultats\/\">Biathlon Hochfilzen 2023 \u2013 Programme, horaires et r\u00e9sultats<\/a><\/strong><\/li>\n<\/ul>\n<h2 style=\"text-align: justify;\">Tarjei Boe met d&rsquo;accord tout le monde, Samuelsson en jaune<\/h2>\n<p style=\"text-align: justify;\">Il fallait bien le 10\/10 ce vendredi, pour remporter le sprint. Parmi les cadors, <strong>Tarjei Boe<\/strong> l&rsquo;a fait. Un tir couch\u00e9 limpide et un tir debout exceptionnel, avec un engagement total sur ses quatre premi\u00e8res balles, et une ma\u00eetrise d&rsquo;attendre les deux secondes qu&rsquo;il fallait, pour l\u00e2cher sa derni\u00e8re balle. Mais il fallait bien cela pour dominer la course, car certains, malgr\u00e9 une faute, ont ski\u00e9 plus vite que lui.<\/p>\n<blockquote class=\"twitter-tweet\">\n<p dir=\"ltr\" lang=\"fr\">Tarjei Boe prend une belle option sur la victoire ! \ud83d\ude80\ud83c\udfaf <a href=\"https:\/\/twitter.com\/hashtag\/lequipeBIATHLON?src=hash&amp;ref_src=twsrc%5Etfw\">#lequipeBIATHLON<\/a> <a href=\"https:\/\/t.co\/I7RpdKQczp\">pic.twitter.com\/I7RpdKQczp<\/a><\/p>\n<p>\u2014 la chaine L&rsquo;\u00c9quipe (@lachainelequipe) <a href=\"https:\/\/twitter.com\/lachainelequipe\/status\/1733082441093411224?ref_src=twsrc%5Etfw\">December 8, 2023<\/a><\/p><\/blockquote>\n<p><script async src=\"https:\/\/platform.twitter.com\/widgets.js\" charset=\"utf-8\"><\/script><\/p>\n<p style=\"text-align: justify;\">C&rsquo;est son compatriote,<strong> Sturla Laegreid<\/strong> qui aura le plus menac\u00e9 l&rsquo;a\u00een\u00e9 des Boe. Lui aussi, a tir\u00e9 \u00e0 10\/10 et est ressorti 4.7 secondes devant Tarjei Boe. Il en avait encore 2.5 sur l&rsquo;interm\u00e9diaire des 7,9 kilom\u00e8tres. Les dixi\u00e8mes s&rsquo;\u00e9gr\u00e8nent en sa d\u00e9faveur, avec 0.8 seconde d&rsquo;avance, 700 m\u00e8tres plus loin. Il \u00e9choue finalement pour 4,9 secondes, mais il envoie un sacr\u00e9 message, lui qui \u00e9tait en grande difficult\u00e9 depuis le d\u00e9but de la saison. Cette deuxi\u00e8me place va faire du bien, tandis que la Norv\u00e8ge joue encore plac\u00e9e, avec la 5\u1d49 place de Johannes Dale, meilleur temps \u00e0 ski et la 6\u1d49 place de <strong>Vetle Christiansen<\/strong>.<\/p>\n<ul>\n<li><strong>\u00c0 ce sujet &#8211; <a href=\"https:\/\/dicodusport.fr\/blog\/biathlon-hochfilzen-2023-classement-sprint-hommes\/\">Classement du sprint hommes d&rsquo;Hochfilzen<\/a><\/strong><\/li>\n<\/ul>\n<p style=\"text-align: justify;\">Un peu moins bien qu&rsquo;\u00e0 Ostersund \u00e0 ski, <strong>Sebastian Samuelsson<\/strong> a assur\u00e9 l&rsquo;essentiel avec un 9\/10 au tir. On a, un temps, cru que sa premi\u00e8re balle l\u00e2ch\u00e9e sur le couch\u00e9 lui serait fatale pour le podium. Mais le Su\u00e9dois est bien l&rsquo;homme fort de ce d\u00e9but de saison. Il prend la t\u00eate du classement g\u00e9n\u00e9ral avec sa 3e place ce vendredi. Pour lui, le plus dur commence, car on l&rsquo;a tout de m\u00eame senti moins imp\u00e9rial sur les skis que la semaine derni\u00e8re. Il s&rsquo;\u00e9lancera sur la poursuite avec un nouveau statut qu&rsquo;il faudra g\u00e9rer. N\u00e9anmoins, il a prouv\u00e9 aujourd&rsquo;hui qu&rsquo;il savait r\u00e9sister \u00e0 la pression. Bien mieux que beaucoup de ses adversaires directs ce vendredi midi.<\/p>\n<blockquote class=\"twitter-tweet\">\n<p dir=\"ltr\" lang=\"fr\">\ud83c\uddf3\ud83c\uddf4 Tarjei Boe, c&rsquo;est une dinguerie. \ud83d\ude33<\/p>\n<p>\u25aa\ufe0f Premi\u00e8re victoire en Coupe du Monde : Sprint \u00e0 Hochfilzen, le 10 D\u00e9cembre 2010<\/p>\n<p>&#8230;13 ans plus tard : Victoire sur le Sprint \u00e0 Hochfilzen. \ud83c\udfc6 <a href=\"https:\/\/t.co\/DvKYV0A7R0\">pic.twitter.com\/DvKYV0A7R0<\/a><\/p>\n<p>\u2014 Louis L&rsquo;\u00c9tang (@Louis_ltgsport) <a href=\"https:\/\/twitter.com\/Louis_ltgsport\/status\/1733086183687680426?ref_src=twsrc%5Etfw\">December 8, 2023<\/a><\/p><\/blockquote>\n<p><script async src=\"https:\/\/platform.twitter.com\/widgets.js\" charset=\"utf-8\"><\/script><\/p>\n<h2 style=\"text-align: justify;\">Nawrath et Boe, deux grands perdants de ce sprint<\/h2>\n<p style=\"text-align: justify;\"><strong>Philipp Nawrath<\/strong> va dire au revoir \u00e0 son beau dossard jaune. Auteur d&rsquo;un d\u00e9but de saison solide, l&rsquo;Allemand est totalement pass\u00e9 \u00e0 c\u00f4t\u00e9 de son tir, avec un tout petit 7\/10, dont une vilaine \u00ab\u00a0double\u00a0\u00bb sur son tir couch\u00e9. Non seulement, il abandonne son dossard de leader, mais il se met surtout sacr\u00e9ment en difficult\u00e9 en vue de la poursuite de samedi. Il va certainement &#8211; sauf \u00e9norme remont\u00e9e demain &#8211; perdre tr\u00e8s gros, avec sa 32\u1d49 place ce vendredi.<\/p>\n<p style=\"text-align: justify;\"><strong>Johannes Boe<\/strong> risque bien de faire de nouveau de gros cauchemars de cette course. Pourtant, on a bien cru que le Norv\u00e9gien \u00e9tait de retour. Avec des temps \u00e0 ski tr\u00e8s costauds, qui l&rsquo;envoient 23.2 secondes devant <strong>Benedikt Doll<\/strong> apr\u00e8s 5.7 kilom\u00e8tres, juste avant le second tir. Le premier couch\u00e9 avait \u00e9t\u00e9 parfaitement n\u00e9goci\u00e9 et on semblait se diriger vers des images si souvent vues la saison pass\u00e9e. Mais les d\u00e9mons de la saison 2023-2024 sont revenus planer au-dessus du cadet des Boe. Avec une vraie explosion au tir debout. Trois fautes et des espoirs qui s&rsquo;envolent. On attendra encore &#8211; au moins &#8211; une course, pour le voir gagner. N\u00e9anmoins, attention \u00e0 lui sur la poursuite, avec cette 11e place.<\/p>\n<blockquote class=\"twitter-tweet\">\n<p dir=\"ltr\" lang=\"fr\">Plus rien ne va pour Johannes Boe sur le tir debout ! \ud83d\ude2f<a href=\"https:\/\/twitter.com\/hashtag\/lequipeBIATHLON?src=hash&amp;ref_src=twsrc%5Etfw\">#lequipeBIATHLON<\/a> <a href=\"https:\/\/t.co\/srzn1t8X9B\">pic.twitter.com\/srzn1t8X9B<\/a><\/p>\n<p>\u2014 la chaine L&rsquo;\u00c9quipe (@lachainelequipe) <a href=\"https:\/\/twitter.com\/lachainelequipe\/status\/1733078766111412250?ref_src=twsrc%5Etfw\">December 8, 2023<\/a><\/p><\/blockquote>\n<p><script async src=\"https:\/\/platform.twitter.com\/widgets.js\" charset=\"utf-8\"><\/script><\/p>\n<h2 style=\"text-align: justify;\">\u00c9ric Perrot sauve l&rsquo;honneur des Fran\u00e7ais<\/h2>\n<p style=\"text-align: justify;\">Comme la saison pass\u00e9e, que c&rsquo;est dur pour le moment ce d\u00e9but de saison pour les Fran\u00e7ais. Encore une fois bien loin de jouer un podium. On se satisfera de la 10e place d&rsquo;<strong>Eric Perrot<\/strong>, auteur d&rsquo;un 9\/10 au tir. Le seul dans le top 10, mais \u00e0 pr\u00e8s de 34 secondes du podium. <strong>\u00c9milien Jacquelin<\/strong> semble mieux. Mais il y avait une faute de trop pour tenter de jouer une c\u00e9r\u00e9monie des fleurs. Il tire \u00e0 8\/10, avec une faute \u00e0 chaque tir. Il prend la 13e place de la course et est d\u00e9j\u00e0 repouss\u00e9 \u00e0 pr\u00e8s d&rsquo;une minute de <strong>Tarjei Boe<\/strong> (56.2 secondes). Mais il y a du mieux et il peut encore esp\u00e9rer bonne poursuite.<\/p>\n<p style=\"text-align: justify;\">En revanche, c&rsquo;est une course qui risque de faire mal \u00e0 la t\u00eate de <strong>Quentin Fillon Maillet<\/strong>. Car, malgr\u00e9 une faute sur le couch\u00e9, il \u00e9tait encore en course pour jouer quelque chose. Son tir d\u00e9bout \u00e9tait engag\u00e9, mais au milieu de celui-ci, le craquage. Une faute, puis deux et toutes les illusions qui s&rsquo;envolent. Et pourtant, il est tout de m\u00eame dans le top 20, 18e \u00e0 1:21. Devant <strong>Antonin Guigonnat<\/strong>, 20e, malgr\u00e9 son 10\/10. Pour lui, c&rsquo;est \u00e0 ski que cela a consid\u00e9rablement coinc\u00e9.<\/p>\n<p style=\"text-align: justify;\"><strong>Fabien Claude<\/strong> a \u00e9galement sombr\u00e9 au tir, avec trois fautes d&rsquo;entr\u00e9e de jeu. Un 6\/10 au total et une 40e place \u00e0 2:14.7 qui le prive sans doute de toutes illusions, samedi, sur la poursuite. Que c&rsquo;est compliqu\u00e9 pour lui au tir. <strong>\u00c9milien Claude<\/strong> sauve sa place sur la poursuite, avec sa 56e place.<\/p>\n<blockquote class=\"twitter-tweet\">\n<p dir=\"ltr\" lang=\"fr\">\u00c7a ne le fera pas pour Quentin Fillon Maillet ! \ud83d\ude28<a href=\"https:\/\/twitter.com\/hashtag\/lequipeBIATHLON?src=hash&amp;ref_src=twsrc%5Etfw\">#lequipeBIATHLON<\/a> <a href=\"https:\/\/t.co\/l4LMoMWgEJ\">pic.twitter.com\/l4LMoMWgEJ<\/a><\/p>\n<p>\u2014 la chaine L&rsquo;\u00c9quipe (@lachainelequipe) <a href=\"https:\/\/twitter.com\/lachainelequipe\/status\/1733081529633415562?ref_src=twsrc%5Etfw\">December 8, 2023<\/a><\/p><\/blockquote>\n<p><script async src=\"https:\/\/platform.twitter.com\/widgets.js\" charset=\"utf-8\"><\/script><\/p>\n<h2>\u00c0 lire aussi<\/h2>\n<ul>\n<li style=\"text-align: justify;\"><a href=\"https:\/\/dicodusport.fr\/blog\/biathlon-coupe-du-monde-classement-general-hommes\/\"><strong>Le classement g\u00e9n\u00e9ral hommes de la Coupe du monde<\/strong><\/a><\/li>\n<li style=\"text-align: justify;\"><a href=\"https:\/\/dicodusport.fr\/blog\/biathlon-coupe-du-monde-classement-petit-globe-sprint-hommes\/\"><strong>Le classement du petit globe du sprint hommes<\/strong><\/a><\/li>\n<li style=\"text-align: justify;\"><strong><a href=\"https:\/\/dicodusport.fr\/blog\/coupe-du-monde-de-biathlon-2023-2024-le-calendrier-complet\/\">Coupe du monde de biathlon 2023-2024 : Le calendrier complet<\/a><\/strong><\/li>\n<\/ul>\n<div class=\"vlp-link-container vlp-layout-article\"><a href=\"https:\/\/dicodusport.fr\/blog\/primes-biathlon-combien-ca-rapporte-une-victoire-en-coupe-du-monde\/\" class=\"vlp-link\" title=\"Primes Biathlon : Combien \u00e7a rapporte une victoire en Coupe du monde ?\"><\/a><div class=\"vlp-layout-zone-side\"><div class=\"vlp-block-4 vlp-link-image\"><img loading=\"lazy\" decoding=\"async\" style=\"max-width: 792px;\" width=\"792\" height=\"445\" src=\"https:\/\/dicodusport.fr\/blog\/wp-content\/uploads\/2023\/11\/Primes-Biathlon-Combien-ca-rapporte-une-victoire-en-Coupe-du-monde-.png\" class=\"attachment-800x445 size-800x445\" alt=\"Primes Biathlon Combien \u00e7a rapporte une victoire en Coupe du monde\" srcset=\"https:\/\/dicodusport.fr\/blog\/wp-content\/uploads\/2023\/11\/Primes-Biathlon-Combien-ca-rapporte-une-victoire-en-Coupe-du-monde-.png 1200w, https:\/\/dicodusport.fr\/blog\/wp-content\/uploads\/2023\/11\/Primes-Biathlon-Combien-ca-rapporte-une-victoire-en-Coupe-du-monde--300x169.png 300w, https:\/\/dicodusport.fr\/blog\/wp-content\/uploads\/2023\/11\/Primes-Biathlon-Combien-ca-rapporte-une-victoire-en-Coupe-du-monde--1024x575.png 1024w, https:\/\/dicodusport.fr\/blog\/wp-content\/uploads\/2023\/11\/Primes-Biathlon-Combien-ca-rapporte-une-victoire-en-Coupe-du-monde--768x431.png 768w\" sizes=\"auto, (max-width: 792px) 100vw, 792px\" \/><\/div><\/div><div class=\"vlp-layout-zone-main\"><div class=\"vlp-block-0 vlp-link-title\">Primes Biathlon : Combien \u00e7a rapporte une victoire en Coupe du monde ?<\/div><div class=\"vlp-block-1 vlp-link-summary\">COUPE DU MONDE DE BIATHLON 2023-2024 - Victoire en Coupe du monde, classement g\u00e9n\u00e9ral, relais, on fait le point sur le d\u00e9tail de prize money pour la saison 2023-2024.<\/div><div class=\"vlp-block-2 vlp-link-button\">Lire l'article<\/div><div class=\"vlp-block-3 vlp-link-url\">dicodusport.fr<\/div><\/div><\/div>\n","protected":false},"excerpt":{"rendered":"<p>BIATHLON COUPE DU MONDE D&rsquo;HOCHFILZEN 2023 &#8211; Tarjei Boe a remport\u00e9 le sprint avec la mani\u00e8re et un beau 10\/10. Le Norv\u00e9gien domine son compatriote Sturla Laegreid de 4.9 secondes et Sebastian Samuelsson de 10 secondes. Ce dernier s&#8217;empare du dossard jaune. C\u00f4t\u00e9 Fran\u00e7ais, c&rsquo;est encore une petite soupe \u00e0 la grimace. \u00c9ric Perrot parvient n\u00e9anmoins \u00e0 se glisser \u00e0 la 10e place.<\/p>\n","protected":false},"author":83,"featured_media":443514,"comment_status":"open","ping_status":"closed","sticky":false,"template":"","format":"standard","meta":{"_acf_changed":false,"_daextam_enable_autolinks":"1","footnotes":""},"categories":[47040],"tags":[2427,12890,16878,24],"class_list":["post-443415","post","type-post","status-publish","format-standard","has-post-thumbnail","hentry","category-coupe-du-monde-de-biathlon","tag-biathlon","tag-biathlon-hochfilzen","tag-breve","tag-sport"],"acf":[],"yoast_head":"<!-- This site is optimized with the Yoast SEO Premium plugin v26.7 (Yoast SEO v26.7) - https:\/\/yoast.com\/wordpress\/plugins\/seo\/ -->\n<title>Sprint Hochfilzen 2023 : Tarjei Boe remporte la course, les Fran\u00e7ais en retrait<\/title>\n<meta name=\"description\" content=\"BIATHLON COUPE DU MONDE D&#039;HOCHFILZEN 2023 - Tarjei Boe a remport\u00e9 le sprint avec la mani\u00e8re et un beau 10\/10.\" \/>\n<meta name=\"robots\" content=\"index, follow, max-snippet:-1, max-image-preview:large, max-video-preview:-1\" \/>\n<link rel=\"canonical\" href=\"https:\/\/dicodusport.fr\/blog\/sprint-hochfilzen-2023-tarjei-boe-remporte-la-course-les-francais-en-retrait\/\" \/>\n<meta property=\"og:locale\" content=\"fr_FR\" \/>\n<meta property=\"og:type\" content=\"article\" \/>\n<meta property=\"og:title\" content=\"Sprint Hochfilzen 2023 : Tarjei Boe remporte la course, les Fran\u00e7ais en retrait\" \/>\n<meta property=\"og:description\" content=\"BIATHLON COUPE DU MONDE D&#039;HOCHFILZEN 2023 - Tarjei Boe a remport\u00e9 le sprint avec la mani\u00e8re et un beau 10\/10.\" \/>\n<meta property=\"og:url\" content=\"https:\/\/dicodusport.fr\/blog\/sprint-hochfilzen-2023-tarjei-boe-remporte-la-course-les-francais-en-retrait\/\" \/>\n<meta property=\"og:site_name\" content=\"Dicodusport\" \/>\n<meta property=\"article:publisher\" content=\"https:\/\/www.facebook.com\/dicodusport\" \/>\n<meta property=\"article:published_time\" content=\"2023-12-08T11:41:21+00:00\" \/>\n<meta property=\"article:modified_time\" content=\"2023-12-08T13:29:36+00:00\" \/>\n<meta property=\"og:image\" content=\"https:\/\/dicodusport.fr\/blog\/wp-content\/uploads\/2023\/12\/Sprint-Hochfilzen-2023-Tarjei-Boe-remporte-la-course-les-Francais-en-retrait-1.png\" \/>\n\t<meta property=\"og:image:width\" content=\"1200\" \/>\n\t<meta property=\"og:image:height\" content=\"674\" \/>\n\t<meta property=\"og:image:type\" content=\"image\/png\" \/>\n<meta name=\"author\" content=\"Etienne Goursaud\" \/>\n<meta name=\"twitter:card\" content=\"summary_large_image\" \/>\n<meta name=\"twitter:title\" content=\"Sprint Hochfilzen 2023 : Tarjei Boe remporte la course, les Fran\u00e7ais en retrait\" \/>\n<meta name=\"twitter:creator\" content=\"@dicodusport\" \/>\n<meta name=\"twitter:site\" content=\"@dicodusport\" \/>\n<script type=\"application\/ld+json\" class=\"yoast-schema-graph\">{\"@context\":\"https:\/\/schema.org\",\"@graph\":[{\"@type\":\"NewsArticle\",\"@id\":\"https:\/\/dicodusport.fr\/blog\/sprint-hochfilzen-2023-tarjei-boe-remporte-la-course-les-francais-en-retrait\/#article\",\"isPartOf\":{\"@id\":\"https:\/\/dicodusport.fr\/blog\/sprint-hochfilzen-2023-tarjei-boe-remporte-la-course-les-francais-en-retrait\/\"},\"author\":{\"name\":\"Etienne Goursaud\",\"@id\":\"https:\/\/dicodusport.fr\/blog\/#\/schema\/person\/d603dd7da31fb2b46c82b9835a77ec13\"},\"headline\":\"Sprint Hochfilzen 2023 : Tarjei Boe remporte la course, les Fran\u00e7ais en retrait\",\"datePublished\":\"2023-12-08T11:41:21+00:00\",\"dateModified\":\"2023-12-08T13:29:36+00:00\",\"mainEntityOfPage\":{\"@id\":\"https:\/\/dicodusport.fr\/blog\/sprint-hochfilzen-2023-tarjei-boe-remporte-la-course-les-francais-en-retrait\/\"},\"wordCount\":1142,\"commentCount\":0,\"publisher\":{\"@id\":\"https:\/\/dicodusport.fr\/blog\/#organization\"},\"image\":{\"@id\":\"https:\/\/dicodusport.fr\/blog\/sprint-hochfilzen-2023-tarjei-boe-remporte-la-course-les-francais-en-retrait\/#primaryimage\"},\"thumbnailUrl\":\"https:\/\/dicodusport.fr\/blog\/wp-content\/uploads\/2023\/12\/Sprint-Hochfilzen-2023-Tarjei-Boe-remporte-la-course-les-Francais-en-retrait-1.png\",\"keywords\":[\"Biathlon\",\"Biathlon Hochfilzen\",\"br\u00e8ve\",\"sport\"],\"articleSection\":[\"Coupe du monde de biathlon\"],\"inLanguage\":\"fr-FR\",\"potentialAction\":[{\"@type\":\"CommentAction\",\"name\":\"Comment\",\"target\":[\"https:\/\/dicodusport.fr\/blog\/sprint-hochfilzen-2023-tarjei-boe-remporte-la-course-les-francais-en-retrait\/#respond\"]}],\"copyrightYear\":\"2023\",\"copyrightHolder\":{\"@id\":\"https:\/\/dicodusport.fr\/blog\/#organization\"}},{\"@type\":\"WebPage\",\"@id\":\"https:\/\/dicodusport.fr\/blog\/sprint-hochfilzen-2023-tarjei-boe-remporte-la-course-les-francais-en-retrait\/\",\"url\":\"https:\/\/dicodusport.fr\/blog\/sprint-hochfilzen-2023-tarjei-boe-remporte-la-course-les-francais-en-retrait\/\",\"name\":\"Sprint Hochfilzen 2023 : Tarjei Boe remporte la course, les Fran\u00e7ais en retrait\",\"isPartOf\":{\"@id\":\"https:\/\/dicodusport.fr\/blog\/#website\"},\"primaryImageOfPage\":{\"@id\":\"https:\/\/dicodusport.fr\/blog\/sprint-hochfilzen-2023-tarjei-boe-remporte-la-course-les-francais-en-retrait\/#primaryimage\"},\"image\":{\"@id\":\"https:\/\/dicodusport.fr\/blog\/sprint-hochfilzen-2023-tarjei-boe-remporte-la-course-les-francais-en-retrait\/#primaryimage\"},\"thumbnailUrl\":\"https:\/\/dicodusport.fr\/blog\/wp-content\/uploads\/2023\/12\/Sprint-Hochfilzen-2023-Tarjei-Boe-remporte-la-course-les-Francais-en-retrait-1.png\",\"datePublished\":\"2023-12-08T11:41:21+00:00\",\"dateModified\":\"2023-12-08T13:29:36+00:00\",\"description\":\"BIATHLON COUPE DU MONDE D'HOCHFILZEN 2023 - Tarjei Boe a remport\u00e9 le sprint avec la mani\u00e8re et un beau 10\/10.\",\"breadcrumb\":{\"@id\":\"https:\/\/dicodusport.fr\/blog\/sprint-hochfilzen-2023-tarjei-boe-remporte-la-course-les-francais-en-retrait\/#breadcrumb\"},\"inLanguage\":\"fr-FR\",\"potentialAction\":[{\"@type\":\"ReadAction\",\"target\":[\"https:\/\/dicodusport.fr\/blog\/sprint-hochfilzen-2023-tarjei-boe-remporte-la-course-les-francais-en-retrait\/\"]}]},{\"@type\":\"ImageObject\",\"inLanguage\":\"fr-FR\",\"@id\":\"https:\/\/dicodusport.fr\/blog\/sprint-hochfilzen-2023-tarjei-boe-remporte-la-course-les-francais-en-retrait\/#primaryimage\",\"url\":\"https:\/\/dicodusport.fr\/blog\/wp-content\/uploads\/2023\/12\/Sprint-Hochfilzen-2023-Tarjei-Boe-remporte-la-course-les-Francais-en-retrait-1.png\",\"contentUrl\":\"https:\/\/dicodusport.fr\/blog\/wp-content\/uploads\/2023\/12\/Sprint-Hochfilzen-2023-Tarjei-Boe-remporte-la-course-les-Francais-en-retrait-1.png\",\"width\":1200,\"height\":674,\"caption\":\"Sprint Hochfilzen 2023 Tarjei Boe remporte la course, les Fran\u00e7ais en retrait (1)\"},{\"@type\":\"BreadcrumbList\",\"@id\":\"https:\/\/dicodusport.fr\/blog\/sprint-hochfilzen-2023-tarjei-boe-remporte-la-course-les-francais-en-retrait\/#breadcrumb\",\"itemListElement\":[{\"@type\":\"ListItem\",\"position\":1,\"name\":\"Accueil\",\"item\":\"https:\/\/dicodusport.fr\/blog\/\"},{\"@type\":\"ListItem\",\"position\":2,\"name\":\"Sprint Hochfilzen 2023 : Tarjei Boe remporte la course, les Fran\u00e7ais en retrait\"}]},{\"@type\":\"WebSite\",\"@id\":\"https:\/\/dicodusport.fr\/blog\/#website\",\"url\":\"https:\/\/dicodusport.fr\/blog\/\",\"name\":\"Dicodusport\",\"description\":\"L&#039;encyclop\u00e9die de l&#039;actualit\u00e9 sportive\",\"publisher\":{\"@id\":\"https:\/\/dicodusport.fr\/blog\/#organization\"},\"potentialAction\":[{\"@type\":\"SearchAction\",\"target\":{\"@type\":\"EntryPoint\",\"urlTemplate\":\"https:\/\/dicodusport.fr\/blog\/?s={search_term_string}\"},\"query-input\":{\"@type\":\"PropertyValueSpecification\",\"valueRequired\":true,\"valueName\":\"search_term_string\"}}],\"inLanguage\":\"fr-FR\"},{\"@type\":\"NewsMediaOrganization\",\"@id\":\"https:\/\/dicodusport.fr\/blog\/#organization\",\"name\":\"Dicodusport\",\"url\":\"https:\/\/dicodusport.fr\/blog\/\",\"logo\":{\"@type\":\"ImageObject\",\"inLanguage\":\"fr-FR\",\"@id\":\"https:\/\/dicodusport.fr\/blog\/#\/schema\/logo\/image\/\",\"url\":\"https:\/\/dicodusport.fr\/blog\/wp-content\/uploads\/2020\/06\/cropped-LOGO-DICODUSPORT-2020-SANS-FOND-SANS-TEXTE.png\",\"contentUrl\":\"https:\/\/dicodusport.fr\/blog\/wp-content\/uploads\/2020\/06\/cropped-LOGO-DICODUSPORT-2020-SANS-FOND-SANS-TEXTE.png\",\"width\":512,\"height\":512,\"caption\":\"Dicodusport\"},\"image\":{\"@id\":\"https:\/\/dicodusport.fr\/blog\/#\/schema\/logo\/image\/\"},\"sameAs\":[\"https:\/\/www.facebook.com\/dicodusport\",\"https:\/\/x.com\/dicodusport\",\"https:\/\/www.instagram.com\/dicodusport\/\",\"https:\/\/www.youtube.com\/channel\/UC7V2KZ5sd3htJivAbA4ZG3w\"],\"description\":\"Dicodusport est l'encyclop\u00e9die de l'actualit\u00e9 sportive.\",\"email\":\"bonjour@dicodusport.fr\",\"legalName\":\"DICODUSPORT\",\"foundingDate\":\"2018-01-14\",\"vatID\":\"FR71834470973\",\"taxID\":\"83447097300043\",\"numberOfEmployees\":{\"@type\":\"QuantitativeValue\",\"minValue\":\"1\",\"maxValue\":\"10\"}},{\"@type\":\"Person\",\"@id\":\"https:\/\/dicodusport.fr\/blog\/#\/schema\/person\/d603dd7da31fb2b46c82b9835a77ec13\",\"name\":\"Etienne Goursaud\",\"image\":{\"@type\":\"ImageObject\",\"inLanguage\":\"fr-FR\",\"@id\":\"https:\/\/dicodusport.fr\/blog\/#\/schema\/person\/image\/\",\"url\":\"https:\/\/dicodusport.fr\/blog\/wp-content\/uploads\/2023\/12\/410122264_10231602061736049_5565839791558026645_n-150x150.jpg\",\"contentUrl\":\"https:\/\/dicodusport.fr\/blog\/wp-content\/uploads\/2023\/12\/410122264_10231602061736049_5565839791558026645_n-150x150.jpg\",\"caption\":\"Etienne Goursaud\"},\"description\":\"Journaliste et amoureux de sport. Ancien footballeur reconverti athl\u00e8te quand ses muscles le laissent tranquille. \u00c9lev\u00e9 \u00e0 la sauce des exploits de Thomas Voeckler en 2004, du dernier essai de l\u00e9gende de Eunice Barber \u00e0 la longueur lors des championnats du monde d'athl\u00e9tisme de 2003 mais aussi Zidane, Omeyer et Titou Lamaison.\",\"url\":\"https:\/\/dicodusport.fr\/blog\/author\/etienne-goursaud\/\"}]}<\/script>\n<!-- \/ Yoast SEO Premium plugin. -->","yoast_head_json":{"title":"Sprint Hochfilzen 2023 : Tarjei Boe remporte la course, les Fran\u00e7ais en retrait","description":"BIATHLON COUPE DU MONDE D'HOCHFILZEN 2023 - Tarjei Boe a remport\u00e9 le sprint avec la mani\u00e8re et un beau 10\/10.","robots":{"index":"index","follow":"follow","max-snippet":"max-snippet:-1","max-image-preview":"max-image-preview:large","max-video-preview":"max-video-preview:-1"},"canonical":"https:\/\/dicodusport.fr\/blog\/sprint-hochfilzen-2023-tarjei-boe-remporte-la-course-les-francais-en-retrait\/","og_locale":"fr_FR","og_type":"article","og_title":"Sprint Hochfilzen 2023 : Tarjei Boe remporte la course, les Fran\u00e7ais en retrait","og_description":"BIATHLON COUPE DU MONDE D'HOCHFILZEN 2023 - Tarjei Boe a remport\u00e9 le sprint avec la mani\u00e8re et un beau 10\/10.","og_url":"https:\/\/dicodusport.fr\/blog\/sprint-hochfilzen-2023-tarjei-boe-remporte-la-course-les-francais-en-retrait\/","og_site_name":"Dicodusport","article_publisher":"https:\/\/www.facebook.com\/dicodusport","article_published_time":"2023-12-08T11:41:21+00:00","article_modified_time":"2023-12-08T13:29:36+00:00","og_image":[{"width":1200,"height":674,"url":"https:\/\/dicodusport.fr\/blog\/wp-content\/uploads\/2023\/12\/Sprint-Hochfilzen-2023-Tarjei-Boe-remporte-la-course-les-Francais-en-retrait-1.png","type":"image\/png"}],"author":"Etienne Goursaud","twitter_card":"summary_large_image","twitter_title":"Sprint Hochfilzen 2023 : Tarjei Boe remporte la course, les Fran\u00e7ais en retrait","twitter_creator":"@dicodusport","twitter_site":"@dicodusport","schema":{"@context":"https:\/\/schema.org","@graph":[{"@type":"NewsArticle","@id":"https:\/\/dicodusport.fr\/blog\/sprint-hochfilzen-2023-tarjei-boe-remporte-la-course-les-francais-en-retrait\/#article","isPartOf":{"@id":"https:\/\/dicodusport.fr\/blog\/sprint-hochfilzen-2023-tarjei-boe-remporte-la-course-les-francais-en-retrait\/"},"author":{"name":"Etienne Goursaud","@id":"https:\/\/dicodusport.fr\/blog\/#\/schema\/person\/d603dd7da31fb2b46c82b9835a77ec13"},"headline":"Sprint Hochfilzen 2023 : Tarjei Boe remporte la course, les Fran\u00e7ais en retrait","datePublished":"2023-12-08T11:41:21+00:00","dateModified":"2023-12-08T13:29:36+00:00","mainEntityOfPage":{"@id":"https:\/\/dicodusport.fr\/blog\/sprint-hochfilzen-2023-tarjei-boe-remporte-la-course-les-francais-en-retrait\/"},"wordCount":1142,"commentCount":0,"publisher":{"@id":"https:\/\/dicodusport.fr\/blog\/#organization"},"image":{"@id":"https:\/\/dicodusport.fr\/blog\/sprint-hochfilzen-2023-tarjei-boe-remporte-la-course-les-francais-en-retrait\/#primaryimage"},"thumbnailUrl":"https:\/\/dicodusport.fr\/blog\/wp-content\/uploads\/2023\/12\/Sprint-Hochfilzen-2023-Tarjei-Boe-remporte-la-course-les-Francais-en-retrait-1.png","keywords":["Biathlon","Biathlon Hochfilzen","br\u00e8ve","sport"],"articleSection":["Coupe du monde de biathlon"],"inLanguage":"fr-FR","potentialAction":[{"@type":"CommentAction","name":"Comment","target":["https:\/\/dicodusport.fr\/blog\/sprint-hochfilzen-2023-tarjei-boe-remporte-la-course-les-francais-en-retrait\/#respond"]}],"copyrightYear":"2023","copyrightHolder":{"@id":"https:\/\/dicodusport.fr\/blog\/#organization"}},{"@type":"WebPage","@id":"https:\/\/dicodusport.fr\/blog\/sprint-hochfilzen-2023-tarjei-boe-remporte-la-course-les-francais-en-retrait\/","url":"https:\/\/dicodusport.fr\/blog\/sprint-hochfilzen-2023-tarjei-boe-remporte-la-course-les-francais-en-retrait\/","name":"Sprint Hochfilzen 2023 : Tarjei Boe remporte la course, les Fran\u00e7ais en retrait","isPartOf":{"@id":"https:\/\/dicodusport.fr\/blog\/#website"},"primaryImageOfPage":{"@id":"https:\/\/dicodusport.fr\/blog\/sprint-hochfilzen-2023-tarjei-boe-remporte-la-course-les-francais-en-retrait\/#primaryimage"},"image":{"@id":"https:\/\/dicodusport.fr\/blog\/sprint-hochfilzen-2023-tarjei-boe-remporte-la-course-les-francais-en-retrait\/#primaryimage"},"thumbnailUrl":"https:\/\/dicodusport.fr\/blog\/wp-content\/uploads\/2023\/12\/Sprint-Hochfilzen-2023-Tarjei-Boe-remporte-la-course-les-Francais-en-retrait-1.png","datePublished":"2023-12-08T11:41:21+00:00","dateModified":"2023-12-08T13:29:36+00:00","description":"BIATHLON COUPE DU MONDE D'HOCHFILZEN 2023 - Tarjei Boe a remport\u00e9 le sprint avec la mani\u00e8re et un beau 10\/10.","breadcrumb":{"@id":"https:\/\/dicodusport.fr\/blog\/sprint-hochfilzen-2023-tarjei-boe-remporte-la-course-les-francais-en-retrait\/#breadcrumb"},"inLanguage":"fr-FR","potentialAction":[{"@type":"ReadAction","target":["https:\/\/dicodusport.fr\/blog\/sprint-hochfilzen-2023-tarjei-boe-remporte-la-course-les-francais-en-retrait\/"]}]},{"@type":"ImageObject","inLanguage":"fr-FR","@id":"https:\/\/dicodusport.fr\/blog\/sprint-hochfilzen-2023-tarjei-boe-remporte-la-course-les-francais-en-retrait\/#primaryimage","url":"https:\/\/dicodusport.fr\/blog\/wp-content\/uploads\/2023\/12\/Sprint-Hochfilzen-2023-Tarjei-Boe-remporte-la-course-les-Francais-en-retrait-1.png","contentUrl":"https:\/\/dicodusport.fr\/blog\/wp-content\/uploads\/2023\/12\/Sprint-Hochfilzen-2023-Tarjei-Boe-remporte-la-course-les-Francais-en-retrait-1.png","width":1200,"height":674,"caption":"Sprint Hochfilzen 2023 Tarjei Boe remporte la course, les Fran\u00e7ais en retrait (1)"},{"@type":"BreadcrumbList","@id":"https:\/\/dicodusport.fr\/blog\/sprint-hochfilzen-2023-tarjei-boe-remporte-la-course-les-francais-en-retrait\/#breadcrumb","itemListElement":[{"@type":"ListItem","position":1,"name":"Accueil","item":"https:\/\/dicodusport.fr\/blog\/"},{"@type":"ListItem","position":2,"name":"Sprint Hochfilzen 2023 : Tarjei Boe remporte la course, les Fran\u00e7ais en retrait"}]},{"@type":"WebSite","@id":"https:\/\/dicodusport.fr\/blog\/#website","url":"https:\/\/dicodusport.fr\/blog\/","name":"Dicodusport","description":"L&#039;encyclop\u00e9die de l&#039;actualit\u00e9 sportive","publisher":{"@id":"https:\/\/dicodusport.fr\/blog\/#organization"},"potentialAction":[{"@type":"SearchAction","target":{"@type":"EntryPoint","urlTemplate":"https:\/\/dicodusport.fr\/blog\/?s={search_term_string}"},"query-input":{"@type":"PropertyValueSpecification","valueRequired":true,"valueName":"search_term_string"}}],"inLanguage":"fr-FR"},{"@type":"NewsMediaOrganization","@id":"https:\/\/dicodusport.fr\/blog\/#organization","name":"Dicodusport","url":"https:\/\/dicodusport.fr\/blog\/","logo":{"@type":"ImageObject","inLanguage":"fr-FR","@id":"https:\/\/dicodusport.fr\/blog\/#\/schema\/logo\/image\/","url":"https:\/\/dicodusport.fr\/blog\/wp-content\/uploads\/2020\/06\/cropped-LOGO-DICODUSPORT-2020-SANS-FOND-SANS-TEXTE.png","contentUrl":"https:\/\/dicodusport.fr\/blog\/wp-content\/uploads\/2020\/06\/cropped-LOGO-DICODUSPORT-2020-SANS-FOND-SANS-TEXTE.png","width":512,"height":512,"caption":"Dicodusport"},"image":{"@id":"https:\/\/dicodusport.fr\/blog\/#\/schema\/logo\/image\/"},"sameAs":["https:\/\/www.facebook.com\/dicodusport","https:\/\/x.com\/dicodusport","https:\/\/www.instagram.com\/dicodusport\/","https:\/\/www.youtube.com\/channel\/UC7V2KZ5sd3htJivAbA4ZG3w"],"description":"Dicodusport est l'encyclop\u00e9die de l'actualit\u00e9 sportive.","email":"bonjour@dicodusport.fr","legalName":"DICODUSPORT","foundingDate":"2018-01-14","vatID":"FR71834470973","taxID":"83447097300043","numberOfEmployees":{"@type":"QuantitativeValue","minValue":"1","maxValue":"10"}},{"@type":"Person","@id":"https:\/\/dicodusport.fr\/blog\/#\/schema\/person\/d603dd7da31fb2b46c82b9835a77ec13","name":"Etienne Goursaud","image":{"@type":"ImageObject","inLanguage":"fr-FR","@id":"https:\/\/dicodusport.fr\/blog\/#\/schema\/person\/image\/","url":"https:\/\/dicodusport.fr\/blog\/wp-content\/uploads\/2023\/12\/410122264_10231602061736049_5565839791558026645_n-150x150.jpg","contentUrl":"https:\/\/dicodusport.fr\/blog\/wp-content\/uploads\/2023\/12\/410122264_10231602061736049_5565839791558026645_n-150x150.jpg","caption":"Etienne Goursaud"},"description":"Journaliste et amoureux de sport. Ancien footballeur reconverti athl\u00e8te quand ses muscles le laissent tranquille. \u00c9lev\u00e9 \u00e0 la sauce des exploits de Thomas Voeckler en 2004, du dernier essai de l\u00e9gende de Eunice Barber \u00e0 la longueur lors des championnats du monde d'athl\u00e9tisme de 2003 mais aussi Zidane, Omeyer et Titou Lamaison.","url":"https:\/\/dicodusport.fr\/blog\/author\/etienne-goursaud\/"}]}},"_links":{"self":[{"href":"https:\/\/dicodusport.fr\/blog\/wp-json\/wp\/v2\/posts\/443415","targetHints":{"allow":["GET"]}}],"collection":[{"href":"https:\/\/dicodusport.fr\/blog\/wp-json\/wp\/v2\/posts"}],"about":[{"href":"https:\/\/dicodusport.fr\/blog\/wp-json\/wp\/v2\/types\/post"}],"author":[{"embeddable":true,"href":"https:\/\/dicodusport.fr\/blog\/wp-json\/wp\/v2\/users\/83"}],"replies":[{"embeddable":true,"href":"https:\/\/dicodusport.fr\/blog\/wp-json\/wp\/v2\/comments?post=443415"}],"version-history":[{"count":5,"href":"https:\/\/dicodusport.fr\/blog\/wp-json\/wp\/v2\/posts\/443415\/revisions"}],"predecessor-version":[{"id":443498,"href":"https:\/\/dicodusport.fr\/blog\/wp-json\/wp\/v2\/posts\/443415\/revisions\/443498"}],"wp:featuredmedia":[{"embeddable":true,"href":"https:\/\/dicodusport.fr\/blog\/wp-json\/wp\/v2\/media\/443514"}],"wp:attachment":[{"href":"https:\/\/dicodusport.fr\/blog\/wp-json\/wp\/v2\/media?parent=443415"}],"wp:term":[{"taxonomy":"category","embeddable":true,"href":"https:\/\/dicodusport.fr\/blog\/wp-json\/wp\/v2\/categories?post=443415"},{"taxonomy":"post_tag","embeddable":true,"href":"https:\/\/dicodusport.fr\/blog\/wp-json\/wp\/v2\/tags?post=443415"}],"curies":[{"name":"wp","href":"https:\/\/api.w.org\/{rel}","templated":true}]}}