{"id":44345,"date":"2019-07-31T19:51:20","date_gmt":"2019-07-31T17:51:20","guid":{"rendered":"http:\/\/dicodusport.fr\/blog\/?p=44345"},"modified":"2019-08-01T07:54:18","modified_gmt":"2019-08-01T05:54:18","slug":"juan-martin-del-potro-donne-de-ses-nouvelles-sur-les-reseaux-sociaux","status":"publish","type":"post","link":"https:\/\/dicodusport.fr\/blog\/juan-martin-del-potro-donne-de-ses-nouvelles-sur-les-reseaux-sociaux\/","title":{"rendered":"Juan Martin Del Potro donne de ses nouvelles sur les r\u00e9seaux sociaux"},"content":{"rendered":"<p style=\"text-align: justify;\"><strong><em>ATP &#8211; Op\u00e9r\u00e9 de la rotule du genou droit il y a un peu plus d&rsquo;un mois, Juan Martin Del Potro a montr\u00e9 ses progr\u00e8s sur les r\u00e9seaux sociaux.<br \/>\n<\/em><\/strong><\/p>\n<p style=\"text-align: justify;\">Actuellement en r\u00e9\u00e9ducation, <a href=\"https:\/\/www.atptour.com\/en\/players\/juan-martin-del-potro\/d683\/overview\" target=\"_blank\" rel=\"noopener\"><strong>Juan Martin Del Potro<\/strong><\/a> progresse petit \u00e0 petit. Apr\u00e8s ses diff\u00e9rentes op\u00e9rations au poignet, le vainqueur de l&rsquo;US Open en 2019 a donc subi une nouvelle intervention il y a un peu plus d&rsquo;un mois, apr\u00e8s s&rsquo;\u00eatre fractur\u00e9 la rotule du genou droit lors du Queen&rsquo;s fin juin. Sur les r\u00e9seaux sociaux, l&rsquo;Argentin a fait part de ses progr\u00e8s. Ce mardi, le natif de Tandil publiait une vid\u00e9o sur laquelle il r\u00e9alisait des exercices de renforcement musculaire.<\/p>\n<blockquote class=\"twitter-tweet\" data-lang=\"fr\">\n<p dir=\"ltr\" lang=\"es\">Empezaron los ejercicios en el gym &#x1f3cb;&#x1f3fb;&#x200d;&#x2642;<\/p>\n<p>Back at the gym again. <a href=\"https:\/\/t.co\/UMpgt4h3W3\">pic.twitter.com\/UMpgt4h3W3<\/a><\/p>\n<p>\u2014 Juan M. del Potro (@delpotrojuan) <a href=\"https:\/\/twitter.com\/delpotrojuan\/status\/1156186840057204736?ref_src=twsrc%5Etfw\">30 juillet 2019<\/a><\/p><\/blockquote>\n<p><script async src=\"https:\/\/platform.twitter.com\/widgets.js\" charset=\"utf-8\"><\/script><\/p>\n<p style=\"text-align: justify;\">Ce mercredi, c&rsquo;est sur un tapis de course que l&rsquo;on a retrouv\u00e9 l&rsquo;Argentin de 30 ans. Si aucune date de retour n&rsquo;a \u00e9t\u00e9 donn\u00e9e pour le moment, <strong>Juan Martin Del Potro<\/strong> pourrait de nouveau revenir de (presque) nulle part apr\u00e8s une grosse blessure. En tout cas, le laur\u00e9at \u00e0 Indian Wells l&rsquo;an dernier est sur le bon chemin.<\/p>\n<blockquote class=\"twitter-tweet\" data-lang=\"fr\">\n<p dir=\"ltr\" lang=\"en\">The road to recovery continues for Delpo &#x1f4aa;<\/p>\n<p>&#x1f3a5;: <a href=\"https:\/\/twitter.com\/delpotrojuan?ref_src=twsrc%5Etfw\">@delpotrojuan<\/a> (Instagram) <a href=\"https:\/\/t.co\/nme8q7Br49\">pic.twitter.com\/nme8q7Br49<\/a><\/p>\n<p>\u2014 ATP Tour (@ATP_Tour) <a href=\"https:\/\/twitter.com\/ATP_Tour\/status\/1156586760404701186?ref_src=twsrc%5Etfw\">31 juillet 2019<\/a><\/p><\/blockquote>\n<p><script async src=\"https:\/\/platform.twitter.com\/widgets.js\" charset=\"utf-8\"><\/script><\/p>\n<p><strong><em>Dicodusport<br \/>\n<a href=\"https:\/\/www.facebook.com\/dicodusport\/\" target=\"_blank\" rel=\"noopener\"><img loading=\"lazy\" decoding=\"async\" class=\"alignnone wp-image-2909\" src=\"http:\/\/dicodusport.fr\/blog\/wp-content\/uploads\/2017\/07\/logo-facebook-150x150.png\" alt=\"\" width=\"40\" height=\"40\" \/><\/a><a href=\"https:\/\/twitter.com\/dicodusport\" target=\"_blank\" rel=\"noopener\"><img loading=\"lazy\" decoding=\"async\" class=\"alignnone wp-image-2908\" src=\"http:\/\/dicodusport.fr\/blog\/wp-content\/uploads\/2017\/07\/logo-twitter-150x150.png\" alt=\"\" width=\"39\" height=\"39\" \/><\/a><\/em><\/strong><\/p>\n","protected":false},"excerpt":{"rendered":"<p>ATP &#8211; Op\u00e9r\u00e9 de la rotule du genou droit il y a un peu plus d&rsquo;un mois, Juan Martin Del Potro a montr\u00e9 ses progr\u00e8s sur les r\u00e9seaux sociaux.<\/p>\n","protected":false},"author":4,"featured_media":26081,"comment_status":"open","ping_status":"closed","sticky":false,"template":"","format":"standard","meta":{"_acf_changed":false,"_daextam_enable_autolinks":"","footnotes":""},"categories":[2302],"tags":[156,4067,136],"class_list":["post-44345","post","type-post","status-publish","format-standard","has-post-thumbnail","hentry","category-tennis","tag-atp","tag-juan-martin-del-potro","tag-tennis"],"acf":[],"yoast_head":"<!-- This site is optimized with the Yoast SEO Premium plugin v26.7 (Yoast SEO v26.7) - https:\/\/yoast.com\/wordpress\/plugins\/seo\/ -->\n<title>Juan Martin Del Potro donne de ses nouvelles sur les r\u00e9seaux sociaux<\/title>\n<meta name=\"description\" content=\"ATP - Op\u00e9r\u00e9 de la rotule du genou droit il y a un peu plus d&#039;un mois, Juan Martin Del Potro a montr\u00e9 ses progr\u00e8s sur les r\u00e9seaux sociaux.\" \/>\n<meta name=\"robots\" content=\"index, follow, max-snippet:-1, max-image-preview:large, max-video-preview:-1\" \/>\n<link rel=\"canonical\" href=\"https:\/\/dicodusport.fr\/blog\/juan-martin-del-potro-donne-de-ses-nouvelles-sur-les-reseaux-sociaux\/\" \/>\n<meta property=\"og:locale\" content=\"fr_FR\" \/>\n<meta property=\"og:type\" content=\"article\" \/>\n<meta property=\"og:title\" content=\"Juan Martin Del Potro donne de ses nouvelles sur les r\u00e9seaux sociaux\" \/>\n<meta property=\"og:description\" content=\"ATP - Op\u00e9r\u00e9 de la rotule du genou droit il y a un peu plus d&#039;un mois, Juan Martin Del Potro a montr\u00e9 ses progr\u00e8s sur les r\u00e9seaux sociaux.\" \/>\n<meta property=\"og:url\" content=\"https:\/\/dicodusport.fr\/blog\/juan-martin-del-potro-donne-de-ses-nouvelles-sur-les-reseaux-sociaux\/\" \/>\n<meta property=\"og:site_name\" content=\"Dicodusport\" \/>\n<meta property=\"article:publisher\" content=\"https:\/\/www.facebook.com\/dicodusport\" \/>\n<meta property=\"article:author\" content=\"https:\/\/www.facebook.com\/florent.ostermann\" \/>\n<meta property=\"article:published_time\" content=\"2019-07-31T17:51:20+00:00\" \/>\n<meta property=\"article:modified_time\" content=\"2019-08-01T05:54:18+00:00\" \/>\n<meta property=\"og:image\" content=\"https:\/\/dicodusport.fr\/blog\/wp-content\/uploads\/2018\/09\/Quiz-anniversaire-Juan-Martin-Del-Potro.png\" \/>\n\t<meta property=\"og:image:width\" content=\"800\" \/>\n\t<meta property=\"og:image:height\" content=\"445\" \/>\n\t<meta property=\"og:image:type\" content=\"image\/png\" \/>\n<meta name=\"author\" content=\"Flo Ostermann\" \/>\n<meta name=\"twitter:card\" content=\"summary_large_image\" \/>\n<meta name=\"twitter:title\" content=\"Juan Martin Del Potro donne de ses nouvelles sur les r\u00e9seaux sociaux\" \/>\n<meta name=\"twitter:creator\" content=\"@https:\/\/twitter.com\/FlOstermann\" \/>\n<meta name=\"twitter:site\" content=\"@dicodusport\" \/>\n<script type=\"application\/ld+json\" class=\"yoast-schema-graph\">{\"@context\":\"https:\/\/schema.org\",\"@graph\":[{\"@type\":\"NewsArticle\",\"@id\":\"https:\/\/dicodusport.fr\/blog\/juan-martin-del-potro-donne-de-ses-nouvelles-sur-les-reseaux-sociaux\/#article\",\"isPartOf\":{\"@id\":\"https:\/\/dicodusport.fr\/blog\/juan-martin-del-potro-donne-de-ses-nouvelles-sur-les-reseaux-sociaux\/\"},\"author\":{\"name\":\"Flo Ostermann\",\"@id\":\"https:\/\/dicodusport.fr\/blog\/#\/schema\/person\/cb02af4c173ce4a653b55e9baf388d4a\"},\"headline\":\"Juan Martin Del Potro donne de ses nouvelles sur les r\u00e9seaux sociaux\",\"datePublished\":\"2019-07-31T17:51:20+00:00\",\"dateModified\":\"2019-08-01T05:54:18+00:00\",\"mainEntityOfPage\":{\"@id\":\"https:\/\/dicodusport.fr\/blog\/juan-martin-del-potro-donne-de-ses-nouvelles-sur-les-reseaux-sociaux\/\"},\"wordCount\":261,\"commentCount\":0,\"publisher\":{\"@id\":\"https:\/\/dicodusport.fr\/blog\/#organization\"},\"image\":{\"@id\":\"https:\/\/dicodusport.fr\/blog\/juan-martin-del-potro-donne-de-ses-nouvelles-sur-les-reseaux-sociaux\/#primaryimage\"},\"thumbnailUrl\":\"https:\/\/dicodusport.fr\/blog\/wp-content\/uploads\/2018\/09\/Quiz-anniversaire-Juan-Martin-Del-Potro.png\",\"keywords\":[\"ATP\",\"Juan Martin del Potro\",\"Tennis\"],\"articleSection\":[\"Tennis\"],\"inLanguage\":\"fr-FR\",\"potentialAction\":[{\"@type\":\"CommentAction\",\"name\":\"Comment\",\"target\":[\"https:\/\/dicodusport.fr\/blog\/juan-martin-del-potro-donne-de-ses-nouvelles-sur-les-reseaux-sociaux\/#respond\"]}],\"copyrightYear\":\"2019\",\"copyrightHolder\":{\"@id\":\"https:\/\/dicodusport.fr\/blog\/#organization\"}},{\"@type\":\"WebPage\",\"@id\":\"https:\/\/dicodusport.fr\/blog\/juan-martin-del-potro-donne-de-ses-nouvelles-sur-les-reseaux-sociaux\/\",\"url\":\"https:\/\/dicodusport.fr\/blog\/juan-martin-del-potro-donne-de-ses-nouvelles-sur-les-reseaux-sociaux\/\",\"name\":\"Juan Martin Del Potro donne de ses nouvelles sur les r\u00e9seaux sociaux\",\"isPartOf\":{\"@id\":\"https:\/\/dicodusport.fr\/blog\/#website\"},\"primaryImageOfPage\":{\"@id\":\"https:\/\/dicodusport.fr\/blog\/juan-martin-del-potro-donne-de-ses-nouvelles-sur-les-reseaux-sociaux\/#primaryimage\"},\"image\":{\"@id\":\"https:\/\/dicodusport.fr\/blog\/juan-martin-del-potro-donne-de-ses-nouvelles-sur-les-reseaux-sociaux\/#primaryimage\"},\"thumbnailUrl\":\"https:\/\/dicodusport.fr\/blog\/wp-content\/uploads\/2018\/09\/Quiz-anniversaire-Juan-Martin-Del-Potro.png\",\"datePublished\":\"2019-07-31T17:51:20+00:00\",\"dateModified\":\"2019-08-01T05:54:18+00:00\",\"description\":\"ATP - Op\u00e9r\u00e9 de la rotule du genou droit il y a un peu plus d'un mois, Juan Martin Del Potro a montr\u00e9 ses progr\u00e8s sur les r\u00e9seaux sociaux.\",\"breadcrumb\":{\"@id\":\"https:\/\/dicodusport.fr\/blog\/juan-martin-del-potro-donne-de-ses-nouvelles-sur-les-reseaux-sociaux\/#breadcrumb\"},\"inLanguage\":\"fr-FR\",\"potentialAction\":[{\"@type\":\"ReadAction\",\"target\":[\"https:\/\/dicodusport.fr\/blog\/juan-martin-del-potro-donne-de-ses-nouvelles-sur-les-reseaux-sociaux\/\"]}]},{\"@type\":\"ImageObject\",\"inLanguage\":\"fr-FR\",\"@id\":\"https:\/\/dicodusport.fr\/blog\/juan-martin-del-potro-donne-de-ses-nouvelles-sur-les-reseaux-sociaux\/#primaryimage\",\"url\":\"https:\/\/dicodusport.fr\/blog\/wp-content\/uploads\/2018\/09\/Quiz-anniversaire-Juan-Martin-Del-Potro.png\",\"contentUrl\":\"https:\/\/dicodusport.fr\/blog\/wp-content\/uploads\/2018\/09\/Quiz-anniversaire-Juan-Martin-Del-Potro.png\",\"width\":800,\"height\":445},{\"@type\":\"BreadcrumbList\",\"@id\":\"https:\/\/dicodusport.fr\/blog\/juan-martin-del-potro-donne-de-ses-nouvelles-sur-les-reseaux-sociaux\/#breadcrumb\",\"itemListElement\":[{\"@type\":\"ListItem\",\"position\":1,\"name\":\"Accueil\",\"item\":\"https:\/\/dicodusport.fr\/blog\/\"},{\"@type\":\"ListItem\",\"position\":2,\"name\":\"Juan Martin Del Potro donne de ses nouvelles sur les r\u00e9seaux sociaux\"}]},{\"@type\":\"WebSite\",\"@id\":\"https:\/\/dicodusport.fr\/blog\/#website\",\"url\":\"https:\/\/dicodusport.fr\/blog\/\",\"name\":\"Dicodusport\",\"description\":\"L&#039;encyclop\u00e9die de l&#039;actualit\u00e9 sportive\",\"publisher\":{\"@id\":\"https:\/\/dicodusport.fr\/blog\/#organization\"},\"potentialAction\":[{\"@type\":\"SearchAction\",\"target\":{\"@type\":\"EntryPoint\",\"urlTemplate\":\"https:\/\/dicodusport.fr\/blog\/?s={search_term_string}\"},\"query-input\":{\"@type\":\"PropertyValueSpecification\",\"valueRequired\":true,\"valueName\":\"search_term_string\"}}],\"inLanguage\":\"fr-FR\"},{\"@type\":\"NewsMediaOrganization\",\"@id\":\"https:\/\/dicodusport.fr\/blog\/#organization\",\"name\":\"Dicodusport\",\"url\":\"https:\/\/dicodusport.fr\/blog\/\",\"logo\":{\"@type\":\"ImageObject\",\"inLanguage\":\"fr-FR\",\"@id\":\"https:\/\/dicodusport.fr\/blog\/#\/schema\/logo\/image\/\",\"url\":\"https:\/\/dicodusport.fr\/blog\/wp-content\/uploads\/2020\/06\/cropped-LOGO-DICODUSPORT-2020-SANS-FOND-SANS-TEXTE.png\",\"contentUrl\":\"https:\/\/dicodusport.fr\/blog\/wp-content\/uploads\/2020\/06\/cropped-LOGO-DICODUSPORT-2020-SANS-FOND-SANS-TEXTE.png\",\"width\":512,\"height\":512,\"caption\":\"Dicodusport\"},\"image\":{\"@id\":\"https:\/\/dicodusport.fr\/blog\/#\/schema\/logo\/image\/\"},\"sameAs\":[\"https:\/\/www.facebook.com\/dicodusport\",\"https:\/\/x.com\/dicodusport\",\"https:\/\/www.instagram.com\/dicodusport\/\",\"https:\/\/www.youtube.com\/channel\/UC7V2KZ5sd3htJivAbA4ZG3w\"],\"description\":\"Dicodusport est l'encyclop\u00e9die de l'actualit\u00e9 sportive.\",\"email\":\"bonjour@dicodusport.fr\",\"legalName\":\"DICODUSPORT\",\"foundingDate\":\"2018-01-14\",\"vatID\":\"FR71834470973\",\"taxID\":\"83447097300043\",\"numberOfEmployees\":{\"@type\":\"QuantitativeValue\",\"minValue\":\"1\",\"maxValue\":\"10\"}},{\"@type\":\"Person\",\"@id\":\"https:\/\/dicodusport.fr\/blog\/#\/schema\/person\/cb02af4c173ce4a653b55e9baf388d4a\",\"name\":\"Flo Ostermann\",\"image\":{\"@type\":\"ImageObject\",\"inLanguage\":\"fr-FR\",\"@id\":\"https:\/\/dicodusport.fr\/blog\/#\/schema\/person\/image\/\",\"url\":\"https:\/\/dicodusport.fr\/blog\/wp-content\/uploads\/2021\/05\/Flo-Ostermann-150x150.jpg\",\"contentUrl\":\"https:\/\/dicodusport.fr\/blog\/wp-content\/uploads\/2021\/05\/Flo-Ostermann-150x150.jpg\",\"caption\":\"Flo Ostermann\"},\"description\":\"Journaliste\/R\u00e9dacteur depuis septembre 2015 - Mes premiers souvenirs dans le sport ? Les envol\u00e9es du Stade Toulousain et les duels Villeneuve-Schumacher et H\u00e4kkinen-Schumacher \u00e0 la fin des ann\u00e9es 90, la Coupe du monde de football en 1998, l\u2019exploit du XV de France face aux All Blacks en 1999, mais aussi Richard C\u0153ur de Lion qui vole sur les montagnes du Tour de France. Bien parti pour devenir professeur d\u2019EPS, les \u00e9v\u00e9nements de la vie (et la flemme d\u2019animer des s\u00e9ances de 3x500 m\u00e8tres toute ma vie) m\u2019ont conduit \u00e0 revoir mes plans. Me voil\u00e0 depuis fin 2017 sur Dicodusport, m\u00e9dia gr\u00e2ce (et pour) lequel je partage ma passion : le sport dans tous ses \u00e9tats. Le tout accompagn\u00e9 par les fous furieux et folles furieuses cit\u00e9s sur cette page !\",\"sameAs\":[\"https:\/\/www.facebook.com\/florent.ostermann\",\"https:\/\/x.com\/https:\/\/twitter.com\/FlOstermann\",\"admin\"],\"url\":\"https:\/\/dicodusport.fr\/blog\/author\/flo\/\"}]}<\/script>\n<!-- \/ Yoast SEO Premium plugin. -->","yoast_head_json":{"title":"Juan Martin Del Potro donne de ses nouvelles sur les r\u00e9seaux sociaux","description":"ATP - Op\u00e9r\u00e9 de la rotule du genou droit il y a un peu plus d'un mois, Juan Martin Del Potro a montr\u00e9 ses progr\u00e8s sur les r\u00e9seaux sociaux.","robots":{"index":"index","follow":"follow","max-snippet":"max-snippet:-1","max-image-preview":"max-image-preview:large","max-video-preview":"max-video-preview:-1"},"canonical":"https:\/\/dicodusport.fr\/blog\/juan-martin-del-potro-donne-de-ses-nouvelles-sur-les-reseaux-sociaux\/","og_locale":"fr_FR","og_type":"article","og_title":"Juan Martin Del Potro donne de ses nouvelles sur les r\u00e9seaux sociaux","og_description":"ATP - Op\u00e9r\u00e9 de la rotule du genou droit il y a un peu plus d'un mois, Juan Martin Del Potro a montr\u00e9 ses progr\u00e8s sur les r\u00e9seaux sociaux.","og_url":"https:\/\/dicodusport.fr\/blog\/juan-martin-del-potro-donne-de-ses-nouvelles-sur-les-reseaux-sociaux\/","og_site_name":"Dicodusport","article_publisher":"https:\/\/www.facebook.com\/dicodusport","article_author":"https:\/\/www.facebook.com\/florent.ostermann","article_published_time":"2019-07-31T17:51:20+00:00","article_modified_time":"2019-08-01T05:54:18+00:00","og_image":[{"width":800,"height":445,"url":"https:\/\/dicodusport.fr\/blog\/wp-content\/uploads\/2018\/09\/Quiz-anniversaire-Juan-Martin-Del-Potro.png","type":"image\/png"}],"author":"Flo Ostermann","twitter_card":"summary_large_image","twitter_title":"Juan Martin Del Potro donne de ses nouvelles sur les r\u00e9seaux sociaux","twitter_creator":"@https:\/\/twitter.com\/FlOstermann","twitter_site":"@dicodusport","schema":{"@context":"https:\/\/schema.org","@graph":[{"@type":"NewsArticle","@id":"https:\/\/dicodusport.fr\/blog\/juan-martin-del-potro-donne-de-ses-nouvelles-sur-les-reseaux-sociaux\/#article","isPartOf":{"@id":"https:\/\/dicodusport.fr\/blog\/juan-martin-del-potro-donne-de-ses-nouvelles-sur-les-reseaux-sociaux\/"},"author":{"name":"Flo Ostermann","@id":"https:\/\/dicodusport.fr\/blog\/#\/schema\/person\/cb02af4c173ce4a653b55e9baf388d4a"},"headline":"Juan Martin Del Potro donne de ses nouvelles sur les r\u00e9seaux sociaux","datePublished":"2019-07-31T17:51:20+00:00","dateModified":"2019-08-01T05:54:18+00:00","mainEntityOfPage":{"@id":"https:\/\/dicodusport.fr\/blog\/juan-martin-del-potro-donne-de-ses-nouvelles-sur-les-reseaux-sociaux\/"},"wordCount":261,"commentCount":0,"publisher":{"@id":"https:\/\/dicodusport.fr\/blog\/#organization"},"image":{"@id":"https:\/\/dicodusport.fr\/blog\/juan-martin-del-potro-donne-de-ses-nouvelles-sur-les-reseaux-sociaux\/#primaryimage"},"thumbnailUrl":"https:\/\/dicodusport.fr\/blog\/wp-content\/uploads\/2018\/09\/Quiz-anniversaire-Juan-Martin-Del-Potro.png","keywords":["ATP","Juan Martin del Potro","Tennis"],"articleSection":["Tennis"],"inLanguage":"fr-FR","potentialAction":[{"@type":"CommentAction","name":"Comment","target":["https:\/\/dicodusport.fr\/blog\/juan-martin-del-potro-donne-de-ses-nouvelles-sur-les-reseaux-sociaux\/#respond"]}],"copyrightYear":"2019","copyrightHolder":{"@id":"https:\/\/dicodusport.fr\/blog\/#organization"}},{"@type":"WebPage","@id":"https:\/\/dicodusport.fr\/blog\/juan-martin-del-potro-donne-de-ses-nouvelles-sur-les-reseaux-sociaux\/","url":"https:\/\/dicodusport.fr\/blog\/juan-martin-del-potro-donne-de-ses-nouvelles-sur-les-reseaux-sociaux\/","name":"Juan Martin Del Potro donne de ses nouvelles sur les r\u00e9seaux sociaux","isPartOf":{"@id":"https:\/\/dicodusport.fr\/blog\/#website"},"primaryImageOfPage":{"@id":"https:\/\/dicodusport.fr\/blog\/juan-martin-del-potro-donne-de-ses-nouvelles-sur-les-reseaux-sociaux\/#primaryimage"},"image":{"@id":"https:\/\/dicodusport.fr\/blog\/juan-martin-del-potro-donne-de-ses-nouvelles-sur-les-reseaux-sociaux\/#primaryimage"},"thumbnailUrl":"https:\/\/dicodusport.fr\/blog\/wp-content\/uploads\/2018\/09\/Quiz-anniversaire-Juan-Martin-Del-Potro.png","datePublished":"2019-07-31T17:51:20+00:00","dateModified":"2019-08-01T05:54:18+00:00","description":"ATP - Op\u00e9r\u00e9 de la rotule du genou droit il y a un peu plus d'un mois, Juan Martin Del Potro a montr\u00e9 ses progr\u00e8s sur les r\u00e9seaux sociaux.","breadcrumb":{"@id":"https:\/\/dicodusport.fr\/blog\/juan-martin-del-potro-donne-de-ses-nouvelles-sur-les-reseaux-sociaux\/#breadcrumb"},"inLanguage":"fr-FR","potentialAction":[{"@type":"ReadAction","target":["https:\/\/dicodusport.fr\/blog\/juan-martin-del-potro-donne-de-ses-nouvelles-sur-les-reseaux-sociaux\/"]}]},{"@type":"ImageObject","inLanguage":"fr-FR","@id":"https:\/\/dicodusport.fr\/blog\/juan-martin-del-potro-donne-de-ses-nouvelles-sur-les-reseaux-sociaux\/#primaryimage","url":"https:\/\/dicodusport.fr\/blog\/wp-content\/uploads\/2018\/09\/Quiz-anniversaire-Juan-Martin-Del-Potro.png","contentUrl":"https:\/\/dicodusport.fr\/blog\/wp-content\/uploads\/2018\/09\/Quiz-anniversaire-Juan-Martin-Del-Potro.png","width":800,"height":445},{"@type":"BreadcrumbList","@id":"https:\/\/dicodusport.fr\/blog\/juan-martin-del-potro-donne-de-ses-nouvelles-sur-les-reseaux-sociaux\/#breadcrumb","itemListElement":[{"@type":"ListItem","position":1,"name":"Accueil","item":"https:\/\/dicodusport.fr\/blog\/"},{"@type":"ListItem","position":2,"name":"Juan Martin Del Potro donne de ses nouvelles sur les r\u00e9seaux sociaux"}]},{"@type":"WebSite","@id":"https:\/\/dicodusport.fr\/blog\/#website","url":"https:\/\/dicodusport.fr\/blog\/","name":"Dicodusport","description":"L&#039;encyclop\u00e9die de l&#039;actualit\u00e9 sportive","publisher":{"@id":"https:\/\/dicodusport.fr\/blog\/#organization"},"potentialAction":[{"@type":"SearchAction","target":{"@type":"EntryPoint","urlTemplate":"https:\/\/dicodusport.fr\/blog\/?s={search_term_string}"},"query-input":{"@type":"PropertyValueSpecification","valueRequired":true,"valueName":"search_term_string"}}],"inLanguage":"fr-FR"},{"@type":"NewsMediaOrganization","@id":"https:\/\/dicodusport.fr\/blog\/#organization","name":"Dicodusport","url":"https:\/\/dicodusport.fr\/blog\/","logo":{"@type":"ImageObject","inLanguage":"fr-FR","@id":"https:\/\/dicodusport.fr\/blog\/#\/schema\/logo\/image\/","url":"https:\/\/dicodusport.fr\/blog\/wp-content\/uploads\/2020\/06\/cropped-LOGO-DICODUSPORT-2020-SANS-FOND-SANS-TEXTE.png","contentUrl":"https:\/\/dicodusport.fr\/blog\/wp-content\/uploads\/2020\/06\/cropped-LOGO-DICODUSPORT-2020-SANS-FOND-SANS-TEXTE.png","width":512,"height":512,"caption":"Dicodusport"},"image":{"@id":"https:\/\/dicodusport.fr\/blog\/#\/schema\/logo\/image\/"},"sameAs":["https:\/\/www.facebook.com\/dicodusport","https:\/\/x.com\/dicodusport","https:\/\/www.instagram.com\/dicodusport\/","https:\/\/www.youtube.com\/channel\/UC7V2KZ5sd3htJivAbA4ZG3w"],"description":"Dicodusport est l'encyclop\u00e9die de l'actualit\u00e9 sportive.","email":"bonjour@dicodusport.fr","legalName":"DICODUSPORT","foundingDate":"2018-01-14","vatID":"FR71834470973","taxID":"83447097300043","numberOfEmployees":{"@type":"QuantitativeValue","minValue":"1","maxValue":"10"}},{"@type":"Person","@id":"https:\/\/dicodusport.fr\/blog\/#\/schema\/person\/cb02af4c173ce4a653b55e9baf388d4a","name":"Flo Ostermann","image":{"@type":"ImageObject","inLanguage":"fr-FR","@id":"https:\/\/dicodusport.fr\/blog\/#\/schema\/person\/image\/","url":"https:\/\/dicodusport.fr\/blog\/wp-content\/uploads\/2021\/05\/Flo-Ostermann-150x150.jpg","contentUrl":"https:\/\/dicodusport.fr\/blog\/wp-content\/uploads\/2021\/05\/Flo-Ostermann-150x150.jpg","caption":"Flo Ostermann"},"description":"Journaliste\/R\u00e9dacteur depuis septembre 2015 - Mes premiers souvenirs dans le sport ? Les envol\u00e9es du Stade Toulousain et les duels Villeneuve-Schumacher et H\u00e4kkinen-Schumacher \u00e0 la fin des ann\u00e9es 90, la Coupe du monde de football en 1998, l\u2019exploit du XV de France face aux All Blacks en 1999, mais aussi Richard C\u0153ur de Lion qui vole sur les montagnes du Tour de France. Bien parti pour devenir professeur d\u2019EPS, les \u00e9v\u00e9nements de la vie (et la flemme d\u2019animer des s\u00e9ances de 3x500 m\u00e8tres toute ma vie) m\u2019ont conduit \u00e0 revoir mes plans. Me voil\u00e0 depuis fin 2017 sur Dicodusport, m\u00e9dia gr\u00e2ce (et pour) lequel je partage ma passion : le sport dans tous ses \u00e9tats. Le tout accompagn\u00e9 par les fous furieux et folles furieuses cit\u00e9s sur cette page !","sameAs":["https:\/\/www.facebook.com\/florent.ostermann","https:\/\/x.com\/https:\/\/twitter.com\/FlOstermann","admin"],"url":"https:\/\/dicodusport.fr\/blog\/author\/flo\/"}]}},"_links":{"self":[{"href":"https:\/\/dicodusport.fr\/blog\/wp-json\/wp\/v2\/posts\/44345","targetHints":{"allow":["GET"]}}],"collection":[{"href":"https:\/\/dicodusport.fr\/blog\/wp-json\/wp\/v2\/posts"}],"about":[{"href":"https:\/\/dicodusport.fr\/blog\/wp-json\/wp\/v2\/types\/post"}],"author":[{"embeddable":true,"href":"https:\/\/dicodusport.fr\/blog\/wp-json\/wp\/v2\/users\/4"}],"replies":[{"embeddable":true,"href":"https:\/\/dicodusport.fr\/blog\/wp-json\/wp\/v2\/comments?post=44345"}],"version-history":[{"count":0,"href":"https:\/\/dicodusport.fr\/blog\/wp-json\/wp\/v2\/posts\/44345\/revisions"}],"wp:featuredmedia":[{"embeddable":true,"href":"https:\/\/dicodusport.fr\/blog\/wp-json\/wp\/v2\/media\/26081"}],"wp:attachment":[{"href":"https:\/\/dicodusport.fr\/blog\/wp-json\/wp\/v2\/media?parent=44345"}],"wp:term":[{"taxonomy":"category","embeddable":true,"href":"https:\/\/dicodusport.fr\/blog\/wp-json\/wp\/v2\/categories?post=44345"},{"taxonomy":"post_tag","embeddable":true,"href":"https:\/\/dicodusport.fr\/blog\/wp-json\/wp\/v2\/tags?post=44345"}],"curies":[{"name":"wp","href":"https:\/\/api.w.org\/{rel}","templated":true}]}}