{"id":443534,"date":"2023-12-08T15:38:16","date_gmt":"2023-12-08T14:38:16","guid":{"rendered":"https:\/\/dicodusport.fr\/blog\/?p=443534&#038;preview=true&#038;preview_id=443534"},"modified":"2023-12-09T08:13:43","modified_gmt":"2023-12-09T07:13:43","slug":"ibu-cup-2023-2024-jeanne-richard-prend-la-troisieme-place-sur-le-sprint-didre-fjall","status":"publish","type":"post","link":"https:\/\/dicodusport.fr\/blog\/ibu-cup-2023-2024-jeanne-richard-prend-la-troisieme-place-sur-le-sprint-didre-fjall\/","title":{"rendered":"IBU Cup 2023\/2024 : Jeanne Richard prend la troisi\u00e8me place sur le sprint d&rsquo;Idre Fj\u00e4ll"},"content":{"rendered":"<p style=\"text-align: justify;\"><strong><em>IBU CUP SAISON 2023\/2024 &#8211; Gros d\u00e9but de saison de Jeanne Richard, qui s&rsquo;offre un deuxi\u00e8me podium individuel sur le sprint en Su\u00e8de.\u00a0<\/em><\/strong><\/p>\n<p style=\"text-align: justify;\">D\u00e8s la premi\u00e8re \u00e9preuve individuelle, <strong>Jeanne Richard<\/strong> avait affich\u00e9 ses ambitions. La Tricolore avait remport\u00e9 <a href=\"https:\/\/dicodusport.fr\/blog\/ibu-cup-2023-2024-jeanne-richard-triomphe-dentree-sur-lindividuel-de-kontiolahti\/\">l&rsquo;individuel de Kontiolahti<\/a>, avec la mani\u00e8re, avant de prendre <a href=\"https:\/\/dicodusport.fr\/blog\/ibu-cup-2023-2024-le-relais-mixte-francais-prend-le-bronze-a-kontiolahti\/\">la troisi\u00e8me place avec le relais mixte fran\u00e7ais<\/a>, bien qu&rsquo;elle n&rsquo;y ait pas r\u00e9ellement brill\u00e9. Mais avec cette confiance, elle \u00e9tait forc\u00e9ment ambitieuse pour la deuxi\u00e8me \u00e9tape de l&rsquo;IBU Cup \u00e0 Idre Fj\u00e4ll. Et une nouvelle fois, une seule course aura suffi pour prouver son talent.<\/p>\n<blockquote class=\"twitter-tweet\">\n<p dir=\"ltr\" lang=\"fr\">\ud83e\udd49 Nouveau podium pour \ud83c\uddeb\ud83c\uddf7 Jeanne Richard en IBU Cup !<\/p>\n<p>9\/10 pour la biathl\u00e8te des Gets qui poursuit son super d\u00e9but de saison \u00e0 l&rsquo;internationale (4e est son pire classement en 4 courses \ud83d\ude31). Belle course \u00e9galement pour \ud83c\uddeb\ud83c\uddf7 Oc\u00e9ane Michelon, 5e avec un 8\/10. <a href=\"https:\/\/twitter.com\/hashtag\/LequipeBiathlon?src=hash&amp;ref_src=twsrc%5Etfw\">#LequipeBiathlon<\/a> <a href=\"https:\/\/t.co\/zRtqWHXP0L\">pic.twitter.com\/zRtqWHXP0L<\/a><\/p>\n<p>\u2014 Louis L&rsquo;\u00c9tang (@Louis_ltgsport) <a href=\"https:\/\/twitter.com\/Louis_ltgsport\/status\/1733131813097263502?ref_src=twsrc%5Etfw\">December 8, 2023<\/a><\/p><\/blockquote>\n<p><script async src=\"https:\/\/platform.twitter.com\/widgets.js\" charset=\"utf-8\"><\/script><\/p>\n<p style=\"text-align: justify;\">Cependant, elle pourra avoir des regrets, puisque son unique erreur au tir debout lui co\u00fbte sans doute la victoire sur le sprint. Elle prend finalement la 3e place, \u00e0 moins de 15 secondes de <strong>Johanna Puff<\/strong>, qui doit son succ\u00e8s \u00e0 son sans-faute, n&rsquo;ayant devanc\u00e9 que de 3.3 secondes <strong>Jenny Enodd<\/strong>. Mais ce nouveau podium confirme que <strong>Jeanne Richard<\/strong> a de belles ambitions cette saison, et pour l&rsquo;instant, elle les assume. Tout comme <strong>Oc\u00e9ane Michelon<\/strong> qui, apr\u00e8s <a href=\"https:\/\/dicodusport.fr\/blog\/ibu-cup-2023-2024-oceane-michelon-sur-le-podium-du-sprint-de-kontiolahti\/\">son podium sur le sprint en Finlande<\/a>, encha\u00eene cette fois avec une cinqui\u00e8me place. Les Bleues de l&rsquo;antichambre de la Coupe du monde vont bien, merci pour elles.<\/p>\n<h2 style=\"text-align: justify;\">Le classement des Fran\u00e7aises<\/h2>\n<ul>\n<li style=\"text-align: justify;\">3e : Jeanne Richard<\/li>\n<li style=\"text-align: justify;\">5e : Oc\u00e9ane Michelon<\/li>\n<li style=\"text-align: justify;\">12e : Paula Botet<\/li>\n<li style=\"text-align: justify;\">23e : Ana\u00eblle Bondoux<\/li>\n<li style=\"text-align: justify;\">54e : Chlo\u00e9 Bened<\/li>\n<\/ul>\n","protected":false},"excerpt":{"rendered":"<p>IBU CUP SAISON 2023\/2024 &#8211; Gros d\u00e9but de saison de Jeanne Richard, qui s&rsquo;offre un deuxi\u00e8me podium individuel sur le sprint en Su\u00e8de.\u00a0<\/p>\n","protected":false},"author":59,"featured_media":443601,"comment_status":"open","ping_status":"closed","sticky":false,"template":"","format":"standard","meta":{"_acf_changed":false,"_daextam_enable_autolinks":"1","footnotes":""},"categories":[2426],"tags":[29733,16878,14786,22027],"class_list":["post-443534","post","type-post","status-publish","format-standard","has-post-thumbnail","hentry","category-biathlon","tag-biathlon-francais","tag-breve","tag-jeanne-richard","tag-oceane-michelon"],"acf":[],"yoast_head":"<!-- This site is optimized with the Yoast SEO Premium plugin v26.7 (Yoast SEO v26.7) - https:\/\/yoast.com\/wordpress\/plugins\/seo\/ -->\n<title>IBU Cup 2023\/2024 : Jeanne Richard prend la troisi\u00e8me place sur le sprint d&#039;Idre Fj\u00e4ll<\/title>\n<meta name=\"description\" content=\"IBU CUP SAISON 2023\/2024 - Gros d\u00e9but de saison de Jeanne Richard, qui s&#039;offre un deuxi\u00e8me podium individuel sur le sprint en Su\u00e8de.\u00a0\" \/>\n<meta name=\"robots\" content=\"index, follow, max-snippet:-1, max-image-preview:large, max-video-preview:-1\" \/>\n<link rel=\"canonical\" href=\"https:\/\/dicodusport.fr\/blog\/ibu-cup-2023-2024-jeanne-richard-prend-la-troisieme-place-sur-le-sprint-didre-fjall\/\" \/>\n<meta property=\"og:locale\" content=\"fr_FR\" \/>\n<meta property=\"og:type\" content=\"article\" \/>\n<meta property=\"og:title\" content=\"IBU Cup 2023\/2024 : Jeanne Richard prend la troisi\u00e8me place sur le sprint d&#039;Idre Fj\u00e4ll\" \/>\n<meta property=\"og:description\" content=\"IBU CUP SAISON 2023\/2024 - Gros d\u00e9but de saison de Jeanne Richard, qui s&#039;offre un deuxi\u00e8me podium individuel sur le sprint en Su\u00e8de.\u00a0\" \/>\n<meta property=\"og:url\" content=\"https:\/\/dicodusport.fr\/blog\/ibu-cup-2023-2024-jeanne-richard-prend-la-troisieme-place-sur-le-sprint-didre-fjall\/\" \/>\n<meta property=\"og:site_name\" content=\"Dicodusport\" \/>\n<meta property=\"article:publisher\" content=\"https:\/\/www.facebook.com\/dicodusport\" \/>\n<meta property=\"article:author\" content=\"https:\/\/www.facebook.com\/sebastien.gente\/\" \/>\n<meta property=\"article:published_time\" content=\"2023-12-08T14:38:16+00:00\" \/>\n<meta property=\"article:modified_time\" content=\"2023-12-09T07:13:43+00:00\" \/>\n<meta property=\"og:image\" content=\"https:\/\/dicodusport.fr\/blog\/wp-content\/uploads\/2023\/12\/IBU-Cup-20232024-Jeanne-Richard-prend-la-troisieme-place-sur-le-sprint-dIdre-Fjall.jpg\" \/>\n\t<meta property=\"og:image:width\" content=\"1200\" \/>\n\t<meta property=\"og:image:height\" content=\"674\" \/>\n\t<meta property=\"og:image:type\" content=\"image\/jpeg\" \/>\n<meta name=\"author\" content=\"S\u00e9bastien Gente\" \/>\n<meta name=\"twitter:card\" content=\"summary_large_image\" \/>\n<meta name=\"twitter:title\" content=\"IBU Cup 2023\/2024 : Jeanne Richard prend la troisi\u00e8me place sur le sprint d&#039;Idre Fj\u00e4ll\" \/>\n<meta name=\"twitter:creator\" content=\"@https:\/\/twitter.com\/globulo24\" \/>\n<meta name=\"twitter:site\" content=\"@dicodusport\" \/>\n<script type=\"application\/ld+json\" class=\"yoast-schema-graph\">{\"@context\":\"https:\/\/schema.org\",\"@graph\":[{\"@type\":\"NewsArticle\",\"@id\":\"https:\/\/dicodusport.fr\/blog\/ibu-cup-2023-2024-jeanne-richard-prend-la-troisieme-place-sur-le-sprint-didre-fjall\/#article\",\"isPartOf\":{\"@id\":\"https:\/\/dicodusport.fr\/blog\/ibu-cup-2023-2024-jeanne-richard-prend-la-troisieme-place-sur-le-sprint-didre-fjall\/\"},\"author\":{\"name\":\"S\u00e9bastien Gente\",\"@id\":\"https:\/\/dicodusport.fr\/blog\/#\/schema\/person\/627966a6cde45dbd8c5e36ac85d783da\"},\"headline\":\"IBU Cup 2023\/2024 : Jeanne Richard prend la troisi\u00e8me place sur le sprint d&rsquo;Idre Fj\u00e4ll\",\"datePublished\":\"2023-12-08T14:38:16+00:00\",\"dateModified\":\"2023-12-09T07:13:43+00:00\",\"mainEntityOfPage\":{\"@id\":\"https:\/\/dicodusport.fr\/blog\/ibu-cup-2023-2024-jeanne-richard-prend-la-troisieme-place-sur-le-sprint-didre-fjall\/\"},\"wordCount\":309,\"commentCount\":0,\"publisher\":{\"@id\":\"https:\/\/dicodusport.fr\/blog\/#organization\"},\"image\":{\"@id\":\"https:\/\/dicodusport.fr\/blog\/ibu-cup-2023-2024-jeanne-richard-prend-la-troisieme-place-sur-le-sprint-didre-fjall\/#primaryimage\"},\"thumbnailUrl\":\"https:\/\/dicodusport.fr\/blog\/wp-content\/uploads\/2023\/12\/IBU-Cup-20232024-Jeanne-Richard-prend-la-troisieme-place-sur-le-sprint-dIdre-Fjall.jpg\",\"keywords\":[\"biathlon fran\u00e7ais\",\"br\u00e8ve\",\"Jeanne Richard\",\"Oc\u00e9ane Michelon\"],\"articleSection\":[\"Biathlon\"],\"inLanguage\":\"fr-FR\",\"potentialAction\":[{\"@type\":\"CommentAction\",\"name\":\"Comment\",\"target\":[\"https:\/\/dicodusport.fr\/blog\/ibu-cup-2023-2024-jeanne-richard-prend-la-troisieme-place-sur-le-sprint-didre-fjall\/#respond\"]}],\"copyrightYear\":\"2023\",\"copyrightHolder\":{\"@id\":\"https:\/\/dicodusport.fr\/blog\/#organization\"}},{\"@type\":\"WebPage\",\"@id\":\"https:\/\/dicodusport.fr\/blog\/ibu-cup-2023-2024-jeanne-richard-prend-la-troisieme-place-sur-le-sprint-didre-fjall\/\",\"url\":\"https:\/\/dicodusport.fr\/blog\/ibu-cup-2023-2024-jeanne-richard-prend-la-troisieme-place-sur-le-sprint-didre-fjall\/\",\"name\":\"IBU Cup 2023\/2024 : Jeanne Richard prend la troisi\u00e8me place sur le sprint d'Idre Fj\u00e4ll\",\"isPartOf\":{\"@id\":\"https:\/\/dicodusport.fr\/blog\/#website\"},\"primaryImageOfPage\":{\"@id\":\"https:\/\/dicodusport.fr\/blog\/ibu-cup-2023-2024-jeanne-richard-prend-la-troisieme-place-sur-le-sprint-didre-fjall\/#primaryimage\"},\"image\":{\"@id\":\"https:\/\/dicodusport.fr\/blog\/ibu-cup-2023-2024-jeanne-richard-prend-la-troisieme-place-sur-le-sprint-didre-fjall\/#primaryimage\"},\"thumbnailUrl\":\"https:\/\/dicodusport.fr\/blog\/wp-content\/uploads\/2023\/12\/IBU-Cup-20232024-Jeanne-Richard-prend-la-troisieme-place-sur-le-sprint-dIdre-Fjall.jpg\",\"datePublished\":\"2023-12-08T14:38:16+00:00\",\"dateModified\":\"2023-12-09T07:13:43+00:00\",\"description\":\"IBU CUP SAISON 2023\/2024 - Gros d\u00e9but de saison de Jeanne Richard, qui s'offre un deuxi\u00e8me podium individuel sur le sprint en Su\u00e8de.\u00a0\",\"breadcrumb\":{\"@id\":\"https:\/\/dicodusport.fr\/blog\/ibu-cup-2023-2024-jeanne-richard-prend-la-troisieme-place-sur-le-sprint-didre-fjall\/#breadcrumb\"},\"inLanguage\":\"fr-FR\",\"potentialAction\":[{\"@type\":\"ReadAction\",\"target\":[\"https:\/\/dicodusport.fr\/blog\/ibu-cup-2023-2024-jeanne-richard-prend-la-troisieme-place-sur-le-sprint-didre-fjall\/\"]}]},{\"@type\":\"ImageObject\",\"inLanguage\":\"fr-FR\",\"@id\":\"https:\/\/dicodusport.fr\/blog\/ibu-cup-2023-2024-jeanne-richard-prend-la-troisieme-place-sur-le-sprint-didre-fjall\/#primaryimage\",\"url\":\"https:\/\/dicodusport.fr\/blog\/wp-content\/uploads\/2023\/12\/IBU-Cup-20232024-Jeanne-Richard-prend-la-troisieme-place-sur-le-sprint-dIdre-Fjall.jpg\",\"contentUrl\":\"https:\/\/dicodusport.fr\/blog\/wp-content\/uploads\/2023\/12\/IBU-Cup-20232024-Jeanne-Richard-prend-la-troisieme-place-sur-le-sprint-dIdre-Fjall.jpg\",\"width\":1200,\"height\":674,\"caption\":\"IBU Cup 20232024 Jeanne Richard prend la troisi\u00e8me place sur le sprint d'Idre Fj\u00e4ll\"},{\"@type\":\"BreadcrumbList\",\"@id\":\"https:\/\/dicodusport.fr\/blog\/ibu-cup-2023-2024-jeanne-richard-prend-la-troisieme-place-sur-le-sprint-didre-fjall\/#breadcrumb\",\"itemListElement\":[{\"@type\":\"ListItem\",\"position\":1,\"name\":\"Accueil\",\"item\":\"https:\/\/dicodusport.fr\/blog\/\"},{\"@type\":\"ListItem\",\"position\":2,\"name\":\"IBU Cup 2023\/2024 : Jeanne Richard prend la troisi\u00e8me place sur le sprint d&rsquo;Idre Fj\u00e4ll\"}]},{\"@type\":\"WebSite\",\"@id\":\"https:\/\/dicodusport.fr\/blog\/#website\",\"url\":\"https:\/\/dicodusport.fr\/blog\/\",\"name\":\"Dicodusport\",\"description\":\"L&#039;encyclop\u00e9die de l&#039;actualit\u00e9 sportive\",\"publisher\":{\"@id\":\"https:\/\/dicodusport.fr\/blog\/#organization\"},\"potentialAction\":[{\"@type\":\"SearchAction\",\"target\":{\"@type\":\"EntryPoint\",\"urlTemplate\":\"https:\/\/dicodusport.fr\/blog\/?s={search_term_string}\"},\"query-input\":{\"@type\":\"PropertyValueSpecification\",\"valueRequired\":true,\"valueName\":\"search_term_string\"}}],\"inLanguage\":\"fr-FR\"},{\"@type\":\"NewsMediaOrganization\",\"@id\":\"https:\/\/dicodusport.fr\/blog\/#organization\",\"name\":\"Dicodusport\",\"url\":\"https:\/\/dicodusport.fr\/blog\/\",\"logo\":{\"@type\":\"ImageObject\",\"inLanguage\":\"fr-FR\",\"@id\":\"https:\/\/dicodusport.fr\/blog\/#\/schema\/logo\/image\/\",\"url\":\"https:\/\/dicodusport.fr\/blog\/wp-content\/uploads\/2020\/06\/cropped-LOGO-DICODUSPORT-2020-SANS-FOND-SANS-TEXTE.png\",\"contentUrl\":\"https:\/\/dicodusport.fr\/blog\/wp-content\/uploads\/2020\/06\/cropped-LOGO-DICODUSPORT-2020-SANS-FOND-SANS-TEXTE.png\",\"width\":512,\"height\":512,\"caption\":\"Dicodusport\"},\"image\":{\"@id\":\"https:\/\/dicodusport.fr\/blog\/#\/schema\/logo\/image\/\"},\"sameAs\":[\"https:\/\/www.facebook.com\/dicodusport\",\"https:\/\/x.com\/dicodusport\",\"https:\/\/www.instagram.com\/dicodusport\/\",\"https:\/\/www.youtube.com\/channel\/UC7V2KZ5sd3htJivAbA4ZG3w\"],\"description\":\"Dicodusport est l'encyclop\u00e9die de l'actualit\u00e9 sportive.\",\"email\":\"bonjour@dicodusport.fr\",\"legalName\":\"DICODUSPORT\",\"foundingDate\":\"2018-01-14\",\"vatID\":\"FR71834470973\",\"taxID\":\"83447097300043\",\"numberOfEmployees\":{\"@type\":\"QuantitativeValue\",\"minValue\":\"1\",\"maxValue\":\"10\"}},{\"@type\":\"Person\",\"@id\":\"https:\/\/dicodusport.fr\/blog\/#\/schema\/person\/627966a6cde45dbd8c5e36ac85d783da\",\"name\":\"S\u00e9bastien Gente\",\"image\":{\"@type\":\"ImageObject\",\"inLanguage\":\"fr-FR\",\"@id\":\"https:\/\/dicodusport.fr\/blog\/#\/schema\/person\/image\/\",\"url\":\"https:\/\/dicodusport.fr\/blog\/wp-content\/uploads\/2021\/09\/1510990_10205810251400683_4124423575079401707_n-150x150.jpg\",\"contentUrl\":\"https:\/\/dicodusport.fr\/blog\/wp-content\/uploads\/2021\/09\/1510990_10205810251400683_4124423575079401707_n-150x150.jpg\",\"caption\":\"S\u00e9bastien Gente\"},\"description\":\"John Stockton, Gianni Bugno, Zinedine Zidane, Steffi Graf, Frode Andresen, St\u00e9phane Stoecklin, Davis Kamoga, Primoz Peterka, Werner Schlager et Aur\u00e9lien Rougerie. Point commun entre ces sportifs? Ils m'ont fait r\u00eaver et ont berc\u00e9 mon adolescence. Je suis un fondu de sports et j'essaie de retranscrire ma passion \u00e0 travers mes articles. Originaire du P\u00e9rigord, ma passion pour les Girondins, les Jaunards et les Jazzmen transpire dans mes \u00e9crits. \u00c0 Dicodusport depuis 2021, je d\u00e9niche les sports m\u00e9connus dans lesquels la France brille, et il y en a !\",\"sameAs\":[\"https:\/\/www.facebook.com\/sebastien.gente\/\",\"https:\/\/www.instagram.com\/sebgente\/\",\"https:\/\/www.linkedin.com\/in\/sbastien-gente-a29583169\/\",\"https:\/\/x.com\/https:\/\/twitter.com\/globulo24\",\"SebastienGente\"],\"worksFor\":\"S\u00e9bastien GENTE\",\"url\":\"https:\/\/dicodusport.fr\/blog\/author\/sebastiengente\/\"}]}<\/script>\n<!-- \/ Yoast SEO Premium plugin. -->","yoast_head_json":{"title":"IBU Cup 2023\/2024 : Jeanne Richard prend la troisi\u00e8me place sur le sprint d'Idre Fj\u00e4ll","description":"IBU CUP SAISON 2023\/2024 - Gros d\u00e9but de saison de Jeanne Richard, qui s'offre un deuxi\u00e8me podium individuel sur le sprint en Su\u00e8de.\u00a0","robots":{"index":"index","follow":"follow","max-snippet":"max-snippet:-1","max-image-preview":"max-image-preview:large","max-video-preview":"max-video-preview:-1"},"canonical":"https:\/\/dicodusport.fr\/blog\/ibu-cup-2023-2024-jeanne-richard-prend-la-troisieme-place-sur-le-sprint-didre-fjall\/","og_locale":"fr_FR","og_type":"article","og_title":"IBU Cup 2023\/2024 : Jeanne Richard prend la troisi\u00e8me place sur le sprint d'Idre Fj\u00e4ll","og_description":"IBU CUP SAISON 2023\/2024 - Gros d\u00e9but de saison de Jeanne Richard, qui s'offre un deuxi\u00e8me podium individuel sur le sprint en Su\u00e8de.\u00a0","og_url":"https:\/\/dicodusport.fr\/blog\/ibu-cup-2023-2024-jeanne-richard-prend-la-troisieme-place-sur-le-sprint-didre-fjall\/","og_site_name":"Dicodusport","article_publisher":"https:\/\/www.facebook.com\/dicodusport","article_author":"https:\/\/www.facebook.com\/sebastien.gente\/","article_published_time":"2023-12-08T14:38:16+00:00","article_modified_time":"2023-12-09T07:13:43+00:00","og_image":[{"width":1200,"height":674,"url":"https:\/\/dicodusport.fr\/blog\/wp-content\/uploads\/2023\/12\/IBU-Cup-20232024-Jeanne-Richard-prend-la-troisieme-place-sur-le-sprint-dIdre-Fjall.jpg","type":"image\/jpeg"}],"author":"S\u00e9bastien Gente","twitter_card":"summary_large_image","twitter_title":"IBU Cup 2023\/2024 : Jeanne Richard prend la troisi\u00e8me place sur le sprint d'Idre Fj\u00e4ll","twitter_creator":"@https:\/\/twitter.com\/globulo24","twitter_site":"@dicodusport","schema":{"@context":"https:\/\/schema.org","@graph":[{"@type":"NewsArticle","@id":"https:\/\/dicodusport.fr\/blog\/ibu-cup-2023-2024-jeanne-richard-prend-la-troisieme-place-sur-le-sprint-didre-fjall\/#article","isPartOf":{"@id":"https:\/\/dicodusport.fr\/blog\/ibu-cup-2023-2024-jeanne-richard-prend-la-troisieme-place-sur-le-sprint-didre-fjall\/"},"author":{"name":"S\u00e9bastien Gente","@id":"https:\/\/dicodusport.fr\/blog\/#\/schema\/person\/627966a6cde45dbd8c5e36ac85d783da"},"headline":"IBU Cup 2023\/2024 : Jeanne Richard prend la troisi\u00e8me place sur le sprint d&rsquo;Idre Fj\u00e4ll","datePublished":"2023-12-08T14:38:16+00:00","dateModified":"2023-12-09T07:13:43+00:00","mainEntityOfPage":{"@id":"https:\/\/dicodusport.fr\/blog\/ibu-cup-2023-2024-jeanne-richard-prend-la-troisieme-place-sur-le-sprint-didre-fjall\/"},"wordCount":309,"commentCount":0,"publisher":{"@id":"https:\/\/dicodusport.fr\/blog\/#organization"},"image":{"@id":"https:\/\/dicodusport.fr\/blog\/ibu-cup-2023-2024-jeanne-richard-prend-la-troisieme-place-sur-le-sprint-didre-fjall\/#primaryimage"},"thumbnailUrl":"https:\/\/dicodusport.fr\/blog\/wp-content\/uploads\/2023\/12\/IBU-Cup-20232024-Jeanne-Richard-prend-la-troisieme-place-sur-le-sprint-dIdre-Fjall.jpg","keywords":["biathlon fran\u00e7ais","br\u00e8ve","Jeanne Richard","Oc\u00e9ane Michelon"],"articleSection":["Biathlon"],"inLanguage":"fr-FR","potentialAction":[{"@type":"CommentAction","name":"Comment","target":["https:\/\/dicodusport.fr\/blog\/ibu-cup-2023-2024-jeanne-richard-prend-la-troisieme-place-sur-le-sprint-didre-fjall\/#respond"]}],"copyrightYear":"2023","copyrightHolder":{"@id":"https:\/\/dicodusport.fr\/blog\/#organization"}},{"@type":"WebPage","@id":"https:\/\/dicodusport.fr\/blog\/ibu-cup-2023-2024-jeanne-richard-prend-la-troisieme-place-sur-le-sprint-didre-fjall\/","url":"https:\/\/dicodusport.fr\/blog\/ibu-cup-2023-2024-jeanne-richard-prend-la-troisieme-place-sur-le-sprint-didre-fjall\/","name":"IBU Cup 2023\/2024 : Jeanne Richard prend la troisi\u00e8me place sur le sprint d'Idre Fj\u00e4ll","isPartOf":{"@id":"https:\/\/dicodusport.fr\/blog\/#website"},"primaryImageOfPage":{"@id":"https:\/\/dicodusport.fr\/blog\/ibu-cup-2023-2024-jeanne-richard-prend-la-troisieme-place-sur-le-sprint-didre-fjall\/#primaryimage"},"image":{"@id":"https:\/\/dicodusport.fr\/blog\/ibu-cup-2023-2024-jeanne-richard-prend-la-troisieme-place-sur-le-sprint-didre-fjall\/#primaryimage"},"thumbnailUrl":"https:\/\/dicodusport.fr\/blog\/wp-content\/uploads\/2023\/12\/IBU-Cup-20232024-Jeanne-Richard-prend-la-troisieme-place-sur-le-sprint-dIdre-Fjall.jpg","datePublished":"2023-12-08T14:38:16+00:00","dateModified":"2023-12-09T07:13:43+00:00","description":"IBU CUP SAISON 2023\/2024 - Gros d\u00e9but de saison de Jeanne Richard, qui s'offre un deuxi\u00e8me podium individuel sur le sprint en Su\u00e8de.\u00a0","breadcrumb":{"@id":"https:\/\/dicodusport.fr\/blog\/ibu-cup-2023-2024-jeanne-richard-prend-la-troisieme-place-sur-le-sprint-didre-fjall\/#breadcrumb"},"inLanguage":"fr-FR","potentialAction":[{"@type":"ReadAction","target":["https:\/\/dicodusport.fr\/blog\/ibu-cup-2023-2024-jeanne-richard-prend-la-troisieme-place-sur-le-sprint-didre-fjall\/"]}]},{"@type":"ImageObject","inLanguage":"fr-FR","@id":"https:\/\/dicodusport.fr\/blog\/ibu-cup-2023-2024-jeanne-richard-prend-la-troisieme-place-sur-le-sprint-didre-fjall\/#primaryimage","url":"https:\/\/dicodusport.fr\/blog\/wp-content\/uploads\/2023\/12\/IBU-Cup-20232024-Jeanne-Richard-prend-la-troisieme-place-sur-le-sprint-dIdre-Fjall.jpg","contentUrl":"https:\/\/dicodusport.fr\/blog\/wp-content\/uploads\/2023\/12\/IBU-Cup-20232024-Jeanne-Richard-prend-la-troisieme-place-sur-le-sprint-dIdre-Fjall.jpg","width":1200,"height":674,"caption":"IBU Cup 20232024 Jeanne Richard prend la troisi\u00e8me place sur le sprint d'Idre Fj\u00e4ll"},{"@type":"BreadcrumbList","@id":"https:\/\/dicodusport.fr\/blog\/ibu-cup-2023-2024-jeanne-richard-prend-la-troisieme-place-sur-le-sprint-didre-fjall\/#breadcrumb","itemListElement":[{"@type":"ListItem","position":1,"name":"Accueil","item":"https:\/\/dicodusport.fr\/blog\/"},{"@type":"ListItem","position":2,"name":"IBU Cup 2023\/2024 : Jeanne Richard prend la troisi\u00e8me place sur le sprint d&rsquo;Idre Fj\u00e4ll"}]},{"@type":"WebSite","@id":"https:\/\/dicodusport.fr\/blog\/#website","url":"https:\/\/dicodusport.fr\/blog\/","name":"Dicodusport","description":"L&#039;encyclop\u00e9die de l&#039;actualit\u00e9 sportive","publisher":{"@id":"https:\/\/dicodusport.fr\/blog\/#organization"},"potentialAction":[{"@type":"SearchAction","target":{"@type":"EntryPoint","urlTemplate":"https:\/\/dicodusport.fr\/blog\/?s={search_term_string}"},"query-input":{"@type":"PropertyValueSpecification","valueRequired":true,"valueName":"search_term_string"}}],"inLanguage":"fr-FR"},{"@type":"NewsMediaOrganization","@id":"https:\/\/dicodusport.fr\/blog\/#organization","name":"Dicodusport","url":"https:\/\/dicodusport.fr\/blog\/","logo":{"@type":"ImageObject","inLanguage":"fr-FR","@id":"https:\/\/dicodusport.fr\/blog\/#\/schema\/logo\/image\/","url":"https:\/\/dicodusport.fr\/blog\/wp-content\/uploads\/2020\/06\/cropped-LOGO-DICODUSPORT-2020-SANS-FOND-SANS-TEXTE.png","contentUrl":"https:\/\/dicodusport.fr\/blog\/wp-content\/uploads\/2020\/06\/cropped-LOGO-DICODUSPORT-2020-SANS-FOND-SANS-TEXTE.png","width":512,"height":512,"caption":"Dicodusport"},"image":{"@id":"https:\/\/dicodusport.fr\/blog\/#\/schema\/logo\/image\/"},"sameAs":["https:\/\/www.facebook.com\/dicodusport","https:\/\/x.com\/dicodusport","https:\/\/www.instagram.com\/dicodusport\/","https:\/\/www.youtube.com\/channel\/UC7V2KZ5sd3htJivAbA4ZG3w"],"description":"Dicodusport est l'encyclop\u00e9die de l'actualit\u00e9 sportive.","email":"bonjour@dicodusport.fr","legalName":"DICODUSPORT","foundingDate":"2018-01-14","vatID":"FR71834470973","taxID":"83447097300043","numberOfEmployees":{"@type":"QuantitativeValue","minValue":"1","maxValue":"10"}},{"@type":"Person","@id":"https:\/\/dicodusport.fr\/blog\/#\/schema\/person\/627966a6cde45dbd8c5e36ac85d783da","name":"S\u00e9bastien Gente","image":{"@type":"ImageObject","inLanguage":"fr-FR","@id":"https:\/\/dicodusport.fr\/blog\/#\/schema\/person\/image\/","url":"https:\/\/dicodusport.fr\/blog\/wp-content\/uploads\/2021\/09\/1510990_10205810251400683_4124423575079401707_n-150x150.jpg","contentUrl":"https:\/\/dicodusport.fr\/blog\/wp-content\/uploads\/2021\/09\/1510990_10205810251400683_4124423575079401707_n-150x150.jpg","caption":"S\u00e9bastien Gente"},"description":"John Stockton, Gianni Bugno, Zinedine Zidane, Steffi Graf, Frode Andresen, St\u00e9phane Stoecklin, Davis Kamoga, Primoz Peterka, Werner Schlager et Aur\u00e9lien Rougerie. Point commun entre ces sportifs? Ils m'ont fait r\u00eaver et ont berc\u00e9 mon adolescence. Je suis un fondu de sports et j'essaie de retranscrire ma passion \u00e0 travers mes articles. Originaire du P\u00e9rigord, ma passion pour les Girondins, les Jaunards et les Jazzmen transpire dans mes \u00e9crits. \u00c0 Dicodusport depuis 2021, je d\u00e9niche les sports m\u00e9connus dans lesquels la France brille, et il y en a !","sameAs":["https:\/\/www.facebook.com\/sebastien.gente\/","https:\/\/www.instagram.com\/sebgente\/","https:\/\/www.linkedin.com\/in\/sbastien-gente-a29583169\/","https:\/\/x.com\/https:\/\/twitter.com\/globulo24","SebastienGente"],"worksFor":"S\u00e9bastien GENTE","url":"https:\/\/dicodusport.fr\/blog\/author\/sebastiengente\/"}]}},"_links":{"self":[{"href":"https:\/\/dicodusport.fr\/blog\/wp-json\/wp\/v2\/posts\/443534","targetHints":{"allow":["GET"]}}],"collection":[{"href":"https:\/\/dicodusport.fr\/blog\/wp-json\/wp\/v2\/posts"}],"about":[{"href":"https:\/\/dicodusport.fr\/blog\/wp-json\/wp\/v2\/types\/post"}],"author":[{"embeddable":true,"href":"https:\/\/dicodusport.fr\/blog\/wp-json\/wp\/v2\/users\/59"}],"replies":[{"embeddable":true,"href":"https:\/\/dicodusport.fr\/blog\/wp-json\/wp\/v2\/comments?post=443534"}],"version-history":[{"count":4,"href":"https:\/\/dicodusport.fr\/blog\/wp-json\/wp\/v2\/posts\/443534\/revisions"}],"predecessor-version":[{"id":443758,"href":"https:\/\/dicodusport.fr\/blog\/wp-json\/wp\/v2\/posts\/443534\/revisions\/443758"}],"wp:featuredmedia":[{"embeddable":true,"href":"https:\/\/dicodusport.fr\/blog\/wp-json\/wp\/v2\/media\/443601"}],"wp:attachment":[{"href":"https:\/\/dicodusport.fr\/blog\/wp-json\/wp\/v2\/media?parent=443534"}],"wp:term":[{"taxonomy":"category","embeddable":true,"href":"https:\/\/dicodusport.fr\/blog\/wp-json\/wp\/v2\/categories?post=443534"},{"taxonomy":"post_tag","embeddable":true,"href":"https:\/\/dicodusport.fr\/blog\/wp-json\/wp\/v2\/tags?post=443534"}],"curies":[{"name":"wp","href":"https:\/\/api.w.org\/{rel}","templated":true}]}}