{"id":44358,"date":"2019-08-01T09:30:58","date_gmt":"2019-08-01T07:30:58","guid":{"rendered":"http:\/\/dicodusport.fr\/blog\/?p=44358"},"modified":"2019-08-01T10:32:16","modified_gmt":"2019-08-01T08:32:16","slug":"sebastien-ogier-arretera-fin-2020","status":"publish","type":"post","link":"https:\/\/dicodusport.fr\/blog\/sebastien-ogier-arretera-fin-2020\/","title":{"rendered":"WRC : S\u00e9bastien Ogier arr\u00eatera fin 2020"},"content":{"rendered":"<p style=\"text-align: justify;\"><strong><em>Dans une interview accord\u00e9e \u00e0 Yahoo Sport, S\u00e9bastien Ogier a confirm\u00e9 qu&rsquo;il arr\u00eaterait sa carri\u00e8re \u00e0 l&rsquo;issue de contrat de deux ans avec Citro\u00ebn, soit fin 2020.<br \/>\n<\/em><\/strong><\/p>\n<p style=\"text-align: justify;\">C&rsquo;\u00e9tait dans les tuyaux, c&rsquo;est d\u00e9sormais acquis. <strong>S\u00e9bastien Ogier<\/strong> mettra bel et bien un terme \u00e0 sa carri\u00e8re en WRC \u00e0 l&rsquo;issue de la saison 2020. Le sextuple champion du monde l&rsquo;avait d\u00e9j\u00e0 \u00e9voqu\u00e9 en signant son contrat de deux ans avec Citro\u00ebn en septembre 2018. Dans un entretien accord\u00e9 \u00e0 <em><a href=\"https:\/\/fr.sports.yahoo.com\/news\/sebastien-ogier-jarreterai-fin-2020-161135829.html?guccounter=1&amp;guce_referrer=aHR0cHM6Ly93d3cuZ29vZ2xlLmNvbS8&amp;guce_referrer_sig=AQAAANV09uQVHeQGeDrhqnHVMx79PQcm-b6-KtT98Ncx99SO3_X-V0WHrcDWPy2HG5jUNvJ6gmfvnVDawmTrKPo3tr-qSrc5U54v2R6vj-F2nJeOQydUnVDVMu7Z6TyN6PErAwzCrU405rpwQGiuMFjDeNkyk5UgF1_FY3tzn4gCkGcN\" target=\"_blank\" rel=\"noopener\">Yahoo Sport<\/a><\/em>, le Gapen\u00e7ais a confirm\u00e9 ses dires : <em>\u00ab Ma carri\u00e8re s&rsquo;arr\u00eatera fin 2020 chez Citro\u00ebn.\u00a0\u00bb <\/em><\/p>\n<p style=\"text-align: justify;\">Le pilote de 35 ans\u00a0en a \u00e9galement dit plus sur son apr\u00e8s-carri\u00e8re : <em>\u00ab Apr\u00e8s, j&rsquo;aurai envie de passer \u00e0 autre chose. \u00catre plus \u00e0 la maison, \u00eatre le meilleur p\u00e8re possible, \u00eatre plus pr\u00e9sent aupr\u00e8s de mon fils. Et des projets de reconversion, il peut y en avoir plein. Reprendre des \u00e9tudes d&rsquo;\u00e9conomie, l&rsquo;\u00e9cologie aussi me touche m\u00eame si je fais du sport auto depuis des ann\u00e9es. Je suis sensible au sort de la plan\u00e8te. Le golf \u00e9galement, j&rsquo;ai commenc\u00e9 il y a peu de temps, et c&rsquo;est addictif. Et puis aussi certainement encore un peu de sport auto, mais moins contraignant qu&rsquo;aujourd&rsquo;hui. \u00bb<\/em><\/p>\n<p><strong><em>Dicodusport<br \/>\n<a href=\"https:\/\/www.facebook.com\/dicodusport\/\" target=\"_blank\" rel=\"noopener\"><img loading=\"lazy\" decoding=\"async\" class=\"alignnone wp-image-2909\" src=\"http:\/\/dicodusport.fr\/blog\/wp-content\/uploads\/2017\/07\/logo-facebook-150x150.png\" alt=\"\" width=\"40\" height=\"40\" \/><\/a><a href=\"https:\/\/twitter.com\/dicodusport\" target=\"_blank\" rel=\"noopener\"><img loading=\"lazy\" decoding=\"async\" class=\"alignnone wp-image-2908\" src=\"http:\/\/dicodusport.fr\/blog\/wp-content\/uploads\/2017\/07\/logo-twitter-150x150.png\" alt=\"\" width=\"39\" height=\"39\" \/><\/a><\/em><\/strong><\/p>\n","protected":false},"excerpt":{"rendered":"<p>Dans une interview accord\u00e9e \u00e0 Yahoo Sport, S\u00e9bastien Ogier a confirm\u00e9 qu&rsquo;il arr\u00eaterait sa carri\u00e8re \u00e0 l&rsquo;issue de contrat de deux ans avec Citro\u00ebn, soit fin 2020.<\/p>\n","protected":false},"author":4,"featured_media":32530,"comment_status":"open","ping_status":"closed","sticky":false,"template":"","format":"standard","meta":{"_acf_changed":false,"_daextam_enable_autolinks":"","footnotes":""},"categories":[2312],"tags":[3858,2234,24,2235],"class_list":["post-44358","post","type-post","status-publish","format-standard","has-post-thumbnail","hentry","category-sports-mecaniques","tag-rallye","tag-sebastien-ogier","tag-sport","tag-wrc"],"acf":[],"yoast_head":"<!-- This site is optimized with the Yoast SEO Premium plugin v26.7 (Yoast SEO v26.7) - https:\/\/yoast.com\/wordpress\/plugins\/seo\/ -->\n<title>WRC : S\u00e9bastien Ogier arr\u00eatera fin 2020<\/title>\n<meta name=\"description\" content=\"WRC - Dans une interview accord\u00e9e \u00e0 Yahoo Sport, le Fran\u00e7ais S\u00e9bastien Ogier a confirm\u00e9 qu&#039;il arr\u00eaterait sa carri\u00e8re fin 2020.\" \/>\n<meta name=\"robots\" content=\"index, follow, max-snippet:-1, max-image-preview:large, max-video-preview:-1\" \/>\n<link rel=\"canonical\" href=\"https:\/\/dicodusport.fr\/blog\/sebastien-ogier-arretera-fin-2020\/\" \/>\n<meta property=\"og:locale\" content=\"fr_FR\" \/>\n<meta property=\"og:type\" content=\"article\" \/>\n<meta property=\"og:title\" content=\"WRC : S\u00e9bastien Ogier arr\u00eatera fin 2020\" \/>\n<meta property=\"og:description\" content=\"WRC - Dans une interview accord\u00e9e \u00e0 Yahoo Sport, le Fran\u00e7ais S\u00e9bastien Ogier a confirm\u00e9 qu&#039;il arr\u00eaterait sa carri\u00e8re fin 2020.\" \/>\n<meta property=\"og:url\" content=\"https:\/\/dicodusport.fr\/blog\/sebastien-ogier-arretera-fin-2020\/\" \/>\n<meta property=\"og:site_name\" content=\"Dicodusport\" \/>\n<meta property=\"article:publisher\" content=\"https:\/\/www.facebook.com\/dicodusport\" \/>\n<meta property=\"article:author\" content=\"https:\/\/www.facebook.com\/florent.ostermann\" \/>\n<meta property=\"article:published_time\" content=\"2019-08-01T07:30:58+00:00\" \/>\n<meta property=\"article:modified_time\" content=\"2019-08-01T08:32:16+00:00\" \/>\n<meta property=\"og:image\" content=\"https:\/\/dicodusport.fr\/blog\/wp-content\/uploads\/2019\/01\/S\u00e9bastien-Ogier-Rallye-Monte-Carlo-homme-du-week-end.png\" \/>\n\t<meta property=\"og:image:width\" content=\"800\" \/>\n\t<meta property=\"og:image:height\" content=\"445\" \/>\n\t<meta property=\"og:image:type\" content=\"image\/png\" \/>\n<meta name=\"author\" content=\"Flo Ostermann\" \/>\n<meta name=\"twitter:card\" content=\"summary_large_image\" \/>\n<meta name=\"twitter:title\" content=\"WRC : S\u00e9bastien Ogier arr\u00eatera fin 2020\" \/>\n<meta name=\"twitter:creator\" content=\"@https:\/\/twitter.com\/FlOstermann\" \/>\n<meta name=\"twitter:site\" content=\"@dicodusport\" \/>\n<script type=\"application\/ld+json\" class=\"yoast-schema-graph\">{\"@context\":\"https:\/\/schema.org\",\"@graph\":[{\"@type\":\"NewsArticle\",\"@id\":\"https:\/\/dicodusport.fr\/blog\/sebastien-ogier-arretera-fin-2020\/#article\",\"isPartOf\":{\"@id\":\"https:\/\/dicodusport.fr\/blog\/sebastien-ogier-arretera-fin-2020\/\"},\"author\":{\"name\":\"Flo Ostermann\",\"@id\":\"https:\/\/dicodusport.fr\/blog\/#\/schema\/person\/cb02af4c173ce4a653b55e9baf388d4a\"},\"headline\":\"WRC : S\u00e9bastien Ogier arr\u00eatera fin 2020\",\"datePublished\":\"2019-08-01T07:30:58+00:00\",\"dateModified\":\"2019-08-01T08:32:16+00:00\",\"mainEntityOfPage\":{\"@id\":\"https:\/\/dicodusport.fr\/blog\/sebastien-ogier-arretera-fin-2020\/\"},\"wordCount\":229,\"commentCount\":1,\"publisher\":{\"@id\":\"https:\/\/dicodusport.fr\/blog\/#organization\"},\"image\":{\"@id\":\"https:\/\/dicodusport.fr\/blog\/sebastien-ogier-arretera-fin-2020\/#primaryimage\"},\"thumbnailUrl\":\"https:\/\/dicodusport.fr\/blog\/wp-content\/uploads\/2019\/01\/S\u00e9bastien-Ogier-Rallye-Monte-Carlo-homme-du-week-end.png\",\"keywords\":[\"Rallye\",\"S\u00e9bastien Ogier\",\"sport\",\"WRC\"],\"articleSection\":[\"Sports m\u00e9caniques\"],\"inLanguage\":\"fr-FR\",\"potentialAction\":[{\"@type\":\"CommentAction\",\"name\":\"Comment\",\"target\":[\"https:\/\/dicodusport.fr\/blog\/sebastien-ogier-arretera-fin-2020\/#respond\"]}],\"copyrightYear\":\"2019\",\"copyrightHolder\":{\"@id\":\"https:\/\/dicodusport.fr\/blog\/#organization\"}},{\"@type\":\"WebPage\",\"@id\":\"https:\/\/dicodusport.fr\/blog\/sebastien-ogier-arretera-fin-2020\/\",\"url\":\"https:\/\/dicodusport.fr\/blog\/sebastien-ogier-arretera-fin-2020\/\",\"name\":\"WRC : S\u00e9bastien Ogier arr\u00eatera fin 2020\",\"isPartOf\":{\"@id\":\"https:\/\/dicodusport.fr\/blog\/#website\"},\"primaryImageOfPage\":{\"@id\":\"https:\/\/dicodusport.fr\/blog\/sebastien-ogier-arretera-fin-2020\/#primaryimage\"},\"image\":{\"@id\":\"https:\/\/dicodusport.fr\/blog\/sebastien-ogier-arretera-fin-2020\/#primaryimage\"},\"thumbnailUrl\":\"https:\/\/dicodusport.fr\/blog\/wp-content\/uploads\/2019\/01\/S\u00e9bastien-Ogier-Rallye-Monte-Carlo-homme-du-week-end.png\",\"datePublished\":\"2019-08-01T07:30:58+00:00\",\"dateModified\":\"2019-08-01T08:32:16+00:00\",\"description\":\"WRC - Dans une interview accord\u00e9e \u00e0 Yahoo Sport, le Fran\u00e7ais S\u00e9bastien Ogier a confirm\u00e9 qu'il arr\u00eaterait sa carri\u00e8re fin 2020.\",\"breadcrumb\":{\"@id\":\"https:\/\/dicodusport.fr\/blog\/sebastien-ogier-arretera-fin-2020\/#breadcrumb\"},\"inLanguage\":\"fr-FR\",\"potentialAction\":[{\"@type\":\"ReadAction\",\"target\":[\"https:\/\/dicodusport.fr\/blog\/sebastien-ogier-arretera-fin-2020\/\"]}]},{\"@type\":\"ImageObject\",\"inLanguage\":\"fr-FR\",\"@id\":\"https:\/\/dicodusport.fr\/blog\/sebastien-ogier-arretera-fin-2020\/#primaryimage\",\"url\":\"https:\/\/dicodusport.fr\/blog\/wp-content\/uploads\/2019\/01\/S\u00e9bastien-Ogier-Rallye-Monte-Carlo-homme-du-week-end.png\",\"contentUrl\":\"https:\/\/dicodusport.fr\/blog\/wp-content\/uploads\/2019\/01\/S\u00e9bastien-Ogier-Rallye-Monte-Carlo-homme-du-week-end.png\",\"width\":800,\"height\":445},{\"@type\":\"BreadcrumbList\",\"@id\":\"https:\/\/dicodusport.fr\/blog\/sebastien-ogier-arretera-fin-2020\/#breadcrumb\",\"itemListElement\":[{\"@type\":\"ListItem\",\"position\":1,\"name\":\"Accueil\",\"item\":\"https:\/\/dicodusport.fr\/blog\/\"},{\"@type\":\"ListItem\",\"position\":2,\"name\":\"WRC : S\u00e9bastien Ogier arr\u00eatera fin 2020\"}]},{\"@type\":\"WebSite\",\"@id\":\"https:\/\/dicodusport.fr\/blog\/#website\",\"url\":\"https:\/\/dicodusport.fr\/blog\/\",\"name\":\"Dicodusport\",\"description\":\"L&#039;encyclop\u00e9die de l&#039;actualit\u00e9 sportive\",\"publisher\":{\"@id\":\"https:\/\/dicodusport.fr\/blog\/#organization\"},\"potentialAction\":[{\"@type\":\"SearchAction\",\"target\":{\"@type\":\"EntryPoint\",\"urlTemplate\":\"https:\/\/dicodusport.fr\/blog\/?s={search_term_string}\"},\"query-input\":{\"@type\":\"PropertyValueSpecification\",\"valueRequired\":true,\"valueName\":\"search_term_string\"}}],\"inLanguage\":\"fr-FR\"},{\"@type\":\"NewsMediaOrganization\",\"@id\":\"https:\/\/dicodusport.fr\/blog\/#organization\",\"name\":\"Dicodusport\",\"url\":\"https:\/\/dicodusport.fr\/blog\/\",\"logo\":{\"@type\":\"ImageObject\",\"inLanguage\":\"fr-FR\",\"@id\":\"https:\/\/dicodusport.fr\/blog\/#\/schema\/logo\/image\/\",\"url\":\"https:\/\/dicodusport.fr\/blog\/wp-content\/uploads\/2020\/06\/cropped-LOGO-DICODUSPORT-2020-SANS-FOND-SANS-TEXTE.png\",\"contentUrl\":\"https:\/\/dicodusport.fr\/blog\/wp-content\/uploads\/2020\/06\/cropped-LOGO-DICODUSPORT-2020-SANS-FOND-SANS-TEXTE.png\",\"width\":512,\"height\":512,\"caption\":\"Dicodusport\"},\"image\":{\"@id\":\"https:\/\/dicodusport.fr\/blog\/#\/schema\/logo\/image\/\"},\"sameAs\":[\"https:\/\/www.facebook.com\/dicodusport\",\"https:\/\/x.com\/dicodusport\",\"https:\/\/www.instagram.com\/dicodusport\/\",\"https:\/\/www.youtube.com\/channel\/UC7V2KZ5sd3htJivAbA4ZG3w\"],\"description\":\"Dicodusport est l'encyclop\u00e9die de l'actualit\u00e9 sportive.\",\"email\":\"bonjour@dicodusport.fr\",\"legalName\":\"DICODUSPORT\",\"foundingDate\":\"2018-01-14\",\"vatID\":\"FR71834470973\",\"taxID\":\"83447097300043\",\"numberOfEmployees\":{\"@type\":\"QuantitativeValue\",\"minValue\":\"1\",\"maxValue\":\"10\"}},{\"@type\":\"Person\",\"@id\":\"https:\/\/dicodusport.fr\/blog\/#\/schema\/person\/cb02af4c173ce4a653b55e9baf388d4a\",\"name\":\"Flo Ostermann\",\"image\":{\"@type\":\"ImageObject\",\"inLanguage\":\"fr-FR\",\"@id\":\"https:\/\/dicodusport.fr\/blog\/#\/schema\/person\/image\/\",\"url\":\"https:\/\/dicodusport.fr\/blog\/wp-content\/uploads\/2021\/05\/Flo-Ostermann-150x150.jpg\",\"contentUrl\":\"https:\/\/dicodusport.fr\/blog\/wp-content\/uploads\/2021\/05\/Flo-Ostermann-150x150.jpg\",\"caption\":\"Flo Ostermann\"},\"description\":\"Journaliste\/R\u00e9dacteur depuis septembre 2015 - Mes premiers souvenirs dans le sport ? Les envol\u00e9es du Stade Toulousain et les duels Villeneuve-Schumacher et H\u00e4kkinen-Schumacher \u00e0 la fin des ann\u00e9es 90, la Coupe du monde de football en 1998, l\u2019exploit du XV de France face aux All Blacks en 1999, mais aussi Richard C\u0153ur de Lion qui vole sur les montagnes du Tour de France. Bien parti pour devenir professeur d\u2019EPS, les \u00e9v\u00e9nements de la vie (et la flemme d\u2019animer des s\u00e9ances de 3x500 m\u00e8tres toute ma vie) m\u2019ont conduit \u00e0 revoir mes plans. Me voil\u00e0 depuis fin 2017 sur Dicodusport, m\u00e9dia gr\u00e2ce (et pour) lequel je partage ma passion : le sport dans tous ses \u00e9tats. Le tout accompagn\u00e9 par les fous furieux et folles furieuses cit\u00e9s sur cette page !\",\"sameAs\":[\"https:\/\/www.facebook.com\/florent.ostermann\",\"https:\/\/x.com\/https:\/\/twitter.com\/FlOstermann\",\"admin\"],\"url\":\"https:\/\/dicodusport.fr\/blog\/author\/flo\/\"}]}<\/script>\n<!-- \/ Yoast SEO Premium plugin. -->","yoast_head_json":{"title":"WRC : S\u00e9bastien Ogier arr\u00eatera fin 2020","description":"WRC - Dans une interview accord\u00e9e \u00e0 Yahoo Sport, le Fran\u00e7ais S\u00e9bastien Ogier a confirm\u00e9 qu'il arr\u00eaterait sa carri\u00e8re fin 2020.","robots":{"index":"index","follow":"follow","max-snippet":"max-snippet:-1","max-image-preview":"max-image-preview:large","max-video-preview":"max-video-preview:-1"},"canonical":"https:\/\/dicodusport.fr\/blog\/sebastien-ogier-arretera-fin-2020\/","og_locale":"fr_FR","og_type":"article","og_title":"WRC : S\u00e9bastien Ogier arr\u00eatera fin 2020","og_description":"WRC - Dans une interview accord\u00e9e \u00e0 Yahoo Sport, le Fran\u00e7ais S\u00e9bastien Ogier a confirm\u00e9 qu'il arr\u00eaterait sa carri\u00e8re fin 2020.","og_url":"https:\/\/dicodusport.fr\/blog\/sebastien-ogier-arretera-fin-2020\/","og_site_name":"Dicodusport","article_publisher":"https:\/\/www.facebook.com\/dicodusport","article_author":"https:\/\/www.facebook.com\/florent.ostermann","article_published_time":"2019-08-01T07:30:58+00:00","article_modified_time":"2019-08-01T08:32:16+00:00","og_image":[{"width":800,"height":445,"url":"https:\/\/dicodusport.fr\/blog\/wp-content\/uploads\/2019\/01\/S\u00e9bastien-Ogier-Rallye-Monte-Carlo-homme-du-week-end.png","type":"image\/png"}],"author":"Flo Ostermann","twitter_card":"summary_large_image","twitter_title":"WRC : S\u00e9bastien Ogier arr\u00eatera fin 2020","twitter_creator":"@https:\/\/twitter.com\/FlOstermann","twitter_site":"@dicodusport","schema":{"@context":"https:\/\/schema.org","@graph":[{"@type":"NewsArticle","@id":"https:\/\/dicodusport.fr\/blog\/sebastien-ogier-arretera-fin-2020\/#article","isPartOf":{"@id":"https:\/\/dicodusport.fr\/blog\/sebastien-ogier-arretera-fin-2020\/"},"author":{"name":"Flo Ostermann","@id":"https:\/\/dicodusport.fr\/blog\/#\/schema\/person\/cb02af4c173ce4a653b55e9baf388d4a"},"headline":"WRC : S\u00e9bastien Ogier arr\u00eatera fin 2020","datePublished":"2019-08-01T07:30:58+00:00","dateModified":"2019-08-01T08:32:16+00:00","mainEntityOfPage":{"@id":"https:\/\/dicodusport.fr\/blog\/sebastien-ogier-arretera-fin-2020\/"},"wordCount":229,"commentCount":1,"publisher":{"@id":"https:\/\/dicodusport.fr\/blog\/#organization"},"image":{"@id":"https:\/\/dicodusport.fr\/blog\/sebastien-ogier-arretera-fin-2020\/#primaryimage"},"thumbnailUrl":"https:\/\/dicodusport.fr\/blog\/wp-content\/uploads\/2019\/01\/S\u00e9bastien-Ogier-Rallye-Monte-Carlo-homme-du-week-end.png","keywords":["Rallye","S\u00e9bastien Ogier","sport","WRC"],"articleSection":["Sports m\u00e9caniques"],"inLanguage":"fr-FR","potentialAction":[{"@type":"CommentAction","name":"Comment","target":["https:\/\/dicodusport.fr\/blog\/sebastien-ogier-arretera-fin-2020\/#respond"]}],"copyrightYear":"2019","copyrightHolder":{"@id":"https:\/\/dicodusport.fr\/blog\/#organization"}},{"@type":"WebPage","@id":"https:\/\/dicodusport.fr\/blog\/sebastien-ogier-arretera-fin-2020\/","url":"https:\/\/dicodusport.fr\/blog\/sebastien-ogier-arretera-fin-2020\/","name":"WRC : S\u00e9bastien Ogier arr\u00eatera fin 2020","isPartOf":{"@id":"https:\/\/dicodusport.fr\/blog\/#website"},"primaryImageOfPage":{"@id":"https:\/\/dicodusport.fr\/blog\/sebastien-ogier-arretera-fin-2020\/#primaryimage"},"image":{"@id":"https:\/\/dicodusport.fr\/blog\/sebastien-ogier-arretera-fin-2020\/#primaryimage"},"thumbnailUrl":"https:\/\/dicodusport.fr\/blog\/wp-content\/uploads\/2019\/01\/S\u00e9bastien-Ogier-Rallye-Monte-Carlo-homme-du-week-end.png","datePublished":"2019-08-01T07:30:58+00:00","dateModified":"2019-08-01T08:32:16+00:00","description":"WRC - Dans une interview accord\u00e9e \u00e0 Yahoo Sport, le Fran\u00e7ais S\u00e9bastien Ogier a confirm\u00e9 qu'il arr\u00eaterait sa carri\u00e8re fin 2020.","breadcrumb":{"@id":"https:\/\/dicodusport.fr\/blog\/sebastien-ogier-arretera-fin-2020\/#breadcrumb"},"inLanguage":"fr-FR","potentialAction":[{"@type":"ReadAction","target":["https:\/\/dicodusport.fr\/blog\/sebastien-ogier-arretera-fin-2020\/"]}]},{"@type":"ImageObject","inLanguage":"fr-FR","@id":"https:\/\/dicodusport.fr\/blog\/sebastien-ogier-arretera-fin-2020\/#primaryimage","url":"https:\/\/dicodusport.fr\/blog\/wp-content\/uploads\/2019\/01\/S\u00e9bastien-Ogier-Rallye-Monte-Carlo-homme-du-week-end.png","contentUrl":"https:\/\/dicodusport.fr\/blog\/wp-content\/uploads\/2019\/01\/S\u00e9bastien-Ogier-Rallye-Monte-Carlo-homme-du-week-end.png","width":800,"height":445},{"@type":"BreadcrumbList","@id":"https:\/\/dicodusport.fr\/blog\/sebastien-ogier-arretera-fin-2020\/#breadcrumb","itemListElement":[{"@type":"ListItem","position":1,"name":"Accueil","item":"https:\/\/dicodusport.fr\/blog\/"},{"@type":"ListItem","position":2,"name":"WRC : S\u00e9bastien Ogier arr\u00eatera fin 2020"}]},{"@type":"WebSite","@id":"https:\/\/dicodusport.fr\/blog\/#website","url":"https:\/\/dicodusport.fr\/blog\/","name":"Dicodusport","description":"L&#039;encyclop\u00e9die de l&#039;actualit\u00e9 sportive","publisher":{"@id":"https:\/\/dicodusport.fr\/blog\/#organization"},"potentialAction":[{"@type":"SearchAction","target":{"@type":"EntryPoint","urlTemplate":"https:\/\/dicodusport.fr\/blog\/?s={search_term_string}"},"query-input":{"@type":"PropertyValueSpecification","valueRequired":true,"valueName":"search_term_string"}}],"inLanguage":"fr-FR"},{"@type":"NewsMediaOrganization","@id":"https:\/\/dicodusport.fr\/blog\/#organization","name":"Dicodusport","url":"https:\/\/dicodusport.fr\/blog\/","logo":{"@type":"ImageObject","inLanguage":"fr-FR","@id":"https:\/\/dicodusport.fr\/blog\/#\/schema\/logo\/image\/","url":"https:\/\/dicodusport.fr\/blog\/wp-content\/uploads\/2020\/06\/cropped-LOGO-DICODUSPORT-2020-SANS-FOND-SANS-TEXTE.png","contentUrl":"https:\/\/dicodusport.fr\/blog\/wp-content\/uploads\/2020\/06\/cropped-LOGO-DICODUSPORT-2020-SANS-FOND-SANS-TEXTE.png","width":512,"height":512,"caption":"Dicodusport"},"image":{"@id":"https:\/\/dicodusport.fr\/blog\/#\/schema\/logo\/image\/"},"sameAs":["https:\/\/www.facebook.com\/dicodusport","https:\/\/x.com\/dicodusport","https:\/\/www.instagram.com\/dicodusport\/","https:\/\/www.youtube.com\/channel\/UC7V2KZ5sd3htJivAbA4ZG3w"],"description":"Dicodusport est l'encyclop\u00e9die de l'actualit\u00e9 sportive.","email":"bonjour@dicodusport.fr","legalName":"DICODUSPORT","foundingDate":"2018-01-14","vatID":"FR71834470973","taxID":"83447097300043","numberOfEmployees":{"@type":"QuantitativeValue","minValue":"1","maxValue":"10"}},{"@type":"Person","@id":"https:\/\/dicodusport.fr\/blog\/#\/schema\/person\/cb02af4c173ce4a653b55e9baf388d4a","name":"Flo Ostermann","image":{"@type":"ImageObject","inLanguage":"fr-FR","@id":"https:\/\/dicodusport.fr\/blog\/#\/schema\/person\/image\/","url":"https:\/\/dicodusport.fr\/blog\/wp-content\/uploads\/2021\/05\/Flo-Ostermann-150x150.jpg","contentUrl":"https:\/\/dicodusport.fr\/blog\/wp-content\/uploads\/2021\/05\/Flo-Ostermann-150x150.jpg","caption":"Flo Ostermann"},"description":"Journaliste\/R\u00e9dacteur depuis septembre 2015 - Mes premiers souvenirs dans le sport ? Les envol\u00e9es du Stade Toulousain et les duels Villeneuve-Schumacher et H\u00e4kkinen-Schumacher \u00e0 la fin des ann\u00e9es 90, la Coupe du monde de football en 1998, l\u2019exploit du XV de France face aux All Blacks en 1999, mais aussi Richard C\u0153ur de Lion qui vole sur les montagnes du Tour de France. Bien parti pour devenir professeur d\u2019EPS, les \u00e9v\u00e9nements de la vie (et la flemme d\u2019animer des s\u00e9ances de 3x500 m\u00e8tres toute ma vie) m\u2019ont conduit \u00e0 revoir mes plans. Me voil\u00e0 depuis fin 2017 sur Dicodusport, m\u00e9dia gr\u00e2ce (et pour) lequel je partage ma passion : le sport dans tous ses \u00e9tats. Le tout accompagn\u00e9 par les fous furieux et folles furieuses cit\u00e9s sur cette page !","sameAs":["https:\/\/www.facebook.com\/florent.ostermann","https:\/\/x.com\/https:\/\/twitter.com\/FlOstermann","admin"],"url":"https:\/\/dicodusport.fr\/blog\/author\/flo\/"}]}},"_links":{"self":[{"href":"https:\/\/dicodusport.fr\/blog\/wp-json\/wp\/v2\/posts\/44358","targetHints":{"allow":["GET"]}}],"collection":[{"href":"https:\/\/dicodusport.fr\/blog\/wp-json\/wp\/v2\/posts"}],"about":[{"href":"https:\/\/dicodusport.fr\/blog\/wp-json\/wp\/v2\/types\/post"}],"author":[{"embeddable":true,"href":"https:\/\/dicodusport.fr\/blog\/wp-json\/wp\/v2\/users\/4"}],"replies":[{"embeddable":true,"href":"https:\/\/dicodusport.fr\/blog\/wp-json\/wp\/v2\/comments?post=44358"}],"version-history":[{"count":0,"href":"https:\/\/dicodusport.fr\/blog\/wp-json\/wp\/v2\/posts\/44358\/revisions"}],"wp:featuredmedia":[{"embeddable":true,"href":"https:\/\/dicodusport.fr\/blog\/wp-json\/wp\/v2\/media\/32530"}],"wp:attachment":[{"href":"https:\/\/dicodusport.fr\/blog\/wp-json\/wp\/v2\/media?parent=44358"}],"wp:term":[{"taxonomy":"category","embeddable":true,"href":"https:\/\/dicodusport.fr\/blog\/wp-json\/wp\/v2\/categories?post=44358"},{"taxonomy":"post_tag","embeddable":true,"href":"https:\/\/dicodusport.fr\/blog\/wp-json\/wp\/v2\/tags?post=44358"}],"curies":[{"name":"wp","href":"https:\/\/api.w.org\/{rel}","templated":true}]}}