{"id":443626,"date":"2023-12-08T18:46:28","date_gmt":"2023-12-08T17:46:28","guid":{"rendered":"https:\/\/dicodusport.fr\/blog\/?p=443626&#038;preview=true&#038;preview_id=443626"},"modified":"2023-12-08T18:50:31","modified_gmt":"2023-12-08T17:50:31","slug":"transferts-loic-credoz-va-quitter-oyonnax-pour-un-autre-club-de-top-14","status":"publish","type":"post","link":"https:\/\/dicodusport.fr\/blog\/transferts-loic-credoz-va-quitter-oyonnax-pour-un-autre-club-de-top-14\/","title":{"rendered":"Transferts : Lo\u00efc Cr\u00e9doz va quitter Oyonnax pour un autre club de Top 14"},"content":{"rendered":"<p style=\"text-align: justify;\"><strong><em>TOP 14 2023-2024 &#8211; Selon L&rsquo;\u00c9quipe, Lo\u00efc Cr\u00e9doz va quitter Oyonnax en fin de saison pour rejoindre la Section Paloise.\u00a0<\/em><\/strong><\/p>\n<p style=\"text-align: justify;\">La <strong>Section<\/strong> <strong>Paloise<\/strong> a d\u00e9j\u00e0 attaqu\u00e9 son mercato pour la saison prochaine avec deux recrues act\u00e9es. <strong>Daniel<\/strong> <strong>Bibi<\/strong> <strong>Biziwu<\/strong> et <strong>Lekso<\/strong> <strong>Kaulashvili<\/strong> vont tous les deux renforcer la premi\u00e8re ligne du club b\u00e9arnais. \u00c0 l&rsquo;inverse, <strong>Samuel<\/strong> <strong>Ezeala<\/strong> et <strong>Guillaume<\/strong> <strong>Ducat<\/strong> ne seront plus au club la saison prochaine puisqu&rsquo;ils vont rejoindre respectivement le <strong>Stade<\/strong> <strong>Fran\u00e7ais<\/strong> et le <strong>Castres<\/strong> <strong>Olympique<\/strong>.<\/p>\n<ul style=\"text-align: justify;\">\n<li><strong>\u00c0 ce sujet &#8211; <a href=\"https:\/\/dicodusport.fr\/blog\/transferts-top-14-2024-2025-tableau-du-mercato\/\" target=\"_blank\" rel=\"noopener\">Transferts Top 14 2024-2025 \u2013 Tableau du mercato<\/a><\/strong><\/li>\n<\/ul>\n<h2 style=\"text-align: justify;\">Lo\u00efc Cr\u00e9doz quitte Oyonnax pour la Section Paloise<\/h2>\n<p style=\"text-align: justify;\">Mais la <strong>Section<\/strong> <strong>Paloise<\/strong> ne va pas s&rsquo;arr\u00eater en si bon chemin et ajoute une nouvelle recrue \u00e0 son paquet d&rsquo;avants. <strong>Lo\u00efc<\/strong> <strong>Cr\u00e9doz<\/strong>, troisi\u00e8me ligne aile de 24 ans, a donn\u00e9 son accord pour rejoindre <strong>Pau<\/strong> \u00e0 compter de l&rsquo;\u00e9t\u00e9 2024. Titulaire \u00e0 huit reprises cette saison apr\u00e8s neuf journ\u00e9es, il va laisser un vide \u00e0 <strong>Oyonnax<\/strong> o\u00f9 il s&rsquo;est affirm\u00e9 comme un cadre de l&rsquo;\u00e9quipe.<\/p>\n<p style=\"text-align: justify;\">Avec la <strong>Section<\/strong> <strong>Paloise<\/strong>, il a sign\u00e9 un contrat de deux ans, soit jusqu&rsquo;en juin 2026. Arriv\u00e9 \u00e0 15 ans \u00e0 <strong>Oyonnax<\/strong>, il va donc d\u00e9couvrir un deuxi\u00e8me club chez les professionnels. En plus de pouvoir \u00e9voluer comme flanker, <strong>Lo\u00efc<\/strong> <strong>Cr\u00e9doz<\/strong> peut d\u00e9panner en tant que num\u00e9ro huit et il poss\u00e8de aussi logiquement le statut de JIFF.<\/p>\n<blockquote class=\"twitter-tweet\">\n<p dir=\"ltr\" lang=\"fr\">Top 14 : Lo\u00efc Cr\u00e9doz (Oyonnax) vers la Section Paloise<a href=\"https:\/\/t.co\/SYuKyQRHzm\">https:\/\/t.co\/SYuKyQRHzm<\/a><\/p>\n<p>\u2014 SudOuest Sport (@SudOuest_Sport) <a href=\"https:\/\/twitter.com\/SudOuest_Sport\/status\/1733158848838488272?ref_src=twsrc%5Etfw\">December 8, 2023<\/a><\/p><\/blockquote>\n<p style=\"text-align: justify;\"><script async src=\"https:\/\/platform.twitter.com\/widgets.js\" charset=\"utf-8\"><\/script><\/p>\n","protected":false},"excerpt":{"rendered":"<p>TOP 14 2023-2024 &#8211; Selon L&rsquo;\u00c9quipe, Lo\u00efc Cr\u00e9doz va quitter Oyonnax en fin de saison pour rejoindre la Section Paloise.\u00a0<\/p>\n","protected":false},"author":1,"featured_media":443629,"comment_status":"open","ping_status":"closed","sticky":false,"template":"","format":"standard","meta":{"_acf_changed":false,"_daextam_enable_autolinks":"1","footnotes":""},"categories":[9129,47050],"tags":[16878,1555,2386,110,2832],"class_list":["post-443626","post","type-post","status-publish","format-standard","has-post-thumbnail","hentry","category-rugby-a-xv","category-top-14","tag-breve","tag-mercato","tag-oyonnax","tag-rugby-a-xv","tag-transferts"],"acf":[],"yoast_head":"<!-- This site is optimized with the Yoast SEO Premium plugin v26.7 (Yoast SEO v26.7) - https:\/\/yoast.com\/wordpress\/plugins\/seo\/ -->\n<title>Transferts : Lo\u00efc Cr\u00e9doz va quitter Oyonnax pour un autre club de Top 14<\/title>\n<meta name=\"description\" content=\"TOP 14 2023-2024 - Selon L&#039;\u00c9quipe, Lo\u00efc Cr\u00e9doz va quitter Oyonnax en fin de saison pour rejoindre la Section Paloise.\u00a0\" \/>\n<meta name=\"robots\" content=\"index, follow, max-snippet:-1, max-image-preview:large, max-video-preview:-1\" \/>\n<link rel=\"canonical\" href=\"https:\/\/dicodusport.fr\/blog\/transferts-loic-credoz-va-quitter-oyonnax-pour-un-autre-club-de-top-14\/\" \/>\n<meta property=\"og:locale\" content=\"fr_FR\" \/>\n<meta property=\"og:type\" content=\"article\" \/>\n<meta property=\"og:title\" content=\"Transferts : Lo\u00efc Cr\u00e9doz va quitter Oyonnax pour un autre club de Top 14\" \/>\n<meta property=\"og:description\" content=\"TOP 14 2023-2024 - Selon L&#039;\u00c9quipe, Lo\u00efc Cr\u00e9doz va quitter Oyonnax en fin de saison pour rejoindre la Section Paloise.\u00a0\" \/>\n<meta property=\"og:url\" content=\"https:\/\/dicodusport.fr\/blog\/transferts-loic-credoz-va-quitter-oyonnax-pour-un-autre-club-de-top-14\/\" \/>\n<meta property=\"og:site_name\" content=\"Dicodusport\" \/>\n<meta property=\"article:publisher\" content=\"https:\/\/www.facebook.com\/dicodusport\" \/>\n<meta property=\"article:author\" content=\"https:\/\/www.facebook.com\/dicodusport\" \/>\n<meta property=\"article:published_time\" content=\"2023-12-08T17:46:28+00:00\" \/>\n<meta property=\"article:modified_time\" content=\"2023-12-08T17:50:31+00:00\" \/>\n<meta property=\"og:image\" content=\"https:\/\/dicodusport.fr\/blog\/wp-content\/uploads\/2023\/12\/Transferts-Loic-Credoz-va-quitter-Oyonnax-pour-un-autre-club-de-Top-14.png\" \/>\n\t<meta property=\"og:image:width\" content=\"1200\" \/>\n\t<meta property=\"og:image:height\" content=\"674\" \/>\n\t<meta property=\"og:image:type\" content=\"image\/png\" \/>\n<meta name=\"author\" content=\"Nicolas Jacquemard\" \/>\n<meta name=\"twitter:card\" content=\"summary_large_image\" \/>\n<meta name=\"twitter:title\" content=\"Transferts : Lo\u00efc Cr\u00e9doz va quitter Oyonnax pour un autre club de Top 14\" \/>\n<meta name=\"twitter:creator\" content=\"@https:\/\/twitter.com\/Nico_Jacquemard\" \/>\n<meta name=\"twitter:site\" content=\"@dicodusport\" \/>\n<script type=\"application\/ld+json\" class=\"yoast-schema-graph\">{\"@context\":\"https:\/\/schema.org\",\"@graph\":[{\"@type\":\"NewsArticle\",\"@id\":\"https:\/\/dicodusport.fr\/blog\/transferts-loic-credoz-va-quitter-oyonnax-pour-un-autre-club-de-top-14\/#article\",\"isPartOf\":{\"@id\":\"https:\/\/dicodusport.fr\/blog\/transferts-loic-credoz-va-quitter-oyonnax-pour-un-autre-club-de-top-14\/\"},\"author\":{\"name\":\"Nicolas Jacquemard\",\"@id\":\"https:\/\/dicodusport.fr\/blog\/#\/schema\/person\/55dcb50ad410894e431ed812bbb70191\"},\"headline\":\"Transferts : Lo\u00efc Cr\u00e9doz va quitter Oyonnax pour un autre club de Top 14\",\"datePublished\":\"2023-12-08T17:46:28+00:00\",\"dateModified\":\"2023-12-08T17:50:31+00:00\",\"mainEntityOfPage\":{\"@id\":\"https:\/\/dicodusport.fr\/blog\/transferts-loic-credoz-va-quitter-oyonnax-pour-un-autre-club-de-top-14\/\"},\"wordCount\":270,\"commentCount\":0,\"publisher\":{\"@id\":\"https:\/\/dicodusport.fr\/blog\/#organization\"},\"image\":{\"@id\":\"https:\/\/dicodusport.fr\/blog\/transferts-loic-credoz-va-quitter-oyonnax-pour-un-autre-club-de-top-14\/#primaryimage\"},\"thumbnailUrl\":\"https:\/\/dicodusport.fr\/blog\/wp-content\/uploads\/2023\/12\/Transferts-Loic-Credoz-va-quitter-Oyonnax-pour-un-autre-club-de-Top-14.png\",\"keywords\":[\"br\u00e8ve\",\"Mercato\",\"Oyonnax\",\"Rugby \u00e0 XV\",\"transferts\"],\"articleSection\":[\"Rugby \u00e0 XV\",\"Top 14\"],\"inLanguage\":\"fr-FR\",\"potentialAction\":[{\"@type\":\"CommentAction\",\"name\":\"Comment\",\"target\":[\"https:\/\/dicodusport.fr\/blog\/transferts-loic-credoz-va-quitter-oyonnax-pour-un-autre-club-de-top-14\/#respond\"]}],\"copyrightYear\":\"2023\",\"copyrightHolder\":{\"@id\":\"https:\/\/dicodusport.fr\/blog\/#organization\"}},{\"@type\":\"WebPage\",\"@id\":\"https:\/\/dicodusport.fr\/blog\/transferts-loic-credoz-va-quitter-oyonnax-pour-un-autre-club-de-top-14\/\",\"url\":\"https:\/\/dicodusport.fr\/blog\/transferts-loic-credoz-va-quitter-oyonnax-pour-un-autre-club-de-top-14\/\",\"name\":\"Transferts : Lo\u00efc Cr\u00e9doz va quitter Oyonnax pour un autre club de Top 14\",\"isPartOf\":{\"@id\":\"https:\/\/dicodusport.fr\/blog\/#website\"},\"primaryImageOfPage\":{\"@id\":\"https:\/\/dicodusport.fr\/blog\/transferts-loic-credoz-va-quitter-oyonnax-pour-un-autre-club-de-top-14\/#primaryimage\"},\"image\":{\"@id\":\"https:\/\/dicodusport.fr\/blog\/transferts-loic-credoz-va-quitter-oyonnax-pour-un-autre-club-de-top-14\/#primaryimage\"},\"thumbnailUrl\":\"https:\/\/dicodusport.fr\/blog\/wp-content\/uploads\/2023\/12\/Transferts-Loic-Credoz-va-quitter-Oyonnax-pour-un-autre-club-de-Top-14.png\",\"datePublished\":\"2023-12-08T17:46:28+00:00\",\"dateModified\":\"2023-12-08T17:50:31+00:00\",\"description\":\"TOP 14 2023-2024 - Selon L'\u00c9quipe, Lo\u00efc Cr\u00e9doz va quitter Oyonnax en fin de saison pour rejoindre la Section Paloise.\u00a0\",\"breadcrumb\":{\"@id\":\"https:\/\/dicodusport.fr\/blog\/transferts-loic-credoz-va-quitter-oyonnax-pour-un-autre-club-de-top-14\/#breadcrumb\"},\"inLanguage\":\"fr-FR\",\"potentialAction\":[{\"@type\":\"ReadAction\",\"target\":[\"https:\/\/dicodusport.fr\/blog\/transferts-loic-credoz-va-quitter-oyonnax-pour-un-autre-club-de-top-14\/\"]}]},{\"@type\":\"ImageObject\",\"inLanguage\":\"fr-FR\",\"@id\":\"https:\/\/dicodusport.fr\/blog\/transferts-loic-credoz-va-quitter-oyonnax-pour-un-autre-club-de-top-14\/#primaryimage\",\"url\":\"https:\/\/dicodusport.fr\/blog\/wp-content\/uploads\/2023\/12\/Transferts-Loic-Credoz-va-quitter-Oyonnax-pour-un-autre-club-de-Top-14.png\",\"contentUrl\":\"https:\/\/dicodusport.fr\/blog\/wp-content\/uploads\/2023\/12\/Transferts-Loic-Credoz-va-quitter-Oyonnax-pour-un-autre-club-de-Top-14.png\",\"width\":1200,\"height\":674,\"caption\":\"Transferts Loi\u0308c Cre\u0301doz va quitter Oyonnax pour un autre club de Top 14\"},{\"@type\":\"BreadcrumbList\",\"@id\":\"https:\/\/dicodusport.fr\/blog\/transferts-loic-credoz-va-quitter-oyonnax-pour-un-autre-club-de-top-14\/#breadcrumb\",\"itemListElement\":[{\"@type\":\"ListItem\",\"position\":1,\"name\":\"Accueil\",\"item\":\"https:\/\/dicodusport.fr\/blog\/\"},{\"@type\":\"ListItem\",\"position\":2,\"name\":\"Transferts : Lo\u00efc Cr\u00e9doz va quitter Oyonnax pour un autre club de Top 14\"}]},{\"@type\":\"WebSite\",\"@id\":\"https:\/\/dicodusport.fr\/blog\/#website\",\"url\":\"https:\/\/dicodusport.fr\/blog\/\",\"name\":\"Dicodusport\",\"description\":\"L&#039;encyclop\u00e9die de l&#039;actualit\u00e9 sportive\",\"publisher\":{\"@id\":\"https:\/\/dicodusport.fr\/blog\/#organization\"},\"potentialAction\":[{\"@type\":\"SearchAction\",\"target\":{\"@type\":\"EntryPoint\",\"urlTemplate\":\"https:\/\/dicodusport.fr\/blog\/?s={search_term_string}\"},\"query-input\":{\"@type\":\"PropertyValueSpecification\",\"valueRequired\":true,\"valueName\":\"search_term_string\"}}],\"inLanguage\":\"fr-FR\"},{\"@type\":\"NewsMediaOrganization\",\"@id\":\"https:\/\/dicodusport.fr\/blog\/#organization\",\"name\":\"Dicodusport\",\"url\":\"https:\/\/dicodusport.fr\/blog\/\",\"logo\":{\"@type\":\"ImageObject\",\"inLanguage\":\"fr-FR\",\"@id\":\"https:\/\/dicodusport.fr\/blog\/#\/schema\/logo\/image\/\",\"url\":\"https:\/\/dicodusport.fr\/blog\/wp-content\/uploads\/2020\/06\/cropped-LOGO-DICODUSPORT-2020-SANS-FOND-SANS-TEXTE.png\",\"contentUrl\":\"https:\/\/dicodusport.fr\/blog\/wp-content\/uploads\/2020\/06\/cropped-LOGO-DICODUSPORT-2020-SANS-FOND-SANS-TEXTE.png\",\"width\":512,\"height\":512,\"caption\":\"Dicodusport\"},\"image\":{\"@id\":\"https:\/\/dicodusport.fr\/blog\/#\/schema\/logo\/image\/\"},\"sameAs\":[\"https:\/\/www.facebook.com\/dicodusport\",\"https:\/\/x.com\/dicodusport\",\"https:\/\/www.instagram.com\/dicodusport\/\",\"https:\/\/www.youtube.com\/channel\/UC7V2KZ5sd3htJivAbA4ZG3w\"],\"description\":\"Dicodusport est l'encyclop\u00e9die de l'actualit\u00e9 sportive.\",\"email\":\"bonjour@dicodusport.fr\",\"legalName\":\"DICODUSPORT\",\"foundingDate\":\"2018-01-14\",\"vatID\":\"FR71834470973\",\"taxID\":\"83447097300043\",\"numberOfEmployees\":{\"@type\":\"QuantitativeValue\",\"minValue\":\"1\",\"maxValue\":\"10\"}},{\"@type\":\"Person\",\"@id\":\"https:\/\/dicodusport.fr\/blog\/#\/schema\/person\/55dcb50ad410894e431ed812bbb70191\",\"name\":\"Nicolas Jacquemard\",\"image\":{\"@type\":\"ImageObject\",\"inLanguage\":\"fr-FR\",\"@id\":\"https:\/\/dicodusport.fr\/blog\/#\/schema\/person\/image\/\",\"url\":\"https:\/\/dicodusport.fr\/blog\/wp-content\/uploads\/2021\/05\/Nicolas-Jacquemard-150x150.jpeg\",\"contentUrl\":\"https:\/\/dicodusport.fr\/blog\/wp-content\/uploads\/2021\/05\/Nicolas-Jacquemard-150x150.jpeg\",\"caption\":\"Nicolas Jacquemard\"},\"description\":\"Passionn\u00e9 de sport et entrepreneur depuis mes 18 ans, la cr\u00e9ation de Dicodusport m'a sembl\u00e9 \u00e9vidente pour participer \u00e0 la m\u00e9diatisation d'un plus grand nombre de sports. Le chemin est long mais avec une \u00e9quipe des plus motiv\u00e9es et les Jeux Olympiques de Paris 2024 en point de mire, nous y arriverons ! Journaliste dans le monde du sport depuis plus de 5 ans, je traite aussi bien de football, de rugby, de biathlon que de cyclisme.\",\"sameAs\":[\"https:\/\/www.facebook.com\/dicodusport\",\"https:\/\/x.com\/https:\/\/twitter.com\/Nico_Jacquemard\"],\"url\":\"https:\/\/dicodusport.fr\/blog\/author\/dicodusport\/\"}]}<\/script>\n<!-- \/ Yoast SEO Premium plugin. -->","yoast_head_json":{"title":"Transferts : Lo\u00efc Cr\u00e9doz va quitter Oyonnax pour un autre club de Top 14","description":"TOP 14 2023-2024 - Selon L'\u00c9quipe, Lo\u00efc Cr\u00e9doz va quitter Oyonnax en fin de saison pour rejoindre la Section Paloise.\u00a0","robots":{"index":"index","follow":"follow","max-snippet":"max-snippet:-1","max-image-preview":"max-image-preview:large","max-video-preview":"max-video-preview:-1"},"canonical":"https:\/\/dicodusport.fr\/blog\/transferts-loic-credoz-va-quitter-oyonnax-pour-un-autre-club-de-top-14\/","og_locale":"fr_FR","og_type":"article","og_title":"Transferts : Lo\u00efc Cr\u00e9doz va quitter Oyonnax pour un autre club de Top 14","og_description":"TOP 14 2023-2024 - Selon L'\u00c9quipe, Lo\u00efc Cr\u00e9doz va quitter Oyonnax en fin de saison pour rejoindre la Section Paloise.\u00a0","og_url":"https:\/\/dicodusport.fr\/blog\/transferts-loic-credoz-va-quitter-oyonnax-pour-un-autre-club-de-top-14\/","og_site_name":"Dicodusport","article_publisher":"https:\/\/www.facebook.com\/dicodusport","article_author":"https:\/\/www.facebook.com\/dicodusport","article_published_time":"2023-12-08T17:46:28+00:00","article_modified_time":"2023-12-08T17:50:31+00:00","og_image":[{"width":1200,"height":674,"url":"https:\/\/dicodusport.fr\/blog\/wp-content\/uploads\/2023\/12\/Transferts-Loic-Credoz-va-quitter-Oyonnax-pour-un-autre-club-de-Top-14.png","type":"image\/png"}],"author":"Nicolas Jacquemard","twitter_card":"summary_large_image","twitter_title":"Transferts : Lo\u00efc Cr\u00e9doz va quitter Oyonnax pour un autre club de Top 14","twitter_creator":"@https:\/\/twitter.com\/Nico_Jacquemard","twitter_site":"@dicodusport","schema":{"@context":"https:\/\/schema.org","@graph":[{"@type":"NewsArticle","@id":"https:\/\/dicodusport.fr\/blog\/transferts-loic-credoz-va-quitter-oyonnax-pour-un-autre-club-de-top-14\/#article","isPartOf":{"@id":"https:\/\/dicodusport.fr\/blog\/transferts-loic-credoz-va-quitter-oyonnax-pour-un-autre-club-de-top-14\/"},"author":{"name":"Nicolas Jacquemard","@id":"https:\/\/dicodusport.fr\/blog\/#\/schema\/person\/55dcb50ad410894e431ed812bbb70191"},"headline":"Transferts : Lo\u00efc Cr\u00e9doz va quitter Oyonnax pour un autre club de Top 14","datePublished":"2023-12-08T17:46:28+00:00","dateModified":"2023-12-08T17:50:31+00:00","mainEntityOfPage":{"@id":"https:\/\/dicodusport.fr\/blog\/transferts-loic-credoz-va-quitter-oyonnax-pour-un-autre-club-de-top-14\/"},"wordCount":270,"commentCount":0,"publisher":{"@id":"https:\/\/dicodusport.fr\/blog\/#organization"},"image":{"@id":"https:\/\/dicodusport.fr\/blog\/transferts-loic-credoz-va-quitter-oyonnax-pour-un-autre-club-de-top-14\/#primaryimage"},"thumbnailUrl":"https:\/\/dicodusport.fr\/blog\/wp-content\/uploads\/2023\/12\/Transferts-Loic-Credoz-va-quitter-Oyonnax-pour-un-autre-club-de-Top-14.png","keywords":["br\u00e8ve","Mercato","Oyonnax","Rugby \u00e0 XV","transferts"],"articleSection":["Rugby \u00e0 XV","Top 14"],"inLanguage":"fr-FR","potentialAction":[{"@type":"CommentAction","name":"Comment","target":["https:\/\/dicodusport.fr\/blog\/transferts-loic-credoz-va-quitter-oyonnax-pour-un-autre-club-de-top-14\/#respond"]}],"copyrightYear":"2023","copyrightHolder":{"@id":"https:\/\/dicodusport.fr\/blog\/#organization"}},{"@type":"WebPage","@id":"https:\/\/dicodusport.fr\/blog\/transferts-loic-credoz-va-quitter-oyonnax-pour-un-autre-club-de-top-14\/","url":"https:\/\/dicodusport.fr\/blog\/transferts-loic-credoz-va-quitter-oyonnax-pour-un-autre-club-de-top-14\/","name":"Transferts : Lo\u00efc Cr\u00e9doz va quitter Oyonnax pour un autre club de Top 14","isPartOf":{"@id":"https:\/\/dicodusport.fr\/blog\/#website"},"primaryImageOfPage":{"@id":"https:\/\/dicodusport.fr\/blog\/transferts-loic-credoz-va-quitter-oyonnax-pour-un-autre-club-de-top-14\/#primaryimage"},"image":{"@id":"https:\/\/dicodusport.fr\/blog\/transferts-loic-credoz-va-quitter-oyonnax-pour-un-autre-club-de-top-14\/#primaryimage"},"thumbnailUrl":"https:\/\/dicodusport.fr\/blog\/wp-content\/uploads\/2023\/12\/Transferts-Loic-Credoz-va-quitter-Oyonnax-pour-un-autre-club-de-Top-14.png","datePublished":"2023-12-08T17:46:28+00:00","dateModified":"2023-12-08T17:50:31+00:00","description":"TOP 14 2023-2024 - Selon L'\u00c9quipe, Lo\u00efc Cr\u00e9doz va quitter Oyonnax en fin de saison pour rejoindre la Section Paloise.\u00a0","breadcrumb":{"@id":"https:\/\/dicodusport.fr\/blog\/transferts-loic-credoz-va-quitter-oyonnax-pour-un-autre-club-de-top-14\/#breadcrumb"},"inLanguage":"fr-FR","potentialAction":[{"@type":"ReadAction","target":["https:\/\/dicodusport.fr\/blog\/transferts-loic-credoz-va-quitter-oyonnax-pour-un-autre-club-de-top-14\/"]}]},{"@type":"ImageObject","inLanguage":"fr-FR","@id":"https:\/\/dicodusport.fr\/blog\/transferts-loic-credoz-va-quitter-oyonnax-pour-un-autre-club-de-top-14\/#primaryimage","url":"https:\/\/dicodusport.fr\/blog\/wp-content\/uploads\/2023\/12\/Transferts-Loic-Credoz-va-quitter-Oyonnax-pour-un-autre-club-de-Top-14.png","contentUrl":"https:\/\/dicodusport.fr\/blog\/wp-content\/uploads\/2023\/12\/Transferts-Loic-Credoz-va-quitter-Oyonnax-pour-un-autre-club-de-Top-14.png","width":1200,"height":674,"caption":"Transferts Loi\u0308c Cre\u0301doz va quitter Oyonnax pour un autre club de Top 14"},{"@type":"BreadcrumbList","@id":"https:\/\/dicodusport.fr\/blog\/transferts-loic-credoz-va-quitter-oyonnax-pour-un-autre-club-de-top-14\/#breadcrumb","itemListElement":[{"@type":"ListItem","position":1,"name":"Accueil","item":"https:\/\/dicodusport.fr\/blog\/"},{"@type":"ListItem","position":2,"name":"Transferts : Lo\u00efc Cr\u00e9doz va quitter Oyonnax pour un autre club de Top 14"}]},{"@type":"WebSite","@id":"https:\/\/dicodusport.fr\/blog\/#website","url":"https:\/\/dicodusport.fr\/blog\/","name":"Dicodusport","description":"L&#039;encyclop\u00e9die de l&#039;actualit\u00e9 sportive","publisher":{"@id":"https:\/\/dicodusport.fr\/blog\/#organization"},"potentialAction":[{"@type":"SearchAction","target":{"@type":"EntryPoint","urlTemplate":"https:\/\/dicodusport.fr\/blog\/?s={search_term_string}"},"query-input":{"@type":"PropertyValueSpecification","valueRequired":true,"valueName":"search_term_string"}}],"inLanguage":"fr-FR"},{"@type":"NewsMediaOrganization","@id":"https:\/\/dicodusport.fr\/blog\/#organization","name":"Dicodusport","url":"https:\/\/dicodusport.fr\/blog\/","logo":{"@type":"ImageObject","inLanguage":"fr-FR","@id":"https:\/\/dicodusport.fr\/blog\/#\/schema\/logo\/image\/","url":"https:\/\/dicodusport.fr\/blog\/wp-content\/uploads\/2020\/06\/cropped-LOGO-DICODUSPORT-2020-SANS-FOND-SANS-TEXTE.png","contentUrl":"https:\/\/dicodusport.fr\/blog\/wp-content\/uploads\/2020\/06\/cropped-LOGO-DICODUSPORT-2020-SANS-FOND-SANS-TEXTE.png","width":512,"height":512,"caption":"Dicodusport"},"image":{"@id":"https:\/\/dicodusport.fr\/blog\/#\/schema\/logo\/image\/"},"sameAs":["https:\/\/www.facebook.com\/dicodusport","https:\/\/x.com\/dicodusport","https:\/\/www.instagram.com\/dicodusport\/","https:\/\/www.youtube.com\/channel\/UC7V2KZ5sd3htJivAbA4ZG3w"],"description":"Dicodusport est l'encyclop\u00e9die de l'actualit\u00e9 sportive.","email":"bonjour@dicodusport.fr","legalName":"DICODUSPORT","foundingDate":"2018-01-14","vatID":"FR71834470973","taxID":"83447097300043","numberOfEmployees":{"@type":"QuantitativeValue","minValue":"1","maxValue":"10"}},{"@type":"Person","@id":"https:\/\/dicodusport.fr\/blog\/#\/schema\/person\/55dcb50ad410894e431ed812bbb70191","name":"Nicolas Jacquemard","image":{"@type":"ImageObject","inLanguage":"fr-FR","@id":"https:\/\/dicodusport.fr\/blog\/#\/schema\/person\/image\/","url":"https:\/\/dicodusport.fr\/blog\/wp-content\/uploads\/2021\/05\/Nicolas-Jacquemard-150x150.jpeg","contentUrl":"https:\/\/dicodusport.fr\/blog\/wp-content\/uploads\/2021\/05\/Nicolas-Jacquemard-150x150.jpeg","caption":"Nicolas Jacquemard"},"description":"Passionn\u00e9 de sport et entrepreneur depuis mes 18 ans, la cr\u00e9ation de Dicodusport m'a sembl\u00e9 \u00e9vidente pour participer \u00e0 la m\u00e9diatisation d'un plus grand nombre de sports. Le chemin est long mais avec une \u00e9quipe des plus motiv\u00e9es et les Jeux Olympiques de Paris 2024 en point de mire, nous y arriverons ! Journaliste dans le monde du sport depuis plus de 5 ans, je traite aussi bien de football, de rugby, de biathlon que de cyclisme.","sameAs":["https:\/\/www.facebook.com\/dicodusport","https:\/\/x.com\/https:\/\/twitter.com\/Nico_Jacquemard"],"url":"https:\/\/dicodusport.fr\/blog\/author\/dicodusport\/"}]}},"_links":{"self":[{"href":"https:\/\/dicodusport.fr\/blog\/wp-json\/wp\/v2\/posts\/443626","targetHints":{"allow":["GET"]}}],"collection":[{"href":"https:\/\/dicodusport.fr\/blog\/wp-json\/wp\/v2\/posts"}],"about":[{"href":"https:\/\/dicodusport.fr\/blog\/wp-json\/wp\/v2\/types\/post"}],"author":[{"embeddable":true,"href":"https:\/\/dicodusport.fr\/blog\/wp-json\/wp\/v2\/users\/1"}],"replies":[{"embeddable":true,"href":"https:\/\/dicodusport.fr\/blog\/wp-json\/wp\/v2\/comments?post=443626"}],"version-history":[{"count":3,"href":"https:\/\/dicodusport.fr\/blog\/wp-json\/wp\/v2\/posts\/443626\/revisions"}],"predecessor-version":[{"id":443634,"href":"https:\/\/dicodusport.fr\/blog\/wp-json\/wp\/v2\/posts\/443626\/revisions\/443634"}],"wp:featuredmedia":[{"embeddable":true,"href":"https:\/\/dicodusport.fr\/blog\/wp-json\/wp\/v2\/media\/443629"}],"wp:attachment":[{"href":"https:\/\/dicodusport.fr\/blog\/wp-json\/wp\/v2\/media?parent=443626"}],"wp:term":[{"taxonomy":"category","embeddable":true,"href":"https:\/\/dicodusport.fr\/blog\/wp-json\/wp\/v2\/categories?post=443626"},{"taxonomy":"post_tag","embeddable":true,"href":"https:\/\/dicodusport.fr\/blog\/wp-json\/wp\/v2\/tags?post=443626"}],"curies":[{"name":"wp","href":"https:\/\/api.w.org\/{rel}","templated":true}]}}