{"id":443740,"date":"2023-12-09T11:42:16","date_gmt":"2023-12-09T10:42:16","guid":{"rendered":"https:\/\/dicodusport.fr\/blog\/?p=443740&#038;preview=true&#038;preview_id=443740"},"modified":"2023-12-09T14:22:38","modified_gmt":"2023-12-09T13:22:38","slug":"descente-saint-moritz-mikaela-shiffrin-remporte-la-premiere-descente-de-la-saison","status":"publish","type":"post","link":"https:\/\/dicodusport.fr\/blog\/descente-saint-moritz-mikaela-shiffrin-remporte-la-premiere-descente-de-la-saison\/","title":{"rendered":"Descente Saint-Moritz : Mikaela Shiffrin remporte la premi\u00e8re descente de la saison"},"content":{"rendered":"<p style=\"text-align: justify;\"><strong><em><a href=\"https:\/\/dicodusport.fr\/blog\/calendrier-et-resultats-ski-alpin-coupe-du-monde-femmes-2023-2024\/\"><b>COUPE DU MONDE DE SKI ALPIN 2023-2024<\/b><\/a><b> <\/b>&#8211; Mikaela Shiffrin a remport\u00e9 la descente de Saint-Moritz. Il s&rsquo;agit de sa premi\u00e8re victoire dans la discipline depuis les finales de la saison 2021-2022. Elle devance les Italiennes Sofia Goggia et Federica Brignone.<\/em><\/strong><\/p>\n<ul>\n<li style=\"text-align: justify;\"><strong>\u00c0 lire aussi &#8211; <a href=\"https:\/\/dicodusport.fr\/blog\/classement-descente-femmes-saint-moritz-2023\/\">Classement de la descente de Saint-Moritz<\/a><\/strong><\/li>\n<\/ul>\n<h2>Shiffrin, la polyvalence incarn\u00e9e<\/h2>\n<p style=\"text-align: justify;\"><a href=\"https:\/\/dicodusport.fr\/blog\/super-g-de-saint-moritz-sofia-goggia-simpose-avec-autorite\/\">Au lendemain de sa victoire en patronne lors du Super-G<\/a>, <strong>Sofia Goggia<\/strong> n&rsquo;a pas r\u00e9cidiv\u00e9 ce samedi. La Transalpine doit se contenter de la deuxi\u00e8me place au terme d&rsquo;une course marqu\u00e9e par des micro-erreurs, \u00e0 l&rsquo;image de ce pied gauche qui descend un peu trop sous la trajectoire apr\u00e8s 1:08 de course. Elle \u00e9choue donc \u00e0 quinze centi\u00e8mes de la vainqueure du jour, <strong>Mikaela Shiffrin<\/strong>.<\/p>\n<p style=\"text-align: justify;\">L&rsquo;Am\u00e9ricaine confirme ainsi son tr\u00e8s beau d\u00e9but de saison (deux victoires en slalom, trois troisi\u00e8mes places en g\u00e9ant). Signant le premier chrono de r\u00e9f\u00e9rence tr\u00e8s t\u00f4t dans la course (dossard n\u00b03), elle d\u00e9croche ainsi sa premi\u00e8re victoire en descente depuis les finales de Courchevel-M\u00e9ribel en 2022. Depuis, elle avait pris part \u00e0 cinq descentes sans le moindre podium, mais des places entre la quatri\u00e8me et la septi\u00e8me position. Pourtant, tout n&rsquo;\u00e9tait pas jou\u00e9 d&rsquo;avance. Une faute au passage du troisi\u00e8me interm\u00e9diaire lui ayant co\u00fbt\u00e9 quelques pr\u00e9cieux centi\u00e8mes, <strong>Shiffrin<\/strong> passait la ligne d&rsquo;arriv\u00e9e avec une marge de dix-sept centi\u00e8mes sur <strong>Federica Brignone<\/strong>. La vainqueure du dernier g\u00e9ant qui s&rsquo;\u00e9tait \u00e9lanc\u00e9e avec le dossard n\u00b01 compl\u00e8te ainsi le podium du jour.<\/p>\n<blockquote class=\"twitter-tweet\">\n<p dir=\"ltr\" lang=\"fr\">\ud83c\uddfa\ud83c\uddf8 Shiffrin prend les commandes de la descente devant les Italiennes Goggia et Brignone ! \ud83d\ude80<\/p>\n<p>Suivez la descente de St. Moritz sur Eurosport \ud83d\udcfa\ud83d\udcbb\ud83d\udcf1<a href=\"https:\/\/twitter.com\/hashtag\/ChaletClub?src=hash&amp;ref_src=twsrc%5Etfw\">#ChaletClub<\/a> <a href=\"https:\/\/t.co\/Cu3R41X5QB\">pic.twitter.com\/Cu3R41X5QB<\/a><\/p>\n<p>\u2014 Eurosport France (@Eurosport_FR) <a href=\"https:\/\/twitter.com\/Eurosport_FR\/status\/1733427928573030785?ref_src=twsrc%5Etfw\">December 9, 2023<\/a><\/p><\/blockquote>\n<p><script src=\"https:\/\/platform.twitter.com\/widgets.js\" async=\"\" charset=\"utf-8\"><\/script><\/p>\n<ul>\n<li style=\"text-align: justify;\"><strong>\u00c0 lire aussi \u2013\u00a0<a title=\"Coupe du monde de ski alpin \u2013 Classement g\u00e9n\u00e9ral femmes\" href=\"https:\/\/dicodusport.fr\/blog\/coupe-du-monde-de-ski-alpin-classement-general-femmes\/\" rel=\"\">Coupe du monde de ski alpin \u2013 Classement g\u00e9n\u00e9ral femmes<\/a><\/strong><\/li>\n<\/ul>\n<h2>Derri\u00e8re, les outsiders s&#8217;empilent<\/h2>\n<p style=\"text-align: justify;\">On a longtemps pens\u00e9 que le chrono r\u00e9alis\u00e9 par la skieuse de Vail serait menac\u00e9 par d&rsquo;autres skieuses. Parmi elles, ni <strong>Michelle Gisin<\/strong> (8\u00e8me), ni <strong>Corinne Suter<\/strong> (11\u00e8me), ni <strong>Lara Gut-Behrami<\/strong> (13\u00e8me), ni <strong>Ilka Stuhec<\/strong> (14\u00e8me), ni <strong>Kajsa Vickhoff-Lie <\/strong>(15\u00e8me) ne sont parvenues \u00e0 contrecarrer les plans de <strong>Shiffrin<\/strong>. Toutes, \u00e0 l&rsquo;exception de la Norv\u00e9gienne, se tiennent dans la seconde. <strong>Cornelia Huetter<\/strong>, dossard n\u00b018, repr\u00e9sentait la derni\u00e8re vraie menace. Assez loin sur le haut de la piste (20\u00e8me interm\u00e9diaire sur le deuxi\u00e8me secteur), l&rsquo;Autrichienne a n\u00e9anmoins sign\u00e9 un bas de course supersonique. En reprenant quatre dixi\u00e8mes \u00e0 l&rsquo;Am\u00e9ricaine sur le quatri\u00e8me secteur, Huetter vient \u00e9chouer \u00e0 la quatri\u00e8me position, \u00e0 28 centi\u00e8mes de la t\u00eate.<\/p>\n<h2>Pas de surprise pour Laura Gauch\u00e9<\/h2>\n<p style=\"text-align: justify;\">L&rsquo;autre belle performance, avec un dossard encore plus \u00e9lev\u00e9, est \u00e0 mettre au cr\u00e9dit d&rsquo;<strong>Emma Aicher<\/strong>. Pour son septi\u00e8me d\u00e9part en descente en Coupe du monde, l&rsquo;Allemande, qui n&rsquo;avait pas fait mieux qu&rsquo;une quinzi\u00e8me place, \u00e0 Saint-Moritz d\u00e9j\u00e0, signe une tr\u00e8s belle sixi\u00e8me place \u00e0 l&rsquo;arriv\u00e9e. C\u00f4t\u00e9 tricolore, <strong>Laura Gauch\u00e9<\/strong> est plus loin. La Fran\u00e7aise se contente de la 23\u00e8me position, apr\u00e8s le d\u00e9part des trente-quatre premi\u00e8res skieuses. La course n&rsquo;est pas all\u00e9e \u00e0 son terme puisque la visibilit\u00e9 s&rsquo;est consid\u00e9rablement affaiblie. Demain, les femmes seront encore \u00e0 l&rsquo;honneur \u00e0 Saint-Moritz pour le deuxi\u00e8me Super-G de la saison.<\/p>\n","protected":false},"excerpt":{"rendered":"<p>COUPE DU MONDE DE SKI ALPIN 2023-2024 &#8211; Mikaela Shiffrin a remport\u00e9 la descente de Saint-Moritz. Il s&rsquo;agit de sa premi\u00e8re victoire dans la discipline depuis les finales de la saison 2021-2022. Elle devance les Italiennes Sofia Goggia et Federica Brignone.<\/p>\n","protected":false},"author":91,"featured_media":443932,"comment_status":"open","ping_status":"closed","sticky":false,"template":"","format":"standard","meta":{"_acf_changed":false,"_daextam_enable_autolinks":"1","footnotes":""},"categories":[47084],"tags":[16878,3542,676,2233],"class_list":["post-443740","post","type-post","status-publish","format-standard","has-post-thumbnail","hentry","category-coupe-du-monde-ski-alpin","tag-breve","tag-mikaela-shiffrin","tag-ski","tag-ski-alpin"],"acf":[],"yoast_head":"<!-- This site is optimized with the Yoast SEO Premium plugin v26.7 (Yoast SEO v26.7) - https:\/\/yoast.com\/wordpress\/plugins\/seo\/ -->\n<title>Descente Saint-Moritz : Mikaela Shiffrin remporte la premi\u00e8re descente de la saison<\/title>\n<meta name=\"description\" content=\"COUPE DU MONDE DE SKI ALPIN 2023-2024 - Mikaela Shiffrin a remport\u00e9 la descente de Saint-Moritz. Elle devance Goggia et Brignone.\" \/>\n<meta name=\"robots\" content=\"index, follow, max-snippet:-1, max-image-preview:large, max-video-preview:-1\" \/>\n<link rel=\"canonical\" href=\"https:\/\/dicodusport.fr\/blog\/descente-saint-moritz-mikaela-shiffrin-remporte-la-premiere-descente-de-la-saison\/\" \/>\n<meta property=\"og:locale\" content=\"fr_FR\" \/>\n<meta property=\"og:type\" content=\"article\" \/>\n<meta property=\"og:title\" content=\"Descente Saint-Moritz : Mikaela Shiffrin remporte la premi\u00e8re descente de la saison\" \/>\n<meta property=\"og:description\" content=\"COUPE DU MONDE DE SKI ALPIN 2023-2024 - Mikaela Shiffrin a remport\u00e9 la descente de Saint-Moritz. Elle devance Goggia et Brignone.\" \/>\n<meta property=\"og:url\" content=\"https:\/\/dicodusport.fr\/blog\/descente-saint-moritz-mikaela-shiffrin-remporte-la-premiere-descente-de-la-saison\/\" \/>\n<meta property=\"og:site_name\" content=\"Dicodusport\" \/>\n<meta property=\"article:publisher\" content=\"https:\/\/www.facebook.com\/dicodusport\" \/>\n<meta property=\"article:published_time\" content=\"2023-12-09T10:42:16+00:00\" \/>\n<meta property=\"article:modified_time\" content=\"2023-12-09T13:22:38+00:00\" \/>\n<meta property=\"og:image\" content=\"https:\/\/dicodusport.fr\/blog\/wp-content\/uploads\/2023\/12\/Descente-Saint-Moritz-Mikaela-Shiffrin-remporte-la-premiere-descente-de-la-saison-1.png\" \/>\n\t<meta property=\"og:image:width\" content=\"1200\" \/>\n\t<meta property=\"og:image:height\" content=\"674\" \/>\n\t<meta property=\"og:image:type\" content=\"image\/png\" \/>\n<meta name=\"author\" content=\"Victor Clot-Amiot\" \/>\n<meta name=\"twitter:card\" content=\"summary_large_image\" \/>\n<meta name=\"twitter:title\" content=\"Descente Saint-Moritz : Mikaela Shiffrin remporte la premi\u00e8re descente de la saison\" \/>\n<meta name=\"twitter:creator\" content=\"@https:\/\/x.com\/VictorClotAmiot\" \/>\n<meta name=\"twitter:site\" content=\"@dicodusport\" \/>\n<script type=\"application\/ld+json\" class=\"yoast-schema-graph\">{\"@context\":\"https:\/\/schema.org\",\"@graph\":[{\"@type\":\"NewsArticle\",\"@id\":\"https:\/\/dicodusport.fr\/blog\/descente-saint-moritz-mikaela-shiffrin-remporte-la-premiere-descente-de-la-saison\/#article\",\"isPartOf\":{\"@id\":\"https:\/\/dicodusport.fr\/blog\/descente-saint-moritz-mikaela-shiffrin-remporte-la-premiere-descente-de-la-saison\/\"},\"author\":{\"name\":\"Victor Clot-Amiot\",\"@id\":\"https:\/\/dicodusport.fr\/blog\/#\/schema\/person\/b623199cba9ba90fe84a3d16e9282360\"},\"headline\":\"Descente Saint-Moritz : Mikaela Shiffrin remporte la premi\u00e8re descente de la saison\",\"datePublished\":\"2023-12-09T10:42:16+00:00\",\"dateModified\":\"2023-12-09T13:22:38+00:00\",\"mainEntityOfPage\":{\"@id\":\"https:\/\/dicodusport.fr\/blog\/descente-saint-moritz-mikaela-shiffrin-remporte-la-premiere-descente-de-la-saison\/\"},\"wordCount\":587,\"commentCount\":0,\"publisher\":{\"@id\":\"https:\/\/dicodusport.fr\/blog\/#organization\"},\"image\":{\"@id\":\"https:\/\/dicodusport.fr\/blog\/descente-saint-moritz-mikaela-shiffrin-remporte-la-premiere-descente-de-la-saison\/#primaryimage\"},\"thumbnailUrl\":\"https:\/\/dicodusport.fr\/blog\/wp-content\/uploads\/2023\/12\/Descente-Saint-Moritz-Mikaela-Shiffrin-remporte-la-premiere-descente-de-la-saison-1.png\",\"keywords\":[\"br\u00e8ve\",\"Mikaela Shiffrin\",\"ski\",\"Ski alpin\"],\"articleSection\":[\"Coupe du monde de ski alpin\"],\"inLanguage\":\"fr-FR\",\"potentialAction\":[{\"@type\":\"CommentAction\",\"name\":\"Comment\",\"target\":[\"https:\/\/dicodusport.fr\/blog\/descente-saint-moritz-mikaela-shiffrin-remporte-la-premiere-descente-de-la-saison\/#respond\"]}],\"copyrightYear\":\"2023\",\"copyrightHolder\":{\"@id\":\"https:\/\/dicodusport.fr\/blog\/#organization\"}},{\"@type\":\"WebPage\",\"@id\":\"https:\/\/dicodusport.fr\/blog\/descente-saint-moritz-mikaela-shiffrin-remporte-la-premiere-descente-de-la-saison\/\",\"url\":\"https:\/\/dicodusport.fr\/blog\/descente-saint-moritz-mikaela-shiffrin-remporte-la-premiere-descente-de-la-saison\/\",\"name\":\"Descente Saint-Moritz : Mikaela Shiffrin remporte la premi\u00e8re descente de la saison\",\"isPartOf\":{\"@id\":\"https:\/\/dicodusport.fr\/blog\/#website\"},\"primaryImageOfPage\":{\"@id\":\"https:\/\/dicodusport.fr\/blog\/descente-saint-moritz-mikaela-shiffrin-remporte-la-premiere-descente-de-la-saison\/#primaryimage\"},\"image\":{\"@id\":\"https:\/\/dicodusport.fr\/blog\/descente-saint-moritz-mikaela-shiffrin-remporte-la-premiere-descente-de-la-saison\/#primaryimage\"},\"thumbnailUrl\":\"https:\/\/dicodusport.fr\/blog\/wp-content\/uploads\/2023\/12\/Descente-Saint-Moritz-Mikaela-Shiffrin-remporte-la-premiere-descente-de-la-saison-1.png\",\"datePublished\":\"2023-12-09T10:42:16+00:00\",\"dateModified\":\"2023-12-09T13:22:38+00:00\",\"description\":\"COUPE DU MONDE DE SKI ALPIN 2023-2024 - Mikaela Shiffrin a remport\u00e9 la descente de Saint-Moritz. Elle devance Goggia et Brignone.\",\"breadcrumb\":{\"@id\":\"https:\/\/dicodusport.fr\/blog\/descente-saint-moritz-mikaela-shiffrin-remporte-la-premiere-descente-de-la-saison\/#breadcrumb\"},\"inLanguage\":\"fr-FR\",\"potentialAction\":[{\"@type\":\"ReadAction\",\"target\":[\"https:\/\/dicodusport.fr\/blog\/descente-saint-moritz-mikaela-shiffrin-remporte-la-premiere-descente-de-la-saison\/\"]}]},{\"@type\":\"ImageObject\",\"inLanguage\":\"fr-FR\",\"@id\":\"https:\/\/dicodusport.fr\/blog\/descente-saint-moritz-mikaela-shiffrin-remporte-la-premiere-descente-de-la-saison\/#primaryimage\",\"url\":\"https:\/\/dicodusport.fr\/blog\/wp-content\/uploads\/2023\/12\/Descente-Saint-Moritz-Mikaela-Shiffrin-remporte-la-premiere-descente-de-la-saison-1.png\",\"contentUrl\":\"https:\/\/dicodusport.fr\/blog\/wp-content\/uploads\/2023\/12\/Descente-Saint-Moritz-Mikaela-Shiffrin-remporte-la-premiere-descente-de-la-saison-1.png\",\"width\":1200,\"height\":674,\"caption\":\"Descente Saint-Moritz Mikaela Shiffrin remporte la premi\u00e8re descente de la saison (1)\"},{\"@type\":\"BreadcrumbList\",\"@id\":\"https:\/\/dicodusport.fr\/blog\/descente-saint-moritz-mikaela-shiffrin-remporte-la-premiere-descente-de-la-saison\/#breadcrumb\",\"itemListElement\":[{\"@type\":\"ListItem\",\"position\":1,\"name\":\"Accueil\",\"item\":\"https:\/\/dicodusport.fr\/blog\/\"},{\"@type\":\"ListItem\",\"position\":2,\"name\":\"Descente Saint-Moritz : Mikaela Shiffrin remporte la premi\u00e8re descente de la saison\"}]},{\"@type\":\"WebSite\",\"@id\":\"https:\/\/dicodusport.fr\/blog\/#website\",\"url\":\"https:\/\/dicodusport.fr\/blog\/\",\"name\":\"Dicodusport\",\"description\":\"L&#039;encyclop\u00e9die de l&#039;actualit\u00e9 sportive\",\"publisher\":{\"@id\":\"https:\/\/dicodusport.fr\/blog\/#organization\"},\"potentialAction\":[{\"@type\":\"SearchAction\",\"target\":{\"@type\":\"EntryPoint\",\"urlTemplate\":\"https:\/\/dicodusport.fr\/blog\/?s={search_term_string}\"},\"query-input\":{\"@type\":\"PropertyValueSpecification\",\"valueRequired\":true,\"valueName\":\"search_term_string\"}}],\"inLanguage\":\"fr-FR\"},{\"@type\":\"NewsMediaOrganization\",\"@id\":\"https:\/\/dicodusport.fr\/blog\/#organization\",\"name\":\"Dicodusport\",\"url\":\"https:\/\/dicodusport.fr\/blog\/\",\"logo\":{\"@type\":\"ImageObject\",\"inLanguage\":\"fr-FR\",\"@id\":\"https:\/\/dicodusport.fr\/blog\/#\/schema\/logo\/image\/\",\"url\":\"https:\/\/dicodusport.fr\/blog\/wp-content\/uploads\/2020\/06\/cropped-LOGO-DICODUSPORT-2020-SANS-FOND-SANS-TEXTE.png\",\"contentUrl\":\"https:\/\/dicodusport.fr\/blog\/wp-content\/uploads\/2020\/06\/cropped-LOGO-DICODUSPORT-2020-SANS-FOND-SANS-TEXTE.png\",\"width\":512,\"height\":512,\"caption\":\"Dicodusport\"},\"image\":{\"@id\":\"https:\/\/dicodusport.fr\/blog\/#\/schema\/logo\/image\/\"},\"sameAs\":[\"https:\/\/www.facebook.com\/dicodusport\",\"https:\/\/x.com\/dicodusport\",\"https:\/\/www.instagram.com\/dicodusport\/\",\"https:\/\/www.youtube.com\/channel\/UC7V2KZ5sd3htJivAbA4ZG3w\"],\"description\":\"Dicodusport est l'encyclop\u00e9die de l'actualit\u00e9 sportive.\",\"email\":\"bonjour@dicodusport.fr\",\"legalName\":\"DICODUSPORT\",\"foundingDate\":\"2018-01-14\",\"vatID\":\"FR71834470973\",\"taxID\":\"83447097300043\",\"numberOfEmployees\":{\"@type\":\"QuantitativeValue\",\"minValue\":\"1\",\"maxValue\":\"10\"}},{\"@type\":\"Person\",\"@id\":\"https:\/\/dicodusport.fr\/blog\/#\/schema\/person\/b623199cba9ba90fe84a3d16e9282360\",\"name\":\"Victor Clot-Amiot\",\"image\":{\"@type\":\"ImageObject\",\"inLanguage\":\"fr-FR\",\"@id\":\"https:\/\/dicodusport.fr\/blog\/#\/schema\/person\/image\/\",\"url\":\"https:\/\/dicodusport.fr\/blog\/wp-content\/uploads\/2023\/09\/IMG_20190826_114722-150x150.jpg\",\"contentUrl\":\"https:\/\/dicodusport.fr\/blog\/wp-content\/uploads\/2023\/09\/IMG_20190826_114722-150x150.jpg\",\"caption\":\"Victor Clot-Amiot\"},\"description\":\"Passionn\u00e9 de sport depuis toujours, un jour \u00e0 l'adolescence mes parents m'ont dit : \\\"quitte \u00e0 passer ton temps \u00e0 regarder du sport, au moins va le voir en vrai\\\" ! Depuis, cette remarque ne m'a plus quitt\u00e9 et je passe une grande partie de mon temps libre \u00e0 assister \u00e0 des comp\u00e9titions de tous sports. Je m\u00eale d'ailleurs mes deux passions, le sport et les voyages afin de faire une pierre deux coups ! Outre l'US Open ou l'Euro 2021 par exemple, j'ai assist\u00e9 cet \u00e9t\u00e9 aux Mondiaux d'athl\u00e9tisme \u00e0 Budapest. Mon plus gros coup dur est et restera les JO 2020-2021 pour lesquels j'avais r\u00e9serv\u00e9 17 \u00e9preuves. La suite, vous la connaissez...\",\"sameAs\":[\"https:\/\/x.com\/https:\/\/x.com\/VictorClotAmiot\"],\"url\":\"https:\/\/dicodusport.fr\/blog\/author\/victor-clot-amiot\/\"}]}<\/script>\n<!-- \/ Yoast SEO Premium plugin. -->","yoast_head_json":{"title":"Descente Saint-Moritz : Mikaela Shiffrin remporte la premi\u00e8re descente de la saison","description":"COUPE DU MONDE DE SKI ALPIN 2023-2024 - Mikaela Shiffrin a remport\u00e9 la descente de Saint-Moritz. Elle devance Goggia et Brignone.","robots":{"index":"index","follow":"follow","max-snippet":"max-snippet:-1","max-image-preview":"max-image-preview:large","max-video-preview":"max-video-preview:-1"},"canonical":"https:\/\/dicodusport.fr\/blog\/descente-saint-moritz-mikaela-shiffrin-remporte-la-premiere-descente-de-la-saison\/","og_locale":"fr_FR","og_type":"article","og_title":"Descente Saint-Moritz : Mikaela Shiffrin remporte la premi\u00e8re descente de la saison","og_description":"COUPE DU MONDE DE SKI ALPIN 2023-2024 - Mikaela Shiffrin a remport\u00e9 la descente de Saint-Moritz. Elle devance Goggia et Brignone.","og_url":"https:\/\/dicodusport.fr\/blog\/descente-saint-moritz-mikaela-shiffrin-remporte-la-premiere-descente-de-la-saison\/","og_site_name":"Dicodusport","article_publisher":"https:\/\/www.facebook.com\/dicodusport","article_published_time":"2023-12-09T10:42:16+00:00","article_modified_time":"2023-12-09T13:22:38+00:00","og_image":[{"width":1200,"height":674,"url":"https:\/\/dicodusport.fr\/blog\/wp-content\/uploads\/2023\/12\/Descente-Saint-Moritz-Mikaela-Shiffrin-remporte-la-premiere-descente-de-la-saison-1.png","type":"image\/png"}],"author":"Victor Clot-Amiot","twitter_card":"summary_large_image","twitter_title":"Descente Saint-Moritz : Mikaela Shiffrin remporte la premi\u00e8re descente de la saison","twitter_creator":"@https:\/\/x.com\/VictorClotAmiot","twitter_site":"@dicodusport","schema":{"@context":"https:\/\/schema.org","@graph":[{"@type":"NewsArticle","@id":"https:\/\/dicodusport.fr\/blog\/descente-saint-moritz-mikaela-shiffrin-remporte-la-premiere-descente-de-la-saison\/#article","isPartOf":{"@id":"https:\/\/dicodusport.fr\/blog\/descente-saint-moritz-mikaela-shiffrin-remporte-la-premiere-descente-de-la-saison\/"},"author":{"name":"Victor Clot-Amiot","@id":"https:\/\/dicodusport.fr\/blog\/#\/schema\/person\/b623199cba9ba90fe84a3d16e9282360"},"headline":"Descente Saint-Moritz : Mikaela Shiffrin remporte la premi\u00e8re descente de la saison","datePublished":"2023-12-09T10:42:16+00:00","dateModified":"2023-12-09T13:22:38+00:00","mainEntityOfPage":{"@id":"https:\/\/dicodusport.fr\/blog\/descente-saint-moritz-mikaela-shiffrin-remporte-la-premiere-descente-de-la-saison\/"},"wordCount":587,"commentCount":0,"publisher":{"@id":"https:\/\/dicodusport.fr\/blog\/#organization"},"image":{"@id":"https:\/\/dicodusport.fr\/blog\/descente-saint-moritz-mikaela-shiffrin-remporte-la-premiere-descente-de-la-saison\/#primaryimage"},"thumbnailUrl":"https:\/\/dicodusport.fr\/blog\/wp-content\/uploads\/2023\/12\/Descente-Saint-Moritz-Mikaela-Shiffrin-remporte-la-premiere-descente-de-la-saison-1.png","keywords":["br\u00e8ve","Mikaela Shiffrin","ski","Ski alpin"],"articleSection":["Coupe du monde de ski alpin"],"inLanguage":"fr-FR","potentialAction":[{"@type":"CommentAction","name":"Comment","target":["https:\/\/dicodusport.fr\/blog\/descente-saint-moritz-mikaela-shiffrin-remporte-la-premiere-descente-de-la-saison\/#respond"]}],"copyrightYear":"2023","copyrightHolder":{"@id":"https:\/\/dicodusport.fr\/blog\/#organization"}},{"@type":"WebPage","@id":"https:\/\/dicodusport.fr\/blog\/descente-saint-moritz-mikaela-shiffrin-remporte-la-premiere-descente-de-la-saison\/","url":"https:\/\/dicodusport.fr\/blog\/descente-saint-moritz-mikaela-shiffrin-remporte-la-premiere-descente-de-la-saison\/","name":"Descente Saint-Moritz : Mikaela Shiffrin remporte la premi\u00e8re descente de la saison","isPartOf":{"@id":"https:\/\/dicodusport.fr\/blog\/#website"},"primaryImageOfPage":{"@id":"https:\/\/dicodusport.fr\/blog\/descente-saint-moritz-mikaela-shiffrin-remporte-la-premiere-descente-de-la-saison\/#primaryimage"},"image":{"@id":"https:\/\/dicodusport.fr\/blog\/descente-saint-moritz-mikaela-shiffrin-remporte-la-premiere-descente-de-la-saison\/#primaryimage"},"thumbnailUrl":"https:\/\/dicodusport.fr\/blog\/wp-content\/uploads\/2023\/12\/Descente-Saint-Moritz-Mikaela-Shiffrin-remporte-la-premiere-descente-de-la-saison-1.png","datePublished":"2023-12-09T10:42:16+00:00","dateModified":"2023-12-09T13:22:38+00:00","description":"COUPE DU MONDE DE SKI ALPIN 2023-2024 - Mikaela Shiffrin a remport\u00e9 la descente de Saint-Moritz. Elle devance Goggia et Brignone.","breadcrumb":{"@id":"https:\/\/dicodusport.fr\/blog\/descente-saint-moritz-mikaela-shiffrin-remporte-la-premiere-descente-de-la-saison\/#breadcrumb"},"inLanguage":"fr-FR","potentialAction":[{"@type":"ReadAction","target":["https:\/\/dicodusport.fr\/blog\/descente-saint-moritz-mikaela-shiffrin-remporte-la-premiere-descente-de-la-saison\/"]}]},{"@type":"ImageObject","inLanguage":"fr-FR","@id":"https:\/\/dicodusport.fr\/blog\/descente-saint-moritz-mikaela-shiffrin-remporte-la-premiere-descente-de-la-saison\/#primaryimage","url":"https:\/\/dicodusport.fr\/blog\/wp-content\/uploads\/2023\/12\/Descente-Saint-Moritz-Mikaela-Shiffrin-remporte-la-premiere-descente-de-la-saison-1.png","contentUrl":"https:\/\/dicodusport.fr\/blog\/wp-content\/uploads\/2023\/12\/Descente-Saint-Moritz-Mikaela-Shiffrin-remporte-la-premiere-descente-de-la-saison-1.png","width":1200,"height":674,"caption":"Descente Saint-Moritz Mikaela Shiffrin remporte la premi\u00e8re descente de la saison (1)"},{"@type":"BreadcrumbList","@id":"https:\/\/dicodusport.fr\/blog\/descente-saint-moritz-mikaela-shiffrin-remporte-la-premiere-descente-de-la-saison\/#breadcrumb","itemListElement":[{"@type":"ListItem","position":1,"name":"Accueil","item":"https:\/\/dicodusport.fr\/blog\/"},{"@type":"ListItem","position":2,"name":"Descente Saint-Moritz : Mikaela Shiffrin remporte la premi\u00e8re descente de la saison"}]},{"@type":"WebSite","@id":"https:\/\/dicodusport.fr\/blog\/#website","url":"https:\/\/dicodusport.fr\/blog\/","name":"Dicodusport","description":"L&#039;encyclop\u00e9die de l&#039;actualit\u00e9 sportive","publisher":{"@id":"https:\/\/dicodusport.fr\/blog\/#organization"},"potentialAction":[{"@type":"SearchAction","target":{"@type":"EntryPoint","urlTemplate":"https:\/\/dicodusport.fr\/blog\/?s={search_term_string}"},"query-input":{"@type":"PropertyValueSpecification","valueRequired":true,"valueName":"search_term_string"}}],"inLanguage":"fr-FR"},{"@type":"NewsMediaOrganization","@id":"https:\/\/dicodusport.fr\/blog\/#organization","name":"Dicodusport","url":"https:\/\/dicodusport.fr\/blog\/","logo":{"@type":"ImageObject","inLanguage":"fr-FR","@id":"https:\/\/dicodusport.fr\/blog\/#\/schema\/logo\/image\/","url":"https:\/\/dicodusport.fr\/blog\/wp-content\/uploads\/2020\/06\/cropped-LOGO-DICODUSPORT-2020-SANS-FOND-SANS-TEXTE.png","contentUrl":"https:\/\/dicodusport.fr\/blog\/wp-content\/uploads\/2020\/06\/cropped-LOGO-DICODUSPORT-2020-SANS-FOND-SANS-TEXTE.png","width":512,"height":512,"caption":"Dicodusport"},"image":{"@id":"https:\/\/dicodusport.fr\/blog\/#\/schema\/logo\/image\/"},"sameAs":["https:\/\/www.facebook.com\/dicodusport","https:\/\/x.com\/dicodusport","https:\/\/www.instagram.com\/dicodusport\/","https:\/\/www.youtube.com\/channel\/UC7V2KZ5sd3htJivAbA4ZG3w"],"description":"Dicodusport est l'encyclop\u00e9die de l'actualit\u00e9 sportive.","email":"bonjour@dicodusport.fr","legalName":"DICODUSPORT","foundingDate":"2018-01-14","vatID":"FR71834470973","taxID":"83447097300043","numberOfEmployees":{"@type":"QuantitativeValue","minValue":"1","maxValue":"10"}},{"@type":"Person","@id":"https:\/\/dicodusport.fr\/blog\/#\/schema\/person\/b623199cba9ba90fe84a3d16e9282360","name":"Victor Clot-Amiot","image":{"@type":"ImageObject","inLanguage":"fr-FR","@id":"https:\/\/dicodusport.fr\/blog\/#\/schema\/person\/image\/","url":"https:\/\/dicodusport.fr\/blog\/wp-content\/uploads\/2023\/09\/IMG_20190826_114722-150x150.jpg","contentUrl":"https:\/\/dicodusport.fr\/blog\/wp-content\/uploads\/2023\/09\/IMG_20190826_114722-150x150.jpg","caption":"Victor Clot-Amiot"},"description":"Passionn\u00e9 de sport depuis toujours, un jour \u00e0 l'adolescence mes parents m'ont dit : \"quitte \u00e0 passer ton temps \u00e0 regarder du sport, au moins va le voir en vrai\" ! Depuis, cette remarque ne m'a plus quitt\u00e9 et je passe une grande partie de mon temps libre \u00e0 assister \u00e0 des comp\u00e9titions de tous sports. Je m\u00eale d'ailleurs mes deux passions, le sport et les voyages afin de faire une pierre deux coups ! Outre l'US Open ou l'Euro 2021 par exemple, j'ai assist\u00e9 cet \u00e9t\u00e9 aux Mondiaux d'athl\u00e9tisme \u00e0 Budapest. Mon plus gros coup dur est et restera les JO 2020-2021 pour lesquels j'avais r\u00e9serv\u00e9 17 \u00e9preuves. La suite, vous la connaissez...","sameAs":["https:\/\/x.com\/https:\/\/x.com\/VictorClotAmiot"],"url":"https:\/\/dicodusport.fr\/blog\/author\/victor-clot-amiot\/"}]}},"_links":{"self":[{"href":"https:\/\/dicodusport.fr\/blog\/wp-json\/wp\/v2\/posts\/443740","targetHints":{"allow":["GET"]}}],"collection":[{"href":"https:\/\/dicodusport.fr\/blog\/wp-json\/wp\/v2\/posts"}],"about":[{"href":"https:\/\/dicodusport.fr\/blog\/wp-json\/wp\/v2\/types\/post"}],"author":[{"embeddable":true,"href":"https:\/\/dicodusport.fr\/blog\/wp-json\/wp\/v2\/users\/91"}],"replies":[{"embeddable":true,"href":"https:\/\/dicodusport.fr\/blog\/wp-json\/wp\/v2\/comments?post=443740"}],"version-history":[{"count":5,"href":"https:\/\/dicodusport.fr\/blog\/wp-json\/wp\/v2\/posts\/443740\/revisions"}],"predecessor-version":[{"id":443854,"href":"https:\/\/dicodusport.fr\/blog\/wp-json\/wp\/v2\/posts\/443740\/revisions\/443854"}],"wp:featuredmedia":[{"embeddable":true,"href":"https:\/\/dicodusport.fr\/blog\/wp-json\/wp\/v2\/media\/443932"}],"wp:attachment":[{"href":"https:\/\/dicodusport.fr\/blog\/wp-json\/wp\/v2\/media?parent=443740"}],"wp:term":[{"taxonomy":"category","embeddable":true,"href":"https:\/\/dicodusport.fr\/blog\/wp-json\/wp\/v2\/categories?post=443740"},{"taxonomy":"post_tag","embeddable":true,"href":"https:\/\/dicodusport.fr\/blog\/wp-json\/wp\/v2\/tags?post=443740"}],"curies":[{"name":"wp","href":"https:\/\/api.w.org\/{rel}","templated":true}]}}