{"id":443774,"date":"2023-12-09T09:27:36","date_gmt":"2023-12-09T08:27:36","guid":{"rendered":"https:\/\/dicodusport.fr\/blog\/?p=443774&#038;preview=true&#038;preview_id=443774"},"modified":"2023-12-09T09:30:18","modified_gmt":"2023-12-09T08:30:18","slug":"open-daustralie-2024-nick-kyrgios-annonce-son-forfait","status":"publish","type":"post","link":"https:\/\/dicodusport.fr\/blog\/open-daustralie-2024-nick-kyrgios-annonce-son-forfait\/","title":{"rendered":"Open d&rsquo;Australie 2024 : Nick Kyrgios annonce son forfait"},"content":{"rendered":"<p style=\"text-align: justify;\"><strong><em>OPEN D&rsquo;AUSTRALIE HOMMES 2024 &#8211; Un forfait de marque pour le premier Grand Chelem de la saison, en la personne du local de l&rsquo;\u00e9tape, Nick Kyrgios.<\/em><\/strong><\/p>\n<p style=\"text-align: justify;\">En 2022, <strong>Nick Kyrgios<\/strong> avait \u00e9merveill\u00e9 le circuit ATP, notamment lors de <a href=\"https:\/\/dicodusport.fr\/blog\/wimbledon-2022-7eme-sacre-a-londres-pour-novak-djokovic\/\">son parcours jusqu&rsquo;\u00e0 la finale de Wimbledon<\/a>. Mais alors qu&rsquo;on attendait une confirmation, il a subi une blessure aux ligaments du poignet en 2023 et n&rsquo;a disput\u00e9 qu&rsquo;un seul match dans la saison, sur le gazon de Stuttgart. On attendait son retour, notamment pour son Grand Chelem national, l&rsquo;Open d&rsquo;Australie (du 15 au 29 janvier 2024), mais il vient d&rsquo;annoncer sur son site internet que cela ne sera pas le cas.<\/p>\n<blockquote>\n<p style=\"text-align: justify;\">C&rsquo;est un moment tr\u00e8s d\u00e9cevant pour moi, mais je ne pourrai pas participer \u00e0 l&rsquo;Open d&rsquo;Australie 2024. Evidemment cela me brise le c\u0153ur. J&rsquo;ai eu tellement de souvenirs extraordinaires l\u00e0-bas, et je veux juste revenir au sommet de mon jeu et faire les choses correctement, et j&rsquo;ai besoin d&rsquo;un peu plus de temps.<\/p>\n<\/blockquote>\n<p style=\"text-align: justify;\">\u00c0 28 ans, <strong>Nick Kyrgios<\/strong> a d\u00e9j\u00e0 annonc\u00e9 que gagner un Grand Chelem \u00e9tait le grand objectif de sa carri\u00e8re. On pourrait penser qu&rsquo;avec le d\u00e9clin de <strong>Rafael Nadal<\/strong> &#8211; <a href=\"https:\/\/dicodusport.fr\/blog\/tennis-rafael-nadal-annonce-son-retour-pour-janvier-2024\/\">qui sera lui bien pr\u00e9sent<\/a> &#8211; et la retraite de<strong> Roger Federer<\/strong>, il pouvait y avoir une ouverture dans un futur proche, bien qu&rsquo;un certain <strong>Novak Djokovic<\/strong> soit toujours sur le devant de la sc\u00e8ne. Mais apr\u00e8s une saison blanche et sans une r\u00e9elle date de retour, on ignore quand on reverra l&rsquo;Australien sur les courts. Une mauvaise nouvelle pour l&rsquo;Open d&rsquo;Australie, tant son chouchou a cette capacit\u00e9 unique de faire d\u00e9placer les foules.<\/p>\n<blockquote class=\"twitter-tweet\">\n<p dir=\"ltr\" lang=\"fr\">\ud83d\udea8 Pas de miracle, Kyrgios annonce son forfait pour l&rsquo;Open d&rsquo;Australie<\/p>\n<p>\ud83d\udc49 <a href=\"https:\/\/t.co\/Y714XA0NJu\">https:\/\/t.co\/Y714XA0NJu<\/a><a href=\"https:\/\/twitter.com\/hashtag\/AusOpen?src=hash&amp;ref_src=twsrc%5Etfw\">#AusOpen<\/a> <a href=\"https:\/\/twitter.com\/hashtag\/HomeOfTennis?src=hash&amp;ref_src=twsrc%5Etfw\">#HomeOfTennis<\/a> <a href=\"https:\/\/t.co\/cSMvOWh7D3\">pic.twitter.com\/cSMvOWh7D3<\/a><\/p>\n<p>\u2014 Eurosport France (@Eurosport_FR) <a href=\"https:\/\/twitter.com\/Eurosport_FR\/status\/1733399560222036010?ref_src=twsrc%5Etfw\">December 9, 2023<\/a><\/p><\/blockquote>\n<p style=\"text-align: justify;\"><script async src=\"https:\/\/platform.twitter.com\/widgets.js\" charset=\"utf-8\"><\/script><\/p>\n","protected":false},"excerpt":{"rendered":"<p>OPEN D&rsquo;AUSTRALIE HOMMES 2024 &#8211; Un forfait de marque pour le premier Grand Chelem de la saison, en la personne du local de l&rsquo;\u00e9tape, Nick Kyrgios.<\/p>\n","protected":false},"author":59,"featured_media":443776,"comment_status":"open","ping_status":"closed","sticky":false,"template":"","format":"standard","meta":{"_acf_changed":false,"_daextam_enable_autolinks":"1","footnotes":""},"categories":[2302],"tags":[16878,5216],"class_list":["post-443774","post","type-post","status-publish","format-standard","has-post-thumbnail","hentry","category-tennis","tag-breve","tag-nick-kyrgios"],"acf":[],"yoast_head":"<!-- This site is optimized with the Yoast SEO Premium plugin v26.7 (Yoast SEO v26.7) - https:\/\/yoast.com\/wordpress\/plugins\/seo\/ -->\n<title>Open d&#039;Australie 2024 : Nick Kyrgios annonce son forfait<\/title>\n<meta name=\"description\" content=\"OPEN D&#039;AUSTRALIE HOMMES 2024 - Un forfait de marque pour le premier Grand Chelem de la saison, en la personne du local de l&#039;\u00e9tape, Nick Kyrgios.\" \/>\n<meta name=\"robots\" content=\"index, follow, max-snippet:-1, max-image-preview:large, max-video-preview:-1\" \/>\n<link rel=\"canonical\" href=\"https:\/\/dicodusport.fr\/blog\/open-daustralie-2024-nick-kyrgios-annonce-son-forfait\/\" \/>\n<meta property=\"og:locale\" content=\"fr_FR\" \/>\n<meta property=\"og:type\" content=\"article\" \/>\n<meta property=\"og:title\" content=\"Open d&#039;Australie 2024 : Nick Kyrgios annonce son forfait\" \/>\n<meta property=\"og:description\" content=\"OPEN D&#039;AUSTRALIE HOMMES 2024 - Un forfait de marque pour le premier Grand Chelem de la saison, en la personne du local de l&#039;\u00e9tape, Nick Kyrgios.\" \/>\n<meta property=\"og:url\" content=\"https:\/\/dicodusport.fr\/blog\/open-daustralie-2024-nick-kyrgios-annonce-son-forfait\/\" \/>\n<meta property=\"og:site_name\" content=\"Dicodusport\" \/>\n<meta property=\"article:publisher\" content=\"https:\/\/www.facebook.com\/dicodusport\" \/>\n<meta property=\"article:author\" content=\"https:\/\/www.facebook.com\/sebastien.gente\/\" \/>\n<meta property=\"article:published_time\" content=\"2023-12-09T08:27:36+00:00\" \/>\n<meta property=\"article:modified_time\" content=\"2023-12-09T08:30:18+00:00\" \/>\n<meta property=\"og:image\" content=\"https:\/\/dicodusport.fr\/blog\/wp-content\/uploads\/2023\/12\/Open-dAustralie-2024-Nick-Kyrgios-annonce-son-forfait.png\" \/>\n\t<meta property=\"og:image:width\" content=\"1200\" \/>\n\t<meta property=\"og:image:height\" content=\"674\" \/>\n\t<meta property=\"og:image:type\" content=\"image\/png\" \/>\n<meta name=\"author\" content=\"S\u00e9bastien Gente\" \/>\n<meta name=\"twitter:card\" content=\"summary_large_image\" \/>\n<meta name=\"twitter:title\" content=\"Open d&#039;Australie 2024 : Nick Kyrgios annonce son forfait\" \/>\n<meta name=\"twitter:creator\" content=\"@https:\/\/twitter.com\/globulo24\" \/>\n<meta name=\"twitter:site\" content=\"@dicodusport\" \/>\n<script type=\"application\/ld+json\" class=\"yoast-schema-graph\">{\"@context\":\"https:\/\/schema.org\",\"@graph\":[{\"@type\":\"NewsArticle\",\"@id\":\"https:\/\/dicodusport.fr\/blog\/open-daustralie-2024-nick-kyrgios-annonce-son-forfait\/#article\",\"isPartOf\":{\"@id\":\"https:\/\/dicodusport.fr\/blog\/open-daustralie-2024-nick-kyrgios-annonce-son-forfait\/\"},\"author\":{\"name\":\"S\u00e9bastien Gente\",\"@id\":\"https:\/\/dicodusport.fr\/blog\/#\/schema\/person\/627966a6cde45dbd8c5e36ac85d783da\"},\"headline\":\"Open d&rsquo;Australie 2024 : Nick Kyrgios annonce son forfait\",\"datePublished\":\"2023-12-09T08:27:36+00:00\",\"dateModified\":\"2023-12-09T08:30:18+00:00\",\"mainEntityOfPage\":{\"@id\":\"https:\/\/dicodusport.fr\/blog\/open-daustralie-2024-nick-kyrgios-annonce-son-forfait\/\"},\"wordCount\":325,\"commentCount\":0,\"publisher\":{\"@id\":\"https:\/\/dicodusport.fr\/blog\/#organization\"},\"image\":{\"@id\":\"https:\/\/dicodusport.fr\/blog\/open-daustralie-2024-nick-kyrgios-annonce-son-forfait\/#primaryimage\"},\"thumbnailUrl\":\"https:\/\/dicodusport.fr\/blog\/wp-content\/uploads\/2023\/12\/Open-dAustralie-2024-Nick-Kyrgios-annonce-son-forfait.png\",\"keywords\":[\"br\u00e8ve\",\"Nick Kyrgios\"],\"articleSection\":[\"Tennis\"],\"inLanguage\":\"fr-FR\",\"potentialAction\":[{\"@type\":\"CommentAction\",\"name\":\"Comment\",\"target\":[\"https:\/\/dicodusport.fr\/blog\/open-daustralie-2024-nick-kyrgios-annonce-son-forfait\/#respond\"]}],\"copyrightYear\":\"2023\",\"copyrightHolder\":{\"@id\":\"https:\/\/dicodusport.fr\/blog\/#organization\"}},{\"@type\":\"WebPage\",\"@id\":\"https:\/\/dicodusport.fr\/blog\/open-daustralie-2024-nick-kyrgios-annonce-son-forfait\/\",\"url\":\"https:\/\/dicodusport.fr\/blog\/open-daustralie-2024-nick-kyrgios-annonce-son-forfait\/\",\"name\":\"Open d'Australie 2024 : Nick Kyrgios annonce son forfait\",\"isPartOf\":{\"@id\":\"https:\/\/dicodusport.fr\/blog\/#website\"},\"primaryImageOfPage\":{\"@id\":\"https:\/\/dicodusport.fr\/blog\/open-daustralie-2024-nick-kyrgios-annonce-son-forfait\/#primaryimage\"},\"image\":{\"@id\":\"https:\/\/dicodusport.fr\/blog\/open-daustralie-2024-nick-kyrgios-annonce-son-forfait\/#primaryimage\"},\"thumbnailUrl\":\"https:\/\/dicodusport.fr\/blog\/wp-content\/uploads\/2023\/12\/Open-dAustralie-2024-Nick-Kyrgios-annonce-son-forfait.png\",\"datePublished\":\"2023-12-09T08:27:36+00:00\",\"dateModified\":\"2023-12-09T08:30:18+00:00\",\"description\":\"OPEN D'AUSTRALIE HOMMES 2024 - Un forfait de marque pour le premier Grand Chelem de la saison, en la personne du local de l'\u00e9tape, Nick Kyrgios.\",\"breadcrumb\":{\"@id\":\"https:\/\/dicodusport.fr\/blog\/open-daustralie-2024-nick-kyrgios-annonce-son-forfait\/#breadcrumb\"},\"inLanguage\":\"fr-FR\",\"potentialAction\":[{\"@type\":\"ReadAction\",\"target\":[\"https:\/\/dicodusport.fr\/blog\/open-daustralie-2024-nick-kyrgios-annonce-son-forfait\/\"]}]},{\"@type\":\"ImageObject\",\"inLanguage\":\"fr-FR\",\"@id\":\"https:\/\/dicodusport.fr\/blog\/open-daustralie-2024-nick-kyrgios-annonce-son-forfait\/#primaryimage\",\"url\":\"https:\/\/dicodusport.fr\/blog\/wp-content\/uploads\/2023\/12\/Open-dAustralie-2024-Nick-Kyrgios-annonce-son-forfait.png\",\"contentUrl\":\"https:\/\/dicodusport.fr\/blog\/wp-content\/uploads\/2023\/12\/Open-dAustralie-2024-Nick-Kyrgios-annonce-son-forfait.png\",\"width\":1200,\"height\":674,\"caption\":\"Open d'Australie 2024 Nick Kyrgios annonce son forfait\"},{\"@type\":\"BreadcrumbList\",\"@id\":\"https:\/\/dicodusport.fr\/blog\/open-daustralie-2024-nick-kyrgios-annonce-son-forfait\/#breadcrumb\",\"itemListElement\":[{\"@type\":\"ListItem\",\"position\":1,\"name\":\"Accueil\",\"item\":\"https:\/\/dicodusport.fr\/blog\/\"},{\"@type\":\"ListItem\",\"position\":2,\"name\":\"Open d&rsquo;Australie 2024 : Nick Kyrgios annonce son forfait\"}]},{\"@type\":\"WebSite\",\"@id\":\"https:\/\/dicodusport.fr\/blog\/#website\",\"url\":\"https:\/\/dicodusport.fr\/blog\/\",\"name\":\"Dicodusport\",\"description\":\"L&#039;encyclop\u00e9die de l&#039;actualit\u00e9 sportive\",\"publisher\":{\"@id\":\"https:\/\/dicodusport.fr\/blog\/#organization\"},\"potentialAction\":[{\"@type\":\"SearchAction\",\"target\":{\"@type\":\"EntryPoint\",\"urlTemplate\":\"https:\/\/dicodusport.fr\/blog\/?s={search_term_string}\"},\"query-input\":{\"@type\":\"PropertyValueSpecification\",\"valueRequired\":true,\"valueName\":\"search_term_string\"}}],\"inLanguage\":\"fr-FR\"},{\"@type\":\"NewsMediaOrganization\",\"@id\":\"https:\/\/dicodusport.fr\/blog\/#organization\",\"name\":\"Dicodusport\",\"url\":\"https:\/\/dicodusport.fr\/blog\/\",\"logo\":{\"@type\":\"ImageObject\",\"inLanguage\":\"fr-FR\",\"@id\":\"https:\/\/dicodusport.fr\/blog\/#\/schema\/logo\/image\/\",\"url\":\"https:\/\/dicodusport.fr\/blog\/wp-content\/uploads\/2020\/06\/cropped-LOGO-DICODUSPORT-2020-SANS-FOND-SANS-TEXTE.png\",\"contentUrl\":\"https:\/\/dicodusport.fr\/blog\/wp-content\/uploads\/2020\/06\/cropped-LOGO-DICODUSPORT-2020-SANS-FOND-SANS-TEXTE.png\",\"width\":512,\"height\":512,\"caption\":\"Dicodusport\"},\"image\":{\"@id\":\"https:\/\/dicodusport.fr\/blog\/#\/schema\/logo\/image\/\"},\"sameAs\":[\"https:\/\/www.facebook.com\/dicodusport\",\"https:\/\/x.com\/dicodusport\",\"https:\/\/www.instagram.com\/dicodusport\/\",\"https:\/\/www.youtube.com\/channel\/UC7V2KZ5sd3htJivAbA4ZG3w\"],\"description\":\"Dicodusport est l'encyclop\u00e9die de l'actualit\u00e9 sportive.\",\"email\":\"bonjour@dicodusport.fr\",\"legalName\":\"DICODUSPORT\",\"foundingDate\":\"2018-01-14\",\"vatID\":\"FR71834470973\",\"taxID\":\"83447097300043\",\"numberOfEmployees\":{\"@type\":\"QuantitativeValue\",\"minValue\":\"1\",\"maxValue\":\"10\"}},{\"@type\":\"Person\",\"@id\":\"https:\/\/dicodusport.fr\/blog\/#\/schema\/person\/627966a6cde45dbd8c5e36ac85d783da\",\"name\":\"S\u00e9bastien Gente\",\"image\":{\"@type\":\"ImageObject\",\"inLanguage\":\"fr-FR\",\"@id\":\"https:\/\/dicodusport.fr\/blog\/#\/schema\/person\/image\/\",\"url\":\"https:\/\/dicodusport.fr\/blog\/wp-content\/uploads\/2021\/09\/1510990_10205810251400683_4124423575079401707_n-150x150.jpg\",\"contentUrl\":\"https:\/\/dicodusport.fr\/blog\/wp-content\/uploads\/2021\/09\/1510990_10205810251400683_4124423575079401707_n-150x150.jpg\",\"caption\":\"S\u00e9bastien Gente\"},\"description\":\"John Stockton, Gianni Bugno, Zinedine Zidane, Steffi Graf, Frode Andresen, St\u00e9phane Stoecklin, Davis Kamoga, Primoz Peterka, Werner Schlager et Aur\u00e9lien Rougerie. Point commun entre ces sportifs? Ils m'ont fait r\u00eaver et ont berc\u00e9 mon adolescence. Je suis un fondu de sports et j'essaie de retranscrire ma passion \u00e0 travers mes articles. Originaire du P\u00e9rigord, ma passion pour les Girondins, les Jaunards et les Jazzmen transpire dans mes \u00e9crits. \u00c0 Dicodusport depuis 2021, je d\u00e9niche les sports m\u00e9connus dans lesquels la France brille, et il y en a !\",\"sameAs\":[\"https:\/\/www.facebook.com\/sebastien.gente\/\",\"https:\/\/www.instagram.com\/sebgente\/\",\"https:\/\/www.linkedin.com\/in\/sbastien-gente-a29583169\/\",\"https:\/\/x.com\/https:\/\/twitter.com\/globulo24\",\"SebastienGente\"],\"worksFor\":\"S\u00e9bastien GENTE\",\"url\":\"https:\/\/dicodusport.fr\/blog\/author\/sebastiengente\/\"}]}<\/script>\n<!-- \/ Yoast SEO Premium plugin. -->","yoast_head_json":{"title":"Open d'Australie 2024 : Nick Kyrgios annonce son forfait","description":"OPEN D'AUSTRALIE HOMMES 2024 - Un forfait de marque pour le premier Grand Chelem de la saison, en la personne du local de l'\u00e9tape, Nick Kyrgios.","robots":{"index":"index","follow":"follow","max-snippet":"max-snippet:-1","max-image-preview":"max-image-preview:large","max-video-preview":"max-video-preview:-1"},"canonical":"https:\/\/dicodusport.fr\/blog\/open-daustralie-2024-nick-kyrgios-annonce-son-forfait\/","og_locale":"fr_FR","og_type":"article","og_title":"Open d'Australie 2024 : Nick Kyrgios annonce son forfait","og_description":"OPEN D'AUSTRALIE HOMMES 2024 - Un forfait de marque pour le premier Grand Chelem de la saison, en la personne du local de l'\u00e9tape, Nick Kyrgios.","og_url":"https:\/\/dicodusport.fr\/blog\/open-daustralie-2024-nick-kyrgios-annonce-son-forfait\/","og_site_name":"Dicodusport","article_publisher":"https:\/\/www.facebook.com\/dicodusport","article_author":"https:\/\/www.facebook.com\/sebastien.gente\/","article_published_time":"2023-12-09T08:27:36+00:00","article_modified_time":"2023-12-09T08:30:18+00:00","og_image":[{"width":1200,"height":674,"url":"https:\/\/dicodusport.fr\/blog\/wp-content\/uploads\/2023\/12\/Open-dAustralie-2024-Nick-Kyrgios-annonce-son-forfait.png","type":"image\/png"}],"author":"S\u00e9bastien Gente","twitter_card":"summary_large_image","twitter_title":"Open d'Australie 2024 : Nick Kyrgios annonce son forfait","twitter_creator":"@https:\/\/twitter.com\/globulo24","twitter_site":"@dicodusport","schema":{"@context":"https:\/\/schema.org","@graph":[{"@type":"NewsArticle","@id":"https:\/\/dicodusport.fr\/blog\/open-daustralie-2024-nick-kyrgios-annonce-son-forfait\/#article","isPartOf":{"@id":"https:\/\/dicodusport.fr\/blog\/open-daustralie-2024-nick-kyrgios-annonce-son-forfait\/"},"author":{"name":"S\u00e9bastien Gente","@id":"https:\/\/dicodusport.fr\/blog\/#\/schema\/person\/627966a6cde45dbd8c5e36ac85d783da"},"headline":"Open d&rsquo;Australie 2024 : Nick Kyrgios annonce son forfait","datePublished":"2023-12-09T08:27:36+00:00","dateModified":"2023-12-09T08:30:18+00:00","mainEntityOfPage":{"@id":"https:\/\/dicodusport.fr\/blog\/open-daustralie-2024-nick-kyrgios-annonce-son-forfait\/"},"wordCount":325,"commentCount":0,"publisher":{"@id":"https:\/\/dicodusport.fr\/blog\/#organization"},"image":{"@id":"https:\/\/dicodusport.fr\/blog\/open-daustralie-2024-nick-kyrgios-annonce-son-forfait\/#primaryimage"},"thumbnailUrl":"https:\/\/dicodusport.fr\/blog\/wp-content\/uploads\/2023\/12\/Open-dAustralie-2024-Nick-Kyrgios-annonce-son-forfait.png","keywords":["br\u00e8ve","Nick Kyrgios"],"articleSection":["Tennis"],"inLanguage":"fr-FR","potentialAction":[{"@type":"CommentAction","name":"Comment","target":["https:\/\/dicodusport.fr\/blog\/open-daustralie-2024-nick-kyrgios-annonce-son-forfait\/#respond"]}],"copyrightYear":"2023","copyrightHolder":{"@id":"https:\/\/dicodusport.fr\/blog\/#organization"}},{"@type":"WebPage","@id":"https:\/\/dicodusport.fr\/blog\/open-daustralie-2024-nick-kyrgios-annonce-son-forfait\/","url":"https:\/\/dicodusport.fr\/blog\/open-daustralie-2024-nick-kyrgios-annonce-son-forfait\/","name":"Open d'Australie 2024 : Nick Kyrgios annonce son forfait","isPartOf":{"@id":"https:\/\/dicodusport.fr\/blog\/#website"},"primaryImageOfPage":{"@id":"https:\/\/dicodusport.fr\/blog\/open-daustralie-2024-nick-kyrgios-annonce-son-forfait\/#primaryimage"},"image":{"@id":"https:\/\/dicodusport.fr\/blog\/open-daustralie-2024-nick-kyrgios-annonce-son-forfait\/#primaryimage"},"thumbnailUrl":"https:\/\/dicodusport.fr\/blog\/wp-content\/uploads\/2023\/12\/Open-dAustralie-2024-Nick-Kyrgios-annonce-son-forfait.png","datePublished":"2023-12-09T08:27:36+00:00","dateModified":"2023-12-09T08:30:18+00:00","description":"OPEN D'AUSTRALIE HOMMES 2024 - Un forfait de marque pour le premier Grand Chelem de la saison, en la personne du local de l'\u00e9tape, Nick Kyrgios.","breadcrumb":{"@id":"https:\/\/dicodusport.fr\/blog\/open-daustralie-2024-nick-kyrgios-annonce-son-forfait\/#breadcrumb"},"inLanguage":"fr-FR","potentialAction":[{"@type":"ReadAction","target":["https:\/\/dicodusport.fr\/blog\/open-daustralie-2024-nick-kyrgios-annonce-son-forfait\/"]}]},{"@type":"ImageObject","inLanguage":"fr-FR","@id":"https:\/\/dicodusport.fr\/blog\/open-daustralie-2024-nick-kyrgios-annonce-son-forfait\/#primaryimage","url":"https:\/\/dicodusport.fr\/blog\/wp-content\/uploads\/2023\/12\/Open-dAustralie-2024-Nick-Kyrgios-annonce-son-forfait.png","contentUrl":"https:\/\/dicodusport.fr\/blog\/wp-content\/uploads\/2023\/12\/Open-dAustralie-2024-Nick-Kyrgios-annonce-son-forfait.png","width":1200,"height":674,"caption":"Open d'Australie 2024 Nick Kyrgios annonce son forfait"},{"@type":"BreadcrumbList","@id":"https:\/\/dicodusport.fr\/blog\/open-daustralie-2024-nick-kyrgios-annonce-son-forfait\/#breadcrumb","itemListElement":[{"@type":"ListItem","position":1,"name":"Accueil","item":"https:\/\/dicodusport.fr\/blog\/"},{"@type":"ListItem","position":2,"name":"Open d&rsquo;Australie 2024 : Nick Kyrgios annonce son forfait"}]},{"@type":"WebSite","@id":"https:\/\/dicodusport.fr\/blog\/#website","url":"https:\/\/dicodusport.fr\/blog\/","name":"Dicodusport","description":"L&#039;encyclop\u00e9die de l&#039;actualit\u00e9 sportive","publisher":{"@id":"https:\/\/dicodusport.fr\/blog\/#organization"},"potentialAction":[{"@type":"SearchAction","target":{"@type":"EntryPoint","urlTemplate":"https:\/\/dicodusport.fr\/blog\/?s={search_term_string}"},"query-input":{"@type":"PropertyValueSpecification","valueRequired":true,"valueName":"search_term_string"}}],"inLanguage":"fr-FR"},{"@type":"NewsMediaOrganization","@id":"https:\/\/dicodusport.fr\/blog\/#organization","name":"Dicodusport","url":"https:\/\/dicodusport.fr\/blog\/","logo":{"@type":"ImageObject","inLanguage":"fr-FR","@id":"https:\/\/dicodusport.fr\/blog\/#\/schema\/logo\/image\/","url":"https:\/\/dicodusport.fr\/blog\/wp-content\/uploads\/2020\/06\/cropped-LOGO-DICODUSPORT-2020-SANS-FOND-SANS-TEXTE.png","contentUrl":"https:\/\/dicodusport.fr\/blog\/wp-content\/uploads\/2020\/06\/cropped-LOGO-DICODUSPORT-2020-SANS-FOND-SANS-TEXTE.png","width":512,"height":512,"caption":"Dicodusport"},"image":{"@id":"https:\/\/dicodusport.fr\/blog\/#\/schema\/logo\/image\/"},"sameAs":["https:\/\/www.facebook.com\/dicodusport","https:\/\/x.com\/dicodusport","https:\/\/www.instagram.com\/dicodusport\/","https:\/\/www.youtube.com\/channel\/UC7V2KZ5sd3htJivAbA4ZG3w"],"description":"Dicodusport est l'encyclop\u00e9die de l'actualit\u00e9 sportive.","email":"bonjour@dicodusport.fr","legalName":"DICODUSPORT","foundingDate":"2018-01-14","vatID":"FR71834470973","taxID":"83447097300043","numberOfEmployees":{"@type":"QuantitativeValue","minValue":"1","maxValue":"10"}},{"@type":"Person","@id":"https:\/\/dicodusport.fr\/blog\/#\/schema\/person\/627966a6cde45dbd8c5e36ac85d783da","name":"S\u00e9bastien Gente","image":{"@type":"ImageObject","inLanguage":"fr-FR","@id":"https:\/\/dicodusport.fr\/blog\/#\/schema\/person\/image\/","url":"https:\/\/dicodusport.fr\/blog\/wp-content\/uploads\/2021\/09\/1510990_10205810251400683_4124423575079401707_n-150x150.jpg","contentUrl":"https:\/\/dicodusport.fr\/blog\/wp-content\/uploads\/2021\/09\/1510990_10205810251400683_4124423575079401707_n-150x150.jpg","caption":"S\u00e9bastien Gente"},"description":"John Stockton, Gianni Bugno, Zinedine Zidane, Steffi Graf, Frode Andresen, St\u00e9phane Stoecklin, Davis Kamoga, Primoz Peterka, Werner Schlager et Aur\u00e9lien Rougerie. Point commun entre ces sportifs? Ils m'ont fait r\u00eaver et ont berc\u00e9 mon adolescence. Je suis un fondu de sports et j'essaie de retranscrire ma passion \u00e0 travers mes articles. Originaire du P\u00e9rigord, ma passion pour les Girondins, les Jaunards et les Jazzmen transpire dans mes \u00e9crits. \u00c0 Dicodusport depuis 2021, je d\u00e9niche les sports m\u00e9connus dans lesquels la France brille, et il y en a !","sameAs":["https:\/\/www.facebook.com\/sebastien.gente\/","https:\/\/www.instagram.com\/sebgente\/","https:\/\/www.linkedin.com\/in\/sbastien-gente-a29583169\/","https:\/\/x.com\/https:\/\/twitter.com\/globulo24","SebastienGente"],"worksFor":"S\u00e9bastien GENTE","url":"https:\/\/dicodusport.fr\/blog\/author\/sebastiengente\/"}]}},"_links":{"self":[{"href":"https:\/\/dicodusport.fr\/blog\/wp-json\/wp\/v2\/posts\/443774","targetHints":{"allow":["GET"]}}],"collection":[{"href":"https:\/\/dicodusport.fr\/blog\/wp-json\/wp\/v2\/posts"}],"about":[{"href":"https:\/\/dicodusport.fr\/blog\/wp-json\/wp\/v2\/types\/post"}],"author":[{"embeddable":true,"href":"https:\/\/dicodusport.fr\/blog\/wp-json\/wp\/v2\/users\/59"}],"replies":[{"embeddable":true,"href":"https:\/\/dicodusport.fr\/blog\/wp-json\/wp\/v2\/comments?post=443774"}],"version-history":[{"count":2,"href":"https:\/\/dicodusport.fr\/blog\/wp-json\/wp\/v2\/posts\/443774\/revisions"}],"predecessor-version":[{"id":443779,"href":"https:\/\/dicodusport.fr\/blog\/wp-json\/wp\/v2\/posts\/443774\/revisions\/443779"}],"wp:featuredmedia":[{"embeddable":true,"href":"https:\/\/dicodusport.fr\/blog\/wp-json\/wp\/v2\/media\/443776"}],"wp:attachment":[{"href":"https:\/\/dicodusport.fr\/blog\/wp-json\/wp\/v2\/media?parent=443774"}],"wp:term":[{"taxonomy":"category","embeddable":true,"href":"https:\/\/dicodusport.fr\/blog\/wp-json\/wp\/v2\/categories?post=443774"},{"taxonomy":"post_tag","embeddable":true,"href":"https:\/\/dicodusport.fr\/blog\/wp-json\/wp\/v2\/tags?post=443774"}],"curies":[{"name":"wp","href":"https:\/\/api.w.org\/{rel}","templated":true}]}}