{"id":443874,"date":"2023-12-09T13:17:34","date_gmt":"2023-12-09T12:17:34","guid":{"rendered":"https:\/\/dicodusport.fr\/blog\/?p=443874&#038;preview=true&#038;preview_id=443874"},"modified":"2023-12-09T13:17:34","modified_gmt":"2023-12-09T12:17:34","slug":"ibu-cup-2023-2024-oscar-lombardot-troisieme-du-sprint-a-idre-fjall","status":"publish","type":"post","link":"https:\/\/dicodusport.fr\/blog\/ibu-cup-2023-2024-oscar-lombardot-troisieme-du-sprint-a-idre-fjall\/","title":{"rendered":"IBU Cup 2023\/2024 : Oscar Lombardot troisi\u00e8me du sprint \u00e0 Idre Fj\u00e4ll"},"content":{"rendered":"<p style=\"text-align: justify;\"><strong><em>IBU CUP SAISON 2023\/2024 &#8211; Oscar Lombardot signe le premier podium des hommes sur le sprint \u00e0 Idre Fj\u00e4ll avec sa 3e place. Damien Levet prend la 5e place. Les deux Fran\u00e7ais ont tir\u00e9 \u00e0 10\/10.<\/em><\/strong><\/p>\n<p style=\"text-align: justify;\">Le voil\u00e0 le premier podium pour les hommes. Apr\u00e8s le triomphe de <strong>Jeanne Richard<\/strong>, <a href=\"https:\/\/dicodusport.fr\/blog\/ibu-cup-2023-2024-jeanne-richard-triomphe-dentree-sur-lindividuel-de-kontiolahti\/\">lors de l&rsquo;individuel \u00e0 Kontiolahti<\/a> et <a href=\"https:\/\/dicodusport.fr\/blog\/ibu-cup-2023-2024-jeanne-richard-prend-la-troisieme-place-sur-le-sprint-didre-fjall\/\">sa troisi\u00e8me place hier lors du premier sprint d&rsquo;Idre Fj\u00e4ll<\/a>, c&rsquo;est <strong>Oscar Lombardot<\/strong> qui ouvre le compteur masculin, \u00e9galement sur le sprint \u00e0 Idre Fj\u00e4ll.<\/p>\n<p style=\"text-align: justify;\">Avec un 10\/10 au tir, il prend la 3e place de la course, uniquement devanc\u00e9 par l&rsquo;exp\u00e9riment\u00e9 allemand <strong>Philip Horn<\/strong>, habitu\u00e9 au circuit de la coupe du monde et qui a aussi fait le plein au tir, qui termine 39.5 secondes devant le Fran\u00e7ais. Et par le Norv\u00e9gien <strong>Johan-Olav Botn<\/strong>, qui n&rsquo;a tir\u00e9 qu&rsquo;\u00e0 7\/10, mais stratosph\u00e9rique sur les skis, 22 secondes devant le Fran\u00e7ais. Les bonnes nouvelles s&rsquo;accumulent sur le circuit inf\u00e9rieur. Avec la belle 5\u1d49 place de <strong>Damien Levet<\/strong>, qui a aussi tir\u00e9 \u00e0 10\/10 et qui termine \u00e0 56.5 secondes du vainqueur allemand. Un sprint qui a creus\u00e9 des \u00e9normes \u00e9carts !<\/p>\n<blockquote class=\"twitter-tweet\">\n<p dir=\"ltr\" lang=\"fr\">\ud83e\udd49 Il est l\u00e0 le premier podium de la saison en IBU Cup pour \ud83c\uddeb\ud83c\uddf7 Oscar Lombardot ! Magnifique course (10\/10) pour le Biathl\u00e8te de l&rsquo;Entente Saugette !<\/p>\n<p>\ud83c\uddeb\ud83c\uddf7 Damien Levet termine 5e (10\/10) et signe son meilleur r\u00e9sultat en IBU Cup ! \ud83d\udc4f <a href=\"https:\/\/twitter.com\/hashtag\/LequipeBiathlon?src=hash&amp;ref_src=twsrc%5Etfw\">#LequipeBiathlon<\/a> <a href=\"https:\/\/t.co\/S51fLMUlt8\">pic.twitter.com\/S51fLMUlt8<\/a><\/p>\n<p>\u2014 Louis L&rsquo;\u00c9tang (@Louis_ltgsport) <a href=\"https:\/\/twitter.com\/Louis_ltgsport\/status\/1733443420172013595?ref_src=twsrc%5Etfw\">December 9, 2023<\/a><\/p><\/blockquote>\n<p><script async src=\"https:\/\/platform.twitter.com\/widgets.js\" charset=\"utf-8\"><\/script><\/p>\n<h2 style=\"text-align: justify;\">Le classement des Fran\u00e7ais<\/h2>\n<ul>\n<li style=\"text-align: justify;\">3e : Oscar Lombardot<\/li>\n<li style=\"text-align: justify;\">5e : Damien Levet<\/li>\n<li style=\"text-align: justify;\">23e : Valentin Lejeune<\/li>\n<li style=\"text-align: justify;\">24e : Th\u00e9o Guiraud-Poillot<\/li>\n<li style=\"text-align: justify;\">28e : S\u00e9bastien Mahon<\/li>\n<li style=\"text-align: justify;\">39e : R\u00e9mi Broutier<\/li>\n<\/ul>\n","protected":false},"excerpt":{"rendered":"<p>IBU CUP SAISON 2023\/2024 &#8211; Oscar Lombardot signe le premier podium des hommes sur le sprint \u00e0 Idre Fj\u00e4ll avec sa 3e place. Damien Levet prend la 5e place. Les deux Fran\u00e7ais ont tir\u00e9 \u00e0 10\/10.<\/p>\n","protected":false},"author":83,"featured_media":443888,"comment_status":"open","ping_status":"closed","sticky":false,"template":"","format":"standard","meta":{"_acf_changed":false,"_daextam_enable_autolinks":"1","footnotes":""},"categories":[2426],"tags":[29733,16878,22724],"class_list":["post-443874","post","type-post","status-publish","format-standard","has-post-thumbnail","hentry","category-biathlon","tag-biathlon-francais","tag-breve","tag-oscar-lombardot"],"acf":[],"yoast_head":"<!-- This site is optimized with the Yoast SEO Premium plugin v26.7 (Yoast SEO v26.7) - https:\/\/yoast.com\/wordpress\/plugins\/seo\/ -->\n<title>IBU Cup 2023\/2024 : Oscar Lombardot troisi\u00e8me du sprint \u00e0 Idre Fj\u00e4ll<\/title>\n<meta name=\"description\" content=\"IBU CUP SAISON 2023\/2024 - Oscar Lombardot signe le premier podium des hommes sur le sprint \u00e0 Idre Fj\u00e4ll avec sa 3e place.\" \/>\n<meta name=\"robots\" content=\"index, follow, max-snippet:-1, max-image-preview:large, max-video-preview:-1\" \/>\n<link rel=\"canonical\" href=\"https:\/\/dicodusport.fr\/blog\/ibu-cup-2023-2024-oscar-lombardot-troisieme-du-sprint-a-idre-fjall\/\" \/>\n<meta property=\"og:locale\" content=\"fr_FR\" \/>\n<meta property=\"og:type\" content=\"article\" \/>\n<meta property=\"og:title\" content=\"IBU Cup 2023\/2024 : Oscar Lombardot troisi\u00e8me du sprint \u00e0 Idre Fj\u00e4ll\" \/>\n<meta property=\"og:description\" content=\"IBU CUP SAISON 2023\/2024 - Oscar Lombardot signe le premier podium des hommes sur le sprint \u00e0 Idre Fj\u00e4ll avec sa 3e place.\" \/>\n<meta property=\"og:url\" content=\"https:\/\/dicodusport.fr\/blog\/ibu-cup-2023-2024-oscar-lombardot-troisieme-du-sprint-a-idre-fjall\/\" \/>\n<meta property=\"og:site_name\" content=\"Dicodusport\" \/>\n<meta property=\"article:publisher\" content=\"https:\/\/www.facebook.com\/dicodusport\" \/>\n<meta property=\"article:published_time\" content=\"2023-12-09T12:17:34+00:00\" \/>\n<meta property=\"og:image\" content=\"https:\/\/dicodusport.fr\/blog\/wp-content\/uploads\/2023\/12\/IBU-Cup-20232024-Oscar-Lombardot-troisieme-du-sprint-a-Idre-Fjall.png\" \/>\n\t<meta property=\"og:image:width\" content=\"1200\" \/>\n\t<meta property=\"og:image:height\" content=\"674\" \/>\n\t<meta property=\"og:image:type\" content=\"image\/png\" \/>\n<meta name=\"author\" content=\"Etienne Goursaud\" \/>\n<meta name=\"twitter:card\" content=\"summary_large_image\" \/>\n<meta name=\"twitter:title\" content=\"IBU Cup 2023\/2024 : Oscar Lombardot troisi\u00e8me du sprint \u00e0 Idre Fj\u00e4ll\" \/>\n<meta name=\"twitter:creator\" content=\"@dicodusport\" \/>\n<meta name=\"twitter:site\" content=\"@dicodusport\" \/>\n<script type=\"application\/ld+json\" class=\"yoast-schema-graph\">{\"@context\":\"https:\/\/schema.org\",\"@graph\":[{\"@type\":\"NewsArticle\",\"@id\":\"https:\/\/dicodusport.fr\/blog\/ibu-cup-2023-2024-oscar-lombardot-troisieme-du-sprint-a-idre-fjall\/#article\",\"isPartOf\":{\"@id\":\"https:\/\/dicodusport.fr\/blog\/ibu-cup-2023-2024-oscar-lombardot-troisieme-du-sprint-a-idre-fjall\/\"},\"author\":{\"name\":\"Etienne Goursaud\",\"@id\":\"https:\/\/dicodusport.fr\/blog\/#\/schema\/person\/d603dd7da31fb2b46c82b9835a77ec13\"},\"headline\":\"IBU Cup 2023\/2024 : Oscar Lombardot troisi\u00e8me du sprint \u00e0 Idre Fj\u00e4ll\",\"datePublished\":\"2023-12-09T12:17:34+00:00\",\"mainEntityOfPage\":{\"@id\":\"https:\/\/dicodusport.fr\/blog\/ibu-cup-2023-2024-oscar-lombardot-troisieme-du-sprint-a-idre-fjall\/\"},\"wordCount\":275,\"commentCount\":0,\"publisher\":{\"@id\":\"https:\/\/dicodusport.fr\/blog\/#organization\"},\"image\":{\"@id\":\"https:\/\/dicodusport.fr\/blog\/ibu-cup-2023-2024-oscar-lombardot-troisieme-du-sprint-a-idre-fjall\/#primaryimage\"},\"thumbnailUrl\":\"https:\/\/dicodusport.fr\/blog\/wp-content\/uploads\/2023\/12\/IBU-Cup-20232024-Oscar-Lombardot-troisieme-du-sprint-a-Idre-Fjall.png\",\"keywords\":[\"biathlon fran\u00e7ais\",\"br\u00e8ve\",\"Oscar Lombardot\"],\"articleSection\":[\"Biathlon\"],\"inLanguage\":\"fr-FR\",\"potentialAction\":[{\"@type\":\"CommentAction\",\"name\":\"Comment\",\"target\":[\"https:\/\/dicodusport.fr\/blog\/ibu-cup-2023-2024-oscar-lombardot-troisieme-du-sprint-a-idre-fjall\/#respond\"]}],\"copyrightYear\":\"2023\",\"copyrightHolder\":{\"@id\":\"https:\/\/dicodusport.fr\/blog\/#organization\"}},{\"@type\":\"WebPage\",\"@id\":\"https:\/\/dicodusport.fr\/blog\/ibu-cup-2023-2024-oscar-lombardot-troisieme-du-sprint-a-idre-fjall\/\",\"url\":\"https:\/\/dicodusport.fr\/blog\/ibu-cup-2023-2024-oscar-lombardot-troisieme-du-sprint-a-idre-fjall\/\",\"name\":\"IBU Cup 2023\/2024 : Oscar Lombardot troisi\u00e8me du sprint \u00e0 Idre Fj\u00e4ll\",\"isPartOf\":{\"@id\":\"https:\/\/dicodusport.fr\/blog\/#website\"},\"primaryImageOfPage\":{\"@id\":\"https:\/\/dicodusport.fr\/blog\/ibu-cup-2023-2024-oscar-lombardot-troisieme-du-sprint-a-idre-fjall\/#primaryimage\"},\"image\":{\"@id\":\"https:\/\/dicodusport.fr\/blog\/ibu-cup-2023-2024-oscar-lombardot-troisieme-du-sprint-a-idre-fjall\/#primaryimage\"},\"thumbnailUrl\":\"https:\/\/dicodusport.fr\/blog\/wp-content\/uploads\/2023\/12\/IBU-Cup-20232024-Oscar-Lombardot-troisieme-du-sprint-a-Idre-Fjall.png\",\"datePublished\":\"2023-12-09T12:17:34+00:00\",\"description\":\"IBU CUP SAISON 2023\/2024 - Oscar Lombardot signe le premier podium des hommes sur le sprint \u00e0 Idre Fj\u00e4ll avec sa 3e place.\",\"breadcrumb\":{\"@id\":\"https:\/\/dicodusport.fr\/blog\/ibu-cup-2023-2024-oscar-lombardot-troisieme-du-sprint-a-idre-fjall\/#breadcrumb\"},\"inLanguage\":\"fr-FR\",\"potentialAction\":[{\"@type\":\"ReadAction\",\"target\":[\"https:\/\/dicodusport.fr\/blog\/ibu-cup-2023-2024-oscar-lombardot-troisieme-du-sprint-a-idre-fjall\/\"]}]},{\"@type\":\"ImageObject\",\"inLanguage\":\"fr-FR\",\"@id\":\"https:\/\/dicodusport.fr\/blog\/ibu-cup-2023-2024-oscar-lombardot-troisieme-du-sprint-a-idre-fjall\/#primaryimage\",\"url\":\"https:\/\/dicodusport.fr\/blog\/wp-content\/uploads\/2023\/12\/IBU-Cup-20232024-Oscar-Lombardot-troisieme-du-sprint-a-Idre-Fjall.png\",\"contentUrl\":\"https:\/\/dicodusport.fr\/blog\/wp-content\/uploads\/2023\/12\/IBU-Cup-20232024-Oscar-Lombardot-troisieme-du-sprint-a-Idre-Fjall.png\",\"width\":1200,\"height\":674,\"caption\":\"IBU Cup 20232024 Oscar Lombardot troisi\u00e8me du sprint \u00e0 Idre Fj\u00e4ll\"},{\"@type\":\"BreadcrumbList\",\"@id\":\"https:\/\/dicodusport.fr\/blog\/ibu-cup-2023-2024-oscar-lombardot-troisieme-du-sprint-a-idre-fjall\/#breadcrumb\",\"itemListElement\":[{\"@type\":\"ListItem\",\"position\":1,\"name\":\"Accueil\",\"item\":\"https:\/\/dicodusport.fr\/blog\/\"},{\"@type\":\"ListItem\",\"position\":2,\"name\":\"IBU Cup 2023\/2024 : Oscar Lombardot troisi\u00e8me du sprint \u00e0 Idre Fj\u00e4ll\"}]},{\"@type\":\"WebSite\",\"@id\":\"https:\/\/dicodusport.fr\/blog\/#website\",\"url\":\"https:\/\/dicodusport.fr\/blog\/\",\"name\":\"Dicodusport\",\"description\":\"L&#039;encyclop\u00e9die de l&#039;actualit\u00e9 sportive\",\"publisher\":{\"@id\":\"https:\/\/dicodusport.fr\/blog\/#organization\"},\"potentialAction\":[{\"@type\":\"SearchAction\",\"target\":{\"@type\":\"EntryPoint\",\"urlTemplate\":\"https:\/\/dicodusport.fr\/blog\/?s={search_term_string}\"},\"query-input\":{\"@type\":\"PropertyValueSpecification\",\"valueRequired\":true,\"valueName\":\"search_term_string\"}}],\"inLanguage\":\"fr-FR\"},{\"@type\":\"NewsMediaOrganization\",\"@id\":\"https:\/\/dicodusport.fr\/blog\/#organization\",\"name\":\"Dicodusport\",\"url\":\"https:\/\/dicodusport.fr\/blog\/\",\"logo\":{\"@type\":\"ImageObject\",\"inLanguage\":\"fr-FR\",\"@id\":\"https:\/\/dicodusport.fr\/blog\/#\/schema\/logo\/image\/\",\"url\":\"https:\/\/dicodusport.fr\/blog\/wp-content\/uploads\/2020\/06\/cropped-LOGO-DICODUSPORT-2020-SANS-FOND-SANS-TEXTE.png\",\"contentUrl\":\"https:\/\/dicodusport.fr\/blog\/wp-content\/uploads\/2020\/06\/cropped-LOGO-DICODUSPORT-2020-SANS-FOND-SANS-TEXTE.png\",\"width\":512,\"height\":512,\"caption\":\"Dicodusport\"},\"image\":{\"@id\":\"https:\/\/dicodusport.fr\/blog\/#\/schema\/logo\/image\/\"},\"sameAs\":[\"https:\/\/www.facebook.com\/dicodusport\",\"https:\/\/x.com\/dicodusport\",\"https:\/\/www.instagram.com\/dicodusport\/\",\"https:\/\/www.youtube.com\/channel\/UC7V2KZ5sd3htJivAbA4ZG3w\"],\"description\":\"Dicodusport est l'encyclop\u00e9die de l'actualit\u00e9 sportive.\",\"email\":\"bonjour@dicodusport.fr\",\"legalName\":\"DICODUSPORT\",\"foundingDate\":\"2018-01-14\",\"vatID\":\"FR71834470973\",\"taxID\":\"83447097300043\",\"numberOfEmployees\":{\"@type\":\"QuantitativeValue\",\"minValue\":\"1\",\"maxValue\":\"10\"}},{\"@type\":\"Person\",\"@id\":\"https:\/\/dicodusport.fr\/blog\/#\/schema\/person\/d603dd7da31fb2b46c82b9835a77ec13\",\"name\":\"Etienne Goursaud\",\"image\":{\"@type\":\"ImageObject\",\"inLanguage\":\"fr-FR\",\"@id\":\"https:\/\/dicodusport.fr\/blog\/#\/schema\/person\/image\/\",\"url\":\"https:\/\/dicodusport.fr\/blog\/wp-content\/uploads\/2023\/12\/410122264_10231602061736049_5565839791558026645_n-150x150.jpg\",\"contentUrl\":\"https:\/\/dicodusport.fr\/blog\/wp-content\/uploads\/2023\/12\/410122264_10231602061736049_5565839791558026645_n-150x150.jpg\",\"caption\":\"Etienne Goursaud\"},\"description\":\"Journaliste et amoureux de sport. Ancien footballeur reconverti athl\u00e8te quand ses muscles le laissent tranquille. \u00c9lev\u00e9 \u00e0 la sauce des exploits de Thomas Voeckler en 2004, du dernier essai de l\u00e9gende de Eunice Barber \u00e0 la longueur lors des championnats du monde d'athl\u00e9tisme de 2003 mais aussi Zidane, Omeyer et Titou Lamaison.\",\"url\":\"https:\/\/dicodusport.fr\/blog\/author\/etienne-goursaud\/\"}]}<\/script>\n<!-- \/ Yoast SEO Premium plugin. -->","yoast_head_json":{"title":"IBU Cup 2023\/2024 : Oscar Lombardot troisi\u00e8me du sprint \u00e0 Idre Fj\u00e4ll","description":"IBU CUP SAISON 2023\/2024 - Oscar Lombardot signe le premier podium des hommes sur le sprint \u00e0 Idre Fj\u00e4ll avec sa 3e place.","robots":{"index":"index","follow":"follow","max-snippet":"max-snippet:-1","max-image-preview":"max-image-preview:large","max-video-preview":"max-video-preview:-1"},"canonical":"https:\/\/dicodusport.fr\/blog\/ibu-cup-2023-2024-oscar-lombardot-troisieme-du-sprint-a-idre-fjall\/","og_locale":"fr_FR","og_type":"article","og_title":"IBU Cup 2023\/2024 : Oscar Lombardot troisi\u00e8me du sprint \u00e0 Idre Fj\u00e4ll","og_description":"IBU CUP SAISON 2023\/2024 - Oscar Lombardot signe le premier podium des hommes sur le sprint \u00e0 Idre Fj\u00e4ll avec sa 3e place.","og_url":"https:\/\/dicodusport.fr\/blog\/ibu-cup-2023-2024-oscar-lombardot-troisieme-du-sprint-a-idre-fjall\/","og_site_name":"Dicodusport","article_publisher":"https:\/\/www.facebook.com\/dicodusport","article_published_time":"2023-12-09T12:17:34+00:00","og_image":[{"width":1200,"height":674,"url":"https:\/\/dicodusport.fr\/blog\/wp-content\/uploads\/2023\/12\/IBU-Cup-20232024-Oscar-Lombardot-troisieme-du-sprint-a-Idre-Fjall.png","type":"image\/png"}],"author":"Etienne Goursaud","twitter_card":"summary_large_image","twitter_title":"IBU Cup 2023\/2024 : Oscar Lombardot troisi\u00e8me du sprint \u00e0 Idre Fj\u00e4ll","twitter_creator":"@dicodusport","twitter_site":"@dicodusport","schema":{"@context":"https:\/\/schema.org","@graph":[{"@type":"NewsArticle","@id":"https:\/\/dicodusport.fr\/blog\/ibu-cup-2023-2024-oscar-lombardot-troisieme-du-sprint-a-idre-fjall\/#article","isPartOf":{"@id":"https:\/\/dicodusport.fr\/blog\/ibu-cup-2023-2024-oscar-lombardot-troisieme-du-sprint-a-idre-fjall\/"},"author":{"name":"Etienne Goursaud","@id":"https:\/\/dicodusport.fr\/blog\/#\/schema\/person\/d603dd7da31fb2b46c82b9835a77ec13"},"headline":"IBU Cup 2023\/2024 : Oscar Lombardot troisi\u00e8me du sprint \u00e0 Idre Fj\u00e4ll","datePublished":"2023-12-09T12:17:34+00:00","mainEntityOfPage":{"@id":"https:\/\/dicodusport.fr\/blog\/ibu-cup-2023-2024-oscar-lombardot-troisieme-du-sprint-a-idre-fjall\/"},"wordCount":275,"commentCount":0,"publisher":{"@id":"https:\/\/dicodusport.fr\/blog\/#organization"},"image":{"@id":"https:\/\/dicodusport.fr\/blog\/ibu-cup-2023-2024-oscar-lombardot-troisieme-du-sprint-a-idre-fjall\/#primaryimage"},"thumbnailUrl":"https:\/\/dicodusport.fr\/blog\/wp-content\/uploads\/2023\/12\/IBU-Cup-20232024-Oscar-Lombardot-troisieme-du-sprint-a-Idre-Fjall.png","keywords":["biathlon fran\u00e7ais","br\u00e8ve","Oscar Lombardot"],"articleSection":["Biathlon"],"inLanguage":"fr-FR","potentialAction":[{"@type":"CommentAction","name":"Comment","target":["https:\/\/dicodusport.fr\/blog\/ibu-cup-2023-2024-oscar-lombardot-troisieme-du-sprint-a-idre-fjall\/#respond"]}],"copyrightYear":"2023","copyrightHolder":{"@id":"https:\/\/dicodusport.fr\/blog\/#organization"}},{"@type":"WebPage","@id":"https:\/\/dicodusport.fr\/blog\/ibu-cup-2023-2024-oscar-lombardot-troisieme-du-sprint-a-idre-fjall\/","url":"https:\/\/dicodusport.fr\/blog\/ibu-cup-2023-2024-oscar-lombardot-troisieme-du-sprint-a-idre-fjall\/","name":"IBU Cup 2023\/2024 : Oscar Lombardot troisi\u00e8me du sprint \u00e0 Idre Fj\u00e4ll","isPartOf":{"@id":"https:\/\/dicodusport.fr\/blog\/#website"},"primaryImageOfPage":{"@id":"https:\/\/dicodusport.fr\/blog\/ibu-cup-2023-2024-oscar-lombardot-troisieme-du-sprint-a-idre-fjall\/#primaryimage"},"image":{"@id":"https:\/\/dicodusport.fr\/blog\/ibu-cup-2023-2024-oscar-lombardot-troisieme-du-sprint-a-idre-fjall\/#primaryimage"},"thumbnailUrl":"https:\/\/dicodusport.fr\/blog\/wp-content\/uploads\/2023\/12\/IBU-Cup-20232024-Oscar-Lombardot-troisieme-du-sprint-a-Idre-Fjall.png","datePublished":"2023-12-09T12:17:34+00:00","description":"IBU CUP SAISON 2023\/2024 - Oscar Lombardot signe le premier podium des hommes sur le sprint \u00e0 Idre Fj\u00e4ll avec sa 3e place.","breadcrumb":{"@id":"https:\/\/dicodusport.fr\/blog\/ibu-cup-2023-2024-oscar-lombardot-troisieme-du-sprint-a-idre-fjall\/#breadcrumb"},"inLanguage":"fr-FR","potentialAction":[{"@type":"ReadAction","target":["https:\/\/dicodusport.fr\/blog\/ibu-cup-2023-2024-oscar-lombardot-troisieme-du-sprint-a-idre-fjall\/"]}]},{"@type":"ImageObject","inLanguage":"fr-FR","@id":"https:\/\/dicodusport.fr\/blog\/ibu-cup-2023-2024-oscar-lombardot-troisieme-du-sprint-a-idre-fjall\/#primaryimage","url":"https:\/\/dicodusport.fr\/blog\/wp-content\/uploads\/2023\/12\/IBU-Cup-20232024-Oscar-Lombardot-troisieme-du-sprint-a-Idre-Fjall.png","contentUrl":"https:\/\/dicodusport.fr\/blog\/wp-content\/uploads\/2023\/12\/IBU-Cup-20232024-Oscar-Lombardot-troisieme-du-sprint-a-Idre-Fjall.png","width":1200,"height":674,"caption":"IBU Cup 20232024 Oscar Lombardot troisi\u00e8me du sprint \u00e0 Idre Fj\u00e4ll"},{"@type":"BreadcrumbList","@id":"https:\/\/dicodusport.fr\/blog\/ibu-cup-2023-2024-oscar-lombardot-troisieme-du-sprint-a-idre-fjall\/#breadcrumb","itemListElement":[{"@type":"ListItem","position":1,"name":"Accueil","item":"https:\/\/dicodusport.fr\/blog\/"},{"@type":"ListItem","position":2,"name":"IBU Cup 2023\/2024 : Oscar Lombardot troisi\u00e8me du sprint \u00e0 Idre Fj\u00e4ll"}]},{"@type":"WebSite","@id":"https:\/\/dicodusport.fr\/blog\/#website","url":"https:\/\/dicodusport.fr\/blog\/","name":"Dicodusport","description":"L&#039;encyclop\u00e9die de l&#039;actualit\u00e9 sportive","publisher":{"@id":"https:\/\/dicodusport.fr\/blog\/#organization"},"potentialAction":[{"@type":"SearchAction","target":{"@type":"EntryPoint","urlTemplate":"https:\/\/dicodusport.fr\/blog\/?s={search_term_string}"},"query-input":{"@type":"PropertyValueSpecification","valueRequired":true,"valueName":"search_term_string"}}],"inLanguage":"fr-FR"},{"@type":"NewsMediaOrganization","@id":"https:\/\/dicodusport.fr\/blog\/#organization","name":"Dicodusport","url":"https:\/\/dicodusport.fr\/blog\/","logo":{"@type":"ImageObject","inLanguage":"fr-FR","@id":"https:\/\/dicodusport.fr\/blog\/#\/schema\/logo\/image\/","url":"https:\/\/dicodusport.fr\/blog\/wp-content\/uploads\/2020\/06\/cropped-LOGO-DICODUSPORT-2020-SANS-FOND-SANS-TEXTE.png","contentUrl":"https:\/\/dicodusport.fr\/blog\/wp-content\/uploads\/2020\/06\/cropped-LOGO-DICODUSPORT-2020-SANS-FOND-SANS-TEXTE.png","width":512,"height":512,"caption":"Dicodusport"},"image":{"@id":"https:\/\/dicodusport.fr\/blog\/#\/schema\/logo\/image\/"},"sameAs":["https:\/\/www.facebook.com\/dicodusport","https:\/\/x.com\/dicodusport","https:\/\/www.instagram.com\/dicodusport\/","https:\/\/www.youtube.com\/channel\/UC7V2KZ5sd3htJivAbA4ZG3w"],"description":"Dicodusport est l'encyclop\u00e9die de l'actualit\u00e9 sportive.","email":"bonjour@dicodusport.fr","legalName":"DICODUSPORT","foundingDate":"2018-01-14","vatID":"FR71834470973","taxID":"83447097300043","numberOfEmployees":{"@type":"QuantitativeValue","minValue":"1","maxValue":"10"}},{"@type":"Person","@id":"https:\/\/dicodusport.fr\/blog\/#\/schema\/person\/d603dd7da31fb2b46c82b9835a77ec13","name":"Etienne Goursaud","image":{"@type":"ImageObject","inLanguage":"fr-FR","@id":"https:\/\/dicodusport.fr\/blog\/#\/schema\/person\/image\/","url":"https:\/\/dicodusport.fr\/blog\/wp-content\/uploads\/2023\/12\/410122264_10231602061736049_5565839791558026645_n-150x150.jpg","contentUrl":"https:\/\/dicodusport.fr\/blog\/wp-content\/uploads\/2023\/12\/410122264_10231602061736049_5565839791558026645_n-150x150.jpg","caption":"Etienne Goursaud"},"description":"Journaliste et amoureux de sport. Ancien footballeur reconverti athl\u00e8te quand ses muscles le laissent tranquille. \u00c9lev\u00e9 \u00e0 la sauce des exploits de Thomas Voeckler en 2004, du dernier essai de l\u00e9gende de Eunice Barber \u00e0 la longueur lors des championnats du monde d'athl\u00e9tisme de 2003 mais aussi Zidane, Omeyer et Titou Lamaison.","url":"https:\/\/dicodusport.fr\/blog\/author\/etienne-goursaud\/"}]}},"_links":{"self":[{"href":"https:\/\/dicodusport.fr\/blog\/wp-json\/wp\/v2\/posts\/443874","targetHints":{"allow":["GET"]}}],"collection":[{"href":"https:\/\/dicodusport.fr\/blog\/wp-json\/wp\/v2\/posts"}],"about":[{"href":"https:\/\/dicodusport.fr\/blog\/wp-json\/wp\/v2\/types\/post"}],"author":[{"embeddable":true,"href":"https:\/\/dicodusport.fr\/blog\/wp-json\/wp\/v2\/users\/83"}],"replies":[{"embeddable":true,"href":"https:\/\/dicodusport.fr\/blog\/wp-json\/wp\/v2\/comments?post=443874"}],"version-history":[{"count":2,"href":"https:\/\/dicodusport.fr\/blog\/wp-json\/wp\/v2\/posts\/443874\/revisions"}],"predecessor-version":[{"id":443889,"href":"https:\/\/dicodusport.fr\/blog\/wp-json\/wp\/v2\/posts\/443874\/revisions\/443889"}],"wp:featuredmedia":[{"embeddable":true,"href":"https:\/\/dicodusport.fr\/blog\/wp-json\/wp\/v2\/media\/443888"}],"wp:attachment":[{"href":"https:\/\/dicodusport.fr\/blog\/wp-json\/wp\/v2\/media?parent=443874"}],"wp:term":[{"taxonomy":"category","embeddable":true,"href":"https:\/\/dicodusport.fr\/blog\/wp-json\/wp\/v2\/categories?post=443874"},{"taxonomy":"post_tag","embeddable":true,"href":"https:\/\/dicodusport.fr\/blog\/wp-json\/wp\/v2\/tags?post=443874"}],"curies":[{"name":"wp","href":"https:\/\/api.w.org\/{rel}","templated":true}]}}