{"id":444237,"date":"2023-12-10T12:49:50","date_gmt":"2023-12-10T11:49:50","guid":{"rendered":"https:\/\/dicodusport.fr\/blog\/?p=444237&#038;preview=true&#038;preview_id=444237"},"modified":"2023-12-10T19:32:54","modified_gmt":"2023-12-10T18:32:54","slug":"relais-hommes-hochfilzen-2023-la-france-assure-la-2eme-place-derriere-la-norvege","status":"publish","type":"post","link":"https:\/\/dicodusport.fr\/blog\/relais-hommes-hochfilzen-2023-la-france-assure-la-2eme-place-derriere-la-norvege\/","title":{"rendered":"Relais hommes Hochfilzen 2023 : La France assure la 2\u00e8me place derri\u00e8re la Norv\u00e8ge"},"content":{"rendered":"<p style=\"text-align: justify;\"><strong><em><a href=\"https:\/\/dicodusport.fr\/blog\/biathlon-hochfilzen-2023-programme-horaires-et-resultats\/\">BIATHLON COUPE DU MONDE D\u2019HOCHFILZEN 2023<\/a> &#8211; Dans une course vite ma\u00eetris\u00e9e par la Norv\u00e8ge, la France a pris une belle 2<sup>\u00e8me<\/sup> place, l&rsquo;Allemagne compl\u00e8te le podium.<\/em><\/strong><\/p>\n<ul>\n<li style=\"text-align: justify;\"><strong>\u00c0 ce sujet \u2013 <a href=\"https:\/\/dicodusport.fr\/blog\/biathlon-hochfilzen-2023-classement-relais-hommes\/\">Classement du relais hommes d&rsquo;Hochfilzen<\/a><\/strong><\/li>\n<\/ul>\n<h2 style=\"text-align: justify;\">Un d\u00e9but de course presque id\u00e9al pour la France<\/h2>\n<p style=\"text-align: justify;\">Lors du premier relais, <strong>\u00c9ric Perrot<\/strong> lance parfaitement le premier \u00e9tage de la fus\u00e9e fran\u00e7aise avec un 10\/10, le seul parmi les nations favorites. <strong>Sturla Laegreid<\/strong> maintient la Norv\u00e8ge dans le coup avec une seule pioche, <strong>Emil Nykvist<\/strong> limite la casse pour la Su\u00e8de avec 2 pioches et 28 secondes de retard sur la France au passage de relais. La Suisse, la Slov\u00e9nie et la Finlande sont en embuscade. <strong>David Zobel<\/strong> a par contre mis l&rsquo;Allemagne dans de beaux draps avec un tour de p\u00e9nalit\u00e9 et pr\u00e8s d&rsquo;une minute de retard.<\/p>\n<p style=\"text-align: justify;\">C&rsquo;est <strong>\u00c9milien Jacquelin<\/strong> qui prend donc le d\u00e9part de la 2<sup>\u00e8me<\/sup> salve de biathl\u00e8tes, avec neuf secondes d&rsquo;avance sur <strong>Tarjei Boe<\/strong>. L&rsquo;\u00e9cart se r\u00e9duit l\u00e9g\u00e8rement apr\u00e8s le tir couch\u00e9, \u00e0 cause d&rsquo;une petite pioche pour le Fran\u00e7ais malgr\u00e9 un tir rapide. Derri\u00e8re, <strong>Jakov Fak<\/strong> craque compl\u00e8tement et part 5 fois sur l&rsquo;anneau de p\u00e9nalit\u00e9, an\u00e9antissant la course de la Slov\u00e9nie. La Su\u00e8de, la Suisse, la Finlande et l&rsquo;Ukraine sont en embuscade.<\/p>\n<p style=\"text-align: justify;\">Lors du tir debout, l&rsquo;Is\u00e9rois remet le couvert avec une pioche et un tir supersonique, reprenant ainsi 12 secondes d&rsquo;avance sur Boe qui commet \u00e9galement une erreur. <strong>Sebastian Samuelsson<\/strong> a besoin de 2 pioches pour blanchir ses 5 cibles, il ressort \u00e0 35 secondes de Jacquelin, au coude \u00e0 coude avec l&rsquo;Ukraine et la Finlande. L&rsquo;Allemagne est toujours \u00e0 plus d&rsquo;une minute. Malheureusement, le dernier tour se passe mal pour <strong>\u00c9milien Jacquelin<\/strong>, qui se fait manger par <strong>Tarjei Boe<\/strong> et c\u00e8de la premi\u00e8re place de ce relais hommes d&rsquo;Hochfilzen.<\/p>\n<h2 style=\"text-align: justify;\">Johannes Boe creuse l&rsquo;\u00e9cart malgr\u00e9 plusieurs fautes<\/h2>\n<p style=\"text-align: justify;\"><strong>Johannes Boe<\/strong> s&rsquo;\u00e9lance avec 6 secondes d&rsquo;avance sur <strong>Fabien Claude<\/strong> et 33 secondes sur le Su\u00e9dois <strong>Oskar Brandt<\/strong>, l&rsquo;Allemagne de <strong>Philipp Nawrath<\/strong> est \u00e0 1 minute et 8 secondes. L&rsquo;\u00e9cart grandit \u00e0 24 secondes pour la Norv\u00e8ge \u00e0 l&rsquo;arriv\u00e9e sur le pas de tir, mais Johannes Boe va manquer ses deux premi\u00e8res cibles, l&rsquo;obligeant \u00e0 cliquer et \u00e0 perdre \u00e9norm\u00e9ment de temps. <strong>Fabien Claude<\/strong> en profite et ressort dans les skis de Johannes avec un magnifique 5\/5. L&rsquo;Allemagne se replace d\u00e9j\u00e0 et d\u00e9passe la Su\u00e8de, qui a eu besoin de 3 pioches, et l&rsquo;Ukraine d&rsquo;<strong>Artem Pryma<\/strong>. Le Finlandais<strong> Jonni Mukkala<\/strong> compl\u00e8te le top 6.<\/p>\n<p style=\"text-align: justify;\">Le suspense pour la victoire est clos d\u00e8s ce tir debout ! Johannes Boe, malgr\u00e9 une pioche, sort un tir rapide qui lui permet de prendre 38 secondes d&rsquo;avance sur <strong>Fabien Claude<\/strong>, un \u00e9cart qui va grandir sur la piste. Le Fran\u00e7ais a eu besoin de ses 3 balles de pioche pour ne pas aller tourner, au contraire de Philipp Nawrath qui continue sa belle course. L&rsquo;Allemand se replace \u00e0 30 secondes du Vosgien et prend une vingtaine de secondes d&rsquo;avance sur le reste du peloton, compos\u00e9 de l&rsquo;Ukraine, l&rsquo;Italie et l&rsquo;Autriche. Oskar Brandt ressort \u00e0 2 minutes 30 \u00e0 cause de ses 2 tours de p\u00e9nalit\u00e9, la Su\u00e8de sort de la course au podium.<\/p>\n<h2 style=\"text-align: justify;\">La France assure le podium<\/h2>\n<p style=\"text-align: justify;\">Sur le premier tour de ce dernier relais, <strong>Quentin Fillon Maillet<\/strong> parvient \u00e0 reprendre quelques secondes \u00e0 <strong>Vetle Christiansen<\/strong>, qui rentre toutefois sur le pas de tir avec 51 secondes d&rsquo;avance. 5\/5 pour le Norv\u00e9gien et une pioche pour le Fran\u00e7ais, qui ressort \u00e0 57 secondes apr\u00e8s s&rsquo;\u00eatre bien repris. Quarante secondes derri\u00e8re la Jurassien, <strong>Benedikt Doll<\/strong> va devoir batailler pour garder sa 3<sup>\u00e8me<\/sup> place, avec un <strong>Lukas Hofer<\/strong> tr\u00e8s en forme en embuscade pour l&rsquo;Italie.<\/p>\n<p style=\"text-align: justify;\">Le dernier tir est une formalit\u00e9 pour la Norv\u00e8ge et la France avec deux sans-fautes, ce qui cl\u00f4t d\u00e9finitivement le suspens pour la 1<sup>\u00e8re<\/sup> et la 2<sup>\u00e8me<\/sup> place. Plus rapide \u00e0 tirer, Luka Hofer a tent\u00e9 de mettre la pression \u00e0 Benedikt Doll mais se fait prendre \u00e0 son propre pi\u00e8ge. Il doit se servir ainsi de ses trois balles de pioches alors que l&rsquo;Allemand a r\u00e9alis\u00e9 tranquillement le 5\/5 qui lui assure la 3<sup>\u00e8me<\/sup> place de ce relais hommes. L&rsquo;Italie est 4<sup>\u00e8me<\/sup>, l&rsquo;Ukraine 5<sup>\u00e8me<\/sup> et la Su\u00e8de 6<sup>\u00e8me<\/sup>.<\/p>\n","protected":false},"excerpt":{"rendered":"<p>BIATHLON COUPE DU MONDE D\u2019HOCHFILZEN 2023 &#8211; Dans une course vite ma\u00eetris\u00e9e par la Norv\u00e8ge, la France a pris une belle 2\u00e8me place, l&rsquo;Allemagne compl\u00e8te le podium.<\/p>\n","protected":false},"author":21,"featured_media":444330,"comment_status":"open","ping_status":"closed","sticky":false,"template":"","format":"standard","meta":{"_acf_changed":false,"_daextam_enable_autolinks":"1","footnotes":""},"categories":[47040],"tags":[16878,6898,29802,24],"class_list":["post-444237","post","type-post","status-publish","format-standard","has-post-thumbnail","hentry","category-coupe-du-monde-de-biathlon","tag-breve","tag-hochfilzen","tag-relais-biathlon","tag-sport"],"acf":[],"yoast_head":"<!-- This site is optimized with the Yoast SEO Premium plugin v26.7 (Yoast SEO v26.7) - https:\/\/yoast.com\/wordpress\/plugins\/seo\/ -->\n<title>Relais hommes Hochfilzen 2023 : La France assure la 2\u00e8me place derri\u00e8re la Norv\u00e8ge<\/title>\n<meta name=\"description\" content=\"BIATHLON COUPE DU MONDE D\u2019HOCHFILZEN 2023 - Dans une course vite ma\u00eetris\u00e9e par la Norv\u00e8ge, la France a pris une belle 2\u00e8me place.\" \/>\n<meta name=\"robots\" content=\"index, follow, max-snippet:-1, max-image-preview:large, max-video-preview:-1\" \/>\n<link rel=\"canonical\" href=\"https:\/\/dicodusport.fr\/blog\/relais-hommes-hochfilzen-2023-la-france-assure-la-2eme-place-derriere-la-norvege\/\" \/>\n<meta property=\"og:locale\" content=\"fr_FR\" \/>\n<meta property=\"og:type\" content=\"article\" \/>\n<meta property=\"og:title\" content=\"Relais hommes Hochfilzen 2023 : La France assure la 2\u00e8me place derri\u00e8re la Norv\u00e8ge\" \/>\n<meta property=\"og:description\" content=\"BIATHLON COUPE DU MONDE D\u2019HOCHFILZEN 2023 - Dans une course vite ma\u00eetris\u00e9e par la Norv\u00e8ge, la France a pris une belle 2\u00e8me place.\" \/>\n<meta property=\"og:url\" content=\"https:\/\/dicodusport.fr\/blog\/relais-hommes-hochfilzen-2023-la-france-assure-la-2eme-place-derriere-la-norvege\/\" \/>\n<meta property=\"og:site_name\" content=\"Dicodusport\" \/>\n<meta property=\"article:publisher\" content=\"https:\/\/www.facebook.com\/dicodusport\" \/>\n<meta property=\"article:published_time\" content=\"2023-12-10T11:49:50+00:00\" \/>\n<meta property=\"article:modified_time\" content=\"2023-12-10T18:32:54+00:00\" \/>\n<meta property=\"og:image\" content=\"https:\/\/dicodusport.fr\/blog\/wp-content\/uploads\/2023\/12\/Relais-hommes-Hochfilzen-2023-La-France-assure-la-2eme-place-derriere-la-Norvege-1.png\" \/>\n\t<meta property=\"og:image:width\" content=\"1200\" \/>\n\t<meta property=\"og:image:height\" content=\"674\" \/>\n\t<meta property=\"og:image:type\" content=\"image\/png\" \/>\n<meta name=\"author\" content=\"Mathieu Veillon\" \/>\n<meta name=\"twitter:card\" content=\"summary_large_image\" \/>\n<meta name=\"twitter:title\" content=\"Relais hommes Hochfilzen 2023 : La France assure la 2\u00e8me place derri\u00e8re la Norv\u00e8ge\" \/>\n<meta name=\"twitter:creator\" content=\"@https:\/\/twitter.com\/MathieuVeillon\" \/>\n<meta name=\"twitter:site\" content=\"@dicodusport\" \/>\n<script type=\"application\/ld+json\" class=\"yoast-schema-graph\">{\"@context\":\"https:\/\/schema.org\",\"@graph\":[{\"@type\":\"NewsArticle\",\"@id\":\"https:\/\/dicodusport.fr\/blog\/relais-hommes-hochfilzen-2023-la-france-assure-la-2eme-place-derriere-la-norvege\/#article\",\"isPartOf\":{\"@id\":\"https:\/\/dicodusport.fr\/blog\/relais-hommes-hochfilzen-2023-la-france-assure-la-2eme-place-derriere-la-norvege\/\"},\"author\":{\"name\":\"Mathieu Veillon\",\"@id\":\"https:\/\/dicodusport.fr\/blog\/#\/schema\/person\/9731cdc747db1ceb457a2bfa9180a806\"},\"headline\":\"Relais hommes Hochfilzen 2023 : La France assure la 2\u00e8me place derri\u00e8re la Norv\u00e8ge\",\"datePublished\":\"2023-12-10T11:49:50+00:00\",\"dateModified\":\"2023-12-10T18:32:54+00:00\",\"mainEntityOfPage\":{\"@id\":\"https:\/\/dicodusport.fr\/blog\/relais-hommes-hochfilzen-2023-la-france-assure-la-2eme-place-derriere-la-norvege\/\"},\"wordCount\":750,\"commentCount\":0,\"publisher\":{\"@id\":\"https:\/\/dicodusport.fr\/blog\/#organization\"},\"image\":{\"@id\":\"https:\/\/dicodusport.fr\/blog\/relais-hommes-hochfilzen-2023-la-france-assure-la-2eme-place-derriere-la-norvege\/#primaryimage\"},\"thumbnailUrl\":\"https:\/\/dicodusport.fr\/blog\/wp-content\/uploads\/2023\/12\/Relais-hommes-Hochfilzen-2023-La-France-assure-la-2eme-place-derriere-la-Norvege-1.png\",\"keywords\":[\"br\u00e8ve\",\"Hochfilzen\",\"relais biathlon\",\"sport\"],\"articleSection\":[\"Coupe du monde de biathlon\"],\"inLanguage\":\"fr-FR\",\"potentialAction\":[{\"@type\":\"CommentAction\",\"name\":\"Comment\",\"target\":[\"https:\/\/dicodusport.fr\/blog\/relais-hommes-hochfilzen-2023-la-france-assure-la-2eme-place-derriere-la-norvege\/#respond\"]}],\"copyrightYear\":\"2023\",\"copyrightHolder\":{\"@id\":\"https:\/\/dicodusport.fr\/blog\/#organization\"}},{\"@type\":\"WebPage\",\"@id\":\"https:\/\/dicodusport.fr\/blog\/relais-hommes-hochfilzen-2023-la-france-assure-la-2eme-place-derriere-la-norvege\/\",\"url\":\"https:\/\/dicodusport.fr\/blog\/relais-hommes-hochfilzen-2023-la-france-assure-la-2eme-place-derriere-la-norvege\/\",\"name\":\"Relais hommes Hochfilzen 2023 : La France assure la 2\u00e8me place derri\u00e8re la Norv\u00e8ge\",\"isPartOf\":{\"@id\":\"https:\/\/dicodusport.fr\/blog\/#website\"},\"primaryImageOfPage\":{\"@id\":\"https:\/\/dicodusport.fr\/blog\/relais-hommes-hochfilzen-2023-la-france-assure-la-2eme-place-derriere-la-norvege\/#primaryimage\"},\"image\":{\"@id\":\"https:\/\/dicodusport.fr\/blog\/relais-hommes-hochfilzen-2023-la-france-assure-la-2eme-place-derriere-la-norvege\/#primaryimage\"},\"thumbnailUrl\":\"https:\/\/dicodusport.fr\/blog\/wp-content\/uploads\/2023\/12\/Relais-hommes-Hochfilzen-2023-La-France-assure-la-2eme-place-derriere-la-Norvege-1.png\",\"datePublished\":\"2023-12-10T11:49:50+00:00\",\"dateModified\":\"2023-12-10T18:32:54+00:00\",\"description\":\"BIATHLON COUPE DU MONDE D\u2019HOCHFILZEN 2023 - Dans une course vite ma\u00eetris\u00e9e par la Norv\u00e8ge, la France a pris une belle 2\u00e8me place.\",\"breadcrumb\":{\"@id\":\"https:\/\/dicodusport.fr\/blog\/relais-hommes-hochfilzen-2023-la-france-assure-la-2eme-place-derriere-la-norvege\/#breadcrumb\"},\"inLanguage\":\"fr-FR\",\"potentialAction\":[{\"@type\":\"ReadAction\",\"target\":[\"https:\/\/dicodusport.fr\/blog\/relais-hommes-hochfilzen-2023-la-france-assure-la-2eme-place-derriere-la-norvege\/\"]}]},{\"@type\":\"ImageObject\",\"inLanguage\":\"fr-FR\",\"@id\":\"https:\/\/dicodusport.fr\/blog\/relais-hommes-hochfilzen-2023-la-france-assure-la-2eme-place-derriere-la-norvege\/#primaryimage\",\"url\":\"https:\/\/dicodusport.fr\/blog\/wp-content\/uploads\/2023\/12\/Relais-hommes-Hochfilzen-2023-La-France-assure-la-2eme-place-derriere-la-Norvege-1.png\",\"contentUrl\":\"https:\/\/dicodusport.fr\/blog\/wp-content\/uploads\/2023\/12\/Relais-hommes-Hochfilzen-2023-La-France-assure-la-2eme-place-derriere-la-Norvege-1.png\",\"width\":1200,\"height\":674,\"caption\":\"Relais hommes Hochfilzen 2023 La France assure la 2\u00e8me place derri\u00e8re la Norv\u00e8ge (1)\"},{\"@type\":\"BreadcrumbList\",\"@id\":\"https:\/\/dicodusport.fr\/blog\/relais-hommes-hochfilzen-2023-la-france-assure-la-2eme-place-derriere-la-norvege\/#breadcrumb\",\"itemListElement\":[{\"@type\":\"ListItem\",\"position\":1,\"name\":\"Accueil\",\"item\":\"https:\/\/dicodusport.fr\/blog\/\"},{\"@type\":\"ListItem\",\"position\":2,\"name\":\"Relais hommes Hochfilzen 2023 : La France assure la 2\u00e8me place derri\u00e8re la Norv\u00e8ge\"}]},{\"@type\":\"WebSite\",\"@id\":\"https:\/\/dicodusport.fr\/blog\/#website\",\"url\":\"https:\/\/dicodusport.fr\/blog\/\",\"name\":\"Dicodusport\",\"description\":\"L&#039;encyclop\u00e9die de l&#039;actualit\u00e9 sportive\",\"publisher\":{\"@id\":\"https:\/\/dicodusport.fr\/blog\/#organization\"},\"potentialAction\":[{\"@type\":\"SearchAction\",\"target\":{\"@type\":\"EntryPoint\",\"urlTemplate\":\"https:\/\/dicodusport.fr\/blog\/?s={search_term_string}\"},\"query-input\":{\"@type\":\"PropertyValueSpecification\",\"valueRequired\":true,\"valueName\":\"search_term_string\"}}],\"inLanguage\":\"fr-FR\"},{\"@type\":\"NewsMediaOrganization\",\"@id\":\"https:\/\/dicodusport.fr\/blog\/#organization\",\"name\":\"Dicodusport\",\"url\":\"https:\/\/dicodusport.fr\/blog\/\",\"logo\":{\"@type\":\"ImageObject\",\"inLanguage\":\"fr-FR\",\"@id\":\"https:\/\/dicodusport.fr\/blog\/#\/schema\/logo\/image\/\",\"url\":\"https:\/\/dicodusport.fr\/blog\/wp-content\/uploads\/2020\/06\/cropped-LOGO-DICODUSPORT-2020-SANS-FOND-SANS-TEXTE.png\",\"contentUrl\":\"https:\/\/dicodusport.fr\/blog\/wp-content\/uploads\/2020\/06\/cropped-LOGO-DICODUSPORT-2020-SANS-FOND-SANS-TEXTE.png\",\"width\":512,\"height\":512,\"caption\":\"Dicodusport\"},\"image\":{\"@id\":\"https:\/\/dicodusport.fr\/blog\/#\/schema\/logo\/image\/\"},\"sameAs\":[\"https:\/\/www.facebook.com\/dicodusport\",\"https:\/\/x.com\/dicodusport\",\"https:\/\/www.instagram.com\/dicodusport\/\",\"https:\/\/www.youtube.com\/channel\/UC7V2KZ5sd3htJivAbA4ZG3w\"],\"description\":\"Dicodusport est l'encyclop\u00e9die de l'actualit\u00e9 sportive.\",\"email\":\"bonjour@dicodusport.fr\",\"legalName\":\"DICODUSPORT\",\"foundingDate\":\"2018-01-14\",\"vatID\":\"FR71834470973\",\"taxID\":\"83447097300043\",\"numberOfEmployees\":{\"@type\":\"QuantitativeValue\",\"minValue\":\"1\",\"maxValue\":\"10\"}},{\"@type\":\"Person\",\"@id\":\"https:\/\/dicodusport.fr\/blog\/#\/schema\/person\/9731cdc747db1ceb457a2bfa9180a806\",\"name\":\"Mathieu Veillon\",\"image\":{\"@type\":\"ImageObject\",\"inLanguage\":\"fr-FR\",\"@id\":\"https:\/\/dicodusport.fr\/blog\/#\/schema\/person\/image\/\",\"url\":\"https:\/\/dicodusport.fr\/blog\/wp-content\/uploads\/2021\/05\/Mathieu-Veillon-150x150.jpg\",\"contentUrl\":\"https:\/\/dicodusport.fr\/blog\/wp-content\/uploads\/2021\/05\/Mathieu-Veillon-150x150.jpg\",\"caption\":\"Mathieu Veillon\"},\"description\":\"Journaliste\/r\u00e9dacteur depuis septembre 2015 - Ma d\u00e9finition du bonheur ? Une galette-saucisse au Roazhon Park ou un caf\u00e9 devant un Lakers\/Celtics au petit matin. Fid\u00e8le membre de la team insomniaque de la r\u00e9dac, j\u2019ai le pouvoir de rester \u00e9veill\u00e9 jusqu\u2019\u00e0 l\u2019aube pour faire vivre aux lecteurs ma passion du sport. Ainsi, j\u2019\u00e9cris principalement sur la NBA, le biathlon, le cyclisme ou encore la F1. Comptez dans mes exploits sportifs le fait d\u2019avoir fait gagner le Tour de France 2018 \u00e0 Tony Gallopin sur Pro Cycling Manager, ou encore d\u2019avoir men\u00e9 l\u2019\u00e9quipe nationale de Bretagne en finale de Coupe du monde sur Football Manager.\",\"sameAs\":[\"https:\/\/x.com\/https:\/\/twitter.com\/MathieuVeillon\"],\"url\":\"https:\/\/dicodusport.fr\/blog\/author\/mathieu\/\"}]}<\/script>\n<!-- \/ Yoast SEO Premium plugin. -->","yoast_head_json":{"title":"Relais hommes Hochfilzen 2023 : La France assure la 2\u00e8me place derri\u00e8re la Norv\u00e8ge","description":"BIATHLON COUPE DU MONDE D\u2019HOCHFILZEN 2023 - Dans une course vite ma\u00eetris\u00e9e par la Norv\u00e8ge, la France a pris une belle 2\u00e8me place.","robots":{"index":"index","follow":"follow","max-snippet":"max-snippet:-1","max-image-preview":"max-image-preview:large","max-video-preview":"max-video-preview:-1"},"canonical":"https:\/\/dicodusport.fr\/blog\/relais-hommes-hochfilzen-2023-la-france-assure-la-2eme-place-derriere-la-norvege\/","og_locale":"fr_FR","og_type":"article","og_title":"Relais hommes Hochfilzen 2023 : La France assure la 2\u00e8me place derri\u00e8re la Norv\u00e8ge","og_description":"BIATHLON COUPE DU MONDE D\u2019HOCHFILZEN 2023 - Dans une course vite ma\u00eetris\u00e9e par la Norv\u00e8ge, la France a pris une belle 2\u00e8me place.","og_url":"https:\/\/dicodusport.fr\/blog\/relais-hommes-hochfilzen-2023-la-france-assure-la-2eme-place-derriere-la-norvege\/","og_site_name":"Dicodusport","article_publisher":"https:\/\/www.facebook.com\/dicodusport","article_published_time":"2023-12-10T11:49:50+00:00","article_modified_time":"2023-12-10T18:32:54+00:00","og_image":[{"width":1200,"height":674,"url":"https:\/\/dicodusport.fr\/blog\/wp-content\/uploads\/2023\/12\/Relais-hommes-Hochfilzen-2023-La-France-assure-la-2eme-place-derriere-la-Norvege-1.png","type":"image\/png"}],"author":"Mathieu Veillon","twitter_card":"summary_large_image","twitter_title":"Relais hommes Hochfilzen 2023 : La France assure la 2\u00e8me place derri\u00e8re la Norv\u00e8ge","twitter_creator":"@https:\/\/twitter.com\/MathieuVeillon","twitter_site":"@dicodusport","schema":{"@context":"https:\/\/schema.org","@graph":[{"@type":"NewsArticle","@id":"https:\/\/dicodusport.fr\/blog\/relais-hommes-hochfilzen-2023-la-france-assure-la-2eme-place-derriere-la-norvege\/#article","isPartOf":{"@id":"https:\/\/dicodusport.fr\/blog\/relais-hommes-hochfilzen-2023-la-france-assure-la-2eme-place-derriere-la-norvege\/"},"author":{"name":"Mathieu Veillon","@id":"https:\/\/dicodusport.fr\/blog\/#\/schema\/person\/9731cdc747db1ceb457a2bfa9180a806"},"headline":"Relais hommes Hochfilzen 2023 : La France assure la 2\u00e8me place derri\u00e8re la Norv\u00e8ge","datePublished":"2023-12-10T11:49:50+00:00","dateModified":"2023-12-10T18:32:54+00:00","mainEntityOfPage":{"@id":"https:\/\/dicodusport.fr\/blog\/relais-hommes-hochfilzen-2023-la-france-assure-la-2eme-place-derriere-la-norvege\/"},"wordCount":750,"commentCount":0,"publisher":{"@id":"https:\/\/dicodusport.fr\/blog\/#organization"},"image":{"@id":"https:\/\/dicodusport.fr\/blog\/relais-hommes-hochfilzen-2023-la-france-assure-la-2eme-place-derriere-la-norvege\/#primaryimage"},"thumbnailUrl":"https:\/\/dicodusport.fr\/blog\/wp-content\/uploads\/2023\/12\/Relais-hommes-Hochfilzen-2023-La-France-assure-la-2eme-place-derriere-la-Norvege-1.png","keywords":["br\u00e8ve","Hochfilzen","relais biathlon","sport"],"articleSection":["Coupe du monde de biathlon"],"inLanguage":"fr-FR","potentialAction":[{"@type":"CommentAction","name":"Comment","target":["https:\/\/dicodusport.fr\/blog\/relais-hommes-hochfilzen-2023-la-france-assure-la-2eme-place-derriere-la-norvege\/#respond"]}],"copyrightYear":"2023","copyrightHolder":{"@id":"https:\/\/dicodusport.fr\/blog\/#organization"}},{"@type":"WebPage","@id":"https:\/\/dicodusport.fr\/blog\/relais-hommes-hochfilzen-2023-la-france-assure-la-2eme-place-derriere-la-norvege\/","url":"https:\/\/dicodusport.fr\/blog\/relais-hommes-hochfilzen-2023-la-france-assure-la-2eme-place-derriere-la-norvege\/","name":"Relais hommes Hochfilzen 2023 : La France assure la 2\u00e8me place derri\u00e8re la Norv\u00e8ge","isPartOf":{"@id":"https:\/\/dicodusport.fr\/blog\/#website"},"primaryImageOfPage":{"@id":"https:\/\/dicodusport.fr\/blog\/relais-hommes-hochfilzen-2023-la-france-assure-la-2eme-place-derriere-la-norvege\/#primaryimage"},"image":{"@id":"https:\/\/dicodusport.fr\/blog\/relais-hommes-hochfilzen-2023-la-france-assure-la-2eme-place-derriere-la-norvege\/#primaryimage"},"thumbnailUrl":"https:\/\/dicodusport.fr\/blog\/wp-content\/uploads\/2023\/12\/Relais-hommes-Hochfilzen-2023-La-France-assure-la-2eme-place-derriere-la-Norvege-1.png","datePublished":"2023-12-10T11:49:50+00:00","dateModified":"2023-12-10T18:32:54+00:00","description":"BIATHLON COUPE DU MONDE D\u2019HOCHFILZEN 2023 - Dans une course vite ma\u00eetris\u00e9e par la Norv\u00e8ge, la France a pris une belle 2\u00e8me place.","breadcrumb":{"@id":"https:\/\/dicodusport.fr\/blog\/relais-hommes-hochfilzen-2023-la-france-assure-la-2eme-place-derriere-la-norvege\/#breadcrumb"},"inLanguage":"fr-FR","potentialAction":[{"@type":"ReadAction","target":["https:\/\/dicodusport.fr\/blog\/relais-hommes-hochfilzen-2023-la-france-assure-la-2eme-place-derriere-la-norvege\/"]}]},{"@type":"ImageObject","inLanguage":"fr-FR","@id":"https:\/\/dicodusport.fr\/blog\/relais-hommes-hochfilzen-2023-la-france-assure-la-2eme-place-derriere-la-norvege\/#primaryimage","url":"https:\/\/dicodusport.fr\/blog\/wp-content\/uploads\/2023\/12\/Relais-hommes-Hochfilzen-2023-La-France-assure-la-2eme-place-derriere-la-Norvege-1.png","contentUrl":"https:\/\/dicodusport.fr\/blog\/wp-content\/uploads\/2023\/12\/Relais-hommes-Hochfilzen-2023-La-France-assure-la-2eme-place-derriere-la-Norvege-1.png","width":1200,"height":674,"caption":"Relais hommes Hochfilzen 2023 La France assure la 2\u00e8me place derri\u00e8re la Norv\u00e8ge (1)"},{"@type":"BreadcrumbList","@id":"https:\/\/dicodusport.fr\/blog\/relais-hommes-hochfilzen-2023-la-france-assure-la-2eme-place-derriere-la-norvege\/#breadcrumb","itemListElement":[{"@type":"ListItem","position":1,"name":"Accueil","item":"https:\/\/dicodusport.fr\/blog\/"},{"@type":"ListItem","position":2,"name":"Relais hommes Hochfilzen 2023 : La France assure la 2\u00e8me place derri\u00e8re la Norv\u00e8ge"}]},{"@type":"WebSite","@id":"https:\/\/dicodusport.fr\/blog\/#website","url":"https:\/\/dicodusport.fr\/blog\/","name":"Dicodusport","description":"L&#039;encyclop\u00e9die de l&#039;actualit\u00e9 sportive","publisher":{"@id":"https:\/\/dicodusport.fr\/blog\/#organization"},"potentialAction":[{"@type":"SearchAction","target":{"@type":"EntryPoint","urlTemplate":"https:\/\/dicodusport.fr\/blog\/?s={search_term_string}"},"query-input":{"@type":"PropertyValueSpecification","valueRequired":true,"valueName":"search_term_string"}}],"inLanguage":"fr-FR"},{"@type":"NewsMediaOrganization","@id":"https:\/\/dicodusport.fr\/blog\/#organization","name":"Dicodusport","url":"https:\/\/dicodusport.fr\/blog\/","logo":{"@type":"ImageObject","inLanguage":"fr-FR","@id":"https:\/\/dicodusport.fr\/blog\/#\/schema\/logo\/image\/","url":"https:\/\/dicodusport.fr\/blog\/wp-content\/uploads\/2020\/06\/cropped-LOGO-DICODUSPORT-2020-SANS-FOND-SANS-TEXTE.png","contentUrl":"https:\/\/dicodusport.fr\/blog\/wp-content\/uploads\/2020\/06\/cropped-LOGO-DICODUSPORT-2020-SANS-FOND-SANS-TEXTE.png","width":512,"height":512,"caption":"Dicodusport"},"image":{"@id":"https:\/\/dicodusport.fr\/blog\/#\/schema\/logo\/image\/"},"sameAs":["https:\/\/www.facebook.com\/dicodusport","https:\/\/x.com\/dicodusport","https:\/\/www.instagram.com\/dicodusport\/","https:\/\/www.youtube.com\/channel\/UC7V2KZ5sd3htJivAbA4ZG3w"],"description":"Dicodusport est l'encyclop\u00e9die de l'actualit\u00e9 sportive.","email":"bonjour@dicodusport.fr","legalName":"DICODUSPORT","foundingDate":"2018-01-14","vatID":"FR71834470973","taxID":"83447097300043","numberOfEmployees":{"@type":"QuantitativeValue","minValue":"1","maxValue":"10"}},{"@type":"Person","@id":"https:\/\/dicodusport.fr\/blog\/#\/schema\/person\/9731cdc747db1ceb457a2bfa9180a806","name":"Mathieu Veillon","image":{"@type":"ImageObject","inLanguage":"fr-FR","@id":"https:\/\/dicodusport.fr\/blog\/#\/schema\/person\/image\/","url":"https:\/\/dicodusport.fr\/blog\/wp-content\/uploads\/2021\/05\/Mathieu-Veillon-150x150.jpg","contentUrl":"https:\/\/dicodusport.fr\/blog\/wp-content\/uploads\/2021\/05\/Mathieu-Veillon-150x150.jpg","caption":"Mathieu Veillon"},"description":"Journaliste\/r\u00e9dacteur depuis septembre 2015 - Ma d\u00e9finition du bonheur ? Une galette-saucisse au Roazhon Park ou un caf\u00e9 devant un Lakers\/Celtics au petit matin. Fid\u00e8le membre de la team insomniaque de la r\u00e9dac, j\u2019ai le pouvoir de rester \u00e9veill\u00e9 jusqu\u2019\u00e0 l\u2019aube pour faire vivre aux lecteurs ma passion du sport. Ainsi, j\u2019\u00e9cris principalement sur la NBA, le biathlon, le cyclisme ou encore la F1. Comptez dans mes exploits sportifs le fait d\u2019avoir fait gagner le Tour de France 2018 \u00e0 Tony Gallopin sur Pro Cycling Manager, ou encore d\u2019avoir men\u00e9 l\u2019\u00e9quipe nationale de Bretagne en finale de Coupe du monde sur Football Manager.","sameAs":["https:\/\/x.com\/https:\/\/twitter.com\/MathieuVeillon"],"url":"https:\/\/dicodusport.fr\/blog\/author\/mathieu\/"}]}},"_links":{"self":[{"href":"https:\/\/dicodusport.fr\/blog\/wp-json\/wp\/v2\/posts\/444237","targetHints":{"allow":["GET"]}}],"collection":[{"href":"https:\/\/dicodusport.fr\/blog\/wp-json\/wp\/v2\/posts"}],"about":[{"href":"https:\/\/dicodusport.fr\/blog\/wp-json\/wp\/v2\/types\/post"}],"author":[{"embeddable":true,"href":"https:\/\/dicodusport.fr\/blog\/wp-json\/wp\/v2\/users\/21"}],"replies":[{"embeddable":true,"href":"https:\/\/dicodusport.fr\/blog\/wp-json\/wp\/v2\/comments?post=444237"}],"version-history":[{"count":5,"href":"https:\/\/dicodusport.fr\/blog\/wp-json\/wp\/v2\/posts\/444237\/revisions"}],"predecessor-version":[{"id":444464,"href":"https:\/\/dicodusport.fr\/blog\/wp-json\/wp\/v2\/posts\/444237\/revisions\/444464"}],"wp:featuredmedia":[{"embeddable":true,"href":"https:\/\/dicodusport.fr\/blog\/wp-json\/wp\/v2\/media\/444330"}],"wp:attachment":[{"href":"https:\/\/dicodusport.fr\/blog\/wp-json\/wp\/v2\/media?parent=444237"}],"wp:term":[{"taxonomy":"category","embeddable":true,"href":"https:\/\/dicodusport.fr\/blog\/wp-json\/wp\/v2\/categories?post=444237"},{"taxonomy":"post_tag","embeddable":true,"href":"https:\/\/dicodusport.fr\/blog\/wp-json\/wp\/v2\/tags?post=444237"}],"curies":[{"name":"wp","href":"https:\/\/api.w.org\/{rel}","templated":true}]}}