{"id":444470,"date":"2023-12-10T20:26:41","date_gmt":"2023-12-10T19:26:41","guid":{"rendered":"https:\/\/dicodusport.fr\/blog\/?p=444470&#038;preview=true&#038;preview_id=444470"},"modified":"2023-12-10T20:31:35","modified_gmt":"2023-12-10T19:31:35","slug":"champions-cup-j1-le-racing-92-craque-en-fin-de-match-face-aux-harlequins","status":"publish","type":"post","link":"https:\/\/dicodusport.fr\/blog\/champions-cup-j1-le-racing-92-craque-en-fin-de-match-face-aux-harlequins\/","title":{"rendered":"Champions Cup (J1) : Le Racing 92 craque en fin de match face aux Harlequins"},"content":{"rendered":"<p style=\"text-align: justify;\"><strong><em>CHAMPIONS CUP 2023\/2024 &#8211; Coup dur pour le Racing 92. Les Franciliens sont tomb\u00e9s \u00e0 domicile d\u00e8s la premi\u00e8re journ\u00e9e de Champions Cup ce dimanche, face aux Harlequins (28-31).\u00a0<\/em><\/strong><\/p>\n<ul>\n<li style=\"text-align: justify;\"><strong>\u00c0 ce sujet \u2013\u00a0<a href=\"https:\/\/dicodusport.fr\/blog\/champions-cup-2023-2024-calendrier-et-resultats-des-clubs-francais\/\">Champions Cup 2023-2024 : Calendrier et r\u00e9sultats des clubs fran\u00e7ais<\/a><\/strong><\/li>\n<\/ul>\n<p style=\"text-align: justify;\">Cela commence mal pour le <strong>Racing 92<\/strong>. Les Alto-S\u00e9quanais sont en effet tomb\u00e9s ce dimanche sur leur pelouse face aux <strong>Harlequins<\/strong> (28-31), en cl\u00f4ture de la 1\u00e8re journ\u00e9e de <strong>Champions Cup<\/strong>. Men\u00e9s 14-17 \u00e0 la pause par les Anglais, les <em>Racingmen<\/em> ont r\u00e9alis\u00e9 une tr\u00e8s belle entame de second acte. <strong>Nolann Le Garrec<\/strong>, d\u00e9j\u00e0 en terre promise lors du premier acte, permettait aux siens de passer devant (21-17, 44&prime;). Les Franciliens \u00e9taient r\u00e9compens\u00e9s peu avant l&rsquo;heure de jeu apr\u00e8s une grosse s\u00e9quence de domination, avec un essai en force d&rsquo;<strong>Ibrahim Diallo<\/strong> (28-17), synonyme de bonus offensif.<\/p>\n<p style=\"text-align: justify;\">Alors que l&rsquo;on pensait les locaux \u00e0 l&rsquo;abri, les <em>Quins<\/em> vont faire craquer ces derniers. <strong>Alex Dombrandt<\/strong> (61&prime;) puis <strong>Jack Walker<\/strong> (65&prime;) remettent les Anglais devant au score, gr\u00e2ce aux deux transformations d&rsquo;un <strong>Marcus Smith<\/strong> intenable ce dimanche (28-31). Malgr\u00e9 un dernier baroud d&rsquo;honneur, le <strong>Racing 92<\/strong> chute d&rsquo;entr\u00e9e dans cette <strong>Champions Cup<\/strong>. Il faudra aller d\u00e9crocher un gros r\u00e9sultat la semaine prochaine, en Ulster (Irlande), pour, d\u00e9j\u00e0, ne pas hypoth\u00e9quer les chances de qualifications.<\/p>\n<blockquote class=\"twitter-tweet\">\n<p dir=\"ltr\" lang=\"fr\">\u23f9\ufe0f 80 &lsquo;<\/p>\n<p>Fin du match et d\u00e9faite de nos Racingmen !<\/p>\n<p>Rendez-vous le 23 d\u00e9cembre pour le prochain match \u00e0 Paris la D\u00e9fense Arena : <a href=\"https:\/\/t.co\/fcELmgGeM5\">https:\/\/t.co\/fcELmgGeM5<\/a><a href=\"https:\/\/twitter.com\/hashtag\/RacingFamily?src=hash&amp;ref_src=twsrc%5Etfw\">#RacingFamily<\/a> | <a href=\"https:\/\/twitter.com\/hashtag\/R92vHAR?src=hash&amp;ref_src=twsrc%5Etfw\">#R92vHAR<\/a> <a href=\"https:\/\/t.co\/Y32OkmyvgM\">pic.twitter.com\/Y32OkmyvgM<\/a><\/p>\n<p>\u2014 Racing 92 (@racing92) <a href=\"https:\/\/twitter.com\/racing92\/status\/1733931606908235865?ref_src=twsrc%5Etfw\">December 10, 2023<\/a><\/p><\/blockquote>\n<p><script async src=\"https:\/\/platform.twitter.com\/widgets.js\" charset=\"utf-8\"><\/script><\/p>\n","protected":false},"excerpt":{"rendered":"<p>CHAMPIONS CUP 2023\/2024 &#8211; Coup dur pour le Racing 92. Les Franciliens sont tomb\u00e9s \u00e0 domicile d\u00e8s la premi\u00e8re journ\u00e9e de Champions Cup ce dimanche, face aux Harlequins (28-31).\u00a0<\/p>\n","protected":false},"author":4,"featured_media":444472,"comment_status":"open","ping_status":"closed","sticky":false,"template":"","format":"standard","meta":{"_acf_changed":false,"_daextam_enable_autolinks":"1","footnotes":""},"categories":[47051,9129],"tags":[16878,7688,3131,13],"class_list":["post-444470","post","type-post","status-publish","format-standard","has-post-thumbnail","hentry","category-champions-cup","category-rugby-a-xv","tag-breve","tag-harlequins","tag-racing-92","tag-rugby"],"acf":[],"yoast_head":"<!-- This site is optimized with the Yoast SEO Premium plugin v26.7 (Yoast SEO v26.7) - https:\/\/yoast.com\/wordpress\/plugins\/seo\/ -->\n<title>Champions Cup (J1) : Le Racing 92 craque en fin de match face aux Harlequins<\/title>\n<meta name=\"description\" content=\"CHAMPIONS CUP 2023\/2024 - Le Racing 92 est tomb\u00e9 \u00e0 domicile d\u00e8s la premi\u00e8re journ\u00e9e de Champions Cup ce dimanche, face aux Harlequins (28-31).\u00a0\" \/>\n<meta name=\"robots\" content=\"index, follow, max-snippet:-1, max-image-preview:large, max-video-preview:-1\" \/>\n<link rel=\"canonical\" href=\"https:\/\/dicodusport.fr\/blog\/champions-cup-j1-le-racing-92-craque-en-fin-de-match-face-aux-harlequins\/\" \/>\n<meta property=\"og:locale\" content=\"fr_FR\" \/>\n<meta property=\"og:type\" content=\"article\" \/>\n<meta property=\"og:title\" content=\"Champions Cup (J1) : Le Racing 92 craque en fin de match face aux Harlequins\" \/>\n<meta property=\"og:description\" content=\"CHAMPIONS CUP 2023\/2024 - Le Racing 92 est tomb\u00e9 \u00e0 domicile d\u00e8s la premi\u00e8re journ\u00e9e de Champions Cup ce dimanche, face aux Harlequins (28-31).\u00a0\" \/>\n<meta property=\"og:url\" content=\"https:\/\/dicodusport.fr\/blog\/champions-cup-j1-le-racing-92-craque-en-fin-de-match-face-aux-harlequins\/\" \/>\n<meta property=\"og:site_name\" content=\"Dicodusport\" \/>\n<meta property=\"article:publisher\" content=\"https:\/\/www.facebook.com\/dicodusport\" \/>\n<meta property=\"article:author\" content=\"https:\/\/www.facebook.com\/florent.ostermann\" \/>\n<meta property=\"article:published_time\" content=\"2023-12-10T19:26:41+00:00\" \/>\n<meta property=\"article:modified_time\" content=\"2023-12-10T19:31:35+00:00\" \/>\n<meta property=\"og:image\" content=\"https:\/\/dicodusport.fr\/blog\/wp-content\/uploads\/2023\/12\/Champions-Cup-J1-Le-Racing-92-craque-en-fin-de-match-face-aux-Harlequins.png\" \/>\n\t<meta property=\"og:image:width\" content=\"1200\" \/>\n\t<meta property=\"og:image:height\" content=\"674\" \/>\n\t<meta property=\"og:image:type\" content=\"image\/png\" \/>\n<meta name=\"author\" content=\"Flo Ostermann\" \/>\n<meta name=\"twitter:card\" content=\"summary_large_image\" \/>\n<meta name=\"twitter:title\" content=\"Champions Cup (J1) : Le Racing 92 craque en fin de match face aux Harlequins\" \/>\n<meta name=\"twitter:creator\" content=\"@https:\/\/twitter.com\/FlOstermann\" \/>\n<meta name=\"twitter:site\" content=\"@dicodusport\" \/>\n<script type=\"application\/ld+json\" class=\"yoast-schema-graph\">{\"@context\":\"https:\/\/schema.org\",\"@graph\":[{\"@type\":\"NewsArticle\",\"@id\":\"https:\/\/dicodusport.fr\/blog\/champions-cup-j1-le-racing-92-craque-en-fin-de-match-face-aux-harlequins\/#article\",\"isPartOf\":{\"@id\":\"https:\/\/dicodusport.fr\/blog\/champions-cup-j1-le-racing-92-craque-en-fin-de-match-face-aux-harlequins\/\"},\"author\":{\"name\":\"Flo Ostermann\",\"@id\":\"https:\/\/dicodusport.fr\/blog\/#\/schema\/person\/cb02af4c173ce4a653b55e9baf388d4a\"},\"headline\":\"Champions Cup (J1) : Le Racing 92 craque en fin de match face aux Harlequins\",\"datePublished\":\"2023-12-10T19:26:41+00:00\",\"dateModified\":\"2023-12-10T19:31:35+00:00\",\"mainEntityOfPage\":{\"@id\":\"https:\/\/dicodusport.fr\/blog\/champions-cup-j1-le-racing-92-craque-en-fin-de-match-face-aux-harlequins\/\"},\"wordCount\":282,\"commentCount\":0,\"publisher\":{\"@id\":\"https:\/\/dicodusport.fr\/blog\/#organization\"},\"image\":{\"@id\":\"https:\/\/dicodusport.fr\/blog\/champions-cup-j1-le-racing-92-craque-en-fin-de-match-face-aux-harlequins\/#primaryimage\"},\"thumbnailUrl\":\"https:\/\/dicodusport.fr\/blog\/wp-content\/uploads\/2023\/12\/Champions-Cup-J1-Le-Racing-92-craque-en-fin-de-match-face-aux-Harlequins.png\",\"keywords\":[\"br\u00e8ve\",\"Harlequins\",\"Racing 92\",\"Rugby\"],\"articleSection\":[\"Champions Cup\",\"Rugby \u00e0 XV\"],\"inLanguage\":\"fr-FR\",\"potentialAction\":[{\"@type\":\"CommentAction\",\"name\":\"Comment\",\"target\":[\"https:\/\/dicodusport.fr\/blog\/champions-cup-j1-le-racing-92-craque-en-fin-de-match-face-aux-harlequins\/#respond\"]}],\"copyrightYear\":\"2023\",\"copyrightHolder\":{\"@id\":\"https:\/\/dicodusport.fr\/blog\/#organization\"}},{\"@type\":\"WebPage\",\"@id\":\"https:\/\/dicodusport.fr\/blog\/champions-cup-j1-le-racing-92-craque-en-fin-de-match-face-aux-harlequins\/\",\"url\":\"https:\/\/dicodusport.fr\/blog\/champions-cup-j1-le-racing-92-craque-en-fin-de-match-face-aux-harlequins\/\",\"name\":\"Champions Cup (J1) : Le Racing 92 craque en fin de match face aux Harlequins\",\"isPartOf\":{\"@id\":\"https:\/\/dicodusport.fr\/blog\/#website\"},\"primaryImageOfPage\":{\"@id\":\"https:\/\/dicodusport.fr\/blog\/champions-cup-j1-le-racing-92-craque-en-fin-de-match-face-aux-harlequins\/#primaryimage\"},\"image\":{\"@id\":\"https:\/\/dicodusport.fr\/blog\/champions-cup-j1-le-racing-92-craque-en-fin-de-match-face-aux-harlequins\/#primaryimage\"},\"thumbnailUrl\":\"https:\/\/dicodusport.fr\/blog\/wp-content\/uploads\/2023\/12\/Champions-Cup-J1-Le-Racing-92-craque-en-fin-de-match-face-aux-Harlequins.png\",\"datePublished\":\"2023-12-10T19:26:41+00:00\",\"dateModified\":\"2023-12-10T19:31:35+00:00\",\"description\":\"CHAMPIONS CUP 2023\/2024 - Le Racing 92 est tomb\u00e9 \u00e0 domicile d\u00e8s la premi\u00e8re journ\u00e9e de Champions Cup ce dimanche, face aux Harlequins (28-31).\u00a0\",\"breadcrumb\":{\"@id\":\"https:\/\/dicodusport.fr\/blog\/champions-cup-j1-le-racing-92-craque-en-fin-de-match-face-aux-harlequins\/#breadcrumb\"},\"inLanguage\":\"fr-FR\",\"potentialAction\":[{\"@type\":\"ReadAction\",\"target\":[\"https:\/\/dicodusport.fr\/blog\/champions-cup-j1-le-racing-92-craque-en-fin-de-match-face-aux-harlequins\/\"]}]},{\"@type\":\"ImageObject\",\"inLanguage\":\"fr-FR\",\"@id\":\"https:\/\/dicodusport.fr\/blog\/champions-cup-j1-le-racing-92-craque-en-fin-de-match-face-aux-harlequins\/#primaryimage\",\"url\":\"https:\/\/dicodusport.fr\/blog\/wp-content\/uploads\/2023\/12\/Champions-Cup-J1-Le-Racing-92-craque-en-fin-de-match-face-aux-Harlequins.png\",\"contentUrl\":\"https:\/\/dicodusport.fr\/blog\/wp-content\/uploads\/2023\/12\/Champions-Cup-J1-Le-Racing-92-craque-en-fin-de-match-face-aux-Harlequins.png\",\"width\":1200,\"height\":674,\"caption\":\"Champions Cup (J1) Le Racing 92 craque en fin de match face aux Harlequins\"},{\"@type\":\"BreadcrumbList\",\"@id\":\"https:\/\/dicodusport.fr\/blog\/champions-cup-j1-le-racing-92-craque-en-fin-de-match-face-aux-harlequins\/#breadcrumb\",\"itemListElement\":[{\"@type\":\"ListItem\",\"position\":1,\"name\":\"Accueil\",\"item\":\"https:\/\/dicodusport.fr\/blog\/\"},{\"@type\":\"ListItem\",\"position\":2,\"name\":\"Champions Cup (J1) : Le Racing 92 craque en fin de match face aux Harlequins\"}]},{\"@type\":\"WebSite\",\"@id\":\"https:\/\/dicodusport.fr\/blog\/#website\",\"url\":\"https:\/\/dicodusport.fr\/blog\/\",\"name\":\"Dicodusport\",\"description\":\"L&#039;encyclop\u00e9die de l&#039;actualit\u00e9 sportive\",\"publisher\":{\"@id\":\"https:\/\/dicodusport.fr\/blog\/#organization\"},\"potentialAction\":[{\"@type\":\"SearchAction\",\"target\":{\"@type\":\"EntryPoint\",\"urlTemplate\":\"https:\/\/dicodusport.fr\/blog\/?s={search_term_string}\"},\"query-input\":{\"@type\":\"PropertyValueSpecification\",\"valueRequired\":true,\"valueName\":\"search_term_string\"}}],\"inLanguage\":\"fr-FR\"},{\"@type\":\"NewsMediaOrganization\",\"@id\":\"https:\/\/dicodusport.fr\/blog\/#organization\",\"name\":\"Dicodusport\",\"url\":\"https:\/\/dicodusport.fr\/blog\/\",\"logo\":{\"@type\":\"ImageObject\",\"inLanguage\":\"fr-FR\",\"@id\":\"https:\/\/dicodusport.fr\/blog\/#\/schema\/logo\/image\/\",\"url\":\"https:\/\/dicodusport.fr\/blog\/wp-content\/uploads\/2020\/06\/cropped-LOGO-DICODUSPORT-2020-SANS-FOND-SANS-TEXTE.png\",\"contentUrl\":\"https:\/\/dicodusport.fr\/blog\/wp-content\/uploads\/2020\/06\/cropped-LOGO-DICODUSPORT-2020-SANS-FOND-SANS-TEXTE.png\",\"width\":512,\"height\":512,\"caption\":\"Dicodusport\"},\"image\":{\"@id\":\"https:\/\/dicodusport.fr\/blog\/#\/schema\/logo\/image\/\"},\"sameAs\":[\"https:\/\/www.facebook.com\/dicodusport\",\"https:\/\/x.com\/dicodusport\",\"https:\/\/www.instagram.com\/dicodusport\/\",\"https:\/\/www.youtube.com\/channel\/UC7V2KZ5sd3htJivAbA4ZG3w\"],\"description\":\"Dicodusport est l'encyclop\u00e9die de l'actualit\u00e9 sportive.\",\"email\":\"bonjour@dicodusport.fr\",\"legalName\":\"DICODUSPORT\",\"foundingDate\":\"2018-01-14\",\"vatID\":\"FR71834470973\",\"taxID\":\"83447097300043\",\"numberOfEmployees\":{\"@type\":\"QuantitativeValue\",\"minValue\":\"1\",\"maxValue\":\"10\"}},{\"@type\":\"Person\",\"@id\":\"https:\/\/dicodusport.fr\/blog\/#\/schema\/person\/cb02af4c173ce4a653b55e9baf388d4a\",\"name\":\"Flo Ostermann\",\"image\":{\"@type\":\"ImageObject\",\"inLanguage\":\"fr-FR\",\"@id\":\"https:\/\/dicodusport.fr\/blog\/#\/schema\/person\/image\/\",\"url\":\"https:\/\/dicodusport.fr\/blog\/wp-content\/uploads\/2021\/05\/Flo-Ostermann-150x150.jpg\",\"contentUrl\":\"https:\/\/dicodusport.fr\/blog\/wp-content\/uploads\/2021\/05\/Flo-Ostermann-150x150.jpg\",\"caption\":\"Flo Ostermann\"},\"description\":\"Journaliste\/R\u00e9dacteur depuis septembre 2015 - Mes premiers souvenirs dans le sport ? Les envol\u00e9es du Stade Toulousain et les duels Villeneuve-Schumacher et H\u00e4kkinen-Schumacher \u00e0 la fin des ann\u00e9es 90, la Coupe du monde de football en 1998, l\u2019exploit du XV de France face aux All Blacks en 1999, mais aussi Richard C\u0153ur de Lion qui vole sur les montagnes du Tour de France. Bien parti pour devenir professeur d\u2019EPS, les \u00e9v\u00e9nements de la vie (et la flemme d\u2019animer des s\u00e9ances de 3x500 m\u00e8tres toute ma vie) m\u2019ont conduit \u00e0 revoir mes plans. Me voil\u00e0 depuis fin 2017 sur Dicodusport, m\u00e9dia gr\u00e2ce (et pour) lequel je partage ma passion : le sport dans tous ses \u00e9tats. Le tout accompagn\u00e9 par les fous furieux et folles furieuses cit\u00e9s sur cette page !\",\"sameAs\":[\"https:\/\/www.facebook.com\/florent.ostermann\",\"https:\/\/x.com\/https:\/\/twitter.com\/FlOstermann\",\"admin\"],\"url\":\"https:\/\/dicodusport.fr\/blog\/author\/flo\/\"}]}<\/script>\n<!-- \/ Yoast SEO Premium plugin. -->","yoast_head_json":{"title":"Champions Cup (J1) : Le Racing 92 craque en fin de match face aux Harlequins","description":"CHAMPIONS CUP 2023\/2024 - Le Racing 92 est tomb\u00e9 \u00e0 domicile d\u00e8s la premi\u00e8re journ\u00e9e de Champions Cup ce dimanche, face aux Harlequins (28-31).\u00a0","robots":{"index":"index","follow":"follow","max-snippet":"max-snippet:-1","max-image-preview":"max-image-preview:large","max-video-preview":"max-video-preview:-1"},"canonical":"https:\/\/dicodusport.fr\/blog\/champions-cup-j1-le-racing-92-craque-en-fin-de-match-face-aux-harlequins\/","og_locale":"fr_FR","og_type":"article","og_title":"Champions Cup (J1) : Le Racing 92 craque en fin de match face aux Harlequins","og_description":"CHAMPIONS CUP 2023\/2024 - Le Racing 92 est tomb\u00e9 \u00e0 domicile d\u00e8s la premi\u00e8re journ\u00e9e de Champions Cup ce dimanche, face aux Harlequins (28-31).\u00a0","og_url":"https:\/\/dicodusport.fr\/blog\/champions-cup-j1-le-racing-92-craque-en-fin-de-match-face-aux-harlequins\/","og_site_name":"Dicodusport","article_publisher":"https:\/\/www.facebook.com\/dicodusport","article_author":"https:\/\/www.facebook.com\/florent.ostermann","article_published_time":"2023-12-10T19:26:41+00:00","article_modified_time":"2023-12-10T19:31:35+00:00","og_image":[{"width":1200,"height":674,"url":"https:\/\/dicodusport.fr\/blog\/wp-content\/uploads\/2023\/12\/Champions-Cup-J1-Le-Racing-92-craque-en-fin-de-match-face-aux-Harlequins.png","type":"image\/png"}],"author":"Flo Ostermann","twitter_card":"summary_large_image","twitter_title":"Champions Cup (J1) : Le Racing 92 craque en fin de match face aux Harlequins","twitter_creator":"@https:\/\/twitter.com\/FlOstermann","twitter_site":"@dicodusport","schema":{"@context":"https:\/\/schema.org","@graph":[{"@type":"NewsArticle","@id":"https:\/\/dicodusport.fr\/blog\/champions-cup-j1-le-racing-92-craque-en-fin-de-match-face-aux-harlequins\/#article","isPartOf":{"@id":"https:\/\/dicodusport.fr\/blog\/champions-cup-j1-le-racing-92-craque-en-fin-de-match-face-aux-harlequins\/"},"author":{"name":"Flo Ostermann","@id":"https:\/\/dicodusport.fr\/blog\/#\/schema\/person\/cb02af4c173ce4a653b55e9baf388d4a"},"headline":"Champions Cup (J1) : Le Racing 92 craque en fin de match face aux Harlequins","datePublished":"2023-12-10T19:26:41+00:00","dateModified":"2023-12-10T19:31:35+00:00","mainEntityOfPage":{"@id":"https:\/\/dicodusport.fr\/blog\/champions-cup-j1-le-racing-92-craque-en-fin-de-match-face-aux-harlequins\/"},"wordCount":282,"commentCount":0,"publisher":{"@id":"https:\/\/dicodusport.fr\/blog\/#organization"},"image":{"@id":"https:\/\/dicodusport.fr\/blog\/champions-cup-j1-le-racing-92-craque-en-fin-de-match-face-aux-harlequins\/#primaryimage"},"thumbnailUrl":"https:\/\/dicodusport.fr\/blog\/wp-content\/uploads\/2023\/12\/Champions-Cup-J1-Le-Racing-92-craque-en-fin-de-match-face-aux-Harlequins.png","keywords":["br\u00e8ve","Harlequins","Racing 92","Rugby"],"articleSection":["Champions Cup","Rugby \u00e0 XV"],"inLanguage":"fr-FR","potentialAction":[{"@type":"CommentAction","name":"Comment","target":["https:\/\/dicodusport.fr\/blog\/champions-cup-j1-le-racing-92-craque-en-fin-de-match-face-aux-harlequins\/#respond"]}],"copyrightYear":"2023","copyrightHolder":{"@id":"https:\/\/dicodusport.fr\/blog\/#organization"}},{"@type":"WebPage","@id":"https:\/\/dicodusport.fr\/blog\/champions-cup-j1-le-racing-92-craque-en-fin-de-match-face-aux-harlequins\/","url":"https:\/\/dicodusport.fr\/blog\/champions-cup-j1-le-racing-92-craque-en-fin-de-match-face-aux-harlequins\/","name":"Champions Cup (J1) : Le Racing 92 craque en fin de match face aux Harlequins","isPartOf":{"@id":"https:\/\/dicodusport.fr\/blog\/#website"},"primaryImageOfPage":{"@id":"https:\/\/dicodusport.fr\/blog\/champions-cup-j1-le-racing-92-craque-en-fin-de-match-face-aux-harlequins\/#primaryimage"},"image":{"@id":"https:\/\/dicodusport.fr\/blog\/champions-cup-j1-le-racing-92-craque-en-fin-de-match-face-aux-harlequins\/#primaryimage"},"thumbnailUrl":"https:\/\/dicodusport.fr\/blog\/wp-content\/uploads\/2023\/12\/Champions-Cup-J1-Le-Racing-92-craque-en-fin-de-match-face-aux-Harlequins.png","datePublished":"2023-12-10T19:26:41+00:00","dateModified":"2023-12-10T19:31:35+00:00","description":"CHAMPIONS CUP 2023\/2024 - Le Racing 92 est tomb\u00e9 \u00e0 domicile d\u00e8s la premi\u00e8re journ\u00e9e de Champions Cup ce dimanche, face aux Harlequins (28-31).\u00a0","breadcrumb":{"@id":"https:\/\/dicodusport.fr\/blog\/champions-cup-j1-le-racing-92-craque-en-fin-de-match-face-aux-harlequins\/#breadcrumb"},"inLanguage":"fr-FR","potentialAction":[{"@type":"ReadAction","target":["https:\/\/dicodusport.fr\/blog\/champions-cup-j1-le-racing-92-craque-en-fin-de-match-face-aux-harlequins\/"]}]},{"@type":"ImageObject","inLanguage":"fr-FR","@id":"https:\/\/dicodusport.fr\/blog\/champions-cup-j1-le-racing-92-craque-en-fin-de-match-face-aux-harlequins\/#primaryimage","url":"https:\/\/dicodusport.fr\/blog\/wp-content\/uploads\/2023\/12\/Champions-Cup-J1-Le-Racing-92-craque-en-fin-de-match-face-aux-Harlequins.png","contentUrl":"https:\/\/dicodusport.fr\/blog\/wp-content\/uploads\/2023\/12\/Champions-Cup-J1-Le-Racing-92-craque-en-fin-de-match-face-aux-Harlequins.png","width":1200,"height":674,"caption":"Champions Cup (J1) Le Racing 92 craque en fin de match face aux Harlequins"},{"@type":"BreadcrumbList","@id":"https:\/\/dicodusport.fr\/blog\/champions-cup-j1-le-racing-92-craque-en-fin-de-match-face-aux-harlequins\/#breadcrumb","itemListElement":[{"@type":"ListItem","position":1,"name":"Accueil","item":"https:\/\/dicodusport.fr\/blog\/"},{"@type":"ListItem","position":2,"name":"Champions Cup (J1) : Le Racing 92 craque en fin de match face aux Harlequins"}]},{"@type":"WebSite","@id":"https:\/\/dicodusport.fr\/blog\/#website","url":"https:\/\/dicodusport.fr\/blog\/","name":"Dicodusport","description":"L&#039;encyclop\u00e9die de l&#039;actualit\u00e9 sportive","publisher":{"@id":"https:\/\/dicodusport.fr\/blog\/#organization"},"potentialAction":[{"@type":"SearchAction","target":{"@type":"EntryPoint","urlTemplate":"https:\/\/dicodusport.fr\/blog\/?s={search_term_string}"},"query-input":{"@type":"PropertyValueSpecification","valueRequired":true,"valueName":"search_term_string"}}],"inLanguage":"fr-FR"},{"@type":"NewsMediaOrganization","@id":"https:\/\/dicodusport.fr\/blog\/#organization","name":"Dicodusport","url":"https:\/\/dicodusport.fr\/blog\/","logo":{"@type":"ImageObject","inLanguage":"fr-FR","@id":"https:\/\/dicodusport.fr\/blog\/#\/schema\/logo\/image\/","url":"https:\/\/dicodusport.fr\/blog\/wp-content\/uploads\/2020\/06\/cropped-LOGO-DICODUSPORT-2020-SANS-FOND-SANS-TEXTE.png","contentUrl":"https:\/\/dicodusport.fr\/blog\/wp-content\/uploads\/2020\/06\/cropped-LOGO-DICODUSPORT-2020-SANS-FOND-SANS-TEXTE.png","width":512,"height":512,"caption":"Dicodusport"},"image":{"@id":"https:\/\/dicodusport.fr\/blog\/#\/schema\/logo\/image\/"},"sameAs":["https:\/\/www.facebook.com\/dicodusport","https:\/\/x.com\/dicodusport","https:\/\/www.instagram.com\/dicodusport\/","https:\/\/www.youtube.com\/channel\/UC7V2KZ5sd3htJivAbA4ZG3w"],"description":"Dicodusport est l'encyclop\u00e9die de l'actualit\u00e9 sportive.","email":"bonjour@dicodusport.fr","legalName":"DICODUSPORT","foundingDate":"2018-01-14","vatID":"FR71834470973","taxID":"83447097300043","numberOfEmployees":{"@type":"QuantitativeValue","minValue":"1","maxValue":"10"}},{"@type":"Person","@id":"https:\/\/dicodusport.fr\/blog\/#\/schema\/person\/cb02af4c173ce4a653b55e9baf388d4a","name":"Flo Ostermann","image":{"@type":"ImageObject","inLanguage":"fr-FR","@id":"https:\/\/dicodusport.fr\/blog\/#\/schema\/person\/image\/","url":"https:\/\/dicodusport.fr\/blog\/wp-content\/uploads\/2021\/05\/Flo-Ostermann-150x150.jpg","contentUrl":"https:\/\/dicodusport.fr\/blog\/wp-content\/uploads\/2021\/05\/Flo-Ostermann-150x150.jpg","caption":"Flo Ostermann"},"description":"Journaliste\/R\u00e9dacteur depuis septembre 2015 - Mes premiers souvenirs dans le sport ? Les envol\u00e9es du Stade Toulousain et les duels Villeneuve-Schumacher et H\u00e4kkinen-Schumacher \u00e0 la fin des ann\u00e9es 90, la Coupe du monde de football en 1998, l\u2019exploit du XV de France face aux All Blacks en 1999, mais aussi Richard C\u0153ur de Lion qui vole sur les montagnes du Tour de France. Bien parti pour devenir professeur d\u2019EPS, les \u00e9v\u00e9nements de la vie (et la flemme d\u2019animer des s\u00e9ances de 3x500 m\u00e8tres toute ma vie) m\u2019ont conduit \u00e0 revoir mes plans. Me voil\u00e0 depuis fin 2017 sur Dicodusport, m\u00e9dia gr\u00e2ce (et pour) lequel je partage ma passion : le sport dans tous ses \u00e9tats. Le tout accompagn\u00e9 par les fous furieux et folles furieuses cit\u00e9s sur cette page !","sameAs":["https:\/\/www.facebook.com\/florent.ostermann","https:\/\/x.com\/https:\/\/twitter.com\/FlOstermann","admin"],"url":"https:\/\/dicodusport.fr\/blog\/author\/flo\/"}]}},"_links":{"self":[{"href":"https:\/\/dicodusport.fr\/blog\/wp-json\/wp\/v2\/posts\/444470","targetHints":{"allow":["GET"]}}],"collection":[{"href":"https:\/\/dicodusport.fr\/blog\/wp-json\/wp\/v2\/posts"}],"about":[{"href":"https:\/\/dicodusport.fr\/blog\/wp-json\/wp\/v2\/types\/post"}],"author":[{"embeddable":true,"href":"https:\/\/dicodusport.fr\/blog\/wp-json\/wp\/v2\/users\/4"}],"replies":[{"embeddable":true,"href":"https:\/\/dicodusport.fr\/blog\/wp-json\/wp\/v2\/comments?post=444470"}],"version-history":[{"count":3,"href":"https:\/\/dicodusport.fr\/blog\/wp-json\/wp\/v2\/posts\/444470\/revisions"}],"predecessor-version":[{"id":444474,"href":"https:\/\/dicodusport.fr\/blog\/wp-json\/wp\/v2\/posts\/444470\/revisions\/444474"}],"wp:featuredmedia":[{"embeddable":true,"href":"https:\/\/dicodusport.fr\/blog\/wp-json\/wp\/v2\/media\/444472"}],"wp:attachment":[{"href":"https:\/\/dicodusport.fr\/blog\/wp-json\/wp\/v2\/media?parent=444470"}],"wp:term":[{"taxonomy":"category","embeddable":true,"href":"https:\/\/dicodusport.fr\/blog\/wp-json\/wp\/v2\/categories?post=444470"},{"taxonomy":"post_tag","embeddable":true,"href":"https:\/\/dicodusport.fr\/blog\/wp-json\/wp\/v2\/tags?post=444470"}],"curies":[{"name":"wp","href":"https:\/\/api.w.org\/{rel}","templated":true}]}}