{"id":44451,"date":"2019-08-02T08:27:02","date_gmt":"2019-08-02T06:27:02","guid":{"rendered":"http:\/\/dicodusport.fr\/blog\/?p=44451"},"modified":"2019-08-02T08:50:30","modified_gmt":"2019-08-02T06:50:30","slug":"atp-washington-benoit-paire-verra-les-quarts-de-finale","status":"publish","type":"post","link":"https:\/\/dicodusport.fr\/blog\/atp-washington-benoit-paire-verra-les-quarts-de-finale\/","title":{"rendered":"ATP Washington : Beno\u00eet Paire verra les quarts de finale"},"content":{"rendered":"<p style=\"text-align: justify;\"><strong><em>ATP &#8211; Beno\u00eet Paire s&rsquo;est qualifi\u00e9 pour les quarts de finale du tournoi de Washington ce vendredi, battant en deux manches l&rsquo;Am\u00e9ricain John Isner (7-6, 6-3).<br \/>\n<\/em><\/strong><\/p>\n<p style=\"text-align: justify;\">En moins d&rsquo;une heure et demie, le natif d&rsquo;Avignon est venu \u00e0 bout du g\u00e9ant am\u00e9ricain <strong>John Isner<\/strong>, 30\u00e8me mondial et t\u00eate de s\u00e9rie num\u00e9ro 5 du tournoi. Apr\u00e8s une premi\u00e8re manche accroch\u00e9e, le Fran\u00e7ais a pris le dessus pour s&rsquo;imposer en deux sets (7-6, 6-3). Lors des quarts de finale, <a href=\"https:\/\/www.atptour.com\/en\/players\/benoit-paire\/pd31\/overview\" target=\"_blank\" rel=\"noopener\"><strong>Beno\u00eet Paire<\/strong><\/a> affrontera le Grec <strong>Stefanos Tsitsipas<\/strong>, 6\u00e8me mondial, pour une place dans le dernier carr\u00e9.<\/p>\n<p><strong><em>Dicodusport<br \/>\n<a href=\"https:\/\/www.facebook.com\/dicodusport\/\" target=\"_blank\" rel=\"noopener\"><img loading=\"lazy\" decoding=\"async\" class=\"alignnone wp-image-2909\" src=\"http:\/\/dicodusport.fr\/blog\/wp-content\/uploads\/2017\/07\/logo-facebook-150x150.png\" alt=\"\" width=\"40\" height=\"40\" \/><\/a><a href=\"https:\/\/twitter.com\/dicodusport\" target=\"_blank\" rel=\"noopener\"><img loading=\"lazy\" decoding=\"async\" class=\"alignnone wp-image-2908\" src=\"http:\/\/dicodusport.fr\/blog\/wp-content\/uploads\/2017\/07\/logo-twitter-150x150.png\" alt=\"\" width=\"39\" height=\"39\" \/><\/a><\/em><\/strong><\/p>\n","protected":false},"excerpt":{"rendered":"<p>ATP &#8211; Beno\u00eet Paire s&rsquo;est qualifi\u00e9 pour les quarts de finale du tournoi de Washington ce vendredi, battant en deux manches l&rsquo;Am\u00e9ricain John Isner (7-6, 6-3).<\/p>\n","protected":false},"author":4,"featured_media":44452,"comment_status":"open","ping_status":"closed","sticky":false,"template":"","format":"standard","meta":{"_acf_changed":false,"_daextam_enable_autolinks":"","footnotes":""},"categories":[2302],"tags":[156,5942,136,6107],"class_list":["post-44451","post","type-post","status-publish","format-standard","has-post-thumbnail","hentry","category-tennis","tag-atp","tag-benoit-paire","tag-tennis","tag-washington"],"acf":[],"yoast_head":"<!-- This site is optimized with the Yoast SEO Premium plugin v26.7 (Yoast SEO v26.7) - https:\/\/yoast.com\/wordpress\/plugins\/seo\/ -->\n<title>ATP Washington : Beno\u00eet Paire verra les quarts de finale<\/title>\n<meta name=\"description\" content=\"ATP - Beno\u00eet Paire s&#039;est qualifi\u00e9 pour les quarts de finale du tournoi de Washington ce vendredi, battant en deux manches l&#039;Am\u00e9ricain John Isner (7-6, 6-3).\" \/>\n<meta name=\"robots\" content=\"index, follow, max-snippet:-1, max-image-preview:large, max-video-preview:-1\" \/>\n<link rel=\"canonical\" href=\"https:\/\/dicodusport.fr\/blog\/atp-washington-benoit-paire-verra-les-quarts-de-finale\/\" \/>\n<meta property=\"og:locale\" content=\"fr_FR\" \/>\n<meta property=\"og:type\" content=\"article\" \/>\n<meta property=\"og:title\" content=\"ATP Washington : Beno\u00eet Paire verra les quarts de finale\" \/>\n<meta property=\"og:description\" content=\"ATP - Beno\u00eet Paire s&#039;est qualifi\u00e9 pour les quarts de finale du tournoi de Washington ce vendredi, battant en deux manches l&#039;Am\u00e9ricain John Isner (7-6, 6-3).\" \/>\n<meta property=\"og:url\" content=\"https:\/\/dicodusport.fr\/blog\/atp-washington-benoit-paire-verra-les-quarts-de-finale\/\" \/>\n<meta property=\"og:site_name\" content=\"Dicodusport\" \/>\n<meta property=\"article:publisher\" content=\"https:\/\/www.facebook.com\/dicodusport\" \/>\n<meta property=\"article:author\" content=\"https:\/\/www.facebook.com\/florent.ostermann\" \/>\n<meta property=\"article:published_time\" content=\"2019-08-02T06:27:02+00:00\" \/>\n<meta property=\"article:modified_time\" content=\"2019-08-02T06:50:30+00:00\" \/>\n<meta property=\"og:image\" content=\"https:\/\/dicodusport.fr\/blog\/wp-content\/uploads\/2019\/08\/Beno\u00eet-Paire-Washington.png\" \/>\n\t<meta property=\"og:image:width\" content=\"800\" \/>\n\t<meta property=\"og:image:height\" content=\"445\" \/>\n\t<meta property=\"og:image:type\" content=\"image\/png\" \/>\n<meta name=\"author\" content=\"Flo Ostermann\" \/>\n<meta name=\"twitter:card\" content=\"summary_large_image\" \/>\n<meta name=\"twitter:title\" content=\"ATP Washington : Beno\u00eet Paire verra les quarts de finale\" \/>\n<meta name=\"twitter:creator\" content=\"@https:\/\/twitter.com\/FlOstermann\" \/>\n<meta name=\"twitter:site\" content=\"@dicodusport\" \/>\n<script type=\"application\/ld+json\" class=\"yoast-schema-graph\">{\"@context\":\"https:\/\/schema.org\",\"@graph\":[{\"@type\":\"NewsArticle\",\"@id\":\"https:\/\/dicodusport.fr\/blog\/atp-washington-benoit-paire-verra-les-quarts-de-finale\/#article\",\"isPartOf\":{\"@id\":\"https:\/\/dicodusport.fr\/blog\/atp-washington-benoit-paire-verra-les-quarts-de-finale\/\"},\"author\":{\"name\":\"Flo Ostermann\",\"@id\":\"https:\/\/dicodusport.fr\/blog\/#\/schema\/person\/cb02af4c173ce4a653b55e9baf388d4a\"},\"headline\":\"ATP Washington : Beno\u00eet Paire verra les quarts de finale\",\"datePublished\":\"2019-08-02T06:27:02+00:00\",\"dateModified\":\"2019-08-02T06:50:30+00:00\",\"mainEntityOfPage\":{\"@id\":\"https:\/\/dicodusport.fr\/blog\/atp-washington-benoit-paire-verra-les-quarts-de-finale\/\"},\"wordCount\":119,\"commentCount\":0,\"publisher\":{\"@id\":\"https:\/\/dicodusport.fr\/blog\/#organization\"},\"image\":{\"@id\":\"https:\/\/dicodusport.fr\/blog\/atp-washington-benoit-paire-verra-les-quarts-de-finale\/#primaryimage\"},\"thumbnailUrl\":\"https:\/\/dicodusport.fr\/blog\/wp-content\/uploads\/2019\/08\/Beno\u00eet-Paire-Washington.png\",\"keywords\":[\"ATP\",\"Beno\u00eet Paire\",\"Tennis\",\"Washington\"],\"articleSection\":[\"Tennis\"],\"inLanguage\":\"fr-FR\",\"potentialAction\":[{\"@type\":\"CommentAction\",\"name\":\"Comment\",\"target\":[\"https:\/\/dicodusport.fr\/blog\/atp-washington-benoit-paire-verra-les-quarts-de-finale\/#respond\"]}],\"copyrightYear\":\"2019\",\"copyrightHolder\":{\"@id\":\"https:\/\/dicodusport.fr\/blog\/#organization\"}},{\"@type\":\"WebPage\",\"@id\":\"https:\/\/dicodusport.fr\/blog\/atp-washington-benoit-paire-verra-les-quarts-de-finale\/\",\"url\":\"https:\/\/dicodusport.fr\/blog\/atp-washington-benoit-paire-verra-les-quarts-de-finale\/\",\"name\":\"ATP Washington : Beno\u00eet Paire verra les quarts de finale\",\"isPartOf\":{\"@id\":\"https:\/\/dicodusport.fr\/blog\/#website\"},\"primaryImageOfPage\":{\"@id\":\"https:\/\/dicodusport.fr\/blog\/atp-washington-benoit-paire-verra-les-quarts-de-finale\/#primaryimage\"},\"image\":{\"@id\":\"https:\/\/dicodusport.fr\/blog\/atp-washington-benoit-paire-verra-les-quarts-de-finale\/#primaryimage\"},\"thumbnailUrl\":\"https:\/\/dicodusport.fr\/blog\/wp-content\/uploads\/2019\/08\/Beno\u00eet-Paire-Washington.png\",\"datePublished\":\"2019-08-02T06:27:02+00:00\",\"dateModified\":\"2019-08-02T06:50:30+00:00\",\"description\":\"ATP - Beno\u00eet Paire s'est qualifi\u00e9 pour les quarts de finale du tournoi de Washington ce vendredi, battant en deux manches l'Am\u00e9ricain John Isner (7-6, 6-3).\",\"breadcrumb\":{\"@id\":\"https:\/\/dicodusport.fr\/blog\/atp-washington-benoit-paire-verra-les-quarts-de-finale\/#breadcrumb\"},\"inLanguage\":\"fr-FR\",\"potentialAction\":[{\"@type\":\"ReadAction\",\"target\":[\"https:\/\/dicodusport.fr\/blog\/atp-washington-benoit-paire-verra-les-quarts-de-finale\/\"]}]},{\"@type\":\"ImageObject\",\"inLanguage\":\"fr-FR\",\"@id\":\"https:\/\/dicodusport.fr\/blog\/atp-washington-benoit-paire-verra-les-quarts-de-finale\/#primaryimage\",\"url\":\"https:\/\/dicodusport.fr\/blog\/wp-content\/uploads\/2019\/08\/Beno\u00eet-Paire-Washington.png\",\"contentUrl\":\"https:\/\/dicodusport.fr\/blog\/wp-content\/uploads\/2019\/08\/Beno\u00eet-Paire-Washington.png\",\"width\":800,\"height\":445},{\"@type\":\"BreadcrumbList\",\"@id\":\"https:\/\/dicodusport.fr\/blog\/atp-washington-benoit-paire-verra-les-quarts-de-finale\/#breadcrumb\",\"itemListElement\":[{\"@type\":\"ListItem\",\"position\":1,\"name\":\"Accueil\",\"item\":\"https:\/\/dicodusport.fr\/blog\/\"},{\"@type\":\"ListItem\",\"position\":2,\"name\":\"ATP Washington : Beno\u00eet Paire verra les quarts de finale\"}]},{\"@type\":\"WebSite\",\"@id\":\"https:\/\/dicodusport.fr\/blog\/#website\",\"url\":\"https:\/\/dicodusport.fr\/blog\/\",\"name\":\"Dicodusport\",\"description\":\"L&#039;encyclop\u00e9die de l&#039;actualit\u00e9 sportive\",\"publisher\":{\"@id\":\"https:\/\/dicodusport.fr\/blog\/#organization\"},\"potentialAction\":[{\"@type\":\"SearchAction\",\"target\":{\"@type\":\"EntryPoint\",\"urlTemplate\":\"https:\/\/dicodusport.fr\/blog\/?s={search_term_string}\"},\"query-input\":{\"@type\":\"PropertyValueSpecification\",\"valueRequired\":true,\"valueName\":\"search_term_string\"}}],\"inLanguage\":\"fr-FR\"},{\"@type\":\"NewsMediaOrganization\",\"@id\":\"https:\/\/dicodusport.fr\/blog\/#organization\",\"name\":\"Dicodusport\",\"url\":\"https:\/\/dicodusport.fr\/blog\/\",\"logo\":{\"@type\":\"ImageObject\",\"inLanguage\":\"fr-FR\",\"@id\":\"https:\/\/dicodusport.fr\/blog\/#\/schema\/logo\/image\/\",\"url\":\"https:\/\/dicodusport.fr\/blog\/wp-content\/uploads\/2020\/06\/cropped-LOGO-DICODUSPORT-2020-SANS-FOND-SANS-TEXTE.png\",\"contentUrl\":\"https:\/\/dicodusport.fr\/blog\/wp-content\/uploads\/2020\/06\/cropped-LOGO-DICODUSPORT-2020-SANS-FOND-SANS-TEXTE.png\",\"width\":512,\"height\":512,\"caption\":\"Dicodusport\"},\"image\":{\"@id\":\"https:\/\/dicodusport.fr\/blog\/#\/schema\/logo\/image\/\"},\"sameAs\":[\"https:\/\/www.facebook.com\/dicodusport\",\"https:\/\/x.com\/dicodusport\",\"https:\/\/www.instagram.com\/dicodusport\/\",\"https:\/\/www.youtube.com\/channel\/UC7V2KZ5sd3htJivAbA4ZG3w\"],\"description\":\"Dicodusport est l'encyclop\u00e9die de l'actualit\u00e9 sportive.\",\"email\":\"bonjour@dicodusport.fr\",\"legalName\":\"DICODUSPORT\",\"foundingDate\":\"2018-01-14\",\"vatID\":\"FR71834470973\",\"taxID\":\"83447097300043\",\"numberOfEmployees\":{\"@type\":\"QuantitativeValue\",\"minValue\":\"1\",\"maxValue\":\"10\"}},{\"@type\":\"Person\",\"@id\":\"https:\/\/dicodusport.fr\/blog\/#\/schema\/person\/cb02af4c173ce4a653b55e9baf388d4a\",\"name\":\"Flo Ostermann\",\"image\":{\"@type\":\"ImageObject\",\"inLanguage\":\"fr-FR\",\"@id\":\"https:\/\/dicodusport.fr\/blog\/#\/schema\/person\/image\/\",\"url\":\"https:\/\/dicodusport.fr\/blog\/wp-content\/uploads\/2021\/05\/Flo-Ostermann-150x150.jpg\",\"contentUrl\":\"https:\/\/dicodusport.fr\/blog\/wp-content\/uploads\/2021\/05\/Flo-Ostermann-150x150.jpg\",\"caption\":\"Flo Ostermann\"},\"description\":\"Journaliste\/R\u00e9dacteur depuis septembre 2015 - Mes premiers souvenirs dans le sport ? Les envol\u00e9es du Stade Toulousain et les duels Villeneuve-Schumacher et H\u00e4kkinen-Schumacher \u00e0 la fin des ann\u00e9es 90, la Coupe du monde de football en 1998, l\u2019exploit du XV de France face aux All Blacks en 1999, mais aussi Richard C\u0153ur de Lion qui vole sur les montagnes du Tour de France. Bien parti pour devenir professeur d\u2019EPS, les \u00e9v\u00e9nements de la vie (et la flemme d\u2019animer des s\u00e9ances de 3x500 m\u00e8tres toute ma vie) m\u2019ont conduit \u00e0 revoir mes plans. Me voil\u00e0 depuis fin 2017 sur Dicodusport, m\u00e9dia gr\u00e2ce (et pour) lequel je partage ma passion : le sport dans tous ses \u00e9tats. Le tout accompagn\u00e9 par les fous furieux et folles furieuses cit\u00e9s sur cette page !\",\"sameAs\":[\"https:\/\/www.facebook.com\/florent.ostermann\",\"https:\/\/x.com\/https:\/\/twitter.com\/FlOstermann\",\"admin\"],\"url\":\"https:\/\/dicodusport.fr\/blog\/author\/flo\/\"}]}<\/script>\n<!-- \/ Yoast SEO Premium plugin. -->","yoast_head_json":{"title":"ATP Washington : Beno\u00eet Paire verra les quarts de finale","description":"ATP - Beno\u00eet Paire s'est qualifi\u00e9 pour les quarts de finale du tournoi de Washington ce vendredi, battant en deux manches l'Am\u00e9ricain John Isner (7-6, 6-3).","robots":{"index":"index","follow":"follow","max-snippet":"max-snippet:-1","max-image-preview":"max-image-preview:large","max-video-preview":"max-video-preview:-1"},"canonical":"https:\/\/dicodusport.fr\/blog\/atp-washington-benoit-paire-verra-les-quarts-de-finale\/","og_locale":"fr_FR","og_type":"article","og_title":"ATP Washington : Beno\u00eet Paire verra les quarts de finale","og_description":"ATP - Beno\u00eet Paire s'est qualifi\u00e9 pour les quarts de finale du tournoi de Washington ce vendredi, battant en deux manches l'Am\u00e9ricain John Isner (7-6, 6-3).","og_url":"https:\/\/dicodusport.fr\/blog\/atp-washington-benoit-paire-verra-les-quarts-de-finale\/","og_site_name":"Dicodusport","article_publisher":"https:\/\/www.facebook.com\/dicodusport","article_author":"https:\/\/www.facebook.com\/florent.ostermann","article_published_time":"2019-08-02T06:27:02+00:00","article_modified_time":"2019-08-02T06:50:30+00:00","og_image":[{"width":800,"height":445,"url":"https:\/\/dicodusport.fr\/blog\/wp-content\/uploads\/2019\/08\/Beno\u00eet-Paire-Washington.png","type":"image\/png"}],"author":"Flo Ostermann","twitter_card":"summary_large_image","twitter_title":"ATP Washington : Beno\u00eet Paire verra les quarts de finale","twitter_creator":"@https:\/\/twitter.com\/FlOstermann","twitter_site":"@dicodusport","schema":{"@context":"https:\/\/schema.org","@graph":[{"@type":"NewsArticle","@id":"https:\/\/dicodusport.fr\/blog\/atp-washington-benoit-paire-verra-les-quarts-de-finale\/#article","isPartOf":{"@id":"https:\/\/dicodusport.fr\/blog\/atp-washington-benoit-paire-verra-les-quarts-de-finale\/"},"author":{"name":"Flo Ostermann","@id":"https:\/\/dicodusport.fr\/blog\/#\/schema\/person\/cb02af4c173ce4a653b55e9baf388d4a"},"headline":"ATP Washington : Beno\u00eet Paire verra les quarts de finale","datePublished":"2019-08-02T06:27:02+00:00","dateModified":"2019-08-02T06:50:30+00:00","mainEntityOfPage":{"@id":"https:\/\/dicodusport.fr\/blog\/atp-washington-benoit-paire-verra-les-quarts-de-finale\/"},"wordCount":119,"commentCount":0,"publisher":{"@id":"https:\/\/dicodusport.fr\/blog\/#organization"},"image":{"@id":"https:\/\/dicodusport.fr\/blog\/atp-washington-benoit-paire-verra-les-quarts-de-finale\/#primaryimage"},"thumbnailUrl":"https:\/\/dicodusport.fr\/blog\/wp-content\/uploads\/2019\/08\/Beno\u00eet-Paire-Washington.png","keywords":["ATP","Beno\u00eet Paire","Tennis","Washington"],"articleSection":["Tennis"],"inLanguage":"fr-FR","potentialAction":[{"@type":"CommentAction","name":"Comment","target":["https:\/\/dicodusport.fr\/blog\/atp-washington-benoit-paire-verra-les-quarts-de-finale\/#respond"]}],"copyrightYear":"2019","copyrightHolder":{"@id":"https:\/\/dicodusport.fr\/blog\/#organization"}},{"@type":"WebPage","@id":"https:\/\/dicodusport.fr\/blog\/atp-washington-benoit-paire-verra-les-quarts-de-finale\/","url":"https:\/\/dicodusport.fr\/blog\/atp-washington-benoit-paire-verra-les-quarts-de-finale\/","name":"ATP Washington : Beno\u00eet Paire verra les quarts de finale","isPartOf":{"@id":"https:\/\/dicodusport.fr\/blog\/#website"},"primaryImageOfPage":{"@id":"https:\/\/dicodusport.fr\/blog\/atp-washington-benoit-paire-verra-les-quarts-de-finale\/#primaryimage"},"image":{"@id":"https:\/\/dicodusport.fr\/blog\/atp-washington-benoit-paire-verra-les-quarts-de-finale\/#primaryimage"},"thumbnailUrl":"https:\/\/dicodusport.fr\/blog\/wp-content\/uploads\/2019\/08\/Beno\u00eet-Paire-Washington.png","datePublished":"2019-08-02T06:27:02+00:00","dateModified":"2019-08-02T06:50:30+00:00","description":"ATP - Beno\u00eet Paire s'est qualifi\u00e9 pour les quarts de finale du tournoi de Washington ce vendredi, battant en deux manches l'Am\u00e9ricain John Isner (7-6, 6-3).","breadcrumb":{"@id":"https:\/\/dicodusport.fr\/blog\/atp-washington-benoit-paire-verra-les-quarts-de-finale\/#breadcrumb"},"inLanguage":"fr-FR","potentialAction":[{"@type":"ReadAction","target":["https:\/\/dicodusport.fr\/blog\/atp-washington-benoit-paire-verra-les-quarts-de-finale\/"]}]},{"@type":"ImageObject","inLanguage":"fr-FR","@id":"https:\/\/dicodusport.fr\/blog\/atp-washington-benoit-paire-verra-les-quarts-de-finale\/#primaryimage","url":"https:\/\/dicodusport.fr\/blog\/wp-content\/uploads\/2019\/08\/Beno\u00eet-Paire-Washington.png","contentUrl":"https:\/\/dicodusport.fr\/blog\/wp-content\/uploads\/2019\/08\/Beno\u00eet-Paire-Washington.png","width":800,"height":445},{"@type":"BreadcrumbList","@id":"https:\/\/dicodusport.fr\/blog\/atp-washington-benoit-paire-verra-les-quarts-de-finale\/#breadcrumb","itemListElement":[{"@type":"ListItem","position":1,"name":"Accueil","item":"https:\/\/dicodusport.fr\/blog\/"},{"@type":"ListItem","position":2,"name":"ATP Washington : Beno\u00eet Paire verra les quarts de finale"}]},{"@type":"WebSite","@id":"https:\/\/dicodusport.fr\/blog\/#website","url":"https:\/\/dicodusport.fr\/blog\/","name":"Dicodusport","description":"L&#039;encyclop\u00e9die de l&#039;actualit\u00e9 sportive","publisher":{"@id":"https:\/\/dicodusport.fr\/blog\/#organization"},"potentialAction":[{"@type":"SearchAction","target":{"@type":"EntryPoint","urlTemplate":"https:\/\/dicodusport.fr\/blog\/?s={search_term_string}"},"query-input":{"@type":"PropertyValueSpecification","valueRequired":true,"valueName":"search_term_string"}}],"inLanguage":"fr-FR"},{"@type":"NewsMediaOrganization","@id":"https:\/\/dicodusport.fr\/blog\/#organization","name":"Dicodusport","url":"https:\/\/dicodusport.fr\/blog\/","logo":{"@type":"ImageObject","inLanguage":"fr-FR","@id":"https:\/\/dicodusport.fr\/blog\/#\/schema\/logo\/image\/","url":"https:\/\/dicodusport.fr\/blog\/wp-content\/uploads\/2020\/06\/cropped-LOGO-DICODUSPORT-2020-SANS-FOND-SANS-TEXTE.png","contentUrl":"https:\/\/dicodusport.fr\/blog\/wp-content\/uploads\/2020\/06\/cropped-LOGO-DICODUSPORT-2020-SANS-FOND-SANS-TEXTE.png","width":512,"height":512,"caption":"Dicodusport"},"image":{"@id":"https:\/\/dicodusport.fr\/blog\/#\/schema\/logo\/image\/"},"sameAs":["https:\/\/www.facebook.com\/dicodusport","https:\/\/x.com\/dicodusport","https:\/\/www.instagram.com\/dicodusport\/","https:\/\/www.youtube.com\/channel\/UC7V2KZ5sd3htJivAbA4ZG3w"],"description":"Dicodusport est l'encyclop\u00e9die de l'actualit\u00e9 sportive.","email":"bonjour@dicodusport.fr","legalName":"DICODUSPORT","foundingDate":"2018-01-14","vatID":"FR71834470973","taxID":"83447097300043","numberOfEmployees":{"@type":"QuantitativeValue","minValue":"1","maxValue":"10"}},{"@type":"Person","@id":"https:\/\/dicodusport.fr\/blog\/#\/schema\/person\/cb02af4c173ce4a653b55e9baf388d4a","name":"Flo Ostermann","image":{"@type":"ImageObject","inLanguage":"fr-FR","@id":"https:\/\/dicodusport.fr\/blog\/#\/schema\/person\/image\/","url":"https:\/\/dicodusport.fr\/blog\/wp-content\/uploads\/2021\/05\/Flo-Ostermann-150x150.jpg","contentUrl":"https:\/\/dicodusport.fr\/blog\/wp-content\/uploads\/2021\/05\/Flo-Ostermann-150x150.jpg","caption":"Flo Ostermann"},"description":"Journaliste\/R\u00e9dacteur depuis septembre 2015 - Mes premiers souvenirs dans le sport ? Les envol\u00e9es du Stade Toulousain et les duels Villeneuve-Schumacher et H\u00e4kkinen-Schumacher \u00e0 la fin des ann\u00e9es 90, la Coupe du monde de football en 1998, l\u2019exploit du XV de France face aux All Blacks en 1999, mais aussi Richard C\u0153ur de Lion qui vole sur les montagnes du Tour de France. Bien parti pour devenir professeur d\u2019EPS, les \u00e9v\u00e9nements de la vie (et la flemme d\u2019animer des s\u00e9ances de 3x500 m\u00e8tres toute ma vie) m\u2019ont conduit \u00e0 revoir mes plans. Me voil\u00e0 depuis fin 2017 sur Dicodusport, m\u00e9dia gr\u00e2ce (et pour) lequel je partage ma passion : le sport dans tous ses \u00e9tats. Le tout accompagn\u00e9 par les fous furieux et folles furieuses cit\u00e9s sur cette page !","sameAs":["https:\/\/www.facebook.com\/florent.ostermann","https:\/\/x.com\/https:\/\/twitter.com\/FlOstermann","admin"],"url":"https:\/\/dicodusport.fr\/blog\/author\/flo\/"}]}},"_links":{"self":[{"href":"https:\/\/dicodusport.fr\/blog\/wp-json\/wp\/v2\/posts\/44451","targetHints":{"allow":["GET"]}}],"collection":[{"href":"https:\/\/dicodusport.fr\/blog\/wp-json\/wp\/v2\/posts"}],"about":[{"href":"https:\/\/dicodusport.fr\/blog\/wp-json\/wp\/v2\/types\/post"}],"author":[{"embeddable":true,"href":"https:\/\/dicodusport.fr\/blog\/wp-json\/wp\/v2\/users\/4"}],"replies":[{"embeddable":true,"href":"https:\/\/dicodusport.fr\/blog\/wp-json\/wp\/v2\/comments?post=44451"}],"version-history":[{"count":0,"href":"https:\/\/dicodusport.fr\/blog\/wp-json\/wp\/v2\/posts\/44451\/revisions"}],"wp:featuredmedia":[{"embeddable":true,"href":"https:\/\/dicodusport.fr\/blog\/wp-json\/wp\/v2\/media\/44452"}],"wp:attachment":[{"href":"https:\/\/dicodusport.fr\/blog\/wp-json\/wp\/v2\/media?parent=44451"}],"wp:term":[{"taxonomy":"category","embeddable":true,"href":"https:\/\/dicodusport.fr\/blog\/wp-json\/wp\/v2\/categories?post=44451"},{"taxonomy":"post_tag","embeddable":true,"href":"https:\/\/dicodusport.fr\/blog\/wp-json\/wp\/v2\/tags?post=44451"}],"curies":[{"name":"wp","href":"https:\/\/api.w.org\/{rel}","templated":true}]}}