{"id":444741,"date":"2023-12-12T10:08:44","date_gmt":"2023-12-12T09:08:44","guid":{"rendered":"https:\/\/dicodusport.fr\/blog\/?p=444741&#038;preview=true&#038;preview_id=444741"},"modified":"2023-12-12T10:20:33","modified_gmt":"2023-12-12T09:20:33","slug":"rennes-villarreal-chaine-tv-et-heure-du-match","status":"publish","type":"post","link":"https:\/\/dicodusport.fr\/blog\/rennes-villarreal-chaine-tv-et-heure-du-match\/","title":{"rendered":"Rennes &#8211; Villarreal : Cha\u00eene TV et Heure du match"},"content":{"rendered":"<p style=\"text-align: justify;\"><em><b>LIGUE EUROPA 2023-2024 &#8211; Ce jeudi, Rennes re\u00e7oit Villarreal pour la sixi\u00e8me journ\u00e9e de la Ligue Europa 2023-2024. D\u00e9couvrez le programme TV.<\/b><\/em><\/p>\n<p style=\"text-align: justify;\">Le <strong>Stade<\/strong> <strong>Rennais<\/strong> semblait avoir repris du poil de la b\u00eate avec l&rsquo;arriv\u00e9e de Julien St\u00e9phan. Mais le club breton vient de chuter \u00e0 deux reprises. <strong>Rennes<\/strong> s&rsquo;est inclin\u00e9 face \u00e0 l&rsquo;<strong>Olympique de<\/strong> <strong>Marseille<\/strong> au <strong>V\u00e9lodrome<\/strong> puis \u00e0 la maison face \u00e0 l&rsquo;<strong>AS Monaco<\/strong> le week-end dernier. Les Rennais sont d\u00e9j\u00e0 qualifi\u00e9s pour les seizi\u00e8mes de finale de la comp\u00e9tition europ\u00e9enne, mais ont besoin d&rsquo;un nul pour s&rsquo;assurer la premi\u00e8re place du groupe.<\/p>\n<ul style=\"text-align: justify;\">\n<li style=\"text-align: justify;\"><strong>\u00c0 lire aussi &#8211; Pronostic Rennes &#8211; Villarreal : Cotes, analyse et conseil (\u00e0 venir)<\/strong><\/li>\n<\/ul>\n<p style=\"text-align: justify;\"><strong>Villarreal<\/strong> est seulement treizi\u00e8me de Liga mais est aussi d\u00e9j\u00e0 qualifi\u00e9 en <strong>Ligue<\/strong> <strong>Europa<\/strong>. Le sous-marin jaune aurait m\u00eame pu \u00eatre \u00e0 hauteur du Stade Rennais en nombre de points s&rsquo;il n&rsquo;avait pas conc\u00e9d\u00e9 le nul \u00e0 la maison la semaine pass\u00e9e face au <strong>Maccabi<\/strong> <strong>Haifa<\/strong>. En championnat, <strong>Villarreal<\/strong> reste sur une lourde d\u00e9faite \u00e0 la maison face \u00e0 la <strong>Real<\/strong> <strong>Sociedad<\/strong>.<\/p>\n<p style=\"text-align: justify;\">Au match aller, <strong>Villarreal<\/strong> s&rsquo;est impos\u00e9 un \u00e0 z\u00e9ro face au <strong>Stade<\/strong> <strong>Rennais<\/strong>. Pour cette rencontre retour, <strong>Rennes<\/strong> est l\u00e9g\u00e8rement favori chez les bookmakers malgr\u00e9 ses deux derniers mauvais r\u00e9sultats.<\/p>\n<h2 style=\"text-align: justify;\">Ligue Europa : Le Programme TV du match Rennes &#8211; Villarreal<\/h2>\n<h3 style=\"text-align: justify;\">Jeudi 14 d\u00e9cembre 2023<\/h3>\n<p style=\"text-align: justify;\"><b>Match diffus\u00e9 sur RMC Sport 1<\/b><b>\u00a0: <\/b>D\u00e9but du match \u00e0<strong> 18h45.<\/strong><\/p>\n<h2 style=\"text-align: justify;\">Les cotes de Rennes &#8211; Villarreal<\/h2>\n<table style=\"width: 800px;\">\n<tbody>\n<tr style=\"height: 16px;\">\n<td style=\"background-color: #404040; text-align: left; border-color: #ededed; width: 500px;\" colspan=\"3\"><span style=\"font-size: 12px; color: #ffffff;\">Jeudi 14 d\u00e9cembre, 18h45<\/span><\/td>\n<\/tr>\n<tr style=\"height: 24px;\">\n<td style=\"background-color: #ffffff; border-color: #ededed; vertical-align: middle; text-align: center; width: 266px;\"><span style=\"font-size: 10px;\"><span style=\"font-size: 14px;\"><strong>Rennes<\/strong><\/span><br \/>\n<a href=\"https:\/\/www.winamax.fr\/paris-sportifs\/match\/43476257?banid=33423\" class=\"su-button su-button-style-flat su-button-wide\" style=\"color:#fff;background-color:#fe4c00;border-color:#cc3d00;border-radius:5px\" target=\"_blank\" rel=\"noopener noreferrer\"><span style=\"color:#fff;padding:0px 20px;font-size:16px;line-height:32px;border-color:#ff824d;border-radius:5px;text-shadow:none\"> 2.15<\/span><\/a><\/span><\/td>\n<td style=\"background-color: #ffffff; border-color: #ededed; vertical-align: middle; text-align: center; width: 266px;\"><span style=\"font-size: 10px;\"><span style=\"font-size: 14px;\"><strong>Match nul<\/strong><\/span><br \/>\n<a href=\"https:\/\/www.winamax.fr\/paris-sportifs\/match\/43476257?banid=33423\" class=\"su-button su-button-style-flat su-button-wide\" style=\"color:#fff;background-color:#fe4c00;border-color:#cc3d00;border-radius:5px\" target=\"_blank\" rel=\"noopener noreferrer\"><span style=\"color:#fff;padding:0px 20px;font-size:16px;line-height:32px;border-color:#ff824d;border-radius:5px;text-shadow:none\"> 3.55<\/span><\/a><\/span><\/td>\n<td style=\"background-color: #ffffff; border-color: #ededed; vertical-align: middle; text-align: center; width: 266px;\"><span style=\"font-size: 10px;\"><span style=\"font-size: 14px;\"><strong>Villarreal<\/strong><\/span><br \/>\n<a href=\"https:\/\/www.winamax.fr\/paris-sportifs\/match\/43476257?banid=33423\" class=\"su-button su-button-style-flat su-button-wide\" style=\"color:#fff;background-color:#fe4c00;border-color:#cc3d00;border-radius:5px\" target=\"_blank\" rel=\"noopener noreferrer\"><span style=\"color:#fff;padding:0px 20px;font-size:16px;line-height:32px;border-color:#ff824d;border-radius:5px;text-shadow:none\"> 3.20<\/span><\/a><\/span><\/td>\n<\/tr>\n<\/tbody>\n<\/table>\n<p style=\"text-align: justify;\">Tentez votre chance en profitant de votre <a href=\"https:\/\/www.winamax.fr\/registration\/landing\/affiliation_Bonus100?banid=33423\">1er d\u00e9p\u00f4t doubl\u00e9 jusqu&rsquo;\u00e0 100 \u20ac<\/a> direct en paris gratuits sur Winamax !<\/p>\n","protected":false},"excerpt":{"rendered":"<p>LIGUE EUROPA 2023-2024 &#8211; Ce jeudi, Rennes re\u00e7oit Villarreal pour la sixi\u00e8me journ\u00e9e de la Ligue Europa 2023-2024. D\u00e9couvrez le programme TV.<\/p>\n","protected":false},"author":1,"featured_media":444743,"comment_status":"open","ping_status":"closed","sticky":false,"template":"","format":"standard","meta":{"_acf_changed":false,"_daextam_enable_autolinks":"1","footnotes":""},"categories":[2301],"tags":[17213,75,21872,21768,1554,8799,1840,3828],"class_list":["post-444741","post","type-post","status-publish","format-standard","has-post-thumbnail","hentry","category-football","tag-chaine","tag-football","tag-heure","tag-horaire","tag-ligue-1","tag-programme-tv","tag-rennes","tag-villarreal"],"acf":[],"yoast_head":"<!-- This site is optimized with the Yoast SEO Premium plugin v26.7 (Yoast SEO v26.7) - https:\/\/yoast.com\/wordpress\/plugins\/seo\/ -->\n<title>Rennes - Villarreal : Cha\u00eene TV et Heure du match<\/title>\n<meta name=\"description\" content=\"LIGUE EUROPA 2023-2024 - Ce jeudi, Rennes re\u00e7oit Villarreal pour la sixi\u00e8me journ\u00e9e de la Ligue Europa 2023-2024. D\u00e9couvrez le programme TV.\" \/>\n<meta name=\"robots\" content=\"index, follow, max-snippet:-1, max-image-preview:large, max-video-preview:-1\" \/>\n<link rel=\"canonical\" href=\"https:\/\/dicodusport.fr\/blog\/rennes-villarreal-chaine-tv-et-heure-du-match\/\" \/>\n<meta property=\"og:locale\" content=\"fr_FR\" \/>\n<meta property=\"og:type\" content=\"article\" \/>\n<meta property=\"og:title\" content=\"Rennes - Villarreal : Cha\u00eene TV et Heure du match\" \/>\n<meta property=\"og:description\" content=\"LIGUE EUROPA 2023-2024 - Ce jeudi, Rennes re\u00e7oit Villarreal pour la sixi\u00e8me journ\u00e9e de la Ligue Europa 2023-2024. D\u00e9couvrez le programme TV.\" \/>\n<meta property=\"og:url\" content=\"https:\/\/dicodusport.fr\/blog\/rennes-villarreal-chaine-tv-et-heure-du-match\/\" \/>\n<meta property=\"og:site_name\" content=\"Dicodusport\" \/>\n<meta property=\"article:publisher\" content=\"https:\/\/www.facebook.com\/dicodusport\" \/>\n<meta property=\"article:author\" content=\"https:\/\/www.facebook.com\/dicodusport\" \/>\n<meta property=\"article:published_time\" content=\"2023-12-12T09:08:44+00:00\" \/>\n<meta property=\"article:modified_time\" content=\"2023-12-12T09:20:33+00:00\" \/>\n<meta property=\"og:image\" content=\"https:\/\/dicodusport.fr\/blog\/wp-content\/uploads\/2023\/12\/Rennes-Villarreal-Chaine-TV-et-Heure-du-match.png\" \/>\n\t<meta property=\"og:image:width\" content=\"1200\" \/>\n\t<meta property=\"og:image:height\" content=\"674\" \/>\n\t<meta property=\"og:image:type\" content=\"image\/png\" \/>\n<meta name=\"author\" content=\"Nicolas Jacquemard\" \/>\n<meta name=\"twitter:card\" content=\"summary_large_image\" \/>\n<meta name=\"twitter:title\" content=\"Rennes - Villarreal : Cha\u00eene TV et Heure du match\" \/>\n<meta name=\"twitter:creator\" content=\"@https:\/\/twitter.com\/Nico_Jacquemard\" \/>\n<meta name=\"twitter:site\" content=\"@dicodusport\" \/>\n<script type=\"application\/ld+json\" class=\"yoast-schema-graph\">{\"@context\":\"https:\/\/schema.org\",\"@graph\":[{\"@type\":\"NewsArticle\",\"@id\":\"https:\/\/dicodusport.fr\/blog\/rennes-villarreal-chaine-tv-et-heure-du-match\/#article\",\"isPartOf\":{\"@id\":\"https:\/\/dicodusport.fr\/blog\/rennes-villarreal-chaine-tv-et-heure-du-match\/\"},\"author\":{\"name\":\"Nicolas Jacquemard\",\"@id\":\"https:\/\/dicodusport.fr\/blog\/#\/schema\/person\/55dcb50ad410894e431ed812bbb70191\"},\"headline\":\"Rennes &#8211; Villarreal : Cha\u00eene TV et Heure du match\",\"datePublished\":\"2023-12-12T09:08:44+00:00\",\"dateModified\":\"2023-12-12T09:20:33+00:00\",\"mainEntityOfPage\":{\"@id\":\"https:\/\/dicodusport.fr\/blog\/rennes-villarreal-chaine-tv-et-heure-du-match\/\"},\"wordCount\":364,\"commentCount\":0,\"publisher\":{\"@id\":\"https:\/\/dicodusport.fr\/blog\/#organization\"},\"image\":{\"@id\":\"https:\/\/dicodusport.fr\/blog\/rennes-villarreal-chaine-tv-et-heure-du-match\/#primaryimage\"},\"thumbnailUrl\":\"https:\/\/dicodusport.fr\/blog\/wp-content\/uploads\/2023\/12\/Rennes-Villarreal-Chaine-TV-et-Heure-du-match.png\",\"keywords\":[\"Cha\u00eene\",\"Football\",\"Heure\",\"Horaire\",\"Ligue 1\",\"Programme TV\",\"Rennes\",\"Villarreal\"],\"articleSection\":[\"Football\"],\"inLanguage\":\"fr-FR\",\"potentialAction\":[{\"@type\":\"CommentAction\",\"name\":\"Comment\",\"target\":[\"https:\/\/dicodusport.fr\/blog\/rennes-villarreal-chaine-tv-et-heure-du-match\/#respond\"]}],\"copyrightYear\":\"2023\",\"copyrightHolder\":{\"@id\":\"https:\/\/dicodusport.fr\/blog\/#organization\"}},{\"@type\":\"WebPage\",\"@id\":\"https:\/\/dicodusport.fr\/blog\/rennes-villarreal-chaine-tv-et-heure-du-match\/\",\"url\":\"https:\/\/dicodusport.fr\/blog\/rennes-villarreal-chaine-tv-et-heure-du-match\/\",\"name\":\"Rennes - Villarreal : Cha\u00eene TV et Heure du match\",\"isPartOf\":{\"@id\":\"https:\/\/dicodusport.fr\/blog\/#website\"},\"primaryImageOfPage\":{\"@id\":\"https:\/\/dicodusport.fr\/blog\/rennes-villarreal-chaine-tv-et-heure-du-match\/#primaryimage\"},\"image\":{\"@id\":\"https:\/\/dicodusport.fr\/blog\/rennes-villarreal-chaine-tv-et-heure-du-match\/#primaryimage\"},\"thumbnailUrl\":\"https:\/\/dicodusport.fr\/blog\/wp-content\/uploads\/2023\/12\/Rennes-Villarreal-Chaine-TV-et-Heure-du-match.png\",\"datePublished\":\"2023-12-12T09:08:44+00:00\",\"dateModified\":\"2023-12-12T09:20:33+00:00\",\"description\":\"LIGUE EUROPA 2023-2024 - Ce jeudi, Rennes re\u00e7oit Villarreal pour la sixi\u00e8me journ\u00e9e de la Ligue Europa 2023-2024. D\u00e9couvrez le programme TV.\",\"breadcrumb\":{\"@id\":\"https:\/\/dicodusport.fr\/blog\/rennes-villarreal-chaine-tv-et-heure-du-match\/#breadcrumb\"},\"inLanguage\":\"fr-FR\",\"potentialAction\":[{\"@type\":\"ReadAction\",\"target\":[\"https:\/\/dicodusport.fr\/blog\/rennes-villarreal-chaine-tv-et-heure-du-match\/\"]}]},{\"@type\":\"ImageObject\",\"inLanguage\":\"fr-FR\",\"@id\":\"https:\/\/dicodusport.fr\/blog\/rennes-villarreal-chaine-tv-et-heure-du-match\/#primaryimage\",\"url\":\"https:\/\/dicodusport.fr\/blog\/wp-content\/uploads\/2023\/12\/Rennes-Villarreal-Chaine-TV-et-Heure-du-match.png\",\"contentUrl\":\"https:\/\/dicodusport.fr\/blog\/wp-content\/uploads\/2023\/12\/Rennes-Villarreal-Chaine-TV-et-Heure-du-match.png\",\"width\":1200,\"height\":674,\"caption\":\"Rennes - Villarreal Chai\u0302ne TV et Heure du match\"},{\"@type\":\"BreadcrumbList\",\"@id\":\"https:\/\/dicodusport.fr\/blog\/rennes-villarreal-chaine-tv-et-heure-du-match\/#breadcrumb\",\"itemListElement\":[{\"@type\":\"ListItem\",\"position\":1,\"name\":\"Accueil\",\"item\":\"https:\/\/dicodusport.fr\/blog\/\"},{\"@type\":\"ListItem\",\"position\":2,\"name\":\"Rennes &#8211; Villarreal : Cha\u00eene TV et Heure du match\"}]},{\"@type\":\"WebSite\",\"@id\":\"https:\/\/dicodusport.fr\/blog\/#website\",\"url\":\"https:\/\/dicodusport.fr\/blog\/\",\"name\":\"Dicodusport\",\"description\":\"L&#039;encyclop\u00e9die de l&#039;actualit\u00e9 sportive\",\"publisher\":{\"@id\":\"https:\/\/dicodusport.fr\/blog\/#organization\"},\"potentialAction\":[{\"@type\":\"SearchAction\",\"target\":{\"@type\":\"EntryPoint\",\"urlTemplate\":\"https:\/\/dicodusport.fr\/blog\/?s={search_term_string}\"},\"query-input\":{\"@type\":\"PropertyValueSpecification\",\"valueRequired\":true,\"valueName\":\"search_term_string\"}}],\"inLanguage\":\"fr-FR\"},{\"@type\":\"NewsMediaOrganization\",\"@id\":\"https:\/\/dicodusport.fr\/blog\/#organization\",\"name\":\"Dicodusport\",\"url\":\"https:\/\/dicodusport.fr\/blog\/\",\"logo\":{\"@type\":\"ImageObject\",\"inLanguage\":\"fr-FR\",\"@id\":\"https:\/\/dicodusport.fr\/blog\/#\/schema\/logo\/image\/\",\"url\":\"https:\/\/dicodusport.fr\/blog\/wp-content\/uploads\/2020\/06\/cropped-LOGO-DICODUSPORT-2020-SANS-FOND-SANS-TEXTE.png\",\"contentUrl\":\"https:\/\/dicodusport.fr\/blog\/wp-content\/uploads\/2020\/06\/cropped-LOGO-DICODUSPORT-2020-SANS-FOND-SANS-TEXTE.png\",\"width\":512,\"height\":512,\"caption\":\"Dicodusport\"},\"image\":{\"@id\":\"https:\/\/dicodusport.fr\/blog\/#\/schema\/logo\/image\/\"},\"sameAs\":[\"https:\/\/www.facebook.com\/dicodusport\",\"https:\/\/x.com\/dicodusport\",\"https:\/\/www.instagram.com\/dicodusport\/\",\"https:\/\/www.youtube.com\/channel\/UC7V2KZ5sd3htJivAbA4ZG3w\"],\"description\":\"Dicodusport est l'encyclop\u00e9die de l'actualit\u00e9 sportive.\",\"email\":\"bonjour@dicodusport.fr\",\"legalName\":\"DICODUSPORT\",\"foundingDate\":\"2018-01-14\",\"vatID\":\"FR71834470973\",\"taxID\":\"83447097300043\",\"numberOfEmployees\":{\"@type\":\"QuantitativeValue\",\"minValue\":\"1\",\"maxValue\":\"10\"}},{\"@type\":\"Person\",\"@id\":\"https:\/\/dicodusport.fr\/blog\/#\/schema\/person\/55dcb50ad410894e431ed812bbb70191\",\"name\":\"Nicolas Jacquemard\",\"image\":{\"@type\":\"ImageObject\",\"inLanguage\":\"fr-FR\",\"@id\":\"https:\/\/dicodusport.fr\/blog\/#\/schema\/person\/image\/\",\"url\":\"https:\/\/dicodusport.fr\/blog\/wp-content\/uploads\/2021\/05\/Nicolas-Jacquemard-150x150.jpeg\",\"contentUrl\":\"https:\/\/dicodusport.fr\/blog\/wp-content\/uploads\/2021\/05\/Nicolas-Jacquemard-150x150.jpeg\",\"caption\":\"Nicolas Jacquemard\"},\"description\":\"Passionn\u00e9 de sport et entrepreneur depuis mes 18 ans, la cr\u00e9ation de Dicodusport m'a sembl\u00e9 \u00e9vidente pour participer \u00e0 la m\u00e9diatisation d'un plus grand nombre de sports. Le chemin est long mais avec une \u00e9quipe des plus motiv\u00e9es et les Jeux Olympiques de Paris 2024 en point de mire, nous y arriverons ! Journaliste dans le monde du sport depuis plus de 5 ans, je traite aussi bien de football, de rugby, de biathlon que de cyclisme.\",\"sameAs\":[\"https:\/\/www.facebook.com\/dicodusport\",\"https:\/\/x.com\/https:\/\/twitter.com\/Nico_Jacquemard\"],\"url\":\"https:\/\/dicodusport.fr\/blog\/author\/dicodusport\/\"}]}<\/script>\n<!-- \/ Yoast SEO Premium plugin. -->","yoast_head_json":{"title":"Rennes - Villarreal : Cha\u00eene TV et Heure du match","description":"LIGUE EUROPA 2023-2024 - Ce jeudi, Rennes re\u00e7oit Villarreal pour la sixi\u00e8me journ\u00e9e de la Ligue Europa 2023-2024. D\u00e9couvrez le programme TV.","robots":{"index":"index","follow":"follow","max-snippet":"max-snippet:-1","max-image-preview":"max-image-preview:large","max-video-preview":"max-video-preview:-1"},"canonical":"https:\/\/dicodusport.fr\/blog\/rennes-villarreal-chaine-tv-et-heure-du-match\/","og_locale":"fr_FR","og_type":"article","og_title":"Rennes - Villarreal : Cha\u00eene TV et Heure du match","og_description":"LIGUE EUROPA 2023-2024 - Ce jeudi, Rennes re\u00e7oit Villarreal pour la sixi\u00e8me journ\u00e9e de la Ligue Europa 2023-2024. D\u00e9couvrez le programme TV.","og_url":"https:\/\/dicodusport.fr\/blog\/rennes-villarreal-chaine-tv-et-heure-du-match\/","og_site_name":"Dicodusport","article_publisher":"https:\/\/www.facebook.com\/dicodusport","article_author":"https:\/\/www.facebook.com\/dicodusport","article_published_time":"2023-12-12T09:08:44+00:00","article_modified_time":"2023-12-12T09:20:33+00:00","og_image":[{"width":1200,"height":674,"url":"https:\/\/dicodusport.fr\/blog\/wp-content\/uploads\/2023\/12\/Rennes-Villarreal-Chaine-TV-et-Heure-du-match.png","type":"image\/png"}],"author":"Nicolas Jacquemard","twitter_card":"summary_large_image","twitter_title":"Rennes - Villarreal : Cha\u00eene TV et Heure du match","twitter_creator":"@https:\/\/twitter.com\/Nico_Jacquemard","twitter_site":"@dicodusport","schema":{"@context":"https:\/\/schema.org","@graph":[{"@type":"NewsArticle","@id":"https:\/\/dicodusport.fr\/blog\/rennes-villarreal-chaine-tv-et-heure-du-match\/#article","isPartOf":{"@id":"https:\/\/dicodusport.fr\/blog\/rennes-villarreal-chaine-tv-et-heure-du-match\/"},"author":{"name":"Nicolas Jacquemard","@id":"https:\/\/dicodusport.fr\/blog\/#\/schema\/person\/55dcb50ad410894e431ed812bbb70191"},"headline":"Rennes &#8211; Villarreal : Cha\u00eene TV et Heure du match","datePublished":"2023-12-12T09:08:44+00:00","dateModified":"2023-12-12T09:20:33+00:00","mainEntityOfPage":{"@id":"https:\/\/dicodusport.fr\/blog\/rennes-villarreal-chaine-tv-et-heure-du-match\/"},"wordCount":364,"commentCount":0,"publisher":{"@id":"https:\/\/dicodusport.fr\/blog\/#organization"},"image":{"@id":"https:\/\/dicodusport.fr\/blog\/rennes-villarreal-chaine-tv-et-heure-du-match\/#primaryimage"},"thumbnailUrl":"https:\/\/dicodusport.fr\/blog\/wp-content\/uploads\/2023\/12\/Rennes-Villarreal-Chaine-TV-et-Heure-du-match.png","keywords":["Cha\u00eene","Football","Heure","Horaire","Ligue 1","Programme TV","Rennes","Villarreal"],"articleSection":["Football"],"inLanguage":"fr-FR","potentialAction":[{"@type":"CommentAction","name":"Comment","target":["https:\/\/dicodusport.fr\/blog\/rennes-villarreal-chaine-tv-et-heure-du-match\/#respond"]}],"copyrightYear":"2023","copyrightHolder":{"@id":"https:\/\/dicodusport.fr\/blog\/#organization"}},{"@type":"WebPage","@id":"https:\/\/dicodusport.fr\/blog\/rennes-villarreal-chaine-tv-et-heure-du-match\/","url":"https:\/\/dicodusport.fr\/blog\/rennes-villarreal-chaine-tv-et-heure-du-match\/","name":"Rennes - Villarreal : Cha\u00eene TV et Heure du match","isPartOf":{"@id":"https:\/\/dicodusport.fr\/blog\/#website"},"primaryImageOfPage":{"@id":"https:\/\/dicodusport.fr\/blog\/rennes-villarreal-chaine-tv-et-heure-du-match\/#primaryimage"},"image":{"@id":"https:\/\/dicodusport.fr\/blog\/rennes-villarreal-chaine-tv-et-heure-du-match\/#primaryimage"},"thumbnailUrl":"https:\/\/dicodusport.fr\/blog\/wp-content\/uploads\/2023\/12\/Rennes-Villarreal-Chaine-TV-et-Heure-du-match.png","datePublished":"2023-12-12T09:08:44+00:00","dateModified":"2023-12-12T09:20:33+00:00","description":"LIGUE EUROPA 2023-2024 - Ce jeudi, Rennes re\u00e7oit Villarreal pour la sixi\u00e8me journ\u00e9e de la Ligue Europa 2023-2024. D\u00e9couvrez le programme TV.","breadcrumb":{"@id":"https:\/\/dicodusport.fr\/blog\/rennes-villarreal-chaine-tv-et-heure-du-match\/#breadcrumb"},"inLanguage":"fr-FR","potentialAction":[{"@type":"ReadAction","target":["https:\/\/dicodusport.fr\/blog\/rennes-villarreal-chaine-tv-et-heure-du-match\/"]}]},{"@type":"ImageObject","inLanguage":"fr-FR","@id":"https:\/\/dicodusport.fr\/blog\/rennes-villarreal-chaine-tv-et-heure-du-match\/#primaryimage","url":"https:\/\/dicodusport.fr\/blog\/wp-content\/uploads\/2023\/12\/Rennes-Villarreal-Chaine-TV-et-Heure-du-match.png","contentUrl":"https:\/\/dicodusport.fr\/blog\/wp-content\/uploads\/2023\/12\/Rennes-Villarreal-Chaine-TV-et-Heure-du-match.png","width":1200,"height":674,"caption":"Rennes - Villarreal Chai\u0302ne TV et Heure du match"},{"@type":"BreadcrumbList","@id":"https:\/\/dicodusport.fr\/blog\/rennes-villarreal-chaine-tv-et-heure-du-match\/#breadcrumb","itemListElement":[{"@type":"ListItem","position":1,"name":"Accueil","item":"https:\/\/dicodusport.fr\/blog\/"},{"@type":"ListItem","position":2,"name":"Rennes &#8211; Villarreal : Cha\u00eene TV et Heure du match"}]},{"@type":"WebSite","@id":"https:\/\/dicodusport.fr\/blog\/#website","url":"https:\/\/dicodusport.fr\/blog\/","name":"Dicodusport","description":"L&#039;encyclop\u00e9die de l&#039;actualit\u00e9 sportive","publisher":{"@id":"https:\/\/dicodusport.fr\/blog\/#organization"},"potentialAction":[{"@type":"SearchAction","target":{"@type":"EntryPoint","urlTemplate":"https:\/\/dicodusport.fr\/blog\/?s={search_term_string}"},"query-input":{"@type":"PropertyValueSpecification","valueRequired":true,"valueName":"search_term_string"}}],"inLanguage":"fr-FR"},{"@type":"NewsMediaOrganization","@id":"https:\/\/dicodusport.fr\/blog\/#organization","name":"Dicodusport","url":"https:\/\/dicodusport.fr\/blog\/","logo":{"@type":"ImageObject","inLanguage":"fr-FR","@id":"https:\/\/dicodusport.fr\/blog\/#\/schema\/logo\/image\/","url":"https:\/\/dicodusport.fr\/blog\/wp-content\/uploads\/2020\/06\/cropped-LOGO-DICODUSPORT-2020-SANS-FOND-SANS-TEXTE.png","contentUrl":"https:\/\/dicodusport.fr\/blog\/wp-content\/uploads\/2020\/06\/cropped-LOGO-DICODUSPORT-2020-SANS-FOND-SANS-TEXTE.png","width":512,"height":512,"caption":"Dicodusport"},"image":{"@id":"https:\/\/dicodusport.fr\/blog\/#\/schema\/logo\/image\/"},"sameAs":["https:\/\/www.facebook.com\/dicodusport","https:\/\/x.com\/dicodusport","https:\/\/www.instagram.com\/dicodusport\/","https:\/\/www.youtube.com\/channel\/UC7V2KZ5sd3htJivAbA4ZG3w"],"description":"Dicodusport est l'encyclop\u00e9die de l'actualit\u00e9 sportive.","email":"bonjour@dicodusport.fr","legalName":"DICODUSPORT","foundingDate":"2018-01-14","vatID":"FR71834470973","taxID":"83447097300043","numberOfEmployees":{"@type":"QuantitativeValue","minValue":"1","maxValue":"10"}},{"@type":"Person","@id":"https:\/\/dicodusport.fr\/blog\/#\/schema\/person\/55dcb50ad410894e431ed812bbb70191","name":"Nicolas Jacquemard","image":{"@type":"ImageObject","inLanguage":"fr-FR","@id":"https:\/\/dicodusport.fr\/blog\/#\/schema\/person\/image\/","url":"https:\/\/dicodusport.fr\/blog\/wp-content\/uploads\/2021\/05\/Nicolas-Jacquemard-150x150.jpeg","contentUrl":"https:\/\/dicodusport.fr\/blog\/wp-content\/uploads\/2021\/05\/Nicolas-Jacquemard-150x150.jpeg","caption":"Nicolas Jacquemard"},"description":"Passionn\u00e9 de sport et entrepreneur depuis mes 18 ans, la cr\u00e9ation de Dicodusport m'a sembl\u00e9 \u00e9vidente pour participer \u00e0 la m\u00e9diatisation d'un plus grand nombre de sports. Le chemin est long mais avec une \u00e9quipe des plus motiv\u00e9es et les Jeux Olympiques de Paris 2024 en point de mire, nous y arriverons ! Journaliste dans le monde du sport depuis plus de 5 ans, je traite aussi bien de football, de rugby, de biathlon que de cyclisme.","sameAs":["https:\/\/www.facebook.com\/dicodusport","https:\/\/x.com\/https:\/\/twitter.com\/Nico_Jacquemard"],"url":"https:\/\/dicodusport.fr\/blog\/author\/dicodusport\/"}]}},"_links":{"self":[{"href":"https:\/\/dicodusport.fr\/blog\/wp-json\/wp\/v2\/posts\/444741","targetHints":{"allow":["GET"]}}],"collection":[{"href":"https:\/\/dicodusport.fr\/blog\/wp-json\/wp\/v2\/posts"}],"about":[{"href":"https:\/\/dicodusport.fr\/blog\/wp-json\/wp\/v2\/types\/post"}],"author":[{"embeddable":true,"href":"https:\/\/dicodusport.fr\/blog\/wp-json\/wp\/v2\/users\/1"}],"replies":[{"embeddable":true,"href":"https:\/\/dicodusport.fr\/blog\/wp-json\/wp\/v2\/comments?post=444741"}],"version-history":[{"count":3,"href":"https:\/\/dicodusport.fr\/blog\/wp-json\/wp\/v2\/posts\/444741\/revisions"}],"predecessor-version":[{"id":444747,"href":"https:\/\/dicodusport.fr\/blog\/wp-json\/wp\/v2\/posts\/444741\/revisions\/444747"}],"wp:featuredmedia":[{"embeddable":true,"href":"https:\/\/dicodusport.fr\/blog\/wp-json\/wp\/v2\/media\/444743"}],"wp:attachment":[{"href":"https:\/\/dicodusport.fr\/blog\/wp-json\/wp\/v2\/media?parent=444741"}],"wp:term":[{"taxonomy":"category","embeddable":true,"href":"https:\/\/dicodusport.fr\/blog\/wp-json\/wp\/v2\/categories?post=444741"},{"taxonomy":"post_tag","embeddable":true,"href":"https:\/\/dicodusport.fr\/blog\/wp-json\/wp\/v2\/tags?post=444741"}],"curies":[{"name":"wp","href":"https:\/\/api.w.org\/{rel}","templated":true}]}}