{"id":444766,"date":"2023-12-12T12:03:52","date_gmt":"2023-12-12T11:03:52","guid":{"rendered":"https:\/\/dicodusport.fr\/blog\/?p=444766&#038;preview=true&#038;preview_id=444766"},"modified":"2023-12-12T12:30:51","modified_gmt":"2023-12-12T11:30:51","slug":"ibu-cup-sjusjoen-programme-et-selection-de-lequipe-de-france","status":"publish","type":"post","link":"https:\/\/dicodusport.fr\/blog\/ibu-cup-sjusjoen-programme-et-selection-de-lequipe-de-france\/","title":{"rendered":"IBU Cup Sjusjoen : Programme et s\u00e9lection de l&rsquo;\u00e9quipe de France"},"content":{"rendered":"<p style=\"text-align: justify;\"><strong><em>IBU CUP 2023\/2024 &#8211; Le staff de l&rsquo;\u00e9quipe de France a d\u00e9voil\u00e9 la s\u00e9lection fran\u00e7aise pour la troisi\u00e8me \u00e9tape de l&rsquo;IBU Cup \u00e0 Sjusjoen (Norv\u00e8ge), qui se d\u00e9roule du 13 au 16 d\u00e9cembre 2023.<\/em><\/strong><\/p>\n<ul style=\"text-align: justify;\">\n<li style=\"text-align: justify;\"><strong>\u00c0 lire aussi &#8211; <a href=\"https:\/\/dicodusport.fr\/blog\/biathlon-lenzerheide-2023-programme-complet-et-resultats\/\">Biathlon Lenzerheide 2023 : Programme complet et r\u00e9sultats<\/a><\/strong><\/li>\n<\/ul>\n<p style=\"text-align: justify;\">Apr\u00e8s de bons r\u00e9sultats \u00e0 <strong>Kontiolahti<\/strong> et <strong>Idre Fj\u00e4ll<\/strong>, l&rsquo;\u00e9quipe de France d&rsquo;IBU Cup se rend \u00e0<strong> Sjusjoen<\/strong>, en Norv\u00e8ge, pour la troisi\u00e8me \u00e9tape du circuit B. Dans le dur physiquement, <strong>Chlo\u00e9 Bened<\/strong> ne figure pas dans le groupe pour l&rsquo;\u00e9tape norv\u00e9gienne. Elle ne sera pas remplac\u00e9e. Elles ne seront que quatre biathl\u00e8tes fran\u00e7aises en lice, avec, comme chef de file, <strong>Jeanne Richard<\/strong>. C\u00f4t\u00e9 masculin, on suivra <strong>Oscar Lombardot<\/strong>, <a href=\"https:\/\/dicodusport.fr\/blog\/ibu-cup-2023-2024-oscar-lombardot-troisieme-du-sprint-a-idre-fjall\/\">troisi\u00e8me du second sprint \u00e0 Idre Fj\u00e4ll<\/a> le week-end pass\u00e9.<\/p>\n<h2 style=\"text-align: justify;\">Programme de l&rsquo;IBU Cup de Sjusjoen (Norv\u00e8ge)<\/h2>\n<h3 class=\"wp-block-heading has-normal-font-size\"><strong>Mercredi 13 d\u00e9cembre<\/strong><\/h3>\n<p>10h30 : Sprint femmes<br \/>\n14h00 : Sprint\u00a0hommes<\/p>\n<h3 class=\"wp-block-heading has-normal-font-size\"><strong>Vendredi 15 d\u00e9cembre<\/strong><\/h3>\n<p>11h00 : Poursuite femmes<br \/>\n13h30 : Poursuite\u00a0hommes<\/p>\n<h3 class=\"wp-block-heading has-normal-font-size\"><strong>Samedi 16 d\u00e9cembre<\/strong><\/h3>\n<p>11h00 : Mass start 60 femmes<br \/>\n13h30 : Mass start\u00a060 hommes<\/p>\n<h2 style=\"text-align: justify;\">IBU Cup : La s\u00e9lection de l&rsquo;\u00e9quipe de France pour Sjusjoen<\/h2>\n<h3 style=\"text-align: justify;\">Femmes<\/h3>\n<p style=\"text-align: justify;\">Paula Botet<br \/>\nAna\u00eblle Bondoux<br \/>\nOc\u00e9ane Michelon<br \/>\nJeanne Richard<\/p>\n<h3 style=\"text-align: justify;\">Hommes<\/h3>\n<p style=\"text-align: justify;\">R\u00e9mi Broutier<br \/>\nOscar Lombardot<br \/>\nTh\u00e9o Guiraud Poillot<br \/>\nS\u00e9bastien Mahon<br \/>\nDamien Levet<br \/>\nValentin Lejeune<\/p>\n<p style=\"text-align: justify;\">\n","protected":false},"excerpt":{"rendered":"<p>IBU CUP 2023\/2024 &#8211; Le staff de l&rsquo;\u00e9quipe de France a d\u00e9voil\u00e9 la s\u00e9lection fran\u00e7aise pour la troisi\u00e8me \u00e9tape de l&rsquo;IBU Cup \u00e0 Sjusjoen (Norv\u00e8ge), qui se d\u00e9roule du 13 au 16 d\u00e9cembre 2023.<\/p>\n","protected":false},"author":4,"featured_media":444771,"comment_status":"open","ping_status":"closed","sticky":false,"template":"","format":"standard","meta":{"_acf_changed":false,"_daextam_enable_autolinks":"1","footnotes":""},"categories":[2426],"tags":[2427,16878],"class_list":["post-444766","post","type-post","status-publish","format-standard","has-post-thumbnail","hentry","category-biathlon","tag-biathlon","tag-breve"],"acf":[],"yoast_head":"<!-- This site is optimized with the Yoast SEO Premium plugin v26.7 (Yoast SEO v26.7) - https:\/\/yoast.com\/wordpress\/plugins\/seo\/ -->\n<title>IBU Cup Sjusjoen : Programme et s\u00e9lection de l&#039;\u00e9quipe de France<\/title>\n<meta name=\"description\" content=\"IBU CUP 2023\/2024 - Le staff de l&#039;\u00e9quipe de France a d\u00e9voil\u00e9 la s\u00e9lection fran\u00e7aise pour la troisi\u00e8me \u00e9tape de l&#039;IBU Cup \u00e0 Sjusjoen (Norv\u00e8ge).\" \/>\n<meta name=\"robots\" content=\"index, follow, max-snippet:-1, max-image-preview:large, max-video-preview:-1\" \/>\n<link rel=\"canonical\" href=\"https:\/\/dicodusport.fr\/blog\/ibu-cup-sjusjoen-programme-et-selection-de-lequipe-de-france\/\" \/>\n<meta property=\"og:locale\" content=\"fr_FR\" \/>\n<meta property=\"og:type\" content=\"article\" \/>\n<meta property=\"og:title\" content=\"IBU Cup Sjusjoen : Programme et s\u00e9lection de l&#039;\u00e9quipe de France\" \/>\n<meta property=\"og:description\" content=\"IBU CUP 2023\/2024 - Le staff de l&#039;\u00e9quipe de France a d\u00e9voil\u00e9 la s\u00e9lection fran\u00e7aise pour la troisi\u00e8me \u00e9tape de l&#039;IBU Cup \u00e0 Sjusjoen (Norv\u00e8ge).\" \/>\n<meta property=\"og:url\" content=\"https:\/\/dicodusport.fr\/blog\/ibu-cup-sjusjoen-programme-et-selection-de-lequipe-de-france\/\" \/>\n<meta property=\"og:site_name\" content=\"Dicodusport\" \/>\n<meta property=\"article:publisher\" content=\"https:\/\/www.facebook.com\/dicodusport\" \/>\n<meta property=\"article:author\" content=\"https:\/\/www.facebook.com\/florent.ostermann\" \/>\n<meta property=\"article:published_time\" content=\"2023-12-12T11:03:52+00:00\" \/>\n<meta property=\"article:modified_time\" content=\"2023-12-12T11:30:51+00:00\" \/>\n<meta property=\"og:image\" content=\"https:\/\/dicodusport.fr\/blog\/wp-content\/uploads\/2023\/12\/IBU-Cup-Sjusjoen-Programme-et-selection-de-lequipe-de-France.png\" \/>\n\t<meta property=\"og:image:width\" content=\"1200\" \/>\n\t<meta property=\"og:image:height\" content=\"674\" \/>\n\t<meta property=\"og:image:type\" content=\"image\/png\" \/>\n<meta name=\"author\" content=\"Flo Ostermann\" \/>\n<meta name=\"twitter:card\" content=\"summary_large_image\" \/>\n<meta name=\"twitter:title\" content=\"IBU Cup Sjusjoen : Programme et s\u00e9lection de l&#039;\u00e9quipe de France\" \/>\n<meta name=\"twitter:creator\" content=\"@https:\/\/twitter.com\/FlOstermann\" \/>\n<meta name=\"twitter:site\" content=\"@dicodusport\" \/>\n<script type=\"application\/ld+json\" class=\"yoast-schema-graph\">{\"@context\":\"https:\/\/schema.org\",\"@graph\":[{\"@type\":\"NewsArticle\",\"@id\":\"https:\/\/dicodusport.fr\/blog\/ibu-cup-sjusjoen-programme-et-selection-de-lequipe-de-france\/#article\",\"isPartOf\":{\"@id\":\"https:\/\/dicodusport.fr\/blog\/ibu-cup-sjusjoen-programme-et-selection-de-lequipe-de-france\/\"},\"author\":{\"name\":\"Flo Ostermann\",\"@id\":\"https:\/\/dicodusport.fr\/blog\/#\/schema\/person\/cb02af4c173ce4a653b55e9baf388d4a\"},\"headline\":\"IBU Cup Sjusjoen : Programme et s\u00e9lection de l&rsquo;\u00e9quipe de France\",\"datePublished\":\"2023-12-12T11:03:52+00:00\",\"dateModified\":\"2023-12-12T11:30:51+00:00\",\"mainEntityOfPage\":{\"@id\":\"https:\/\/dicodusport.fr\/blog\/ibu-cup-sjusjoen-programme-et-selection-de-lequipe-de-france\/\"},\"wordCount\":229,\"commentCount\":0,\"publisher\":{\"@id\":\"https:\/\/dicodusport.fr\/blog\/#organization\"},\"image\":{\"@id\":\"https:\/\/dicodusport.fr\/blog\/ibu-cup-sjusjoen-programme-et-selection-de-lequipe-de-france\/#primaryimage\"},\"thumbnailUrl\":\"https:\/\/dicodusport.fr\/blog\/wp-content\/uploads\/2023\/12\/IBU-Cup-Sjusjoen-Programme-et-selection-de-lequipe-de-France.png\",\"keywords\":[\"Biathlon\",\"br\u00e8ve\"],\"articleSection\":[\"Biathlon\"],\"inLanguage\":\"fr-FR\",\"potentialAction\":[{\"@type\":\"CommentAction\",\"name\":\"Comment\",\"target\":[\"https:\/\/dicodusport.fr\/blog\/ibu-cup-sjusjoen-programme-et-selection-de-lequipe-de-france\/#respond\"]}],\"copyrightYear\":\"2023\",\"copyrightHolder\":{\"@id\":\"https:\/\/dicodusport.fr\/blog\/#organization\"}},{\"@type\":\"WebPage\",\"@id\":\"https:\/\/dicodusport.fr\/blog\/ibu-cup-sjusjoen-programme-et-selection-de-lequipe-de-france\/\",\"url\":\"https:\/\/dicodusport.fr\/blog\/ibu-cup-sjusjoen-programme-et-selection-de-lequipe-de-france\/\",\"name\":\"IBU Cup Sjusjoen : Programme et s\u00e9lection de l'\u00e9quipe de France\",\"isPartOf\":{\"@id\":\"https:\/\/dicodusport.fr\/blog\/#website\"},\"primaryImageOfPage\":{\"@id\":\"https:\/\/dicodusport.fr\/blog\/ibu-cup-sjusjoen-programme-et-selection-de-lequipe-de-france\/#primaryimage\"},\"image\":{\"@id\":\"https:\/\/dicodusport.fr\/blog\/ibu-cup-sjusjoen-programme-et-selection-de-lequipe-de-france\/#primaryimage\"},\"thumbnailUrl\":\"https:\/\/dicodusport.fr\/blog\/wp-content\/uploads\/2023\/12\/IBU-Cup-Sjusjoen-Programme-et-selection-de-lequipe-de-France.png\",\"datePublished\":\"2023-12-12T11:03:52+00:00\",\"dateModified\":\"2023-12-12T11:30:51+00:00\",\"description\":\"IBU CUP 2023\/2024 - Le staff de l'\u00e9quipe de France a d\u00e9voil\u00e9 la s\u00e9lection fran\u00e7aise pour la troisi\u00e8me \u00e9tape de l'IBU Cup \u00e0 Sjusjoen (Norv\u00e8ge).\",\"breadcrumb\":{\"@id\":\"https:\/\/dicodusport.fr\/blog\/ibu-cup-sjusjoen-programme-et-selection-de-lequipe-de-france\/#breadcrumb\"},\"inLanguage\":\"fr-FR\",\"potentialAction\":[{\"@type\":\"ReadAction\",\"target\":[\"https:\/\/dicodusport.fr\/blog\/ibu-cup-sjusjoen-programme-et-selection-de-lequipe-de-france\/\"]}]},{\"@type\":\"ImageObject\",\"inLanguage\":\"fr-FR\",\"@id\":\"https:\/\/dicodusport.fr\/blog\/ibu-cup-sjusjoen-programme-et-selection-de-lequipe-de-france\/#primaryimage\",\"url\":\"https:\/\/dicodusport.fr\/blog\/wp-content\/uploads\/2023\/12\/IBU-Cup-Sjusjoen-Programme-et-selection-de-lequipe-de-France.png\",\"contentUrl\":\"https:\/\/dicodusport.fr\/blog\/wp-content\/uploads\/2023\/12\/IBU-Cup-Sjusjoen-Programme-et-selection-de-lequipe-de-France.png\",\"width\":1200,\"height\":674,\"caption\":\"IBU Cup Sjusjoen Programme et s\u00e9lection de l'\u00e9quipe de France\"},{\"@type\":\"BreadcrumbList\",\"@id\":\"https:\/\/dicodusport.fr\/blog\/ibu-cup-sjusjoen-programme-et-selection-de-lequipe-de-france\/#breadcrumb\",\"itemListElement\":[{\"@type\":\"ListItem\",\"position\":1,\"name\":\"Accueil\",\"item\":\"https:\/\/dicodusport.fr\/blog\/\"},{\"@type\":\"ListItem\",\"position\":2,\"name\":\"IBU Cup Sjusjoen : Programme et s\u00e9lection de l&rsquo;\u00e9quipe de France\"}]},{\"@type\":\"WebSite\",\"@id\":\"https:\/\/dicodusport.fr\/blog\/#website\",\"url\":\"https:\/\/dicodusport.fr\/blog\/\",\"name\":\"Dicodusport\",\"description\":\"L&#039;encyclop\u00e9die de l&#039;actualit\u00e9 sportive\",\"publisher\":{\"@id\":\"https:\/\/dicodusport.fr\/blog\/#organization\"},\"potentialAction\":[{\"@type\":\"SearchAction\",\"target\":{\"@type\":\"EntryPoint\",\"urlTemplate\":\"https:\/\/dicodusport.fr\/blog\/?s={search_term_string}\"},\"query-input\":{\"@type\":\"PropertyValueSpecification\",\"valueRequired\":true,\"valueName\":\"search_term_string\"}}],\"inLanguage\":\"fr-FR\"},{\"@type\":\"NewsMediaOrganization\",\"@id\":\"https:\/\/dicodusport.fr\/blog\/#organization\",\"name\":\"Dicodusport\",\"url\":\"https:\/\/dicodusport.fr\/blog\/\",\"logo\":{\"@type\":\"ImageObject\",\"inLanguage\":\"fr-FR\",\"@id\":\"https:\/\/dicodusport.fr\/blog\/#\/schema\/logo\/image\/\",\"url\":\"https:\/\/dicodusport.fr\/blog\/wp-content\/uploads\/2020\/06\/cropped-LOGO-DICODUSPORT-2020-SANS-FOND-SANS-TEXTE.png\",\"contentUrl\":\"https:\/\/dicodusport.fr\/blog\/wp-content\/uploads\/2020\/06\/cropped-LOGO-DICODUSPORT-2020-SANS-FOND-SANS-TEXTE.png\",\"width\":512,\"height\":512,\"caption\":\"Dicodusport\"},\"image\":{\"@id\":\"https:\/\/dicodusport.fr\/blog\/#\/schema\/logo\/image\/\"},\"sameAs\":[\"https:\/\/www.facebook.com\/dicodusport\",\"https:\/\/x.com\/dicodusport\",\"https:\/\/www.instagram.com\/dicodusport\/\",\"https:\/\/www.youtube.com\/channel\/UC7V2KZ5sd3htJivAbA4ZG3w\"],\"description\":\"Dicodusport est l'encyclop\u00e9die de l'actualit\u00e9 sportive.\",\"email\":\"bonjour@dicodusport.fr\",\"legalName\":\"DICODUSPORT\",\"foundingDate\":\"2018-01-14\",\"vatID\":\"FR71834470973\",\"taxID\":\"83447097300043\",\"numberOfEmployees\":{\"@type\":\"QuantitativeValue\",\"minValue\":\"1\",\"maxValue\":\"10\"}},{\"@type\":\"Person\",\"@id\":\"https:\/\/dicodusport.fr\/blog\/#\/schema\/person\/cb02af4c173ce4a653b55e9baf388d4a\",\"name\":\"Flo Ostermann\",\"image\":{\"@type\":\"ImageObject\",\"inLanguage\":\"fr-FR\",\"@id\":\"https:\/\/dicodusport.fr\/blog\/#\/schema\/person\/image\/\",\"url\":\"https:\/\/dicodusport.fr\/blog\/wp-content\/uploads\/2021\/05\/Flo-Ostermann-150x150.jpg\",\"contentUrl\":\"https:\/\/dicodusport.fr\/blog\/wp-content\/uploads\/2021\/05\/Flo-Ostermann-150x150.jpg\",\"caption\":\"Flo Ostermann\"},\"description\":\"Journaliste\/R\u00e9dacteur depuis septembre 2015 - Mes premiers souvenirs dans le sport ? Les envol\u00e9es du Stade Toulousain et les duels Villeneuve-Schumacher et H\u00e4kkinen-Schumacher \u00e0 la fin des ann\u00e9es 90, la Coupe du monde de football en 1998, l\u2019exploit du XV de France face aux All Blacks en 1999, mais aussi Richard C\u0153ur de Lion qui vole sur les montagnes du Tour de France. Bien parti pour devenir professeur d\u2019EPS, les \u00e9v\u00e9nements de la vie (et la flemme d\u2019animer des s\u00e9ances de 3x500 m\u00e8tres toute ma vie) m\u2019ont conduit \u00e0 revoir mes plans. Me voil\u00e0 depuis fin 2017 sur Dicodusport, m\u00e9dia gr\u00e2ce (et pour) lequel je partage ma passion : le sport dans tous ses \u00e9tats. Le tout accompagn\u00e9 par les fous furieux et folles furieuses cit\u00e9s sur cette page !\",\"sameAs\":[\"https:\/\/www.facebook.com\/florent.ostermann\",\"https:\/\/x.com\/https:\/\/twitter.com\/FlOstermann\",\"admin\"],\"url\":\"https:\/\/dicodusport.fr\/blog\/author\/flo\/\"}]}<\/script>\n<!-- \/ Yoast SEO Premium plugin. -->","yoast_head_json":{"title":"IBU Cup Sjusjoen : Programme et s\u00e9lection de l'\u00e9quipe de France","description":"IBU CUP 2023\/2024 - Le staff de l'\u00e9quipe de France a d\u00e9voil\u00e9 la s\u00e9lection fran\u00e7aise pour la troisi\u00e8me \u00e9tape de l'IBU Cup \u00e0 Sjusjoen (Norv\u00e8ge).","robots":{"index":"index","follow":"follow","max-snippet":"max-snippet:-1","max-image-preview":"max-image-preview:large","max-video-preview":"max-video-preview:-1"},"canonical":"https:\/\/dicodusport.fr\/blog\/ibu-cup-sjusjoen-programme-et-selection-de-lequipe-de-france\/","og_locale":"fr_FR","og_type":"article","og_title":"IBU Cup Sjusjoen : Programme et s\u00e9lection de l'\u00e9quipe de France","og_description":"IBU CUP 2023\/2024 - Le staff de l'\u00e9quipe de France a d\u00e9voil\u00e9 la s\u00e9lection fran\u00e7aise pour la troisi\u00e8me \u00e9tape de l'IBU Cup \u00e0 Sjusjoen (Norv\u00e8ge).","og_url":"https:\/\/dicodusport.fr\/blog\/ibu-cup-sjusjoen-programme-et-selection-de-lequipe-de-france\/","og_site_name":"Dicodusport","article_publisher":"https:\/\/www.facebook.com\/dicodusport","article_author":"https:\/\/www.facebook.com\/florent.ostermann","article_published_time":"2023-12-12T11:03:52+00:00","article_modified_time":"2023-12-12T11:30:51+00:00","og_image":[{"width":1200,"height":674,"url":"https:\/\/dicodusport.fr\/blog\/wp-content\/uploads\/2023\/12\/IBU-Cup-Sjusjoen-Programme-et-selection-de-lequipe-de-France.png","type":"image\/png"}],"author":"Flo Ostermann","twitter_card":"summary_large_image","twitter_title":"IBU Cup Sjusjoen : Programme et s\u00e9lection de l'\u00e9quipe de France","twitter_creator":"@https:\/\/twitter.com\/FlOstermann","twitter_site":"@dicodusport","schema":{"@context":"https:\/\/schema.org","@graph":[{"@type":"NewsArticle","@id":"https:\/\/dicodusport.fr\/blog\/ibu-cup-sjusjoen-programme-et-selection-de-lequipe-de-france\/#article","isPartOf":{"@id":"https:\/\/dicodusport.fr\/blog\/ibu-cup-sjusjoen-programme-et-selection-de-lequipe-de-france\/"},"author":{"name":"Flo Ostermann","@id":"https:\/\/dicodusport.fr\/blog\/#\/schema\/person\/cb02af4c173ce4a653b55e9baf388d4a"},"headline":"IBU Cup Sjusjoen : Programme et s\u00e9lection de l&rsquo;\u00e9quipe de France","datePublished":"2023-12-12T11:03:52+00:00","dateModified":"2023-12-12T11:30:51+00:00","mainEntityOfPage":{"@id":"https:\/\/dicodusport.fr\/blog\/ibu-cup-sjusjoen-programme-et-selection-de-lequipe-de-france\/"},"wordCount":229,"commentCount":0,"publisher":{"@id":"https:\/\/dicodusport.fr\/blog\/#organization"},"image":{"@id":"https:\/\/dicodusport.fr\/blog\/ibu-cup-sjusjoen-programme-et-selection-de-lequipe-de-france\/#primaryimage"},"thumbnailUrl":"https:\/\/dicodusport.fr\/blog\/wp-content\/uploads\/2023\/12\/IBU-Cup-Sjusjoen-Programme-et-selection-de-lequipe-de-France.png","keywords":["Biathlon","br\u00e8ve"],"articleSection":["Biathlon"],"inLanguage":"fr-FR","potentialAction":[{"@type":"CommentAction","name":"Comment","target":["https:\/\/dicodusport.fr\/blog\/ibu-cup-sjusjoen-programme-et-selection-de-lequipe-de-france\/#respond"]}],"copyrightYear":"2023","copyrightHolder":{"@id":"https:\/\/dicodusport.fr\/blog\/#organization"}},{"@type":"WebPage","@id":"https:\/\/dicodusport.fr\/blog\/ibu-cup-sjusjoen-programme-et-selection-de-lequipe-de-france\/","url":"https:\/\/dicodusport.fr\/blog\/ibu-cup-sjusjoen-programme-et-selection-de-lequipe-de-france\/","name":"IBU Cup Sjusjoen : Programme et s\u00e9lection de l'\u00e9quipe de France","isPartOf":{"@id":"https:\/\/dicodusport.fr\/blog\/#website"},"primaryImageOfPage":{"@id":"https:\/\/dicodusport.fr\/blog\/ibu-cup-sjusjoen-programme-et-selection-de-lequipe-de-france\/#primaryimage"},"image":{"@id":"https:\/\/dicodusport.fr\/blog\/ibu-cup-sjusjoen-programme-et-selection-de-lequipe-de-france\/#primaryimage"},"thumbnailUrl":"https:\/\/dicodusport.fr\/blog\/wp-content\/uploads\/2023\/12\/IBU-Cup-Sjusjoen-Programme-et-selection-de-lequipe-de-France.png","datePublished":"2023-12-12T11:03:52+00:00","dateModified":"2023-12-12T11:30:51+00:00","description":"IBU CUP 2023\/2024 - Le staff de l'\u00e9quipe de France a d\u00e9voil\u00e9 la s\u00e9lection fran\u00e7aise pour la troisi\u00e8me \u00e9tape de l'IBU Cup \u00e0 Sjusjoen (Norv\u00e8ge).","breadcrumb":{"@id":"https:\/\/dicodusport.fr\/blog\/ibu-cup-sjusjoen-programme-et-selection-de-lequipe-de-france\/#breadcrumb"},"inLanguage":"fr-FR","potentialAction":[{"@type":"ReadAction","target":["https:\/\/dicodusport.fr\/blog\/ibu-cup-sjusjoen-programme-et-selection-de-lequipe-de-france\/"]}]},{"@type":"ImageObject","inLanguage":"fr-FR","@id":"https:\/\/dicodusport.fr\/blog\/ibu-cup-sjusjoen-programme-et-selection-de-lequipe-de-france\/#primaryimage","url":"https:\/\/dicodusport.fr\/blog\/wp-content\/uploads\/2023\/12\/IBU-Cup-Sjusjoen-Programme-et-selection-de-lequipe-de-France.png","contentUrl":"https:\/\/dicodusport.fr\/blog\/wp-content\/uploads\/2023\/12\/IBU-Cup-Sjusjoen-Programme-et-selection-de-lequipe-de-France.png","width":1200,"height":674,"caption":"IBU Cup Sjusjoen Programme et s\u00e9lection de l'\u00e9quipe de France"},{"@type":"BreadcrumbList","@id":"https:\/\/dicodusport.fr\/blog\/ibu-cup-sjusjoen-programme-et-selection-de-lequipe-de-france\/#breadcrumb","itemListElement":[{"@type":"ListItem","position":1,"name":"Accueil","item":"https:\/\/dicodusport.fr\/blog\/"},{"@type":"ListItem","position":2,"name":"IBU Cup Sjusjoen : Programme et s\u00e9lection de l&rsquo;\u00e9quipe de France"}]},{"@type":"WebSite","@id":"https:\/\/dicodusport.fr\/blog\/#website","url":"https:\/\/dicodusport.fr\/blog\/","name":"Dicodusport","description":"L&#039;encyclop\u00e9die de l&#039;actualit\u00e9 sportive","publisher":{"@id":"https:\/\/dicodusport.fr\/blog\/#organization"},"potentialAction":[{"@type":"SearchAction","target":{"@type":"EntryPoint","urlTemplate":"https:\/\/dicodusport.fr\/blog\/?s={search_term_string}"},"query-input":{"@type":"PropertyValueSpecification","valueRequired":true,"valueName":"search_term_string"}}],"inLanguage":"fr-FR"},{"@type":"NewsMediaOrganization","@id":"https:\/\/dicodusport.fr\/blog\/#organization","name":"Dicodusport","url":"https:\/\/dicodusport.fr\/blog\/","logo":{"@type":"ImageObject","inLanguage":"fr-FR","@id":"https:\/\/dicodusport.fr\/blog\/#\/schema\/logo\/image\/","url":"https:\/\/dicodusport.fr\/blog\/wp-content\/uploads\/2020\/06\/cropped-LOGO-DICODUSPORT-2020-SANS-FOND-SANS-TEXTE.png","contentUrl":"https:\/\/dicodusport.fr\/blog\/wp-content\/uploads\/2020\/06\/cropped-LOGO-DICODUSPORT-2020-SANS-FOND-SANS-TEXTE.png","width":512,"height":512,"caption":"Dicodusport"},"image":{"@id":"https:\/\/dicodusport.fr\/blog\/#\/schema\/logo\/image\/"},"sameAs":["https:\/\/www.facebook.com\/dicodusport","https:\/\/x.com\/dicodusport","https:\/\/www.instagram.com\/dicodusport\/","https:\/\/www.youtube.com\/channel\/UC7V2KZ5sd3htJivAbA4ZG3w"],"description":"Dicodusport est l'encyclop\u00e9die de l'actualit\u00e9 sportive.","email":"bonjour@dicodusport.fr","legalName":"DICODUSPORT","foundingDate":"2018-01-14","vatID":"FR71834470973","taxID":"83447097300043","numberOfEmployees":{"@type":"QuantitativeValue","minValue":"1","maxValue":"10"}},{"@type":"Person","@id":"https:\/\/dicodusport.fr\/blog\/#\/schema\/person\/cb02af4c173ce4a653b55e9baf388d4a","name":"Flo Ostermann","image":{"@type":"ImageObject","inLanguage":"fr-FR","@id":"https:\/\/dicodusport.fr\/blog\/#\/schema\/person\/image\/","url":"https:\/\/dicodusport.fr\/blog\/wp-content\/uploads\/2021\/05\/Flo-Ostermann-150x150.jpg","contentUrl":"https:\/\/dicodusport.fr\/blog\/wp-content\/uploads\/2021\/05\/Flo-Ostermann-150x150.jpg","caption":"Flo Ostermann"},"description":"Journaliste\/R\u00e9dacteur depuis septembre 2015 - Mes premiers souvenirs dans le sport ? Les envol\u00e9es du Stade Toulousain et les duels Villeneuve-Schumacher et H\u00e4kkinen-Schumacher \u00e0 la fin des ann\u00e9es 90, la Coupe du monde de football en 1998, l\u2019exploit du XV de France face aux All Blacks en 1999, mais aussi Richard C\u0153ur de Lion qui vole sur les montagnes du Tour de France. Bien parti pour devenir professeur d\u2019EPS, les \u00e9v\u00e9nements de la vie (et la flemme d\u2019animer des s\u00e9ances de 3x500 m\u00e8tres toute ma vie) m\u2019ont conduit \u00e0 revoir mes plans. Me voil\u00e0 depuis fin 2017 sur Dicodusport, m\u00e9dia gr\u00e2ce (et pour) lequel je partage ma passion : le sport dans tous ses \u00e9tats. Le tout accompagn\u00e9 par les fous furieux et folles furieuses cit\u00e9s sur cette page !","sameAs":["https:\/\/www.facebook.com\/florent.ostermann","https:\/\/x.com\/https:\/\/twitter.com\/FlOstermann","admin"],"url":"https:\/\/dicodusport.fr\/blog\/author\/flo\/"}]}},"_links":{"self":[{"href":"https:\/\/dicodusport.fr\/blog\/wp-json\/wp\/v2\/posts\/444766","targetHints":{"allow":["GET"]}}],"collection":[{"href":"https:\/\/dicodusport.fr\/blog\/wp-json\/wp\/v2\/posts"}],"about":[{"href":"https:\/\/dicodusport.fr\/blog\/wp-json\/wp\/v2\/types\/post"}],"author":[{"embeddable":true,"href":"https:\/\/dicodusport.fr\/blog\/wp-json\/wp\/v2\/users\/4"}],"replies":[{"embeddable":true,"href":"https:\/\/dicodusport.fr\/blog\/wp-json\/wp\/v2\/comments?post=444766"}],"version-history":[{"count":5,"href":"https:\/\/dicodusport.fr\/blog\/wp-json\/wp\/v2\/posts\/444766\/revisions"}],"predecessor-version":[{"id":444847,"href":"https:\/\/dicodusport.fr\/blog\/wp-json\/wp\/v2\/posts\/444766\/revisions\/444847"}],"wp:featuredmedia":[{"embeddable":true,"href":"https:\/\/dicodusport.fr\/blog\/wp-json\/wp\/v2\/media\/444771"}],"wp:attachment":[{"href":"https:\/\/dicodusport.fr\/blog\/wp-json\/wp\/v2\/media?parent=444766"}],"wp:term":[{"taxonomy":"category","embeddable":true,"href":"https:\/\/dicodusport.fr\/blog\/wp-json\/wp\/v2\/categories?post=444766"},{"taxonomy":"post_tag","embeddable":true,"href":"https:\/\/dicodusport.fr\/blog\/wp-json\/wp\/v2\/tags?post=444766"}],"curies":[{"name":"wp","href":"https:\/\/api.w.org\/{rel}","templated":true}]}}