{"id":444928,"date":"2023-12-13T10:03:34","date_gmt":"2023-12-13T09:03:34","guid":{"rendered":"https:\/\/dicodusport.fr\/blog\/?p=444928&#038;preview=true&#038;preview_id=444928"},"modified":"2023-12-13T10:03:34","modified_gmt":"2023-12-13T09:03:34","slug":"coupe-du-monde-de-skicross-marielle-berger-sabbatel-de-nouveau-sur-le-podium-a-arosa","status":"publish","type":"post","link":"https:\/\/dicodusport.fr\/blog\/coupe-du-monde-de-skicross-marielle-berger-sabbatel-de-nouveau-sur-le-podium-a-arosa\/","title":{"rendered":"Coupe du monde de skicross : Marielle Berger Sabbatel de nouveau sur le podium \u00e0 Arosa"},"content":{"rendered":"<p style=\"text-align: justify;\"><em><b>COUPE DU MONDE DE SKICROSS 2023\/2024 &#8211; Apr\u00e8s une finale rocambolesque \u00e0 Arosa, Marielle Berger Sabbatel termine deuxi\u00e8me ex\u00e6quo\u00a0et prend la t\u00eate du classement g\u00e9n\u00e9ral de la Coupe du monde.<\/b><\/em><\/p>\n<p style=\"text-align: justify;\">Pour l&rsquo;ouverture de la Coupe du monde de skicross \u00e0 Val d&rsquo;Is\u00e8re, <strong>Marielle Berger Sabbatel<\/strong> avait frapp\u00e9 fort. <a href=\"https:\/\/dicodusport.fr\/blog\/coupe-du-monde-de-skicross-marielle-berger-sabbatel-soffre-une-deuxieme-place-a-val-thorens\/\">Deuxi\u00e8me de la premi\u00e8re \u00e9preuve<\/a>, elle avait confirm\u00e9 <a href=\"https:\/\/dicodusport.fr\/blog\/coupe-du-monde-de-skicross-nouveau-podium-pour-marielle-berger-sabbatel-youri-duplessis-kergomard-disqualifie\/\">en prenant la troisi\u00e8me place le lendemain<\/a>, au terme de courses bien n\u00e9goci\u00e9es. Pour la manche d&rsquo;Arosa, en Suisse, elle visait de nouveau la bo\u00eete, pour profiter de sa belle forme.<\/p>\n<h2 style=\"text-align: justify;\">Un podium et un bonus<\/h2>\n<p style=\"text-align: justify;\">Impeccable durant les qualifications, elle a bien men\u00e9 sa barque en quarts et surtout en demi-finales, o\u00f9 elle s&rsquo;est pay\u00e9 le luxe de sortir la laur\u00e9ate de la deuxi\u00e8me course fran\u00e7aise, <strong>Daniella Maier<\/strong>. Mais c&rsquo;est surtout la finale que l&rsquo;on retiendra. D\u00e8s le premier virage, elle a \u00e9t\u00e9 impliqu\u00e9e dans une \u00e9norme chute avec la Canadienne<strong> Marielle Thompson<\/strong> et l&rsquo;Autrichienne <strong>Christina Foedermayr<\/strong>. Aucune ne ralliera l&rsquo;arriv\u00e9e, et elles seront class\u00e9es deuxi\u00e8mes ex\u00e6quo, derri\u00e8re la Canadienne <strong>Hannah Schmidt<\/strong>, la seule \u00e0 avoir vu l&rsquo;arriv\u00e9e, qui remporte sa premi\u00e8re Coupe du monde \u00e0 29 ans.<\/p>\n<blockquote class=\"twitter-tweet\">\n<p dir=\"ltr\" lang=\"fr\">L&rsquo;\u00e9norme chute en finale de la manche de Coupe du monde de skicross \u00e0 Arosa , trois skieuses sont all\u00e9es \u00e0 la faute dont la Fran\u00e7aise Marielle Berger Sabbatel !<a href=\"https:\/\/twitter.com\/hashtag\/lequipeSKI?src=hash&amp;ref_src=twsrc%5Etfw\">#lequipeSKI<\/a> <a href=\"https:\/\/t.co\/Ln4a9mc6zZ\">pic.twitter.com\/Ln4a9mc6zZ<\/a><\/p>\n<p>\u2014 L&rsquo;\u00c9QUIPE (@lequipe) <a href=\"https:\/\/twitter.com\/lequipe\/status\/1734668435718541360?ref_src=twsrc%5Etfw\">December 12, 2023<\/a><\/p><\/blockquote>\n<p style=\"text-align: justify;\"><script async src=\"https:\/\/platform.twitter.com\/widgets.js\" charset=\"utf-8\"><\/script><br \/>\nMais si elle n&rsquo;a toujours pas connu la victoire, <strong>Marielle Berger Sabbatel<\/strong> n&rsquo;a pas tout perdu. Cette folle r\u00e9gularit\u00e9 lui offre un bonus non n\u00e9gociable, puisqu&rsquo;elle est ce matin leader de la Coupe du monde de skicross. Une belle r\u00e9compense pour une skieuse trop souvent touch\u00e9e par les blessures, qui va maintenant devoir d\u00e9fendre ce bien sur la manche italienne, du 19 au 22 d\u00e9cembre prochain. Chez les hommes, <strong>Terence Tchiknavorian<\/strong> \u00e9tait le seul Fran\u00e7ais en quarts, puis en demi-finales, mais il n&rsquo;a pu aller plus loin, et se contente de la 6e place d&rsquo;une course remport\u00e9e par <strong>Jared Schmidt<\/strong>, fr\u00e8re de la laur\u00e9ate de la course dames. Une performance sans doute unique.<\/p>\n","protected":false},"excerpt":{"rendered":"<p>COUPE DU MONDE DE SKICROSS 2023\/2024 &#8211; Apr\u00e8s une finale rocambolesque \u00e0 Arosa, Marielle Berger Sabbatel termine deuxi\u00e8me ex\u00e6quo\u00a0et prend la t\u00eate du classement g\u00e9n\u00e9ral de la Coupe du monde.<\/p>\n","protected":false},"author":59,"featured_media":444935,"comment_status":"open","ping_status":"closed","sticky":false,"template":"","format":"standard","meta":{"_acf_changed":false,"_daextam_enable_autolinks":"1","footnotes":""},"categories":[2313],"tags":[16878,13800],"class_list":["post-444928","post","type-post","status-publish","format-standard","has-post-thumbnail","hentry","category-sports-dhiver","tag-breve","tag-marielle-berger-sabbatel"],"acf":[],"yoast_head":"<!-- This site is optimized with the Yoast SEO Premium plugin v26.7 (Yoast SEO v26.7) - https:\/\/yoast.com\/wordpress\/plugins\/seo\/ -->\n<title>Coupe du monde de skicross : Marielle Berger Sabbatel de nouveau sur le podium \u00e0 Arosa<\/title>\n<meta name=\"description\" content=\"COUPE DU MONDE DE SKICROSS 2023\/2024 - Apr\u00e8s une finale rocambolesque \u00e0 Arosa, Marielle Berger Sabbatel termine deuxi\u00e8me ex\u00e6quo.\" \/>\n<meta name=\"robots\" content=\"index, follow, max-snippet:-1, max-image-preview:large, max-video-preview:-1\" \/>\n<link rel=\"canonical\" href=\"https:\/\/dicodusport.fr\/blog\/coupe-du-monde-de-skicross-marielle-berger-sabbatel-de-nouveau-sur-le-podium-a-arosa\/\" \/>\n<meta property=\"og:locale\" content=\"fr_FR\" \/>\n<meta property=\"og:type\" content=\"article\" \/>\n<meta property=\"og:title\" content=\"Coupe du monde de skicross : Marielle Berger Sabbatel de nouveau sur le podium \u00e0 Arosa\" \/>\n<meta property=\"og:description\" content=\"COUPE DU MONDE DE SKICROSS 2023\/2024 - Apr\u00e8s une finale rocambolesque \u00e0 Arosa, Marielle Berger Sabbatel termine deuxi\u00e8me ex\u00e6quo.\" \/>\n<meta property=\"og:url\" content=\"https:\/\/dicodusport.fr\/blog\/coupe-du-monde-de-skicross-marielle-berger-sabbatel-de-nouveau-sur-le-podium-a-arosa\/\" \/>\n<meta property=\"og:site_name\" content=\"Dicodusport\" \/>\n<meta property=\"article:publisher\" content=\"https:\/\/www.facebook.com\/dicodusport\" \/>\n<meta property=\"article:author\" content=\"https:\/\/www.facebook.com\/sebastien.gente\/\" \/>\n<meta property=\"article:published_time\" content=\"2023-12-13T09:03:34+00:00\" \/>\n<meta property=\"og:image\" content=\"https:\/\/dicodusport.fr\/blog\/wp-content\/uploads\/2023\/12\/Coupe-du-monde-de-skicross-Marielle-Berger-Sabbatel-de-nouveau-sur-le-podium-a-Arosa.png\" \/>\n\t<meta property=\"og:image:width\" content=\"1200\" \/>\n\t<meta property=\"og:image:height\" content=\"674\" \/>\n\t<meta property=\"og:image:type\" content=\"image\/png\" \/>\n<meta name=\"author\" content=\"S\u00e9bastien Gente\" \/>\n<meta name=\"twitter:card\" content=\"summary_large_image\" \/>\n<meta name=\"twitter:title\" content=\"Coupe du monde de skicross : Marielle Berger Sabbatel de nouveau sur le podium \u00e0 Arosa\" \/>\n<meta name=\"twitter:creator\" content=\"@https:\/\/twitter.com\/globulo24\" \/>\n<meta name=\"twitter:site\" content=\"@dicodusport\" \/>\n<script type=\"application\/ld+json\" class=\"yoast-schema-graph\">{\"@context\":\"https:\/\/schema.org\",\"@graph\":[{\"@type\":\"NewsArticle\",\"@id\":\"https:\/\/dicodusport.fr\/blog\/coupe-du-monde-de-skicross-marielle-berger-sabbatel-de-nouveau-sur-le-podium-a-arosa\/#article\",\"isPartOf\":{\"@id\":\"https:\/\/dicodusport.fr\/blog\/coupe-du-monde-de-skicross-marielle-berger-sabbatel-de-nouveau-sur-le-podium-a-arosa\/\"},\"author\":{\"name\":\"S\u00e9bastien Gente\",\"@id\":\"https:\/\/dicodusport.fr\/blog\/#\/schema\/person\/627966a6cde45dbd8c5e36ac85d783da\"},\"headline\":\"Coupe du monde de skicross : Marielle Berger Sabbatel de nouveau sur le podium \u00e0 Arosa\",\"datePublished\":\"2023-12-13T09:03:34+00:00\",\"mainEntityOfPage\":{\"@id\":\"https:\/\/dicodusport.fr\/blog\/coupe-du-monde-de-skicross-marielle-berger-sabbatel-de-nouveau-sur-le-podium-a-arosa\/\"},\"wordCount\":395,\"commentCount\":0,\"publisher\":{\"@id\":\"https:\/\/dicodusport.fr\/blog\/#organization\"},\"image\":{\"@id\":\"https:\/\/dicodusport.fr\/blog\/coupe-du-monde-de-skicross-marielle-berger-sabbatel-de-nouveau-sur-le-podium-a-arosa\/#primaryimage\"},\"thumbnailUrl\":\"https:\/\/dicodusport.fr\/blog\/wp-content\/uploads\/2023\/12\/Coupe-du-monde-de-skicross-Marielle-Berger-Sabbatel-de-nouveau-sur-le-podium-a-Arosa.png\",\"keywords\":[\"br\u00e8ve\",\"Marielle Berger Sabbatel\"],\"articleSection\":[\"Sports d'hiver\"],\"inLanguage\":\"fr-FR\",\"potentialAction\":[{\"@type\":\"CommentAction\",\"name\":\"Comment\",\"target\":[\"https:\/\/dicodusport.fr\/blog\/coupe-du-monde-de-skicross-marielle-berger-sabbatel-de-nouveau-sur-le-podium-a-arosa\/#respond\"]}],\"copyrightYear\":\"2023\",\"copyrightHolder\":{\"@id\":\"https:\/\/dicodusport.fr\/blog\/#organization\"}},{\"@type\":\"WebPage\",\"@id\":\"https:\/\/dicodusport.fr\/blog\/coupe-du-monde-de-skicross-marielle-berger-sabbatel-de-nouveau-sur-le-podium-a-arosa\/\",\"url\":\"https:\/\/dicodusport.fr\/blog\/coupe-du-monde-de-skicross-marielle-berger-sabbatel-de-nouveau-sur-le-podium-a-arosa\/\",\"name\":\"Coupe du monde de skicross : Marielle Berger Sabbatel de nouveau sur le podium \u00e0 Arosa\",\"isPartOf\":{\"@id\":\"https:\/\/dicodusport.fr\/blog\/#website\"},\"primaryImageOfPage\":{\"@id\":\"https:\/\/dicodusport.fr\/blog\/coupe-du-monde-de-skicross-marielle-berger-sabbatel-de-nouveau-sur-le-podium-a-arosa\/#primaryimage\"},\"image\":{\"@id\":\"https:\/\/dicodusport.fr\/blog\/coupe-du-monde-de-skicross-marielle-berger-sabbatel-de-nouveau-sur-le-podium-a-arosa\/#primaryimage\"},\"thumbnailUrl\":\"https:\/\/dicodusport.fr\/blog\/wp-content\/uploads\/2023\/12\/Coupe-du-monde-de-skicross-Marielle-Berger-Sabbatel-de-nouveau-sur-le-podium-a-Arosa.png\",\"datePublished\":\"2023-12-13T09:03:34+00:00\",\"description\":\"COUPE DU MONDE DE SKICROSS 2023\/2024 - Apr\u00e8s une finale rocambolesque \u00e0 Arosa, Marielle Berger Sabbatel termine deuxi\u00e8me ex\u00e6quo.\",\"breadcrumb\":{\"@id\":\"https:\/\/dicodusport.fr\/blog\/coupe-du-monde-de-skicross-marielle-berger-sabbatel-de-nouveau-sur-le-podium-a-arosa\/#breadcrumb\"},\"inLanguage\":\"fr-FR\",\"potentialAction\":[{\"@type\":\"ReadAction\",\"target\":[\"https:\/\/dicodusport.fr\/blog\/coupe-du-monde-de-skicross-marielle-berger-sabbatel-de-nouveau-sur-le-podium-a-arosa\/\"]}]},{\"@type\":\"ImageObject\",\"inLanguage\":\"fr-FR\",\"@id\":\"https:\/\/dicodusport.fr\/blog\/coupe-du-monde-de-skicross-marielle-berger-sabbatel-de-nouveau-sur-le-podium-a-arosa\/#primaryimage\",\"url\":\"https:\/\/dicodusport.fr\/blog\/wp-content\/uploads\/2023\/12\/Coupe-du-monde-de-skicross-Marielle-Berger-Sabbatel-de-nouveau-sur-le-podium-a-Arosa.png\",\"contentUrl\":\"https:\/\/dicodusport.fr\/blog\/wp-content\/uploads\/2023\/12\/Coupe-du-monde-de-skicross-Marielle-Berger-Sabbatel-de-nouveau-sur-le-podium-a-Arosa.png\",\"width\":1200,\"height\":674,\"caption\":\"Coupe du monde de skicross Marielle Berger Sabbatel de nouveau sur le podium \u00e0 Arosa\"},{\"@type\":\"BreadcrumbList\",\"@id\":\"https:\/\/dicodusport.fr\/blog\/coupe-du-monde-de-skicross-marielle-berger-sabbatel-de-nouveau-sur-le-podium-a-arosa\/#breadcrumb\",\"itemListElement\":[{\"@type\":\"ListItem\",\"position\":1,\"name\":\"Accueil\",\"item\":\"https:\/\/dicodusport.fr\/blog\/\"},{\"@type\":\"ListItem\",\"position\":2,\"name\":\"Coupe du monde de skicross : Marielle Berger Sabbatel de nouveau sur le podium \u00e0 Arosa\"}]},{\"@type\":\"WebSite\",\"@id\":\"https:\/\/dicodusport.fr\/blog\/#website\",\"url\":\"https:\/\/dicodusport.fr\/blog\/\",\"name\":\"Dicodusport\",\"description\":\"L&#039;encyclop\u00e9die de l&#039;actualit\u00e9 sportive\",\"publisher\":{\"@id\":\"https:\/\/dicodusport.fr\/blog\/#organization\"},\"potentialAction\":[{\"@type\":\"SearchAction\",\"target\":{\"@type\":\"EntryPoint\",\"urlTemplate\":\"https:\/\/dicodusport.fr\/blog\/?s={search_term_string}\"},\"query-input\":{\"@type\":\"PropertyValueSpecification\",\"valueRequired\":true,\"valueName\":\"search_term_string\"}}],\"inLanguage\":\"fr-FR\"},{\"@type\":\"NewsMediaOrganization\",\"@id\":\"https:\/\/dicodusport.fr\/blog\/#organization\",\"name\":\"Dicodusport\",\"url\":\"https:\/\/dicodusport.fr\/blog\/\",\"logo\":{\"@type\":\"ImageObject\",\"inLanguage\":\"fr-FR\",\"@id\":\"https:\/\/dicodusport.fr\/blog\/#\/schema\/logo\/image\/\",\"url\":\"https:\/\/dicodusport.fr\/blog\/wp-content\/uploads\/2020\/06\/cropped-LOGO-DICODUSPORT-2020-SANS-FOND-SANS-TEXTE.png\",\"contentUrl\":\"https:\/\/dicodusport.fr\/blog\/wp-content\/uploads\/2020\/06\/cropped-LOGO-DICODUSPORT-2020-SANS-FOND-SANS-TEXTE.png\",\"width\":512,\"height\":512,\"caption\":\"Dicodusport\"},\"image\":{\"@id\":\"https:\/\/dicodusport.fr\/blog\/#\/schema\/logo\/image\/\"},\"sameAs\":[\"https:\/\/www.facebook.com\/dicodusport\",\"https:\/\/x.com\/dicodusport\",\"https:\/\/www.instagram.com\/dicodusport\/\",\"https:\/\/www.youtube.com\/channel\/UC7V2KZ5sd3htJivAbA4ZG3w\"],\"description\":\"Dicodusport est l'encyclop\u00e9die de l'actualit\u00e9 sportive.\",\"email\":\"bonjour@dicodusport.fr\",\"legalName\":\"DICODUSPORT\",\"foundingDate\":\"2018-01-14\",\"vatID\":\"FR71834470973\",\"taxID\":\"83447097300043\",\"numberOfEmployees\":{\"@type\":\"QuantitativeValue\",\"minValue\":\"1\",\"maxValue\":\"10\"}},{\"@type\":\"Person\",\"@id\":\"https:\/\/dicodusport.fr\/blog\/#\/schema\/person\/627966a6cde45dbd8c5e36ac85d783da\",\"name\":\"S\u00e9bastien Gente\",\"image\":{\"@type\":\"ImageObject\",\"inLanguage\":\"fr-FR\",\"@id\":\"https:\/\/dicodusport.fr\/blog\/#\/schema\/person\/image\/\",\"url\":\"https:\/\/dicodusport.fr\/blog\/wp-content\/uploads\/2021\/09\/1510990_10205810251400683_4124423575079401707_n-150x150.jpg\",\"contentUrl\":\"https:\/\/dicodusport.fr\/blog\/wp-content\/uploads\/2021\/09\/1510990_10205810251400683_4124423575079401707_n-150x150.jpg\",\"caption\":\"S\u00e9bastien Gente\"},\"description\":\"John Stockton, Gianni Bugno, Zinedine Zidane, Steffi Graf, Frode Andresen, St\u00e9phane Stoecklin, Davis Kamoga, Primoz Peterka, Werner Schlager et Aur\u00e9lien Rougerie. Point commun entre ces sportifs? Ils m'ont fait r\u00eaver et ont berc\u00e9 mon adolescence. Je suis un fondu de sports et j'essaie de retranscrire ma passion \u00e0 travers mes articles. Originaire du P\u00e9rigord, ma passion pour les Girondins, les Jaunards et les Jazzmen transpire dans mes \u00e9crits. \u00c0 Dicodusport depuis 2021, je d\u00e9niche les sports m\u00e9connus dans lesquels la France brille, et il y en a !\",\"sameAs\":[\"https:\/\/www.facebook.com\/sebastien.gente\/\",\"https:\/\/www.instagram.com\/sebgente\/\",\"https:\/\/www.linkedin.com\/in\/sbastien-gente-a29583169\/\",\"https:\/\/x.com\/https:\/\/twitter.com\/globulo24\",\"SebastienGente\"],\"worksFor\":\"S\u00e9bastien GENTE\",\"url\":\"https:\/\/dicodusport.fr\/blog\/author\/sebastiengente\/\"}]}<\/script>\n<!-- \/ Yoast SEO Premium plugin. -->","yoast_head_json":{"title":"Coupe du monde de skicross : Marielle Berger Sabbatel de nouveau sur le podium \u00e0 Arosa","description":"COUPE DU MONDE DE SKICROSS 2023\/2024 - Apr\u00e8s une finale rocambolesque \u00e0 Arosa, Marielle Berger Sabbatel termine deuxi\u00e8me ex\u00e6quo.","robots":{"index":"index","follow":"follow","max-snippet":"max-snippet:-1","max-image-preview":"max-image-preview:large","max-video-preview":"max-video-preview:-1"},"canonical":"https:\/\/dicodusport.fr\/blog\/coupe-du-monde-de-skicross-marielle-berger-sabbatel-de-nouveau-sur-le-podium-a-arosa\/","og_locale":"fr_FR","og_type":"article","og_title":"Coupe du monde de skicross : Marielle Berger Sabbatel de nouveau sur le podium \u00e0 Arosa","og_description":"COUPE DU MONDE DE SKICROSS 2023\/2024 - Apr\u00e8s une finale rocambolesque \u00e0 Arosa, Marielle Berger Sabbatel termine deuxi\u00e8me ex\u00e6quo.","og_url":"https:\/\/dicodusport.fr\/blog\/coupe-du-monde-de-skicross-marielle-berger-sabbatel-de-nouveau-sur-le-podium-a-arosa\/","og_site_name":"Dicodusport","article_publisher":"https:\/\/www.facebook.com\/dicodusport","article_author":"https:\/\/www.facebook.com\/sebastien.gente\/","article_published_time":"2023-12-13T09:03:34+00:00","og_image":[{"width":1200,"height":674,"url":"https:\/\/dicodusport.fr\/blog\/wp-content\/uploads\/2023\/12\/Coupe-du-monde-de-skicross-Marielle-Berger-Sabbatel-de-nouveau-sur-le-podium-a-Arosa.png","type":"image\/png"}],"author":"S\u00e9bastien Gente","twitter_card":"summary_large_image","twitter_title":"Coupe du monde de skicross : Marielle Berger Sabbatel de nouveau sur le podium \u00e0 Arosa","twitter_creator":"@https:\/\/twitter.com\/globulo24","twitter_site":"@dicodusport","schema":{"@context":"https:\/\/schema.org","@graph":[{"@type":"NewsArticle","@id":"https:\/\/dicodusport.fr\/blog\/coupe-du-monde-de-skicross-marielle-berger-sabbatel-de-nouveau-sur-le-podium-a-arosa\/#article","isPartOf":{"@id":"https:\/\/dicodusport.fr\/blog\/coupe-du-monde-de-skicross-marielle-berger-sabbatel-de-nouveau-sur-le-podium-a-arosa\/"},"author":{"name":"S\u00e9bastien Gente","@id":"https:\/\/dicodusport.fr\/blog\/#\/schema\/person\/627966a6cde45dbd8c5e36ac85d783da"},"headline":"Coupe du monde de skicross : Marielle Berger Sabbatel de nouveau sur le podium \u00e0 Arosa","datePublished":"2023-12-13T09:03:34+00:00","mainEntityOfPage":{"@id":"https:\/\/dicodusport.fr\/blog\/coupe-du-monde-de-skicross-marielle-berger-sabbatel-de-nouveau-sur-le-podium-a-arosa\/"},"wordCount":395,"commentCount":0,"publisher":{"@id":"https:\/\/dicodusport.fr\/blog\/#organization"},"image":{"@id":"https:\/\/dicodusport.fr\/blog\/coupe-du-monde-de-skicross-marielle-berger-sabbatel-de-nouveau-sur-le-podium-a-arosa\/#primaryimage"},"thumbnailUrl":"https:\/\/dicodusport.fr\/blog\/wp-content\/uploads\/2023\/12\/Coupe-du-monde-de-skicross-Marielle-Berger-Sabbatel-de-nouveau-sur-le-podium-a-Arosa.png","keywords":["br\u00e8ve","Marielle Berger Sabbatel"],"articleSection":["Sports d'hiver"],"inLanguage":"fr-FR","potentialAction":[{"@type":"CommentAction","name":"Comment","target":["https:\/\/dicodusport.fr\/blog\/coupe-du-monde-de-skicross-marielle-berger-sabbatel-de-nouveau-sur-le-podium-a-arosa\/#respond"]}],"copyrightYear":"2023","copyrightHolder":{"@id":"https:\/\/dicodusport.fr\/blog\/#organization"}},{"@type":"WebPage","@id":"https:\/\/dicodusport.fr\/blog\/coupe-du-monde-de-skicross-marielle-berger-sabbatel-de-nouveau-sur-le-podium-a-arosa\/","url":"https:\/\/dicodusport.fr\/blog\/coupe-du-monde-de-skicross-marielle-berger-sabbatel-de-nouveau-sur-le-podium-a-arosa\/","name":"Coupe du monde de skicross : Marielle Berger Sabbatel de nouveau sur le podium \u00e0 Arosa","isPartOf":{"@id":"https:\/\/dicodusport.fr\/blog\/#website"},"primaryImageOfPage":{"@id":"https:\/\/dicodusport.fr\/blog\/coupe-du-monde-de-skicross-marielle-berger-sabbatel-de-nouveau-sur-le-podium-a-arosa\/#primaryimage"},"image":{"@id":"https:\/\/dicodusport.fr\/blog\/coupe-du-monde-de-skicross-marielle-berger-sabbatel-de-nouveau-sur-le-podium-a-arosa\/#primaryimage"},"thumbnailUrl":"https:\/\/dicodusport.fr\/blog\/wp-content\/uploads\/2023\/12\/Coupe-du-monde-de-skicross-Marielle-Berger-Sabbatel-de-nouveau-sur-le-podium-a-Arosa.png","datePublished":"2023-12-13T09:03:34+00:00","description":"COUPE DU MONDE DE SKICROSS 2023\/2024 - Apr\u00e8s une finale rocambolesque \u00e0 Arosa, Marielle Berger Sabbatel termine deuxi\u00e8me ex\u00e6quo.","breadcrumb":{"@id":"https:\/\/dicodusport.fr\/blog\/coupe-du-monde-de-skicross-marielle-berger-sabbatel-de-nouveau-sur-le-podium-a-arosa\/#breadcrumb"},"inLanguage":"fr-FR","potentialAction":[{"@type":"ReadAction","target":["https:\/\/dicodusport.fr\/blog\/coupe-du-monde-de-skicross-marielle-berger-sabbatel-de-nouveau-sur-le-podium-a-arosa\/"]}]},{"@type":"ImageObject","inLanguage":"fr-FR","@id":"https:\/\/dicodusport.fr\/blog\/coupe-du-monde-de-skicross-marielle-berger-sabbatel-de-nouveau-sur-le-podium-a-arosa\/#primaryimage","url":"https:\/\/dicodusport.fr\/blog\/wp-content\/uploads\/2023\/12\/Coupe-du-monde-de-skicross-Marielle-Berger-Sabbatel-de-nouveau-sur-le-podium-a-Arosa.png","contentUrl":"https:\/\/dicodusport.fr\/blog\/wp-content\/uploads\/2023\/12\/Coupe-du-monde-de-skicross-Marielle-Berger-Sabbatel-de-nouveau-sur-le-podium-a-Arosa.png","width":1200,"height":674,"caption":"Coupe du monde de skicross Marielle Berger Sabbatel de nouveau sur le podium \u00e0 Arosa"},{"@type":"BreadcrumbList","@id":"https:\/\/dicodusport.fr\/blog\/coupe-du-monde-de-skicross-marielle-berger-sabbatel-de-nouveau-sur-le-podium-a-arosa\/#breadcrumb","itemListElement":[{"@type":"ListItem","position":1,"name":"Accueil","item":"https:\/\/dicodusport.fr\/blog\/"},{"@type":"ListItem","position":2,"name":"Coupe du monde de skicross : Marielle Berger Sabbatel de nouveau sur le podium \u00e0 Arosa"}]},{"@type":"WebSite","@id":"https:\/\/dicodusport.fr\/blog\/#website","url":"https:\/\/dicodusport.fr\/blog\/","name":"Dicodusport","description":"L&#039;encyclop\u00e9die de l&#039;actualit\u00e9 sportive","publisher":{"@id":"https:\/\/dicodusport.fr\/blog\/#organization"},"potentialAction":[{"@type":"SearchAction","target":{"@type":"EntryPoint","urlTemplate":"https:\/\/dicodusport.fr\/blog\/?s={search_term_string}"},"query-input":{"@type":"PropertyValueSpecification","valueRequired":true,"valueName":"search_term_string"}}],"inLanguage":"fr-FR"},{"@type":"NewsMediaOrganization","@id":"https:\/\/dicodusport.fr\/blog\/#organization","name":"Dicodusport","url":"https:\/\/dicodusport.fr\/blog\/","logo":{"@type":"ImageObject","inLanguage":"fr-FR","@id":"https:\/\/dicodusport.fr\/blog\/#\/schema\/logo\/image\/","url":"https:\/\/dicodusport.fr\/blog\/wp-content\/uploads\/2020\/06\/cropped-LOGO-DICODUSPORT-2020-SANS-FOND-SANS-TEXTE.png","contentUrl":"https:\/\/dicodusport.fr\/blog\/wp-content\/uploads\/2020\/06\/cropped-LOGO-DICODUSPORT-2020-SANS-FOND-SANS-TEXTE.png","width":512,"height":512,"caption":"Dicodusport"},"image":{"@id":"https:\/\/dicodusport.fr\/blog\/#\/schema\/logo\/image\/"},"sameAs":["https:\/\/www.facebook.com\/dicodusport","https:\/\/x.com\/dicodusport","https:\/\/www.instagram.com\/dicodusport\/","https:\/\/www.youtube.com\/channel\/UC7V2KZ5sd3htJivAbA4ZG3w"],"description":"Dicodusport est l'encyclop\u00e9die de l'actualit\u00e9 sportive.","email":"bonjour@dicodusport.fr","legalName":"DICODUSPORT","foundingDate":"2018-01-14","vatID":"FR71834470973","taxID":"83447097300043","numberOfEmployees":{"@type":"QuantitativeValue","minValue":"1","maxValue":"10"}},{"@type":"Person","@id":"https:\/\/dicodusport.fr\/blog\/#\/schema\/person\/627966a6cde45dbd8c5e36ac85d783da","name":"S\u00e9bastien Gente","image":{"@type":"ImageObject","inLanguage":"fr-FR","@id":"https:\/\/dicodusport.fr\/blog\/#\/schema\/person\/image\/","url":"https:\/\/dicodusport.fr\/blog\/wp-content\/uploads\/2021\/09\/1510990_10205810251400683_4124423575079401707_n-150x150.jpg","contentUrl":"https:\/\/dicodusport.fr\/blog\/wp-content\/uploads\/2021\/09\/1510990_10205810251400683_4124423575079401707_n-150x150.jpg","caption":"S\u00e9bastien Gente"},"description":"John Stockton, Gianni Bugno, Zinedine Zidane, Steffi Graf, Frode Andresen, St\u00e9phane Stoecklin, Davis Kamoga, Primoz Peterka, Werner Schlager et Aur\u00e9lien Rougerie. Point commun entre ces sportifs? Ils m'ont fait r\u00eaver et ont berc\u00e9 mon adolescence. Je suis un fondu de sports et j'essaie de retranscrire ma passion \u00e0 travers mes articles. Originaire du P\u00e9rigord, ma passion pour les Girondins, les Jaunards et les Jazzmen transpire dans mes \u00e9crits. \u00c0 Dicodusport depuis 2021, je d\u00e9niche les sports m\u00e9connus dans lesquels la France brille, et il y en a !","sameAs":["https:\/\/www.facebook.com\/sebastien.gente\/","https:\/\/www.instagram.com\/sebgente\/","https:\/\/www.linkedin.com\/in\/sbastien-gente-a29583169\/","https:\/\/x.com\/https:\/\/twitter.com\/globulo24","SebastienGente"],"worksFor":"S\u00e9bastien GENTE","url":"https:\/\/dicodusport.fr\/blog\/author\/sebastiengente\/"}]}},"_links":{"self":[{"href":"https:\/\/dicodusport.fr\/blog\/wp-json\/wp\/v2\/posts\/444928","targetHints":{"allow":["GET"]}}],"collection":[{"href":"https:\/\/dicodusport.fr\/blog\/wp-json\/wp\/v2\/posts"}],"about":[{"href":"https:\/\/dicodusport.fr\/blog\/wp-json\/wp\/v2\/types\/post"}],"author":[{"embeddable":true,"href":"https:\/\/dicodusport.fr\/blog\/wp-json\/wp\/v2\/users\/59"}],"replies":[{"embeddable":true,"href":"https:\/\/dicodusport.fr\/blog\/wp-json\/wp\/v2\/comments?post=444928"}],"version-history":[{"count":1,"href":"https:\/\/dicodusport.fr\/blog\/wp-json\/wp\/v2\/posts\/444928\/revisions"}],"predecessor-version":[{"id":444938,"href":"https:\/\/dicodusport.fr\/blog\/wp-json\/wp\/v2\/posts\/444928\/revisions\/444938"}],"wp:featuredmedia":[{"embeddable":true,"href":"https:\/\/dicodusport.fr\/blog\/wp-json\/wp\/v2\/media\/444935"}],"wp:attachment":[{"href":"https:\/\/dicodusport.fr\/blog\/wp-json\/wp\/v2\/media?parent=444928"}],"wp:term":[{"taxonomy":"category","embeddable":true,"href":"https:\/\/dicodusport.fr\/blog\/wp-json\/wp\/v2\/categories?post=444928"},{"taxonomy":"post_tag","embeddable":true,"href":"https:\/\/dicodusport.fr\/blog\/wp-json\/wp\/v2\/tags?post=444928"}],"curies":[{"name":"wp","href":"https:\/\/api.w.org\/{rel}","templated":true}]}}