{"id":445067,"date":"2023-12-13T23:04:17","date_gmt":"2023-12-13T22:04:17","guid":{"rendered":"https:\/\/dicodusport.fr\/blog\/?p=445067&#038;preview=true&#038;preview_id=445067"},"modified":"2025-09-16T08:53:06","modified_gmt":"2025-09-16T06:53:06","slug":"dortmund-psg-les-notes-de-paris","status":"publish","type":"post","link":"https:\/\/dicodusport.fr\/blog\/dortmund-psg-les-notes-de-paris\/","title":{"rendered":"Dortmund &#8211; PSG : Les notes de Paris"},"content":{"rendered":"<p style=\"text-align: justify;\"><strong><em>LIGUE DES CHAMPIONS 2023-2024 &#8211; D\u00e9couvrez les notes du PSG, apr\u00e8s <a href=\"https:\/\/dicodusport.fr\/blog\/ligue-des-champions-j6-le-psg-fait-match-nul-a-dortmund-et-se-qualifie-pour-les-8eme-de-finale\/\">le match nul sur la pelouse du Borussia Dortmund (1-1)<\/a>. Un nul qui qualifie les Parisiens en 8e de finale de Ligue des Champions.<\/em><\/strong><\/p>\n<ul>\n<li style=\"text-align: justify;\"><strong>\u00c0 ce sujet &#8211; <a href=\"https:\/\/dicodusport.fr\/blog\/ligue-des-champions-2023-2024-les-equipes-qualifiees-en-huitiemes-de-finale\/\">Ligue des Champions 2023-2024 : Les \u00e9quipes qualifi\u00e9es en huiti\u00e8mes de finale<\/a><\/strong><\/li>\n<\/ul>\n<h2 style=\"text-align: justify;\">Dortmund &#8211; PSG : les notes des Parisiens<\/h2>\n<p style=\"text-align: justify;\"><strong>Gianluigi Donnarumma &#8211; 7,5<\/strong><\/p>\n<p style=\"text-align: justify;\">C&rsquo;est lui le second h\u00e9ros de ce match. Paris peut lui dire merci ! Il a tout simplement \u00e9t\u00e9 h\u00e9ro\u00efque sur sa ligne, avec cinq parades d\u00e9terminantes. Vigilant sur la frappe vicieuse de <strong>Marco Reus<\/strong> (10e). Encore tr\u00e8s solide sur la frappe du m\u00eame allemand (26e) et sur la frappe de <strong>Karim Adeyemi<\/strong> (32e). Comme sur <strong>Salih Ozcan<\/strong> (46e). Encore une fois d\u00e9terminant sur <strong>Donyell Malen<\/strong> (62e). On peut esp\u00e9rer, pour le PSG, que ce match redonne de la confiance au portier italien. Qui a \u00e9t\u00e9 \u00e9galement rassurant dans tous les autres secteurs du jeu.<\/p>\n<p style=\"text-align: justify;\"><strong>Achraf Hakimi &#8211; 5<\/strong><\/p>\n<p style=\"text-align: justify;\">Le football, c&rsquo;est particulier. Le Marocain n&rsquo;avait pas r\u00e9ussi grand-chose, jusqu&rsquo;\u00e0 sa merveilleuse passe pour un<strong> Kylian Mbapp\u00e9<\/strong> finalement hors-jeu (77e). Car il aurait pu se ressasser longtemps son d\u00e9but de 2e mi-temps. Il peut faire beaucoup mieux sur le service de<strong> Kylian Mbapp\u00e9<\/strong> (49e). Et il perd le ballon qui am\u00e8ne l&rsquo;ouverture du score de Dortmund (51e). Son coup franc s&rsquo;envole (58e) Le jeu du PSG a consid\u00e9rablement pench\u00e9 \u00e0 gauche en premi\u00e8re mi-temps. Il a tout de m\u00eame touch\u00e9 35 ballons. Sa derni\u00e8re demi-heure a \u00e9t\u00e9 plus solide.<\/p>\n<p style=\"text-align: justify;\"><strong>Marquinhos &#8211; 5,5<\/strong><\/p>\n<p style=\"text-align: justify;\">Une premi\u00e8re grosse intervention (2e). Il repousse mal le ballon, sur la frappe de<strong> Marco Reus<\/strong> (26e). Averti (45e) pour une faute en retard. Il est domin\u00e9 dans son duel sur le but de Dortmund (son seul duel perdu en neuf n\u00e9goci\u00e9s ce soir) ! D\u00e9cisif sur un ultime retour, alors que <strong>Marco Reus<\/strong> avait rat\u00e9 son contr\u00f4le (90+2). Pas du grand <strong>Marquinhos<\/strong>, mais le capitaine parisien a parfois sauv\u00e9 les siens ce soir.<\/p>\n<p style=\"text-align: justify;\"><strong>Milan Skriniar &#8211; 5<\/strong><\/p>\n<p style=\"text-align: justify;\">Pris dans son dos par <strong>Marius Wolf,<\/strong> qui se cr\u00e9e une \u00e9norme occasion (14e). Il d\u00e9gage toujours une certaine impression de lenteur et il n&rsquo;est pas imp\u00e9rial dans les duels. Notamment les duels a\u00e9riens, avec seulement un petit 3\/6. N\u00e9anmoins, il a aussi su faire quelques belles interventions.<\/p>\n<p style=\"text-align: justify;\"><strong>Lucas Hernandez &#8211; 6,5<\/strong><\/p>\n<p style=\"text-align: justify;\">Son gros d\u00e9but de match a sans doute \u00e9vit\u00e9 une d\u00e9convenue au PSG. Un retour d\u00e9fensif \u00e9norme sur Marius Wolf, qui \u00e9tait seul dans la surface (14e). Encore tr\u00e8s solide sur une intervention risqu\u00e9e par derri\u00e8re, aux abords de la surface. En revanche, son renvoi, dans la foul\u00e9e, am\u00e8ne la frappe de <strong>Karim Adeyemi<\/strong> (32e). Offensivement, il a apport\u00e9, avec deux passes cl\u00e9s, sans avoir trop de d\u00e9chets (neuf ballons perdus).<\/p>\n<ul>\n<li style=\"text-align: justify;\"><strong>\u00c0 ce sujet &#8211; <a href=\"https:\/\/dicodusport.fr\/blog\/ligue-des-champions-2023-2024-les-potentiels-adversaires-du-psg-en-8eme-de-finale\/\">Ligue des Champions 2023-2024 : Les potentiels adversaires du PSG en 8\u00e8me de finale<\/a><\/strong><\/li>\n<\/ul>\n<p style=\"text-align: justify;\"><strong>Vitinha &#8211; 6<\/strong><\/p>\n<p style=\"text-align: justify;\">Positionn\u00e9 dans un r\u00f4le de sentinelle inhabituel pour lui, o\u00f9 il n&rsquo;a pas \u00e9t\u00e9 exceptionnel sans \u00eatre mauvais pour autant. Une frappe des 25 m\u00e8tres qui alerte<strong> Gregor Kobel<\/strong> (12e). Il a termin\u00e9 le match \u00e0 un poste un peu plus habituel. Mais toujours avec cette capacit\u00e9 de belles passes. Il d\u00e9livre une superbe passe pour <strong>Bradley Barcola<\/strong> (80e) sur une action sur laquelle il est aussi \u00e0 l&rsquo;origine avec une magnifique sortie de balle dans son camp.<\/p>\n<p style=\"text-align: justify;\"><strong>Lee Kang-In &#8211; 3,5<\/strong><\/p>\n<p style=\"text-align: justify;\">M\u00eame si<strong> Randal Kolo-Muani<\/strong> \u00e9tait hors-jeu, il doit mettre la balle au fond sur le service parfait du Fran\u00e7ais (16e). Techniquement, son d\u00e9but de match est tr\u00e8s compliqu\u00e9, avec 10 ballons perdus en 25 touch\u00e9s, apr\u00e8s 30 minutes de jeu. Cela ne s&rsquo;am\u00e9liorera gu\u00e8re. Domin\u00e9 \u00e9galement dans les duels (3\/11), il a connu une soir\u00e9e bien compliqu\u00e9e \u00e0 Dortmund. Remplac\u00e9 par <strong>Manuel Ugarte<\/strong> (68e).<\/p>\n<p style=\"text-align: justify;\"><strong>Warren Za\u00efre-Emery &#8211; 7,5<\/strong><\/p>\n<p style=\"text-align: justify;\">L&rsquo;histoire retiendra que c&rsquo;est un gamin de 17 ans qui a pris ses responsabilit\u00e9s. Pour frapper avec beaucoup de d\u00e9termination pour \u00e9galiser, alors que le PSG \u00e9tait en p\u00e9ril (56e). Dans la foul\u00e9e, il provoque le carton jaune de Mats Hummels. Par ailleurs, il a encore une fois tr\u00e8s bien orient\u00e9 le jeu avec sa qualit\u00e9 de premi\u00e8re touche et de passe.\u00a0 Un manque de promptitude dans la surface (6e). Un match avec 12 ballons perdus et une deuxi\u00e8me mi-temps o\u00f9 il est vraiment mont\u00e9 en puissance.<\/p>\n<blockquote class=\"twitter-tweet\">\n<p dir=\"ltr\" lang=\"fr\">WARREN ZA\u00cfRE-EMERY EGALISE !!! \ud83d\udd25<\/p>\n<p>Le PSG n&rsquo;a dout\u00e9 que 5 minutes et doit encore aller chercher la qualification \ud83d\udd34\ud83d\udd35<\/p>\n<p>Une 2\u00e8me mi-temps de folie \u00e0 suivre sur CANAL+ \ud83d\udc40<a href=\"https:\/\/twitter.com\/hashtag\/BVBPSG?src=hash&amp;ref_src=twsrc%5Etfw\">#BVBPSG<\/a> | <a href=\"https:\/\/twitter.com\/hashtag\/UCL?src=hash&amp;ref_src=twsrc%5Etfw\">#UCL<\/a> <a href=\"https:\/\/t.co\/Omjnr84FfK\">pic.twitter.com\/Omjnr84FfK<\/a><\/p>\n<p>\u2014 CANAL+ Foot (@CanalplusFoot) <a href=\"https:\/\/twitter.com\/CanalplusFoot\/status\/1735046678204313994?ref_src=twsrc%5Etfw\">December 13, 2023<\/a><\/p><\/blockquote>\n<p><script async src=\"https:\/\/platform.twitter.com\/widgets.js\" charset=\"utf-8\"><\/script><\/p>\n<p style=\"text-align: justify;\"><strong>Randal Kolo Muani &#8211; 3,5<\/strong><\/p>\n<p style=\"text-align: justify;\">Encore une fois, il a fait preuve de bien trop de maladresse. Il doit marquer par deux fois en premi\u00e8re mi-temps. Parti seul en contre, il voit sa frappe mourir \u00e0 c\u00f4t\u00e9 du poteau. Il avait pris de vitesse la charni\u00e8re centrale de Dortmund (24e). Avant de buter sur le portier de Dortmund (45e). Il croque \u00e9galement une belle occasion de contre, avec un mauvais contr\u00f4le et une mauvaise passe. Sa deuxi\u00e8me mi-temps est sans grande envergure.<\/p>\n<p style=\"text-align: justify;\"><strong>Bradley Barcola &#8211; 5,5<\/strong><\/p>\n<p style=\"text-align: justify;\">Techniquement, il a propos\u00e9 des choses int\u00e9ressantes, m\u00eame si son repli en d\u00e9but de match a \u00e9t\u00e9 d\u00e9faillant. Chose qu&rsquo;il a tr\u00e8s bien corrig\u00e9e par la suite. Il a \u00e9t\u00e9 assez volontaire. Mais il a encore et toujours manqu\u00e9 de r\u00e9alisme. M\u00eame si sa frappe sublime s&rsquo;\u00e9crase sur le poteau (19e). Il doit faire beaucoup mieux sur sa frappe (79e). Mais il est passeur d\u00e9cisif, d&rsquo;une talonnade, sur l&rsquo;\u00e9galisation parisienne. Remplac\u00e9 par Marco Asensio (82e).<\/p>\n<p style=\"text-align: justify;\"><strong>Kylian Mbapp\u00e9 &#8211; 7,5<\/strong><\/p>\n<p style=\"text-align: justify;\">Ce soir, il a r\u00e9pondu pr\u00e9sent. Cela n&rsquo;a pas toujours \u00e9t\u00e9 le cas dans cette Ligue des Champions 2023-2024. Il ne lui a manqu\u00e9 qu&rsquo;une statistique. On a bien cru \u00e0 son ouverture du score. Il avait tout bien fait, un beau contr\u00f4le, il \u00e9limine le portier adverse. Mais il est tomb\u00e9 sur un retour exceptionnel et h\u00e9ro\u00efque de <strong>Niklas S\u00fcle<\/strong> (17e). On y a encore cru, quand il trouve le chemin des filets, mais finalement hors-jeu (77e). Il peut aussi finir le match \u00e0 deux ou trois passes d\u00e9cisives. D&rsquo;abord, quand il sert parfaitement <strong>Bradley Barcola<\/strong> sur le poteau du dernier (19e). Il lance parfaitement par deux fois un trop maladroit<strong> Randal Kolo Muani<\/strong> (24e et 45e). Et d\u00e9livre un caviar \u00e0 <strong>Achraf Hakimi<\/strong> (48e). N\u00e9anmoins, il est \u00e0 l&rsquo;origine du but de <strong>Warren Za\u00efre-Emery<\/strong>, avec son d\u00e9boul\u00e9 c\u00f4t\u00e9 gauche.<\/p>\n","protected":false},"excerpt":{"rendered":"<p>LIGUE DES CHAMPIONS 2023-2024 &#8211; D\u00e9couvrez les notes du PSG, apr\u00e8s le match nul sur la pelouse du Borussia Dortmund (1-1). Un nul qui qualifie les Parisiens en 8e de finale de Ligue des Champions.<\/p>\n","protected":false},"author":83,"featured_media":445111,"comment_status":"open","ping_status":"closed","sticky":false,"template":"","format":"standard","meta":{"_acf_changed":false,"_daextam_enable_autolinks":"1","footnotes":""},"categories":[47250],"tags":[16878,4085,75,419,6545,429,910,24],"class_list":["post-445067","post","type-post","status-publish","format-standard","has-post-thumbnail","hentry","category-ligue-des-champions-de-football","tag-breve","tag-dortmund","tag-football","tag-ligue-des-champions","tag-notes-paris","tag-paris","tag-psg","tag-sport"],"acf":[],"yoast_head":"<!-- This site is optimized with the Yoast SEO Premium plugin v26.7 (Yoast SEO v26.7) - https:\/\/yoast.com\/wordpress\/plugins\/seo\/ -->\n<title>Dortmund - PSG : Les notes de Paris<\/title>\n<meta name=\"description\" content=\"LIGUE DES CHAMPIONS 2023-2024 - D\u00e9couvrez les notes du PSG, apr\u00e8s le match nul sur la pelouse du Borussia Dortmund (1-1).\" \/>\n<meta name=\"robots\" content=\"index, follow, max-snippet:-1, max-image-preview:large, max-video-preview:-1\" \/>\n<link rel=\"canonical\" href=\"https:\/\/dicodusport.fr\/blog\/dortmund-psg-les-notes-de-paris\/\" \/>\n<meta property=\"og:locale\" content=\"fr_FR\" \/>\n<meta property=\"og:type\" content=\"article\" \/>\n<meta property=\"og:title\" content=\"Dortmund - PSG : Les notes de Paris\" \/>\n<meta property=\"og:description\" content=\"LIGUE DES CHAMPIONS 2023-2024 - D\u00e9couvrez les notes du PSG, apr\u00e8s le match nul sur la pelouse du Borussia Dortmund (1-1).\" \/>\n<meta property=\"og:url\" content=\"https:\/\/dicodusport.fr\/blog\/dortmund-psg-les-notes-de-paris\/\" \/>\n<meta property=\"og:site_name\" content=\"Dicodusport\" \/>\n<meta property=\"article:publisher\" content=\"https:\/\/www.facebook.com\/dicodusport\" \/>\n<meta property=\"article:published_time\" content=\"2023-12-13T22:04:17+00:00\" \/>\n<meta property=\"article:modified_time\" content=\"2025-09-16T06:53:06+00:00\" \/>\n<meta property=\"og:image\" content=\"https:\/\/dicodusport.fr\/blog\/wp-content\/uploads\/2023\/12\/Dortmund-PSG-Les-notes-de-Paris.png\" \/>\n\t<meta property=\"og:image:width\" content=\"1200\" \/>\n\t<meta property=\"og:image:height\" content=\"674\" \/>\n\t<meta property=\"og:image:type\" content=\"image\/png\" \/>\n<meta name=\"author\" content=\"Etienne Goursaud\" \/>\n<meta name=\"twitter:card\" content=\"summary_large_image\" \/>\n<meta name=\"twitter:title\" content=\"Dortmund - PSG : Les notes de Paris\" \/>\n<meta name=\"twitter:creator\" content=\"@dicodusport\" \/>\n<meta name=\"twitter:site\" content=\"@dicodusport\" \/>\n<script type=\"application\/ld+json\" class=\"yoast-schema-graph\">{\"@context\":\"https:\/\/schema.org\",\"@graph\":[{\"@type\":\"NewsArticle\",\"@id\":\"https:\/\/dicodusport.fr\/blog\/dortmund-psg-les-notes-de-paris\/#article\",\"isPartOf\":{\"@id\":\"https:\/\/dicodusport.fr\/blog\/dortmund-psg-les-notes-de-paris\/\"},\"author\":{\"name\":\"Etienne Goursaud\",\"@id\":\"https:\/\/dicodusport.fr\/blog\/#\/schema\/person\/d603dd7da31fb2b46c82b9835a77ec13\"},\"headline\":\"Dortmund &#8211; PSG : Les notes de Paris\",\"datePublished\":\"2023-12-13T22:04:17+00:00\",\"dateModified\":\"2025-09-16T06:53:06+00:00\",\"mainEntityOfPage\":{\"@id\":\"https:\/\/dicodusport.fr\/blog\/dortmund-psg-les-notes-de-paris\/\"},\"wordCount\":1132,\"commentCount\":0,\"publisher\":{\"@id\":\"https:\/\/dicodusport.fr\/blog\/#organization\"},\"image\":{\"@id\":\"https:\/\/dicodusport.fr\/blog\/dortmund-psg-les-notes-de-paris\/#primaryimage\"},\"thumbnailUrl\":\"https:\/\/dicodusport.fr\/blog\/wp-content\/uploads\/2023\/12\/Dortmund-PSG-Les-notes-de-Paris.png\",\"keywords\":[\"br\u00e8ve\",\"Dortmund\",\"Football\",\"Ligue des champions\",\"Notes Paris\",\"Paris\",\"PSG\",\"sport\"],\"articleSection\":[\"Ligue des Champions de football\"],\"inLanguage\":\"fr-FR\",\"potentialAction\":[{\"@type\":\"CommentAction\",\"name\":\"Comment\",\"target\":[\"https:\/\/dicodusport.fr\/blog\/dortmund-psg-les-notes-de-paris\/#respond\"]}],\"copyrightYear\":\"2023\",\"copyrightHolder\":{\"@id\":\"https:\/\/dicodusport.fr\/blog\/#organization\"}},{\"@type\":\"WebPage\",\"@id\":\"https:\/\/dicodusport.fr\/blog\/dortmund-psg-les-notes-de-paris\/\",\"url\":\"https:\/\/dicodusport.fr\/blog\/dortmund-psg-les-notes-de-paris\/\",\"name\":\"Dortmund - PSG : Les notes de Paris\",\"isPartOf\":{\"@id\":\"https:\/\/dicodusport.fr\/blog\/#website\"},\"primaryImageOfPage\":{\"@id\":\"https:\/\/dicodusport.fr\/blog\/dortmund-psg-les-notes-de-paris\/#primaryimage\"},\"image\":{\"@id\":\"https:\/\/dicodusport.fr\/blog\/dortmund-psg-les-notes-de-paris\/#primaryimage\"},\"thumbnailUrl\":\"https:\/\/dicodusport.fr\/blog\/wp-content\/uploads\/2023\/12\/Dortmund-PSG-Les-notes-de-Paris.png\",\"datePublished\":\"2023-12-13T22:04:17+00:00\",\"dateModified\":\"2025-09-16T06:53:06+00:00\",\"description\":\"LIGUE DES CHAMPIONS 2023-2024 - D\u00e9couvrez les notes du PSG, apr\u00e8s le match nul sur la pelouse du Borussia Dortmund (1-1).\",\"breadcrumb\":{\"@id\":\"https:\/\/dicodusport.fr\/blog\/dortmund-psg-les-notes-de-paris\/#breadcrumb\"},\"inLanguage\":\"fr-FR\",\"potentialAction\":[{\"@type\":\"ReadAction\",\"target\":[\"https:\/\/dicodusport.fr\/blog\/dortmund-psg-les-notes-de-paris\/\"]}]},{\"@type\":\"ImageObject\",\"inLanguage\":\"fr-FR\",\"@id\":\"https:\/\/dicodusport.fr\/blog\/dortmund-psg-les-notes-de-paris\/#primaryimage\",\"url\":\"https:\/\/dicodusport.fr\/blog\/wp-content\/uploads\/2023\/12\/Dortmund-PSG-Les-notes-de-Paris.png\",\"contentUrl\":\"https:\/\/dicodusport.fr\/blog\/wp-content\/uploads\/2023\/12\/Dortmund-PSG-Les-notes-de-Paris.png\",\"width\":1200,\"height\":674,\"caption\":\"Dortmund - PSG Les notes de Paris\"},{\"@type\":\"BreadcrumbList\",\"@id\":\"https:\/\/dicodusport.fr\/blog\/dortmund-psg-les-notes-de-paris\/#breadcrumb\",\"itemListElement\":[{\"@type\":\"ListItem\",\"position\":1,\"name\":\"Accueil\",\"item\":\"https:\/\/dicodusport.fr\/blog\/\"},{\"@type\":\"ListItem\",\"position\":2,\"name\":\"Dortmund &#8211; PSG : Les notes de Paris\"}]},{\"@type\":\"WebSite\",\"@id\":\"https:\/\/dicodusport.fr\/blog\/#website\",\"url\":\"https:\/\/dicodusport.fr\/blog\/\",\"name\":\"Dicodusport\",\"description\":\"L&#039;encyclop\u00e9die de l&#039;actualit\u00e9 sportive\",\"publisher\":{\"@id\":\"https:\/\/dicodusport.fr\/blog\/#organization\"},\"potentialAction\":[{\"@type\":\"SearchAction\",\"target\":{\"@type\":\"EntryPoint\",\"urlTemplate\":\"https:\/\/dicodusport.fr\/blog\/?s={search_term_string}\"},\"query-input\":{\"@type\":\"PropertyValueSpecification\",\"valueRequired\":true,\"valueName\":\"search_term_string\"}}],\"inLanguage\":\"fr-FR\"},{\"@type\":\"NewsMediaOrganization\",\"@id\":\"https:\/\/dicodusport.fr\/blog\/#organization\",\"name\":\"Dicodusport\",\"url\":\"https:\/\/dicodusport.fr\/blog\/\",\"logo\":{\"@type\":\"ImageObject\",\"inLanguage\":\"fr-FR\",\"@id\":\"https:\/\/dicodusport.fr\/blog\/#\/schema\/logo\/image\/\",\"url\":\"https:\/\/dicodusport.fr\/blog\/wp-content\/uploads\/2020\/06\/cropped-LOGO-DICODUSPORT-2020-SANS-FOND-SANS-TEXTE.png\",\"contentUrl\":\"https:\/\/dicodusport.fr\/blog\/wp-content\/uploads\/2020\/06\/cropped-LOGO-DICODUSPORT-2020-SANS-FOND-SANS-TEXTE.png\",\"width\":512,\"height\":512,\"caption\":\"Dicodusport\"},\"image\":{\"@id\":\"https:\/\/dicodusport.fr\/blog\/#\/schema\/logo\/image\/\"},\"sameAs\":[\"https:\/\/www.facebook.com\/dicodusport\",\"https:\/\/x.com\/dicodusport\",\"https:\/\/www.instagram.com\/dicodusport\/\",\"https:\/\/www.youtube.com\/channel\/UC7V2KZ5sd3htJivAbA4ZG3w\"],\"description\":\"Dicodusport est l'encyclop\u00e9die de l'actualit\u00e9 sportive.\",\"email\":\"bonjour@dicodusport.fr\",\"legalName\":\"DICODUSPORT\",\"foundingDate\":\"2018-01-14\",\"vatID\":\"FR71834470973\",\"taxID\":\"83447097300043\",\"numberOfEmployees\":{\"@type\":\"QuantitativeValue\",\"minValue\":\"1\",\"maxValue\":\"10\"}},{\"@type\":\"Person\",\"@id\":\"https:\/\/dicodusport.fr\/blog\/#\/schema\/person\/d603dd7da31fb2b46c82b9835a77ec13\",\"name\":\"Etienne Goursaud\",\"image\":{\"@type\":\"ImageObject\",\"inLanguage\":\"fr-FR\",\"@id\":\"https:\/\/dicodusport.fr\/blog\/#\/schema\/person\/image\/\",\"url\":\"https:\/\/dicodusport.fr\/blog\/wp-content\/uploads\/2023\/12\/410122264_10231602061736049_5565839791558026645_n-150x150.jpg\",\"contentUrl\":\"https:\/\/dicodusport.fr\/blog\/wp-content\/uploads\/2023\/12\/410122264_10231602061736049_5565839791558026645_n-150x150.jpg\",\"caption\":\"Etienne Goursaud\"},\"description\":\"Journaliste et amoureux de sport. Ancien footballeur reconverti athl\u00e8te quand ses muscles le laissent tranquille. \u00c9lev\u00e9 \u00e0 la sauce des exploits de Thomas Voeckler en 2004, du dernier essai de l\u00e9gende de Eunice Barber \u00e0 la longueur lors des championnats du monde d'athl\u00e9tisme de 2003 mais aussi Zidane, Omeyer et Titou Lamaison.\",\"url\":\"https:\/\/dicodusport.fr\/blog\/author\/etienne-goursaud\/\"}]}<\/script>\n<!-- \/ Yoast SEO Premium plugin. -->","yoast_head_json":{"title":"Dortmund - PSG : Les notes de Paris","description":"LIGUE DES CHAMPIONS 2023-2024 - D\u00e9couvrez les notes du PSG, apr\u00e8s le match nul sur la pelouse du Borussia Dortmund (1-1).","robots":{"index":"index","follow":"follow","max-snippet":"max-snippet:-1","max-image-preview":"max-image-preview:large","max-video-preview":"max-video-preview:-1"},"canonical":"https:\/\/dicodusport.fr\/blog\/dortmund-psg-les-notes-de-paris\/","og_locale":"fr_FR","og_type":"article","og_title":"Dortmund - PSG : Les notes de Paris","og_description":"LIGUE DES CHAMPIONS 2023-2024 - D\u00e9couvrez les notes du PSG, apr\u00e8s le match nul sur la pelouse du Borussia Dortmund (1-1).","og_url":"https:\/\/dicodusport.fr\/blog\/dortmund-psg-les-notes-de-paris\/","og_site_name":"Dicodusport","article_publisher":"https:\/\/www.facebook.com\/dicodusport","article_published_time":"2023-12-13T22:04:17+00:00","article_modified_time":"2025-09-16T06:53:06+00:00","og_image":[{"width":1200,"height":674,"url":"https:\/\/dicodusport.fr\/blog\/wp-content\/uploads\/2023\/12\/Dortmund-PSG-Les-notes-de-Paris.png","type":"image\/png"}],"author":"Etienne Goursaud","twitter_card":"summary_large_image","twitter_title":"Dortmund - PSG : Les notes de Paris","twitter_creator":"@dicodusport","twitter_site":"@dicodusport","schema":{"@context":"https:\/\/schema.org","@graph":[{"@type":"NewsArticle","@id":"https:\/\/dicodusport.fr\/blog\/dortmund-psg-les-notes-de-paris\/#article","isPartOf":{"@id":"https:\/\/dicodusport.fr\/blog\/dortmund-psg-les-notes-de-paris\/"},"author":{"name":"Etienne Goursaud","@id":"https:\/\/dicodusport.fr\/blog\/#\/schema\/person\/d603dd7da31fb2b46c82b9835a77ec13"},"headline":"Dortmund &#8211; PSG : Les notes de Paris","datePublished":"2023-12-13T22:04:17+00:00","dateModified":"2025-09-16T06:53:06+00:00","mainEntityOfPage":{"@id":"https:\/\/dicodusport.fr\/blog\/dortmund-psg-les-notes-de-paris\/"},"wordCount":1132,"commentCount":0,"publisher":{"@id":"https:\/\/dicodusport.fr\/blog\/#organization"},"image":{"@id":"https:\/\/dicodusport.fr\/blog\/dortmund-psg-les-notes-de-paris\/#primaryimage"},"thumbnailUrl":"https:\/\/dicodusport.fr\/blog\/wp-content\/uploads\/2023\/12\/Dortmund-PSG-Les-notes-de-Paris.png","keywords":["br\u00e8ve","Dortmund","Football","Ligue des champions","Notes Paris","Paris","PSG","sport"],"articleSection":["Ligue des Champions de football"],"inLanguage":"fr-FR","potentialAction":[{"@type":"CommentAction","name":"Comment","target":["https:\/\/dicodusport.fr\/blog\/dortmund-psg-les-notes-de-paris\/#respond"]}],"copyrightYear":"2023","copyrightHolder":{"@id":"https:\/\/dicodusport.fr\/blog\/#organization"}},{"@type":"WebPage","@id":"https:\/\/dicodusport.fr\/blog\/dortmund-psg-les-notes-de-paris\/","url":"https:\/\/dicodusport.fr\/blog\/dortmund-psg-les-notes-de-paris\/","name":"Dortmund - PSG : Les notes de Paris","isPartOf":{"@id":"https:\/\/dicodusport.fr\/blog\/#website"},"primaryImageOfPage":{"@id":"https:\/\/dicodusport.fr\/blog\/dortmund-psg-les-notes-de-paris\/#primaryimage"},"image":{"@id":"https:\/\/dicodusport.fr\/blog\/dortmund-psg-les-notes-de-paris\/#primaryimage"},"thumbnailUrl":"https:\/\/dicodusport.fr\/blog\/wp-content\/uploads\/2023\/12\/Dortmund-PSG-Les-notes-de-Paris.png","datePublished":"2023-12-13T22:04:17+00:00","dateModified":"2025-09-16T06:53:06+00:00","description":"LIGUE DES CHAMPIONS 2023-2024 - D\u00e9couvrez les notes du PSG, apr\u00e8s le match nul sur la pelouse du Borussia Dortmund (1-1).","breadcrumb":{"@id":"https:\/\/dicodusport.fr\/blog\/dortmund-psg-les-notes-de-paris\/#breadcrumb"},"inLanguage":"fr-FR","potentialAction":[{"@type":"ReadAction","target":["https:\/\/dicodusport.fr\/blog\/dortmund-psg-les-notes-de-paris\/"]}]},{"@type":"ImageObject","inLanguage":"fr-FR","@id":"https:\/\/dicodusport.fr\/blog\/dortmund-psg-les-notes-de-paris\/#primaryimage","url":"https:\/\/dicodusport.fr\/blog\/wp-content\/uploads\/2023\/12\/Dortmund-PSG-Les-notes-de-Paris.png","contentUrl":"https:\/\/dicodusport.fr\/blog\/wp-content\/uploads\/2023\/12\/Dortmund-PSG-Les-notes-de-Paris.png","width":1200,"height":674,"caption":"Dortmund - PSG Les notes de Paris"},{"@type":"BreadcrumbList","@id":"https:\/\/dicodusport.fr\/blog\/dortmund-psg-les-notes-de-paris\/#breadcrumb","itemListElement":[{"@type":"ListItem","position":1,"name":"Accueil","item":"https:\/\/dicodusport.fr\/blog\/"},{"@type":"ListItem","position":2,"name":"Dortmund &#8211; PSG : Les notes de Paris"}]},{"@type":"WebSite","@id":"https:\/\/dicodusport.fr\/blog\/#website","url":"https:\/\/dicodusport.fr\/blog\/","name":"Dicodusport","description":"L&#039;encyclop\u00e9die de l&#039;actualit\u00e9 sportive","publisher":{"@id":"https:\/\/dicodusport.fr\/blog\/#organization"},"potentialAction":[{"@type":"SearchAction","target":{"@type":"EntryPoint","urlTemplate":"https:\/\/dicodusport.fr\/blog\/?s={search_term_string}"},"query-input":{"@type":"PropertyValueSpecification","valueRequired":true,"valueName":"search_term_string"}}],"inLanguage":"fr-FR"},{"@type":"NewsMediaOrganization","@id":"https:\/\/dicodusport.fr\/blog\/#organization","name":"Dicodusport","url":"https:\/\/dicodusport.fr\/blog\/","logo":{"@type":"ImageObject","inLanguage":"fr-FR","@id":"https:\/\/dicodusport.fr\/blog\/#\/schema\/logo\/image\/","url":"https:\/\/dicodusport.fr\/blog\/wp-content\/uploads\/2020\/06\/cropped-LOGO-DICODUSPORT-2020-SANS-FOND-SANS-TEXTE.png","contentUrl":"https:\/\/dicodusport.fr\/blog\/wp-content\/uploads\/2020\/06\/cropped-LOGO-DICODUSPORT-2020-SANS-FOND-SANS-TEXTE.png","width":512,"height":512,"caption":"Dicodusport"},"image":{"@id":"https:\/\/dicodusport.fr\/blog\/#\/schema\/logo\/image\/"},"sameAs":["https:\/\/www.facebook.com\/dicodusport","https:\/\/x.com\/dicodusport","https:\/\/www.instagram.com\/dicodusport\/","https:\/\/www.youtube.com\/channel\/UC7V2KZ5sd3htJivAbA4ZG3w"],"description":"Dicodusport est l'encyclop\u00e9die de l'actualit\u00e9 sportive.","email":"bonjour@dicodusport.fr","legalName":"DICODUSPORT","foundingDate":"2018-01-14","vatID":"FR71834470973","taxID":"83447097300043","numberOfEmployees":{"@type":"QuantitativeValue","minValue":"1","maxValue":"10"}},{"@type":"Person","@id":"https:\/\/dicodusport.fr\/blog\/#\/schema\/person\/d603dd7da31fb2b46c82b9835a77ec13","name":"Etienne Goursaud","image":{"@type":"ImageObject","inLanguage":"fr-FR","@id":"https:\/\/dicodusport.fr\/blog\/#\/schema\/person\/image\/","url":"https:\/\/dicodusport.fr\/blog\/wp-content\/uploads\/2023\/12\/410122264_10231602061736049_5565839791558026645_n-150x150.jpg","contentUrl":"https:\/\/dicodusport.fr\/blog\/wp-content\/uploads\/2023\/12\/410122264_10231602061736049_5565839791558026645_n-150x150.jpg","caption":"Etienne Goursaud"},"description":"Journaliste et amoureux de sport. Ancien footballeur reconverti athl\u00e8te quand ses muscles le laissent tranquille. \u00c9lev\u00e9 \u00e0 la sauce des exploits de Thomas Voeckler en 2004, du dernier essai de l\u00e9gende de Eunice Barber \u00e0 la longueur lors des championnats du monde d'athl\u00e9tisme de 2003 mais aussi Zidane, Omeyer et Titou Lamaison.","url":"https:\/\/dicodusport.fr\/blog\/author\/etienne-goursaud\/"}]}},"_links":{"self":[{"href":"https:\/\/dicodusport.fr\/blog\/wp-json\/wp\/v2\/posts\/445067","targetHints":{"allow":["GET"]}}],"collection":[{"href":"https:\/\/dicodusport.fr\/blog\/wp-json\/wp\/v2\/posts"}],"about":[{"href":"https:\/\/dicodusport.fr\/blog\/wp-json\/wp\/v2\/types\/post"}],"author":[{"embeddable":true,"href":"https:\/\/dicodusport.fr\/blog\/wp-json\/wp\/v2\/users\/83"}],"replies":[{"embeddable":true,"href":"https:\/\/dicodusport.fr\/blog\/wp-json\/wp\/v2\/comments?post=445067"}],"version-history":[{"count":6,"href":"https:\/\/dicodusport.fr\/blog\/wp-json\/wp\/v2\/posts\/445067\/revisions"}],"predecessor-version":[{"id":445165,"href":"https:\/\/dicodusport.fr\/blog\/wp-json\/wp\/v2\/posts\/445067\/revisions\/445165"}],"wp:featuredmedia":[{"embeddable":true,"href":"https:\/\/dicodusport.fr\/blog\/wp-json\/wp\/v2\/media\/445111"}],"wp:attachment":[{"href":"https:\/\/dicodusport.fr\/blog\/wp-json\/wp\/v2\/media?parent=445067"}],"wp:term":[{"taxonomy":"category","embeddable":true,"href":"https:\/\/dicodusport.fr\/blog\/wp-json\/wp\/v2\/categories?post=445067"},{"taxonomy":"post_tag","embeddable":true,"href":"https:\/\/dicodusport.fr\/blog\/wp-json\/wp\/v2\/tags?post=445067"}],"curies":[{"name":"wp","href":"https:\/\/api.w.org\/{rel}","templated":true}]}}