{"id":445199,"date":"2023-12-14T13:29:16","date_gmt":"2023-12-14T12:29:16","guid":{"rendered":"https:\/\/dicodusport.fr\/blog\/?p=445199&#038;preview=true&#038;preview_id=445199"},"modified":"2023-12-14T17:01:40","modified_gmt":"2023-12-14T16:01:40","slug":"descente-de-val-gardena-kilde-simpose-dun-cheveu-devant-odermatt","status":"publish","type":"post","link":"https:\/\/dicodusport.fr\/blog\/descente-de-val-gardena-kilde-simpose-dun-cheveu-devant-odermatt\/","title":{"rendered":"Descente de Val Gardena : Bryce Bennett surprend Kilde et Odermatt, All\u00e8gre 4\u00e8me"},"content":{"rendered":"<p style=\"text-align: justify;\"><em><b>COUPE DU MONDE DE SKI ALPIN 2023-2024 &#8211; Sur la premi\u00e8re descente de la saison, un mois apr\u00e8s le lancement de la Coupe du monde, l&rsquo;Am\u00e9ricain Bryce Bennett a rafl\u00e9 la mise. Parti avec le dossard 34, il devance Aleksander Aamodt Kilde. Le Suisse Marco Odermatt compl\u00e8te le podium. Le Fran\u00e7ais Nils All\u00e8gre est 4\u00e8me.<\/b><\/em><\/p>\n<ul>\n<li style=\"text-align: justify;\"><strong>\u00c0 ce sujet &#8211; <a href=\"https:\/\/dicodusport.fr\/blog\/classement-descente-hommes-val-gardena-2023\/\">Classement de la descente de Val Gardena<\/a><\/strong><\/li>\n<\/ul>\n<p style=\"text-align: justify;\">Enfin. Enfin une descente a pu avoir lieu. Apr\u00e8s quatre \u00e9preuves annul\u00e9es, celle de Val Gardena (qui venait en remplacement d\u2019une des descentes de Zermatt) s\u2019est d\u00e9roul\u00e9e dans des conditions optimales pour notre plus grand plaisir. En plein c\u0153ur des Dolomites (Italie), les fous de la vitesse ont pu d\u00e9valer la Saslong sous un beau soleil, de quoi rendre encore plus t\u00e9l\u00e9g\u00e9nique le Camel, ce <em>\u00ab saut le plus mythique de la Coupe du monde, le plus long, le plus impressionnant pour nous \u00bb<\/em> selon le Fran\u00e7ais <strong>Blaise Giezendanner.<\/strong><\/p>\n<p style=\"text-align: justify;\">La course ne se gagne pas sur ce saut de plus 60 m, mais avant tout sur le bas du trac\u00e9 qui est tr\u00e8s technique. D\u00e8s qu\u2019on entre dans le Ciaslat, il faut changer de rythme et c\u2019est \u00e0 cet endroit que les diff\u00e9rences peuvent se faire. Il faut arriver \u00e0 jongler entre agilit\u00e9 et vitesse, d\u2019autant plus sur ce format de descente sprint. En effet, le d\u00e9part est abaiss\u00e9 au d\u00e9part du Super-G rendant la course plus courte et enlevant la longue partie plate.<\/p>\n<ul>\n<li style=\"text-align: justify;\"><strong>\u00c0 ce sujet \u2013 <a href=\"https:\/\/dicodusport.fr\/blog\/coupe-du-monde-de-ski-alpin-classement-general-hommes\/\">Classement g\u00e9n\u00e9ral de la Coupe du monde de ski alpin 2023-2024<\/a><\/strong><\/li>\n<\/ul>\n<h2 style=\"text-align: justify;\">Bryce Bennett refait le coup de 2021<\/h2>\n<p style=\"text-align: justify;\"><strong>Odermatt<\/strong>, qui a limit\u00e9 la casse sur la partie haute, a fait un super Ciaslat malgr\u00e9 quelques frayeurs en atterrissant un peu loin sur l\u2019un des sauts, mais son ski direct et en recherche permanente de vitesse a permis au Suisse de creuser un \u00e9cart important. Alors qu\u2019on pensait qu&rsquo;<strong>Odermatt<\/strong> allait pouvoir inscrire sa premi\u00e8re victoire en descente en Coupe du monde, c\u2019\u00e9tait sans compter le passage du dernier vainqueur du globe de la sp\u00e9cialit\u00e9, <strong>Aleksander Aamodt Kilde<\/strong>. Le Norv\u00e9gien, parti avec le dossard 10, a pu b\u00e9n\u00e9ficier d\u2019une tr\u00e8s l\u00e9g\u00e8re meilleure visibilit\u00e9, le soleil se levant petit \u00e0 petit sur la piste italienne. Connu pour ses gros d\u00e9parts, <strong>Kilde<\/strong> a commis quelques fautes sur le haut du trac\u00e9, mais comme <strong>Odermatt<\/strong>, c\u2019est dans la partie technique qu\u2019il a fait la diff\u00e9rence, les deux skieurs ayant le deuxi\u00e8me temps du 3\u00e8me secteur. Mais c\u2019est sur la fin du parcours que <strong>Kilde<\/strong> est all\u00e9 chercher le Suisse, avec le quatri\u00e8me meilleur temps du dernier secteur.<\/p>\n<ul>\n<li style=\"text-align: justify;\"><strong>\u00c0 ce sujet \u2013 <a href=\"https:\/\/dicodusport.fr\/blog\/ski-alpin-coupe-du-monde-2023-2024-calendrier-et-resultats-hommes\/\">Calendrier et r\u00e9sultats de la Coupe du monde de ski alpin 2023-2024<\/a><\/strong><\/li>\n<\/ul>\n<p style=\"text-align: justify;\">Alors qu\u2019on pensait que le Norv\u00e9gien se dirigeait vers sa 13\u00e8me victoire en descente, l\u2019Am\u00e9ricain <strong>Bryce Bennett<\/strong> est venu cr\u00e9er l\u2019\u00e9norme surprise du jour. Vainqueur surprise ici m\u00eame en 2021, Bennett, parti avec le dossard 34, est venu \u00e0 nouveau surprendre tout le monde avec une descente tr\u00e8s r\u00e9guli\u00e8re. Avec 9 centi\u00e8mes de retard au dernier interm\u00e9diaire, l&rsquo;Am\u00e9ricain sans complexe prend tous les risques et fait une excellente fin de parcours, cr\u00e9ant l\u2019exploit en reprenant 12 centi\u00e8mes \u00e0 <strong>Kilde<\/strong>, allumant ainsi du vert apr\u00e8s le passage de l\u2019arche d\u2019arriv\u00e9e. On pouvait s\u2019attendre \u00e0 une course serr\u00e9e, mais peut-\u00eatre pas \u00e0 une course avec un podium se jouant \u00e0 cinq centi\u00e8mes.<\/p>\n<blockquote class=\"twitter-tweet\">\n<p dir=\"ltr\" lang=\"fr\">\ud83c\udfc6 La premi\u00e8re descente de la saison pour Bryce Bennett ! Dossard 34, l&rsquo;Am\u00e9ricain a surpris les favoris pour s&rsquo;imposer devant Kilde et Odermatt \u00e0 Val Gardena.<\/p>\n<p>\ud83c\uddeb\ud83c\uddf7 Jolies perfs des Fran\u00e7ais Nils Allegre et Matthieu Bailet, 4e et 7e en Italie <a href=\"https:\/\/twitter.com\/hashtag\/ChaletClub?src=hash&amp;ref_src=twsrc%5Etfw\">#ChaletClub<\/a> <a href=\"https:\/\/t.co\/pfGgeNfKuR\">pic.twitter.com\/pfGgeNfKuR<\/a><\/p>\n<p>\u2014 Eurosport France (@Eurosport_FR) <a href=\"https:\/\/twitter.com\/Eurosport_FR\/status\/1735278095735665087?ref_src=twsrc%5Etfw\">December 14, 2023<\/a><\/p><\/blockquote>\n<p><script async src=\"https:\/\/platform.twitter.com\/widgets.js\" charset=\"utf-8\"><\/script><\/p>\n<h2 style=\"text-align: justify;\">All\u00e8gre \u00e0 8 centi\u00e8mes du podium<\/h2>\n<p style=\"text-align: justify;\">Sur une piste qui a souri dans le pass\u00e9 \u00e0 <strong>Antoine D\u00e9n\u00e9riaz<\/strong> (vainqueur en 2002 et 2003), <strong>Guillermo Fayed<\/strong> (2<sup>\u00e8me<\/sup> en 2015) ou encore le n\u00e9o-retrait\u00e9 <strong>Johan Clarey<\/strong> (3<sup>\u00e8me<\/sup> en 2009 et 2013) nos Fran\u00e7ais n\u2019ont pas d\u00e9m\u00e9rit\u00e9, et ce, malgr\u00e9 l\u2019annulation au dernier moment de la participation d&rsquo;<strong>Alexis<\/strong> <strong>Pinturault<\/strong>. Le Fran\u00e7ais qui a d\u00e9cid\u00e9 de se lancer dans cette cat\u00e9gorie cette ann\u00e9e, \u00e9voque un manque d\u2019entrainement (le second entra\u00eenement ayant \u00e9t\u00e9 annul\u00e9) et donc de rep\u00e8res sur cette piste ; on le retrouvera sur le Super-G vendredi. Pas moins de huit fran\u00e7ais prenaient le d\u00e9part de cette course avec de grosses attentes. <strong>Cyprien Sarrazin<\/strong> (qui avait remport\u00e9 le peu d&rsquo;entra\u00eenements ayant eu lieu) n&rsquo;a malheureusement pas pu finir la course apr\u00e8s une sortie de piste.<\/p>\n<p style=\"text-align: justify;\">Mais la grosse performance fran\u00e7aise vient de <strong>Nils All\u00e8gre<\/strong> qui vient \u00e9chouer d\u2019un rien pour le podium. Le skieur de Serre-Chevalier avec le meilleur temps du 3<sup>\u00e8me<\/sup> secteur vient finir \u00e0 13 centi\u00e8mes de <strong>Bennett<\/strong>. <strong>Matthieu Bailet<\/strong> qui revient d\u2019une blessure au genou, vient compl\u00e9ter la tr\u00e8s belle prestation fran\u00e7aise avec une belle 7\u00e8me place. <strong>Nils Alphand, Adrien Fresquet , Blaise Giezendanner, Maxence Muzaton <\/strong>et<strong> Adrien Th\u00e9aux<\/strong> ont connu des r\u00e9sultats plus mitig\u00e9s. Longtemps attendue, cette premi\u00e8re descente aura tenu toutes ses promesses et lance parfaitement la saison.<\/p>\n","protected":false},"excerpt":{"rendered":"<p>COUPE DU MONDE DE SKI ALPIN 2023-2024 &#8211; Sur la premi\u00e8re descente de la saison, un mois apr\u00e8s le lancement de la Coupe du monde, l&rsquo;Am\u00e9ricain Bryce Bennett a rafl\u00e9 la mise. Parti avec le dossard 34, il devance Aleksander Aamodt Kilde. Le Suisse Marco Odermatt compl\u00e8te le podium. Le Fran\u00e7ais Nils All\u00e8gre est 4\u00e8me.<\/p>\n","protected":false},"author":95,"featured_media":445242,"comment_status":"open","ping_status":"closed","sticky":false,"template":"","format":"standard","meta":{"_acf_changed":false,"_daextam_enable_autolinks":"1","footnotes":""},"categories":[47084],"tags":[16878,2233,24],"class_list":["post-445199","post","type-post","status-publish","format-standard","has-post-thumbnail","hentry","category-coupe-du-monde-ski-alpin","tag-breve","tag-ski-alpin","tag-sport"],"acf":[],"yoast_head":"<!-- This site is optimized with the Yoast SEO Premium plugin v26.7 (Yoast SEO v26.7) - https:\/\/yoast.com\/wordpress\/plugins\/seo\/ -->\n<title>Descente de Val Gardena : Bryce Bennett surprend Kilde et Odermatt, All\u00e8gre 4\u00e8me<\/title>\n<meta name=\"description\" content=\"COUPE DU MONDE DE SKI ALPIN 2023-2024 - L&#039;Am\u00e9ricain Bryce Bennett a rafl\u00e9 la mise sur la descente de Val Gardena.\" \/>\n<meta name=\"robots\" content=\"index, follow, max-snippet:-1, max-image-preview:large, max-video-preview:-1\" \/>\n<link rel=\"canonical\" href=\"https:\/\/dicodusport.fr\/blog\/descente-de-val-gardena-kilde-simpose-dun-cheveu-devant-odermatt\/\" \/>\n<meta property=\"og:locale\" content=\"fr_FR\" \/>\n<meta property=\"og:type\" content=\"article\" \/>\n<meta property=\"og:title\" content=\"Descente de Val Gardena : Bryce Bennett surprend Kilde et Odermatt, All\u00e8gre 4\u00e8me\" \/>\n<meta property=\"og:description\" content=\"COUPE DU MONDE DE SKI ALPIN 2023-2024 - L&#039;Am\u00e9ricain Bryce Bennett a rafl\u00e9 la mise sur la descente de Val Gardena.\" \/>\n<meta property=\"og:url\" content=\"https:\/\/dicodusport.fr\/blog\/descente-de-val-gardena-kilde-simpose-dun-cheveu-devant-odermatt\/\" \/>\n<meta property=\"og:site_name\" content=\"Dicodusport\" \/>\n<meta property=\"article:publisher\" content=\"https:\/\/www.facebook.com\/dicodusport\" \/>\n<meta property=\"article:published_time\" content=\"2023-12-14T12:29:16+00:00\" \/>\n<meta property=\"article:modified_time\" content=\"2023-12-14T16:01:40+00:00\" \/>\n<meta property=\"og:image\" content=\"https:\/\/dicodusport.fr\/blog\/wp-content\/uploads\/2023\/12\/Descente-de-Val-Gardena-Bryce-Bennett-surprend-Kilde-et-Odermatt-Allegre-4eme-1.png\" \/>\n\t<meta property=\"og:image:width\" content=\"1200\" \/>\n\t<meta property=\"og:image:height\" content=\"674\" \/>\n\t<meta property=\"og:image:type\" content=\"image\/png\" \/>\n<meta name=\"author\" content=\"Florian Vernet\" \/>\n<meta name=\"twitter:card\" content=\"summary_large_image\" \/>\n<meta name=\"twitter:title\" content=\"Descente de Val Gardena : Bryce Bennett surprend Kilde et Odermatt, All\u00e8gre 4\u00e8me\" \/>\n<meta name=\"twitter:creator\" content=\"@dicodusport\" \/>\n<meta name=\"twitter:site\" content=\"@dicodusport\" \/>\n<script type=\"application\/ld+json\" class=\"yoast-schema-graph\">{\"@context\":\"https:\/\/schema.org\",\"@graph\":[{\"@type\":\"NewsArticle\",\"@id\":\"https:\/\/dicodusport.fr\/blog\/descente-de-val-gardena-kilde-simpose-dun-cheveu-devant-odermatt\/#article\",\"isPartOf\":{\"@id\":\"https:\/\/dicodusport.fr\/blog\/descente-de-val-gardena-kilde-simpose-dun-cheveu-devant-odermatt\/\"},\"author\":{\"name\":\"Florian Vernet\",\"@id\":\"https:\/\/dicodusport.fr\/blog\/#\/schema\/person\/8d5318ade56dccc8d6ba87254c479570\"},\"headline\":\"Descente de Val Gardena : Bryce Bennett surprend Kilde et Odermatt, All\u00e8gre 4\u00e8me\",\"datePublished\":\"2023-12-14T12:29:16+00:00\",\"dateModified\":\"2023-12-14T16:01:40+00:00\",\"mainEntityOfPage\":{\"@id\":\"https:\/\/dicodusport.fr\/blog\/descente-de-val-gardena-kilde-simpose-dun-cheveu-devant-odermatt\/\"},\"wordCount\":913,\"commentCount\":0,\"publisher\":{\"@id\":\"https:\/\/dicodusport.fr\/blog\/#organization\"},\"image\":{\"@id\":\"https:\/\/dicodusport.fr\/blog\/descente-de-val-gardena-kilde-simpose-dun-cheveu-devant-odermatt\/#primaryimage\"},\"thumbnailUrl\":\"https:\/\/dicodusport.fr\/blog\/wp-content\/uploads\/2023\/12\/Descente-de-Val-Gardena-Bryce-Bennett-surprend-Kilde-et-Odermatt-Allegre-4eme-1.png\",\"keywords\":[\"br\u00e8ve\",\"Ski alpin\",\"sport\"],\"articleSection\":[\"Coupe du monde de ski alpin\"],\"inLanguage\":\"fr-FR\",\"potentialAction\":[{\"@type\":\"CommentAction\",\"name\":\"Comment\",\"target\":[\"https:\/\/dicodusport.fr\/blog\/descente-de-val-gardena-kilde-simpose-dun-cheveu-devant-odermatt\/#respond\"]}],\"copyrightYear\":\"2023\",\"copyrightHolder\":{\"@id\":\"https:\/\/dicodusport.fr\/blog\/#organization\"}},{\"@type\":\"WebPage\",\"@id\":\"https:\/\/dicodusport.fr\/blog\/descente-de-val-gardena-kilde-simpose-dun-cheveu-devant-odermatt\/\",\"url\":\"https:\/\/dicodusport.fr\/blog\/descente-de-val-gardena-kilde-simpose-dun-cheveu-devant-odermatt\/\",\"name\":\"Descente de Val Gardena : Bryce Bennett surprend Kilde et Odermatt, All\u00e8gre 4\u00e8me\",\"isPartOf\":{\"@id\":\"https:\/\/dicodusport.fr\/blog\/#website\"},\"primaryImageOfPage\":{\"@id\":\"https:\/\/dicodusport.fr\/blog\/descente-de-val-gardena-kilde-simpose-dun-cheveu-devant-odermatt\/#primaryimage\"},\"image\":{\"@id\":\"https:\/\/dicodusport.fr\/blog\/descente-de-val-gardena-kilde-simpose-dun-cheveu-devant-odermatt\/#primaryimage\"},\"thumbnailUrl\":\"https:\/\/dicodusport.fr\/blog\/wp-content\/uploads\/2023\/12\/Descente-de-Val-Gardena-Bryce-Bennett-surprend-Kilde-et-Odermatt-Allegre-4eme-1.png\",\"datePublished\":\"2023-12-14T12:29:16+00:00\",\"dateModified\":\"2023-12-14T16:01:40+00:00\",\"description\":\"COUPE DU MONDE DE SKI ALPIN 2023-2024 - L'Am\u00e9ricain Bryce Bennett a rafl\u00e9 la mise sur la descente de Val Gardena.\",\"breadcrumb\":{\"@id\":\"https:\/\/dicodusport.fr\/blog\/descente-de-val-gardena-kilde-simpose-dun-cheveu-devant-odermatt\/#breadcrumb\"},\"inLanguage\":\"fr-FR\",\"potentialAction\":[{\"@type\":\"ReadAction\",\"target\":[\"https:\/\/dicodusport.fr\/blog\/descente-de-val-gardena-kilde-simpose-dun-cheveu-devant-odermatt\/\"]}]},{\"@type\":\"ImageObject\",\"inLanguage\":\"fr-FR\",\"@id\":\"https:\/\/dicodusport.fr\/blog\/descente-de-val-gardena-kilde-simpose-dun-cheveu-devant-odermatt\/#primaryimage\",\"url\":\"https:\/\/dicodusport.fr\/blog\/wp-content\/uploads\/2023\/12\/Descente-de-Val-Gardena-Bryce-Bennett-surprend-Kilde-et-Odermatt-Allegre-4eme-1.png\",\"contentUrl\":\"https:\/\/dicodusport.fr\/blog\/wp-content\/uploads\/2023\/12\/Descente-de-Val-Gardena-Bryce-Bennett-surprend-Kilde-et-Odermatt-Allegre-4eme-1.png\",\"width\":1200,\"height\":674,\"caption\":\"Descente de Val Gardena Bryce Bennett surprend Kilde et Odermatt, All\u00e8gre 4\u00e8me (1)\"},{\"@type\":\"BreadcrumbList\",\"@id\":\"https:\/\/dicodusport.fr\/blog\/descente-de-val-gardena-kilde-simpose-dun-cheveu-devant-odermatt\/#breadcrumb\",\"itemListElement\":[{\"@type\":\"ListItem\",\"position\":1,\"name\":\"Accueil\",\"item\":\"https:\/\/dicodusport.fr\/blog\/\"},{\"@type\":\"ListItem\",\"position\":2,\"name\":\"Descente de Val Gardena : Bryce Bennett surprend Kilde et Odermatt, All\u00e8gre 4\u00e8me\"}]},{\"@type\":\"WebSite\",\"@id\":\"https:\/\/dicodusport.fr\/blog\/#website\",\"url\":\"https:\/\/dicodusport.fr\/blog\/\",\"name\":\"Dicodusport\",\"description\":\"L&#039;encyclop\u00e9die de l&#039;actualit\u00e9 sportive\",\"publisher\":{\"@id\":\"https:\/\/dicodusport.fr\/blog\/#organization\"},\"potentialAction\":[{\"@type\":\"SearchAction\",\"target\":{\"@type\":\"EntryPoint\",\"urlTemplate\":\"https:\/\/dicodusport.fr\/blog\/?s={search_term_string}\"},\"query-input\":{\"@type\":\"PropertyValueSpecification\",\"valueRequired\":true,\"valueName\":\"search_term_string\"}}],\"inLanguage\":\"fr-FR\"},{\"@type\":\"NewsMediaOrganization\",\"@id\":\"https:\/\/dicodusport.fr\/blog\/#organization\",\"name\":\"Dicodusport\",\"url\":\"https:\/\/dicodusport.fr\/blog\/\",\"logo\":{\"@type\":\"ImageObject\",\"inLanguage\":\"fr-FR\",\"@id\":\"https:\/\/dicodusport.fr\/blog\/#\/schema\/logo\/image\/\",\"url\":\"https:\/\/dicodusport.fr\/blog\/wp-content\/uploads\/2020\/06\/cropped-LOGO-DICODUSPORT-2020-SANS-FOND-SANS-TEXTE.png\",\"contentUrl\":\"https:\/\/dicodusport.fr\/blog\/wp-content\/uploads\/2020\/06\/cropped-LOGO-DICODUSPORT-2020-SANS-FOND-SANS-TEXTE.png\",\"width\":512,\"height\":512,\"caption\":\"Dicodusport\"},\"image\":{\"@id\":\"https:\/\/dicodusport.fr\/blog\/#\/schema\/logo\/image\/\"},\"sameAs\":[\"https:\/\/www.facebook.com\/dicodusport\",\"https:\/\/x.com\/dicodusport\",\"https:\/\/www.instagram.com\/dicodusport\/\",\"https:\/\/www.youtube.com\/channel\/UC7V2KZ5sd3htJivAbA4ZG3w\"],\"description\":\"Dicodusport est l'encyclop\u00e9die de l'actualit\u00e9 sportive.\",\"email\":\"bonjour@dicodusport.fr\",\"legalName\":\"DICODUSPORT\",\"foundingDate\":\"2018-01-14\",\"vatID\":\"FR71834470973\",\"taxID\":\"83447097300043\",\"numberOfEmployees\":{\"@type\":\"QuantitativeValue\",\"minValue\":\"1\",\"maxValue\":\"10\"}},{\"@type\":\"Person\",\"@id\":\"https:\/\/dicodusport.fr\/blog\/#\/schema\/person\/8d5318ade56dccc8d6ba87254c479570\",\"name\":\"Florian Vernet\",\"image\":{\"@type\":\"ImageObject\",\"inLanguage\":\"fr-FR\",\"@id\":\"https:\/\/dicodusport.fr\/blog\/#\/schema\/person\/image\/\",\"url\":\"https:\/\/dicodusport.fr\/blog\/wp-content\/uploads\/2023\/10\/Capture-Copie-150x150.jpg\",\"contentUrl\":\"https:\/\/dicodusport.fr\/blog\/wp-content\/uploads\/2023\/10\/Capture-Copie-150x150.jpg\",\"caption\":\"Florian Vernet\"},\"url\":\"https:\/\/dicodusport.fr\/blog\/author\/florian-vernet\/\"}]}<\/script>\n<!-- \/ Yoast SEO Premium plugin. -->","yoast_head_json":{"title":"Descente de Val Gardena : Bryce Bennett surprend Kilde et Odermatt, All\u00e8gre 4\u00e8me","description":"COUPE DU MONDE DE SKI ALPIN 2023-2024 - L'Am\u00e9ricain Bryce Bennett a rafl\u00e9 la mise sur la descente de Val Gardena.","robots":{"index":"index","follow":"follow","max-snippet":"max-snippet:-1","max-image-preview":"max-image-preview:large","max-video-preview":"max-video-preview:-1"},"canonical":"https:\/\/dicodusport.fr\/blog\/descente-de-val-gardena-kilde-simpose-dun-cheveu-devant-odermatt\/","og_locale":"fr_FR","og_type":"article","og_title":"Descente de Val Gardena : Bryce Bennett surprend Kilde et Odermatt, All\u00e8gre 4\u00e8me","og_description":"COUPE DU MONDE DE SKI ALPIN 2023-2024 - L'Am\u00e9ricain Bryce Bennett a rafl\u00e9 la mise sur la descente de Val Gardena.","og_url":"https:\/\/dicodusport.fr\/blog\/descente-de-val-gardena-kilde-simpose-dun-cheveu-devant-odermatt\/","og_site_name":"Dicodusport","article_publisher":"https:\/\/www.facebook.com\/dicodusport","article_published_time":"2023-12-14T12:29:16+00:00","article_modified_time":"2023-12-14T16:01:40+00:00","og_image":[{"width":1200,"height":674,"url":"https:\/\/dicodusport.fr\/blog\/wp-content\/uploads\/2023\/12\/Descente-de-Val-Gardena-Bryce-Bennett-surprend-Kilde-et-Odermatt-Allegre-4eme-1.png","type":"image\/png"}],"author":"Florian Vernet","twitter_card":"summary_large_image","twitter_title":"Descente de Val Gardena : Bryce Bennett surprend Kilde et Odermatt, All\u00e8gre 4\u00e8me","twitter_creator":"@dicodusport","twitter_site":"@dicodusport","schema":{"@context":"https:\/\/schema.org","@graph":[{"@type":"NewsArticle","@id":"https:\/\/dicodusport.fr\/blog\/descente-de-val-gardena-kilde-simpose-dun-cheveu-devant-odermatt\/#article","isPartOf":{"@id":"https:\/\/dicodusport.fr\/blog\/descente-de-val-gardena-kilde-simpose-dun-cheveu-devant-odermatt\/"},"author":{"name":"Florian Vernet","@id":"https:\/\/dicodusport.fr\/blog\/#\/schema\/person\/8d5318ade56dccc8d6ba87254c479570"},"headline":"Descente de Val Gardena : Bryce Bennett surprend Kilde et Odermatt, All\u00e8gre 4\u00e8me","datePublished":"2023-12-14T12:29:16+00:00","dateModified":"2023-12-14T16:01:40+00:00","mainEntityOfPage":{"@id":"https:\/\/dicodusport.fr\/blog\/descente-de-val-gardena-kilde-simpose-dun-cheveu-devant-odermatt\/"},"wordCount":913,"commentCount":0,"publisher":{"@id":"https:\/\/dicodusport.fr\/blog\/#organization"},"image":{"@id":"https:\/\/dicodusport.fr\/blog\/descente-de-val-gardena-kilde-simpose-dun-cheveu-devant-odermatt\/#primaryimage"},"thumbnailUrl":"https:\/\/dicodusport.fr\/blog\/wp-content\/uploads\/2023\/12\/Descente-de-Val-Gardena-Bryce-Bennett-surprend-Kilde-et-Odermatt-Allegre-4eme-1.png","keywords":["br\u00e8ve","Ski alpin","sport"],"articleSection":["Coupe du monde de ski alpin"],"inLanguage":"fr-FR","potentialAction":[{"@type":"CommentAction","name":"Comment","target":["https:\/\/dicodusport.fr\/blog\/descente-de-val-gardena-kilde-simpose-dun-cheveu-devant-odermatt\/#respond"]}],"copyrightYear":"2023","copyrightHolder":{"@id":"https:\/\/dicodusport.fr\/blog\/#organization"}},{"@type":"WebPage","@id":"https:\/\/dicodusport.fr\/blog\/descente-de-val-gardena-kilde-simpose-dun-cheveu-devant-odermatt\/","url":"https:\/\/dicodusport.fr\/blog\/descente-de-val-gardena-kilde-simpose-dun-cheveu-devant-odermatt\/","name":"Descente de Val Gardena : Bryce Bennett surprend Kilde et Odermatt, All\u00e8gre 4\u00e8me","isPartOf":{"@id":"https:\/\/dicodusport.fr\/blog\/#website"},"primaryImageOfPage":{"@id":"https:\/\/dicodusport.fr\/blog\/descente-de-val-gardena-kilde-simpose-dun-cheveu-devant-odermatt\/#primaryimage"},"image":{"@id":"https:\/\/dicodusport.fr\/blog\/descente-de-val-gardena-kilde-simpose-dun-cheveu-devant-odermatt\/#primaryimage"},"thumbnailUrl":"https:\/\/dicodusport.fr\/blog\/wp-content\/uploads\/2023\/12\/Descente-de-Val-Gardena-Bryce-Bennett-surprend-Kilde-et-Odermatt-Allegre-4eme-1.png","datePublished":"2023-12-14T12:29:16+00:00","dateModified":"2023-12-14T16:01:40+00:00","description":"COUPE DU MONDE DE SKI ALPIN 2023-2024 - L'Am\u00e9ricain Bryce Bennett a rafl\u00e9 la mise sur la descente de Val Gardena.","breadcrumb":{"@id":"https:\/\/dicodusport.fr\/blog\/descente-de-val-gardena-kilde-simpose-dun-cheveu-devant-odermatt\/#breadcrumb"},"inLanguage":"fr-FR","potentialAction":[{"@type":"ReadAction","target":["https:\/\/dicodusport.fr\/blog\/descente-de-val-gardena-kilde-simpose-dun-cheveu-devant-odermatt\/"]}]},{"@type":"ImageObject","inLanguage":"fr-FR","@id":"https:\/\/dicodusport.fr\/blog\/descente-de-val-gardena-kilde-simpose-dun-cheveu-devant-odermatt\/#primaryimage","url":"https:\/\/dicodusport.fr\/blog\/wp-content\/uploads\/2023\/12\/Descente-de-Val-Gardena-Bryce-Bennett-surprend-Kilde-et-Odermatt-Allegre-4eme-1.png","contentUrl":"https:\/\/dicodusport.fr\/blog\/wp-content\/uploads\/2023\/12\/Descente-de-Val-Gardena-Bryce-Bennett-surprend-Kilde-et-Odermatt-Allegre-4eme-1.png","width":1200,"height":674,"caption":"Descente de Val Gardena Bryce Bennett surprend Kilde et Odermatt, All\u00e8gre 4\u00e8me (1)"},{"@type":"BreadcrumbList","@id":"https:\/\/dicodusport.fr\/blog\/descente-de-val-gardena-kilde-simpose-dun-cheveu-devant-odermatt\/#breadcrumb","itemListElement":[{"@type":"ListItem","position":1,"name":"Accueil","item":"https:\/\/dicodusport.fr\/blog\/"},{"@type":"ListItem","position":2,"name":"Descente de Val Gardena : Bryce Bennett surprend Kilde et Odermatt, All\u00e8gre 4\u00e8me"}]},{"@type":"WebSite","@id":"https:\/\/dicodusport.fr\/blog\/#website","url":"https:\/\/dicodusport.fr\/blog\/","name":"Dicodusport","description":"L&#039;encyclop\u00e9die de l&#039;actualit\u00e9 sportive","publisher":{"@id":"https:\/\/dicodusport.fr\/blog\/#organization"},"potentialAction":[{"@type":"SearchAction","target":{"@type":"EntryPoint","urlTemplate":"https:\/\/dicodusport.fr\/blog\/?s={search_term_string}"},"query-input":{"@type":"PropertyValueSpecification","valueRequired":true,"valueName":"search_term_string"}}],"inLanguage":"fr-FR"},{"@type":"NewsMediaOrganization","@id":"https:\/\/dicodusport.fr\/blog\/#organization","name":"Dicodusport","url":"https:\/\/dicodusport.fr\/blog\/","logo":{"@type":"ImageObject","inLanguage":"fr-FR","@id":"https:\/\/dicodusport.fr\/blog\/#\/schema\/logo\/image\/","url":"https:\/\/dicodusport.fr\/blog\/wp-content\/uploads\/2020\/06\/cropped-LOGO-DICODUSPORT-2020-SANS-FOND-SANS-TEXTE.png","contentUrl":"https:\/\/dicodusport.fr\/blog\/wp-content\/uploads\/2020\/06\/cropped-LOGO-DICODUSPORT-2020-SANS-FOND-SANS-TEXTE.png","width":512,"height":512,"caption":"Dicodusport"},"image":{"@id":"https:\/\/dicodusport.fr\/blog\/#\/schema\/logo\/image\/"},"sameAs":["https:\/\/www.facebook.com\/dicodusport","https:\/\/x.com\/dicodusport","https:\/\/www.instagram.com\/dicodusport\/","https:\/\/www.youtube.com\/channel\/UC7V2KZ5sd3htJivAbA4ZG3w"],"description":"Dicodusport est l'encyclop\u00e9die de l'actualit\u00e9 sportive.","email":"bonjour@dicodusport.fr","legalName":"DICODUSPORT","foundingDate":"2018-01-14","vatID":"FR71834470973","taxID":"83447097300043","numberOfEmployees":{"@type":"QuantitativeValue","minValue":"1","maxValue":"10"}},{"@type":"Person","@id":"https:\/\/dicodusport.fr\/blog\/#\/schema\/person\/8d5318ade56dccc8d6ba87254c479570","name":"Florian Vernet","image":{"@type":"ImageObject","inLanguage":"fr-FR","@id":"https:\/\/dicodusport.fr\/blog\/#\/schema\/person\/image\/","url":"https:\/\/dicodusport.fr\/blog\/wp-content\/uploads\/2023\/10\/Capture-Copie-150x150.jpg","contentUrl":"https:\/\/dicodusport.fr\/blog\/wp-content\/uploads\/2023\/10\/Capture-Copie-150x150.jpg","caption":"Florian Vernet"},"url":"https:\/\/dicodusport.fr\/blog\/author\/florian-vernet\/"}]}},"_links":{"self":[{"href":"https:\/\/dicodusport.fr\/blog\/wp-json\/wp\/v2\/posts\/445199","targetHints":{"allow":["GET"]}}],"collection":[{"href":"https:\/\/dicodusport.fr\/blog\/wp-json\/wp\/v2\/posts"}],"about":[{"href":"https:\/\/dicodusport.fr\/blog\/wp-json\/wp\/v2\/types\/post"}],"author":[{"embeddable":true,"href":"https:\/\/dicodusport.fr\/blog\/wp-json\/wp\/v2\/users\/95"}],"replies":[{"embeddable":true,"href":"https:\/\/dicodusport.fr\/blog\/wp-json\/wp\/v2\/comments?post=445199"}],"version-history":[{"count":6,"href":"https:\/\/dicodusport.fr\/blog\/wp-json\/wp\/v2\/posts\/445199\/revisions"}],"predecessor-version":[{"id":445342,"href":"https:\/\/dicodusport.fr\/blog\/wp-json\/wp\/v2\/posts\/445199\/revisions\/445342"}],"wp:featuredmedia":[{"embeddable":true,"href":"https:\/\/dicodusport.fr\/blog\/wp-json\/wp\/v2\/media\/445242"}],"wp:attachment":[{"href":"https:\/\/dicodusport.fr\/blog\/wp-json\/wp\/v2\/media?parent=445199"}],"wp:term":[{"taxonomy":"category","embeddable":true,"href":"https:\/\/dicodusport.fr\/blog\/wp-json\/wp\/v2\/categories?post=445199"},{"taxonomy":"post_tag","embeddable":true,"href":"https:\/\/dicodusport.fr\/blog\/wp-json\/wp\/v2\/tags?post=445199"}],"curies":[{"name":"wp","href":"https:\/\/api.w.org\/{rel}","templated":true}]}}