{"id":445205,"date":"2023-12-18T11:55:08","date_gmt":"2023-12-18T10:55:08","guid":{"rendered":"https:\/\/dicodusport.fr\/blog\/?p=445205&#038;preview=true&#038;preview_id=445205"},"modified":"2023-12-18T14:21:59","modified_gmt":"2023-12-18T13:21:59","slug":"nedim-remili-on-ne-se-satisfait-pas-dune-medaille-de-bronze-ou-dune-finale","status":"publish","type":"post","link":"https:\/\/dicodusport.fr\/blog\/nedim-remili-on-ne-se-satisfait-pas-dune-medaille-de-bronze-ou-dune-finale\/","title":{"rendered":"Nedim Remili : \u00ab\u00a0On ne se satisfait pas d&rsquo;une m\u00e9daille de bronze ou d&rsquo;une finale\u00a0\u00bb"},"content":{"rendered":"<p style=\"text-align: justify;\"><strong><em>HANDBALL &#8211; Entretien avec le demi-centre international fran\u00e7ais Nedim Remili, champion olympique en 2021 avec les Bleus. Qui fait le bilan de sa premi\u00e8re moiti\u00e9 de saison, avec son club de Veszprem. Parti \u00e0 l&rsquo;\u00e9tranger en 2022, d&rsquo;abord \u00e0 Kielce puis en Hongrie, \u00e0 la suite de soucis financiers du club polonais, il raconte aussi les diff\u00e9rences avec le championnat de France. Et \u00e0 un mois de l&rsquo;Euro masculin, il est ambitieux avec l&rsquo;\u00e9quipe de France, qu&rsquo;il va rejoindre fin d\u00e9cembre. Avec l&rsquo;envie de remporter la m\u00e9daille d&rsquo;or, la seule qui lui manque avec les Bleus.<\/em><\/strong><\/p>\n<h2 style=\"text-align: justify;\">Nedim Remili : \u00ab\u00a0C&rsquo;est une bonne premi\u00e8re partie de saison\u00a0\u00bb<\/h2>\n<h3 style=\"text-align: justify;\">La mi-saison est atteinte, vous \u00eates bien dans chaque tableau, quel bilan faites-vous de ce d\u00e9but de saison ?<\/h3>\n<p style=\"text-align: justify;\"><strong>Nedim Remili<\/strong> : On est un club tr\u00e8s ambitieux, avec un projet qui grandit d&rsquo;ann\u00e9es en ann\u00e9es, surtout cette ann\u00e9e, avec les arriv\u00e9es de joueurs phares, dont des joueurs fran\u00e7ais. On reste sur notre faim, avec cette d\u00e9faite en Ligue des Champions \u00e0 Plock (NDLR : Veszpr\u00e9m s&rsquo;est inclin\u00e9 37-30). Mais on peut clairement dire qu&rsquo;on est pr\u00e9sent. C&rsquo;est une bonne premi\u00e8re partie de saison. On a fait de beaux r\u00e9sultats. On a voyag\u00e9 plut\u00f4t bien chez les grosses \u00e9quipes, mais un peu moins bien face \u00e0 des \u00e9quipes dites plus faciles.<\/p>\n<p style=\"text-align: justify;\">C&rsquo;est le jeu de la Ligue des Champions qui est la comp\u00e9tition la plus relev\u00e9e de notre sport. De mon point de vue et de celui de l&rsquo;\u00e9quipe, cela reste tr\u00e8s positif. On a battu Magdebourg et Barcelone chez eux. Deux grosses performances, deux matchs de tr\u00e8s haut niveau avec \u00e9norm\u00e9ment de buts. Mais on n&rsquo;a pas concr\u00e9tis\u00e9 cette avance, en perdant \u00e0 Plock.<\/p>\n<h3 style=\"text-align: justify;\">L&rsquo;objectif de Veszpr\u00e9m est le Final 4, ou vous pr\u00e9f\u00e9rez y aller \u00e9tape par \u00e9tape ?<\/h3>\n<p style=\"text-align: justify;\">L&rsquo;objectif du club est le Final 4. C&rsquo;est l&rsquo;objectif chaque ann\u00e9e pour ces \u00e9curies et c&rsquo;est ce qu&rsquo;on cherche \u00e0 tout prix. On a conscience que les deux premi\u00e8res places de poule sont qualificatives pour les quarts. Maintenant, finir premier ou 6e, n&rsquo;a jamais donn\u00e9 une promesse de r\u00e9sultat, pour aller au Final 4, voire gagner la comp\u00e9tition. Le plus important pour nous, c&rsquo;est de continuer \u00e0 grandir en tant qu&rsquo;\u00e9quipe. Car on est une jeune \u00e9quipe. Avec des joueurs de talent et d&rsquo;exp\u00e9rience. Qui veut \u00e9crire leur propre histoire. Il y a eu des hauts et des bas, mais dans l&rsquo;ensemble, c&rsquo;est tr\u00e8s positif.<\/p>\n<h2 style=\"text-align: justify;\">Nedim Remili : \u00ab\u00a0C&rsquo;\u00e9tait important pour moi de partir \u00e0 l&rsquo;\u00e9tranger\u00a0\u00bb<\/h2>\n<h3 style=\"text-align: justify;\">Et un an, vous avez d\u00e9couvert deux championnats et deux pays. Quelles sont les diff\u00e9rences avec le championnat de France ?<\/h3>\n<p style=\"text-align: justify;\">La France a la chance d&rsquo;avoir un tr\u00e8s bon championnat et je peux encore plus le confirmer d\u00e9sormais, m\u00eame si j&rsquo;en ai jamais dout\u00e9. Je me rends compte de la chance que j&rsquo;ai eue, quand j&rsquo;\u00e9tais jeune joueur, de pouvoir rapidement \u00e9voluer en premi\u00e8re division et de me frotter \u00e0 la cr\u00e8me de la cr\u00e8me de notre sport. Je pense que le championnat allemand a encore une longueur d&rsquo;avance sur nous. Mais cela n&#8217;emp\u00eache qu&rsquo;on grandit, que notre sport grandit et s&rsquo;am\u00e9liore. On esp\u00e8re toujours que cela devienne le sport phare du pays (rires), mais cela ne se passe pas comme \u00e7a. Il y a des \u00e9tapes \u00e0 passer, mais c&rsquo;est cool de voir les r\u00e9sultats des \u00e9quipes fran\u00e7aises au niveau europ\u00e9en.<\/p>\n<h3 style=\"text-align: justify;\">Cela a \u00e9t\u00e9 un d\u00e9sir ou une opportunit\u00e9 de partir \u00e0 l&rsquo;\u00e9tranger ?<\/h3>\n<p style=\"text-align: justify;\">Un peu des deux. J&rsquo;ai toujours \u00e9t\u00e9 un grand fan de handball, j&rsquo;ai commenc\u00e9 il y a 15 ans. Il y avait Montpellier qui \u00e9tait capable de faire de bonnes performances au niveau europ\u00e9en, mais c&rsquo;\u00e9taient surtout des grands clubs comme Barcelone, Ciudad Real, Kiel, qui faisaient des r\u00e9sultats. Quand on est jeune, on r\u00eave de grands titres, de grandes \u00e9pop\u00e9es europ\u00e9ennes et cela se faisait surtout \u00e0 l&rsquo;\u00e9tranger. Donc c&rsquo;\u00e9tait dans un coin de ma t\u00eate. Mais le PSG a grandi rapidement et a \u00e9t\u00e9 une tr\u00e8s belle opportunit\u00e9, \u00e9tant d&rsquo;\u00cele-de-France. J&rsquo;ai eu cette chance, ce fut six ann\u00e9es extraordinaires, j&rsquo;ai rencontr\u00e9 des gens incroyables. J&rsquo;ai grandi en tant qu&rsquo;humain et athl\u00e8te. De mani\u00e8re ph\u00e9nom\u00e9nale. \u00c0 partir de l\u00e0, c&rsquo;\u00e9tait important pour moi de partir \u00e0 l&rsquo;\u00e9tranger. Faire mon histoire l\u00e0-bas, pour essayer d&rsquo;avoir d&rsquo;aussi bons r\u00e9sultats qu&rsquo;avec Paris, voir de meilleurs.<\/p>\n<ul>\n<li><strong>\u00c0 ce sujet &#8211; <\/strong><a href=\"https:\/\/dicodusport.fr\/blog\/hatadou-sako-je-dois-faire-mes-preuves-avec-les-bleues\/\"><strong>Retrouvez notre interview d&rsquo;Hatadou Sako<\/strong><\/a><\/li>\n<\/ul>\n<h2 style=\"text-align: justify;\">Nedim Remili : \u00ab\u00a0Ce sont de gros changements qui font grandir en tant qu&rsquo;homme et handballeur\u00a0\u00bb<\/h2>\n<h3 style=\"text-align: justify;\">On apprend davantage en tant que personne ou handballeur ?<\/h3>\n<p style=\"text-align: justify;\">Les deux se valent. En tant que personne, c\u00f4toyer une culture diff\u00e9rente, des gens diff\u00e9rents. Il y a des pays qui ne vivent pas la passion du sport de la m\u00eame mani\u00e8re. \u00c9tant un citadin, en ayant grandi en Ile-de-France, j&rsquo;ai v\u00e9cu dans des petites villes, comme Kielce ou Veszpr\u00e9m. Ce sont des grands changements g\u00e9ographiques et culturels. C&rsquo;est enrichissant. J&rsquo;ai toujours un peu parl\u00e9 anglais, mais aujourd&rsquo;hui, je ma\u00eetrise de mieux en mieux. J&rsquo;ai aussi appris le polonais.<\/p>\n<p style=\"text-align: justify;\">En six mois, je n&rsquo;\u00e9tais pas trop mal et je pense que j&rsquo;aurais pu encore plus progresser, si j&rsquo;avais fait mes quatre ann\u00e9es l\u00e0-bas. En Hongrie, dans le club, on parle surtout anglais, car tout le monde est anglophone. Mais, je suis ici avec ma compagne, mon enfant, mon chat et mon chien. Ce sont de gros changements qui font grandir en tant qu&rsquo;homme et handballeur. On d\u00e9couvre de nouvelles \u00e9quipes, on en apprend tous les jours.<\/p>\n<h3 style=\"text-align: justify;\">Au moment des difficult\u00e9s de Kielce, avez-vous eu peur ?<\/h3>\n<p style=\"text-align: justify;\">Oui, je ne vais pas mentir. En France, on a la chance d&rsquo;\u00e9voluer dans un pays o\u00f9 les r\u00e8gles sont plut\u00f4t cadr\u00e9es vis-\u00e0-vis des salaires et des salari\u00e9s. Dans certains pays, c&rsquo;est un peu plus compliqu\u00e9. Et quand on commence \u00e0 avoir des retards de salaire, qu&rsquo;on nous dit qu&rsquo;on ne sera peut-\u00eatre pas pay\u00e9s la totalit\u00e9 sur l&rsquo;ann\u00e9e, qu&rsquo;on va devoir attendre, cela est inqui\u00e9tant et cela le serait pour tout le monde. En tant qu&rsquo;athl\u00e8te, on sait qu&rsquo;une carri\u00e8re ne dure pas \u00e9ternellement. On fait attention \u00e0 notre argent. Pour bien l&rsquo;investir. Et quand on ne peut pas l&rsquo;investir parce qu&rsquo;on n&rsquo;a plus de rentr\u00e9es mensuelles, cela impacte bien plus qu&rsquo;un simple petit retard de salaire.<\/p>\n<div class=\"vlp-link-container vlp-layout-article\"><a href=\"https:\/\/dicodusport.fr\/blog\/equipe-de-france-masculine-de-handball-les-23-bleus-retenus-pour-le-stage-avant-leuro\/\" class=\"vlp-link\" title=\"\u00c9quipe de France masculine de handball : Les 23 Bleus retenus pour le stage avant l&#039;Euro\"><\/a><div class=\"vlp-layout-zone-side\"><div class=\"vlp-block-4 vlp-link-image\"><img loading=\"lazy\" decoding=\"async\" style=\"max-width: 792px;\" width=\"792\" height=\"445\" src=\"https:\/\/dicodusport.fr\/blog\/wp-content\/uploads\/2023\/12\/Equipe-de-France-masculine-de-handball-Les-23-Bleus-retenus-pour-le-stage-avant-lEuro.png\" class=\"attachment-800x445 size-800x445\" alt=\"\u00c9quipe de France masculine de handball Les 23 Bleus retenus pour le stage avant l&#039;Euro\" srcset=\"https:\/\/dicodusport.fr\/blog\/wp-content\/uploads\/2023\/12\/Equipe-de-France-masculine-de-handball-Les-23-Bleus-retenus-pour-le-stage-avant-lEuro.png 1200w, https:\/\/dicodusport.fr\/blog\/wp-content\/uploads\/2023\/12\/Equipe-de-France-masculine-de-handball-Les-23-Bleus-retenus-pour-le-stage-avant-lEuro-300x169.png 300w, https:\/\/dicodusport.fr\/blog\/wp-content\/uploads\/2023\/12\/Equipe-de-France-masculine-de-handball-Les-23-Bleus-retenus-pour-le-stage-avant-lEuro-1024x575.png 1024w, https:\/\/dicodusport.fr\/blog\/wp-content\/uploads\/2023\/12\/Equipe-de-France-masculine-de-handball-Les-23-Bleus-retenus-pour-le-stage-avant-lEuro-768x431.png 768w\" sizes=\"auto, (max-width: 792px) 100vw, 792px\" \/><\/div><\/div><div class=\"vlp-layout-zone-main\"><div class=\"vlp-block-0 vlp-link-title\">\u00c9quipe de France masculine de handball : Les 23 Bleus retenus pour le stage avant l'Euro<\/div><div class=\"vlp-block-1 vlp-link-summary\">HANDBALL - Guillaume Gille a retenu 23 joueurs pour le stage \u00e0 la Maison du Handball du 21 au 24 d\u00e9cembre prochain. Avec l'apparition du gardien Samir Bellahcene (Kiel).\u00a0<\/div><div class=\"vlp-block-2 vlp-link-button\">Lire l'article<\/div><div class=\"vlp-block-3 vlp-link-url\">dicodusport.fr<\/div><\/div><\/div>\n<h2 style=\"text-align: justify;\">Nedim Remili : \u00ab\u00a0On veut performer et avoir la m\u00e9daille d&rsquo;or \u00e0 l&rsquo;Euro\u00a0\u00bb<\/h2>\n<h3 style=\"text-align: justify;\">Dans moins d&rsquo;un mois commence l&rsquo;Euro de handball. C&rsquo;est le dernier titre qui vous manque avec les Bleus. On vous imagine motiv\u00e9.<\/h3>\n<p style=\"text-align: justify;\">Exactement. C&rsquo;est un titre qui me manque. Quand on a gagn\u00e9 les JO, la premi\u00e8re chose qu&rsquo;on s&rsquo;est dit, c&rsquo;est de se retrouver \u00e0 l&rsquo;Euro 2022, qu&rsquo;on voulait \u00e9crire une belle histoire tout de suite apr\u00e8s. Malheureusement, je me suis bless\u00e9. J&rsquo;ai manqu\u00e9 l&rsquo;Euro et j&rsquo;esp\u00e8re bien faire celui-ci. \u00catre s\u00e9lectionn\u00e9 avec les Bleus et performer avec cette \u00e9quipe. Il y a moyen de faire de grandes choses et c&rsquo;est \u00e0 nous d&rsquo;\u00eatre bien en place, durant la pr\u00e9paration et la comp\u00e9tition.<\/p>\n<h3 style=\"text-align: justify;\">Est-ce que Paris 2024 est d\u00e9j\u00e0 dans un coin de votre t\u00eate ?<\/h3>\n<p style=\"text-align: justify;\">Je pense que je peux parler au nom de mes co\u00e9quipiers, mais ce n&rsquo;est pas quelque chose qui nous anime aujourd&rsquo;hui. \u00c9videmment, on nous en parle \u00e0 chaque interview. C&rsquo;est en France et pour nous Parisiens, cela a un impact encore plus fort. Maintenant, cette \u00e9quipe de France a une envie de gagner, et cela commence par cet Euro. Et on est focus sur comment performer et avoir la m\u00e9daille d&rsquo;or sur ce championnat. On ne se satisfait plus d&rsquo;une m\u00e9daille de bronze et m\u00eame d&rsquo;une finale. Les JO, c&rsquo;est encore dans tr\u00e8s longtemps, on ne sait jamais ce qu&rsquo;il peut nous arriver entre temps. Il se passera plein de choses, que ce soit avec les Bleus et en club.<\/p>\n<h2 style=\"text-align: justify;\">Nedim Remili : \u00ab\u00a0J&rsquo;aime ce sport de toutes mes forces\u00a0\u00bb<\/h2>\n<h3 style=\"text-align: justify;\">Vous \u00eates arriv\u00e9s en bleu en 2016, dans une \u00e9quipe qui a tout gagn\u00e9. Comment on se fait sa place au milieu des stars ?<\/h3>\n<p style=\"text-align: justify;\">On est entour\u00e9s de gens intelligents. Qui nous ont fait confiance. On n&rsquo;est pas mal \u00e0 \u00eatre arriv\u00e9s \u00e0 la m\u00eame p\u00e9riode et \u00e9videmment, on arrive sur la pointe des pieds. Et on a du respect pour cette \u00e9quipe. On savait qu&rsquo;on ne serait pas les rois du p\u00e9trole. Cela ne se passe pas comme \u00e7a. On a v\u00e9cu l&rsquo;Euro 2016 surtout en bout de banc, \u00e0 regarder les anciens jouer. Cela voulait un peu dire : <em>\u00ab Regarde et apprend \u00bb<\/em>. Mais on a eu la chance d&rsquo;\u00eatre bien accompagn\u00e9s pour performer rapidement. \u00c0 l&rsquo;image du Mondial 2017, o\u00f9 la plupart des jeunes \u00e9taient sur le terrain durant les matchs et notamment dans les moments importants. On sait ce qu&rsquo;il faut faire, quand on arrive dans cette \u00e9quipe. Pour esp\u00e9rer apporter quelque chose, jouer et gagner des titres.<\/p>\n<h3 style=\"text-align: justify;\">Dans cette \u00e9quipe, il y a et il y a eu des joueurs qui ont jou\u00e9 bien au-del\u00e0 de 35 ans, comme Nikola Karabatic actuellement. C&rsquo;est aussi votre r\u00eave ?<\/h3>\n<p style=\"text-align: justify;\">\u00c9videmment, c&rsquo;est m\u00eame ce \u00e0 quoi j&rsquo;aspire. Cela d\u00e9pend de moi \u00e9videmment. M\u00eame si parfois le corps et la t\u00eate ne suivent plus. L\u00e0, il faut faire des choix. Mais \u00e9tant un grand passionn\u00e9 de ce sport, que je pratique et suis \u00e9norm\u00e9ment. J&rsquo;aime ce sport de toutes mes forces, c&rsquo;est 90 % de ma vie. J&rsquo;ai envie que cela dure encore longtemps. C&rsquo;est un plaisir journalier de me lever et d&rsquo;aller \u00e0 l&rsquo;entrainement. M\u00eame s&rsquo;il y a des jours plus difficiles. On joue beaucoup, on a des responsabilit\u00e9s et on tire sur le corps.<\/p>\n<p style=\"text-align: justify;\"><strong>Nikola Karabatic<\/strong> est un bon exemple &#8211; ou un mauvais &#8211; (rires). On a envie de faire comme lui. Il n&rsquo;y a pas de d\u00e9bat, c&rsquo;est le meilleur joueur de tous les temps. J&rsquo;ai eu la chance de partager du terrain et des moments privil\u00e9gi\u00e9s avec lui. C&rsquo;est comme mon grand fr\u00e8re. Il le sait. C&rsquo;est un sacr\u00e9 exemple. Pendant 20 ans comme joueur phare, encore aujourd&rsquo;hui. Et cela le sera encore.<\/p>\n<h2 style=\"text-align: justify;\">Nedim Remili : \u00ab\u00a0Les filles ont failli nous en vouloir \u00e0 Tokyo\u00a0\u00bb<\/h2>\n<h3 style=\"text-align: justify;\">Vous suivez aussi l&rsquo;\u00e9quipe de France f\u00e9minine. Vous avez \u00e9t\u00e9 champions olympiques, comme les Bleus. C&rsquo;\u00e9tait un truc de fou pour le handball fran\u00e7ais.<\/h3>\n<p style=\"text-align: justify;\">(Interview r\u00e9alis\u00e9e le 8 d\u00e9cembre). Elles ont failli nous en vouloir d&rsquo;ailleurs. \u00c0 Tokyo, on \u00e9tait dans le m\u00eame h\u00f4tel. Elles \u00e9taient \u00e0 l&rsquo;\u00e9tage en dessous de nous et on a peut-\u00eatre fait un peu trop de bruit, le soir du titre. Sauf qu&rsquo;elles dormaient pour pr\u00e9parer leur finale. Mais finalement, on a tous c\u00e9l\u00e9br\u00e9 ensemble le lendemain. Mais c&rsquo;est vrai qu&rsquo;au lendemain de notre titre, le midi, on a crois\u00e9 quelques visages pas tr\u00e8s contents de nous voir (rires). Apr\u00e8s, on s&rsquo;est bien rattrap\u00e9s en allant les supporter pendant leur finale. On avait \u00e0 c\u0153ur de faire quelque chose de g\u00e9ant. Une victoire olympique dans le m\u00eame sport, pour les hommes et les femmes, c&rsquo;est exceptionnel. On l&rsquo;a fait et c&rsquo;est une grande fiert\u00e9.<\/p>\n<h3 style=\"text-align: justify;\">Est-ce que vous vous consid\u00e9rez comme un grand fr\u00e8re dans cette \u00e9quipe de France ?<\/h3>\n<p style=\"text-align: justify;\">Pas ce terme s&rsquo;il vous pla\u00eet (rires). Je suis beaucoup trop jeune. C&rsquo;est s\u00fbr qu&rsquo;on est des joueurs ayant pris du galon dans cette \u00e9quipe. Avec des responsabilit\u00e9s. Maintenant, ce r\u00f4le de grand fr\u00e8re, c&rsquo;est Niko (Karabatic) qui l&rsquo;a. Et encore, lui aussi d\u00e9teste qu&rsquo;on dise cela. Cela voudrait dire qu&rsquo;il est l\u00e0 pour faire cela, alors qu&rsquo;il est l\u00e0 pour jouer au handball.<\/p>\n<h3 style=\"text-align: justify;\">On peut dire joueur cadre ?<\/h3>\n<p style=\"text-align: justify;\">Je pense que oui. Le temps en \u00e9quipe de France parle pour moi. Le temps de jeu aussi. J&rsquo;essaie d&rsquo;apporter ma pierre \u00e0 l&rsquo;\u00e9difice. Cela reste difficile, car il y a beaucoup de concurrence. Et ce n&rsquo;est pas facile de remporter les comp\u00e9titions internationales. Je suis fier du parcours que j&rsquo;ai avec cette \u00e9quipe, mais je pense que le plus beau reste \u00e0 venir. Il y a moyen de faire de tr\u00e8s belles choses avec cette \u00e9quipe et ces joueurs. Chaque saison, de nouveaux joueurs nous rejoignent et sont plein de promesses pour le futur de cette \u00e9quipe de France. On peut faire une belle \u00e9pop\u00e9e ensemble.<\/p>\n","protected":false},"excerpt":{"rendered":"<p>HANDBALL &#8211; Entretien avec le demi-centre international fran\u00e7ais Nedim Remili, champion olympique en 2021 avec les Bleus. Qui fait le bilan de sa premi\u00e8re moiti\u00e9 de saison, avec son club de Veszprem. Parti \u00e0 l&rsquo;\u00e9tranger en 2022, d&rsquo;abord \u00e0 Kielce puis en Hongrie, \u00e0 la suite de soucis financiers du club polonais, il raconte aussi les diff\u00e9rences avec le championnat de France. Et \u00e0 un mois de l&rsquo;Euro masculin, il est ambiteux avec l&rsquo;\u00e9quipe de France, qu&rsquo;il va rejoindre fin d\u00e9cembre. Avec l&rsquo;envie de remporter la m\u00e9daille d&rsquo;or, la seule qui lui manque avec les Bleus.<\/p>\n","protected":false},"author":83,"featured_media":445253,"comment_status":"open","ping_status":"closed","sticky":false,"template":"","format":"standard","meta":{"_acf_changed":false,"_daextam_enable_autolinks":"1","footnotes":""},"categories":[2304],"tags":[16878,13413,405,24],"class_list":["post-445205","post","type-post","status-publish","format-standard","has-post-thumbnail","hentry","category-handball","tag-breve","tag-equipe-de-france-masculine-de-handball","tag-handball","tag-sport"],"acf":[],"yoast_head":"<!-- This site is optimized with the Yoast SEO Premium plugin v26.7 (Yoast SEO v26.7) - https:\/\/yoast.com\/wordpress\/plugins\/seo\/ -->\n<title>Nedim Remili : &quot;On ne se satisfait pas d&#039;une m\u00e9daille de bronze ou d&#039;une finale&quot;<\/title>\n<meta name=\"description\" content=\"HANDBALL - Entretien avec le demi-centre international fran\u00e7ais Nedim Remili, champion olympique en 2021 avec les Bleus.\u00a0\" \/>\n<meta name=\"robots\" content=\"index, follow, max-snippet:-1, max-image-preview:large, max-video-preview:-1\" \/>\n<link rel=\"canonical\" href=\"https:\/\/dicodusport.fr\/blog\/nedim-remili-on-ne-se-satisfait-pas-dune-medaille-de-bronze-ou-dune-finale\/\" \/>\n<meta property=\"og:locale\" content=\"fr_FR\" \/>\n<meta property=\"og:type\" content=\"article\" \/>\n<meta property=\"og:title\" content=\"Nedim Remili : &quot;On ne se satisfait pas d&#039;une m\u00e9daille de bronze ou d&#039;une finale&quot;\" \/>\n<meta property=\"og:description\" content=\"HANDBALL - Entretien avec le demi-centre international fran\u00e7ais Nedim Remili, champion olympique en 2021 avec les Bleus.\u00a0\" \/>\n<meta property=\"og:url\" content=\"https:\/\/dicodusport.fr\/blog\/nedim-remili-on-ne-se-satisfait-pas-dune-medaille-de-bronze-ou-dune-finale\/\" \/>\n<meta property=\"og:site_name\" content=\"Dicodusport\" \/>\n<meta property=\"article:publisher\" content=\"https:\/\/www.facebook.com\/dicodusport\" \/>\n<meta property=\"article:published_time\" content=\"2023-12-18T10:55:08+00:00\" \/>\n<meta property=\"article:modified_time\" content=\"2023-12-18T13:21:59+00:00\" \/>\n<meta property=\"og:image\" content=\"https:\/\/dicodusport.fr\/blog\/wp-content\/uploads\/2023\/12\/Nedim-Remili-On-ne-se-satisfait-pas-dune-medaille-de-bronze-ou-dune-finale.png\" \/>\n\t<meta property=\"og:image:width\" content=\"1200\" \/>\n\t<meta property=\"og:image:height\" content=\"674\" \/>\n\t<meta property=\"og:image:type\" content=\"image\/png\" \/>\n<meta name=\"author\" content=\"Etienne Goursaud\" \/>\n<meta name=\"twitter:card\" content=\"summary_large_image\" \/>\n<meta name=\"twitter:title\" content=\"Nedim Remili : &quot;On ne se satisfait pas d&#039;une m\u00e9daille de bronze ou d&#039;une finale&quot;\" \/>\n<meta name=\"twitter:creator\" content=\"@dicodusport\" \/>\n<meta name=\"twitter:site\" content=\"@dicodusport\" \/>\n<script type=\"application\/ld+json\" class=\"yoast-schema-graph\">{\"@context\":\"https:\/\/schema.org\",\"@graph\":[{\"@type\":\"NewsArticle\",\"@id\":\"https:\/\/dicodusport.fr\/blog\/nedim-remili-on-ne-se-satisfait-pas-dune-medaille-de-bronze-ou-dune-finale\/#article\",\"isPartOf\":{\"@id\":\"https:\/\/dicodusport.fr\/blog\/nedim-remili-on-ne-se-satisfait-pas-dune-medaille-de-bronze-ou-dune-finale\/\"},\"author\":{\"name\":\"Etienne Goursaud\",\"@id\":\"https:\/\/dicodusport.fr\/blog\/#\/schema\/person\/d603dd7da31fb2b46c82b9835a77ec13\"},\"headline\":\"Nedim Remili : \u00ab\u00a0On ne se satisfait pas d&rsquo;une m\u00e9daille de bronze ou d&rsquo;une finale\u00a0\u00bb\",\"datePublished\":\"2023-12-18T10:55:08+00:00\",\"dateModified\":\"2023-12-18T13:21:59+00:00\",\"mainEntityOfPage\":{\"@id\":\"https:\/\/dicodusport.fr\/blog\/nedim-remili-on-ne-se-satisfait-pas-dune-medaille-de-bronze-ou-dune-finale\/\"},\"wordCount\":2336,\"commentCount\":0,\"publisher\":{\"@id\":\"https:\/\/dicodusport.fr\/blog\/#organization\"},\"image\":{\"@id\":\"https:\/\/dicodusport.fr\/blog\/nedim-remili-on-ne-se-satisfait-pas-dune-medaille-de-bronze-ou-dune-finale\/#primaryimage\"},\"thumbnailUrl\":\"https:\/\/dicodusport.fr\/blog\/wp-content\/uploads\/2023\/12\/Nedim-Remili-On-ne-se-satisfait-pas-dune-medaille-de-bronze-ou-dune-finale.png\",\"keywords\":[\"br\u00e8ve\",\"\u00c9quipe de France masculine de handball\",\"Handball\",\"sport\"],\"articleSection\":[\"Handball\"],\"inLanguage\":\"fr-FR\",\"potentialAction\":[{\"@type\":\"CommentAction\",\"name\":\"Comment\",\"target\":[\"https:\/\/dicodusport.fr\/blog\/nedim-remili-on-ne-se-satisfait-pas-dune-medaille-de-bronze-ou-dune-finale\/#respond\"]}],\"copyrightYear\":\"2023\",\"copyrightHolder\":{\"@id\":\"https:\/\/dicodusport.fr\/blog\/#organization\"}},{\"@type\":\"WebPage\",\"@id\":\"https:\/\/dicodusport.fr\/blog\/nedim-remili-on-ne-se-satisfait-pas-dune-medaille-de-bronze-ou-dune-finale\/\",\"url\":\"https:\/\/dicodusport.fr\/blog\/nedim-remili-on-ne-se-satisfait-pas-dune-medaille-de-bronze-ou-dune-finale\/\",\"name\":\"Nedim Remili : \\\"On ne se satisfait pas d'une m\u00e9daille de bronze ou d'une finale\\\"\",\"isPartOf\":{\"@id\":\"https:\/\/dicodusport.fr\/blog\/#website\"},\"primaryImageOfPage\":{\"@id\":\"https:\/\/dicodusport.fr\/blog\/nedim-remili-on-ne-se-satisfait-pas-dune-medaille-de-bronze-ou-dune-finale\/#primaryimage\"},\"image\":{\"@id\":\"https:\/\/dicodusport.fr\/blog\/nedim-remili-on-ne-se-satisfait-pas-dune-medaille-de-bronze-ou-dune-finale\/#primaryimage\"},\"thumbnailUrl\":\"https:\/\/dicodusport.fr\/blog\/wp-content\/uploads\/2023\/12\/Nedim-Remili-On-ne-se-satisfait-pas-dune-medaille-de-bronze-ou-dune-finale.png\",\"datePublished\":\"2023-12-18T10:55:08+00:00\",\"dateModified\":\"2023-12-18T13:21:59+00:00\",\"description\":\"HANDBALL - Entretien avec le demi-centre international fran\u00e7ais Nedim Remili, champion olympique en 2021 avec les Bleus.\u00a0\",\"breadcrumb\":{\"@id\":\"https:\/\/dicodusport.fr\/blog\/nedim-remili-on-ne-se-satisfait-pas-dune-medaille-de-bronze-ou-dune-finale\/#breadcrumb\"},\"inLanguage\":\"fr-FR\",\"potentialAction\":[{\"@type\":\"ReadAction\",\"target\":[\"https:\/\/dicodusport.fr\/blog\/nedim-remili-on-ne-se-satisfait-pas-dune-medaille-de-bronze-ou-dune-finale\/\"]}]},{\"@type\":\"ImageObject\",\"inLanguage\":\"fr-FR\",\"@id\":\"https:\/\/dicodusport.fr\/blog\/nedim-remili-on-ne-se-satisfait-pas-dune-medaille-de-bronze-ou-dune-finale\/#primaryimage\",\"url\":\"https:\/\/dicodusport.fr\/blog\/wp-content\/uploads\/2023\/12\/Nedim-Remili-On-ne-se-satisfait-pas-dune-medaille-de-bronze-ou-dune-finale.png\",\"contentUrl\":\"https:\/\/dicodusport.fr\/blog\/wp-content\/uploads\/2023\/12\/Nedim-Remili-On-ne-se-satisfait-pas-dune-medaille-de-bronze-ou-dune-finale.png\",\"width\":1200,\"height\":674,\"caption\":\"Nedim Remili : \\\"On ne se satisfait pas d'une m\u00e9daille de bronze ou d'une finale\\\"\"},{\"@type\":\"BreadcrumbList\",\"@id\":\"https:\/\/dicodusport.fr\/blog\/nedim-remili-on-ne-se-satisfait-pas-dune-medaille-de-bronze-ou-dune-finale\/#breadcrumb\",\"itemListElement\":[{\"@type\":\"ListItem\",\"position\":1,\"name\":\"Accueil\",\"item\":\"https:\/\/dicodusport.fr\/blog\/\"},{\"@type\":\"ListItem\",\"position\":2,\"name\":\"Nedim Remili : \u00ab\u00a0On ne se satisfait pas d&rsquo;une m\u00e9daille de bronze ou d&rsquo;une finale\u00a0\u00bb\"}]},{\"@type\":\"WebSite\",\"@id\":\"https:\/\/dicodusport.fr\/blog\/#website\",\"url\":\"https:\/\/dicodusport.fr\/blog\/\",\"name\":\"Dicodusport\",\"description\":\"L&#039;encyclop\u00e9die de l&#039;actualit\u00e9 sportive\",\"publisher\":{\"@id\":\"https:\/\/dicodusport.fr\/blog\/#organization\"},\"potentialAction\":[{\"@type\":\"SearchAction\",\"target\":{\"@type\":\"EntryPoint\",\"urlTemplate\":\"https:\/\/dicodusport.fr\/blog\/?s={search_term_string}\"},\"query-input\":{\"@type\":\"PropertyValueSpecification\",\"valueRequired\":true,\"valueName\":\"search_term_string\"}}],\"inLanguage\":\"fr-FR\"},{\"@type\":\"NewsMediaOrganization\",\"@id\":\"https:\/\/dicodusport.fr\/blog\/#organization\",\"name\":\"Dicodusport\",\"url\":\"https:\/\/dicodusport.fr\/blog\/\",\"logo\":{\"@type\":\"ImageObject\",\"inLanguage\":\"fr-FR\",\"@id\":\"https:\/\/dicodusport.fr\/blog\/#\/schema\/logo\/image\/\",\"url\":\"https:\/\/dicodusport.fr\/blog\/wp-content\/uploads\/2020\/06\/cropped-LOGO-DICODUSPORT-2020-SANS-FOND-SANS-TEXTE.png\",\"contentUrl\":\"https:\/\/dicodusport.fr\/blog\/wp-content\/uploads\/2020\/06\/cropped-LOGO-DICODUSPORT-2020-SANS-FOND-SANS-TEXTE.png\",\"width\":512,\"height\":512,\"caption\":\"Dicodusport\"},\"image\":{\"@id\":\"https:\/\/dicodusport.fr\/blog\/#\/schema\/logo\/image\/\"},\"sameAs\":[\"https:\/\/www.facebook.com\/dicodusport\",\"https:\/\/x.com\/dicodusport\",\"https:\/\/www.instagram.com\/dicodusport\/\",\"https:\/\/www.youtube.com\/channel\/UC7V2KZ5sd3htJivAbA4ZG3w\"],\"description\":\"Dicodusport est l'encyclop\u00e9die de l'actualit\u00e9 sportive.\",\"email\":\"bonjour@dicodusport.fr\",\"legalName\":\"DICODUSPORT\",\"foundingDate\":\"2018-01-14\",\"vatID\":\"FR71834470973\",\"taxID\":\"83447097300043\",\"numberOfEmployees\":{\"@type\":\"QuantitativeValue\",\"minValue\":\"1\",\"maxValue\":\"10\"}},{\"@type\":\"Person\",\"@id\":\"https:\/\/dicodusport.fr\/blog\/#\/schema\/person\/d603dd7da31fb2b46c82b9835a77ec13\",\"name\":\"Etienne Goursaud\",\"image\":{\"@type\":\"ImageObject\",\"inLanguage\":\"fr-FR\",\"@id\":\"https:\/\/dicodusport.fr\/blog\/#\/schema\/person\/image\/\",\"url\":\"https:\/\/dicodusport.fr\/blog\/wp-content\/uploads\/2023\/12\/410122264_10231602061736049_5565839791558026645_n-150x150.jpg\",\"contentUrl\":\"https:\/\/dicodusport.fr\/blog\/wp-content\/uploads\/2023\/12\/410122264_10231602061736049_5565839791558026645_n-150x150.jpg\",\"caption\":\"Etienne Goursaud\"},\"description\":\"Journaliste et amoureux de sport. Ancien footballeur reconverti athl\u00e8te quand ses muscles le laissent tranquille. \u00c9lev\u00e9 \u00e0 la sauce des exploits de Thomas Voeckler en 2004, du dernier essai de l\u00e9gende de Eunice Barber \u00e0 la longueur lors des championnats du monde d'athl\u00e9tisme de 2003 mais aussi Zidane, Omeyer et Titou Lamaison.\",\"url\":\"https:\/\/dicodusport.fr\/blog\/author\/etienne-goursaud\/\"}]}<\/script>\n<!-- \/ Yoast SEO Premium plugin. -->","yoast_head_json":{"title":"Nedim Remili : \"On ne se satisfait pas d'une m\u00e9daille de bronze ou d'une finale\"","description":"HANDBALL - Entretien avec le demi-centre international fran\u00e7ais Nedim Remili, champion olympique en 2021 avec les Bleus.\u00a0","robots":{"index":"index","follow":"follow","max-snippet":"max-snippet:-1","max-image-preview":"max-image-preview:large","max-video-preview":"max-video-preview:-1"},"canonical":"https:\/\/dicodusport.fr\/blog\/nedim-remili-on-ne-se-satisfait-pas-dune-medaille-de-bronze-ou-dune-finale\/","og_locale":"fr_FR","og_type":"article","og_title":"Nedim Remili : \"On ne se satisfait pas d'une m\u00e9daille de bronze ou d'une finale\"","og_description":"HANDBALL - Entretien avec le demi-centre international fran\u00e7ais Nedim Remili, champion olympique en 2021 avec les Bleus.\u00a0","og_url":"https:\/\/dicodusport.fr\/blog\/nedim-remili-on-ne-se-satisfait-pas-dune-medaille-de-bronze-ou-dune-finale\/","og_site_name":"Dicodusport","article_publisher":"https:\/\/www.facebook.com\/dicodusport","article_published_time":"2023-12-18T10:55:08+00:00","article_modified_time":"2023-12-18T13:21:59+00:00","og_image":[{"width":1200,"height":674,"url":"https:\/\/dicodusport.fr\/blog\/wp-content\/uploads\/2023\/12\/Nedim-Remili-On-ne-se-satisfait-pas-dune-medaille-de-bronze-ou-dune-finale.png","type":"image\/png"}],"author":"Etienne Goursaud","twitter_card":"summary_large_image","twitter_title":"Nedim Remili : \"On ne se satisfait pas d'une m\u00e9daille de bronze ou d'une finale\"","twitter_creator":"@dicodusport","twitter_site":"@dicodusport","schema":{"@context":"https:\/\/schema.org","@graph":[{"@type":"NewsArticle","@id":"https:\/\/dicodusport.fr\/blog\/nedim-remili-on-ne-se-satisfait-pas-dune-medaille-de-bronze-ou-dune-finale\/#article","isPartOf":{"@id":"https:\/\/dicodusport.fr\/blog\/nedim-remili-on-ne-se-satisfait-pas-dune-medaille-de-bronze-ou-dune-finale\/"},"author":{"name":"Etienne Goursaud","@id":"https:\/\/dicodusport.fr\/blog\/#\/schema\/person\/d603dd7da31fb2b46c82b9835a77ec13"},"headline":"Nedim Remili : \u00ab\u00a0On ne se satisfait pas d&rsquo;une m\u00e9daille de bronze ou d&rsquo;une finale\u00a0\u00bb","datePublished":"2023-12-18T10:55:08+00:00","dateModified":"2023-12-18T13:21:59+00:00","mainEntityOfPage":{"@id":"https:\/\/dicodusport.fr\/blog\/nedim-remili-on-ne-se-satisfait-pas-dune-medaille-de-bronze-ou-dune-finale\/"},"wordCount":2336,"commentCount":0,"publisher":{"@id":"https:\/\/dicodusport.fr\/blog\/#organization"},"image":{"@id":"https:\/\/dicodusport.fr\/blog\/nedim-remili-on-ne-se-satisfait-pas-dune-medaille-de-bronze-ou-dune-finale\/#primaryimage"},"thumbnailUrl":"https:\/\/dicodusport.fr\/blog\/wp-content\/uploads\/2023\/12\/Nedim-Remili-On-ne-se-satisfait-pas-dune-medaille-de-bronze-ou-dune-finale.png","keywords":["br\u00e8ve","\u00c9quipe de France masculine de handball","Handball","sport"],"articleSection":["Handball"],"inLanguage":"fr-FR","potentialAction":[{"@type":"CommentAction","name":"Comment","target":["https:\/\/dicodusport.fr\/blog\/nedim-remili-on-ne-se-satisfait-pas-dune-medaille-de-bronze-ou-dune-finale\/#respond"]}],"copyrightYear":"2023","copyrightHolder":{"@id":"https:\/\/dicodusport.fr\/blog\/#organization"}},{"@type":"WebPage","@id":"https:\/\/dicodusport.fr\/blog\/nedim-remili-on-ne-se-satisfait-pas-dune-medaille-de-bronze-ou-dune-finale\/","url":"https:\/\/dicodusport.fr\/blog\/nedim-remili-on-ne-se-satisfait-pas-dune-medaille-de-bronze-ou-dune-finale\/","name":"Nedim Remili : \"On ne se satisfait pas d'une m\u00e9daille de bronze ou d'une finale\"","isPartOf":{"@id":"https:\/\/dicodusport.fr\/blog\/#website"},"primaryImageOfPage":{"@id":"https:\/\/dicodusport.fr\/blog\/nedim-remili-on-ne-se-satisfait-pas-dune-medaille-de-bronze-ou-dune-finale\/#primaryimage"},"image":{"@id":"https:\/\/dicodusport.fr\/blog\/nedim-remili-on-ne-se-satisfait-pas-dune-medaille-de-bronze-ou-dune-finale\/#primaryimage"},"thumbnailUrl":"https:\/\/dicodusport.fr\/blog\/wp-content\/uploads\/2023\/12\/Nedim-Remili-On-ne-se-satisfait-pas-dune-medaille-de-bronze-ou-dune-finale.png","datePublished":"2023-12-18T10:55:08+00:00","dateModified":"2023-12-18T13:21:59+00:00","description":"HANDBALL - Entretien avec le demi-centre international fran\u00e7ais Nedim Remili, champion olympique en 2021 avec les Bleus.\u00a0","breadcrumb":{"@id":"https:\/\/dicodusport.fr\/blog\/nedim-remili-on-ne-se-satisfait-pas-dune-medaille-de-bronze-ou-dune-finale\/#breadcrumb"},"inLanguage":"fr-FR","potentialAction":[{"@type":"ReadAction","target":["https:\/\/dicodusport.fr\/blog\/nedim-remili-on-ne-se-satisfait-pas-dune-medaille-de-bronze-ou-dune-finale\/"]}]},{"@type":"ImageObject","inLanguage":"fr-FR","@id":"https:\/\/dicodusport.fr\/blog\/nedim-remili-on-ne-se-satisfait-pas-dune-medaille-de-bronze-ou-dune-finale\/#primaryimage","url":"https:\/\/dicodusport.fr\/blog\/wp-content\/uploads\/2023\/12\/Nedim-Remili-On-ne-se-satisfait-pas-dune-medaille-de-bronze-ou-dune-finale.png","contentUrl":"https:\/\/dicodusport.fr\/blog\/wp-content\/uploads\/2023\/12\/Nedim-Remili-On-ne-se-satisfait-pas-dune-medaille-de-bronze-ou-dune-finale.png","width":1200,"height":674,"caption":"Nedim Remili : \"On ne se satisfait pas d'une m\u00e9daille de bronze ou d'une finale\""},{"@type":"BreadcrumbList","@id":"https:\/\/dicodusport.fr\/blog\/nedim-remili-on-ne-se-satisfait-pas-dune-medaille-de-bronze-ou-dune-finale\/#breadcrumb","itemListElement":[{"@type":"ListItem","position":1,"name":"Accueil","item":"https:\/\/dicodusport.fr\/blog\/"},{"@type":"ListItem","position":2,"name":"Nedim Remili : \u00ab\u00a0On ne se satisfait pas d&rsquo;une m\u00e9daille de bronze ou d&rsquo;une finale\u00a0\u00bb"}]},{"@type":"WebSite","@id":"https:\/\/dicodusport.fr\/blog\/#website","url":"https:\/\/dicodusport.fr\/blog\/","name":"Dicodusport","description":"L&#039;encyclop\u00e9die de l&#039;actualit\u00e9 sportive","publisher":{"@id":"https:\/\/dicodusport.fr\/blog\/#organization"},"potentialAction":[{"@type":"SearchAction","target":{"@type":"EntryPoint","urlTemplate":"https:\/\/dicodusport.fr\/blog\/?s={search_term_string}"},"query-input":{"@type":"PropertyValueSpecification","valueRequired":true,"valueName":"search_term_string"}}],"inLanguage":"fr-FR"},{"@type":"NewsMediaOrganization","@id":"https:\/\/dicodusport.fr\/blog\/#organization","name":"Dicodusport","url":"https:\/\/dicodusport.fr\/blog\/","logo":{"@type":"ImageObject","inLanguage":"fr-FR","@id":"https:\/\/dicodusport.fr\/blog\/#\/schema\/logo\/image\/","url":"https:\/\/dicodusport.fr\/blog\/wp-content\/uploads\/2020\/06\/cropped-LOGO-DICODUSPORT-2020-SANS-FOND-SANS-TEXTE.png","contentUrl":"https:\/\/dicodusport.fr\/blog\/wp-content\/uploads\/2020\/06\/cropped-LOGO-DICODUSPORT-2020-SANS-FOND-SANS-TEXTE.png","width":512,"height":512,"caption":"Dicodusport"},"image":{"@id":"https:\/\/dicodusport.fr\/blog\/#\/schema\/logo\/image\/"},"sameAs":["https:\/\/www.facebook.com\/dicodusport","https:\/\/x.com\/dicodusport","https:\/\/www.instagram.com\/dicodusport\/","https:\/\/www.youtube.com\/channel\/UC7V2KZ5sd3htJivAbA4ZG3w"],"description":"Dicodusport est l'encyclop\u00e9die de l'actualit\u00e9 sportive.","email":"bonjour@dicodusport.fr","legalName":"DICODUSPORT","foundingDate":"2018-01-14","vatID":"FR71834470973","taxID":"83447097300043","numberOfEmployees":{"@type":"QuantitativeValue","minValue":"1","maxValue":"10"}},{"@type":"Person","@id":"https:\/\/dicodusport.fr\/blog\/#\/schema\/person\/d603dd7da31fb2b46c82b9835a77ec13","name":"Etienne Goursaud","image":{"@type":"ImageObject","inLanguage":"fr-FR","@id":"https:\/\/dicodusport.fr\/blog\/#\/schema\/person\/image\/","url":"https:\/\/dicodusport.fr\/blog\/wp-content\/uploads\/2023\/12\/410122264_10231602061736049_5565839791558026645_n-150x150.jpg","contentUrl":"https:\/\/dicodusport.fr\/blog\/wp-content\/uploads\/2023\/12\/410122264_10231602061736049_5565839791558026645_n-150x150.jpg","caption":"Etienne Goursaud"},"description":"Journaliste et amoureux de sport. Ancien footballeur reconverti athl\u00e8te quand ses muscles le laissent tranquille. \u00c9lev\u00e9 \u00e0 la sauce des exploits de Thomas Voeckler en 2004, du dernier essai de l\u00e9gende de Eunice Barber \u00e0 la longueur lors des championnats du monde d'athl\u00e9tisme de 2003 mais aussi Zidane, Omeyer et Titou Lamaison.","url":"https:\/\/dicodusport.fr\/blog\/author\/etienne-goursaud\/"}]}},"_links":{"self":[{"href":"https:\/\/dicodusport.fr\/blog\/wp-json\/wp\/v2\/posts\/445205","targetHints":{"allow":["GET"]}}],"collection":[{"href":"https:\/\/dicodusport.fr\/blog\/wp-json\/wp\/v2\/posts"}],"about":[{"href":"https:\/\/dicodusport.fr\/blog\/wp-json\/wp\/v2\/types\/post"}],"author":[{"embeddable":true,"href":"https:\/\/dicodusport.fr\/blog\/wp-json\/wp\/v2\/users\/83"}],"replies":[{"embeddable":true,"href":"https:\/\/dicodusport.fr\/blog\/wp-json\/wp\/v2\/comments?post=445205"}],"version-history":[{"count":5,"href":"https:\/\/dicodusport.fr\/blog\/wp-json\/wp\/v2\/posts\/445205\/revisions"}],"predecessor-version":[{"id":446354,"href":"https:\/\/dicodusport.fr\/blog\/wp-json\/wp\/v2\/posts\/445205\/revisions\/446354"}],"wp:featuredmedia":[{"embeddable":true,"href":"https:\/\/dicodusport.fr\/blog\/wp-json\/wp\/v2\/media\/445253"}],"wp:attachment":[{"href":"https:\/\/dicodusport.fr\/blog\/wp-json\/wp\/v2\/media?parent=445205"}],"wp:term":[{"taxonomy":"category","embeddable":true,"href":"https:\/\/dicodusport.fr\/blog\/wp-json\/wp\/v2\/categories?post=445205"},{"taxonomy":"post_tag","embeddable":true,"href":"https:\/\/dicodusport.fr\/blog\/wp-json\/wp\/v2\/tags?post=445205"}],"curies":[{"name":"wp","href":"https:\/\/api.w.org\/{rel}","templated":true}]}}