{"id":445257,"date":"2023-12-14T14:16:26","date_gmt":"2023-12-14T13:16:26","guid":{"rendered":"https:\/\/dicodusport.fr\/blog\/?p=445257&#038;preview=true&#038;preview_id=445257"},"modified":"2023-12-14T14:30:41","modified_gmt":"2023-12-14T13:30:41","slug":"transferts-oyonnax-prolonge-2-avants","status":"publish","type":"post","link":"https:\/\/dicodusport.fr\/blog\/transferts-oyonnax-prolonge-2-avants\/","title":{"rendered":"Transferts : Oyonnax prolonge 2 avants"},"content":{"rendered":"<p style=\"text-align: justify;\"><strong><em>TOP 14 2023-2024 &#8211; Oyonnax a annonc\u00e9 les prolongations de Victor Lebas et Wandrille Picault pour deux saisons suppl\u00e9mentaires.<\/em><\/strong><\/p>\n<p style=\"text-align: justify;\">Au moment de disputer son deuxi\u00e8me match de <strong>Challenge<\/strong> <strong>Cup<\/strong> face \u00e0 <strong>Parme<\/strong> ce week-end, <strong>Oyonnax<\/strong> doit composer avec des joueurs qui vont quitter le club en fin de saison. <strong>Th\u00e9o Millet<\/strong>, tr\u00e8s bon depuis le d\u00e9but de la saison, s&rsquo;est engag\u00e9 pour trois ann\u00e9es avec le LOU. <strong>Charlie<\/strong> <strong>Cassang<\/strong> est sur le point de l&rsquo;imiter, puisqu&rsquo;un bail de trois ans l&rsquo;attend aussi \u00e0 Lyon.<\/p>\n<ul style=\"text-align: justify;\">\n<li style=\"text-align: justify;\"><strong>\u00c0 ce sujet &#8211; <a href=\"https:\/\/dicodusport.fr\/blog\/transferts-oyonnax-3-clubs-de-top-14-veulent-signer-charlie-cassang\/\" target=\"_blank\" rel=\"noopener\">Transferts Oyonnax : 3 clubs de Top 14 veulent signer Charlie Cassang<\/a><\/strong><\/li>\n<\/ul>\n<h2 style=\"text-align: justify;\">Lebas et Picault rempilent<\/h2>\n<p style=\"text-align: justify;\">Mais le club de l&rsquo;Ain r\u00e9ussit aussi \u00e0 garder certains de ses cadres. <strong>Victor<\/strong> <strong>Lebas<\/strong>, arriv\u00e9 en 2022 \u00e0 <strong>Oyonnax<\/strong>, \u00e9tait en fin de contrat en juin 2024. Le deuxi\u00e8me ligne de 30 ans, pass\u00e9 par le <strong>CA<\/strong> <strong>Brive<\/strong> et <strong>Soyaux-Angoul\u00eame<\/strong>, a sign\u00e9 un nouveau bail de deux ans avec le club de Top 14. Depuis son arriv\u00e9e, il a disput\u00e9 28 matchs avec <em>Oyo<\/em>, dont neuf cette saison.<\/p>\n<p style=\"text-align: justify;\">Apr\u00e8s plusieurs saisons avec <strong>Vannes<\/strong>, <strong>Wandrille Picault <\/strong>a aussi rejoint l&rsquo;Ain en 2022. Le troisi\u00e8me ligne de 29 ans vient de prolonger pour deux saisons suppl\u00e9mentaires, jusqu&rsquo;en 2026, alors que son contrat se terminait en juin prochain. Aussi pass\u00e9 par l&rsquo;<strong>USAP<\/strong>, Il a disput\u00e9 23 matchs avec <strong>Oyonnax<\/strong> en un an et demi dont cinq cette saison.<\/p>\n<blockquote class=\"twitter-tweet\">\n<p dir=\"ltr\" lang=\"fr\">Le \ud835\uddfa\ud835\uddf2\ud835\uddfa\ud835\uddf2 \ud835\uddf0\ud835\uddf9\ud835\ude02\ud835\uddef, la \ud835\uddfa\ud835\uddf2\ud835\uddfa\ud835\uddf2 \ud835\ude03\ud835\uddfc\ud835\uddf6\ud835\ude01\ud835\ude02\ud835\uddff\ud835\uddf2, \ud835\uddf7\ud835\uddf2\ud835\ude02\ud835\uddfb\ud835\uddf2\ud835\ude00 \ud835\uddfd\ud835\uddee\ud835\uddfd\ud835\uddee\ud835\ude00, conducteurs de \ud835\uddfd\ud835\uddfc\ud835\ude02\ud835\ude00\ud835\ude00\ud835\uddf2\ud835\ude01\ud835\ude01\ud835\uddf2, ils ont le \ud835\uddfa\ud835\uddf2\ud835\uddfa\ud835\uddf2 \ud835\uddf0\ud835\uddf5\ud835\uddf6\ud835\uddf2\ud835\uddfb, la \ud835\uddfa\ud835\uddf2\ud835\uddfa\ud835\uddf2 \ud835\uddfa\ud835\uddee\ud835\uddf6\ud835\ude00\ud835\uddfc\ud835\uddfb&#8230;<\/p>\n<p>&#8230; et aussi le \ud835\uddfa\ud835\uddf2\ud835\uddfa\ud835\uddf2 \ud835\uddf1\ud835\uddf2\ud835\ude00\ud835\ude01\ud835\uddf6\ud835\uddfb \u270d\ufe0f<\/p>\n<p>\u2014 Oyonnax Rugby (@OyonnaxRugby) <a href=\"https:\/\/twitter.com\/OyonnaxRugby\/status\/1735258289305231706?ref_src=twsrc%5Etfw\">December 14, 2023<\/a><\/p><\/blockquote>\n<p style=\"text-align: justify;\"><script async src=\"https:\/\/platform.twitter.com\/widgets.js\" charset=\"utf-8\"><\/script><\/p>\n","protected":false},"excerpt":{"rendered":"<p>TOP 14 2023-2024 &#8211; Oyonnax a annonc\u00e9 les prolongations de Victor Lebas et Wandrille Picault pour deux saisons suppl\u00e9mentaires.<\/p>\n","protected":false},"author":1,"featured_media":445261,"comment_status":"open","ping_status":"closed","sticky":false,"template":"","format":"standard","meta":{"_acf_changed":false,"_daextam_enable_autolinks":"1","footnotes":""},"categories":[9129,47050],"tags":[16878,2386],"class_list":["post-445257","post","type-post","status-publish","format-standard","has-post-thumbnail","hentry","category-rugby-a-xv","category-top-14","tag-breve","tag-oyonnax"],"acf":[],"yoast_head":"<!-- This site is optimized with the Yoast SEO Premium plugin v26.7 (Yoast SEO v26.7) - https:\/\/yoast.com\/wordpress\/plugins\/seo\/ -->\n<title>Transferts : Oyonnax prolonge 2 avants<\/title>\n<meta name=\"description\" content=\"TOP 14 2023-2024 - Oyonnax a annonc\u00e9 les prolongations de Victor Lebas et Wandrille Picault pour deux saisons suppl\u00e9mentaires.\" \/>\n<meta name=\"robots\" content=\"index, follow, max-snippet:-1, max-image-preview:large, max-video-preview:-1\" \/>\n<link rel=\"canonical\" href=\"https:\/\/dicodusport.fr\/blog\/transferts-oyonnax-prolonge-2-avants\/\" \/>\n<meta property=\"og:locale\" content=\"fr_FR\" \/>\n<meta property=\"og:type\" content=\"article\" \/>\n<meta property=\"og:title\" content=\"Transferts : Oyonnax prolonge 2 avants\" \/>\n<meta property=\"og:description\" content=\"TOP 14 2023-2024 - Oyonnax a annonc\u00e9 les prolongations de Victor Lebas et Wandrille Picault pour deux saisons suppl\u00e9mentaires.\" \/>\n<meta property=\"og:url\" content=\"https:\/\/dicodusport.fr\/blog\/transferts-oyonnax-prolonge-2-avants\/\" \/>\n<meta property=\"og:site_name\" content=\"Dicodusport\" \/>\n<meta property=\"article:publisher\" content=\"https:\/\/www.facebook.com\/dicodusport\" \/>\n<meta property=\"article:author\" content=\"https:\/\/www.facebook.com\/dicodusport\" \/>\n<meta property=\"article:published_time\" content=\"2023-12-14T13:16:26+00:00\" \/>\n<meta property=\"article:modified_time\" content=\"2023-12-14T13:30:41+00:00\" \/>\n<meta property=\"og:image\" content=\"https:\/\/dicodusport.fr\/blog\/wp-content\/uploads\/2023\/12\/Transferts-Oyonnax-prolonge-2-avants-.png\" \/>\n\t<meta property=\"og:image:width\" content=\"1200\" \/>\n\t<meta property=\"og:image:height\" content=\"674\" \/>\n\t<meta property=\"og:image:type\" content=\"image\/png\" \/>\n<meta name=\"author\" content=\"Nicolas Jacquemard\" \/>\n<meta name=\"twitter:card\" content=\"summary_large_image\" \/>\n<meta name=\"twitter:title\" content=\"Transferts : Oyonnax prolonge 2 avants\" \/>\n<meta name=\"twitter:creator\" content=\"@https:\/\/twitter.com\/Nico_Jacquemard\" \/>\n<meta name=\"twitter:site\" content=\"@dicodusport\" \/>\n<script type=\"application\/ld+json\" class=\"yoast-schema-graph\">{\"@context\":\"https:\/\/schema.org\",\"@graph\":[{\"@type\":\"NewsArticle\",\"@id\":\"https:\/\/dicodusport.fr\/blog\/transferts-oyonnax-prolonge-2-avants\/#article\",\"isPartOf\":{\"@id\":\"https:\/\/dicodusport.fr\/blog\/transferts-oyonnax-prolonge-2-avants\/\"},\"author\":{\"name\":\"Nicolas Jacquemard\",\"@id\":\"https:\/\/dicodusport.fr\/blog\/#\/schema\/person\/55dcb50ad410894e431ed812bbb70191\"},\"headline\":\"Transferts : Oyonnax prolonge 2 avants\",\"datePublished\":\"2023-12-14T13:16:26+00:00\",\"dateModified\":\"2023-12-14T13:30:41+00:00\",\"mainEntityOfPage\":{\"@id\":\"https:\/\/dicodusport.fr\/blog\/transferts-oyonnax-prolonge-2-avants\/\"},\"wordCount\":252,\"commentCount\":0,\"publisher\":{\"@id\":\"https:\/\/dicodusport.fr\/blog\/#organization\"},\"image\":{\"@id\":\"https:\/\/dicodusport.fr\/blog\/transferts-oyonnax-prolonge-2-avants\/#primaryimage\"},\"thumbnailUrl\":\"https:\/\/dicodusport.fr\/blog\/wp-content\/uploads\/2023\/12\/Transferts-Oyonnax-prolonge-2-avants-.png\",\"keywords\":[\"br\u00e8ve\",\"Oyonnax\"],\"articleSection\":[\"Rugby \u00e0 XV\",\"Top 14\"],\"inLanguage\":\"fr-FR\",\"potentialAction\":[{\"@type\":\"CommentAction\",\"name\":\"Comment\",\"target\":[\"https:\/\/dicodusport.fr\/blog\/transferts-oyonnax-prolonge-2-avants\/#respond\"]}],\"copyrightYear\":\"2023\",\"copyrightHolder\":{\"@id\":\"https:\/\/dicodusport.fr\/blog\/#organization\"}},{\"@type\":\"WebPage\",\"@id\":\"https:\/\/dicodusport.fr\/blog\/transferts-oyonnax-prolonge-2-avants\/\",\"url\":\"https:\/\/dicodusport.fr\/blog\/transferts-oyonnax-prolonge-2-avants\/\",\"name\":\"Transferts : Oyonnax prolonge 2 avants\",\"isPartOf\":{\"@id\":\"https:\/\/dicodusport.fr\/blog\/#website\"},\"primaryImageOfPage\":{\"@id\":\"https:\/\/dicodusport.fr\/blog\/transferts-oyonnax-prolonge-2-avants\/#primaryimage\"},\"image\":{\"@id\":\"https:\/\/dicodusport.fr\/blog\/transferts-oyonnax-prolonge-2-avants\/#primaryimage\"},\"thumbnailUrl\":\"https:\/\/dicodusport.fr\/blog\/wp-content\/uploads\/2023\/12\/Transferts-Oyonnax-prolonge-2-avants-.png\",\"datePublished\":\"2023-12-14T13:16:26+00:00\",\"dateModified\":\"2023-12-14T13:30:41+00:00\",\"description\":\"TOP 14 2023-2024 - Oyonnax a annonc\u00e9 les prolongations de Victor Lebas et Wandrille Picault pour deux saisons suppl\u00e9mentaires.\",\"breadcrumb\":{\"@id\":\"https:\/\/dicodusport.fr\/blog\/transferts-oyonnax-prolonge-2-avants\/#breadcrumb\"},\"inLanguage\":\"fr-FR\",\"potentialAction\":[{\"@type\":\"ReadAction\",\"target\":[\"https:\/\/dicodusport.fr\/blog\/transferts-oyonnax-prolonge-2-avants\/\"]}]},{\"@type\":\"ImageObject\",\"inLanguage\":\"fr-FR\",\"@id\":\"https:\/\/dicodusport.fr\/blog\/transferts-oyonnax-prolonge-2-avants\/#primaryimage\",\"url\":\"https:\/\/dicodusport.fr\/blog\/wp-content\/uploads\/2023\/12\/Transferts-Oyonnax-prolonge-2-avants-.png\",\"contentUrl\":\"https:\/\/dicodusport.fr\/blog\/wp-content\/uploads\/2023\/12\/Transferts-Oyonnax-prolonge-2-avants-.png\",\"width\":1200,\"height\":674,\"caption\":\"Transferts Oyonnax prolonge 2 avants\"},{\"@type\":\"BreadcrumbList\",\"@id\":\"https:\/\/dicodusport.fr\/blog\/transferts-oyonnax-prolonge-2-avants\/#breadcrumb\",\"itemListElement\":[{\"@type\":\"ListItem\",\"position\":1,\"name\":\"Accueil\",\"item\":\"https:\/\/dicodusport.fr\/blog\/\"},{\"@type\":\"ListItem\",\"position\":2,\"name\":\"Transferts : Oyonnax prolonge 2 avants\"}]},{\"@type\":\"WebSite\",\"@id\":\"https:\/\/dicodusport.fr\/blog\/#website\",\"url\":\"https:\/\/dicodusport.fr\/blog\/\",\"name\":\"Dicodusport\",\"description\":\"L&#039;encyclop\u00e9die de l&#039;actualit\u00e9 sportive\",\"publisher\":{\"@id\":\"https:\/\/dicodusport.fr\/blog\/#organization\"},\"potentialAction\":[{\"@type\":\"SearchAction\",\"target\":{\"@type\":\"EntryPoint\",\"urlTemplate\":\"https:\/\/dicodusport.fr\/blog\/?s={search_term_string}\"},\"query-input\":{\"@type\":\"PropertyValueSpecification\",\"valueRequired\":true,\"valueName\":\"search_term_string\"}}],\"inLanguage\":\"fr-FR\"},{\"@type\":\"NewsMediaOrganization\",\"@id\":\"https:\/\/dicodusport.fr\/blog\/#organization\",\"name\":\"Dicodusport\",\"url\":\"https:\/\/dicodusport.fr\/blog\/\",\"logo\":{\"@type\":\"ImageObject\",\"inLanguage\":\"fr-FR\",\"@id\":\"https:\/\/dicodusport.fr\/blog\/#\/schema\/logo\/image\/\",\"url\":\"https:\/\/dicodusport.fr\/blog\/wp-content\/uploads\/2020\/06\/cropped-LOGO-DICODUSPORT-2020-SANS-FOND-SANS-TEXTE.png\",\"contentUrl\":\"https:\/\/dicodusport.fr\/blog\/wp-content\/uploads\/2020\/06\/cropped-LOGO-DICODUSPORT-2020-SANS-FOND-SANS-TEXTE.png\",\"width\":512,\"height\":512,\"caption\":\"Dicodusport\"},\"image\":{\"@id\":\"https:\/\/dicodusport.fr\/blog\/#\/schema\/logo\/image\/\"},\"sameAs\":[\"https:\/\/www.facebook.com\/dicodusport\",\"https:\/\/x.com\/dicodusport\",\"https:\/\/www.instagram.com\/dicodusport\/\",\"https:\/\/www.youtube.com\/channel\/UC7V2KZ5sd3htJivAbA4ZG3w\"],\"description\":\"Dicodusport est l'encyclop\u00e9die de l'actualit\u00e9 sportive.\",\"email\":\"bonjour@dicodusport.fr\",\"legalName\":\"DICODUSPORT\",\"foundingDate\":\"2018-01-14\",\"vatID\":\"FR71834470973\",\"taxID\":\"83447097300043\",\"numberOfEmployees\":{\"@type\":\"QuantitativeValue\",\"minValue\":\"1\",\"maxValue\":\"10\"}},{\"@type\":\"Person\",\"@id\":\"https:\/\/dicodusport.fr\/blog\/#\/schema\/person\/55dcb50ad410894e431ed812bbb70191\",\"name\":\"Nicolas Jacquemard\",\"image\":{\"@type\":\"ImageObject\",\"inLanguage\":\"fr-FR\",\"@id\":\"https:\/\/dicodusport.fr\/blog\/#\/schema\/person\/image\/\",\"url\":\"https:\/\/dicodusport.fr\/blog\/wp-content\/uploads\/2021\/05\/Nicolas-Jacquemard-150x150.jpeg\",\"contentUrl\":\"https:\/\/dicodusport.fr\/blog\/wp-content\/uploads\/2021\/05\/Nicolas-Jacquemard-150x150.jpeg\",\"caption\":\"Nicolas Jacquemard\"},\"description\":\"Passionn\u00e9 de sport et entrepreneur depuis mes 18 ans, la cr\u00e9ation de Dicodusport m'a sembl\u00e9 \u00e9vidente pour participer \u00e0 la m\u00e9diatisation d'un plus grand nombre de sports. Le chemin est long mais avec une \u00e9quipe des plus motiv\u00e9es et les Jeux Olympiques de Paris 2024 en point de mire, nous y arriverons ! Journaliste dans le monde du sport depuis plus de 5 ans, je traite aussi bien de football, de rugby, de biathlon que de cyclisme.\",\"sameAs\":[\"https:\/\/www.facebook.com\/dicodusport\",\"https:\/\/x.com\/https:\/\/twitter.com\/Nico_Jacquemard\"],\"url\":\"https:\/\/dicodusport.fr\/blog\/author\/dicodusport\/\"}]}<\/script>\n<!-- \/ Yoast SEO Premium plugin. -->","yoast_head_json":{"title":"Transferts : Oyonnax prolonge 2 avants","description":"TOP 14 2023-2024 - Oyonnax a annonc\u00e9 les prolongations de Victor Lebas et Wandrille Picault pour deux saisons suppl\u00e9mentaires.","robots":{"index":"index","follow":"follow","max-snippet":"max-snippet:-1","max-image-preview":"max-image-preview:large","max-video-preview":"max-video-preview:-1"},"canonical":"https:\/\/dicodusport.fr\/blog\/transferts-oyonnax-prolonge-2-avants\/","og_locale":"fr_FR","og_type":"article","og_title":"Transferts : Oyonnax prolonge 2 avants","og_description":"TOP 14 2023-2024 - Oyonnax a annonc\u00e9 les prolongations de Victor Lebas et Wandrille Picault pour deux saisons suppl\u00e9mentaires.","og_url":"https:\/\/dicodusport.fr\/blog\/transferts-oyonnax-prolonge-2-avants\/","og_site_name":"Dicodusport","article_publisher":"https:\/\/www.facebook.com\/dicodusport","article_author":"https:\/\/www.facebook.com\/dicodusport","article_published_time":"2023-12-14T13:16:26+00:00","article_modified_time":"2023-12-14T13:30:41+00:00","og_image":[{"width":1200,"height":674,"url":"https:\/\/dicodusport.fr\/blog\/wp-content\/uploads\/2023\/12\/Transferts-Oyonnax-prolonge-2-avants-.png","type":"image\/png"}],"author":"Nicolas Jacquemard","twitter_card":"summary_large_image","twitter_title":"Transferts : Oyonnax prolonge 2 avants","twitter_creator":"@https:\/\/twitter.com\/Nico_Jacquemard","twitter_site":"@dicodusport","schema":{"@context":"https:\/\/schema.org","@graph":[{"@type":"NewsArticle","@id":"https:\/\/dicodusport.fr\/blog\/transferts-oyonnax-prolonge-2-avants\/#article","isPartOf":{"@id":"https:\/\/dicodusport.fr\/blog\/transferts-oyonnax-prolonge-2-avants\/"},"author":{"name":"Nicolas Jacquemard","@id":"https:\/\/dicodusport.fr\/blog\/#\/schema\/person\/55dcb50ad410894e431ed812bbb70191"},"headline":"Transferts : Oyonnax prolonge 2 avants","datePublished":"2023-12-14T13:16:26+00:00","dateModified":"2023-12-14T13:30:41+00:00","mainEntityOfPage":{"@id":"https:\/\/dicodusport.fr\/blog\/transferts-oyonnax-prolonge-2-avants\/"},"wordCount":252,"commentCount":0,"publisher":{"@id":"https:\/\/dicodusport.fr\/blog\/#organization"},"image":{"@id":"https:\/\/dicodusport.fr\/blog\/transferts-oyonnax-prolonge-2-avants\/#primaryimage"},"thumbnailUrl":"https:\/\/dicodusport.fr\/blog\/wp-content\/uploads\/2023\/12\/Transferts-Oyonnax-prolonge-2-avants-.png","keywords":["br\u00e8ve","Oyonnax"],"articleSection":["Rugby \u00e0 XV","Top 14"],"inLanguage":"fr-FR","potentialAction":[{"@type":"CommentAction","name":"Comment","target":["https:\/\/dicodusport.fr\/blog\/transferts-oyonnax-prolonge-2-avants\/#respond"]}],"copyrightYear":"2023","copyrightHolder":{"@id":"https:\/\/dicodusport.fr\/blog\/#organization"}},{"@type":"WebPage","@id":"https:\/\/dicodusport.fr\/blog\/transferts-oyonnax-prolonge-2-avants\/","url":"https:\/\/dicodusport.fr\/blog\/transferts-oyonnax-prolonge-2-avants\/","name":"Transferts : Oyonnax prolonge 2 avants","isPartOf":{"@id":"https:\/\/dicodusport.fr\/blog\/#website"},"primaryImageOfPage":{"@id":"https:\/\/dicodusport.fr\/blog\/transferts-oyonnax-prolonge-2-avants\/#primaryimage"},"image":{"@id":"https:\/\/dicodusport.fr\/blog\/transferts-oyonnax-prolonge-2-avants\/#primaryimage"},"thumbnailUrl":"https:\/\/dicodusport.fr\/blog\/wp-content\/uploads\/2023\/12\/Transferts-Oyonnax-prolonge-2-avants-.png","datePublished":"2023-12-14T13:16:26+00:00","dateModified":"2023-12-14T13:30:41+00:00","description":"TOP 14 2023-2024 - Oyonnax a annonc\u00e9 les prolongations de Victor Lebas et Wandrille Picault pour deux saisons suppl\u00e9mentaires.","breadcrumb":{"@id":"https:\/\/dicodusport.fr\/blog\/transferts-oyonnax-prolonge-2-avants\/#breadcrumb"},"inLanguage":"fr-FR","potentialAction":[{"@type":"ReadAction","target":["https:\/\/dicodusport.fr\/blog\/transferts-oyonnax-prolonge-2-avants\/"]}]},{"@type":"ImageObject","inLanguage":"fr-FR","@id":"https:\/\/dicodusport.fr\/blog\/transferts-oyonnax-prolonge-2-avants\/#primaryimage","url":"https:\/\/dicodusport.fr\/blog\/wp-content\/uploads\/2023\/12\/Transferts-Oyonnax-prolonge-2-avants-.png","contentUrl":"https:\/\/dicodusport.fr\/blog\/wp-content\/uploads\/2023\/12\/Transferts-Oyonnax-prolonge-2-avants-.png","width":1200,"height":674,"caption":"Transferts Oyonnax prolonge 2 avants"},{"@type":"BreadcrumbList","@id":"https:\/\/dicodusport.fr\/blog\/transferts-oyonnax-prolonge-2-avants\/#breadcrumb","itemListElement":[{"@type":"ListItem","position":1,"name":"Accueil","item":"https:\/\/dicodusport.fr\/blog\/"},{"@type":"ListItem","position":2,"name":"Transferts : Oyonnax prolonge 2 avants"}]},{"@type":"WebSite","@id":"https:\/\/dicodusport.fr\/blog\/#website","url":"https:\/\/dicodusport.fr\/blog\/","name":"Dicodusport","description":"L&#039;encyclop\u00e9die de l&#039;actualit\u00e9 sportive","publisher":{"@id":"https:\/\/dicodusport.fr\/blog\/#organization"},"potentialAction":[{"@type":"SearchAction","target":{"@type":"EntryPoint","urlTemplate":"https:\/\/dicodusport.fr\/blog\/?s={search_term_string}"},"query-input":{"@type":"PropertyValueSpecification","valueRequired":true,"valueName":"search_term_string"}}],"inLanguage":"fr-FR"},{"@type":"NewsMediaOrganization","@id":"https:\/\/dicodusport.fr\/blog\/#organization","name":"Dicodusport","url":"https:\/\/dicodusport.fr\/blog\/","logo":{"@type":"ImageObject","inLanguage":"fr-FR","@id":"https:\/\/dicodusport.fr\/blog\/#\/schema\/logo\/image\/","url":"https:\/\/dicodusport.fr\/blog\/wp-content\/uploads\/2020\/06\/cropped-LOGO-DICODUSPORT-2020-SANS-FOND-SANS-TEXTE.png","contentUrl":"https:\/\/dicodusport.fr\/blog\/wp-content\/uploads\/2020\/06\/cropped-LOGO-DICODUSPORT-2020-SANS-FOND-SANS-TEXTE.png","width":512,"height":512,"caption":"Dicodusport"},"image":{"@id":"https:\/\/dicodusport.fr\/blog\/#\/schema\/logo\/image\/"},"sameAs":["https:\/\/www.facebook.com\/dicodusport","https:\/\/x.com\/dicodusport","https:\/\/www.instagram.com\/dicodusport\/","https:\/\/www.youtube.com\/channel\/UC7V2KZ5sd3htJivAbA4ZG3w"],"description":"Dicodusport est l'encyclop\u00e9die de l'actualit\u00e9 sportive.","email":"bonjour@dicodusport.fr","legalName":"DICODUSPORT","foundingDate":"2018-01-14","vatID":"FR71834470973","taxID":"83447097300043","numberOfEmployees":{"@type":"QuantitativeValue","minValue":"1","maxValue":"10"}},{"@type":"Person","@id":"https:\/\/dicodusport.fr\/blog\/#\/schema\/person\/55dcb50ad410894e431ed812bbb70191","name":"Nicolas Jacquemard","image":{"@type":"ImageObject","inLanguage":"fr-FR","@id":"https:\/\/dicodusport.fr\/blog\/#\/schema\/person\/image\/","url":"https:\/\/dicodusport.fr\/blog\/wp-content\/uploads\/2021\/05\/Nicolas-Jacquemard-150x150.jpeg","contentUrl":"https:\/\/dicodusport.fr\/blog\/wp-content\/uploads\/2021\/05\/Nicolas-Jacquemard-150x150.jpeg","caption":"Nicolas Jacquemard"},"description":"Passionn\u00e9 de sport et entrepreneur depuis mes 18 ans, la cr\u00e9ation de Dicodusport m'a sembl\u00e9 \u00e9vidente pour participer \u00e0 la m\u00e9diatisation d'un plus grand nombre de sports. Le chemin est long mais avec une \u00e9quipe des plus motiv\u00e9es et les Jeux Olympiques de Paris 2024 en point de mire, nous y arriverons ! Journaliste dans le monde du sport depuis plus de 5 ans, je traite aussi bien de football, de rugby, de biathlon que de cyclisme.","sameAs":["https:\/\/www.facebook.com\/dicodusport","https:\/\/x.com\/https:\/\/twitter.com\/Nico_Jacquemard"],"url":"https:\/\/dicodusport.fr\/blog\/author\/dicodusport\/"}]}},"_links":{"self":[{"href":"https:\/\/dicodusport.fr\/blog\/wp-json\/wp\/v2\/posts\/445257","targetHints":{"allow":["GET"]}}],"collection":[{"href":"https:\/\/dicodusport.fr\/blog\/wp-json\/wp\/v2\/posts"}],"about":[{"href":"https:\/\/dicodusport.fr\/blog\/wp-json\/wp\/v2\/types\/post"}],"author":[{"embeddable":true,"href":"https:\/\/dicodusport.fr\/blog\/wp-json\/wp\/v2\/users\/1"}],"replies":[{"embeddable":true,"href":"https:\/\/dicodusport.fr\/blog\/wp-json\/wp\/v2\/comments?post=445257"}],"version-history":[{"count":4,"href":"https:\/\/dicodusport.fr\/blog\/wp-json\/wp\/v2\/posts\/445257\/revisions"}],"predecessor-version":[{"id":445273,"href":"https:\/\/dicodusport.fr\/blog\/wp-json\/wp\/v2\/posts\/445257\/revisions\/445273"}],"wp:featuredmedia":[{"embeddable":true,"href":"https:\/\/dicodusport.fr\/blog\/wp-json\/wp\/v2\/media\/445261"}],"wp:attachment":[{"href":"https:\/\/dicodusport.fr\/blog\/wp-json\/wp\/v2\/media?parent=445257"}],"wp:term":[{"taxonomy":"category","embeddable":true,"href":"https:\/\/dicodusport.fr\/blog\/wp-json\/wp\/v2\/categories?post=445257"},{"taxonomy":"post_tag","embeddable":true,"href":"https:\/\/dicodusport.fr\/blog\/wp-json\/wp\/v2\/tags?post=445257"}],"curies":[{"name":"wp","href":"https:\/\/api.w.org\/{rel}","templated":true}]}}