{"id":445568,"date":"2023-12-15T17:05:17","date_gmt":"2023-12-15T16:05:17","guid":{"rendered":"https:\/\/dicodusport.fr\/blog\/?p=445568&#038;preview=true&#038;preview_id=445568"},"modified":"2023-12-15T17:46:11","modified_gmt":"2023-12-15T16:46:11","slug":"coupe-du-monde-de-saut-a-ski-josephine-pagnier-simpose-encore-a-engelberg","status":"publish","type":"post","link":"https:\/\/dicodusport.fr\/blog\/coupe-du-monde-de-saut-a-ski-josephine-pagnier-simpose-encore-a-engelberg\/","title":{"rendered":"Coupe du monde de saut \u00e0 ski : Jos\u00e9phine Pagnier s&rsquo;impose encore \u00e0 Engelberg !"},"content":{"rendered":"<p style=\"text-align: justify;\"><strong><em>COUPE DU MONDE F\u00c9MININE DE SAUT \u00c0 SKI &#8211; Apr\u00e8s son exploit \u00e0 Lillehammer, Jos\u00e9phine Pagnier a remis \u00e7a et s&rsquo;est impos\u00e9e avec de la r\u00e9ussite lors du premier concours \u00e0 Engelberg.\u00a0<\/em><\/strong><\/p>\n<p style=\"text-align: justify;\">Voil\u00e0 deux semaines, <strong>Jos\u00e9phine Pagnier<\/strong> avait \u00e9crit l&rsquo;histoire du saut \u00e0 skis fran\u00e7ais. <a href=\"https:\/\/dicodusport.fr\/blog\/saut-a-ski-josephine-pagnier-deuxieme-de-la-coupe-du-monde-de-lillehammer\/\">Deuxi\u00e8me sur le petit tremplin<\/a> \u00e0 Lillehammer, <a href=\"https:\/\/dicodusport.fr\/blog\/couoe-du-monde-de-saut-a-ski-josephine-pagnier-triomphe-sur-le-grand-tremplin-a-lillehammer\/\">elle avait triomph\u00e9 le lendemain sur le grand tremplin<\/a>, remportant le quatri\u00e8me succ\u00e8s tricolore en Coupe du monde. Elle revenait aux affaires \u00e0 Engelberg, en Suisse, en tant que leader du classement g\u00e9n\u00e9ral, et en ayant remport\u00e9 la veille le saut d&rsquo;entra\u00eenement.<\/p>\n<h2 style=\"text-align: justify;\">Le talent et la r\u00e9ussite<\/h2>\n<p style=\"text-align: justify;\">D\u00e8s la premi\u00e8re manche, elle a rappel\u00e9 que sa forme n&rsquo;\u00e9tait pas due au hasard. Non seulement elle a \u00e9t\u00e9 l&rsquo;une des deux seules \u00e0 d\u00e9passer les 130 m\u00e8tres, mais c&rsquo;est elle qui a obtenu les meilleures notes de la part du jury. Un saut \u00e0 132 m\u00e8tres d&rsquo;une belle propret\u00e9, qui lui a permis d&rsquo;aller chercher la deuxi\u00e8me place provisoire. \u00c0 5 points d&rsquo;<strong>Emma Klinec<\/strong>, elle pouvait l\u00e9gitimement viser une nouvelle victoire.<\/p>\n<blockquote class=\"twitter-tweet\">\n<p dir=\"ltr\" lang=\"fr\">\ud83d\udea8\ud83c\uddeb\ud83c\uddf7Saut \u00e0 ski \/ Jos\u00e9phine Pagnier 2e de la premi\u00e8re partie de la finale derri\u00e8re Klinec. 5 points d&rsquo;\u00e9cart entre la sauteuse de Chaux-Neuve et la Slov\u00e8ne. La fin du concours d\u00e9bute dans moins de 10 minutes. <a href=\"https:\/\/t.co\/g4BVDFZ4iN\">pic.twitter.com\/g4BVDFZ4iN<\/a><\/p>\n<p>\u2014 Ski Chrono (@Ski_Chrono) <a href=\"https:\/\/twitter.com\/Ski_Chrono\/status\/1735678995302080843?ref_src=twsrc%5Etfw\">December 15, 2023<\/a><\/p><\/blockquote>\n<p style=\"text-align: justify;\"><script async src=\"https:\/\/platform.twitter.com\/widgets.js\" charset=\"utf-8\"><\/script><\/p>\n<p style=\"text-align: justify;\">La confiance \u00e9tait pr\u00e9sente au moment du saut d\u00e9cisif, abord\u00e9 donc en avant-derni\u00e8re position. \u00c0 ce moment-l\u00e0, la championne du monde <strong>Alexandria Louttit<\/strong>, seulement sixi\u00e8me du premier saut, avait renvers\u00e9 la table en signant le record du tremplin \u00e0 139 m\u00e8tres, et le concours avait \u00e9t\u00e9 interrompu plusieurs minutes suite \u00e0 la lourde chute d&rsquo;<strong>Anna Ondine Stroem<\/strong>. Pas de quoi perturber la Fran\u00e7aise, qui s&rsquo;est repos\u00e9e \u00e0 135.5 m\u00e8tres, et prendre la t\u00eate pour 2.5 points.<\/p>\n<p style=\"text-align: justify;\">Restait \u00e0 attendre le saut d&rsquo;<strong>Emma Klinec<\/strong>. La Slov\u00e8ne a franchi la ligne verte, mais la r\u00e9ception a \u00e9t\u00e9 tout sauf assur\u00e9e, puisqu&rsquo;elle a manqu\u00e9 de peu de mordre la neige. Le suspense \u00e9tait \u00e0 son comble, mais finalement, cette r\u00e9ception approximative coutera cher \u00e0 <strong>Klinec,<\/strong> qui glisse \u00e0 la troisi\u00e8me place et laisse la victoire \u00e0<strong> Jos\u00e9phine Pagnier.<\/strong> La Fran\u00e7aise continue son incroyable d\u00e9but de saison, et demeure leader de la Coupe du monde !<\/p>\n<blockquote class=\"twitter-tweet\">\n<p dir=\"ltr\" lang=\"fr\">NOUVELLE VICTOIRE POUR JOS\u00c9PHINE PAGNIER ! La Fran\u00e7aise \ud83c\uddeb\ud83c\uddf7 poursuit son magnifique d\u00e9but de saison en s&rsquo;imposant \u00e0 Engelberg ! \ud83d\ude4c<a href=\"https:\/\/twitter.com\/hashtag\/ChaletClun?src=hash&amp;ref_src=twsrc%5Etfw\">#ChaletClun<\/a> <a href=\"https:\/\/t.co\/h3N8uFA5pc\">pic.twitter.com\/h3N8uFA5pc<\/a><\/p>\n<p>\u2014 Eurosport France (@Eurosport_FR) <a href=\"https:\/\/twitter.com\/Eurosport_FR\/status\/1735693377335665115?ref_src=twsrc%5Etfw\">December 15, 2023<\/a><\/p><\/blockquote>\n<p><script async src=\"https:\/\/platform.twitter.com\/widgets.js\" charset=\"utf-8\"><\/script><\/p>\n","protected":false},"excerpt":{"rendered":"<p>COUPE DU MONDE F\u00c9MININE DE SAUT \u00c0 SKI &#8211; Apr\u00e8s son exploit \u00e0 Lillehammer, Jos\u00e9phine Pagnier a remis \u00e7a et s&rsquo;est impos\u00e9e avec de la r\u00e9ussite lors du premier concours \u00e0 Engelberg.\u00a0<\/p>\n","protected":false},"author":59,"featured_media":445605,"comment_status":"open","ping_status":"closed","sticky":false,"template":"","format":"standard","meta":{"_acf_changed":false,"_daextam_enable_autolinks":"1","footnotes":""},"categories":[9217],"tags":[16878,2554,24],"class_list":["post-445568","post","type-post","status-publish","format-standard","has-post-thumbnail","hentry","category-ski","tag-breve","tag-saut-a-ski","tag-sport"],"acf":[],"yoast_head":"<!-- This site is optimized with the Yoast SEO Premium plugin v26.7 (Yoast SEO v26.7) - https:\/\/yoast.com\/wordpress\/plugins\/seo\/ -->\n<title>Coupe du monde de saut \u00e0 ski : Jos\u00e9phine Pagnier s&#039;impose encore \u00e0 Engelberg !<\/title>\n<meta name=\"description\" content=\"COUPE DU MONDE F\u00c9MININE DE SAUT \u00c0 SKI - Apr\u00e8s son exploit \u00e0 Lillehammer, Jos\u00e9phine Pagnier a remis \u00e7a et s&#039;est impos\u00e9e avec de la r\u00e9ussite lors du premier concours \u00e0 Engelberg.\u00a0\" \/>\n<meta name=\"robots\" content=\"index, follow, max-snippet:-1, max-image-preview:large, max-video-preview:-1\" \/>\n<link rel=\"canonical\" href=\"https:\/\/dicodusport.fr\/blog\/coupe-du-monde-de-saut-a-ski-josephine-pagnier-simpose-encore-a-engelberg\/\" \/>\n<meta property=\"og:locale\" content=\"fr_FR\" \/>\n<meta property=\"og:type\" content=\"article\" \/>\n<meta property=\"og:title\" content=\"Coupe du monde de saut \u00e0 ski : Jos\u00e9phine Pagnier s&#039;impose encore \u00e0 Engelberg !\" \/>\n<meta property=\"og:description\" content=\"COUPE DU MONDE F\u00c9MININE DE SAUT \u00c0 SKI - Apr\u00e8s son exploit \u00e0 Lillehammer, Jos\u00e9phine Pagnier a remis \u00e7a et s&#039;est impos\u00e9e avec de la r\u00e9ussite lors du premier concours \u00e0 Engelberg.\u00a0\" \/>\n<meta property=\"og:url\" content=\"https:\/\/dicodusport.fr\/blog\/coupe-du-monde-de-saut-a-ski-josephine-pagnier-simpose-encore-a-engelberg\/\" \/>\n<meta property=\"og:site_name\" content=\"Dicodusport\" \/>\n<meta property=\"article:publisher\" content=\"https:\/\/www.facebook.com\/dicodusport\" \/>\n<meta property=\"article:author\" content=\"https:\/\/www.facebook.com\/sebastien.gente\/\" \/>\n<meta property=\"article:published_time\" content=\"2023-12-15T16:05:17+00:00\" \/>\n<meta property=\"article:modified_time\" content=\"2023-12-15T16:46:11+00:00\" \/>\n<meta property=\"og:image\" content=\"https:\/\/dicodusport.fr\/blog\/wp-content\/uploads\/2023\/12\/Coupe-du-monde-de-saut-a-ski-Josephine-Pagnier-simpose-encore-a-Engelberg-1-1.png\" \/>\n\t<meta property=\"og:image:width\" content=\"1200\" \/>\n\t<meta property=\"og:image:height\" content=\"674\" \/>\n\t<meta property=\"og:image:type\" content=\"image\/png\" \/>\n<meta name=\"author\" content=\"S\u00e9bastien Gente\" \/>\n<meta name=\"twitter:card\" content=\"summary_large_image\" \/>\n<meta name=\"twitter:title\" content=\"Coupe du monde de saut \u00e0 ski : Jos\u00e9phine Pagnier s&#039;impose encore \u00e0 Engelberg !\" \/>\n<meta name=\"twitter:creator\" content=\"@https:\/\/twitter.com\/globulo24\" \/>\n<meta name=\"twitter:site\" content=\"@dicodusport\" \/>\n<script type=\"application\/ld+json\" class=\"yoast-schema-graph\">{\"@context\":\"https:\/\/schema.org\",\"@graph\":[{\"@type\":\"NewsArticle\",\"@id\":\"https:\/\/dicodusport.fr\/blog\/coupe-du-monde-de-saut-a-ski-josephine-pagnier-simpose-encore-a-engelberg\/#article\",\"isPartOf\":{\"@id\":\"https:\/\/dicodusport.fr\/blog\/coupe-du-monde-de-saut-a-ski-josephine-pagnier-simpose-encore-a-engelberg\/\"},\"author\":{\"name\":\"S\u00e9bastien Gente\",\"@id\":\"https:\/\/dicodusport.fr\/blog\/#\/schema\/person\/627966a6cde45dbd8c5e36ac85d783da\"},\"headline\":\"Coupe du monde de saut \u00e0 ski : Jos\u00e9phine Pagnier s&rsquo;impose encore \u00e0 Engelberg !\",\"datePublished\":\"2023-12-15T16:05:17+00:00\",\"dateModified\":\"2023-12-15T16:46:11+00:00\",\"mainEntityOfPage\":{\"@id\":\"https:\/\/dicodusport.fr\/blog\/coupe-du-monde-de-saut-a-ski-josephine-pagnier-simpose-encore-a-engelberg\/\"},\"wordCount\":446,\"commentCount\":0,\"publisher\":{\"@id\":\"https:\/\/dicodusport.fr\/blog\/#organization\"},\"image\":{\"@id\":\"https:\/\/dicodusport.fr\/blog\/coupe-du-monde-de-saut-a-ski-josephine-pagnier-simpose-encore-a-engelberg\/#primaryimage\"},\"thumbnailUrl\":\"https:\/\/dicodusport.fr\/blog\/wp-content\/uploads\/2023\/12\/Coupe-du-monde-de-saut-a-ski-Josephine-Pagnier-simpose-encore-a-Engelberg-1-1.png\",\"keywords\":[\"br\u00e8ve\",\"saut \u00e0 ski\",\"sport\"],\"articleSection\":[\"Ski\"],\"inLanguage\":\"fr-FR\",\"potentialAction\":[{\"@type\":\"CommentAction\",\"name\":\"Comment\",\"target\":[\"https:\/\/dicodusport.fr\/blog\/coupe-du-monde-de-saut-a-ski-josephine-pagnier-simpose-encore-a-engelberg\/#respond\"]}],\"copyrightYear\":\"2023\",\"copyrightHolder\":{\"@id\":\"https:\/\/dicodusport.fr\/blog\/#organization\"}},{\"@type\":\"WebPage\",\"@id\":\"https:\/\/dicodusport.fr\/blog\/coupe-du-monde-de-saut-a-ski-josephine-pagnier-simpose-encore-a-engelberg\/\",\"url\":\"https:\/\/dicodusport.fr\/blog\/coupe-du-monde-de-saut-a-ski-josephine-pagnier-simpose-encore-a-engelberg\/\",\"name\":\"Coupe du monde de saut \u00e0 ski : Jos\u00e9phine Pagnier s'impose encore \u00e0 Engelberg !\",\"isPartOf\":{\"@id\":\"https:\/\/dicodusport.fr\/blog\/#website\"},\"primaryImageOfPage\":{\"@id\":\"https:\/\/dicodusport.fr\/blog\/coupe-du-monde-de-saut-a-ski-josephine-pagnier-simpose-encore-a-engelberg\/#primaryimage\"},\"image\":{\"@id\":\"https:\/\/dicodusport.fr\/blog\/coupe-du-monde-de-saut-a-ski-josephine-pagnier-simpose-encore-a-engelberg\/#primaryimage\"},\"thumbnailUrl\":\"https:\/\/dicodusport.fr\/blog\/wp-content\/uploads\/2023\/12\/Coupe-du-monde-de-saut-a-ski-Josephine-Pagnier-simpose-encore-a-Engelberg-1-1.png\",\"datePublished\":\"2023-12-15T16:05:17+00:00\",\"dateModified\":\"2023-12-15T16:46:11+00:00\",\"description\":\"COUPE DU MONDE F\u00c9MININE DE SAUT \u00c0 SKI - Apr\u00e8s son exploit \u00e0 Lillehammer, Jos\u00e9phine Pagnier a remis \u00e7a et s'est impos\u00e9e avec de la r\u00e9ussite lors du premier concours \u00e0 Engelberg.\u00a0\",\"breadcrumb\":{\"@id\":\"https:\/\/dicodusport.fr\/blog\/coupe-du-monde-de-saut-a-ski-josephine-pagnier-simpose-encore-a-engelberg\/#breadcrumb\"},\"inLanguage\":\"fr-FR\",\"potentialAction\":[{\"@type\":\"ReadAction\",\"target\":[\"https:\/\/dicodusport.fr\/blog\/coupe-du-monde-de-saut-a-ski-josephine-pagnier-simpose-encore-a-engelberg\/\"]}]},{\"@type\":\"ImageObject\",\"inLanguage\":\"fr-FR\",\"@id\":\"https:\/\/dicodusport.fr\/blog\/coupe-du-monde-de-saut-a-ski-josephine-pagnier-simpose-encore-a-engelberg\/#primaryimage\",\"url\":\"https:\/\/dicodusport.fr\/blog\/wp-content\/uploads\/2023\/12\/Coupe-du-monde-de-saut-a-ski-Josephine-Pagnier-simpose-encore-a-Engelberg-1-1.png\",\"contentUrl\":\"https:\/\/dicodusport.fr\/blog\/wp-content\/uploads\/2023\/12\/Coupe-du-monde-de-saut-a-ski-Josephine-Pagnier-simpose-encore-a-Engelberg-1-1.png\",\"width\":1200,\"height\":674,\"caption\":\"Coupe du monde de saut \u00e0 ski Jos\u00e9phine Pagnier s'impose encore \u00e0 Engelberg !\"},{\"@type\":\"BreadcrumbList\",\"@id\":\"https:\/\/dicodusport.fr\/blog\/coupe-du-monde-de-saut-a-ski-josephine-pagnier-simpose-encore-a-engelberg\/#breadcrumb\",\"itemListElement\":[{\"@type\":\"ListItem\",\"position\":1,\"name\":\"Accueil\",\"item\":\"https:\/\/dicodusport.fr\/blog\/\"},{\"@type\":\"ListItem\",\"position\":2,\"name\":\"Coupe du monde de saut \u00e0 ski : Jos\u00e9phine Pagnier s&rsquo;impose encore \u00e0 Engelberg !\"}]},{\"@type\":\"WebSite\",\"@id\":\"https:\/\/dicodusport.fr\/blog\/#website\",\"url\":\"https:\/\/dicodusport.fr\/blog\/\",\"name\":\"Dicodusport\",\"description\":\"L&#039;encyclop\u00e9die de l&#039;actualit\u00e9 sportive\",\"publisher\":{\"@id\":\"https:\/\/dicodusport.fr\/blog\/#organization\"},\"potentialAction\":[{\"@type\":\"SearchAction\",\"target\":{\"@type\":\"EntryPoint\",\"urlTemplate\":\"https:\/\/dicodusport.fr\/blog\/?s={search_term_string}\"},\"query-input\":{\"@type\":\"PropertyValueSpecification\",\"valueRequired\":true,\"valueName\":\"search_term_string\"}}],\"inLanguage\":\"fr-FR\"},{\"@type\":\"NewsMediaOrganization\",\"@id\":\"https:\/\/dicodusport.fr\/blog\/#organization\",\"name\":\"Dicodusport\",\"url\":\"https:\/\/dicodusport.fr\/blog\/\",\"logo\":{\"@type\":\"ImageObject\",\"inLanguage\":\"fr-FR\",\"@id\":\"https:\/\/dicodusport.fr\/blog\/#\/schema\/logo\/image\/\",\"url\":\"https:\/\/dicodusport.fr\/blog\/wp-content\/uploads\/2020\/06\/cropped-LOGO-DICODUSPORT-2020-SANS-FOND-SANS-TEXTE.png\",\"contentUrl\":\"https:\/\/dicodusport.fr\/blog\/wp-content\/uploads\/2020\/06\/cropped-LOGO-DICODUSPORT-2020-SANS-FOND-SANS-TEXTE.png\",\"width\":512,\"height\":512,\"caption\":\"Dicodusport\"},\"image\":{\"@id\":\"https:\/\/dicodusport.fr\/blog\/#\/schema\/logo\/image\/\"},\"sameAs\":[\"https:\/\/www.facebook.com\/dicodusport\",\"https:\/\/x.com\/dicodusport\",\"https:\/\/www.instagram.com\/dicodusport\/\",\"https:\/\/www.youtube.com\/channel\/UC7V2KZ5sd3htJivAbA4ZG3w\"],\"description\":\"Dicodusport est l'encyclop\u00e9die de l'actualit\u00e9 sportive.\",\"email\":\"bonjour@dicodusport.fr\",\"legalName\":\"DICODUSPORT\",\"foundingDate\":\"2018-01-14\",\"vatID\":\"FR71834470973\",\"taxID\":\"83447097300043\",\"numberOfEmployees\":{\"@type\":\"QuantitativeValue\",\"minValue\":\"1\",\"maxValue\":\"10\"}},{\"@type\":\"Person\",\"@id\":\"https:\/\/dicodusport.fr\/blog\/#\/schema\/person\/627966a6cde45dbd8c5e36ac85d783da\",\"name\":\"S\u00e9bastien Gente\",\"image\":{\"@type\":\"ImageObject\",\"inLanguage\":\"fr-FR\",\"@id\":\"https:\/\/dicodusport.fr\/blog\/#\/schema\/person\/image\/\",\"url\":\"https:\/\/dicodusport.fr\/blog\/wp-content\/uploads\/2021\/09\/1510990_10205810251400683_4124423575079401707_n-150x150.jpg\",\"contentUrl\":\"https:\/\/dicodusport.fr\/blog\/wp-content\/uploads\/2021\/09\/1510990_10205810251400683_4124423575079401707_n-150x150.jpg\",\"caption\":\"S\u00e9bastien Gente\"},\"description\":\"John Stockton, Gianni Bugno, Zinedine Zidane, Steffi Graf, Frode Andresen, St\u00e9phane Stoecklin, Davis Kamoga, Primoz Peterka, Werner Schlager et Aur\u00e9lien Rougerie. Point commun entre ces sportifs? Ils m'ont fait r\u00eaver et ont berc\u00e9 mon adolescence. Je suis un fondu de sports et j'essaie de retranscrire ma passion \u00e0 travers mes articles. Originaire du P\u00e9rigord, ma passion pour les Girondins, les Jaunards et les Jazzmen transpire dans mes \u00e9crits. \u00c0 Dicodusport depuis 2021, je d\u00e9niche les sports m\u00e9connus dans lesquels la France brille, et il y en a !\",\"sameAs\":[\"https:\/\/www.facebook.com\/sebastien.gente\/\",\"https:\/\/www.instagram.com\/sebgente\/\",\"https:\/\/www.linkedin.com\/in\/sbastien-gente-a29583169\/\",\"https:\/\/x.com\/https:\/\/twitter.com\/globulo24\",\"SebastienGente\"],\"worksFor\":\"S\u00e9bastien GENTE\",\"url\":\"https:\/\/dicodusport.fr\/blog\/author\/sebastiengente\/\"}]}<\/script>\n<!-- \/ Yoast SEO Premium plugin. -->","yoast_head_json":{"title":"Coupe du monde de saut \u00e0 ski : Jos\u00e9phine Pagnier s'impose encore \u00e0 Engelberg !","description":"COUPE DU MONDE F\u00c9MININE DE SAUT \u00c0 SKI - Apr\u00e8s son exploit \u00e0 Lillehammer, Jos\u00e9phine Pagnier a remis \u00e7a et s'est impos\u00e9e avec de la r\u00e9ussite lors du premier concours \u00e0 Engelberg.\u00a0","robots":{"index":"index","follow":"follow","max-snippet":"max-snippet:-1","max-image-preview":"max-image-preview:large","max-video-preview":"max-video-preview:-1"},"canonical":"https:\/\/dicodusport.fr\/blog\/coupe-du-monde-de-saut-a-ski-josephine-pagnier-simpose-encore-a-engelberg\/","og_locale":"fr_FR","og_type":"article","og_title":"Coupe du monde de saut \u00e0 ski : Jos\u00e9phine Pagnier s'impose encore \u00e0 Engelberg !","og_description":"COUPE DU MONDE F\u00c9MININE DE SAUT \u00c0 SKI - Apr\u00e8s son exploit \u00e0 Lillehammer, Jos\u00e9phine Pagnier a remis \u00e7a et s'est impos\u00e9e avec de la r\u00e9ussite lors du premier concours \u00e0 Engelberg.\u00a0","og_url":"https:\/\/dicodusport.fr\/blog\/coupe-du-monde-de-saut-a-ski-josephine-pagnier-simpose-encore-a-engelberg\/","og_site_name":"Dicodusport","article_publisher":"https:\/\/www.facebook.com\/dicodusport","article_author":"https:\/\/www.facebook.com\/sebastien.gente\/","article_published_time":"2023-12-15T16:05:17+00:00","article_modified_time":"2023-12-15T16:46:11+00:00","og_image":[{"width":1200,"height":674,"url":"https:\/\/dicodusport.fr\/blog\/wp-content\/uploads\/2023\/12\/Coupe-du-monde-de-saut-a-ski-Josephine-Pagnier-simpose-encore-a-Engelberg-1-1.png","type":"image\/png"}],"author":"S\u00e9bastien Gente","twitter_card":"summary_large_image","twitter_title":"Coupe du monde de saut \u00e0 ski : Jos\u00e9phine Pagnier s'impose encore \u00e0 Engelberg !","twitter_creator":"@https:\/\/twitter.com\/globulo24","twitter_site":"@dicodusport","schema":{"@context":"https:\/\/schema.org","@graph":[{"@type":"NewsArticle","@id":"https:\/\/dicodusport.fr\/blog\/coupe-du-monde-de-saut-a-ski-josephine-pagnier-simpose-encore-a-engelberg\/#article","isPartOf":{"@id":"https:\/\/dicodusport.fr\/blog\/coupe-du-monde-de-saut-a-ski-josephine-pagnier-simpose-encore-a-engelberg\/"},"author":{"name":"S\u00e9bastien Gente","@id":"https:\/\/dicodusport.fr\/blog\/#\/schema\/person\/627966a6cde45dbd8c5e36ac85d783da"},"headline":"Coupe du monde de saut \u00e0 ski : Jos\u00e9phine Pagnier s&rsquo;impose encore \u00e0 Engelberg !","datePublished":"2023-12-15T16:05:17+00:00","dateModified":"2023-12-15T16:46:11+00:00","mainEntityOfPage":{"@id":"https:\/\/dicodusport.fr\/blog\/coupe-du-monde-de-saut-a-ski-josephine-pagnier-simpose-encore-a-engelberg\/"},"wordCount":446,"commentCount":0,"publisher":{"@id":"https:\/\/dicodusport.fr\/blog\/#organization"},"image":{"@id":"https:\/\/dicodusport.fr\/blog\/coupe-du-monde-de-saut-a-ski-josephine-pagnier-simpose-encore-a-engelberg\/#primaryimage"},"thumbnailUrl":"https:\/\/dicodusport.fr\/blog\/wp-content\/uploads\/2023\/12\/Coupe-du-monde-de-saut-a-ski-Josephine-Pagnier-simpose-encore-a-Engelberg-1-1.png","keywords":["br\u00e8ve","saut \u00e0 ski","sport"],"articleSection":["Ski"],"inLanguage":"fr-FR","potentialAction":[{"@type":"CommentAction","name":"Comment","target":["https:\/\/dicodusport.fr\/blog\/coupe-du-monde-de-saut-a-ski-josephine-pagnier-simpose-encore-a-engelberg\/#respond"]}],"copyrightYear":"2023","copyrightHolder":{"@id":"https:\/\/dicodusport.fr\/blog\/#organization"}},{"@type":"WebPage","@id":"https:\/\/dicodusport.fr\/blog\/coupe-du-monde-de-saut-a-ski-josephine-pagnier-simpose-encore-a-engelberg\/","url":"https:\/\/dicodusport.fr\/blog\/coupe-du-monde-de-saut-a-ski-josephine-pagnier-simpose-encore-a-engelberg\/","name":"Coupe du monde de saut \u00e0 ski : Jos\u00e9phine Pagnier s'impose encore \u00e0 Engelberg !","isPartOf":{"@id":"https:\/\/dicodusport.fr\/blog\/#website"},"primaryImageOfPage":{"@id":"https:\/\/dicodusport.fr\/blog\/coupe-du-monde-de-saut-a-ski-josephine-pagnier-simpose-encore-a-engelberg\/#primaryimage"},"image":{"@id":"https:\/\/dicodusport.fr\/blog\/coupe-du-monde-de-saut-a-ski-josephine-pagnier-simpose-encore-a-engelberg\/#primaryimage"},"thumbnailUrl":"https:\/\/dicodusport.fr\/blog\/wp-content\/uploads\/2023\/12\/Coupe-du-monde-de-saut-a-ski-Josephine-Pagnier-simpose-encore-a-Engelberg-1-1.png","datePublished":"2023-12-15T16:05:17+00:00","dateModified":"2023-12-15T16:46:11+00:00","description":"COUPE DU MONDE F\u00c9MININE DE SAUT \u00c0 SKI - Apr\u00e8s son exploit \u00e0 Lillehammer, Jos\u00e9phine Pagnier a remis \u00e7a et s'est impos\u00e9e avec de la r\u00e9ussite lors du premier concours \u00e0 Engelberg.\u00a0","breadcrumb":{"@id":"https:\/\/dicodusport.fr\/blog\/coupe-du-monde-de-saut-a-ski-josephine-pagnier-simpose-encore-a-engelberg\/#breadcrumb"},"inLanguage":"fr-FR","potentialAction":[{"@type":"ReadAction","target":["https:\/\/dicodusport.fr\/blog\/coupe-du-monde-de-saut-a-ski-josephine-pagnier-simpose-encore-a-engelberg\/"]}]},{"@type":"ImageObject","inLanguage":"fr-FR","@id":"https:\/\/dicodusport.fr\/blog\/coupe-du-monde-de-saut-a-ski-josephine-pagnier-simpose-encore-a-engelberg\/#primaryimage","url":"https:\/\/dicodusport.fr\/blog\/wp-content\/uploads\/2023\/12\/Coupe-du-monde-de-saut-a-ski-Josephine-Pagnier-simpose-encore-a-Engelberg-1-1.png","contentUrl":"https:\/\/dicodusport.fr\/blog\/wp-content\/uploads\/2023\/12\/Coupe-du-monde-de-saut-a-ski-Josephine-Pagnier-simpose-encore-a-Engelberg-1-1.png","width":1200,"height":674,"caption":"Coupe du monde de saut \u00e0 ski Jos\u00e9phine Pagnier s'impose encore \u00e0 Engelberg !"},{"@type":"BreadcrumbList","@id":"https:\/\/dicodusport.fr\/blog\/coupe-du-monde-de-saut-a-ski-josephine-pagnier-simpose-encore-a-engelberg\/#breadcrumb","itemListElement":[{"@type":"ListItem","position":1,"name":"Accueil","item":"https:\/\/dicodusport.fr\/blog\/"},{"@type":"ListItem","position":2,"name":"Coupe du monde de saut \u00e0 ski : Jos\u00e9phine Pagnier s&rsquo;impose encore \u00e0 Engelberg !"}]},{"@type":"WebSite","@id":"https:\/\/dicodusport.fr\/blog\/#website","url":"https:\/\/dicodusport.fr\/blog\/","name":"Dicodusport","description":"L&#039;encyclop\u00e9die de l&#039;actualit\u00e9 sportive","publisher":{"@id":"https:\/\/dicodusport.fr\/blog\/#organization"},"potentialAction":[{"@type":"SearchAction","target":{"@type":"EntryPoint","urlTemplate":"https:\/\/dicodusport.fr\/blog\/?s={search_term_string}"},"query-input":{"@type":"PropertyValueSpecification","valueRequired":true,"valueName":"search_term_string"}}],"inLanguage":"fr-FR"},{"@type":"NewsMediaOrganization","@id":"https:\/\/dicodusport.fr\/blog\/#organization","name":"Dicodusport","url":"https:\/\/dicodusport.fr\/blog\/","logo":{"@type":"ImageObject","inLanguage":"fr-FR","@id":"https:\/\/dicodusport.fr\/blog\/#\/schema\/logo\/image\/","url":"https:\/\/dicodusport.fr\/blog\/wp-content\/uploads\/2020\/06\/cropped-LOGO-DICODUSPORT-2020-SANS-FOND-SANS-TEXTE.png","contentUrl":"https:\/\/dicodusport.fr\/blog\/wp-content\/uploads\/2020\/06\/cropped-LOGO-DICODUSPORT-2020-SANS-FOND-SANS-TEXTE.png","width":512,"height":512,"caption":"Dicodusport"},"image":{"@id":"https:\/\/dicodusport.fr\/blog\/#\/schema\/logo\/image\/"},"sameAs":["https:\/\/www.facebook.com\/dicodusport","https:\/\/x.com\/dicodusport","https:\/\/www.instagram.com\/dicodusport\/","https:\/\/www.youtube.com\/channel\/UC7V2KZ5sd3htJivAbA4ZG3w"],"description":"Dicodusport est l'encyclop\u00e9die de l'actualit\u00e9 sportive.","email":"bonjour@dicodusport.fr","legalName":"DICODUSPORT","foundingDate":"2018-01-14","vatID":"FR71834470973","taxID":"83447097300043","numberOfEmployees":{"@type":"QuantitativeValue","minValue":"1","maxValue":"10"}},{"@type":"Person","@id":"https:\/\/dicodusport.fr\/blog\/#\/schema\/person\/627966a6cde45dbd8c5e36ac85d783da","name":"S\u00e9bastien Gente","image":{"@type":"ImageObject","inLanguage":"fr-FR","@id":"https:\/\/dicodusport.fr\/blog\/#\/schema\/person\/image\/","url":"https:\/\/dicodusport.fr\/blog\/wp-content\/uploads\/2021\/09\/1510990_10205810251400683_4124423575079401707_n-150x150.jpg","contentUrl":"https:\/\/dicodusport.fr\/blog\/wp-content\/uploads\/2021\/09\/1510990_10205810251400683_4124423575079401707_n-150x150.jpg","caption":"S\u00e9bastien Gente"},"description":"John Stockton, Gianni Bugno, Zinedine Zidane, Steffi Graf, Frode Andresen, St\u00e9phane Stoecklin, Davis Kamoga, Primoz Peterka, Werner Schlager et Aur\u00e9lien Rougerie. Point commun entre ces sportifs? Ils m'ont fait r\u00eaver et ont berc\u00e9 mon adolescence. Je suis un fondu de sports et j'essaie de retranscrire ma passion \u00e0 travers mes articles. Originaire du P\u00e9rigord, ma passion pour les Girondins, les Jaunards et les Jazzmen transpire dans mes \u00e9crits. \u00c0 Dicodusport depuis 2021, je d\u00e9niche les sports m\u00e9connus dans lesquels la France brille, et il y en a !","sameAs":["https:\/\/www.facebook.com\/sebastien.gente\/","https:\/\/www.instagram.com\/sebgente\/","https:\/\/www.linkedin.com\/in\/sbastien-gente-a29583169\/","https:\/\/x.com\/https:\/\/twitter.com\/globulo24","SebastienGente"],"worksFor":"S\u00e9bastien GENTE","url":"https:\/\/dicodusport.fr\/blog\/author\/sebastiengente\/"}]}},"_links":{"self":[{"href":"https:\/\/dicodusport.fr\/blog\/wp-json\/wp\/v2\/posts\/445568","targetHints":{"allow":["GET"]}}],"collection":[{"href":"https:\/\/dicodusport.fr\/blog\/wp-json\/wp\/v2\/posts"}],"about":[{"href":"https:\/\/dicodusport.fr\/blog\/wp-json\/wp\/v2\/types\/post"}],"author":[{"embeddable":true,"href":"https:\/\/dicodusport.fr\/blog\/wp-json\/wp\/v2\/users\/59"}],"replies":[{"embeddable":true,"href":"https:\/\/dicodusport.fr\/blog\/wp-json\/wp\/v2\/comments?post=445568"}],"version-history":[{"count":2,"href":"https:\/\/dicodusport.fr\/blog\/wp-json\/wp\/v2\/posts\/445568\/revisions"}],"predecessor-version":[{"id":445588,"href":"https:\/\/dicodusport.fr\/blog\/wp-json\/wp\/v2\/posts\/445568\/revisions\/445588"}],"wp:featuredmedia":[{"embeddable":true,"href":"https:\/\/dicodusport.fr\/blog\/wp-json\/wp\/v2\/media\/445605"}],"wp:attachment":[{"href":"https:\/\/dicodusport.fr\/blog\/wp-json\/wp\/v2\/media?parent=445568"}],"wp:term":[{"taxonomy":"category","embeddable":true,"href":"https:\/\/dicodusport.fr\/blog\/wp-json\/wp\/v2\/categories?post=445568"},{"taxonomy":"post_tag","embeddable":true,"href":"https:\/\/dicodusport.fr\/blog\/wp-json\/wp\/v2\/tags?post=445568"}],"curies":[{"name":"wp","href":"https:\/\/api.w.org\/{rel}","templated":true}]}}