{"id":445595,"date":"2024-01-04T16:23:21","date_gmt":"2024-01-04T15:23:21","guid":{"rendered":"https:\/\/dicodusport.fr\/blog\/?p=445595&#038;preview=true&#038;preview_id=445595"},"modified":"2024-01-04T20:14:20","modified_gmt":"2024-01-04T19:14:20","slug":"lidl-trek-effectif-maillot-et-objectifs-pour-la-saison-2024","status":"publish","type":"post","link":"https:\/\/dicodusport.fr\/blog\/lidl-trek-effectif-maillot-et-objectifs-pour-la-saison-2024\/","title":{"rendered":"Lidl-Trek : Effectif, maillot et objectifs pour la saison 2024"},"content":{"rendered":"<p style=\"text-align: justify;\"><em><strong>CYCLISME SUR ROUTE 2024 &#8211;<\/strong> <b>On continue notre revue d&rsquo;effectif en vue de la saison 2024 avec l&rsquo;\u00e9quipe Lidl-Trek. En 2023, cette formation a r\u00e9ussi une belle saison gr\u00e2ce notamment \u00e0 ses deux leaders danois : Mads Pedersen et Mattias Skjelmose Jensen. Elle est passe\u00e9 d&rsquo;une \u00e9quipe de gros coups \u00e0 une \u00e9quipe r\u00e9guli\u00e8re aux avant-postes. Son nouvel objectif sera d&rsquo;enfin briller sur un classement g\u00e9n\u00e9ral d&rsquo;un Grand Tour avec sa recrue <\/b> <b>Tao Geoghegan Hart.<\/b><\/em><\/p>\n<ul>\n<li style=\"text-align: justify;\"><strong>\u00c0 ce sujet &#8211; <a href=\"https:\/\/dicodusport.fr\/blog\/cyclisme-calendrier-world-tour-2024\/\">Cyclisme \u2013 Calendrier World Tour 2024<\/a><\/strong><\/li>\n<\/ul>\n<h2 style=\"text-align: justify;\">L&rsquo;effectif de la Lidl-Trek en 2024<\/h2>\n<h3 style=\"text-align: justify;\"><span style=\"text-decoration: underline;\">Coureurs sous contrat en 2023<\/span><\/h3>\n<p style=\"text-align: justify;\"><strong>BERNARD Julien <\/strong>(France)<\/p>\n<p style=\"text-align: justify;\"><strong>CATALDO Dario<\/strong>\u00a0(Italie)<\/p>\n<p style=\"text-align: justify;\"><strong>CICCONE Giulio<\/strong> (Italie)<\/p>\n<p style=\"text-align: justify;\"><strong>HOOLE Daan<\/strong> (Pays-Bas)<\/p>\n<p style=\"text-align: justify;\"><strong>KIRSCH Alex <\/strong>(Luxembourg)<\/p>\n<p style=\"text-align: justify;\"><strong>L\u00d3PEZ Juan Pedro<\/strong> (Espagne)<\/p>\n<p style=\"text-align: justify;\"><strong>MOLLEMA Bauke<\/strong> (Pays-Bas)<\/p>\n<p style=\"text-align: justify;\"><strong>MOSCA Jacopo <\/strong>(Italie)<\/p>\n<p style=\"text-align: justify;\"><strong>NYS Thibau <\/strong>(Belgique)<\/p>\n<p style=\"text-align: justify;\"><strong>PEDERSEN Mads<\/strong> (Danemark)<\/p>\n<p style=\"text-align: justify;\"><strong>SIMMONS Quinn<\/strong> (Etats-Unis)<\/p>\n<p style=\"text-align: justify;\"><strong>SKJELMOSE Mattias<\/strong>\u00a0(Danemark)<\/p>\n<p style=\"text-align: justify;\"><strong>SKUJI\u0145\u0160 Toms<\/strong> (Lettonie)<\/p>\n<p style=\"text-align: justify;\"><strong>STUYVEN Jasper<\/strong> (Belgique)<\/p>\n<p style=\"text-align: justify;\"><strong>TESFATSION Natnael<\/strong> (Erythr\u00e9e)<\/p>\n<p style=\"text-align: justify;\"><strong>THEUNS Edward<\/strong> (Belgique)<\/p>\n<p style=\"text-align: justify;\"><strong>VACEK Mathias <\/strong>(Tch\u00e9quie)<\/p>\n<p style=\"text-align: justify;\"><strong>VERGAERDE Otto <\/strong>(Belgique)<\/p>\n<h3 style=\"text-align: justify;\"><span style=\"text-decoration: underline;\">Arriv\u00e9es<\/span><\/h3>\n<p style=\"text-align: justify;\"><strong>BAGIOLI Andrea, DECLERCQ Tim <\/strong>(Soudal Quick-Step)<\/p>\n<p style=\"text-align: justify;\"><strong>CONSONNI Simone <\/strong>(Cofidis)<\/p>\n<p style=\"text-align: justify;\"><strong>FELLINE Fabio<\/strong> (Astana Qazaqstan Team)<\/p>\n<p style=\"text-align: justify;\"><strong>GEOGHEGAN HART Tao <\/strong>(INEOS Grenadiers)<\/p>\n<p style=\"text-align: justify;\"><strong>GIBBONS Ryan<\/strong> (UAE Team Emirates)<\/p>\n<p style=\"text-align: justify;\"><strong>KONRAD Patrick<\/strong> (Bora Hansgrohe)<\/p>\n<p><strong>MILAN Jonathan <\/strong>(Bahrain Victorious)<\/p>\n<p><strong>OOMEN Sam <\/strong>(Jumbo Visma)<\/p>\n<p><strong>VERONA Carlos<\/strong> (Movistar)<\/p>\n<h3 style=\"text-align: justify;\"><span style=\"text-decoration: underline;\">D\u00e9parts<\/span><\/h3>\n<p style=\"text-align: justify;\"><strong>ABERASTURI Jon <\/strong>(Euskaltel &#8211; Euskadi)<\/p>\n<p style=\"text-align: justify;\"><strong>BARONCINI Filippo <\/strong>(UAE Team Emirates)<\/p>\n<p><strong>BRUSTENGA Marc <\/strong>(Equipo Kern Pharma)<\/p>\n<p><strong>ELISSONDE Kenny\u00a0<\/strong>(Cofidis)<\/p>\n<p style=\"text-align: justify;\"><strong>GALLOPIN Tony <\/strong>(Retraite)<\/p>\n<p><strong>GHEBREIGZABHIER Amanuel, HELLEMOSE Asbj\u00f8rn <\/strong>(?)<\/p>\n<p><strong>HOELGAARD Markus <\/strong>(Uno-X Mobility)<\/p>\n<p><strong>LIEPI\u0145\u0160 Em\u012bls <\/strong>(Team Dsm-Firmenich PostNL)<\/p>\n<p><strong>TIBERI Antonio<\/strong> (Bahrain &#8211; Victorious)<\/p>\n<p><strong>TOLHOEK Antwan<\/strong> (Sabgal &#8211; Anicolor)<\/p>\n<h2 style=\"text-align: justify;\">Les objectifs de la Lidl-Trek<\/h2>\n<p style=\"text-align: justify;\">Tr\u00e8s attendu en d\u00e9but de saison 2023, <a href=\"https:\/\/fr.wikipedia.org\/wiki\/Mattias_Skjelmose\"><strong>Mattias Skjelmose Jensen<\/strong><\/a> a confirm\u00e9 sa bonne saison 2022 et a m\u00eame pass\u00e9 un palier en montagne en 2023. Le Danois s&rsquo;est montr\u00e9 en d\u00e9but de saison en tant que puncheur en terminant 2e de l&rsquo;\u00c9toile de Bess\u00e8ges, 3e de <a href=\"https:\/\/dicodusport.fr\/blog\/classement-faun-ardeche-classic-2023\/\">l&rsquo;Ard\u00e8che Classic<\/a> et du Grand Prix Miguel Indurain, ainsi que 5e du Tour des Alpes-Maritimes et du Var. Apr\u00e8s une d\u00e9ception sur le Tour du Pays Basque, il a brill\u00e9 sur les classiques ardennaises en terminant 2e de La Fl\u00e8che Wallonne, 8e de l&rsquo;Amstel Gold Race et 9e de Li\u00e8ge-Bastogne-Li\u00e8ge. N\u00e9anmoins, le moment fort de sa saison a \u00e9t\u00e9 son succ\u00e8s sur le classement g\u00e9n\u00e9ral du montagneux Tour de Suisse. Enfin, apr\u00e8s avoir soutenu Ciccone sur le Tour de France pour acqu\u00e9rir le maillot \u00e0 pois, il a tr\u00e8s bien fini la saison, avec une victoire sur la Maryland Cycling Classic et deux tops 10 sur les courses qu\u00e9b\u00e9coises.<\/p>\n<p style=\"text-align: justify;\"><strong>Mads Pedersen<\/strong> avait cartonn\u00e9 en 2022, avec notamment quatre succ\u00e8s d&rsquo;\u00e9tapes sur les Grands Tours. Le champion du monde 2019 a presque fait aussi bien en 2023. En effet, il a compl\u00e9t\u00e9 sa s\u00e9lection de victoire d&rsquo;\u00e9tape en Grand Tour en allant cherchant une \u00e9tape sur le Giro ainsi qu&rsquo;une nouvelle \u00e9tape sur le Tour. De plus, il a perform\u00e9 lors des classiques de printemps, sans malheureusement lever les bras : 3e du <a href=\"https:\/\/dicodusport.fr\/blog\/classement-tour-des-flandres-2023\/\">Tour des Flandres<\/a>, 4e de Paris-Roubaix, 5e de Gent-Wevelgem et 6e de Milan-San Remo, tout de m\u00eame. En 2024, Pedersen tentera de trouver le chemin du succ\u00e8s sur les Flandriennes.<\/p>\n<div id=\"attachment_398385\" style=\"width: 810px\" class=\"wp-caption aligncenter\"><img loading=\"lazy\" decoding=\"async\" aria-describedby=\"caption-attachment-398385\" class=\"size-full wp-image-398385\" src=\"https:\/\/dicodusport.fr\/blog\/wp-content\/uploads\/2023\/07\/Tour-de-France-2023-Mads-Pedersen-sadjuge-la-8eme-etape-1.png\" alt=\"Tour de France 2023 Mads Pedersen s'adjuge la 8\u00e8me \u00e9tape (1)\" width=\"800\" height=\"445\" srcset=\"https:\/\/dicodusport.fr\/blog\/wp-content\/uploads\/2023\/07\/Tour-de-France-2023-Mads-Pedersen-sadjuge-la-8eme-etape-1.png 800w, https:\/\/dicodusport.fr\/blog\/wp-content\/uploads\/2023\/07\/Tour-de-France-2023-Mads-Pedersen-sadjuge-la-8eme-etape-1-300x167.png 300w, https:\/\/dicodusport.fr\/blog\/wp-content\/uploads\/2023\/07\/Tour-de-France-2023-Mads-Pedersen-sadjuge-la-8eme-etape-1-768x427.png 768w\" sizes=\"auto, (max-width: 800px) 100vw, 800px\" \/><p id=\"caption-attachment-398385\" class=\"wp-caption-text\">Tour de France 2023 &#8211; Mads Pedersen s&rsquo;adjuge la 8\u00e8me \u00e9tape &#8211; Photo Pauline Ballet \/ ASO<\/p><\/div>\n<h3>Milan, Bagioli et Geoghegan Hart : des recrues XXL pour la Lidl-Trek<\/h3>\n<p style=\"text-align: justify;\">La Lidl-Trek a confort\u00e9 son accent italien pendant l&rsquo;hiver avec les arriv\u00e9es du sprinteur <strong>Jonathan Milan<\/strong> et du puncheur <strong>Andrea Bagioli<\/strong>. Le premier cit\u00e9 doit encore progresser dans son placement pour conclure plus souvent et monter dans la hi\u00e9rarchie des sprinteurs. Le second a \u00e9clabouss\u00e9 de son talent la fin de saison sur le Tour du Pi\u00e9mont et sur le Tour de Lombardie. Le natif de Sondrio doit confirmer ces r\u00e9sultats, \u00e0 24 ans, pour devenir enfin plus r\u00e9gulier et ne plus \u00eatre un \u00ab\u00a0coureur de coup\u00a0\u00bb.<\/p>\n<p style=\"text-align: justify;\">Enfin, la Lidl-Trek cherchait un gros leader pour les Grands Tours, et elle l&rsquo;a peut-\u00eatre trouv\u00e9 avec <strong>Tao Geoghegan Hart<\/strong>. Le grimpeur britannique a d\u00e9j\u00e0 remport\u00e9 une course de trois semaines en 2020 sur les routes du Giro. N\u00e9anmoins, il n&rsquo;a pas pu confirmer cette ann\u00e9e \u00e0 cause d&rsquo;une lourde chute sur le Tour d&rsquo;Italie. En 2024, il se testera face aux meilleurs coureurs du monde sur le Tour de France, afin de s&rsquo;\u00e9manciper d\u00e9finitivement de l&rsquo;ombre INEOS.<\/p>\n<h2 style=\"text-align: justify;\">Le maillot de la Lidl-Trek<\/h2>\n<div id=\"attachment_449192\" style=\"width: 1376px\" class=\"wp-caption aligncenter\"><img loading=\"lazy\" decoding=\"async\" aria-describedby=\"caption-attachment-449192\" class=\"size-full wp-image-449192\" src=\"https:\/\/dicodusport.fr\/blog\/wp-content\/uploads\/2023\/12\/Maillot-de-la-Lidl-Trek-en-2024.jpg\" alt=\"Maillot de la Lidl-Trek en 2024\" width=\"1366\" height=\"2048\" srcset=\"https:\/\/dicodusport.fr\/blog\/wp-content\/uploads\/2023\/12\/Maillot-de-la-Lidl-Trek-en-2024.jpg 1366w, https:\/\/dicodusport.fr\/blog\/wp-content\/uploads\/2023\/12\/Maillot-de-la-Lidl-Trek-en-2024-200x300.jpg 200w, https:\/\/dicodusport.fr\/blog\/wp-content\/uploads\/2023\/12\/Maillot-de-la-Lidl-Trek-en-2024-683x1024.jpg 683w, https:\/\/dicodusport.fr\/blog\/wp-content\/uploads\/2023\/12\/Maillot-de-la-Lidl-Trek-en-2024-768x1151.jpg 768w, https:\/\/dicodusport.fr\/blog\/wp-content\/uploads\/2023\/12\/Maillot-de-la-Lidl-Trek-en-2024-1025x1536.jpg 1025w\" sizes=\"auto, (max-width: 1366px) 100vw, 1366px\" \/><p id=\"caption-attachment-449192\" class=\"wp-caption-text\">Maillot de la Lidl-Trek en 2024 avec Tao Geoghegan Hart &#8211; Via Lidl-Trek<\/p><\/div>\n","protected":false},"excerpt":{"rendered":"<p>CYCLISME SUR ROUTE 2024 &#8211; Effectif, arriv\u00e9es, d\u00e9parts, objectifs, maillot : ce qu&rsquo;il faut savoir sur la Lidl-Trek.<\/p>\n","protected":false},"author":48,"featured_media":449188,"comment_status":"open","ping_status":"closed","sticky":false,"template":"","format":"standard","meta":{"_acf_changed":false,"_daextam_enable_autolinks":"1","footnotes":""},"categories":[46994],"tags":[16878,32405],"class_list":["post-445595","post","type-post","status-publish","format-standard","has-post-thumbnail","hentry","category-cyclisme-sur-route","tag-breve","tag-lidl-trek"],"acf":[],"yoast_head":"<!-- This site is optimized with the Yoast SEO Premium plugin v26.7 (Yoast SEO v26.7) - https:\/\/yoast.com\/wordpress\/plugins\/seo\/ -->\n<title>Lidl-Trek : Effectif, maillot et objectifs pour la saison 2024<\/title>\n<meta name=\"description\" content=\"CYCLISME SUR ROUTE 2024 - Effectif, arriv\u00e9es, d\u00e9parts, objectifs, maillot : ce qu&#039;il faut savoir sur la Lidl-Trek.\" \/>\n<meta name=\"robots\" content=\"index, follow, max-snippet:-1, max-image-preview:large, max-video-preview:-1\" \/>\n<link rel=\"canonical\" href=\"https:\/\/dicodusport.fr\/blog\/lidl-trek-effectif-maillot-et-objectifs-pour-la-saison-2024\/\" \/>\n<meta property=\"og:locale\" content=\"fr_FR\" \/>\n<meta property=\"og:type\" content=\"article\" \/>\n<meta property=\"og:title\" content=\"Lidl-Trek : Effectif, maillot et objectifs pour la saison 2024\" \/>\n<meta property=\"og:description\" content=\"CYCLISME SUR ROUTE 2024 - Effectif, arriv\u00e9es, d\u00e9parts, objectifs, maillot : ce qu&#039;il faut savoir sur la Lidl-Trek.\" \/>\n<meta property=\"og:url\" content=\"https:\/\/dicodusport.fr\/blog\/lidl-trek-effectif-maillot-et-objectifs-pour-la-saison-2024\/\" \/>\n<meta property=\"og:site_name\" content=\"Dicodusport\" \/>\n<meta property=\"article:publisher\" content=\"https:\/\/www.facebook.com\/dicodusport\" \/>\n<meta property=\"article:author\" content=\"https:\/\/www.facebook.com\/groups\/LesRoisDuPeloton\" \/>\n<meta property=\"article:published_time\" content=\"2024-01-04T15:23:21+00:00\" \/>\n<meta property=\"article:modified_time\" content=\"2024-01-04T19:14:20+00:00\" \/>\n<meta property=\"og:image\" content=\"https:\/\/dicodusport.fr\/blog\/wp-content\/uploads\/2023\/12\/Lidl-Trek-Effectif-maillot-et-objectifs-pour-la-saison-2024.png\" \/>\n\t<meta property=\"og:image:width\" content=\"1200\" \/>\n\t<meta property=\"og:image:height\" content=\"674\" \/>\n\t<meta property=\"og:image:type\" content=\"image\/png\" \/>\n<meta name=\"author\" content=\"Emilien Descampiaux\" \/>\n<meta name=\"twitter:card\" content=\"summary_large_image\" \/>\n<meta name=\"twitter:title\" content=\"Lidl-Trek : Effectif, maillot et objectifs pour la saison 2024\" \/>\n<meta name=\"twitter:creator\" content=\"@https:\/\/twitter.com\/LRoisDuPeloton\" \/>\n<meta name=\"twitter:site\" content=\"@dicodusport\" \/>\n<script type=\"application\/ld+json\" class=\"yoast-schema-graph\">{\"@context\":\"https:\/\/schema.org\",\"@graph\":[{\"@type\":\"NewsArticle\",\"@id\":\"https:\/\/dicodusport.fr\/blog\/lidl-trek-effectif-maillot-et-objectifs-pour-la-saison-2024\/#article\",\"isPartOf\":{\"@id\":\"https:\/\/dicodusport.fr\/blog\/lidl-trek-effectif-maillot-et-objectifs-pour-la-saison-2024\/\"},\"author\":{\"name\":\"Emilien Descampiaux\",\"@id\":\"https:\/\/dicodusport.fr\/blog\/#\/schema\/person\/6db4bae06b171592211be385b32876a7\"},\"headline\":\"Lidl-Trek : Effectif, maillot et objectifs pour la saison 2024\",\"datePublished\":\"2024-01-04T15:23:21+00:00\",\"dateModified\":\"2024-01-04T19:14:20+00:00\",\"mainEntityOfPage\":{\"@id\":\"https:\/\/dicodusport.fr\/blog\/lidl-trek-effectif-maillot-et-objectifs-pour-la-saison-2024\/\"},\"wordCount\":773,\"commentCount\":0,\"publisher\":{\"@id\":\"https:\/\/dicodusport.fr\/blog\/#organization\"},\"image\":{\"@id\":\"https:\/\/dicodusport.fr\/blog\/lidl-trek-effectif-maillot-et-objectifs-pour-la-saison-2024\/#primaryimage\"},\"thumbnailUrl\":\"https:\/\/dicodusport.fr\/blog\/wp-content\/uploads\/2023\/12\/Lidl-Trek-Effectif-maillot-et-objectifs-pour-la-saison-2024.png\",\"keywords\":[\"br\u00e8ve\",\"Lidl-Trek\"],\"articleSection\":[\"Cyclisme sur route\"],\"inLanguage\":\"fr-FR\",\"potentialAction\":[{\"@type\":\"CommentAction\",\"name\":\"Comment\",\"target\":[\"https:\/\/dicodusport.fr\/blog\/lidl-trek-effectif-maillot-et-objectifs-pour-la-saison-2024\/#respond\"]}],\"copyrightYear\":\"2024\",\"copyrightHolder\":{\"@id\":\"https:\/\/dicodusport.fr\/blog\/#organization\"}},{\"@type\":\"WebPage\",\"@id\":\"https:\/\/dicodusport.fr\/blog\/lidl-trek-effectif-maillot-et-objectifs-pour-la-saison-2024\/\",\"url\":\"https:\/\/dicodusport.fr\/blog\/lidl-trek-effectif-maillot-et-objectifs-pour-la-saison-2024\/\",\"name\":\"Lidl-Trek : Effectif, maillot et objectifs pour la saison 2024\",\"isPartOf\":{\"@id\":\"https:\/\/dicodusport.fr\/blog\/#website\"},\"primaryImageOfPage\":{\"@id\":\"https:\/\/dicodusport.fr\/blog\/lidl-trek-effectif-maillot-et-objectifs-pour-la-saison-2024\/#primaryimage\"},\"image\":{\"@id\":\"https:\/\/dicodusport.fr\/blog\/lidl-trek-effectif-maillot-et-objectifs-pour-la-saison-2024\/#primaryimage\"},\"thumbnailUrl\":\"https:\/\/dicodusport.fr\/blog\/wp-content\/uploads\/2023\/12\/Lidl-Trek-Effectif-maillot-et-objectifs-pour-la-saison-2024.png\",\"datePublished\":\"2024-01-04T15:23:21+00:00\",\"dateModified\":\"2024-01-04T19:14:20+00:00\",\"description\":\"CYCLISME SUR ROUTE 2024 - Effectif, arriv\u00e9es, d\u00e9parts, objectifs, maillot : ce qu'il faut savoir sur la Lidl-Trek.\",\"breadcrumb\":{\"@id\":\"https:\/\/dicodusport.fr\/blog\/lidl-trek-effectif-maillot-et-objectifs-pour-la-saison-2024\/#breadcrumb\"},\"inLanguage\":\"fr-FR\",\"potentialAction\":[{\"@type\":\"ReadAction\",\"target\":[\"https:\/\/dicodusport.fr\/blog\/lidl-trek-effectif-maillot-et-objectifs-pour-la-saison-2024\/\"]}]},{\"@type\":\"ImageObject\",\"inLanguage\":\"fr-FR\",\"@id\":\"https:\/\/dicodusport.fr\/blog\/lidl-trek-effectif-maillot-et-objectifs-pour-la-saison-2024\/#primaryimage\",\"url\":\"https:\/\/dicodusport.fr\/blog\/wp-content\/uploads\/2023\/12\/Lidl-Trek-Effectif-maillot-et-objectifs-pour-la-saison-2024.png\",\"contentUrl\":\"https:\/\/dicodusport.fr\/blog\/wp-content\/uploads\/2023\/12\/Lidl-Trek-Effectif-maillot-et-objectifs-pour-la-saison-2024.png\",\"width\":1200,\"height\":674,\"caption\":\"Lidl-Trek Effectif, maillot et objectifs pour la saison 2024\"},{\"@type\":\"BreadcrumbList\",\"@id\":\"https:\/\/dicodusport.fr\/blog\/lidl-trek-effectif-maillot-et-objectifs-pour-la-saison-2024\/#breadcrumb\",\"itemListElement\":[{\"@type\":\"ListItem\",\"position\":1,\"name\":\"Accueil\",\"item\":\"https:\/\/dicodusport.fr\/blog\/\"},{\"@type\":\"ListItem\",\"position\":2,\"name\":\"Lidl-Trek : Effectif, maillot et objectifs pour la saison 2024\"}]},{\"@type\":\"WebSite\",\"@id\":\"https:\/\/dicodusport.fr\/blog\/#website\",\"url\":\"https:\/\/dicodusport.fr\/blog\/\",\"name\":\"Dicodusport\",\"description\":\"L&#039;encyclop\u00e9die de l&#039;actualit\u00e9 sportive\",\"publisher\":{\"@id\":\"https:\/\/dicodusport.fr\/blog\/#organization\"},\"potentialAction\":[{\"@type\":\"SearchAction\",\"target\":{\"@type\":\"EntryPoint\",\"urlTemplate\":\"https:\/\/dicodusport.fr\/blog\/?s={search_term_string}\"},\"query-input\":{\"@type\":\"PropertyValueSpecification\",\"valueRequired\":true,\"valueName\":\"search_term_string\"}}],\"inLanguage\":\"fr-FR\"},{\"@type\":\"NewsMediaOrganization\",\"@id\":\"https:\/\/dicodusport.fr\/blog\/#organization\",\"name\":\"Dicodusport\",\"url\":\"https:\/\/dicodusport.fr\/blog\/\",\"logo\":{\"@type\":\"ImageObject\",\"inLanguage\":\"fr-FR\",\"@id\":\"https:\/\/dicodusport.fr\/blog\/#\/schema\/logo\/image\/\",\"url\":\"https:\/\/dicodusport.fr\/blog\/wp-content\/uploads\/2020\/06\/cropped-LOGO-DICODUSPORT-2020-SANS-FOND-SANS-TEXTE.png\",\"contentUrl\":\"https:\/\/dicodusport.fr\/blog\/wp-content\/uploads\/2020\/06\/cropped-LOGO-DICODUSPORT-2020-SANS-FOND-SANS-TEXTE.png\",\"width\":512,\"height\":512,\"caption\":\"Dicodusport\"},\"image\":{\"@id\":\"https:\/\/dicodusport.fr\/blog\/#\/schema\/logo\/image\/\"},\"sameAs\":[\"https:\/\/www.facebook.com\/dicodusport\",\"https:\/\/x.com\/dicodusport\",\"https:\/\/www.instagram.com\/dicodusport\/\",\"https:\/\/www.youtube.com\/channel\/UC7V2KZ5sd3htJivAbA4ZG3w\"],\"description\":\"Dicodusport est l'encyclop\u00e9die de l'actualit\u00e9 sportive.\",\"email\":\"bonjour@dicodusport.fr\",\"legalName\":\"DICODUSPORT\",\"foundingDate\":\"2018-01-14\",\"vatID\":\"FR71834470973\",\"taxID\":\"83447097300043\",\"numberOfEmployees\":{\"@type\":\"QuantitativeValue\",\"minValue\":\"1\",\"maxValue\":\"10\"}},{\"@type\":\"Person\",\"@id\":\"https:\/\/dicodusport.fr\/blog\/#\/schema\/person\/6db4bae06b171592211be385b32876a7\",\"name\":\"Emilien Descampiaux\",\"image\":{\"@type\":\"ImageObject\",\"inLanguage\":\"fr-FR\",\"@id\":\"https:\/\/dicodusport.fr\/blog\/#\/schema\/person\/image\/\",\"url\":\"https:\/\/dicodusport.fr\/blog\/wp-content\/uploads\/2021\/05\/Emilien-Descampiaux-150x150.jpg\",\"contentUrl\":\"https:\/\/dicodusport.fr\/blog\/wp-content\/uploads\/2021\/05\/Emilien-Descampiaux-150x150.jpg\",\"caption\":\"Emilien Descampiaux\"},\"description\":\"Journaliste\/r\u00e9dacteur depuis 2014 - Fan de la classe de Frank Vandenbroucke, je vis cyclisme (et de ses paysages) depuis plus de 20 ans. Je suis tr\u00e8s impliqu\u00e9 sur mes diff\u00e9rents r\u00e9seaux sociaux pour partager ma passion sur le monde et l'Histoire de la bicyclette avec ma voix sur les images en noir et blanc du succ\u00e8s de Rik Van Steenbergen lors du Ronde sur le V\u00e9lodrome de Gand.\",\"sameAs\":[\"https:\/\/www.facebook.com\/groups\/LesRoisDuPeloton\",\"https:\/\/x.com\/https:\/\/twitter.com\/LRoisDuPeloton\"],\"url\":\"https:\/\/dicodusport.fr\/blog\/author\/emiliend\/\"}]}<\/script>\n<!-- \/ Yoast SEO Premium plugin. -->","yoast_head_json":{"title":"Lidl-Trek : Effectif, maillot et objectifs pour la saison 2024","description":"CYCLISME SUR ROUTE 2024 - Effectif, arriv\u00e9es, d\u00e9parts, objectifs, maillot : ce qu'il faut savoir sur la Lidl-Trek.","robots":{"index":"index","follow":"follow","max-snippet":"max-snippet:-1","max-image-preview":"max-image-preview:large","max-video-preview":"max-video-preview:-1"},"canonical":"https:\/\/dicodusport.fr\/blog\/lidl-trek-effectif-maillot-et-objectifs-pour-la-saison-2024\/","og_locale":"fr_FR","og_type":"article","og_title":"Lidl-Trek : Effectif, maillot et objectifs pour la saison 2024","og_description":"CYCLISME SUR ROUTE 2024 - Effectif, arriv\u00e9es, d\u00e9parts, objectifs, maillot : ce qu'il faut savoir sur la Lidl-Trek.","og_url":"https:\/\/dicodusport.fr\/blog\/lidl-trek-effectif-maillot-et-objectifs-pour-la-saison-2024\/","og_site_name":"Dicodusport","article_publisher":"https:\/\/www.facebook.com\/dicodusport","article_author":"https:\/\/www.facebook.com\/groups\/LesRoisDuPeloton","article_published_time":"2024-01-04T15:23:21+00:00","article_modified_time":"2024-01-04T19:14:20+00:00","og_image":[{"width":1200,"height":674,"url":"https:\/\/dicodusport.fr\/blog\/wp-content\/uploads\/2023\/12\/Lidl-Trek-Effectif-maillot-et-objectifs-pour-la-saison-2024.png","type":"image\/png"}],"author":"Emilien Descampiaux","twitter_card":"summary_large_image","twitter_title":"Lidl-Trek : Effectif, maillot et objectifs pour la saison 2024","twitter_creator":"@https:\/\/twitter.com\/LRoisDuPeloton","twitter_site":"@dicodusport","schema":{"@context":"https:\/\/schema.org","@graph":[{"@type":"NewsArticle","@id":"https:\/\/dicodusport.fr\/blog\/lidl-trek-effectif-maillot-et-objectifs-pour-la-saison-2024\/#article","isPartOf":{"@id":"https:\/\/dicodusport.fr\/blog\/lidl-trek-effectif-maillot-et-objectifs-pour-la-saison-2024\/"},"author":{"name":"Emilien Descampiaux","@id":"https:\/\/dicodusport.fr\/blog\/#\/schema\/person\/6db4bae06b171592211be385b32876a7"},"headline":"Lidl-Trek : Effectif, maillot et objectifs pour la saison 2024","datePublished":"2024-01-04T15:23:21+00:00","dateModified":"2024-01-04T19:14:20+00:00","mainEntityOfPage":{"@id":"https:\/\/dicodusport.fr\/blog\/lidl-trek-effectif-maillot-et-objectifs-pour-la-saison-2024\/"},"wordCount":773,"commentCount":0,"publisher":{"@id":"https:\/\/dicodusport.fr\/blog\/#organization"},"image":{"@id":"https:\/\/dicodusport.fr\/blog\/lidl-trek-effectif-maillot-et-objectifs-pour-la-saison-2024\/#primaryimage"},"thumbnailUrl":"https:\/\/dicodusport.fr\/blog\/wp-content\/uploads\/2023\/12\/Lidl-Trek-Effectif-maillot-et-objectifs-pour-la-saison-2024.png","keywords":["br\u00e8ve","Lidl-Trek"],"articleSection":["Cyclisme sur route"],"inLanguage":"fr-FR","potentialAction":[{"@type":"CommentAction","name":"Comment","target":["https:\/\/dicodusport.fr\/blog\/lidl-trek-effectif-maillot-et-objectifs-pour-la-saison-2024\/#respond"]}],"copyrightYear":"2024","copyrightHolder":{"@id":"https:\/\/dicodusport.fr\/blog\/#organization"}},{"@type":"WebPage","@id":"https:\/\/dicodusport.fr\/blog\/lidl-trek-effectif-maillot-et-objectifs-pour-la-saison-2024\/","url":"https:\/\/dicodusport.fr\/blog\/lidl-trek-effectif-maillot-et-objectifs-pour-la-saison-2024\/","name":"Lidl-Trek : Effectif, maillot et objectifs pour la saison 2024","isPartOf":{"@id":"https:\/\/dicodusport.fr\/blog\/#website"},"primaryImageOfPage":{"@id":"https:\/\/dicodusport.fr\/blog\/lidl-trek-effectif-maillot-et-objectifs-pour-la-saison-2024\/#primaryimage"},"image":{"@id":"https:\/\/dicodusport.fr\/blog\/lidl-trek-effectif-maillot-et-objectifs-pour-la-saison-2024\/#primaryimage"},"thumbnailUrl":"https:\/\/dicodusport.fr\/blog\/wp-content\/uploads\/2023\/12\/Lidl-Trek-Effectif-maillot-et-objectifs-pour-la-saison-2024.png","datePublished":"2024-01-04T15:23:21+00:00","dateModified":"2024-01-04T19:14:20+00:00","description":"CYCLISME SUR ROUTE 2024 - Effectif, arriv\u00e9es, d\u00e9parts, objectifs, maillot : ce qu'il faut savoir sur la Lidl-Trek.","breadcrumb":{"@id":"https:\/\/dicodusport.fr\/blog\/lidl-trek-effectif-maillot-et-objectifs-pour-la-saison-2024\/#breadcrumb"},"inLanguage":"fr-FR","potentialAction":[{"@type":"ReadAction","target":["https:\/\/dicodusport.fr\/blog\/lidl-trek-effectif-maillot-et-objectifs-pour-la-saison-2024\/"]}]},{"@type":"ImageObject","inLanguage":"fr-FR","@id":"https:\/\/dicodusport.fr\/blog\/lidl-trek-effectif-maillot-et-objectifs-pour-la-saison-2024\/#primaryimage","url":"https:\/\/dicodusport.fr\/blog\/wp-content\/uploads\/2023\/12\/Lidl-Trek-Effectif-maillot-et-objectifs-pour-la-saison-2024.png","contentUrl":"https:\/\/dicodusport.fr\/blog\/wp-content\/uploads\/2023\/12\/Lidl-Trek-Effectif-maillot-et-objectifs-pour-la-saison-2024.png","width":1200,"height":674,"caption":"Lidl-Trek Effectif, maillot et objectifs pour la saison 2024"},{"@type":"BreadcrumbList","@id":"https:\/\/dicodusport.fr\/blog\/lidl-trek-effectif-maillot-et-objectifs-pour-la-saison-2024\/#breadcrumb","itemListElement":[{"@type":"ListItem","position":1,"name":"Accueil","item":"https:\/\/dicodusport.fr\/blog\/"},{"@type":"ListItem","position":2,"name":"Lidl-Trek : Effectif, maillot et objectifs pour la saison 2024"}]},{"@type":"WebSite","@id":"https:\/\/dicodusport.fr\/blog\/#website","url":"https:\/\/dicodusport.fr\/blog\/","name":"Dicodusport","description":"L&#039;encyclop\u00e9die de l&#039;actualit\u00e9 sportive","publisher":{"@id":"https:\/\/dicodusport.fr\/blog\/#organization"},"potentialAction":[{"@type":"SearchAction","target":{"@type":"EntryPoint","urlTemplate":"https:\/\/dicodusport.fr\/blog\/?s={search_term_string}"},"query-input":{"@type":"PropertyValueSpecification","valueRequired":true,"valueName":"search_term_string"}}],"inLanguage":"fr-FR"},{"@type":"NewsMediaOrganization","@id":"https:\/\/dicodusport.fr\/blog\/#organization","name":"Dicodusport","url":"https:\/\/dicodusport.fr\/blog\/","logo":{"@type":"ImageObject","inLanguage":"fr-FR","@id":"https:\/\/dicodusport.fr\/blog\/#\/schema\/logo\/image\/","url":"https:\/\/dicodusport.fr\/blog\/wp-content\/uploads\/2020\/06\/cropped-LOGO-DICODUSPORT-2020-SANS-FOND-SANS-TEXTE.png","contentUrl":"https:\/\/dicodusport.fr\/blog\/wp-content\/uploads\/2020\/06\/cropped-LOGO-DICODUSPORT-2020-SANS-FOND-SANS-TEXTE.png","width":512,"height":512,"caption":"Dicodusport"},"image":{"@id":"https:\/\/dicodusport.fr\/blog\/#\/schema\/logo\/image\/"},"sameAs":["https:\/\/www.facebook.com\/dicodusport","https:\/\/x.com\/dicodusport","https:\/\/www.instagram.com\/dicodusport\/","https:\/\/www.youtube.com\/channel\/UC7V2KZ5sd3htJivAbA4ZG3w"],"description":"Dicodusport est l'encyclop\u00e9die de l'actualit\u00e9 sportive.","email":"bonjour@dicodusport.fr","legalName":"DICODUSPORT","foundingDate":"2018-01-14","vatID":"FR71834470973","taxID":"83447097300043","numberOfEmployees":{"@type":"QuantitativeValue","minValue":"1","maxValue":"10"}},{"@type":"Person","@id":"https:\/\/dicodusport.fr\/blog\/#\/schema\/person\/6db4bae06b171592211be385b32876a7","name":"Emilien Descampiaux","image":{"@type":"ImageObject","inLanguage":"fr-FR","@id":"https:\/\/dicodusport.fr\/blog\/#\/schema\/person\/image\/","url":"https:\/\/dicodusport.fr\/blog\/wp-content\/uploads\/2021\/05\/Emilien-Descampiaux-150x150.jpg","contentUrl":"https:\/\/dicodusport.fr\/blog\/wp-content\/uploads\/2021\/05\/Emilien-Descampiaux-150x150.jpg","caption":"Emilien Descampiaux"},"description":"Journaliste\/r\u00e9dacteur depuis 2014 - Fan de la classe de Frank Vandenbroucke, je vis cyclisme (et de ses paysages) depuis plus de 20 ans. Je suis tr\u00e8s impliqu\u00e9 sur mes diff\u00e9rents r\u00e9seaux sociaux pour partager ma passion sur le monde et l'Histoire de la bicyclette avec ma voix sur les images en noir et blanc du succ\u00e8s de Rik Van Steenbergen lors du Ronde sur le V\u00e9lodrome de Gand.","sameAs":["https:\/\/www.facebook.com\/groups\/LesRoisDuPeloton","https:\/\/x.com\/https:\/\/twitter.com\/LRoisDuPeloton"],"url":"https:\/\/dicodusport.fr\/blog\/author\/emiliend\/"}]}},"_links":{"self":[{"href":"https:\/\/dicodusport.fr\/blog\/wp-json\/wp\/v2\/posts\/445595","targetHints":{"allow":["GET"]}}],"collection":[{"href":"https:\/\/dicodusport.fr\/blog\/wp-json\/wp\/v2\/posts"}],"about":[{"href":"https:\/\/dicodusport.fr\/blog\/wp-json\/wp\/v2\/types\/post"}],"author":[{"embeddable":true,"href":"https:\/\/dicodusport.fr\/blog\/wp-json\/wp\/v2\/users\/48"}],"replies":[{"embeddable":true,"href":"https:\/\/dicodusport.fr\/blog\/wp-json\/wp\/v2\/comments?post=445595"}],"version-history":[{"count":5,"href":"https:\/\/dicodusport.fr\/blog\/wp-json\/wp\/v2\/posts\/445595\/revisions"}],"predecessor-version":[{"id":449274,"href":"https:\/\/dicodusport.fr\/blog\/wp-json\/wp\/v2\/posts\/445595\/revisions\/449274"}],"wp:featuredmedia":[{"embeddable":true,"href":"https:\/\/dicodusport.fr\/blog\/wp-json\/wp\/v2\/media\/449188"}],"wp:attachment":[{"href":"https:\/\/dicodusport.fr\/blog\/wp-json\/wp\/v2\/media?parent=445595"}],"wp:term":[{"taxonomy":"category","embeddable":true,"href":"https:\/\/dicodusport.fr\/blog\/wp-json\/wp\/v2\/categories?post=445595"},{"taxonomy":"post_tag","embeddable":true,"href":"https:\/\/dicodusport.fr\/blog\/wp-json\/wp\/v2\/tags?post=445595"}],"curies":[{"name":"wp","href":"https:\/\/api.w.org\/{rel}","templated":true}]}}