{"id":446059,"date":"2023-12-17T11:35:45","date_gmt":"2023-12-17T10:35:45","guid":{"rendered":"https:\/\/dicodusport.fr\/blog\/?p=446059&#038;preview=true&#038;preview_id=446059"},"modified":"2023-12-17T13:32:59","modified_gmt":"2023-12-17T12:32:59","slug":"lenzerheide-sturla-laegreid-prive-de-mass-start-pour-avoir-tire-une-balle-a-lhotel","status":"publish","type":"post","link":"https:\/\/dicodusport.fr\/blog\/lenzerheide-sturla-laegreid-prive-de-mass-start-pour-avoir-tire-une-balle-a-lhotel\/","title":{"rendered":"Lenzerheide : Sturla Laegreid priv\u00e9 de mass start pour avoir tir\u00e9 une balle \u00e0 l&rsquo;h\u00f4tel"},"content":{"rendered":"<p style=\"text-align: justify;\"><b><i>BIATHLON COUPE DU MONDE DE LENZERHEIDE 2023 &#8211; Sturla Holm Laegreid ne sera pas au d\u00e9part de la mass start de Lenzerheide pour avoir tir\u00e9 une balle par erreur \u00e0 son h\u00f4tel.\u00a0<\/i><\/b><\/p>\n<ul>\n<li style=\"text-align: justify;\"><strong>\u00c0 ce sujet \u2013\u00a0<a href=\"https:\/\/dicodusport.fr\/blog\/biathlon-lenzerheide-2023-programme-complet-et-resultats\/\" target=\"_blank\" rel=\"noopener\">Biathlon Lenzerheide 2023 \u2013 Programme complet et r\u00e9sultats<\/a><\/strong><\/li>\n<\/ul>\n<p style=\"text-align: justify;\">Coup de tonnerre en Suisse. L&rsquo;IBU a annonc\u00e9 que <strong>Sturla Holm Laegreid<\/strong> ne serait pas au d\u00e9part de la mass start ce dimanche pour avoir tir\u00e9 une balle avec sa carabine dans son h\u00f4tel. Alors que le <strong>Norv\u00e9gien<\/strong> pensait tirer \u00e0 blanc, une cartouche est rest\u00e9e coinc\u00e9e dans sa carabine.<\/p>\n<p style=\"text-align: justify;\">L&rsquo;IBU a donc annonc\u00e9 en fin de matin\u00e9e que <strong>Sturla<\/strong> <strong>Holm<\/strong> <strong>Laegreid<\/strong> n&rsquo;\u00e9tait pas autoris\u00e9 \u00e0 prendre le d\u00e9part de la course de dimanche suite \u00e0 cet incident. Le champion norv\u00e9gien a publi\u00e9 un communiqu\u00e9 pour expliquer :<\/p>\n<blockquote>\n<p style=\"text-align: justify;\">Je suis sinc\u00e8rement d\u00e9sol\u00e9 pour cet incident et je m\u2019excuse vivement aupr\u00e8s de toute la famille du biathlon, de mes co\u00e9quipiers et du propri\u00e9taire de l\u2019h\u00f4tel pour ce qu\u2019il s\u2019est pass\u00e9. C\u2019est un rappel brutal pour moi et pour tous les biathl\u00e8tes \u00e0 quel point les routines de s\u00e9curit\u00e9 sont vraiment importantes.<\/p>\n<\/blockquote>\n<p style=\"text-align: justify;\">L&rsquo;instance internationale du biathlon a ajout\u00e9 que personne n&rsquo;avait \u00e9t\u00e9 bless\u00e9 suite \u00e0 ce tir par erreur, mais qu&rsquo;elle prenait cette d\u00e9cision, car <strong>Sturla Holm Laegreid<\/strong> avait enfreint les r\u00e8gles de s\u00e9curit\u00e9.<\/p>\n<blockquote class=\"twitter-tweet\">\n<p dir=\"ltr\" lang=\"en\">The International Biathlon Union together with the competition jury for the Men Mass Start at the BMW IBU World Cup Biathlon in Lenzerheide has decided to prohibit Sturla Holm Laegreid from starting in the competition due to a breach of the IBU safety regulations.<a href=\"https:\/\/twitter.com\/hashtag\/biathlon?src=hash&amp;ref_src=twsrc%5Etfw\">#biathlon<\/a><\/p>\n<p>\u2014 International Biathlon Union Newsroom (@ibu_newsroom) <a href=\"https:\/\/twitter.com\/ibu_newsroom\/status\/1736325064453165544?ref_src=twsrc%5Etfw\">December 17, 2023<\/a><\/p><\/blockquote>\n<p style=\"text-align: justify;\"><script async src=\"https:\/\/platform.twitter.com\/widgets.js\" charset=\"utf-8\"><\/script><\/p>\n","protected":false},"excerpt":{"rendered":"<p>Sturla Holm Laegreid ne sera pas au d\u00e9part de la mass start de Lenzerheide pour avoir tir\u00e9 une balle par erreur \u00e0 son h\u00f4tel.\u00a0<\/p>\n","protected":false},"author":1,"featured_media":446062,"comment_status":"open","ping_status":"closed","sticky":false,"template":"","format":"standard","meta":{"_acf_changed":false,"_daextam_enable_autolinks":"1","footnotes":""},"categories":[47040],"tags":[16878,6740,334],"class_list":["post-446059","post","type-post","status-publish","format-standard","has-post-thumbnail","hentry","category-coupe-du-monde-de-biathlon","tag-breve","tag-lenzerheide","tag-suisse"],"acf":[],"yoast_head":"<!-- This site is optimized with the Yoast SEO Premium plugin v26.7 (Yoast SEO v26.7) - https:\/\/yoast.com\/wordpress\/plugins\/seo\/ -->\n<title>Lenzerheide : Sturla Laegreid priv\u00e9 de mass start pour avoir tir\u00e9 une balle \u00e0 l&#039;h\u00f4tel<\/title>\n<meta name=\"description\" content=\"Sturla Holm Laegreid ne sera pas au d\u00e9part de la mass start de Lenzerheide pour avoir tir\u00e9 une balle par erreur \u00e0 son h\u00f4tel.\u00a0\" \/>\n<meta name=\"robots\" content=\"index, follow, max-snippet:-1, max-image-preview:large, max-video-preview:-1\" \/>\n<link rel=\"canonical\" href=\"https:\/\/dicodusport.fr\/blog\/lenzerheide-sturla-laegreid-prive-de-mass-start-pour-avoir-tire-une-balle-a-lhotel\/\" \/>\n<meta property=\"og:locale\" content=\"fr_FR\" \/>\n<meta property=\"og:type\" content=\"article\" \/>\n<meta property=\"og:title\" content=\"Lenzerheide : Sturla Laegreid priv\u00e9 de mass start pour avoir tir\u00e9 une balle \u00e0 l&#039;h\u00f4tel\" \/>\n<meta property=\"og:description\" content=\"Sturla Holm Laegreid ne sera pas au d\u00e9part de la mass start de Lenzerheide pour avoir tir\u00e9 une balle par erreur \u00e0 son h\u00f4tel.\u00a0\" \/>\n<meta property=\"og:url\" content=\"https:\/\/dicodusport.fr\/blog\/lenzerheide-sturla-laegreid-prive-de-mass-start-pour-avoir-tire-une-balle-a-lhotel\/\" \/>\n<meta property=\"og:site_name\" content=\"Dicodusport\" \/>\n<meta property=\"article:publisher\" content=\"https:\/\/www.facebook.com\/dicodusport\" \/>\n<meta property=\"article:author\" content=\"https:\/\/www.facebook.com\/dicodusport\" \/>\n<meta property=\"article:published_time\" content=\"2023-12-17T10:35:45+00:00\" \/>\n<meta property=\"article:modified_time\" content=\"2023-12-17T12:32:59+00:00\" \/>\n<meta property=\"og:image\" content=\"https:\/\/dicodusport.fr\/blog\/wp-content\/uploads\/2023\/12\/Lenzerheide-Sturla-Laegreid-prive-de-mass-start-pour-avoir-tire-une-balle-a-lhotel.png\" \/>\n\t<meta property=\"og:image:width\" content=\"1200\" \/>\n\t<meta property=\"og:image:height\" content=\"674\" \/>\n\t<meta property=\"og:image:type\" content=\"image\/png\" \/>\n<meta name=\"author\" content=\"Nicolas Jacquemard\" \/>\n<meta name=\"twitter:card\" content=\"summary_large_image\" \/>\n<meta name=\"twitter:title\" content=\"Lenzerheide : Sturla Laegreid priv\u00e9 de mass start pour avoir tir\u00e9 une balle \u00e0 l&#039;h\u00f4tel\" \/>\n<meta name=\"twitter:creator\" content=\"@https:\/\/twitter.com\/Nico_Jacquemard\" \/>\n<meta name=\"twitter:site\" content=\"@dicodusport\" \/>\n<script type=\"application\/ld+json\" class=\"yoast-schema-graph\">{\"@context\":\"https:\/\/schema.org\",\"@graph\":[{\"@type\":\"NewsArticle\",\"@id\":\"https:\/\/dicodusport.fr\/blog\/lenzerheide-sturla-laegreid-prive-de-mass-start-pour-avoir-tire-une-balle-a-lhotel\/#article\",\"isPartOf\":{\"@id\":\"https:\/\/dicodusport.fr\/blog\/lenzerheide-sturla-laegreid-prive-de-mass-start-pour-avoir-tire-une-balle-a-lhotel\/\"},\"author\":{\"name\":\"Nicolas Jacquemard\",\"@id\":\"https:\/\/dicodusport.fr\/blog\/#\/schema\/person\/55dcb50ad410894e431ed812bbb70191\"},\"headline\":\"Lenzerheide : Sturla Laegreid priv\u00e9 de mass start pour avoir tir\u00e9 une balle \u00e0 l&rsquo;h\u00f4tel\",\"datePublished\":\"2023-12-17T10:35:45+00:00\",\"dateModified\":\"2023-12-17T12:32:59+00:00\",\"mainEntityOfPage\":{\"@id\":\"https:\/\/dicodusport.fr\/blog\/lenzerheide-sturla-laegreid-prive-de-mass-start-pour-avoir-tire-une-balle-a-lhotel\/\"},\"wordCount\":304,\"commentCount\":0,\"publisher\":{\"@id\":\"https:\/\/dicodusport.fr\/blog\/#organization\"},\"image\":{\"@id\":\"https:\/\/dicodusport.fr\/blog\/lenzerheide-sturla-laegreid-prive-de-mass-start-pour-avoir-tire-une-balle-a-lhotel\/#primaryimage\"},\"thumbnailUrl\":\"https:\/\/dicodusport.fr\/blog\/wp-content\/uploads\/2023\/12\/Lenzerheide-Sturla-Laegreid-prive-de-mass-start-pour-avoir-tire-une-balle-a-lhotel.png\",\"keywords\":[\"br\u00e8ve\",\"Lenzerheide\",\"Suisse\"],\"articleSection\":[\"Coupe du monde de biathlon\"],\"inLanguage\":\"fr-FR\",\"potentialAction\":[{\"@type\":\"CommentAction\",\"name\":\"Comment\",\"target\":[\"https:\/\/dicodusport.fr\/blog\/lenzerheide-sturla-laegreid-prive-de-mass-start-pour-avoir-tire-une-balle-a-lhotel\/#respond\"]}],\"copyrightYear\":\"2023\",\"copyrightHolder\":{\"@id\":\"https:\/\/dicodusport.fr\/blog\/#organization\"}},{\"@type\":\"WebPage\",\"@id\":\"https:\/\/dicodusport.fr\/blog\/lenzerheide-sturla-laegreid-prive-de-mass-start-pour-avoir-tire-une-balle-a-lhotel\/\",\"url\":\"https:\/\/dicodusport.fr\/blog\/lenzerheide-sturla-laegreid-prive-de-mass-start-pour-avoir-tire-une-balle-a-lhotel\/\",\"name\":\"Lenzerheide : Sturla Laegreid priv\u00e9 de mass start pour avoir tir\u00e9 une balle \u00e0 l'h\u00f4tel\",\"isPartOf\":{\"@id\":\"https:\/\/dicodusport.fr\/blog\/#website\"},\"primaryImageOfPage\":{\"@id\":\"https:\/\/dicodusport.fr\/blog\/lenzerheide-sturla-laegreid-prive-de-mass-start-pour-avoir-tire-une-balle-a-lhotel\/#primaryimage\"},\"image\":{\"@id\":\"https:\/\/dicodusport.fr\/blog\/lenzerheide-sturla-laegreid-prive-de-mass-start-pour-avoir-tire-une-balle-a-lhotel\/#primaryimage\"},\"thumbnailUrl\":\"https:\/\/dicodusport.fr\/blog\/wp-content\/uploads\/2023\/12\/Lenzerheide-Sturla-Laegreid-prive-de-mass-start-pour-avoir-tire-une-balle-a-lhotel.png\",\"datePublished\":\"2023-12-17T10:35:45+00:00\",\"dateModified\":\"2023-12-17T12:32:59+00:00\",\"description\":\"Sturla Holm Laegreid ne sera pas au d\u00e9part de la mass start de Lenzerheide pour avoir tir\u00e9 une balle par erreur \u00e0 son h\u00f4tel.\u00a0\",\"breadcrumb\":{\"@id\":\"https:\/\/dicodusport.fr\/blog\/lenzerheide-sturla-laegreid-prive-de-mass-start-pour-avoir-tire-une-balle-a-lhotel\/#breadcrumb\"},\"inLanguage\":\"fr-FR\",\"potentialAction\":[{\"@type\":\"ReadAction\",\"target\":[\"https:\/\/dicodusport.fr\/blog\/lenzerheide-sturla-laegreid-prive-de-mass-start-pour-avoir-tire-une-balle-a-lhotel\/\"]}]},{\"@type\":\"ImageObject\",\"inLanguage\":\"fr-FR\",\"@id\":\"https:\/\/dicodusport.fr\/blog\/lenzerheide-sturla-laegreid-prive-de-mass-start-pour-avoir-tire-une-balle-a-lhotel\/#primaryimage\",\"url\":\"https:\/\/dicodusport.fr\/blog\/wp-content\/uploads\/2023\/12\/Lenzerheide-Sturla-Laegreid-prive-de-mass-start-pour-avoir-tire-une-balle-a-lhotel.png\",\"contentUrl\":\"https:\/\/dicodusport.fr\/blog\/wp-content\/uploads\/2023\/12\/Lenzerheide-Sturla-Laegreid-prive-de-mass-start-pour-avoir-tire-une-balle-a-lhotel.png\",\"width\":1200,\"height\":674,\"caption\":\"Lenzerheide Sturla Laegreid prive\u0301 de mass start pour avoir tire\u0301 une balle a\u0300 l'ho\u0302tel\"},{\"@type\":\"BreadcrumbList\",\"@id\":\"https:\/\/dicodusport.fr\/blog\/lenzerheide-sturla-laegreid-prive-de-mass-start-pour-avoir-tire-une-balle-a-lhotel\/#breadcrumb\",\"itemListElement\":[{\"@type\":\"ListItem\",\"position\":1,\"name\":\"Accueil\",\"item\":\"https:\/\/dicodusport.fr\/blog\/\"},{\"@type\":\"ListItem\",\"position\":2,\"name\":\"Lenzerheide : Sturla Laegreid priv\u00e9 de mass start pour avoir tir\u00e9 une balle \u00e0 l&rsquo;h\u00f4tel\"}]},{\"@type\":\"WebSite\",\"@id\":\"https:\/\/dicodusport.fr\/blog\/#website\",\"url\":\"https:\/\/dicodusport.fr\/blog\/\",\"name\":\"Dicodusport\",\"description\":\"L&#039;encyclop\u00e9die de l&#039;actualit\u00e9 sportive\",\"publisher\":{\"@id\":\"https:\/\/dicodusport.fr\/blog\/#organization\"},\"potentialAction\":[{\"@type\":\"SearchAction\",\"target\":{\"@type\":\"EntryPoint\",\"urlTemplate\":\"https:\/\/dicodusport.fr\/blog\/?s={search_term_string}\"},\"query-input\":{\"@type\":\"PropertyValueSpecification\",\"valueRequired\":true,\"valueName\":\"search_term_string\"}}],\"inLanguage\":\"fr-FR\"},{\"@type\":\"NewsMediaOrganization\",\"@id\":\"https:\/\/dicodusport.fr\/blog\/#organization\",\"name\":\"Dicodusport\",\"url\":\"https:\/\/dicodusport.fr\/blog\/\",\"logo\":{\"@type\":\"ImageObject\",\"inLanguage\":\"fr-FR\",\"@id\":\"https:\/\/dicodusport.fr\/blog\/#\/schema\/logo\/image\/\",\"url\":\"https:\/\/dicodusport.fr\/blog\/wp-content\/uploads\/2020\/06\/cropped-LOGO-DICODUSPORT-2020-SANS-FOND-SANS-TEXTE.png\",\"contentUrl\":\"https:\/\/dicodusport.fr\/blog\/wp-content\/uploads\/2020\/06\/cropped-LOGO-DICODUSPORT-2020-SANS-FOND-SANS-TEXTE.png\",\"width\":512,\"height\":512,\"caption\":\"Dicodusport\"},\"image\":{\"@id\":\"https:\/\/dicodusport.fr\/blog\/#\/schema\/logo\/image\/\"},\"sameAs\":[\"https:\/\/www.facebook.com\/dicodusport\",\"https:\/\/x.com\/dicodusport\",\"https:\/\/www.instagram.com\/dicodusport\/\",\"https:\/\/www.youtube.com\/channel\/UC7V2KZ5sd3htJivAbA4ZG3w\"],\"description\":\"Dicodusport est l'encyclop\u00e9die de l'actualit\u00e9 sportive.\",\"email\":\"bonjour@dicodusport.fr\",\"legalName\":\"DICODUSPORT\",\"foundingDate\":\"2018-01-14\",\"vatID\":\"FR71834470973\",\"taxID\":\"83447097300043\",\"numberOfEmployees\":{\"@type\":\"QuantitativeValue\",\"minValue\":\"1\",\"maxValue\":\"10\"}},{\"@type\":\"Person\",\"@id\":\"https:\/\/dicodusport.fr\/blog\/#\/schema\/person\/55dcb50ad410894e431ed812bbb70191\",\"name\":\"Nicolas Jacquemard\",\"image\":{\"@type\":\"ImageObject\",\"inLanguage\":\"fr-FR\",\"@id\":\"https:\/\/dicodusport.fr\/blog\/#\/schema\/person\/image\/\",\"url\":\"https:\/\/dicodusport.fr\/blog\/wp-content\/uploads\/2021\/05\/Nicolas-Jacquemard-150x150.jpeg\",\"contentUrl\":\"https:\/\/dicodusport.fr\/blog\/wp-content\/uploads\/2021\/05\/Nicolas-Jacquemard-150x150.jpeg\",\"caption\":\"Nicolas Jacquemard\"},\"description\":\"Passionn\u00e9 de sport et entrepreneur depuis mes 18 ans, la cr\u00e9ation de Dicodusport m'a sembl\u00e9 \u00e9vidente pour participer \u00e0 la m\u00e9diatisation d'un plus grand nombre de sports. Le chemin est long mais avec une \u00e9quipe des plus motiv\u00e9es et les Jeux Olympiques de Paris 2024 en point de mire, nous y arriverons ! Journaliste dans le monde du sport depuis plus de 5 ans, je traite aussi bien de football, de rugby, de biathlon que de cyclisme.\",\"sameAs\":[\"https:\/\/www.facebook.com\/dicodusport\",\"https:\/\/x.com\/https:\/\/twitter.com\/Nico_Jacquemard\"],\"url\":\"https:\/\/dicodusport.fr\/blog\/author\/dicodusport\/\"}]}<\/script>\n<!-- \/ Yoast SEO Premium plugin. -->","yoast_head_json":{"title":"Lenzerheide : Sturla Laegreid priv\u00e9 de mass start pour avoir tir\u00e9 une balle \u00e0 l'h\u00f4tel","description":"Sturla Holm Laegreid ne sera pas au d\u00e9part de la mass start de Lenzerheide pour avoir tir\u00e9 une balle par erreur \u00e0 son h\u00f4tel.\u00a0","robots":{"index":"index","follow":"follow","max-snippet":"max-snippet:-1","max-image-preview":"max-image-preview:large","max-video-preview":"max-video-preview:-1"},"canonical":"https:\/\/dicodusport.fr\/blog\/lenzerheide-sturla-laegreid-prive-de-mass-start-pour-avoir-tire-une-balle-a-lhotel\/","og_locale":"fr_FR","og_type":"article","og_title":"Lenzerheide : Sturla Laegreid priv\u00e9 de mass start pour avoir tir\u00e9 une balle \u00e0 l'h\u00f4tel","og_description":"Sturla Holm Laegreid ne sera pas au d\u00e9part de la mass start de Lenzerheide pour avoir tir\u00e9 une balle par erreur \u00e0 son h\u00f4tel.\u00a0","og_url":"https:\/\/dicodusport.fr\/blog\/lenzerheide-sturla-laegreid-prive-de-mass-start-pour-avoir-tire-une-balle-a-lhotel\/","og_site_name":"Dicodusport","article_publisher":"https:\/\/www.facebook.com\/dicodusport","article_author":"https:\/\/www.facebook.com\/dicodusport","article_published_time":"2023-12-17T10:35:45+00:00","article_modified_time":"2023-12-17T12:32:59+00:00","og_image":[{"width":1200,"height":674,"url":"https:\/\/dicodusport.fr\/blog\/wp-content\/uploads\/2023\/12\/Lenzerheide-Sturla-Laegreid-prive-de-mass-start-pour-avoir-tire-une-balle-a-lhotel.png","type":"image\/png"}],"author":"Nicolas Jacquemard","twitter_card":"summary_large_image","twitter_title":"Lenzerheide : Sturla Laegreid priv\u00e9 de mass start pour avoir tir\u00e9 une balle \u00e0 l'h\u00f4tel","twitter_creator":"@https:\/\/twitter.com\/Nico_Jacquemard","twitter_site":"@dicodusport","schema":{"@context":"https:\/\/schema.org","@graph":[{"@type":"NewsArticle","@id":"https:\/\/dicodusport.fr\/blog\/lenzerheide-sturla-laegreid-prive-de-mass-start-pour-avoir-tire-une-balle-a-lhotel\/#article","isPartOf":{"@id":"https:\/\/dicodusport.fr\/blog\/lenzerheide-sturla-laegreid-prive-de-mass-start-pour-avoir-tire-une-balle-a-lhotel\/"},"author":{"name":"Nicolas Jacquemard","@id":"https:\/\/dicodusport.fr\/blog\/#\/schema\/person\/55dcb50ad410894e431ed812bbb70191"},"headline":"Lenzerheide : Sturla Laegreid priv\u00e9 de mass start pour avoir tir\u00e9 une balle \u00e0 l&rsquo;h\u00f4tel","datePublished":"2023-12-17T10:35:45+00:00","dateModified":"2023-12-17T12:32:59+00:00","mainEntityOfPage":{"@id":"https:\/\/dicodusport.fr\/blog\/lenzerheide-sturla-laegreid-prive-de-mass-start-pour-avoir-tire-une-balle-a-lhotel\/"},"wordCount":304,"commentCount":0,"publisher":{"@id":"https:\/\/dicodusport.fr\/blog\/#organization"},"image":{"@id":"https:\/\/dicodusport.fr\/blog\/lenzerheide-sturla-laegreid-prive-de-mass-start-pour-avoir-tire-une-balle-a-lhotel\/#primaryimage"},"thumbnailUrl":"https:\/\/dicodusport.fr\/blog\/wp-content\/uploads\/2023\/12\/Lenzerheide-Sturla-Laegreid-prive-de-mass-start-pour-avoir-tire-une-balle-a-lhotel.png","keywords":["br\u00e8ve","Lenzerheide","Suisse"],"articleSection":["Coupe du monde de biathlon"],"inLanguage":"fr-FR","potentialAction":[{"@type":"CommentAction","name":"Comment","target":["https:\/\/dicodusport.fr\/blog\/lenzerheide-sturla-laegreid-prive-de-mass-start-pour-avoir-tire-une-balle-a-lhotel\/#respond"]}],"copyrightYear":"2023","copyrightHolder":{"@id":"https:\/\/dicodusport.fr\/blog\/#organization"}},{"@type":"WebPage","@id":"https:\/\/dicodusport.fr\/blog\/lenzerheide-sturla-laegreid-prive-de-mass-start-pour-avoir-tire-une-balle-a-lhotel\/","url":"https:\/\/dicodusport.fr\/blog\/lenzerheide-sturla-laegreid-prive-de-mass-start-pour-avoir-tire-une-balle-a-lhotel\/","name":"Lenzerheide : Sturla Laegreid priv\u00e9 de mass start pour avoir tir\u00e9 une balle \u00e0 l'h\u00f4tel","isPartOf":{"@id":"https:\/\/dicodusport.fr\/blog\/#website"},"primaryImageOfPage":{"@id":"https:\/\/dicodusport.fr\/blog\/lenzerheide-sturla-laegreid-prive-de-mass-start-pour-avoir-tire-une-balle-a-lhotel\/#primaryimage"},"image":{"@id":"https:\/\/dicodusport.fr\/blog\/lenzerheide-sturla-laegreid-prive-de-mass-start-pour-avoir-tire-une-balle-a-lhotel\/#primaryimage"},"thumbnailUrl":"https:\/\/dicodusport.fr\/blog\/wp-content\/uploads\/2023\/12\/Lenzerheide-Sturla-Laegreid-prive-de-mass-start-pour-avoir-tire-une-balle-a-lhotel.png","datePublished":"2023-12-17T10:35:45+00:00","dateModified":"2023-12-17T12:32:59+00:00","description":"Sturla Holm Laegreid ne sera pas au d\u00e9part de la mass start de Lenzerheide pour avoir tir\u00e9 une balle par erreur \u00e0 son h\u00f4tel.\u00a0","breadcrumb":{"@id":"https:\/\/dicodusport.fr\/blog\/lenzerheide-sturla-laegreid-prive-de-mass-start-pour-avoir-tire-une-balle-a-lhotel\/#breadcrumb"},"inLanguage":"fr-FR","potentialAction":[{"@type":"ReadAction","target":["https:\/\/dicodusport.fr\/blog\/lenzerheide-sturla-laegreid-prive-de-mass-start-pour-avoir-tire-une-balle-a-lhotel\/"]}]},{"@type":"ImageObject","inLanguage":"fr-FR","@id":"https:\/\/dicodusport.fr\/blog\/lenzerheide-sturla-laegreid-prive-de-mass-start-pour-avoir-tire-une-balle-a-lhotel\/#primaryimage","url":"https:\/\/dicodusport.fr\/blog\/wp-content\/uploads\/2023\/12\/Lenzerheide-Sturla-Laegreid-prive-de-mass-start-pour-avoir-tire-une-balle-a-lhotel.png","contentUrl":"https:\/\/dicodusport.fr\/blog\/wp-content\/uploads\/2023\/12\/Lenzerheide-Sturla-Laegreid-prive-de-mass-start-pour-avoir-tire-une-balle-a-lhotel.png","width":1200,"height":674,"caption":"Lenzerheide Sturla Laegreid prive\u0301 de mass start pour avoir tire\u0301 une balle a\u0300 l'ho\u0302tel"},{"@type":"BreadcrumbList","@id":"https:\/\/dicodusport.fr\/blog\/lenzerheide-sturla-laegreid-prive-de-mass-start-pour-avoir-tire-une-balle-a-lhotel\/#breadcrumb","itemListElement":[{"@type":"ListItem","position":1,"name":"Accueil","item":"https:\/\/dicodusport.fr\/blog\/"},{"@type":"ListItem","position":2,"name":"Lenzerheide : Sturla Laegreid priv\u00e9 de mass start pour avoir tir\u00e9 une balle \u00e0 l&rsquo;h\u00f4tel"}]},{"@type":"WebSite","@id":"https:\/\/dicodusport.fr\/blog\/#website","url":"https:\/\/dicodusport.fr\/blog\/","name":"Dicodusport","description":"L&#039;encyclop\u00e9die de l&#039;actualit\u00e9 sportive","publisher":{"@id":"https:\/\/dicodusport.fr\/blog\/#organization"},"potentialAction":[{"@type":"SearchAction","target":{"@type":"EntryPoint","urlTemplate":"https:\/\/dicodusport.fr\/blog\/?s={search_term_string}"},"query-input":{"@type":"PropertyValueSpecification","valueRequired":true,"valueName":"search_term_string"}}],"inLanguage":"fr-FR"},{"@type":"NewsMediaOrganization","@id":"https:\/\/dicodusport.fr\/blog\/#organization","name":"Dicodusport","url":"https:\/\/dicodusport.fr\/blog\/","logo":{"@type":"ImageObject","inLanguage":"fr-FR","@id":"https:\/\/dicodusport.fr\/blog\/#\/schema\/logo\/image\/","url":"https:\/\/dicodusport.fr\/blog\/wp-content\/uploads\/2020\/06\/cropped-LOGO-DICODUSPORT-2020-SANS-FOND-SANS-TEXTE.png","contentUrl":"https:\/\/dicodusport.fr\/blog\/wp-content\/uploads\/2020\/06\/cropped-LOGO-DICODUSPORT-2020-SANS-FOND-SANS-TEXTE.png","width":512,"height":512,"caption":"Dicodusport"},"image":{"@id":"https:\/\/dicodusport.fr\/blog\/#\/schema\/logo\/image\/"},"sameAs":["https:\/\/www.facebook.com\/dicodusport","https:\/\/x.com\/dicodusport","https:\/\/www.instagram.com\/dicodusport\/","https:\/\/www.youtube.com\/channel\/UC7V2KZ5sd3htJivAbA4ZG3w"],"description":"Dicodusport est l'encyclop\u00e9die de l'actualit\u00e9 sportive.","email":"bonjour@dicodusport.fr","legalName":"DICODUSPORT","foundingDate":"2018-01-14","vatID":"FR71834470973","taxID":"83447097300043","numberOfEmployees":{"@type":"QuantitativeValue","minValue":"1","maxValue":"10"}},{"@type":"Person","@id":"https:\/\/dicodusport.fr\/blog\/#\/schema\/person\/55dcb50ad410894e431ed812bbb70191","name":"Nicolas Jacquemard","image":{"@type":"ImageObject","inLanguage":"fr-FR","@id":"https:\/\/dicodusport.fr\/blog\/#\/schema\/person\/image\/","url":"https:\/\/dicodusport.fr\/blog\/wp-content\/uploads\/2021\/05\/Nicolas-Jacquemard-150x150.jpeg","contentUrl":"https:\/\/dicodusport.fr\/blog\/wp-content\/uploads\/2021\/05\/Nicolas-Jacquemard-150x150.jpeg","caption":"Nicolas Jacquemard"},"description":"Passionn\u00e9 de sport et entrepreneur depuis mes 18 ans, la cr\u00e9ation de Dicodusport m'a sembl\u00e9 \u00e9vidente pour participer \u00e0 la m\u00e9diatisation d'un plus grand nombre de sports. Le chemin est long mais avec une \u00e9quipe des plus motiv\u00e9es et les Jeux Olympiques de Paris 2024 en point de mire, nous y arriverons ! Journaliste dans le monde du sport depuis plus de 5 ans, je traite aussi bien de football, de rugby, de biathlon que de cyclisme.","sameAs":["https:\/\/www.facebook.com\/dicodusport","https:\/\/x.com\/https:\/\/twitter.com\/Nico_Jacquemard"],"url":"https:\/\/dicodusport.fr\/blog\/author\/dicodusport\/"}]}},"_links":{"self":[{"href":"https:\/\/dicodusport.fr\/blog\/wp-json\/wp\/v2\/posts\/446059","targetHints":{"allow":["GET"]}}],"collection":[{"href":"https:\/\/dicodusport.fr\/blog\/wp-json\/wp\/v2\/posts"}],"about":[{"href":"https:\/\/dicodusport.fr\/blog\/wp-json\/wp\/v2\/types\/post"}],"author":[{"embeddable":true,"href":"https:\/\/dicodusport.fr\/blog\/wp-json\/wp\/v2\/users\/1"}],"replies":[{"embeddable":true,"href":"https:\/\/dicodusport.fr\/blog\/wp-json\/wp\/v2\/comments?post=446059"}],"version-history":[{"count":3,"href":"https:\/\/dicodusport.fr\/blog\/wp-json\/wp\/v2\/posts\/446059\/revisions"}],"predecessor-version":[{"id":446103,"href":"https:\/\/dicodusport.fr\/blog\/wp-json\/wp\/v2\/posts\/446059\/revisions\/446103"}],"wp:featuredmedia":[{"embeddable":true,"href":"https:\/\/dicodusport.fr\/blog\/wp-json\/wp\/v2\/media\/446062"}],"wp:attachment":[{"href":"https:\/\/dicodusport.fr\/blog\/wp-json\/wp\/v2\/media?parent=446059"}],"wp:term":[{"taxonomy":"category","embeddable":true,"href":"https:\/\/dicodusport.fr\/blog\/wp-json\/wp\/v2\/categories?post=446059"},{"taxonomy":"post_tag","embeddable":true,"href":"https:\/\/dicodusport.fr\/blog\/wp-json\/wp\/v2\/tags?post=446059"}],"curies":[{"name":"wp","href":"https:\/\/api.w.org\/{rel}","templated":true}]}}