{"id":446369,"date":"2023-12-18T18:11:03","date_gmt":"2023-12-18T17:11:03","guid":{"rendered":"https:\/\/dicodusport.fr\/blog\/?p=446369&#038;preview=true&#038;preview_id=446369"},"modified":"2023-12-18T18:16:38","modified_gmt":"2023-12-18T17:16:38","slug":"ligue-europa-toulouse-benfica-le-challenge-fou-du-tfc","status":"publish","type":"post","link":"https:\/\/dicodusport.fr\/blog\/ligue-europa-toulouse-benfica-le-challenge-fou-du-tfc\/","title":{"rendered":"Ligue Europa : Toulouse &#8211; Benfica, le challenge fou du TFC"},"content":{"rendered":"<p style=\"text-align: justify;\"><strong><em>FOOTBALL &#8211; Ce lundi \u00e0 Nyon, Toulouse a d\u00e9couvert son adversaire pour les barrages de la Ligue Europa. Le TFC affrontera Benfica, premier du championnat portugais. Les Toulousains, mal class\u00e9s en Ligue 1, devront g\u00e9rer les deux tableaux.<\/em><\/strong><\/p>\n<ul>\n<li style=\"text-align: justify;\"><strong>\u00c0 ce sujet &#8211; <a href=\"https:\/\/dicodusport.fr\/blog\/barrages-ligue-europa-tirage-au-sort-affiches-et-dates-des-16emes-de-finale\/\">Barrages Ligue Europa : Tirage au sort, affiches et dates des 16\u00e8mes de finale<\/a><\/strong><\/li>\n<\/ul>\n<p style=\"text-align: justify;\">Avant de se poser des questions, il est l\u2019heure de profiter pour\u00a0<strong>Toulouse<\/strong>. Encore en Ligue 2 il y a deux ans, le TFC s\u2019appr\u00eate \u00e0 disputer un barrage de Ligue Europa contre <strong>Benfica<\/strong> apr\u00e8s s\u2019\u00eatre brillamment qualifi\u00e9 en phases de groupes (2<sup>\u00e8me<\/sup>\u00a0derri\u00e8re <strong>Liverpool<\/strong>). Victorieux de la Coupe de France la saison pass\u00e9e, les Toulousains ont d\u00e9j\u00e0 v\u00e9cu un r\u00eave en int\u00e9grant les phases de groupes de la Ligue Europa. Mieux, les hommes de\u00a0<strong>Carles Martinez Novell<\/strong>\u00a0(39 ans) ont offert une prestation historique\u00a0<a href=\"https:\/\/www.bing.com\/search?q=toulouse+liverpoo%3B+dicodusport&amp;form=ANNTH1&amp;refig=94cbc8937ffb464ea68c5c2ddafe1aa8&amp;pc=HCTS\">en s\u2019imposant contre Liverpool<\/a>\u00a0au Stadium de Toulouse (3-2, 9 novembre dernier).<\/p>\n<h2 style=\"text-align: justify;\"><strong>De l\u2019euphorie \u00e0 la r\u00e9alit\u00e9<\/strong><\/h2>\n<p style=\"text-align: justify;\">Apr\u00e8s l\u2019euphorie d\u2019un succ\u00e8s improbable, le club est vite retourn\u00e9 \u00e0 la r\u00e9alit\u00e9. Celle d\u2019une difficult\u00e9 \u00e0 exister en championnat. 16<sup>\u00e8me<\/sup> de Ligue 1 (14 points) apr\u00e8s 16 journ\u00e9es, le TFC a remport\u00e9 seulement deux matchs depuis le d\u00e9but de saison (Nantes et Metz) et pointe d\u00e9sormais \u00e0 trois points de la derni\u00e8re place, occup\u00e9e par Clermont (11 points). Une situation qui a entra\u00een\u00e9 des rumeurs au sujet du poste de <strong>Martinez Novell<\/strong>.<\/p>\n<p style=\"text-align: justify;\">Au micro de <em>L&rsquo;\u00c9quipe<\/em>\u00a0\u00e0 la fin du tirage au sort des barrages de Ligue Europa, le pr\u00e9sident du club <strong>Damien Comolli<\/strong> a \u00e9cart\u00e9 toutes les pistes d\u2019un d\u00e9part\u00a0: <em>\u00ab Bien s\u00fbr qu\u2019en f\u00e9vrier, nous aurons le m\u00eame coach. Je ne vois pas pourquoi \u00e7a changerait.<\/em>\u00a0<em>Il n\u2019a jamais \u00e9t\u00e9 menac\u00e9 <\/em>\u00bb. D\u2019un sourire en coin et d\u2019un regard inquiet, le pr\u00e9sident n\u2019a certainement pas rassur\u00e9 ses supporters.<\/p>\n<blockquote class=\"twitter-tweet\">\n<p dir=\"ltr\" lang=\"fr\">\ud83d\udcac La r\u00e9action de Damien Comolli, pr\u00e9sident du Toulouse FC, qui affrontera Benfica en barrages de Ligue Europa <a href=\"https:\/\/t.co\/urMOHchQco\">pic.twitter.com\/urMOHchQco<\/a><\/p>\n<p>\u2014 la chaine L&rsquo;\u00c9quipe (@lachainelequipe) <a href=\"https:\/\/twitter.com\/lachainelequipe\/status\/1736730153185587276?ref_src=twsrc%5Etfw\">December 18, 2023<\/a><\/p><\/blockquote>\n<p><script async src=\"https:\/\/platform.twitter.com\/widgets.js\" charset=\"utf-8\"><\/script><\/p>\n<h2 style=\"text-align: justify;\"><em><strong>\u00ab\u00a0On va continuer de faire comme \u00e7a\u00a0\u00bb<\/strong><\/em><\/h2>\n<p style=\"text-align: justify;\">Mais alors comment le TFC peut aborder cette fin de saison de la meilleure des mani\u00e8res\u00a0? Vont-ils laisser de c\u00f4t\u00e9 l\u2019Europe pour se concentrer sur le maintien\u00a0? <a href=\"https:\/\/www.leparisien.fr\/sports\/football\/on-va-essayer-de-faire-bonne-figure-les-reactions-des-clubs-francais-apres-le-tirage-de-la-ligue-europa-18-12-2023-6N2MDKU32VBPBO6G33XTPNATME.php\">Le pr\u00e9sident est rest\u00e9 confiant<\/a> \u00e0 ce sujet\u00a0: <em>\u00ab<\/em>\u00a0<em>Depuis le d\u00e9but de saison, on n\u2019a pas le fait choix entre les deux. Contre <strong>Lask<\/strong>, (victoire 1-2, dernier match de groupe), nous avons align\u00e9 notre meilleur effectif alors que nous aurions pu privil\u00e9gier les matchs de Ligue 1. Mais on prend chaque comp\u00e9tition de mani\u00e8re ind\u00e9pendante, donc on va continuer \u00e0 faire comme \u00e7a <\/em>\u00bb.<\/p>\n<p style=\"text-align: justify;\">En difficult\u00e9 sur le plan offensif (14 buts en 16 matchs), Toulouse doit trouver des solutions. Mais le calendrier qui les attend ne redonne pas plus d\u2019espoir. Le 3 janvier, le TFC disputera le <strong>Troph\u00e9e des Champions<\/strong> contre le <strong>Paris-SG<\/strong> avant de disputer les 32\u00e8mes de finale de la Coupe de France, le 7 janvier, \u00e0 Chamb\u00e9ry.<\/p>\n<h2 style=\"text-align: justify;\">Un mercato hivernal d\u00e9cisif<\/h2>\n<p style=\"text-align: justify;\">Un rythme dense qui pourrait faire mal \u00e0 cet effectif. Port\u00e9s par des jeunes du centre de formation (23 ans de moyenne d\u2019\u00e2ge, \u00e9quipe la plus jeune sur les 32 \u00e9quipes ayant disput\u00e9 les phases de groupes de la Ligue Europa), les Toulousains pourraient payer l\u2019encha\u00eenement de ces matchs \u00e0 enjeux. Si l\u2019\u00e9ventuel d\u00e9part de l\u2019entra\u00eeneur espagnol a \u00e9t\u00e9 \u00e9cart\u00e9 par le pr\u00e9sident, le TFC devra compter sur le mercato hivernal pour \u00e9toffer son effectif. Le secteur offensif semble le plus propice \u00e0 accueillir de nouveaux visages.<\/p>\n<p style=\"text-align: justify;\">La solution pourrait venir de l\u00e0\u00a0: se baser sur des joueurs d\u2019exp\u00e9riences \u00e0 des postes cruciaux pour encadrer tous les jeunes. En attendant de vibrer une nouvelle fois en Coupe d\u2019Europe le 15 et 22 f\u00e9vrier 2024 contre Benfica, Toulouse doit s\u2019\u00e9carter de la zone rouge en Ligue 1. Quoi qu\u2019il arrive, l\u2019ann\u00e9e 2024 sera d\u00e9terminante dans l\u2019histoire du club.<\/p>\n<blockquote class=\"twitter-tweet\">\n<p dir=\"ltr\" lang=\"fr\">T\u00e9F\u00e9C\u00e9 \ud83c\udd9a Benfica<\/p>\n<p>En 16\u00e8me de finale d&rsquo;<a href=\"https:\/\/twitter.com\/EuropaLeague?ref_src=twsrc%5Etfw\">@europaleague<\/a>, nos Violets affronteront le <a href=\"https:\/\/twitter.com\/SLBenfica?ref_src=twsrc%5Etfw\">@SLBenfica<\/a> \ud83c\uddf5\ud83c\uddf9<a href=\"https:\/\/twitter.com\/hashtag\/UEL?src=hash&amp;ref_src=twsrc%5Etfw\">#UEL<\/a> <a href=\"https:\/\/twitter.com\/hashtag\/UELdraw?src=hash&amp;ref_src=twsrc%5Etfw\">#UELdraw<\/a> <a href=\"https:\/\/t.co\/Hx3zeMLhfr\">pic.twitter.com\/Hx3zeMLhfr<\/a><\/p>\n<p>\u2014 Toulouse FC (@ToulouseFC) <a href=\"https:\/\/twitter.com\/ToulouseFC\/status\/1736723040896217140?ref_src=twsrc%5Etfw\">December 18, 2023<\/a><\/p><\/blockquote>\n<p><script async src=\"https:\/\/platform.twitter.com\/widgets.js\" charset=\"utf-8\"><\/script><\/p>\n","protected":false},"excerpt":{"rendered":"<p>FOOTBALL &#8211; Ce lundi \u00e0 Nyon, Toulouse a d\u00e9couvert son adversaire pour les barrages de la Ligue Europa. Le TFC affrontera Benfica, premier du championnat portugais. Les Toulousains, mal class\u00e9s en Ligue 1, devront g\u00e9rer les deux tableaux.<\/p>\n","protected":false},"author":76,"featured_media":446399,"comment_status":"open","ping_status":"closed","sticky":false,"template":"","format":"standard","meta":{"_acf_changed":false,"_daextam_enable_autolinks":"1","footnotes":""},"categories":[2301],"tags":[8234,16878,75,4437,24,7039,463],"class_list":["post-446369","post","type-post","status-publish","format-standard","has-post-thumbnail","hentry","category-football","tag-benfica","tag-breve","tag-football","tag-ligue-europa","tag-sport","tag-tfc","tag-toulouse"],"acf":[],"yoast_head":"<!-- This site is optimized with the Yoast SEO Premium plugin v26.7 (Yoast SEO v26.7) - https:\/\/yoast.com\/wordpress\/plugins\/seo\/ -->\n<title>Ligue Europa : Toulouse - Benfica, le challenge fou du TFC<\/title>\n<meta name=\"description\" content=\"Toulouse affrontera Benfica en barrages de la Ligue Europa. En difficult\u00e9 en Ligue 1, le TFC doit trouver des solutions pour la suite de la saison.\" \/>\n<meta name=\"robots\" content=\"index, follow, max-snippet:-1, max-image-preview:large, max-video-preview:-1\" \/>\n<link rel=\"canonical\" href=\"https:\/\/dicodusport.fr\/blog\/ligue-europa-toulouse-benfica-le-challenge-fou-du-tfc\/\" \/>\n<meta property=\"og:locale\" content=\"fr_FR\" \/>\n<meta property=\"og:type\" content=\"article\" \/>\n<meta property=\"og:title\" content=\"Ligue Europa : Toulouse - Benfica, le challenge fou du TFC\" \/>\n<meta property=\"og:description\" content=\"Toulouse affrontera Benfica en barrages de la Ligue Europa. En difficult\u00e9 en Ligue 1, le TFC doit trouver des solutions pour la suite de la saison.\" \/>\n<meta property=\"og:url\" content=\"https:\/\/dicodusport.fr\/blog\/ligue-europa-toulouse-benfica-le-challenge-fou-du-tfc\/\" \/>\n<meta property=\"og:site_name\" content=\"Dicodusport\" \/>\n<meta property=\"article:publisher\" content=\"https:\/\/www.facebook.com\/dicodusport\" \/>\n<meta property=\"article:published_time\" content=\"2023-12-18T17:11:03+00:00\" \/>\n<meta property=\"article:modified_time\" content=\"2023-12-18T17:16:38+00:00\" \/>\n<meta property=\"og:image\" content=\"https:\/\/dicodusport.fr\/blog\/wp-content\/uploads\/2023\/12\/Ligue-Europa-Toulouse-Benfica-le-challenge-fou-du-TFC.png\" \/>\n\t<meta property=\"og:image:width\" content=\"1200\" \/>\n\t<meta property=\"og:image:height\" content=\"674\" \/>\n\t<meta property=\"og:image:type\" content=\"image\/png\" \/>\n<meta name=\"author\" content=\"Tom Lacaille\" \/>\n<meta name=\"twitter:card\" content=\"summary_large_image\" \/>\n<meta name=\"twitter:title\" content=\"Ligue Europa : Toulouse - Benfica, le challenge fou du TFC\" \/>\n<meta name=\"twitter:creator\" content=\"@Tom Lacaille\" \/>\n<meta name=\"twitter:site\" content=\"@dicodusport\" \/>\n<script type=\"application\/ld+json\" class=\"yoast-schema-graph\">{\"@context\":\"https:\/\/schema.org\",\"@graph\":[{\"@type\":\"NewsArticle\",\"@id\":\"https:\/\/dicodusport.fr\/blog\/ligue-europa-toulouse-benfica-le-challenge-fou-du-tfc\/#article\",\"isPartOf\":{\"@id\":\"https:\/\/dicodusport.fr\/blog\/ligue-europa-toulouse-benfica-le-challenge-fou-du-tfc\/\"},\"author\":{\"name\":\"Tom Lacaille\",\"@id\":\"https:\/\/dicodusport.fr\/blog\/#\/schema\/person\/8b8ec0dc77c31efd8fe9820383d505b3\"},\"headline\":\"Ligue Europa : Toulouse &#8211; Benfica, le challenge fou du TFC\",\"datePublished\":\"2023-12-18T17:11:03+00:00\",\"dateModified\":\"2023-12-18T17:16:38+00:00\",\"mainEntityOfPage\":{\"@id\":\"https:\/\/dicodusport.fr\/blog\/ligue-europa-toulouse-benfica-le-challenge-fou-du-tfc\/\"},\"wordCount\":707,\"commentCount\":0,\"publisher\":{\"@id\":\"https:\/\/dicodusport.fr\/blog\/#organization\"},\"image\":{\"@id\":\"https:\/\/dicodusport.fr\/blog\/ligue-europa-toulouse-benfica-le-challenge-fou-du-tfc\/#primaryimage\"},\"thumbnailUrl\":\"https:\/\/dicodusport.fr\/blog\/wp-content\/uploads\/2023\/12\/Ligue-Europa-Toulouse-Benfica-le-challenge-fou-du-TFC.png\",\"keywords\":[\"Benfica\",\"br\u00e8ve\",\"Football\",\"Ligue Europa\",\"sport\",\"TFC\",\"Toulouse\"],\"articleSection\":[\"Football\"],\"inLanguage\":\"fr-FR\",\"potentialAction\":[{\"@type\":\"CommentAction\",\"name\":\"Comment\",\"target\":[\"https:\/\/dicodusport.fr\/blog\/ligue-europa-toulouse-benfica-le-challenge-fou-du-tfc\/#respond\"]}],\"copyrightYear\":\"2023\",\"copyrightHolder\":{\"@id\":\"https:\/\/dicodusport.fr\/blog\/#organization\"}},{\"@type\":\"WebPage\",\"@id\":\"https:\/\/dicodusport.fr\/blog\/ligue-europa-toulouse-benfica-le-challenge-fou-du-tfc\/\",\"url\":\"https:\/\/dicodusport.fr\/blog\/ligue-europa-toulouse-benfica-le-challenge-fou-du-tfc\/\",\"name\":\"Ligue Europa : Toulouse - Benfica, le challenge fou du TFC\",\"isPartOf\":{\"@id\":\"https:\/\/dicodusport.fr\/blog\/#website\"},\"primaryImageOfPage\":{\"@id\":\"https:\/\/dicodusport.fr\/blog\/ligue-europa-toulouse-benfica-le-challenge-fou-du-tfc\/#primaryimage\"},\"image\":{\"@id\":\"https:\/\/dicodusport.fr\/blog\/ligue-europa-toulouse-benfica-le-challenge-fou-du-tfc\/#primaryimage\"},\"thumbnailUrl\":\"https:\/\/dicodusport.fr\/blog\/wp-content\/uploads\/2023\/12\/Ligue-Europa-Toulouse-Benfica-le-challenge-fou-du-TFC.png\",\"datePublished\":\"2023-12-18T17:11:03+00:00\",\"dateModified\":\"2023-12-18T17:16:38+00:00\",\"description\":\"Toulouse affrontera Benfica en barrages de la Ligue Europa. En difficult\u00e9 en Ligue 1, le TFC doit trouver des solutions pour la suite de la saison.\",\"breadcrumb\":{\"@id\":\"https:\/\/dicodusport.fr\/blog\/ligue-europa-toulouse-benfica-le-challenge-fou-du-tfc\/#breadcrumb\"},\"inLanguage\":\"fr-FR\",\"potentialAction\":[{\"@type\":\"ReadAction\",\"target\":[\"https:\/\/dicodusport.fr\/blog\/ligue-europa-toulouse-benfica-le-challenge-fou-du-tfc\/\"]}]},{\"@type\":\"ImageObject\",\"inLanguage\":\"fr-FR\",\"@id\":\"https:\/\/dicodusport.fr\/blog\/ligue-europa-toulouse-benfica-le-challenge-fou-du-tfc\/#primaryimage\",\"url\":\"https:\/\/dicodusport.fr\/blog\/wp-content\/uploads\/2023\/12\/Ligue-Europa-Toulouse-Benfica-le-challenge-fou-du-TFC.png\",\"contentUrl\":\"https:\/\/dicodusport.fr\/blog\/wp-content\/uploads\/2023\/12\/Ligue-Europa-Toulouse-Benfica-le-challenge-fou-du-TFC.png\",\"width\":1200,\"height\":674,\"caption\":\"Ligue Europa Toulouse - Benfica, le challenge fou du TFC\"},{\"@type\":\"BreadcrumbList\",\"@id\":\"https:\/\/dicodusport.fr\/blog\/ligue-europa-toulouse-benfica-le-challenge-fou-du-tfc\/#breadcrumb\",\"itemListElement\":[{\"@type\":\"ListItem\",\"position\":1,\"name\":\"Accueil\",\"item\":\"https:\/\/dicodusport.fr\/blog\/\"},{\"@type\":\"ListItem\",\"position\":2,\"name\":\"Ligue Europa : Toulouse &#8211; Benfica, le challenge fou du TFC\"}]},{\"@type\":\"WebSite\",\"@id\":\"https:\/\/dicodusport.fr\/blog\/#website\",\"url\":\"https:\/\/dicodusport.fr\/blog\/\",\"name\":\"Dicodusport\",\"description\":\"L&#039;encyclop\u00e9die de l&#039;actualit\u00e9 sportive\",\"publisher\":{\"@id\":\"https:\/\/dicodusport.fr\/blog\/#organization\"},\"potentialAction\":[{\"@type\":\"SearchAction\",\"target\":{\"@type\":\"EntryPoint\",\"urlTemplate\":\"https:\/\/dicodusport.fr\/blog\/?s={search_term_string}\"},\"query-input\":{\"@type\":\"PropertyValueSpecification\",\"valueRequired\":true,\"valueName\":\"search_term_string\"}}],\"inLanguage\":\"fr-FR\"},{\"@type\":\"NewsMediaOrganization\",\"@id\":\"https:\/\/dicodusport.fr\/blog\/#organization\",\"name\":\"Dicodusport\",\"url\":\"https:\/\/dicodusport.fr\/blog\/\",\"logo\":{\"@type\":\"ImageObject\",\"inLanguage\":\"fr-FR\",\"@id\":\"https:\/\/dicodusport.fr\/blog\/#\/schema\/logo\/image\/\",\"url\":\"https:\/\/dicodusport.fr\/blog\/wp-content\/uploads\/2020\/06\/cropped-LOGO-DICODUSPORT-2020-SANS-FOND-SANS-TEXTE.png\",\"contentUrl\":\"https:\/\/dicodusport.fr\/blog\/wp-content\/uploads\/2020\/06\/cropped-LOGO-DICODUSPORT-2020-SANS-FOND-SANS-TEXTE.png\",\"width\":512,\"height\":512,\"caption\":\"Dicodusport\"},\"image\":{\"@id\":\"https:\/\/dicodusport.fr\/blog\/#\/schema\/logo\/image\/\"},\"sameAs\":[\"https:\/\/www.facebook.com\/dicodusport\",\"https:\/\/x.com\/dicodusport\",\"https:\/\/www.instagram.com\/dicodusport\/\",\"https:\/\/www.youtube.com\/channel\/UC7V2KZ5sd3htJivAbA4ZG3w\"],\"description\":\"Dicodusport est l'encyclop\u00e9die de l'actualit\u00e9 sportive.\",\"email\":\"bonjour@dicodusport.fr\",\"legalName\":\"DICODUSPORT\",\"foundingDate\":\"2018-01-14\",\"vatID\":\"FR71834470973\",\"taxID\":\"83447097300043\",\"numberOfEmployees\":{\"@type\":\"QuantitativeValue\",\"minValue\":\"1\",\"maxValue\":\"10\"}},{\"@type\":\"Person\",\"@id\":\"https:\/\/dicodusport.fr\/blog\/#\/schema\/person\/8b8ec0dc77c31efd8fe9820383d505b3\",\"name\":\"Tom Lacaille\",\"image\":{\"@type\":\"ImageObject\",\"inLanguage\":\"fr-FR\",\"@id\":\"https:\/\/dicodusport.fr\/blog\/#\/schema\/person\/image\/\",\"url\":\"https:\/\/dicodusport.fr\/blog\/wp-content\/uploads\/2022\/10\/photo-profil-150x150.jpg\",\"contentUrl\":\"https:\/\/dicodusport.fr\/blog\/wp-content\/uploads\/2022\/10\/photo-profil-150x150.jpg\",\"caption\":\"Tom Lacaille\"},\"description\":\"Actuellement \u00e2g\u00e9 de 19 ans, ma passion du sport est berc\u00e9e par la descente aux enfers des Verts, la d\u00e9gringolade de l'ASM Clermont et le futur triomphe des Celtics. En toute logique, je suis un grand passionn\u00e9 de sport et j'essaie de retranscrire mes analyses dans les articles. Le r\u00eave d'\u00eatre journaliste est ma principale source de motivation, en esp\u00e9rant (un jour) apporter un air nouveau \u00e0 ce si beau secteur.\",\"sameAs\":[\"https:\/\/x.com\/Tom Lacaille\"],\"url\":\"https:\/\/dicodusport.fr\/blog\/author\/tom-lacaille\/\"}]}<\/script>\n<!-- \/ Yoast SEO Premium plugin. -->","yoast_head_json":{"title":"Ligue Europa : Toulouse - Benfica, le challenge fou du TFC","description":"Toulouse affrontera Benfica en barrages de la Ligue Europa. En difficult\u00e9 en Ligue 1, le TFC doit trouver des solutions pour la suite de la saison.","robots":{"index":"index","follow":"follow","max-snippet":"max-snippet:-1","max-image-preview":"max-image-preview:large","max-video-preview":"max-video-preview:-1"},"canonical":"https:\/\/dicodusport.fr\/blog\/ligue-europa-toulouse-benfica-le-challenge-fou-du-tfc\/","og_locale":"fr_FR","og_type":"article","og_title":"Ligue Europa : Toulouse - Benfica, le challenge fou du TFC","og_description":"Toulouse affrontera Benfica en barrages de la Ligue Europa. En difficult\u00e9 en Ligue 1, le TFC doit trouver des solutions pour la suite de la saison.","og_url":"https:\/\/dicodusport.fr\/blog\/ligue-europa-toulouse-benfica-le-challenge-fou-du-tfc\/","og_site_name":"Dicodusport","article_publisher":"https:\/\/www.facebook.com\/dicodusport","article_published_time":"2023-12-18T17:11:03+00:00","article_modified_time":"2023-12-18T17:16:38+00:00","og_image":[{"width":1200,"height":674,"url":"https:\/\/dicodusport.fr\/blog\/wp-content\/uploads\/2023\/12\/Ligue-Europa-Toulouse-Benfica-le-challenge-fou-du-TFC.png","type":"image\/png"}],"author":"Tom Lacaille","twitter_card":"summary_large_image","twitter_title":"Ligue Europa : Toulouse - Benfica, le challenge fou du TFC","twitter_creator":"@Tom Lacaille","twitter_site":"@dicodusport","schema":{"@context":"https:\/\/schema.org","@graph":[{"@type":"NewsArticle","@id":"https:\/\/dicodusport.fr\/blog\/ligue-europa-toulouse-benfica-le-challenge-fou-du-tfc\/#article","isPartOf":{"@id":"https:\/\/dicodusport.fr\/blog\/ligue-europa-toulouse-benfica-le-challenge-fou-du-tfc\/"},"author":{"name":"Tom Lacaille","@id":"https:\/\/dicodusport.fr\/blog\/#\/schema\/person\/8b8ec0dc77c31efd8fe9820383d505b3"},"headline":"Ligue Europa : Toulouse &#8211; Benfica, le challenge fou du TFC","datePublished":"2023-12-18T17:11:03+00:00","dateModified":"2023-12-18T17:16:38+00:00","mainEntityOfPage":{"@id":"https:\/\/dicodusport.fr\/blog\/ligue-europa-toulouse-benfica-le-challenge-fou-du-tfc\/"},"wordCount":707,"commentCount":0,"publisher":{"@id":"https:\/\/dicodusport.fr\/blog\/#organization"},"image":{"@id":"https:\/\/dicodusport.fr\/blog\/ligue-europa-toulouse-benfica-le-challenge-fou-du-tfc\/#primaryimage"},"thumbnailUrl":"https:\/\/dicodusport.fr\/blog\/wp-content\/uploads\/2023\/12\/Ligue-Europa-Toulouse-Benfica-le-challenge-fou-du-TFC.png","keywords":["Benfica","br\u00e8ve","Football","Ligue Europa","sport","TFC","Toulouse"],"articleSection":["Football"],"inLanguage":"fr-FR","potentialAction":[{"@type":"CommentAction","name":"Comment","target":["https:\/\/dicodusport.fr\/blog\/ligue-europa-toulouse-benfica-le-challenge-fou-du-tfc\/#respond"]}],"copyrightYear":"2023","copyrightHolder":{"@id":"https:\/\/dicodusport.fr\/blog\/#organization"}},{"@type":"WebPage","@id":"https:\/\/dicodusport.fr\/blog\/ligue-europa-toulouse-benfica-le-challenge-fou-du-tfc\/","url":"https:\/\/dicodusport.fr\/blog\/ligue-europa-toulouse-benfica-le-challenge-fou-du-tfc\/","name":"Ligue Europa : Toulouse - Benfica, le challenge fou du TFC","isPartOf":{"@id":"https:\/\/dicodusport.fr\/blog\/#website"},"primaryImageOfPage":{"@id":"https:\/\/dicodusport.fr\/blog\/ligue-europa-toulouse-benfica-le-challenge-fou-du-tfc\/#primaryimage"},"image":{"@id":"https:\/\/dicodusport.fr\/blog\/ligue-europa-toulouse-benfica-le-challenge-fou-du-tfc\/#primaryimage"},"thumbnailUrl":"https:\/\/dicodusport.fr\/blog\/wp-content\/uploads\/2023\/12\/Ligue-Europa-Toulouse-Benfica-le-challenge-fou-du-TFC.png","datePublished":"2023-12-18T17:11:03+00:00","dateModified":"2023-12-18T17:16:38+00:00","description":"Toulouse affrontera Benfica en barrages de la Ligue Europa. En difficult\u00e9 en Ligue 1, le TFC doit trouver des solutions pour la suite de la saison.","breadcrumb":{"@id":"https:\/\/dicodusport.fr\/blog\/ligue-europa-toulouse-benfica-le-challenge-fou-du-tfc\/#breadcrumb"},"inLanguage":"fr-FR","potentialAction":[{"@type":"ReadAction","target":["https:\/\/dicodusport.fr\/blog\/ligue-europa-toulouse-benfica-le-challenge-fou-du-tfc\/"]}]},{"@type":"ImageObject","inLanguage":"fr-FR","@id":"https:\/\/dicodusport.fr\/blog\/ligue-europa-toulouse-benfica-le-challenge-fou-du-tfc\/#primaryimage","url":"https:\/\/dicodusport.fr\/blog\/wp-content\/uploads\/2023\/12\/Ligue-Europa-Toulouse-Benfica-le-challenge-fou-du-TFC.png","contentUrl":"https:\/\/dicodusport.fr\/blog\/wp-content\/uploads\/2023\/12\/Ligue-Europa-Toulouse-Benfica-le-challenge-fou-du-TFC.png","width":1200,"height":674,"caption":"Ligue Europa Toulouse - Benfica, le challenge fou du TFC"},{"@type":"BreadcrumbList","@id":"https:\/\/dicodusport.fr\/blog\/ligue-europa-toulouse-benfica-le-challenge-fou-du-tfc\/#breadcrumb","itemListElement":[{"@type":"ListItem","position":1,"name":"Accueil","item":"https:\/\/dicodusport.fr\/blog\/"},{"@type":"ListItem","position":2,"name":"Ligue Europa : Toulouse &#8211; Benfica, le challenge fou du TFC"}]},{"@type":"WebSite","@id":"https:\/\/dicodusport.fr\/blog\/#website","url":"https:\/\/dicodusport.fr\/blog\/","name":"Dicodusport","description":"L&#039;encyclop\u00e9die de l&#039;actualit\u00e9 sportive","publisher":{"@id":"https:\/\/dicodusport.fr\/blog\/#organization"},"potentialAction":[{"@type":"SearchAction","target":{"@type":"EntryPoint","urlTemplate":"https:\/\/dicodusport.fr\/blog\/?s={search_term_string}"},"query-input":{"@type":"PropertyValueSpecification","valueRequired":true,"valueName":"search_term_string"}}],"inLanguage":"fr-FR"},{"@type":"NewsMediaOrganization","@id":"https:\/\/dicodusport.fr\/blog\/#organization","name":"Dicodusport","url":"https:\/\/dicodusport.fr\/blog\/","logo":{"@type":"ImageObject","inLanguage":"fr-FR","@id":"https:\/\/dicodusport.fr\/blog\/#\/schema\/logo\/image\/","url":"https:\/\/dicodusport.fr\/blog\/wp-content\/uploads\/2020\/06\/cropped-LOGO-DICODUSPORT-2020-SANS-FOND-SANS-TEXTE.png","contentUrl":"https:\/\/dicodusport.fr\/blog\/wp-content\/uploads\/2020\/06\/cropped-LOGO-DICODUSPORT-2020-SANS-FOND-SANS-TEXTE.png","width":512,"height":512,"caption":"Dicodusport"},"image":{"@id":"https:\/\/dicodusport.fr\/blog\/#\/schema\/logo\/image\/"},"sameAs":["https:\/\/www.facebook.com\/dicodusport","https:\/\/x.com\/dicodusport","https:\/\/www.instagram.com\/dicodusport\/","https:\/\/www.youtube.com\/channel\/UC7V2KZ5sd3htJivAbA4ZG3w"],"description":"Dicodusport est l'encyclop\u00e9die de l'actualit\u00e9 sportive.","email":"bonjour@dicodusport.fr","legalName":"DICODUSPORT","foundingDate":"2018-01-14","vatID":"FR71834470973","taxID":"83447097300043","numberOfEmployees":{"@type":"QuantitativeValue","minValue":"1","maxValue":"10"}},{"@type":"Person","@id":"https:\/\/dicodusport.fr\/blog\/#\/schema\/person\/8b8ec0dc77c31efd8fe9820383d505b3","name":"Tom Lacaille","image":{"@type":"ImageObject","inLanguage":"fr-FR","@id":"https:\/\/dicodusport.fr\/blog\/#\/schema\/person\/image\/","url":"https:\/\/dicodusport.fr\/blog\/wp-content\/uploads\/2022\/10\/photo-profil-150x150.jpg","contentUrl":"https:\/\/dicodusport.fr\/blog\/wp-content\/uploads\/2022\/10\/photo-profil-150x150.jpg","caption":"Tom Lacaille"},"description":"Actuellement \u00e2g\u00e9 de 19 ans, ma passion du sport est berc\u00e9e par la descente aux enfers des Verts, la d\u00e9gringolade de l'ASM Clermont et le futur triomphe des Celtics. En toute logique, je suis un grand passionn\u00e9 de sport et j'essaie de retranscrire mes analyses dans les articles. Le r\u00eave d'\u00eatre journaliste est ma principale source de motivation, en esp\u00e9rant (un jour) apporter un air nouveau \u00e0 ce si beau secteur.","sameAs":["https:\/\/x.com\/Tom Lacaille"],"url":"https:\/\/dicodusport.fr\/blog\/author\/tom-lacaille\/"}]}},"_links":{"self":[{"href":"https:\/\/dicodusport.fr\/blog\/wp-json\/wp\/v2\/posts\/446369","targetHints":{"allow":["GET"]}}],"collection":[{"href":"https:\/\/dicodusport.fr\/blog\/wp-json\/wp\/v2\/posts"}],"about":[{"href":"https:\/\/dicodusport.fr\/blog\/wp-json\/wp\/v2\/types\/post"}],"author":[{"embeddable":true,"href":"https:\/\/dicodusport.fr\/blog\/wp-json\/wp\/v2\/users\/76"}],"replies":[{"embeddable":true,"href":"https:\/\/dicodusport.fr\/blog\/wp-json\/wp\/v2\/comments?post=446369"}],"version-history":[{"count":5,"href":"https:\/\/dicodusport.fr\/blog\/wp-json\/wp\/v2\/posts\/446369\/revisions"}],"predecessor-version":[{"id":446403,"href":"https:\/\/dicodusport.fr\/blog\/wp-json\/wp\/v2\/posts\/446369\/revisions\/446403"}],"wp:featuredmedia":[{"embeddable":true,"href":"https:\/\/dicodusport.fr\/blog\/wp-json\/wp\/v2\/media\/446399"}],"wp:attachment":[{"href":"https:\/\/dicodusport.fr\/blog\/wp-json\/wp\/v2\/media?parent=446369"}],"wp:term":[{"taxonomy":"category","embeddable":true,"href":"https:\/\/dicodusport.fr\/blog\/wp-json\/wp\/v2\/categories?post=446369"},{"taxonomy":"post_tag","embeddable":true,"href":"https:\/\/dicodusport.fr\/blog\/wp-json\/wp\/v2\/tags?post=446369"}],"curies":[{"name":"wp","href":"https:\/\/api.w.org\/{rel}","templated":true}]}}