{"id":446382,"date":"2023-12-19T12:08:47","date_gmt":"2023-12-19T11:08:47","guid":{"rendered":"https:\/\/dicodusport.fr\/blog\/?p=446382&#038;preview=true&#038;preview_id=446382"},"modified":"2023-12-19T12:22:51","modified_gmt":"2023-12-19T11:22:51","slug":"coupe-du-monde-de-biathlon-quelles-lecons-tirer-apres-les-3-premieres-etapes","status":"publish","type":"post","link":"https:\/\/dicodusport.fr\/blog\/coupe-du-monde-de-biathlon-quelles-lecons-tirer-apres-les-3-premieres-etapes\/","title":{"rendered":"Coupe du monde de biathlon : Quelles le\u00e7ons tirer apr\u00e8s les 3 premi\u00e8res \u00e9tapes ?"},"content":{"rendered":"<p style=\"text-align: justify;\"><strong><em><a href=\"https:\/\/dicodusport.fr\/blog\/actualites\/biathlon\/coupe-du-monde-de-biathlon-2023-2024\/\">COUPE DU MONDE DE BIATHLON 2023-2024<\/a> &#8211; Apr\u00e8s les \u00e9tapes d\u2019Ostersund, Hochfilzen et Lenzerheide, une pause s\u2019impose pour les biathl\u00e8tes. Le retour \u00e0 la comp\u00e9tition se fera \u00e0 Oberhof le 4 janvier, avec un beau programme sprint, poursuite et relais par genre. L\u2019heure est donc venue de dresser les premiers bilans de ces quatre premi\u00e8res semaines de comp\u00e9titions.<\/em><\/strong><\/p>\n<ul>\n<li style=\"text-align: justify;\"><strong>\u00c0 ce sujet \u2013\u00a0<a href=\"https:\/\/dicodusport.fr\/blog\/coupe-du-monde-de-biathlon-2023-2024-le-calendrier-complet\/\">Coupe du monde de biathlon 2023-2024 : Le calendrier complet<\/a><\/strong><\/li>\n<\/ul>\n<h2 style=\"text-align: justify;\">Justine Braisaz-Bouchet bel et bien de retour<\/h2>\n<p style=\"text-align: justify;\">Les r\u00e9sultats de <strong>Justine Braisaz-Bouchet<\/strong> ce d\u00e9but de saison prouvent une nouvelle fois que la maternit\u00e9 ne doit pas \u00eatre un frein dans une carri\u00e8re de sportive de haut niveau. En pause pour grossesse la saison pass\u00e9e, la Savoyarde a r\u00e9alis\u00e9 un comeback tonitruant.<\/p>\n<p style=\"text-align: justify;\">Vainqueur lors de sa premi\u00e8re course en relais mixte \u00e0 Ostersund, elle r\u00e9alisait des performances \u00ab moyennes \u00bb ensuite sur les courses individuelles \u00e0 <strong>Ostersund <\/strong>(21\u00e8me, 24\u00e8me, 15\u00e8me). Mais sur le sprint inaugural d\u2019<strong>Hochfilzen<\/strong>, la Tricolore va r\u00e9ussir \u00e0 poser son tir, b\u00eate noire de sa carri\u00e8re jusque-l\u00e0, et retrouver le podium avec une solide 3\u00e8me place (9\/10 au tir). Le lendemain, elle retombera dans ses travers et prendra tout de m\u00eame la 8\u00e8me place de la poursuite malgr\u00e9 cinq fautes derri\u00e8re la carabine, mais avec un temps de ski toujours aussi canon.<\/p>\n<p style=\"text-align: justify;\">La championne olympique de la mass start impressionnera tout le monde du biathlon la semaine suivante en Suisse. Sur le site de <strong>Lenzerheide<\/strong>, qui accueillera les Mondiaux en 2025, <a href=\"https:\/\/dicodusport.fr\/blog\/mass-start-femmes-lenzerheide-le-triple-et-le-dossard-jaune-pour-justine-braisaz-bouchet\/\">la Fran\u00e7aise va tout simplement s\u2019offrir le tripl\u00e9 sprint, poursuite, mass start<\/a>. Plus apais\u00e9e au tir, pour reprendre son expression.<\/p>\n<blockquote class=\"twitter-tweet\">\n<p dir=\"ltr\" lang=\"fr\">\ud83c\uddeb\ud83c\uddf7 \ud835\udc6f\ud835\udc76\ud835\udc79\ud835\udc7a \ud835\udc75\ud835\udc76\ud835\udc79\ud835\udc74\ud835\udc6c ! \ud83e\udd47<\/p>\n<p>Justine Braisaz-Bouchet remporte avec un 20\/20 au tir, la Mass Start de Lenzerheide ! \ud83d\ude0d\ud83c\uddeb\ud83c\uddf7<\/p>\n<p>Week-end parfait pour Justine qui r\u00e9alise le tripl\u00e9 ! \ud83d\udd25<\/p>\n<p>\ud83d\udcf8 FFS <a href=\"https:\/\/t.co\/cJv3Nozo1f\">pic.twitter.com\/cJv3Nozo1f<\/a><\/p>\n<p>\u2014 FFS &#8211; F\u00e9d\u00e9ration Fran\u00e7aise de Ski (@FedFranceSki) <a href=\"https:\/\/twitter.com\/FedFranceSki\/status\/1736361038684049746?ref_src=twsrc%5Etfw\">December 17, 2023<\/a><\/p><\/blockquote>\n<p><script async src=\"https:\/\/platform.twitter.com\/widgets.js\" charset=\"utf-8\"><\/script><\/p>\n<p style=\"text-align: justify;\">C\u2019est seulement la deuxi\u00e8me biathl\u00e8te fran\u00e7aise, apr\u00e8s <strong>Sandrine Bailly<\/strong> en 2005, a r\u00e9alis\u00e9 le tripl\u00e9 sur la m\u00eame semaine. Et pour couronner cette performance historique, <em>JBB<\/em> portera le dossard jaune de leader de la Coupe du monde, puisqu\u2019elle repasse devant la Norv\u00e9gienne <strong>Ingrid Tandrevold<\/strong>, jusque-l\u00e0 premi\u00e8re.<\/p>\n<p style=\"text-align: justify;\">\u00c0 l\u2019image de <em>JBB<\/em>, le groupe f\u00e9minin se porte globalement bien c\u00f4te fran\u00e7ais. <strong>Lou Jeanmonnot<\/strong> a remport\u00e9 un sublime doubl\u00e9 sprint poursuite \u00e0 Hochfilzen. Et <strong>Julia Simon<\/strong> semble retrouver son meilleur niveau, elle qui \u00e9tait au creux de la vague en Su\u00e8de. De bon augure pour la suite.<\/p>\n<ul>\n<li style=\"text-align: justify;\"><strong>\u00c0 ce sujet &#8211; <a href=\"https:\/\/dicodusport.fr\/blog\/biathlon-coupe-du-monde-classement-general-femmes\/\">Biathlon Coupe du monde \u2013 Classement g\u00e9n\u00e9ral femmes<\/a><\/strong><\/li>\n<\/ul>\n<h2 style=\"text-align: justify;\">Les Norv\u00e9giens ne laissent que des miettes \u00e0 leurs adversaires<\/h2>\n<p style=\"text-align: justify;\">Si chez les dames, plusieurs nations se disputent les premi\u00e8res places, il en est tout autre chez les messieurs, tant une nation domine : la Norv\u00e8ge \u00e9videmment.<\/p>\n<p style=\"text-align: justify;\">Pourtant, les premi\u00e8res courses laissaient \u00e0 penser que les Norv\u00e9giens ne seraient pas seuls au monde cette saison. En effet, les Allemands ont effectu\u00e9 une grande semaine su\u00e9doise avec le doubl\u00e9 sur l\u2019individuel (<strong>Rees<\/strong> devant <strong>Strelow<\/strong>), puis la victoire de <strong>Nawrath<\/strong> devant&#8230; deux Norv\u00e9giens sur le sprint. Le Su\u00e9dois <strong>Sebastian Samuelsson<\/strong> semblait aussi rivaliser, notamment port\u00e9 par des temps canons sur les spatules, puisqu&rsquo;il remportera la poursuite \u00e0 domicile.<\/p>\n<p style=\"text-align: justify;\">La suite va ressembler \u00e0 un championnat de Norv\u00e8ge, d\u00e8s le sprint autrichien. L\u2019a\u00een\u00e9 des fr\u00e8res <strong>Boe<\/strong>, <strong>Tarjei<\/strong>, l\u2019emportera devant son co\u00e9quipier <strong>Sturla Laegreid<\/strong>. Puis, les <em>Norges<\/em> r\u00e9aliseront le quadrupl\u00e9 sur la poursuite, <strong>Johannes Boe<\/strong> vainqueur devant <strong>Dale<\/strong> et <strong>Tarjei<\/strong>. Et enfin, on aura le droit \u00e0 deux tripl\u00e9s de la part des Scandinaves (poursuite et mass-start), du c\u00f4t\u00e9 de <strong>Lenzerheide<\/strong>, <strong>Johannes Boe<\/strong> l\u2019emportant \u00e0 deux reprises.<\/p>\n<blockquote class=\"twitter-tweet\">\n<p dir=\"ltr\" lang=\"fr\">\ud83c\uddf3\ud83c\uddf4 \ud83e\udd47 Victoire de Johannes Boe dans cette mass-start ! Podium 100% norv\u00e9gien aujourd\u2019hui <a href=\"https:\/\/twitter.com\/hashtag\/lequipeBIATHLON?src=hash&amp;ref_src=twsrc%5Etfw\">#lequipeBIATHLON<\/a> <a href=\"https:\/\/t.co\/9TSKbCYLpp\">pic.twitter.com\/9TSKbCYLpp<\/a><\/p>\n<p>\u2014 la chaine L&rsquo;\u00c9quipe (@lachainelequipe) <a href=\"https:\/\/twitter.com\/lachainelequipe\/status\/1736391249278411188?ref_src=twsrc%5Etfw\">December 17, 2023<\/a><\/p><\/blockquote>\n<p><script async src=\"https:\/\/platform.twitter.com\/widgets.js\" charset=\"utf-8\"><\/script><\/p>\n<p style=\"text-align: justify;\">\u00c9videmment, cette domination se r\u00e9percute sur le classement g\u00e9n\u00e9ral, puisque l\u2019on retrouve 6 Norv\u00e9giens parmi les huit premiers. <strong>Johannes Boe<\/strong> domine pour l\u2019instant, devant son fr\u00e8re et <strong>Johannes Dale<\/strong>. Seuls <strong>Nawrath<\/strong> et <strong>Doll<\/strong> (respectivement 6\u00e8me et 8\u00e8me) viennent s\u2019incruster dans ce championnat national.<\/p>\n<ul>\n<li style=\"text-align: justify;\"><strong>\u00c0 ce sujet &#8211; <a href=\"https:\/\/dicodusport.fr\/blog\/biathlon-coupe-du-monde-classement-general-hommes\/\">Biathlon Coupe du monde \u2013 Classement g\u00e9n\u00e9ral hommes<\/a><\/strong><\/li>\n<\/ul>\n<h2 style=\"text-align: justify;\">Les Bleus \u00e0 la peine<\/h2>\n<p style=\"text-align: justify;\">Malheureusement pour le public tricolore, les Bleus ne parviennent pas, pour l&rsquo;instant, \u00e0 rivaliser davantage avec les meilleurs sur cette premi\u00e8re partie de la saison. Apr\u00e8s une saison 2022-2023 d\u00e9j\u00e0 compliqu\u00e9e pour les biathl\u00e8tes fran\u00e7ais, celle-ci ne d\u00e9marre gu\u00e8re mieux. Aucun podium individuel sur les quatre premi\u00e8res semaines de comp\u00e9titions, cela n\u2019\u00e9tait plus arriv\u00e9 depuis la saison 1996-1997.<\/p>\n<p style=\"text-align: justify;\">Le meilleur r\u00e9sultat est \u00e0 mettre au profit d\u2019<strong>\u00c9milien<\/strong> <strong>Jacquelin<\/strong> et <strong>Quentin Fillon-Maillet<\/strong>, auteurs d\u2019une 6\u00e8me place, chacun sur une poursuite. Le changement de staff, r\u00e9clam\u00e9 par les biathl\u00e8tes en fin de saison derni\u00e8re, ne semble pas porter ses fruits pour le moment. <strong>Simon Fourcade<\/strong>, nouvel entra\u00eeneur donc, ne paraissait pas inquiet pour autant et disait de son groupe qu\u2019il serait <em>\u00ab plus \u00e0 son avantage du c\u00f4t\u00e9 de Lenzerheide \u00bb<\/em>.<\/p>\n<div id=\"attachment_446440\" style=\"width: 1210px\" class=\"wp-caption aligncenter\"><img loading=\"lazy\" decoding=\"async\" aria-describedby=\"caption-attachment-446440\" class=\"size-full wp-image-446440\" src=\"https:\/\/dicodusport.fr\/blog\/wp-content\/uploads\/2023\/12\/A-limage-de-Quentin-Fillon-Maillet-les-Bleus-sont-en-retrait.png\" alt=\"\u00c0 l'image de Quentin Fillon Maillet, les Bleus sont en retrait\" width=\"1200\" height=\"674\" srcset=\"https:\/\/dicodusport.fr\/blog\/wp-content\/uploads\/2023\/12\/A-limage-de-Quentin-Fillon-Maillet-les-Bleus-sont-en-retrait.png 1200w, https:\/\/dicodusport.fr\/blog\/wp-content\/uploads\/2023\/12\/A-limage-de-Quentin-Fillon-Maillet-les-Bleus-sont-en-retrait-300x169.png 300w, https:\/\/dicodusport.fr\/blog\/wp-content\/uploads\/2023\/12\/A-limage-de-Quentin-Fillon-Maillet-les-Bleus-sont-en-retrait-1024x575.png 1024w, https:\/\/dicodusport.fr\/blog\/wp-content\/uploads\/2023\/12\/A-limage-de-Quentin-Fillon-Maillet-les-Bleus-sont-en-retrait-768x431.png 768w\" sizes=\"auto, (max-width: 1200px) 100vw, 1200px\" \/><p id=\"caption-attachment-446440\" class=\"wp-caption-text\">\u00c0 l&rsquo;image de Quentin Fillon Maillet, les Bleus sont en retrait &#8211; Photo Icon Sport<\/p><\/div>\n<p style=\"text-align: justify;\">Cependant, cela ne s\u2019est pas r\u00e9ellement concr\u00e9tis\u00e9, notamment sur la derni\u00e8re course, la mass start, o\u00f9 les Bleus obtiendront comme meilleur r\u00e9sultat une 11\u00e8me place. Pire encore, le premier Fran\u00e7ais au g\u00e9n\u00e9ral, <strong>Quentin Fillon Maillet<\/strong><i>,<\/i> ne se trouve qu\u2019\u00e0 la 14\u00e8me place. <strong>\u00c9ric Perrot<\/strong> est 16\u00e8me, <strong>\u00c9milien<\/strong> <strong>Jacquelin<\/strong> 18\u00e8me. Une r\u00e9action sera attendue en Allemagne, \u00e0 <strong>Oberhof<\/strong> lors de la reprise, apr\u00e8s les f\u00eates de fin d\u2019ann\u00e9e.<\/p>\n<h2 style=\"text-align: justify;\">Reprise r\u00e9ussie pour Franziska Preuss<\/h2>\n<p style=\"text-align: justify;\">Lors de la derni\u00e8re saison, la biathl\u00e8te allemande avait stopp\u00e9 sa saison pr\u00e9matur\u00e9ment, malade et encha\u00eenant les contre-performances. Revenue dans le groupe au printemps, on se demandait si elle serait capable de retrouver son niveau et \u00e9galement d\u2019endosser le r\u00f4le de leader de l\u2019\u00e9quipe, apr\u00e8s l\u2019arr\u00eat de carri\u00e8re de <strong>Denise Herrmann-Wick<\/strong>.<\/p>\n<p style=\"text-align: justify;\">Et il est vrai qu\u2019elle a parfaitement soign\u00e9 son retour. Deuxi\u00e8me de l\u2019individuel d\u2019ouverture en Su\u00e8de puis 4\u00e8me du sprint, elle portera le dossard jaune, mettant fin \u00e0 2440 jours de disette pour l&rsquo;Allemagne chez les dames. La derni\u00e8re biathl\u00e8te germanique l\u2019ayant port\u00e9 \u00e9tant la grande <strong>Laura Dahlmeier<\/strong> en mars 2017. Apr\u00e8s sa 4\u00e8me place, elle montera de nouveau sur le podium (2\u00e8me), lors de la poursuite.<\/p>\n<p style=\"text-align: justify;\">Positive au Covid, elle d\u00e9clarera forfait pour les courses d\u2019<strong>Hochfilzen<\/strong>. Quelque peu affaiblie, elle obtiendra des r\u00e9sultats honorables \u00e0 <strong>Lenzerheide<\/strong> avec deux septi\u00e8mes places et une quatri\u00e8me. Apr\u00e8s trois \u00e9tapes, la biathl\u00e8te allemande se trouve au 5\u00e8me rang du classement g\u00e9n\u00e9ral, de quoi ravir son public.<\/p>\n<div id=\"attachment_446439\" style=\"width: 1210px\" class=\"wp-caption aligncenter\"><img loading=\"lazy\" decoding=\"async\" aria-describedby=\"caption-attachment-446439\" class=\"wp-image-446439 size-full\" src=\"https:\/\/dicodusport.fr\/blog\/wp-content\/uploads\/2023\/12\/Franziska-Preuss-avec-le-dossard-jaune-a-Ostersund-aux-cotes-de-sa-compatriote-Vanessa-Voigt.png\" alt=\"Franziska Preuss avec le dossard jaune \u00e0 Ostersund, aux c\u00f4t\u00e9s de sa compatriote Vanessa Voigt\" width=\"1200\" height=\"674\" srcset=\"https:\/\/dicodusport.fr\/blog\/wp-content\/uploads\/2023\/12\/Franziska-Preuss-avec-le-dossard-jaune-a-Ostersund-aux-cotes-de-sa-compatriote-Vanessa-Voigt.png 1200w, https:\/\/dicodusport.fr\/blog\/wp-content\/uploads\/2023\/12\/Franziska-Preuss-avec-le-dossard-jaune-a-Ostersund-aux-cotes-de-sa-compatriote-Vanessa-Voigt-300x169.png 300w, https:\/\/dicodusport.fr\/blog\/wp-content\/uploads\/2023\/12\/Franziska-Preuss-avec-le-dossard-jaune-a-Ostersund-aux-cotes-de-sa-compatriote-Vanessa-Voigt-1024x575.png 1024w, https:\/\/dicodusport.fr\/blog\/wp-content\/uploads\/2023\/12\/Franziska-Preuss-avec-le-dossard-jaune-a-Ostersund-aux-cotes-de-sa-compatriote-Vanessa-Voigt-768x431.png 768w\" sizes=\"auto, (max-width: 1200px) 100vw, 1200px\" \/><p id=\"caption-attachment-446439\" class=\"wp-caption-text\">Franziska Preuss avec le dossard jaune \u00e0 Ostersund, aux c\u00f4t\u00e9s de sa compatriote Vanessa Voigt &#8211; Photo Icon Sport<\/p><\/div>\n<p style=\"text-align: justify;\">Finalement, les le\u00e7ons \u00e0 retenir de ce d\u00e9but de coupe du monde ressemblent fortement \u00e0 la saison derni\u00e8re. Si le suspens sera de mire chez les femmes semble-t-il, les Norv\u00e9giens \u00e9crasent pour le moment la concurrence chez les hommes. Mais nul doute que les autres nations, notamment l\u2019Allemagne, l\u2019Italie, la Su\u00e8de ou encore la France, vont tout faire pour inverser les choses.<\/p>\n","protected":false},"excerpt":{"rendered":"<p>COUPE DU MONDE DE BIATHLON 2023-2024 &#8211; Apr\u00e8s les \u00e9tapes d\u2019Ostersund, Hochfilzen et Lenzerheide, une pause s\u2019impose pour les biathl\u00e8tes. Le retour \u00e0 la comp\u00e9tition se fera \u00e0 Oberhof le 4 janvier, avec un beau programme sprint, poursuite et relais par genre. L\u2019heure est donc venue de dresser les premiers bilans de ces quatre premi\u00e8res semaines de comp\u00e9titions.<\/p>\n","protected":false},"author":89,"featured_media":446443,"comment_status":"open","ping_status":"closed","sticky":false,"template":"","format":"standard","meta":{"_acf_changed":false,"_daextam_enable_autolinks":"1","footnotes":""},"categories":[47040],"tags":[355,2427,16878,2695,30,6898,6740,1345,9258,24],"class_list":["post-446382","post","type-post","status-publish","format-standard","has-post-thumbnail","hentry","category-coupe-du-monde-de-biathlon","tag-allemagne","tag-biathlon","tag-breve","tag-coupe-du-monde-de-biathlon","tag-france","tag-hochfilzen","tag-lenzerheide","tag-norvege","tag-ostersund","tag-sport"],"acf":[],"yoast_head":"<!-- This site is optimized with the Yoast SEO Premium plugin v26.7 (Yoast SEO v26.7) - https:\/\/yoast.com\/wordpress\/plugins\/seo\/ -->\n<title>Coupe du monde de biathlon : Quelles le\u00e7ons tirer apr\u00e8s les 3 premi\u00e8res \u00e9tapes ?<\/title>\n<meta name=\"description\" content=\"Apr\u00e8s les 3 premi\u00e8res \u00e9tapes, une pause s\u2019impose pour les biathl\u00e8tes. L\u2019heure est venue de dresser le bilan de ces 4 semaines de comp\u00e9titions.\" \/>\n<meta name=\"robots\" content=\"index, follow, max-snippet:-1, max-image-preview:large, max-video-preview:-1\" \/>\n<link rel=\"canonical\" href=\"https:\/\/dicodusport.fr\/blog\/coupe-du-monde-de-biathlon-quelles-lecons-tirer-apres-les-3-premieres-etapes\/\" \/>\n<meta property=\"og:locale\" content=\"fr_FR\" \/>\n<meta property=\"og:type\" content=\"article\" \/>\n<meta property=\"og:title\" content=\"Coupe du monde de biathlon : Quelles le\u00e7ons tirer apr\u00e8s les 3 premi\u00e8res \u00e9tapes ?\" \/>\n<meta property=\"og:description\" content=\"Apr\u00e8s les 3 premi\u00e8res \u00e9tapes, une pause s\u2019impose pour les biathl\u00e8tes. L\u2019heure est venue de dresser le bilan de ces 4 semaines de comp\u00e9titions.\" \/>\n<meta property=\"og:url\" content=\"https:\/\/dicodusport.fr\/blog\/coupe-du-monde-de-biathlon-quelles-lecons-tirer-apres-les-3-premieres-etapes\/\" \/>\n<meta property=\"og:site_name\" content=\"Dicodusport\" \/>\n<meta property=\"article:publisher\" content=\"https:\/\/www.facebook.com\/dicodusport\" \/>\n<meta property=\"article:published_time\" content=\"2023-12-19T11:08:47+00:00\" \/>\n<meta property=\"article:modified_time\" content=\"2023-12-19T11:22:51+00:00\" \/>\n<meta property=\"og:image\" content=\"https:\/\/dicodusport.fr\/blog\/wp-content\/uploads\/2023\/12\/Coupe-du-monde-de-biathlon-Quelles-lecons-tirer-apres-les-3-premieres-etapes-.png\" \/>\n\t<meta property=\"og:image:width\" content=\"1200\" \/>\n\t<meta property=\"og:image:height\" content=\"674\" \/>\n\t<meta property=\"og:image:type\" content=\"image\/png\" \/>\n<meta name=\"author\" content=\"Louka Lesueur\" \/>\n<meta name=\"twitter:card\" content=\"summary_large_image\" \/>\n<meta name=\"twitter:title\" content=\"Coupe du monde de biathlon : Quelles le\u00e7ons tirer apr\u00e8s les 3 premi\u00e8res \u00e9tapes ?\" \/>\n<meta name=\"twitter:creator\" content=\"@https:\/\/twitter.com\/LNewsSF\" \/>\n<meta name=\"twitter:site\" content=\"@dicodusport\" \/>\n<script type=\"application\/ld+json\" class=\"yoast-schema-graph\">{\"@context\":\"https:\/\/schema.org\",\"@graph\":[{\"@type\":\"NewsArticle\",\"@id\":\"https:\/\/dicodusport.fr\/blog\/coupe-du-monde-de-biathlon-quelles-lecons-tirer-apres-les-3-premieres-etapes\/#article\",\"isPartOf\":{\"@id\":\"https:\/\/dicodusport.fr\/blog\/coupe-du-monde-de-biathlon-quelles-lecons-tirer-apres-les-3-premieres-etapes\/\"},\"author\":{\"name\":\"Louka Lesueur\",\"@id\":\"https:\/\/dicodusport.fr\/blog\/#\/schema\/person\/54b6cdccebdfcd5a1036c594aecffc2a\"},\"headline\":\"Coupe du monde de biathlon : Quelles le\u00e7ons tirer apr\u00e8s les 3 premi\u00e8res \u00e9tapes ?\",\"datePublished\":\"2023-12-19T11:08:47+00:00\",\"dateModified\":\"2023-12-19T11:22:51+00:00\",\"mainEntityOfPage\":{\"@id\":\"https:\/\/dicodusport.fr\/blog\/coupe-du-monde-de-biathlon-quelles-lecons-tirer-apres-les-3-premieres-etapes\/\"},\"wordCount\":1261,\"commentCount\":0,\"publisher\":{\"@id\":\"https:\/\/dicodusport.fr\/blog\/#organization\"},\"image\":{\"@id\":\"https:\/\/dicodusport.fr\/blog\/coupe-du-monde-de-biathlon-quelles-lecons-tirer-apres-les-3-premieres-etapes\/#primaryimage\"},\"thumbnailUrl\":\"https:\/\/dicodusport.fr\/blog\/wp-content\/uploads\/2023\/12\/Coupe-du-monde-de-biathlon-Quelles-lecons-tirer-apres-les-3-premieres-etapes-.png\",\"keywords\":[\"Allemagne\",\"Biathlon\",\"br\u00e8ve\",\"Coupe du monde de Biathlon\",\"France\",\"Hochfilzen\",\"Lenzerheide\",\"Norv\u00e8ge\",\"Ostersund\",\"sport\"],\"articleSection\":[\"Coupe du monde de biathlon\"],\"inLanguage\":\"fr-FR\",\"potentialAction\":[{\"@type\":\"CommentAction\",\"name\":\"Comment\",\"target\":[\"https:\/\/dicodusport.fr\/blog\/coupe-du-monde-de-biathlon-quelles-lecons-tirer-apres-les-3-premieres-etapes\/#respond\"]}],\"copyrightYear\":\"2023\",\"copyrightHolder\":{\"@id\":\"https:\/\/dicodusport.fr\/blog\/#organization\"}},{\"@type\":\"WebPage\",\"@id\":\"https:\/\/dicodusport.fr\/blog\/coupe-du-monde-de-biathlon-quelles-lecons-tirer-apres-les-3-premieres-etapes\/\",\"url\":\"https:\/\/dicodusport.fr\/blog\/coupe-du-monde-de-biathlon-quelles-lecons-tirer-apres-les-3-premieres-etapes\/\",\"name\":\"Coupe du monde de biathlon : Quelles le\u00e7ons tirer apr\u00e8s les 3 premi\u00e8res \u00e9tapes ?\",\"isPartOf\":{\"@id\":\"https:\/\/dicodusport.fr\/blog\/#website\"},\"primaryImageOfPage\":{\"@id\":\"https:\/\/dicodusport.fr\/blog\/coupe-du-monde-de-biathlon-quelles-lecons-tirer-apres-les-3-premieres-etapes\/#primaryimage\"},\"image\":{\"@id\":\"https:\/\/dicodusport.fr\/blog\/coupe-du-monde-de-biathlon-quelles-lecons-tirer-apres-les-3-premieres-etapes\/#primaryimage\"},\"thumbnailUrl\":\"https:\/\/dicodusport.fr\/blog\/wp-content\/uploads\/2023\/12\/Coupe-du-monde-de-biathlon-Quelles-lecons-tirer-apres-les-3-premieres-etapes-.png\",\"datePublished\":\"2023-12-19T11:08:47+00:00\",\"dateModified\":\"2023-12-19T11:22:51+00:00\",\"description\":\"Apr\u00e8s les 3 premi\u00e8res \u00e9tapes, une pause s\u2019impose pour les biathl\u00e8tes. L\u2019heure est venue de dresser le bilan de ces 4 semaines de comp\u00e9titions.\",\"breadcrumb\":{\"@id\":\"https:\/\/dicodusport.fr\/blog\/coupe-du-monde-de-biathlon-quelles-lecons-tirer-apres-les-3-premieres-etapes\/#breadcrumb\"},\"inLanguage\":\"fr-FR\",\"potentialAction\":[{\"@type\":\"ReadAction\",\"target\":[\"https:\/\/dicodusport.fr\/blog\/coupe-du-monde-de-biathlon-quelles-lecons-tirer-apres-les-3-premieres-etapes\/\"]}]},{\"@type\":\"ImageObject\",\"inLanguage\":\"fr-FR\",\"@id\":\"https:\/\/dicodusport.fr\/blog\/coupe-du-monde-de-biathlon-quelles-lecons-tirer-apres-les-3-premieres-etapes\/#primaryimage\",\"url\":\"https:\/\/dicodusport.fr\/blog\/wp-content\/uploads\/2023\/12\/Coupe-du-monde-de-biathlon-Quelles-lecons-tirer-apres-les-3-premieres-etapes-.png\",\"contentUrl\":\"https:\/\/dicodusport.fr\/blog\/wp-content\/uploads\/2023\/12\/Coupe-du-monde-de-biathlon-Quelles-lecons-tirer-apres-les-3-premieres-etapes-.png\",\"width\":1200,\"height\":674,\"caption\":\"Coupe du monde de biathlon Quelles le\u00e7ons tirer apr\u00e8s les 3 premi\u00e8res \u00e9tapes\"},{\"@type\":\"BreadcrumbList\",\"@id\":\"https:\/\/dicodusport.fr\/blog\/coupe-du-monde-de-biathlon-quelles-lecons-tirer-apres-les-3-premieres-etapes\/#breadcrumb\",\"itemListElement\":[{\"@type\":\"ListItem\",\"position\":1,\"name\":\"Accueil\",\"item\":\"https:\/\/dicodusport.fr\/blog\/\"},{\"@type\":\"ListItem\",\"position\":2,\"name\":\"Coupe du monde de biathlon : Quelles le\u00e7ons tirer apr\u00e8s les 3 premi\u00e8res \u00e9tapes ?\"}]},{\"@type\":\"WebSite\",\"@id\":\"https:\/\/dicodusport.fr\/blog\/#website\",\"url\":\"https:\/\/dicodusport.fr\/blog\/\",\"name\":\"Dicodusport\",\"description\":\"L&#039;encyclop\u00e9die de l&#039;actualit\u00e9 sportive\",\"publisher\":{\"@id\":\"https:\/\/dicodusport.fr\/blog\/#organization\"},\"potentialAction\":[{\"@type\":\"SearchAction\",\"target\":{\"@type\":\"EntryPoint\",\"urlTemplate\":\"https:\/\/dicodusport.fr\/blog\/?s={search_term_string}\"},\"query-input\":{\"@type\":\"PropertyValueSpecification\",\"valueRequired\":true,\"valueName\":\"search_term_string\"}}],\"inLanguage\":\"fr-FR\"},{\"@type\":\"NewsMediaOrganization\",\"@id\":\"https:\/\/dicodusport.fr\/blog\/#organization\",\"name\":\"Dicodusport\",\"url\":\"https:\/\/dicodusport.fr\/blog\/\",\"logo\":{\"@type\":\"ImageObject\",\"inLanguage\":\"fr-FR\",\"@id\":\"https:\/\/dicodusport.fr\/blog\/#\/schema\/logo\/image\/\",\"url\":\"https:\/\/dicodusport.fr\/blog\/wp-content\/uploads\/2020\/06\/cropped-LOGO-DICODUSPORT-2020-SANS-FOND-SANS-TEXTE.png\",\"contentUrl\":\"https:\/\/dicodusport.fr\/blog\/wp-content\/uploads\/2020\/06\/cropped-LOGO-DICODUSPORT-2020-SANS-FOND-SANS-TEXTE.png\",\"width\":512,\"height\":512,\"caption\":\"Dicodusport\"},\"image\":{\"@id\":\"https:\/\/dicodusport.fr\/blog\/#\/schema\/logo\/image\/\"},\"sameAs\":[\"https:\/\/www.facebook.com\/dicodusport\",\"https:\/\/x.com\/dicodusport\",\"https:\/\/www.instagram.com\/dicodusport\/\",\"https:\/\/www.youtube.com\/channel\/UC7V2KZ5sd3htJivAbA4ZG3w\"],\"description\":\"Dicodusport est l'encyclop\u00e9die de l'actualit\u00e9 sportive.\",\"email\":\"bonjour@dicodusport.fr\",\"legalName\":\"DICODUSPORT\",\"foundingDate\":\"2018-01-14\",\"vatID\":\"FR71834470973\",\"taxID\":\"83447097300043\",\"numberOfEmployees\":{\"@type\":\"QuantitativeValue\",\"minValue\":\"1\",\"maxValue\":\"10\"}},{\"@type\":\"Person\",\"@id\":\"https:\/\/dicodusport.fr\/blog\/#\/schema\/person\/54b6cdccebdfcd5a1036c594aecffc2a\",\"name\":\"Louka Lesueur\",\"image\":{\"@type\":\"ImageObject\",\"inLanguage\":\"fr-FR\",\"@id\":\"https:\/\/dicodusport.fr\/blog\/#\/schema\/person\/image\/\",\"url\":\"https:\/\/dicodusport.fr\/blog\/wp-content\/uploads\/2023\/09\/IMG_2783-150x150.jpeg\",\"contentUrl\":\"https:\/\/dicodusport.fr\/blog\/wp-content\/uploads\/2023\/09\/IMG_2783-150x150.jpeg\",\"caption\":\"Louka Lesueur\"},\"description\":\"Passionn\u00e9 depuis tout petit par les exploits de Bolt, Fourcade, Riner, Lavillenie, Wilkinson, Hirscher. Les \u00e9motions provoqu\u00e9es par le sport ont berc\u00e9 mon enfance et continuent de le faire aujourd'hui. C'est ainsi qu'il m'est arriv\u00e9 de pleurer devant la d\u00e9faite des Bleus face aux Blacks en 2011, ou encore devant le titre olympique de Florent Manaudou \u00e0 Londres. Bien loin de ce milieu professionnel, j'ai os\u00e9 tenter ma chance pour rejoindre l'\u00e9quipe de r\u00e9daction de Dicodusport, et depuis septembre 2023, je tente de retransmettre au mieux les exploits des athl\u00e8tes, tous sports confondus. Grand chauvin, c'est bel et bien sur les sportifs tricolores que je pr\u00e9f\u00e8re \u00e9crire.\",\"sameAs\":[\"https:\/\/x.com\/https:\/\/twitter.com\/LNewsSF\"],\"gender\":\"Homme\",\"worksFor\":\"Louka LESUEUR\",\"url\":\"https:\/\/dicodusport.fr\/blog\/author\/louka-lesueur\/\"}]}<\/script>\n<!-- \/ Yoast SEO Premium plugin. -->","yoast_head_json":{"title":"Coupe du monde de biathlon : Quelles le\u00e7ons tirer apr\u00e8s les 3 premi\u00e8res \u00e9tapes ?","description":"Apr\u00e8s les 3 premi\u00e8res \u00e9tapes, une pause s\u2019impose pour les biathl\u00e8tes. L\u2019heure est venue de dresser le bilan de ces 4 semaines de comp\u00e9titions.","robots":{"index":"index","follow":"follow","max-snippet":"max-snippet:-1","max-image-preview":"max-image-preview:large","max-video-preview":"max-video-preview:-1"},"canonical":"https:\/\/dicodusport.fr\/blog\/coupe-du-monde-de-biathlon-quelles-lecons-tirer-apres-les-3-premieres-etapes\/","og_locale":"fr_FR","og_type":"article","og_title":"Coupe du monde de biathlon : Quelles le\u00e7ons tirer apr\u00e8s les 3 premi\u00e8res \u00e9tapes ?","og_description":"Apr\u00e8s les 3 premi\u00e8res \u00e9tapes, une pause s\u2019impose pour les biathl\u00e8tes. L\u2019heure est venue de dresser le bilan de ces 4 semaines de comp\u00e9titions.","og_url":"https:\/\/dicodusport.fr\/blog\/coupe-du-monde-de-biathlon-quelles-lecons-tirer-apres-les-3-premieres-etapes\/","og_site_name":"Dicodusport","article_publisher":"https:\/\/www.facebook.com\/dicodusport","article_published_time":"2023-12-19T11:08:47+00:00","article_modified_time":"2023-12-19T11:22:51+00:00","og_image":[{"width":1200,"height":674,"url":"https:\/\/dicodusport.fr\/blog\/wp-content\/uploads\/2023\/12\/Coupe-du-monde-de-biathlon-Quelles-lecons-tirer-apres-les-3-premieres-etapes-.png","type":"image\/png"}],"author":"Louka Lesueur","twitter_card":"summary_large_image","twitter_title":"Coupe du monde de biathlon : Quelles le\u00e7ons tirer apr\u00e8s les 3 premi\u00e8res \u00e9tapes ?","twitter_creator":"@https:\/\/twitter.com\/LNewsSF","twitter_site":"@dicodusport","schema":{"@context":"https:\/\/schema.org","@graph":[{"@type":"NewsArticle","@id":"https:\/\/dicodusport.fr\/blog\/coupe-du-monde-de-biathlon-quelles-lecons-tirer-apres-les-3-premieres-etapes\/#article","isPartOf":{"@id":"https:\/\/dicodusport.fr\/blog\/coupe-du-monde-de-biathlon-quelles-lecons-tirer-apres-les-3-premieres-etapes\/"},"author":{"name":"Louka Lesueur","@id":"https:\/\/dicodusport.fr\/blog\/#\/schema\/person\/54b6cdccebdfcd5a1036c594aecffc2a"},"headline":"Coupe du monde de biathlon : Quelles le\u00e7ons tirer apr\u00e8s les 3 premi\u00e8res \u00e9tapes ?","datePublished":"2023-12-19T11:08:47+00:00","dateModified":"2023-12-19T11:22:51+00:00","mainEntityOfPage":{"@id":"https:\/\/dicodusport.fr\/blog\/coupe-du-monde-de-biathlon-quelles-lecons-tirer-apres-les-3-premieres-etapes\/"},"wordCount":1261,"commentCount":0,"publisher":{"@id":"https:\/\/dicodusport.fr\/blog\/#organization"},"image":{"@id":"https:\/\/dicodusport.fr\/blog\/coupe-du-monde-de-biathlon-quelles-lecons-tirer-apres-les-3-premieres-etapes\/#primaryimage"},"thumbnailUrl":"https:\/\/dicodusport.fr\/blog\/wp-content\/uploads\/2023\/12\/Coupe-du-monde-de-biathlon-Quelles-lecons-tirer-apres-les-3-premieres-etapes-.png","keywords":["Allemagne","Biathlon","br\u00e8ve","Coupe du monde de Biathlon","France","Hochfilzen","Lenzerheide","Norv\u00e8ge","Ostersund","sport"],"articleSection":["Coupe du monde de biathlon"],"inLanguage":"fr-FR","potentialAction":[{"@type":"CommentAction","name":"Comment","target":["https:\/\/dicodusport.fr\/blog\/coupe-du-monde-de-biathlon-quelles-lecons-tirer-apres-les-3-premieres-etapes\/#respond"]}],"copyrightYear":"2023","copyrightHolder":{"@id":"https:\/\/dicodusport.fr\/blog\/#organization"}},{"@type":"WebPage","@id":"https:\/\/dicodusport.fr\/blog\/coupe-du-monde-de-biathlon-quelles-lecons-tirer-apres-les-3-premieres-etapes\/","url":"https:\/\/dicodusport.fr\/blog\/coupe-du-monde-de-biathlon-quelles-lecons-tirer-apres-les-3-premieres-etapes\/","name":"Coupe du monde de biathlon : Quelles le\u00e7ons tirer apr\u00e8s les 3 premi\u00e8res \u00e9tapes ?","isPartOf":{"@id":"https:\/\/dicodusport.fr\/blog\/#website"},"primaryImageOfPage":{"@id":"https:\/\/dicodusport.fr\/blog\/coupe-du-monde-de-biathlon-quelles-lecons-tirer-apres-les-3-premieres-etapes\/#primaryimage"},"image":{"@id":"https:\/\/dicodusport.fr\/blog\/coupe-du-monde-de-biathlon-quelles-lecons-tirer-apres-les-3-premieres-etapes\/#primaryimage"},"thumbnailUrl":"https:\/\/dicodusport.fr\/blog\/wp-content\/uploads\/2023\/12\/Coupe-du-monde-de-biathlon-Quelles-lecons-tirer-apres-les-3-premieres-etapes-.png","datePublished":"2023-12-19T11:08:47+00:00","dateModified":"2023-12-19T11:22:51+00:00","description":"Apr\u00e8s les 3 premi\u00e8res \u00e9tapes, une pause s\u2019impose pour les biathl\u00e8tes. L\u2019heure est venue de dresser le bilan de ces 4 semaines de comp\u00e9titions.","breadcrumb":{"@id":"https:\/\/dicodusport.fr\/blog\/coupe-du-monde-de-biathlon-quelles-lecons-tirer-apres-les-3-premieres-etapes\/#breadcrumb"},"inLanguage":"fr-FR","potentialAction":[{"@type":"ReadAction","target":["https:\/\/dicodusport.fr\/blog\/coupe-du-monde-de-biathlon-quelles-lecons-tirer-apres-les-3-premieres-etapes\/"]}]},{"@type":"ImageObject","inLanguage":"fr-FR","@id":"https:\/\/dicodusport.fr\/blog\/coupe-du-monde-de-biathlon-quelles-lecons-tirer-apres-les-3-premieres-etapes\/#primaryimage","url":"https:\/\/dicodusport.fr\/blog\/wp-content\/uploads\/2023\/12\/Coupe-du-monde-de-biathlon-Quelles-lecons-tirer-apres-les-3-premieres-etapes-.png","contentUrl":"https:\/\/dicodusport.fr\/blog\/wp-content\/uploads\/2023\/12\/Coupe-du-monde-de-biathlon-Quelles-lecons-tirer-apres-les-3-premieres-etapes-.png","width":1200,"height":674,"caption":"Coupe du monde de biathlon Quelles le\u00e7ons tirer apr\u00e8s les 3 premi\u00e8res \u00e9tapes"},{"@type":"BreadcrumbList","@id":"https:\/\/dicodusport.fr\/blog\/coupe-du-monde-de-biathlon-quelles-lecons-tirer-apres-les-3-premieres-etapes\/#breadcrumb","itemListElement":[{"@type":"ListItem","position":1,"name":"Accueil","item":"https:\/\/dicodusport.fr\/blog\/"},{"@type":"ListItem","position":2,"name":"Coupe du monde de biathlon : Quelles le\u00e7ons tirer apr\u00e8s les 3 premi\u00e8res \u00e9tapes ?"}]},{"@type":"WebSite","@id":"https:\/\/dicodusport.fr\/blog\/#website","url":"https:\/\/dicodusport.fr\/blog\/","name":"Dicodusport","description":"L&#039;encyclop\u00e9die de l&#039;actualit\u00e9 sportive","publisher":{"@id":"https:\/\/dicodusport.fr\/blog\/#organization"},"potentialAction":[{"@type":"SearchAction","target":{"@type":"EntryPoint","urlTemplate":"https:\/\/dicodusport.fr\/blog\/?s={search_term_string}"},"query-input":{"@type":"PropertyValueSpecification","valueRequired":true,"valueName":"search_term_string"}}],"inLanguage":"fr-FR"},{"@type":"NewsMediaOrganization","@id":"https:\/\/dicodusport.fr\/blog\/#organization","name":"Dicodusport","url":"https:\/\/dicodusport.fr\/blog\/","logo":{"@type":"ImageObject","inLanguage":"fr-FR","@id":"https:\/\/dicodusport.fr\/blog\/#\/schema\/logo\/image\/","url":"https:\/\/dicodusport.fr\/blog\/wp-content\/uploads\/2020\/06\/cropped-LOGO-DICODUSPORT-2020-SANS-FOND-SANS-TEXTE.png","contentUrl":"https:\/\/dicodusport.fr\/blog\/wp-content\/uploads\/2020\/06\/cropped-LOGO-DICODUSPORT-2020-SANS-FOND-SANS-TEXTE.png","width":512,"height":512,"caption":"Dicodusport"},"image":{"@id":"https:\/\/dicodusport.fr\/blog\/#\/schema\/logo\/image\/"},"sameAs":["https:\/\/www.facebook.com\/dicodusport","https:\/\/x.com\/dicodusport","https:\/\/www.instagram.com\/dicodusport\/","https:\/\/www.youtube.com\/channel\/UC7V2KZ5sd3htJivAbA4ZG3w"],"description":"Dicodusport est l'encyclop\u00e9die de l'actualit\u00e9 sportive.","email":"bonjour@dicodusport.fr","legalName":"DICODUSPORT","foundingDate":"2018-01-14","vatID":"FR71834470973","taxID":"83447097300043","numberOfEmployees":{"@type":"QuantitativeValue","minValue":"1","maxValue":"10"}},{"@type":"Person","@id":"https:\/\/dicodusport.fr\/blog\/#\/schema\/person\/54b6cdccebdfcd5a1036c594aecffc2a","name":"Louka Lesueur","image":{"@type":"ImageObject","inLanguage":"fr-FR","@id":"https:\/\/dicodusport.fr\/blog\/#\/schema\/person\/image\/","url":"https:\/\/dicodusport.fr\/blog\/wp-content\/uploads\/2023\/09\/IMG_2783-150x150.jpeg","contentUrl":"https:\/\/dicodusport.fr\/blog\/wp-content\/uploads\/2023\/09\/IMG_2783-150x150.jpeg","caption":"Louka Lesueur"},"description":"Passionn\u00e9 depuis tout petit par les exploits de Bolt, Fourcade, Riner, Lavillenie, Wilkinson, Hirscher. Les \u00e9motions provoqu\u00e9es par le sport ont berc\u00e9 mon enfance et continuent de le faire aujourd'hui. C'est ainsi qu'il m'est arriv\u00e9 de pleurer devant la d\u00e9faite des Bleus face aux Blacks en 2011, ou encore devant le titre olympique de Florent Manaudou \u00e0 Londres. Bien loin de ce milieu professionnel, j'ai os\u00e9 tenter ma chance pour rejoindre l'\u00e9quipe de r\u00e9daction de Dicodusport, et depuis septembre 2023, je tente de retransmettre au mieux les exploits des athl\u00e8tes, tous sports confondus. Grand chauvin, c'est bel et bien sur les sportifs tricolores que je pr\u00e9f\u00e8re \u00e9crire.","sameAs":["https:\/\/x.com\/https:\/\/twitter.com\/LNewsSF"],"gender":"Homme","worksFor":"Louka LESUEUR","url":"https:\/\/dicodusport.fr\/blog\/author\/louka-lesueur\/"}]}},"_links":{"self":[{"href":"https:\/\/dicodusport.fr\/blog\/wp-json\/wp\/v2\/posts\/446382","targetHints":{"allow":["GET"]}}],"collection":[{"href":"https:\/\/dicodusport.fr\/blog\/wp-json\/wp\/v2\/posts"}],"about":[{"href":"https:\/\/dicodusport.fr\/blog\/wp-json\/wp\/v2\/types\/post"}],"author":[{"embeddable":true,"href":"https:\/\/dicodusport.fr\/blog\/wp-json\/wp\/v2\/users\/89"}],"replies":[{"embeddable":true,"href":"https:\/\/dicodusport.fr\/blog\/wp-json\/wp\/v2\/comments?post=446382"}],"version-history":[{"count":5,"href":"https:\/\/dicodusport.fr\/blog\/wp-json\/wp\/v2\/posts\/446382\/revisions"}],"predecessor-version":[{"id":446445,"href":"https:\/\/dicodusport.fr\/blog\/wp-json\/wp\/v2\/posts\/446382\/revisions\/446445"}],"wp:featuredmedia":[{"embeddable":true,"href":"https:\/\/dicodusport.fr\/blog\/wp-json\/wp\/v2\/media\/446443"}],"wp:attachment":[{"href":"https:\/\/dicodusport.fr\/blog\/wp-json\/wp\/v2\/media?parent=446382"}],"wp:term":[{"taxonomy":"category","embeddable":true,"href":"https:\/\/dicodusport.fr\/blog\/wp-json\/wp\/v2\/categories?post=446382"},{"taxonomy":"post_tag","embeddable":true,"href":"https:\/\/dicodusport.fr\/blog\/wp-json\/wp\/v2\/tags?post=446382"}],"curies":[{"name":"wp","href":"https:\/\/api.w.org\/{rel}","templated":true}]}}