{"id":446398,"date":"2023-12-18T18:22:36","date_gmt":"2023-12-18T17:22:36","guid":{"rendered":"https:\/\/dicodusport.fr\/blog\/?p=446398&#038;preview=true&#038;preview_id=446398"},"modified":"2023-12-18T18:30:53","modified_gmt":"2023-12-18T17:30:53","slug":"transferts-cyclisme-lorenzo-milesi-prend-la-direction-de-movistar","status":"publish","type":"post","link":"https:\/\/dicodusport.fr\/blog\/transferts-cyclisme-lorenzo-milesi-prend-la-direction-de-movistar\/","title":{"rendered":"Transferts Cyclisme : Lorenzo Milesi prend la direction de Movistar"},"content":{"rendered":"<p style=\"text-align: justify;\"><em><b>CYCLISME SUR ROUTE 2024 &#8211; Apr\u00e8s seulement une saison professionnelle sous les couleurs de DSM-Firmenich, Lorenzo Milesi va quitter la formation n\u00e9erlandaise pour rejoindre la Movistar.<\/b><\/em><\/p>\n<p style=\"text-align: justify;\">Coup dur pour la <strong>DSM-Firmenich<\/strong>. Ce lundi, la formation n\u00e9erlandaise a officialis\u00e9 la rupture du contrat de son jeune coureur italien <strong>Lorenzo Milesi<\/strong>. \u00c0 seulement 21 ans, ce dernier venait de livrer une tr\u00e8s belle premi\u00e8re saison en professionnel. Maillot rouge sur la 1e \u00e9tape de la Vuelta suite au contre-la-montre par \u00e9quipes remport\u00e9 par sa formation, il a surtout r\u00e9ussi \u00e0 d\u00e9crocher <a href=\"https:\/\/dicodusport.fr\/blog\/cyclisme-championnats-du-monde-2023-lorenzo-milesi-champion-du-monde-du-contre-la-montre-chez-les-espoirs\/\">l&rsquo;or sur le contre-la-montre des championnats du monde Espoirs<\/a>.<\/p>\n<p style=\"text-align: justify;\">Sous contrat jusqu&rsquo;en 2025, l&rsquo;Italien \u00e9tait annonc\u00e9 sur le d\u00e9part depuis plusieurs mois d\u00e9j\u00e0. Ces derniers temps, il \u00e9tait m\u00eame annonc\u00e9 avec insistance du c\u00f4t\u00e9 de la formation <strong>INEOS Grenadiers<\/strong>, mais cette derni\u00e8re s&rsquo;est donc fait damer le pion par la <strong>Movistar<\/strong>. Si les Espagnols n&rsquo;ont encore rien confirm\u00e9, la DSM-Firmenich l&rsquo;a fait pour eux. L&rsquo;annonce officielle devrait intervenir jeudi \u00e0 l&rsquo;occasion de la pr\u00e9sentation de l&rsquo;\u00e9quipe pour la saison 2024.<\/p>\n<blockquote class=\"twitter-tweet\">\n<p dir=\"ltr\" lang=\"en\">Today we announce that Lorenzo Milesi will transfer to a new team for the 2024 season and beyond. Thank you for the past 2 years Lorenzo, and good luck with what&rsquo;s next!<\/p>\n<p>Click through to read more \ud83d\udc47\ud83c\udffb<\/p>\n<p>\u2014 Team dsm-firmenich (@TDSM_Firmenich) <a href=\"https:\/\/twitter.com\/TDSM_Firmenich\/status\/1736770867391090713?ref_src=twsrc%5Etfw\">December 18, 2023<\/a><\/p><\/blockquote>\n<p><script async src=\"https:\/\/platform.twitter.com\/widgets.js\" charset=\"utf-8\"><\/script><\/p>\n","protected":false},"excerpt":{"rendered":"<p>CYCLISME SUR ROUTE 2024 &#8211; Apr\u00e8s seulement une saison professionnelle sous les couleurs de DSM-Firmenich, Lorenzo Milesi va quitter la formation n\u00e9erlandaise pour rejoindre la Movistar.<\/p>\n","protected":false},"author":55,"featured_media":446400,"comment_status":"open","ping_status":"closed","sticky":false,"template":"","format":"standard","meta":{"_acf_changed":false,"_daextam_enable_autolinks":"1","footnotes":""},"categories":[46994],"tags":[16878,574,8386,5354],"class_list":["post-446398","post","type-post","status-publish","format-standard","has-post-thumbnail","hentry","category-cyclisme-sur-route","tag-breve","tag-cyclisme","tag-mercato-cyclisme","tag-movistar"],"acf":[],"yoast_head":"<!-- This site is optimized with the Yoast SEO Premium plugin v26.7 (Yoast SEO v26.7) - https:\/\/yoast.com\/wordpress\/plugins\/seo\/ -->\n<title>Transferts Cyclisme : Lorenzo Milesi prend la direction de Movistar<\/title>\n<meta name=\"description\" content=\"CYCLISME SUR ROUTE 2024 - Le coureur italien Lorenzo Milesi quitte la DSM-Firmenich et devrait s&#039;engager avec la Movistar.\" \/>\n<meta name=\"robots\" content=\"index, follow, max-snippet:-1, max-image-preview:large, max-video-preview:-1\" \/>\n<link rel=\"canonical\" href=\"https:\/\/dicodusport.fr\/blog\/transferts-cyclisme-lorenzo-milesi-prend-la-direction-de-movistar\/\" \/>\n<meta property=\"og:locale\" content=\"fr_FR\" \/>\n<meta property=\"og:type\" content=\"article\" \/>\n<meta property=\"og:title\" content=\"Transferts Cyclisme : Lorenzo Milesi prend la direction de Movistar\" \/>\n<meta property=\"og:description\" content=\"CYCLISME SUR ROUTE 2024 - Le coureur italien Lorenzo Milesi quitte la DSM-Firmenich et devrait s&#039;engager avec la Movistar.\" \/>\n<meta property=\"og:url\" content=\"https:\/\/dicodusport.fr\/blog\/transferts-cyclisme-lorenzo-milesi-prend-la-direction-de-movistar\/\" \/>\n<meta property=\"og:site_name\" content=\"Dicodusport\" \/>\n<meta property=\"article:publisher\" content=\"https:\/\/www.facebook.com\/dicodusport\" \/>\n<meta property=\"article:published_time\" content=\"2023-12-18T17:22:36+00:00\" \/>\n<meta property=\"article:modified_time\" content=\"2023-12-18T17:30:53+00:00\" \/>\n<meta property=\"og:image\" content=\"https:\/\/dicodusport.fr\/blog\/wp-content\/uploads\/2023\/12\/Transferts-Cyclisme-Lorenzo-Milesi-prend-la-direction-de-Movistar.png\" \/>\n\t<meta property=\"og:image:width\" content=\"1200\" \/>\n\t<meta property=\"og:image:height\" content=\"674\" \/>\n\t<meta property=\"og:image:type\" content=\"image\/png\" \/>\n<meta name=\"author\" content=\"Maxime Cazenave\" \/>\n<meta name=\"twitter:card\" content=\"summary_large_image\" \/>\n<meta name=\"twitter:title\" content=\"Transferts Cyclisme : Lorenzo Milesi prend la direction de Movistar\" \/>\n<meta name=\"twitter:creator\" content=\"@https:\/\/twitter.com\/Maxime_Caze\" \/>\n<meta name=\"twitter:site\" content=\"@dicodusport\" \/>\n<script type=\"application\/ld+json\" class=\"yoast-schema-graph\">{\"@context\":\"https:\/\/schema.org\",\"@graph\":[{\"@type\":\"NewsArticle\",\"@id\":\"https:\/\/dicodusport.fr\/blog\/transferts-cyclisme-lorenzo-milesi-prend-la-direction-de-movistar\/#article\",\"isPartOf\":{\"@id\":\"https:\/\/dicodusport.fr\/blog\/transferts-cyclisme-lorenzo-milesi-prend-la-direction-de-movistar\/\"},\"author\":{\"name\":\"Maxime Cazenave\",\"@id\":\"https:\/\/dicodusport.fr\/blog\/#\/schema\/person\/37def232098a7a5cbab3974a3690abb0\"},\"headline\":\"Transferts Cyclisme : Lorenzo Milesi prend la direction de Movistar\",\"datePublished\":\"2023-12-18T17:22:36+00:00\",\"dateModified\":\"2023-12-18T17:30:53+00:00\",\"mainEntityOfPage\":{\"@id\":\"https:\/\/dicodusport.fr\/blog\/transferts-cyclisme-lorenzo-milesi-prend-la-direction-de-movistar\/\"},\"wordCount\":234,\"commentCount\":0,\"publisher\":{\"@id\":\"https:\/\/dicodusport.fr\/blog\/#organization\"},\"image\":{\"@id\":\"https:\/\/dicodusport.fr\/blog\/transferts-cyclisme-lorenzo-milesi-prend-la-direction-de-movistar\/#primaryimage\"},\"thumbnailUrl\":\"https:\/\/dicodusport.fr\/blog\/wp-content\/uploads\/2023\/12\/Transferts-Cyclisme-Lorenzo-Milesi-prend-la-direction-de-Movistar.png\",\"keywords\":[\"br\u00e8ve\",\"Cyclisme\",\"Mercato Cyclisme\",\"Movistar\"],\"articleSection\":[\"Cyclisme sur route\"],\"inLanguage\":\"fr-FR\",\"potentialAction\":[{\"@type\":\"CommentAction\",\"name\":\"Comment\",\"target\":[\"https:\/\/dicodusport.fr\/blog\/transferts-cyclisme-lorenzo-milesi-prend-la-direction-de-movistar\/#respond\"]}],\"copyrightYear\":\"2023\",\"copyrightHolder\":{\"@id\":\"https:\/\/dicodusport.fr\/blog\/#organization\"}},{\"@type\":\"WebPage\",\"@id\":\"https:\/\/dicodusport.fr\/blog\/transferts-cyclisme-lorenzo-milesi-prend-la-direction-de-movistar\/\",\"url\":\"https:\/\/dicodusport.fr\/blog\/transferts-cyclisme-lorenzo-milesi-prend-la-direction-de-movistar\/\",\"name\":\"Transferts Cyclisme : Lorenzo Milesi prend la direction de Movistar\",\"isPartOf\":{\"@id\":\"https:\/\/dicodusport.fr\/blog\/#website\"},\"primaryImageOfPage\":{\"@id\":\"https:\/\/dicodusport.fr\/blog\/transferts-cyclisme-lorenzo-milesi-prend-la-direction-de-movistar\/#primaryimage\"},\"image\":{\"@id\":\"https:\/\/dicodusport.fr\/blog\/transferts-cyclisme-lorenzo-milesi-prend-la-direction-de-movistar\/#primaryimage\"},\"thumbnailUrl\":\"https:\/\/dicodusport.fr\/blog\/wp-content\/uploads\/2023\/12\/Transferts-Cyclisme-Lorenzo-Milesi-prend-la-direction-de-Movistar.png\",\"datePublished\":\"2023-12-18T17:22:36+00:00\",\"dateModified\":\"2023-12-18T17:30:53+00:00\",\"description\":\"CYCLISME SUR ROUTE 2024 - Le coureur italien Lorenzo Milesi quitte la DSM-Firmenich et devrait s'engager avec la Movistar.\",\"breadcrumb\":{\"@id\":\"https:\/\/dicodusport.fr\/blog\/transferts-cyclisme-lorenzo-milesi-prend-la-direction-de-movistar\/#breadcrumb\"},\"inLanguage\":\"fr-FR\",\"potentialAction\":[{\"@type\":\"ReadAction\",\"target\":[\"https:\/\/dicodusport.fr\/blog\/transferts-cyclisme-lorenzo-milesi-prend-la-direction-de-movistar\/\"]}]},{\"@type\":\"ImageObject\",\"inLanguage\":\"fr-FR\",\"@id\":\"https:\/\/dicodusport.fr\/blog\/transferts-cyclisme-lorenzo-milesi-prend-la-direction-de-movistar\/#primaryimage\",\"url\":\"https:\/\/dicodusport.fr\/blog\/wp-content\/uploads\/2023\/12\/Transferts-Cyclisme-Lorenzo-Milesi-prend-la-direction-de-Movistar.png\",\"contentUrl\":\"https:\/\/dicodusport.fr\/blog\/wp-content\/uploads\/2023\/12\/Transferts-Cyclisme-Lorenzo-Milesi-prend-la-direction-de-Movistar.png\",\"width\":1200,\"height\":674,\"caption\":\"Transferts Cyclisme : Lorenzo Milesi prend la direction de Movistar\"},{\"@type\":\"BreadcrumbList\",\"@id\":\"https:\/\/dicodusport.fr\/blog\/transferts-cyclisme-lorenzo-milesi-prend-la-direction-de-movistar\/#breadcrumb\",\"itemListElement\":[{\"@type\":\"ListItem\",\"position\":1,\"name\":\"Accueil\",\"item\":\"https:\/\/dicodusport.fr\/blog\/\"},{\"@type\":\"ListItem\",\"position\":2,\"name\":\"Transferts Cyclisme : Lorenzo Milesi prend la direction de Movistar\"}]},{\"@type\":\"WebSite\",\"@id\":\"https:\/\/dicodusport.fr\/blog\/#website\",\"url\":\"https:\/\/dicodusport.fr\/blog\/\",\"name\":\"Dicodusport\",\"description\":\"L&#039;encyclop\u00e9die de l&#039;actualit\u00e9 sportive\",\"publisher\":{\"@id\":\"https:\/\/dicodusport.fr\/blog\/#organization\"},\"potentialAction\":[{\"@type\":\"SearchAction\",\"target\":{\"@type\":\"EntryPoint\",\"urlTemplate\":\"https:\/\/dicodusport.fr\/blog\/?s={search_term_string}\"},\"query-input\":{\"@type\":\"PropertyValueSpecification\",\"valueRequired\":true,\"valueName\":\"search_term_string\"}}],\"inLanguage\":\"fr-FR\"},{\"@type\":\"NewsMediaOrganization\",\"@id\":\"https:\/\/dicodusport.fr\/blog\/#organization\",\"name\":\"Dicodusport\",\"url\":\"https:\/\/dicodusport.fr\/blog\/\",\"logo\":{\"@type\":\"ImageObject\",\"inLanguage\":\"fr-FR\",\"@id\":\"https:\/\/dicodusport.fr\/blog\/#\/schema\/logo\/image\/\",\"url\":\"https:\/\/dicodusport.fr\/blog\/wp-content\/uploads\/2020\/06\/cropped-LOGO-DICODUSPORT-2020-SANS-FOND-SANS-TEXTE.png\",\"contentUrl\":\"https:\/\/dicodusport.fr\/blog\/wp-content\/uploads\/2020\/06\/cropped-LOGO-DICODUSPORT-2020-SANS-FOND-SANS-TEXTE.png\",\"width\":512,\"height\":512,\"caption\":\"Dicodusport\"},\"image\":{\"@id\":\"https:\/\/dicodusport.fr\/blog\/#\/schema\/logo\/image\/\"},\"sameAs\":[\"https:\/\/www.facebook.com\/dicodusport\",\"https:\/\/x.com\/dicodusport\",\"https:\/\/www.instagram.com\/dicodusport\/\",\"https:\/\/www.youtube.com\/channel\/UC7V2KZ5sd3htJivAbA4ZG3w\"],\"description\":\"Dicodusport est l'encyclop\u00e9die de l'actualit\u00e9 sportive.\",\"email\":\"bonjour@dicodusport.fr\",\"legalName\":\"DICODUSPORT\",\"foundingDate\":\"2018-01-14\",\"vatID\":\"FR71834470973\",\"taxID\":\"83447097300043\",\"numberOfEmployees\":{\"@type\":\"QuantitativeValue\",\"minValue\":\"1\",\"maxValue\":\"10\"}},{\"@type\":\"Person\",\"@id\":\"https:\/\/dicodusport.fr\/blog\/#\/schema\/person\/37def232098a7a5cbab3974a3690abb0\",\"name\":\"Maxime Cazenave\",\"image\":{\"@type\":\"ImageObject\",\"inLanguage\":\"fr-FR\",\"@id\":\"https:\/\/dicodusport.fr\/blog\/#\/schema\/person\/image\/\",\"url\":\"https:\/\/dicodusport.fr\/blog\/wp-content\/uploads\/2021\/05\/Maxime-Cazenave-150x150.jpg\",\"contentUrl\":\"https:\/\/dicodusport.fr\/blog\/wp-content\/uploads\/2021\/05\/Maxime-Cazenave-150x150.jpg\",\"caption\":\"Maxime Cazenave\"},\"description\":\"Journaliste\/R\u00e9dacteur depuis 2012 - Berc\u00e9 par l\u2019amour des Girondins de Bordeaux, les \u00e9checs de Christophe Moreau sur le Tour de France sous l'\u00e8re Lance Armstrong et le fade-away l\u00e9tal de Dirk Nowitzki, ma passion d\u00e9vorante pour le sport a toujours \u00e9t\u00e9 un pan incontournable de ma vie. Transmettre ma passion \u00e0 l\u2019\u00e9crit a \u00e9t\u00e9 une transition naturelle. Suiveur assidu de basket et de hockey sur glace, je garde toujours un peu de place pour suivre le cyclisme, le football et le maximum de performances fran\u00e7aises.\",\"sameAs\":[\"https:\/\/x.com\/https:\/\/twitter.com\/Maxime_Caze\"],\"url\":\"https:\/\/dicodusport.fr\/blog\/author\/maximec\/\"}]}<\/script>\n<!-- \/ Yoast SEO Premium plugin. -->","yoast_head_json":{"title":"Transferts Cyclisme : Lorenzo Milesi prend la direction de Movistar","description":"CYCLISME SUR ROUTE 2024 - Le coureur italien Lorenzo Milesi quitte la DSM-Firmenich et devrait s'engager avec la Movistar.","robots":{"index":"index","follow":"follow","max-snippet":"max-snippet:-1","max-image-preview":"max-image-preview:large","max-video-preview":"max-video-preview:-1"},"canonical":"https:\/\/dicodusport.fr\/blog\/transferts-cyclisme-lorenzo-milesi-prend-la-direction-de-movistar\/","og_locale":"fr_FR","og_type":"article","og_title":"Transferts Cyclisme : Lorenzo Milesi prend la direction de Movistar","og_description":"CYCLISME SUR ROUTE 2024 - Le coureur italien Lorenzo Milesi quitte la DSM-Firmenich et devrait s'engager avec la Movistar.","og_url":"https:\/\/dicodusport.fr\/blog\/transferts-cyclisme-lorenzo-milesi-prend-la-direction-de-movistar\/","og_site_name":"Dicodusport","article_publisher":"https:\/\/www.facebook.com\/dicodusport","article_published_time":"2023-12-18T17:22:36+00:00","article_modified_time":"2023-12-18T17:30:53+00:00","og_image":[{"width":1200,"height":674,"url":"https:\/\/dicodusport.fr\/blog\/wp-content\/uploads\/2023\/12\/Transferts-Cyclisme-Lorenzo-Milesi-prend-la-direction-de-Movistar.png","type":"image\/png"}],"author":"Maxime Cazenave","twitter_card":"summary_large_image","twitter_title":"Transferts Cyclisme : Lorenzo Milesi prend la direction de Movistar","twitter_creator":"@https:\/\/twitter.com\/Maxime_Caze","twitter_site":"@dicodusport","schema":{"@context":"https:\/\/schema.org","@graph":[{"@type":"NewsArticle","@id":"https:\/\/dicodusport.fr\/blog\/transferts-cyclisme-lorenzo-milesi-prend-la-direction-de-movistar\/#article","isPartOf":{"@id":"https:\/\/dicodusport.fr\/blog\/transferts-cyclisme-lorenzo-milesi-prend-la-direction-de-movistar\/"},"author":{"name":"Maxime Cazenave","@id":"https:\/\/dicodusport.fr\/blog\/#\/schema\/person\/37def232098a7a5cbab3974a3690abb0"},"headline":"Transferts Cyclisme : Lorenzo Milesi prend la direction de Movistar","datePublished":"2023-12-18T17:22:36+00:00","dateModified":"2023-12-18T17:30:53+00:00","mainEntityOfPage":{"@id":"https:\/\/dicodusport.fr\/blog\/transferts-cyclisme-lorenzo-milesi-prend-la-direction-de-movistar\/"},"wordCount":234,"commentCount":0,"publisher":{"@id":"https:\/\/dicodusport.fr\/blog\/#organization"},"image":{"@id":"https:\/\/dicodusport.fr\/blog\/transferts-cyclisme-lorenzo-milesi-prend-la-direction-de-movistar\/#primaryimage"},"thumbnailUrl":"https:\/\/dicodusport.fr\/blog\/wp-content\/uploads\/2023\/12\/Transferts-Cyclisme-Lorenzo-Milesi-prend-la-direction-de-Movistar.png","keywords":["br\u00e8ve","Cyclisme","Mercato Cyclisme","Movistar"],"articleSection":["Cyclisme sur route"],"inLanguage":"fr-FR","potentialAction":[{"@type":"CommentAction","name":"Comment","target":["https:\/\/dicodusport.fr\/blog\/transferts-cyclisme-lorenzo-milesi-prend-la-direction-de-movistar\/#respond"]}],"copyrightYear":"2023","copyrightHolder":{"@id":"https:\/\/dicodusport.fr\/blog\/#organization"}},{"@type":"WebPage","@id":"https:\/\/dicodusport.fr\/blog\/transferts-cyclisme-lorenzo-milesi-prend-la-direction-de-movistar\/","url":"https:\/\/dicodusport.fr\/blog\/transferts-cyclisme-lorenzo-milesi-prend-la-direction-de-movistar\/","name":"Transferts Cyclisme : Lorenzo Milesi prend la direction de Movistar","isPartOf":{"@id":"https:\/\/dicodusport.fr\/blog\/#website"},"primaryImageOfPage":{"@id":"https:\/\/dicodusport.fr\/blog\/transferts-cyclisme-lorenzo-milesi-prend-la-direction-de-movistar\/#primaryimage"},"image":{"@id":"https:\/\/dicodusport.fr\/blog\/transferts-cyclisme-lorenzo-milesi-prend-la-direction-de-movistar\/#primaryimage"},"thumbnailUrl":"https:\/\/dicodusport.fr\/blog\/wp-content\/uploads\/2023\/12\/Transferts-Cyclisme-Lorenzo-Milesi-prend-la-direction-de-Movistar.png","datePublished":"2023-12-18T17:22:36+00:00","dateModified":"2023-12-18T17:30:53+00:00","description":"CYCLISME SUR ROUTE 2024 - Le coureur italien Lorenzo Milesi quitte la DSM-Firmenich et devrait s'engager avec la Movistar.","breadcrumb":{"@id":"https:\/\/dicodusport.fr\/blog\/transferts-cyclisme-lorenzo-milesi-prend-la-direction-de-movistar\/#breadcrumb"},"inLanguage":"fr-FR","potentialAction":[{"@type":"ReadAction","target":["https:\/\/dicodusport.fr\/blog\/transferts-cyclisme-lorenzo-milesi-prend-la-direction-de-movistar\/"]}]},{"@type":"ImageObject","inLanguage":"fr-FR","@id":"https:\/\/dicodusport.fr\/blog\/transferts-cyclisme-lorenzo-milesi-prend-la-direction-de-movistar\/#primaryimage","url":"https:\/\/dicodusport.fr\/blog\/wp-content\/uploads\/2023\/12\/Transferts-Cyclisme-Lorenzo-Milesi-prend-la-direction-de-Movistar.png","contentUrl":"https:\/\/dicodusport.fr\/blog\/wp-content\/uploads\/2023\/12\/Transferts-Cyclisme-Lorenzo-Milesi-prend-la-direction-de-Movistar.png","width":1200,"height":674,"caption":"Transferts Cyclisme : Lorenzo Milesi prend la direction de Movistar"},{"@type":"BreadcrumbList","@id":"https:\/\/dicodusport.fr\/blog\/transferts-cyclisme-lorenzo-milesi-prend-la-direction-de-movistar\/#breadcrumb","itemListElement":[{"@type":"ListItem","position":1,"name":"Accueil","item":"https:\/\/dicodusport.fr\/blog\/"},{"@type":"ListItem","position":2,"name":"Transferts Cyclisme : Lorenzo Milesi prend la direction de Movistar"}]},{"@type":"WebSite","@id":"https:\/\/dicodusport.fr\/blog\/#website","url":"https:\/\/dicodusport.fr\/blog\/","name":"Dicodusport","description":"L&#039;encyclop\u00e9die de l&#039;actualit\u00e9 sportive","publisher":{"@id":"https:\/\/dicodusport.fr\/blog\/#organization"},"potentialAction":[{"@type":"SearchAction","target":{"@type":"EntryPoint","urlTemplate":"https:\/\/dicodusport.fr\/blog\/?s={search_term_string}"},"query-input":{"@type":"PropertyValueSpecification","valueRequired":true,"valueName":"search_term_string"}}],"inLanguage":"fr-FR"},{"@type":"NewsMediaOrganization","@id":"https:\/\/dicodusport.fr\/blog\/#organization","name":"Dicodusport","url":"https:\/\/dicodusport.fr\/blog\/","logo":{"@type":"ImageObject","inLanguage":"fr-FR","@id":"https:\/\/dicodusport.fr\/blog\/#\/schema\/logo\/image\/","url":"https:\/\/dicodusport.fr\/blog\/wp-content\/uploads\/2020\/06\/cropped-LOGO-DICODUSPORT-2020-SANS-FOND-SANS-TEXTE.png","contentUrl":"https:\/\/dicodusport.fr\/blog\/wp-content\/uploads\/2020\/06\/cropped-LOGO-DICODUSPORT-2020-SANS-FOND-SANS-TEXTE.png","width":512,"height":512,"caption":"Dicodusport"},"image":{"@id":"https:\/\/dicodusport.fr\/blog\/#\/schema\/logo\/image\/"},"sameAs":["https:\/\/www.facebook.com\/dicodusport","https:\/\/x.com\/dicodusport","https:\/\/www.instagram.com\/dicodusport\/","https:\/\/www.youtube.com\/channel\/UC7V2KZ5sd3htJivAbA4ZG3w"],"description":"Dicodusport est l'encyclop\u00e9die de l'actualit\u00e9 sportive.","email":"bonjour@dicodusport.fr","legalName":"DICODUSPORT","foundingDate":"2018-01-14","vatID":"FR71834470973","taxID":"83447097300043","numberOfEmployees":{"@type":"QuantitativeValue","minValue":"1","maxValue":"10"}},{"@type":"Person","@id":"https:\/\/dicodusport.fr\/blog\/#\/schema\/person\/37def232098a7a5cbab3974a3690abb0","name":"Maxime Cazenave","image":{"@type":"ImageObject","inLanguage":"fr-FR","@id":"https:\/\/dicodusport.fr\/blog\/#\/schema\/person\/image\/","url":"https:\/\/dicodusport.fr\/blog\/wp-content\/uploads\/2021\/05\/Maxime-Cazenave-150x150.jpg","contentUrl":"https:\/\/dicodusport.fr\/blog\/wp-content\/uploads\/2021\/05\/Maxime-Cazenave-150x150.jpg","caption":"Maxime Cazenave"},"description":"Journaliste\/R\u00e9dacteur depuis 2012 - Berc\u00e9 par l\u2019amour des Girondins de Bordeaux, les \u00e9checs de Christophe Moreau sur le Tour de France sous l'\u00e8re Lance Armstrong et le fade-away l\u00e9tal de Dirk Nowitzki, ma passion d\u00e9vorante pour le sport a toujours \u00e9t\u00e9 un pan incontournable de ma vie. Transmettre ma passion \u00e0 l\u2019\u00e9crit a \u00e9t\u00e9 une transition naturelle. Suiveur assidu de basket et de hockey sur glace, je garde toujours un peu de place pour suivre le cyclisme, le football et le maximum de performances fran\u00e7aises.","sameAs":["https:\/\/x.com\/https:\/\/twitter.com\/Maxime_Caze"],"url":"https:\/\/dicodusport.fr\/blog\/author\/maximec\/"}]}},"_links":{"self":[{"href":"https:\/\/dicodusport.fr\/blog\/wp-json\/wp\/v2\/posts\/446398","targetHints":{"allow":["GET"]}}],"collection":[{"href":"https:\/\/dicodusport.fr\/blog\/wp-json\/wp\/v2\/posts"}],"about":[{"href":"https:\/\/dicodusport.fr\/blog\/wp-json\/wp\/v2\/types\/post"}],"author":[{"embeddable":true,"href":"https:\/\/dicodusport.fr\/blog\/wp-json\/wp\/v2\/users\/55"}],"replies":[{"embeddable":true,"href":"https:\/\/dicodusport.fr\/blog\/wp-json\/wp\/v2\/comments?post=446398"}],"version-history":[{"count":3,"href":"https:\/\/dicodusport.fr\/blog\/wp-json\/wp\/v2\/posts\/446398\/revisions"}],"predecessor-version":[{"id":446409,"href":"https:\/\/dicodusport.fr\/blog\/wp-json\/wp\/v2\/posts\/446398\/revisions\/446409"}],"wp:featuredmedia":[{"embeddable":true,"href":"https:\/\/dicodusport.fr\/blog\/wp-json\/wp\/v2\/media\/446400"}],"wp:attachment":[{"href":"https:\/\/dicodusport.fr\/blog\/wp-json\/wp\/v2\/media?parent=446398"}],"wp:term":[{"taxonomy":"category","embeddable":true,"href":"https:\/\/dicodusport.fr\/blog\/wp-json\/wp\/v2\/categories?post=446398"},{"taxonomy":"post_tag","embeddable":true,"href":"https:\/\/dicodusport.fr\/blog\/wp-json\/wp\/v2\/tags?post=446398"}],"curies":[{"name":"wp","href":"https:\/\/api.w.org\/{rel}","templated":true}]}}