{"id":446531,"date":"2023-12-24T15:07:43","date_gmt":"2023-12-24T14:07:43","guid":{"rendered":"https:\/\/dicodusport.fr\/blog\/?p=446531&#038;preview=true&#038;preview_id=446531"},"modified":"2023-12-25T17:59:38","modified_gmt":"2023-12-25T16:59:38","slug":"soudal-quick-step-effectif-maillot-et-objectifs-pour-la-saison-2024","status":"publish","type":"post","link":"https:\/\/dicodusport.fr\/blog\/soudal-quick-step-effectif-maillot-et-objectifs-pour-la-saison-2024\/","title":{"rendered":"Soudal Quick-Step : Effectif, maillot et objectifs pour la saison 2024"},"content":{"rendered":"<p style=\"text-align: justify;\"><b><i>CYCLISME SUR ROUTE 2024 &#8211; Malgr\u00e9 le d\u00e9part de plusieurs cadres \u00e0 l&rsquo;intersaison, Soudal Quick-Step devrait \u00eatre \u00e0 nouveau tr\u00e8s comp\u00e9titive autour de Remco Evenepoel et Tim Merlier notamment. Et commence \u00e0 miser sur la jeunesse.<\/i><\/b><\/p>\n<ul>\n<li style=\"text-align: justify;\"><strong>\u00c0 ce sujet &#8211; <a href=\"https:\/\/dicodusport.fr\/blog\/cyclisme-calendrier-world-tour-2024\/\">Cyclisme \u2013 Calendrier World Tour 2024<\/a><\/strong><\/li>\n<\/ul>\n<h2 style=\"text-align: justify;\">Coureurs sous contrat en 2024<\/h2>\n<p style=\"text-align: justify;\"><strong>ALAPHILIPPE Julian<\/strong>\u00a0(France)<\/p>\n<p style=\"text-align: justify;\"><strong>ASGREEN Kasper<\/strong> (Danemark)<\/p>\n<p style=\"text-align: justify;\"><b>CATTANEO Mattia <\/b>(Italie)<\/p>\n<p style=\"text-align: justify;\"><b>CERNY Josef <\/b>(R\u00e9publique Tch\u00e8que)<\/p>\n<p style=\"text-align: justify;\"><strong>EVENEPOEL Remco<\/strong> (Belgique)<\/p>\n<p style=\"text-align: justify;\"><strong>HIRT Jan<\/strong> (R\u00e9publique Tch\u00e8que)<\/p>\n<p style=\"text-align: justify;\"><strong>KNOX James<\/strong> (Grande-Bretagne)<\/p>\n<p style=\"text-align: justify;\"><strong>LAMPAERT Yves<\/strong> (Belgique)<\/p>\n<p style=\"text-align: justify;\"><b>MASNADA Fausto <\/b>(Italie)<\/p>\n<p style=\"text-align: justify;\"><strong>MERLIER Tim<\/strong> (Belgique)<\/p>\n<p style=\"text-align: justify;\"><strong>PEDERSEN Casper<\/strong> (Danemark)<\/p>\n<p style=\"text-align: justify;\"><strong>SERRY Pieter<\/strong> (Belgique)<\/p>\n<p style=\"text-align: justify;\"><strong>SVRCEK Martin<\/strong> (Slovaquie)<\/p>\n<p style=\"text-align: justify;\"><strong>VAN LERBERGHE Bert<\/strong> (Belgique)<\/p>\n<p style=\"text-align: justify;\"><strong>VAN WILDER Ilan<\/strong> (Belgique)<\/p>\n<p style=\"text-align: justify;\"><strong>VANSEVENANT Mauri<\/strong> (Belgique)<\/p>\n<p style=\"text-align: justify;\"><strong>VERVAEKE Louis<\/strong> (Belgique)<\/p>\n<h3 style=\"text-align: justify;\">Arriv\u00e9es<\/h3>\n<p><strong>BASTIAENS Ayco<\/strong> (Alpecin Deceuninck Dvt)<\/p>\n<p><strong>GELDERS Gil<\/strong> (Soudal &#8211; Quick Step Dvt)<\/p>\n<p><strong>HUBY Antoine<\/strong> (Vend\u00e9e U)<\/p>\n<p><strong>LAMPERTI Luke<\/strong> (Trinity Racing)<\/p>\n<p><strong>LANDA MEANA Mikel<\/strong> (Bahrain Victorious)<\/p>\n<p><strong>LECERF JUNIOR William<\/strong> (Soudal &#8211; Quick Step Dvt)<\/p>\n<p><strong>MAGNIER Paul<\/strong> (Trinity Racing)<\/p>\n<p><strong>MOSCON Gianni<\/strong> (Astana Qazaqstan Team)<\/p>\n<p><strong>VANGHELUWE Warre<\/strong> (Soudal &#8211; Quick Step Dvt)<\/p>\n<p><strong>WARLOP Jordi<\/strong> (Soudal &#8211; Quick Step Dvt)<\/p>\n<h3>D\u00e9parts<\/h3>\n<p><strong>BAGIOLI Andrea<\/strong> (Lidl-Trek)<\/p>\n<p><strong>BALLERINI Davide<\/strong> (Astana Qazaqstan Team)<\/p>\n<p><strong>CAVAGNA R\u00e9mi<\/strong> (Movistar Team)<\/p>\n<p><strong>DECLERCQ Tim<\/strong> (Lidl-Trek)<\/p>\n<p><strong>DEVENYNS Dries<\/strong> (Retraite)<\/p>\n<p><strong>JAKOBSEN Fabio<\/strong> (Team DSM Firmenich PostNL)<\/p>\n<p><strong>MORKOV Michael<\/strong> (Astana Qazaqstan Team)<\/p>\n<p><strong>SCHMID Mauro<\/strong> (Team Jayco AlUla)<\/p>\n<p><strong>SENECHAL Florian<\/strong> (Ark\u00e9a B&amp;B H\u00f4tels)<\/p>\n<p><b>STEIMLE Jannik <\/b>(Q36.5 Pro Cycling Team)<\/p>\n<p><strong>VAN TRICHT Stan<\/strong> (Alpecin Deceuninck)<\/p>\n<p><strong>VERNON Ethan<\/strong> (Israel Premier Tech)<\/p>\n<div class=\"vlp-link-container vlp-layout-article\"><a href=\"https:\/\/dicodusport.fr\/blog\/mercato-cyclisme-2023-2024-tableau-des-transferts\/\" class=\"vlp-link\" title=\"Mercato Cyclisme 2023-2024 - Tableau des transferts\"><\/a><div class=\"vlp-layout-zone-side\"><div class=\"vlp-block-4 vlp-link-image\"><img loading=\"lazy\" decoding=\"async\" style=\"max-width: 800px;\" width=\"800\" height=\"445\" src=\"https:\/\/dicodusport.fr\/blog\/wp-content\/uploads\/2023\/04\/Mercato-Cyclisme-2023-2024-Tableau-des-transferts.png\" class=\"attachment-800x445 size-800x445\" alt=\"Mercato Cyclisme 2023-2024 - Tableau des transferts\" srcset=\"https:\/\/dicodusport.fr\/blog\/wp-content\/uploads\/2023\/04\/Mercato-Cyclisme-2023-2024-Tableau-des-transferts.png 800w, https:\/\/dicodusport.fr\/blog\/wp-content\/uploads\/2023\/04\/Mercato-Cyclisme-2023-2024-Tableau-des-transferts-300x167.png 300w, https:\/\/dicodusport.fr\/blog\/wp-content\/uploads\/2023\/04\/Mercato-Cyclisme-2023-2024-Tableau-des-transferts-768x427.png 768w\" sizes=\"auto, (max-width: 800px) 100vw, 800px\" \/><\/div><\/div><div class=\"vlp-layout-zone-main\"><div class=\"vlp-block-0 vlp-link-title\">Mercato Cyclisme 2023-2024 - Tableau des transferts<\/div><div class=\"vlp-block-1 vlp-link-summary\">TRANSFERTS CYCLISME 2023-2024 - Retrouvez toutes les rumeurs ainsi que les transferts officiels du mercato des \u00e9quipes.<\/div><div class=\"vlp-block-2 vlp-link-button\">Lire l'article<\/div><div class=\"vlp-block-3 vlp-link-url\">dicodusport.fr<\/div><\/div><\/div>\n<h2 style=\"text-align: justify;\">Les objectifs de la Soudal Quick-Step pour 2024<\/h2>\n<p style=\"text-align: justify;\">La transformation de la structure de <a href=\"https:\/\/fr.wikipedia.org\/wiki\/Patrick_Lefevere\"><strong>Patrick Lefevere<\/strong><\/a> continue. Apr\u00e8s deux d\u00e9cennies \u00e0 b\u00e2tir une \u00e9quipe pour les Classiques et les sprints, l&rsquo;\u00e9mergence depuis trois ans de <strong>Remco Evenepoel<\/strong> a tout chang\u00e9. 2024 ne va donc pas d\u00e9roger \u00e0 la r\u00e8gle. L&rsquo;\u00e9quipe s&rsquo;est ainsi s\u00e9par\u00e9e d&rsquo;une grande partie de son groupe sprint (Jakobsen, Morkov, Vernon) et de quelques Flandriens solides (S\u00e9n\u00e9chal, Declercq, Ballerini).<\/p>\n<h3 style=\"text-align: justify;\">Les courses par \u00e9tapes dans le viseur<\/h3>\n<p style=\"text-align: justify;\"><strong>Soudal Quick-Step<\/strong> entre dans une nouvelle \u00e8re. Et pour appuyer les ambitions de <strong>Remco Evenepoel<\/strong>, mais aussi d&rsquo;<strong>Ilan Van Wilder<\/strong>, l&rsquo;\u00e9quipe s&rsquo;est attach\u00e9e les services de l&rsquo;exp\u00e9riment\u00e9 <strong>Mikel Landa<\/strong>. Elle compte aussi dans ses rangs le prometteur <strong>William Lecerf Junior<\/strong>, issu de la structure d\u00e9veloppement. La jeunesse devient d&rsquo;ailleurs au c\u0153ur du projet, pour preuve les arriv\u00e9es du jeune sprinteur am\u00e9ricain <strong>Luke Lamperti<\/strong>, qui viendra en num\u00e9ro 2 derri\u00e8re <strong>Tim Merlier<\/strong>, et des Fran\u00e7ais <strong>Antoine Huby<\/strong> et <strong>Paul Magnier<\/strong>.<\/p>\n<h3 style=\"text-align: justify;\">Quel r\u00f4le pour Julian Alaphilippe ?<\/h3>\n<p style=\"text-align: justify;\">Le groupe des <em>Classicmen<\/em> est plus restreint, mais pourra encore s&rsquo;appuyer sur le Danois <strong>Kasper Asgreen<\/strong>, toujours solide le printemps venu. Quant \u00e0 <strong>Julian Alaphilippe<\/strong>, il faudra voir le niveau auquel il \u00e9voluera en 2024. S&rsquo;il souhaite retrouver un r\u00f4le de leader plus r\u00e9current, il devra regagner la confiance de <strong>Patrick Lefevere<\/strong>.<\/p>\n<h2 style=\"text-align: justify;\">Le maillot de la Soudal Quick-Step pour 2024<\/h2>\n<blockquote class=\"twitter-tweet\">\n<p dir=\"ltr\" lang=\"es\">Nuevo maillot del <a href=\"https:\/\/twitter.com\/soudalquickstep?ref_src=twsrc%5Etfw\">@soudalquickstep<\/a> \ud83d\udc55<\/p>\n<p>\u00bfAlguien lo ha notado? \ud83e\udd28 <a href=\"https:\/\/t.co\/0vJV21GWrY\">pic.twitter.com\/0vJV21GWrY<\/a><\/p>\n<p>\u2014 El Farolillo Rojo (@Farolillo_Rouge) <a href=\"https:\/\/twitter.com\/Farolillo_Rouge\/status\/1735731448051798405?ref_src=twsrc%5Etfw\">December 15, 2023<\/a><\/p><\/blockquote>\n<p><script async src=\"https:\/\/platform.twitter.com\/widgets.js\" charset=\"utf-8\"><\/script><\/p>\n","protected":false},"excerpt":{"rendered":"<p>CYCLISME SUR ROUTE 2024 &#8211; Effectif, arriv\u00e9es, d\u00e9parts, objectifs, maillot, tout ce qu&rsquo;il faut savoir sur la Soudal Quick-Step.<\/p>\n","protected":false},"author":92,"featured_media":447445,"comment_status":"open","ping_status":"closed","sticky":false,"template":"","format":"standard","meta":{"_acf_changed":false,"_daextam_enable_autolinks":"1","footnotes":""},"categories":[46994],"tags":[16878,1719,8420,28868,16548],"class_list":["post-446531","post","type-post","status-publish","format-standard","has-post-thumbnail","hentry","category-cyclisme-sur-route","tag-breve","tag-julian-alaphilippe","tag-remco-evenepoel","tag-soudal-quick-step","tag-tim-merlier"],"acf":[],"yoast_head":"<!-- This site is optimized with the Yoast SEO Premium plugin v26.7 (Yoast SEO v26.7) - https:\/\/yoast.com\/wordpress\/plugins\/seo\/ -->\n<title>Soudal Quick-Step : Effectif, maillot et objectifs pour la saison 2024<\/title>\n<meta name=\"description\" content=\"CYCLISME SUR ROUTE 2024 - Effectif, arriv\u00e9es, d\u00e9parts, objectifs, maillot, tout ce qu&#039;il faut savoir sur la Soudal Quick-Step.\" \/>\n<meta name=\"robots\" content=\"index, follow, max-snippet:-1, max-image-preview:large, max-video-preview:-1\" \/>\n<link rel=\"canonical\" href=\"https:\/\/dicodusport.fr\/blog\/soudal-quick-step-effectif-maillot-et-objectifs-pour-la-saison-2024\/\" \/>\n<meta property=\"og:locale\" content=\"fr_FR\" \/>\n<meta property=\"og:type\" content=\"article\" \/>\n<meta property=\"og:title\" content=\"Soudal Quick-Step : Effectif, maillot et objectifs pour la saison 2024\" \/>\n<meta property=\"og:description\" content=\"CYCLISME SUR ROUTE 2024 - Effectif, arriv\u00e9es, d\u00e9parts, objectifs, maillot, tout ce qu&#039;il faut savoir sur la Soudal Quick-Step.\" \/>\n<meta property=\"og:url\" content=\"https:\/\/dicodusport.fr\/blog\/soudal-quick-step-effectif-maillot-et-objectifs-pour-la-saison-2024\/\" \/>\n<meta property=\"og:site_name\" content=\"Dicodusport\" \/>\n<meta property=\"article:publisher\" content=\"https:\/\/www.facebook.com\/dicodusport\" \/>\n<meta property=\"article:published_time\" content=\"2023-12-24T14:07:43+00:00\" \/>\n<meta property=\"article:modified_time\" content=\"2023-12-25T16:59:38+00:00\" \/>\n<meta property=\"og:image\" content=\"https:\/\/dicodusport.fr\/blog\/wp-content\/uploads\/2023\/12\/Soudal-Quick-Step-Effectif-maillot-et-objectifs-pour-la-saison-2024.png\" \/>\n\t<meta property=\"og:image:width\" content=\"1200\" \/>\n\t<meta property=\"og:image:height\" content=\"674\" \/>\n\t<meta property=\"og:image:type\" content=\"image\/png\" \/>\n<meta name=\"author\" content=\"Olivier Dobiezynski\" \/>\n<meta name=\"twitter:card\" content=\"summary_large_image\" \/>\n<meta name=\"twitter:title\" content=\"Soudal Quick-Step : Effectif, maillot et objectifs pour la saison 2024\" \/>\n<meta name=\"twitter:creator\" content=\"@https:\/\/x.com\/Olivier_Matros\" \/>\n<meta name=\"twitter:site\" content=\"@dicodusport\" \/>\n<script type=\"application\/ld+json\" class=\"yoast-schema-graph\">{\"@context\":\"https:\/\/schema.org\",\"@graph\":[{\"@type\":\"NewsArticle\",\"@id\":\"https:\/\/dicodusport.fr\/blog\/soudal-quick-step-effectif-maillot-et-objectifs-pour-la-saison-2024\/#article\",\"isPartOf\":{\"@id\":\"https:\/\/dicodusport.fr\/blog\/soudal-quick-step-effectif-maillot-et-objectifs-pour-la-saison-2024\/\"},\"author\":{\"name\":\"Olivier Dobiezynski\",\"@id\":\"https:\/\/dicodusport.fr\/blog\/#\/schema\/person\/fe500246414ca17ddf0c0312d7a792cc\"},\"headline\":\"Soudal Quick-Step : Effectif, maillot et objectifs pour la saison 2024\",\"datePublished\":\"2023-12-24T14:07:43+00:00\",\"dateModified\":\"2023-12-25T16:59:38+00:00\",\"mainEntityOfPage\":{\"@id\":\"https:\/\/dicodusport.fr\/blog\/soudal-quick-step-effectif-maillot-et-objectifs-pour-la-saison-2024\/\"},\"wordCount\":571,\"commentCount\":0,\"publisher\":{\"@id\":\"https:\/\/dicodusport.fr\/blog\/#organization\"},\"image\":{\"@id\":\"https:\/\/dicodusport.fr\/blog\/soudal-quick-step-effectif-maillot-et-objectifs-pour-la-saison-2024\/#primaryimage\"},\"thumbnailUrl\":\"https:\/\/dicodusport.fr\/blog\/wp-content\/uploads\/2023\/12\/Soudal-Quick-Step-Effectif-maillot-et-objectifs-pour-la-saison-2024.png\",\"keywords\":[\"br\u00e8ve\",\"Julian Alaphilippe\",\"Remco Evenepoel\",\"Soudal Quick-Step\",\"Tim Merlier\"],\"articleSection\":[\"Cyclisme sur route\"],\"inLanguage\":\"fr-FR\",\"potentialAction\":[{\"@type\":\"CommentAction\",\"name\":\"Comment\",\"target\":[\"https:\/\/dicodusport.fr\/blog\/soudal-quick-step-effectif-maillot-et-objectifs-pour-la-saison-2024\/#respond\"]}],\"copyrightYear\":\"2023\",\"copyrightHolder\":{\"@id\":\"https:\/\/dicodusport.fr\/blog\/#organization\"}},{\"@type\":\"WebPage\",\"@id\":\"https:\/\/dicodusport.fr\/blog\/soudal-quick-step-effectif-maillot-et-objectifs-pour-la-saison-2024\/\",\"url\":\"https:\/\/dicodusport.fr\/blog\/soudal-quick-step-effectif-maillot-et-objectifs-pour-la-saison-2024\/\",\"name\":\"Soudal Quick-Step : Effectif, maillot et objectifs pour la saison 2024\",\"isPartOf\":{\"@id\":\"https:\/\/dicodusport.fr\/blog\/#website\"},\"primaryImageOfPage\":{\"@id\":\"https:\/\/dicodusport.fr\/blog\/soudal-quick-step-effectif-maillot-et-objectifs-pour-la-saison-2024\/#primaryimage\"},\"image\":{\"@id\":\"https:\/\/dicodusport.fr\/blog\/soudal-quick-step-effectif-maillot-et-objectifs-pour-la-saison-2024\/#primaryimage\"},\"thumbnailUrl\":\"https:\/\/dicodusport.fr\/blog\/wp-content\/uploads\/2023\/12\/Soudal-Quick-Step-Effectif-maillot-et-objectifs-pour-la-saison-2024.png\",\"datePublished\":\"2023-12-24T14:07:43+00:00\",\"dateModified\":\"2023-12-25T16:59:38+00:00\",\"description\":\"CYCLISME SUR ROUTE 2024 - Effectif, arriv\u00e9es, d\u00e9parts, objectifs, maillot, tout ce qu'il faut savoir sur la Soudal Quick-Step.\",\"breadcrumb\":{\"@id\":\"https:\/\/dicodusport.fr\/blog\/soudal-quick-step-effectif-maillot-et-objectifs-pour-la-saison-2024\/#breadcrumb\"},\"inLanguage\":\"fr-FR\",\"potentialAction\":[{\"@type\":\"ReadAction\",\"target\":[\"https:\/\/dicodusport.fr\/blog\/soudal-quick-step-effectif-maillot-et-objectifs-pour-la-saison-2024\/\"]}]},{\"@type\":\"ImageObject\",\"inLanguage\":\"fr-FR\",\"@id\":\"https:\/\/dicodusport.fr\/blog\/soudal-quick-step-effectif-maillot-et-objectifs-pour-la-saison-2024\/#primaryimage\",\"url\":\"https:\/\/dicodusport.fr\/blog\/wp-content\/uploads\/2023\/12\/Soudal-Quick-Step-Effectif-maillot-et-objectifs-pour-la-saison-2024.png\",\"contentUrl\":\"https:\/\/dicodusport.fr\/blog\/wp-content\/uploads\/2023\/12\/Soudal-Quick-Step-Effectif-maillot-et-objectifs-pour-la-saison-2024.png\",\"width\":1200,\"height\":674,\"caption\":\"Soudal Quick-Step Effectif, maillot et objectifs pour la saison 2024\"},{\"@type\":\"BreadcrumbList\",\"@id\":\"https:\/\/dicodusport.fr\/blog\/soudal-quick-step-effectif-maillot-et-objectifs-pour-la-saison-2024\/#breadcrumb\",\"itemListElement\":[{\"@type\":\"ListItem\",\"position\":1,\"name\":\"Accueil\",\"item\":\"https:\/\/dicodusport.fr\/blog\/\"},{\"@type\":\"ListItem\",\"position\":2,\"name\":\"Soudal Quick-Step : Effectif, maillot et objectifs pour la saison 2024\"}]},{\"@type\":\"WebSite\",\"@id\":\"https:\/\/dicodusport.fr\/blog\/#website\",\"url\":\"https:\/\/dicodusport.fr\/blog\/\",\"name\":\"Dicodusport\",\"description\":\"L&#039;encyclop\u00e9die de l&#039;actualit\u00e9 sportive\",\"publisher\":{\"@id\":\"https:\/\/dicodusport.fr\/blog\/#organization\"},\"potentialAction\":[{\"@type\":\"SearchAction\",\"target\":{\"@type\":\"EntryPoint\",\"urlTemplate\":\"https:\/\/dicodusport.fr\/blog\/?s={search_term_string}\"},\"query-input\":{\"@type\":\"PropertyValueSpecification\",\"valueRequired\":true,\"valueName\":\"search_term_string\"}}],\"inLanguage\":\"fr-FR\"},{\"@type\":\"NewsMediaOrganization\",\"@id\":\"https:\/\/dicodusport.fr\/blog\/#organization\",\"name\":\"Dicodusport\",\"url\":\"https:\/\/dicodusport.fr\/blog\/\",\"logo\":{\"@type\":\"ImageObject\",\"inLanguage\":\"fr-FR\",\"@id\":\"https:\/\/dicodusport.fr\/blog\/#\/schema\/logo\/image\/\",\"url\":\"https:\/\/dicodusport.fr\/blog\/wp-content\/uploads\/2020\/06\/cropped-LOGO-DICODUSPORT-2020-SANS-FOND-SANS-TEXTE.png\",\"contentUrl\":\"https:\/\/dicodusport.fr\/blog\/wp-content\/uploads\/2020\/06\/cropped-LOGO-DICODUSPORT-2020-SANS-FOND-SANS-TEXTE.png\",\"width\":512,\"height\":512,\"caption\":\"Dicodusport\"},\"image\":{\"@id\":\"https:\/\/dicodusport.fr\/blog\/#\/schema\/logo\/image\/\"},\"sameAs\":[\"https:\/\/www.facebook.com\/dicodusport\",\"https:\/\/x.com\/dicodusport\",\"https:\/\/www.instagram.com\/dicodusport\/\",\"https:\/\/www.youtube.com\/channel\/UC7V2KZ5sd3htJivAbA4ZG3w\"],\"description\":\"Dicodusport est l'encyclop\u00e9die de l'actualit\u00e9 sportive.\",\"email\":\"bonjour@dicodusport.fr\",\"legalName\":\"DICODUSPORT\",\"foundingDate\":\"2018-01-14\",\"vatID\":\"FR71834470973\",\"taxID\":\"83447097300043\",\"numberOfEmployees\":{\"@type\":\"QuantitativeValue\",\"minValue\":\"1\",\"maxValue\":\"10\"}},{\"@type\":\"Person\",\"@id\":\"https:\/\/dicodusport.fr\/blog\/#\/schema\/person\/fe500246414ca17ddf0c0312d7a792cc\",\"name\":\"Olivier Dobiezynski\",\"image\":{\"@type\":\"ImageObject\",\"inLanguage\":\"fr-FR\",\"@id\":\"https:\/\/dicodusport.fr\/blog\/#\/schema\/person\/image\/\",\"url\":\"https:\/\/dicodusport.fr\/blog\/wp-content\/uploads\/2024\/09\/5be8fe8d-9962-4f1e-ad06-d6f9dee30e6d-150x150.jpg\",\"contentUrl\":\"https:\/\/dicodusport.fr\/blog\/wp-content\/uploads\/2024\/09\/5be8fe8d-9962-4f1e-ad06-d6f9dee30e6d-150x150.jpg\",\"caption\":\"Olivier Dobiezynski\"},\"description\":\"Depuis le milieu des ann\u00e9es 90, la passion du cyclisme m'anime. Mes h\u00e9ros s'appellent Luc Leblanc, Piotr Ugrumov, Paolo Savoldelli, Peter Sagan et bien \u00e9videmment Romain Bardet. R\u00e9dacteur depuis 2023, je suis ici pour partager cet amour de la Petite Reine. Vous pourrez me lire \u00e9galement sur du trail, du ski de fond et tout autre sujet susceptible d'\u00e9veiller ma curiosit\u00e9 sportive.\",\"sameAs\":[\"https:\/\/x.com\/https:\/\/x.com\/Olivier_Matros\"],\"url\":\"https:\/\/dicodusport.fr\/blog\/author\/olivier-gh\/\"}]}<\/script>\n<!-- \/ Yoast SEO Premium plugin. -->","yoast_head_json":{"title":"Soudal Quick-Step : Effectif, maillot et objectifs pour la saison 2024","description":"CYCLISME SUR ROUTE 2024 - Effectif, arriv\u00e9es, d\u00e9parts, objectifs, maillot, tout ce qu'il faut savoir sur la Soudal Quick-Step.","robots":{"index":"index","follow":"follow","max-snippet":"max-snippet:-1","max-image-preview":"max-image-preview:large","max-video-preview":"max-video-preview:-1"},"canonical":"https:\/\/dicodusport.fr\/blog\/soudal-quick-step-effectif-maillot-et-objectifs-pour-la-saison-2024\/","og_locale":"fr_FR","og_type":"article","og_title":"Soudal Quick-Step : Effectif, maillot et objectifs pour la saison 2024","og_description":"CYCLISME SUR ROUTE 2024 - Effectif, arriv\u00e9es, d\u00e9parts, objectifs, maillot, tout ce qu'il faut savoir sur la Soudal Quick-Step.","og_url":"https:\/\/dicodusport.fr\/blog\/soudal-quick-step-effectif-maillot-et-objectifs-pour-la-saison-2024\/","og_site_name":"Dicodusport","article_publisher":"https:\/\/www.facebook.com\/dicodusport","article_published_time":"2023-12-24T14:07:43+00:00","article_modified_time":"2023-12-25T16:59:38+00:00","og_image":[{"width":1200,"height":674,"url":"https:\/\/dicodusport.fr\/blog\/wp-content\/uploads\/2023\/12\/Soudal-Quick-Step-Effectif-maillot-et-objectifs-pour-la-saison-2024.png","type":"image\/png"}],"author":"Olivier Dobiezynski","twitter_card":"summary_large_image","twitter_title":"Soudal Quick-Step : Effectif, maillot et objectifs pour la saison 2024","twitter_creator":"@https:\/\/x.com\/Olivier_Matros","twitter_site":"@dicodusport","schema":{"@context":"https:\/\/schema.org","@graph":[{"@type":"NewsArticle","@id":"https:\/\/dicodusport.fr\/blog\/soudal-quick-step-effectif-maillot-et-objectifs-pour-la-saison-2024\/#article","isPartOf":{"@id":"https:\/\/dicodusport.fr\/blog\/soudal-quick-step-effectif-maillot-et-objectifs-pour-la-saison-2024\/"},"author":{"name":"Olivier Dobiezynski","@id":"https:\/\/dicodusport.fr\/blog\/#\/schema\/person\/fe500246414ca17ddf0c0312d7a792cc"},"headline":"Soudal Quick-Step : Effectif, maillot et objectifs pour la saison 2024","datePublished":"2023-12-24T14:07:43+00:00","dateModified":"2023-12-25T16:59:38+00:00","mainEntityOfPage":{"@id":"https:\/\/dicodusport.fr\/blog\/soudal-quick-step-effectif-maillot-et-objectifs-pour-la-saison-2024\/"},"wordCount":571,"commentCount":0,"publisher":{"@id":"https:\/\/dicodusport.fr\/blog\/#organization"},"image":{"@id":"https:\/\/dicodusport.fr\/blog\/soudal-quick-step-effectif-maillot-et-objectifs-pour-la-saison-2024\/#primaryimage"},"thumbnailUrl":"https:\/\/dicodusport.fr\/blog\/wp-content\/uploads\/2023\/12\/Soudal-Quick-Step-Effectif-maillot-et-objectifs-pour-la-saison-2024.png","keywords":["br\u00e8ve","Julian Alaphilippe","Remco Evenepoel","Soudal Quick-Step","Tim Merlier"],"articleSection":["Cyclisme sur route"],"inLanguage":"fr-FR","potentialAction":[{"@type":"CommentAction","name":"Comment","target":["https:\/\/dicodusport.fr\/blog\/soudal-quick-step-effectif-maillot-et-objectifs-pour-la-saison-2024\/#respond"]}],"copyrightYear":"2023","copyrightHolder":{"@id":"https:\/\/dicodusport.fr\/blog\/#organization"}},{"@type":"WebPage","@id":"https:\/\/dicodusport.fr\/blog\/soudal-quick-step-effectif-maillot-et-objectifs-pour-la-saison-2024\/","url":"https:\/\/dicodusport.fr\/blog\/soudal-quick-step-effectif-maillot-et-objectifs-pour-la-saison-2024\/","name":"Soudal Quick-Step : Effectif, maillot et objectifs pour la saison 2024","isPartOf":{"@id":"https:\/\/dicodusport.fr\/blog\/#website"},"primaryImageOfPage":{"@id":"https:\/\/dicodusport.fr\/blog\/soudal-quick-step-effectif-maillot-et-objectifs-pour-la-saison-2024\/#primaryimage"},"image":{"@id":"https:\/\/dicodusport.fr\/blog\/soudal-quick-step-effectif-maillot-et-objectifs-pour-la-saison-2024\/#primaryimage"},"thumbnailUrl":"https:\/\/dicodusport.fr\/blog\/wp-content\/uploads\/2023\/12\/Soudal-Quick-Step-Effectif-maillot-et-objectifs-pour-la-saison-2024.png","datePublished":"2023-12-24T14:07:43+00:00","dateModified":"2023-12-25T16:59:38+00:00","description":"CYCLISME SUR ROUTE 2024 - Effectif, arriv\u00e9es, d\u00e9parts, objectifs, maillot, tout ce qu'il faut savoir sur la Soudal Quick-Step.","breadcrumb":{"@id":"https:\/\/dicodusport.fr\/blog\/soudal-quick-step-effectif-maillot-et-objectifs-pour-la-saison-2024\/#breadcrumb"},"inLanguage":"fr-FR","potentialAction":[{"@type":"ReadAction","target":["https:\/\/dicodusport.fr\/blog\/soudal-quick-step-effectif-maillot-et-objectifs-pour-la-saison-2024\/"]}]},{"@type":"ImageObject","inLanguage":"fr-FR","@id":"https:\/\/dicodusport.fr\/blog\/soudal-quick-step-effectif-maillot-et-objectifs-pour-la-saison-2024\/#primaryimage","url":"https:\/\/dicodusport.fr\/blog\/wp-content\/uploads\/2023\/12\/Soudal-Quick-Step-Effectif-maillot-et-objectifs-pour-la-saison-2024.png","contentUrl":"https:\/\/dicodusport.fr\/blog\/wp-content\/uploads\/2023\/12\/Soudal-Quick-Step-Effectif-maillot-et-objectifs-pour-la-saison-2024.png","width":1200,"height":674,"caption":"Soudal Quick-Step Effectif, maillot et objectifs pour la saison 2024"},{"@type":"BreadcrumbList","@id":"https:\/\/dicodusport.fr\/blog\/soudal-quick-step-effectif-maillot-et-objectifs-pour-la-saison-2024\/#breadcrumb","itemListElement":[{"@type":"ListItem","position":1,"name":"Accueil","item":"https:\/\/dicodusport.fr\/blog\/"},{"@type":"ListItem","position":2,"name":"Soudal Quick-Step : Effectif, maillot et objectifs pour la saison 2024"}]},{"@type":"WebSite","@id":"https:\/\/dicodusport.fr\/blog\/#website","url":"https:\/\/dicodusport.fr\/blog\/","name":"Dicodusport","description":"L&#039;encyclop\u00e9die de l&#039;actualit\u00e9 sportive","publisher":{"@id":"https:\/\/dicodusport.fr\/blog\/#organization"},"potentialAction":[{"@type":"SearchAction","target":{"@type":"EntryPoint","urlTemplate":"https:\/\/dicodusport.fr\/blog\/?s={search_term_string}"},"query-input":{"@type":"PropertyValueSpecification","valueRequired":true,"valueName":"search_term_string"}}],"inLanguage":"fr-FR"},{"@type":"NewsMediaOrganization","@id":"https:\/\/dicodusport.fr\/blog\/#organization","name":"Dicodusport","url":"https:\/\/dicodusport.fr\/blog\/","logo":{"@type":"ImageObject","inLanguage":"fr-FR","@id":"https:\/\/dicodusport.fr\/blog\/#\/schema\/logo\/image\/","url":"https:\/\/dicodusport.fr\/blog\/wp-content\/uploads\/2020\/06\/cropped-LOGO-DICODUSPORT-2020-SANS-FOND-SANS-TEXTE.png","contentUrl":"https:\/\/dicodusport.fr\/blog\/wp-content\/uploads\/2020\/06\/cropped-LOGO-DICODUSPORT-2020-SANS-FOND-SANS-TEXTE.png","width":512,"height":512,"caption":"Dicodusport"},"image":{"@id":"https:\/\/dicodusport.fr\/blog\/#\/schema\/logo\/image\/"},"sameAs":["https:\/\/www.facebook.com\/dicodusport","https:\/\/x.com\/dicodusport","https:\/\/www.instagram.com\/dicodusport\/","https:\/\/www.youtube.com\/channel\/UC7V2KZ5sd3htJivAbA4ZG3w"],"description":"Dicodusport est l'encyclop\u00e9die de l'actualit\u00e9 sportive.","email":"bonjour@dicodusport.fr","legalName":"DICODUSPORT","foundingDate":"2018-01-14","vatID":"FR71834470973","taxID":"83447097300043","numberOfEmployees":{"@type":"QuantitativeValue","minValue":"1","maxValue":"10"}},{"@type":"Person","@id":"https:\/\/dicodusport.fr\/blog\/#\/schema\/person\/fe500246414ca17ddf0c0312d7a792cc","name":"Olivier Dobiezynski","image":{"@type":"ImageObject","inLanguage":"fr-FR","@id":"https:\/\/dicodusport.fr\/blog\/#\/schema\/person\/image\/","url":"https:\/\/dicodusport.fr\/blog\/wp-content\/uploads\/2024\/09\/5be8fe8d-9962-4f1e-ad06-d6f9dee30e6d-150x150.jpg","contentUrl":"https:\/\/dicodusport.fr\/blog\/wp-content\/uploads\/2024\/09\/5be8fe8d-9962-4f1e-ad06-d6f9dee30e6d-150x150.jpg","caption":"Olivier Dobiezynski"},"description":"Depuis le milieu des ann\u00e9es 90, la passion du cyclisme m'anime. Mes h\u00e9ros s'appellent Luc Leblanc, Piotr Ugrumov, Paolo Savoldelli, Peter Sagan et bien \u00e9videmment Romain Bardet. R\u00e9dacteur depuis 2023, je suis ici pour partager cet amour de la Petite Reine. Vous pourrez me lire \u00e9galement sur du trail, du ski de fond et tout autre sujet susceptible d'\u00e9veiller ma curiosit\u00e9 sportive.","sameAs":["https:\/\/x.com\/https:\/\/x.com\/Olivier_Matros"],"url":"https:\/\/dicodusport.fr\/blog\/author\/olivier-gh\/"}]}},"_links":{"self":[{"href":"https:\/\/dicodusport.fr\/blog\/wp-json\/wp\/v2\/posts\/446531","targetHints":{"allow":["GET"]}}],"collection":[{"href":"https:\/\/dicodusport.fr\/blog\/wp-json\/wp\/v2\/posts"}],"about":[{"href":"https:\/\/dicodusport.fr\/blog\/wp-json\/wp\/v2\/types\/post"}],"author":[{"embeddable":true,"href":"https:\/\/dicodusport.fr\/blog\/wp-json\/wp\/v2\/users\/92"}],"replies":[{"embeddable":true,"href":"https:\/\/dicodusport.fr\/blog\/wp-json\/wp\/v2\/comments?post=446531"}],"version-history":[{"count":5,"href":"https:\/\/dicodusport.fr\/blog\/wp-json\/wp\/v2\/posts\/446531\/revisions"}],"predecessor-version":[{"id":447449,"href":"https:\/\/dicodusport.fr\/blog\/wp-json\/wp\/v2\/posts\/446531\/revisions\/447449"}],"wp:featuredmedia":[{"embeddable":true,"href":"https:\/\/dicodusport.fr\/blog\/wp-json\/wp\/v2\/media\/447445"}],"wp:attachment":[{"href":"https:\/\/dicodusport.fr\/blog\/wp-json\/wp\/v2\/media?parent=446531"}],"wp:term":[{"taxonomy":"category","embeddable":true,"href":"https:\/\/dicodusport.fr\/blog\/wp-json\/wp\/v2\/categories?post=446531"},{"taxonomy":"post_tag","embeddable":true,"href":"https:\/\/dicodusport.fr\/blog\/wp-json\/wp\/v2\/tags?post=446531"}],"curies":[{"name":"wp","href":"https:\/\/api.w.org\/{rel}","templated":true}]}}