{"id":446560,"date":"2023-12-20T08:15:20","date_gmt":"2023-12-20T07:15:20","guid":{"rendered":"https:\/\/dicodusport.fr\/blog\/?p=446560&#038;preview=true&#038;preview_id=446560"},"modified":"2023-12-20T10:53:31","modified_gmt":"2023-12-20T09:53:31","slug":"sebastien-loeb-je-nai-pas-dautres-gros-projets-a-part-gagner-le-dakar","status":"publish","type":"post","link":"https:\/\/dicodusport.fr\/blog\/sebastien-loeb-je-nai-pas-dautres-gros-projets-a-part-gagner-le-dakar\/","title":{"rendered":"S\u00e9bastien Loeb : \u00ab\u00a0Je n&rsquo;ai pas d&rsquo;autres gros projets, \u00e0 part gagner le Dakar\u00a0\u00bb"},"content":{"rendered":"<p style=\"text-align: justify;\"><strong><em>DAKAR 2024 &#8211; Dans un long entretien pour <a href=\"https:\/\/www.lequipe.fr\/tv\/replay\/loeb-je-n-ai-pas-d-autres-projets-a-part-gagner-le-dakar\/20183745\">L&rsquo;\u00c9quipe<\/a>, S\u00e9bastien Loeb a \u00e9voqu\u00e9 ses ambitions pour le Dakar 2024.<\/em><\/strong><\/p>\n<p style=\"text-align: justify;\">Dans quelques jours, <strong>S\u00e9bastien<\/strong> <strong>Loeb<\/strong>, accompagn\u00e9 de son copilote <strong>Fabian<\/strong> <strong>Lurquin<\/strong>, va s&rsquo;\u00e9lancer \u00e0 l&rsquo;assaut du <strong>Dakar 2024<\/strong>. Deuxi\u00e8me des deux derni\u00e8res \u00e9ditions, le pilote fran\u00e7ais a \u00e9videmment de l&rsquo;ambition et vise la victoire sur l&rsquo;\u00e9preuve.<\/p>\n<blockquote>\n<p style=\"text-align: justify;\">J&rsquo;ai fait plusieurs podiums jusque-l\u00e0. J&rsquo;ai fait trois deuxi\u00e8me place, une troisi\u00e8me place, jamais de premi\u00e8re place donc l&rsquo;objectif, c&rsquo;est d&rsquo;essayer de se battre pour \u00e7a. C&rsquo;est toujours compliqu\u00e9 de faire des plans pour un Dakar. On d\u00e9couvre les sp\u00e9ciales au fur et \u00e0 mesure, c&rsquo;est long, c&rsquo;est pi\u00e9geux et on sait qu&rsquo;il se passe toujours plein de choses. L&rsquo;\u00e9tat d&rsquo;esprit, c&rsquo;est d&rsquo;attaquer le rallye concentr\u00e9, sans en faire de trop mais tout en \u00e9tant dans le rythme car c&rsquo;est quand m\u00eame devenu un peu un sprint. Les voitures sont solides et les copilotes font peu d&rsquo;erreurs, il faut donc quand m\u00eame attaquer.<\/p>\n<\/blockquote>\n<p style=\"text-align: justify;\">S&rsquo;il a d\u00e9j\u00e0 remport\u00e9 23 \u00e9tapes du Dakar, la victoire ne lui a encore jamais tendu les bras. Mais <strong>S\u00e9bastien<\/strong> <strong>Loeb<\/strong> est plus d\u00e9termin\u00e9 que jamais d&rsquo;arriver enfin \u00e0 ses fins. Le nonuple champion du monde n&rsquo;a pas d&rsquo;autre objectif que de triompher en <strong>Arabie<\/strong> <strong>Saoudite<\/strong> :<\/p>\n<blockquote>\n<p style=\"text-align: justify;\">Le Dakar, c&rsquo;est quand m\u00eame la course ultime dans ce championnat-l\u00e0, \u00e7a a quand m\u00eame plus d&rsquo;importance que le reste. \u00c0 l&rsquo;heure actuelle, je n&rsquo;ai pas d&rsquo;autres gros projets, \u00e0 part gagner le Dakar.<\/p>\n<\/blockquote>\n<p style=\"text-align: justify;\">Petite particularit\u00e9 pour cette \u00e9dition 2024, puisque <strong>Nasser al-Attiyah<\/strong> et <strong>Mathieu Baumel<\/strong>, qui ont devanc\u00e9 <strong>S\u00e9bastien Loeb<\/strong> lors des deux derni\u00e8res \u00e9ditions, ont rejoint l&rsquo;\u00e9quipe du Fran\u00e7ais, Prodrive.<\/p>\n<p><span class=\"ZyebQsGlxDjWvE93MroCL7w8HdYA1BmtN6Oa50pf\"><iframe loading=\"lazy\" title=\"Loeb : \u00abJe n&#039;ai pas d&#039;autres projets, \u00e0 part gagner le Dakar\u00bb - Rallye raid - Dakar\" frameborder=\"0\" width=\"740\" height=\"416\" src=\"https:\/\/geo.dailymotion.com\/player.html?video=x8qpzqs&#038;\" allowfullscreen allow=\"autoplay; fullscreen; picture-in-picture\"><\/iframe><\/span><\/p>\n","protected":false},"excerpt":{"rendered":"<p>DAKAR 2024 &#8211; Dans un long entretien pour L&rsquo;\u00c9quipe, S\u00e9bastien Loeb a \u00e9voqu\u00e9 ses ambitions pour le Dakar 2024.\u00a0<\/p>\n","protected":false},"author":1,"featured_media":446561,"comment_status":"open","ping_status":"closed","sticky":false,"template":"","format":"standard","meta":{"_acf_changed":false,"_daextam_enable_autolinks":"1","footnotes":""},"categories":[9493],"tags":[16878,2736,7001,3282],"class_list":["post-446560","post","type-post","status-publish","format-standard","has-post-thumbnail","hentry","category-dakar","tag-breve","tag-dakar","tag-loeb","tag-sebastien-loeb"],"acf":[],"yoast_head":"<!-- This site is optimized with the Yoast SEO Premium plugin v26.7 (Yoast SEO v26.7) - https:\/\/yoast.com\/wordpress\/plugins\/seo\/ -->\n<title>S\u00e9bastien Loeb : &quot;Je n&#039;ai pas d&#039;autres gros projets, \u00e0 part gagner le Dakar&quot;<\/title>\n<meta name=\"description\" content=\"DAKAR 2024 - Dans un long entretien pour L&#039;\u00c9quipe, S\u00e9bastien Loeb a \u00e9voqu\u00e9 ses ambitions pour le Dakar 2024.\u00a0\" \/>\n<meta name=\"robots\" content=\"index, follow, max-snippet:-1, max-image-preview:large, max-video-preview:-1\" \/>\n<link rel=\"canonical\" href=\"https:\/\/dicodusport.fr\/blog\/sebastien-loeb-je-nai-pas-dautres-gros-projets-a-part-gagner-le-dakar\/\" \/>\n<meta property=\"og:locale\" content=\"fr_FR\" \/>\n<meta property=\"og:type\" content=\"article\" \/>\n<meta property=\"og:title\" content=\"S\u00e9bastien Loeb : &quot;Je n&#039;ai pas d&#039;autres gros projets, \u00e0 part gagner le Dakar&quot;\" \/>\n<meta property=\"og:description\" content=\"DAKAR 2024 - Dans un long entretien pour L&#039;\u00c9quipe, S\u00e9bastien Loeb a \u00e9voqu\u00e9 ses ambitions pour le Dakar 2024.\u00a0\" \/>\n<meta property=\"og:url\" content=\"https:\/\/dicodusport.fr\/blog\/sebastien-loeb-je-nai-pas-dautres-gros-projets-a-part-gagner-le-dakar\/\" \/>\n<meta property=\"og:site_name\" content=\"Dicodusport\" \/>\n<meta property=\"article:publisher\" content=\"https:\/\/www.facebook.com\/dicodusport\" \/>\n<meta property=\"article:author\" content=\"https:\/\/www.facebook.com\/dicodusport\" \/>\n<meta property=\"article:published_time\" content=\"2023-12-20T07:15:20+00:00\" \/>\n<meta property=\"article:modified_time\" content=\"2023-12-20T09:53:31+00:00\" \/>\n<meta property=\"og:image\" content=\"https:\/\/dicodusport.fr\/blog\/wp-content\/uploads\/2023\/12\/Sebastien-Loeb-Je-nai-pas-dautres-gros-projets-a-part-gagner-le-Dakar.png\" \/>\n\t<meta property=\"og:image:width\" content=\"1200\" \/>\n\t<meta property=\"og:image:height\" content=\"674\" \/>\n\t<meta property=\"og:image:type\" content=\"image\/png\" \/>\n<meta name=\"author\" content=\"Nicolas Jacquemard\" \/>\n<meta name=\"twitter:card\" content=\"summary_large_image\" \/>\n<meta name=\"twitter:title\" content=\"S\u00e9bastien Loeb : &quot;Je n&#039;ai pas d&#039;autres gros projets, \u00e0 part gagner le Dakar&quot;\" \/>\n<meta name=\"twitter:creator\" content=\"@https:\/\/twitter.com\/Nico_Jacquemard\" \/>\n<meta name=\"twitter:site\" content=\"@dicodusport\" \/>\n<script type=\"application\/ld+json\" class=\"yoast-schema-graph\">{\"@context\":\"https:\/\/schema.org\",\"@graph\":[{\"@type\":\"NewsArticle\",\"@id\":\"https:\/\/dicodusport.fr\/blog\/sebastien-loeb-je-nai-pas-dautres-gros-projets-a-part-gagner-le-dakar\/#article\",\"isPartOf\":{\"@id\":\"https:\/\/dicodusport.fr\/blog\/sebastien-loeb-je-nai-pas-dautres-gros-projets-a-part-gagner-le-dakar\/\"},\"author\":{\"name\":\"Nicolas Jacquemard\",\"@id\":\"https:\/\/dicodusport.fr\/blog\/#\/schema\/person\/55dcb50ad410894e431ed812bbb70191\"},\"headline\":\"S\u00e9bastien Loeb : \u00ab\u00a0Je n&rsquo;ai pas d&rsquo;autres gros projets, \u00e0 part gagner le Dakar\u00a0\u00bb\",\"datePublished\":\"2023-12-20T07:15:20+00:00\",\"dateModified\":\"2023-12-20T09:53:31+00:00\",\"mainEntityOfPage\":{\"@id\":\"https:\/\/dicodusport.fr\/blog\/sebastien-loeb-je-nai-pas-dautres-gros-projets-a-part-gagner-le-dakar\/\"},\"wordCount\":329,\"commentCount\":0,\"publisher\":{\"@id\":\"https:\/\/dicodusport.fr\/blog\/#organization\"},\"image\":{\"@id\":\"https:\/\/dicodusport.fr\/blog\/sebastien-loeb-je-nai-pas-dautres-gros-projets-a-part-gagner-le-dakar\/#primaryimage\"},\"thumbnailUrl\":\"https:\/\/dicodusport.fr\/blog\/wp-content\/uploads\/2023\/12\/Sebastien-Loeb-Je-nai-pas-dautres-gros-projets-a-part-gagner-le-Dakar.png\",\"keywords\":[\"br\u00e8ve\",\"dakar\",\"Loeb\",\"s\u00e9bastien loeb\"],\"articleSection\":[\"Dakar\"],\"inLanguage\":\"fr-FR\",\"potentialAction\":[{\"@type\":\"CommentAction\",\"name\":\"Comment\",\"target\":[\"https:\/\/dicodusport.fr\/blog\/sebastien-loeb-je-nai-pas-dautres-gros-projets-a-part-gagner-le-dakar\/#respond\"]}],\"copyrightYear\":\"2023\",\"copyrightHolder\":{\"@id\":\"https:\/\/dicodusport.fr\/blog\/#organization\"}},{\"@type\":\"WebPage\",\"@id\":\"https:\/\/dicodusport.fr\/blog\/sebastien-loeb-je-nai-pas-dautres-gros-projets-a-part-gagner-le-dakar\/\",\"url\":\"https:\/\/dicodusport.fr\/blog\/sebastien-loeb-je-nai-pas-dautres-gros-projets-a-part-gagner-le-dakar\/\",\"name\":\"S\u00e9bastien Loeb : \\\"Je n'ai pas d'autres gros projets, \u00e0 part gagner le Dakar\\\"\",\"isPartOf\":{\"@id\":\"https:\/\/dicodusport.fr\/blog\/#website\"},\"primaryImageOfPage\":{\"@id\":\"https:\/\/dicodusport.fr\/blog\/sebastien-loeb-je-nai-pas-dautres-gros-projets-a-part-gagner-le-dakar\/#primaryimage\"},\"image\":{\"@id\":\"https:\/\/dicodusport.fr\/blog\/sebastien-loeb-je-nai-pas-dautres-gros-projets-a-part-gagner-le-dakar\/#primaryimage\"},\"thumbnailUrl\":\"https:\/\/dicodusport.fr\/blog\/wp-content\/uploads\/2023\/12\/Sebastien-Loeb-Je-nai-pas-dautres-gros-projets-a-part-gagner-le-Dakar.png\",\"datePublished\":\"2023-12-20T07:15:20+00:00\",\"dateModified\":\"2023-12-20T09:53:31+00:00\",\"description\":\"DAKAR 2024 - Dans un long entretien pour L'\u00c9quipe, S\u00e9bastien Loeb a \u00e9voqu\u00e9 ses ambitions pour le Dakar 2024.\u00a0\",\"breadcrumb\":{\"@id\":\"https:\/\/dicodusport.fr\/blog\/sebastien-loeb-je-nai-pas-dautres-gros-projets-a-part-gagner-le-dakar\/#breadcrumb\"},\"inLanguage\":\"fr-FR\",\"potentialAction\":[{\"@type\":\"ReadAction\",\"target\":[\"https:\/\/dicodusport.fr\/blog\/sebastien-loeb-je-nai-pas-dautres-gros-projets-a-part-gagner-le-dakar\/\"]}]},{\"@type\":\"ImageObject\",\"inLanguage\":\"fr-FR\",\"@id\":\"https:\/\/dicodusport.fr\/blog\/sebastien-loeb-je-nai-pas-dautres-gros-projets-a-part-gagner-le-dakar\/#primaryimage\",\"url\":\"https:\/\/dicodusport.fr\/blog\/wp-content\/uploads\/2023\/12\/Sebastien-Loeb-Je-nai-pas-dautres-gros-projets-a-part-gagner-le-Dakar.png\",\"contentUrl\":\"https:\/\/dicodusport.fr\/blog\/wp-content\/uploads\/2023\/12\/Sebastien-Loeb-Je-nai-pas-dautres-gros-projets-a-part-gagner-le-Dakar.png\",\"width\":1200,\"height\":674},{\"@type\":\"BreadcrumbList\",\"@id\":\"https:\/\/dicodusport.fr\/blog\/sebastien-loeb-je-nai-pas-dautres-gros-projets-a-part-gagner-le-dakar\/#breadcrumb\",\"itemListElement\":[{\"@type\":\"ListItem\",\"position\":1,\"name\":\"Accueil\",\"item\":\"https:\/\/dicodusport.fr\/blog\/\"},{\"@type\":\"ListItem\",\"position\":2,\"name\":\"S\u00e9bastien Loeb : \u00ab\u00a0Je n&rsquo;ai pas d&rsquo;autres gros projets, \u00e0 part gagner le Dakar\u00a0\u00bb\"}]},{\"@type\":\"WebSite\",\"@id\":\"https:\/\/dicodusport.fr\/blog\/#website\",\"url\":\"https:\/\/dicodusport.fr\/blog\/\",\"name\":\"Dicodusport\",\"description\":\"L&#039;encyclop\u00e9die de l&#039;actualit\u00e9 sportive\",\"publisher\":{\"@id\":\"https:\/\/dicodusport.fr\/blog\/#organization\"},\"potentialAction\":[{\"@type\":\"SearchAction\",\"target\":{\"@type\":\"EntryPoint\",\"urlTemplate\":\"https:\/\/dicodusport.fr\/blog\/?s={search_term_string}\"},\"query-input\":{\"@type\":\"PropertyValueSpecification\",\"valueRequired\":true,\"valueName\":\"search_term_string\"}}],\"inLanguage\":\"fr-FR\"},{\"@type\":\"NewsMediaOrganization\",\"@id\":\"https:\/\/dicodusport.fr\/blog\/#organization\",\"name\":\"Dicodusport\",\"url\":\"https:\/\/dicodusport.fr\/blog\/\",\"logo\":{\"@type\":\"ImageObject\",\"inLanguage\":\"fr-FR\",\"@id\":\"https:\/\/dicodusport.fr\/blog\/#\/schema\/logo\/image\/\",\"url\":\"https:\/\/dicodusport.fr\/blog\/wp-content\/uploads\/2020\/06\/cropped-LOGO-DICODUSPORT-2020-SANS-FOND-SANS-TEXTE.png\",\"contentUrl\":\"https:\/\/dicodusport.fr\/blog\/wp-content\/uploads\/2020\/06\/cropped-LOGO-DICODUSPORT-2020-SANS-FOND-SANS-TEXTE.png\",\"width\":512,\"height\":512,\"caption\":\"Dicodusport\"},\"image\":{\"@id\":\"https:\/\/dicodusport.fr\/blog\/#\/schema\/logo\/image\/\"},\"sameAs\":[\"https:\/\/www.facebook.com\/dicodusport\",\"https:\/\/x.com\/dicodusport\",\"https:\/\/www.instagram.com\/dicodusport\/\",\"https:\/\/www.youtube.com\/channel\/UC7V2KZ5sd3htJivAbA4ZG3w\"],\"description\":\"Dicodusport est l'encyclop\u00e9die de l'actualit\u00e9 sportive.\",\"email\":\"bonjour@dicodusport.fr\",\"legalName\":\"DICODUSPORT\",\"foundingDate\":\"2018-01-14\",\"vatID\":\"FR71834470973\",\"taxID\":\"83447097300043\",\"numberOfEmployees\":{\"@type\":\"QuantitativeValue\",\"minValue\":\"1\",\"maxValue\":\"10\"}},{\"@type\":\"Person\",\"@id\":\"https:\/\/dicodusport.fr\/blog\/#\/schema\/person\/55dcb50ad410894e431ed812bbb70191\",\"name\":\"Nicolas Jacquemard\",\"image\":{\"@type\":\"ImageObject\",\"inLanguage\":\"fr-FR\",\"@id\":\"https:\/\/dicodusport.fr\/blog\/#\/schema\/person\/image\/\",\"url\":\"https:\/\/dicodusport.fr\/blog\/wp-content\/uploads\/2021\/05\/Nicolas-Jacquemard-150x150.jpeg\",\"contentUrl\":\"https:\/\/dicodusport.fr\/blog\/wp-content\/uploads\/2021\/05\/Nicolas-Jacquemard-150x150.jpeg\",\"caption\":\"Nicolas Jacquemard\"},\"description\":\"Passionn\u00e9 de sport et entrepreneur depuis mes 18 ans, la cr\u00e9ation de Dicodusport m'a sembl\u00e9 \u00e9vidente pour participer \u00e0 la m\u00e9diatisation d'un plus grand nombre de sports. Le chemin est long mais avec une \u00e9quipe des plus motiv\u00e9es et les Jeux Olympiques de Paris 2024 en point de mire, nous y arriverons ! Journaliste dans le monde du sport depuis plus de 5 ans, je traite aussi bien de football, de rugby, de biathlon que de cyclisme.\",\"sameAs\":[\"https:\/\/www.facebook.com\/dicodusport\",\"https:\/\/x.com\/https:\/\/twitter.com\/Nico_Jacquemard\"],\"url\":\"https:\/\/dicodusport.fr\/blog\/author\/dicodusport\/\"}]}<\/script>\n<!-- \/ Yoast SEO Premium plugin. -->","yoast_head_json":{"title":"S\u00e9bastien Loeb : \"Je n'ai pas d'autres gros projets, \u00e0 part gagner le Dakar\"","description":"DAKAR 2024 - Dans un long entretien pour L'\u00c9quipe, S\u00e9bastien Loeb a \u00e9voqu\u00e9 ses ambitions pour le Dakar 2024.\u00a0","robots":{"index":"index","follow":"follow","max-snippet":"max-snippet:-1","max-image-preview":"max-image-preview:large","max-video-preview":"max-video-preview:-1"},"canonical":"https:\/\/dicodusport.fr\/blog\/sebastien-loeb-je-nai-pas-dautres-gros-projets-a-part-gagner-le-dakar\/","og_locale":"fr_FR","og_type":"article","og_title":"S\u00e9bastien Loeb : \"Je n'ai pas d'autres gros projets, \u00e0 part gagner le Dakar\"","og_description":"DAKAR 2024 - Dans un long entretien pour L'\u00c9quipe, S\u00e9bastien Loeb a \u00e9voqu\u00e9 ses ambitions pour le Dakar 2024.\u00a0","og_url":"https:\/\/dicodusport.fr\/blog\/sebastien-loeb-je-nai-pas-dautres-gros-projets-a-part-gagner-le-dakar\/","og_site_name":"Dicodusport","article_publisher":"https:\/\/www.facebook.com\/dicodusport","article_author":"https:\/\/www.facebook.com\/dicodusport","article_published_time":"2023-12-20T07:15:20+00:00","article_modified_time":"2023-12-20T09:53:31+00:00","og_image":[{"width":1200,"height":674,"url":"https:\/\/dicodusport.fr\/blog\/wp-content\/uploads\/2023\/12\/Sebastien-Loeb-Je-nai-pas-dautres-gros-projets-a-part-gagner-le-Dakar.png","type":"image\/png"}],"author":"Nicolas Jacquemard","twitter_card":"summary_large_image","twitter_title":"S\u00e9bastien Loeb : \"Je n'ai pas d'autres gros projets, \u00e0 part gagner le Dakar\"","twitter_creator":"@https:\/\/twitter.com\/Nico_Jacquemard","twitter_site":"@dicodusport","schema":{"@context":"https:\/\/schema.org","@graph":[{"@type":"NewsArticle","@id":"https:\/\/dicodusport.fr\/blog\/sebastien-loeb-je-nai-pas-dautres-gros-projets-a-part-gagner-le-dakar\/#article","isPartOf":{"@id":"https:\/\/dicodusport.fr\/blog\/sebastien-loeb-je-nai-pas-dautres-gros-projets-a-part-gagner-le-dakar\/"},"author":{"name":"Nicolas Jacquemard","@id":"https:\/\/dicodusport.fr\/blog\/#\/schema\/person\/55dcb50ad410894e431ed812bbb70191"},"headline":"S\u00e9bastien Loeb : \u00ab\u00a0Je n&rsquo;ai pas d&rsquo;autres gros projets, \u00e0 part gagner le Dakar\u00a0\u00bb","datePublished":"2023-12-20T07:15:20+00:00","dateModified":"2023-12-20T09:53:31+00:00","mainEntityOfPage":{"@id":"https:\/\/dicodusport.fr\/blog\/sebastien-loeb-je-nai-pas-dautres-gros-projets-a-part-gagner-le-dakar\/"},"wordCount":329,"commentCount":0,"publisher":{"@id":"https:\/\/dicodusport.fr\/blog\/#organization"},"image":{"@id":"https:\/\/dicodusport.fr\/blog\/sebastien-loeb-je-nai-pas-dautres-gros-projets-a-part-gagner-le-dakar\/#primaryimage"},"thumbnailUrl":"https:\/\/dicodusport.fr\/blog\/wp-content\/uploads\/2023\/12\/Sebastien-Loeb-Je-nai-pas-dautres-gros-projets-a-part-gagner-le-Dakar.png","keywords":["br\u00e8ve","dakar","Loeb","s\u00e9bastien loeb"],"articleSection":["Dakar"],"inLanguage":"fr-FR","potentialAction":[{"@type":"CommentAction","name":"Comment","target":["https:\/\/dicodusport.fr\/blog\/sebastien-loeb-je-nai-pas-dautres-gros-projets-a-part-gagner-le-dakar\/#respond"]}],"copyrightYear":"2023","copyrightHolder":{"@id":"https:\/\/dicodusport.fr\/blog\/#organization"}},{"@type":"WebPage","@id":"https:\/\/dicodusport.fr\/blog\/sebastien-loeb-je-nai-pas-dautres-gros-projets-a-part-gagner-le-dakar\/","url":"https:\/\/dicodusport.fr\/blog\/sebastien-loeb-je-nai-pas-dautres-gros-projets-a-part-gagner-le-dakar\/","name":"S\u00e9bastien Loeb : \"Je n'ai pas d'autres gros projets, \u00e0 part gagner le Dakar\"","isPartOf":{"@id":"https:\/\/dicodusport.fr\/blog\/#website"},"primaryImageOfPage":{"@id":"https:\/\/dicodusport.fr\/blog\/sebastien-loeb-je-nai-pas-dautres-gros-projets-a-part-gagner-le-dakar\/#primaryimage"},"image":{"@id":"https:\/\/dicodusport.fr\/blog\/sebastien-loeb-je-nai-pas-dautres-gros-projets-a-part-gagner-le-dakar\/#primaryimage"},"thumbnailUrl":"https:\/\/dicodusport.fr\/blog\/wp-content\/uploads\/2023\/12\/Sebastien-Loeb-Je-nai-pas-dautres-gros-projets-a-part-gagner-le-Dakar.png","datePublished":"2023-12-20T07:15:20+00:00","dateModified":"2023-12-20T09:53:31+00:00","description":"DAKAR 2024 - Dans un long entretien pour L'\u00c9quipe, S\u00e9bastien Loeb a \u00e9voqu\u00e9 ses ambitions pour le Dakar 2024.\u00a0","breadcrumb":{"@id":"https:\/\/dicodusport.fr\/blog\/sebastien-loeb-je-nai-pas-dautres-gros-projets-a-part-gagner-le-dakar\/#breadcrumb"},"inLanguage":"fr-FR","potentialAction":[{"@type":"ReadAction","target":["https:\/\/dicodusport.fr\/blog\/sebastien-loeb-je-nai-pas-dautres-gros-projets-a-part-gagner-le-dakar\/"]}]},{"@type":"ImageObject","inLanguage":"fr-FR","@id":"https:\/\/dicodusport.fr\/blog\/sebastien-loeb-je-nai-pas-dautres-gros-projets-a-part-gagner-le-dakar\/#primaryimage","url":"https:\/\/dicodusport.fr\/blog\/wp-content\/uploads\/2023\/12\/Sebastien-Loeb-Je-nai-pas-dautres-gros-projets-a-part-gagner-le-Dakar.png","contentUrl":"https:\/\/dicodusport.fr\/blog\/wp-content\/uploads\/2023\/12\/Sebastien-Loeb-Je-nai-pas-dautres-gros-projets-a-part-gagner-le-Dakar.png","width":1200,"height":674},{"@type":"BreadcrumbList","@id":"https:\/\/dicodusport.fr\/blog\/sebastien-loeb-je-nai-pas-dautres-gros-projets-a-part-gagner-le-dakar\/#breadcrumb","itemListElement":[{"@type":"ListItem","position":1,"name":"Accueil","item":"https:\/\/dicodusport.fr\/blog\/"},{"@type":"ListItem","position":2,"name":"S\u00e9bastien Loeb : \u00ab\u00a0Je n&rsquo;ai pas d&rsquo;autres gros projets, \u00e0 part gagner le Dakar\u00a0\u00bb"}]},{"@type":"WebSite","@id":"https:\/\/dicodusport.fr\/blog\/#website","url":"https:\/\/dicodusport.fr\/blog\/","name":"Dicodusport","description":"L&#039;encyclop\u00e9die de l&#039;actualit\u00e9 sportive","publisher":{"@id":"https:\/\/dicodusport.fr\/blog\/#organization"},"potentialAction":[{"@type":"SearchAction","target":{"@type":"EntryPoint","urlTemplate":"https:\/\/dicodusport.fr\/blog\/?s={search_term_string}"},"query-input":{"@type":"PropertyValueSpecification","valueRequired":true,"valueName":"search_term_string"}}],"inLanguage":"fr-FR"},{"@type":"NewsMediaOrganization","@id":"https:\/\/dicodusport.fr\/blog\/#organization","name":"Dicodusport","url":"https:\/\/dicodusport.fr\/blog\/","logo":{"@type":"ImageObject","inLanguage":"fr-FR","@id":"https:\/\/dicodusport.fr\/blog\/#\/schema\/logo\/image\/","url":"https:\/\/dicodusport.fr\/blog\/wp-content\/uploads\/2020\/06\/cropped-LOGO-DICODUSPORT-2020-SANS-FOND-SANS-TEXTE.png","contentUrl":"https:\/\/dicodusport.fr\/blog\/wp-content\/uploads\/2020\/06\/cropped-LOGO-DICODUSPORT-2020-SANS-FOND-SANS-TEXTE.png","width":512,"height":512,"caption":"Dicodusport"},"image":{"@id":"https:\/\/dicodusport.fr\/blog\/#\/schema\/logo\/image\/"},"sameAs":["https:\/\/www.facebook.com\/dicodusport","https:\/\/x.com\/dicodusport","https:\/\/www.instagram.com\/dicodusport\/","https:\/\/www.youtube.com\/channel\/UC7V2KZ5sd3htJivAbA4ZG3w"],"description":"Dicodusport est l'encyclop\u00e9die de l'actualit\u00e9 sportive.","email":"bonjour@dicodusport.fr","legalName":"DICODUSPORT","foundingDate":"2018-01-14","vatID":"FR71834470973","taxID":"83447097300043","numberOfEmployees":{"@type":"QuantitativeValue","minValue":"1","maxValue":"10"}},{"@type":"Person","@id":"https:\/\/dicodusport.fr\/blog\/#\/schema\/person\/55dcb50ad410894e431ed812bbb70191","name":"Nicolas Jacquemard","image":{"@type":"ImageObject","inLanguage":"fr-FR","@id":"https:\/\/dicodusport.fr\/blog\/#\/schema\/person\/image\/","url":"https:\/\/dicodusport.fr\/blog\/wp-content\/uploads\/2021\/05\/Nicolas-Jacquemard-150x150.jpeg","contentUrl":"https:\/\/dicodusport.fr\/blog\/wp-content\/uploads\/2021\/05\/Nicolas-Jacquemard-150x150.jpeg","caption":"Nicolas Jacquemard"},"description":"Passionn\u00e9 de sport et entrepreneur depuis mes 18 ans, la cr\u00e9ation de Dicodusport m'a sembl\u00e9 \u00e9vidente pour participer \u00e0 la m\u00e9diatisation d'un plus grand nombre de sports. Le chemin est long mais avec une \u00e9quipe des plus motiv\u00e9es et les Jeux Olympiques de Paris 2024 en point de mire, nous y arriverons ! Journaliste dans le monde du sport depuis plus de 5 ans, je traite aussi bien de football, de rugby, de biathlon que de cyclisme.","sameAs":["https:\/\/www.facebook.com\/dicodusport","https:\/\/x.com\/https:\/\/twitter.com\/Nico_Jacquemard"],"url":"https:\/\/dicodusport.fr\/blog\/author\/dicodusport\/"}]}},"_links":{"self":[{"href":"https:\/\/dicodusport.fr\/blog\/wp-json\/wp\/v2\/posts\/446560","targetHints":{"allow":["GET"]}}],"collection":[{"href":"https:\/\/dicodusport.fr\/blog\/wp-json\/wp\/v2\/posts"}],"about":[{"href":"https:\/\/dicodusport.fr\/blog\/wp-json\/wp\/v2\/types\/post"}],"author":[{"embeddable":true,"href":"https:\/\/dicodusport.fr\/blog\/wp-json\/wp\/v2\/users\/1"}],"replies":[{"embeddable":true,"href":"https:\/\/dicodusport.fr\/blog\/wp-json\/wp\/v2\/comments?post=446560"}],"version-history":[{"count":5,"href":"https:\/\/dicodusport.fr\/blog\/wp-json\/wp\/v2\/posts\/446560\/revisions"}],"predecessor-version":[{"id":446588,"href":"https:\/\/dicodusport.fr\/blog\/wp-json\/wp\/v2\/posts\/446560\/revisions\/446588"}],"wp:featuredmedia":[{"embeddable":true,"href":"https:\/\/dicodusport.fr\/blog\/wp-json\/wp\/v2\/media\/446561"}],"wp:attachment":[{"href":"https:\/\/dicodusport.fr\/blog\/wp-json\/wp\/v2\/media?parent=446560"}],"wp:term":[{"taxonomy":"category","embeddable":true,"href":"https:\/\/dicodusport.fr\/blog\/wp-json\/wp\/v2\/categories?post=446560"},{"taxonomy":"post_tag","embeddable":true,"href":"https:\/\/dicodusport.fr\/blog\/wp-json\/wp\/v2\/tags?post=446560"}],"curies":[{"name":"wp","href":"https:\/\/api.w.org\/{rel}","templated":true}]}}