{"id":446708,"date":"2023-12-20T22:19:11","date_gmt":"2023-12-20T21:19:11","guid":{"rendered":"https:\/\/dicodusport.fr\/blog\/?p=446708&#038;preview=true&#038;preview_id=446708"},"modified":"2023-12-20T22:51:33","modified_gmt":"2023-12-20T21:51:33","slug":"euroligue-j15-lasvel-touche-les-bas-fonds-contre-milan","status":"publish","type":"post","link":"https:\/\/dicodusport.fr\/blog\/euroligue-j15-lasvel-touche-les-bas-fonds-contre-milan\/","title":{"rendered":"EuroLigue (J15) : L&rsquo;ASVEL touche les bas-fonds contre Milan"},"content":{"rendered":"<p style=\"text-align: justify;\"><strong><em>EUROLIGUE 2023\/24 &#8211; Septi\u00e8me d\u00e9faite d&rsquo;affil\u00e9e pour l&rsquo;ASVEL, qui a compl\u00e8tement d\u00e9chant\u00e9 sur le parquet de Milan (score final 84-61), faisant preuve d&rsquo;un niveau de jeu posant beaucoup de questions. \u00c0 cause de cette nouvelle d\u00e9faite et de la victoire de Berlin hier, le club villeurbannais devient la nouvelle lanterne rouge du classement.<\/em><\/strong><\/p>\n<p style=\"text-align: justify;\">L&rsquo;ASVEL n&rsquo;arrive plus \u00e0 rien sur la sc\u00e8ne europ\u00e9enne. Le club fran\u00e7ais a repris la m\u00eame trajectoire que la fin de saison derni\u00e8re, th\u00e9\u00e2tre d&rsquo;une s\u00e9rie de d\u00e9faites historique. Cette nouvelle saison est partie sur les m\u00eames bases, et le changement de coach n&rsquo;a rien am\u00e9lior\u00e9. Ce soir sur le parquet de Milan, les hommes de <strong>Gianmarco Pozzecco<\/strong> ont produit <strong>une des pires performances de leur saison<\/strong>. Face \u00e0 une \u00e9quipe de l&rsquo;Olimpia Milano qui n&rsquo;\u00e9tait pourtant pas en grande forme, figurant \u00e0 peine trois places devant l&rsquo;ASVEL au classement. Mais les visiteurs ont fait une quantit\u00e9 de cadeaux \u00e0 leurs h\u00f4tes, notamment avec 18 pertes de balle et plusieurs fautes techniques largement \u00e9vitables.<\/p>\n<p style=\"text-align: justify;\">La faute \u00e0 un jeu d&rsquo;attaque extr\u00eamement statique, que la sortie sur blessure de Nando de Colo en premi\u00e8re mi-temps n&rsquo;a pas aid\u00e9. Comme c&rsquo;est exp\u00e9riment\u00e9 depuis quelques matchs, <strong>Timoth\u00e9 Luwawu-Cabarrot<\/strong> (10 points) a pris le relai \u00e0 la m\u00e8ne. Mais l&rsquo;ailier international a commis quasiment<strong> la moiti\u00e9 des pertes de balle de son \u00e9quipe<\/strong> (8). En ajoutant un <strong>Paris Lee<\/strong> pas vraiment inspir\u00e9 (10 points, 2 passes) et un <strong>Noam Yaacov<\/strong> qui n&rsquo;a \u00e9trangement pas jou\u00e9,<strong> l&rsquo;organisation de l&rsquo;attaque n&rsquo;\u00e9tait pas au rendez-vous<\/strong>. Ce qu&rsquo;a d\u00e9plor\u00e9<strong> Edwin Jackson<\/strong> (4 points) au micro de Skweek \u00e0 la mi-temps : <em>\u00ab Encore une fois on perd trop de ballons. Il faut qu&rsquo;on bouge beaucoup plus la balle en attaque pour se cr\u00e9er des meilleures opportunit\u00e9s&#8230; On doit faire un effort sur nos syst\u00e8mes et \u00eatre en place bien plus t\u00f4t. \u00bb<\/em><\/p>\n<h2 style=\"text-align: justify;\">Un changement est n\u00e9cessaire<\/h2>\n<p style=\"text-align: justify;\">En affichant pareil niveau de jeu, <strong>l&rsquo;ASVEL ne remportera pas beaucoup de matchs en EuroLigue<\/strong>. D\u00e9fensivement non plus, ils n&rsquo;ont pas \u00e9t\u00e9 au niveau ce soir. Le grand pivot <strong>Youssoupha Fall<\/strong> (3 points) s&rsquo;est notamment retrouv\u00e9 perdu face aux int\u00e9rieurs shooteurs milanais <strong>Nicolo Melli<\/strong> et <strong>Johannes Voigtmann<\/strong>, respectivement auteurs de 17 et 13 points. Les ext\u00e9rieurs n&rsquo;ont eux pas mis l&rsquo;\u00e9nergie n\u00e9cessaire, probablement \u00e9puis\u00e9s par l&rsquo;encha\u00eenement des matchs et la rotation raccourcie. La solution passera donc avant tout par un changement d&rsquo;attitude des deux c\u00f4t\u00e9s du terrain.<\/p>\n<p style=\"text-align: justify;\">Ou alors par<strong> des changements d&rsquo;effectif<\/strong>. Mais les deux derni\u00e8res cibles au poste de meneur &#8211; <strong>Th\u00e9o Maledon<\/strong> et<strong> Nicolo Mannion<\/strong> &#8211; ont trouv\u00e9 preneur ailleurs. Reste peut-\u00eatre \u00e0 faire jouer les jeunes <strong>Noam Yaacov <\/strong>et<strong> Mbaye Ndiaye,<\/strong> ou encore \u00e0 r\u00e9int\u00e9grer le banni<strong> Boris Dallo<\/strong>. Tant de solutions qui devront \u00eatre trouv\u00e9es dans les prochaines semaines. Le club ne peut en tout cas pas continuer comme \u00e7a. Mais avant \u00e7a, il faudra faire face \u00e0 une double-confrontation en EuroLigue qui rel\u00e8ve de la mission impossible : l&rsquo;Olympiakos puis le Real Madrid pour finir l&rsquo;ann\u00e9e 2023.<\/p>\n<blockquote class=\"twitter-tweet\">\n<p dir=\"ltr\" lang=\"fr\">HUMILIATION DE L&rsquo;ASVEL EN COURS \u00c0 MILAN \ud83d\ude2d\ud83d\ude2d\ud83d\ude2d <a href=\"https:\/\/t.co\/G9dv3L7jSN\">pic.twitter.com\/G9dv3L7jSN<\/a><\/p>\n<p>\u2014 French Prospect (@defaut_zero) <a href=\"https:\/\/twitter.com\/defaut_zero\/status\/1737575616491176133?ref_src=twsrc%5Etfw\">December 20, 2023<\/a><\/p><\/blockquote>\n<p style=\"text-align: justify;\"><script async src=\"https:\/\/platform.twitter.com\/widgets.js\" charset=\"utf-8\"><\/script><\/p>\n","protected":false},"excerpt":{"rendered":"<p>EUROLIGUE 2023\/24 &#8211; Septi\u00e8me d\u00e9faite d&rsquo;affil\u00e9e pour l&rsquo;ASVEL, qui a compl\u00e8tement d\u00e9chant\u00e9 sur le parquet de Milan (score final 84-61), faisant preuve d&rsquo;un niveau de jeu qui pose beaucoup de questions. \u00c0 cause de cette nouvelle d\u00e9faite et de la victoire de Berlin hier, le club villeurbannais devient la nouvelle lanterne rouge du classement.<\/p>\n","protected":false},"author":13,"featured_media":446725,"comment_status":"open","ping_status":"closed","sticky":false,"template":"","format":"standard","meta":{"_acf_changed":false,"_daextam_enable_autolinks":"1","footnotes":""},"categories":[47001],"tags":[24564,16878,30407],"class_list":["post-446708","post","type-post","status-publish","format-standard","has-post-thumbnail","hentry","category-euroligue","tag-asvel-basket","tag-breve","tag-euroligue-club-francais"],"acf":[],"yoast_head":"<!-- This site is optimized with the Yoast SEO Premium plugin v26.7 (Yoast SEO v26.7) - https:\/\/yoast.com\/wordpress\/plugins\/seo\/ -->\n<title>EuroLigue (J15) : L&#039;ASVEL touche les bas-fonds contre Milan<\/title>\n<meta name=\"description\" content=\"7\u00e8me d\u00e9faite d&#039;affil\u00e9e pour l&#039;ASVEL qui a compl\u00e8tement d\u00e9chant\u00e9 sur le parquet de Milan, avec un niveau de jeu qui pose beaucoup de questions\" \/>\n<meta name=\"robots\" content=\"index, follow, max-snippet:-1, max-image-preview:large, max-video-preview:-1\" \/>\n<link rel=\"canonical\" href=\"https:\/\/dicodusport.fr\/blog\/euroligue-j15-lasvel-touche-les-bas-fonds-contre-milan\/\" \/>\n<meta property=\"og:locale\" content=\"fr_FR\" \/>\n<meta property=\"og:type\" content=\"article\" \/>\n<meta property=\"og:title\" content=\"EuroLigue (J15) : L&#039;ASVEL touche les bas-fonds contre Milan\" \/>\n<meta property=\"og:description\" content=\"7\u00e8me d\u00e9faite d&#039;affil\u00e9e pour l&#039;ASVEL qui a compl\u00e8tement d\u00e9chant\u00e9 sur le parquet de Milan, avec un niveau de jeu qui pose beaucoup de questions\" \/>\n<meta property=\"og:url\" content=\"https:\/\/dicodusport.fr\/blog\/euroligue-j15-lasvel-touche-les-bas-fonds-contre-milan\/\" \/>\n<meta property=\"og:site_name\" content=\"Dicodusport\" \/>\n<meta property=\"article:publisher\" content=\"https:\/\/www.facebook.com\/dicodusport\" \/>\n<meta property=\"article:published_time\" content=\"2023-12-20T21:19:11+00:00\" \/>\n<meta property=\"article:modified_time\" content=\"2023-12-20T21:51:33+00:00\" \/>\n<meta property=\"og:image\" content=\"https:\/\/dicodusport.fr\/blog\/wp-content\/uploads\/2023\/12\/euroligue-j15-lasvel-touche-les-bas-fonds-contre-milan.png\" \/>\n\t<meta property=\"og:image:width\" content=\"1200\" \/>\n\t<meta property=\"og:image:height\" content=\"674\" \/>\n\t<meta property=\"og:image:type\" content=\"image\/png\" \/>\n<meta name=\"author\" content=\"Tom Compayrot\" \/>\n<meta name=\"twitter:card\" content=\"summary_large_image\" \/>\n<meta name=\"twitter:title\" content=\"EuroLigue (J15) : L&#039;ASVEL touche les bas-fonds contre Milan\" \/>\n<meta name=\"twitter:creator\" content=\"@https:\/\/twitter.com\/Tom_Cprt\" \/>\n<meta name=\"twitter:site\" content=\"@dicodusport\" \/>\n<script type=\"application\/ld+json\" class=\"yoast-schema-graph\">{\"@context\":\"https:\/\/schema.org\",\"@graph\":[{\"@type\":\"NewsArticle\",\"@id\":\"https:\/\/dicodusport.fr\/blog\/euroligue-j15-lasvel-touche-les-bas-fonds-contre-milan\/#article\",\"isPartOf\":{\"@id\":\"https:\/\/dicodusport.fr\/blog\/euroligue-j15-lasvel-touche-les-bas-fonds-contre-milan\/\"},\"author\":{\"name\":\"Tom Compayrot\",\"@id\":\"https:\/\/dicodusport.fr\/blog\/#\/schema\/person\/bf1e4f404e108bd2be5b447b16bde9a7\"},\"headline\":\"EuroLigue (J15) : L&rsquo;ASVEL touche les bas-fonds contre Milan\",\"datePublished\":\"2023-12-20T21:19:11+00:00\",\"dateModified\":\"2023-12-20T21:51:33+00:00\",\"mainEntityOfPage\":{\"@id\":\"https:\/\/dicodusport.fr\/blog\/euroligue-j15-lasvel-touche-les-bas-fonds-contre-milan\/\"},\"wordCount\":569,\"commentCount\":0,\"publisher\":{\"@id\":\"https:\/\/dicodusport.fr\/blog\/#organization\"},\"image\":{\"@id\":\"https:\/\/dicodusport.fr\/blog\/euroligue-j15-lasvel-touche-les-bas-fonds-contre-milan\/#primaryimage\"},\"thumbnailUrl\":\"https:\/\/dicodusport.fr\/blog\/wp-content\/uploads\/2023\/12\/euroligue-j15-lasvel-touche-les-bas-fonds-contre-milan.png\",\"keywords\":[\"ASVEL Basket\",\"br\u00e8ve\",\"Euroligue club fran\u00e7ais\"],\"articleSection\":[\"EuroLigue\"],\"inLanguage\":\"fr-FR\",\"potentialAction\":[{\"@type\":\"CommentAction\",\"name\":\"Comment\",\"target\":[\"https:\/\/dicodusport.fr\/blog\/euroligue-j15-lasvel-touche-les-bas-fonds-contre-milan\/#respond\"]}],\"copyrightYear\":\"2023\",\"copyrightHolder\":{\"@id\":\"https:\/\/dicodusport.fr\/blog\/#organization\"}},{\"@type\":\"WebPage\",\"@id\":\"https:\/\/dicodusport.fr\/blog\/euroligue-j15-lasvel-touche-les-bas-fonds-contre-milan\/\",\"url\":\"https:\/\/dicodusport.fr\/blog\/euroligue-j15-lasvel-touche-les-bas-fonds-contre-milan\/\",\"name\":\"EuroLigue (J15) : L'ASVEL touche les bas-fonds contre Milan\",\"isPartOf\":{\"@id\":\"https:\/\/dicodusport.fr\/blog\/#website\"},\"primaryImageOfPage\":{\"@id\":\"https:\/\/dicodusport.fr\/blog\/euroligue-j15-lasvel-touche-les-bas-fonds-contre-milan\/#primaryimage\"},\"image\":{\"@id\":\"https:\/\/dicodusport.fr\/blog\/euroligue-j15-lasvel-touche-les-bas-fonds-contre-milan\/#primaryimage\"},\"thumbnailUrl\":\"https:\/\/dicodusport.fr\/blog\/wp-content\/uploads\/2023\/12\/euroligue-j15-lasvel-touche-les-bas-fonds-contre-milan.png\",\"datePublished\":\"2023-12-20T21:19:11+00:00\",\"dateModified\":\"2023-12-20T21:51:33+00:00\",\"description\":\"7\u00e8me d\u00e9faite d'affil\u00e9e pour l'ASVEL qui a compl\u00e8tement d\u00e9chant\u00e9 sur le parquet de Milan, avec un niveau de jeu qui pose beaucoup de questions\",\"breadcrumb\":{\"@id\":\"https:\/\/dicodusport.fr\/blog\/euroligue-j15-lasvel-touche-les-bas-fonds-contre-milan\/#breadcrumb\"},\"inLanguage\":\"fr-FR\",\"potentialAction\":[{\"@type\":\"ReadAction\",\"target\":[\"https:\/\/dicodusport.fr\/blog\/euroligue-j15-lasvel-touche-les-bas-fonds-contre-milan\/\"]}]},{\"@type\":\"ImageObject\",\"inLanguage\":\"fr-FR\",\"@id\":\"https:\/\/dicodusport.fr\/blog\/euroligue-j15-lasvel-touche-les-bas-fonds-contre-milan\/#primaryimage\",\"url\":\"https:\/\/dicodusport.fr\/blog\/wp-content\/uploads\/2023\/12\/euroligue-j15-lasvel-touche-les-bas-fonds-contre-milan.png\",\"contentUrl\":\"https:\/\/dicodusport.fr\/blog\/wp-content\/uploads\/2023\/12\/euroligue-j15-lasvel-touche-les-bas-fonds-contre-milan.png\",\"width\":1200,\"height\":674},{\"@type\":\"BreadcrumbList\",\"@id\":\"https:\/\/dicodusport.fr\/blog\/euroligue-j15-lasvel-touche-les-bas-fonds-contre-milan\/#breadcrumb\",\"itemListElement\":[{\"@type\":\"ListItem\",\"position\":1,\"name\":\"Accueil\",\"item\":\"https:\/\/dicodusport.fr\/blog\/\"},{\"@type\":\"ListItem\",\"position\":2,\"name\":\"EuroLigue (J15) : L&rsquo;ASVEL touche les bas-fonds contre Milan\"}]},{\"@type\":\"WebSite\",\"@id\":\"https:\/\/dicodusport.fr\/blog\/#website\",\"url\":\"https:\/\/dicodusport.fr\/blog\/\",\"name\":\"Dicodusport\",\"description\":\"L&#039;encyclop\u00e9die de l&#039;actualit\u00e9 sportive\",\"publisher\":{\"@id\":\"https:\/\/dicodusport.fr\/blog\/#organization\"},\"potentialAction\":[{\"@type\":\"SearchAction\",\"target\":{\"@type\":\"EntryPoint\",\"urlTemplate\":\"https:\/\/dicodusport.fr\/blog\/?s={search_term_string}\"},\"query-input\":{\"@type\":\"PropertyValueSpecification\",\"valueRequired\":true,\"valueName\":\"search_term_string\"}}],\"inLanguage\":\"fr-FR\"},{\"@type\":\"NewsMediaOrganization\",\"@id\":\"https:\/\/dicodusport.fr\/blog\/#organization\",\"name\":\"Dicodusport\",\"url\":\"https:\/\/dicodusport.fr\/blog\/\",\"logo\":{\"@type\":\"ImageObject\",\"inLanguage\":\"fr-FR\",\"@id\":\"https:\/\/dicodusport.fr\/blog\/#\/schema\/logo\/image\/\",\"url\":\"https:\/\/dicodusport.fr\/blog\/wp-content\/uploads\/2020\/06\/cropped-LOGO-DICODUSPORT-2020-SANS-FOND-SANS-TEXTE.png\",\"contentUrl\":\"https:\/\/dicodusport.fr\/blog\/wp-content\/uploads\/2020\/06\/cropped-LOGO-DICODUSPORT-2020-SANS-FOND-SANS-TEXTE.png\",\"width\":512,\"height\":512,\"caption\":\"Dicodusport\"},\"image\":{\"@id\":\"https:\/\/dicodusport.fr\/blog\/#\/schema\/logo\/image\/\"},\"sameAs\":[\"https:\/\/www.facebook.com\/dicodusport\",\"https:\/\/x.com\/dicodusport\",\"https:\/\/www.instagram.com\/dicodusport\/\",\"https:\/\/www.youtube.com\/channel\/UC7V2KZ5sd3htJivAbA4ZG3w\"],\"description\":\"Dicodusport est l'encyclop\u00e9die de l'actualit\u00e9 sportive.\",\"email\":\"bonjour@dicodusport.fr\",\"legalName\":\"DICODUSPORT\",\"foundingDate\":\"2018-01-14\",\"vatID\":\"FR71834470973\",\"taxID\":\"83447097300043\",\"numberOfEmployees\":{\"@type\":\"QuantitativeValue\",\"minValue\":\"1\",\"maxValue\":\"10\"}},{\"@type\":\"Person\",\"@id\":\"https:\/\/dicodusport.fr\/blog\/#\/schema\/person\/bf1e4f404e108bd2be5b447b16bde9a7\",\"name\":\"Tom Compayrot\",\"image\":{\"@type\":\"ImageObject\",\"inLanguage\":\"fr-FR\",\"@id\":\"https:\/\/dicodusport.fr\/blog\/#\/schema\/person\/image\/\",\"url\":\"https:\/\/dicodusport.fr\/blog\/wp-content\/uploads\/2021\/05\/Tom-Compayrot-150x150.jpg\",\"contentUrl\":\"https:\/\/dicodusport.fr\/blog\/wp-content\/uploads\/2021\/05\/Tom-Compayrot-150x150.jpg\",\"caption\":\"Tom Compayrot\"},\"description\":\"Journaliste\/r\u00e9dacteur depuis mars 2017 - Amoureux de la petite balle jaune et du gros ballon orange qui tra\u00eene sa carcasse sur Dicodusport depuis 2017. Rafael Nadal et LeBron James sont les meilleurs joueurs de l'histoire.\",\"sameAs\":[\"https:\/\/x.com\/https:\/\/twitter.com\/Tom_Cprt\"],\"url\":\"https:\/\/dicodusport.fr\/blog\/author\/tom\/\"}]}<\/script>\n<!-- \/ Yoast SEO Premium plugin. -->","yoast_head_json":{"title":"EuroLigue (J15) : L'ASVEL touche les bas-fonds contre Milan","description":"7\u00e8me d\u00e9faite d'affil\u00e9e pour l'ASVEL qui a compl\u00e8tement d\u00e9chant\u00e9 sur le parquet de Milan, avec un niveau de jeu qui pose beaucoup de questions","robots":{"index":"index","follow":"follow","max-snippet":"max-snippet:-1","max-image-preview":"max-image-preview:large","max-video-preview":"max-video-preview:-1"},"canonical":"https:\/\/dicodusport.fr\/blog\/euroligue-j15-lasvel-touche-les-bas-fonds-contre-milan\/","og_locale":"fr_FR","og_type":"article","og_title":"EuroLigue (J15) : L'ASVEL touche les bas-fonds contre Milan","og_description":"7\u00e8me d\u00e9faite d'affil\u00e9e pour l'ASVEL qui a compl\u00e8tement d\u00e9chant\u00e9 sur le parquet de Milan, avec un niveau de jeu qui pose beaucoup de questions","og_url":"https:\/\/dicodusport.fr\/blog\/euroligue-j15-lasvel-touche-les-bas-fonds-contre-milan\/","og_site_name":"Dicodusport","article_publisher":"https:\/\/www.facebook.com\/dicodusport","article_published_time":"2023-12-20T21:19:11+00:00","article_modified_time":"2023-12-20T21:51:33+00:00","og_image":[{"width":1200,"height":674,"url":"https:\/\/dicodusport.fr\/blog\/wp-content\/uploads\/2023\/12\/euroligue-j15-lasvel-touche-les-bas-fonds-contre-milan.png","type":"image\/png"}],"author":"Tom Compayrot","twitter_card":"summary_large_image","twitter_title":"EuroLigue (J15) : L'ASVEL touche les bas-fonds contre Milan","twitter_creator":"@https:\/\/twitter.com\/Tom_Cprt","twitter_site":"@dicodusport","schema":{"@context":"https:\/\/schema.org","@graph":[{"@type":"NewsArticle","@id":"https:\/\/dicodusport.fr\/blog\/euroligue-j15-lasvel-touche-les-bas-fonds-contre-milan\/#article","isPartOf":{"@id":"https:\/\/dicodusport.fr\/blog\/euroligue-j15-lasvel-touche-les-bas-fonds-contre-milan\/"},"author":{"name":"Tom Compayrot","@id":"https:\/\/dicodusport.fr\/blog\/#\/schema\/person\/bf1e4f404e108bd2be5b447b16bde9a7"},"headline":"EuroLigue (J15) : L&rsquo;ASVEL touche les bas-fonds contre Milan","datePublished":"2023-12-20T21:19:11+00:00","dateModified":"2023-12-20T21:51:33+00:00","mainEntityOfPage":{"@id":"https:\/\/dicodusport.fr\/blog\/euroligue-j15-lasvel-touche-les-bas-fonds-contre-milan\/"},"wordCount":569,"commentCount":0,"publisher":{"@id":"https:\/\/dicodusport.fr\/blog\/#organization"},"image":{"@id":"https:\/\/dicodusport.fr\/blog\/euroligue-j15-lasvel-touche-les-bas-fonds-contre-milan\/#primaryimage"},"thumbnailUrl":"https:\/\/dicodusport.fr\/blog\/wp-content\/uploads\/2023\/12\/euroligue-j15-lasvel-touche-les-bas-fonds-contre-milan.png","keywords":["ASVEL Basket","br\u00e8ve","Euroligue club fran\u00e7ais"],"articleSection":["EuroLigue"],"inLanguage":"fr-FR","potentialAction":[{"@type":"CommentAction","name":"Comment","target":["https:\/\/dicodusport.fr\/blog\/euroligue-j15-lasvel-touche-les-bas-fonds-contre-milan\/#respond"]}],"copyrightYear":"2023","copyrightHolder":{"@id":"https:\/\/dicodusport.fr\/blog\/#organization"}},{"@type":"WebPage","@id":"https:\/\/dicodusport.fr\/blog\/euroligue-j15-lasvel-touche-les-bas-fonds-contre-milan\/","url":"https:\/\/dicodusport.fr\/blog\/euroligue-j15-lasvel-touche-les-bas-fonds-contre-milan\/","name":"EuroLigue (J15) : L'ASVEL touche les bas-fonds contre Milan","isPartOf":{"@id":"https:\/\/dicodusport.fr\/blog\/#website"},"primaryImageOfPage":{"@id":"https:\/\/dicodusport.fr\/blog\/euroligue-j15-lasvel-touche-les-bas-fonds-contre-milan\/#primaryimage"},"image":{"@id":"https:\/\/dicodusport.fr\/blog\/euroligue-j15-lasvel-touche-les-bas-fonds-contre-milan\/#primaryimage"},"thumbnailUrl":"https:\/\/dicodusport.fr\/blog\/wp-content\/uploads\/2023\/12\/euroligue-j15-lasvel-touche-les-bas-fonds-contre-milan.png","datePublished":"2023-12-20T21:19:11+00:00","dateModified":"2023-12-20T21:51:33+00:00","description":"7\u00e8me d\u00e9faite d'affil\u00e9e pour l'ASVEL qui a compl\u00e8tement d\u00e9chant\u00e9 sur le parquet de Milan, avec un niveau de jeu qui pose beaucoup de questions","breadcrumb":{"@id":"https:\/\/dicodusport.fr\/blog\/euroligue-j15-lasvel-touche-les-bas-fonds-contre-milan\/#breadcrumb"},"inLanguage":"fr-FR","potentialAction":[{"@type":"ReadAction","target":["https:\/\/dicodusport.fr\/blog\/euroligue-j15-lasvel-touche-les-bas-fonds-contre-milan\/"]}]},{"@type":"ImageObject","inLanguage":"fr-FR","@id":"https:\/\/dicodusport.fr\/blog\/euroligue-j15-lasvel-touche-les-bas-fonds-contre-milan\/#primaryimage","url":"https:\/\/dicodusport.fr\/blog\/wp-content\/uploads\/2023\/12\/euroligue-j15-lasvel-touche-les-bas-fonds-contre-milan.png","contentUrl":"https:\/\/dicodusport.fr\/blog\/wp-content\/uploads\/2023\/12\/euroligue-j15-lasvel-touche-les-bas-fonds-contre-milan.png","width":1200,"height":674},{"@type":"BreadcrumbList","@id":"https:\/\/dicodusport.fr\/blog\/euroligue-j15-lasvel-touche-les-bas-fonds-contre-milan\/#breadcrumb","itemListElement":[{"@type":"ListItem","position":1,"name":"Accueil","item":"https:\/\/dicodusport.fr\/blog\/"},{"@type":"ListItem","position":2,"name":"EuroLigue (J15) : L&rsquo;ASVEL touche les bas-fonds contre Milan"}]},{"@type":"WebSite","@id":"https:\/\/dicodusport.fr\/blog\/#website","url":"https:\/\/dicodusport.fr\/blog\/","name":"Dicodusport","description":"L&#039;encyclop\u00e9die de l&#039;actualit\u00e9 sportive","publisher":{"@id":"https:\/\/dicodusport.fr\/blog\/#organization"},"potentialAction":[{"@type":"SearchAction","target":{"@type":"EntryPoint","urlTemplate":"https:\/\/dicodusport.fr\/blog\/?s={search_term_string}"},"query-input":{"@type":"PropertyValueSpecification","valueRequired":true,"valueName":"search_term_string"}}],"inLanguage":"fr-FR"},{"@type":"NewsMediaOrganization","@id":"https:\/\/dicodusport.fr\/blog\/#organization","name":"Dicodusport","url":"https:\/\/dicodusport.fr\/blog\/","logo":{"@type":"ImageObject","inLanguage":"fr-FR","@id":"https:\/\/dicodusport.fr\/blog\/#\/schema\/logo\/image\/","url":"https:\/\/dicodusport.fr\/blog\/wp-content\/uploads\/2020\/06\/cropped-LOGO-DICODUSPORT-2020-SANS-FOND-SANS-TEXTE.png","contentUrl":"https:\/\/dicodusport.fr\/blog\/wp-content\/uploads\/2020\/06\/cropped-LOGO-DICODUSPORT-2020-SANS-FOND-SANS-TEXTE.png","width":512,"height":512,"caption":"Dicodusport"},"image":{"@id":"https:\/\/dicodusport.fr\/blog\/#\/schema\/logo\/image\/"},"sameAs":["https:\/\/www.facebook.com\/dicodusport","https:\/\/x.com\/dicodusport","https:\/\/www.instagram.com\/dicodusport\/","https:\/\/www.youtube.com\/channel\/UC7V2KZ5sd3htJivAbA4ZG3w"],"description":"Dicodusport est l'encyclop\u00e9die de l'actualit\u00e9 sportive.","email":"bonjour@dicodusport.fr","legalName":"DICODUSPORT","foundingDate":"2018-01-14","vatID":"FR71834470973","taxID":"83447097300043","numberOfEmployees":{"@type":"QuantitativeValue","minValue":"1","maxValue":"10"}},{"@type":"Person","@id":"https:\/\/dicodusport.fr\/blog\/#\/schema\/person\/bf1e4f404e108bd2be5b447b16bde9a7","name":"Tom Compayrot","image":{"@type":"ImageObject","inLanguage":"fr-FR","@id":"https:\/\/dicodusport.fr\/blog\/#\/schema\/person\/image\/","url":"https:\/\/dicodusport.fr\/blog\/wp-content\/uploads\/2021\/05\/Tom-Compayrot-150x150.jpg","contentUrl":"https:\/\/dicodusport.fr\/blog\/wp-content\/uploads\/2021\/05\/Tom-Compayrot-150x150.jpg","caption":"Tom Compayrot"},"description":"Journaliste\/r\u00e9dacteur depuis mars 2017 - Amoureux de la petite balle jaune et du gros ballon orange qui tra\u00eene sa carcasse sur Dicodusport depuis 2017. Rafael Nadal et LeBron James sont les meilleurs joueurs de l'histoire.","sameAs":["https:\/\/x.com\/https:\/\/twitter.com\/Tom_Cprt"],"url":"https:\/\/dicodusport.fr\/blog\/author\/tom\/"}]}},"_links":{"self":[{"href":"https:\/\/dicodusport.fr\/blog\/wp-json\/wp\/v2\/posts\/446708","targetHints":{"allow":["GET"]}}],"collection":[{"href":"https:\/\/dicodusport.fr\/blog\/wp-json\/wp\/v2\/posts"}],"about":[{"href":"https:\/\/dicodusport.fr\/blog\/wp-json\/wp\/v2\/types\/post"}],"author":[{"embeddable":true,"href":"https:\/\/dicodusport.fr\/blog\/wp-json\/wp\/v2\/users\/13"}],"replies":[{"embeddable":true,"href":"https:\/\/dicodusport.fr\/blog\/wp-json\/wp\/v2\/comments?post=446708"}],"version-history":[{"count":5,"href":"https:\/\/dicodusport.fr\/blog\/wp-json\/wp\/v2\/posts\/446708\/revisions"}],"predecessor-version":[{"id":446738,"href":"https:\/\/dicodusport.fr\/blog\/wp-json\/wp\/v2\/posts\/446708\/revisions\/446738"}],"wp:featuredmedia":[{"embeddable":true,"href":"https:\/\/dicodusport.fr\/blog\/wp-json\/wp\/v2\/media\/446725"}],"wp:attachment":[{"href":"https:\/\/dicodusport.fr\/blog\/wp-json\/wp\/v2\/media?parent=446708"}],"wp:term":[{"taxonomy":"category","embeddable":true,"href":"https:\/\/dicodusport.fr\/blog\/wp-json\/wp\/v2\/categories?post=446708"},{"taxonomy":"post_tag","embeddable":true,"href":"https:\/\/dicodusport.fr\/blog\/wp-json\/wp\/v2\/tags?post=446708"}],"curies":[{"name":"wp","href":"https:\/\/api.w.org\/{rel}","templated":true}]}}