{"id":44679,"date":"2019-08-05T13:55:59","date_gmt":"2019-08-05T11:55:59","guid":{"rendered":"http:\/\/dicodusport.fr\/blog\/?p=44679"},"modified":"2019-08-05T13:56:57","modified_gmt":"2019-08-05T11:56:57","slug":"baseball-l-equipe-de-france-feminine-sacree-championne-d-europe","status":"publish","type":"post","link":"https:\/\/dicodusport.fr\/blog\/baseball-l-equipe-de-france-feminine-sacree-championne-d-europe\/","title":{"rendered":"Baseball : l&rsquo;\u00e9quipe de France f\u00e9minine sacr\u00e9e championne d&rsquo;Europe"},"content":{"rendered":"<p style=\"text-align: justify;\"><strong><em>Ce week-end, \u00e0 Rouen, l&rsquo;\u00e9quipe de France a remport\u00e9 le premier championnat d&rsquo;Europe f\u00e9minin de l&rsquo;histoire, apr\u00e8s avoir battu les Pays-Bas en finale (5-2).<br \/>\n<\/em><\/strong><\/p>\n<p style=\"text-align: justify;\">Pour le premier championnat d&rsquo;Europe f\u00e9minin, organis\u00e9 qui plus est en France, les Bleues ont rayonn\u00e9. Victorieuses des N\u00e9erlandaises en finale (5-2), apr\u00e8s avoir dispos\u00e9 de la R\u00e9publique Tch\u00e8que lors des demi-finales (18-12), les Fran\u00e7aises se sont qualifi\u00e9es par la m\u00eame occasion pour la prochaine Coupe du monde en 2020.<\/p>\n<blockquote class=\"twitter-tweet\">\n<p dir=\"ltr\" lang=\"fr\">Victory selfie ! Bravo \u00e0 l\u2019Equipe de France F\u00e9minine de Baseball, premi\u00e8re Championne d\u2019Europe de l\u2019histoire et qualifi\u00e9e pour la Coupe du Monde de Baseball F\u00e9minin 2020 &#x1f64c; <a href=\"https:\/\/t.co\/DWaRRKJVPS\">pic.twitter.com\/DWaRRKJVPS<\/a><\/p>\n<p>\u2014 Didier Seminet (@didierseminet) <a href=\"https:\/\/twitter.com\/didierseminet\/status\/1157645199570587648?ref_src=twsrc%5Etfw\">August 3, 2019<\/a><\/p><\/blockquote>\n<p><script async src=\"https:\/\/platform.twitter.com\/widgets.js\" charset=\"utf-8\"><\/script><\/p>\n<p><strong><em>Dicodusport<br \/>\n<a href=\"https:\/\/www.facebook.com\/dicodusport\/\" target=\"_blank\" rel=\"noopener\"><img loading=\"lazy\" decoding=\"async\" class=\"alignnone wp-image-2909\" src=\"http:\/\/dicodusport.fr\/blog\/wp-content\/uploads\/2017\/07\/logo-facebook-150x150.png\" alt=\"\" width=\"40\" height=\"40\" \/><\/a><a href=\"https:\/\/twitter.com\/dicodusport\" target=\"_blank\" rel=\"noopener\"><img loading=\"lazy\" decoding=\"async\" class=\"alignnone wp-image-2908\" src=\"http:\/\/dicodusport.fr\/blog\/wp-content\/uploads\/2017\/07\/logo-twitter-150x150.png\" alt=\"\" width=\"39\" height=\"39\" \/><\/a><\/em><\/strong><\/p>\n<p>&nbsp;<\/p>\n<p style=\"text-align: justify;\"><strong>Photo de couverture :<\/strong> <a href=\"http:\/\/www.baseballeurope.com\/post\/france_wins_first_ever_women_s_european_baseball_c\" target=\"_blank\" rel=\"noopener\">Conf\u00e9d\u00e9ration Europ\u00e9enne de Baseball<\/a><\/p>\n","protected":false},"excerpt":{"rendered":"<p>Ce week-end, \u00e0 Rouen, l&rsquo;\u00e9quipe de France f\u00e9minine a remport\u00e9 le premier championnat d&rsquo;Europe f\u00e9minin de l&rsquo;histoire, apr\u00e8s avoir battu les Pays-Bas en finale (5-2).<\/p>\n","protected":false},"author":4,"featured_media":44680,"comment_status":"open","ping_status":"closed","sticky":false,"template":"","format":"standard","meta":{"_acf_changed":false,"_daextam_enable_autolinks":"","footnotes":""},"categories":[2316],"tags":[827,1800],"class_list":["post-44679","post","type-post","status-publish","format-standard","has-post-thumbnail","hentry","category-tous-les-sports","tag-baseball","tag-europe"],"acf":[],"yoast_head":"<!-- This site is optimized with the Yoast SEO Premium plugin v26.7 (Yoast SEO v26.7) - https:\/\/yoast.com\/wordpress\/plugins\/seo\/ -->\n<title>Baseball : l&#039;\u00e9quipe de France f\u00e9minine sacr\u00e9e championne d&#039;Europe<\/title>\n<meta name=\"description\" content=\"Ce week-end, l&#039;\u00e9quipe de France f\u00e9minine a remport\u00e9 le premier championnat d&#039;Europe f\u00e9minin de l&#039;histoire, apr\u00e8s avoir battu les Pays-Bas en finale (5-2).\" \/>\n<meta name=\"robots\" content=\"index, follow, max-snippet:-1, max-image-preview:large, max-video-preview:-1\" \/>\n<link rel=\"canonical\" href=\"https:\/\/dicodusport.fr\/blog\/baseball-l-equipe-de-france-feminine-sacree-championne-d-europe\/\" \/>\n<meta property=\"og:locale\" content=\"fr_FR\" \/>\n<meta property=\"og:type\" content=\"article\" \/>\n<meta property=\"og:title\" content=\"Baseball : l&#039;\u00e9quipe de France f\u00e9minine sacr\u00e9e championne d&#039;Europe\" \/>\n<meta property=\"og:description\" content=\"Ce week-end, l&#039;\u00e9quipe de France f\u00e9minine a remport\u00e9 le premier championnat d&#039;Europe f\u00e9minin de l&#039;histoire, apr\u00e8s avoir battu les Pays-Bas en finale (5-2).\" \/>\n<meta property=\"og:url\" content=\"https:\/\/dicodusport.fr\/blog\/baseball-l-equipe-de-france-feminine-sacree-championne-d-europe\/\" \/>\n<meta property=\"og:site_name\" content=\"Dicodusport\" \/>\n<meta property=\"article:publisher\" content=\"https:\/\/www.facebook.com\/dicodusport\" \/>\n<meta property=\"article:author\" content=\"https:\/\/www.facebook.com\/florent.ostermann\" \/>\n<meta property=\"article:published_time\" content=\"2019-08-05T11:55:59+00:00\" \/>\n<meta property=\"article:modified_time\" content=\"2019-08-05T11:56:57+00:00\" \/>\n<meta property=\"og:image\" content=\"https:\/\/dicodusport.fr\/blog\/wp-content\/uploads\/2019\/08\/Baseball-Les-Bleues-championnes-dEurope.png\" \/>\n\t<meta property=\"og:image:width\" content=\"800\" \/>\n\t<meta property=\"og:image:height\" content=\"445\" \/>\n\t<meta property=\"og:image:type\" content=\"image\/png\" \/>\n<meta name=\"author\" content=\"Flo Ostermann\" \/>\n<meta name=\"twitter:card\" content=\"summary_large_image\" \/>\n<meta name=\"twitter:title\" content=\"Baseball : l&#039;\u00e9quipe de France f\u00e9minine sacr\u00e9e championne d&#039;Europe\" \/>\n<meta name=\"twitter:creator\" content=\"@https:\/\/twitter.com\/FlOstermann\" \/>\n<meta name=\"twitter:site\" content=\"@dicodusport\" \/>\n<script type=\"application\/ld+json\" class=\"yoast-schema-graph\">{\"@context\":\"https:\/\/schema.org\",\"@graph\":[{\"@type\":\"NewsArticle\",\"@id\":\"https:\/\/dicodusport.fr\/blog\/baseball-l-equipe-de-france-feminine-sacree-championne-d-europe\/#article\",\"isPartOf\":{\"@id\":\"https:\/\/dicodusport.fr\/blog\/baseball-l-equipe-de-france-feminine-sacree-championne-d-europe\/\"},\"author\":{\"name\":\"Flo Ostermann\",\"@id\":\"https:\/\/dicodusport.fr\/blog\/#\/schema\/person\/cb02af4c173ce4a653b55e9baf388d4a\"},\"headline\":\"Baseball : l&rsquo;\u00e9quipe de France f\u00e9minine sacr\u00e9e championne d&rsquo;Europe\",\"datePublished\":\"2019-08-05T11:55:59+00:00\",\"dateModified\":\"2019-08-05T11:56:57+00:00\",\"mainEntityOfPage\":{\"@id\":\"https:\/\/dicodusport.fr\/blog\/baseball-l-equipe-de-france-feminine-sacree-championne-d-europe\/\"},\"wordCount\":152,\"commentCount\":0,\"publisher\":{\"@id\":\"https:\/\/dicodusport.fr\/blog\/#organization\"},\"image\":{\"@id\":\"https:\/\/dicodusport.fr\/blog\/baseball-l-equipe-de-france-feminine-sacree-championne-d-europe\/#primaryimage\"},\"thumbnailUrl\":\"https:\/\/dicodusport.fr\/blog\/wp-content\/uploads\/2019\/08\/Baseball-Les-Bleues-championnes-dEurope.png\",\"keywords\":[\"baseball\",\"Europe\"],\"articleSection\":[\"Sports\"],\"inLanguage\":\"fr-FR\",\"potentialAction\":[{\"@type\":\"CommentAction\",\"name\":\"Comment\",\"target\":[\"https:\/\/dicodusport.fr\/blog\/baseball-l-equipe-de-france-feminine-sacree-championne-d-europe\/#respond\"]}],\"copyrightYear\":\"2019\",\"copyrightHolder\":{\"@id\":\"https:\/\/dicodusport.fr\/blog\/#organization\"}},{\"@type\":\"WebPage\",\"@id\":\"https:\/\/dicodusport.fr\/blog\/baseball-l-equipe-de-france-feminine-sacree-championne-d-europe\/\",\"url\":\"https:\/\/dicodusport.fr\/blog\/baseball-l-equipe-de-france-feminine-sacree-championne-d-europe\/\",\"name\":\"Baseball : l'\u00e9quipe de France f\u00e9minine sacr\u00e9e championne d'Europe\",\"isPartOf\":{\"@id\":\"https:\/\/dicodusport.fr\/blog\/#website\"},\"primaryImageOfPage\":{\"@id\":\"https:\/\/dicodusport.fr\/blog\/baseball-l-equipe-de-france-feminine-sacree-championne-d-europe\/#primaryimage\"},\"image\":{\"@id\":\"https:\/\/dicodusport.fr\/blog\/baseball-l-equipe-de-france-feminine-sacree-championne-d-europe\/#primaryimage\"},\"thumbnailUrl\":\"https:\/\/dicodusport.fr\/blog\/wp-content\/uploads\/2019\/08\/Baseball-Les-Bleues-championnes-dEurope.png\",\"datePublished\":\"2019-08-05T11:55:59+00:00\",\"dateModified\":\"2019-08-05T11:56:57+00:00\",\"description\":\"Ce week-end, l'\u00e9quipe de France f\u00e9minine a remport\u00e9 le premier championnat d'Europe f\u00e9minin de l'histoire, apr\u00e8s avoir battu les Pays-Bas en finale (5-2).\",\"breadcrumb\":{\"@id\":\"https:\/\/dicodusport.fr\/blog\/baseball-l-equipe-de-france-feminine-sacree-championne-d-europe\/#breadcrumb\"},\"inLanguage\":\"fr-FR\",\"potentialAction\":[{\"@type\":\"ReadAction\",\"target\":[\"https:\/\/dicodusport.fr\/blog\/baseball-l-equipe-de-france-feminine-sacree-championne-d-europe\/\"]}]},{\"@type\":\"ImageObject\",\"inLanguage\":\"fr-FR\",\"@id\":\"https:\/\/dicodusport.fr\/blog\/baseball-l-equipe-de-france-feminine-sacree-championne-d-europe\/#primaryimage\",\"url\":\"https:\/\/dicodusport.fr\/blog\/wp-content\/uploads\/2019\/08\/Baseball-Les-Bleues-championnes-dEurope.png\",\"contentUrl\":\"https:\/\/dicodusport.fr\/blog\/wp-content\/uploads\/2019\/08\/Baseball-Les-Bleues-championnes-dEurope.png\",\"width\":800,\"height\":445},{\"@type\":\"BreadcrumbList\",\"@id\":\"https:\/\/dicodusport.fr\/blog\/baseball-l-equipe-de-france-feminine-sacree-championne-d-europe\/#breadcrumb\",\"itemListElement\":[{\"@type\":\"ListItem\",\"position\":1,\"name\":\"Accueil\",\"item\":\"https:\/\/dicodusport.fr\/blog\/\"},{\"@type\":\"ListItem\",\"position\":2,\"name\":\"Baseball : l&rsquo;\u00e9quipe de France f\u00e9minine sacr\u00e9e championne d&rsquo;Europe\"}]},{\"@type\":\"WebSite\",\"@id\":\"https:\/\/dicodusport.fr\/blog\/#website\",\"url\":\"https:\/\/dicodusport.fr\/blog\/\",\"name\":\"Dicodusport\",\"description\":\"L&#039;encyclop\u00e9die de l&#039;actualit\u00e9 sportive\",\"publisher\":{\"@id\":\"https:\/\/dicodusport.fr\/blog\/#organization\"},\"potentialAction\":[{\"@type\":\"SearchAction\",\"target\":{\"@type\":\"EntryPoint\",\"urlTemplate\":\"https:\/\/dicodusport.fr\/blog\/?s={search_term_string}\"},\"query-input\":{\"@type\":\"PropertyValueSpecification\",\"valueRequired\":true,\"valueName\":\"search_term_string\"}}],\"inLanguage\":\"fr-FR\"},{\"@type\":\"NewsMediaOrganization\",\"@id\":\"https:\/\/dicodusport.fr\/blog\/#organization\",\"name\":\"Dicodusport\",\"url\":\"https:\/\/dicodusport.fr\/blog\/\",\"logo\":{\"@type\":\"ImageObject\",\"inLanguage\":\"fr-FR\",\"@id\":\"https:\/\/dicodusport.fr\/blog\/#\/schema\/logo\/image\/\",\"url\":\"https:\/\/dicodusport.fr\/blog\/wp-content\/uploads\/2020\/06\/cropped-LOGO-DICODUSPORT-2020-SANS-FOND-SANS-TEXTE.png\",\"contentUrl\":\"https:\/\/dicodusport.fr\/blog\/wp-content\/uploads\/2020\/06\/cropped-LOGO-DICODUSPORT-2020-SANS-FOND-SANS-TEXTE.png\",\"width\":512,\"height\":512,\"caption\":\"Dicodusport\"},\"image\":{\"@id\":\"https:\/\/dicodusport.fr\/blog\/#\/schema\/logo\/image\/\"},\"sameAs\":[\"https:\/\/www.facebook.com\/dicodusport\",\"https:\/\/x.com\/dicodusport\",\"https:\/\/www.instagram.com\/dicodusport\/\",\"https:\/\/www.youtube.com\/channel\/UC7V2KZ5sd3htJivAbA4ZG3w\"],\"description\":\"Dicodusport est l'encyclop\u00e9die de l'actualit\u00e9 sportive.\",\"email\":\"bonjour@dicodusport.fr\",\"legalName\":\"DICODUSPORT\",\"foundingDate\":\"2018-01-14\",\"vatID\":\"FR71834470973\",\"taxID\":\"83447097300043\",\"numberOfEmployees\":{\"@type\":\"QuantitativeValue\",\"minValue\":\"1\",\"maxValue\":\"10\"}},{\"@type\":\"Person\",\"@id\":\"https:\/\/dicodusport.fr\/blog\/#\/schema\/person\/cb02af4c173ce4a653b55e9baf388d4a\",\"name\":\"Flo Ostermann\",\"image\":{\"@type\":\"ImageObject\",\"inLanguage\":\"fr-FR\",\"@id\":\"https:\/\/dicodusport.fr\/blog\/#\/schema\/person\/image\/\",\"url\":\"https:\/\/dicodusport.fr\/blog\/wp-content\/uploads\/2021\/05\/Flo-Ostermann-150x150.jpg\",\"contentUrl\":\"https:\/\/dicodusport.fr\/blog\/wp-content\/uploads\/2021\/05\/Flo-Ostermann-150x150.jpg\",\"caption\":\"Flo Ostermann\"},\"description\":\"Journaliste\/R\u00e9dacteur depuis septembre 2015 - Mes premiers souvenirs dans le sport ? Les envol\u00e9es du Stade Toulousain et les duels Villeneuve-Schumacher et H\u00e4kkinen-Schumacher \u00e0 la fin des ann\u00e9es 90, la Coupe du monde de football en 1998, l\u2019exploit du XV de France face aux All Blacks en 1999, mais aussi Richard C\u0153ur de Lion qui vole sur les montagnes du Tour de France. Bien parti pour devenir professeur d\u2019EPS, les \u00e9v\u00e9nements de la vie (et la flemme d\u2019animer des s\u00e9ances de 3x500 m\u00e8tres toute ma vie) m\u2019ont conduit \u00e0 revoir mes plans. Me voil\u00e0 depuis fin 2017 sur Dicodusport, m\u00e9dia gr\u00e2ce (et pour) lequel je partage ma passion : le sport dans tous ses \u00e9tats. Le tout accompagn\u00e9 par les fous furieux et folles furieuses cit\u00e9s sur cette page !\",\"sameAs\":[\"https:\/\/www.facebook.com\/florent.ostermann\",\"https:\/\/x.com\/https:\/\/twitter.com\/FlOstermann\",\"admin\"],\"url\":\"https:\/\/dicodusport.fr\/blog\/author\/flo\/\"}]}<\/script>\n<!-- \/ Yoast SEO Premium plugin. -->","yoast_head_json":{"title":"Baseball : l'\u00e9quipe de France f\u00e9minine sacr\u00e9e championne d'Europe","description":"Ce week-end, l'\u00e9quipe de France f\u00e9minine a remport\u00e9 le premier championnat d'Europe f\u00e9minin de l'histoire, apr\u00e8s avoir battu les Pays-Bas en finale (5-2).","robots":{"index":"index","follow":"follow","max-snippet":"max-snippet:-1","max-image-preview":"max-image-preview:large","max-video-preview":"max-video-preview:-1"},"canonical":"https:\/\/dicodusport.fr\/blog\/baseball-l-equipe-de-france-feminine-sacree-championne-d-europe\/","og_locale":"fr_FR","og_type":"article","og_title":"Baseball : l'\u00e9quipe de France f\u00e9minine sacr\u00e9e championne d'Europe","og_description":"Ce week-end, l'\u00e9quipe de France f\u00e9minine a remport\u00e9 le premier championnat d'Europe f\u00e9minin de l'histoire, apr\u00e8s avoir battu les Pays-Bas en finale (5-2).","og_url":"https:\/\/dicodusport.fr\/blog\/baseball-l-equipe-de-france-feminine-sacree-championne-d-europe\/","og_site_name":"Dicodusport","article_publisher":"https:\/\/www.facebook.com\/dicodusport","article_author":"https:\/\/www.facebook.com\/florent.ostermann","article_published_time":"2019-08-05T11:55:59+00:00","article_modified_time":"2019-08-05T11:56:57+00:00","og_image":[{"width":800,"height":445,"url":"https:\/\/dicodusport.fr\/blog\/wp-content\/uploads\/2019\/08\/Baseball-Les-Bleues-championnes-dEurope.png","type":"image\/png"}],"author":"Flo Ostermann","twitter_card":"summary_large_image","twitter_title":"Baseball : l'\u00e9quipe de France f\u00e9minine sacr\u00e9e championne d'Europe","twitter_creator":"@https:\/\/twitter.com\/FlOstermann","twitter_site":"@dicodusport","schema":{"@context":"https:\/\/schema.org","@graph":[{"@type":"NewsArticle","@id":"https:\/\/dicodusport.fr\/blog\/baseball-l-equipe-de-france-feminine-sacree-championne-d-europe\/#article","isPartOf":{"@id":"https:\/\/dicodusport.fr\/blog\/baseball-l-equipe-de-france-feminine-sacree-championne-d-europe\/"},"author":{"name":"Flo Ostermann","@id":"https:\/\/dicodusport.fr\/blog\/#\/schema\/person\/cb02af4c173ce4a653b55e9baf388d4a"},"headline":"Baseball : l&rsquo;\u00e9quipe de France f\u00e9minine sacr\u00e9e championne d&rsquo;Europe","datePublished":"2019-08-05T11:55:59+00:00","dateModified":"2019-08-05T11:56:57+00:00","mainEntityOfPage":{"@id":"https:\/\/dicodusport.fr\/blog\/baseball-l-equipe-de-france-feminine-sacree-championne-d-europe\/"},"wordCount":152,"commentCount":0,"publisher":{"@id":"https:\/\/dicodusport.fr\/blog\/#organization"},"image":{"@id":"https:\/\/dicodusport.fr\/blog\/baseball-l-equipe-de-france-feminine-sacree-championne-d-europe\/#primaryimage"},"thumbnailUrl":"https:\/\/dicodusport.fr\/blog\/wp-content\/uploads\/2019\/08\/Baseball-Les-Bleues-championnes-dEurope.png","keywords":["baseball","Europe"],"articleSection":["Sports"],"inLanguage":"fr-FR","potentialAction":[{"@type":"CommentAction","name":"Comment","target":["https:\/\/dicodusport.fr\/blog\/baseball-l-equipe-de-france-feminine-sacree-championne-d-europe\/#respond"]}],"copyrightYear":"2019","copyrightHolder":{"@id":"https:\/\/dicodusport.fr\/blog\/#organization"}},{"@type":"WebPage","@id":"https:\/\/dicodusport.fr\/blog\/baseball-l-equipe-de-france-feminine-sacree-championne-d-europe\/","url":"https:\/\/dicodusport.fr\/blog\/baseball-l-equipe-de-france-feminine-sacree-championne-d-europe\/","name":"Baseball : l'\u00e9quipe de France f\u00e9minine sacr\u00e9e championne d'Europe","isPartOf":{"@id":"https:\/\/dicodusport.fr\/blog\/#website"},"primaryImageOfPage":{"@id":"https:\/\/dicodusport.fr\/blog\/baseball-l-equipe-de-france-feminine-sacree-championne-d-europe\/#primaryimage"},"image":{"@id":"https:\/\/dicodusport.fr\/blog\/baseball-l-equipe-de-france-feminine-sacree-championne-d-europe\/#primaryimage"},"thumbnailUrl":"https:\/\/dicodusport.fr\/blog\/wp-content\/uploads\/2019\/08\/Baseball-Les-Bleues-championnes-dEurope.png","datePublished":"2019-08-05T11:55:59+00:00","dateModified":"2019-08-05T11:56:57+00:00","description":"Ce week-end, l'\u00e9quipe de France f\u00e9minine a remport\u00e9 le premier championnat d'Europe f\u00e9minin de l'histoire, apr\u00e8s avoir battu les Pays-Bas en finale (5-2).","breadcrumb":{"@id":"https:\/\/dicodusport.fr\/blog\/baseball-l-equipe-de-france-feminine-sacree-championne-d-europe\/#breadcrumb"},"inLanguage":"fr-FR","potentialAction":[{"@type":"ReadAction","target":["https:\/\/dicodusport.fr\/blog\/baseball-l-equipe-de-france-feminine-sacree-championne-d-europe\/"]}]},{"@type":"ImageObject","inLanguage":"fr-FR","@id":"https:\/\/dicodusport.fr\/blog\/baseball-l-equipe-de-france-feminine-sacree-championne-d-europe\/#primaryimage","url":"https:\/\/dicodusport.fr\/blog\/wp-content\/uploads\/2019\/08\/Baseball-Les-Bleues-championnes-dEurope.png","contentUrl":"https:\/\/dicodusport.fr\/blog\/wp-content\/uploads\/2019\/08\/Baseball-Les-Bleues-championnes-dEurope.png","width":800,"height":445},{"@type":"BreadcrumbList","@id":"https:\/\/dicodusport.fr\/blog\/baseball-l-equipe-de-france-feminine-sacree-championne-d-europe\/#breadcrumb","itemListElement":[{"@type":"ListItem","position":1,"name":"Accueil","item":"https:\/\/dicodusport.fr\/blog\/"},{"@type":"ListItem","position":2,"name":"Baseball : l&rsquo;\u00e9quipe de France f\u00e9minine sacr\u00e9e championne d&rsquo;Europe"}]},{"@type":"WebSite","@id":"https:\/\/dicodusport.fr\/blog\/#website","url":"https:\/\/dicodusport.fr\/blog\/","name":"Dicodusport","description":"L&#039;encyclop\u00e9die de l&#039;actualit\u00e9 sportive","publisher":{"@id":"https:\/\/dicodusport.fr\/blog\/#organization"},"potentialAction":[{"@type":"SearchAction","target":{"@type":"EntryPoint","urlTemplate":"https:\/\/dicodusport.fr\/blog\/?s={search_term_string}"},"query-input":{"@type":"PropertyValueSpecification","valueRequired":true,"valueName":"search_term_string"}}],"inLanguage":"fr-FR"},{"@type":"NewsMediaOrganization","@id":"https:\/\/dicodusport.fr\/blog\/#organization","name":"Dicodusport","url":"https:\/\/dicodusport.fr\/blog\/","logo":{"@type":"ImageObject","inLanguage":"fr-FR","@id":"https:\/\/dicodusport.fr\/blog\/#\/schema\/logo\/image\/","url":"https:\/\/dicodusport.fr\/blog\/wp-content\/uploads\/2020\/06\/cropped-LOGO-DICODUSPORT-2020-SANS-FOND-SANS-TEXTE.png","contentUrl":"https:\/\/dicodusport.fr\/blog\/wp-content\/uploads\/2020\/06\/cropped-LOGO-DICODUSPORT-2020-SANS-FOND-SANS-TEXTE.png","width":512,"height":512,"caption":"Dicodusport"},"image":{"@id":"https:\/\/dicodusport.fr\/blog\/#\/schema\/logo\/image\/"},"sameAs":["https:\/\/www.facebook.com\/dicodusport","https:\/\/x.com\/dicodusport","https:\/\/www.instagram.com\/dicodusport\/","https:\/\/www.youtube.com\/channel\/UC7V2KZ5sd3htJivAbA4ZG3w"],"description":"Dicodusport est l'encyclop\u00e9die de l'actualit\u00e9 sportive.","email":"bonjour@dicodusport.fr","legalName":"DICODUSPORT","foundingDate":"2018-01-14","vatID":"FR71834470973","taxID":"83447097300043","numberOfEmployees":{"@type":"QuantitativeValue","minValue":"1","maxValue":"10"}},{"@type":"Person","@id":"https:\/\/dicodusport.fr\/blog\/#\/schema\/person\/cb02af4c173ce4a653b55e9baf388d4a","name":"Flo Ostermann","image":{"@type":"ImageObject","inLanguage":"fr-FR","@id":"https:\/\/dicodusport.fr\/blog\/#\/schema\/person\/image\/","url":"https:\/\/dicodusport.fr\/blog\/wp-content\/uploads\/2021\/05\/Flo-Ostermann-150x150.jpg","contentUrl":"https:\/\/dicodusport.fr\/blog\/wp-content\/uploads\/2021\/05\/Flo-Ostermann-150x150.jpg","caption":"Flo Ostermann"},"description":"Journaliste\/R\u00e9dacteur depuis septembre 2015 - Mes premiers souvenirs dans le sport ? Les envol\u00e9es du Stade Toulousain et les duels Villeneuve-Schumacher et H\u00e4kkinen-Schumacher \u00e0 la fin des ann\u00e9es 90, la Coupe du monde de football en 1998, l\u2019exploit du XV de France face aux All Blacks en 1999, mais aussi Richard C\u0153ur de Lion qui vole sur les montagnes du Tour de France. Bien parti pour devenir professeur d\u2019EPS, les \u00e9v\u00e9nements de la vie (et la flemme d\u2019animer des s\u00e9ances de 3x500 m\u00e8tres toute ma vie) m\u2019ont conduit \u00e0 revoir mes plans. Me voil\u00e0 depuis fin 2017 sur Dicodusport, m\u00e9dia gr\u00e2ce (et pour) lequel je partage ma passion : le sport dans tous ses \u00e9tats. Le tout accompagn\u00e9 par les fous furieux et folles furieuses cit\u00e9s sur cette page !","sameAs":["https:\/\/www.facebook.com\/florent.ostermann","https:\/\/x.com\/https:\/\/twitter.com\/FlOstermann","admin"],"url":"https:\/\/dicodusport.fr\/blog\/author\/flo\/"}]}},"_links":{"self":[{"href":"https:\/\/dicodusport.fr\/blog\/wp-json\/wp\/v2\/posts\/44679","targetHints":{"allow":["GET"]}}],"collection":[{"href":"https:\/\/dicodusport.fr\/blog\/wp-json\/wp\/v2\/posts"}],"about":[{"href":"https:\/\/dicodusport.fr\/blog\/wp-json\/wp\/v2\/types\/post"}],"author":[{"embeddable":true,"href":"https:\/\/dicodusport.fr\/blog\/wp-json\/wp\/v2\/users\/4"}],"replies":[{"embeddable":true,"href":"https:\/\/dicodusport.fr\/blog\/wp-json\/wp\/v2\/comments?post=44679"}],"version-history":[{"count":0,"href":"https:\/\/dicodusport.fr\/blog\/wp-json\/wp\/v2\/posts\/44679\/revisions"}],"wp:featuredmedia":[{"embeddable":true,"href":"https:\/\/dicodusport.fr\/blog\/wp-json\/wp\/v2\/media\/44680"}],"wp:attachment":[{"href":"https:\/\/dicodusport.fr\/blog\/wp-json\/wp\/v2\/media?parent=44679"}],"wp:term":[{"taxonomy":"category","embeddable":true,"href":"https:\/\/dicodusport.fr\/blog\/wp-json\/wp\/v2\/categories?post=44679"},{"taxonomy":"post_tag","embeddable":true,"href":"https:\/\/dicodusport.fr\/blog\/wp-json\/wp\/v2\/tags?post=44679"}],"curies":[{"name":"wp","href":"https:\/\/api.w.org\/{rel}","templated":true}]}}