{"id":446815,"date":"2024-01-30T13:40:25","date_gmt":"2024-01-30T12:40:25","guid":{"rendered":"https:\/\/dicodusport.fr\/blog\/?p=446815&#038;preview=true&#038;preview_id=446815"},"modified":"2024-01-30T13:40:25","modified_gmt":"2024-01-30T12:40:25","slug":"uae-team-emirates-effectif-et-objectifs-pour-la-saison-2024","status":"publish","type":"post","link":"https:\/\/dicodusport.fr\/blog\/uae-team-emirates-effectif-et-objectifs-pour-la-saison-2024\/","title":{"rendered":"UAE Team Emirates : Effectif et objectifs pour la saison 2024"},"content":{"rendered":"<p style=\"text-align: justify;\"><strong><em>CYCLISME SUR ROUTE 2024 &#8211; On poursuit la revue d&rsquo;effectif en vue de la saison 2024 avec une \u00e9quipe des meilleures \u00e9quipes du monde, UAE Team Emirates, articul\u00e9e autour de son crack : Tadej Pogacar<\/em><\/strong><em><b>. L&rsquo;effectif est toujours ax\u00e9 sur les courses par \u00e9tapes et sur les courses d&rsquo;un jour vallonn\u00e9es, voire montagneuses. Arriv\u00e9 cet hiver, Nils Politt va se sentir un peu seul sur les Flandriennes, tandis que les deux sprinteurs (Hodeg et surtout Molano) vont devoir se d\u00e9brouiller presque seuls.<\/b><\/em><\/p>\n<ul>\n<li style=\"text-align: justify;\"><strong>\u00c0 ce sujet &#8211; <a href=\"https:\/\/dicodusport.fr\/blog\/cyclisme-calendrier-world-tour-2024\/\">Cyclisme \u2013 Calendrier World Tour 2024<\/a>\u00a0<\/strong><\/li>\n<\/ul>\n<h2 style=\"text-align: justify;\">Effectif d&rsquo;UAE Team Emirates en 2024<\/h2>\n<h3 style=\"text-align: justify;\"><span style=\"text-decoration: underline;\">Coureurs sous contrat en 2023<\/span><\/h3>\n<p style=\"text-align: justify;\"><strong>ALMEIDA Jo\u00e3o <\/strong>(Portugal)<\/p>\n<p style=\"text-align: justify;\"><strong>AYUSO Juan<\/strong> (Espagne)<\/p>\n<p style=\"text-align: justify;\"><strong>BAX Sjoerd<\/strong> (Pays-Bas)<\/p>\n<p style=\"text-align: justify;\"><strong>BJERG Mikkel<\/strong> (Danemark)<\/p>\n<p style=\"text-align: justify;\"><strong>CHRISTEN Jan <\/strong>(Suisse)<\/p>\n<p style=\"text-align: justify;\"><strong>COVI Alessandro<\/strong> (Italie)<\/p>\n<p style=\"text-align: justify;\"><strong>FISHER-BLACK Finn<\/strong> (Nouvelle-Z\u00e9lande)<\/p>\n<p style=\"text-align: justify;\"><strong>GRO\u00dfSCHARTNER Felix <\/strong>(Autriche)<\/p>\n<p style=\"text-align: justify;\"><strong>HIRSCHI Marc <\/strong>(Suisse)<\/p>\n<p style=\"text-align: justify;\"><strong>HODEG \u00c1lvaro Jos\u00e9<\/strong> (Colombie)<\/p>\n<p style=\"text-align: justify;\"><strong>LAENGEN Vegard Stake<\/strong> (Norv\u00e8ge)<\/p>\n<p style=\"text-align: justify;\"><strong>MAJKA Rafa\u0142<\/strong> (Pologne)<\/p>\n<p style=\"text-align: justify;\"><strong>MCNULTY Brandon<\/strong> (Etats-Unis)<\/p>\n<p style=\"text-align: justify;\"><strong>MOLANO Juan Sebasti\u00e1n<\/strong> (Colombie)<\/p>\n<p style=\"text-align: justify;\"><strong>NOVAK Domen<\/strong> (Slov\u00e9nie)<\/p>\n<p style=\"text-align: justify;\"><strong>OLIVEIRA Ivo<\/strong> (Portugal)<\/p>\n<p style=\"text-align: justify;\"><strong>OLIVEIRA Rui <\/strong>(Portugal)<\/p>\n<p style=\"text-align: justify;\"><strong>POGA\u010cAR Tadej<\/strong> (Slov\u00e9nie)<\/p>\n<p style=\"text-align: justify;\"><strong>SOLER Marc <\/strong>(Espagne)<\/p>\n<p style=\"text-align: justify;\"><strong>ULISSI Diego <\/strong>(Italie)<\/p>\n<p style=\"text-align: justify;\"><strong>VINE Jay<\/strong> (Australie)<\/p>\n<p style=\"text-align: justify;\"><strong>VINK Michael<\/strong>\u00a0 (Noucelle Z\u00e9lande)<\/p>\n<p><strong>WELLENS Tim\u00a0<\/strong>(Belgique)<\/p>\n<p><strong>YATES Adam <\/strong>(Grande-Bretagne)<\/p>\n<p>&nbsp;<\/p>\n<h3 style=\"text-align: justify;\"><span style=\"text-decoration: underline;\">Arriv\u00e9es<\/span><\/h3>\n<p style=\"text-align: justify;\"><strong>ARRIETA Igor <\/strong>(Equipo Kern Pharma)<\/p>\n<p style=\"text-align: justify;\"><strong>BARONCINI Filippo <\/strong>(Lidl Trek)<\/p>\n<p style=\"text-align: justify;\"><strong>DEL TORO Isaac<\/strong> (A.R Monex Pro Cycling Team)<\/p>\n<p style=\"text-align: justify;\"><strong>MORGADO Ant\u00f3nio <\/strong>(Hagens Berman Axeon)<\/p>\n<p style=\"text-align: justify;\"><strong>POLITT Nils<\/strong> (Bora Hangrohe)<\/p>\n<p style=\"text-align: justify;\"><strong>SIVAKOV Pavel<\/strong> (INEOS Grenadiers)<\/p>\n<p>&nbsp;<\/p>\n<h3 style=\"text-align: justify;\"><span style=\"text-decoration: underline;\">D\u00e9parts<\/span><\/h3>\n<p style=\"text-align: justify;\"><strong>ACKERMANN Pascal, BENNETT George <\/strong>(Israel Premier Tech)<\/p>\n<p style=\"text-align: justify;\"><strong>FORMOLO Davide <\/strong>(Movistar)<\/p>\n<p><strong>GIBBONS Ryan <\/strong>(Lidl-Trek)<\/p>\n<p style=\"text-align: justify;\"><strong>GRO\u00df Felix <\/strong>(Rad-Net O\u00dfwald)<\/p>\n<p><strong>POLANC Jan\u00a0<\/strong>(Retraite)<\/p>\n<p><strong>TRENTIN Matteo (<\/strong>Tudor Pro Cycling Team)<\/p>\n<div class=\"vlp-link-container vlp-layout-article\"><a href=\"https:\/\/dicodusport.fr\/blog\/mercato-cyclisme-2023-2024-tableau-des-transferts\/\" class=\"vlp-link\" title=\"Mercato Cyclisme 2023-2024 - Tableau des transferts\"><\/a><div class=\"vlp-layout-zone-side\"><div class=\"vlp-block-4 vlp-link-image\"><img loading=\"lazy\" decoding=\"async\" style=\"max-width: 800px;\" width=\"800\" height=\"445\" src=\"https:\/\/dicodusport.fr\/blog\/wp-content\/uploads\/2023\/04\/Mercato-Cyclisme-2023-2024-Tableau-des-transferts.png\" class=\"attachment-800x445 size-800x445\" alt=\"Mercato Cyclisme 2023-2024 - Tableau des transferts\" srcset=\"https:\/\/dicodusport.fr\/blog\/wp-content\/uploads\/2023\/04\/Mercato-Cyclisme-2023-2024-Tableau-des-transferts.png 800w, https:\/\/dicodusport.fr\/blog\/wp-content\/uploads\/2023\/04\/Mercato-Cyclisme-2023-2024-Tableau-des-transferts-300x167.png 300w, https:\/\/dicodusport.fr\/blog\/wp-content\/uploads\/2023\/04\/Mercato-Cyclisme-2023-2024-Tableau-des-transferts-768x427.png 768w\" sizes=\"auto, (max-width: 800px) 100vw, 800px\" \/><\/div><\/div><div class=\"vlp-layout-zone-main\"><div class=\"vlp-block-0 vlp-link-title\">Mercato Cyclisme 2023-2024 - Tableau des transferts<\/div><div class=\"vlp-block-1 vlp-link-summary\">TRANSFERTS CYCLISME 2023-2024 - Retrouvez toutes les rumeurs ainsi que les transferts officiels du mercato des \u00e9quipes.<\/div><div class=\"vlp-block-2 vlp-link-button\">Lire l'article<\/div><div class=\"vlp-block-3 vlp-link-url\">dicodusport.fr<\/div><\/div><\/div>\n<h2 style=\"text-align: justify;\">Les objectifs de la formation UAE Team Emirates en 2024<\/h2>\n<h3 style=\"text-align: justify;\">Pogacar, l&rsquo;arme fatale<\/h3>\n<p style=\"text-align: justify;\"><strong>Tadej Pogacar<\/strong> a encore subi la loi de Jonas Vingegaard sur le Tour de France en 2023. Cependant, la question ne se pose pas encore : il est le meilleur coureur du monde. Pourquoi ? Car il a domin\u00e9 les courses d&rsquo;un jour en illuminant de sa classe le printemps, en survolant le Tour des Flandres, l&rsquo;Amstel Gold Race et La Fl\u00e8che Wallonne. Seules la Primavera, avec un MVDP stratosph\u00e9rique, et La Doyenne \u00e0 cause d&rsquo;une lourde chute, lui ont r\u00e9sist\u00e9. En fin de saison, il a sign\u00e9 un troisi\u00e8me succ\u00e8s sur le Tour de Lombardie. En plus de ces succ\u00e8s, on peut ajouter les classements g\u00e9n\u00e9raux de Paris-Nice et du Tour d&rsquo;Andalousie. En 2024, le sportif slov\u00e8ne de l&rsquo;ann\u00e9e participera pour la premi\u00e8re fois de sa carri\u00e8re au Tour de Catalogne et <a href=\"https:\/\/dicodusport.fr\/blog\/giro-tadej-pogacar-sera-au-depart-du-tour-ditalie-2024\/\">surtout au Tour d&rsquo;Italie<\/a>.<\/p>\n<div class=\"vlp-link-container vlp-layout-article\"><a href=\"https:\/\/dicodusport.fr\/blog\/le-programme-de-tadej-pogacar-pour-la-saison-2024\/\" class=\"vlp-link\" title=\"Le programme de Tadej Pogacar pour la saison 2024\"><\/a><div class=\"vlp-layout-zone-side\"><div class=\"vlp-block-4 vlp-link-image\"><img loading=\"lazy\" decoding=\"async\" style=\"max-width: 792px;\" width=\"792\" height=\"445\" src=\"https:\/\/dicodusport.fr\/blog\/wp-content\/uploads\/2023\/12\/Le-programme-de-Tadej-Pogacar-pour-la-saison-2024.png\" class=\"attachment-800x445 size-800x445\" alt=\"Le programme de Tadej Pogacar pour la saison 2024\" srcset=\"https:\/\/dicodusport.fr\/blog\/wp-content\/uploads\/2023\/12\/Le-programme-de-Tadej-Pogacar-pour-la-saison-2024.png 1200w, https:\/\/dicodusport.fr\/blog\/wp-content\/uploads\/2023\/12\/Le-programme-de-Tadej-Pogacar-pour-la-saison-2024-300x169.png 300w, https:\/\/dicodusport.fr\/blog\/wp-content\/uploads\/2023\/12\/Le-programme-de-Tadej-Pogacar-pour-la-saison-2024-1024x575.png 1024w, https:\/\/dicodusport.fr\/blog\/wp-content\/uploads\/2023\/12\/Le-programme-de-Tadej-Pogacar-pour-la-saison-2024-768x431.png 768w\" sizes=\"auto, (max-width: 792px) 100vw, 792px\" \/><\/div><\/div><div class=\"vlp-layout-zone-main\"><div class=\"vlp-block-0 vlp-link-title\">Le programme de Tadej Pogacar pour la saison 2024<\/div><div class=\"vlp-block-1 vlp-link-summary\">CYCLISME - Tadej Pogacar a d\u00e9voil\u00e9 l'ensemble de son programme pour la saison 2024. Sans Tour des Flandres, mais avec le Tour de France.<\/div><div class=\"vlp-block-2 vlp-link-button\">Lire l'article<\/div><div class=\"vlp-block-3 vlp-link-url\">dicodusport.fr<\/div><\/div><\/div>\n<p style=\"text-align: justify;\">Sur le Giro, il aura une belle armada autour de lui et m\u00eame en \u00e9tant \u00e0 un niveau \u00ab\u00a0Tour de France\u00a0\u00bb, il a une marge sur la concurrence. Maintenant, reste \u00e0 savoir comment il va encaisser les trois semaines de courses pour arriver au top niveau face \u00e0 Vingegaard, sur le Tour. Lieutenant de <em>Pogi<\/em> sur le Tour,\u00a0<strong>Adam Yates\u00a0<\/strong>a r\u00e9alis\u00e9 sans doute sa plus belle ann\u00e9e en terminant 3e du Tour de France, de l&rsquo;UAE Tour et du Tour de Burgos, 2e du Dauphin\u00e9 et 1er du Tour de Romandie. Son statut sur la Grande Boucle d\u00e9pendra de la forme de son leader. Sinon, il peut clairement viser le podium, voire la victoire sur La Vuelta.<\/p>\n<h3 style=\"text-align: justify;\">Ayuso, Almeida, Vine et Hirschi avec des libert\u00e9s<\/h3>\n<p style=\"text-align: justify;\"><strong>Juan Ayuso <\/strong>s&rsquo;\u00e9tait r\u00e9v\u00e9l\u00e9 l&rsquo;an dernier sur La Vuelta. Malheureusement, son ann\u00e9e 2023 n&rsquo;a pas \u00e9t\u00e9 aussi grandiose qu&rsquo;esp\u00e9r\u00e9e. Apr\u00e8s quelques p\u00e9pins physiques en d\u00e9but de saison, un coureur de sa classe doit remporter le Tour de Suisse face \u00e0 Skjelmose Jensen et un Remco Evenepoel diminu\u00e9. De plus, il a trop subi la loi des Jumbo-Visma sur le Tour d&rsquo;Espagne. En 2024, il faut esp\u00e9rer aucun p\u00e9pin pour poursuivre son ascension vers les sommets, \u00e0 l&rsquo;image de son jeune compatriote Carlos Rodriguez. Ensuite, le quatri\u00e8me leader, <strong>Joao Almeida<\/strong>, a fait du Almeida, voire un peu mieux. R\u00e9gulier, solide et complet, il est enfin mont\u00e9 sur le podium du Giro avec en bonus un succ\u00e8s d&rsquo;\u00e9tape. Le rouleur portugais ne semble pas destin\u00e9 \u00e0 La Vuelta, sans doute trop punchy pour son profil de grimpeur \u00e0 allure r\u00e9guli\u00e8re. On verra ce qu&rsquo;il vaut sur les routes du Tour de France.<\/p>\n<p style=\"text-align: justify;\">Enfin, <strong>Jay Vine<\/strong> \u00e9tait tr\u00e8s attendu en cette ann\u00e9e apr\u00e8s s&rsquo;\u00eatre r\u00e9v\u00e9l\u00e9 chez Alpecin. Mais, la maladresse de l&rsquo;Australien est un handicap dans sa progression. Malgr\u00e9 ses succ\u00e8s sur le Tour Sown Under et sur le championnat d&rsquo;Australie du contre-la-montre, il n&rsquo;a clairement pas r\u00e9pondu aux attentes et sa place est clairement prise par l&rsquo;arriv\u00e9e du solide <strong>Pavel Sivakov<\/strong>. Cependant, l&rsquo;Australien doit suivre l&rsquo;exemple de <strong>Marc Hirschi<\/strong>. Le puncheur suisse a pein\u00e9 \u00e0 confirmer son gros transfert avant de retrouver ses jambes en 2023 en remportant le Tour de Hongrie, le Tour des Apennins, la Classique d&rsquo;Ordizia, la Coppa Sabatini, le Tour de Luxembourg ainsi que de nombreuses places d&rsquo;honneur.<\/p>\n","protected":false},"excerpt":{"rendered":"<p>CYCLISME SUR ROUTE 2024 &#8211; On poursuit la revue d&rsquo;effectif en vue de la saison 2024 avec une \u00e9quipe des meilleures \u00e9quipes du monde, UAE Team Emirates.<\/p>\n","protected":false},"author":48,"featured_media":458017,"comment_status":"open","ping_status":"closed","sticky":false,"template":"","format":"standard","meta":{"_acf_changed":false,"_daextam_enable_autolinks":"1","footnotes":""},"categories":[46994],"tags":[16878,11197,14884],"class_list":["post-446815","post","type-post","status-publish","format-standard","has-post-thumbnail","hentry","category-cyclisme-sur-route","tag-breve","tag-cyclisme-sur-route","tag-uae-team-emirates"],"acf":[],"yoast_head":"<!-- This site is optimized with the Yoast SEO Premium plugin v26.7 (Yoast SEO v26.7) - https:\/\/yoast.com\/wordpress\/plugins\/seo\/ -->\n<title>UAE Team Emirates : Effectif et objectifs pour la saison 2024<\/title>\n<meta name=\"description\" content=\"CYCLISME SUR ROUTE 2024 - On poursuit la revue d&#039;effectif en vue de la saison 2024 avec UAE Team Emirates.\" \/>\n<meta name=\"robots\" content=\"index, follow, max-snippet:-1, max-image-preview:large, max-video-preview:-1\" \/>\n<link rel=\"canonical\" href=\"https:\/\/dicodusport.fr\/blog\/uae-team-emirates-effectif-et-objectifs-pour-la-saison-2024\/\" \/>\n<meta property=\"og:locale\" content=\"fr_FR\" \/>\n<meta property=\"og:type\" content=\"article\" \/>\n<meta property=\"og:title\" content=\"UAE Team Emirates : Effectif et objectifs pour la saison 2024\" \/>\n<meta property=\"og:description\" content=\"CYCLISME SUR ROUTE 2024 - On poursuit la revue d&#039;effectif en vue de la saison 2024 avec UAE Team Emirates.\" \/>\n<meta property=\"og:url\" content=\"https:\/\/dicodusport.fr\/blog\/uae-team-emirates-effectif-et-objectifs-pour-la-saison-2024\/\" \/>\n<meta property=\"og:site_name\" content=\"Dicodusport\" \/>\n<meta property=\"article:publisher\" content=\"https:\/\/www.facebook.com\/dicodusport\" \/>\n<meta property=\"article:author\" content=\"https:\/\/www.facebook.com\/groups\/LesRoisDuPeloton\" \/>\n<meta property=\"article:published_time\" content=\"2024-01-30T12:40:25+00:00\" \/>\n<meta property=\"og:image\" content=\"https:\/\/dicodusport.fr\/blog\/wp-content\/uploads\/2023\/12\/UAE-Team-Emirates-Effectif-et-objectifs-pour-la-saison-2024.png\" \/>\n\t<meta property=\"og:image:width\" content=\"1200\" \/>\n\t<meta property=\"og:image:height\" content=\"674\" \/>\n\t<meta property=\"og:image:type\" content=\"image\/png\" \/>\n<meta name=\"author\" content=\"Emilien Descampiaux\" \/>\n<meta name=\"twitter:card\" content=\"summary_large_image\" \/>\n<meta name=\"twitter:title\" content=\"UAE Team Emirates : Effectif et objectifs pour la saison 2024\" \/>\n<meta name=\"twitter:creator\" content=\"@https:\/\/twitter.com\/LRoisDuPeloton\" \/>\n<meta name=\"twitter:site\" content=\"@dicodusport\" \/>\n<script type=\"application\/ld+json\" class=\"yoast-schema-graph\">{\"@context\":\"https:\/\/schema.org\",\"@graph\":[{\"@type\":\"NewsArticle\",\"@id\":\"https:\/\/dicodusport.fr\/blog\/uae-team-emirates-effectif-et-objectifs-pour-la-saison-2024\/#article\",\"isPartOf\":{\"@id\":\"https:\/\/dicodusport.fr\/blog\/uae-team-emirates-effectif-et-objectifs-pour-la-saison-2024\/\"},\"author\":{\"name\":\"Emilien Descampiaux\",\"@id\":\"https:\/\/dicodusport.fr\/blog\/#\/schema\/person\/6db4bae06b171592211be385b32876a7\"},\"headline\":\"UAE Team Emirates : Effectif et objectifs pour la saison 2024\",\"datePublished\":\"2024-01-30T12:40:25+00:00\",\"mainEntityOfPage\":{\"@id\":\"https:\/\/dicodusport.fr\/blog\/uae-team-emirates-effectif-et-objectifs-pour-la-saison-2024\/\"},\"wordCount\":987,\"commentCount\":0,\"publisher\":{\"@id\":\"https:\/\/dicodusport.fr\/blog\/#organization\"},\"image\":{\"@id\":\"https:\/\/dicodusport.fr\/blog\/uae-team-emirates-effectif-et-objectifs-pour-la-saison-2024\/#primaryimage\"},\"thumbnailUrl\":\"https:\/\/dicodusport.fr\/blog\/wp-content\/uploads\/2023\/12\/UAE-Team-Emirates-Effectif-et-objectifs-pour-la-saison-2024.png\",\"keywords\":[\"br\u00e8ve\",\"Cyclisme sur route\",\"UAE Team Emirates\"],\"articleSection\":[\"Cyclisme sur route\"],\"inLanguage\":\"fr-FR\",\"potentialAction\":[{\"@type\":\"CommentAction\",\"name\":\"Comment\",\"target\":[\"https:\/\/dicodusport.fr\/blog\/uae-team-emirates-effectif-et-objectifs-pour-la-saison-2024\/#respond\"]}],\"copyrightYear\":\"2024\",\"copyrightHolder\":{\"@id\":\"https:\/\/dicodusport.fr\/blog\/#organization\"}},{\"@type\":\"WebPage\",\"@id\":\"https:\/\/dicodusport.fr\/blog\/uae-team-emirates-effectif-et-objectifs-pour-la-saison-2024\/\",\"url\":\"https:\/\/dicodusport.fr\/blog\/uae-team-emirates-effectif-et-objectifs-pour-la-saison-2024\/\",\"name\":\"UAE Team Emirates : Effectif et objectifs pour la saison 2024\",\"isPartOf\":{\"@id\":\"https:\/\/dicodusport.fr\/blog\/#website\"},\"primaryImageOfPage\":{\"@id\":\"https:\/\/dicodusport.fr\/blog\/uae-team-emirates-effectif-et-objectifs-pour-la-saison-2024\/#primaryimage\"},\"image\":{\"@id\":\"https:\/\/dicodusport.fr\/blog\/uae-team-emirates-effectif-et-objectifs-pour-la-saison-2024\/#primaryimage\"},\"thumbnailUrl\":\"https:\/\/dicodusport.fr\/blog\/wp-content\/uploads\/2023\/12\/UAE-Team-Emirates-Effectif-et-objectifs-pour-la-saison-2024.png\",\"datePublished\":\"2024-01-30T12:40:25+00:00\",\"description\":\"CYCLISME SUR ROUTE 2024 - On poursuit la revue d'effectif en vue de la saison 2024 avec UAE Team Emirates.\",\"breadcrumb\":{\"@id\":\"https:\/\/dicodusport.fr\/blog\/uae-team-emirates-effectif-et-objectifs-pour-la-saison-2024\/#breadcrumb\"},\"inLanguage\":\"fr-FR\",\"potentialAction\":[{\"@type\":\"ReadAction\",\"target\":[\"https:\/\/dicodusport.fr\/blog\/uae-team-emirates-effectif-et-objectifs-pour-la-saison-2024\/\"]}]},{\"@type\":\"ImageObject\",\"inLanguage\":\"fr-FR\",\"@id\":\"https:\/\/dicodusport.fr\/blog\/uae-team-emirates-effectif-et-objectifs-pour-la-saison-2024\/#primaryimage\",\"url\":\"https:\/\/dicodusport.fr\/blog\/wp-content\/uploads\/2023\/12\/UAE-Team-Emirates-Effectif-et-objectifs-pour-la-saison-2024.png\",\"contentUrl\":\"https:\/\/dicodusport.fr\/blog\/wp-content\/uploads\/2023\/12\/UAE-Team-Emirates-Effectif-et-objectifs-pour-la-saison-2024.png\",\"width\":1200,\"height\":674,\"caption\":\"UAE Team Emirates Effectif et objectifs pour la saison 2024\"},{\"@type\":\"BreadcrumbList\",\"@id\":\"https:\/\/dicodusport.fr\/blog\/uae-team-emirates-effectif-et-objectifs-pour-la-saison-2024\/#breadcrumb\",\"itemListElement\":[{\"@type\":\"ListItem\",\"position\":1,\"name\":\"Accueil\",\"item\":\"https:\/\/dicodusport.fr\/blog\/\"},{\"@type\":\"ListItem\",\"position\":2,\"name\":\"UAE Team Emirates : Effectif et objectifs pour la saison 2024\"}]},{\"@type\":\"WebSite\",\"@id\":\"https:\/\/dicodusport.fr\/blog\/#website\",\"url\":\"https:\/\/dicodusport.fr\/blog\/\",\"name\":\"Dicodusport\",\"description\":\"L&#039;encyclop\u00e9die de l&#039;actualit\u00e9 sportive\",\"publisher\":{\"@id\":\"https:\/\/dicodusport.fr\/blog\/#organization\"},\"potentialAction\":[{\"@type\":\"SearchAction\",\"target\":{\"@type\":\"EntryPoint\",\"urlTemplate\":\"https:\/\/dicodusport.fr\/blog\/?s={search_term_string}\"},\"query-input\":{\"@type\":\"PropertyValueSpecification\",\"valueRequired\":true,\"valueName\":\"search_term_string\"}}],\"inLanguage\":\"fr-FR\"},{\"@type\":\"NewsMediaOrganization\",\"@id\":\"https:\/\/dicodusport.fr\/blog\/#organization\",\"name\":\"Dicodusport\",\"url\":\"https:\/\/dicodusport.fr\/blog\/\",\"logo\":{\"@type\":\"ImageObject\",\"inLanguage\":\"fr-FR\",\"@id\":\"https:\/\/dicodusport.fr\/blog\/#\/schema\/logo\/image\/\",\"url\":\"https:\/\/dicodusport.fr\/blog\/wp-content\/uploads\/2020\/06\/cropped-LOGO-DICODUSPORT-2020-SANS-FOND-SANS-TEXTE.png\",\"contentUrl\":\"https:\/\/dicodusport.fr\/blog\/wp-content\/uploads\/2020\/06\/cropped-LOGO-DICODUSPORT-2020-SANS-FOND-SANS-TEXTE.png\",\"width\":512,\"height\":512,\"caption\":\"Dicodusport\"},\"image\":{\"@id\":\"https:\/\/dicodusport.fr\/blog\/#\/schema\/logo\/image\/\"},\"sameAs\":[\"https:\/\/www.facebook.com\/dicodusport\",\"https:\/\/x.com\/dicodusport\",\"https:\/\/www.instagram.com\/dicodusport\/\",\"https:\/\/www.youtube.com\/channel\/UC7V2KZ5sd3htJivAbA4ZG3w\"],\"description\":\"Dicodusport est l'encyclop\u00e9die de l'actualit\u00e9 sportive.\",\"email\":\"bonjour@dicodusport.fr\",\"legalName\":\"DICODUSPORT\",\"foundingDate\":\"2018-01-14\",\"vatID\":\"FR71834470973\",\"taxID\":\"83447097300043\",\"numberOfEmployees\":{\"@type\":\"QuantitativeValue\",\"minValue\":\"1\",\"maxValue\":\"10\"}},{\"@type\":\"Person\",\"@id\":\"https:\/\/dicodusport.fr\/blog\/#\/schema\/person\/6db4bae06b171592211be385b32876a7\",\"name\":\"Emilien Descampiaux\",\"image\":{\"@type\":\"ImageObject\",\"inLanguage\":\"fr-FR\",\"@id\":\"https:\/\/dicodusport.fr\/blog\/#\/schema\/person\/image\/\",\"url\":\"https:\/\/dicodusport.fr\/blog\/wp-content\/uploads\/2021\/05\/Emilien-Descampiaux-150x150.jpg\",\"contentUrl\":\"https:\/\/dicodusport.fr\/blog\/wp-content\/uploads\/2021\/05\/Emilien-Descampiaux-150x150.jpg\",\"caption\":\"Emilien Descampiaux\"},\"description\":\"Journaliste\/r\u00e9dacteur depuis 2014 - Fan de la classe de Frank Vandenbroucke, je vis cyclisme (et de ses paysages) depuis plus de 20 ans. Je suis tr\u00e8s impliqu\u00e9 sur mes diff\u00e9rents r\u00e9seaux sociaux pour partager ma passion sur le monde et l'Histoire de la bicyclette avec ma voix sur les images en noir et blanc du succ\u00e8s de Rik Van Steenbergen lors du Ronde sur le V\u00e9lodrome de Gand.\",\"sameAs\":[\"https:\/\/www.facebook.com\/groups\/LesRoisDuPeloton\",\"https:\/\/x.com\/https:\/\/twitter.com\/LRoisDuPeloton\"],\"url\":\"https:\/\/dicodusport.fr\/blog\/author\/emiliend\/\"}]}<\/script>\n<!-- \/ Yoast SEO Premium plugin. -->","yoast_head_json":{"title":"UAE Team Emirates : Effectif et objectifs pour la saison 2024","description":"CYCLISME SUR ROUTE 2024 - On poursuit la revue d'effectif en vue de la saison 2024 avec UAE Team Emirates.","robots":{"index":"index","follow":"follow","max-snippet":"max-snippet:-1","max-image-preview":"max-image-preview:large","max-video-preview":"max-video-preview:-1"},"canonical":"https:\/\/dicodusport.fr\/blog\/uae-team-emirates-effectif-et-objectifs-pour-la-saison-2024\/","og_locale":"fr_FR","og_type":"article","og_title":"UAE Team Emirates : Effectif et objectifs pour la saison 2024","og_description":"CYCLISME SUR ROUTE 2024 - On poursuit la revue d'effectif en vue de la saison 2024 avec UAE Team Emirates.","og_url":"https:\/\/dicodusport.fr\/blog\/uae-team-emirates-effectif-et-objectifs-pour-la-saison-2024\/","og_site_name":"Dicodusport","article_publisher":"https:\/\/www.facebook.com\/dicodusport","article_author":"https:\/\/www.facebook.com\/groups\/LesRoisDuPeloton","article_published_time":"2024-01-30T12:40:25+00:00","og_image":[{"width":1200,"height":674,"url":"https:\/\/dicodusport.fr\/blog\/wp-content\/uploads\/2023\/12\/UAE-Team-Emirates-Effectif-et-objectifs-pour-la-saison-2024.png","type":"image\/png"}],"author":"Emilien Descampiaux","twitter_card":"summary_large_image","twitter_title":"UAE Team Emirates : Effectif et objectifs pour la saison 2024","twitter_creator":"@https:\/\/twitter.com\/LRoisDuPeloton","twitter_site":"@dicodusport","schema":{"@context":"https:\/\/schema.org","@graph":[{"@type":"NewsArticle","@id":"https:\/\/dicodusport.fr\/blog\/uae-team-emirates-effectif-et-objectifs-pour-la-saison-2024\/#article","isPartOf":{"@id":"https:\/\/dicodusport.fr\/blog\/uae-team-emirates-effectif-et-objectifs-pour-la-saison-2024\/"},"author":{"name":"Emilien Descampiaux","@id":"https:\/\/dicodusport.fr\/blog\/#\/schema\/person\/6db4bae06b171592211be385b32876a7"},"headline":"UAE Team Emirates : Effectif et objectifs pour la saison 2024","datePublished":"2024-01-30T12:40:25+00:00","mainEntityOfPage":{"@id":"https:\/\/dicodusport.fr\/blog\/uae-team-emirates-effectif-et-objectifs-pour-la-saison-2024\/"},"wordCount":987,"commentCount":0,"publisher":{"@id":"https:\/\/dicodusport.fr\/blog\/#organization"},"image":{"@id":"https:\/\/dicodusport.fr\/blog\/uae-team-emirates-effectif-et-objectifs-pour-la-saison-2024\/#primaryimage"},"thumbnailUrl":"https:\/\/dicodusport.fr\/blog\/wp-content\/uploads\/2023\/12\/UAE-Team-Emirates-Effectif-et-objectifs-pour-la-saison-2024.png","keywords":["br\u00e8ve","Cyclisme sur route","UAE Team Emirates"],"articleSection":["Cyclisme sur route"],"inLanguage":"fr-FR","potentialAction":[{"@type":"CommentAction","name":"Comment","target":["https:\/\/dicodusport.fr\/blog\/uae-team-emirates-effectif-et-objectifs-pour-la-saison-2024\/#respond"]}],"copyrightYear":"2024","copyrightHolder":{"@id":"https:\/\/dicodusport.fr\/blog\/#organization"}},{"@type":"WebPage","@id":"https:\/\/dicodusport.fr\/blog\/uae-team-emirates-effectif-et-objectifs-pour-la-saison-2024\/","url":"https:\/\/dicodusport.fr\/blog\/uae-team-emirates-effectif-et-objectifs-pour-la-saison-2024\/","name":"UAE Team Emirates : Effectif et objectifs pour la saison 2024","isPartOf":{"@id":"https:\/\/dicodusport.fr\/blog\/#website"},"primaryImageOfPage":{"@id":"https:\/\/dicodusport.fr\/blog\/uae-team-emirates-effectif-et-objectifs-pour-la-saison-2024\/#primaryimage"},"image":{"@id":"https:\/\/dicodusport.fr\/blog\/uae-team-emirates-effectif-et-objectifs-pour-la-saison-2024\/#primaryimage"},"thumbnailUrl":"https:\/\/dicodusport.fr\/blog\/wp-content\/uploads\/2023\/12\/UAE-Team-Emirates-Effectif-et-objectifs-pour-la-saison-2024.png","datePublished":"2024-01-30T12:40:25+00:00","description":"CYCLISME SUR ROUTE 2024 - On poursuit la revue d'effectif en vue de la saison 2024 avec UAE Team Emirates.","breadcrumb":{"@id":"https:\/\/dicodusport.fr\/blog\/uae-team-emirates-effectif-et-objectifs-pour-la-saison-2024\/#breadcrumb"},"inLanguage":"fr-FR","potentialAction":[{"@type":"ReadAction","target":["https:\/\/dicodusport.fr\/blog\/uae-team-emirates-effectif-et-objectifs-pour-la-saison-2024\/"]}]},{"@type":"ImageObject","inLanguage":"fr-FR","@id":"https:\/\/dicodusport.fr\/blog\/uae-team-emirates-effectif-et-objectifs-pour-la-saison-2024\/#primaryimage","url":"https:\/\/dicodusport.fr\/blog\/wp-content\/uploads\/2023\/12\/UAE-Team-Emirates-Effectif-et-objectifs-pour-la-saison-2024.png","contentUrl":"https:\/\/dicodusport.fr\/blog\/wp-content\/uploads\/2023\/12\/UAE-Team-Emirates-Effectif-et-objectifs-pour-la-saison-2024.png","width":1200,"height":674,"caption":"UAE Team Emirates Effectif et objectifs pour la saison 2024"},{"@type":"BreadcrumbList","@id":"https:\/\/dicodusport.fr\/blog\/uae-team-emirates-effectif-et-objectifs-pour-la-saison-2024\/#breadcrumb","itemListElement":[{"@type":"ListItem","position":1,"name":"Accueil","item":"https:\/\/dicodusport.fr\/blog\/"},{"@type":"ListItem","position":2,"name":"UAE Team Emirates : Effectif et objectifs pour la saison 2024"}]},{"@type":"WebSite","@id":"https:\/\/dicodusport.fr\/blog\/#website","url":"https:\/\/dicodusport.fr\/blog\/","name":"Dicodusport","description":"L&#039;encyclop\u00e9die de l&#039;actualit\u00e9 sportive","publisher":{"@id":"https:\/\/dicodusport.fr\/blog\/#organization"},"potentialAction":[{"@type":"SearchAction","target":{"@type":"EntryPoint","urlTemplate":"https:\/\/dicodusport.fr\/blog\/?s={search_term_string}"},"query-input":{"@type":"PropertyValueSpecification","valueRequired":true,"valueName":"search_term_string"}}],"inLanguage":"fr-FR"},{"@type":"NewsMediaOrganization","@id":"https:\/\/dicodusport.fr\/blog\/#organization","name":"Dicodusport","url":"https:\/\/dicodusport.fr\/blog\/","logo":{"@type":"ImageObject","inLanguage":"fr-FR","@id":"https:\/\/dicodusport.fr\/blog\/#\/schema\/logo\/image\/","url":"https:\/\/dicodusport.fr\/blog\/wp-content\/uploads\/2020\/06\/cropped-LOGO-DICODUSPORT-2020-SANS-FOND-SANS-TEXTE.png","contentUrl":"https:\/\/dicodusport.fr\/blog\/wp-content\/uploads\/2020\/06\/cropped-LOGO-DICODUSPORT-2020-SANS-FOND-SANS-TEXTE.png","width":512,"height":512,"caption":"Dicodusport"},"image":{"@id":"https:\/\/dicodusport.fr\/blog\/#\/schema\/logo\/image\/"},"sameAs":["https:\/\/www.facebook.com\/dicodusport","https:\/\/x.com\/dicodusport","https:\/\/www.instagram.com\/dicodusport\/","https:\/\/www.youtube.com\/channel\/UC7V2KZ5sd3htJivAbA4ZG3w"],"description":"Dicodusport est l'encyclop\u00e9die de l'actualit\u00e9 sportive.","email":"bonjour@dicodusport.fr","legalName":"DICODUSPORT","foundingDate":"2018-01-14","vatID":"FR71834470973","taxID":"83447097300043","numberOfEmployees":{"@type":"QuantitativeValue","minValue":"1","maxValue":"10"}},{"@type":"Person","@id":"https:\/\/dicodusport.fr\/blog\/#\/schema\/person\/6db4bae06b171592211be385b32876a7","name":"Emilien Descampiaux","image":{"@type":"ImageObject","inLanguage":"fr-FR","@id":"https:\/\/dicodusport.fr\/blog\/#\/schema\/person\/image\/","url":"https:\/\/dicodusport.fr\/blog\/wp-content\/uploads\/2021\/05\/Emilien-Descampiaux-150x150.jpg","contentUrl":"https:\/\/dicodusport.fr\/blog\/wp-content\/uploads\/2021\/05\/Emilien-Descampiaux-150x150.jpg","caption":"Emilien Descampiaux"},"description":"Journaliste\/r\u00e9dacteur depuis 2014 - Fan de la classe de Frank Vandenbroucke, je vis cyclisme (et de ses paysages) depuis plus de 20 ans. Je suis tr\u00e8s impliqu\u00e9 sur mes diff\u00e9rents r\u00e9seaux sociaux pour partager ma passion sur le monde et l'Histoire de la bicyclette avec ma voix sur les images en noir et blanc du succ\u00e8s de Rik Van Steenbergen lors du Ronde sur le V\u00e9lodrome de Gand.","sameAs":["https:\/\/www.facebook.com\/groups\/LesRoisDuPeloton","https:\/\/x.com\/https:\/\/twitter.com\/LRoisDuPeloton"],"url":"https:\/\/dicodusport.fr\/blog\/author\/emiliend\/"}]}},"_links":{"self":[{"href":"https:\/\/dicodusport.fr\/blog\/wp-json\/wp\/v2\/posts\/446815","targetHints":{"allow":["GET"]}}],"collection":[{"href":"https:\/\/dicodusport.fr\/blog\/wp-json\/wp\/v2\/posts"}],"about":[{"href":"https:\/\/dicodusport.fr\/blog\/wp-json\/wp\/v2\/types\/post"}],"author":[{"embeddable":true,"href":"https:\/\/dicodusport.fr\/blog\/wp-json\/wp\/v2\/users\/48"}],"replies":[{"embeddable":true,"href":"https:\/\/dicodusport.fr\/blog\/wp-json\/wp\/v2\/comments?post=446815"}],"version-history":[{"count":5,"href":"https:\/\/dicodusport.fr\/blog\/wp-json\/wp\/v2\/posts\/446815\/revisions"}],"predecessor-version":[{"id":458016,"href":"https:\/\/dicodusport.fr\/blog\/wp-json\/wp\/v2\/posts\/446815\/revisions\/458016"}],"wp:featuredmedia":[{"embeddable":true,"href":"https:\/\/dicodusport.fr\/blog\/wp-json\/wp\/v2\/media\/458017"}],"wp:attachment":[{"href":"https:\/\/dicodusport.fr\/blog\/wp-json\/wp\/v2\/media?parent=446815"}],"wp:term":[{"taxonomy":"category","embeddable":true,"href":"https:\/\/dicodusport.fr\/blog\/wp-json\/wp\/v2\/categories?post=446815"},{"taxonomy":"post_tag","embeddable":true,"href":"https:\/\/dicodusport.fr\/blog\/wp-json\/wp\/v2\/tags?post=446815"}],"curies":[{"name":"wp","href":"https:\/\/api.w.org\/{rel}","templated":true}]}}