{"id":446888,"date":"2023-12-21T21:40:52","date_gmt":"2023-12-21T20:40:52","guid":{"rendered":"https:\/\/dicodusport.fr\/blog\/?p=446888&#038;preview=true&#038;preview_id=446888"},"modified":"2023-12-22T14:21:13","modified_gmt":"2023-12-22T13:21:13","slug":"slalom-femmes-courchevel-deuxieme-victoire-de-la-saison-pour-petra-vlhova","status":"publish","type":"post","link":"https:\/\/dicodusport.fr\/blog\/slalom-femmes-courchevel-deuxieme-victoire-de-la-saison-pour-petra-vlhova\/","title":{"rendered":"Slalom femmes Courchevel : Deuxi\u00e8me victoire de la saison pour Petra Vlhova"},"content":{"rendered":"<p style=\"text-align: justify;\"><strong><em><a href=\"https:\/\/dicodusport.fr\/blog\/actualites\/sports-dhiver\/ski\/coupe-du-monde-ski-alpin-2023-2024\/\"><i>COUPE DU MONDE DE SKI ALPIN 2023-2024<\/i><\/a><\/em><em> &#8211;<\/em><em> Deuxi\u00e8me temps de la premi\u00e8re manche, Petra Vlhova a remport\u00e9 son deuxi\u00e8me slalom cette saison en devan\u00e7ant Mikaela Shiffrin. Katharina Truppe, troisi\u00e8me, est de retour sur le podium, un an apr\u00e8s.<\/em><\/strong><\/p>\n<ul>\n<li style=\"text-align: justify;\"><strong>\u00c0 ce sujet \u2013\u00a0<a href=\"https:\/\/dicodusport.fr\/blog\/classement-slalom-femmes-courchevel-2023\/\">Le classement du slalom femmes de Courchevel<\/a><\/strong><\/li>\n<\/ul>\n<h2>Des \u00e9carts importants d\u00e8s la premi\u00e8re manche<\/h2>\n<p style=\"text-align: justify;\">La derni\u00e8re fois que les skieuses ont fait escale \u00e0 Courchevel, il s&rsquo;agissait des Mondiaux 2023. Pour les \u00e9preuves de vitesse du moins puisque les courses techniques se d\u00e9roulaient \u00e0 M\u00e9ribel. Malgr\u00e9 tout, la favorite du jour, <strong>Mikaela Shiffrin<\/strong> a ses aises dans la station. Elle y a en effet remport\u00e9 l&rsquo;argent au Super-G. Ainsi, au terme de la premi\u00e8re manche, l&rsquo;Am\u00e9ricaine semble bien partie pour r\u00e9aliser la passe de trois en slalom apr\u00e8s ses succ\u00e8s \u00e0 Levi et Killington. Elle dispose d&rsquo;une marge de 17 centi\u00e8mes sur <strong>Petra Vlhova<\/strong>, victorieuse du slalom d&rsquo;ouverture, \u00e0 Levi \u00e9galement. C&rsquo;est sans compter sur la Slovaque qui, au terme d&rsquo;une deuxi\u00e8me manche supersonique, d\u00e9croche son deuxi\u00e8me bouquet de la saison.<\/p>\n<ul>\n<li style=\"text-align: justify;\"><strong>\u00c0 ce sujet \u2013\u00a0<a href=\"https:\/\/dicodusport.fr\/blog\/calendrier-et-resultats-ski-alpin-coupe-du-monde-femmes-2023-2024\/\">Calendrier et r\u00e9sultats de la Coupe du monde de ski alpin 2023-2024<\/a><\/strong><\/li>\n<\/ul>\n<p style=\"text-align: justify;\">Derri\u00e8re, la concurrence \u00e9tait d\u00e9j\u00e0 loin apr\u00e8s la premi\u00e8re manche. Tr\u00e8s loin m\u00eame ! <strong>Lena Duerr<\/strong>, outsider du jour avec deux podiums et une quatri\u00e8me place, a enfourch\u00e9 apr\u00e8s quelques secondes de course. Les autres femmes ont d\u00fb composer avec des conditions difficiles sur une piste qui a marqu\u00e9 d\u00e8s les premiers dossards. La raison ? La m\u00e9t\u00e9o capricieuse par sa pluie fine et une relative douceur. Si <strong>Katharine Liensberger<\/strong> pointait \u00e0 la troisi\u00e8me place (\u00e0 1.06), seules <strong>Paula Moltzan<\/strong>, <strong>Katharina Truppe<\/strong> et <strong>Katharina Gallhuber<\/strong> figuraient \u00e0 moins d&rsquo;une seconde et sept dixi\u00e8mes (mais \u00e0 plus d&rsquo;1.60) !<\/p>\n<h2 style=\"text-align: justify;\">La Fran\u00e7aise du jour : Clarisse Br\u00e8che, dans les points pour la deuxi\u00e8me fois de sa carri\u00e8re<\/h2>\n<p style=\"text-align: justify;\">Du c\u00f4t\u00e9 des Fran\u00e7aises, d\u00e9ception pour <strong>Marie Lamure<\/strong> (36\u00e8me) et <strong>Chiara Pogneaux<\/strong> (34\u00e8me) qui n&rsquo;entrent pas dans les 30. <strong>Marion Chevrier, Doriane Escan\u00e9<\/strong>\u00a0et <strong>Caitlin McFarlane<\/strong> ont quant \u00e0 elles \u00e9chou\u00e9 \u00e0 rallier l&rsquo;arriv\u00e9e de la premi\u00e8re manche. En revanche, l&rsquo;excellente performance est \u00e0 mettre au cr\u00e9dit de <strong>Clarisse Br\u00e8che<\/strong>. Avec son dossard 69 (sur 70 !), la skieuse a obtenu, \u00e0 domicile, sa deuxi\u00e8me qualification en carri\u00e8re apr\u00e8s le slalom de Sestri\u00e8re en 2022. En profitant d&rsquo;un petit dossard en deuxi\u00e8me manche, gr\u00e2ce \u00e0 sa vingt-neuvi\u00e8me place lors de la premi\u00e8re, la Savoyarde s&rsquo;offre ainsi une remont\u00e9e int\u00e9ressante puisqu&rsquo;elle termine finalement vingt-et-uni\u00e8me.<\/p>\n<blockquote class=\"twitter-tweet\">\n<p dir=\"ltr\" lang=\"fr\">Avec son dossard 69 Clarisse Br\u00e8che \ud83c\uddeb\ud83c\uddf7aura r\u00e9ussi \u00e0 rentrer dans les points \u00e0 domicile \u00e0 Courchevel \ud83d\udc4d\ud83c\udffb<br \/>\nUn sourire et un air de Marseillaise \ud83c\udfb6 au milieu du brouillard \u2601\ufe0f<br \/>\n\ud83c\udf99\ufe0f<a href=\"https:\/\/twitter.com\/oliviercanton?ref_src=twsrc%5Etfw\">@oliviercanton<\/a> <a href=\"https:\/\/twitter.com\/NastasiaNoens?ref_src=twsrc%5Etfw\">@NastasiaNoens<\/a><br \/>\n\u27a1\ufe0f<a href=\"https:\/\/twitter.com\/Eurosport_FR?ref_src=twsrc%5Etfw\">@Eurosport_FR<\/a> <a href=\"https:\/\/twitter.com\/hashtag\/ChaletClub?src=hash&amp;ref_src=twsrc%5Etfw\">#ChaletClub<\/a> <a href=\"https:\/\/t.co\/NYAifVeT7Z\">pic.twitter.com\/NYAifVeT7Z<\/a><\/p>\n<p>\u2014 Chalet \u2744\ufe0f Club (@ChaletClub_) <a href=\"https:\/\/twitter.com\/ChaletClub_\/status\/1737924108652806559?ref_src=twsrc%5Etfw\">December 21, 2023<\/a><\/p><\/blockquote>\n<p><script async src=\"https:\/\/platform.twitter.com\/widgets.js\" charset=\"utf-8\"><\/script><\/p>\n<p style=\"text-align: justify;\">Elle devient la troisi\u00e8me Fran\u00e7aise \u00e0 marquer des points cette saison en slalom apr\u00e8s <strong>Marion Chevrier<\/strong> et<strong> Chiara Pogneaux<\/strong>. Dans une discipline o\u00f9 <strong>Nastasia Noens<\/strong> a longtemps navigu\u00e9 seule au vent, la rel\u00e8ve fran\u00e7aise semble \u00e9merger peu \u00e0 peu. L&rsquo;\u00e9mulation semble prendre \u00e9galement et les r\u00e9sultats r\u00e9cents en Coupe d&rsquo;Europe confirment cette tendance. Les podiums r\u00e9cents de <strong>Marie Lamure, Marion Chevrier<\/strong> et <strong>Doriane Escan\u00e9<\/strong>, vainqueure notamment le week-end dernier en t\u00e9moignent.<\/p>\n<h2 style=\"text-align: justify;\">Un duel Shiffrin-Vlhova pour la gagne<\/h2>\n<p style=\"text-align: justify;\">Devant, l&rsquo;explication entre les meilleures tourne finalement \u00e0 l&rsquo;avantage de <strong>Vlhova<\/strong>. En plus de refaire son handicap de la premi\u00e8re manche, la Slovaque s&rsquo;est constitu\u00e9e un matelas de vingt-quatre centi\u00e8mes sur l&rsquo;Am\u00e9ricaine. Il s&rsquo;agit de sa deuxi\u00e8me victoire de la saison et de son cinqui\u00e8me podium. Derri\u00e8re, la lutte pour le podium s&rsquo;est av\u00e9r\u00e9e plus serr\u00e9e. Auteure, d&rsquo;une tr\u00e8s belle manche, <strong>Katharina Gallhuber<\/strong> (4\u00e8me) y a cru un temps. Le temps d&rsquo;arriver dans le <em>Kiss and cry<\/em>, il lui fallait d\u00e9j\u00e0 laisser la place \u00e0 <strong>Katharina Truppe<\/strong>. L&rsquo;Autrichienne d\u00e9croche ainsi son premier podium depuis le slalom de Killington en novembre 2022. <strong>Paula Moltzan<\/strong> (5\u00e8me) et <strong>Katharina Liensberger<\/strong> (18\u00e8me) ont pay\u00e9 leurs erreurs. Prochain rendez-vous pour les techniciennes, les 28 et 29 d\u00e9cembre \u00e0 Lienz pour un g\u00e9ant et un nouveau slalom.<\/p>\n<p>&nbsp;<\/p>\n","protected":false},"excerpt":{"rendered":"<p>SLALOM FEMMES COURCHEVEL 2023 &#8211; Petra Vlhova a remport\u00e9 le slalom de Courchevel devant Mikaela Shiffrin et Katharina Truppe.<\/p>\n","protected":false},"author":91,"featured_media":447005,"comment_status":"open","ping_status":"closed","sticky":false,"template":"","format":"standard","meta":{"_acf_changed":false,"_daextam_enable_autolinks":"1","footnotes":""},"categories":[47084],"tags":[16878,3542,2233,3007,24],"class_list":["post-446888","post","type-post","status-publish","format-standard","has-post-thumbnail","hentry","category-coupe-du-monde-ski-alpin","tag-breve","tag-mikaela-shiffrin","tag-ski-alpin","tag-slalom","tag-sport"],"acf":[],"yoast_head":"<!-- This site is optimized with the Yoast SEO Premium plugin v26.7 (Yoast SEO v26.7) - https:\/\/yoast.com\/wordpress\/plugins\/seo\/ -->\n<title>Slalom femmes Courchevel : Deuxi\u00e8me victoire de la saison pour Petra Vlhova<\/title>\n<meta name=\"description\" content=\"SLALOM FEMMES COURCHEVEL 2023 - Petra Vlhova a remport\u00e9 le slalom de Courchevel devant Mikaela Shiffrin et Katharina Truppe.\" \/>\n<meta name=\"robots\" content=\"index, follow, max-snippet:-1, max-image-preview:large, max-video-preview:-1\" \/>\n<link rel=\"canonical\" href=\"https:\/\/dicodusport.fr\/blog\/slalom-femmes-courchevel-deuxieme-victoire-de-la-saison-pour-petra-vlhova\/\" \/>\n<meta property=\"og:locale\" content=\"fr_FR\" \/>\n<meta property=\"og:type\" content=\"article\" \/>\n<meta property=\"og:title\" content=\"Slalom femmes Courchevel : Deuxi\u00e8me victoire de la saison pour Petra Vlhova\" \/>\n<meta property=\"og:description\" content=\"SLALOM FEMMES COURCHEVEL 2023 - Petra Vlhova a remport\u00e9 le slalom de Courchevel devant Mikaela Shiffrin et Katharina Truppe.\" \/>\n<meta property=\"og:url\" content=\"https:\/\/dicodusport.fr\/blog\/slalom-femmes-courchevel-deuxieme-victoire-de-la-saison-pour-petra-vlhova\/\" \/>\n<meta property=\"og:site_name\" content=\"Dicodusport\" \/>\n<meta property=\"article:publisher\" content=\"https:\/\/www.facebook.com\/dicodusport\" \/>\n<meta property=\"article:published_time\" content=\"2023-12-21T20:40:52+00:00\" \/>\n<meta property=\"article:modified_time\" content=\"2023-12-22T13:21:13+00:00\" \/>\n<meta property=\"og:image\" content=\"https:\/\/dicodusport.fr\/blog\/wp-content\/uploads\/2023\/12\/Slalom-femmes-Courchevel-Deuxieme-victoire-de-la-saison-pour-Petra-Vlhova-1.png\" \/>\n\t<meta property=\"og:image:width\" content=\"1200\" \/>\n\t<meta property=\"og:image:height\" content=\"674\" \/>\n\t<meta property=\"og:image:type\" content=\"image\/png\" \/>\n<meta name=\"author\" content=\"Victor Clot-Amiot\" \/>\n<meta name=\"twitter:card\" content=\"summary_large_image\" \/>\n<meta name=\"twitter:title\" content=\"Slalom femmes Courchevel : Deuxi\u00e8me victoire de la saison pour Petra Vlhova\" \/>\n<meta name=\"twitter:creator\" content=\"@https:\/\/x.com\/VictorClotAmiot\" \/>\n<meta name=\"twitter:site\" content=\"@dicodusport\" \/>\n<script type=\"application\/ld+json\" class=\"yoast-schema-graph\">{\"@context\":\"https:\/\/schema.org\",\"@graph\":[{\"@type\":\"NewsArticle\",\"@id\":\"https:\/\/dicodusport.fr\/blog\/slalom-femmes-courchevel-deuxieme-victoire-de-la-saison-pour-petra-vlhova\/#article\",\"isPartOf\":{\"@id\":\"https:\/\/dicodusport.fr\/blog\/slalom-femmes-courchevel-deuxieme-victoire-de-la-saison-pour-petra-vlhova\/\"},\"author\":{\"name\":\"Victor Clot-Amiot\",\"@id\":\"https:\/\/dicodusport.fr\/blog\/#\/schema\/person\/b623199cba9ba90fe84a3d16e9282360\"},\"headline\":\"Slalom femmes Courchevel : Deuxi\u00e8me victoire de la saison pour Petra Vlhova\",\"datePublished\":\"2023-12-21T20:40:52+00:00\",\"dateModified\":\"2023-12-22T13:21:13+00:00\",\"mainEntityOfPage\":{\"@id\":\"https:\/\/dicodusport.fr\/blog\/slalom-femmes-courchevel-deuxieme-victoire-de-la-saison-pour-petra-vlhova\/\"},\"wordCount\":737,\"commentCount\":0,\"publisher\":{\"@id\":\"https:\/\/dicodusport.fr\/blog\/#organization\"},\"image\":{\"@id\":\"https:\/\/dicodusport.fr\/blog\/slalom-femmes-courchevel-deuxieme-victoire-de-la-saison-pour-petra-vlhova\/#primaryimage\"},\"thumbnailUrl\":\"https:\/\/dicodusport.fr\/blog\/wp-content\/uploads\/2023\/12\/Slalom-femmes-Courchevel-Deuxieme-victoire-de-la-saison-pour-Petra-Vlhova-1.png\",\"keywords\":[\"br\u00e8ve\",\"Mikaela Shiffrin\",\"Ski alpin\",\"slalom\",\"sport\"],\"articleSection\":[\"Coupe du monde de ski alpin\"],\"inLanguage\":\"fr-FR\",\"potentialAction\":[{\"@type\":\"CommentAction\",\"name\":\"Comment\",\"target\":[\"https:\/\/dicodusport.fr\/blog\/slalom-femmes-courchevel-deuxieme-victoire-de-la-saison-pour-petra-vlhova\/#respond\"]}],\"copyrightYear\":\"2023\",\"copyrightHolder\":{\"@id\":\"https:\/\/dicodusport.fr\/blog\/#organization\"}},{\"@type\":\"WebPage\",\"@id\":\"https:\/\/dicodusport.fr\/blog\/slalom-femmes-courchevel-deuxieme-victoire-de-la-saison-pour-petra-vlhova\/\",\"url\":\"https:\/\/dicodusport.fr\/blog\/slalom-femmes-courchevel-deuxieme-victoire-de-la-saison-pour-petra-vlhova\/\",\"name\":\"Slalom femmes Courchevel : Deuxi\u00e8me victoire de la saison pour Petra Vlhova\",\"isPartOf\":{\"@id\":\"https:\/\/dicodusport.fr\/blog\/#website\"},\"primaryImageOfPage\":{\"@id\":\"https:\/\/dicodusport.fr\/blog\/slalom-femmes-courchevel-deuxieme-victoire-de-la-saison-pour-petra-vlhova\/#primaryimage\"},\"image\":{\"@id\":\"https:\/\/dicodusport.fr\/blog\/slalom-femmes-courchevel-deuxieme-victoire-de-la-saison-pour-petra-vlhova\/#primaryimage\"},\"thumbnailUrl\":\"https:\/\/dicodusport.fr\/blog\/wp-content\/uploads\/2023\/12\/Slalom-femmes-Courchevel-Deuxieme-victoire-de-la-saison-pour-Petra-Vlhova-1.png\",\"datePublished\":\"2023-12-21T20:40:52+00:00\",\"dateModified\":\"2023-12-22T13:21:13+00:00\",\"description\":\"SLALOM FEMMES COURCHEVEL 2023 - Petra Vlhova a remport\u00e9 le slalom de Courchevel devant Mikaela Shiffrin et Katharina Truppe.\",\"breadcrumb\":{\"@id\":\"https:\/\/dicodusport.fr\/blog\/slalom-femmes-courchevel-deuxieme-victoire-de-la-saison-pour-petra-vlhova\/#breadcrumb\"},\"inLanguage\":\"fr-FR\",\"potentialAction\":[{\"@type\":\"ReadAction\",\"target\":[\"https:\/\/dicodusport.fr\/blog\/slalom-femmes-courchevel-deuxieme-victoire-de-la-saison-pour-petra-vlhova\/\"]}]},{\"@type\":\"ImageObject\",\"inLanguage\":\"fr-FR\",\"@id\":\"https:\/\/dicodusport.fr\/blog\/slalom-femmes-courchevel-deuxieme-victoire-de-la-saison-pour-petra-vlhova\/#primaryimage\",\"url\":\"https:\/\/dicodusport.fr\/blog\/wp-content\/uploads\/2023\/12\/Slalom-femmes-Courchevel-Deuxieme-victoire-de-la-saison-pour-Petra-Vlhova-1.png\",\"contentUrl\":\"https:\/\/dicodusport.fr\/blog\/wp-content\/uploads\/2023\/12\/Slalom-femmes-Courchevel-Deuxieme-victoire-de-la-saison-pour-Petra-Vlhova-1.png\",\"width\":1200,\"height\":674,\"caption\":\"Slalom femmes Courchevel Deuxi\u00e8me victoire de la saison pour Petra Vlhova\"},{\"@type\":\"BreadcrumbList\",\"@id\":\"https:\/\/dicodusport.fr\/blog\/slalom-femmes-courchevel-deuxieme-victoire-de-la-saison-pour-petra-vlhova\/#breadcrumb\",\"itemListElement\":[{\"@type\":\"ListItem\",\"position\":1,\"name\":\"Accueil\",\"item\":\"https:\/\/dicodusport.fr\/blog\/\"},{\"@type\":\"ListItem\",\"position\":2,\"name\":\"Slalom femmes Courchevel : Deuxi\u00e8me victoire de la saison pour Petra Vlhova\"}]},{\"@type\":\"WebSite\",\"@id\":\"https:\/\/dicodusport.fr\/blog\/#website\",\"url\":\"https:\/\/dicodusport.fr\/blog\/\",\"name\":\"Dicodusport\",\"description\":\"L&#039;encyclop\u00e9die de l&#039;actualit\u00e9 sportive\",\"publisher\":{\"@id\":\"https:\/\/dicodusport.fr\/blog\/#organization\"},\"potentialAction\":[{\"@type\":\"SearchAction\",\"target\":{\"@type\":\"EntryPoint\",\"urlTemplate\":\"https:\/\/dicodusport.fr\/blog\/?s={search_term_string}\"},\"query-input\":{\"@type\":\"PropertyValueSpecification\",\"valueRequired\":true,\"valueName\":\"search_term_string\"}}],\"inLanguage\":\"fr-FR\"},{\"@type\":\"NewsMediaOrganization\",\"@id\":\"https:\/\/dicodusport.fr\/blog\/#organization\",\"name\":\"Dicodusport\",\"url\":\"https:\/\/dicodusport.fr\/blog\/\",\"logo\":{\"@type\":\"ImageObject\",\"inLanguage\":\"fr-FR\",\"@id\":\"https:\/\/dicodusport.fr\/blog\/#\/schema\/logo\/image\/\",\"url\":\"https:\/\/dicodusport.fr\/blog\/wp-content\/uploads\/2020\/06\/cropped-LOGO-DICODUSPORT-2020-SANS-FOND-SANS-TEXTE.png\",\"contentUrl\":\"https:\/\/dicodusport.fr\/blog\/wp-content\/uploads\/2020\/06\/cropped-LOGO-DICODUSPORT-2020-SANS-FOND-SANS-TEXTE.png\",\"width\":512,\"height\":512,\"caption\":\"Dicodusport\"},\"image\":{\"@id\":\"https:\/\/dicodusport.fr\/blog\/#\/schema\/logo\/image\/\"},\"sameAs\":[\"https:\/\/www.facebook.com\/dicodusport\",\"https:\/\/x.com\/dicodusport\",\"https:\/\/www.instagram.com\/dicodusport\/\",\"https:\/\/www.youtube.com\/channel\/UC7V2KZ5sd3htJivAbA4ZG3w\"],\"description\":\"Dicodusport est l'encyclop\u00e9die de l'actualit\u00e9 sportive.\",\"email\":\"bonjour@dicodusport.fr\",\"legalName\":\"DICODUSPORT\",\"foundingDate\":\"2018-01-14\",\"vatID\":\"FR71834470973\",\"taxID\":\"83447097300043\",\"numberOfEmployees\":{\"@type\":\"QuantitativeValue\",\"minValue\":\"1\",\"maxValue\":\"10\"}},{\"@type\":\"Person\",\"@id\":\"https:\/\/dicodusport.fr\/blog\/#\/schema\/person\/b623199cba9ba90fe84a3d16e9282360\",\"name\":\"Victor Clot-Amiot\",\"image\":{\"@type\":\"ImageObject\",\"inLanguage\":\"fr-FR\",\"@id\":\"https:\/\/dicodusport.fr\/blog\/#\/schema\/person\/image\/\",\"url\":\"https:\/\/dicodusport.fr\/blog\/wp-content\/uploads\/2023\/09\/IMG_20190826_114722-150x150.jpg\",\"contentUrl\":\"https:\/\/dicodusport.fr\/blog\/wp-content\/uploads\/2023\/09\/IMG_20190826_114722-150x150.jpg\",\"caption\":\"Victor Clot-Amiot\"},\"description\":\"Passionn\u00e9 de sport depuis toujours, un jour \u00e0 l'adolescence mes parents m'ont dit : \\\"quitte \u00e0 passer ton temps \u00e0 regarder du sport, au moins va le voir en vrai\\\" ! Depuis, cette remarque ne m'a plus quitt\u00e9 et je passe une grande partie de mon temps libre \u00e0 assister \u00e0 des comp\u00e9titions de tous sports. Je m\u00eale d'ailleurs mes deux passions, le sport et les voyages afin de faire une pierre deux coups ! Outre l'US Open ou l'Euro 2021 par exemple, j'ai assist\u00e9 cet \u00e9t\u00e9 aux Mondiaux d'athl\u00e9tisme \u00e0 Budapest. Mon plus gros coup dur est et restera les JO 2020-2021 pour lesquels j'avais r\u00e9serv\u00e9 17 \u00e9preuves. La suite, vous la connaissez...\",\"sameAs\":[\"https:\/\/x.com\/https:\/\/x.com\/VictorClotAmiot\"],\"url\":\"https:\/\/dicodusport.fr\/blog\/author\/victor-clot-amiot\/\"}]}<\/script>\n<!-- \/ Yoast SEO Premium plugin. -->","yoast_head_json":{"title":"Slalom femmes Courchevel : Deuxi\u00e8me victoire de la saison pour Petra Vlhova","description":"SLALOM FEMMES COURCHEVEL 2023 - Petra Vlhova a remport\u00e9 le slalom de Courchevel devant Mikaela Shiffrin et Katharina Truppe.","robots":{"index":"index","follow":"follow","max-snippet":"max-snippet:-1","max-image-preview":"max-image-preview:large","max-video-preview":"max-video-preview:-1"},"canonical":"https:\/\/dicodusport.fr\/blog\/slalom-femmes-courchevel-deuxieme-victoire-de-la-saison-pour-petra-vlhova\/","og_locale":"fr_FR","og_type":"article","og_title":"Slalom femmes Courchevel : Deuxi\u00e8me victoire de la saison pour Petra Vlhova","og_description":"SLALOM FEMMES COURCHEVEL 2023 - Petra Vlhova a remport\u00e9 le slalom de Courchevel devant Mikaela Shiffrin et Katharina Truppe.","og_url":"https:\/\/dicodusport.fr\/blog\/slalom-femmes-courchevel-deuxieme-victoire-de-la-saison-pour-petra-vlhova\/","og_site_name":"Dicodusport","article_publisher":"https:\/\/www.facebook.com\/dicodusport","article_published_time":"2023-12-21T20:40:52+00:00","article_modified_time":"2023-12-22T13:21:13+00:00","og_image":[{"width":1200,"height":674,"url":"https:\/\/dicodusport.fr\/blog\/wp-content\/uploads\/2023\/12\/Slalom-femmes-Courchevel-Deuxieme-victoire-de-la-saison-pour-Petra-Vlhova-1.png","type":"image\/png"}],"author":"Victor Clot-Amiot","twitter_card":"summary_large_image","twitter_title":"Slalom femmes Courchevel : Deuxi\u00e8me victoire de la saison pour Petra Vlhova","twitter_creator":"@https:\/\/x.com\/VictorClotAmiot","twitter_site":"@dicodusport","schema":{"@context":"https:\/\/schema.org","@graph":[{"@type":"NewsArticle","@id":"https:\/\/dicodusport.fr\/blog\/slalom-femmes-courchevel-deuxieme-victoire-de-la-saison-pour-petra-vlhova\/#article","isPartOf":{"@id":"https:\/\/dicodusport.fr\/blog\/slalom-femmes-courchevel-deuxieme-victoire-de-la-saison-pour-petra-vlhova\/"},"author":{"name":"Victor Clot-Amiot","@id":"https:\/\/dicodusport.fr\/blog\/#\/schema\/person\/b623199cba9ba90fe84a3d16e9282360"},"headline":"Slalom femmes Courchevel : Deuxi\u00e8me victoire de la saison pour Petra Vlhova","datePublished":"2023-12-21T20:40:52+00:00","dateModified":"2023-12-22T13:21:13+00:00","mainEntityOfPage":{"@id":"https:\/\/dicodusport.fr\/blog\/slalom-femmes-courchevel-deuxieme-victoire-de-la-saison-pour-petra-vlhova\/"},"wordCount":737,"commentCount":0,"publisher":{"@id":"https:\/\/dicodusport.fr\/blog\/#organization"},"image":{"@id":"https:\/\/dicodusport.fr\/blog\/slalom-femmes-courchevel-deuxieme-victoire-de-la-saison-pour-petra-vlhova\/#primaryimage"},"thumbnailUrl":"https:\/\/dicodusport.fr\/blog\/wp-content\/uploads\/2023\/12\/Slalom-femmes-Courchevel-Deuxieme-victoire-de-la-saison-pour-Petra-Vlhova-1.png","keywords":["br\u00e8ve","Mikaela Shiffrin","Ski alpin","slalom","sport"],"articleSection":["Coupe du monde de ski alpin"],"inLanguage":"fr-FR","potentialAction":[{"@type":"CommentAction","name":"Comment","target":["https:\/\/dicodusport.fr\/blog\/slalom-femmes-courchevel-deuxieme-victoire-de-la-saison-pour-petra-vlhova\/#respond"]}],"copyrightYear":"2023","copyrightHolder":{"@id":"https:\/\/dicodusport.fr\/blog\/#organization"}},{"@type":"WebPage","@id":"https:\/\/dicodusport.fr\/blog\/slalom-femmes-courchevel-deuxieme-victoire-de-la-saison-pour-petra-vlhova\/","url":"https:\/\/dicodusport.fr\/blog\/slalom-femmes-courchevel-deuxieme-victoire-de-la-saison-pour-petra-vlhova\/","name":"Slalom femmes Courchevel : Deuxi\u00e8me victoire de la saison pour Petra Vlhova","isPartOf":{"@id":"https:\/\/dicodusport.fr\/blog\/#website"},"primaryImageOfPage":{"@id":"https:\/\/dicodusport.fr\/blog\/slalom-femmes-courchevel-deuxieme-victoire-de-la-saison-pour-petra-vlhova\/#primaryimage"},"image":{"@id":"https:\/\/dicodusport.fr\/blog\/slalom-femmes-courchevel-deuxieme-victoire-de-la-saison-pour-petra-vlhova\/#primaryimage"},"thumbnailUrl":"https:\/\/dicodusport.fr\/blog\/wp-content\/uploads\/2023\/12\/Slalom-femmes-Courchevel-Deuxieme-victoire-de-la-saison-pour-Petra-Vlhova-1.png","datePublished":"2023-12-21T20:40:52+00:00","dateModified":"2023-12-22T13:21:13+00:00","description":"SLALOM FEMMES COURCHEVEL 2023 - Petra Vlhova a remport\u00e9 le slalom de Courchevel devant Mikaela Shiffrin et Katharina Truppe.","breadcrumb":{"@id":"https:\/\/dicodusport.fr\/blog\/slalom-femmes-courchevel-deuxieme-victoire-de-la-saison-pour-petra-vlhova\/#breadcrumb"},"inLanguage":"fr-FR","potentialAction":[{"@type":"ReadAction","target":["https:\/\/dicodusport.fr\/blog\/slalom-femmes-courchevel-deuxieme-victoire-de-la-saison-pour-petra-vlhova\/"]}]},{"@type":"ImageObject","inLanguage":"fr-FR","@id":"https:\/\/dicodusport.fr\/blog\/slalom-femmes-courchevel-deuxieme-victoire-de-la-saison-pour-petra-vlhova\/#primaryimage","url":"https:\/\/dicodusport.fr\/blog\/wp-content\/uploads\/2023\/12\/Slalom-femmes-Courchevel-Deuxieme-victoire-de-la-saison-pour-Petra-Vlhova-1.png","contentUrl":"https:\/\/dicodusport.fr\/blog\/wp-content\/uploads\/2023\/12\/Slalom-femmes-Courchevel-Deuxieme-victoire-de-la-saison-pour-Petra-Vlhova-1.png","width":1200,"height":674,"caption":"Slalom femmes Courchevel Deuxi\u00e8me victoire de la saison pour Petra Vlhova"},{"@type":"BreadcrumbList","@id":"https:\/\/dicodusport.fr\/blog\/slalom-femmes-courchevel-deuxieme-victoire-de-la-saison-pour-petra-vlhova\/#breadcrumb","itemListElement":[{"@type":"ListItem","position":1,"name":"Accueil","item":"https:\/\/dicodusport.fr\/blog\/"},{"@type":"ListItem","position":2,"name":"Slalom femmes Courchevel : Deuxi\u00e8me victoire de la saison pour Petra Vlhova"}]},{"@type":"WebSite","@id":"https:\/\/dicodusport.fr\/blog\/#website","url":"https:\/\/dicodusport.fr\/blog\/","name":"Dicodusport","description":"L&#039;encyclop\u00e9die de l&#039;actualit\u00e9 sportive","publisher":{"@id":"https:\/\/dicodusport.fr\/blog\/#organization"},"potentialAction":[{"@type":"SearchAction","target":{"@type":"EntryPoint","urlTemplate":"https:\/\/dicodusport.fr\/blog\/?s={search_term_string}"},"query-input":{"@type":"PropertyValueSpecification","valueRequired":true,"valueName":"search_term_string"}}],"inLanguage":"fr-FR"},{"@type":"NewsMediaOrganization","@id":"https:\/\/dicodusport.fr\/blog\/#organization","name":"Dicodusport","url":"https:\/\/dicodusport.fr\/blog\/","logo":{"@type":"ImageObject","inLanguage":"fr-FR","@id":"https:\/\/dicodusport.fr\/blog\/#\/schema\/logo\/image\/","url":"https:\/\/dicodusport.fr\/blog\/wp-content\/uploads\/2020\/06\/cropped-LOGO-DICODUSPORT-2020-SANS-FOND-SANS-TEXTE.png","contentUrl":"https:\/\/dicodusport.fr\/blog\/wp-content\/uploads\/2020\/06\/cropped-LOGO-DICODUSPORT-2020-SANS-FOND-SANS-TEXTE.png","width":512,"height":512,"caption":"Dicodusport"},"image":{"@id":"https:\/\/dicodusport.fr\/blog\/#\/schema\/logo\/image\/"},"sameAs":["https:\/\/www.facebook.com\/dicodusport","https:\/\/x.com\/dicodusport","https:\/\/www.instagram.com\/dicodusport\/","https:\/\/www.youtube.com\/channel\/UC7V2KZ5sd3htJivAbA4ZG3w"],"description":"Dicodusport est l'encyclop\u00e9die de l'actualit\u00e9 sportive.","email":"bonjour@dicodusport.fr","legalName":"DICODUSPORT","foundingDate":"2018-01-14","vatID":"FR71834470973","taxID":"83447097300043","numberOfEmployees":{"@type":"QuantitativeValue","minValue":"1","maxValue":"10"}},{"@type":"Person","@id":"https:\/\/dicodusport.fr\/blog\/#\/schema\/person\/b623199cba9ba90fe84a3d16e9282360","name":"Victor Clot-Amiot","image":{"@type":"ImageObject","inLanguage":"fr-FR","@id":"https:\/\/dicodusport.fr\/blog\/#\/schema\/person\/image\/","url":"https:\/\/dicodusport.fr\/blog\/wp-content\/uploads\/2023\/09\/IMG_20190826_114722-150x150.jpg","contentUrl":"https:\/\/dicodusport.fr\/blog\/wp-content\/uploads\/2023\/09\/IMG_20190826_114722-150x150.jpg","caption":"Victor Clot-Amiot"},"description":"Passionn\u00e9 de sport depuis toujours, un jour \u00e0 l'adolescence mes parents m'ont dit : \"quitte \u00e0 passer ton temps \u00e0 regarder du sport, au moins va le voir en vrai\" ! Depuis, cette remarque ne m'a plus quitt\u00e9 et je passe une grande partie de mon temps libre \u00e0 assister \u00e0 des comp\u00e9titions de tous sports. Je m\u00eale d'ailleurs mes deux passions, le sport et les voyages afin de faire une pierre deux coups ! Outre l'US Open ou l'Euro 2021 par exemple, j'ai assist\u00e9 cet \u00e9t\u00e9 aux Mondiaux d'athl\u00e9tisme \u00e0 Budapest. Mon plus gros coup dur est et restera les JO 2020-2021 pour lesquels j'avais r\u00e9serv\u00e9 17 \u00e9preuves. La suite, vous la connaissez...","sameAs":["https:\/\/x.com\/https:\/\/x.com\/VictorClotAmiot"],"url":"https:\/\/dicodusport.fr\/blog\/author\/victor-clot-amiot\/"}]}},"_links":{"self":[{"href":"https:\/\/dicodusport.fr\/blog\/wp-json\/wp\/v2\/posts\/446888","targetHints":{"allow":["GET"]}}],"collection":[{"href":"https:\/\/dicodusport.fr\/blog\/wp-json\/wp\/v2\/posts"}],"about":[{"href":"https:\/\/dicodusport.fr\/blog\/wp-json\/wp\/v2\/types\/post"}],"author":[{"embeddable":true,"href":"https:\/\/dicodusport.fr\/blog\/wp-json\/wp\/v2\/users\/91"}],"replies":[{"embeddable":true,"href":"https:\/\/dicodusport.fr\/blog\/wp-json\/wp\/v2\/comments?post=446888"}],"version-history":[{"count":5,"href":"https:\/\/dicodusport.fr\/blog\/wp-json\/wp\/v2\/posts\/446888\/revisions"}],"predecessor-version":[{"id":447033,"href":"https:\/\/dicodusport.fr\/blog\/wp-json\/wp\/v2\/posts\/446888\/revisions\/447033"}],"wp:featuredmedia":[{"embeddable":true,"href":"https:\/\/dicodusport.fr\/blog\/wp-json\/wp\/v2\/media\/447005"}],"wp:attachment":[{"href":"https:\/\/dicodusport.fr\/blog\/wp-json\/wp\/v2\/media?parent=446888"}],"wp:term":[{"taxonomy":"category","embeddable":true,"href":"https:\/\/dicodusport.fr\/blog\/wp-json\/wp\/v2\/categories?post=446888"},{"taxonomy":"post_tag","embeddable":true,"href":"https:\/\/dicodusport.fr\/blog\/wp-json\/wp\/v2\/tags?post=446888"}],"curies":[{"name":"wp","href":"https:\/\/api.w.org\/{rel}","templated":true}]}}