{"id":446978,"date":"2023-12-22T07:34:54","date_gmt":"2023-12-22T06:34:54","guid":{"rendered":"https:\/\/dicodusport.fr\/blog\/?p=446978&#038;preview=true&#038;preview_id=446978"},"modified":"2024-02-06T19:11:57","modified_gmt":"2024-02-06T18:11:57","slug":"mercato-ol-amin-sarr-pourrait-revenir-a-lyon-des-cet-hiver","status":"publish","type":"post","link":"https:\/\/dicodusport.fr\/blog\/mercato-ol-amin-sarr-pourrait-revenir-a-lyon-des-cet-hiver\/","title":{"rendered":"Mercato OL : Amin Sarr pourrait revenir \u00e0 Lyon d\u00e8s cet hiver"},"content":{"rendered":"<p style=\"text-align: justify;\"><strong><em>LIGUE 1 2023-2024 &#8211; Selon Foot Mercato, Wolfsburg veut casser le pr\u00eat de l&rsquo;attaquant lyonnais Amin Sarr d\u00e8s cet hiver.\u00a0<\/em><\/strong><\/p>\n<p style=\"text-align: justify;\">L&rsquo;avenir d&rsquo;<strong>Amin Sarr<\/strong> est de nouveau sur la table alors que le joueur est pourtant pr\u00eat\u00e9 jusqu&rsquo;\u00e0 la fin de la saison \u00e0 <strong>Wolfsburg<\/strong>. Arriv\u00e9 \u00e0 Lyon au mercato d&rsquo;hiver dernier, le jeune attaquant de 22 ans ne s&rsquo;est pas montr\u00e9 \u00e0 son avantage malgr\u00e9 les 11 millions d&rsquo;euros investis sur lui. L&rsquo;<strong>Olympique Lyonnais<\/strong> a donc d\u00e9cid\u00e9 de s&rsquo;en s\u00e9parer l&rsquo;\u00e9t\u00e9 dernier.<\/p>\n<h2 style=\"text-align: justify;\">Quel avenir pour Amin Sarr ?<\/h2>\n<p style=\"text-align: justify;\"><strong>Lyon<\/strong> semblait avoir fait le coup parfait en le pr\u00eatant au club allemand avec une option d&rsquo;achat \u00e0 13 millions d&rsquo;euros, \u00e0 quoi il faut ajouter 1 million d&rsquo;euros pour le pr\u00eat. Mais <strong>Amin<\/strong> <strong>Sarr<\/strong> n&rsquo;a pas convaincu <strong>Wolfsburg<\/strong>, bien au contraire, et le club allemand voudrait m\u00eame s&rsquo;en d\u00e9barrasser d\u00e8s cet hiver, alors qu&rsquo;il est actuellement bless\u00e9 au genou.<\/p>\n<p style=\"text-align: justify;\">Pour casser le pr\u00eat de l&rsquo;attaquant de 22 ans, <strong>Wolfsburg<\/strong>, qui lui cherche d\u00e9j\u00e0 un rempla\u00e7ant, doit obtenir l&rsquo;accord de <strong>Lyon<\/strong>, qui n&rsquo;a pas grand int\u00e9r\u00eat \u00e0 accepter, si ce n&rsquo;est pour retaper le joueur et le revendre ensuite. Dans tous les cas, le club de Bundesliga ne l\u00e8vera pas l&rsquo;option d&rsquo;achat l&rsquo;\u00e9t\u00e9 prochain. Cette saison, <strong>Amin<\/strong> <strong>Sarr<\/strong> a disput\u00e9 cinq matchs pour aucun but inscrit.<\/p>\n<blockquote class=\"twitter-tweet\">\n<p dir=\"ltr\" lang=\"fr\">\ud83d\udea8EXCL: \ud83d\udfe2\ud83d\udc3a\ud83c\uddf8\ud83c\uddea\ud83c\uddf8\ud83c\uddf3 <a href=\"https:\/\/twitter.com\/hashtag\/Bundesliga?src=hash&amp;ref_src=twsrc%5Etfw\">#Bundesliga<\/a> |<\/p>\n<p>\u25c9 Wolfsburg veut casser le pr\u00eat d&rsquo;Amin Sarr \u203c\ufe0f<\/p>\n<p>\u25c9 Les dirigeants du VfL explorent d\u00e9j\u00e0 les alternatives pour le remplacer cet hiver \u2744\ufe0f<\/p>\n<p>\u25c9 Reste \u00e0 voir si l&rsquo;OL acceptera.<a href=\"https:\/\/t.co\/oXxUkWJfXK\">https:\/\/t.co\/oXxUkWJfXK<\/a> <a href=\"https:\/\/t.co\/Dk6w6h0gzm\">pic.twitter.com\/Dk6w6h0gzm<\/a><\/p>\n<p>\u2014 Santi Aouna (@Santi_J_FM) <a href=\"https:\/\/twitter.com\/Santi_J_FM\/status\/1737913600432316650?ref_src=twsrc%5Etfw\">December 21, 2023<\/a><\/p><\/blockquote>\n<p style=\"text-align: justify;\"><script async src=\"https:\/\/platform.twitter.com\/widgets.js\" charset=\"utf-8\"><\/script><\/p>\n","protected":false},"excerpt":{"rendered":"<p>LIGUE 1 2023-2024 &#8211; Selon Foot Mercato, Wolfsburg veut casser le pr\u00eat de l&rsquo;attaquant lyonnais Amin Sarr d\u00e8s cet hiver.\u00a0<\/p>\n","protected":false},"author":1,"featured_media":446979,"comment_status":"open","ping_status":"closed","sticky":false,"template":"","format":"standard","meta":{"_acf_changed":false,"_daextam_enable_autolinks":"1","footnotes":""},"categories":[2301,47045],"tags":[16878,75,14093,1145],"class_list":["post-446978","post","type-post","status-publish","format-standard","has-post-thumbnail","hentry","category-football","category-ligue-1","tag-breve","tag-football","tag-mercato-football","tag-ol"],"acf":[],"yoast_head":"<!-- This site is optimized with the Yoast SEO Premium plugin v26.7 (Yoast SEO v26.7) - https:\/\/yoast.com\/wordpress\/plugins\/seo\/ -->\n<title>Mercato OL : Amin Sarr pourrait revenir \u00e0 Lyon d\u00e8s cet hiver<\/title>\n<meta name=\"description\" content=\"LIGUE 1 2023-2024 - Selon Foot Mercato, Wolfsburg veut casser le pr\u00eat de l&#039;attaquant lyonnais Amin Sarr d\u00e8s cet hiver.\u00a0\" \/>\n<meta name=\"robots\" content=\"index, follow, max-snippet:-1, max-image-preview:large, max-video-preview:-1\" \/>\n<link rel=\"canonical\" href=\"https:\/\/dicodusport.fr\/blog\/mercato-ol-amin-sarr-pourrait-revenir-a-lyon-des-cet-hiver\/\" \/>\n<meta property=\"og:locale\" content=\"fr_FR\" \/>\n<meta property=\"og:type\" content=\"article\" \/>\n<meta property=\"og:title\" content=\"Mercato OL : Amin Sarr pourrait revenir \u00e0 Lyon d\u00e8s cet hiver\" \/>\n<meta property=\"og:description\" content=\"LIGUE 1 2023-2024 - Selon Foot Mercato, Wolfsburg veut casser le pr\u00eat de l&#039;attaquant lyonnais Amin Sarr d\u00e8s cet hiver.\u00a0\" \/>\n<meta property=\"og:url\" content=\"https:\/\/dicodusport.fr\/blog\/mercato-ol-amin-sarr-pourrait-revenir-a-lyon-des-cet-hiver\/\" \/>\n<meta property=\"og:site_name\" content=\"Dicodusport\" \/>\n<meta property=\"article:publisher\" content=\"https:\/\/www.facebook.com\/dicodusport\" \/>\n<meta property=\"article:author\" content=\"https:\/\/www.facebook.com\/dicodusport\" \/>\n<meta property=\"article:published_time\" content=\"2023-12-22T06:34:54+00:00\" \/>\n<meta property=\"article:modified_time\" content=\"2024-02-06T18:11:57+00:00\" \/>\n<meta property=\"og:image\" content=\"https:\/\/dicodusport.fr\/blog\/wp-content\/uploads\/2023\/12\/Mercato-OL-Amin-Sarr-pourrait-revenir-a-Lyon-des-cet-hiver.png\" \/>\n\t<meta property=\"og:image:width\" content=\"1200\" \/>\n\t<meta property=\"og:image:height\" content=\"674\" \/>\n\t<meta property=\"og:image:type\" content=\"image\/png\" \/>\n<meta name=\"author\" content=\"Nicolas Jacquemard\" \/>\n<meta name=\"twitter:card\" content=\"summary_large_image\" \/>\n<meta name=\"twitter:title\" content=\"Mercato OL : Amin Sarr pourrait revenir \u00e0 Lyon d\u00e8s cet hiver\" \/>\n<meta name=\"twitter:creator\" content=\"@https:\/\/twitter.com\/Nico_Jacquemard\" \/>\n<meta name=\"twitter:site\" content=\"@dicodusport\" \/>\n<script type=\"application\/ld+json\" class=\"yoast-schema-graph\">{\"@context\":\"https:\/\/schema.org\",\"@graph\":[{\"@type\":\"NewsArticle\",\"@id\":\"https:\/\/dicodusport.fr\/blog\/mercato-ol-amin-sarr-pourrait-revenir-a-lyon-des-cet-hiver\/#article\",\"isPartOf\":{\"@id\":\"https:\/\/dicodusport.fr\/blog\/mercato-ol-amin-sarr-pourrait-revenir-a-lyon-des-cet-hiver\/\"},\"author\":{\"name\":\"Nicolas Jacquemard\",\"@id\":\"https:\/\/dicodusport.fr\/blog\/#\/schema\/person\/55dcb50ad410894e431ed812bbb70191\"},\"headline\":\"Mercato OL : Amin Sarr pourrait revenir \u00e0 Lyon d\u00e8s cet hiver\",\"datePublished\":\"2023-12-22T06:34:54+00:00\",\"dateModified\":\"2024-02-06T18:11:57+00:00\",\"mainEntityOfPage\":{\"@id\":\"https:\/\/dicodusport.fr\/blog\/mercato-ol-amin-sarr-pourrait-revenir-a-lyon-des-cet-hiver\/\"},\"wordCount\":298,\"commentCount\":0,\"publisher\":{\"@id\":\"https:\/\/dicodusport.fr\/blog\/#organization\"},\"image\":{\"@id\":\"https:\/\/dicodusport.fr\/blog\/mercato-ol-amin-sarr-pourrait-revenir-a-lyon-des-cet-hiver\/#primaryimage\"},\"thumbnailUrl\":\"https:\/\/dicodusport.fr\/blog\/wp-content\/uploads\/2023\/12\/Mercato-OL-Amin-Sarr-pourrait-revenir-a-Lyon-des-cet-hiver.png\",\"keywords\":[\"br\u00e8ve\",\"Football\",\"Mercato football\",\"OL\"],\"articleSection\":[\"Football\",\"Ligue 1\"],\"inLanguage\":\"fr-FR\",\"potentialAction\":[{\"@type\":\"CommentAction\",\"name\":\"Comment\",\"target\":[\"https:\/\/dicodusport.fr\/blog\/mercato-ol-amin-sarr-pourrait-revenir-a-lyon-des-cet-hiver\/#respond\"]}],\"copyrightYear\":\"2023\",\"copyrightHolder\":{\"@id\":\"https:\/\/dicodusport.fr\/blog\/#organization\"}},{\"@type\":\"WebPage\",\"@id\":\"https:\/\/dicodusport.fr\/blog\/mercato-ol-amin-sarr-pourrait-revenir-a-lyon-des-cet-hiver\/\",\"url\":\"https:\/\/dicodusport.fr\/blog\/mercato-ol-amin-sarr-pourrait-revenir-a-lyon-des-cet-hiver\/\",\"name\":\"Mercato OL : Amin Sarr pourrait revenir \u00e0 Lyon d\u00e8s cet hiver\",\"isPartOf\":{\"@id\":\"https:\/\/dicodusport.fr\/blog\/#website\"},\"primaryImageOfPage\":{\"@id\":\"https:\/\/dicodusport.fr\/blog\/mercato-ol-amin-sarr-pourrait-revenir-a-lyon-des-cet-hiver\/#primaryimage\"},\"image\":{\"@id\":\"https:\/\/dicodusport.fr\/blog\/mercato-ol-amin-sarr-pourrait-revenir-a-lyon-des-cet-hiver\/#primaryimage\"},\"thumbnailUrl\":\"https:\/\/dicodusport.fr\/blog\/wp-content\/uploads\/2023\/12\/Mercato-OL-Amin-Sarr-pourrait-revenir-a-Lyon-des-cet-hiver.png\",\"datePublished\":\"2023-12-22T06:34:54+00:00\",\"dateModified\":\"2024-02-06T18:11:57+00:00\",\"description\":\"LIGUE 1 2023-2024 - Selon Foot Mercato, Wolfsburg veut casser le pr\u00eat de l'attaquant lyonnais Amin Sarr d\u00e8s cet hiver.\u00a0\",\"breadcrumb\":{\"@id\":\"https:\/\/dicodusport.fr\/blog\/mercato-ol-amin-sarr-pourrait-revenir-a-lyon-des-cet-hiver\/#breadcrumb\"},\"inLanguage\":\"fr-FR\",\"potentialAction\":[{\"@type\":\"ReadAction\",\"target\":[\"https:\/\/dicodusport.fr\/blog\/mercato-ol-amin-sarr-pourrait-revenir-a-lyon-des-cet-hiver\/\"]}]},{\"@type\":\"ImageObject\",\"inLanguage\":\"fr-FR\",\"@id\":\"https:\/\/dicodusport.fr\/blog\/mercato-ol-amin-sarr-pourrait-revenir-a-lyon-des-cet-hiver\/#primaryimage\",\"url\":\"https:\/\/dicodusport.fr\/blog\/wp-content\/uploads\/2023\/12\/Mercato-OL-Amin-Sarr-pourrait-revenir-a-Lyon-des-cet-hiver.png\",\"contentUrl\":\"https:\/\/dicodusport.fr\/blog\/wp-content\/uploads\/2023\/12\/Mercato-OL-Amin-Sarr-pourrait-revenir-a-Lyon-des-cet-hiver.png\",\"width\":1200,\"height\":674,\"caption\":\"Mercato OL Amin Sarr pourrait revenir a\u0300 Lyon de\u0300s cet hiver\"},{\"@type\":\"BreadcrumbList\",\"@id\":\"https:\/\/dicodusport.fr\/blog\/mercato-ol-amin-sarr-pourrait-revenir-a-lyon-des-cet-hiver\/#breadcrumb\",\"itemListElement\":[{\"@type\":\"ListItem\",\"position\":1,\"name\":\"Accueil\",\"item\":\"https:\/\/dicodusport.fr\/blog\/\"},{\"@type\":\"ListItem\",\"position\":2,\"name\":\"Mercato OL : Amin Sarr pourrait revenir \u00e0 Lyon d\u00e8s cet hiver\"}]},{\"@type\":\"WebSite\",\"@id\":\"https:\/\/dicodusport.fr\/blog\/#website\",\"url\":\"https:\/\/dicodusport.fr\/blog\/\",\"name\":\"Dicodusport\",\"description\":\"L&#039;encyclop\u00e9die de l&#039;actualit\u00e9 sportive\",\"publisher\":{\"@id\":\"https:\/\/dicodusport.fr\/blog\/#organization\"},\"potentialAction\":[{\"@type\":\"SearchAction\",\"target\":{\"@type\":\"EntryPoint\",\"urlTemplate\":\"https:\/\/dicodusport.fr\/blog\/?s={search_term_string}\"},\"query-input\":{\"@type\":\"PropertyValueSpecification\",\"valueRequired\":true,\"valueName\":\"search_term_string\"}}],\"inLanguage\":\"fr-FR\"},{\"@type\":\"NewsMediaOrganization\",\"@id\":\"https:\/\/dicodusport.fr\/blog\/#organization\",\"name\":\"Dicodusport\",\"url\":\"https:\/\/dicodusport.fr\/blog\/\",\"logo\":{\"@type\":\"ImageObject\",\"inLanguage\":\"fr-FR\",\"@id\":\"https:\/\/dicodusport.fr\/blog\/#\/schema\/logo\/image\/\",\"url\":\"https:\/\/dicodusport.fr\/blog\/wp-content\/uploads\/2020\/06\/cropped-LOGO-DICODUSPORT-2020-SANS-FOND-SANS-TEXTE.png\",\"contentUrl\":\"https:\/\/dicodusport.fr\/blog\/wp-content\/uploads\/2020\/06\/cropped-LOGO-DICODUSPORT-2020-SANS-FOND-SANS-TEXTE.png\",\"width\":512,\"height\":512,\"caption\":\"Dicodusport\"},\"image\":{\"@id\":\"https:\/\/dicodusport.fr\/blog\/#\/schema\/logo\/image\/\"},\"sameAs\":[\"https:\/\/www.facebook.com\/dicodusport\",\"https:\/\/x.com\/dicodusport\",\"https:\/\/www.instagram.com\/dicodusport\/\",\"https:\/\/www.youtube.com\/channel\/UC7V2KZ5sd3htJivAbA4ZG3w\"],\"description\":\"Dicodusport est l'encyclop\u00e9die de l'actualit\u00e9 sportive.\",\"email\":\"bonjour@dicodusport.fr\",\"legalName\":\"DICODUSPORT\",\"foundingDate\":\"2018-01-14\",\"vatID\":\"FR71834470973\",\"taxID\":\"83447097300043\",\"numberOfEmployees\":{\"@type\":\"QuantitativeValue\",\"minValue\":\"1\",\"maxValue\":\"10\"}},{\"@type\":\"Person\",\"@id\":\"https:\/\/dicodusport.fr\/blog\/#\/schema\/person\/55dcb50ad410894e431ed812bbb70191\",\"name\":\"Nicolas Jacquemard\",\"image\":{\"@type\":\"ImageObject\",\"inLanguage\":\"fr-FR\",\"@id\":\"https:\/\/dicodusport.fr\/blog\/#\/schema\/person\/image\/\",\"url\":\"https:\/\/dicodusport.fr\/blog\/wp-content\/uploads\/2021\/05\/Nicolas-Jacquemard-150x150.jpeg\",\"contentUrl\":\"https:\/\/dicodusport.fr\/blog\/wp-content\/uploads\/2021\/05\/Nicolas-Jacquemard-150x150.jpeg\",\"caption\":\"Nicolas Jacquemard\"},\"description\":\"Passionn\u00e9 de sport et entrepreneur depuis mes 18 ans, la cr\u00e9ation de Dicodusport m'a sembl\u00e9 \u00e9vidente pour participer \u00e0 la m\u00e9diatisation d'un plus grand nombre de sports. Le chemin est long mais avec une \u00e9quipe des plus motiv\u00e9es et les Jeux Olympiques de Paris 2024 en point de mire, nous y arriverons ! Journaliste dans le monde du sport depuis plus de 5 ans, je traite aussi bien de football, de rugby, de biathlon que de cyclisme.\",\"sameAs\":[\"https:\/\/www.facebook.com\/dicodusport\",\"https:\/\/x.com\/https:\/\/twitter.com\/Nico_Jacquemard\"],\"url\":\"https:\/\/dicodusport.fr\/blog\/author\/dicodusport\/\"}]}<\/script>\n<!-- \/ Yoast SEO Premium plugin. -->","yoast_head_json":{"title":"Mercato OL : Amin Sarr pourrait revenir \u00e0 Lyon d\u00e8s cet hiver","description":"LIGUE 1 2023-2024 - Selon Foot Mercato, Wolfsburg veut casser le pr\u00eat de l'attaquant lyonnais Amin Sarr d\u00e8s cet hiver.\u00a0","robots":{"index":"index","follow":"follow","max-snippet":"max-snippet:-1","max-image-preview":"max-image-preview:large","max-video-preview":"max-video-preview:-1"},"canonical":"https:\/\/dicodusport.fr\/blog\/mercato-ol-amin-sarr-pourrait-revenir-a-lyon-des-cet-hiver\/","og_locale":"fr_FR","og_type":"article","og_title":"Mercato OL : Amin Sarr pourrait revenir \u00e0 Lyon d\u00e8s cet hiver","og_description":"LIGUE 1 2023-2024 - Selon Foot Mercato, Wolfsburg veut casser le pr\u00eat de l'attaquant lyonnais Amin Sarr d\u00e8s cet hiver.\u00a0","og_url":"https:\/\/dicodusport.fr\/blog\/mercato-ol-amin-sarr-pourrait-revenir-a-lyon-des-cet-hiver\/","og_site_name":"Dicodusport","article_publisher":"https:\/\/www.facebook.com\/dicodusport","article_author":"https:\/\/www.facebook.com\/dicodusport","article_published_time":"2023-12-22T06:34:54+00:00","article_modified_time":"2024-02-06T18:11:57+00:00","og_image":[{"width":1200,"height":674,"url":"https:\/\/dicodusport.fr\/blog\/wp-content\/uploads\/2023\/12\/Mercato-OL-Amin-Sarr-pourrait-revenir-a-Lyon-des-cet-hiver.png","type":"image\/png"}],"author":"Nicolas Jacquemard","twitter_card":"summary_large_image","twitter_title":"Mercato OL : Amin Sarr pourrait revenir \u00e0 Lyon d\u00e8s cet hiver","twitter_creator":"@https:\/\/twitter.com\/Nico_Jacquemard","twitter_site":"@dicodusport","schema":{"@context":"https:\/\/schema.org","@graph":[{"@type":"NewsArticle","@id":"https:\/\/dicodusport.fr\/blog\/mercato-ol-amin-sarr-pourrait-revenir-a-lyon-des-cet-hiver\/#article","isPartOf":{"@id":"https:\/\/dicodusport.fr\/blog\/mercato-ol-amin-sarr-pourrait-revenir-a-lyon-des-cet-hiver\/"},"author":{"name":"Nicolas Jacquemard","@id":"https:\/\/dicodusport.fr\/blog\/#\/schema\/person\/55dcb50ad410894e431ed812bbb70191"},"headline":"Mercato OL : Amin Sarr pourrait revenir \u00e0 Lyon d\u00e8s cet hiver","datePublished":"2023-12-22T06:34:54+00:00","dateModified":"2024-02-06T18:11:57+00:00","mainEntityOfPage":{"@id":"https:\/\/dicodusport.fr\/blog\/mercato-ol-amin-sarr-pourrait-revenir-a-lyon-des-cet-hiver\/"},"wordCount":298,"commentCount":0,"publisher":{"@id":"https:\/\/dicodusport.fr\/blog\/#organization"},"image":{"@id":"https:\/\/dicodusport.fr\/blog\/mercato-ol-amin-sarr-pourrait-revenir-a-lyon-des-cet-hiver\/#primaryimage"},"thumbnailUrl":"https:\/\/dicodusport.fr\/blog\/wp-content\/uploads\/2023\/12\/Mercato-OL-Amin-Sarr-pourrait-revenir-a-Lyon-des-cet-hiver.png","keywords":["br\u00e8ve","Football","Mercato football","OL"],"articleSection":["Football","Ligue 1"],"inLanguage":"fr-FR","potentialAction":[{"@type":"CommentAction","name":"Comment","target":["https:\/\/dicodusport.fr\/blog\/mercato-ol-amin-sarr-pourrait-revenir-a-lyon-des-cet-hiver\/#respond"]}],"copyrightYear":"2023","copyrightHolder":{"@id":"https:\/\/dicodusport.fr\/blog\/#organization"}},{"@type":"WebPage","@id":"https:\/\/dicodusport.fr\/blog\/mercato-ol-amin-sarr-pourrait-revenir-a-lyon-des-cet-hiver\/","url":"https:\/\/dicodusport.fr\/blog\/mercato-ol-amin-sarr-pourrait-revenir-a-lyon-des-cet-hiver\/","name":"Mercato OL : Amin Sarr pourrait revenir \u00e0 Lyon d\u00e8s cet hiver","isPartOf":{"@id":"https:\/\/dicodusport.fr\/blog\/#website"},"primaryImageOfPage":{"@id":"https:\/\/dicodusport.fr\/blog\/mercato-ol-amin-sarr-pourrait-revenir-a-lyon-des-cet-hiver\/#primaryimage"},"image":{"@id":"https:\/\/dicodusport.fr\/blog\/mercato-ol-amin-sarr-pourrait-revenir-a-lyon-des-cet-hiver\/#primaryimage"},"thumbnailUrl":"https:\/\/dicodusport.fr\/blog\/wp-content\/uploads\/2023\/12\/Mercato-OL-Amin-Sarr-pourrait-revenir-a-Lyon-des-cet-hiver.png","datePublished":"2023-12-22T06:34:54+00:00","dateModified":"2024-02-06T18:11:57+00:00","description":"LIGUE 1 2023-2024 - Selon Foot Mercato, Wolfsburg veut casser le pr\u00eat de l'attaquant lyonnais Amin Sarr d\u00e8s cet hiver.\u00a0","breadcrumb":{"@id":"https:\/\/dicodusport.fr\/blog\/mercato-ol-amin-sarr-pourrait-revenir-a-lyon-des-cet-hiver\/#breadcrumb"},"inLanguage":"fr-FR","potentialAction":[{"@type":"ReadAction","target":["https:\/\/dicodusport.fr\/blog\/mercato-ol-amin-sarr-pourrait-revenir-a-lyon-des-cet-hiver\/"]}]},{"@type":"ImageObject","inLanguage":"fr-FR","@id":"https:\/\/dicodusport.fr\/blog\/mercato-ol-amin-sarr-pourrait-revenir-a-lyon-des-cet-hiver\/#primaryimage","url":"https:\/\/dicodusport.fr\/blog\/wp-content\/uploads\/2023\/12\/Mercato-OL-Amin-Sarr-pourrait-revenir-a-Lyon-des-cet-hiver.png","contentUrl":"https:\/\/dicodusport.fr\/blog\/wp-content\/uploads\/2023\/12\/Mercato-OL-Amin-Sarr-pourrait-revenir-a-Lyon-des-cet-hiver.png","width":1200,"height":674,"caption":"Mercato OL Amin Sarr pourrait revenir a\u0300 Lyon de\u0300s cet hiver"},{"@type":"BreadcrumbList","@id":"https:\/\/dicodusport.fr\/blog\/mercato-ol-amin-sarr-pourrait-revenir-a-lyon-des-cet-hiver\/#breadcrumb","itemListElement":[{"@type":"ListItem","position":1,"name":"Accueil","item":"https:\/\/dicodusport.fr\/blog\/"},{"@type":"ListItem","position":2,"name":"Mercato OL : Amin Sarr pourrait revenir \u00e0 Lyon d\u00e8s cet hiver"}]},{"@type":"WebSite","@id":"https:\/\/dicodusport.fr\/blog\/#website","url":"https:\/\/dicodusport.fr\/blog\/","name":"Dicodusport","description":"L&#039;encyclop\u00e9die de l&#039;actualit\u00e9 sportive","publisher":{"@id":"https:\/\/dicodusport.fr\/blog\/#organization"},"potentialAction":[{"@type":"SearchAction","target":{"@type":"EntryPoint","urlTemplate":"https:\/\/dicodusport.fr\/blog\/?s={search_term_string}"},"query-input":{"@type":"PropertyValueSpecification","valueRequired":true,"valueName":"search_term_string"}}],"inLanguage":"fr-FR"},{"@type":"NewsMediaOrganization","@id":"https:\/\/dicodusport.fr\/blog\/#organization","name":"Dicodusport","url":"https:\/\/dicodusport.fr\/blog\/","logo":{"@type":"ImageObject","inLanguage":"fr-FR","@id":"https:\/\/dicodusport.fr\/blog\/#\/schema\/logo\/image\/","url":"https:\/\/dicodusport.fr\/blog\/wp-content\/uploads\/2020\/06\/cropped-LOGO-DICODUSPORT-2020-SANS-FOND-SANS-TEXTE.png","contentUrl":"https:\/\/dicodusport.fr\/blog\/wp-content\/uploads\/2020\/06\/cropped-LOGO-DICODUSPORT-2020-SANS-FOND-SANS-TEXTE.png","width":512,"height":512,"caption":"Dicodusport"},"image":{"@id":"https:\/\/dicodusport.fr\/blog\/#\/schema\/logo\/image\/"},"sameAs":["https:\/\/www.facebook.com\/dicodusport","https:\/\/x.com\/dicodusport","https:\/\/www.instagram.com\/dicodusport\/","https:\/\/www.youtube.com\/channel\/UC7V2KZ5sd3htJivAbA4ZG3w"],"description":"Dicodusport est l'encyclop\u00e9die de l'actualit\u00e9 sportive.","email":"bonjour@dicodusport.fr","legalName":"DICODUSPORT","foundingDate":"2018-01-14","vatID":"FR71834470973","taxID":"83447097300043","numberOfEmployees":{"@type":"QuantitativeValue","minValue":"1","maxValue":"10"}},{"@type":"Person","@id":"https:\/\/dicodusport.fr\/blog\/#\/schema\/person\/55dcb50ad410894e431ed812bbb70191","name":"Nicolas Jacquemard","image":{"@type":"ImageObject","inLanguage":"fr-FR","@id":"https:\/\/dicodusport.fr\/blog\/#\/schema\/person\/image\/","url":"https:\/\/dicodusport.fr\/blog\/wp-content\/uploads\/2021\/05\/Nicolas-Jacquemard-150x150.jpeg","contentUrl":"https:\/\/dicodusport.fr\/blog\/wp-content\/uploads\/2021\/05\/Nicolas-Jacquemard-150x150.jpeg","caption":"Nicolas Jacquemard"},"description":"Passionn\u00e9 de sport et entrepreneur depuis mes 18 ans, la cr\u00e9ation de Dicodusport m'a sembl\u00e9 \u00e9vidente pour participer \u00e0 la m\u00e9diatisation d'un plus grand nombre de sports. Le chemin est long mais avec une \u00e9quipe des plus motiv\u00e9es et les Jeux Olympiques de Paris 2024 en point de mire, nous y arriverons ! Journaliste dans le monde du sport depuis plus de 5 ans, je traite aussi bien de football, de rugby, de biathlon que de cyclisme.","sameAs":["https:\/\/www.facebook.com\/dicodusport","https:\/\/x.com\/https:\/\/twitter.com\/Nico_Jacquemard"],"url":"https:\/\/dicodusport.fr\/blog\/author\/dicodusport\/"}]}},"_links":{"self":[{"href":"https:\/\/dicodusport.fr\/blog\/wp-json\/wp\/v2\/posts\/446978","targetHints":{"allow":["GET"]}}],"collection":[{"href":"https:\/\/dicodusport.fr\/blog\/wp-json\/wp\/v2\/posts"}],"about":[{"href":"https:\/\/dicodusport.fr\/blog\/wp-json\/wp\/v2\/types\/post"}],"author":[{"embeddable":true,"href":"https:\/\/dicodusport.fr\/blog\/wp-json\/wp\/v2\/users\/1"}],"replies":[{"embeddable":true,"href":"https:\/\/dicodusport.fr\/blog\/wp-json\/wp\/v2\/comments?post=446978"}],"version-history":[{"count":2,"href":"https:\/\/dicodusport.fr\/blog\/wp-json\/wp\/v2\/posts\/446978\/revisions"}],"predecessor-version":[{"id":446981,"href":"https:\/\/dicodusport.fr\/blog\/wp-json\/wp\/v2\/posts\/446978\/revisions\/446981"}],"wp:featuredmedia":[{"embeddable":true,"href":"https:\/\/dicodusport.fr\/blog\/wp-json\/wp\/v2\/media\/446979"}],"wp:attachment":[{"href":"https:\/\/dicodusport.fr\/blog\/wp-json\/wp\/v2\/media?parent=446978"}],"wp:term":[{"taxonomy":"category","embeddable":true,"href":"https:\/\/dicodusport.fr\/blog\/wp-json\/wp\/v2\/categories?post=446978"},{"taxonomy":"post_tag","embeddable":true,"href":"https:\/\/dicodusport.fr\/blog\/wp-json\/wp\/v2\/tags?post=446978"}],"curies":[{"name":"wp","href":"https:\/\/api.w.org\/{rel}","templated":true}]}}