{"id":447048,"date":"2023-12-25T11:00:04","date_gmt":"2023-12-25T10:00:04","guid":{"rendered":"https:\/\/dicodusport.fr\/blog\/?p=447048&#038;preview=true&#038;preview_id=447048"},"modified":"2025-11-20T18:24:53","modified_gmt":"2025-11-20T17:24:53","slug":"championne-des-championnes-francaises-2023-althea-laurin-9eme-a-la-pointe-du-combat","status":"publish","type":"post","link":"https:\/\/dicodusport.fr\/blog\/championne-des-championnes-francaises-2023-althea-laurin-9eme-a-la-pointe-du-combat\/","title":{"rendered":"Championne des Championnes fran\u00e7aises 2023 : Alth\u00e9a Laurin (7\u00e8me), \u00e0 la pointe du combat"},"content":{"rendered":"<p style=\"text-align: justify;\"><strong><em>MULTISPORTS &#8211; Comme tous les ans depuis 2018, Dicodusport vous a propos\u00e9 d&rsquo;\u00e9lire la Championne des Championnes fran\u00e7aises de l&rsquo;ann\u00e9e. En 2023, elles \u00e9taient 10 sur la ligne de d\u00e9part. Qui succ\u00e9dera \u00e0 Pauline Ferrand-Pr\u00e9vot ? On commence \u00e0 d\u00e9rouler le classement, avec \u00e0 la 7\u00e8me place, la taekwondo\u00efste Alth\u00e9a Laurin.<\/em><\/strong><\/p>\n<h2 style=\"text-align: justify;\">Le d\u00e9roulement<\/h2>\n<p style=\"text-align: justify;\">Comme l&rsquo;ann\u00e9e derni\u00e8re, vos votes, lecteurs de Dicodusport, ont compt\u00e9 pour 50 % dans le r\u00e9sultat final de l&rsquo;\u00e9lection de la <strong>Championne des Championnes fran\u00e7aises<\/strong>. Il y a ensuite eu le vote de la r\u00e9daction (12 votants), qui a compl\u00e9t\u00e9 le scrutin du public, et qui compte \u00e9galement pour 50 % dans le r\u00e9sultat.<\/p>\n<p style=\"text-align: justify;\">D&rsquo;abord, <strong>la laur\u00e9ate du vote des lecteurs remporte 10 points<\/strong>, la deuxi\u00e8me 9 points, la troisi\u00e8me 8 points etc, jusqu&rsquo;\u00e0 la sportive arriv\u00e9e en 10\u00e8me et derni\u00e8re position, qui r\u00e9colte 1 point.<\/p>\n<p style=\"text-align: justify;\">Concernant le vote de la r\u00e9daction, les 12 membres ayant vot\u00e9 <strong>ont chacun fait un classement de 1 \u00e0 10<\/strong>, avec l\u00e0 aussi, 10 points attribu\u00e9s pour la premi\u00e8re place, 9 points pour la deuxi\u00e8me place, et ainsi de suite jusqu&rsquo;\u00e0 la 10\u00e8me place (1 point). Le total des 12 classements a ensuite \u00e9t\u00e9 r\u00e9alis\u00e9. \u00c0 l&rsquo;issue de ce d\u00e9compte, la sportive ayant r\u00e9colt\u00e9 le plus de points au total, inscrit 10 points, 9 points pour la deuxi\u00e8me, 8 points pour la troisi\u00e8me etc, jusqu&rsquo;\u00e0 la sportive arriv\u00e9e en 10\u00e8me et derni\u00e8re position, qui r\u00e9colte 1 point.<\/p>\n<p style=\"text-align: justify;\">Pour arriver au classement final de la <strong>Championne des Championnes Fran\u00e7aises 2023<\/strong>, les points du vote des lecteurs (10 maximum) ont \u00e9t\u00e9 additionn\u00e9s \u00e0 ceux du total des membres de la r\u00e9daction (10 maximum). Une sportive pouvait alors recevoir, au maximum, 20 points.<\/p>\n<hr \/>\n<h2 style=\"text-align: justify;\">Alth\u00e9a Laurin (7\u00e8me), \u00e0 la pointe du combat<\/h2>\n<p style=\"text-align: justify;\"><strong><span style=\"text-decoration: underline;\">Son palmar\u00e8s en 2023<\/span> : <\/strong>Championne du monde (-73 kg). M\u00e9daill\u00e9e de bronze aux Jeux Europ\u00e9ens (-67 kg) et au World Taekwondo Grand Prix Final.<\/p>\n<p style=\"text-align: justify;\"><span style=\"text-decoration: underline;\"><strong>Le d\u00e9tail des votes<\/strong><\/span><strong> :<\/strong><br \/>\n9\u00e8me du vote des lecteurs avec 2 % des voix (28 voix sur 1 446 votes) = <strong>2 points<\/strong><br \/>\n6\u00e8me du vote de la r\u00e9daction avec 49 points = <strong>5 points<\/strong><br \/>\n<strong><em>Total = 7 points<\/em><\/strong><\/p>\n<div id=\"attachment_386732\" style=\"width: 810px\" class=\"wp-caption aligncenter\"><img loading=\"lazy\" decoding=\"async\" aria-describedby=\"caption-attachment-386732\" class=\"size-full wp-image-386732\" src=\"https:\/\/dicodusport.fr\/blog\/wp-content\/uploads\/2023\/05\/Mondiaux-de-taekwondo-Magda-Wiet-Henin-et-Althea-Laurin-championnes-du-monde-1.png\" alt=\"Mondiaux de taekwondo Magda Wiet-H\u00e9nin et Alth\u00e9a Laurin championnes du monde ! (1)\" width=\"800\" height=\"445\" srcset=\"https:\/\/dicodusport.fr\/blog\/wp-content\/uploads\/2023\/05\/Mondiaux-de-taekwondo-Magda-Wiet-Henin-et-Althea-Laurin-championnes-du-monde-1.png 800w, https:\/\/dicodusport.fr\/blog\/wp-content\/uploads\/2023\/05\/Mondiaux-de-taekwondo-Magda-Wiet-Henin-et-Althea-Laurin-championnes-du-monde-1-300x167.png 300w, https:\/\/dicodusport.fr\/blog\/wp-content\/uploads\/2023\/05\/Mondiaux-de-taekwondo-Magda-Wiet-Henin-et-Althea-Laurin-championnes-du-monde-1-768x427.png 768w\" sizes=\"auto, (max-width: 800px) 100vw, 800px\" \/><p id=\"caption-attachment-386732\" class=\"wp-caption-text\">Mondiaux de taekwondo &#8211; Magda Wiet-H\u00e9nin et Alth\u00e9a Laurin (\u00e0 droite) championnes du monde ! &#8211; Photo via FF Taekwondo<\/p><\/div>\n<p style=\"text-align: justify;\">M\u00e9daill\u00e9e olympique et vice-championne du monde en 2021,\u00a0<strong>Alth\u00e9a Laurin<\/strong> est l\u2019une des leaders de cette \u00e9quipe de France de taekwondo. Championne d&rsquo;Europe en 2022, la Fran\u00e7aise de 22 ans a pris une autre dimension en 2023. Le m\u00eame jour que <strong>Magda Wiet-H\u00e9nin<\/strong> (titr\u00e9 chez les -67 kg), le 30 mai 2023, <strong>Alth\u00e9a Laurin<\/strong> est devenue championne du monde dans la cat\u00e9gorie des moins de 73 kg \u00e0 Bakou, en Azerba\u00efdjan. <strong>Wiet-H\u00e9nin<\/strong> et <strong>Laurin<\/strong> succ\u00e9daient alors \u00e0 <strong>Haby Niar\u00e9<\/strong>, derni\u00e8re championne du monde tricolore dans la discipline, en 2013.<\/p>\n<p style=\"text-align: justify;\">La suite reste de tr\u00e8s belle facture. M\u00e9daill\u00e9e de bronze aux Jeux Europ\u00e9ens fin juin, <strong>Alth\u00e9a Laurin<\/strong> s&rsquo;offre la m\u00e9daille d&rsquo;or \u00e0 domicile, <a href=\"https:\/\/dicodusport.fr\/blog\/taekwondo-althea-laurin-remporte-le-grand-prix-de-paris\/\">lors du <strong>Grand Prix de Paris<\/strong><\/a>, son premier succ\u00e8s dans un Grand Prix mondial. Elle parach\u00e8vera son ann\u00e9e de haut-niveau d\u00e9but d\u00e9cembre, en glanant la m\u00e9daille de bronze \u00e0 l&rsquo;occasion de la finale du <strong>World Taekwondo Grand Prix<\/strong>, \u00e0 Manchester (Angleterre). D\u00e9sormais, <em>La Fighteuse<\/em>, de son surnom, n&rsquo;a qu&rsquo;un seul objectif en t\u00eate : la m\u00e9daille d&rsquo;or olympique \u00e0 la maison. Elle aussi fera partie des grandes chances de m\u00e9daille \u00e0 Paris l&rsquo;\u00e9t\u00e9 prochain.<\/p>\n<div class=\"vlp-link-container vlp-layout-article\"><a href=\"https:\/\/dicodusport.fr\/blog\/world-taekwondo-grand-prix-final-althea-laurin-rafle-la-medaille-de-bronze\/\" class=\"vlp-link\" title=\"World Taekwondo Grand Prix Final : Alth\u00e9a Laurin rafle la m\u00e9daille de bronze\"><\/a><div class=\"vlp-layout-zone-side\"><div class=\"vlp-block-4 vlp-link-image\"><img loading=\"lazy\" decoding=\"async\" style=\"max-width: 800px;\" width=\"800\" height=\"445\" src=\"https:\/\/dicodusport.fr\/blog\/wp-content\/uploads\/2023\/06\/Jeux-Europeens-2023-Althea-Laurin-Taekwondo-en-bronze.png\" class=\"attachment-800x445 size-800x445\" alt=\"Jeux Europ\u00e9ens 2023 Alth\u00e9a Laurin (Taekwondo) en bronze\" srcset=\"https:\/\/dicodusport.fr\/blog\/wp-content\/uploads\/2023\/06\/Jeux-Europeens-2023-Althea-Laurin-Taekwondo-en-bronze.png 800w, https:\/\/dicodusport.fr\/blog\/wp-content\/uploads\/2023\/06\/Jeux-Europeens-2023-Althea-Laurin-Taekwondo-en-bronze-300x167.png 300w, https:\/\/dicodusport.fr\/blog\/wp-content\/uploads\/2023\/06\/Jeux-Europeens-2023-Althea-Laurin-Taekwondo-en-bronze-768x427.png 768w\" sizes=\"auto, (max-width: 800px) 100vw, 800px\" \/><\/div><\/div><div class=\"vlp-layout-zone-main\"><div class=\"vlp-block-0 vlp-link-title\">World Taekwondo Grand Prix Final : Alth\u00e9a Laurin rafle la m\u00e9daille de bronze<\/div><div class=\"vlp-block-1 vlp-link-summary\">WORLD TAEKWONDO GRAND PRIX FINAL 2023 - Ce dimanche, Alth\u00e9a Laurin a permis \u00e0 l'\u00c9quipe de France de d\u00e9crocher sa deuxi\u00e8me m\u00e9daille \u00e0 Manchester en s'emparant du bronze.<\/div><div class=\"vlp-block-2 vlp-link-button\">Lire l'article<\/div><div class=\"vlp-block-3 vlp-link-url\">dicodusport.fr<\/div><\/div><\/div>\n<h2 style=\"text-align: justify;\">Le classement d\u00e9j\u00e0 d\u00e9voil\u00e9<\/h2>\n<ul>\n<li style=\"text-align: justify;\"><a href=\"https:\/\/dicodusport.fr\/blog\/championne-des-championnes-francaises-2023-marie-florence-candassamy-8eme-la-touche-en-or\/\"><strong>Marie-Florence Candassamy (8\u00e8me), la touche en or<\/strong><\/a><\/li>\n<li style=\"text-align: justify;\"><a href=\"https:\/\/dicodusport.fr\/blog\/championne-des-championnes-francaises-2023-shirine-boukli-9eme-reine-deurope\/\"><strong>Shirine Boukli (9\u00e8me), reine d\u2019Europe<\/strong><\/a><\/li>\n<li style=\"text-align: justify;\"><strong><a href=\"https:\/\/dicodusport.fr\/blog\/championne-des-championnes-francaises-2023-lauriane-nolot-10eme-au-sommet-de-la-vague\/\">Lauriane Nolot (10\u00e8me), au sommet de la vague\u00a0<\/a><\/strong><\/li>\n<\/ul>\n","protected":false},"excerpt":{"rendered":"<p>MULTISPORTS &#8211; La taekwondo\u00efste Alth\u00e9a Laurin est 7\u00e8me du classement de la Championne des Championnes fran\u00e7aises 2023.<\/p>\n","protected":false},"author":4,"featured_media":447452,"comment_status":"open","ping_status":"closed","sticky":false,"template":"","format":"standard","meta":{"_acf_changed":false,"_daextam_enable_autolinks":"1","footnotes":""},"categories":[2316,10983],"tags":[32415,12953,16878,12789,20621,12790],"class_list":["post-447048","post","type-post","status-publish","format-standard","has-post-thumbnail","hentry","category-tous-les-sports","category-taekwondo","tag-actu","tag-althea-laurin","tag-breve","tag-recompense","tag-recompenses-tricolores","tag-sportives-francaises"],"acf":[],"yoast_head":"<!-- This site is optimized with the Yoast SEO Premium plugin v26.7 (Yoast SEO v26.7) - https:\/\/yoast.com\/wordpress\/plugins\/seo\/ -->\n<title>Championne des Championnes fran\u00e7aises 2023 : Alth\u00e9a Laurin (7\u00e8me), \u00e0 la pointe du combat<\/title>\n<meta name=\"description\" content=\"MULTISPORTS - La taekwondo\u00efste Alth\u00e9a Laurin est 7\u00e8me du classement de la Championne des Championnes fran\u00e7aises 2023.\" \/>\n<meta name=\"robots\" content=\"index, follow, max-snippet:-1, max-image-preview:large, max-video-preview:-1\" \/>\n<link rel=\"canonical\" href=\"https:\/\/dicodusport.fr\/blog\/championne-des-championnes-francaises-2023-althea-laurin-9eme-a-la-pointe-du-combat\/\" \/>\n<meta property=\"og:locale\" content=\"fr_FR\" \/>\n<meta property=\"og:type\" content=\"article\" \/>\n<meta property=\"og:title\" content=\"Championne des Championnes fran\u00e7aises 2023 : Alth\u00e9a Laurin (7\u00e8me), \u00e0 la pointe du combat\" \/>\n<meta property=\"og:description\" content=\"MULTISPORTS - La taekwondo\u00efste Alth\u00e9a Laurin est 7\u00e8me du classement de la Championne des Championnes fran\u00e7aises 2023.\" \/>\n<meta property=\"og:url\" content=\"https:\/\/dicodusport.fr\/blog\/championne-des-championnes-francaises-2023-althea-laurin-9eme-a-la-pointe-du-combat\/\" \/>\n<meta property=\"og:site_name\" content=\"Dicodusport\" \/>\n<meta property=\"article:publisher\" content=\"https:\/\/www.facebook.com\/dicodusport\" \/>\n<meta property=\"article:author\" content=\"https:\/\/www.facebook.com\/florent.ostermann\" \/>\n<meta property=\"article:published_time\" content=\"2023-12-25T10:00:04+00:00\" \/>\n<meta property=\"article:modified_time\" content=\"2025-11-20T17:24:53+00:00\" \/>\n<meta property=\"og:image\" content=\"https:\/\/dicodusport.fr\/blog\/wp-content\/uploads\/2023\/12\/Championne-des-Championnes-francaises-2023-Althea-Laurin-7eme-a-la-pointe-du-combat.png\" \/>\n\t<meta property=\"og:image:width\" content=\"1200\" \/>\n\t<meta property=\"og:image:height\" content=\"674\" \/>\n\t<meta property=\"og:image:type\" content=\"image\/png\" \/>\n<meta name=\"author\" content=\"Flo Ostermann\" \/>\n<meta name=\"twitter:card\" content=\"summary_large_image\" \/>\n<meta name=\"twitter:title\" content=\"Championne des Championnes fran\u00e7aises 2023 : Alth\u00e9a Laurin (7\u00e8me), \u00e0 la pointe du combat\" \/>\n<meta name=\"twitter:creator\" content=\"@https:\/\/twitter.com\/FlOstermann\" \/>\n<meta name=\"twitter:site\" content=\"@dicodusport\" \/>\n<script type=\"application\/ld+json\" class=\"yoast-schema-graph\">{\"@context\":\"https:\/\/schema.org\",\"@graph\":[{\"@type\":\"NewsArticle\",\"@id\":\"https:\/\/dicodusport.fr\/blog\/championne-des-championnes-francaises-2023-althea-laurin-9eme-a-la-pointe-du-combat\/#article\",\"isPartOf\":{\"@id\":\"https:\/\/dicodusport.fr\/blog\/championne-des-championnes-francaises-2023-althea-laurin-9eme-a-la-pointe-du-combat\/\"},\"author\":{\"name\":\"Flo Ostermann\",\"@id\":\"https:\/\/dicodusport.fr\/blog\/#\/schema\/person\/cb02af4c173ce4a653b55e9baf388d4a\"},\"headline\":\"Championne des Championnes fran\u00e7aises 2023 : Alth\u00e9a Laurin (7\u00e8me), \u00e0 la pointe du combat\",\"datePublished\":\"2023-12-25T10:00:04+00:00\",\"dateModified\":\"2025-11-20T17:24:53+00:00\",\"mainEntityOfPage\":{\"@id\":\"https:\/\/dicodusport.fr\/blog\/championne-des-championnes-francaises-2023-althea-laurin-9eme-a-la-pointe-du-combat\/\"},\"wordCount\":705,\"commentCount\":0,\"publisher\":{\"@id\":\"https:\/\/dicodusport.fr\/blog\/#organization\"},\"image\":{\"@id\":\"https:\/\/dicodusport.fr\/blog\/championne-des-championnes-francaises-2023-althea-laurin-9eme-a-la-pointe-du-combat\/#primaryimage\"},\"thumbnailUrl\":\"https:\/\/dicodusport.fr\/blog\/wp-content\/uploads\/2023\/12\/Championne-des-Championnes-francaises-2023-Althea-Laurin-7eme-a-la-pointe-du-combat.png\",\"keywords\":[\"actu\",\"Alth\u00e9a Laurin\",\"br\u00e8ve\",\"R\u00e9compense\",\"R\u00e9compenses tricolores\",\"Sportives fran\u00e7aises\"],\"articleSection\":[\"Sports\",\"Taekwondo\"],\"inLanguage\":\"fr-FR\",\"potentialAction\":[{\"@type\":\"CommentAction\",\"name\":\"Comment\",\"target\":[\"https:\/\/dicodusport.fr\/blog\/championne-des-championnes-francaises-2023-althea-laurin-9eme-a-la-pointe-du-combat\/#respond\"]}],\"copyrightYear\":\"2023\",\"copyrightHolder\":{\"@id\":\"https:\/\/dicodusport.fr\/blog\/#organization\"}},{\"@type\":\"WebPage\",\"@id\":\"https:\/\/dicodusport.fr\/blog\/championne-des-championnes-francaises-2023-althea-laurin-9eme-a-la-pointe-du-combat\/\",\"url\":\"https:\/\/dicodusport.fr\/blog\/championne-des-championnes-francaises-2023-althea-laurin-9eme-a-la-pointe-du-combat\/\",\"name\":\"Championne des Championnes fran\u00e7aises 2023 : Alth\u00e9a Laurin (7\u00e8me), \u00e0 la pointe du combat\",\"isPartOf\":{\"@id\":\"https:\/\/dicodusport.fr\/blog\/#website\"},\"primaryImageOfPage\":{\"@id\":\"https:\/\/dicodusport.fr\/blog\/championne-des-championnes-francaises-2023-althea-laurin-9eme-a-la-pointe-du-combat\/#primaryimage\"},\"image\":{\"@id\":\"https:\/\/dicodusport.fr\/blog\/championne-des-championnes-francaises-2023-althea-laurin-9eme-a-la-pointe-du-combat\/#primaryimage\"},\"thumbnailUrl\":\"https:\/\/dicodusport.fr\/blog\/wp-content\/uploads\/2023\/12\/Championne-des-Championnes-francaises-2023-Althea-Laurin-7eme-a-la-pointe-du-combat.png\",\"datePublished\":\"2023-12-25T10:00:04+00:00\",\"dateModified\":\"2025-11-20T17:24:53+00:00\",\"description\":\"MULTISPORTS - La taekwondo\u00efste Alth\u00e9a Laurin est 7\u00e8me du classement de la Championne des Championnes fran\u00e7aises 2023.\",\"breadcrumb\":{\"@id\":\"https:\/\/dicodusport.fr\/blog\/championne-des-championnes-francaises-2023-althea-laurin-9eme-a-la-pointe-du-combat\/#breadcrumb\"},\"inLanguage\":\"fr-FR\",\"potentialAction\":[{\"@type\":\"ReadAction\",\"target\":[\"https:\/\/dicodusport.fr\/blog\/championne-des-championnes-francaises-2023-althea-laurin-9eme-a-la-pointe-du-combat\/\"]}]},{\"@type\":\"ImageObject\",\"inLanguage\":\"fr-FR\",\"@id\":\"https:\/\/dicodusport.fr\/blog\/championne-des-championnes-francaises-2023-althea-laurin-9eme-a-la-pointe-du-combat\/#primaryimage\",\"url\":\"https:\/\/dicodusport.fr\/blog\/wp-content\/uploads\/2023\/12\/Championne-des-Championnes-francaises-2023-Althea-Laurin-7eme-a-la-pointe-du-combat.png\",\"contentUrl\":\"https:\/\/dicodusport.fr\/blog\/wp-content\/uploads\/2023\/12\/Championne-des-Championnes-francaises-2023-Althea-Laurin-7eme-a-la-pointe-du-combat.png\",\"width\":1200,\"height\":674,\"caption\":\"Championne des Championnes fran\u00e7aises 2023 Alth\u00e9a Laurin (7\u00e8me), \u00e0 la pointe du combat\"},{\"@type\":\"BreadcrumbList\",\"@id\":\"https:\/\/dicodusport.fr\/blog\/championne-des-championnes-francaises-2023-althea-laurin-9eme-a-la-pointe-du-combat\/#breadcrumb\",\"itemListElement\":[{\"@type\":\"ListItem\",\"position\":1,\"name\":\"Accueil\",\"item\":\"https:\/\/dicodusport.fr\/blog\/\"},{\"@type\":\"ListItem\",\"position\":2,\"name\":\"Championne des Championnes fran\u00e7aises 2023 : Alth\u00e9a Laurin (7\u00e8me), \u00e0 la pointe du combat\"}]},{\"@type\":\"WebSite\",\"@id\":\"https:\/\/dicodusport.fr\/blog\/#website\",\"url\":\"https:\/\/dicodusport.fr\/blog\/\",\"name\":\"Dicodusport\",\"description\":\"L&#039;encyclop\u00e9die de l&#039;actualit\u00e9 sportive\",\"publisher\":{\"@id\":\"https:\/\/dicodusport.fr\/blog\/#organization\"},\"potentialAction\":[{\"@type\":\"SearchAction\",\"target\":{\"@type\":\"EntryPoint\",\"urlTemplate\":\"https:\/\/dicodusport.fr\/blog\/?s={search_term_string}\"},\"query-input\":{\"@type\":\"PropertyValueSpecification\",\"valueRequired\":true,\"valueName\":\"search_term_string\"}}],\"inLanguage\":\"fr-FR\"},{\"@type\":\"NewsMediaOrganization\",\"@id\":\"https:\/\/dicodusport.fr\/blog\/#organization\",\"name\":\"Dicodusport\",\"url\":\"https:\/\/dicodusport.fr\/blog\/\",\"logo\":{\"@type\":\"ImageObject\",\"inLanguage\":\"fr-FR\",\"@id\":\"https:\/\/dicodusport.fr\/blog\/#\/schema\/logo\/image\/\",\"url\":\"https:\/\/dicodusport.fr\/blog\/wp-content\/uploads\/2020\/06\/cropped-LOGO-DICODUSPORT-2020-SANS-FOND-SANS-TEXTE.png\",\"contentUrl\":\"https:\/\/dicodusport.fr\/blog\/wp-content\/uploads\/2020\/06\/cropped-LOGO-DICODUSPORT-2020-SANS-FOND-SANS-TEXTE.png\",\"width\":512,\"height\":512,\"caption\":\"Dicodusport\"},\"image\":{\"@id\":\"https:\/\/dicodusport.fr\/blog\/#\/schema\/logo\/image\/\"},\"sameAs\":[\"https:\/\/www.facebook.com\/dicodusport\",\"https:\/\/x.com\/dicodusport\",\"https:\/\/www.instagram.com\/dicodusport\/\",\"https:\/\/www.youtube.com\/channel\/UC7V2KZ5sd3htJivAbA4ZG3w\"],\"description\":\"Dicodusport est l'encyclop\u00e9die de l'actualit\u00e9 sportive.\",\"email\":\"bonjour@dicodusport.fr\",\"legalName\":\"DICODUSPORT\",\"foundingDate\":\"2018-01-14\",\"vatID\":\"FR71834470973\",\"taxID\":\"83447097300043\",\"numberOfEmployees\":{\"@type\":\"QuantitativeValue\",\"minValue\":\"1\",\"maxValue\":\"10\"}},{\"@type\":\"Person\",\"@id\":\"https:\/\/dicodusport.fr\/blog\/#\/schema\/person\/cb02af4c173ce4a653b55e9baf388d4a\",\"name\":\"Flo Ostermann\",\"image\":{\"@type\":\"ImageObject\",\"inLanguage\":\"fr-FR\",\"@id\":\"https:\/\/dicodusport.fr\/blog\/#\/schema\/person\/image\/\",\"url\":\"https:\/\/dicodusport.fr\/blog\/wp-content\/uploads\/2021\/05\/Flo-Ostermann-150x150.jpg\",\"contentUrl\":\"https:\/\/dicodusport.fr\/blog\/wp-content\/uploads\/2021\/05\/Flo-Ostermann-150x150.jpg\",\"caption\":\"Flo Ostermann\"},\"description\":\"Journaliste\/R\u00e9dacteur depuis septembre 2015 - Mes premiers souvenirs dans le sport ? Les envol\u00e9es du Stade Toulousain et les duels Villeneuve-Schumacher et H\u00e4kkinen-Schumacher \u00e0 la fin des ann\u00e9es 90, la Coupe du monde de football en 1998, l\u2019exploit du XV de France face aux All Blacks en 1999, mais aussi Richard C\u0153ur de Lion qui vole sur les montagnes du Tour de France. Bien parti pour devenir professeur d\u2019EPS, les \u00e9v\u00e9nements de la vie (et la flemme d\u2019animer des s\u00e9ances de 3x500 m\u00e8tres toute ma vie) m\u2019ont conduit \u00e0 revoir mes plans. Me voil\u00e0 depuis fin 2017 sur Dicodusport, m\u00e9dia gr\u00e2ce (et pour) lequel je partage ma passion : le sport dans tous ses \u00e9tats. Le tout accompagn\u00e9 par les fous furieux et folles furieuses cit\u00e9s sur cette page !\",\"sameAs\":[\"https:\/\/www.facebook.com\/florent.ostermann\",\"https:\/\/x.com\/https:\/\/twitter.com\/FlOstermann\",\"admin\"],\"url\":\"https:\/\/dicodusport.fr\/blog\/author\/flo\/\"}]}<\/script>\n<!-- \/ Yoast SEO Premium plugin. -->","yoast_head_json":{"title":"Championne des Championnes fran\u00e7aises 2023 : Alth\u00e9a Laurin (7\u00e8me), \u00e0 la pointe du combat","description":"MULTISPORTS - La taekwondo\u00efste Alth\u00e9a Laurin est 7\u00e8me du classement de la Championne des Championnes fran\u00e7aises 2023.","robots":{"index":"index","follow":"follow","max-snippet":"max-snippet:-1","max-image-preview":"max-image-preview:large","max-video-preview":"max-video-preview:-1"},"canonical":"https:\/\/dicodusport.fr\/blog\/championne-des-championnes-francaises-2023-althea-laurin-9eme-a-la-pointe-du-combat\/","og_locale":"fr_FR","og_type":"article","og_title":"Championne des Championnes fran\u00e7aises 2023 : Alth\u00e9a Laurin (7\u00e8me), \u00e0 la pointe du combat","og_description":"MULTISPORTS - La taekwondo\u00efste Alth\u00e9a Laurin est 7\u00e8me du classement de la Championne des Championnes fran\u00e7aises 2023.","og_url":"https:\/\/dicodusport.fr\/blog\/championne-des-championnes-francaises-2023-althea-laurin-9eme-a-la-pointe-du-combat\/","og_site_name":"Dicodusport","article_publisher":"https:\/\/www.facebook.com\/dicodusport","article_author":"https:\/\/www.facebook.com\/florent.ostermann","article_published_time":"2023-12-25T10:00:04+00:00","article_modified_time":"2025-11-20T17:24:53+00:00","og_image":[{"width":1200,"height":674,"url":"https:\/\/dicodusport.fr\/blog\/wp-content\/uploads\/2023\/12\/Championne-des-Championnes-francaises-2023-Althea-Laurin-7eme-a-la-pointe-du-combat.png","type":"image\/png"}],"author":"Flo Ostermann","twitter_card":"summary_large_image","twitter_title":"Championne des Championnes fran\u00e7aises 2023 : Alth\u00e9a Laurin (7\u00e8me), \u00e0 la pointe du combat","twitter_creator":"@https:\/\/twitter.com\/FlOstermann","twitter_site":"@dicodusport","schema":{"@context":"https:\/\/schema.org","@graph":[{"@type":"NewsArticle","@id":"https:\/\/dicodusport.fr\/blog\/championne-des-championnes-francaises-2023-althea-laurin-9eme-a-la-pointe-du-combat\/#article","isPartOf":{"@id":"https:\/\/dicodusport.fr\/blog\/championne-des-championnes-francaises-2023-althea-laurin-9eme-a-la-pointe-du-combat\/"},"author":{"name":"Flo Ostermann","@id":"https:\/\/dicodusport.fr\/blog\/#\/schema\/person\/cb02af4c173ce4a653b55e9baf388d4a"},"headline":"Championne des Championnes fran\u00e7aises 2023 : Alth\u00e9a Laurin (7\u00e8me), \u00e0 la pointe du combat","datePublished":"2023-12-25T10:00:04+00:00","dateModified":"2025-11-20T17:24:53+00:00","mainEntityOfPage":{"@id":"https:\/\/dicodusport.fr\/blog\/championne-des-championnes-francaises-2023-althea-laurin-9eme-a-la-pointe-du-combat\/"},"wordCount":705,"commentCount":0,"publisher":{"@id":"https:\/\/dicodusport.fr\/blog\/#organization"},"image":{"@id":"https:\/\/dicodusport.fr\/blog\/championne-des-championnes-francaises-2023-althea-laurin-9eme-a-la-pointe-du-combat\/#primaryimage"},"thumbnailUrl":"https:\/\/dicodusport.fr\/blog\/wp-content\/uploads\/2023\/12\/Championne-des-Championnes-francaises-2023-Althea-Laurin-7eme-a-la-pointe-du-combat.png","keywords":["actu","Alth\u00e9a Laurin","br\u00e8ve","R\u00e9compense","R\u00e9compenses tricolores","Sportives fran\u00e7aises"],"articleSection":["Sports","Taekwondo"],"inLanguage":"fr-FR","potentialAction":[{"@type":"CommentAction","name":"Comment","target":["https:\/\/dicodusport.fr\/blog\/championne-des-championnes-francaises-2023-althea-laurin-9eme-a-la-pointe-du-combat\/#respond"]}],"copyrightYear":"2023","copyrightHolder":{"@id":"https:\/\/dicodusport.fr\/blog\/#organization"}},{"@type":"WebPage","@id":"https:\/\/dicodusport.fr\/blog\/championne-des-championnes-francaises-2023-althea-laurin-9eme-a-la-pointe-du-combat\/","url":"https:\/\/dicodusport.fr\/blog\/championne-des-championnes-francaises-2023-althea-laurin-9eme-a-la-pointe-du-combat\/","name":"Championne des Championnes fran\u00e7aises 2023 : Alth\u00e9a Laurin (7\u00e8me), \u00e0 la pointe du combat","isPartOf":{"@id":"https:\/\/dicodusport.fr\/blog\/#website"},"primaryImageOfPage":{"@id":"https:\/\/dicodusport.fr\/blog\/championne-des-championnes-francaises-2023-althea-laurin-9eme-a-la-pointe-du-combat\/#primaryimage"},"image":{"@id":"https:\/\/dicodusport.fr\/blog\/championne-des-championnes-francaises-2023-althea-laurin-9eme-a-la-pointe-du-combat\/#primaryimage"},"thumbnailUrl":"https:\/\/dicodusport.fr\/blog\/wp-content\/uploads\/2023\/12\/Championne-des-Championnes-francaises-2023-Althea-Laurin-7eme-a-la-pointe-du-combat.png","datePublished":"2023-12-25T10:00:04+00:00","dateModified":"2025-11-20T17:24:53+00:00","description":"MULTISPORTS - La taekwondo\u00efste Alth\u00e9a Laurin est 7\u00e8me du classement de la Championne des Championnes fran\u00e7aises 2023.","breadcrumb":{"@id":"https:\/\/dicodusport.fr\/blog\/championne-des-championnes-francaises-2023-althea-laurin-9eme-a-la-pointe-du-combat\/#breadcrumb"},"inLanguage":"fr-FR","potentialAction":[{"@type":"ReadAction","target":["https:\/\/dicodusport.fr\/blog\/championne-des-championnes-francaises-2023-althea-laurin-9eme-a-la-pointe-du-combat\/"]}]},{"@type":"ImageObject","inLanguage":"fr-FR","@id":"https:\/\/dicodusport.fr\/blog\/championne-des-championnes-francaises-2023-althea-laurin-9eme-a-la-pointe-du-combat\/#primaryimage","url":"https:\/\/dicodusport.fr\/blog\/wp-content\/uploads\/2023\/12\/Championne-des-Championnes-francaises-2023-Althea-Laurin-7eme-a-la-pointe-du-combat.png","contentUrl":"https:\/\/dicodusport.fr\/blog\/wp-content\/uploads\/2023\/12\/Championne-des-Championnes-francaises-2023-Althea-Laurin-7eme-a-la-pointe-du-combat.png","width":1200,"height":674,"caption":"Championne des Championnes fran\u00e7aises 2023 Alth\u00e9a Laurin (7\u00e8me), \u00e0 la pointe du combat"},{"@type":"BreadcrumbList","@id":"https:\/\/dicodusport.fr\/blog\/championne-des-championnes-francaises-2023-althea-laurin-9eme-a-la-pointe-du-combat\/#breadcrumb","itemListElement":[{"@type":"ListItem","position":1,"name":"Accueil","item":"https:\/\/dicodusport.fr\/blog\/"},{"@type":"ListItem","position":2,"name":"Championne des Championnes fran\u00e7aises 2023 : Alth\u00e9a Laurin (7\u00e8me), \u00e0 la pointe du combat"}]},{"@type":"WebSite","@id":"https:\/\/dicodusport.fr\/blog\/#website","url":"https:\/\/dicodusport.fr\/blog\/","name":"Dicodusport","description":"L&#039;encyclop\u00e9die de l&#039;actualit\u00e9 sportive","publisher":{"@id":"https:\/\/dicodusport.fr\/blog\/#organization"},"potentialAction":[{"@type":"SearchAction","target":{"@type":"EntryPoint","urlTemplate":"https:\/\/dicodusport.fr\/blog\/?s={search_term_string}"},"query-input":{"@type":"PropertyValueSpecification","valueRequired":true,"valueName":"search_term_string"}}],"inLanguage":"fr-FR"},{"@type":"NewsMediaOrganization","@id":"https:\/\/dicodusport.fr\/blog\/#organization","name":"Dicodusport","url":"https:\/\/dicodusport.fr\/blog\/","logo":{"@type":"ImageObject","inLanguage":"fr-FR","@id":"https:\/\/dicodusport.fr\/blog\/#\/schema\/logo\/image\/","url":"https:\/\/dicodusport.fr\/blog\/wp-content\/uploads\/2020\/06\/cropped-LOGO-DICODUSPORT-2020-SANS-FOND-SANS-TEXTE.png","contentUrl":"https:\/\/dicodusport.fr\/blog\/wp-content\/uploads\/2020\/06\/cropped-LOGO-DICODUSPORT-2020-SANS-FOND-SANS-TEXTE.png","width":512,"height":512,"caption":"Dicodusport"},"image":{"@id":"https:\/\/dicodusport.fr\/blog\/#\/schema\/logo\/image\/"},"sameAs":["https:\/\/www.facebook.com\/dicodusport","https:\/\/x.com\/dicodusport","https:\/\/www.instagram.com\/dicodusport\/","https:\/\/www.youtube.com\/channel\/UC7V2KZ5sd3htJivAbA4ZG3w"],"description":"Dicodusport est l'encyclop\u00e9die de l'actualit\u00e9 sportive.","email":"bonjour@dicodusport.fr","legalName":"DICODUSPORT","foundingDate":"2018-01-14","vatID":"FR71834470973","taxID":"83447097300043","numberOfEmployees":{"@type":"QuantitativeValue","minValue":"1","maxValue":"10"}},{"@type":"Person","@id":"https:\/\/dicodusport.fr\/blog\/#\/schema\/person\/cb02af4c173ce4a653b55e9baf388d4a","name":"Flo Ostermann","image":{"@type":"ImageObject","inLanguage":"fr-FR","@id":"https:\/\/dicodusport.fr\/blog\/#\/schema\/person\/image\/","url":"https:\/\/dicodusport.fr\/blog\/wp-content\/uploads\/2021\/05\/Flo-Ostermann-150x150.jpg","contentUrl":"https:\/\/dicodusport.fr\/blog\/wp-content\/uploads\/2021\/05\/Flo-Ostermann-150x150.jpg","caption":"Flo Ostermann"},"description":"Journaliste\/R\u00e9dacteur depuis septembre 2015 - Mes premiers souvenirs dans le sport ? Les envol\u00e9es du Stade Toulousain et les duels Villeneuve-Schumacher et H\u00e4kkinen-Schumacher \u00e0 la fin des ann\u00e9es 90, la Coupe du monde de football en 1998, l\u2019exploit du XV de France face aux All Blacks en 1999, mais aussi Richard C\u0153ur de Lion qui vole sur les montagnes du Tour de France. Bien parti pour devenir professeur d\u2019EPS, les \u00e9v\u00e9nements de la vie (et la flemme d\u2019animer des s\u00e9ances de 3x500 m\u00e8tres toute ma vie) m\u2019ont conduit \u00e0 revoir mes plans. Me voil\u00e0 depuis fin 2017 sur Dicodusport, m\u00e9dia gr\u00e2ce (et pour) lequel je partage ma passion : le sport dans tous ses \u00e9tats. Le tout accompagn\u00e9 par les fous furieux et folles furieuses cit\u00e9s sur cette page !","sameAs":["https:\/\/www.facebook.com\/florent.ostermann","https:\/\/x.com\/https:\/\/twitter.com\/FlOstermann","admin"],"url":"https:\/\/dicodusport.fr\/blog\/author\/flo\/"}]}},"_links":{"self":[{"href":"https:\/\/dicodusport.fr\/blog\/wp-json\/wp\/v2\/posts\/447048","targetHints":{"allow":["GET"]}}],"collection":[{"href":"https:\/\/dicodusport.fr\/blog\/wp-json\/wp\/v2\/posts"}],"about":[{"href":"https:\/\/dicodusport.fr\/blog\/wp-json\/wp\/v2\/types\/post"}],"author":[{"embeddable":true,"href":"https:\/\/dicodusport.fr\/blog\/wp-json\/wp\/v2\/users\/4"}],"replies":[{"embeddable":true,"href":"https:\/\/dicodusport.fr\/blog\/wp-json\/wp\/v2\/comments?post=447048"}],"version-history":[{"count":5,"href":"https:\/\/dicodusport.fr\/blog\/wp-json\/wp\/v2\/posts\/447048\/revisions"}],"predecessor-version":[{"id":447529,"href":"https:\/\/dicodusport.fr\/blog\/wp-json\/wp\/v2\/posts\/447048\/revisions\/447529"}],"wp:featuredmedia":[{"embeddable":true,"href":"https:\/\/dicodusport.fr\/blog\/wp-json\/wp\/v2\/media\/447452"}],"wp:attachment":[{"href":"https:\/\/dicodusport.fr\/blog\/wp-json\/wp\/v2\/media?parent=447048"}],"wp:term":[{"taxonomy":"category","embeddable":true,"href":"https:\/\/dicodusport.fr\/blog\/wp-json\/wp\/v2\/categories?post=447048"},{"taxonomy":"post_tag","embeddable":true,"href":"https:\/\/dicodusport.fr\/blog\/wp-json\/wp\/v2\/tags?post=447048"}],"curies":[{"name":"wp","href":"https:\/\/api.w.org\/{rel}","templated":true}]}}