{"id":447123,"date":"2023-12-23T11:00:07","date_gmt":"2023-12-23T10:00:07","guid":{"rendered":"https:\/\/dicodusport.fr\/blog\/?p=447123&#038;preview=true&#038;preview_id=447123"},"modified":"2025-11-20T18:24:57","modified_gmt":"2025-11-20T17:24:57","slug":"championne-des-championnes-francaises-2023-shirine-boukli-9eme-reine-deurope","status":"publish","type":"post","link":"https:\/\/dicodusport.fr\/blog\/championne-des-championnes-francaises-2023-shirine-boukli-9eme-reine-deurope\/","title":{"rendered":"Championne des Championnes fran\u00e7aises 2023 : Shirine Boukli (9\u00e8me), reine d&rsquo;Europe"},"content":{"rendered":"<p style=\"text-align: justify;\"><strong><em>MULTISPORTS &#8211; Comme tous les ans depuis 2018, Dicodusport vous a propos\u00e9 d&rsquo;\u00e9lire la Championne des Championnes fran\u00e7aises de l&rsquo;ann\u00e9e. En 2023, elles \u00e9taient 10 sur la ligne de d\u00e9part. Qui succ\u00e9dera \u00e0 Pauline Ferrand-Pr\u00e9vot ? On commence \u00e0 d\u00e9rouler le classement, avec \u00e0 la 9\u00e8me place, la judokate Shirine Boukli.<\/em><\/strong><\/p>\n<h2 style=\"text-align: justify;\">Le d\u00e9roulement<\/h2>\n<p style=\"text-align: justify;\">Comme l&rsquo;ann\u00e9e derni\u00e8re, vos votes, lecteurs de Dicodusport, ont compt\u00e9 pour 50 % dans le r\u00e9sultat final de l&rsquo;\u00e9lection de la <strong>Championne des Championnes fran\u00e7aises<\/strong>. Il y a ensuite eu le vote de la r\u00e9daction (12 votants), qui a compl\u00e9t\u00e9 le scrutin du public, et qui compte \u00e9galement pour 50 % dans le r\u00e9sultat.<\/p>\n<p style=\"text-align: justify;\">D&rsquo;abord, <strong>la laur\u00e9ate du vote des lecteurs remporte 10 points<\/strong>, la deuxi\u00e8me 9 points, la troisi\u00e8me 8 points etc, jusqu&rsquo;\u00e0 la sportive arriv\u00e9e en 10\u00e8me et derni\u00e8re position, qui r\u00e9colte 1 point.<\/p>\n<p style=\"text-align: justify;\">Concernant le vote de la r\u00e9daction, les 12 membres ayant vot\u00e9 <strong>ont chacun fait un classement de 1 \u00e0 10<\/strong>, avec l\u00e0 aussi, 10 points attribu\u00e9s pour la premi\u00e8re place, 9 points pour la deuxi\u00e8me place, et ainsi de suite jusqu&rsquo;\u00e0 la 10\u00e8me place (1 point). Le total des 12 classements a ensuite \u00e9t\u00e9 r\u00e9alis\u00e9. \u00c0 l&rsquo;issue de ce d\u00e9compte, la sportive ayant r\u00e9colt\u00e9 le plus de points au total, inscrit 10 points, 9 points pour la deuxi\u00e8me, 8 points pour la troisi\u00e8me etc, jusqu&rsquo;\u00e0 la sportive arriv\u00e9e en 10\u00e8me et derni\u00e8re position, qui r\u00e9colte 1 point.<\/p>\n<p style=\"text-align: justify;\">Pour arriver au classement final de la <strong>Championne des Championnes Fran\u00e7aises 2023<\/strong>, les points du vote des lecteurs (10 maximum) ont \u00e9t\u00e9 additionn\u00e9s \u00e0 ceux du total des membres de la r\u00e9daction (10 maximum). Une sportive pouvait alors recevoir, au maximum, 20 points.<\/p>\n<hr \/>\n<h2 style=\"text-align: justify;\">Shirine Boukli (9\u00e8me), reine d&rsquo;Europe<\/h2>\n<p style=\"text-align: justify;\"><strong><span style=\"text-decoration: underline;\">Son palmar\u00e8s en 2023<\/span> : <\/strong>Championne d\u2019Europe pour la troisi\u00e8me fois (-48 kg). Vice-championne du monde.<\/p>\n<p style=\"text-align: justify;\"><span style=\"text-decoration: underline;\"><strong>Le d\u00e9tail des votes<\/strong><\/span><strong> :<\/strong><br \/>\n6\u00e8me du vote des lecteurs avec 4 % des voix (59 voix sur 1 446 votes) = <strong>5 points<\/strong><br \/>\n9\u00e8me du vote de la r\u00e9daction avec 38 points = <strong>2 points<\/strong><br \/>\n<strong><em>Total = 7 points<\/em><\/strong><\/p>\n<div id=\"attachment_434731\" style=\"width: 810px\" class=\"wp-caption aligncenter\"><img loading=\"lazy\" decoding=\"async\" aria-describedby=\"caption-attachment-434731\" class=\"size-full wp-image-434731\" src=\"https:\/\/dicodusport.fr\/blog\/wp-content\/uploads\/2023\/11\/Judo-Championnats-dEurope-Le-titre-europeen-pour-Shirine-Boukli-1-1.png\" alt=\"\" width=\"800\" height=\"445\" srcset=\"https:\/\/dicodusport.fr\/blog\/wp-content\/uploads\/2023\/11\/Judo-Championnats-dEurope-Le-titre-europeen-pour-Shirine-Boukli-1-1.png 800w, https:\/\/dicodusport.fr\/blog\/wp-content\/uploads\/2023\/11\/Judo-Championnats-dEurope-Le-titre-europeen-pour-Shirine-Boukli-1-1-300x167.png 300w, https:\/\/dicodusport.fr\/blog\/wp-content\/uploads\/2023\/11\/Judo-Championnats-dEurope-Le-titre-europeen-pour-Shirine-Boukli-1-1-768x427.png 768w\" sizes=\"auto, (max-width: 800px) 100vw, 800px\" \/><p id=\"caption-attachment-434731\" class=\"wp-caption-text\">Judo &#8211; Championnats d&rsquo;Europe &#8211; Le titre europ\u00e9en pour Shirine Boukli ! &#8211; Photo Carlos Ferreira \/ EJU<\/p><\/div>\n<p style=\"text-align: justify;\">\u00c0 24 ans, <strong>Shirine Boukli<\/strong> est l&rsquo;une des patronnes de la cat\u00e9gorie des moins de 48 kg. Si elle a but\u00e9 en finale des Mondiaux en mai dernier au Qatar, battue par la championne du monde sortante, la Japonaise <strong>Natsumi Tsunoda<\/strong>, la N\u00eemoise d&rsquo;origine va rebondir \u00e0 domicile, d\u00e9but novembre, lors des championnats d&rsquo;Europe de Montpellier (H\u00e9rault).<\/p>\n<p style=\"text-align: justify;\">La Fran\u00e7aise s\u2019est retrouv\u00e9e en finale oppos\u00e9e \u00e0 la Portugaise <strong>Costa<\/strong>, pour le remake de la finale de l\u2019\u00e9dition 2022. Victorieuse au Golden Score, <a href=\"https:\/\/dicodusport.fr\/blog\/judo-championnats-deurope-le-titre-europeen-pour-shirine-boukli\/\"><strong>Shirine Boukli<\/strong> d\u00e9croche alors son troisi\u00e8me titre europ\u00e9en<\/a>, apr\u00e8s 2020 et 2022. Vice-championne du monde et d\u00e9sormais triple championne d&rsquo;Europe, <strong>Boukli<\/strong> s&rsquo;affirme comme l&rsquo;un des t\u00eates d&rsquo;affiche du judo f\u00e9minin fran\u00e7ais, aux c\u00f4t\u00e9s des <strong>Clarisse Agbegnenou<\/strong>,<strong> Amandine Buchard<\/strong> et autres <strong>Madeleine Malonga<\/strong>. En attendant les Jeux de Paris, lors desquels elle sera l&rsquo;une des favorites, dans la course au plus beau des m\u00e9taux.<\/p>\n<div class=\"vlp-link-container vlp-layout-article\"><a href=\"https:\/\/dicodusport.fr\/blog\/shirine-boukli-vice-championne-du-monde-de-judo-2023\/\" class=\"vlp-link\" title=\"Shirine Boukli vice-championne du monde de judo 2023 !\"><\/a><div class=\"vlp-layout-zone-side\"><div class=\"vlp-block-4 vlp-link-image\"><img loading=\"lazy\" decoding=\"async\" style=\"max-width: 800px;\" width=\"800\" height=\"445\" src=\"https:\/\/dicodusport.fr\/blog\/wp-content\/uploads\/2023\/05\/Shirine-Boukli-vice-championne-du-monde-de-judo-2023.png\" class=\"attachment-800x445 size-800x445\" alt=\"\" srcset=\"https:\/\/dicodusport.fr\/blog\/wp-content\/uploads\/2023\/05\/Shirine-Boukli-vice-championne-du-monde-de-judo-2023.png 800w, https:\/\/dicodusport.fr\/blog\/wp-content\/uploads\/2023\/05\/Shirine-Boukli-vice-championne-du-monde-de-judo-2023-300x167.png 300w, https:\/\/dicodusport.fr\/blog\/wp-content\/uploads\/2023\/05\/Shirine-Boukli-vice-championne-du-monde-de-judo-2023-768x427.png 768w\" sizes=\"auto, (max-width: 800px) 100vw, 800px\" \/><\/div><\/div><div class=\"vlp-layout-zone-main\"><div class=\"vlp-block-0 vlp-link-title\">Shirine Boukli vice-championne du monde de judo 2023 !<\/div><div class=\"vlp-block-1 vlp-link-summary\">MONDIAUX DE JUDO 2023 - Lors de cette premi\u00e8re journ\u00e9e, Shirine Boukli a d\u00e9croch\u00e9 la premi\u00e8re m\u00e9daille de l'\u00e9quipe de France. Et c'est l'argent, battue par la championne du monde en titre Natsumi Tsunoda.<\/div><div class=\"vlp-block-2 vlp-link-button\">Lire l'article<\/div><div class=\"vlp-block-3 vlp-link-url\">dicodusport.fr<\/div><\/div><\/div>\n<h2 style=\"text-align: justify;\">Le classement d\u00e9j\u00e0 d\u00e9voil\u00e9<\/h2>\n<ul>\n<li style=\"text-align: justify;\"><strong><a href=\"https:\/\/dicodusport.fr\/blog\/championne-des-championnes-francaises-2023-lauriane-nolot-10eme-au-sommet-de-la-vague\/\">Lauriane Nolot (10\u00e8me), au sommet de la vague\u00a0<\/a><\/strong><\/li>\n<\/ul>\n","protected":false},"excerpt":{"rendered":"<p>MULTISPORTS &#8211; La judokate Shirine Boukli est 9\u00e8me du classement de la Championne des Championnes fran\u00e7aises 2023.<\/p>\n","protected":false},"author":4,"featured_media":447138,"comment_status":"open","ping_status":"closed","sticky":false,"template":"","format":"standard","meta":{"_acf_changed":false,"_daextam_enable_autolinks":"1","footnotes":""},"categories":[8651,2316],"tags":[32415,16878,12789,20621,12655,12790],"class_list":["post-447123","post","type-post","status-publish","format-standard","has-post-thumbnail","hentry","category-judo","category-tous-les-sports","tag-actu","tag-breve","tag-recompense","tag-recompenses-tricolores","tag-shirine-boukli","tag-sportives-francaises"],"acf":[],"yoast_head":"<!-- This site is optimized with the Yoast SEO Premium plugin v26.7 (Yoast SEO v26.7) - https:\/\/yoast.com\/wordpress\/plugins\/seo\/ -->\n<title>Championne des Championnes fran\u00e7aises 2023 : Shirine Boukli (9\u00e8me), reine d&#039;Europe<\/title>\n<meta name=\"description\" content=\"MULTISPORTS - La judokate Shirine Boukli est 9\u00e8me du classement de la Championne des Championnes fran\u00e7aises 2023.\" \/>\n<meta name=\"robots\" content=\"index, follow, max-snippet:-1, max-image-preview:large, max-video-preview:-1\" \/>\n<link rel=\"canonical\" href=\"https:\/\/dicodusport.fr\/blog\/championne-des-championnes-francaises-2023-shirine-boukli-9eme-reine-deurope\/\" \/>\n<meta property=\"og:locale\" content=\"fr_FR\" \/>\n<meta property=\"og:type\" content=\"article\" \/>\n<meta property=\"og:title\" content=\"Championne des Championnes fran\u00e7aises 2023 : Shirine Boukli (9\u00e8me), reine d&#039;Europe\" \/>\n<meta property=\"og:description\" content=\"MULTISPORTS - La judokate Shirine Boukli est 9\u00e8me du classement de la Championne des Championnes fran\u00e7aises 2023.\" \/>\n<meta property=\"og:url\" content=\"https:\/\/dicodusport.fr\/blog\/championne-des-championnes-francaises-2023-shirine-boukli-9eme-reine-deurope\/\" \/>\n<meta property=\"og:site_name\" content=\"Dicodusport\" \/>\n<meta property=\"article:publisher\" content=\"https:\/\/www.facebook.com\/dicodusport\" \/>\n<meta property=\"article:author\" content=\"https:\/\/www.facebook.com\/florent.ostermann\" \/>\n<meta property=\"article:published_time\" content=\"2023-12-23T10:00:07+00:00\" \/>\n<meta property=\"article:modified_time\" content=\"2025-11-20T17:24:57+00:00\" \/>\n<meta property=\"og:image\" content=\"https:\/\/dicodusport.fr\/blog\/wp-content\/uploads\/2023\/12\/Championne-des-Championnes-francaises-2023-Shirine-Boukli-9eme-Reine-dEurope.png\" \/>\n\t<meta property=\"og:image:width\" content=\"1200\" \/>\n\t<meta property=\"og:image:height\" content=\"674\" \/>\n\t<meta property=\"og:image:type\" content=\"image\/png\" \/>\n<meta name=\"author\" content=\"Flo Ostermann\" \/>\n<meta name=\"twitter:card\" content=\"summary_large_image\" \/>\n<meta name=\"twitter:title\" content=\"Championne des Championnes fran\u00e7aises 2023 : Shirine Boukli (9\u00e8me), reine d&#039;Europe\" \/>\n<meta name=\"twitter:creator\" content=\"@https:\/\/twitter.com\/FlOstermann\" \/>\n<meta name=\"twitter:site\" content=\"@dicodusport\" \/>\n<script type=\"application\/ld+json\" class=\"yoast-schema-graph\">{\"@context\":\"https:\/\/schema.org\",\"@graph\":[{\"@type\":\"NewsArticle\",\"@id\":\"https:\/\/dicodusport.fr\/blog\/championne-des-championnes-francaises-2023-shirine-boukli-9eme-reine-deurope\/#article\",\"isPartOf\":{\"@id\":\"https:\/\/dicodusport.fr\/blog\/championne-des-championnes-francaises-2023-shirine-boukli-9eme-reine-deurope\/\"},\"author\":{\"name\":\"Flo Ostermann\",\"@id\":\"https:\/\/dicodusport.fr\/blog\/#\/schema\/person\/cb02af4c173ce4a653b55e9baf388d4a\"},\"headline\":\"Championne des Championnes fran\u00e7aises 2023 : Shirine Boukli (9\u00e8me), reine d&rsquo;Europe\",\"datePublished\":\"2023-12-23T10:00:07+00:00\",\"dateModified\":\"2025-11-20T17:24:57+00:00\",\"mainEntityOfPage\":{\"@id\":\"https:\/\/dicodusport.fr\/blog\/championne-des-championnes-francaises-2023-shirine-boukli-9eme-reine-deurope\/\"},\"wordCount\":636,\"commentCount\":0,\"publisher\":{\"@id\":\"https:\/\/dicodusport.fr\/blog\/#organization\"},\"image\":{\"@id\":\"https:\/\/dicodusport.fr\/blog\/championne-des-championnes-francaises-2023-shirine-boukli-9eme-reine-deurope\/#primaryimage\"},\"thumbnailUrl\":\"https:\/\/dicodusport.fr\/blog\/wp-content\/uploads\/2023\/12\/Championne-des-Championnes-francaises-2023-Shirine-Boukli-9eme-Reine-dEurope.png\",\"keywords\":[\"actu\",\"br\u00e8ve\",\"R\u00e9compense\",\"R\u00e9compenses tricolores\",\"Shirine Boukli\",\"Sportives fran\u00e7aises\"],\"articleSection\":[\"Judo\",\"Sports\"],\"inLanguage\":\"fr-FR\",\"potentialAction\":[{\"@type\":\"CommentAction\",\"name\":\"Comment\",\"target\":[\"https:\/\/dicodusport.fr\/blog\/championne-des-championnes-francaises-2023-shirine-boukli-9eme-reine-deurope\/#respond\"]}],\"copyrightYear\":\"2023\",\"copyrightHolder\":{\"@id\":\"https:\/\/dicodusport.fr\/blog\/#organization\"}},{\"@type\":\"WebPage\",\"@id\":\"https:\/\/dicodusport.fr\/blog\/championne-des-championnes-francaises-2023-shirine-boukli-9eme-reine-deurope\/\",\"url\":\"https:\/\/dicodusport.fr\/blog\/championne-des-championnes-francaises-2023-shirine-boukli-9eme-reine-deurope\/\",\"name\":\"Championne des Championnes fran\u00e7aises 2023 : Shirine Boukli (9\u00e8me), reine d'Europe\",\"isPartOf\":{\"@id\":\"https:\/\/dicodusport.fr\/blog\/#website\"},\"primaryImageOfPage\":{\"@id\":\"https:\/\/dicodusport.fr\/blog\/championne-des-championnes-francaises-2023-shirine-boukli-9eme-reine-deurope\/#primaryimage\"},\"image\":{\"@id\":\"https:\/\/dicodusport.fr\/blog\/championne-des-championnes-francaises-2023-shirine-boukli-9eme-reine-deurope\/#primaryimage\"},\"thumbnailUrl\":\"https:\/\/dicodusport.fr\/blog\/wp-content\/uploads\/2023\/12\/Championne-des-Championnes-francaises-2023-Shirine-Boukli-9eme-Reine-dEurope.png\",\"datePublished\":\"2023-12-23T10:00:07+00:00\",\"dateModified\":\"2025-11-20T17:24:57+00:00\",\"description\":\"MULTISPORTS - La judokate Shirine Boukli est 9\u00e8me du classement de la Championne des Championnes fran\u00e7aises 2023.\",\"breadcrumb\":{\"@id\":\"https:\/\/dicodusport.fr\/blog\/championne-des-championnes-francaises-2023-shirine-boukli-9eme-reine-deurope\/#breadcrumb\"},\"inLanguage\":\"fr-FR\",\"potentialAction\":[{\"@type\":\"ReadAction\",\"target\":[\"https:\/\/dicodusport.fr\/blog\/championne-des-championnes-francaises-2023-shirine-boukli-9eme-reine-deurope\/\"]}]},{\"@type\":\"ImageObject\",\"inLanguage\":\"fr-FR\",\"@id\":\"https:\/\/dicodusport.fr\/blog\/championne-des-championnes-francaises-2023-shirine-boukli-9eme-reine-deurope\/#primaryimage\",\"url\":\"https:\/\/dicodusport.fr\/blog\/wp-content\/uploads\/2023\/12\/Championne-des-Championnes-francaises-2023-Shirine-Boukli-9eme-Reine-dEurope.png\",\"contentUrl\":\"https:\/\/dicodusport.fr\/blog\/wp-content\/uploads\/2023\/12\/Championne-des-Championnes-francaises-2023-Shirine-Boukli-9eme-Reine-dEurope.png\",\"width\":1200,\"height\":674,\"caption\":\"Championne des Championnes fran\u00e7aises 2023 Shirine Boukli (9\u00e8me), Reine d'Europe\"},{\"@type\":\"BreadcrumbList\",\"@id\":\"https:\/\/dicodusport.fr\/blog\/championne-des-championnes-francaises-2023-shirine-boukli-9eme-reine-deurope\/#breadcrumb\",\"itemListElement\":[{\"@type\":\"ListItem\",\"position\":1,\"name\":\"Accueil\",\"item\":\"https:\/\/dicodusport.fr\/blog\/\"},{\"@type\":\"ListItem\",\"position\":2,\"name\":\"Championne des Championnes fran\u00e7aises 2023 : Shirine Boukli (9\u00e8me), reine d&rsquo;Europe\"}]},{\"@type\":\"WebSite\",\"@id\":\"https:\/\/dicodusport.fr\/blog\/#website\",\"url\":\"https:\/\/dicodusport.fr\/blog\/\",\"name\":\"Dicodusport\",\"description\":\"L&#039;encyclop\u00e9die de l&#039;actualit\u00e9 sportive\",\"publisher\":{\"@id\":\"https:\/\/dicodusport.fr\/blog\/#organization\"},\"potentialAction\":[{\"@type\":\"SearchAction\",\"target\":{\"@type\":\"EntryPoint\",\"urlTemplate\":\"https:\/\/dicodusport.fr\/blog\/?s={search_term_string}\"},\"query-input\":{\"@type\":\"PropertyValueSpecification\",\"valueRequired\":true,\"valueName\":\"search_term_string\"}}],\"inLanguage\":\"fr-FR\"},{\"@type\":\"NewsMediaOrganization\",\"@id\":\"https:\/\/dicodusport.fr\/blog\/#organization\",\"name\":\"Dicodusport\",\"url\":\"https:\/\/dicodusport.fr\/blog\/\",\"logo\":{\"@type\":\"ImageObject\",\"inLanguage\":\"fr-FR\",\"@id\":\"https:\/\/dicodusport.fr\/blog\/#\/schema\/logo\/image\/\",\"url\":\"https:\/\/dicodusport.fr\/blog\/wp-content\/uploads\/2020\/06\/cropped-LOGO-DICODUSPORT-2020-SANS-FOND-SANS-TEXTE.png\",\"contentUrl\":\"https:\/\/dicodusport.fr\/blog\/wp-content\/uploads\/2020\/06\/cropped-LOGO-DICODUSPORT-2020-SANS-FOND-SANS-TEXTE.png\",\"width\":512,\"height\":512,\"caption\":\"Dicodusport\"},\"image\":{\"@id\":\"https:\/\/dicodusport.fr\/blog\/#\/schema\/logo\/image\/\"},\"sameAs\":[\"https:\/\/www.facebook.com\/dicodusport\",\"https:\/\/x.com\/dicodusport\",\"https:\/\/www.instagram.com\/dicodusport\/\",\"https:\/\/www.youtube.com\/channel\/UC7V2KZ5sd3htJivAbA4ZG3w\"],\"description\":\"Dicodusport est l'encyclop\u00e9die de l'actualit\u00e9 sportive.\",\"email\":\"bonjour@dicodusport.fr\",\"legalName\":\"DICODUSPORT\",\"foundingDate\":\"2018-01-14\",\"vatID\":\"FR71834470973\",\"taxID\":\"83447097300043\",\"numberOfEmployees\":{\"@type\":\"QuantitativeValue\",\"minValue\":\"1\",\"maxValue\":\"10\"}},{\"@type\":\"Person\",\"@id\":\"https:\/\/dicodusport.fr\/blog\/#\/schema\/person\/cb02af4c173ce4a653b55e9baf388d4a\",\"name\":\"Flo Ostermann\",\"image\":{\"@type\":\"ImageObject\",\"inLanguage\":\"fr-FR\",\"@id\":\"https:\/\/dicodusport.fr\/blog\/#\/schema\/person\/image\/\",\"url\":\"https:\/\/dicodusport.fr\/blog\/wp-content\/uploads\/2021\/05\/Flo-Ostermann-150x150.jpg\",\"contentUrl\":\"https:\/\/dicodusport.fr\/blog\/wp-content\/uploads\/2021\/05\/Flo-Ostermann-150x150.jpg\",\"caption\":\"Flo Ostermann\"},\"description\":\"Journaliste\/R\u00e9dacteur depuis septembre 2015 - Mes premiers souvenirs dans le sport ? Les envol\u00e9es du Stade Toulousain et les duels Villeneuve-Schumacher et H\u00e4kkinen-Schumacher \u00e0 la fin des ann\u00e9es 90, la Coupe du monde de football en 1998, l\u2019exploit du XV de France face aux All Blacks en 1999, mais aussi Richard C\u0153ur de Lion qui vole sur les montagnes du Tour de France. Bien parti pour devenir professeur d\u2019EPS, les \u00e9v\u00e9nements de la vie (et la flemme d\u2019animer des s\u00e9ances de 3x500 m\u00e8tres toute ma vie) m\u2019ont conduit \u00e0 revoir mes plans. Me voil\u00e0 depuis fin 2017 sur Dicodusport, m\u00e9dia gr\u00e2ce (et pour) lequel je partage ma passion : le sport dans tous ses \u00e9tats. Le tout accompagn\u00e9 par les fous furieux et folles furieuses cit\u00e9s sur cette page !\",\"sameAs\":[\"https:\/\/www.facebook.com\/florent.ostermann\",\"https:\/\/x.com\/https:\/\/twitter.com\/FlOstermann\",\"admin\"],\"url\":\"https:\/\/dicodusport.fr\/blog\/author\/flo\/\"}]}<\/script>\n<!-- \/ Yoast SEO Premium plugin. -->","yoast_head_json":{"title":"Championne des Championnes fran\u00e7aises 2023 : Shirine Boukli (9\u00e8me), reine d'Europe","description":"MULTISPORTS - La judokate Shirine Boukli est 9\u00e8me du classement de la Championne des Championnes fran\u00e7aises 2023.","robots":{"index":"index","follow":"follow","max-snippet":"max-snippet:-1","max-image-preview":"max-image-preview:large","max-video-preview":"max-video-preview:-1"},"canonical":"https:\/\/dicodusport.fr\/blog\/championne-des-championnes-francaises-2023-shirine-boukli-9eme-reine-deurope\/","og_locale":"fr_FR","og_type":"article","og_title":"Championne des Championnes fran\u00e7aises 2023 : Shirine Boukli (9\u00e8me), reine d'Europe","og_description":"MULTISPORTS - La judokate Shirine Boukli est 9\u00e8me du classement de la Championne des Championnes fran\u00e7aises 2023.","og_url":"https:\/\/dicodusport.fr\/blog\/championne-des-championnes-francaises-2023-shirine-boukli-9eme-reine-deurope\/","og_site_name":"Dicodusport","article_publisher":"https:\/\/www.facebook.com\/dicodusport","article_author":"https:\/\/www.facebook.com\/florent.ostermann","article_published_time":"2023-12-23T10:00:07+00:00","article_modified_time":"2025-11-20T17:24:57+00:00","og_image":[{"width":1200,"height":674,"url":"https:\/\/dicodusport.fr\/blog\/wp-content\/uploads\/2023\/12\/Championne-des-Championnes-francaises-2023-Shirine-Boukli-9eme-Reine-dEurope.png","type":"image\/png"}],"author":"Flo Ostermann","twitter_card":"summary_large_image","twitter_title":"Championne des Championnes fran\u00e7aises 2023 : Shirine Boukli (9\u00e8me), reine d'Europe","twitter_creator":"@https:\/\/twitter.com\/FlOstermann","twitter_site":"@dicodusport","schema":{"@context":"https:\/\/schema.org","@graph":[{"@type":"NewsArticle","@id":"https:\/\/dicodusport.fr\/blog\/championne-des-championnes-francaises-2023-shirine-boukli-9eme-reine-deurope\/#article","isPartOf":{"@id":"https:\/\/dicodusport.fr\/blog\/championne-des-championnes-francaises-2023-shirine-boukli-9eme-reine-deurope\/"},"author":{"name":"Flo Ostermann","@id":"https:\/\/dicodusport.fr\/blog\/#\/schema\/person\/cb02af4c173ce4a653b55e9baf388d4a"},"headline":"Championne des Championnes fran\u00e7aises 2023 : Shirine Boukli (9\u00e8me), reine d&rsquo;Europe","datePublished":"2023-12-23T10:00:07+00:00","dateModified":"2025-11-20T17:24:57+00:00","mainEntityOfPage":{"@id":"https:\/\/dicodusport.fr\/blog\/championne-des-championnes-francaises-2023-shirine-boukli-9eme-reine-deurope\/"},"wordCount":636,"commentCount":0,"publisher":{"@id":"https:\/\/dicodusport.fr\/blog\/#organization"},"image":{"@id":"https:\/\/dicodusport.fr\/blog\/championne-des-championnes-francaises-2023-shirine-boukli-9eme-reine-deurope\/#primaryimage"},"thumbnailUrl":"https:\/\/dicodusport.fr\/blog\/wp-content\/uploads\/2023\/12\/Championne-des-Championnes-francaises-2023-Shirine-Boukli-9eme-Reine-dEurope.png","keywords":["actu","br\u00e8ve","R\u00e9compense","R\u00e9compenses tricolores","Shirine Boukli","Sportives fran\u00e7aises"],"articleSection":["Judo","Sports"],"inLanguage":"fr-FR","potentialAction":[{"@type":"CommentAction","name":"Comment","target":["https:\/\/dicodusport.fr\/blog\/championne-des-championnes-francaises-2023-shirine-boukli-9eme-reine-deurope\/#respond"]}],"copyrightYear":"2023","copyrightHolder":{"@id":"https:\/\/dicodusport.fr\/blog\/#organization"}},{"@type":"WebPage","@id":"https:\/\/dicodusport.fr\/blog\/championne-des-championnes-francaises-2023-shirine-boukli-9eme-reine-deurope\/","url":"https:\/\/dicodusport.fr\/blog\/championne-des-championnes-francaises-2023-shirine-boukli-9eme-reine-deurope\/","name":"Championne des Championnes fran\u00e7aises 2023 : Shirine Boukli (9\u00e8me), reine d'Europe","isPartOf":{"@id":"https:\/\/dicodusport.fr\/blog\/#website"},"primaryImageOfPage":{"@id":"https:\/\/dicodusport.fr\/blog\/championne-des-championnes-francaises-2023-shirine-boukli-9eme-reine-deurope\/#primaryimage"},"image":{"@id":"https:\/\/dicodusport.fr\/blog\/championne-des-championnes-francaises-2023-shirine-boukli-9eme-reine-deurope\/#primaryimage"},"thumbnailUrl":"https:\/\/dicodusport.fr\/blog\/wp-content\/uploads\/2023\/12\/Championne-des-Championnes-francaises-2023-Shirine-Boukli-9eme-Reine-dEurope.png","datePublished":"2023-12-23T10:00:07+00:00","dateModified":"2025-11-20T17:24:57+00:00","description":"MULTISPORTS - La judokate Shirine Boukli est 9\u00e8me du classement de la Championne des Championnes fran\u00e7aises 2023.","breadcrumb":{"@id":"https:\/\/dicodusport.fr\/blog\/championne-des-championnes-francaises-2023-shirine-boukli-9eme-reine-deurope\/#breadcrumb"},"inLanguage":"fr-FR","potentialAction":[{"@type":"ReadAction","target":["https:\/\/dicodusport.fr\/blog\/championne-des-championnes-francaises-2023-shirine-boukli-9eme-reine-deurope\/"]}]},{"@type":"ImageObject","inLanguage":"fr-FR","@id":"https:\/\/dicodusport.fr\/blog\/championne-des-championnes-francaises-2023-shirine-boukli-9eme-reine-deurope\/#primaryimage","url":"https:\/\/dicodusport.fr\/blog\/wp-content\/uploads\/2023\/12\/Championne-des-Championnes-francaises-2023-Shirine-Boukli-9eme-Reine-dEurope.png","contentUrl":"https:\/\/dicodusport.fr\/blog\/wp-content\/uploads\/2023\/12\/Championne-des-Championnes-francaises-2023-Shirine-Boukli-9eme-Reine-dEurope.png","width":1200,"height":674,"caption":"Championne des Championnes fran\u00e7aises 2023 Shirine Boukli (9\u00e8me), Reine d'Europe"},{"@type":"BreadcrumbList","@id":"https:\/\/dicodusport.fr\/blog\/championne-des-championnes-francaises-2023-shirine-boukli-9eme-reine-deurope\/#breadcrumb","itemListElement":[{"@type":"ListItem","position":1,"name":"Accueil","item":"https:\/\/dicodusport.fr\/blog\/"},{"@type":"ListItem","position":2,"name":"Championne des Championnes fran\u00e7aises 2023 : Shirine Boukli (9\u00e8me), reine d&rsquo;Europe"}]},{"@type":"WebSite","@id":"https:\/\/dicodusport.fr\/blog\/#website","url":"https:\/\/dicodusport.fr\/blog\/","name":"Dicodusport","description":"L&#039;encyclop\u00e9die de l&#039;actualit\u00e9 sportive","publisher":{"@id":"https:\/\/dicodusport.fr\/blog\/#organization"},"potentialAction":[{"@type":"SearchAction","target":{"@type":"EntryPoint","urlTemplate":"https:\/\/dicodusport.fr\/blog\/?s={search_term_string}"},"query-input":{"@type":"PropertyValueSpecification","valueRequired":true,"valueName":"search_term_string"}}],"inLanguage":"fr-FR"},{"@type":"NewsMediaOrganization","@id":"https:\/\/dicodusport.fr\/blog\/#organization","name":"Dicodusport","url":"https:\/\/dicodusport.fr\/blog\/","logo":{"@type":"ImageObject","inLanguage":"fr-FR","@id":"https:\/\/dicodusport.fr\/blog\/#\/schema\/logo\/image\/","url":"https:\/\/dicodusport.fr\/blog\/wp-content\/uploads\/2020\/06\/cropped-LOGO-DICODUSPORT-2020-SANS-FOND-SANS-TEXTE.png","contentUrl":"https:\/\/dicodusport.fr\/blog\/wp-content\/uploads\/2020\/06\/cropped-LOGO-DICODUSPORT-2020-SANS-FOND-SANS-TEXTE.png","width":512,"height":512,"caption":"Dicodusport"},"image":{"@id":"https:\/\/dicodusport.fr\/blog\/#\/schema\/logo\/image\/"},"sameAs":["https:\/\/www.facebook.com\/dicodusport","https:\/\/x.com\/dicodusport","https:\/\/www.instagram.com\/dicodusport\/","https:\/\/www.youtube.com\/channel\/UC7V2KZ5sd3htJivAbA4ZG3w"],"description":"Dicodusport est l'encyclop\u00e9die de l'actualit\u00e9 sportive.","email":"bonjour@dicodusport.fr","legalName":"DICODUSPORT","foundingDate":"2018-01-14","vatID":"FR71834470973","taxID":"83447097300043","numberOfEmployees":{"@type":"QuantitativeValue","minValue":"1","maxValue":"10"}},{"@type":"Person","@id":"https:\/\/dicodusport.fr\/blog\/#\/schema\/person\/cb02af4c173ce4a653b55e9baf388d4a","name":"Flo Ostermann","image":{"@type":"ImageObject","inLanguage":"fr-FR","@id":"https:\/\/dicodusport.fr\/blog\/#\/schema\/person\/image\/","url":"https:\/\/dicodusport.fr\/blog\/wp-content\/uploads\/2021\/05\/Flo-Ostermann-150x150.jpg","contentUrl":"https:\/\/dicodusport.fr\/blog\/wp-content\/uploads\/2021\/05\/Flo-Ostermann-150x150.jpg","caption":"Flo Ostermann"},"description":"Journaliste\/R\u00e9dacteur depuis septembre 2015 - Mes premiers souvenirs dans le sport ? Les envol\u00e9es du Stade Toulousain et les duels Villeneuve-Schumacher et H\u00e4kkinen-Schumacher \u00e0 la fin des ann\u00e9es 90, la Coupe du monde de football en 1998, l\u2019exploit du XV de France face aux All Blacks en 1999, mais aussi Richard C\u0153ur de Lion qui vole sur les montagnes du Tour de France. Bien parti pour devenir professeur d\u2019EPS, les \u00e9v\u00e9nements de la vie (et la flemme d\u2019animer des s\u00e9ances de 3x500 m\u00e8tres toute ma vie) m\u2019ont conduit \u00e0 revoir mes plans. Me voil\u00e0 depuis fin 2017 sur Dicodusport, m\u00e9dia gr\u00e2ce (et pour) lequel je partage ma passion : le sport dans tous ses \u00e9tats. Le tout accompagn\u00e9 par les fous furieux et folles furieuses cit\u00e9s sur cette page !","sameAs":["https:\/\/www.facebook.com\/florent.ostermann","https:\/\/x.com\/https:\/\/twitter.com\/FlOstermann","admin"],"url":"https:\/\/dicodusport.fr\/blog\/author\/flo\/"}]}},"_links":{"self":[{"href":"https:\/\/dicodusport.fr\/blog\/wp-json\/wp\/v2\/posts\/447123","targetHints":{"allow":["GET"]}}],"collection":[{"href":"https:\/\/dicodusport.fr\/blog\/wp-json\/wp\/v2\/posts"}],"about":[{"href":"https:\/\/dicodusport.fr\/blog\/wp-json\/wp\/v2\/types\/post"}],"author":[{"embeddable":true,"href":"https:\/\/dicodusport.fr\/blog\/wp-json\/wp\/v2\/users\/4"}],"replies":[{"embeddable":true,"href":"https:\/\/dicodusport.fr\/blog\/wp-json\/wp\/v2\/comments?post=447123"}],"version-history":[{"count":4,"href":"https:\/\/dicodusport.fr\/blog\/wp-json\/wp\/v2\/posts\/447123\/revisions"}],"predecessor-version":[{"id":447228,"href":"https:\/\/dicodusport.fr\/blog\/wp-json\/wp\/v2\/posts\/447123\/revisions\/447228"}],"wp:featuredmedia":[{"embeddable":true,"href":"https:\/\/dicodusport.fr\/blog\/wp-json\/wp\/v2\/media\/447138"}],"wp:attachment":[{"href":"https:\/\/dicodusport.fr\/blog\/wp-json\/wp\/v2\/media?parent=447123"}],"wp:term":[{"taxonomy":"category","embeddable":true,"href":"https:\/\/dicodusport.fr\/blog\/wp-json\/wp\/v2\/categories?post=447123"},{"taxonomy":"post_tag","embeddable":true,"href":"https:\/\/dicodusport.fr\/blog\/wp-json\/wp\/v2\/tags?post=447123"}],"curies":[{"name":"wp","href":"https:\/\/api.w.org\/{rel}","templated":true}]}}