{"id":447270,"date":"2023-12-23T14:33:32","date_gmt":"2023-12-23T13:33:32","guid":{"rendered":"https:\/\/dicodusport.fr\/blog\/?p=447270&#038;preview=true&#038;preview_id=447270"},"modified":"2023-12-24T01:11:43","modified_gmt":"2023-12-24T00:11:43","slug":"cyclo-cross-anvers-2023-fem-van-empel-simpose-apres-une-belle-bataille","status":"publish","type":"post","link":"https:\/\/dicodusport.fr\/blog\/cyclo-cross-anvers-2023-fem-van-empel-simpose-apres-une-belle-bataille\/","title":{"rendered":"Cyclo-cross Anvers 2023 : Fem van Empel s&rsquo;impose apr\u00e8s une belle bataille"},"content":{"rendered":"<p style=\"text-align: justify;\"><b><i><a href=\"https:\/\/dicodusport.fr\/blog\/actualites\/cyclisme\/cyclo-cross\/coupe-du-monde-cyclo-cross-2023-2024\/\">COUPE DU MONDE DE CYCLO-CROSS 2023-2024<\/a> &#8211; Longtemps accompagn\u00e9e par Lucinda Brand, Fem van Empel a fini par terrasser la concurrence et par s&rsquo;offrir une nouvelle victoire en Coupe du monde.\u00a0<\/i><\/b><\/p>\n<p style=\"text-align: justify;\">Beaucoup de monde attendait la course hommes pour des raisons bien connues, mais la version f\u00e9minine promettait \u00e9galement du grand spectacle. L&rsquo;ogresse <strong>Fem van Empel<\/strong> \u00e9tait bien entendu la favorite, mais entre <strong>Puck Pieterse<\/strong>,<strong> Lucinda Brand<\/strong> et la leader de la Coupe du monde <strong>Ceylin del Carmen Alvarado<\/strong>, la concurrence \u00e9tait aff\u00fbt\u00e9e. 5 Fran\u00e7aises \u00e9taient au d\u00e9part, men\u00e9es par <strong>Amandine Fouquenet<\/strong>, qui pouvait l\u00e9gitimement ambitionner un Top 10.<\/p>\n<ul style=\"text-align: justify;\">\n<li><strong>\u00c0 ce sujet &#8211; <a href=\"https:\/\/dicodusport.fr\/blog\/calendrier-et-resultats-coupe-du-monde-de-cyclo-cross-2023-2024\/\">Calendrier et r\u00e9sultats de la Coupe du monde de cyclo-cross 2023-2024<\/a><\/strong><\/li>\n<\/ul>\n<p style=\"text-align: justify;\">C&rsquo;est toutefois <strong>Marie Schreiber<\/strong> qui r\u00e9alise le meilleur d\u00e9part, flanqu\u00e9e de <strong>Lucinda Brand<\/strong>. Tr\u00e8s vite, cette derni\u00e8re prend les devants avec <strong>Fem van Empel<\/strong>, le duo prenant rapidement une petite avance sur la concurrence. <strong>Pieterse,<\/strong> elle, chutait alors qu&rsquo;elle tentait de rentrer sur la t\u00eate de course, mais continuait de mener la chasse avec <strong>Alvarado<\/strong> et <strong>Inge van der Heijden<\/strong>, le trio restant sous les dix secondes \u00e0 la fin du premier tour.<\/p>\n<blockquote class=\"twitter-tweet\">\n<p dir=\"ltr\" lang=\"en\">Fem Van Empel keeps getting a gap but Lucinda Brand is \ud83d\udc4c\ud83d\udc4c in the sand today and keeps pulling her back in!<\/p>\n<p>Pieterse, van der Heijden and Alvarado trying to close down the gap in third! Pieterse pressing on.<\/p>\n<p>Lap 2\ufe0f\u20e3 \/ 6\ufe0f\u20e3<a href=\"https:\/\/twitter.com\/SportPic_Agency?ref_src=twsrc%5Etfw\">@SportPic_Agency<\/a> <a href=\"https:\/\/twitter.com\/hashtag\/CXWorldCup?src=hash&amp;ref_src=twsrc%5Etfw\">#CXWorldCup<\/a> <a href=\"https:\/\/t.co\/WMg8u5HgDH\">pic.twitter.com\/WMg8u5HgDH<\/a><\/p>\n<p>\u2014 UCI Cyclocross (@UCI_CX) <a href=\"https:\/\/twitter.com\/UCI_CX\/status\/1738544695402287104?ref_src=twsrc%5Etfw\">December 23, 2023<\/a><\/p><\/blockquote>\n<p style=\"text-align: justify;\"><script async src=\"https:\/\/platform.twitter.com\/widgets.js\" charset=\"utf-8\"><\/script><br \/>\nLa championne du monde mettait alors le turbo pour tenter de semer <strong>Brand<\/strong>, pla\u00e7ant plusieurs relances sans parvenir \u00e0 ses fins. Derri\u00e8re, <strong>Pieterse<\/strong> d\u00e9cramponnait <strong>Alvarado<\/strong> et <strong>van der Heijden<\/strong> et se lan\u00e7ait enfin \u00e0 la poursuite de la t\u00eate. Mais si elle restait en dessous des dix secondes, elle \u00e9tait toujours courte \u00e0 la mi-course, alors qu&rsquo;<strong>Alvarado<\/strong> n&rsquo;\u00e9tait pas encore battue.<\/p>\n<ul style=\"text-align: justify;\">\n<li style=\"text-align: justify;\"><b>\u00c0 ce sujet\u00a0&#8211; <\/b><a style=\"font-weight: bold;\" href=\"https:\/\/dicodusport.fr\/blog\/coupe-du-monde-cyclocross-classement-general-femmes\/\">Le classement g\u00e9n\u00e9ral de la Coupe du monde de cyclo-cross<\/a><\/li>\n<\/ul>\n<p style=\"text-align: justify;\">N\u00e9anmoins, elle a fini par rejoindre les deux de t\u00eate, qui rappuyaient instantan\u00e9ment sur l&rsquo;acc\u00e9l\u00e9rateur pour couper les jambes de la v\u00e9t\u00e9tiste. Mais sur un rat\u00e9 de <strong>Brand<\/strong> dans un virage, <strong>van Empel<\/strong> pla\u00e7ait une mine \u00e9norme pour tenter de s&rsquo;isoler en t\u00eate. In\u00e9luctablement, la championne du monde creusait l&rsquo;\u00e9cart, et la hi\u00e9rarchie apparaissait alors clairement. <strong>Pieterse<\/strong> payait ses efforts et semblait laisser <strong>Brand<\/strong> seule rivale pour la victoire.<\/p>\n<p style=\"text-align: justify;\">Mais rien \u00e0 faire pour la concurrence. <strong>Fem van Empel<\/strong> \u00e9tait comme souvent la plus forte, et s&rsquo;impose devant <strong>Lucinda Brand<\/strong>,qui n&rsquo;aura jamais renonc\u00e9, et <strong>Puck Pieterse<\/strong>. 4e, <strong>Ceylin del Carmen Alvarado<\/strong> conserve la t\u00eate du classement g\u00e9n\u00e9ral de la Coupe du monde. Toujours invaincue cette saison (11 victoires d&rsquo;affil\u00e9e), <strong>Fem van Empel<\/strong> continue de laisser sa marque sur le cyclo-cross f\u00e9minin, et sera sans nul doute difficile \u00e0 vaincre lors de la d\u00e9fense de son titre mondial d\u00e9but f\u00e9vrier. Meilleure Fran\u00e7aise comme attendu,<strong> Amandine Fouquenet<\/strong> \u00e9choue toutefois \u00e0 la 19e place.<\/p>\n","protected":false},"excerpt":{"rendered":"<p>COUPE DU MONDE DE CYCLO-CROSS 2023-2024 &#8211; Longtemps accompagn\u00e9e par Lucinda Brand, Fem van Empel a fini par terrasser la concurrence et par s&rsquo;offrir une nouvelle victoire en Coupe du monde.\u00a0<\/p>\n","protected":false},"author":59,"featured_media":447280,"comment_status":"open","ping_status":"closed","sticky":false,"template":"","format":"standard","meta":{"_acf_changed":false,"_daextam_enable_autolinks":"1","footnotes":""},"categories":[9611],"tags":[16878,36618,28339],"class_list":["post-447270","post","type-post","status-publish","format-standard","has-post-thumbnail","hentry","category-cyclo-cross","tag-breve","tag-coupe-du-monde-de-cyclo-cross-anvers","tag-cyclo-cross-anvers"],"acf":[],"yoast_head":"<!-- This site is optimized with the Yoast SEO Premium plugin v26.7 (Yoast SEO v26.7) - https:\/\/yoast.com\/wordpress\/plugins\/seo\/ -->\n<title>Cyclo-cross Anvers 2023 : Fem van Empel s&#039;impose apr\u00e8s une belle bataille<\/title>\n<meta name=\"description\" content=\"COUPE DU MONDE DE CYCLO-CROSS 2023-2024 - Fem van Empel a fini par terrasser la concurrence et par s&#039;offrir une nouvelle victoire en Coupe du monde.\u00a0\" \/>\n<meta name=\"robots\" content=\"index, follow, max-snippet:-1, max-image-preview:large, max-video-preview:-1\" \/>\n<link rel=\"canonical\" href=\"https:\/\/dicodusport.fr\/blog\/cyclo-cross-anvers-2023-fem-van-empel-simpose-apres-une-belle-bataille\/\" \/>\n<meta property=\"og:locale\" content=\"fr_FR\" \/>\n<meta property=\"og:type\" content=\"article\" \/>\n<meta property=\"og:title\" content=\"Cyclo-cross Anvers 2023 : Fem van Empel s&#039;impose apr\u00e8s une belle bataille\" \/>\n<meta property=\"og:description\" content=\"COUPE DU MONDE DE CYCLO-CROSS 2023-2024 - Fem van Empel a fini par terrasser la concurrence et par s&#039;offrir une nouvelle victoire en Coupe du monde.\u00a0\" \/>\n<meta property=\"og:url\" content=\"https:\/\/dicodusport.fr\/blog\/cyclo-cross-anvers-2023-fem-van-empel-simpose-apres-une-belle-bataille\/\" \/>\n<meta property=\"og:site_name\" content=\"Dicodusport\" \/>\n<meta property=\"article:publisher\" content=\"https:\/\/www.facebook.com\/dicodusport\" \/>\n<meta property=\"article:author\" content=\"https:\/\/www.facebook.com\/sebastien.gente\/\" \/>\n<meta property=\"article:published_time\" content=\"2023-12-23T13:33:32+00:00\" \/>\n<meta property=\"article:modified_time\" content=\"2023-12-24T00:11:43+00:00\" \/>\n<meta property=\"og:image\" content=\"https:\/\/dicodusport.fr\/blog\/wp-content\/uploads\/2023\/12\/Cyclo-cross-Anvers-2023-Fem-van-Empel-simpose-apres-une-belle-bataille.png\" \/>\n\t<meta property=\"og:image:width\" content=\"1200\" \/>\n\t<meta property=\"og:image:height\" content=\"674\" \/>\n\t<meta property=\"og:image:type\" content=\"image\/png\" \/>\n<meta name=\"author\" content=\"S\u00e9bastien Gente\" \/>\n<meta name=\"twitter:card\" content=\"summary_large_image\" \/>\n<meta name=\"twitter:title\" content=\"Cyclo-cross Anvers 2023 : Fem van Empel s&#039;impose apr\u00e8s une belle bataille\" \/>\n<meta name=\"twitter:creator\" content=\"@https:\/\/twitter.com\/globulo24\" \/>\n<meta name=\"twitter:site\" content=\"@dicodusport\" \/>\n<script type=\"application\/ld+json\" class=\"yoast-schema-graph\">{\"@context\":\"https:\/\/schema.org\",\"@graph\":[{\"@type\":\"NewsArticle\",\"@id\":\"https:\/\/dicodusport.fr\/blog\/cyclo-cross-anvers-2023-fem-van-empel-simpose-apres-une-belle-bataille\/#article\",\"isPartOf\":{\"@id\":\"https:\/\/dicodusport.fr\/blog\/cyclo-cross-anvers-2023-fem-van-empel-simpose-apres-une-belle-bataille\/\"},\"author\":{\"name\":\"S\u00e9bastien Gente\",\"@id\":\"https:\/\/dicodusport.fr\/blog\/#\/schema\/person\/627966a6cde45dbd8c5e36ac85d783da\"},\"headline\":\"Cyclo-cross Anvers 2023 : Fem van Empel s&rsquo;impose apr\u00e8s une belle bataille\",\"datePublished\":\"2023-12-23T13:33:32+00:00\",\"dateModified\":\"2023-12-24T00:11:43+00:00\",\"mainEntityOfPage\":{\"@id\":\"https:\/\/dicodusport.fr\/blog\/cyclo-cross-anvers-2023-fem-van-empel-simpose-apres-une-belle-bataille\/\"},\"wordCount\":531,\"commentCount\":0,\"publisher\":{\"@id\":\"https:\/\/dicodusport.fr\/blog\/#organization\"},\"image\":{\"@id\":\"https:\/\/dicodusport.fr\/blog\/cyclo-cross-anvers-2023-fem-van-empel-simpose-apres-une-belle-bataille\/#primaryimage\"},\"thumbnailUrl\":\"https:\/\/dicodusport.fr\/blog\/wp-content\/uploads\/2023\/12\/Cyclo-cross-Anvers-2023-Fem-van-Empel-simpose-apres-une-belle-bataille.png\",\"keywords\":[\"br\u00e8ve\",\"Coupe du monde de cyclo-cross Anvers\",\"Cyclo-cross Anvers\"],\"articleSection\":[\"Cyclo-cross\"],\"inLanguage\":\"fr-FR\",\"potentialAction\":[{\"@type\":\"CommentAction\",\"name\":\"Comment\",\"target\":[\"https:\/\/dicodusport.fr\/blog\/cyclo-cross-anvers-2023-fem-van-empel-simpose-apres-une-belle-bataille\/#respond\"]}],\"copyrightYear\":\"2023\",\"copyrightHolder\":{\"@id\":\"https:\/\/dicodusport.fr\/blog\/#organization\"}},{\"@type\":\"WebPage\",\"@id\":\"https:\/\/dicodusport.fr\/blog\/cyclo-cross-anvers-2023-fem-van-empel-simpose-apres-une-belle-bataille\/\",\"url\":\"https:\/\/dicodusport.fr\/blog\/cyclo-cross-anvers-2023-fem-van-empel-simpose-apres-une-belle-bataille\/\",\"name\":\"Cyclo-cross Anvers 2023 : Fem van Empel s'impose apr\u00e8s une belle bataille\",\"isPartOf\":{\"@id\":\"https:\/\/dicodusport.fr\/blog\/#website\"},\"primaryImageOfPage\":{\"@id\":\"https:\/\/dicodusport.fr\/blog\/cyclo-cross-anvers-2023-fem-van-empel-simpose-apres-une-belle-bataille\/#primaryimage\"},\"image\":{\"@id\":\"https:\/\/dicodusport.fr\/blog\/cyclo-cross-anvers-2023-fem-van-empel-simpose-apres-une-belle-bataille\/#primaryimage\"},\"thumbnailUrl\":\"https:\/\/dicodusport.fr\/blog\/wp-content\/uploads\/2023\/12\/Cyclo-cross-Anvers-2023-Fem-van-Empel-simpose-apres-une-belle-bataille.png\",\"datePublished\":\"2023-12-23T13:33:32+00:00\",\"dateModified\":\"2023-12-24T00:11:43+00:00\",\"description\":\"COUPE DU MONDE DE CYCLO-CROSS 2023-2024 - Fem van Empel a fini par terrasser la concurrence et par s'offrir une nouvelle victoire en Coupe du monde.\u00a0\",\"breadcrumb\":{\"@id\":\"https:\/\/dicodusport.fr\/blog\/cyclo-cross-anvers-2023-fem-van-empel-simpose-apres-une-belle-bataille\/#breadcrumb\"},\"inLanguage\":\"fr-FR\",\"potentialAction\":[{\"@type\":\"ReadAction\",\"target\":[\"https:\/\/dicodusport.fr\/blog\/cyclo-cross-anvers-2023-fem-van-empel-simpose-apres-une-belle-bataille\/\"]}]},{\"@type\":\"ImageObject\",\"inLanguage\":\"fr-FR\",\"@id\":\"https:\/\/dicodusport.fr\/blog\/cyclo-cross-anvers-2023-fem-van-empel-simpose-apres-une-belle-bataille\/#primaryimage\",\"url\":\"https:\/\/dicodusport.fr\/blog\/wp-content\/uploads\/2023\/12\/Cyclo-cross-Anvers-2023-Fem-van-Empel-simpose-apres-une-belle-bataille.png\",\"contentUrl\":\"https:\/\/dicodusport.fr\/blog\/wp-content\/uploads\/2023\/12\/Cyclo-cross-Anvers-2023-Fem-van-Empel-simpose-apres-une-belle-bataille.png\",\"width\":1200,\"height\":674,\"caption\":\"Cyclo-cross Benidorm 2024 \u2013 Classement course femmes\"},{\"@type\":\"BreadcrumbList\",\"@id\":\"https:\/\/dicodusport.fr\/blog\/cyclo-cross-anvers-2023-fem-van-empel-simpose-apres-une-belle-bataille\/#breadcrumb\",\"itemListElement\":[{\"@type\":\"ListItem\",\"position\":1,\"name\":\"Accueil\",\"item\":\"https:\/\/dicodusport.fr\/blog\/\"},{\"@type\":\"ListItem\",\"position\":2,\"name\":\"Cyclo-cross Anvers 2023 : Fem van Empel s&rsquo;impose apr\u00e8s une belle bataille\"}]},{\"@type\":\"WebSite\",\"@id\":\"https:\/\/dicodusport.fr\/blog\/#website\",\"url\":\"https:\/\/dicodusport.fr\/blog\/\",\"name\":\"Dicodusport\",\"description\":\"L&#039;encyclop\u00e9die de l&#039;actualit\u00e9 sportive\",\"publisher\":{\"@id\":\"https:\/\/dicodusport.fr\/blog\/#organization\"},\"potentialAction\":[{\"@type\":\"SearchAction\",\"target\":{\"@type\":\"EntryPoint\",\"urlTemplate\":\"https:\/\/dicodusport.fr\/blog\/?s={search_term_string}\"},\"query-input\":{\"@type\":\"PropertyValueSpecification\",\"valueRequired\":true,\"valueName\":\"search_term_string\"}}],\"inLanguage\":\"fr-FR\"},{\"@type\":\"NewsMediaOrganization\",\"@id\":\"https:\/\/dicodusport.fr\/blog\/#organization\",\"name\":\"Dicodusport\",\"url\":\"https:\/\/dicodusport.fr\/blog\/\",\"logo\":{\"@type\":\"ImageObject\",\"inLanguage\":\"fr-FR\",\"@id\":\"https:\/\/dicodusport.fr\/blog\/#\/schema\/logo\/image\/\",\"url\":\"https:\/\/dicodusport.fr\/blog\/wp-content\/uploads\/2020\/06\/cropped-LOGO-DICODUSPORT-2020-SANS-FOND-SANS-TEXTE.png\",\"contentUrl\":\"https:\/\/dicodusport.fr\/blog\/wp-content\/uploads\/2020\/06\/cropped-LOGO-DICODUSPORT-2020-SANS-FOND-SANS-TEXTE.png\",\"width\":512,\"height\":512,\"caption\":\"Dicodusport\"},\"image\":{\"@id\":\"https:\/\/dicodusport.fr\/blog\/#\/schema\/logo\/image\/\"},\"sameAs\":[\"https:\/\/www.facebook.com\/dicodusport\",\"https:\/\/x.com\/dicodusport\",\"https:\/\/www.instagram.com\/dicodusport\/\",\"https:\/\/www.youtube.com\/channel\/UC7V2KZ5sd3htJivAbA4ZG3w\"],\"description\":\"Dicodusport est l'encyclop\u00e9die de l'actualit\u00e9 sportive.\",\"email\":\"bonjour@dicodusport.fr\",\"legalName\":\"DICODUSPORT\",\"foundingDate\":\"2018-01-14\",\"vatID\":\"FR71834470973\",\"taxID\":\"83447097300043\",\"numberOfEmployees\":{\"@type\":\"QuantitativeValue\",\"minValue\":\"1\",\"maxValue\":\"10\"}},{\"@type\":\"Person\",\"@id\":\"https:\/\/dicodusport.fr\/blog\/#\/schema\/person\/627966a6cde45dbd8c5e36ac85d783da\",\"name\":\"S\u00e9bastien Gente\",\"image\":{\"@type\":\"ImageObject\",\"inLanguage\":\"fr-FR\",\"@id\":\"https:\/\/dicodusport.fr\/blog\/#\/schema\/person\/image\/\",\"url\":\"https:\/\/dicodusport.fr\/blog\/wp-content\/uploads\/2021\/09\/1510990_10205810251400683_4124423575079401707_n-150x150.jpg\",\"contentUrl\":\"https:\/\/dicodusport.fr\/blog\/wp-content\/uploads\/2021\/09\/1510990_10205810251400683_4124423575079401707_n-150x150.jpg\",\"caption\":\"S\u00e9bastien Gente\"},\"description\":\"John Stockton, Gianni Bugno, Zinedine Zidane, Steffi Graf, Frode Andresen, St\u00e9phane Stoecklin, Davis Kamoga, Primoz Peterka, Werner Schlager et Aur\u00e9lien Rougerie. Point commun entre ces sportifs? Ils m'ont fait r\u00eaver et ont berc\u00e9 mon adolescence. Je suis un fondu de sports et j'essaie de retranscrire ma passion \u00e0 travers mes articles. Originaire du P\u00e9rigord, ma passion pour les Girondins, les Jaunards et les Jazzmen transpire dans mes \u00e9crits. \u00c0 Dicodusport depuis 2021, je d\u00e9niche les sports m\u00e9connus dans lesquels la France brille, et il y en a !\",\"sameAs\":[\"https:\/\/www.facebook.com\/sebastien.gente\/\",\"https:\/\/www.instagram.com\/sebgente\/\",\"https:\/\/www.linkedin.com\/in\/sbastien-gente-a29583169\/\",\"https:\/\/x.com\/https:\/\/twitter.com\/globulo24\",\"SebastienGente\"],\"worksFor\":\"S\u00e9bastien GENTE\",\"url\":\"https:\/\/dicodusport.fr\/blog\/author\/sebastiengente\/\"}]}<\/script>\n<!-- \/ Yoast SEO Premium plugin. -->","yoast_head_json":{"title":"Cyclo-cross Anvers 2023 : Fem van Empel s'impose apr\u00e8s une belle bataille","description":"COUPE DU MONDE DE CYCLO-CROSS 2023-2024 - Fem van Empel a fini par terrasser la concurrence et par s'offrir une nouvelle victoire en Coupe du monde.\u00a0","robots":{"index":"index","follow":"follow","max-snippet":"max-snippet:-1","max-image-preview":"max-image-preview:large","max-video-preview":"max-video-preview:-1"},"canonical":"https:\/\/dicodusport.fr\/blog\/cyclo-cross-anvers-2023-fem-van-empel-simpose-apres-une-belle-bataille\/","og_locale":"fr_FR","og_type":"article","og_title":"Cyclo-cross Anvers 2023 : Fem van Empel s'impose apr\u00e8s une belle bataille","og_description":"COUPE DU MONDE DE CYCLO-CROSS 2023-2024 - Fem van Empel a fini par terrasser la concurrence et par s'offrir une nouvelle victoire en Coupe du monde.\u00a0","og_url":"https:\/\/dicodusport.fr\/blog\/cyclo-cross-anvers-2023-fem-van-empel-simpose-apres-une-belle-bataille\/","og_site_name":"Dicodusport","article_publisher":"https:\/\/www.facebook.com\/dicodusport","article_author":"https:\/\/www.facebook.com\/sebastien.gente\/","article_published_time":"2023-12-23T13:33:32+00:00","article_modified_time":"2023-12-24T00:11:43+00:00","og_image":[{"width":1200,"height":674,"url":"https:\/\/dicodusport.fr\/blog\/wp-content\/uploads\/2023\/12\/Cyclo-cross-Anvers-2023-Fem-van-Empel-simpose-apres-une-belle-bataille.png","type":"image\/png"}],"author":"S\u00e9bastien Gente","twitter_card":"summary_large_image","twitter_title":"Cyclo-cross Anvers 2023 : Fem van Empel s'impose apr\u00e8s une belle bataille","twitter_creator":"@https:\/\/twitter.com\/globulo24","twitter_site":"@dicodusport","schema":{"@context":"https:\/\/schema.org","@graph":[{"@type":"NewsArticle","@id":"https:\/\/dicodusport.fr\/blog\/cyclo-cross-anvers-2023-fem-van-empel-simpose-apres-une-belle-bataille\/#article","isPartOf":{"@id":"https:\/\/dicodusport.fr\/blog\/cyclo-cross-anvers-2023-fem-van-empel-simpose-apres-une-belle-bataille\/"},"author":{"name":"S\u00e9bastien Gente","@id":"https:\/\/dicodusport.fr\/blog\/#\/schema\/person\/627966a6cde45dbd8c5e36ac85d783da"},"headline":"Cyclo-cross Anvers 2023 : Fem van Empel s&rsquo;impose apr\u00e8s une belle bataille","datePublished":"2023-12-23T13:33:32+00:00","dateModified":"2023-12-24T00:11:43+00:00","mainEntityOfPage":{"@id":"https:\/\/dicodusport.fr\/blog\/cyclo-cross-anvers-2023-fem-van-empel-simpose-apres-une-belle-bataille\/"},"wordCount":531,"commentCount":0,"publisher":{"@id":"https:\/\/dicodusport.fr\/blog\/#organization"},"image":{"@id":"https:\/\/dicodusport.fr\/blog\/cyclo-cross-anvers-2023-fem-van-empel-simpose-apres-une-belle-bataille\/#primaryimage"},"thumbnailUrl":"https:\/\/dicodusport.fr\/blog\/wp-content\/uploads\/2023\/12\/Cyclo-cross-Anvers-2023-Fem-van-Empel-simpose-apres-une-belle-bataille.png","keywords":["br\u00e8ve","Coupe du monde de cyclo-cross Anvers","Cyclo-cross Anvers"],"articleSection":["Cyclo-cross"],"inLanguage":"fr-FR","potentialAction":[{"@type":"CommentAction","name":"Comment","target":["https:\/\/dicodusport.fr\/blog\/cyclo-cross-anvers-2023-fem-van-empel-simpose-apres-une-belle-bataille\/#respond"]}],"copyrightYear":"2023","copyrightHolder":{"@id":"https:\/\/dicodusport.fr\/blog\/#organization"}},{"@type":"WebPage","@id":"https:\/\/dicodusport.fr\/blog\/cyclo-cross-anvers-2023-fem-van-empel-simpose-apres-une-belle-bataille\/","url":"https:\/\/dicodusport.fr\/blog\/cyclo-cross-anvers-2023-fem-van-empel-simpose-apres-une-belle-bataille\/","name":"Cyclo-cross Anvers 2023 : Fem van Empel s'impose apr\u00e8s une belle bataille","isPartOf":{"@id":"https:\/\/dicodusport.fr\/blog\/#website"},"primaryImageOfPage":{"@id":"https:\/\/dicodusport.fr\/blog\/cyclo-cross-anvers-2023-fem-van-empel-simpose-apres-une-belle-bataille\/#primaryimage"},"image":{"@id":"https:\/\/dicodusport.fr\/blog\/cyclo-cross-anvers-2023-fem-van-empel-simpose-apres-une-belle-bataille\/#primaryimage"},"thumbnailUrl":"https:\/\/dicodusport.fr\/blog\/wp-content\/uploads\/2023\/12\/Cyclo-cross-Anvers-2023-Fem-van-Empel-simpose-apres-une-belle-bataille.png","datePublished":"2023-12-23T13:33:32+00:00","dateModified":"2023-12-24T00:11:43+00:00","description":"COUPE DU MONDE DE CYCLO-CROSS 2023-2024 - Fem van Empel a fini par terrasser la concurrence et par s'offrir une nouvelle victoire en Coupe du monde.\u00a0","breadcrumb":{"@id":"https:\/\/dicodusport.fr\/blog\/cyclo-cross-anvers-2023-fem-van-empel-simpose-apres-une-belle-bataille\/#breadcrumb"},"inLanguage":"fr-FR","potentialAction":[{"@type":"ReadAction","target":["https:\/\/dicodusport.fr\/blog\/cyclo-cross-anvers-2023-fem-van-empel-simpose-apres-une-belle-bataille\/"]}]},{"@type":"ImageObject","inLanguage":"fr-FR","@id":"https:\/\/dicodusport.fr\/blog\/cyclo-cross-anvers-2023-fem-van-empel-simpose-apres-une-belle-bataille\/#primaryimage","url":"https:\/\/dicodusport.fr\/blog\/wp-content\/uploads\/2023\/12\/Cyclo-cross-Anvers-2023-Fem-van-Empel-simpose-apres-une-belle-bataille.png","contentUrl":"https:\/\/dicodusport.fr\/blog\/wp-content\/uploads\/2023\/12\/Cyclo-cross-Anvers-2023-Fem-van-Empel-simpose-apres-une-belle-bataille.png","width":1200,"height":674,"caption":"Cyclo-cross Benidorm 2024 \u2013 Classement course femmes"},{"@type":"BreadcrumbList","@id":"https:\/\/dicodusport.fr\/blog\/cyclo-cross-anvers-2023-fem-van-empel-simpose-apres-une-belle-bataille\/#breadcrumb","itemListElement":[{"@type":"ListItem","position":1,"name":"Accueil","item":"https:\/\/dicodusport.fr\/blog\/"},{"@type":"ListItem","position":2,"name":"Cyclo-cross Anvers 2023 : Fem van Empel s&rsquo;impose apr\u00e8s une belle bataille"}]},{"@type":"WebSite","@id":"https:\/\/dicodusport.fr\/blog\/#website","url":"https:\/\/dicodusport.fr\/blog\/","name":"Dicodusport","description":"L&#039;encyclop\u00e9die de l&#039;actualit\u00e9 sportive","publisher":{"@id":"https:\/\/dicodusport.fr\/blog\/#organization"},"potentialAction":[{"@type":"SearchAction","target":{"@type":"EntryPoint","urlTemplate":"https:\/\/dicodusport.fr\/blog\/?s={search_term_string}"},"query-input":{"@type":"PropertyValueSpecification","valueRequired":true,"valueName":"search_term_string"}}],"inLanguage":"fr-FR"},{"@type":"NewsMediaOrganization","@id":"https:\/\/dicodusport.fr\/blog\/#organization","name":"Dicodusport","url":"https:\/\/dicodusport.fr\/blog\/","logo":{"@type":"ImageObject","inLanguage":"fr-FR","@id":"https:\/\/dicodusport.fr\/blog\/#\/schema\/logo\/image\/","url":"https:\/\/dicodusport.fr\/blog\/wp-content\/uploads\/2020\/06\/cropped-LOGO-DICODUSPORT-2020-SANS-FOND-SANS-TEXTE.png","contentUrl":"https:\/\/dicodusport.fr\/blog\/wp-content\/uploads\/2020\/06\/cropped-LOGO-DICODUSPORT-2020-SANS-FOND-SANS-TEXTE.png","width":512,"height":512,"caption":"Dicodusport"},"image":{"@id":"https:\/\/dicodusport.fr\/blog\/#\/schema\/logo\/image\/"},"sameAs":["https:\/\/www.facebook.com\/dicodusport","https:\/\/x.com\/dicodusport","https:\/\/www.instagram.com\/dicodusport\/","https:\/\/www.youtube.com\/channel\/UC7V2KZ5sd3htJivAbA4ZG3w"],"description":"Dicodusport est l'encyclop\u00e9die de l'actualit\u00e9 sportive.","email":"bonjour@dicodusport.fr","legalName":"DICODUSPORT","foundingDate":"2018-01-14","vatID":"FR71834470973","taxID":"83447097300043","numberOfEmployees":{"@type":"QuantitativeValue","minValue":"1","maxValue":"10"}},{"@type":"Person","@id":"https:\/\/dicodusport.fr\/blog\/#\/schema\/person\/627966a6cde45dbd8c5e36ac85d783da","name":"S\u00e9bastien Gente","image":{"@type":"ImageObject","inLanguage":"fr-FR","@id":"https:\/\/dicodusport.fr\/blog\/#\/schema\/person\/image\/","url":"https:\/\/dicodusport.fr\/blog\/wp-content\/uploads\/2021\/09\/1510990_10205810251400683_4124423575079401707_n-150x150.jpg","contentUrl":"https:\/\/dicodusport.fr\/blog\/wp-content\/uploads\/2021\/09\/1510990_10205810251400683_4124423575079401707_n-150x150.jpg","caption":"S\u00e9bastien Gente"},"description":"John Stockton, Gianni Bugno, Zinedine Zidane, Steffi Graf, Frode Andresen, St\u00e9phane Stoecklin, Davis Kamoga, Primoz Peterka, Werner Schlager et Aur\u00e9lien Rougerie. Point commun entre ces sportifs? Ils m'ont fait r\u00eaver et ont berc\u00e9 mon adolescence. Je suis un fondu de sports et j'essaie de retranscrire ma passion \u00e0 travers mes articles. Originaire du P\u00e9rigord, ma passion pour les Girondins, les Jaunards et les Jazzmen transpire dans mes \u00e9crits. \u00c0 Dicodusport depuis 2021, je d\u00e9niche les sports m\u00e9connus dans lesquels la France brille, et il y en a !","sameAs":["https:\/\/www.facebook.com\/sebastien.gente\/","https:\/\/www.instagram.com\/sebgente\/","https:\/\/www.linkedin.com\/in\/sbastien-gente-a29583169\/","https:\/\/x.com\/https:\/\/twitter.com\/globulo24","SebastienGente"],"worksFor":"S\u00e9bastien GENTE","url":"https:\/\/dicodusport.fr\/blog\/author\/sebastiengente\/"}]}},"_links":{"self":[{"href":"https:\/\/dicodusport.fr\/blog\/wp-json\/wp\/v2\/posts\/447270","targetHints":{"allow":["GET"]}}],"collection":[{"href":"https:\/\/dicodusport.fr\/blog\/wp-json\/wp\/v2\/posts"}],"about":[{"href":"https:\/\/dicodusport.fr\/blog\/wp-json\/wp\/v2\/types\/post"}],"author":[{"embeddable":true,"href":"https:\/\/dicodusport.fr\/blog\/wp-json\/wp\/v2\/users\/59"}],"replies":[{"embeddable":true,"href":"https:\/\/dicodusport.fr\/blog\/wp-json\/wp\/v2\/comments?post=447270"}],"version-history":[{"count":3,"href":"https:\/\/dicodusport.fr\/blog\/wp-json\/wp\/v2\/posts\/447270\/revisions"}],"predecessor-version":[{"id":447389,"href":"https:\/\/dicodusport.fr\/blog\/wp-json\/wp\/v2\/posts\/447270\/revisions\/447389"}],"wp:featuredmedia":[{"embeddable":true,"href":"https:\/\/dicodusport.fr\/blog\/wp-json\/wp\/v2\/media\/447280"}],"wp:attachment":[{"href":"https:\/\/dicodusport.fr\/blog\/wp-json\/wp\/v2\/media?parent=447270"}],"wp:term":[{"taxonomy":"category","embeddable":true,"href":"https:\/\/dicodusport.fr\/blog\/wp-json\/wp\/v2\/categories?post=447270"},{"taxonomy":"post_tag","embeddable":true,"href":"https:\/\/dicodusport.fr\/blog\/wp-json\/wp\/v2\/tags?post=447270"}],"curies":[{"name":"wp","href":"https:\/\/api.w.org\/{rel}","templated":true}]}}