{"id":447287,"date":"2023-12-23T15:49:40","date_gmt":"2023-12-23T14:49:40","guid":{"rendered":"https:\/\/dicodusport.fr\/blog\/?p=447287&#038;preview=true&#038;preview_id=447287"},"modified":"2023-12-24T13:07:09","modified_gmt":"2023-12-24T12:07:09","slug":"transferts-asse-saint-etienne-proche-de-signer-irvin-cardona","status":"publish","type":"post","link":"https:\/\/dicodusport.fr\/blog\/transferts-asse-saint-etienne-proche-de-signer-irvin-cardona\/","title":{"rendered":"Transferts ASSE : Saint-\u00c9tienne proche de signer Irvin Cardona"},"content":{"rendered":"<p style=\"text-align: justify;\"><strong><em>FOOTBALL &#8211; Selon L&rsquo;\u00c9quipe, Saint-\u00c9tienne veut recruter Irvin Cardona cet hiver pour renforcer son secteur offensif.\u00a0<\/em><\/strong><\/p>\n<p style=\"text-align: justify;\"><strong>Olivier Dall&rsquo;Oglio<\/strong> a r\u00e9cemment pris ses fonctions d&rsquo;entra\u00eeneur de l&rsquo;<strong>ASSE<\/strong> pour remplacer <strong>Laurent<\/strong> <strong>Battles,<\/strong> d\u00e9mis de ses fonctions. Le nouveau technicien des Verts a bien d\u00e9marr\u00e9 sa nouvelle aventure avec quatre points en deux matchs, et notamment une belle victoire face \u00e0 <strong>Bastia<\/strong>. Mais pour viser la mont\u00e9e en Ligue 1, il veut des renforts au mercato d&rsquo;hiver.<\/p>\n<ul style=\"text-align: justify;\">\n<li><strong>\u00c0 ce sujet &#8211; <a href=\"https:\/\/dicodusport.fr\/blog\/transferts-stade-rennais-rennes-veut-vendre-arnaud-kalimuendo-et-warmed-omari\/\" target=\"_blank\" rel=\"noopener\">Transferts Stade Rennais : Rennes veut vendre Arnaud Kalimuendo et Warmed Omari<\/a><\/strong><\/li>\n<\/ul>\n<h2 style=\"text-align: justify;\">Olivier Dall&rsquo;Oglio conna\u00eet tr\u00e8s bien Irvin Cardona<\/h2>\n<p style=\"text-align: justify;\">Un d\u00e9fenseur central et un attaquant sont notamment recherch\u00e9s par <strong>Saint-\u00c9tienne,<\/strong> et <strong>Olivier Dall&rsquo;Oglio<\/strong> devrait miser sur un attaquant qu&rsquo;il connait bien. <strong>Irvin<\/strong> <strong>Cardona<\/strong>, en manque de temps de jeu en <strong>Allemagne<\/strong> avec le <strong>FC<\/strong> <strong>Augsbourg<\/strong>, est proche de rejoindre les Verts d\u00e8s ce mercato hivernal. Apr\u00e8s plusieurs saisons avec Brest, il a tent\u00e9 l&rsquo;aventure l&rsquo;hiver dernier en <strong>Bundesliga<\/strong>.<\/p>\n<ul>\n<li style=\"text-align: justify;\"><strong>\u00c0 ce sujet &#8211; <a href=\"https:\/\/dicodusport.fr\/blog\/transferts-asse-saint-etienne-veut-signer-junior-sambia\/\">Transferts ASSE : Saint-\u00c9tienne veut signer Junior Sambia<\/a>\u00a0<\/strong><\/li>\n<\/ul>\n<p style=\"text-align: justify;\">Mais <strong>Irvin<\/strong> <strong>Cardona<\/strong> ne parvient pas \u00e0 s&rsquo;imposer dans la formation allemande, et ne compte que 13 matchs en un an. Il pourrait donc se relancer avec un entra\u00eeneur avec qui il a travaill\u00e9 pendant deux saisons au <strong>Stade Brestois<\/strong> entre 2019 et 2021. Il devrait venir compenser le d\u00e9part d&rsquo;<strong>Ibrahim Sissoko<\/strong> \u00e0 la CAN, alors qu&rsquo;<strong>Ibrahima Wadji<\/strong> s&rsquo;est de nouveau bless\u00e9 dans le secteur offensif.<\/p>\n<blockquote class=\"twitter-tweet\">\n<p dir=\"ltr\" lang=\"fr\">\ud83d\udee9 Cardona s&rsquo;approche de l&rsquo;ASSE !<\/p>\n<p>L&rsquo;ASSE tenterait de faire au plus vite concernant le dossier Irvin Cardona.<\/p>\n<p>Le club essayerait d&rsquo;obtenir un accord avec Ausbourg pour accueillir en pr\u00eat l&rsquo;ancien brestois, pour une dur\u00e9e de 6 mois. \ud83d\udc40<\/p>\n<p>(<a href=\"https:\/\/twitter.com\/leprogres_asse?ref_src=twsrc%5Etfw\">@leprogres_asse<\/a>) <a href=\"https:\/\/t.co\/QFwJEijxUc\">pic.twitter.com\/QFwJEijxUc<\/a><\/p>\n<p>\u2014 La Mise Au Vert (@LaMiseAuVert) <a href=\"https:\/\/twitter.com\/LaMiseAuVert\/status\/1737809704829460892?ref_src=twsrc%5Etfw\">December 21, 2023<\/a><\/p><\/blockquote>\n<p style=\"text-align: justify;\"><script async src=\"https:\/\/platform.twitter.com\/widgets.js\" charset=\"utf-8\"><\/script><\/p>\n","protected":false},"excerpt":{"rendered":"<p>FOOTBALL &#8211; Selon L&rsquo;\u00c9quipe, Saint-\u00c9tienne veut recruter Irvin Cardona cet hiver pour renforcer son secteur offensif.\u00a0<\/p>\n","protected":false},"author":1,"featured_media":447289,"comment_status":"open","ping_status":"closed","sticky":false,"template":"","format":"standard","meta":{"_acf_changed":false,"_daextam_enable_autolinks":"1","footnotes":""},"categories":[2301],"tags":[1206,16878,75],"class_list":["post-447287","post","type-post","status-publish","format-standard","has-post-thumbnail","hentry","category-football","tag-asse","tag-breve","tag-football"],"acf":[],"yoast_head":"<!-- This site is optimized with the Yoast SEO Premium plugin v26.7 (Yoast SEO v26.7) - https:\/\/yoast.com\/wordpress\/plugins\/seo\/ -->\n<title>Transferts ASSE : Saint-\u00c9tienne proche de signer Irvin Cardona<\/title>\n<meta name=\"description\" content=\"FOOTBALL - Selon L&#039;\u00c9quipe, Saint-\u00c9tienne veut recruter Irvin Cardona cet hiver pour renforcer son secteur offensif.\u00a0\" \/>\n<meta name=\"robots\" content=\"index, follow, max-snippet:-1, max-image-preview:large, max-video-preview:-1\" \/>\n<link rel=\"canonical\" href=\"https:\/\/dicodusport.fr\/blog\/transferts-asse-saint-etienne-proche-de-signer-irvin-cardona\/\" \/>\n<meta property=\"og:locale\" content=\"fr_FR\" \/>\n<meta property=\"og:type\" content=\"article\" \/>\n<meta property=\"og:title\" content=\"Transferts ASSE : Saint-\u00c9tienne proche de signer Irvin Cardona\" \/>\n<meta property=\"og:description\" content=\"FOOTBALL - Selon L&#039;\u00c9quipe, Saint-\u00c9tienne veut recruter Irvin Cardona cet hiver pour renforcer son secteur offensif.\u00a0\" \/>\n<meta property=\"og:url\" content=\"https:\/\/dicodusport.fr\/blog\/transferts-asse-saint-etienne-proche-de-signer-irvin-cardona\/\" \/>\n<meta property=\"og:site_name\" content=\"Dicodusport\" \/>\n<meta property=\"article:publisher\" content=\"https:\/\/www.facebook.com\/dicodusport\" \/>\n<meta property=\"article:author\" content=\"https:\/\/www.facebook.com\/dicodusport\" \/>\n<meta property=\"article:published_time\" content=\"2023-12-23T14:49:40+00:00\" \/>\n<meta property=\"article:modified_time\" content=\"2023-12-24T12:07:09+00:00\" \/>\n<meta property=\"og:image\" content=\"https:\/\/dicodusport.fr\/blog\/wp-content\/uploads\/2023\/12\/Transferts-ASSE-Saint-Etienne-veut-signer-Irvin-Cardona.png\" \/>\n\t<meta property=\"og:image:width\" content=\"1200\" \/>\n\t<meta property=\"og:image:height\" content=\"674\" \/>\n\t<meta property=\"og:image:type\" content=\"image\/png\" \/>\n<meta name=\"author\" content=\"Nicolas Jacquemard\" \/>\n<meta name=\"twitter:card\" content=\"summary_large_image\" \/>\n<meta name=\"twitter:title\" content=\"Transferts ASSE : Saint-\u00c9tienne proche de signer Irvin Cardona\" \/>\n<meta name=\"twitter:creator\" content=\"@https:\/\/twitter.com\/Nico_Jacquemard\" \/>\n<meta name=\"twitter:site\" content=\"@dicodusport\" \/>\n<script type=\"application\/ld+json\" class=\"yoast-schema-graph\">{\"@context\":\"https:\/\/schema.org\",\"@graph\":[{\"@type\":\"NewsArticle\",\"@id\":\"https:\/\/dicodusport.fr\/blog\/transferts-asse-saint-etienne-proche-de-signer-irvin-cardona\/#article\",\"isPartOf\":{\"@id\":\"https:\/\/dicodusport.fr\/blog\/transferts-asse-saint-etienne-proche-de-signer-irvin-cardona\/\"},\"author\":{\"name\":\"Nicolas Jacquemard\",\"@id\":\"https:\/\/dicodusport.fr\/blog\/#\/schema\/person\/55dcb50ad410894e431ed812bbb70191\"},\"headline\":\"Transferts ASSE : Saint-\u00c9tienne proche de signer Irvin Cardona\",\"datePublished\":\"2023-12-23T14:49:40+00:00\",\"dateModified\":\"2023-12-24T12:07:09+00:00\",\"mainEntityOfPage\":{\"@id\":\"https:\/\/dicodusport.fr\/blog\/transferts-asse-saint-etienne-proche-de-signer-irvin-cardona\/\"},\"wordCount\":316,\"commentCount\":0,\"publisher\":{\"@id\":\"https:\/\/dicodusport.fr\/blog\/#organization\"},\"image\":{\"@id\":\"https:\/\/dicodusport.fr\/blog\/transferts-asse-saint-etienne-proche-de-signer-irvin-cardona\/#primaryimage\"},\"thumbnailUrl\":\"https:\/\/dicodusport.fr\/blog\/wp-content\/uploads\/2023\/12\/Transferts-ASSE-Saint-Etienne-veut-signer-Irvin-Cardona.png\",\"keywords\":[\"ASSE\",\"br\u00e8ve\",\"Football\"],\"articleSection\":[\"Football\"],\"inLanguage\":\"fr-FR\",\"potentialAction\":[{\"@type\":\"CommentAction\",\"name\":\"Comment\",\"target\":[\"https:\/\/dicodusport.fr\/blog\/transferts-asse-saint-etienne-proche-de-signer-irvin-cardona\/#respond\"]}],\"copyrightYear\":\"2023\",\"copyrightHolder\":{\"@id\":\"https:\/\/dicodusport.fr\/blog\/#organization\"}},{\"@type\":\"WebPage\",\"@id\":\"https:\/\/dicodusport.fr\/blog\/transferts-asse-saint-etienne-proche-de-signer-irvin-cardona\/\",\"url\":\"https:\/\/dicodusport.fr\/blog\/transferts-asse-saint-etienne-proche-de-signer-irvin-cardona\/\",\"name\":\"Transferts ASSE : Saint-\u00c9tienne proche de signer Irvin Cardona\",\"isPartOf\":{\"@id\":\"https:\/\/dicodusport.fr\/blog\/#website\"},\"primaryImageOfPage\":{\"@id\":\"https:\/\/dicodusport.fr\/blog\/transferts-asse-saint-etienne-proche-de-signer-irvin-cardona\/#primaryimage\"},\"image\":{\"@id\":\"https:\/\/dicodusport.fr\/blog\/transferts-asse-saint-etienne-proche-de-signer-irvin-cardona\/#primaryimage\"},\"thumbnailUrl\":\"https:\/\/dicodusport.fr\/blog\/wp-content\/uploads\/2023\/12\/Transferts-ASSE-Saint-Etienne-veut-signer-Irvin-Cardona.png\",\"datePublished\":\"2023-12-23T14:49:40+00:00\",\"dateModified\":\"2023-12-24T12:07:09+00:00\",\"description\":\"FOOTBALL - Selon L'\u00c9quipe, Saint-\u00c9tienne veut recruter Irvin Cardona cet hiver pour renforcer son secteur offensif.\u00a0\",\"breadcrumb\":{\"@id\":\"https:\/\/dicodusport.fr\/blog\/transferts-asse-saint-etienne-proche-de-signer-irvin-cardona\/#breadcrumb\"},\"inLanguage\":\"fr-FR\",\"potentialAction\":[{\"@type\":\"ReadAction\",\"target\":[\"https:\/\/dicodusport.fr\/blog\/transferts-asse-saint-etienne-proche-de-signer-irvin-cardona\/\"]}]},{\"@type\":\"ImageObject\",\"inLanguage\":\"fr-FR\",\"@id\":\"https:\/\/dicodusport.fr\/blog\/transferts-asse-saint-etienne-proche-de-signer-irvin-cardona\/#primaryimage\",\"url\":\"https:\/\/dicodusport.fr\/blog\/wp-content\/uploads\/2023\/12\/Transferts-ASSE-Saint-Etienne-veut-signer-Irvin-Cardona.png\",\"contentUrl\":\"https:\/\/dicodusport.fr\/blog\/wp-content\/uploads\/2023\/12\/Transferts-ASSE-Saint-Etienne-veut-signer-Irvin-Cardona.png\",\"width\":1200,\"height\":674,\"caption\":\"Transferts ASSE Saint-E\u0301tienne veut signer Irvin Cardona\"},{\"@type\":\"BreadcrumbList\",\"@id\":\"https:\/\/dicodusport.fr\/blog\/transferts-asse-saint-etienne-proche-de-signer-irvin-cardona\/#breadcrumb\",\"itemListElement\":[{\"@type\":\"ListItem\",\"position\":1,\"name\":\"Accueil\",\"item\":\"https:\/\/dicodusport.fr\/blog\/\"},{\"@type\":\"ListItem\",\"position\":2,\"name\":\"Transferts ASSE : Saint-\u00c9tienne proche de signer Irvin Cardona\"}]},{\"@type\":\"WebSite\",\"@id\":\"https:\/\/dicodusport.fr\/blog\/#website\",\"url\":\"https:\/\/dicodusport.fr\/blog\/\",\"name\":\"Dicodusport\",\"description\":\"L&#039;encyclop\u00e9die de l&#039;actualit\u00e9 sportive\",\"publisher\":{\"@id\":\"https:\/\/dicodusport.fr\/blog\/#organization\"},\"potentialAction\":[{\"@type\":\"SearchAction\",\"target\":{\"@type\":\"EntryPoint\",\"urlTemplate\":\"https:\/\/dicodusport.fr\/blog\/?s={search_term_string}\"},\"query-input\":{\"@type\":\"PropertyValueSpecification\",\"valueRequired\":true,\"valueName\":\"search_term_string\"}}],\"inLanguage\":\"fr-FR\"},{\"@type\":\"NewsMediaOrganization\",\"@id\":\"https:\/\/dicodusport.fr\/blog\/#organization\",\"name\":\"Dicodusport\",\"url\":\"https:\/\/dicodusport.fr\/blog\/\",\"logo\":{\"@type\":\"ImageObject\",\"inLanguage\":\"fr-FR\",\"@id\":\"https:\/\/dicodusport.fr\/blog\/#\/schema\/logo\/image\/\",\"url\":\"https:\/\/dicodusport.fr\/blog\/wp-content\/uploads\/2020\/06\/cropped-LOGO-DICODUSPORT-2020-SANS-FOND-SANS-TEXTE.png\",\"contentUrl\":\"https:\/\/dicodusport.fr\/blog\/wp-content\/uploads\/2020\/06\/cropped-LOGO-DICODUSPORT-2020-SANS-FOND-SANS-TEXTE.png\",\"width\":512,\"height\":512,\"caption\":\"Dicodusport\"},\"image\":{\"@id\":\"https:\/\/dicodusport.fr\/blog\/#\/schema\/logo\/image\/\"},\"sameAs\":[\"https:\/\/www.facebook.com\/dicodusport\",\"https:\/\/x.com\/dicodusport\",\"https:\/\/www.instagram.com\/dicodusport\/\",\"https:\/\/www.youtube.com\/channel\/UC7V2KZ5sd3htJivAbA4ZG3w\"],\"description\":\"Dicodusport est l'encyclop\u00e9die de l'actualit\u00e9 sportive.\",\"email\":\"bonjour@dicodusport.fr\",\"legalName\":\"DICODUSPORT\",\"foundingDate\":\"2018-01-14\",\"vatID\":\"FR71834470973\",\"taxID\":\"83447097300043\",\"numberOfEmployees\":{\"@type\":\"QuantitativeValue\",\"minValue\":\"1\",\"maxValue\":\"10\"}},{\"@type\":\"Person\",\"@id\":\"https:\/\/dicodusport.fr\/blog\/#\/schema\/person\/55dcb50ad410894e431ed812bbb70191\",\"name\":\"Nicolas Jacquemard\",\"image\":{\"@type\":\"ImageObject\",\"inLanguage\":\"fr-FR\",\"@id\":\"https:\/\/dicodusport.fr\/blog\/#\/schema\/person\/image\/\",\"url\":\"https:\/\/dicodusport.fr\/blog\/wp-content\/uploads\/2021\/05\/Nicolas-Jacquemard-150x150.jpeg\",\"contentUrl\":\"https:\/\/dicodusport.fr\/blog\/wp-content\/uploads\/2021\/05\/Nicolas-Jacquemard-150x150.jpeg\",\"caption\":\"Nicolas Jacquemard\"},\"description\":\"Passionn\u00e9 de sport et entrepreneur depuis mes 18 ans, la cr\u00e9ation de Dicodusport m'a sembl\u00e9 \u00e9vidente pour participer \u00e0 la m\u00e9diatisation d'un plus grand nombre de sports. Le chemin est long mais avec une \u00e9quipe des plus motiv\u00e9es et les Jeux Olympiques de Paris 2024 en point de mire, nous y arriverons ! Journaliste dans le monde du sport depuis plus de 5 ans, je traite aussi bien de football, de rugby, de biathlon que de cyclisme.\",\"sameAs\":[\"https:\/\/www.facebook.com\/dicodusport\",\"https:\/\/x.com\/https:\/\/twitter.com\/Nico_Jacquemard\"],\"url\":\"https:\/\/dicodusport.fr\/blog\/author\/dicodusport\/\"}]}<\/script>\n<!-- \/ Yoast SEO Premium plugin. -->","yoast_head_json":{"title":"Transferts ASSE : Saint-\u00c9tienne proche de signer Irvin Cardona","description":"FOOTBALL - Selon L'\u00c9quipe, Saint-\u00c9tienne veut recruter Irvin Cardona cet hiver pour renforcer son secteur offensif.\u00a0","robots":{"index":"index","follow":"follow","max-snippet":"max-snippet:-1","max-image-preview":"max-image-preview:large","max-video-preview":"max-video-preview:-1"},"canonical":"https:\/\/dicodusport.fr\/blog\/transferts-asse-saint-etienne-proche-de-signer-irvin-cardona\/","og_locale":"fr_FR","og_type":"article","og_title":"Transferts ASSE : Saint-\u00c9tienne proche de signer Irvin Cardona","og_description":"FOOTBALL - Selon L'\u00c9quipe, Saint-\u00c9tienne veut recruter Irvin Cardona cet hiver pour renforcer son secteur offensif.\u00a0","og_url":"https:\/\/dicodusport.fr\/blog\/transferts-asse-saint-etienne-proche-de-signer-irvin-cardona\/","og_site_name":"Dicodusport","article_publisher":"https:\/\/www.facebook.com\/dicodusport","article_author":"https:\/\/www.facebook.com\/dicodusport","article_published_time":"2023-12-23T14:49:40+00:00","article_modified_time":"2023-12-24T12:07:09+00:00","og_image":[{"width":1200,"height":674,"url":"https:\/\/dicodusport.fr\/blog\/wp-content\/uploads\/2023\/12\/Transferts-ASSE-Saint-Etienne-veut-signer-Irvin-Cardona.png","type":"image\/png"}],"author":"Nicolas Jacquemard","twitter_card":"summary_large_image","twitter_title":"Transferts ASSE : Saint-\u00c9tienne proche de signer Irvin Cardona","twitter_creator":"@https:\/\/twitter.com\/Nico_Jacquemard","twitter_site":"@dicodusport","schema":{"@context":"https:\/\/schema.org","@graph":[{"@type":"NewsArticle","@id":"https:\/\/dicodusport.fr\/blog\/transferts-asse-saint-etienne-proche-de-signer-irvin-cardona\/#article","isPartOf":{"@id":"https:\/\/dicodusport.fr\/blog\/transferts-asse-saint-etienne-proche-de-signer-irvin-cardona\/"},"author":{"name":"Nicolas Jacquemard","@id":"https:\/\/dicodusport.fr\/blog\/#\/schema\/person\/55dcb50ad410894e431ed812bbb70191"},"headline":"Transferts ASSE : Saint-\u00c9tienne proche de signer Irvin Cardona","datePublished":"2023-12-23T14:49:40+00:00","dateModified":"2023-12-24T12:07:09+00:00","mainEntityOfPage":{"@id":"https:\/\/dicodusport.fr\/blog\/transferts-asse-saint-etienne-proche-de-signer-irvin-cardona\/"},"wordCount":316,"commentCount":0,"publisher":{"@id":"https:\/\/dicodusport.fr\/blog\/#organization"},"image":{"@id":"https:\/\/dicodusport.fr\/blog\/transferts-asse-saint-etienne-proche-de-signer-irvin-cardona\/#primaryimage"},"thumbnailUrl":"https:\/\/dicodusport.fr\/blog\/wp-content\/uploads\/2023\/12\/Transferts-ASSE-Saint-Etienne-veut-signer-Irvin-Cardona.png","keywords":["ASSE","br\u00e8ve","Football"],"articleSection":["Football"],"inLanguage":"fr-FR","potentialAction":[{"@type":"CommentAction","name":"Comment","target":["https:\/\/dicodusport.fr\/blog\/transferts-asse-saint-etienne-proche-de-signer-irvin-cardona\/#respond"]}],"copyrightYear":"2023","copyrightHolder":{"@id":"https:\/\/dicodusport.fr\/blog\/#organization"}},{"@type":"WebPage","@id":"https:\/\/dicodusport.fr\/blog\/transferts-asse-saint-etienne-proche-de-signer-irvin-cardona\/","url":"https:\/\/dicodusport.fr\/blog\/transferts-asse-saint-etienne-proche-de-signer-irvin-cardona\/","name":"Transferts ASSE : Saint-\u00c9tienne proche de signer Irvin Cardona","isPartOf":{"@id":"https:\/\/dicodusport.fr\/blog\/#website"},"primaryImageOfPage":{"@id":"https:\/\/dicodusport.fr\/blog\/transferts-asse-saint-etienne-proche-de-signer-irvin-cardona\/#primaryimage"},"image":{"@id":"https:\/\/dicodusport.fr\/blog\/transferts-asse-saint-etienne-proche-de-signer-irvin-cardona\/#primaryimage"},"thumbnailUrl":"https:\/\/dicodusport.fr\/blog\/wp-content\/uploads\/2023\/12\/Transferts-ASSE-Saint-Etienne-veut-signer-Irvin-Cardona.png","datePublished":"2023-12-23T14:49:40+00:00","dateModified":"2023-12-24T12:07:09+00:00","description":"FOOTBALL - Selon L'\u00c9quipe, Saint-\u00c9tienne veut recruter Irvin Cardona cet hiver pour renforcer son secteur offensif.\u00a0","breadcrumb":{"@id":"https:\/\/dicodusport.fr\/blog\/transferts-asse-saint-etienne-proche-de-signer-irvin-cardona\/#breadcrumb"},"inLanguage":"fr-FR","potentialAction":[{"@type":"ReadAction","target":["https:\/\/dicodusport.fr\/blog\/transferts-asse-saint-etienne-proche-de-signer-irvin-cardona\/"]}]},{"@type":"ImageObject","inLanguage":"fr-FR","@id":"https:\/\/dicodusport.fr\/blog\/transferts-asse-saint-etienne-proche-de-signer-irvin-cardona\/#primaryimage","url":"https:\/\/dicodusport.fr\/blog\/wp-content\/uploads\/2023\/12\/Transferts-ASSE-Saint-Etienne-veut-signer-Irvin-Cardona.png","contentUrl":"https:\/\/dicodusport.fr\/blog\/wp-content\/uploads\/2023\/12\/Transferts-ASSE-Saint-Etienne-veut-signer-Irvin-Cardona.png","width":1200,"height":674,"caption":"Transferts ASSE Saint-E\u0301tienne veut signer Irvin Cardona"},{"@type":"BreadcrumbList","@id":"https:\/\/dicodusport.fr\/blog\/transferts-asse-saint-etienne-proche-de-signer-irvin-cardona\/#breadcrumb","itemListElement":[{"@type":"ListItem","position":1,"name":"Accueil","item":"https:\/\/dicodusport.fr\/blog\/"},{"@type":"ListItem","position":2,"name":"Transferts ASSE : Saint-\u00c9tienne proche de signer Irvin Cardona"}]},{"@type":"WebSite","@id":"https:\/\/dicodusport.fr\/blog\/#website","url":"https:\/\/dicodusport.fr\/blog\/","name":"Dicodusport","description":"L&#039;encyclop\u00e9die de l&#039;actualit\u00e9 sportive","publisher":{"@id":"https:\/\/dicodusport.fr\/blog\/#organization"},"potentialAction":[{"@type":"SearchAction","target":{"@type":"EntryPoint","urlTemplate":"https:\/\/dicodusport.fr\/blog\/?s={search_term_string}"},"query-input":{"@type":"PropertyValueSpecification","valueRequired":true,"valueName":"search_term_string"}}],"inLanguage":"fr-FR"},{"@type":"NewsMediaOrganization","@id":"https:\/\/dicodusport.fr\/blog\/#organization","name":"Dicodusport","url":"https:\/\/dicodusport.fr\/blog\/","logo":{"@type":"ImageObject","inLanguage":"fr-FR","@id":"https:\/\/dicodusport.fr\/blog\/#\/schema\/logo\/image\/","url":"https:\/\/dicodusport.fr\/blog\/wp-content\/uploads\/2020\/06\/cropped-LOGO-DICODUSPORT-2020-SANS-FOND-SANS-TEXTE.png","contentUrl":"https:\/\/dicodusport.fr\/blog\/wp-content\/uploads\/2020\/06\/cropped-LOGO-DICODUSPORT-2020-SANS-FOND-SANS-TEXTE.png","width":512,"height":512,"caption":"Dicodusport"},"image":{"@id":"https:\/\/dicodusport.fr\/blog\/#\/schema\/logo\/image\/"},"sameAs":["https:\/\/www.facebook.com\/dicodusport","https:\/\/x.com\/dicodusport","https:\/\/www.instagram.com\/dicodusport\/","https:\/\/www.youtube.com\/channel\/UC7V2KZ5sd3htJivAbA4ZG3w"],"description":"Dicodusport est l'encyclop\u00e9die de l'actualit\u00e9 sportive.","email":"bonjour@dicodusport.fr","legalName":"DICODUSPORT","foundingDate":"2018-01-14","vatID":"FR71834470973","taxID":"83447097300043","numberOfEmployees":{"@type":"QuantitativeValue","minValue":"1","maxValue":"10"}},{"@type":"Person","@id":"https:\/\/dicodusport.fr\/blog\/#\/schema\/person\/55dcb50ad410894e431ed812bbb70191","name":"Nicolas Jacquemard","image":{"@type":"ImageObject","inLanguage":"fr-FR","@id":"https:\/\/dicodusport.fr\/blog\/#\/schema\/person\/image\/","url":"https:\/\/dicodusport.fr\/blog\/wp-content\/uploads\/2021\/05\/Nicolas-Jacquemard-150x150.jpeg","contentUrl":"https:\/\/dicodusport.fr\/blog\/wp-content\/uploads\/2021\/05\/Nicolas-Jacquemard-150x150.jpeg","caption":"Nicolas Jacquemard"},"description":"Passionn\u00e9 de sport et entrepreneur depuis mes 18 ans, la cr\u00e9ation de Dicodusport m'a sembl\u00e9 \u00e9vidente pour participer \u00e0 la m\u00e9diatisation d'un plus grand nombre de sports. Le chemin est long mais avec une \u00e9quipe des plus motiv\u00e9es et les Jeux Olympiques de Paris 2024 en point de mire, nous y arriverons ! Journaliste dans le monde du sport depuis plus de 5 ans, je traite aussi bien de football, de rugby, de biathlon que de cyclisme.","sameAs":["https:\/\/www.facebook.com\/dicodusport","https:\/\/x.com\/https:\/\/twitter.com\/Nico_Jacquemard"],"url":"https:\/\/dicodusport.fr\/blog\/author\/dicodusport\/"}]}},"_links":{"self":[{"href":"https:\/\/dicodusport.fr\/blog\/wp-json\/wp\/v2\/posts\/447287","targetHints":{"allow":["GET"]}}],"collection":[{"href":"https:\/\/dicodusport.fr\/blog\/wp-json\/wp\/v2\/posts"}],"about":[{"href":"https:\/\/dicodusport.fr\/blog\/wp-json\/wp\/v2\/types\/post"}],"author":[{"embeddable":true,"href":"https:\/\/dicodusport.fr\/blog\/wp-json\/wp\/v2\/users\/1"}],"replies":[{"embeddable":true,"href":"https:\/\/dicodusport.fr\/blog\/wp-json\/wp\/v2\/comments?post=447287"}],"version-history":[{"count":3,"href":"https:\/\/dicodusport.fr\/blog\/wp-json\/wp\/v2\/posts\/447287\/revisions"}],"predecessor-version":[{"id":447423,"href":"https:\/\/dicodusport.fr\/blog\/wp-json\/wp\/v2\/posts\/447287\/revisions\/447423"}],"wp:featuredmedia":[{"embeddable":true,"href":"https:\/\/dicodusport.fr\/blog\/wp-json\/wp\/v2\/media\/447289"}],"wp:attachment":[{"href":"https:\/\/dicodusport.fr\/blog\/wp-json\/wp\/v2\/media?parent=447287"}],"wp:term":[{"taxonomy":"category","embeddable":true,"href":"https:\/\/dicodusport.fr\/blog\/wp-json\/wp\/v2\/categories?post=447287"},{"taxonomy":"post_tag","embeddable":true,"href":"https:\/\/dicodusport.fr\/blog\/wp-json\/wp\/v2\/tags?post=447287"}],"curies":[{"name":"wp","href":"https:\/\/api.w.org\/{rel}","templated":true}]}}