{"id":447324,"date":"2023-12-23T18:18:29","date_gmt":"2023-12-23T17:18:29","guid":{"rendered":"https:\/\/dicodusport.fr\/blog\/?p=447324&#038;preview=true&#038;preview_id=447324"},"modified":"2023-12-24T13:06:53","modified_gmt":"2023-12-24T12:06:53","slug":"transferts-asse-saint-etienne-veut-vendre-plusieurs-joueurs-cet-hiver","status":"publish","type":"post","link":"https:\/\/dicodusport.fr\/blog\/transferts-asse-saint-etienne-veut-vendre-plusieurs-joueurs-cet-hiver\/","title":{"rendered":"Transferts ASSE : Saint-\u00c9tienne veut vendre plusieurs joueurs cet hiver"},"content":{"rendered":"<p style=\"text-align: justify;\"><strong><em>FOOTBALL &#8211; Selon L&rsquo;\u00c9quipe, Saint-\u00c9tienne veut d\u00e9graisser son effectif pour r\u00e9ussir \u00e0 recruter \u00e0 des postes cl\u00e9s.\u00a0<\/em><\/strong><\/p>\n<p style=\"text-align: justify;\"><strong>Olivier<\/strong> <strong>Dall&rsquo;Oglio<\/strong> a bien commenc\u00e9 sa mission dans le Forez avec quatre points en deux rencontres, mais l&rsquo;ancien entra\u00eeneur de <strong>Brest<\/strong> et <strong>Montpellier<\/strong> a demand\u00e9 \u00e0 ses dirigeants des renforts au mercato hivernal. <strong>Irvin<\/strong> <strong>Cardona<\/strong> est notamment proche de rejoindre les <strong>Verts,<\/strong> mais pour recruter, le club doit aussi vendre des \u00e9l\u00e9ments de son effectif.<\/p>\n<ul style=\"text-align: justify;\">\n<li><strong>\u00c0 ce sujet &#8211; <a href=\"https:\/\/dicodusport.fr\/blog\/transferts-asse-saint-etienne-proche-de-signer-irvin-cardona\/\" target=\"_blank\" rel=\"noopener\">Transferts ASSE : Saint-\u00c9tienne proche de signer Irvin Cardona<\/a><\/strong><\/li>\n<\/ul>\n<h2 style=\"text-align: justify;\">Thomas Monconduit et Victor Lobry sur le d\u00e9part<\/h2>\n<p style=\"text-align: justify;\">L&rsquo;<strong>ASSE<\/strong> va aussi devoir composer avec plusieurs joueurs qui vont disputer la CAN, comme <strong>Dylan<\/strong> <strong>Batubinsika<\/strong> et <strong>Ibrahim<\/strong> <strong>Sissoko<\/strong>. Arriv\u00e9 \u00e0 l&rsquo;\u00e9t\u00e9 2022 en provenance de Pau, <strong>Victor<\/strong> <strong>Lobry<\/strong> ne serait pas dans les plans d&rsquo;<strong>Olivier Dall&rsquo;Oglio<\/strong> qui ne l&rsquo;a pas convoqu\u00e9 lors de la victoire de <strong>Saint-\u00c9tienne<\/strong> face \u00e0 <strong>Bastia<\/strong>. Le milieu de terrain de 28 ans pourrait \u00eatre vendu cet hiver.<\/p>\n<ul>\n<li style=\"text-align: justify;\"><strong>\u00c0 ce sujet &#8211; <a href=\"https:\/\/dicodusport.fr\/blog\/transferts-asse-saint-etienne-veut-signer-junior-sambia\/\">Transferts ASSE : Saint-\u00c9tienne veut signer Junior Sambia<\/a>\u00a0<\/strong><\/li>\n<\/ul>\n<p style=\"text-align: justify;\"><strong>Thomas<\/strong> <strong>Monconduit<\/strong>, milieu de 32 ans, pourrait aussi \u00eatre pri\u00e9 d&rsquo;aller voir ailleurs. Dix-huit mois apr\u00e8s son arriv\u00e9e en provenance de <strong>Lorient<\/strong>, il ne serait pas dans les petits papiers du nouvel entra\u00eeneur. D&rsquo;autres joueurs pourraient \u00eatre vendus en cas de belle offre sur la table des dirigeants st\u00e9phanois. <strong>Yvann<\/strong> <strong>Ma\u00e7on<\/strong> devrait revenir au club cet hiver et pourrait m\u00eame terminer la saison avec les <strong>Verts<\/strong> plut\u00f4t que de repartir imm\u00e9diatement vers un nouveau challenge.<\/p>\n<blockquote class=\"twitter-tweet\">\n<p dir=\"ltr\" lang=\"zxx\"><a href=\"https:\/\/t.co\/Dihixa2Ot1\">https:\/\/t.co\/Dihixa2Ot1<\/a><\/p>\n<p>\u2014 Nicolas Jacquemard (@Nico_Jacquemard) <a href=\"https:\/\/twitter.com\/Nico_Jacquemard\/status\/1738605143296233519?ref_src=twsrc%5Etfw\">December 23, 2023<\/a><\/p><\/blockquote>\n<p style=\"text-align: justify;\"><script async src=\"https:\/\/platform.twitter.com\/widgets.js\" charset=\"utf-8\"><\/script><\/p>\n","protected":false},"excerpt":{"rendered":"<p>FOOTBALL &#8211; Selon L&rsquo;\u00c9quipe, Saint-\u00c9tienne veut d\u00e9graisser son effectif pour r\u00e9ussir \u00e0 recruter \u00e0 des postes cl\u00e9s.\u00a0<\/p>\n","protected":false},"author":1,"featured_media":447334,"comment_status":"open","ping_status":"closed","sticky":false,"template":"","format":"standard","meta":{"_acf_changed":false,"_daextam_enable_autolinks":"1","footnotes":""},"categories":[2301],"tags":[1206,16878,75,1555,2832],"class_list":["post-447324","post","type-post","status-publish","format-standard","has-post-thumbnail","hentry","category-football","tag-asse","tag-breve","tag-football","tag-mercato","tag-transferts"],"acf":[],"yoast_head":"<!-- This site is optimized with the Yoast SEO Premium plugin v26.7 (Yoast SEO v26.7) - https:\/\/yoast.com\/wordpress\/plugins\/seo\/ -->\n<title>Transferts ASSE : Saint-\u00c9tienne veut vendre plusieurs joueurs cet hiver<\/title>\n<meta name=\"description\" content=\"FOOTBALL - Selon L&#039;\u00c9quipe, Saint-\u00c9tienne veut d\u00e9graisser son effectif pour r\u00e9ussir \u00e0 recruter \u00e0 des postes cl\u00e9s.\u00a0\" \/>\n<meta name=\"robots\" content=\"index, follow, max-snippet:-1, max-image-preview:large, max-video-preview:-1\" \/>\n<link rel=\"canonical\" href=\"https:\/\/dicodusport.fr\/blog\/transferts-asse-saint-etienne-veut-vendre-plusieurs-joueurs-cet-hiver\/\" \/>\n<meta property=\"og:locale\" content=\"fr_FR\" \/>\n<meta property=\"og:type\" content=\"article\" \/>\n<meta property=\"og:title\" content=\"Transferts ASSE : Saint-\u00c9tienne veut vendre plusieurs joueurs cet hiver\" \/>\n<meta property=\"og:description\" content=\"FOOTBALL - Selon L&#039;\u00c9quipe, Saint-\u00c9tienne veut d\u00e9graisser son effectif pour r\u00e9ussir \u00e0 recruter \u00e0 des postes cl\u00e9s.\u00a0\" \/>\n<meta property=\"og:url\" content=\"https:\/\/dicodusport.fr\/blog\/transferts-asse-saint-etienne-veut-vendre-plusieurs-joueurs-cet-hiver\/\" \/>\n<meta property=\"og:site_name\" content=\"Dicodusport\" \/>\n<meta property=\"article:publisher\" content=\"https:\/\/www.facebook.com\/dicodusport\" \/>\n<meta property=\"article:author\" content=\"https:\/\/www.facebook.com\/dicodusport\" \/>\n<meta property=\"article:published_time\" content=\"2023-12-23T17:18:29+00:00\" \/>\n<meta property=\"article:modified_time\" content=\"2023-12-24T12:06:53+00:00\" \/>\n<meta property=\"og:image\" content=\"https:\/\/dicodusport.fr\/blog\/wp-content\/uploads\/2023\/12\/Transferts-ASSE-Saint-Etienne-veut-vendre-plusieurs-joueurs-cet-hiver.png\" \/>\n\t<meta property=\"og:image:width\" content=\"1200\" \/>\n\t<meta property=\"og:image:height\" content=\"674\" \/>\n\t<meta property=\"og:image:type\" content=\"image\/png\" \/>\n<meta name=\"author\" content=\"Nicolas Jacquemard\" \/>\n<meta name=\"twitter:card\" content=\"summary_large_image\" \/>\n<meta name=\"twitter:title\" content=\"Transferts ASSE : Saint-\u00c9tienne veut vendre plusieurs joueurs cet hiver\" \/>\n<meta name=\"twitter:creator\" content=\"@https:\/\/twitter.com\/Nico_Jacquemard\" \/>\n<meta name=\"twitter:site\" content=\"@dicodusport\" \/>\n<script type=\"application\/ld+json\" class=\"yoast-schema-graph\">{\"@context\":\"https:\/\/schema.org\",\"@graph\":[{\"@type\":\"NewsArticle\",\"@id\":\"https:\/\/dicodusport.fr\/blog\/transferts-asse-saint-etienne-veut-vendre-plusieurs-joueurs-cet-hiver\/#article\",\"isPartOf\":{\"@id\":\"https:\/\/dicodusport.fr\/blog\/transferts-asse-saint-etienne-veut-vendre-plusieurs-joueurs-cet-hiver\/\"},\"author\":{\"name\":\"Nicolas Jacquemard\",\"@id\":\"https:\/\/dicodusport.fr\/blog\/#\/schema\/person\/55dcb50ad410894e431ed812bbb70191\"},\"headline\":\"Transferts ASSE : Saint-\u00c9tienne veut vendre plusieurs joueurs cet hiver\",\"datePublished\":\"2023-12-23T17:18:29+00:00\",\"dateModified\":\"2023-12-24T12:06:53+00:00\",\"mainEntityOfPage\":{\"@id\":\"https:\/\/dicodusport.fr\/blog\/transferts-asse-saint-etienne-veut-vendre-plusieurs-joueurs-cet-hiver\/\"},\"wordCount\":279,\"commentCount\":0,\"publisher\":{\"@id\":\"https:\/\/dicodusport.fr\/blog\/#organization\"},\"image\":{\"@id\":\"https:\/\/dicodusport.fr\/blog\/transferts-asse-saint-etienne-veut-vendre-plusieurs-joueurs-cet-hiver\/#primaryimage\"},\"thumbnailUrl\":\"https:\/\/dicodusport.fr\/blog\/wp-content\/uploads\/2023\/12\/Transferts-ASSE-Saint-Etienne-veut-vendre-plusieurs-joueurs-cet-hiver.png\",\"keywords\":[\"ASSE\",\"br\u00e8ve\",\"Football\",\"Mercato\",\"transferts\"],\"articleSection\":[\"Football\"],\"inLanguage\":\"fr-FR\",\"potentialAction\":[{\"@type\":\"CommentAction\",\"name\":\"Comment\",\"target\":[\"https:\/\/dicodusport.fr\/blog\/transferts-asse-saint-etienne-veut-vendre-plusieurs-joueurs-cet-hiver\/#respond\"]}],\"copyrightYear\":\"2023\",\"copyrightHolder\":{\"@id\":\"https:\/\/dicodusport.fr\/blog\/#organization\"}},{\"@type\":\"WebPage\",\"@id\":\"https:\/\/dicodusport.fr\/blog\/transferts-asse-saint-etienne-veut-vendre-plusieurs-joueurs-cet-hiver\/\",\"url\":\"https:\/\/dicodusport.fr\/blog\/transferts-asse-saint-etienne-veut-vendre-plusieurs-joueurs-cet-hiver\/\",\"name\":\"Transferts ASSE : Saint-\u00c9tienne veut vendre plusieurs joueurs cet hiver\",\"isPartOf\":{\"@id\":\"https:\/\/dicodusport.fr\/blog\/#website\"},\"primaryImageOfPage\":{\"@id\":\"https:\/\/dicodusport.fr\/blog\/transferts-asse-saint-etienne-veut-vendre-plusieurs-joueurs-cet-hiver\/#primaryimage\"},\"image\":{\"@id\":\"https:\/\/dicodusport.fr\/blog\/transferts-asse-saint-etienne-veut-vendre-plusieurs-joueurs-cet-hiver\/#primaryimage\"},\"thumbnailUrl\":\"https:\/\/dicodusport.fr\/blog\/wp-content\/uploads\/2023\/12\/Transferts-ASSE-Saint-Etienne-veut-vendre-plusieurs-joueurs-cet-hiver.png\",\"datePublished\":\"2023-12-23T17:18:29+00:00\",\"dateModified\":\"2023-12-24T12:06:53+00:00\",\"description\":\"FOOTBALL - Selon L'\u00c9quipe, Saint-\u00c9tienne veut d\u00e9graisser son effectif pour r\u00e9ussir \u00e0 recruter \u00e0 des postes cl\u00e9s.\u00a0\",\"breadcrumb\":{\"@id\":\"https:\/\/dicodusport.fr\/blog\/transferts-asse-saint-etienne-veut-vendre-plusieurs-joueurs-cet-hiver\/#breadcrumb\"},\"inLanguage\":\"fr-FR\",\"potentialAction\":[{\"@type\":\"ReadAction\",\"target\":[\"https:\/\/dicodusport.fr\/blog\/transferts-asse-saint-etienne-veut-vendre-plusieurs-joueurs-cet-hiver\/\"]}]},{\"@type\":\"ImageObject\",\"inLanguage\":\"fr-FR\",\"@id\":\"https:\/\/dicodusport.fr\/blog\/transferts-asse-saint-etienne-veut-vendre-plusieurs-joueurs-cet-hiver\/#primaryimage\",\"url\":\"https:\/\/dicodusport.fr\/blog\/wp-content\/uploads\/2023\/12\/Transferts-ASSE-Saint-Etienne-veut-vendre-plusieurs-joueurs-cet-hiver.png\",\"contentUrl\":\"https:\/\/dicodusport.fr\/blog\/wp-content\/uploads\/2023\/12\/Transferts-ASSE-Saint-Etienne-veut-vendre-plusieurs-joueurs-cet-hiver.png\",\"width\":1200,\"height\":674},{\"@type\":\"BreadcrumbList\",\"@id\":\"https:\/\/dicodusport.fr\/blog\/transferts-asse-saint-etienne-veut-vendre-plusieurs-joueurs-cet-hiver\/#breadcrumb\",\"itemListElement\":[{\"@type\":\"ListItem\",\"position\":1,\"name\":\"Accueil\",\"item\":\"https:\/\/dicodusport.fr\/blog\/\"},{\"@type\":\"ListItem\",\"position\":2,\"name\":\"Transferts ASSE : Saint-\u00c9tienne veut vendre plusieurs joueurs cet hiver\"}]},{\"@type\":\"WebSite\",\"@id\":\"https:\/\/dicodusport.fr\/blog\/#website\",\"url\":\"https:\/\/dicodusport.fr\/blog\/\",\"name\":\"Dicodusport\",\"description\":\"L&#039;encyclop\u00e9die de l&#039;actualit\u00e9 sportive\",\"publisher\":{\"@id\":\"https:\/\/dicodusport.fr\/blog\/#organization\"},\"potentialAction\":[{\"@type\":\"SearchAction\",\"target\":{\"@type\":\"EntryPoint\",\"urlTemplate\":\"https:\/\/dicodusport.fr\/blog\/?s={search_term_string}\"},\"query-input\":{\"@type\":\"PropertyValueSpecification\",\"valueRequired\":true,\"valueName\":\"search_term_string\"}}],\"inLanguage\":\"fr-FR\"},{\"@type\":\"NewsMediaOrganization\",\"@id\":\"https:\/\/dicodusport.fr\/blog\/#organization\",\"name\":\"Dicodusport\",\"url\":\"https:\/\/dicodusport.fr\/blog\/\",\"logo\":{\"@type\":\"ImageObject\",\"inLanguage\":\"fr-FR\",\"@id\":\"https:\/\/dicodusport.fr\/blog\/#\/schema\/logo\/image\/\",\"url\":\"https:\/\/dicodusport.fr\/blog\/wp-content\/uploads\/2020\/06\/cropped-LOGO-DICODUSPORT-2020-SANS-FOND-SANS-TEXTE.png\",\"contentUrl\":\"https:\/\/dicodusport.fr\/blog\/wp-content\/uploads\/2020\/06\/cropped-LOGO-DICODUSPORT-2020-SANS-FOND-SANS-TEXTE.png\",\"width\":512,\"height\":512,\"caption\":\"Dicodusport\"},\"image\":{\"@id\":\"https:\/\/dicodusport.fr\/blog\/#\/schema\/logo\/image\/\"},\"sameAs\":[\"https:\/\/www.facebook.com\/dicodusport\",\"https:\/\/x.com\/dicodusport\",\"https:\/\/www.instagram.com\/dicodusport\/\",\"https:\/\/www.youtube.com\/channel\/UC7V2KZ5sd3htJivAbA4ZG3w\"],\"description\":\"Dicodusport est l'encyclop\u00e9die de l'actualit\u00e9 sportive.\",\"email\":\"bonjour@dicodusport.fr\",\"legalName\":\"DICODUSPORT\",\"foundingDate\":\"2018-01-14\",\"vatID\":\"FR71834470973\",\"taxID\":\"83447097300043\",\"numberOfEmployees\":{\"@type\":\"QuantitativeValue\",\"minValue\":\"1\",\"maxValue\":\"10\"}},{\"@type\":\"Person\",\"@id\":\"https:\/\/dicodusport.fr\/blog\/#\/schema\/person\/55dcb50ad410894e431ed812bbb70191\",\"name\":\"Nicolas Jacquemard\",\"image\":{\"@type\":\"ImageObject\",\"inLanguage\":\"fr-FR\",\"@id\":\"https:\/\/dicodusport.fr\/blog\/#\/schema\/person\/image\/\",\"url\":\"https:\/\/dicodusport.fr\/blog\/wp-content\/uploads\/2021\/05\/Nicolas-Jacquemard-150x150.jpeg\",\"contentUrl\":\"https:\/\/dicodusport.fr\/blog\/wp-content\/uploads\/2021\/05\/Nicolas-Jacquemard-150x150.jpeg\",\"caption\":\"Nicolas Jacquemard\"},\"description\":\"Passionn\u00e9 de sport et entrepreneur depuis mes 18 ans, la cr\u00e9ation de Dicodusport m'a sembl\u00e9 \u00e9vidente pour participer \u00e0 la m\u00e9diatisation d'un plus grand nombre de sports. Le chemin est long mais avec une \u00e9quipe des plus motiv\u00e9es et les Jeux Olympiques de Paris 2024 en point de mire, nous y arriverons ! Journaliste dans le monde du sport depuis plus de 5 ans, je traite aussi bien de football, de rugby, de biathlon que de cyclisme.\",\"sameAs\":[\"https:\/\/www.facebook.com\/dicodusport\",\"https:\/\/x.com\/https:\/\/twitter.com\/Nico_Jacquemard\"],\"url\":\"https:\/\/dicodusport.fr\/blog\/author\/dicodusport\/\"}]}<\/script>\n<!-- \/ Yoast SEO Premium plugin. -->","yoast_head_json":{"title":"Transferts ASSE : Saint-\u00c9tienne veut vendre plusieurs joueurs cet hiver","description":"FOOTBALL - Selon L'\u00c9quipe, Saint-\u00c9tienne veut d\u00e9graisser son effectif pour r\u00e9ussir \u00e0 recruter \u00e0 des postes cl\u00e9s.\u00a0","robots":{"index":"index","follow":"follow","max-snippet":"max-snippet:-1","max-image-preview":"max-image-preview:large","max-video-preview":"max-video-preview:-1"},"canonical":"https:\/\/dicodusport.fr\/blog\/transferts-asse-saint-etienne-veut-vendre-plusieurs-joueurs-cet-hiver\/","og_locale":"fr_FR","og_type":"article","og_title":"Transferts ASSE : Saint-\u00c9tienne veut vendre plusieurs joueurs cet hiver","og_description":"FOOTBALL - Selon L'\u00c9quipe, Saint-\u00c9tienne veut d\u00e9graisser son effectif pour r\u00e9ussir \u00e0 recruter \u00e0 des postes cl\u00e9s.\u00a0","og_url":"https:\/\/dicodusport.fr\/blog\/transferts-asse-saint-etienne-veut-vendre-plusieurs-joueurs-cet-hiver\/","og_site_name":"Dicodusport","article_publisher":"https:\/\/www.facebook.com\/dicodusport","article_author":"https:\/\/www.facebook.com\/dicodusport","article_published_time":"2023-12-23T17:18:29+00:00","article_modified_time":"2023-12-24T12:06:53+00:00","og_image":[{"width":1200,"height":674,"url":"https:\/\/dicodusport.fr\/blog\/wp-content\/uploads\/2023\/12\/Transferts-ASSE-Saint-Etienne-veut-vendre-plusieurs-joueurs-cet-hiver.png","type":"image\/png"}],"author":"Nicolas Jacquemard","twitter_card":"summary_large_image","twitter_title":"Transferts ASSE : Saint-\u00c9tienne veut vendre plusieurs joueurs cet hiver","twitter_creator":"@https:\/\/twitter.com\/Nico_Jacquemard","twitter_site":"@dicodusport","schema":{"@context":"https:\/\/schema.org","@graph":[{"@type":"NewsArticle","@id":"https:\/\/dicodusport.fr\/blog\/transferts-asse-saint-etienne-veut-vendre-plusieurs-joueurs-cet-hiver\/#article","isPartOf":{"@id":"https:\/\/dicodusport.fr\/blog\/transferts-asse-saint-etienne-veut-vendre-plusieurs-joueurs-cet-hiver\/"},"author":{"name":"Nicolas Jacquemard","@id":"https:\/\/dicodusport.fr\/blog\/#\/schema\/person\/55dcb50ad410894e431ed812bbb70191"},"headline":"Transferts ASSE : Saint-\u00c9tienne veut vendre plusieurs joueurs cet hiver","datePublished":"2023-12-23T17:18:29+00:00","dateModified":"2023-12-24T12:06:53+00:00","mainEntityOfPage":{"@id":"https:\/\/dicodusport.fr\/blog\/transferts-asse-saint-etienne-veut-vendre-plusieurs-joueurs-cet-hiver\/"},"wordCount":279,"commentCount":0,"publisher":{"@id":"https:\/\/dicodusport.fr\/blog\/#organization"},"image":{"@id":"https:\/\/dicodusport.fr\/blog\/transferts-asse-saint-etienne-veut-vendre-plusieurs-joueurs-cet-hiver\/#primaryimage"},"thumbnailUrl":"https:\/\/dicodusport.fr\/blog\/wp-content\/uploads\/2023\/12\/Transferts-ASSE-Saint-Etienne-veut-vendre-plusieurs-joueurs-cet-hiver.png","keywords":["ASSE","br\u00e8ve","Football","Mercato","transferts"],"articleSection":["Football"],"inLanguage":"fr-FR","potentialAction":[{"@type":"CommentAction","name":"Comment","target":["https:\/\/dicodusport.fr\/blog\/transferts-asse-saint-etienne-veut-vendre-plusieurs-joueurs-cet-hiver\/#respond"]}],"copyrightYear":"2023","copyrightHolder":{"@id":"https:\/\/dicodusport.fr\/blog\/#organization"}},{"@type":"WebPage","@id":"https:\/\/dicodusport.fr\/blog\/transferts-asse-saint-etienne-veut-vendre-plusieurs-joueurs-cet-hiver\/","url":"https:\/\/dicodusport.fr\/blog\/transferts-asse-saint-etienne-veut-vendre-plusieurs-joueurs-cet-hiver\/","name":"Transferts ASSE : Saint-\u00c9tienne veut vendre plusieurs joueurs cet hiver","isPartOf":{"@id":"https:\/\/dicodusport.fr\/blog\/#website"},"primaryImageOfPage":{"@id":"https:\/\/dicodusport.fr\/blog\/transferts-asse-saint-etienne-veut-vendre-plusieurs-joueurs-cet-hiver\/#primaryimage"},"image":{"@id":"https:\/\/dicodusport.fr\/blog\/transferts-asse-saint-etienne-veut-vendre-plusieurs-joueurs-cet-hiver\/#primaryimage"},"thumbnailUrl":"https:\/\/dicodusport.fr\/blog\/wp-content\/uploads\/2023\/12\/Transferts-ASSE-Saint-Etienne-veut-vendre-plusieurs-joueurs-cet-hiver.png","datePublished":"2023-12-23T17:18:29+00:00","dateModified":"2023-12-24T12:06:53+00:00","description":"FOOTBALL - Selon L'\u00c9quipe, Saint-\u00c9tienne veut d\u00e9graisser son effectif pour r\u00e9ussir \u00e0 recruter \u00e0 des postes cl\u00e9s.\u00a0","breadcrumb":{"@id":"https:\/\/dicodusport.fr\/blog\/transferts-asse-saint-etienne-veut-vendre-plusieurs-joueurs-cet-hiver\/#breadcrumb"},"inLanguage":"fr-FR","potentialAction":[{"@type":"ReadAction","target":["https:\/\/dicodusport.fr\/blog\/transferts-asse-saint-etienne-veut-vendre-plusieurs-joueurs-cet-hiver\/"]}]},{"@type":"ImageObject","inLanguage":"fr-FR","@id":"https:\/\/dicodusport.fr\/blog\/transferts-asse-saint-etienne-veut-vendre-plusieurs-joueurs-cet-hiver\/#primaryimage","url":"https:\/\/dicodusport.fr\/blog\/wp-content\/uploads\/2023\/12\/Transferts-ASSE-Saint-Etienne-veut-vendre-plusieurs-joueurs-cet-hiver.png","contentUrl":"https:\/\/dicodusport.fr\/blog\/wp-content\/uploads\/2023\/12\/Transferts-ASSE-Saint-Etienne-veut-vendre-plusieurs-joueurs-cet-hiver.png","width":1200,"height":674},{"@type":"BreadcrumbList","@id":"https:\/\/dicodusport.fr\/blog\/transferts-asse-saint-etienne-veut-vendre-plusieurs-joueurs-cet-hiver\/#breadcrumb","itemListElement":[{"@type":"ListItem","position":1,"name":"Accueil","item":"https:\/\/dicodusport.fr\/blog\/"},{"@type":"ListItem","position":2,"name":"Transferts ASSE : Saint-\u00c9tienne veut vendre plusieurs joueurs cet hiver"}]},{"@type":"WebSite","@id":"https:\/\/dicodusport.fr\/blog\/#website","url":"https:\/\/dicodusport.fr\/blog\/","name":"Dicodusport","description":"L&#039;encyclop\u00e9die de l&#039;actualit\u00e9 sportive","publisher":{"@id":"https:\/\/dicodusport.fr\/blog\/#organization"},"potentialAction":[{"@type":"SearchAction","target":{"@type":"EntryPoint","urlTemplate":"https:\/\/dicodusport.fr\/blog\/?s={search_term_string}"},"query-input":{"@type":"PropertyValueSpecification","valueRequired":true,"valueName":"search_term_string"}}],"inLanguage":"fr-FR"},{"@type":"NewsMediaOrganization","@id":"https:\/\/dicodusport.fr\/blog\/#organization","name":"Dicodusport","url":"https:\/\/dicodusport.fr\/blog\/","logo":{"@type":"ImageObject","inLanguage":"fr-FR","@id":"https:\/\/dicodusport.fr\/blog\/#\/schema\/logo\/image\/","url":"https:\/\/dicodusport.fr\/blog\/wp-content\/uploads\/2020\/06\/cropped-LOGO-DICODUSPORT-2020-SANS-FOND-SANS-TEXTE.png","contentUrl":"https:\/\/dicodusport.fr\/blog\/wp-content\/uploads\/2020\/06\/cropped-LOGO-DICODUSPORT-2020-SANS-FOND-SANS-TEXTE.png","width":512,"height":512,"caption":"Dicodusport"},"image":{"@id":"https:\/\/dicodusport.fr\/blog\/#\/schema\/logo\/image\/"},"sameAs":["https:\/\/www.facebook.com\/dicodusport","https:\/\/x.com\/dicodusport","https:\/\/www.instagram.com\/dicodusport\/","https:\/\/www.youtube.com\/channel\/UC7V2KZ5sd3htJivAbA4ZG3w"],"description":"Dicodusport est l'encyclop\u00e9die de l'actualit\u00e9 sportive.","email":"bonjour@dicodusport.fr","legalName":"DICODUSPORT","foundingDate":"2018-01-14","vatID":"FR71834470973","taxID":"83447097300043","numberOfEmployees":{"@type":"QuantitativeValue","minValue":"1","maxValue":"10"}},{"@type":"Person","@id":"https:\/\/dicodusport.fr\/blog\/#\/schema\/person\/55dcb50ad410894e431ed812bbb70191","name":"Nicolas Jacquemard","image":{"@type":"ImageObject","inLanguage":"fr-FR","@id":"https:\/\/dicodusport.fr\/blog\/#\/schema\/person\/image\/","url":"https:\/\/dicodusport.fr\/blog\/wp-content\/uploads\/2021\/05\/Nicolas-Jacquemard-150x150.jpeg","contentUrl":"https:\/\/dicodusport.fr\/blog\/wp-content\/uploads\/2021\/05\/Nicolas-Jacquemard-150x150.jpeg","caption":"Nicolas Jacquemard"},"description":"Passionn\u00e9 de sport et entrepreneur depuis mes 18 ans, la cr\u00e9ation de Dicodusport m'a sembl\u00e9 \u00e9vidente pour participer \u00e0 la m\u00e9diatisation d'un plus grand nombre de sports. Le chemin est long mais avec une \u00e9quipe des plus motiv\u00e9es et les Jeux Olympiques de Paris 2024 en point de mire, nous y arriverons ! Journaliste dans le monde du sport depuis plus de 5 ans, je traite aussi bien de football, de rugby, de biathlon que de cyclisme.","sameAs":["https:\/\/www.facebook.com\/dicodusport","https:\/\/x.com\/https:\/\/twitter.com\/Nico_Jacquemard"],"url":"https:\/\/dicodusport.fr\/blog\/author\/dicodusport\/"}]}},"_links":{"self":[{"href":"https:\/\/dicodusport.fr\/blog\/wp-json\/wp\/v2\/posts\/447324","targetHints":{"allow":["GET"]}}],"collection":[{"href":"https:\/\/dicodusport.fr\/blog\/wp-json\/wp\/v2\/posts"}],"about":[{"href":"https:\/\/dicodusport.fr\/blog\/wp-json\/wp\/v2\/types\/post"}],"author":[{"embeddable":true,"href":"https:\/\/dicodusport.fr\/blog\/wp-json\/wp\/v2\/users\/1"}],"replies":[{"embeddable":true,"href":"https:\/\/dicodusport.fr\/blog\/wp-json\/wp\/v2\/comments?post=447324"}],"version-history":[{"count":3,"href":"https:\/\/dicodusport.fr\/blog\/wp-json\/wp\/v2\/posts\/447324\/revisions"}],"predecessor-version":[{"id":447424,"href":"https:\/\/dicodusport.fr\/blog\/wp-json\/wp\/v2\/posts\/447324\/revisions\/447424"}],"wp:featuredmedia":[{"embeddable":true,"href":"https:\/\/dicodusport.fr\/blog\/wp-json\/wp\/v2\/media\/447334"}],"wp:attachment":[{"href":"https:\/\/dicodusport.fr\/blog\/wp-json\/wp\/v2\/media?parent=447324"}],"wp:term":[{"taxonomy":"category","embeddable":true,"href":"https:\/\/dicodusport.fr\/blog\/wp-json\/wp\/v2\/categories?post=447324"},{"taxonomy":"post_tag","embeddable":true,"href":"https:\/\/dicodusport.fr\/blog\/wp-json\/wp\/v2\/tags?post=447324"}],"curies":[{"name":"wp","href":"https:\/\/api.w.org\/{rel}","templated":true}]}}