{"id":44741,"date":"2019-08-06T09:14:40","date_gmt":"2019-08-06T07:14:40","guid":{"rendered":"http:\/\/dicodusport.fr\/blog\/?p=44741"},"modified":"2019-08-06T09:14:40","modified_gmt":"2019-08-06T07:14:40","slug":"basket-coupe-du-monde-les-bleus-debutent-leur-preparation-par-une-defaite","status":"publish","type":"post","link":"https:\/\/dicodusport.fr\/blog\/basket-coupe-du-monde-les-bleus-debutent-leur-preparation-par-une-defaite\/","title":{"rendered":"Basket &#8211; Coupe du Monde : les Bleus d\u00e9butent leur pr\u00e9paration par une d\u00e9faite"},"content":{"rendered":"<p style=\"text-align: justify;\"><strong><em>Pour leur premier match de pr\u00e9paration, les Bleus se sont inclin\u00e9s 69-74 face \u00e0 la Turquie.<\/em><\/strong><\/p>\n<p style=\"text-align: justify;\">Les Bleus sont actuellement dans la premi\u00e8re phase de pr\u00e9paration de la Coupe du monde de Basket qui d\u00e9butera \u00e0 la fin du mois d&rsquo;ao\u00fbt en Chine.<br \/>\nApr\u00e8s une semaine intensive d&rsquo;entra\u00eenements, les Fran\u00e7ais avaient rendez-vous avec la Turquie pour leur premier de leurs huit matchs amicaux.<\/p>\n<p style=\"text-align: justify;\">Habitu\u00e9e \u00e0 commencer ses campagnes par des victoires depuis son installation \u00e0 Pau comme camp de base, la France a cette fois d\u00e9but\u00e9 par une d\u00e9faite. Plus poussive et en difficult\u00e9 en attaque qui n&rsquo;\u00e9tait\u00a0pas la priorit\u00e9 de Vincent Collet comme il l&rsquo;avait d\u00e9clar\u00e9 avant le match, l&rsquo;\u00e9quipe de France a commis trop de pertes de balle qui ont offert des paniers faciles \u00e0 la Turquie. En deuxi\u00e8me p\u00e9riode, la d\u00e9fense des Bleus s&rsquo;est quelque peu rel\u00e2ch\u00e9e et les Turcs ont pu d\u00e9rouler leur jeu.<\/p>\n<p style=\"text-align: justify;\"><div class=\"su-quote su-quote-style-default su-quote-has-cite\"><div class=\"su-quote-inner su-u-clearfix su-u-trim\">Je pense que nous avons \u00e9t\u00e9 globalement domin\u00e9s. Ils ont \u00e9t\u00e9 meilleurs et surtout exactement dans ce qu&rsquo;ils voulaient faire : jouer longtemps, utiliser les \u00e9crans. Plusieurs fois les shooteurs sont sortis avec de l&rsquo;avance alors que nos \u00e9crans , de notre c\u00f4t\u00e9, \u00e9taient insuffisants. C&rsquo;est un premier match qui nous permet de voir ce qui a \u00e9t\u00e9 travaill\u00e9. En attaque nous devons \u00eatre plus rigoureux pour utiliser l&rsquo;espace et trouver par exemple Rudy Gobert pr\u00e8s du cercle. Il y avait des efforts mais souvent g\u00e2ch\u00e9s par de petites erreurs et un rel\u00e2chement au rebond offensif. Certaines s\u00e9quences ont \u00e9t\u00e9 vraiment bonnes et des joueurs ont montr\u00e9 des choses. Mais collectivement nous devons faire mieux. Le groupe restera inchang\u00e9 \u00e0 Lyon et nous ne sommes pas press\u00e9s quant \u00e0 la constitution du groupe. Parfois c&rsquo;est une bonne chose de se faire piquer d&rsquo;entr\u00e9e.<span class=\"su-quote-cite\">Vincent Collet, s\u00e9lectionneur de l'\u00e9quipe de France<\/span><\/div><\/div>\n<p style=\"text-align: justify;\">Il faudra montrer un autre visage d\u00e8s mercredi face \u00e0 la Tunisie.<\/p>\n<p>&nbsp;<\/p>\n<div class=\"su-box su-box-style-default\" id=\"\" style=\"border-color:#001852;border-radius:3px;\"><div class=\"su-box-title\" style=\"background-color:#124b85;color:#FFFFFF;border-top-left-radius:1px;border-top-right-radius:1px\">Matchs de pr\u00e9paration<\/div><div class=\"su-box-content su-u-clearfix su-u-trim\" style=\"border-bottom-left-radius:1px;border-bottom-right-radius:1px\">\n<p><strong>Lundi 5 ao\u00fbt :<\/strong>\u00a0France 69-74 Turquie<\/p>\n<p><strong>Mercredi 7 ao\u00fbt \u00e0 20h30 :<\/strong> France-Tunisie au Palais des Sports de Toulouse<\/p>\n<p><strong>Jeudi 15 ao\u00fbt \u00e0 20h30 :<\/strong> France-Mont\u00e9n\u00e9gro \u00e0 l&rsquo;Astroballe de Villeurbanne<\/p>\n<p><strong>Vendredi 16 ao\u00fbt \u00e0 20h30 :<\/strong> France Br\u00e9sil \u00e0 l&rsquo;Astroballe de Villeurbanne<\/p>\n<p><strong>Samedi 17 ao\u00fbt :<\/strong> France-Argentine \u00e0 l&rsquo;Astroballe de Villeurbanne<\/p>\n<p><strong>Samedi 24 ao\u00fbt :<\/strong> France\/Nouvelle-Z\u00e9lande<\/p>\n<p><strong>Dimanche 25 ao\u00fbt :<\/strong> France-Italie<\/p>\n<p><strong>Mardi 27 ao\u00fbt :<\/strong> France-Serbie<\/div><\/div>\n<p style=\"text-align: justify;\"><strong><em>Dicodusport<br \/>\n<a href=\"https:\/\/www.facebook.com\/dicodusport\/\" target=\"_blank\" rel=\"noopener\"><img loading=\"lazy\" decoding=\"async\" class=\"alignnone wp-image-2909\" src=\"http:\/\/dicodusport.fr\/blog\/wp-content\/uploads\/2017\/07\/logo-facebook-150x150.png\" alt=\"\" width=\"40\" height=\"40\" \/><\/a><a href=\"https:\/\/twitter.com\/dicodusport\" target=\"_blank\" rel=\"noopener\"><img loading=\"lazy\" decoding=\"async\" class=\"alignnone wp-image-2908\" src=\"http:\/\/dicodusport.fr\/blog\/wp-content\/uploads\/2017\/07\/logo-twitter-150x150.png\" alt=\"\" width=\"39\" height=\"39\" \/><\/a><\/em><\/strong><\/p>\n","protected":false},"excerpt":{"rendered":"<p>Pour leur premier match de pr\u00e9paration pour la Coupe du Monde 2019, les Bleus se sont inclin\u00e9s 69-74 face \u00e0 la Turquie \u00e0 Pau.<\/p>\n","protected":false},"author":12,"featured_media":44743,"comment_status":"open","ping_status":"closed","sticky":false,"template":"","format":"standard","meta":{"_acf_changed":false,"_daextam_enable_autolinks":"","footnotes":""},"categories":[2305],"tags":[8179],"class_list":["post-44741","post","type-post","status-publish","format-standard","has-post-thumbnail","hentry","category-basket-ball","tag-france-basket"],"acf":[],"yoast_head":"<!-- This site is optimized with the Yoast SEO Premium plugin v26.7 (Yoast SEO v26.7) - https:\/\/yoast.com\/wordpress\/plugins\/seo\/ -->\n<title>Basket - Coupe du Monde : les Bleus d\u00e9butent leur pr\u00e9paration par une d\u00e9faite<\/title>\n<meta name=\"description\" content=\"Pour leur premier match de pr\u00e9paration pour la Coupe du Monde 2019, les Bleus se sont inclin\u00e9s 69-74 face \u00e0 la Turquie \u00e0 Pau.\" \/>\n<meta name=\"robots\" content=\"index, follow, max-snippet:-1, max-image-preview:large, max-video-preview:-1\" \/>\n<link rel=\"canonical\" href=\"https:\/\/dicodusport.fr\/blog\/basket-coupe-du-monde-les-bleus-debutent-leur-preparation-par-une-defaite\/\" \/>\n<meta property=\"og:locale\" content=\"fr_FR\" \/>\n<meta property=\"og:type\" content=\"article\" \/>\n<meta property=\"og:title\" content=\"Basket - Coupe du Monde : les Bleus d\u00e9butent leur pr\u00e9paration par une d\u00e9faite\" \/>\n<meta property=\"og:description\" content=\"Pour leur premier match de pr\u00e9paration pour la Coupe du Monde 2019, les Bleus se sont inclin\u00e9s 69-74 face \u00e0 la Turquie \u00e0 Pau.\" \/>\n<meta property=\"og:url\" content=\"https:\/\/dicodusport.fr\/blog\/basket-coupe-du-monde-les-bleus-debutent-leur-preparation-par-une-defaite\/\" \/>\n<meta property=\"og:site_name\" content=\"Dicodusport\" \/>\n<meta property=\"article:publisher\" content=\"https:\/\/www.facebook.com\/dicodusport\" \/>\n<meta property=\"article:published_time\" content=\"2019-08-06T07:14:40+00:00\" \/>\n<meta property=\"og:image\" content=\"https:\/\/dicodusport.fr\/blog\/wp-content\/uploads\/2019\/08\/France-basket.png\" \/>\n\t<meta property=\"og:image:width\" content=\"800\" \/>\n\t<meta property=\"og:image:height\" content=\"445\" \/>\n\t<meta property=\"og:image:type\" content=\"image\/png\" \/>\n<meta name=\"author\" content=\"Arlette Yeye\" \/>\n<meta name=\"twitter:card\" content=\"summary_large_image\" \/>\n<meta name=\"twitter:title\" content=\"Basket - Coupe du Monde : les Bleus d\u00e9butent leur pr\u00e9paration par une d\u00e9faite\" \/>\n<meta name=\"twitter:creator\" content=\"@https:\/\/twitter.com\/Shiclette94\" \/>\n<meta name=\"twitter:site\" content=\"@dicodusport\" \/>\n<script type=\"application\/ld+json\" class=\"yoast-schema-graph\">{\"@context\":\"https:\/\/schema.org\",\"@graph\":[{\"@type\":\"NewsArticle\",\"@id\":\"https:\/\/dicodusport.fr\/blog\/basket-coupe-du-monde-les-bleus-debutent-leur-preparation-par-une-defaite\/#article\",\"isPartOf\":{\"@id\":\"https:\/\/dicodusport.fr\/blog\/basket-coupe-du-monde-les-bleus-debutent-leur-preparation-par-une-defaite\/\"},\"author\":{\"name\":\"Arlette Yeye\",\"@id\":\"https:\/\/dicodusport.fr\/blog\/#\/schema\/person\/cce96fa88785bd8573e3d43078ac8c79\"},\"headline\":\"Basket &#8211; Coupe du Monde : les Bleus d\u00e9butent leur pr\u00e9paration par une d\u00e9faite\",\"datePublished\":\"2019-08-06T07:14:40+00:00\",\"mainEntityOfPage\":{\"@id\":\"https:\/\/dicodusport.fr\/blog\/basket-coupe-du-monde-les-bleus-debutent-leur-preparation-par-une-defaite\/\"},\"wordCount\":440,\"commentCount\":0,\"publisher\":{\"@id\":\"https:\/\/dicodusport.fr\/blog\/#organization\"},\"image\":{\"@id\":\"https:\/\/dicodusport.fr\/blog\/basket-coupe-du-monde-les-bleus-debutent-leur-preparation-par-une-defaite\/#primaryimage\"},\"thumbnailUrl\":\"https:\/\/dicodusport.fr\/blog\/wp-content\/uploads\/2019\/08\/France-basket.png\",\"keywords\":[\"France basket\"],\"articleSection\":[\"Basket-ball\"],\"inLanguage\":\"fr-FR\",\"potentialAction\":[{\"@type\":\"CommentAction\",\"name\":\"Comment\",\"target\":[\"https:\/\/dicodusport.fr\/blog\/basket-coupe-du-monde-les-bleus-debutent-leur-preparation-par-une-defaite\/#respond\"]}],\"copyrightYear\":\"2019\",\"copyrightHolder\":{\"@id\":\"https:\/\/dicodusport.fr\/blog\/#organization\"}},{\"@type\":\"WebPage\",\"@id\":\"https:\/\/dicodusport.fr\/blog\/basket-coupe-du-monde-les-bleus-debutent-leur-preparation-par-une-defaite\/\",\"url\":\"https:\/\/dicodusport.fr\/blog\/basket-coupe-du-monde-les-bleus-debutent-leur-preparation-par-une-defaite\/\",\"name\":\"Basket - Coupe du Monde : les Bleus d\u00e9butent leur pr\u00e9paration par une d\u00e9faite\",\"isPartOf\":{\"@id\":\"https:\/\/dicodusport.fr\/blog\/#website\"},\"primaryImageOfPage\":{\"@id\":\"https:\/\/dicodusport.fr\/blog\/basket-coupe-du-monde-les-bleus-debutent-leur-preparation-par-une-defaite\/#primaryimage\"},\"image\":{\"@id\":\"https:\/\/dicodusport.fr\/blog\/basket-coupe-du-monde-les-bleus-debutent-leur-preparation-par-une-defaite\/#primaryimage\"},\"thumbnailUrl\":\"https:\/\/dicodusport.fr\/blog\/wp-content\/uploads\/2019\/08\/France-basket.png\",\"datePublished\":\"2019-08-06T07:14:40+00:00\",\"description\":\"Pour leur premier match de pr\u00e9paration pour la Coupe du Monde 2019, les Bleus se sont inclin\u00e9s 69-74 face \u00e0 la Turquie \u00e0 Pau.\",\"breadcrumb\":{\"@id\":\"https:\/\/dicodusport.fr\/blog\/basket-coupe-du-monde-les-bleus-debutent-leur-preparation-par-une-defaite\/#breadcrumb\"},\"inLanguage\":\"fr-FR\",\"potentialAction\":[{\"@type\":\"ReadAction\",\"target\":[\"https:\/\/dicodusport.fr\/blog\/basket-coupe-du-monde-les-bleus-debutent-leur-preparation-par-une-defaite\/\"]}]},{\"@type\":\"ImageObject\",\"inLanguage\":\"fr-FR\",\"@id\":\"https:\/\/dicodusport.fr\/blog\/basket-coupe-du-monde-les-bleus-debutent-leur-preparation-par-une-defaite\/#primaryimage\",\"url\":\"https:\/\/dicodusport.fr\/blog\/wp-content\/uploads\/2019\/08\/France-basket.png\",\"contentUrl\":\"https:\/\/dicodusport.fr\/blog\/wp-content\/uploads\/2019\/08\/France-basket.png\",\"width\":800,\"height\":445},{\"@type\":\"BreadcrumbList\",\"@id\":\"https:\/\/dicodusport.fr\/blog\/basket-coupe-du-monde-les-bleus-debutent-leur-preparation-par-une-defaite\/#breadcrumb\",\"itemListElement\":[{\"@type\":\"ListItem\",\"position\":1,\"name\":\"Accueil\",\"item\":\"https:\/\/dicodusport.fr\/blog\/\"},{\"@type\":\"ListItem\",\"position\":2,\"name\":\"Basket &#8211; Coupe du Monde : les Bleus d\u00e9butent leur pr\u00e9paration par une d\u00e9faite\"}]},{\"@type\":\"WebSite\",\"@id\":\"https:\/\/dicodusport.fr\/blog\/#website\",\"url\":\"https:\/\/dicodusport.fr\/blog\/\",\"name\":\"Dicodusport\",\"description\":\"L&#039;encyclop\u00e9die de l&#039;actualit\u00e9 sportive\",\"publisher\":{\"@id\":\"https:\/\/dicodusport.fr\/blog\/#organization\"},\"potentialAction\":[{\"@type\":\"SearchAction\",\"target\":{\"@type\":\"EntryPoint\",\"urlTemplate\":\"https:\/\/dicodusport.fr\/blog\/?s={search_term_string}\"},\"query-input\":{\"@type\":\"PropertyValueSpecification\",\"valueRequired\":true,\"valueName\":\"search_term_string\"}}],\"inLanguage\":\"fr-FR\"},{\"@type\":\"NewsMediaOrganization\",\"@id\":\"https:\/\/dicodusport.fr\/blog\/#organization\",\"name\":\"Dicodusport\",\"url\":\"https:\/\/dicodusport.fr\/blog\/\",\"logo\":{\"@type\":\"ImageObject\",\"inLanguage\":\"fr-FR\",\"@id\":\"https:\/\/dicodusport.fr\/blog\/#\/schema\/logo\/image\/\",\"url\":\"https:\/\/dicodusport.fr\/blog\/wp-content\/uploads\/2020\/06\/cropped-LOGO-DICODUSPORT-2020-SANS-FOND-SANS-TEXTE.png\",\"contentUrl\":\"https:\/\/dicodusport.fr\/blog\/wp-content\/uploads\/2020\/06\/cropped-LOGO-DICODUSPORT-2020-SANS-FOND-SANS-TEXTE.png\",\"width\":512,\"height\":512,\"caption\":\"Dicodusport\"},\"image\":{\"@id\":\"https:\/\/dicodusport.fr\/blog\/#\/schema\/logo\/image\/\"},\"sameAs\":[\"https:\/\/www.facebook.com\/dicodusport\",\"https:\/\/x.com\/dicodusport\",\"https:\/\/www.instagram.com\/dicodusport\/\",\"https:\/\/www.youtube.com\/channel\/UC7V2KZ5sd3htJivAbA4ZG3w\"],\"description\":\"Dicodusport est l'encyclop\u00e9die de l'actualit\u00e9 sportive.\",\"email\":\"bonjour@dicodusport.fr\",\"legalName\":\"DICODUSPORT\",\"foundingDate\":\"2018-01-14\",\"vatID\":\"FR71834470973\",\"taxID\":\"83447097300043\",\"numberOfEmployees\":{\"@type\":\"QuantitativeValue\",\"minValue\":\"1\",\"maxValue\":\"10\"}},{\"@type\":\"Person\",\"@id\":\"https:\/\/dicodusport.fr\/blog\/#\/schema\/person\/cce96fa88785bd8573e3d43078ac8c79\",\"name\":\"Arlette Yeye\",\"image\":{\"@type\":\"ImageObject\",\"inLanguage\":\"fr-FR\",\"@id\":\"https:\/\/dicodusport.fr\/blog\/#\/schema\/person\/image\/\",\"url\":\"https:\/\/secure.gravatar.com\/avatar\/dca4a6239e6d708e46c45d60e160de6c?s=96&d=wp_user_avatar&r=g\",\"contentUrl\":\"https:\/\/secure.gravatar.com\/avatar\/dca4a6239e6d708e46c45d60e160de6c?s=96&d=wp_user_avatar&r=g\",\"caption\":\"Arlette Yeye\"},\"description\":\"Journaliste\/r\u00e9dactrice depuis septembre 2015 - Supportrice de Chelsea, j'ai pour sports de pr\u00e9dilection le handball, l'athl\u00e9tisme et le tennis. Si je tweete plus vite que mon ombre, vous pouvez aussi me retrouver les week-ends sur les playgrounds de Bruxelles pour un petit foot ou basket entre potes. Parcourir la France, l'Europe et plus si affinit\u00e9s pour suivre mes sportifs pr\u00e9f\u00e9r\u00e9s ? Mon kif ! Et c'est avec plaisir que je partage les r\u00e9sultats des sports populaires mais \u00e9galement plus confidentiels pour Dicodusport.\",\"sameAs\":[\"https:\/\/x.com\/https:\/\/twitter.com\/Shiclette94\"],\"url\":\"https:\/\/dicodusport.fr\/blog\/author\/arlette\/\"}]}<\/script>\n<!-- \/ Yoast SEO Premium plugin. -->","yoast_head_json":{"title":"Basket - Coupe du Monde : les Bleus d\u00e9butent leur pr\u00e9paration par une d\u00e9faite","description":"Pour leur premier match de pr\u00e9paration pour la Coupe du Monde 2019, les Bleus se sont inclin\u00e9s 69-74 face \u00e0 la Turquie \u00e0 Pau.","robots":{"index":"index","follow":"follow","max-snippet":"max-snippet:-1","max-image-preview":"max-image-preview:large","max-video-preview":"max-video-preview:-1"},"canonical":"https:\/\/dicodusport.fr\/blog\/basket-coupe-du-monde-les-bleus-debutent-leur-preparation-par-une-defaite\/","og_locale":"fr_FR","og_type":"article","og_title":"Basket - Coupe du Monde : les Bleus d\u00e9butent leur pr\u00e9paration par une d\u00e9faite","og_description":"Pour leur premier match de pr\u00e9paration pour la Coupe du Monde 2019, les Bleus se sont inclin\u00e9s 69-74 face \u00e0 la Turquie \u00e0 Pau.","og_url":"https:\/\/dicodusport.fr\/blog\/basket-coupe-du-monde-les-bleus-debutent-leur-preparation-par-une-defaite\/","og_site_name":"Dicodusport","article_publisher":"https:\/\/www.facebook.com\/dicodusport","article_published_time":"2019-08-06T07:14:40+00:00","og_image":[{"width":800,"height":445,"url":"https:\/\/dicodusport.fr\/blog\/wp-content\/uploads\/2019\/08\/France-basket.png","type":"image\/png"}],"author":"Arlette Yeye","twitter_card":"summary_large_image","twitter_title":"Basket - Coupe du Monde : les Bleus d\u00e9butent leur pr\u00e9paration par une d\u00e9faite","twitter_creator":"@https:\/\/twitter.com\/Shiclette94","twitter_site":"@dicodusport","schema":{"@context":"https:\/\/schema.org","@graph":[{"@type":"NewsArticle","@id":"https:\/\/dicodusport.fr\/blog\/basket-coupe-du-monde-les-bleus-debutent-leur-preparation-par-une-defaite\/#article","isPartOf":{"@id":"https:\/\/dicodusport.fr\/blog\/basket-coupe-du-monde-les-bleus-debutent-leur-preparation-par-une-defaite\/"},"author":{"name":"Arlette Yeye","@id":"https:\/\/dicodusport.fr\/blog\/#\/schema\/person\/cce96fa88785bd8573e3d43078ac8c79"},"headline":"Basket &#8211; Coupe du Monde : les Bleus d\u00e9butent leur pr\u00e9paration par une d\u00e9faite","datePublished":"2019-08-06T07:14:40+00:00","mainEntityOfPage":{"@id":"https:\/\/dicodusport.fr\/blog\/basket-coupe-du-monde-les-bleus-debutent-leur-preparation-par-une-defaite\/"},"wordCount":440,"commentCount":0,"publisher":{"@id":"https:\/\/dicodusport.fr\/blog\/#organization"},"image":{"@id":"https:\/\/dicodusport.fr\/blog\/basket-coupe-du-monde-les-bleus-debutent-leur-preparation-par-une-defaite\/#primaryimage"},"thumbnailUrl":"https:\/\/dicodusport.fr\/blog\/wp-content\/uploads\/2019\/08\/France-basket.png","keywords":["France basket"],"articleSection":["Basket-ball"],"inLanguage":"fr-FR","potentialAction":[{"@type":"CommentAction","name":"Comment","target":["https:\/\/dicodusport.fr\/blog\/basket-coupe-du-monde-les-bleus-debutent-leur-preparation-par-une-defaite\/#respond"]}],"copyrightYear":"2019","copyrightHolder":{"@id":"https:\/\/dicodusport.fr\/blog\/#organization"}},{"@type":"WebPage","@id":"https:\/\/dicodusport.fr\/blog\/basket-coupe-du-monde-les-bleus-debutent-leur-preparation-par-une-defaite\/","url":"https:\/\/dicodusport.fr\/blog\/basket-coupe-du-monde-les-bleus-debutent-leur-preparation-par-une-defaite\/","name":"Basket - Coupe du Monde : les Bleus d\u00e9butent leur pr\u00e9paration par une d\u00e9faite","isPartOf":{"@id":"https:\/\/dicodusport.fr\/blog\/#website"},"primaryImageOfPage":{"@id":"https:\/\/dicodusport.fr\/blog\/basket-coupe-du-monde-les-bleus-debutent-leur-preparation-par-une-defaite\/#primaryimage"},"image":{"@id":"https:\/\/dicodusport.fr\/blog\/basket-coupe-du-monde-les-bleus-debutent-leur-preparation-par-une-defaite\/#primaryimage"},"thumbnailUrl":"https:\/\/dicodusport.fr\/blog\/wp-content\/uploads\/2019\/08\/France-basket.png","datePublished":"2019-08-06T07:14:40+00:00","description":"Pour leur premier match de pr\u00e9paration pour la Coupe du Monde 2019, les Bleus se sont inclin\u00e9s 69-74 face \u00e0 la Turquie \u00e0 Pau.","breadcrumb":{"@id":"https:\/\/dicodusport.fr\/blog\/basket-coupe-du-monde-les-bleus-debutent-leur-preparation-par-une-defaite\/#breadcrumb"},"inLanguage":"fr-FR","potentialAction":[{"@type":"ReadAction","target":["https:\/\/dicodusport.fr\/blog\/basket-coupe-du-monde-les-bleus-debutent-leur-preparation-par-une-defaite\/"]}]},{"@type":"ImageObject","inLanguage":"fr-FR","@id":"https:\/\/dicodusport.fr\/blog\/basket-coupe-du-monde-les-bleus-debutent-leur-preparation-par-une-defaite\/#primaryimage","url":"https:\/\/dicodusport.fr\/blog\/wp-content\/uploads\/2019\/08\/France-basket.png","contentUrl":"https:\/\/dicodusport.fr\/blog\/wp-content\/uploads\/2019\/08\/France-basket.png","width":800,"height":445},{"@type":"BreadcrumbList","@id":"https:\/\/dicodusport.fr\/blog\/basket-coupe-du-monde-les-bleus-debutent-leur-preparation-par-une-defaite\/#breadcrumb","itemListElement":[{"@type":"ListItem","position":1,"name":"Accueil","item":"https:\/\/dicodusport.fr\/blog\/"},{"@type":"ListItem","position":2,"name":"Basket &#8211; Coupe du Monde : les Bleus d\u00e9butent leur pr\u00e9paration par une d\u00e9faite"}]},{"@type":"WebSite","@id":"https:\/\/dicodusport.fr\/blog\/#website","url":"https:\/\/dicodusport.fr\/blog\/","name":"Dicodusport","description":"L&#039;encyclop\u00e9die de l&#039;actualit\u00e9 sportive","publisher":{"@id":"https:\/\/dicodusport.fr\/blog\/#organization"},"potentialAction":[{"@type":"SearchAction","target":{"@type":"EntryPoint","urlTemplate":"https:\/\/dicodusport.fr\/blog\/?s={search_term_string}"},"query-input":{"@type":"PropertyValueSpecification","valueRequired":true,"valueName":"search_term_string"}}],"inLanguage":"fr-FR"},{"@type":"NewsMediaOrganization","@id":"https:\/\/dicodusport.fr\/blog\/#organization","name":"Dicodusport","url":"https:\/\/dicodusport.fr\/blog\/","logo":{"@type":"ImageObject","inLanguage":"fr-FR","@id":"https:\/\/dicodusport.fr\/blog\/#\/schema\/logo\/image\/","url":"https:\/\/dicodusport.fr\/blog\/wp-content\/uploads\/2020\/06\/cropped-LOGO-DICODUSPORT-2020-SANS-FOND-SANS-TEXTE.png","contentUrl":"https:\/\/dicodusport.fr\/blog\/wp-content\/uploads\/2020\/06\/cropped-LOGO-DICODUSPORT-2020-SANS-FOND-SANS-TEXTE.png","width":512,"height":512,"caption":"Dicodusport"},"image":{"@id":"https:\/\/dicodusport.fr\/blog\/#\/schema\/logo\/image\/"},"sameAs":["https:\/\/www.facebook.com\/dicodusport","https:\/\/x.com\/dicodusport","https:\/\/www.instagram.com\/dicodusport\/","https:\/\/www.youtube.com\/channel\/UC7V2KZ5sd3htJivAbA4ZG3w"],"description":"Dicodusport est l'encyclop\u00e9die de l'actualit\u00e9 sportive.","email":"bonjour@dicodusport.fr","legalName":"DICODUSPORT","foundingDate":"2018-01-14","vatID":"FR71834470973","taxID":"83447097300043","numberOfEmployees":{"@type":"QuantitativeValue","minValue":"1","maxValue":"10"}},{"@type":"Person","@id":"https:\/\/dicodusport.fr\/blog\/#\/schema\/person\/cce96fa88785bd8573e3d43078ac8c79","name":"Arlette Yeye","image":{"@type":"ImageObject","inLanguage":"fr-FR","@id":"https:\/\/dicodusport.fr\/blog\/#\/schema\/person\/image\/","url":"https:\/\/secure.gravatar.com\/avatar\/dca4a6239e6d708e46c45d60e160de6c?s=96&d=wp_user_avatar&r=g","contentUrl":"https:\/\/secure.gravatar.com\/avatar\/dca4a6239e6d708e46c45d60e160de6c?s=96&d=wp_user_avatar&r=g","caption":"Arlette Yeye"},"description":"Journaliste\/r\u00e9dactrice depuis septembre 2015 - Supportrice de Chelsea, j'ai pour sports de pr\u00e9dilection le handball, l'athl\u00e9tisme et le tennis. Si je tweete plus vite que mon ombre, vous pouvez aussi me retrouver les week-ends sur les playgrounds de Bruxelles pour un petit foot ou basket entre potes. Parcourir la France, l'Europe et plus si affinit\u00e9s pour suivre mes sportifs pr\u00e9f\u00e9r\u00e9s ? Mon kif ! Et c'est avec plaisir que je partage les r\u00e9sultats des sports populaires mais \u00e9galement plus confidentiels pour Dicodusport.","sameAs":["https:\/\/x.com\/https:\/\/twitter.com\/Shiclette94"],"url":"https:\/\/dicodusport.fr\/blog\/author\/arlette\/"}]}},"_links":{"self":[{"href":"https:\/\/dicodusport.fr\/blog\/wp-json\/wp\/v2\/posts\/44741","targetHints":{"allow":["GET"]}}],"collection":[{"href":"https:\/\/dicodusport.fr\/blog\/wp-json\/wp\/v2\/posts"}],"about":[{"href":"https:\/\/dicodusport.fr\/blog\/wp-json\/wp\/v2\/types\/post"}],"author":[{"embeddable":true,"href":"https:\/\/dicodusport.fr\/blog\/wp-json\/wp\/v2\/users\/12"}],"replies":[{"embeddable":true,"href":"https:\/\/dicodusport.fr\/blog\/wp-json\/wp\/v2\/comments?post=44741"}],"version-history":[{"count":0,"href":"https:\/\/dicodusport.fr\/blog\/wp-json\/wp\/v2\/posts\/44741\/revisions"}],"wp:featuredmedia":[{"embeddable":true,"href":"https:\/\/dicodusport.fr\/blog\/wp-json\/wp\/v2\/media\/44743"}],"wp:attachment":[{"href":"https:\/\/dicodusport.fr\/blog\/wp-json\/wp\/v2\/media?parent=44741"}],"wp:term":[{"taxonomy":"category","embeddable":true,"href":"https:\/\/dicodusport.fr\/blog\/wp-json\/wp\/v2\/categories?post=44741"},{"taxonomy":"post_tag","embeddable":true,"href":"https:\/\/dicodusport.fr\/blog\/wp-json\/wp\/v2\/tags?post=44741"}],"curies":[{"name":"wp","href":"https:\/\/api.w.org\/{rel}","templated":true}]}}