{"id":447412,"date":"2023-12-24T12:21:22","date_gmt":"2023-12-24T11:21:22","guid":{"rendered":"https:\/\/dicodusport.fr\/blog\/?p=447412&#038;preview=true&#038;preview_id=447412"},"modified":"2023-12-24T13:03:54","modified_gmt":"2023-12-24T12:03:54","slug":"transferts-asse-saint-etienne-veut-signer-junior-sambia","status":"publish","type":"post","link":"https:\/\/dicodusport.fr\/blog\/transferts-asse-saint-etienne-veut-signer-junior-sambia\/","title":{"rendered":"Transferts ASSE : Saint-\u00c9tienne veut signer Junior Sambia"},"content":{"rendered":"<p style=\"text-align: justify;\"><strong><em>FOOTBALL &#8211; Selon Ga\u00ebl B42, Saint-\u00c9tienne voudrait s&rsquo;offrir l&rsquo;ancien joueur de Montpellier, Junior Samba (Salernitana).\u00a0<\/em><\/strong><\/p>\n<p style=\"text-align: justify;\">Les <strong>Verts<\/strong> et leur nouvel entra\u00eeneur <strong>Olivier Dall&rsquo;Oglio<\/strong> ont de l&rsquo;ambition pour la deuxi\u00e8me partie de saison apr\u00e8s avoir bien termin\u00e9 2023. Avec son nouveau coach, <strong>Saint<\/strong>&#8211;<strong>\u00c9tienne<\/strong> a pris quatre points en deux matchs apr\u00e8s une s\u00e9rie de cinq d\u00e9faites cons\u00e9cutives. Le club du Forez doit vendre pour pouvoir se renforcer et des joueurs comme <strong>Thomas<\/strong> <strong>Monconduit<\/strong> et <strong>Victor<\/strong> <strong>Lobry<\/strong> sont candidats au d\u00e9part.<\/p>\n<ul style=\"text-align: justify;\">\n<li><strong>\u00c0 ce sujet &#8211; <a href=\"https:\/\/dicodusport.fr\/blog\/transferts-asse-saint-etienne-proche-de-signer-irvin-cardona\/\" target=\"_blank\" rel=\"noopener\">Transferts ASSE : Saint-\u00c9tienne proche de signer Irvin Cardona<\/a><\/strong><\/li>\n<\/ul>\n<h2 style=\"text-align: justify;\">Thomas Monconduit et Victor Lobry sur le d\u00e9part<\/h2>\n<p style=\"text-align: justify;\">Dans le secteur offensif, les <strong>Verts<\/strong> sont en discussions avec <strong>Irvin<\/strong> <strong>Cardona<\/strong> qui n&rsquo;est pas parvenu \u00e0 s&rsquo;imposer \u00e0 Augsbourg en <strong>Bundesliga<\/strong>. Mais ce n&rsquo;est pas le seul secteur o\u00f9 les St\u00e9phanois voudraient une recrue. M\u00eame si <strong>Yvann<\/strong> <strong>Ma\u00e7on<\/strong> devrait mettre fin \u00e0 son pr\u00eat en Isra\u00ebl pour revenir dans le Forez, <strong>Saint-\u00c9tienne<\/strong> cherche un joueur pouvant \u00e9voluer dans le couloir droit.<\/p>\n<ul>\n<li><strong>\u00c0 ce sujet &#8211; <a class=\"row-title\" href=\"https:\/\/dicodusport.fr\/blog\/transferts-asse-saint-etienne-veut-vendre-plusieurs-joueurs-cet-hiver\/\" aria-label=\"\u00ab\u00a0Transferts ASSE : Saint-\u00c9tienne veut vendre plusieurs joueurs cet hiver\u00a0\u00bb (Modifier)\">Transferts ASSE : Saint-\u00c9tienne veut vendre plusieurs joueurs cet hiver<\/a><\/strong><\/li>\n<\/ul>\n<p style=\"text-align: justify;\">L\u00e0 aussi, comme pour <strong>Irvin Cardona<\/strong>, l&rsquo;<strong>ASSE<\/strong> pourrait recruter un joueur qui a d\u00e9j\u00e0 \u00e9volu\u00e9 avec <strong>Olivier Dall&rsquo;Oglio<\/strong>. <strong>Junior<\/strong> <strong>Sambia<\/strong> est en manque de temps de jeu avec la <strong>Salernitana<\/strong> o\u00f9 il est arriv\u00e9 \u00e0 l&rsquo;\u00e9t\u00e9 2022. Apr\u00e8s 22 matchs disput\u00e9s pour sa premi\u00e8re ann\u00e9e en <strong>Serie<\/strong> <strong>A<\/strong>, il n&rsquo;a pris part qu&rsquo;\u00e0 deux matchs cette saison. Le nouvel entra\u00eeneur des <strong>Verts<\/strong>, qui l&rsquo;a connu quand il \u00e9tait \u00e0 <strong>Montpellier<\/strong>, voudrait le faire venir \u00e0 <strong>Saint-\u00c9tienne<\/strong>.<\/p>\n<blockquote class=\"twitter-tweet\">\n<p dir=\"ltr\" lang=\"fr\">L\u2019ASSE est sur la piste de Junior Sambia, l\u2019ancien lat\u00e9ral droit du MHSC<br \/>\nLe joueur a du mal \u00e0 s\u2019imposer en s\u00e9rie A avec l\u2019US Salernitana <a href=\"https:\/\/twitter.com\/hashtag\/ASSE?src=hash&amp;ref_src=twsrc%5Etfw\">#ASSE<\/a><\/p>\n<p>\u2014 Ga\u00ebl (@GaelB42) <a href=\"https:\/\/twitter.com\/GaelB42\/status\/1738597978129014876?ref_src=twsrc%5Etfw\">December 23, 2023<\/a><\/p><\/blockquote>\n<p><script async src=\"https:\/\/platform.twitter.com\/widgets.js\" charset=\"utf-8\"><\/script><\/p>\n","protected":false},"excerpt":{"rendered":"<p>FOOTBALL &#8211; Selon Gael B42, Saint-\u00c9tienne voudrait s&rsquo;offrir l&rsquo;ancien joueur de Montpellier, Junior Samba (Salernitana).\u00a0<\/p>\n","protected":false},"author":1,"featured_media":447414,"comment_status":"open","ping_status":"closed","sticky":false,"template":"","format":"standard","meta":{"_acf_changed":false,"_daextam_enable_autolinks":"1","footnotes":""},"categories":[2301],"tags":[1206,16878,75,1555,2832],"class_list":["post-447412","post","type-post","status-publish","format-standard","has-post-thumbnail","hentry","category-football","tag-asse","tag-breve","tag-football","tag-mercato","tag-transferts"],"acf":[],"yoast_head":"<!-- This site is optimized with the Yoast SEO Premium plugin v26.7 (Yoast SEO v26.7) - https:\/\/yoast.com\/wordpress\/plugins\/seo\/ -->\n<title>Transferts ASSE : Saint-\u00c9tienne veut signer Junior Sambia<\/title>\n<meta name=\"description\" content=\"FOOTBALL - Selon Ga\u00ebl B42, Saint-\u00c9tienne voudrait s&#039;offrir l&#039;ancien joueur de Montpellier, Junior Samba (Salernitana).\u00a0\" \/>\n<meta name=\"robots\" content=\"index, follow, max-snippet:-1, max-image-preview:large, max-video-preview:-1\" \/>\n<link rel=\"canonical\" href=\"https:\/\/dicodusport.fr\/blog\/transferts-asse-saint-etienne-veut-signer-junior-sambia\/\" \/>\n<meta property=\"og:locale\" content=\"fr_FR\" \/>\n<meta property=\"og:type\" content=\"article\" \/>\n<meta property=\"og:title\" content=\"Transferts ASSE : Saint-\u00c9tienne veut signer Junior Sambia\" \/>\n<meta property=\"og:description\" content=\"FOOTBALL - Selon Ga\u00ebl B42, Saint-\u00c9tienne voudrait s&#039;offrir l&#039;ancien joueur de Montpellier, Junior Samba (Salernitana).\u00a0\" \/>\n<meta property=\"og:url\" content=\"https:\/\/dicodusport.fr\/blog\/transferts-asse-saint-etienne-veut-signer-junior-sambia\/\" \/>\n<meta property=\"og:site_name\" content=\"Dicodusport\" \/>\n<meta property=\"article:publisher\" content=\"https:\/\/www.facebook.com\/dicodusport\" \/>\n<meta property=\"article:author\" content=\"https:\/\/www.facebook.com\/dicodusport\" \/>\n<meta property=\"article:published_time\" content=\"2023-12-24T11:21:22+00:00\" \/>\n<meta property=\"article:modified_time\" content=\"2023-12-24T12:03:54+00:00\" \/>\n<meta property=\"og:image\" content=\"https:\/\/dicodusport.fr\/blog\/wp-content\/uploads\/2023\/12\/Transferts-ASSE-Saint-Etienne-veut-signer-Junior-Sambia.png\" \/>\n\t<meta property=\"og:image:width\" content=\"1200\" \/>\n\t<meta property=\"og:image:height\" content=\"674\" \/>\n\t<meta property=\"og:image:type\" content=\"image\/png\" \/>\n<meta name=\"author\" content=\"Nicolas Jacquemard\" \/>\n<meta name=\"twitter:card\" content=\"summary_large_image\" \/>\n<meta name=\"twitter:title\" content=\"Transferts ASSE : Saint-\u00c9tienne veut signer Junior Sambia\" \/>\n<meta name=\"twitter:creator\" content=\"@https:\/\/twitter.com\/Nico_Jacquemard\" \/>\n<meta name=\"twitter:site\" content=\"@dicodusport\" \/>\n<script type=\"application\/ld+json\" class=\"yoast-schema-graph\">{\"@context\":\"https:\/\/schema.org\",\"@graph\":[{\"@type\":\"NewsArticle\",\"@id\":\"https:\/\/dicodusport.fr\/blog\/transferts-asse-saint-etienne-veut-signer-junior-sambia\/#article\",\"isPartOf\":{\"@id\":\"https:\/\/dicodusport.fr\/blog\/transferts-asse-saint-etienne-veut-signer-junior-sambia\/\"},\"author\":{\"name\":\"Nicolas Jacquemard\",\"@id\":\"https:\/\/dicodusport.fr\/blog\/#\/schema\/person\/55dcb50ad410894e431ed812bbb70191\"},\"headline\":\"Transferts ASSE : Saint-\u00c9tienne veut signer Junior Sambia\",\"datePublished\":\"2023-12-24T11:21:22+00:00\",\"dateModified\":\"2023-12-24T12:03:54+00:00\",\"mainEntityOfPage\":{\"@id\":\"https:\/\/dicodusport.fr\/blog\/transferts-asse-saint-etienne-veut-signer-junior-sambia\/\"},\"wordCount\":322,\"commentCount\":1,\"publisher\":{\"@id\":\"https:\/\/dicodusport.fr\/blog\/#organization\"},\"image\":{\"@id\":\"https:\/\/dicodusport.fr\/blog\/transferts-asse-saint-etienne-veut-signer-junior-sambia\/#primaryimage\"},\"thumbnailUrl\":\"https:\/\/dicodusport.fr\/blog\/wp-content\/uploads\/2023\/12\/Transferts-ASSE-Saint-Etienne-veut-signer-Junior-Sambia.png\",\"keywords\":[\"ASSE\",\"br\u00e8ve\",\"Football\",\"Mercato\",\"transferts\"],\"articleSection\":[\"Football\"],\"inLanguage\":\"fr-FR\",\"potentialAction\":[{\"@type\":\"CommentAction\",\"name\":\"Comment\",\"target\":[\"https:\/\/dicodusport.fr\/blog\/transferts-asse-saint-etienne-veut-signer-junior-sambia\/#respond\"]}],\"copyrightYear\":\"2023\",\"copyrightHolder\":{\"@id\":\"https:\/\/dicodusport.fr\/blog\/#organization\"}},{\"@type\":\"WebPage\",\"@id\":\"https:\/\/dicodusport.fr\/blog\/transferts-asse-saint-etienne-veut-signer-junior-sambia\/\",\"url\":\"https:\/\/dicodusport.fr\/blog\/transferts-asse-saint-etienne-veut-signer-junior-sambia\/\",\"name\":\"Transferts ASSE : Saint-\u00c9tienne veut signer Junior Sambia\",\"isPartOf\":{\"@id\":\"https:\/\/dicodusport.fr\/blog\/#website\"},\"primaryImageOfPage\":{\"@id\":\"https:\/\/dicodusport.fr\/blog\/transferts-asse-saint-etienne-veut-signer-junior-sambia\/#primaryimage\"},\"image\":{\"@id\":\"https:\/\/dicodusport.fr\/blog\/transferts-asse-saint-etienne-veut-signer-junior-sambia\/#primaryimage\"},\"thumbnailUrl\":\"https:\/\/dicodusport.fr\/blog\/wp-content\/uploads\/2023\/12\/Transferts-ASSE-Saint-Etienne-veut-signer-Junior-Sambia.png\",\"datePublished\":\"2023-12-24T11:21:22+00:00\",\"dateModified\":\"2023-12-24T12:03:54+00:00\",\"description\":\"FOOTBALL - Selon Ga\u00ebl B42, Saint-\u00c9tienne voudrait s'offrir l'ancien joueur de Montpellier, Junior Samba (Salernitana).\u00a0\",\"breadcrumb\":{\"@id\":\"https:\/\/dicodusport.fr\/blog\/transferts-asse-saint-etienne-veut-signer-junior-sambia\/#breadcrumb\"},\"inLanguage\":\"fr-FR\",\"potentialAction\":[{\"@type\":\"ReadAction\",\"target\":[\"https:\/\/dicodusport.fr\/blog\/transferts-asse-saint-etienne-veut-signer-junior-sambia\/\"]}]},{\"@type\":\"ImageObject\",\"inLanguage\":\"fr-FR\",\"@id\":\"https:\/\/dicodusport.fr\/blog\/transferts-asse-saint-etienne-veut-signer-junior-sambia\/#primaryimage\",\"url\":\"https:\/\/dicodusport.fr\/blog\/wp-content\/uploads\/2023\/12\/Transferts-ASSE-Saint-Etienne-veut-signer-Junior-Sambia.png\",\"contentUrl\":\"https:\/\/dicodusport.fr\/blog\/wp-content\/uploads\/2023\/12\/Transferts-ASSE-Saint-Etienne-veut-signer-Junior-Sambia.png\",\"width\":1200,\"height\":674},{\"@type\":\"BreadcrumbList\",\"@id\":\"https:\/\/dicodusport.fr\/blog\/transferts-asse-saint-etienne-veut-signer-junior-sambia\/#breadcrumb\",\"itemListElement\":[{\"@type\":\"ListItem\",\"position\":1,\"name\":\"Accueil\",\"item\":\"https:\/\/dicodusport.fr\/blog\/\"},{\"@type\":\"ListItem\",\"position\":2,\"name\":\"Transferts ASSE : Saint-\u00c9tienne veut signer Junior Sambia\"}]},{\"@type\":\"WebSite\",\"@id\":\"https:\/\/dicodusport.fr\/blog\/#website\",\"url\":\"https:\/\/dicodusport.fr\/blog\/\",\"name\":\"Dicodusport\",\"description\":\"L&#039;encyclop\u00e9die de l&#039;actualit\u00e9 sportive\",\"publisher\":{\"@id\":\"https:\/\/dicodusport.fr\/blog\/#organization\"},\"potentialAction\":[{\"@type\":\"SearchAction\",\"target\":{\"@type\":\"EntryPoint\",\"urlTemplate\":\"https:\/\/dicodusport.fr\/blog\/?s={search_term_string}\"},\"query-input\":{\"@type\":\"PropertyValueSpecification\",\"valueRequired\":true,\"valueName\":\"search_term_string\"}}],\"inLanguage\":\"fr-FR\"},{\"@type\":\"NewsMediaOrganization\",\"@id\":\"https:\/\/dicodusport.fr\/blog\/#organization\",\"name\":\"Dicodusport\",\"url\":\"https:\/\/dicodusport.fr\/blog\/\",\"logo\":{\"@type\":\"ImageObject\",\"inLanguage\":\"fr-FR\",\"@id\":\"https:\/\/dicodusport.fr\/blog\/#\/schema\/logo\/image\/\",\"url\":\"https:\/\/dicodusport.fr\/blog\/wp-content\/uploads\/2020\/06\/cropped-LOGO-DICODUSPORT-2020-SANS-FOND-SANS-TEXTE.png\",\"contentUrl\":\"https:\/\/dicodusport.fr\/blog\/wp-content\/uploads\/2020\/06\/cropped-LOGO-DICODUSPORT-2020-SANS-FOND-SANS-TEXTE.png\",\"width\":512,\"height\":512,\"caption\":\"Dicodusport\"},\"image\":{\"@id\":\"https:\/\/dicodusport.fr\/blog\/#\/schema\/logo\/image\/\"},\"sameAs\":[\"https:\/\/www.facebook.com\/dicodusport\",\"https:\/\/x.com\/dicodusport\",\"https:\/\/www.instagram.com\/dicodusport\/\",\"https:\/\/www.youtube.com\/channel\/UC7V2KZ5sd3htJivAbA4ZG3w\"],\"description\":\"Dicodusport est l'encyclop\u00e9die de l'actualit\u00e9 sportive.\",\"email\":\"bonjour@dicodusport.fr\",\"legalName\":\"DICODUSPORT\",\"foundingDate\":\"2018-01-14\",\"vatID\":\"FR71834470973\",\"taxID\":\"83447097300043\",\"numberOfEmployees\":{\"@type\":\"QuantitativeValue\",\"minValue\":\"1\",\"maxValue\":\"10\"}},{\"@type\":\"Person\",\"@id\":\"https:\/\/dicodusport.fr\/blog\/#\/schema\/person\/55dcb50ad410894e431ed812bbb70191\",\"name\":\"Nicolas Jacquemard\",\"image\":{\"@type\":\"ImageObject\",\"inLanguage\":\"fr-FR\",\"@id\":\"https:\/\/dicodusport.fr\/blog\/#\/schema\/person\/image\/\",\"url\":\"https:\/\/dicodusport.fr\/blog\/wp-content\/uploads\/2021\/05\/Nicolas-Jacquemard-150x150.jpeg\",\"contentUrl\":\"https:\/\/dicodusport.fr\/blog\/wp-content\/uploads\/2021\/05\/Nicolas-Jacquemard-150x150.jpeg\",\"caption\":\"Nicolas Jacquemard\"},\"description\":\"Passionn\u00e9 de sport et entrepreneur depuis mes 18 ans, la cr\u00e9ation de Dicodusport m'a sembl\u00e9 \u00e9vidente pour participer \u00e0 la m\u00e9diatisation d'un plus grand nombre de sports. Le chemin est long mais avec une \u00e9quipe des plus motiv\u00e9es et les Jeux Olympiques de Paris 2024 en point de mire, nous y arriverons ! Journaliste dans le monde du sport depuis plus de 5 ans, je traite aussi bien de football, de rugby, de biathlon que de cyclisme.\",\"sameAs\":[\"https:\/\/www.facebook.com\/dicodusport\",\"https:\/\/x.com\/https:\/\/twitter.com\/Nico_Jacquemard\"],\"url\":\"https:\/\/dicodusport.fr\/blog\/author\/dicodusport\/\"}]}<\/script>\n<!-- \/ Yoast SEO Premium plugin. -->","yoast_head_json":{"title":"Transferts ASSE : Saint-\u00c9tienne veut signer Junior Sambia","description":"FOOTBALL - Selon Ga\u00ebl B42, Saint-\u00c9tienne voudrait s'offrir l'ancien joueur de Montpellier, Junior Samba (Salernitana).\u00a0","robots":{"index":"index","follow":"follow","max-snippet":"max-snippet:-1","max-image-preview":"max-image-preview:large","max-video-preview":"max-video-preview:-1"},"canonical":"https:\/\/dicodusport.fr\/blog\/transferts-asse-saint-etienne-veut-signer-junior-sambia\/","og_locale":"fr_FR","og_type":"article","og_title":"Transferts ASSE : Saint-\u00c9tienne veut signer Junior Sambia","og_description":"FOOTBALL - Selon Ga\u00ebl B42, Saint-\u00c9tienne voudrait s'offrir l'ancien joueur de Montpellier, Junior Samba (Salernitana).\u00a0","og_url":"https:\/\/dicodusport.fr\/blog\/transferts-asse-saint-etienne-veut-signer-junior-sambia\/","og_site_name":"Dicodusport","article_publisher":"https:\/\/www.facebook.com\/dicodusport","article_author":"https:\/\/www.facebook.com\/dicodusport","article_published_time":"2023-12-24T11:21:22+00:00","article_modified_time":"2023-12-24T12:03:54+00:00","og_image":[{"width":1200,"height":674,"url":"https:\/\/dicodusport.fr\/blog\/wp-content\/uploads\/2023\/12\/Transferts-ASSE-Saint-Etienne-veut-signer-Junior-Sambia.png","type":"image\/png"}],"author":"Nicolas Jacquemard","twitter_card":"summary_large_image","twitter_title":"Transferts ASSE : Saint-\u00c9tienne veut signer Junior Sambia","twitter_creator":"@https:\/\/twitter.com\/Nico_Jacquemard","twitter_site":"@dicodusport","schema":{"@context":"https:\/\/schema.org","@graph":[{"@type":"NewsArticle","@id":"https:\/\/dicodusport.fr\/blog\/transferts-asse-saint-etienne-veut-signer-junior-sambia\/#article","isPartOf":{"@id":"https:\/\/dicodusport.fr\/blog\/transferts-asse-saint-etienne-veut-signer-junior-sambia\/"},"author":{"name":"Nicolas Jacquemard","@id":"https:\/\/dicodusport.fr\/blog\/#\/schema\/person\/55dcb50ad410894e431ed812bbb70191"},"headline":"Transferts ASSE : Saint-\u00c9tienne veut signer Junior Sambia","datePublished":"2023-12-24T11:21:22+00:00","dateModified":"2023-12-24T12:03:54+00:00","mainEntityOfPage":{"@id":"https:\/\/dicodusport.fr\/blog\/transferts-asse-saint-etienne-veut-signer-junior-sambia\/"},"wordCount":322,"commentCount":1,"publisher":{"@id":"https:\/\/dicodusport.fr\/blog\/#organization"},"image":{"@id":"https:\/\/dicodusport.fr\/blog\/transferts-asse-saint-etienne-veut-signer-junior-sambia\/#primaryimage"},"thumbnailUrl":"https:\/\/dicodusport.fr\/blog\/wp-content\/uploads\/2023\/12\/Transferts-ASSE-Saint-Etienne-veut-signer-Junior-Sambia.png","keywords":["ASSE","br\u00e8ve","Football","Mercato","transferts"],"articleSection":["Football"],"inLanguage":"fr-FR","potentialAction":[{"@type":"CommentAction","name":"Comment","target":["https:\/\/dicodusport.fr\/blog\/transferts-asse-saint-etienne-veut-signer-junior-sambia\/#respond"]}],"copyrightYear":"2023","copyrightHolder":{"@id":"https:\/\/dicodusport.fr\/blog\/#organization"}},{"@type":"WebPage","@id":"https:\/\/dicodusport.fr\/blog\/transferts-asse-saint-etienne-veut-signer-junior-sambia\/","url":"https:\/\/dicodusport.fr\/blog\/transferts-asse-saint-etienne-veut-signer-junior-sambia\/","name":"Transferts ASSE : Saint-\u00c9tienne veut signer Junior Sambia","isPartOf":{"@id":"https:\/\/dicodusport.fr\/blog\/#website"},"primaryImageOfPage":{"@id":"https:\/\/dicodusport.fr\/blog\/transferts-asse-saint-etienne-veut-signer-junior-sambia\/#primaryimage"},"image":{"@id":"https:\/\/dicodusport.fr\/blog\/transferts-asse-saint-etienne-veut-signer-junior-sambia\/#primaryimage"},"thumbnailUrl":"https:\/\/dicodusport.fr\/blog\/wp-content\/uploads\/2023\/12\/Transferts-ASSE-Saint-Etienne-veut-signer-Junior-Sambia.png","datePublished":"2023-12-24T11:21:22+00:00","dateModified":"2023-12-24T12:03:54+00:00","description":"FOOTBALL - Selon Ga\u00ebl B42, Saint-\u00c9tienne voudrait s'offrir l'ancien joueur de Montpellier, Junior Samba (Salernitana).\u00a0","breadcrumb":{"@id":"https:\/\/dicodusport.fr\/blog\/transferts-asse-saint-etienne-veut-signer-junior-sambia\/#breadcrumb"},"inLanguage":"fr-FR","potentialAction":[{"@type":"ReadAction","target":["https:\/\/dicodusport.fr\/blog\/transferts-asse-saint-etienne-veut-signer-junior-sambia\/"]}]},{"@type":"ImageObject","inLanguage":"fr-FR","@id":"https:\/\/dicodusport.fr\/blog\/transferts-asse-saint-etienne-veut-signer-junior-sambia\/#primaryimage","url":"https:\/\/dicodusport.fr\/blog\/wp-content\/uploads\/2023\/12\/Transferts-ASSE-Saint-Etienne-veut-signer-Junior-Sambia.png","contentUrl":"https:\/\/dicodusport.fr\/blog\/wp-content\/uploads\/2023\/12\/Transferts-ASSE-Saint-Etienne-veut-signer-Junior-Sambia.png","width":1200,"height":674},{"@type":"BreadcrumbList","@id":"https:\/\/dicodusport.fr\/blog\/transferts-asse-saint-etienne-veut-signer-junior-sambia\/#breadcrumb","itemListElement":[{"@type":"ListItem","position":1,"name":"Accueil","item":"https:\/\/dicodusport.fr\/blog\/"},{"@type":"ListItem","position":2,"name":"Transferts ASSE : Saint-\u00c9tienne veut signer Junior Sambia"}]},{"@type":"WebSite","@id":"https:\/\/dicodusport.fr\/blog\/#website","url":"https:\/\/dicodusport.fr\/blog\/","name":"Dicodusport","description":"L&#039;encyclop\u00e9die de l&#039;actualit\u00e9 sportive","publisher":{"@id":"https:\/\/dicodusport.fr\/blog\/#organization"},"potentialAction":[{"@type":"SearchAction","target":{"@type":"EntryPoint","urlTemplate":"https:\/\/dicodusport.fr\/blog\/?s={search_term_string}"},"query-input":{"@type":"PropertyValueSpecification","valueRequired":true,"valueName":"search_term_string"}}],"inLanguage":"fr-FR"},{"@type":"NewsMediaOrganization","@id":"https:\/\/dicodusport.fr\/blog\/#organization","name":"Dicodusport","url":"https:\/\/dicodusport.fr\/blog\/","logo":{"@type":"ImageObject","inLanguage":"fr-FR","@id":"https:\/\/dicodusport.fr\/blog\/#\/schema\/logo\/image\/","url":"https:\/\/dicodusport.fr\/blog\/wp-content\/uploads\/2020\/06\/cropped-LOGO-DICODUSPORT-2020-SANS-FOND-SANS-TEXTE.png","contentUrl":"https:\/\/dicodusport.fr\/blog\/wp-content\/uploads\/2020\/06\/cropped-LOGO-DICODUSPORT-2020-SANS-FOND-SANS-TEXTE.png","width":512,"height":512,"caption":"Dicodusport"},"image":{"@id":"https:\/\/dicodusport.fr\/blog\/#\/schema\/logo\/image\/"},"sameAs":["https:\/\/www.facebook.com\/dicodusport","https:\/\/x.com\/dicodusport","https:\/\/www.instagram.com\/dicodusport\/","https:\/\/www.youtube.com\/channel\/UC7V2KZ5sd3htJivAbA4ZG3w"],"description":"Dicodusport est l'encyclop\u00e9die de l'actualit\u00e9 sportive.","email":"bonjour@dicodusport.fr","legalName":"DICODUSPORT","foundingDate":"2018-01-14","vatID":"FR71834470973","taxID":"83447097300043","numberOfEmployees":{"@type":"QuantitativeValue","minValue":"1","maxValue":"10"}},{"@type":"Person","@id":"https:\/\/dicodusport.fr\/blog\/#\/schema\/person\/55dcb50ad410894e431ed812bbb70191","name":"Nicolas Jacquemard","image":{"@type":"ImageObject","inLanguage":"fr-FR","@id":"https:\/\/dicodusport.fr\/blog\/#\/schema\/person\/image\/","url":"https:\/\/dicodusport.fr\/blog\/wp-content\/uploads\/2021\/05\/Nicolas-Jacquemard-150x150.jpeg","contentUrl":"https:\/\/dicodusport.fr\/blog\/wp-content\/uploads\/2021\/05\/Nicolas-Jacquemard-150x150.jpeg","caption":"Nicolas Jacquemard"},"description":"Passionn\u00e9 de sport et entrepreneur depuis mes 18 ans, la cr\u00e9ation de Dicodusport m'a sembl\u00e9 \u00e9vidente pour participer \u00e0 la m\u00e9diatisation d'un plus grand nombre de sports. Le chemin est long mais avec une \u00e9quipe des plus motiv\u00e9es et les Jeux Olympiques de Paris 2024 en point de mire, nous y arriverons ! Journaliste dans le monde du sport depuis plus de 5 ans, je traite aussi bien de football, de rugby, de biathlon que de cyclisme.","sameAs":["https:\/\/www.facebook.com\/dicodusport","https:\/\/x.com\/https:\/\/twitter.com\/Nico_Jacquemard"],"url":"https:\/\/dicodusport.fr\/blog\/author\/dicodusport\/"}]}},"_links":{"self":[{"href":"https:\/\/dicodusport.fr\/blog\/wp-json\/wp\/v2\/posts\/447412","targetHints":{"allow":["GET"]}}],"collection":[{"href":"https:\/\/dicodusport.fr\/blog\/wp-json\/wp\/v2\/posts"}],"about":[{"href":"https:\/\/dicodusport.fr\/blog\/wp-json\/wp\/v2\/types\/post"}],"author":[{"embeddable":true,"href":"https:\/\/dicodusport.fr\/blog\/wp-json\/wp\/v2\/users\/1"}],"replies":[{"embeddable":true,"href":"https:\/\/dicodusport.fr\/blog\/wp-json\/wp\/v2\/comments?post=447412"}],"version-history":[{"count":2,"href":"https:\/\/dicodusport.fr\/blog\/wp-json\/wp\/v2\/posts\/447412\/revisions"}],"predecessor-version":[{"id":447422,"href":"https:\/\/dicodusport.fr\/blog\/wp-json\/wp\/v2\/posts\/447412\/revisions\/447422"}],"wp:featuredmedia":[{"embeddable":true,"href":"https:\/\/dicodusport.fr\/blog\/wp-json\/wp\/v2\/media\/447414"}],"wp:attachment":[{"href":"https:\/\/dicodusport.fr\/blog\/wp-json\/wp\/v2\/media?parent=447412"}],"wp:term":[{"taxonomy":"category","embeddable":true,"href":"https:\/\/dicodusport.fr\/blog\/wp-json\/wp\/v2\/categories?post=447412"},{"taxonomy":"post_tag","embeddable":true,"href":"https:\/\/dicodusport.fr\/blog\/wp-json\/wp\/v2\/tags?post=447412"}],"curies":[{"name":"wp","href":"https:\/\/api.w.org\/{rel}","templated":true}]}}