{"id":447502,"date":"2023-12-25T18:09:56","date_gmt":"2023-12-25T17:09:56","guid":{"rendered":"https:\/\/dicodusport.fr\/blog\/?p=447502&#038;preview=true&#038;preview_id=447502"},"modified":"2024-02-06T19:11:54","modified_gmt":"2024-02-06T18:11:54","slug":"mercato-lyon-pierre-sage-prolonge-laventure-a-ol","status":"publish","type":"post","link":"https:\/\/dicodusport.fr\/blog\/mercato-lyon-pierre-sage-prolonge-laventure-a-ol\/","title":{"rendered":"Mercato Lyon : Pierre Sage prolonge l&rsquo;aventure \u00e0 l&rsquo;OL"},"content":{"rendered":"<p style=\"text-align: justify;\"><strong><em>LIFUE 1 2023-2024 &#8211; Selon Prime Video Sport, le club rhodanien a prolong\u00e9 Pierre Sage jusqu&rsquo;en juin 2024. L&rsquo;OL reste sur trois victoires de rang en Ligue 1.<\/em><\/strong><\/p>\n<p style=\"text-align: justify;\">Ses bons r\u00e9sultats ont parl\u00e9 pour lui. Selon les informations de Prime Vid\u00e9o Sport France, l&rsquo;Olympique Lyonnais vient de prolonger <strong>Pierre Sage<\/strong> jusqu&rsquo;en juin 2024, soit le terme de la saison. L&rsquo;entra\u00eeneur, ancien directeur de la formation du club rhodanien est r\u00e9compens\u00e9. Les Lyonnais restent sur trois victoires cons\u00e9cutives et ne sont plus rel\u00e9gables \u00e0 la mi-championnat, apr\u00e8s avoir occup\u00e9 la derni\u00e8re place de longues semaines.<\/p>\n<p style=\"text-align: justify;\">Pierre Sage ne devait \u00eatre l\u00e0 qu&rsquo;en int\u00e9rim, en attendant un nouvel entra\u00eeneur sur le banc d&rsquo;un club qui a d\u00e9j\u00e0 connu <strong>Laurent Blanc<\/strong> et <strong>Fabio Grosso<\/strong> sur son banc, depuis le d\u00e9but de la saison. De la stabilit\u00e9 qui peut faire du bien \u00e0 un club qui devrait se monter actif sur le march\u00e9 des transferts, <a href=\"https:\/\/dicodusport.fr\/blog\/transferts-ol-lyon-veut-vendre-plusieurs-joueurs-dont-sinaly-diomande\/\">tant en termes d&rsquo;arriv\u00e9es que de d\u00e9parts<\/a>.<\/p>\n<blockquote class=\"twitter-tweet\">\n<p dir=\"ltr\" lang=\"fr\">\ud83d\udea8 Pierre Sage prolong\u00e9 jusqu&rsquo;en 2024 ! \ud83d\udea8<\/p>\n<p>C&rsquo;est une petite bombe l\u00e2ch\u00e9e par <a href=\"https:\/\/twitter.com\/PrimeVideoFR?ref_src=twsrc%5Etfw\">@PrimeVideoFR<\/a> en ce jour de No\u00ebl ! \ud83c\udf84\ud83c\udf85<\/p>\n<p>Pierre Sage va \u00eatre prolong\u00e9 jusqu&rsquo;en juin 2024 par la direction lyonnaise qui l&rsquo;appr\u00e9cie \u00e9norm\u00e9ment ! \ud83d\ude01<\/p>\n<p>F\u00e9licitations coach \u2764\ufe0f <a href=\"https:\/\/t.co\/BkqVHJe9GT\">pic.twitter.com\/BkqVHJe9GT<\/a><\/p>\n<p>\u2014 \ud835\uddda\ud835\udde2\ud835\udde1\ud835\uddd8\ud835\uddd5\ud835\uddd4\ud835\uddd6\ud835\uddde (@GonebackOff) <a href=\"https:\/\/twitter.com\/GonebackOff\/status\/1739331290623602953?ref_src=twsrc%5Etfw\">December 25, 2023<\/a><\/p><\/blockquote>\n<p><script async src=\"https:\/\/platform.twitter.com\/widgets.js\" charset=\"utf-8\"><\/script><\/p>\n<p style=\"text-align: justify;\">\n","protected":false},"excerpt":{"rendered":"<p>LIFUE 1 2023-2024 &#8211; Selon Prime Video Sport, le club rhodanien a prolong\u00e9 Pierre Sage jusqu&rsquo;en juin 2024. L&rsquo;OL reste sur trois victoires de rang en Ligue 1.<\/p>\n","protected":false},"author":83,"featured_media":447507,"comment_status":"open","ping_status":"closed","sticky":false,"template":"","format":"standard","meta":{"_acf_changed":false,"_daextam_enable_autolinks":"1","footnotes":""},"categories":[2301,47045],"tags":[16878,74,75,14093,1145,1146],"class_list":["post-447502","post","type-post","status-publish","format-standard","has-post-thumbnail","hentry","category-football","category-ligue-1","tag-breve","tag-foot","tag-football","tag-mercato-football","tag-ol","tag-olympique-lyonnais"],"acf":[],"yoast_head":"<!-- This site is optimized with the Yoast SEO Premium plugin v26.7 (Yoast SEO v26.7) - https:\/\/yoast.com\/wordpress\/plugins\/seo\/ -->\n<title>Mercato Lyon : Pierre Sage prolonge l&#039;aventure \u00e0 l&#039;OL<\/title>\n<meta name=\"description\" content=\"MERCATO OL - Selon Prime Video Sport, le club rhodanien a prolong\u00e9 Pierre Sage jusqu&#039;en juin 2024. Soit la fin de saison.\" \/>\n<meta name=\"robots\" content=\"index, follow, max-snippet:-1, max-image-preview:large, max-video-preview:-1\" \/>\n<link rel=\"canonical\" href=\"https:\/\/dicodusport.fr\/blog\/mercato-lyon-pierre-sage-prolonge-laventure-a-ol\/\" \/>\n<meta property=\"og:locale\" content=\"fr_FR\" \/>\n<meta property=\"og:type\" content=\"article\" \/>\n<meta property=\"og:title\" content=\"Mercato Lyon : Pierre Sage prolonge l&#039;aventure \u00e0 l&#039;OL\" \/>\n<meta property=\"og:description\" content=\"MERCATO OL - Selon Prime Video Sport, le club rhodanien a prolong\u00e9 Pierre Sage jusqu&#039;en juin 2024. Soit la fin de saison.\" \/>\n<meta property=\"og:url\" content=\"https:\/\/dicodusport.fr\/blog\/mercato-lyon-pierre-sage-prolonge-laventure-a-ol\/\" \/>\n<meta property=\"og:site_name\" content=\"Dicodusport\" \/>\n<meta property=\"article:publisher\" content=\"https:\/\/www.facebook.com\/dicodusport\" \/>\n<meta property=\"article:published_time\" content=\"2023-12-25T17:09:56+00:00\" \/>\n<meta property=\"article:modified_time\" content=\"2024-02-06T18:11:54+00:00\" \/>\n<meta property=\"og:image\" content=\"https:\/\/dicodusport.fr\/blog\/wp-content\/uploads\/2023\/12\/Foot-Pierre-Sage-prolonge-laventure-a-lOL.png\" \/>\n\t<meta property=\"og:image:width\" content=\"1200\" \/>\n\t<meta property=\"og:image:height\" content=\"674\" \/>\n\t<meta property=\"og:image:type\" content=\"image\/png\" \/>\n<meta name=\"author\" content=\"Etienne Goursaud\" \/>\n<meta name=\"twitter:card\" content=\"summary_large_image\" \/>\n<meta name=\"twitter:title\" content=\"Mercato Lyon : Pierre Sage prolonge l&#039;aventure \u00e0 l&#039;OL\" \/>\n<meta name=\"twitter:creator\" content=\"@dicodusport\" \/>\n<meta name=\"twitter:site\" content=\"@dicodusport\" \/>\n<script type=\"application\/ld+json\" class=\"yoast-schema-graph\">{\"@context\":\"https:\/\/schema.org\",\"@graph\":[{\"@type\":\"NewsArticle\",\"@id\":\"https:\/\/dicodusport.fr\/blog\/mercato-lyon-pierre-sage-prolonge-laventure-a-ol\/#article\",\"isPartOf\":{\"@id\":\"https:\/\/dicodusport.fr\/blog\/mercato-lyon-pierre-sage-prolonge-laventure-a-ol\/\"},\"author\":{\"name\":\"Etienne Goursaud\",\"@id\":\"https:\/\/dicodusport.fr\/blog\/#\/schema\/person\/d603dd7da31fb2b46c82b9835a77ec13\"},\"headline\":\"Mercato Lyon : Pierre Sage prolonge l&rsquo;aventure \u00e0 l&rsquo;OL\",\"datePublished\":\"2023-12-25T17:09:56+00:00\",\"dateModified\":\"2024-02-06T18:11:54+00:00\",\"mainEntityOfPage\":{\"@id\":\"https:\/\/dicodusport.fr\/blog\/mercato-lyon-pierre-sage-prolonge-laventure-a-ol\/\"},\"wordCount\":232,\"commentCount\":0,\"publisher\":{\"@id\":\"https:\/\/dicodusport.fr\/blog\/#organization\"},\"image\":{\"@id\":\"https:\/\/dicodusport.fr\/blog\/mercato-lyon-pierre-sage-prolonge-laventure-a-ol\/#primaryimage\"},\"thumbnailUrl\":\"https:\/\/dicodusport.fr\/blog\/wp-content\/uploads\/2023\/12\/Foot-Pierre-Sage-prolonge-laventure-a-lOL.png\",\"keywords\":[\"br\u00e8ve\",\"foot\",\"Football\",\"Mercato football\",\"OL\",\"Olympique lyonnais\"],\"articleSection\":[\"Football\",\"Ligue 1\"],\"inLanguage\":\"fr-FR\",\"potentialAction\":[{\"@type\":\"CommentAction\",\"name\":\"Comment\",\"target\":[\"https:\/\/dicodusport.fr\/blog\/mercato-lyon-pierre-sage-prolonge-laventure-a-ol\/#respond\"]}],\"copyrightYear\":\"2023\",\"copyrightHolder\":{\"@id\":\"https:\/\/dicodusport.fr\/blog\/#organization\"}},{\"@type\":\"WebPage\",\"@id\":\"https:\/\/dicodusport.fr\/blog\/mercato-lyon-pierre-sage-prolonge-laventure-a-ol\/\",\"url\":\"https:\/\/dicodusport.fr\/blog\/mercato-lyon-pierre-sage-prolonge-laventure-a-ol\/\",\"name\":\"Mercato Lyon : Pierre Sage prolonge l'aventure \u00e0 l'OL\",\"isPartOf\":{\"@id\":\"https:\/\/dicodusport.fr\/blog\/#website\"},\"primaryImageOfPage\":{\"@id\":\"https:\/\/dicodusport.fr\/blog\/mercato-lyon-pierre-sage-prolonge-laventure-a-ol\/#primaryimage\"},\"image\":{\"@id\":\"https:\/\/dicodusport.fr\/blog\/mercato-lyon-pierre-sage-prolonge-laventure-a-ol\/#primaryimage\"},\"thumbnailUrl\":\"https:\/\/dicodusport.fr\/blog\/wp-content\/uploads\/2023\/12\/Foot-Pierre-Sage-prolonge-laventure-a-lOL.png\",\"datePublished\":\"2023-12-25T17:09:56+00:00\",\"dateModified\":\"2024-02-06T18:11:54+00:00\",\"description\":\"MERCATO OL - Selon Prime Video Sport, le club rhodanien a prolong\u00e9 Pierre Sage jusqu'en juin 2024. Soit la fin de saison.\",\"breadcrumb\":{\"@id\":\"https:\/\/dicodusport.fr\/blog\/mercato-lyon-pierre-sage-prolonge-laventure-a-ol\/#breadcrumb\"},\"inLanguage\":\"fr-FR\",\"potentialAction\":[{\"@type\":\"ReadAction\",\"target\":[\"https:\/\/dicodusport.fr\/blog\/mercato-lyon-pierre-sage-prolonge-laventure-a-ol\/\"]}]},{\"@type\":\"ImageObject\",\"inLanguage\":\"fr-FR\",\"@id\":\"https:\/\/dicodusport.fr\/blog\/mercato-lyon-pierre-sage-prolonge-laventure-a-ol\/#primaryimage\",\"url\":\"https:\/\/dicodusport.fr\/blog\/wp-content\/uploads\/2023\/12\/Foot-Pierre-Sage-prolonge-laventure-a-lOL.png\",\"contentUrl\":\"https:\/\/dicodusport.fr\/blog\/wp-content\/uploads\/2023\/12\/Foot-Pierre-Sage-prolonge-laventure-a-lOL.png\",\"width\":1200,\"height\":674,\"caption\":\"Foot - Pierre Sage prolonge l'aventure \u00e0 l'OL\"},{\"@type\":\"BreadcrumbList\",\"@id\":\"https:\/\/dicodusport.fr\/blog\/mercato-lyon-pierre-sage-prolonge-laventure-a-ol\/#breadcrumb\",\"itemListElement\":[{\"@type\":\"ListItem\",\"position\":1,\"name\":\"Accueil\",\"item\":\"https:\/\/dicodusport.fr\/blog\/\"},{\"@type\":\"ListItem\",\"position\":2,\"name\":\"Mercato Lyon : Pierre Sage prolonge l&rsquo;aventure \u00e0 l&rsquo;OL\"}]},{\"@type\":\"WebSite\",\"@id\":\"https:\/\/dicodusport.fr\/blog\/#website\",\"url\":\"https:\/\/dicodusport.fr\/blog\/\",\"name\":\"Dicodusport\",\"description\":\"L&#039;encyclop\u00e9die de l&#039;actualit\u00e9 sportive\",\"publisher\":{\"@id\":\"https:\/\/dicodusport.fr\/blog\/#organization\"},\"potentialAction\":[{\"@type\":\"SearchAction\",\"target\":{\"@type\":\"EntryPoint\",\"urlTemplate\":\"https:\/\/dicodusport.fr\/blog\/?s={search_term_string}\"},\"query-input\":{\"@type\":\"PropertyValueSpecification\",\"valueRequired\":true,\"valueName\":\"search_term_string\"}}],\"inLanguage\":\"fr-FR\"},{\"@type\":\"NewsMediaOrganization\",\"@id\":\"https:\/\/dicodusport.fr\/blog\/#organization\",\"name\":\"Dicodusport\",\"url\":\"https:\/\/dicodusport.fr\/blog\/\",\"logo\":{\"@type\":\"ImageObject\",\"inLanguage\":\"fr-FR\",\"@id\":\"https:\/\/dicodusport.fr\/blog\/#\/schema\/logo\/image\/\",\"url\":\"https:\/\/dicodusport.fr\/blog\/wp-content\/uploads\/2020\/06\/cropped-LOGO-DICODUSPORT-2020-SANS-FOND-SANS-TEXTE.png\",\"contentUrl\":\"https:\/\/dicodusport.fr\/blog\/wp-content\/uploads\/2020\/06\/cropped-LOGO-DICODUSPORT-2020-SANS-FOND-SANS-TEXTE.png\",\"width\":512,\"height\":512,\"caption\":\"Dicodusport\"},\"image\":{\"@id\":\"https:\/\/dicodusport.fr\/blog\/#\/schema\/logo\/image\/\"},\"sameAs\":[\"https:\/\/www.facebook.com\/dicodusport\",\"https:\/\/x.com\/dicodusport\",\"https:\/\/www.instagram.com\/dicodusport\/\",\"https:\/\/www.youtube.com\/channel\/UC7V2KZ5sd3htJivAbA4ZG3w\"],\"description\":\"Dicodusport est l'encyclop\u00e9die de l'actualit\u00e9 sportive.\",\"email\":\"bonjour@dicodusport.fr\",\"legalName\":\"DICODUSPORT\",\"foundingDate\":\"2018-01-14\",\"vatID\":\"FR71834470973\",\"taxID\":\"83447097300043\",\"numberOfEmployees\":{\"@type\":\"QuantitativeValue\",\"minValue\":\"1\",\"maxValue\":\"10\"}},{\"@type\":\"Person\",\"@id\":\"https:\/\/dicodusport.fr\/blog\/#\/schema\/person\/d603dd7da31fb2b46c82b9835a77ec13\",\"name\":\"Etienne Goursaud\",\"image\":{\"@type\":\"ImageObject\",\"inLanguage\":\"fr-FR\",\"@id\":\"https:\/\/dicodusport.fr\/blog\/#\/schema\/person\/image\/\",\"url\":\"https:\/\/dicodusport.fr\/blog\/wp-content\/uploads\/2023\/12\/410122264_10231602061736049_5565839791558026645_n-150x150.jpg\",\"contentUrl\":\"https:\/\/dicodusport.fr\/blog\/wp-content\/uploads\/2023\/12\/410122264_10231602061736049_5565839791558026645_n-150x150.jpg\",\"caption\":\"Etienne Goursaud\"},\"description\":\"Journaliste et amoureux de sport. Ancien footballeur reconverti athl\u00e8te quand ses muscles le laissent tranquille. \u00c9lev\u00e9 \u00e0 la sauce des exploits de Thomas Voeckler en 2004, du dernier essai de l\u00e9gende de Eunice Barber \u00e0 la longueur lors des championnats du monde d'athl\u00e9tisme de 2003 mais aussi Zidane, Omeyer et Titou Lamaison.\",\"url\":\"https:\/\/dicodusport.fr\/blog\/author\/etienne-goursaud\/\"}]}<\/script>\n<!-- \/ Yoast SEO Premium plugin. -->","yoast_head_json":{"title":"Mercato Lyon : Pierre Sage prolonge l'aventure \u00e0 l'OL","description":"MERCATO OL - Selon Prime Video Sport, le club rhodanien a prolong\u00e9 Pierre Sage jusqu'en juin 2024. Soit la fin de saison.","robots":{"index":"index","follow":"follow","max-snippet":"max-snippet:-1","max-image-preview":"max-image-preview:large","max-video-preview":"max-video-preview:-1"},"canonical":"https:\/\/dicodusport.fr\/blog\/mercato-lyon-pierre-sage-prolonge-laventure-a-ol\/","og_locale":"fr_FR","og_type":"article","og_title":"Mercato Lyon : Pierre Sage prolonge l'aventure \u00e0 l'OL","og_description":"MERCATO OL - Selon Prime Video Sport, le club rhodanien a prolong\u00e9 Pierre Sage jusqu'en juin 2024. Soit la fin de saison.","og_url":"https:\/\/dicodusport.fr\/blog\/mercato-lyon-pierre-sage-prolonge-laventure-a-ol\/","og_site_name":"Dicodusport","article_publisher":"https:\/\/www.facebook.com\/dicodusport","article_published_time":"2023-12-25T17:09:56+00:00","article_modified_time":"2024-02-06T18:11:54+00:00","og_image":[{"width":1200,"height":674,"url":"https:\/\/dicodusport.fr\/blog\/wp-content\/uploads\/2023\/12\/Foot-Pierre-Sage-prolonge-laventure-a-lOL.png","type":"image\/png"}],"author":"Etienne Goursaud","twitter_card":"summary_large_image","twitter_title":"Mercato Lyon : Pierre Sage prolonge l'aventure \u00e0 l'OL","twitter_creator":"@dicodusport","twitter_site":"@dicodusport","schema":{"@context":"https:\/\/schema.org","@graph":[{"@type":"NewsArticle","@id":"https:\/\/dicodusport.fr\/blog\/mercato-lyon-pierre-sage-prolonge-laventure-a-ol\/#article","isPartOf":{"@id":"https:\/\/dicodusport.fr\/blog\/mercato-lyon-pierre-sage-prolonge-laventure-a-ol\/"},"author":{"name":"Etienne Goursaud","@id":"https:\/\/dicodusport.fr\/blog\/#\/schema\/person\/d603dd7da31fb2b46c82b9835a77ec13"},"headline":"Mercato Lyon : Pierre Sage prolonge l&rsquo;aventure \u00e0 l&rsquo;OL","datePublished":"2023-12-25T17:09:56+00:00","dateModified":"2024-02-06T18:11:54+00:00","mainEntityOfPage":{"@id":"https:\/\/dicodusport.fr\/blog\/mercato-lyon-pierre-sage-prolonge-laventure-a-ol\/"},"wordCount":232,"commentCount":0,"publisher":{"@id":"https:\/\/dicodusport.fr\/blog\/#organization"},"image":{"@id":"https:\/\/dicodusport.fr\/blog\/mercato-lyon-pierre-sage-prolonge-laventure-a-ol\/#primaryimage"},"thumbnailUrl":"https:\/\/dicodusport.fr\/blog\/wp-content\/uploads\/2023\/12\/Foot-Pierre-Sage-prolonge-laventure-a-lOL.png","keywords":["br\u00e8ve","foot","Football","Mercato football","OL","Olympique lyonnais"],"articleSection":["Football","Ligue 1"],"inLanguage":"fr-FR","potentialAction":[{"@type":"CommentAction","name":"Comment","target":["https:\/\/dicodusport.fr\/blog\/mercato-lyon-pierre-sage-prolonge-laventure-a-ol\/#respond"]}],"copyrightYear":"2023","copyrightHolder":{"@id":"https:\/\/dicodusport.fr\/blog\/#organization"}},{"@type":"WebPage","@id":"https:\/\/dicodusport.fr\/blog\/mercato-lyon-pierre-sage-prolonge-laventure-a-ol\/","url":"https:\/\/dicodusport.fr\/blog\/mercato-lyon-pierre-sage-prolonge-laventure-a-ol\/","name":"Mercato Lyon : Pierre Sage prolonge l'aventure \u00e0 l'OL","isPartOf":{"@id":"https:\/\/dicodusport.fr\/blog\/#website"},"primaryImageOfPage":{"@id":"https:\/\/dicodusport.fr\/blog\/mercato-lyon-pierre-sage-prolonge-laventure-a-ol\/#primaryimage"},"image":{"@id":"https:\/\/dicodusport.fr\/blog\/mercato-lyon-pierre-sage-prolonge-laventure-a-ol\/#primaryimage"},"thumbnailUrl":"https:\/\/dicodusport.fr\/blog\/wp-content\/uploads\/2023\/12\/Foot-Pierre-Sage-prolonge-laventure-a-lOL.png","datePublished":"2023-12-25T17:09:56+00:00","dateModified":"2024-02-06T18:11:54+00:00","description":"MERCATO OL - Selon Prime Video Sport, le club rhodanien a prolong\u00e9 Pierre Sage jusqu'en juin 2024. Soit la fin de saison.","breadcrumb":{"@id":"https:\/\/dicodusport.fr\/blog\/mercato-lyon-pierre-sage-prolonge-laventure-a-ol\/#breadcrumb"},"inLanguage":"fr-FR","potentialAction":[{"@type":"ReadAction","target":["https:\/\/dicodusport.fr\/blog\/mercato-lyon-pierre-sage-prolonge-laventure-a-ol\/"]}]},{"@type":"ImageObject","inLanguage":"fr-FR","@id":"https:\/\/dicodusport.fr\/blog\/mercato-lyon-pierre-sage-prolonge-laventure-a-ol\/#primaryimage","url":"https:\/\/dicodusport.fr\/blog\/wp-content\/uploads\/2023\/12\/Foot-Pierre-Sage-prolonge-laventure-a-lOL.png","contentUrl":"https:\/\/dicodusport.fr\/blog\/wp-content\/uploads\/2023\/12\/Foot-Pierre-Sage-prolonge-laventure-a-lOL.png","width":1200,"height":674,"caption":"Foot - Pierre Sage prolonge l'aventure \u00e0 l'OL"},{"@type":"BreadcrumbList","@id":"https:\/\/dicodusport.fr\/blog\/mercato-lyon-pierre-sage-prolonge-laventure-a-ol\/#breadcrumb","itemListElement":[{"@type":"ListItem","position":1,"name":"Accueil","item":"https:\/\/dicodusport.fr\/blog\/"},{"@type":"ListItem","position":2,"name":"Mercato Lyon : Pierre Sage prolonge l&rsquo;aventure \u00e0 l&rsquo;OL"}]},{"@type":"WebSite","@id":"https:\/\/dicodusport.fr\/blog\/#website","url":"https:\/\/dicodusport.fr\/blog\/","name":"Dicodusport","description":"L&#039;encyclop\u00e9die de l&#039;actualit\u00e9 sportive","publisher":{"@id":"https:\/\/dicodusport.fr\/blog\/#organization"},"potentialAction":[{"@type":"SearchAction","target":{"@type":"EntryPoint","urlTemplate":"https:\/\/dicodusport.fr\/blog\/?s={search_term_string}"},"query-input":{"@type":"PropertyValueSpecification","valueRequired":true,"valueName":"search_term_string"}}],"inLanguage":"fr-FR"},{"@type":"NewsMediaOrganization","@id":"https:\/\/dicodusport.fr\/blog\/#organization","name":"Dicodusport","url":"https:\/\/dicodusport.fr\/blog\/","logo":{"@type":"ImageObject","inLanguage":"fr-FR","@id":"https:\/\/dicodusport.fr\/blog\/#\/schema\/logo\/image\/","url":"https:\/\/dicodusport.fr\/blog\/wp-content\/uploads\/2020\/06\/cropped-LOGO-DICODUSPORT-2020-SANS-FOND-SANS-TEXTE.png","contentUrl":"https:\/\/dicodusport.fr\/blog\/wp-content\/uploads\/2020\/06\/cropped-LOGO-DICODUSPORT-2020-SANS-FOND-SANS-TEXTE.png","width":512,"height":512,"caption":"Dicodusport"},"image":{"@id":"https:\/\/dicodusport.fr\/blog\/#\/schema\/logo\/image\/"},"sameAs":["https:\/\/www.facebook.com\/dicodusport","https:\/\/x.com\/dicodusport","https:\/\/www.instagram.com\/dicodusport\/","https:\/\/www.youtube.com\/channel\/UC7V2KZ5sd3htJivAbA4ZG3w"],"description":"Dicodusport est l'encyclop\u00e9die de l'actualit\u00e9 sportive.","email":"bonjour@dicodusport.fr","legalName":"DICODUSPORT","foundingDate":"2018-01-14","vatID":"FR71834470973","taxID":"83447097300043","numberOfEmployees":{"@type":"QuantitativeValue","minValue":"1","maxValue":"10"}},{"@type":"Person","@id":"https:\/\/dicodusport.fr\/blog\/#\/schema\/person\/d603dd7da31fb2b46c82b9835a77ec13","name":"Etienne Goursaud","image":{"@type":"ImageObject","inLanguage":"fr-FR","@id":"https:\/\/dicodusport.fr\/blog\/#\/schema\/person\/image\/","url":"https:\/\/dicodusport.fr\/blog\/wp-content\/uploads\/2023\/12\/410122264_10231602061736049_5565839791558026645_n-150x150.jpg","contentUrl":"https:\/\/dicodusport.fr\/blog\/wp-content\/uploads\/2023\/12\/410122264_10231602061736049_5565839791558026645_n-150x150.jpg","caption":"Etienne Goursaud"},"description":"Journaliste et amoureux de sport. Ancien footballeur reconverti athl\u00e8te quand ses muscles le laissent tranquille. \u00c9lev\u00e9 \u00e0 la sauce des exploits de Thomas Voeckler en 2004, du dernier essai de l\u00e9gende de Eunice Barber \u00e0 la longueur lors des championnats du monde d'athl\u00e9tisme de 2003 mais aussi Zidane, Omeyer et Titou Lamaison.","url":"https:\/\/dicodusport.fr\/blog\/author\/etienne-goursaud\/"}]}},"_links":{"self":[{"href":"https:\/\/dicodusport.fr\/blog\/wp-json\/wp\/v2\/posts\/447502","targetHints":{"allow":["GET"]}}],"collection":[{"href":"https:\/\/dicodusport.fr\/blog\/wp-json\/wp\/v2\/posts"}],"about":[{"href":"https:\/\/dicodusport.fr\/blog\/wp-json\/wp\/v2\/types\/post"}],"author":[{"embeddable":true,"href":"https:\/\/dicodusport.fr\/blog\/wp-json\/wp\/v2\/users\/83"}],"replies":[{"embeddable":true,"href":"https:\/\/dicodusport.fr\/blog\/wp-json\/wp\/v2\/comments?post=447502"}],"version-history":[{"count":3,"href":"https:\/\/dicodusport.fr\/blog\/wp-json\/wp\/v2\/posts\/447502\/revisions"}],"predecessor-version":[{"id":447519,"href":"https:\/\/dicodusport.fr\/blog\/wp-json\/wp\/v2\/posts\/447502\/revisions\/447519"}],"wp:featuredmedia":[{"embeddable":true,"href":"https:\/\/dicodusport.fr\/blog\/wp-json\/wp\/v2\/media\/447507"}],"wp:attachment":[{"href":"https:\/\/dicodusport.fr\/blog\/wp-json\/wp\/v2\/media?parent=447502"}],"wp:term":[{"taxonomy":"category","embeddable":true,"href":"https:\/\/dicodusport.fr\/blog\/wp-json\/wp\/v2\/categories?post=447502"},{"taxonomy":"post_tag","embeddable":true,"href":"https:\/\/dicodusport.fr\/blog\/wp-json\/wp\/v2\/tags?post=447502"}],"curies":[{"name":"wp","href":"https:\/\/api.w.org\/{rel}","templated":true}]}}