{"id":44770,"date":"2019-08-06T14:52:00","date_gmt":"2019-08-06T12:52:00","guid":{"rendered":"http:\/\/dicodusport.fr\/blog\/?p=44770"},"modified":"2019-08-06T15:00:40","modified_gmt":"2019-08-06T13:00:40","slug":"video-l-hommage-de-la-lotto-soudal-et-du-peloton-a-bjorg-lambrecht","status":"publish","type":"post","link":"https:\/\/dicodusport.fr\/blog\/video-l-hommage-de-la-lotto-soudal-et-du-peloton-a-bjorg-lambrecht\/","title":{"rendered":"[Vid\u00e9o] L&rsquo;hommage de la Lotto-Soudal et du peloton \u00e0 Bjorg Lambrecht"},"content":{"rendered":"<p style=\"text-align: justify;\"><strong><em><a href=\"https:\/\/dicodusport.fr\/blog\/bjorg-lambrecht-lotto-soudal-est-decede\/\" target=\"_blank\" rel=\"noopener\">Au lendemain du d\u00e9c\u00e8s de Bjorg Lambrecht sur la 3\u00e8me \u00e9tape du Tour de Pologne<\/a>, sa formation, la Lotto-Soudal, et l&rsquo;ensemble du peloton, lui ont rendu hommage au d\u00e9part du 4\u00e8me jour de course.<br \/>\n<\/em><\/strong><\/p>\n<blockquote class=\"twitter-tweet\">\n<p dir=\"ltr\" lang=\"fr\">Hommage \u00e0 Bjorg Lambrecht aujourd\u2019hui sur la 4\u00e8me \u00e9tape du Tour de Pologne, \u00e0 14h55 sur <a href=\"https:\/\/twitter.com\/Eurosport_FR?ref_src=twsrc%5Etfw\">@Eurosport_FR<\/a>. &#x1f614; <a href=\"https:\/\/twitter.com\/hashtag\/LesRP?src=hash&amp;ref_src=twsrc%5Etfw\">#LesRP<\/a> <a href=\"https:\/\/t.co\/h1KbpOwpZv\">pic.twitter.com\/h1KbpOwpZv<\/a><\/p>\n<p>\u2014 Louis-Pierre Frileux (@LPFrileux) <a href=\"https:\/\/twitter.com\/LPFrileux\/status\/1158710852813504514?ref_src=twsrc%5Etfw\">August 6, 2019<\/a><\/p><\/blockquote>\n<p><script async src=\"https:\/\/platform.twitter.com\/widgets.js\" charset=\"utf-8\"><\/script><\/p>\n<p><strong><em>Dicodusport<br \/>\n<a href=\"https:\/\/www.facebook.com\/dicodusport\/\" target=\"_blank\" rel=\"noopener\"><img loading=\"lazy\" decoding=\"async\" class=\"alignnone wp-image-2909\" src=\"http:\/\/dicodusport.fr\/blog\/wp-content\/uploads\/2017\/07\/logo-facebook-150x150.png\" alt=\"\" width=\"40\" height=\"40\" \/><\/a><a href=\"https:\/\/twitter.com\/dicodusport\" target=\"_blank\" rel=\"noopener\"><img loading=\"lazy\" decoding=\"async\" class=\"alignnone wp-image-2908\" src=\"http:\/\/dicodusport.fr\/blog\/wp-content\/uploads\/2017\/07\/logo-twitter-150x150.png\" alt=\"\" width=\"39\" height=\"39\" \/><\/a><\/em><\/strong><\/p>\n","protected":false},"excerpt":{"rendered":"<p>Au lendemain du d\u00e9c\u00e8s de Bjorg Lambrecht sur la 3\u00e8me \u00e9tape du Tour de Pologne, sa formation, la Lotto-Soudal, et l&rsquo;ensemble du peloton, lui ont rendu hommage au d\u00e9part du 4\u00e8me jour de course.<\/p>\n","protected":false},"author":4,"featured_media":44771,"comment_status":"open","ping_status":"closed","sticky":false,"template":"","format":"standard","meta":{"_acf_changed":false,"_daextam_enable_autolinks":"","footnotes":""},"categories":[2307],"tags":[574,8391],"class_list":["post-44770","post","type-post","status-publish","format-standard","has-post-thumbnail","hentry","category-cyclisme","tag-cyclisme","tag-tour-de-pologne"],"acf":[],"yoast_head":"<!-- This site is optimized with the Yoast SEO Premium plugin v26.7 (Yoast SEO v26.7) - https:\/\/yoast.com\/wordpress\/plugins\/seo\/ -->\n<title>[Vid\u00e9o] L&#039;hommage de la Lotto-Soudal et du peloton \u00e0 Bjorg Lambrecht<\/title>\n<meta name=\"description\" content=\"Au lendemain du d\u00e9c\u00e8s de Bjorg Lambrecht sur le Tour de Pologne, sa formation, la Lotto-Soudal, et l&#039;ensemble du peloton, lui ont rendu hommage.\" \/>\n<meta name=\"robots\" content=\"index, follow, max-snippet:-1, max-image-preview:large, max-video-preview:-1\" \/>\n<link rel=\"canonical\" href=\"https:\/\/dicodusport.fr\/blog\/video-l-hommage-de-la-lotto-soudal-et-du-peloton-a-bjorg-lambrecht\/\" \/>\n<meta property=\"og:locale\" content=\"fr_FR\" \/>\n<meta property=\"og:type\" content=\"article\" \/>\n<meta property=\"og:title\" content=\"[Vid\u00e9o] L&#039;hommage de la Lotto-Soudal et du peloton \u00e0 Bjorg Lambrecht\" \/>\n<meta property=\"og:description\" content=\"Au lendemain du d\u00e9c\u00e8s de Bjorg Lambrecht sur le Tour de Pologne, sa formation, la Lotto-Soudal, et l&#039;ensemble du peloton, lui ont rendu hommage.\" \/>\n<meta property=\"og:url\" content=\"https:\/\/dicodusport.fr\/blog\/video-l-hommage-de-la-lotto-soudal-et-du-peloton-a-bjorg-lambrecht\/\" \/>\n<meta property=\"og:site_name\" content=\"Dicodusport\" \/>\n<meta property=\"article:publisher\" content=\"https:\/\/www.facebook.com\/dicodusport\" \/>\n<meta property=\"article:author\" content=\"https:\/\/www.facebook.com\/florent.ostermann\" \/>\n<meta property=\"article:published_time\" content=\"2019-08-06T12:52:00+00:00\" \/>\n<meta property=\"article:modified_time\" content=\"2019-08-06T13:00:40+00:00\" \/>\n<meta property=\"og:image\" content=\"https:\/\/dicodusport.fr\/blog\/wp-content\/uploads\/2019\/08\/Hommage-Bjorg-Lambrecht-Tour-de-Pologne.png\" \/>\n\t<meta property=\"og:image:width\" content=\"800\" \/>\n\t<meta property=\"og:image:height\" content=\"445\" \/>\n\t<meta property=\"og:image:type\" content=\"image\/png\" \/>\n<meta name=\"author\" content=\"Flo Ostermann\" \/>\n<meta name=\"twitter:card\" content=\"summary_large_image\" \/>\n<meta name=\"twitter:title\" content=\"[Vid\u00e9o] L&#039;hommage de la Lotto-Soudal et du peloton \u00e0 Bjorg Lambrecht\" \/>\n<meta name=\"twitter:creator\" content=\"@https:\/\/twitter.com\/FlOstermann\" \/>\n<meta name=\"twitter:site\" content=\"@dicodusport\" \/>\n<script type=\"application\/ld+json\" class=\"yoast-schema-graph\">{\"@context\":\"https:\/\/schema.org\",\"@graph\":[{\"@type\":\"NewsArticle\",\"@id\":\"https:\/\/dicodusport.fr\/blog\/video-l-hommage-de-la-lotto-soudal-et-du-peloton-a-bjorg-lambrecht\/#article\",\"isPartOf\":{\"@id\":\"https:\/\/dicodusport.fr\/blog\/video-l-hommage-de-la-lotto-soudal-et-du-peloton-a-bjorg-lambrecht\/\"},\"author\":{\"name\":\"Flo Ostermann\",\"@id\":\"https:\/\/dicodusport.fr\/blog\/#\/schema\/person\/cb02af4c173ce4a653b55e9baf388d4a\"},\"headline\":\"[Vid\u00e9o] L&rsquo;hommage de la Lotto-Soudal et du peloton \u00e0 Bjorg Lambrecht\",\"datePublished\":\"2019-08-06T12:52:00+00:00\",\"dateModified\":\"2019-08-06T13:00:40+00:00\",\"mainEntityOfPage\":{\"@id\":\"https:\/\/dicodusport.fr\/blog\/video-l-hommage-de-la-lotto-soudal-et-du-peloton-a-bjorg-lambrecht\/\"},\"wordCount\":80,\"commentCount\":0,\"publisher\":{\"@id\":\"https:\/\/dicodusport.fr\/blog\/#organization\"},\"image\":{\"@id\":\"https:\/\/dicodusport.fr\/blog\/video-l-hommage-de-la-lotto-soudal-et-du-peloton-a-bjorg-lambrecht\/#primaryimage\"},\"thumbnailUrl\":\"https:\/\/dicodusport.fr\/blog\/wp-content\/uploads\/2019\/08\/Hommage-Bjorg-Lambrecht-Tour-de-Pologne.png\",\"keywords\":[\"Cyclisme\",\"Tour de Pologne\"],\"articleSection\":[\"Cyclisme\"],\"inLanguage\":\"fr-FR\",\"potentialAction\":[{\"@type\":\"CommentAction\",\"name\":\"Comment\",\"target\":[\"https:\/\/dicodusport.fr\/blog\/video-l-hommage-de-la-lotto-soudal-et-du-peloton-a-bjorg-lambrecht\/#respond\"]}],\"copyrightYear\":\"2019\",\"copyrightHolder\":{\"@id\":\"https:\/\/dicodusport.fr\/blog\/#organization\"}},{\"@type\":\"WebPage\",\"@id\":\"https:\/\/dicodusport.fr\/blog\/video-l-hommage-de-la-lotto-soudal-et-du-peloton-a-bjorg-lambrecht\/\",\"url\":\"https:\/\/dicodusport.fr\/blog\/video-l-hommage-de-la-lotto-soudal-et-du-peloton-a-bjorg-lambrecht\/\",\"name\":\"[Vid\u00e9o] L'hommage de la Lotto-Soudal et du peloton \u00e0 Bjorg Lambrecht\",\"isPartOf\":{\"@id\":\"https:\/\/dicodusport.fr\/blog\/#website\"},\"primaryImageOfPage\":{\"@id\":\"https:\/\/dicodusport.fr\/blog\/video-l-hommage-de-la-lotto-soudal-et-du-peloton-a-bjorg-lambrecht\/#primaryimage\"},\"image\":{\"@id\":\"https:\/\/dicodusport.fr\/blog\/video-l-hommage-de-la-lotto-soudal-et-du-peloton-a-bjorg-lambrecht\/#primaryimage\"},\"thumbnailUrl\":\"https:\/\/dicodusport.fr\/blog\/wp-content\/uploads\/2019\/08\/Hommage-Bjorg-Lambrecht-Tour-de-Pologne.png\",\"datePublished\":\"2019-08-06T12:52:00+00:00\",\"dateModified\":\"2019-08-06T13:00:40+00:00\",\"description\":\"Au lendemain du d\u00e9c\u00e8s de Bjorg Lambrecht sur le Tour de Pologne, sa formation, la Lotto-Soudal, et l'ensemble du peloton, lui ont rendu hommage.\",\"breadcrumb\":{\"@id\":\"https:\/\/dicodusport.fr\/blog\/video-l-hommage-de-la-lotto-soudal-et-du-peloton-a-bjorg-lambrecht\/#breadcrumb\"},\"inLanguage\":\"fr-FR\",\"potentialAction\":[{\"@type\":\"ReadAction\",\"target\":[\"https:\/\/dicodusport.fr\/blog\/video-l-hommage-de-la-lotto-soudal-et-du-peloton-a-bjorg-lambrecht\/\"]}]},{\"@type\":\"ImageObject\",\"inLanguage\":\"fr-FR\",\"@id\":\"https:\/\/dicodusport.fr\/blog\/video-l-hommage-de-la-lotto-soudal-et-du-peloton-a-bjorg-lambrecht\/#primaryimage\",\"url\":\"https:\/\/dicodusport.fr\/blog\/wp-content\/uploads\/2019\/08\/Hommage-Bjorg-Lambrecht-Tour-de-Pologne.png\",\"contentUrl\":\"https:\/\/dicodusport.fr\/blog\/wp-content\/uploads\/2019\/08\/Hommage-Bjorg-Lambrecht-Tour-de-Pologne.png\",\"width\":800,\"height\":445},{\"@type\":\"BreadcrumbList\",\"@id\":\"https:\/\/dicodusport.fr\/blog\/video-l-hommage-de-la-lotto-soudal-et-du-peloton-a-bjorg-lambrecht\/#breadcrumb\",\"itemListElement\":[{\"@type\":\"ListItem\",\"position\":1,\"name\":\"Accueil\",\"item\":\"https:\/\/dicodusport.fr\/blog\/\"},{\"@type\":\"ListItem\",\"position\":2,\"name\":\"[Vid\u00e9o] L&rsquo;hommage de la Lotto-Soudal et du peloton \u00e0 Bjorg Lambrecht\"}]},{\"@type\":\"WebSite\",\"@id\":\"https:\/\/dicodusport.fr\/blog\/#website\",\"url\":\"https:\/\/dicodusport.fr\/blog\/\",\"name\":\"Dicodusport\",\"description\":\"L&#039;encyclop\u00e9die de l&#039;actualit\u00e9 sportive\",\"publisher\":{\"@id\":\"https:\/\/dicodusport.fr\/blog\/#organization\"},\"potentialAction\":[{\"@type\":\"SearchAction\",\"target\":{\"@type\":\"EntryPoint\",\"urlTemplate\":\"https:\/\/dicodusport.fr\/blog\/?s={search_term_string}\"},\"query-input\":{\"@type\":\"PropertyValueSpecification\",\"valueRequired\":true,\"valueName\":\"search_term_string\"}}],\"inLanguage\":\"fr-FR\"},{\"@type\":\"NewsMediaOrganization\",\"@id\":\"https:\/\/dicodusport.fr\/blog\/#organization\",\"name\":\"Dicodusport\",\"url\":\"https:\/\/dicodusport.fr\/blog\/\",\"logo\":{\"@type\":\"ImageObject\",\"inLanguage\":\"fr-FR\",\"@id\":\"https:\/\/dicodusport.fr\/blog\/#\/schema\/logo\/image\/\",\"url\":\"https:\/\/dicodusport.fr\/blog\/wp-content\/uploads\/2020\/06\/cropped-LOGO-DICODUSPORT-2020-SANS-FOND-SANS-TEXTE.png\",\"contentUrl\":\"https:\/\/dicodusport.fr\/blog\/wp-content\/uploads\/2020\/06\/cropped-LOGO-DICODUSPORT-2020-SANS-FOND-SANS-TEXTE.png\",\"width\":512,\"height\":512,\"caption\":\"Dicodusport\"},\"image\":{\"@id\":\"https:\/\/dicodusport.fr\/blog\/#\/schema\/logo\/image\/\"},\"sameAs\":[\"https:\/\/www.facebook.com\/dicodusport\",\"https:\/\/x.com\/dicodusport\",\"https:\/\/www.instagram.com\/dicodusport\/\",\"https:\/\/www.youtube.com\/channel\/UC7V2KZ5sd3htJivAbA4ZG3w\"],\"description\":\"Dicodusport est l'encyclop\u00e9die de l'actualit\u00e9 sportive.\",\"email\":\"bonjour@dicodusport.fr\",\"legalName\":\"DICODUSPORT\",\"foundingDate\":\"2018-01-14\",\"vatID\":\"FR71834470973\",\"taxID\":\"83447097300043\",\"numberOfEmployees\":{\"@type\":\"QuantitativeValue\",\"minValue\":\"1\",\"maxValue\":\"10\"}},{\"@type\":\"Person\",\"@id\":\"https:\/\/dicodusport.fr\/blog\/#\/schema\/person\/cb02af4c173ce4a653b55e9baf388d4a\",\"name\":\"Flo Ostermann\",\"image\":{\"@type\":\"ImageObject\",\"inLanguage\":\"fr-FR\",\"@id\":\"https:\/\/dicodusport.fr\/blog\/#\/schema\/person\/image\/\",\"url\":\"https:\/\/dicodusport.fr\/blog\/wp-content\/uploads\/2021\/05\/Flo-Ostermann-150x150.jpg\",\"contentUrl\":\"https:\/\/dicodusport.fr\/blog\/wp-content\/uploads\/2021\/05\/Flo-Ostermann-150x150.jpg\",\"caption\":\"Flo Ostermann\"},\"description\":\"Journaliste\/R\u00e9dacteur depuis septembre 2015 - Mes premiers souvenirs dans le sport ? Les envol\u00e9es du Stade Toulousain et les duels Villeneuve-Schumacher et H\u00e4kkinen-Schumacher \u00e0 la fin des ann\u00e9es 90, la Coupe du monde de football en 1998, l\u2019exploit du XV de France face aux All Blacks en 1999, mais aussi Richard C\u0153ur de Lion qui vole sur les montagnes du Tour de France. Bien parti pour devenir professeur d\u2019EPS, les \u00e9v\u00e9nements de la vie (et la flemme d\u2019animer des s\u00e9ances de 3x500 m\u00e8tres toute ma vie) m\u2019ont conduit \u00e0 revoir mes plans. Me voil\u00e0 depuis fin 2017 sur Dicodusport, m\u00e9dia gr\u00e2ce (et pour) lequel je partage ma passion : le sport dans tous ses \u00e9tats. Le tout accompagn\u00e9 par les fous furieux et folles furieuses cit\u00e9s sur cette page !\",\"sameAs\":[\"https:\/\/www.facebook.com\/florent.ostermann\",\"https:\/\/x.com\/https:\/\/twitter.com\/FlOstermann\",\"admin\"],\"url\":\"https:\/\/dicodusport.fr\/blog\/author\/flo\/\"}]}<\/script>\n<!-- \/ Yoast SEO Premium plugin. -->","yoast_head_json":{"title":"[Vid\u00e9o] L'hommage de la Lotto-Soudal et du peloton \u00e0 Bjorg Lambrecht","description":"Au lendemain du d\u00e9c\u00e8s de Bjorg Lambrecht sur le Tour de Pologne, sa formation, la Lotto-Soudal, et l'ensemble du peloton, lui ont rendu hommage.","robots":{"index":"index","follow":"follow","max-snippet":"max-snippet:-1","max-image-preview":"max-image-preview:large","max-video-preview":"max-video-preview:-1"},"canonical":"https:\/\/dicodusport.fr\/blog\/video-l-hommage-de-la-lotto-soudal-et-du-peloton-a-bjorg-lambrecht\/","og_locale":"fr_FR","og_type":"article","og_title":"[Vid\u00e9o] L'hommage de la Lotto-Soudal et du peloton \u00e0 Bjorg Lambrecht","og_description":"Au lendemain du d\u00e9c\u00e8s de Bjorg Lambrecht sur le Tour de Pologne, sa formation, la Lotto-Soudal, et l'ensemble du peloton, lui ont rendu hommage.","og_url":"https:\/\/dicodusport.fr\/blog\/video-l-hommage-de-la-lotto-soudal-et-du-peloton-a-bjorg-lambrecht\/","og_site_name":"Dicodusport","article_publisher":"https:\/\/www.facebook.com\/dicodusport","article_author":"https:\/\/www.facebook.com\/florent.ostermann","article_published_time":"2019-08-06T12:52:00+00:00","article_modified_time":"2019-08-06T13:00:40+00:00","og_image":[{"width":800,"height":445,"url":"https:\/\/dicodusport.fr\/blog\/wp-content\/uploads\/2019\/08\/Hommage-Bjorg-Lambrecht-Tour-de-Pologne.png","type":"image\/png"}],"author":"Flo Ostermann","twitter_card":"summary_large_image","twitter_title":"[Vid\u00e9o] L'hommage de la Lotto-Soudal et du peloton \u00e0 Bjorg Lambrecht","twitter_creator":"@https:\/\/twitter.com\/FlOstermann","twitter_site":"@dicodusport","schema":{"@context":"https:\/\/schema.org","@graph":[{"@type":"NewsArticle","@id":"https:\/\/dicodusport.fr\/blog\/video-l-hommage-de-la-lotto-soudal-et-du-peloton-a-bjorg-lambrecht\/#article","isPartOf":{"@id":"https:\/\/dicodusport.fr\/blog\/video-l-hommage-de-la-lotto-soudal-et-du-peloton-a-bjorg-lambrecht\/"},"author":{"name":"Flo Ostermann","@id":"https:\/\/dicodusport.fr\/blog\/#\/schema\/person\/cb02af4c173ce4a653b55e9baf388d4a"},"headline":"[Vid\u00e9o] L&rsquo;hommage de la Lotto-Soudal et du peloton \u00e0 Bjorg Lambrecht","datePublished":"2019-08-06T12:52:00+00:00","dateModified":"2019-08-06T13:00:40+00:00","mainEntityOfPage":{"@id":"https:\/\/dicodusport.fr\/blog\/video-l-hommage-de-la-lotto-soudal-et-du-peloton-a-bjorg-lambrecht\/"},"wordCount":80,"commentCount":0,"publisher":{"@id":"https:\/\/dicodusport.fr\/blog\/#organization"},"image":{"@id":"https:\/\/dicodusport.fr\/blog\/video-l-hommage-de-la-lotto-soudal-et-du-peloton-a-bjorg-lambrecht\/#primaryimage"},"thumbnailUrl":"https:\/\/dicodusport.fr\/blog\/wp-content\/uploads\/2019\/08\/Hommage-Bjorg-Lambrecht-Tour-de-Pologne.png","keywords":["Cyclisme","Tour de Pologne"],"articleSection":["Cyclisme"],"inLanguage":"fr-FR","potentialAction":[{"@type":"CommentAction","name":"Comment","target":["https:\/\/dicodusport.fr\/blog\/video-l-hommage-de-la-lotto-soudal-et-du-peloton-a-bjorg-lambrecht\/#respond"]}],"copyrightYear":"2019","copyrightHolder":{"@id":"https:\/\/dicodusport.fr\/blog\/#organization"}},{"@type":"WebPage","@id":"https:\/\/dicodusport.fr\/blog\/video-l-hommage-de-la-lotto-soudal-et-du-peloton-a-bjorg-lambrecht\/","url":"https:\/\/dicodusport.fr\/blog\/video-l-hommage-de-la-lotto-soudal-et-du-peloton-a-bjorg-lambrecht\/","name":"[Vid\u00e9o] L'hommage de la Lotto-Soudal et du peloton \u00e0 Bjorg Lambrecht","isPartOf":{"@id":"https:\/\/dicodusport.fr\/blog\/#website"},"primaryImageOfPage":{"@id":"https:\/\/dicodusport.fr\/blog\/video-l-hommage-de-la-lotto-soudal-et-du-peloton-a-bjorg-lambrecht\/#primaryimage"},"image":{"@id":"https:\/\/dicodusport.fr\/blog\/video-l-hommage-de-la-lotto-soudal-et-du-peloton-a-bjorg-lambrecht\/#primaryimage"},"thumbnailUrl":"https:\/\/dicodusport.fr\/blog\/wp-content\/uploads\/2019\/08\/Hommage-Bjorg-Lambrecht-Tour-de-Pologne.png","datePublished":"2019-08-06T12:52:00+00:00","dateModified":"2019-08-06T13:00:40+00:00","description":"Au lendemain du d\u00e9c\u00e8s de Bjorg Lambrecht sur le Tour de Pologne, sa formation, la Lotto-Soudal, et l'ensemble du peloton, lui ont rendu hommage.","breadcrumb":{"@id":"https:\/\/dicodusport.fr\/blog\/video-l-hommage-de-la-lotto-soudal-et-du-peloton-a-bjorg-lambrecht\/#breadcrumb"},"inLanguage":"fr-FR","potentialAction":[{"@type":"ReadAction","target":["https:\/\/dicodusport.fr\/blog\/video-l-hommage-de-la-lotto-soudal-et-du-peloton-a-bjorg-lambrecht\/"]}]},{"@type":"ImageObject","inLanguage":"fr-FR","@id":"https:\/\/dicodusport.fr\/blog\/video-l-hommage-de-la-lotto-soudal-et-du-peloton-a-bjorg-lambrecht\/#primaryimage","url":"https:\/\/dicodusport.fr\/blog\/wp-content\/uploads\/2019\/08\/Hommage-Bjorg-Lambrecht-Tour-de-Pologne.png","contentUrl":"https:\/\/dicodusport.fr\/blog\/wp-content\/uploads\/2019\/08\/Hommage-Bjorg-Lambrecht-Tour-de-Pologne.png","width":800,"height":445},{"@type":"BreadcrumbList","@id":"https:\/\/dicodusport.fr\/blog\/video-l-hommage-de-la-lotto-soudal-et-du-peloton-a-bjorg-lambrecht\/#breadcrumb","itemListElement":[{"@type":"ListItem","position":1,"name":"Accueil","item":"https:\/\/dicodusport.fr\/blog\/"},{"@type":"ListItem","position":2,"name":"[Vid\u00e9o] L&rsquo;hommage de la Lotto-Soudal et du peloton \u00e0 Bjorg Lambrecht"}]},{"@type":"WebSite","@id":"https:\/\/dicodusport.fr\/blog\/#website","url":"https:\/\/dicodusport.fr\/blog\/","name":"Dicodusport","description":"L&#039;encyclop\u00e9die de l&#039;actualit\u00e9 sportive","publisher":{"@id":"https:\/\/dicodusport.fr\/blog\/#organization"},"potentialAction":[{"@type":"SearchAction","target":{"@type":"EntryPoint","urlTemplate":"https:\/\/dicodusport.fr\/blog\/?s={search_term_string}"},"query-input":{"@type":"PropertyValueSpecification","valueRequired":true,"valueName":"search_term_string"}}],"inLanguage":"fr-FR"},{"@type":"NewsMediaOrganization","@id":"https:\/\/dicodusport.fr\/blog\/#organization","name":"Dicodusport","url":"https:\/\/dicodusport.fr\/blog\/","logo":{"@type":"ImageObject","inLanguage":"fr-FR","@id":"https:\/\/dicodusport.fr\/blog\/#\/schema\/logo\/image\/","url":"https:\/\/dicodusport.fr\/blog\/wp-content\/uploads\/2020\/06\/cropped-LOGO-DICODUSPORT-2020-SANS-FOND-SANS-TEXTE.png","contentUrl":"https:\/\/dicodusport.fr\/blog\/wp-content\/uploads\/2020\/06\/cropped-LOGO-DICODUSPORT-2020-SANS-FOND-SANS-TEXTE.png","width":512,"height":512,"caption":"Dicodusport"},"image":{"@id":"https:\/\/dicodusport.fr\/blog\/#\/schema\/logo\/image\/"},"sameAs":["https:\/\/www.facebook.com\/dicodusport","https:\/\/x.com\/dicodusport","https:\/\/www.instagram.com\/dicodusport\/","https:\/\/www.youtube.com\/channel\/UC7V2KZ5sd3htJivAbA4ZG3w"],"description":"Dicodusport est l'encyclop\u00e9die de l'actualit\u00e9 sportive.","email":"bonjour@dicodusport.fr","legalName":"DICODUSPORT","foundingDate":"2018-01-14","vatID":"FR71834470973","taxID":"83447097300043","numberOfEmployees":{"@type":"QuantitativeValue","minValue":"1","maxValue":"10"}},{"@type":"Person","@id":"https:\/\/dicodusport.fr\/blog\/#\/schema\/person\/cb02af4c173ce4a653b55e9baf388d4a","name":"Flo Ostermann","image":{"@type":"ImageObject","inLanguage":"fr-FR","@id":"https:\/\/dicodusport.fr\/blog\/#\/schema\/person\/image\/","url":"https:\/\/dicodusport.fr\/blog\/wp-content\/uploads\/2021\/05\/Flo-Ostermann-150x150.jpg","contentUrl":"https:\/\/dicodusport.fr\/blog\/wp-content\/uploads\/2021\/05\/Flo-Ostermann-150x150.jpg","caption":"Flo Ostermann"},"description":"Journaliste\/R\u00e9dacteur depuis septembre 2015 - Mes premiers souvenirs dans le sport ? Les envol\u00e9es du Stade Toulousain et les duels Villeneuve-Schumacher et H\u00e4kkinen-Schumacher \u00e0 la fin des ann\u00e9es 90, la Coupe du monde de football en 1998, l\u2019exploit du XV de France face aux All Blacks en 1999, mais aussi Richard C\u0153ur de Lion qui vole sur les montagnes du Tour de France. Bien parti pour devenir professeur d\u2019EPS, les \u00e9v\u00e9nements de la vie (et la flemme d\u2019animer des s\u00e9ances de 3x500 m\u00e8tres toute ma vie) m\u2019ont conduit \u00e0 revoir mes plans. Me voil\u00e0 depuis fin 2017 sur Dicodusport, m\u00e9dia gr\u00e2ce (et pour) lequel je partage ma passion : le sport dans tous ses \u00e9tats. Le tout accompagn\u00e9 par les fous furieux et folles furieuses cit\u00e9s sur cette page !","sameAs":["https:\/\/www.facebook.com\/florent.ostermann","https:\/\/x.com\/https:\/\/twitter.com\/FlOstermann","admin"],"url":"https:\/\/dicodusport.fr\/blog\/author\/flo\/"}]}},"_links":{"self":[{"href":"https:\/\/dicodusport.fr\/blog\/wp-json\/wp\/v2\/posts\/44770","targetHints":{"allow":["GET"]}}],"collection":[{"href":"https:\/\/dicodusport.fr\/blog\/wp-json\/wp\/v2\/posts"}],"about":[{"href":"https:\/\/dicodusport.fr\/blog\/wp-json\/wp\/v2\/types\/post"}],"author":[{"embeddable":true,"href":"https:\/\/dicodusport.fr\/blog\/wp-json\/wp\/v2\/users\/4"}],"replies":[{"embeddable":true,"href":"https:\/\/dicodusport.fr\/blog\/wp-json\/wp\/v2\/comments?post=44770"}],"version-history":[{"count":0,"href":"https:\/\/dicodusport.fr\/blog\/wp-json\/wp\/v2\/posts\/44770\/revisions"}],"wp:featuredmedia":[{"embeddable":true,"href":"https:\/\/dicodusport.fr\/blog\/wp-json\/wp\/v2\/media\/44771"}],"wp:attachment":[{"href":"https:\/\/dicodusport.fr\/blog\/wp-json\/wp\/v2\/media?parent=44770"}],"wp:term":[{"taxonomy":"category","embeddable":true,"href":"https:\/\/dicodusport.fr\/blog\/wp-json\/wp\/v2\/categories?post=44770"},{"taxonomy":"post_tag","embeddable":true,"href":"https:\/\/dicodusport.fr\/blog\/wp-json\/wp\/v2\/tags?post=44770"}],"curies":[{"name":"wp","href":"https:\/\/api.w.org\/{rel}","templated":true}]}}